




{"id":36615,"date":"2013-04-17T18:42:00","date_gmt":"2013-04-17T15:42:00","guid":{"rendered":"http:\/\/qtmm.org\/?p=36615"},"modified":"2022-01-23T18:42:42","modified_gmt":"2022-01-23T15:42:42","slug":"refat-cubarov-aqmescit-belediyesi-surgunlik-qurbanlarina-sayigisizliq-kosterdi","status":"publish","type":"post","link":"https:\/\/qtmm.org\/qt\/refat-cubarov-aqmescit-belediyesi-surgunlik-qurbanlarina-sayigisizliq-kosterdi\/","title":{"rendered":"Refat \u00c7ubarov: Aqmescit belediyesi s\u00fcrg\u00fcnlik qurbanlar\u0131na say\u0131\u011f\u0131s\u0131zl\u0131q k\u00f6sterdi"},"content":{"rendered":"\n<p>Meclis reisini\u00f1 birinci muavini, Q\u0131r\u0131m Yuqar\u0131 \u015euras\u0131nda &#8220;Qurultay-Ruh&#8221; fraktsiyas\u0131n\u0131\u00f1 ba\u015f\u0131 Refat \u00c7ubarov &#8220;Q\u0131r\u0131m paytaht\u0131nda s\u00fcrg\u00fcnlik qurbanlar\u0131na abide qoymaq&#8221; boyunca Aqmescit \u015feer \u015furas\u0131n\u0131\u00f1 icra komiteti taraf\u0131ndan ke\u00e7irilgen soravn\u0131 tenqidge o\u011fratt\u0131. Bu aqta\u00a0&#8220;Argument\u0131 nedeli \u2013 Kr\u0131m&#8221;\u00a0informatsion agentligi haber ete.<\/p>\n\n\n\n<p>Mahsus i\u015flengen anketa \u00fc\u00e7 sualden ibarettir:<\/p>\n\n\n\n<p><em>&#8211; Q\u0131r\u0131mn\u0131\u00f1 paytaht\u0131nda s\u00fcrg\u00fcnlik qurbanlar\u0131na abide qoymaq kerek dep sayas\u0131\u00f1\u0131zm\u0131? ( cevap variantlar\u0131 EBET ve YOQ)<\/em><\/p>\n\n\n\n<p><em>&#8211; Bu abide repressiyalar devrinde zarar k\u00f6rgen b\u00fct\u00fcn halqlarn\u0131\u00f1 hat\u0131ras\u0131na qoyulmal\u0131m\u0131? ( cevap variantlar\u0131 EBET ve YOQ)<\/em><\/p>\n\n\n\n<p><em>&#8211; Abide qayerde turmaq kerek (cevap variantlar\u0131 Lenin ad\u0131na ba\u011f\u00e7a, Sal\u011f\u0131r park\u0131 ya da \u00f6z variant\u0131\u00f1\u0131zn\u0131 teklif eti\u00f1iz)<\/em><\/p>\n\n\n\n<p>Sorav ya\u015flar cemaat te\u015fkil\u00e2tlar\u0131n\u0131\u00f1 faalleri taraf\u0131ndan \u015feerni\u00f1 merkeziy soqaqlar\u0131nda, Kuyb\u0131\u015fev, Merkeziy bazar, Moskva meydan\u0131, Demir\u00f6l vokzal\u0131, &#8220;Silpo&#8221; t\u00fck\u00e2n\u0131 qar\u015f\u0131s\u0131nda ke\u00e7irilecek. Er bir istekli soravda i\u015ftirak etip, anketan\u0131 \u015fahsen toldura bile.<\/p>\n\n\n\n<p>&#8220;Sualler, soravn\u0131 te\u015fkil et\u00fcv, sorav ke\u00e7ireceklerni\u00f1 se\u00e7ilmesinen \u015feer akimleri s\u00fcrg\u00fcn etilgen q\u0131r\u0131mtatarlar ve Q\u0131r\u0131mn\u0131\u00f1 diger milletleri qurbanlar\u0131n\u0131\u00f1 hat\u0131ras\u0131na abideni sanki cemaatn\u0131\u00f1 fikirine esaslan\u0131p qoymaq istegenlerini k\u00f6steri\u015f yapmaq niyetlerinden del\u00e2let bere. Sorav neticelerini\u00f1 nas\u0131l olaca\u011f\u0131n\u0131 ve sorav cemaatn\u0131\u00f1 fikirini asl\u0131 da aks etmeycegini k\u00fcn evelden s\u00f6ylemek m\u00fcmk\u00fcn.<\/p>\n\n\n\n<p>Teklif olun\u011fan sualler ise q\u0131r\u0131mtatar halq\u0131n\u0131\u00f1 \u00f6z topra\u011f\u0131ndan s\u00fcrg\u00fcn etilgen ve s\u00fcrg\u00fcnlikte el\u00e2k ol\u011fanlar\u011fa abide tiklemek qanuniy aqq\u0131 ve niyetini esapqa almaylar. Bes-belli soravn\u0131\u00f1 te\u015fkil\u00e2t\u00e7\u0131lar\u0131, da daa do\u011frus\u0131 akimiyet, sorav neticelerine s\u0131ltap so\u00f1undan b\u00f6yle abide qoyulmas\u0131na mania olurlar dep belleyler.<\/p>\n\n\n\n<p>&#8221; Bu abide repressiyalar devrinde zarar k\u00f6rgen b\u00fct\u00fcn halqlarn\u0131\u00f1 hat\u0131ras\u0131na qoyulmal\u0131m\u0131? ( cevap variantlar\u0131 EBET ve YOQ)&#8221; degen sual ise cemaatn\u0131\u00f1 diqqat\u0131n\u0131 milliy mens\u00fcpligine k\u00f6re s\u00fcrg\u00fcn etilgen q\u0131r\u0131mtatarlar halq\u0131n\u0131\u00f1, Q\u0131r\u0131mda ya\u015fa\u011fan ermeni, bul\u011far, urum ve nemselerni\u00f1 ba\u015f\u0131na t\u00fc\u015fken fel\u00e2ket aqibetlerini a\u00f1lamaqtan \u00e7al\u011f\u0131tmaqt\u0131r. Qanuns\u0131z yaqalav, qur\u015funlav, kulakla\u015ft\u0131ruv kibi cezalar ke\u00e7ken as\u0131rn\u0131\u00f1 20-30-nc\u0131 y\u0131llar\u0131nda<\/p>\n\n\n\n<p>Q\u0131r\u0131mn\u0131\u00f1 b\u00fct\u00fcn sakinlerine toqund\u0131. Stalin repressiyalar\u0131 qurbanlar\u0131n\u0131\u00f1 hat\u0131ras\u0131 ebediyle\u015ftirilmeli, bu\u00f1a kimse itiraz etmez, amma er kesni bir abide i\u00e7ine qo\u015fmaq \u015fu qurbanlarn\u0131\u00f1 ruhuna nisbeten say\u011f\u0131s\u0131zl\u0131q degilmi?<\/p>\n\n\n\n<p>Aqmescit \u015feer akimleri g\u00fcya eyi niyetlerde bulun\u011fan kibiler, as\u0131l\u0131nda ise q\u0131r\u0131mtatar halq\u0131 ve diger millet qurbanlar\u0131n\u0131\u00f1 hat\u0131ras\u0131na, umumen Q\u0131r\u0131m cemaat\u0131na say\u011f\u0131s\u0131zl\u0131q k\u00f6sterdiler. E\u00f1 kederlisi \u015fu ki, bu areketni olar bile=bile ve uzaqn\u0131 k\u00f6zde tutaraq yapt\u0131lar.<\/p>\n\n\n\n<p>\u00c7\u00fcnki q\u0131r\u0131mtatar halq\u0131 s\u00fcrg\u00fcnligini\u00f1 qurbanlar\u0131na qoyulacaq abideni\u00f1 yeri da ke\u00e7ken as\u0131rn\u0131\u00f1 90-nc\u0131 y\u0131llar\u0131nda belgilengen edi. Demir\u00f6l vokzal\u0131 qar\u015f\u0131s\u0131ndaki ba\u011f\u00e7ada musulman diniy qaidelerine k\u00f6re hat\u0131ra ta\u015f\u0131 qoyul\u0131p, er sene on\u0131\u00f1 yan\u0131na toplan\u011fanlar s\u00fcrg\u00fcnlikte \u00f6lgen yaq\u0131nlar\u0131n\u0131 duanen a\u00f1alar.<\/p>\n\n\n\n<p>S\u00fcrg\u00fcnlikte ebediy qal\u011fanlar, Vatan i\u00e7\u00fcn k\u00fcre\u015fte canlar\u0131n\u0131 feda etkenlerni\u00f1 ces\u00fcrligi simvol\u0131 ol\u011fan abide de ayn\u0131 \u015fu yerde qoyulacaq!&#8221;, &#8211; dep izaat berdi Refat \u00c7ubarov.<\/p>\n","protected":false},"excerpt":{"rendered":"<p>Meclis reisini\u00f1 birinci muavini, Q\u0131r\u0131m Yuqar\u0131 \u015euras\u0131nda &#8220;Qurultay-Ruh&#8221; fraktsiyas\u0131n\u0131\u00f1 ba\u015f\u0131 Refat \u00c7ubarov &#8220;Q\u0131r\u0131m paytaht\u0131nda s\u00fcrg\u00fcnlik qurbanlar\u0131na abide qoymaq&#8221; boyunca Aqmescit \u015feer \u015furas\u0131n\u0131\u00f1 icra komiteti taraf\u0131ndan ke\u00e7irilgen soravn\u0131 tenqidge o\u011fratt\u0131. Bu aqta\u00a0&#8220;Argument\u0131 nedeli \u2013 Kr\u0131m&#8221;\u00a0informatsion agentligi haber ete. Mahsus i\u015flengen anketa \u00fc\u00e7 sualden ibarettir: &#8211; Q\u0131r\u0131mn\u0131\u00f1 paytaht\u0131nda s\u00fcrg\u00fcnlik qurbanlar\u0131na abide qoymaq kerek dep sayas\u0131\u00f1\u0131zm\u0131? ( cevap [&hellip;]<\/p>\n","protected":false},"author":1,"featured_media":0,"comment_status":"open","ping_status":"open","sticky":false,"template":"","format":"standard","meta":{"inline_featured_image":false,"footnotes":""},"categories":[265],"tags":[],"class_list":["post-36615","post","type-post","status-publish","format-standard","hentry","category-haberler"],"acf":[],"yoast_head":"<!-- This site is optimized with the Yoast SEO plugin v27.4 - https:\/\/yoast.com\/product\/yoast-seo-wordpress\/ -->\n<title>Refat \u00c7ubarov: Aqmescit belediyesi s\u00fcrg\u00fcnlik qurbanlar\u0131na say\u0131\u011f\u0131s\u0131zl\u0131q k\u00f6sterdi - \u041c\u0435\u0434\u0436\u043b\u0456\u0441<\/title>\n<meta name=\"robots\" content=\"index, follow, max-snippet:-1, max-image-preview:large, max-video-preview:-1\" \/>\n<link rel=\"canonical\" href=\"https:\/\/qtmm.org\/qt\/refat-cubarov-aqmescit-belediyesi-surgunlik-qurbanlarina-sayigisizliq-kosterdi\/\" \/>\n<meta property=\"og:locale\" content=\"en_US\" \/>\n<meta property=\"og:type\" content=\"article\" \/>\n<meta property=\"og:title\" content=\"Refat \u00c7ubarov: Aqmescit belediyesi s\u00fcrg\u00fcnlik qurbanlar\u0131na say\u0131\u011f\u0131s\u0131zl\u0131q k\u00f6sterdi - \u041c\u0435\u0434\u0436\u043b\u0456\u0441\" \/>\n<meta property=\"og:description\" content=\"Meclis reisini\u00f1 birinci muavini, Q\u0131r\u0131m Yuqar\u0131 \u015euras\u0131nda &#8220;Qurultay-Ruh&#8221; fraktsiyas\u0131n\u0131\u00f1 ba\u015f\u0131 Refat \u00c7ubarov &#8220;Q\u0131r\u0131m paytaht\u0131nda s\u00fcrg\u00fcnlik qurbanlar\u0131na abide qoymaq&#8221; boyunca Aqmescit \u015feer \u015furas\u0131n\u0131\u00f1 icra komiteti taraf\u0131ndan ke\u00e7irilgen soravn\u0131 tenqidge o\u011fratt\u0131. Bu aqta\u00a0&#8220;Argument\u0131 nedeli \u2013 Kr\u0131m&#8221;\u00a0informatsion agentligi haber ete. Mahsus i\u015flengen anketa \u00fc\u00e7 sualden ibarettir: &#8211; Q\u0131r\u0131mn\u0131\u00f1 paytaht\u0131nda s\u00fcrg\u00fcnlik qurbanlar\u0131na abide qoymaq kerek dep sayas\u0131\u00f1\u0131zm\u0131? ( cevap [&hellip;]\" \/>\n<meta property=\"og:url\" content=\"https:\/\/qtmm.org\/qt\/refat-cubarov-aqmescit-belediyesi-surgunlik-qurbanlarina-sayigisizliq-kosterdi\/\" \/>\n<meta property=\"og:site_name\" content=\"\u041c\u0435\u0434\u0436\u043b\u0456\u0441\" \/>\n<meta property=\"article:publisher\" content=\"https:\/\/www.facebook.com\/qtmm.info\/\" \/>\n<meta property=\"article:published_time\" content=\"2013-04-17T15:42:00+00:00\" \/>\n<meta property=\"article:modified_time\" content=\"2022-01-23T15:42:42+00:00\" \/>\n<meta name=\"author\" content=\"Developer\" \/>\n<meta name=\"twitter:card\" content=\"summary_large_image\" \/>\n<meta name=\"twitter:label1\" content=\"Written by\" \/>\n\t<meta name=\"twitter:data1\" content=\"Developer\" \/>\n\t<meta name=\"twitter:label2\" content=\"Est. reading time\" \/>\n\t<meta name=\"twitter:data2\" content=\"3 minutes\" \/>\n<script type=\"application\/ld+json\" class=\"yoast-schema-graph\">{\"@context\":\"https:\\\/\\\/schema.org\",\"@graph\":[{\"@type\":\"Article\",\"@id\":\"https:\\\/\\\/qtmm.org\\\/qt\\\/refat-cubarov-aqmescit-belediyesi-surgunlik-qurbanlarina-sayigisizliq-kosterdi\\\/#article\",\"isPartOf\":{\"@id\":\"https:\\\/\\\/qtmm.org\\\/qt\\\/refat-cubarov-aqmescit-belediyesi-surgunlik-qurbanlarina-sayigisizliq-kosterdi\\\/\"},\"author\":{\"name\":\"Developer\",\"@id\":\"https:\\\/\\\/qtmm.org\\\/qt\\\/#\\\/schema\\\/person\\\/de562469f971dec226ac06e60bbf74a7\"},\"headline\":\"Refat \u00c7ubarov: Aqmescit belediyesi s\u00fcrg\u00fcnlik qurbanlar\u0131na say\u0131\u011f\u0131s\u0131zl\u0131q k\u00f6sterdi\",\"datePublished\":\"2013-04-17T15:42:00+00:00\",\"dateModified\":\"2022-01-23T15:42:42+00:00\",\"mainEntityOfPage\":{\"@id\":\"https:\\\/\\\/qtmm.org\\\/qt\\\/refat-cubarov-aqmescit-belediyesi-surgunlik-qurbanlarina-sayigisizliq-kosterdi\\\/\"},\"wordCount\":582,\"commentCount\":0,\"publisher\":{\"@id\":\"https:\\\/\\\/qtmm.org\\\/qt\\\/#organization\"},\"articleSection\":[\"Haberler\"],\"inLanguage\":\"qt\",\"potentialAction\":[{\"@type\":\"CommentAction\",\"name\":\"Comment\",\"target\":[\"https:\\\/\\\/qtmm.org\\\/qt\\\/refat-cubarov-aqmescit-belediyesi-surgunlik-qurbanlarina-sayigisizliq-kosterdi\\\/#respond\"]}]},{\"@type\":\"WebPage\",\"@id\":\"https:\\\/\\\/qtmm.org\\\/qt\\\/refat-cubarov-aqmescit-belediyesi-surgunlik-qurbanlarina-sayigisizliq-kosterdi\\\/\",\"url\":\"https:\\\/\\\/qtmm.org\\\/qt\\\/refat-cubarov-aqmescit-belediyesi-surgunlik-qurbanlarina-sayigisizliq-kosterdi\\\/\",\"name\":\"Refat \u00c7ubarov: Aqmescit belediyesi s\u00fcrg\u00fcnlik qurbanlar\u0131na say\u0131\u011f\u0131s\u0131zl\u0131q k\u00f6sterdi - \u041c\u0435\u0434\u0436\u043b\u0456\u0441\",\"isPartOf\":{\"@id\":\"https:\\\/\\\/qtmm.org\\\/qt\\\/#website\"},\"datePublished\":\"2013-04-17T15:42:00+00:00\",\"dateModified\":\"2022-01-23T15:42:42+00:00\",\"breadcrumb\":{\"@id\":\"https:\\\/\\\/qtmm.org\\\/qt\\\/refat-cubarov-aqmescit-belediyesi-surgunlik-qurbanlarina-sayigisizliq-kosterdi\\\/#breadcrumb\"},\"inLanguage\":\"qt\",\"potentialAction\":[{\"@type\":\"ReadAction\",\"target\":[\"https:\\\/\\\/qtmm.org\\\/qt\\\/refat-cubarov-aqmescit-belediyesi-surgunlik-qurbanlarina-sayigisizliq-kosterdi\\\/\"]}]},{\"@type\":\"BreadcrumbList\",\"@id\":\"https:\\\/\\\/qtmm.org\\\/qt\\\/refat-cubarov-aqmescit-belediyesi-surgunlik-qurbanlarina-sayigisizliq-kosterdi\\\/#breadcrumb\",\"itemListElement\":[{\"@type\":\"ListItem\",\"position\":1,\"name\":\"\u0413\u043e\u043b\u043e\u0432\u043d\u0430\",\"item\":\"https:\\\/\\\/qtmm.org\\\/qt\\\/\"},{\"@type\":\"ListItem\",\"position\":2,\"name\":\"Refat \u00c7ubarov: Aqmescit belediyesi s\u00fcrg\u00fcnlik qurbanlar\u0131na say\u0131\u011f\u0131s\u0131zl\u0131q k\u00f6sterdi\"}]},{\"@type\":\"WebSite\",\"@id\":\"https:\\\/\\\/qtmm.org\\\/qt\\\/#website\",\"url\":\"https:\\\/\\\/qtmm.org\\\/qt\\\/\",\"name\":\"\u041c\u0435\u0434\u0436\u043b\u0456\u0441\",\"description\":\"\",\"publisher\":{\"@id\":\"https:\\\/\\\/qtmm.org\\\/qt\\\/#organization\"},\"potentialAction\":[{\"@type\":\"SearchAction\",\"target\":{\"@type\":\"EntryPoint\",\"urlTemplate\":\"https:\\\/\\\/qtmm.org\\\/qt\\\/?s={search_term_string}\"},\"query-input\":{\"@type\":\"PropertyValueSpecification\",\"valueRequired\":true,\"valueName\":\"search_term_string\"}}],\"inLanguage\":\"qt\"},{\"@type\":\"Organization\",\"@id\":\"https:\\\/\\\/qtmm.org\\\/qt\\\/#organization\",\"name\":\"\u041c\u0435\u0434\u0436\u043b\u0456\u0441\",\"url\":\"https:\\\/\\\/qtmm.org\\\/qt\\\/\",\"logo\":{\"@type\":\"ImageObject\",\"inLanguage\":\"qt\",\"@id\":\"https:\\\/\\\/qtmm.org\\\/qt\\\/#\\\/schema\\\/logo\\\/image\\\/\",\"url\":\"https:\\\/\\\/qtmm.org\\\/wp-content\\\/uploads\\\/2024\\\/12\\\/ua-mejlis-logo-rgb.svg\",\"contentUrl\":\"https:\\\/\\\/qtmm.org\\\/wp-content\\\/uploads\\\/2024\\\/12\\\/ua-mejlis-logo-rgb.svg\",\"caption\":\"\u041c\u0435\u0434\u0436\u043b\u0456\u0441\"},\"image\":{\"@id\":\"https:\\\/\\\/qtmm.org\\\/qt\\\/#\\\/schema\\\/logo\\\/image\\\/\"},\"sameAs\":[\"https:\\\/\\\/www.facebook.com\\\/qtmm.info\\\/\"]},{\"@type\":\"Person\",\"@id\":\"https:\\\/\\\/qtmm.org\\\/qt\\\/#\\\/schema\\\/person\\\/de562469f971dec226ac06e60bbf74a7\",\"name\":\"Developer\",\"image\":{\"@type\":\"ImageObject\",\"inLanguage\":\"qt\",\"@id\":\"https:\\\/\\\/secure.gravatar.com\\\/avatar\\\/392b4cc8fbfeb00b39dfeeab4ee6edded39ffd48e25858637e4765810300227e?s=96&d=mm&r=g\",\"url\":\"https:\\\/\\\/secure.gravatar.com\\\/avatar\\\/392b4cc8fbfeb00b39dfeeab4ee6edded39ffd48e25858637e4765810300227e?s=96&d=mm&r=g\",\"contentUrl\":\"https:\\\/\\\/secure.gravatar.com\\\/avatar\\\/392b4cc8fbfeb00b39dfeeab4ee6edded39ffd48e25858637e4765810300227e?s=96&d=mm&r=g\",\"caption\":\"Developer\"},\"url\":\"https:\\\/\\\/qtmm.org\\\/qt\\\/author\\\/Developer\\\/\"}]}<\/script>\n<!-- \/ Yoast SEO plugin. -->","yoast_head_json":{"title":"Refat \u00c7ubarov: Aqmescit belediyesi s\u00fcrg\u00fcnlik qurbanlar\u0131na say\u0131\u011f\u0131s\u0131zl\u0131q k\u00f6sterdi - \u041c\u0435\u0434\u0436\u043b\u0456\u0441","robots":{"index":"index","follow":"follow","max-snippet":"max-snippet:-1","max-image-preview":"max-image-preview:large","max-video-preview":"max-video-preview:-1"},"canonical":"https:\/\/qtmm.org\/qt\/refat-cubarov-aqmescit-belediyesi-surgunlik-qurbanlarina-sayigisizliq-kosterdi\/","og_locale":"en_US","og_type":"article","og_title":"Refat \u00c7ubarov: Aqmescit belediyesi s\u00fcrg\u00fcnlik qurbanlar\u0131na say\u0131\u011f\u0131s\u0131zl\u0131q k\u00f6sterdi - \u041c\u0435\u0434\u0436\u043b\u0456\u0441","og_description":"Meclis reisini\u00f1 birinci muavini, Q\u0131r\u0131m Yuqar\u0131 \u015euras\u0131nda &#8220;Qurultay-Ruh&#8221; fraktsiyas\u0131n\u0131\u00f1 ba\u015f\u0131 Refat \u00c7ubarov &#8220;Q\u0131r\u0131m paytaht\u0131nda s\u00fcrg\u00fcnlik qurbanlar\u0131na abide qoymaq&#8221; boyunca Aqmescit \u015feer \u015furas\u0131n\u0131\u00f1 icra komiteti taraf\u0131ndan ke\u00e7irilgen soravn\u0131 tenqidge o\u011fratt\u0131. Bu aqta\u00a0&#8220;Argument\u0131 nedeli \u2013 Kr\u0131m&#8221;\u00a0informatsion agentligi haber ete. Mahsus i\u015flengen anketa \u00fc\u00e7 sualden ibarettir: &#8211; Q\u0131r\u0131mn\u0131\u00f1 paytaht\u0131nda s\u00fcrg\u00fcnlik qurbanlar\u0131na abide qoymaq kerek dep sayas\u0131\u00f1\u0131zm\u0131? ( cevap [&hellip;]","og_url":"https:\/\/qtmm.org\/qt\/refat-cubarov-aqmescit-belediyesi-surgunlik-qurbanlarina-sayigisizliq-kosterdi\/","og_site_name":"\u041c\u0435\u0434\u0436\u043b\u0456\u0441","article_publisher":"https:\/\/www.facebook.com\/qtmm.info\/","article_published_time":"2013-04-17T15:42:00+00:00","article_modified_time":"2022-01-23T15:42:42+00:00","author":"Developer","twitter_card":"summary_large_image","twitter_misc":{"Written by":"Developer","Est. reading time":"3 minutes"},"schema":{"@context":"https:\/\/schema.org","@graph":[{"@type":"Article","@id":"https:\/\/qtmm.org\/qt\/refat-cubarov-aqmescit-belediyesi-surgunlik-qurbanlarina-sayigisizliq-kosterdi\/#article","isPartOf":{"@id":"https:\/\/qtmm.org\/qt\/refat-cubarov-aqmescit-belediyesi-surgunlik-qurbanlarina-sayigisizliq-kosterdi\/"},"author":{"name":"Developer","@id":"https:\/\/qtmm.org\/qt\/#\/schema\/person\/de562469f971dec226ac06e60bbf74a7"},"headline":"Refat \u00c7ubarov: Aqmescit belediyesi s\u00fcrg\u00fcnlik qurbanlar\u0131na say\u0131\u011f\u0131s\u0131zl\u0131q k\u00f6sterdi","datePublished":"2013-04-17T15:42:00+00:00","dateModified":"2022-01-23T15:42:42+00:00","mainEntityOfPage":{"@id":"https:\/\/qtmm.org\/qt\/refat-cubarov-aqmescit-belediyesi-surgunlik-qurbanlarina-sayigisizliq-kosterdi\/"},"wordCount":582,"commentCount":0,"publisher":{"@id":"https:\/\/qtmm.org\/qt\/#organization"},"articleSection":["Haberler"],"inLanguage":"qt","potentialAction":[{"@type":"CommentAction","name":"Comment","target":["https:\/\/qtmm.org\/qt\/refat-cubarov-aqmescit-belediyesi-surgunlik-qurbanlarina-sayigisizliq-kosterdi\/#respond"]}]},{"@type":"WebPage","@id":"https:\/\/qtmm.org\/qt\/refat-cubarov-aqmescit-belediyesi-surgunlik-qurbanlarina-sayigisizliq-kosterdi\/","url":"https:\/\/qtmm.org\/qt\/refat-cubarov-aqmescit-belediyesi-surgunlik-qurbanlarina-sayigisizliq-kosterdi\/","name":"Refat \u00c7ubarov: Aqmescit belediyesi s\u00fcrg\u00fcnlik qurbanlar\u0131na say\u0131\u011f\u0131s\u0131zl\u0131q k\u00f6sterdi - \u041c\u0435\u0434\u0436\u043b\u0456\u0441","isPartOf":{"@id":"https:\/\/qtmm.org\/qt\/#website"},"datePublished":"2013-04-17T15:42:00+00:00","dateModified":"2022-01-23T15:42:42+00:00","breadcrumb":{"@id":"https:\/\/qtmm.org\/qt\/refat-cubarov-aqmescit-belediyesi-surgunlik-qurbanlarina-sayigisizliq-kosterdi\/#breadcrumb"},"inLanguage":"qt","potentialAction":[{"@type":"ReadAction","target":["https:\/\/qtmm.org\/qt\/refat-cubarov-aqmescit-belediyesi-surgunlik-qurbanlarina-sayigisizliq-kosterdi\/"]}]},{"@type":"BreadcrumbList","@id":"https:\/\/qtmm.org\/qt\/refat-cubarov-aqmescit-belediyesi-surgunlik-qurbanlarina-sayigisizliq-kosterdi\/#breadcrumb","itemListElement":[{"@type":"ListItem","position":1,"name":"\u0413\u043e\u043b\u043e\u0432\u043d\u0430","item":"https:\/\/qtmm.org\/qt\/"},{"@type":"ListItem","position":2,"name":"Refat \u00c7ubarov: Aqmescit belediyesi s\u00fcrg\u00fcnlik qurbanlar\u0131na say\u0131\u011f\u0131s\u0131zl\u0131q k\u00f6sterdi"}]},{"@type":"WebSite","@id":"https:\/\/qtmm.org\/qt\/#website","url":"https:\/\/qtmm.org\/qt\/","name":"\u041c\u0435\u0434\u0436\u043b\u0456\u0441","description":"","publisher":{"@id":"https:\/\/qtmm.org\/qt\/#organization"},"potentialAction":[{"@type":"SearchAction","target":{"@type":"EntryPoint","urlTemplate":"https:\/\/qtmm.org\/qt\/?s={search_term_string}"},"query-input":{"@type":"PropertyValueSpecification","valueRequired":true,"valueName":"search_term_string"}}],"inLanguage":"qt"},{"@type":"Organization","@id":"https:\/\/qtmm.org\/qt\/#organization","name":"\u041c\u0435\u0434\u0436\u043b\u0456\u0441","url":"https:\/\/qtmm.org\/qt\/","logo":{"@type":"ImageObject","inLanguage":"qt","@id":"https:\/\/qtmm.org\/qt\/#\/schema\/logo\/image\/","url":"https:\/\/qtmm.org\/wp-content\/uploads\/2024\/12\/ua-mejlis-logo-rgb.svg","contentUrl":"https:\/\/qtmm.org\/wp-content\/uploads\/2024\/12\/ua-mejlis-logo-rgb.svg","caption":"\u041c\u0435\u0434\u0436\u043b\u0456\u0441"},"image":{"@id":"https:\/\/qtmm.org\/qt\/#\/schema\/logo\/image\/"},"sameAs":["https:\/\/www.facebook.com\/qtmm.info\/"]},{"@type":"Person","@id":"https:\/\/qtmm.org\/qt\/#\/schema\/person\/de562469f971dec226ac06e60bbf74a7","name":"Developer","image":{"@type":"ImageObject","inLanguage":"qt","@id":"https:\/\/secure.gravatar.com\/avatar\/392b4cc8fbfeb00b39dfeeab4ee6edded39ffd48e25858637e4765810300227e?s=96&d=mm&r=g","url":"https:\/\/secure.gravatar.com\/avatar\/392b4cc8fbfeb00b39dfeeab4ee6edded39ffd48e25858637e4765810300227e?s=96&d=mm&r=g","contentUrl":"https:\/\/secure.gravatar.com\/avatar\/392b4cc8fbfeb00b39dfeeab4ee6edded39ffd48e25858637e4765810300227e?s=96&d=mm&r=g","caption":"Developer"},"url":"https:\/\/qtmm.org\/qt\/author\/Developer\/"}]}},"_links":{"self":[{"href":"https:\/\/qtmm.org\/qt\/wp-json\/wp\/v2\/posts\/36615","targetHints":{"allow":["GET"]}}],"collection":[{"href":"https:\/\/qtmm.org\/qt\/wp-json\/wp\/v2\/posts"}],"about":[{"href":"https:\/\/qtmm.org\/qt\/wp-json\/wp\/v2\/types\/post"}],"author":[{"embeddable":true,"href":"https:\/\/qtmm.org\/qt\/wp-json\/wp\/v2\/users\/1"}],"replies":[{"embeddable":true,"href":"https:\/\/qtmm.org\/qt\/wp-json\/wp\/v2\/comments?post=36615"}],"version-history":[{"count":1,"href":"https:\/\/qtmm.org\/qt\/wp-json\/wp\/v2\/posts\/36615\/revisions"}],"predecessor-version":[{"id":36616,"href":"https:\/\/qtmm.org\/qt\/wp-json\/wp\/v2\/posts\/36615\/revisions\/36616"}],"wp:attachment":[{"href":"https:\/\/qtmm.org\/qt\/wp-json\/wp\/v2\/media?parent=36615"}],"wp:term":[{"taxonomy":"category","embeddable":true,"href":"https:\/\/qtmm.org\/qt\/wp-json\/wp\/v2\/categories?post=36615"},{"taxonomy":"post_tag","embeddable":true,"href":"https:\/\/qtmm.org\/qt\/wp-json\/wp\/v2\/tags?post=36615"}],"curies":[{"name":"wp","href":"https:\/\/api.w.org\/{rel}","templated":true}]}}