




{"id":36497,"date":"2013-04-16T18:39:00","date_gmt":"2013-04-16T15:39:00","guid":{"rendered":"http:\/\/qtmm.org\/?p=36497"},"modified":"2022-01-23T18:41:56","modified_gmt":"2022-01-23T15:41:56","slug":"aprel-16-kunu-aqmescitte-belli-qirimtatar-sairi-esref-semi-zadenin-omur-arqadasi-saide-ali-qizi-bodaninskaya-defn-etildi","status":"publish","type":"post","link":"https:\/\/qtmm.org\/qt\/aprel-16-kunu-aqmescitte-belli-qirimtatar-sairi-esref-semi-zadenin-omur-arqadasi-saide-ali-qizi-bodaninskaya-defn-etildi\/","title":{"rendered":"Aprel 16 k\u00fcn\u00fc Aqmescitte belli q\u0131r\u0131mtatar \u015fairi E\u015fref \u015eemi-zadeni\u00f1 \u00f6m\u00fcr arqada\u015f\u0131 &#8211; Saide Ali-q\u0131z\u0131 Bodaninskaya defn etildi"},"content":{"rendered":"\n<p>Merhume Moskvadan Q\u0131r\u0131m\u011fa aprel 16-\u011fa ke\u00e7er gecesi ketirilip, cenazesi &#8220;Abdal&#8221; mezarl\u0131\u011f\u0131nda q\u0131l\u0131nd\u0131. Cenaze merasimini Saide han\u0131mn\u0131\u00f1 o\u011flu Ayd\u0131n \u015eemi-zade ve Q\u0131r\u0131m musulmanlar\u0131n\u0131\u00f1 m\u00fcftiligi te\u015fkil\u00e2tland\u0131rd\u0131lar. B\u00f6yleliknen, \u00f6m\u00fcrini\u00f1 b\u00fcy\u00fck bir q\u0131sm\u0131n\u0131 Vatantan t\u0131\u015fta ke\u00e7irgen Saide han\u0131m do\u011f\u011fan topra\u011f\u0131nda defn etilmek vasiyeti yerine ketirildi.<\/p>\n\n\n\n<p>Cenaze merasiminde Milliy Meclis ve q\u0131r\u0131mtatar cemaat\u00e7\u0131l\u0131\u011f\u0131n\u0131\u00f1 vekilleri i\u015ftirak ettiler.<\/p>\n\n\n\n<p>Saide Ali q\u0131z\u0131 Bodaninskaya aprel 14 k\u00fcn\u00fc Moskvada 100 ya\u015f ve 8 ayl\u0131qta vefat etti.<\/p>\n\n\n\n<p>\u015eun\u0131 hat\u0131rlatmal\u0131 ki, Saide Bodaninskaya 1912 senesi d\u00fcnya\u011fa kelgen. On\u0131\u00f1 babas\u0131 Ali-efendi Bodaninskiy \u2013 1917 senesi q\u0131r\u0131mtatar milliy-demokratik inqil\u00e2p reberlerinden biridir, anas\u0131 &#8211; Anife-han\u0131m ise 1917 senesi noyabr ay\u0131nda ke\u00e7irilgen 1 Q\u0131r\u0131mtatar halq\u0131 qurultay\u0131n\u0131\u00f1 d\u00f6rt delegat qad\u0131nlarn\u0131\u00f1 biri edi.<\/p>\n\n\n\n<p>Babas\u0131 el\u00e2k etken so\u00f1 o, doquz ya\u015f\u0131ndan emcesi \u00dcsein Bodaninskiyni\u00f1 ailesinde \u00f6sti. 1931 senesi o zamanda Kinematografiya institut\u0131nda oqu\u011fan ya\u015f \u015fair E\u015fref \u015eemi-zade ile aile qurd\u0131. On\u0131\u00f1 qocas\u0131n\u0131 kommunistler eki defa aileden ay\u0131rd\u0131lar. Ekinci kere 1949 senesi E\u015fref \u015eemi-zade apske al\u0131n\u011fan so\u00f1 \u00c7inabadda Saide qolunda eki balas\u0131nen qald\u0131.<\/p>\n\n\n\n<p>So\u00f1ra zar-zornen Zore aptesini\u00f1 yan\u0131na Yangiy\u00fcl \u015feerine k\u00f6\u00e7ti. Qocas\u0131 1955 senesi azat etildi. Bir qa\u00e7 y\u0131ldan so\u00f1 aile Ta\u015fkente Yaz\u0131c\u0131lar birliginden kvartira ald\u0131.<\/p>\n\n\n\n<p>1978 senesi E\u015fref \u015eemi-zade Moskvada vefat etkende organlar on\u0131\u00f1 Q\u0131r\u0131mda defn etilmesine qar\u015f\u0131 \u00e7\u0131qacaqlar\u0131n\u0131 evelden k\u00f6re bilgen Saide han\u0131m o\u011fullar\u0131 Ayd\u0131n ve Vildan\u011fa: &#8220;S\u00fcyrep al\u0131p ketsekte, baba\u00f1\u0131zn\u0131 Q\u0131r\u0131m\u011fa al\u0131p ketermiz&#8221; Ali Bodaninskiyni\u00f1 q\u0131z\u0131 iradeli ve ces\u00fcr qad\u0131n edi, o\u011fullar\u0131 da o\u00f1a qoltutt\u0131lar ve Saide han\u0131mn\u0131\u00f1 qarar\u0131 aqq\u0131nda \u00e7etelli jurnalistler, medeniyet erbaplar\u0131 ve moskval\u0131 dissidentlerge haber ettiler. E\u015fref \u015eemi-zade Vatanda c\u0131y\u0131ld\u0131.<\/p>\n\n\n\n<hr class=\"wp-block-separator\"\/>\n\n\n\n<p>Moskvadan kederli haber keldi: b\u00fcy\u00fck ve ma\u015faqqatl\u0131 \u00f6m\u00fcr k\u00f6rgen, 8 ay evelsi 100 ya\u015f\u0131n\u0131 toldur\u011fan Saide Ali q\u0131z\u0131 Bodaninskaya bu d\u00fcnyan\u0131 terk etti.<br>O, Aqmescitte 1912-senesi do\u011fd\u0131. Saide apteni\u00f1 babas\u0131 Ali Bodaninskiy 1917 senesi Q\u0131r\u0131mdaki milliy demokratik inqil\u00e2pn\u0131\u00f1 yolba\u015f\u00e7\u0131lar\u0131ndan biri, anas\u0131 Anife han\u0131m \u2013&nbsp; diger d\u00f6rt qad\u0131n-q\u0131zlar saf\u0131nda 1917-senesi noyabrde \u00e7a\u011f\u0131r\u0131l\u011fan I&nbsp; Qurultayn\u0131\u00f1 delegat\u0131 ediler.<\/p>\n\n\n\n<p>1920 senesi babas\u0131 el\u00e2q ol\u011fan so\u00f1, o, 18 ya\u015f\u0131nace emcesi \u2013 ilim ve medeniyetimizni\u00f1 k\u00f6r\u00fcmli erbab\u0131 \u00dcsein Bodaninskiyni\u00f1 evinde \u00f6sti, b\u00fcy\u00fckle\u015fti.<br>1931 senesi Moskvada oqu\u011fan Saide han\u0131m, Kinematografiya institut\u0131n\u0131\u00f1 talebesi E\u015fref \u015eemi-zadenen tan\u0131\u015f ola. Olar qoranta quralar.<\/p>\n\n\n\n<p>\u015eair ve cemaat erbab\u0131 E. \u015eemi-zadeni eki kere NKVD-ciler yaqalap, apshanege b\u0131raqqan ediler. Birinci kere bu Q\u0131r\u0131mda old\u0131. Ekinci sefer \u2013 s\u00fcrg\u00fcnlikten so\u00f1, 1949 senesi, \u00c7inabad rayon merkezinde. Saide han\u0131m eki balanen qala. Fena vaziyetinden qurtulmaq i\u00e7\u00fcn Yangiy\u00fclde ya\u015fa\u011fan tatas\u0131 Zoreni\u00f1 yan\u0131na k\u00f6\u00e7e.<\/p>\n\n\n\n<p>1955 senesi E\u015fref a\u011fa azat olun\u0131p qayta ve birazdan olarn\u0131\u00f1 qorantas\u0131 Ta\u015fkentte ya\u015fama\u011fa ba\u015flay.<\/p>\n\n\n\n<p>1978 senesi a\u011f\u0131r ameliyattan so\u00f1 E. \u015eemi-zade Moskvada ke\u00e7ine. Saide han\u0131m Ayd\u0131n ve Vildan o\u011fullar\u0131na, akimiyet bu\u00f1a keder etecegini bilip-tur\u0131p: &#8220;S\u00fcyrep al\u0131p ketsek de, baba\u00f1\u0131zn\u0131 Q\u0131r\u0131m\u011fa al\u0131p ketermiz&#8221;. O, \u00f6z israrl\u0131\u011f\u0131, cesareti ile maqsad\u0131na yetti. O\u011fullar\u0131 da bu\u00f1a yard\u0131mc\u0131 old\u0131lar.<\/p>\n\n\n\n<p>Olarn\u0131\u00f1 areketinen bu niyetleri aqq\u0131nda Moskval\u0131 dissidentler, babas\u0131n\u0131\u00f1 eski dostlar\u0131 \u2013 medeniyet ve edebiyat erbaplar\u0131, bir s\u0131ra \u00e7etel jurnalistler bilgenleri netice berdi. Akimiyet qar\u015f\u0131 \u00e7\u0131qalmad\u0131. E\u015fref a\u011fa Q\u0131r\u0131mda defn olund\u0131.<\/p>\n\n\n\n<p>Endi Q\u0131r\u0131mda, do\u011f\u011fan \u015feeri \u2013 Aqmescitte, o\u011flu Ayd\u0131n a\u011fa aytqan\u0131na k\u00f6re, vasiyetine binayen, Saide apte defn olunmaqta\u2026<\/p>\n\n\n\n<p>Alla o\u00f1a b\u00fcy\u00fck \u00f6m\u00fcr ba\u011f\u0131\u015flad\u0131 ve b\u00fcy\u00fck s\u0131navlardan ke\u00e7irdi. Saide Bodaninskaya bu s\u0131navlardan \u015ferefnen ke\u00e7ti.<\/p>\n\n\n\n<p>On\u0131\u00f1 o\u011flu \u2013 professor, yaz\u0131c\u0131, cemaat\u00e7\u0131 Ayd\u0131n \u015eemi-zadege, torunlar\u0131na, diger yaq\u0131nlar\u0131na teren taziye bildiremiz ve ba\u015f sa\u011fl\u0131\u011f\u0131 tileymiz.<\/p>\n\n\n\n<p>Merhume Allan\u0131\u00f1 rahmetinde buluns\u0131n.<\/p>\n\n\n\n<p>Milliy Meclis azalar\u0131.\u00a0<\/p>\n\n\n\n<figure class=\"wp-block-gallery columns-3 is-cropped wp-block-gallery-1 is-layout-flex wp-block-gallery-is-layout-flex\"><ul class=\"blocks-gallery-grid\"><li class=\"blocks-gallery-item\"><figure><a href=\"http:\/\/qtmm.org\/wp-content\/uploads\/2022\/01\/5172f5ee0ca26.jpeg\"><img loading=\"lazy\" decoding=\"async\" width=\"640\" height=\"480\" src=\"http:\/\/qtmm.org\/wp-content\/uploads\/2022\/01\/5172f5ee0ca26.jpeg\" alt=\"\" data-id=\"36498\" data-full-url=\"http:\/\/qtmm.org\/wp-content\/uploads\/2022\/01\/5172f5ee0ca26.jpeg\" data-link=\"http:\/\/qtmm.org\/qt\/?attachment_id=36498\" class=\"wp-image-36498\" srcset=\"https:\/\/qtmm.org\/wp-content\/uploads\/2022\/01\/5172f5ee0ca26.jpeg 640w, https:\/\/qtmm.org\/wp-content\/uploads\/2022\/01\/5172f5ee0ca26-300x225.jpeg 300w\" sizes=\"auto, (max-width: 640px) 100vw, 640px\" \/><\/a><\/figure><\/li><li class=\"blocks-gallery-item\"><figure><a href=\"http:\/\/qtmm.org\/wp-content\/uploads\/2022\/01\/5172f5ee3a8ae.jpeg\"><img loading=\"lazy\" decoding=\"async\" width=\"640\" height=\"480\" src=\"http:\/\/qtmm.org\/wp-content\/uploads\/2022\/01\/5172f5ee3a8ae.jpeg\" alt=\"\" data-id=\"36502\" data-full-url=\"http:\/\/qtmm.org\/wp-content\/uploads\/2022\/01\/5172f5ee3a8ae.jpeg\" data-link=\"http:\/\/qtmm.org\/qt\/?attachment_id=36502\" class=\"wp-image-36502\" srcset=\"https:\/\/qtmm.org\/wp-content\/uploads\/2022\/01\/5172f5ee3a8ae.jpeg 640w, https:\/\/qtmm.org\/wp-content\/uploads\/2022\/01\/5172f5ee3a8ae-300x225.jpeg 300w\" sizes=\"auto, (max-width: 640px) 100vw, 640px\" \/><\/a><\/figure><\/li><li class=\"blocks-gallery-item\"><figure><a href=\"http:\/\/qtmm.org\/wp-content\/uploads\/2022\/01\/5172f5ee7ffec.jpeg\"><img loading=\"lazy\" decoding=\"async\" width=\"640\" height=\"480\" src=\"http:\/\/qtmm.org\/wp-content\/uploads\/2022\/01\/5172f5ee7ffec.jpeg\" alt=\"\" data-id=\"36506\" data-full-url=\"http:\/\/qtmm.org\/wp-content\/uploads\/2022\/01\/5172f5ee7ffec.jpeg\" data-link=\"http:\/\/qtmm.org\/qt\/?attachment_id=36506\" class=\"wp-image-36506\" srcset=\"https:\/\/qtmm.org\/wp-content\/uploads\/2022\/01\/5172f5ee7ffec.jpeg 640w, https:\/\/qtmm.org\/wp-content\/uploads\/2022\/01\/5172f5ee7ffec-300x225.jpeg 300w\" sizes=\"auto, (max-width: 640px) 100vw, 640px\" \/><\/a><\/figure><\/li><li class=\"blocks-gallery-item\"><figure><a href=\"http:\/\/qtmm.org\/wp-content\/uploads\/2022\/01\/5172f5ee51fb5.jpeg\"><img loading=\"lazy\" decoding=\"async\" width=\"640\" height=\"480\" src=\"http:\/\/qtmm.org\/wp-content\/uploads\/2022\/01\/5172f5ee51fb5.jpeg\" alt=\"\" data-id=\"36510\" data-full-url=\"http:\/\/qtmm.org\/wp-content\/uploads\/2022\/01\/5172f5ee51fb5.jpeg\" data-link=\"http:\/\/qtmm.org\/qt\/?attachment_id=36510\" class=\"wp-image-36510\" srcset=\"https:\/\/qtmm.org\/wp-content\/uploads\/2022\/01\/5172f5ee51fb5.jpeg 640w, https:\/\/qtmm.org\/wp-content\/uploads\/2022\/01\/5172f5ee51fb5-300x225.jpeg 300w\" sizes=\"auto, (max-width: 640px) 100vw, 640px\" \/><\/a><\/figure><\/li><li class=\"blocks-gallery-item\"><figure><a href=\"http:\/\/qtmm.org\/wp-content\/uploads\/2022\/01\/5172f5ee240b1.jpeg\"><img loading=\"lazy\" decoding=\"async\" width=\"640\" height=\"480\" src=\"http:\/\/qtmm.org\/wp-content\/uploads\/2022\/01\/5172f5ee240b1.jpeg\" alt=\"\" data-id=\"36514\" data-full-url=\"http:\/\/qtmm.org\/wp-content\/uploads\/2022\/01\/5172f5ee240b1.jpeg\" data-link=\"http:\/\/qtmm.org\/qt\/?attachment_id=36514\" class=\"wp-image-36514\" srcset=\"https:\/\/qtmm.org\/wp-content\/uploads\/2022\/01\/5172f5ee240b1.jpeg 640w, https:\/\/qtmm.org\/wp-content\/uploads\/2022\/01\/5172f5ee240b1-300x225.jpeg 300w\" sizes=\"auto, (max-width: 640px) 100vw, 640px\" \/><\/a><\/figure><\/li><li class=\"blocks-gallery-item\"><figure><a href=\"http:\/\/qtmm.org\/wp-content\/uploads\/2022\/01\/5172f5ee69375.jpeg\"><img loading=\"lazy\" decoding=\"async\" width=\"640\" height=\"480\" src=\"http:\/\/qtmm.org\/wp-content\/uploads\/2022\/01\/5172f5ee69375.jpeg\" alt=\"\" data-id=\"36518\" data-full-url=\"http:\/\/qtmm.org\/wp-content\/uploads\/2022\/01\/5172f5ee69375.jpeg\" data-link=\"http:\/\/qtmm.org\/qt\/?attachment_id=36518\" class=\"wp-image-36518\" srcset=\"https:\/\/qtmm.org\/wp-content\/uploads\/2022\/01\/5172f5ee69375.jpeg 640w, https:\/\/qtmm.org\/wp-content\/uploads\/2022\/01\/5172f5ee69375-300x225.jpeg 300w\" sizes=\"auto, (max-width: 640px) 100vw, 640px\" \/><\/a><\/figure><\/li><li class=\"blocks-gallery-item\"><figure><a href=\"http:\/\/qtmm.org\/wp-content\/uploads\/2022\/01\/5172f5ee96377.jpeg\"><img loading=\"lazy\" decoding=\"async\" width=\"640\" height=\"480\" src=\"http:\/\/qtmm.org\/wp-content\/uploads\/2022\/01\/5172f5ee96377.jpeg\" alt=\"\" data-id=\"36522\" data-full-url=\"http:\/\/qtmm.org\/wp-content\/uploads\/2022\/01\/5172f5ee96377.jpeg\" data-link=\"http:\/\/qtmm.org\/qt\/?attachment_id=36522\" class=\"wp-image-36522\" srcset=\"https:\/\/qtmm.org\/wp-content\/uploads\/2022\/01\/5172f5ee96377.jpeg 640w, https:\/\/qtmm.org\/wp-content\/uploads\/2022\/01\/5172f5ee96377-300x225.jpeg 300w\" sizes=\"auto, (max-width: 640px) 100vw, 640px\" \/><\/a><\/figure><\/li><li class=\"blocks-gallery-item\"><figure><a href=\"http:\/\/qtmm.org\/wp-content\/uploads\/2022\/01\/5172f5eead517.jpeg\"><img loading=\"lazy\" decoding=\"async\" width=\"640\" height=\"480\" src=\"http:\/\/qtmm.org\/wp-content\/uploads\/2022\/01\/5172f5eead517.jpeg\" alt=\"\" data-id=\"36526\" data-full-url=\"http:\/\/qtmm.org\/wp-content\/uploads\/2022\/01\/5172f5eead517.jpeg\" data-link=\"http:\/\/qtmm.org\/qt\/?attachment_id=36526\" class=\"wp-image-36526\" srcset=\"https:\/\/qtmm.org\/wp-content\/uploads\/2022\/01\/5172f5eead517.jpeg 640w, https:\/\/qtmm.org\/wp-content\/uploads\/2022\/01\/5172f5eead517-300x225.jpeg 300w\" sizes=\"auto, (max-width: 640px) 100vw, 640px\" \/><\/a><\/figure><\/li><li class=\"blocks-gallery-item\"><figure><a href=\"http:\/\/qtmm.org\/wp-content\/uploads\/2022\/01\/5172f5eec49a7.jpeg\"><img loading=\"lazy\" decoding=\"async\" width=\"640\" height=\"480\" src=\"http:\/\/qtmm.org\/wp-content\/uploads\/2022\/01\/5172f5eec49a7.jpeg\" alt=\"\" data-id=\"36530\" data-full-url=\"http:\/\/qtmm.org\/wp-content\/uploads\/2022\/01\/5172f5eec49a7.jpeg\" data-link=\"http:\/\/qtmm.org\/qt\/?attachment_id=36530\" class=\"wp-image-36530\" srcset=\"https:\/\/qtmm.org\/wp-content\/uploads\/2022\/01\/5172f5eec49a7.jpeg 640w, https:\/\/qtmm.org\/wp-content\/uploads\/2022\/01\/5172f5eec49a7-300x225.jpeg 300w\" sizes=\"auto, (max-width: 640px) 100vw, 640px\" \/><\/a><\/figure><\/li><li class=\"blocks-gallery-item\"><figure><a href=\"http:\/\/qtmm.org\/wp-content\/uploads\/2022\/01\/5172f5eedc355.jpeg\"><img loading=\"lazy\" decoding=\"async\" width=\"640\" height=\"480\" src=\"http:\/\/qtmm.org\/wp-content\/uploads\/2022\/01\/5172f5eedc355.jpeg\" alt=\"\" data-id=\"36534\" data-full-url=\"http:\/\/qtmm.org\/wp-content\/uploads\/2022\/01\/5172f5eedc355.jpeg\" data-link=\"http:\/\/qtmm.org\/qt\/?attachment_id=36534\" class=\"wp-image-36534\" srcset=\"https:\/\/qtmm.org\/wp-content\/uploads\/2022\/01\/5172f5eedc355.jpeg 640w, https:\/\/qtmm.org\/wp-content\/uploads\/2022\/01\/5172f5eedc355-300x225.jpeg 300w\" sizes=\"auto, (max-width: 640px) 100vw, 640px\" \/><\/a><\/figure><\/li><li class=\"blocks-gallery-item\"><figure><a href=\"http:\/\/qtmm.org\/wp-content\/uploads\/2022\/01\/5172f5eef3890.jpeg\"><img loading=\"lazy\" decoding=\"async\" width=\"640\" height=\"480\" src=\"http:\/\/qtmm.org\/wp-content\/uploads\/2022\/01\/5172f5eef3890.jpeg\" alt=\"\" data-id=\"36538\" data-full-url=\"http:\/\/qtmm.org\/wp-content\/uploads\/2022\/01\/5172f5eef3890.jpeg\" data-link=\"http:\/\/qtmm.org\/qt\/?attachment_id=36538\" class=\"wp-image-36538\" srcset=\"https:\/\/qtmm.org\/wp-content\/uploads\/2022\/01\/5172f5eef3890.jpeg 640w, https:\/\/qtmm.org\/wp-content\/uploads\/2022\/01\/5172f5eef3890-300x225.jpeg 300w\" sizes=\"auto, (max-width: 640px) 100vw, 640px\" \/><\/a><\/figure><\/li><li class=\"blocks-gallery-item\"><figure><a href=\"http:\/\/qtmm.org\/wp-content\/uploads\/2022\/01\/5172f5ef16f20.jpeg\"><img loading=\"lazy\" decoding=\"async\" width=\"640\" height=\"480\" src=\"http:\/\/qtmm.org\/wp-content\/uploads\/2022\/01\/5172f5ef16f20.jpeg\" alt=\"\" data-id=\"36542\" data-full-url=\"http:\/\/qtmm.org\/wp-content\/uploads\/2022\/01\/5172f5ef16f20.jpeg\" data-link=\"http:\/\/qtmm.org\/qt\/?attachment_id=36542\" class=\"wp-image-36542\" srcset=\"https:\/\/qtmm.org\/wp-content\/uploads\/2022\/01\/5172f5ef16f20.jpeg 640w, https:\/\/qtmm.org\/wp-content\/uploads\/2022\/01\/5172f5ef16f20-300x225.jpeg 300w\" sizes=\"auto, (max-width: 640px) 100vw, 640px\" \/><\/a><\/figure><\/li><li class=\"blocks-gallery-item\"><figure><a href=\"http:\/\/qtmm.org\/wp-content\/uploads\/2022\/01\/5172f631a7acd.jpeg\"><img loading=\"lazy\" decoding=\"async\" width=\"640\" height=\"480\" src=\"http:\/\/qtmm.org\/wp-content\/uploads\/2022\/01\/5172f631a7acd.jpeg\" alt=\"\" data-id=\"36546\" data-full-url=\"http:\/\/qtmm.org\/wp-content\/uploads\/2022\/01\/5172f631a7acd.jpeg\" data-link=\"http:\/\/qtmm.org\/qt\/?attachment_id=36546\" class=\"wp-image-36546\" srcset=\"https:\/\/qtmm.org\/wp-content\/uploads\/2022\/01\/5172f631a7acd.jpeg 640w, https:\/\/qtmm.org\/wp-content\/uploads\/2022\/01\/5172f631a7acd-300x225.jpeg 300w\" sizes=\"auto, (max-width: 640px) 100vw, 640px\" \/><\/a><\/figure><\/li><li class=\"blocks-gallery-item\"><figure><a href=\"http:\/\/qtmm.org\/wp-content\/uploads\/2022\/01\/5172f631bf138.jpeg\"><img loading=\"lazy\" decoding=\"async\" width=\"640\" height=\"480\" src=\"http:\/\/qtmm.org\/wp-content\/uploads\/2022\/01\/5172f631bf138.jpeg\" alt=\"\" data-id=\"36550\" data-full-url=\"http:\/\/qtmm.org\/wp-content\/uploads\/2022\/01\/5172f631bf138.jpeg\" data-link=\"http:\/\/qtmm.org\/qt\/?attachment_id=36550\" class=\"wp-image-36550\" srcset=\"https:\/\/qtmm.org\/wp-content\/uploads\/2022\/01\/5172f631bf138.jpeg 640w, https:\/\/qtmm.org\/wp-content\/uploads\/2022\/01\/5172f631bf138-300x225.jpeg 300w\" sizes=\"auto, (max-width: 640px) 100vw, 640px\" \/><\/a><\/figure><\/li><li class=\"blocks-gallery-item\"><figure><a href=\"http:\/\/qtmm.org\/wp-content\/uploads\/2022\/01\/5172f631d6700.jpeg\"><img loading=\"lazy\" decoding=\"async\" width=\"640\" height=\"480\" src=\"http:\/\/qtmm.org\/wp-content\/uploads\/2022\/01\/5172f631d6700.jpeg\" alt=\"\" data-id=\"36554\" data-full-url=\"http:\/\/qtmm.org\/wp-content\/uploads\/2022\/01\/5172f631d6700.jpeg\" data-link=\"http:\/\/qtmm.org\/qt\/?attachment_id=36554\" class=\"wp-image-36554\" srcset=\"https:\/\/qtmm.org\/wp-content\/uploads\/2022\/01\/5172f631d6700.jpeg 640w, https:\/\/qtmm.org\/wp-content\/uploads\/2022\/01\/5172f631d6700-300x225.jpeg 300w\" sizes=\"auto, (max-width: 640px) 100vw, 640px\" \/><\/a><\/figure><\/li><li class=\"blocks-gallery-item\"><figure><a href=\"http:\/\/qtmm.org\/wp-content\/uploads\/2022\/01\/5172f631ed591.jpeg\"><img loading=\"lazy\" decoding=\"async\" width=\"640\" height=\"480\" src=\"http:\/\/qtmm.org\/wp-content\/uploads\/2022\/01\/5172f631ed591.jpeg\" alt=\"\" data-id=\"36558\" data-full-url=\"http:\/\/qtmm.org\/wp-content\/uploads\/2022\/01\/5172f631ed591.jpeg\" data-link=\"http:\/\/qtmm.org\/qt\/?attachment_id=36558\" class=\"wp-image-36558\" srcset=\"https:\/\/qtmm.org\/wp-content\/uploads\/2022\/01\/5172f631ed591.jpeg 640w, https:\/\/qtmm.org\/wp-content\/uploads\/2022\/01\/5172f631ed591-300x225.jpeg 300w\" sizes=\"auto, (max-width: 640px) 100vw, 640px\" \/><\/a><\/figure><\/li><li class=\"blocks-gallery-item\"><figure><a href=\"http:\/\/qtmm.org\/wp-content\/uploads\/2022\/01\/5172f632a0096.jpeg\"><img loading=\"lazy\" decoding=\"async\" width=\"640\" height=\"480\" src=\"http:\/\/qtmm.org\/wp-content\/uploads\/2022\/01\/5172f632a0096.jpeg\" alt=\"\" data-id=\"36562\" data-full-url=\"http:\/\/qtmm.org\/wp-content\/uploads\/2022\/01\/5172f632a0096.jpeg\" data-link=\"http:\/\/qtmm.org\/qt\/?attachment_id=36562\" class=\"wp-image-36562\" srcset=\"https:\/\/qtmm.org\/wp-content\/uploads\/2022\/01\/5172f632a0096.jpeg 640w, https:\/\/qtmm.org\/wp-content\/uploads\/2022\/01\/5172f632a0096-300x225.jpeg 300w\" sizes=\"auto, (max-width: 640px) 100vw, 640px\" \/><\/a><\/figure><\/li><li class=\"blocks-gallery-item\"><figure><a href=\"http:\/\/qtmm.org\/wp-content\/uploads\/2022\/01\/5172f632b7901.jpeg\"><img loading=\"lazy\" decoding=\"async\" width=\"640\" height=\"480\" src=\"http:\/\/qtmm.org\/wp-content\/uploads\/2022\/01\/5172f632b7901.jpeg\" alt=\"\" data-id=\"36566\" data-full-url=\"http:\/\/qtmm.org\/wp-content\/uploads\/2022\/01\/5172f632b7901.jpeg\" data-link=\"http:\/\/qtmm.org\/qt\/?attachment_id=36566\" class=\"wp-image-36566\" srcset=\"https:\/\/qtmm.org\/wp-content\/uploads\/2022\/01\/5172f632b7901.jpeg 640w, https:\/\/qtmm.org\/wp-content\/uploads\/2022\/01\/5172f632b7901-300x225.jpeg 300w\" sizes=\"auto, (max-width: 640px) 100vw, 640px\" \/><\/a><\/figure><\/li><li class=\"blocks-gallery-item\"><figure><a href=\"http:\/\/qtmm.org\/wp-content\/uploads\/2022\/01\/5172f632d10f0.jpeg\"><img loading=\"lazy\" decoding=\"async\" width=\"640\" height=\"480\" src=\"http:\/\/qtmm.org\/wp-content\/uploads\/2022\/01\/5172f632d10f0.jpeg\" alt=\"\" data-id=\"36570\" data-full-url=\"http:\/\/qtmm.org\/wp-content\/uploads\/2022\/01\/5172f632d10f0.jpeg\" data-link=\"http:\/\/qtmm.org\/qt\/?attachment_id=36570\" class=\"wp-image-36570\" srcset=\"https:\/\/qtmm.org\/wp-content\/uploads\/2022\/01\/5172f632d10f0.jpeg 640w, https:\/\/qtmm.org\/wp-content\/uploads\/2022\/01\/5172f632d10f0-300x225.jpeg 300w\" sizes=\"auto, (max-width: 640px) 100vw, 640px\" \/><\/a><\/figure><\/li><li class=\"blocks-gallery-item\"><figure><a href=\"http:\/\/qtmm.org\/wp-content\/uploads\/2022\/01\/5172f632ebc35.jpeg\"><img loading=\"lazy\" decoding=\"async\" width=\"640\" height=\"480\" src=\"http:\/\/qtmm.org\/wp-content\/uploads\/2022\/01\/5172f632ebc35.jpeg\" alt=\"\" data-id=\"36574\" data-full-url=\"http:\/\/qtmm.org\/wp-content\/uploads\/2022\/01\/5172f632ebc35.jpeg\" data-link=\"http:\/\/qtmm.org\/qt\/?attachment_id=36574\" class=\"wp-image-36574\" srcset=\"https:\/\/qtmm.org\/wp-content\/uploads\/2022\/01\/5172f632ebc35.jpeg 640w, https:\/\/qtmm.org\/wp-content\/uploads\/2022\/01\/5172f632ebc35-300x225.jpeg 300w\" sizes=\"auto, (max-width: 640px) 100vw, 640px\" \/><\/a><\/figure><\/li><li class=\"blocks-gallery-item\"><figure><a href=\"http:\/\/qtmm.org\/wp-content\/uploads\/2022\/01\/5172f6323d9cb.jpeg\"><img loading=\"lazy\" decoding=\"async\" width=\"640\" height=\"480\" src=\"http:\/\/qtmm.org\/wp-content\/uploads\/2022\/01\/5172f6323d9cb.jpeg\" alt=\"\" data-id=\"36578\" data-full-url=\"http:\/\/qtmm.org\/wp-content\/uploads\/2022\/01\/5172f6323d9cb.jpeg\" data-link=\"http:\/\/qtmm.org\/qt\/?attachment_id=36578\" class=\"wp-image-36578\" srcset=\"https:\/\/qtmm.org\/wp-content\/uploads\/2022\/01\/5172f6323d9cb.jpeg 640w, https:\/\/qtmm.org\/wp-content\/uploads\/2022\/01\/5172f6323d9cb-300x225.jpeg 300w\" sizes=\"auto, (max-width: 640px) 100vw, 640px\" \/><\/a><\/figure><\/li><li class=\"blocks-gallery-item\"><figure><a href=\"http:\/\/qtmm.org\/wp-content\/uploads\/2022\/01\/5172f6326d299.jpeg\"><img loading=\"lazy\" decoding=\"async\" width=\"640\" height=\"480\" src=\"http:\/\/qtmm.org\/wp-content\/uploads\/2022\/01\/5172f6326d299.jpeg\" alt=\"\" data-id=\"36582\" data-full-url=\"http:\/\/qtmm.org\/wp-content\/uploads\/2022\/01\/5172f6326d299.jpeg\" data-link=\"http:\/\/qtmm.org\/qt\/?attachment_id=36582\" class=\"wp-image-36582\" srcset=\"https:\/\/qtmm.org\/wp-content\/uploads\/2022\/01\/5172f6326d299.jpeg 640w, https:\/\/qtmm.org\/wp-content\/uploads\/2022\/01\/5172f6326d299-300x225.jpeg 300w\" sizes=\"auto, (max-width: 640px) 100vw, 640px\" \/><\/a><\/figure><\/li><li class=\"blocks-gallery-item\"><figure><a href=\"http:\/\/qtmm.org\/wp-content\/uploads\/2022\/01\/5172f6332acd3.jpeg\"><img loading=\"lazy\" decoding=\"async\" width=\"640\" height=\"480\" src=\"http:\/\/qtmm.org\/wp-content\/uploads\/2022\/01\/5172f6332acd3.jpeg\" alt=\"\" data-id=\"36586\" data-full-url=\"http:\/\/qtmm.org\/wp-content\/uploads\/2022\/01\/5172f6332acd3.jpeg\" data-link=\"http:\/\/qtmm.org\/qt\/?attachment_id=36586\" class=\"wp-image-36586\" srcset=\"https:\/\/qtmm.org\/wp-content\/uploads\/2022\/01\/5172f6332acd3.jpeg 640w, https:\/\/qtmm.org\/wp-content\/uploads\/2022\/01\/5172f6332acd3-300x225.jpeg 300w\" sizes=\"auto, (max-width: 640px) 100vw, 640px\" \/><\/a><\/figure><\/li><li class=\"blocks-gallery-item\"><figure><a href=\"http:\/\/qtmm.org\/wp-content\/uploads\/2022\/01\/5172f63226f01.jpeg\"><img loading=\"lazy\" decoding=\"async\" width=\"640\" height=\"480\" src=\"http:\/\/qtmm.org\/wp-content\/uploads\/2022\/01\/5172f63226f01.jpeg\" alt=\"\" data-id=\"36590\" data-full-url=\"http:\/\/qtmm.org\/wp-content\/uploads\/2022\/01\/5172f63226f01.jpeg\" data-link=\"http:\/\/qtmm.org\/qt\/?attachment_id=36590\" class=\"wp-image-36590\" srcset=\"https:\/\/qtmm.org\/wp-content\/uploads\/2022\/01\/5172f63226f01.jpeg 640w, https:\/\/qtmm.org\/wp-content\/uploads\/2022\/01\/5172f63226f01-300x225.jpeg 300w\" sizes=\"auto, (max-width: 640px) 100vw, 640px\" \/><\/a><\/figure><\/li><li class=\"blocks-gallery-item\"><figure><a href=\"http:\/\/qtmm.org\/wp-content\/uploads\/2022\/01\/5172f632104a7.jpeg\"><img loading=\"lazy\" decoding=\"async\" width=\"640\" height=\"480\" src=\"http:\/\/qtmm.org\/wp-content\/uploads\/2022\/01\/5172f632104a7.jpeg\" alt=\"\" data-id=\"36594\" data-full-url=\"http:\/\/qtmm.org\/wp-content\/uploads\/2022\/01\/5172f632104a7.jpeg\" data-link=\"http:\/\/qtmm.org\/qt\/?attachment_id=36594\" class=\"wp-image-36594\" srcset=\"https:\/\/qtmm.org\/wp-content\/uploads\/2022\/01\/5172f632104a7.jpeg 640w, https:\/\/qtmm.org\/wp-content\/uploads\/2022\/01\/5172f632104a7-300x225.jpeg 300w\" sizes=\"auto, (max-width: 640px) 100vw, 640px\" \/><\/a><\/figure><\/li><li class=\"blocks-gallery-item\"><figure><a href=\"http:\/\/qtmm.org\/wp-content\/uploads\/2022\/01\/5172f632557b7.jpeg\"><img loading=\"lazy\" decoding=\"async\" width=\"640\" height=\"480\" src=\"http:\/\/qtmm.org\/wp-content\/uploads\/2022\/01\/5172f632557b7.jpeg\" alt=\"\" data-id=\"36598\" data-full-url=\"http:\/\/qtmm.org\/wp-content\/uploads\/2022\/01\/5172f632557b7.jpeg\" data-link=\"http:\/\/qtmm.org\/qt\/?attachment_id=36598\" class=\"wp-image-36598\" srcset=\"https:\/\/qtmm.org\/wp-content\/uploads\/2022\/01\/5172f632557b7.jpeg 640w, https:\/\/qtmm.org\/wp-content\/uploads\/2022\/01\/5172f632557b7-300x225.jpeg 300w\" sizes=\"auto, (max-width: 640px) 100vw, 640px\" \/><\/a><\/figure><\/li><li class=\"blocks-gallery-item\"><figure><a href=\"http:\/\/qtmm.org\/wp-content\/uploads\/2022\/01\/5172f6331149a.jpeg\"><img loading=\"lazy\" decoding=\"async\" width=\"640\" height=\"480\" src=\"http:\/\/qtmm.org\/wp-content\/uploads\/2022\/01\/5172f6331149a.jpeg\" alt=\"\" data-id=\"36602\" data-full-url=\"http:\/\/qtmm.org\/wp-content\/uploads\/2022\/01\/5172f6331149a.jpeg\" data-link=\"http:\/\/qtmm.org\/qt\/?attachment_id=36602\" class=\"wp-image-36602\" srcset=\"https:\/\/qtmm.org\/wp-content\/uploads\/2022\/01\/5172f6331149a.jpeg 640w, https:\/\/qtmm.org\/wp-content\/uploads\/2022\/01\/5172f6331149a-300x225.jpeg 300w\" sizes=\"auto, (max-width: 640px) 100vw, 640px\" \/><\/a><\/figure><\/li><li class=\"blocks-gallery-item\"><figure><a href=\"http:\/\/qtmm.org\/wp-content\/uploads\/2022\/01\/5172f6334422a.jpeg\"><img loading=\"lazy\" decoding=\"async\" width=\"640\" height=\"480\" src=\"http:\/\/qtmm.org\/wp-content\/uploads\/2022\/01\/5172f6334422a.jpeg\" alt=\"\" data-id=\"36606\" data-full-url=\"http:\/\/qtmm.org\/wp-content\/uploads\/2022\/01\/5172f6334422a.jpeg\" data-link=\"http:\/\/qtmm.org\/qt\/?attachment_id=36606\" class=\"wp-image-36606\" srcset=\"https:\/\/qtmm.org\/wp-content\/uploads\/2022\/01\/5172f6334422a.jpeg 640w, https:\/\/qtmm.org\/wp-content\/uploads\/2022\/01\/5172f6334422a-300x225.jpeg 300w\" sizes=\"auto, (max-width: 640px) 100vw, 640px\" \/><\/a><\/figure><\/li><li class=\"blocks-gallery-item\"><figure><a href=\"http:\/\/qtmm.org\/wp-content\/uploads\/2022\/01\/5172f63286984.jpeg\"><img loading=\"lazy\" decoding=\"async\" width=\"640\" height=\"480\" src=\"http:\/\/qtmm.org\/wp-content\/uploads\/2022\/01\/5172f63286984.jpeg\" alt=\"\" data-id=\"36610\" data-full-url=\"http:\/\/qtmm.org\/wp-content\/uploads\/2022\/01\/5172f63286984.jpeg\" data-link=\"http:\/\/qtmm.org\/qt\/?attachment_id=36610\" class=\"wp-image-36610\" srcset=\"https:\/\/qtmm.org\/wp-content\/uploads\/2022\/01\/5172f63286984.jpeg 640w, https:\/\/qtmm.org\/wp-content\/uploads\/2022\/01\/5172f63286984-300x225.jpeg 300w\" sizes=\"auto, (max-width: 640px) 100vw, 640px\" \/><\/a><\/figure><\/li><\/ul><\/figure>\n","protected":false},"excerpt":{"rendered":"<p>Merhume Moskvadan Q\u0131r\u0131m\u011fa aprel 16-\u011fa ke\u00e7er gecesi ketirilip, cenazesi &#8220;Abdal&#8221; mezarl\u0131\u011f\u0131nda q\u0131l\u0131nd\u0131. Cenaze merasimini Saide han\u0131mn\u0131\u00f1 o\u011flu Ayd\u0131n \u015eemi-zade ve Q\u0131r\u0131m musulmanlar\u0131n\u0131\u00f1 m\u00fcftiligi te\u015fkil\u00e2tland\u0131rd\u0131lar. B\u00f6yleliknen, \u00f6m\u00fcrini\u00f1 b\u00fcy\u00fck bir q\u0131sm\u0131n\u0131 Vatantan t\u0131\u015fta ke\u00e7irgen Saide han\u0131m do\u011f\u011fan topra\u011f\u0131nda defn etilmek vasiyeti yerine ketirildi. Cenaze merasiminde Milliy Meclis ve q\u0131r\u0131mtatar cemaat\u00e7\u0131l\u0131\u011f\u0131n\u0131\u00f1 vekilleri i\u015ftirak ettiler. Saide Ali q\u0131z\u0131 Bodaninskaya [&hellip;]<\/p>\n","protected":false},"author":1,"featured_media":36498,"comment_status":"open","ping_status":"open","sticky":false,"template":"","format":"standard","meta":{"inline_featured_image":false,"footnotes":""},"categories":[265],"tags":[],"class_list":["post-36497","post","type-post","status-publish","format-standard","has-post-thumbnail","hentry","category-haberler"],"acf":[],"yoast_head":"<!-- This site is optimized with the Yoast SEO plugin v27.4 - https:\/\/yoast.com\/product\/yoast-seo-wordpress\/ -->\n<title>Aprel 16 k\u00fcn\u00fc Aqmescitte belli q\u0131r\u0131mtatar \u015fairi E\u015fref \u015eemi-zadeni\u00f1 \u00f6m\u00fcr arqada\u015f\u0131 - Saide Ali-q\u0131z\u0131 Bodaninskaya defn etildi - \u041c\u0435\u0434\u0436\u043b\u0456\u0441<\/title>\n<meta name=\"robots\" content=\"index, follow, max-snippet:-1, max-image-preview:large, max-video-preview:-1\" \/>\n<link rel=\"canonical\" href=\"https:\/\/qtmm.org\/qt\/aprel-16-kunu-aqmescitte-belli-qirimtatar-sairi-esref-semi-zadenin-omur-arqadasi-saide-ali-qizi-bodaninskaya-defn-etildi\/\" \/>\n<meta property=\"og:locale\" content=\"en_US\" \/>\n<meta property=\"og:type\" content=\"article\" \/>\n<meta property=\"og:title\" content=\"Aprel 16 k\u00fcn\u00fc Aqmescitte belli q\u0131r\u0131mtatar \u015fairi E\u015fref \u015eemi-zadeni\u00f1 \u00f6m\u00fcr arqada\u015f\u0131 - Saide Ali-q\u0131z\u0131 Bodaninskaya defn etildi - \u041c\u0435\u0434\u0436\u043b\u0456\u0441\" \/>\n<meta property=\"og:description\" content=\"Merhume Moskvadan Q\u0131r\u0131m\u011fa aprel 16-\u011fa ke\u00e7er gecesi ketirilip, cenazesi &#8220;Abdal&#8221; mezarl\u0131\u011f\u0131nda q\u0131l\u0131nd\u0131. Cenaze merasimini Saide han\u0131mn\u0131\u00f1 o\u011flu Ayd\u0131n \u015eemi-zade ve Q\u0131r\u0131m musulmanlar\u0131n\u0131\u00f1 m\u00fcftiligi te\u015fkil\u00e2tland\u0131rd\u0131lar. B\u00f6yleliknen, \u00f6m\u00fcrini\u00f1 b\u00fcy\u00fck bir q\u0131sm\u0131n\u0131 Vatantan t\u0131\u015fta ke\u00e7irgen Saide han\u0131m do\u011f\u011fan topra\u011f\u0131nda defn etilmek vasiyeti yerine ketirildi. Cenaze merasiminde Milliy Meclis ve q\u0131r\u0131mtatar cemaat\u00e7\u0131l\u0131\u011f\u0131n\u0131\u00f1 vekilleri i\u015ftirak ettiler. Saide Ali q\u0131z\u0131 Bodaninskaya [&hellip;]\" \/>\n<meta property=\"og:url\" content=\"https:\/\/qtmm.org\/qt\/aprel-16-kunu-aqmescitte-belli-qirimtatar-sairi-esref-semi-zadenin-omur-arqadasi-saide-ali-qizi-bodaninskaya-defn-etildi\/\" \/>\n<meta property=\"og:site_name\" content=\"\u041c\u0435\u0434\u0436\u043b\u0456\u0441\" \/>\n<meta property=\"article:publisher\" content=\"https:\/\/www.facebook.com\/qtmm.info\/\" \/>\n<meta property=\"article:published_time\" content=\"2013-04-16T15:39:00+00:00\" \/>\n<meta property=\"article:modified_time\" content=\"2022-01-23T15:41:56+00:00\" \/>\n<meta property=\"og:image\" content=\"https:\/\/qtmm.org\/wp-content\/uploads\/2022\/01\/5172f5ee0ca26.jpeg\" \/>\n\t<meta property=\"og:image:width\" content=\"640\" \/>\n\t<meta property=\"og:image:height\" content=\"480\" \/>\n\t<meta property=\"og:image:type\" content=\"image\/jpeg\" \/>\n<meta name=\"author\" content=\"Developer\" \/>\n<meta name=\"twitter:card\" content=\"summary_large_image\" \/>\n<meta name=\"twitter:label1\" content=\"Written by\" \/>\n\t<meta name=\"twitter:data1\" content=\"Developer\" \/>\n\t<meta name=\"twitter:label2\" content=\"Est. reading time\" \/>\n\t<meta name=\"twitter:data2\" content=\"3 minutes\" \/>\n<script type=\"application\/ld+json\" class=\"yoast-schema-graph\">{\"@context\":\"https:\\\/\\\/schema.org\",\"@graph\":[{\"@type\":\"Article\",\"@id\":\"https:\\\/\\\/qtmm.org\\\/qt\\\/aprel-16-kunu-aqmescitte-belli-qirimtatar-sairi-esref-semi-zadenin-omur-arqadasi-saide-ali-qizi-bodaninskaya-defn-etildi\\\/#article\",\"isPartOf\":{\"@id\":\"https:\\\/\\\/qtmm.org\\\/qt\\\/aprel-16-kunu-aqmescitte-belli-qirimtatar-sairi-esref-semi-zadenin-omur-arqadasi-saide-ali-qizi-bodaninskaya-defn-etildi\\\/\"},\"author\":{\"name\":\"Developer\",\"@id\":\"https:\\\/\\\/qtmm.org\\\/qt\\\/#\\\/schema\\\/person\\\/de562469f971dec226ac06e60bbf74a7\"},\"headline\":\"Aprel 16 k\u00fcn\u00fc Aqmescitte belli q\u0131r\u0131mtatar \u015fairi E\u015fref \u015eemi-zadeni\u00f1 \u00f6m\u00fcr arqada\u015f\u0131 &#8211; Saide Ali-q\u0131z\u0131 Bodaninskaya defn etildi\",\"datePublished\":\"2013-04-16T15:39:00+00:00\",\"dateModified\":\"2022-01-23T15:41:56+00:00\",\"mainEntityOfPage\":{\"@id\":\"https:\\\/\\\/qtmm.org\\\/qt\\\/aprel-16-kunu-aqmescitte-belli-qirimtatar-sairi-esref-semi-zadenin-omur-arqadasi-saide-ali-qizi-bodaninskaya-defn-etildi\\\/\"},\"wordCount\":716,\"commentCount\":0,\"publisher\":{\"@id\":\"https:\\\/\\\/qtmm.org\\\/qt\\\/#organization\"},\"image\":{\"@id\":\"https:\\\/\\\/qtmm.org\\\/qt\\\/aprel-16-kunu-aqmescitte-belli-qirimtatar-sairi-esref-semi-zadenin-omur-arqadasi-saide-ali-qizi-bodaninskaya-defn-etildi\\\/#primaryimage\"},\"thumbnailUrl\":\"https:\\\/\\\/qtmm.org\\\/wp-content\\\/uploads\\\/2022\\\/01\\\/5172f5ee0ca26.jpeg\",\"articleSection\":[\"Haberler\"],\"inLanguage\":\"qt\",\"potentialAction\":[{\"@type\":\"CommentAction\",\"name\":\"Comment\",\"target\":[\"https:\\\/\\\/qtmm.org\\\/qt\\\/aprel-16-kunu-aqmescitte-belli-qirimtatar-sairi-esref-semi-zadenin-omur-arqadasi-saide-ali-qizi-bodaninskaya-defn-etildi\\\/#respond\"]}]},{\"@type\":\"WebPage\",\"@id\":\"https:\\\/\\\/qtmm.org\\\/qt\\\/aprel-16-kunu-aqmescitte-belli-qirimtatar-sairi-esref-semi-zadenin-omur-arqadasi-saide-ali-qizi-bodaninskaya-defn-etildi\\\/\",\"url\":\"https:\\\/\\\/qtmm.org\\\/qt\\\/aprel-16-kunu-aqmescitte-belli-qirimtatar-sairi-esref-semi-zadenin-omur-arqadasi-saide-ali-qizi-bodaninskaya-defn-etildi\\\/\",\"name\":\"Aprel 16 k\u00fcn\u00fc Aqmescitte belli q\u0131r\u0131mtatar \u015fairi E\u015fref \u015eemi-zadeni\u00f1 \u00f6m\u00fcr arqada\u015f\u0131 - Saide Ali-q\u0131z\u0131 Bodaninskaya defn etildi - \u041c\u0435\u0434\u0436\u043b\u0456\u0441\",\"isPartOf\":{\"@id\":\"https:\\\/\\\/qtmm.org\\\/qt\\\/#website\"},\"primaryImageOfPage\":{\"@id\":\"https:\\\/\\\/qtmm.org\\\/qt\\\/aprel-16-kunu-aqmescitte-belli-qirimtatar-sairi-esref-semi-zadenin-omur-arqadasi-saide-ali-qizi-bodaninskaya-defn-etildi\\\/#primaryimage\"},\"image\":{\"@id\":\"https:\\\/\\\/qtmm.org\\\/qt\\\/aprel-16-kunu-aqmescitte-belli-qirimtatar-sairi-esref-semi-zadenin-omur-arqadasi-saide-ali-qizi-bodaninskaya-defn-etildi\\\/#primaryimage\"},\"thumbnailUrl\":\"https:\\\/\\\/qtmm.org\\\/wp-content\\\/uploads\\\/2022\\\/01\\\/5172f5ee0ca26.jpeg\",\"datePublished\":\"2013-04-16T15:39:00+00:00\",\"dateModified\":\"2022-01-23T15:41:56+00:00\",\"breadcrumb\":{\"@id\":\"https:\\\/\\\/qtmm.org\\\/qt\\\/aprel-16-kunu-aqmescitte-belli-qirimtatar-sairi-esref-semi-zadenin-omur-arqadasi-saide-ali-qizi-bodaninskaya-defn-etildi\\\/#breadcrumb\"},\"inLanguage\":\"qt\",\"potentialAction\":[{\"@type\":\"ReadAction\",\"target\":[\"https:\\\/\\\/qtmm.org\\\/qt\\\/aprel-16-kunu-aqmescitte-belli-qirimtatar-sairi-esref-semi-zadenin-omur-arqadasi-saide-ali-qizi-bodaninskaya-defn-etildi\\\/\"]}]},{\"@type\":\"ImageObject\",\"inLanguage\":\"qt\",\"@id\":\"https:\\\/\\\/qtmm.org\\\/qt\\\/aprel-16-kunu-aqmescitte-belli-qirimtatar-sairi-esref-semi-zadenin-omur-arqadasi-saide-ali-qizi-bodaninskaya-defn-etildi\\\/#primaryimage\",\"url\":\"https:\\\/\\\/qtmm.org\\\/wp-content\\\/uploads\\\/2022\\\/01\\\/5172f5ee0ca26.jpeg\",\"contentUrl\":\"https:\\\/\\\/qtmm.org\\\/wp-content\\\/uploads\\\/2022\\\/01\\\/5172f5ee0ca26.jpeg\",\"width\":640,\"height\":480},{\"@type\":\"BreadcrumbList\",\"@id\":\"https:\\\/\\\/qtmm.org\\\/qt\\\/aprel-16-kunu-aqmescitte-belli-qirimtatar-sairi-esref-semi-zadenin-omur-arqadasi-saide-ali-qizi-bodaninskaya-defn-etildi\\\/#breadcrumb\",\"itemListElement\":[{\"@type\":\"ListItem\",\"position\":1,\"name\":\"\u0413\u043e\u043b\u043e\u0432\u043d\u0430\",\"item\":\"https:\\\/\\\/qtmm.org\\\/qt\\\/\"},{\"@type\":\"ListItem\",\"position\":2,\"name\":\"Aprel 16 k\u00fcn\u00fc Aqmescitte belli q\u0131r\u0131mtatar \u015fairi E\u015fref \u015eemi-zadeni\u00f1 \u00f6m\u00fcr arqada\u015f\u0131 &#8211; Saide Ali-q\u0131z\u0131 Bodaninskaya defn etildi\"}]},{\"@type\":\"WebSite\",\"@id\":\"https:\\\/\\\/qtmm.org\\\/qt\\\/#website\",\"url\":\"https:\\\/\\\/qtmm.org\\\/qt\\\/\",\"name\":\"\u041c\u0435\u0434\u0436\u043b\u0456\u0441\",\"description\":\"\",\"publisher\":{\"@id\":\"https:\\\/\\\/qtmm.org\\\/qt\\\/#organization\"},\"potentialAction\":[{\"@type\":\"SearchAction\",\"target\":{\"@type\":\"EntryPoint\",\"urlTemplate\":\"https:\\\/\\\/qtmm.org\\\/qt\\\/?s={search_term_string}\"},\"query-input\":{\"@type\":\"PropertyValueSpecification\",\"valueRequired\":true,\"valueName\":\"search_term_string\"}}],\"inLanguage\":\"qt\"},{\"@type\":\"Organization\",\"@id\":\"https:\\\/\\\/qtmm.org\\\/qt\\\/#organization\",\"name\":\"\u041c\u0435\u0434\u0436\u043b\u0456\u0441\",\"url\":\"https:\\\/\\\/qtmm.org\\\/qt\\\/\",\"logo\":{\"@type\":\"ImageObject\",\"inLanguage\":\"qt\",\"@id\":\"https:\\\/\\\/qtmm.org\\\/qt\\\/#\\\/schema\\\/logo\\\/image\\\/\",\"url\":\"https:\\\/\\\/qtmm.org\\\/wp-content\\\/uploads\\\/2024\\\/12\\\/ua-mejlis-logo-rgb.svg\",\"contentUrl\":\"https:\\\/\\\/qtmm.org\\\/wp-content\\\/uploads\\\/2024\\\/12\\\/ua-mejlis-logo-rgb.svg\",\"caption\":\"\u041c\u0435\u0434\u0436\u043b\u0456\u0441\"},\"image\":{\"@id\":\"https:\\\/\\\/qtmm.org\\\/qt\\\/#\\\/schema\\\/logo\\\/image\\\/\"},\"sameAs\":[\"https:\\\/\\\/www.facebook.com\\\/qtmm.info\\\/\"]},{\"@type\":\"Person\",\"@id\":\"https:\\\/\\\/qtmm.org\\\/qt\\\/#\\\/schema\\\/person\\\/de562469f971dec226ac06e60bbf74a7\",\"name\":\"Developer\",\"image\":{\"@type\":\"ImageObject\",\"inLanguage\":\"qt\",\"@id\":\"https:\\\/\\\/secure.gravatar.com\\\/avatar\\\/392b4cc8fbfeb00b39dfeeab4ee6edded39ffd48e25858637e4765810300227e?s=96&d=mm&r=g\",\"url\":\"https:\\\/\\\/secure.gravatar.com\\\/avatar\\\/392b4cc8fbfeb00b39dfeeab4ee6edded39ffd48e25858637e4765810300227e?s=96&d=mm&r=g\",\"contentUrl\":\"https:\\\/\\\/secure.gravatar.com\\\/avatar\\\/392b4cc8fbfeb00b39dfeeab4ee6edded39ffd48e25858637e4765810300227e?s=96&d=mm&r=g\",\"caption\":\"Developer\"},\"url\":\"https:\\\/\\\/qtmm.org\\\/qt\\\/author\\\/Developer\\\/\"}]}<\/script>\n<!-- \/ Yoast SEO plugin. -->","yoast_head_json":{"title":"Aprel 16 k\u00fcn\u00fc Aqmescitte belli q\u0131r\u0131mtatar \u015fairi E\u015fref \u015eemi-zadeni\u00f1 \u00f6m\u00fcr arqada\u015f\u0131 - Saide Ali-q\u0131z\u0131 Bodaninskaya defn etildi - \u041c\u0435\u0434\u0436\u043b\u0456\u0441","robots":{"index":"index","follow":"follow","max-snippet":"max-snippet:-1","max-image-preview":"max-image-preview:large","max-video-preview":"max-video-preview:-1"},"canonical":"https:\/\/qtmm.org\/qt\/aprel-16-kunu-aqmescitte-belli-qirimtatar-sairi-esref-semi-zadenin-omur-arqadasi-saide-ali-qizi-bodaninskaya-defn-etildi\/","og_locale":"en_US","og_type":"article","og_title":"Aprel 16 k\u00fcn\u00fc Aqmescitte belli q\u0131r\u0131mtatar \u015fairi E\u015fref \u015eemi-zadeni\u00f1 \u00f6m\u00fcr arqada\u015f\u0131 - Saide Ali-q\u0131z\u0131 Bodaninskaya defn etildi - \u041c\u0435\u0434\u0436\u043b\u0456\u0441","og_description":"Merhume Moskvadan Q\u0131r\u0131m\u011fa aprel 16-\u011fa ke\u00e7er gecesi ketirilip, cenazesi &#8220;Abdal&#8221; mezarl\u0131\u011f\u0131nda q\u0131l\u0131nd\u0131. Cenaze merasimini Saide han\u0131mn\u0131\u00f1 o\u011flu Ayd\u0131n \u015eemi-zade ve Q\u0131r\u0131m musulmanlar\u0131n\u0131\u00f1 m\u00fcftiligi te\u015fkil\u00e2tland\u0131rd\u0131lar. B\u00f6yleliknen, \u00f6m\u00fcrini\u00f1 b\u00fcy\u00fck bir q\u0131sm\u0131n\u0131 Vatantan t\u0131\u015fta ke\u00e7irgen Saide han\u0131m do\u011f\u011fan topra\u011f\u0131nda defn etilmek vasiyeti yerine ketirildi. Cenaze merasiminde Milliy Meclis ve q\u0131r\u0131mtatar cemaat\u00e7\u0131l\u0131\u011f\u0131n\u0131\u00f1 vekilleri i\u015ftirak ettiler. Saide Ali q\u0131z\u0131 Bodaninskaya [&hellip;]","og_url":"https:\/\/qtmm.org\/qt\/aprel-16-kunu-aqmescitte-belli-qirimtatar-sairi-esref-semi-zadenin-omur-arqadasi-saide-ali-qizi-bodaninskaya-defn-etildi\/","og_site_name":"\u041c\u0435\u0434\u0436\u043b\u0456\u0441","article_publisher":"https:\/\/www.facebook.com\/qtmm.info\/","article_published_time":"2013-04-16T15:39:00+00:00","article_modified_time":"2022-01-23T15:41:56+00:00","og_image":[{"width":640,"height":480,"url":"https:\/\/qtmm.org\/wp-content\/uploads\/2022\/01\/5172f5ee0ca26.jpeg","type":"image\/jpeg"}],"author":"Developer","twitter_card":"summary_large_image","twitter_misc":{"Written by":"Developer","Est. reading time":"3 minutes"},"schema":{"@context":"https:\/\/schema.org","@graph":[{"@type":"Article","@id":"https:\/\/qtmm.org\/qt\/aprel-16-kunu-aqmescitte-belli-qirimtatar-sairi-esref-semi-zadenin-omur-arqadasi-saide-ali-qizi-bodaninskaya-defn-etildi\/#article","isPartOf":{"@id":"https:\/\/qtmm.org\/qt\/aprel-16-kunu-aqmescitte-belli-qirimtatar-sairi-esref-semi-zadenin-omur-arqadasi-saide-ali-qizi-bodaninskaya-defn-etildi\/"},"author":{"name":"Developer","@id":"https:\/\/qtmm.org\/qt\/#\/schema\/person\/de562469f971dec226ac06e60bbf74a7"},"headline":"Aprel 16 k\u00fcn\u00fc Aqmescitte belli q\u0131r\u0131mtatar \u015fairi E\u015fref \u015eemi-zadeni\u00f1 \u00f6m\u00fcr arqada\u015f\u0131 &#8211; Saide Ali-q\u0131z\u0131 Bodaninskaya defn etildi","datePublished":"2013-04-16T15:39:00+00:00","dateModified":"2022-01-23T15:41:56+00:00","mainEntityOfPage":{"@id":"https:\/\/qtmm.org\/qt\/aprel-16-kunu-aqmescitte-belli-qirimtatar-sairi-esref-semi-zadenin-omur-arqadasi-saide-ali-qizi-bodaninskaya-defn-etildi\/"},"wordCount":716,"commentCount":0,"publisher":{"@id":"https:\/\/qtmm.org\/qt\/#organization"},"image":{"@id":"https:\/\/qtmm.org\/qt\/aprel-16-kunu-aqmescitte-belli-qirimtatar-sairi-esref-semi-zadenin-omur-arqadasi-saide-ali-qizi-bodaninskaya-defn-etildi\/#primaryimage"},"thumbnailUrl":"https:\/\/qtmm.org\/wp-content\/uploads\/2022\/01\/5172f5ee0ca26.jpeg","articleSection":["Haberler"],"inLanguage":"qt","potentialAction":[{"@type":"CommentAction","name":"Comment","target":["https:\/\/qtmm.org\/qt\/aprel-16-kunu-aqmescitte-belli-qirimtatar-sairi-esref-semi-zadenin-omur-arqadasi-saide-ali-qizi-bodaninskaya-defn-etildi\/#respond"]}]},{"@type":"WebPage","@id":"https:\/\/qtmm.org\/qt\/aprel-16-kunu-aqmescitte-belli-qirimtatar-sairi-esref-semi-zadenin-omur-arqadasi-saide-ali-qizi-bodaninskaya-defn-etildi\/","url":"https:\/\/qtmm.org\/qt\/aprel-16-kunu-aqmescitte-belli-qirimtatar-sairi-esref-semi-zadenin-omur-arqadasi-saide-ali-qizi-bodaninskaya-defn-etildi\/","name":"Aprel 16 k\u00fcn\u00fc Aqmescitte belli q\u0131r\u0131mtatar \u015fairi E\u015fref \u015eemi-zadeni\u00f1 \u00f6m\u00fcr arqada\u015f\u0131 - Saide Ali-q\u0131z\u0131 Bodaninskaya defn etildi - \u041c\u0435\u0434\u0436\u043b\u0456\u0441","isPartOf":{"@id":"https:\/\/qtmm.org\/qt\/#website"},"primaryImageOfPage":{"@id":"https:\/\/qtmm.org\/qt\/aprel-16-kunu-aqmescitte-belli-qirimtatar-sairi-esref-semi-zadenin-omur-arqadasi-saide-ali-qizi-bodaninskaya-defn-etildi\/#primaryimage"},"image":{"@id":"https:\/\/qtmm.org\/qt\/aprel-16-kunu-aqmescitte-belli-qirimtatar-sairi-esref-semi-zadenin-omur-arqadasi-saide-ali-qizi-bodaninskaya-defn-etildi\/#primaryimage"},"thumbnailUrl":"https:\/\/qtmm.org\/wp-content\/uploads\/2022\/01\/5172f5ee0ca26.jpeg","datePublished":"2013-04-16T15:39:00+00:00","dateModified":"2022-01-23T15:41:56+00:00","breadcrumb":{"@id":"https:\/\/qtmm.org\/qt\/aprel-16-kunu-aqmescitte-belli-qirimtatar-sairi-esref-semi-zadenin-omur-arqadasi-saide-ali-qizi-bodaninskaya-defn-etildi\/#breadcrumb"},"inLanguage":"qt","potentialAction":[{"@type":"ReadAction","target":["https:\/\/qtmm.org\/qt\/aprel-16-kunu-aqmescitte-belli-qirimtatar-sairi-esref-semi-zadenin-omur-arqadasi-saide-ali-qizi-bodaninskaya-defn-etildi\/"]}]},{"@type":"ImageObject","inLanguage":"qt","@id":"https:\/\/qtmm.org\/qt\/aprel-16-kunu-aqmescitte-belli-qirimtatar-sairi-esref-semi-zadenin-omur-arqadasi-saide-ali-qizi-bodaninskaya-defn-etildi\/#primaryimage","url":"https:\/\/qtmm.org\/wp-content\/uploads\/2022\/01\/5172f5ee0ca26.jpeg","contentUrl":"https:\/\/qtmm.org\/wp-content\/uploads\/2022\/01\/5172f5ee0ca26.jpeg","width":640,"height":480},{"@type":"BreadcrumbList","@id":"https:\/\/qtmm.org\/qt\/aprel-16-kunu-aqmescitte-belli-qirimtatar-sairi-esref-semi-zadenin-omur-arqadasi-saide-ali-qizi-bodaninskaya-defn-etildi\/#breadcrumb","itemListElement":[{"@type":"ListItem","position":1,"name":"\u0413\u043e\u043b\u043e\u0432\u043d\u0430","item":"https:\/\/qtmm.org\/qt\/"},{"@type":"ListItem","position":2,"name":"Aprel 16 k\u00fcn\u00fc Aqmescitte belli q\u0131r\u0131mtatar \u015fairi E\u015fref \u015eemi-zadeni\u00f1 \u00f6m\u00fcr arqada\u015f\u0131 &#8211; Saide Ali-q\u0131z\u0131 Bodaninskaya defn etildi"}]},{"@type":"WebSite","@id":"https:\/\/qtmm.org\/qt\/#website","url":"https:\/\/qtmm.org\/qt\/","name":"\u041c\u0435\u0434\u0436\u043b\u0456\u0441","description":"","publisher":{"@id":"https:\/\/qtmm.org\/qt\/#organization"},"potentialAction":[{"@type":"SearchAction","target":{"@type":"EntryPoint","urlTemplate":"https:\/\/qtmm.org\/qt\/?s={search_term_string}"},"query-input":{"@type":"PropertyValueSpecification","valueRequired":true,"valueName":"search_term_string"}}],"inLanguage":"qt"},{"@type":"Organization","@id":"https:\/\/qtmm.org\/qt\/#organization","name":"\u041c\u0435\u0434\u0436\u043b\u0456\u0441","url":"https:\/\/qtmm.org\/qt\/","logo":{"@type":"ImageObject","inLanguage":"qt","@id":"https:\/\/qtmm.org\/qt\/#\/schema\/logo\/image\/","url":"https:\/\/qtmm.org\/wp-content\/uploads\/2024\/12\/ua-mejlis-logo-rgb.svg","contentUrl":"https:\/\/qtmm.org\/wp-content\/uploads\/2024\/12\/ua-mejlis-logo-rgb.svg","caption":"\u041c\u0435\u0434\u0436\u043b\u0456\u0441"},"image":{"@id":"https:\/\/qtmm.org\/qt\/#\/schema\/logo\/image\/"},"sameAs":["https:\/\/www.facebook.com\/qtmm.info\/"]},{"@type":"Person","@id":"https:\/\/qtmm.org\/qt\/#\/schema\/person\/de562469f971dec226ac06e60bbf74a7","name":"Developer","image":{"@type":"ImageObject","inLanguage":"qt","@id":"https:\/\/secure.gravatar.com\/avatar\/392b4cc8fbfeb00b39dfeeab4ee6edded39ffd48e25858637e4765810300227e?s=96&d=mm&r=g","url":"https:\/\/secure.gravatar.com\/avatar\/392b4cc8fbfeb00b39dfeeab4ee6edded39ffd48e25858637e4765810300227e?s=96&d=mm&r=g","contentUrl":"https:\/\/secure.gravatar.com\/avatar\/392b4cc8fbfeb00b39dfeeab4ee6edded39ffd48e25858637e4765810300227e?s=96&d=mm&r=g","caption":"Developer"},"url":"https:\/\/qtmm.org\/qt\/author\/Developer\/"}]}},"_links":{"self":[{"href":"https:\/\/qtmm.org\/qt\/wp-json\/wp\/v2\/posts\/36497","targetHints":{"allow":["GET"]}}],"collection":[{"href":"https:\/\/qtmm.org\/qt\/wp-json\/wp\/v2\/posts"}],"about":[{"href":"https:\/\/qtmm.org\/qt\/wp-json\/wp\/v2\/types\/post"}],"author":[{"embeddable":true,"href":"https:\/\/qtmm.org\/qt\/wp-json\/wp\/v2\/users\/1"}],"replies":[{"embeddable":true,"href":"https:\/\/qtmm.org\/qt\/wp-json\/wp\/v2\/comments?post=36497"}],"version-history":[{"count":1,"href":"https:\/\/qtmm.org\/qt\/wp-json\/wp\/v2\/posts\/36497\/revisions"}],"predecessor-version":[{"id":36614,"href":"https:\/\/qtmm.org\/qt\/wp-json\/wp\/v2\/posts\/36497\/revisions\/36614"}],"wp:featuredmedia":[{"embeddable":true,"href":"https:\/\/qtmm.org\/qt\/wp-json\/wp\/v2\/media\/36498"}],"wp:attachment":[{"href":"https:\/\/qtmm.org\/qt\/wp-json\/wp\/v2\/media?parent=36497"}],"wp:term":[{"taxonomy":"category","embeddable":true,"href":"https:\/\/qtmm.org\/qt\/wp-json\/wp\/v2\/categories?post=36497"},{"taxonomy":"post_tag","embeddable":true,"href":"https:\/\/qtmm.org\/qt\/wp-json\/wp\/v2\/tags?post=36497"}],"curies":[{"name":"wp","href":"https:\/\/api.w.org\/{rel}","templated":true}]}}