




{"id":36479,"date":"2013-04-16T18:37:00","date_gmt":"2013-04-16T15:37:00","guid":{"rendered":"http:\/\/qtmm.org\/?p=36479"},"modified":"2022-01-23T18:38:54","modified_gmt":"2022-01-23T15:38:54","slug":"sudaq-saylav-dairesinden-6-nci-cagirilis-qurultay-delegatligina-namzetlerge-saylavda-istirak-etmek-icun-seadetnameler-berildi","status":"publish","type":"post","link":"https:\/\/qtmm.org\/qt\/sudaq-saylav-dairesinden-6-nci-cagirilis-qurultay-delegatligina-namzetlerge-saylavda-istirak-etmek-icun-seadetnameler-berildi\/","title":{"rendered":"Sudaq saylav dairesinden 6-nc\u0131 \u00e7a\u011f\u0131r\u0131l\u0131\u015f Qurultay delegatl\u0131\u011f\u0131na namzetlerge saylavda i\u015ftirak etmek i\u00e7\u00fcn \u015feadetnameler berildi"},"content":{"rendered":"\n<p>Aprel 16 k\u00fcn\u00fc Qurultay delegatlar\u0131n\u0131 saylav boyunca 39-nc\u0131 Sudaq saylav komissiyas\u0131 cedvelge al\u0131n\u011fan 15 namzetke \u015feadetnamelerni berdi.<\/p>\n\n\n\n<p>Bu aqta Qurultay\u011fa saylavlar boyunca Merkeziy saylav komissiyas\u0131n\u0131\u00f1 matbuat h\u0131zmeti bildirdi.<\/p>\n\n\n\n<p>\u015eeadetnamelerni Merkeziy saylav komissiyan\u0131\u00f1 reisi Zair Smedl\u00e2yev ve Sudaq daire komissiyas\u0131n\u0131\u00f1 ba\u015f\u0131 Dil\u00e2ver Kuruk\u00e7i berdiler.<\/p>\n\n\n\n<figure class=\"wp-block-image size-full\"><img loading=\"lazy\" decoding=\"async\" width=\"700\" height=\"525\" src=\"http:\/\/qtmm.org\/wp-content\/uploads\/2022\/01\/foto0580.jpeg\" alt=\"\" class=\"wp-image-36484\" srcset=\"https:\/\/qtmm.org\/wp-content\/uploads\/2022\/01\/foto0580.jpeg 700w, https:\/\/qtmm.org\/wp-content\/uploads\/2022\/01\/foto0580-300x225.jpeg 300w\" sizes=\"auto, (max-width: 700px) 100vw, 700px\" \/><\/figure>\n\n\n\n<p>Topla\u015fuv protokol\u0131na k\u00f6re Sudaq daire komissiyas\u0131 &#8220;\u00c7oqmandatl\u0131 majoritar saylav dairesi boyunca delegatl\u0131qqa namzetlerni cedvelge aluv&#8221; aqq\u0131nda qarar qabul etip, a\u015fa\u011f\u0131daki \u015fah\u0131slarn\u0131 delegatl\u0131qqa namzet olaraq qayd etti:<\/p>\n\n\n\n<figure class=\"wp-block-image size-full\"><img loading=\"lazy\" decoding=\"async\" width=\"700\" height=\"525\" src=\"http:\/\/qtmm.org\/wp-content\/uploads\/2022\/01\/foto0583.jpeg\" alt=\"\" class=\"wp-image-36488\" srcset=\"https:\/\/qtmm.org\/wp-content\/uploads\/2022\/01\/foto0583.jpeg 700w, https:\/\/qtmm.org\/wp-content\/uploads\/2022\/01\/foto0583-300x225.jpeg 300w\" sizes=\"auto, (max-width: 700px) 100vw, 700px\" \/><\/figure>\n\n\n\n<p>1. Aqseitov Refat \u2013 &#8220;K\u00fcre\u015f&#8221; federatsiyas\u0131<\/p>\n\n\n\n<p>2. \u00dcseinov Rustem \u2013 emekli<\/p>\n\n\n\n<p>3. Mennanov Sadredin \u2013 &#8220;K\u00fcre\u015f&#8221; federatsiyas\u0131<\/p>\n\n\n\n<p>4. Emiraliyev Ruslan \u2013 Sudaq \u015feer icrakom\u0131 milletlerara munasebetler boyunca b\u00f6l\u00fck m\u00fcdiri, Q\u0131r\u0131mtatar ya\u015flar merkezini\u00f1 azas\u0131<\/p>\n\n\n\n<p>5. Moskovskiy Tal\u00e2t \u2013 &#8220;K\u00fcre\u015f&#8221; federatsiyas\u0131<\/p>\n\n\n\n<p>6. Nazarov Tair \u2013 Sudaq \u015feer \u015furas\u0131n\u0131\u00f1 deputat\u0131, &#8220;K\u00fcre\u015f&#8221; federatsiyas\u0131<\/p>\n\n\n\n<p>7. Saliyev \u0130smet \u2013 &#8220;K\u00fcre\u015f&#8221; federatsiyas\u0131<\/p>\n\n\n\n<p>8. Abduramanov Seit-\u0130smal \u2013 i\u015f adam\u0131<\/p>\n\n\n\n<p>9. Muhtarov Dil\u00e2ver \u2013 i\u015f adam\u0131<\/p>\n\n\n\n<p>10. M\u00fcslimova Ediye \u2013 &#8220;Tezis&#8221; ne\u015friyat\u0131n\u0131\u00f1 direktor\u0131, &#8220;Arman\u00e7\u0131q&#8221; balalar mecmuas\u0131n\u0131\u00f1 muarriri<\/p>\n\n\n\n<p>11. Osmanov Veli \u2013 Qutlaq k\u00f6y\u00fc meclisini\u00f1 reisi<\/p>\n\n\n\n<p>12. Drogaleva Anife \u2013 oca, Q\u0131r\u0131mtatar qad\u0131nlar birle\u015fmesini\u00f1 Sudaq boyunca azas\u0131<\/p>\n\n\n\n<p>13. Seitcalilova Feride \u2013 Sudaq \u015feerindeki 3-nci milliy mektep direktor\u0131<\/p>\n\n\n\n<p>14. Ametov \u0130lver \u2013 Sudaq regional meclisni\u00f1 reisi<\/p>\n\n\n\n<p>15. G\u00f6cenov Refat \u2013 emekli<\/p>\n\n\n\n<figure class=\"wp-block-image size-full\"><img loading=\"lazy\" decoding=\"async\" width=\"700\" height=\"525\" src=\"http:\/\/qtmm.org\/wp-content\/uploads\/2022\/01\/foto0592.jpeg\" alt=\"\" class=\"wp-image-36492\" srcset=\"https:\/\/qtmm.org\/wp-content\/uploads\/2022\/01\/foto0592.jpeg 700w, https:\/\/qtmm.org\/wp-content\/uploads\/2022\/01\/foto0592-300x225.jpeg 300w\" sizes=\"auto, (max-width: 700px) 100vw, 700px\" \/><\/figure>\n","protected":false},"excerpt":{"rendered":"<p>Aprel 16 k\u00fcn\u00fc Qurultay delegatlar\u0131n\u0131 saylav boyunca 39-nc\u0131 Sudaq saylav komissiyas\u0131 cedvelge al\u0131n\u011fan 15 namzetke \u015feadetnamelerni berdi. Bu aqta Qurultay\u011fa saylavlar boyunca Merkeziy saylav komissiyas\u0131n\u0131\u00f1 matbuat h\u0131zmeti bildirdi. \u015eeadetnamelerni Merkeziy saylav komissiyan\u0131\u00f1 reisi Zair Smedl\u00e2yev ve Sudaq daire komissiyas\u0131n\u0131\u00f1 ba\u015f\u0131 Dil\u00e2ver Kuruk\u00e7i berdiler. Topla\u015fuv protokol\u0131na k\u00f6re Sudaq daire komissiyas\u0131 &#8220;\u00c7oqmandatl\u0131 majoritar saylav dairesi boyunca delegatl\u0131qqa [&hellip;]<\/p>\n","protected":false},"author":1,"featured_media":36480,"comment_status":"open","ping_status":"open","sticky":false,"template":"","format":"standard","meta":{"inline_featured_image":false,"footnotes":""},"categories":[265],"tags":[],"class_list":["post-36479","post","type-post","status-publish","format-standard","has-post-thumbnail","hentry","category-haberler"],"acf":[],"yoast_head":"<!-- This site is optimized with the Yoast SEO plugin v27.4 - https:\/\/yoast.com\/product\/yoast-seo-wordpress\/ -->\n<title>Sudaq saylav dairesinden 6-nc\u0131 \u00e7a\u011f\u0131r\u0131l\u0131\u015f Qurultay delegatl\u0131\u011f\u0131na namzetlerge saylavda i\u015ftirak etmek i\u00e7\u00fcn \u015feadetnameler berildi - \u041c\u0435\u0434\u0436\u043b\u0456\u0441<\/title>\n<meta name=\"robots\" content=\"index, follow, max-snippet:-1, max-image-preview:large, max-video-preview:-1\" \/>\n<link rel=\"canonical\" href=\"https:\/\/qtmm.org\/qt\/sudaq-saylav-dairesinden-6-nci-cagirilis-qurultay-delegatligina-namzetlerge-saylavda-istirak-etmek-icun-seadetnameler-berildi\/\" \/>\n<meta property=\"og:locale\" content=\"en_US\" \/>\n<meta property=\"og:type\" content=\"article\" \/>\n<meta property=\"og:title\" content=\"Sudaq saylav dairesinden 6-nc\u0131 \u00e7a\u011f\u0131r\u0131l\u0131\u015f Qurultay delegatl\u0131\u011f\u0131na namzetlerge saylavda i\u015ftirak etmek i\u00e7\u00fcn \u015feadetnameler berildi - \u041c\u0435\u0434\u0436\u043b\u0456\u0441\" \/>\n<meta property=\"og:description\" content=\"Aprel 16 k\u00fcn\u00fc Qurultay delegatlar\u0131n\u0131 saylav boyunca 39-nc\u0131 Sudaq saylav komissiyas\u0131 cedvelge al\u0131n\u011fan 15 namzetke \u015feadetnamelerni berdi. Bu aqta Qurultay\u011fa saylavlar boyunca Merkeziy saylav komissiyas\u0131n\u0131\u00f1 matbuat h\u0131zmeti bildirdi. \u015eeadetnamelerni Merkeziy saylav komissiyan\u0131\u00f1 reisi Zair Smedl\u00e2yev ve Sudaq daire komissiyas\u0131n\u0131\u00f1 ba\u015f\u0131 Dil\u00e2ver Kuruk\u00e7i berdiler. Topla\u015fuv protokol\u0131na k\u00f6re Sudaq daire komissiyas\u0131 &#8220;\u00c7oqmandatl\u0131 majoritar saylav dairesi boyunca delegatl\u0131qqa [&hellip;]\" \/>\n<meta property=\"og:url\" content=\"https:\/\/qtmm.org\/qt\/sudaq-saylav-dairesinden-6-nci-cagirilis-qurultay-delegatligina-namzetlerge-saylavda-istirak-etmek-icun-seadetnameler-berildi\/\" \/>\n<meta property=\"og:site_name\" content=\"\u041c\u0435\u0434\u0436\u043b\u0456\u0441\" \/>\n<meta property=\"article:publisher\" content=\"https:\/\/www.facebook.com\/qtmm.info\/\" \/>\n<meta property=\"article:published_time\" content=\"2013-04-16T15:37:00+00:00\" \/>\n<meta property=\"article:modified_time\" content=\"2022-01-23T15:38:54+00:00\" \/>\n<meta property=\"og:image\" content=\"https:\/\/qtmm.org\/wp-content\/uploads\/2022\/01\/foto0578.jpeg\" \/>\n\t<meta property=\"og:image:width\" content=\"700\" \/>\n\t<meta property=\"og:image:height\" content=\"525\" \/>\n\t<meta property=\"og:image:type\" content=\"image\/jpeg\" \/>\n<meta name=\"author\" content=\"Developer\" \/>\n<meta name=\"twitter:card\" content=\"summary_large_image\" \/>\n<meta name=\"twitter:label1\" content=\"Written by\" \/>\n\t<meta name=\"twitter:data1\" content=\"Developer\" \/>\n\t<meta name=\"twitter:label2\" content=\"Est. reading time\" \/>\n\t<meta name=\"twitter:data2\" content=\"1 minute\" \/>\n<script type=\"application\/ld+json\" class=\"yoast-schema-graph\">{\"@context\":\"https:\\\/\\\/schema.org\",\"@graph\":[{\"@type\":\"Article\",\"@id\":\"https:\\\/\\\/qtmm.org\\\/qt\\\/sudaq-saylav-dairesinden-6-nci-cagirilis-qurultay-delegatligina-namzetlerge-saylavda-istirak-etmek-icun-seadetnameler-berildi\\\/#article\",\"isPartOf\":{\"@id\":\"https:\\\/\\\/qtmm.org\\\/qt\\\/sudaq-saylav-dairesinden-6-nci-cagirilis-qurultay-delegatligina-namzetlerge-saylavda-istirak-etmek-icun-seadetnameler-berildi\\\/\"},\"author\":{\"name\":\"Developer\",\"@id\":\"https:\\\/\\\/qtmm.org\\\/qt\\\/#\\\/schema\\\/person\\\/de562469f971dec226ac06e60bbf74a7\"},\"headline\":\"Sudaq saylav dairesinden 6-nc\u0131 \u00e7a\u011f\u0131r\u0131l\u0131\u015f Qurultay delegatl\u0131\u011f\u0131na namzetlerge saylavda i\u015ftirak etmek i\u00e7\u00fcn \u015feadetnameler berildi\",\"datePublished\":\"2013-04-16T15:37:00+00:00\",\"dateModified\":\"2022-01-23T15:38:54+00:00\",\"mainEntityOfPage\":{\"@id\":\"https:\\\/\\\/qtmm.org\\\/qt\\\/sudaq-saylav-dairesinden-6-nci-cagirilis-qurultay-delegatligina-namzetlerge-saylavda-istirak-etmek-icun-seadetnameler-berildi\\\/\"},\"wordCount\":222,\"commentCount\":0,\"publisher\":{\"@id\":\"https:\\\/\\\/qtmm.org\\\/qt\\\/#organization\"},\"image\":{\"@id\":\"https:\\\/\\\/qtmm.org\\\/qt\\\/sudaq-saylav-dairesinden-6-nci-cagirilis-qurultay-delegatligina-namzetlerge-saylavda-istirak-etmek-icun-seadetnameler-berildi\\\/#primaryimage\"},\"thumbnailUrl\":\"https:\\\/\\\/qtmm.org\\\/wp-content\\\/uploads\\\/2022\\\/01\\\/foto0578.jpeg\",\"articleSection\":[\"Haberler\"],\"inLanguage\":\"qt\",\"potentialAction\":[{\"@type\":\"CommentAction\",\"name\":\"Comment\",\"target\":[\"https:\\\/\\\/qtmm.org\\\/qt\\\/sudaq-saylav-dairesinden-6-nci-cagirilis-qurultay-delegatligina-namzetlerge-saylavda-istirak-etmek-icun-seadetnameler-berildi\\\/#respond\"]}]},{\"@type\":\"WebPage\",\"@id\":\"https:\\\/\\\/qtmm.org\\\/qt\\\/sudaq-saylav-dairesinden-6-nci-cagirilis-qurultay-delegatligina-namzetlerge-saylavda-istirak-etmek-icun-seadetnameler-berildi\\\/\",\"url\":\"https:\\\/\\\/qtmm.org\\\/qt\\\/sudaq-saylav-dairesinden-6-nci-cagirilis-qurultay-delegatligina-namzetlerge-saylavda-istirak-etmek-icun-seadetnameler-berildi\\\/\",\"name\":\"Sudaq saylav dairesinden 6-nc\u0131 \u00e7a\u011f\u0131r\u0131l\u0131\u015f Qurultay delegatl\u0131\u011f\u0131na namzetlerge saylavda i\u015ftirak etmek i\u00e7\u00fcn \u015feadetnameler berildi - \u041c\u0435\u0434\u0436\u043b\u0456\u0441\",\"isPartOf\":{\"@id\":\"https:\\\/\\\/qtmm.org\\\/qt\\\/#website\"},\"primaryImageOfPage\":{\"@id\":\"https:\\\/\\\/qtmm.org\\\/qt\\\/sudaq-saylav-dairesinden-6-nci-cagirilis-qurultay-delegatligina-namzetlerge-saylavda-istirak-etmek-icun-seadetnameler-berildi\\\/#primaryimage\"},\"image\":{\"@id\":\"https:\\\/\\\/qtmm.org\\\/qt\\\/sudaq-saylav-dairesinden-6-nci-cagirilis-qurultay-delegatligina-namzetlerge-saylavda-istirak-etmek-icun-seadetnameler-berildi\\\/#primaryimage\"},\"thumbnailUrl\":\"https:\\\/\\\/qtmm.org\\\/wp-content\\\/uploads\\\/2022\\\/01\\\/foto0578.jpeg\",\"datePublished\":\"2013-04-16T15:37:00+00:00\",\"dateModified\":\"2022-01-23T15:38:54+00:00\",\"breadcrumb\":{\"@id\":\"https:\\\/\\\/qtmm.org\\\/qt\\\/sudaq-saylav-dairesinden-6-nci-cagirilis-qurultay-delegatligina-namzetlerge-saylavda-istirak-etmek-icun-seadetnameler-berildi\\\/#breadcrumb\"},\"inLanguage\":\"qt\",\"potentialAction\":[{\"@type\":\"ReadAction\",\"target\":[\"https:\\\/\\\/qtmm.org\\\/qt\\\/sudaq-saylav-dairesinden-6-nci-cagirilis-qurultay-delegatligina-namzetlerge-saylavda-istirak-etmek-icun-seadetnameler-berildi\\\/\"]}]},{\"@type\":\"ImageObject\",\"inLanguage\":\"qt\",\"@id\":\"https:\\\/\\\/qtmm.org\\\/qt\\\/sudaq-saylav-dairesinden-6-nci-cagirilis-qurultay-delegatligina-namzetlerge-saylavda-istirak-etmek-icun-seadetnameler-berildi\\\/#primaryimage\",\"url\":\"https:\\\/\\\/qtmm.org\\\/wp-content\\\/uploads\\\/2022\\\/01\\\/foto0578.jpeg\",\"contentUrl\":\"https:\\\/\\\/qtmm.org\\\/wp-content\\\/uploads\\\/2022\\\/01\\\/foto0578.jpeg\",\"width\":700,\"height\":525},{\"@type\":\"BreadcrumbList\",\"@id\":\"https:\\\/\\\/qtmm.org\\\/qt\\\/sudaq-saylav-dairesinden-6-nci-cagirilis-qurultay-delegatligina-namzetlerge-saylavda-istirak-etmek-icun-seadetnameler-berildi\\\/#breadcrumb\",\"itemListElement\":[{\"@type\":\"ListItem\",\"position\":1,\"name\":\"\u0413\u043e\u043b\u043e\u0432\u043d\u0430\",\"item\":\"https:\\\/\\\/qtmm.org\\\/qt\\\/\"},{\"@type\":\"ListItem\",\"position\":2,\"name\":\"Sudaq saylav dairesinden 6-nc\u0131 \u00e7a\u011f\u0131r\u0131l\u0131\u015f Qurultay delegatl\u0131\u011f\u0131na namzetlerge saylavda i\u015ftirak etmek i\u00e7\u00fcn \u015feadetnameler berildi\"}]},{\"@type\":\"WebSite\",\"@id\":\"https:\\\/\\\/qtmm.org\\\/qt\\\/#website\",\"url\":\"https:\\\/\\\/qtmm.org\\\/qt\\\/\",\"name\":\"\u041c\u0435\u0434\u0436\u043b\u0456\u0441\",\"description\":\"\",\"publisher\":{\"@id\":\"https:\\\/\\\/qtmm.org\\\/qt\\\/#organization\"},\"potentialAction\":[{\"@type\":\"SearchAction\",\"target\":{\"@type\":\"EntryPoint\",\"urlTemplate\":\"https:\\\/\\\/qtmm.org\\\/qt\\\/?s={search_term_string}\"},\"query-input\":{\"@type\":\"PropertyValueSpecification\",\"valueRequired\":true,\"valueName\":\"search_term_string\"}}],\"inLanguage\":\"qt\"},{\"@type\":\"Organization\",\"@id\":\"https:\\\/\\\/qtmm.org\\\/qt\\\/#organization\",\"name\":\"\u041c\u0435\u0434\u0436\u043b\u0456\u0441\",\"url\":\"https:\\\/\\\/qtmm.org\\\/qt\\\/\",\"logo\":{\"@type\":\"ImageObject\",\"inLanguage\":\"qt\",\"@id\":\"https:\\\/\\\/qtmm.org\\\/qt\\\/#\\\/schema\\\/logo\\\/image\\\/\",\"url\":\"https:\\\/\\\/qtmm.org\\\/wp-content\\\/uploads\\\/2024\\\/12\\\/ua-mejlis-logo-rgb.svg\",\"contentUrl\":\"https:\\\/\\\/qtmm.org\\\/wp-content\\\/uploads\\\/2024\\\/12\\\/ua-mejlis-logo-rgb.svg\",\"caption\":\"\u041c\u0435\u0434\u0436\u043b\u0456\u0441\"},\"image\":{\"@id\":\"https:\\\/\\\/qtmm.org\\\/qt\\\/#\\\/schema\\\/logo\\\/image\\\/\"},\"sameAs\":[\"https:\\\/\\\/www.facebook.com\\\/qtmm.info\\\/\"]},{\"@type\":\"Person\",\"@id\":\"https:\\\/\\\/qtmm.org\\\/qt\\\/#\\\/schema\\\/person\\\/de562469f971dec226ac06e60bbf74a7\",\"name\":\"Developer\",\"image\":{\"@type\":\"ImageObject\",\"inLanguage\":\"qt\",\"@id\":\"https:\\\/\\\/secure.gravatar.com\\\/avatar\\\/392b4cc8fbfeb00b39dfeeab4ee6edded39ffd48e25858637e4765810300227e?s=96&d=mm&r=g\",\"url\":\"https:\\\/\\\/secure.gravatar.com\\\/avatar\\\/392b4cc8fbfeb00b39dfeeab4ee6edded39ffd48e25858637e4765810300227e?s=96&d=mm&r=g\",\"contentUrl\":\"https:\\\/\\\/secure.gravatar.com\\\/avatar\\\/392b4cc8fbfeb00b39dfeeab4ee6edded39ffd48e25858637e4765810300227e?s=96&d=mm&r=g\",\"caption\":\"Developer\"},\"url\":\"https:\\\/\\\/qtmm.org\\\/qt\\\/author\\\/Developer\\\/\"}]}<\/script>\n<!-- \/ Yoast SEO plugin. -->","yoast_head_json":{"title":"Sudaq saylav dairesinden 6-nc\u0131 \u00e7a\u011f\u0131r\u0131l\u0131\u015f Qurultay delegatl\u0131\u011f\u0131na namzetlerge saylavda i\u015ftirak etmek i\u00e7\u00fcn \u015feadetnameler berildi - \u041c\u0435\u0434\u0436\u043b\u0456\u0441","robots":{"index":"index","follow":"follow","max-snippet":"max-snippet:-1","max-image-preview":"max-image-preview:large","max-video-preview":"max-video-preview:-1"},"canonical":"https:\/\/qtmm.org\/qt\/sudaq-saylav-dairesinden-6-nci-cagirilis-qurultay-delegatligina-namzetlerge-saylavda-istirak-etmek-icun-seadetnameler-berildi\/","og_locale":"en_US","og_type":"article","og_title":"Sudaq saylav dairesinden 6-nc\u0131 \u00e7a\u011f\u0131r\u0131l\u0131\u015f Qurultay delegatl\u0131\u011f\u0131na namzetlerge saylavda i\u015ftirak etmek i\u00e7\u00fcn \u015feadetnameler berildi - \u041c\u0435\u0434\u0436\u043b\u0456\u0441","og_description":"Aprel 16 k\u00fcn\u00fc Qurultay delegatlar\u0131n\u0131 saylav boyunca 39-nc\u0131 Sudaq saylav komissiyas\u0131 cedvelge al\u0131n\u011fan 15 namzetke \u015feadetnamelerni berdi. Bu aqta Qurultay\u011fa saylavlar boyunca Merkeziy saylav komissiyas\u0131n\u0131\u00f1 matbuat h\u0131zmeti bildirdi. \u015eeadetnamelerni Merkeziy saylav komissiyan\u0131\u00f1 reisi Zair Smedl\u00e2yev ve Sudaq daire komissiyas\u0131n\u0131\u00f1 ba\u015f\u0131 Dil\u00e2ver Kuruk\u00e7i berdiler. Topla\u015fuv protokol\u0131na k\u00f6re Sudaq daire komissiyas\u0131 &#8220;\u00c7oqmandatl\u0131 majoritar saylav dairesi boyunca delegatl\u0131qqa [&hellip;]","og_url":"https:\/\/qtmm.org\/qt\/sudaq-saylav-dairesinden-6-nci-cagirilis-qurultay-delegatligina-namzetlerge-saylavda-istirak-etmek-icun-seadetnameler-berildi\/","og_site_name":"\u041c\u0435\u0434\u0436\u043b\u0456\u0441","article_publisher":"https:\/\/www.facebook.com\/qtmm.info\/","article_published_time":"2013-04-16T15:37:00+00:00","article_modified_time":"2022-01-23T15:38:54+00:00","og_image":[{"width":700,"height":525,"url":"https:\/\/qtmm.org\/wp-content\/uploads\/2022\/01\/foto0578.jpeg","type":"image\/jpeg"}],"author":"Developer","twitter_card":"summary_large_image","twitter_misc":{"Written by":"Developer","Est. reading time":"1 minute"},"schema":{"@context":"https:\/\/schema.org","@graph":[{"@type":"Article","@id":"https:\/\/qtmm.org\/qt\/sudaq-saylav-dairesinden-6-nci-cagirilis-qurultay-delegatligina-namzetlerge-saylavda-istirak-etmek-icun-seadetnameler-berildi\/#article","isPartOf":{"@id":"https:\/\/qtmm.org\/qt\/sudaq-saylav-dairesinden-6-nci-cagirilis-qurultay-delegatligina-namzetlerge-saylavda-istirak-etmek-icun-seadetnameler-berildi\/"},"author":{"name":"Developer","@id":"https:\/\/qtmm.org\/qt\/#\/schema\/person\/de562469f971dec226ac06e60bbf74a7"},"headline":"Sudaq saylav dairesinden 6-nc\u0131 \u00e7a\u011f\u0131r\u0131l\u0131\u015f Qurultay delegatl\u0131\u011f\u0131na namzetlerge saylavda i\u015ftirak etmek i\u00e7\u00fcn \u015feadetnameler berildi","datePublished":"2013-04-16T15:37:00+00:00","dateModified":"2022-01-23T15:38:54+00:00","mainEntityOfPage":{"@id":"https:\/\/qtmm.org\/qt\/sudaq-saylav-dairesinden-6-nci-cagirilis-qurultay-delegatligina-namzetlerge-saylavda-istirak-etmek-icun-seadetnameler-berildi\/"},"wordCount":222,"commentCount":0,"publisher":{"@id":"https:\/\/qtmm.org\/qt\/#organization"},"image":{"@id":"https:\/\/qtmm.org\/qt\/sudaq-saylav-dairesinden-6-nci-cagirilis-qurultay-delegatligina-namzetlerge-saylavda-istirak-etmek-icun-seadetnameler-berildi\/#primaryimage"},"thumbnailUrl":"https:\/\/qtmm.org\/wp-content\/uploads\/2022\/01\/foto0578.jpeg","articleSection":["Haberler"],"inLanguage":"qt","potentialAction":[{"@type":"CommentAction","name":"Comment","target":["https:\/\/qtmm.org\/qt\/sudaq-saylav-dairesinden-6-nci-cagirilis-qurultay-delegatligina-namzetlerge-saylavda-istirak-etmek-icun-seadetnameler-berildi\/#respond"]}]},{"@type":"WebPage","@id":"https:\/\/qtmm.org\/qt\/sudaq-saylav-dairesinden-6-nci-cagirilis-qurultay-delegatligina-namzetlerge-saylavda-istirak-etmek-icun-seadetnameler-berildi\/","url":"https:\/\/qtmm.org\/qt\/sudaq-saylav-dairesinden-6-nci-cagirilis-qurultay-delegatligina-namzetlerge-saylavda-istirak-etmek-icun-seadetnameler-berildi\/","name":"Sudaq saylav dairesinden 6-nc\u0131 \u00e7a\u011f\u0131r\u0131l\u0131\u015f Qurultay delegatl\u0131\u011f\u0131na namzetlerge saylavda i\u015ftirak etmek i\u00e7\u00fcn \u015feadetnameler berildi - \u041c\u0435\u0434\u0436\u043b\u0456\u0441","isPartOf":{"@id":"https:\/\/qtmm.org\/qt\/#website"},"primaryImageOfPage":{"@id":"https:\/\/qtmm.org\/qt\/sudaq-saylav-dairesinden-6-nci-cagirilis-qurultay-delegatligina-namzetlerge-saylavda-istirak-etmek-icun-seadetnameler-berildi\/#primaryimage"},"image":{"@id":"https:\/\/qtmm.org\/qt\/sudaq-saylav-dairesinden-6-nci-cagirilis-qurultay-delegatligina-namzetlerge-saylavda-istirak-etmek-icun-seadetnameler-berildi\/#primaryimage"},"thumbnailUrl":"https:\/\/qtmm.org\/wp-content\/uploads\/2022\/01\/foto0578.jpeg","datePublished":"2013-04-16T15:37:00+00:00","dateModified":"2022-01-23T15:38:54+00:00","breadcrumb":{"@id":"https:\/\/qtmm.org\/qt\/sudaq-saylav-dairesinden-6-nci-cagirilis-qurultay-delegatligina-namzetlerge-saylavda-istirak-etmek-icun-seadetnameler-berildi\/#breadcrumb"},"inLanguage":"qt","potentialAction":[{"@type":"ReadAction","target":["https:\/\/qtmm.org\/qt\/sudaq-saylav-dairesinden-6-nci-cagirilis-qurultay-delegatligina-namzetlerge-saylavda-istirak-etmek-icun-seadetnameler-berildi\/"]}]},{"@type":"ImageObject","inLanguage":"qt","@id":"https:\/\/qtmm.org\/qt\/sudaq-saylav-dairesinden-6-nci-cagirilis-qurultay-delegatligina-namzetlerge-saylavda-istirak-etmek-icun-seadetnameler-berildi\/#primaryimage","url":"https:\/\/qtmm.org\/wp-content\/uploads\/2022\/01\/foto0578.jpeg","contentUrl":"https:\/\/qtmm.org\/wp-content\/uploads\/2022\/01\/foto0578.jpeg","width":700,"height":525},{"@type":"BreadcrumbList","@id":"https:\/\/qtmm.org\/qt\/sudaq-saylav-dairesinden-6-nci-cagirilis-qurultay-delegatligina-namzetlerge-saylavda-istirak-etmek-icun-seadetnameler-berildi\/#breadcrumb","itemListElement":[{"@type":"ListItem","position":1,"name":"\u0413\u043e\u043b\u043e\u0432\u043d\u0430","item":"https:\/\/qtmm.org\/qt\/"},{"@type":"ListItem","position":2,"name":"Sudaq saylav dairesinden 6-nc\u0131 \u00e7a\u011f\u0131r\u0131l\u0131\u015f Qurultay delegatl\u0131\u011f\u0131na namzetlerge saylavda i\u015ftirak etmek i\u00e7\u00fcn \u015feadetnameler berildi"}]},{"@type":"WebSite","@id":"https:\/\/qtmm.org\/qt\/#website","url":"https:\/\/qtmm.org\/qt\/","name":"\u041c\u0435\u0434\u0436\u043b\u0456\u0441","description":"","publisher":{"@id":"https:\/\/qtmm.org\/qt\/#organization"},"potentialAction":[{"@type":"SearchAction","target":{"@type":"EntryPoint","urlTemplate":"https:\/\/qtmm.org\/qt\/?s={search_term_string}"},"query-input":{"@type":"PropertyValueSpecification","valueRequired":true,"valueName":"search_term_string"}}],"inLanguage":"qt"},{"@type":"Organization","@id":"https:\/\/qtmm.org\/qt\/#organization","name":"\u041c\u0435\u0434\u0436\u043b\u0456\u0441","url":"https:\/\/qtmm.org\/qt\/","logo":{"@type":"ImageObject","inLanguage":"qt","@id":"https:\/\/qtmm.org\/qt\/#\/schema\/logo\/image\/","url":"https:\/\/qtmm.org\/wp-content\/uploads\/2024\/12\/ua-mejlis-logo-rgb.svg","contentUrl":"https:\/\/qtmm.org\/wp-content\/uploads\/2024\/12\/ua-mejlis-logo-rgb.svg","caption":"\u041c\u0435\u0434\u0436\u043b\u0456\u0441"},"image":{"@id":"https:\/\/qtmm.org\/qt\/#\/schema\/logo\/image\/"},"sameAs":["https:\/\/www.facebook.com\/qtmm.info\/"]},{"@type":"Person","@id":"https:\/\/qtmm.org\/qt\/#\/schema\/person\/de562469f971dec226ac06e60bbf74a7","name":"Developer","image":{"@type":"ImageObject","inLanguage":"qt","@id":"https:\/\/secure.gravatar.com\/avatar\/392b4cc8fbfeb00b39dfeeab4ee6edded39ffd48e25858637e4765810300227e?s=96&d=mm&r=g","url":"https:\/\/secure.gravatar.com\/avatar\/392b4cc8fbfeb00b39dfeeab4ee6edded39ffd48e25858637e4765810300227e?s=96&d=mm&r=g","contentUrl":"https:\/\/secure.gravatar.com\/avatar\/392b4cc8fbfeb00b39dfeeab4ee6edded39ffd48e25858637e4765810300227e?s=96&d=mm&r=g","caption":"Developer"},"url":"https:\/\/qtmm.org\/qt\/author\/Developer\/"}]}},"_links":{"self":[{"href":"https:\/\/qtmm.org\/qt\/wp-json\/wp\/v2\/posts\/36479","targetHints":{"allow":["GET"]}}],"collection":[{"href":"https:\/\/qtmm.org\/qt\/wp-json\/wp\/v2\/posts"}],"about":[{"href":"https:\/\/qtmm.org\/qt\/wp-json\/wp\/v2\/types\/post"}],"author":[{"embeddable":true,"href":"https:\/\/qtmm.org\/qt\/wp-json\/wp\/v2\/users\/1"}],"replies":[{"embeddable":true,"href":"https:\/\/qtmm.org\/qt\/wp-json\/wp\/v2\/comments?post=36479"}],"version-history":[{"count":1,"href":"https:\/\/qtmm.org\/qt\/wp-json\/wp\/v2\/posts\/36479\/revisions"}],"predecessor-version":[{"id":36496,"href":"https:\/\/qtmm.org\/qt\/wp-json\/wp\/v2\/posts\/36479\/revisions\/36496"}],"wp:featuredmedia":[{"embeddable":true,"href":"https:\/\/qtmm.org\/qt\/wp-json\/wp\/v2\/media\/36480"}],"wp:attachment":[{"href":"https:\/\/qtmm.org\/qt\/wp-json\/wp\/v2\/media?parent=36479"}],"wp:term":[{"taxonomy":"category","embeddable":true,"href":"https:\/\/qtmm.org\/qt\/wp-json\/wp\/v2\/categories?post=36479"},{"taxonomy":"post_tag","embeddable":true,"href":"https:\/\/qtmm.org\/qt\/wp-json\/wp\/v2\/tags?post=36479"}],"curies":[{"name":"wp","href":"https:\/\/api.w.org\/{rel}","templated":true}]}}