




{"id":36477,"date":"2013-04-12T18:36:00","date_gmt":"2013-04-12T15:36:00","guid":{"rendered":"http:\/\/qtmm.org\/?p=36477"},"modified":"2022-01-23T18:37:05","modified_gmt":"2022-01-23T15:37:05","slug":"qirim-musulmanlarinin-diniy-idaresinde-meclis-reisi-ve-qirim-musulmanlarinin-muftisi-6-cagirilis-qurultayga-delegat-saylavnin-istirakcilerinen-korustiler","status":"publish","type":"post","link":"https:\/\/qtmm.org\/qt\/qirim-musulmanlarinin-diniy-idaresinde-meclis-reisi-ve-qirim-musulmanlarinin-muftisi-6-cagirilis-qurultayga-delegat-saylavnin-istirakcilerinen-korustiler\/","title":{"rendered":"Q\u0131r\u0131m musulmanlar\u0131n\u0131\u00f1 diniy idaresinde Meclis reisi ve Q\u0131r\u0131m musulmanlar\u0131n\u0131\u00f1 m\u00fcftisi 6 \u00e7a\u011f\u0131r\u0131l\u0131\u015f Qurultay\u011fa delegat saylavn\u0131\u00f1 i\u015ftirak\u00e7ilerinen k\u00f6r\u00fc\u015ftiler"},"content":{"rendered":"\n<p>2013 senesi, aprel 12 Q\u0131r\u0131m musulmanlar\u0131n\u0131\u00f1 diniy idaresinde Meclis reisi Mustafa Cemilev ve Q\u0131r\u0131m musulmanlar\u0131n\u0131\u00f1 m\u00fcftisi ac\u0131 Emirali Ablayev 6 \u00e7a\u011f\u0131r\u0131l\u0131\u015f Qurultay delegatlar\u0131n\u0131 saylavn\u0131\u00f1 i\u015ftirak\u00e7ileri \u2013 q\u0131r\u0131mtatar siyasiy ve cemaat te\u015fkil\u00e2tlar\u0131 ve bloklar\u0131 vekillerinen k\u00f6r\u00fc\u015ftiler.<\/p>\n\n\n\n<p>K\u00f6r\u00fc\u015f\u00fcvde Qurultay delegatlar\u0131n\u0131 saylav boyunca Merkeziy saylav komissiyas\u0131n\u0131\u00f1 reisi Zair Smedl\u00e2yev, bun\u0131\u00f1 kibi de &#8220;Maarif\u00e7i&#8221;; &#8220;Bizim Q\u0131r\u0131m&#8221;; &#8220;Q\u0131r\u0131mtatar medeniyet vaquf\u0131&#8221;, &#8220;\u0130nki\u015faf&#8221; q\u0131r\u0131mtatar cemaat te\u015fkil\u00e2t\u0131, &#8220;Adalet&#8221; q\u0131r\u0131mtatar milliy partiyas\u0131, &#8220;Ya\u015flar \u015euras\u0131&#8221; cemaat te\u015fkil\u00e2t\u0131, &#8220;Avdet&#8221; cemaat te\u015fkil\u00e2t\u0131, Q\u0131r\u0131mtatar halq\u0131 milliy areketini\u00f1 te\u015fkil\u00e2t\u0131 (OKND); &#8220;Milliy Haq&#8221; saylav blok\u0131, ; &#8220;Qarda\u015fl\u0131q-Qarasu \u2013 Q\u0131r\u0131mtatar ya\u015flar merkezi saylav blok\u0131, &#8220;K\u00fcre\u015f&#8221; Q\u0131r\u0131m milliy k\u00fcre\u015f federatsiyas\u0131, Q\u0131r\u0131mtatar ya\u015flar merkezi, &#8220;Arqada\u015f&#8221; uquqqor\u00e7alay\u0131c\u0131 cemaat te\u015fkil\u00e2t\u0131; &#8220;Azatl\u0131q&#8221; saylav blok\u0131 ve &#8220;Q\u0131r\u0131mtatar qad\u0131nlar birligi&#8221; cemaat te\u015fkil\u00e2t\u0131n\u0131\u00f1 azalar\u0131 i\u015ftirak ettiler.<\/p>\n\n\n\n<p>K\u00f6r\u00fc\u015f\u00fcv devam\u0131nda Qurultay\u011fa delegatlarn\u0131 se\u00e7\u00fcv, may\u0131s 6-da ke\u00e7irilecek H\u0131d\u0131rlezge az\u0131rl\u0131q, q\u0131r\u0131mtatarlarn\u0131\u00f1 Vatandan s\u00fcrg\u00fcn etilgenlerini\u00f1 69 y\u0131ll\u0131\u011f\u0131 munasebetinen \u00f6tkerilecek B\u00fct\u00fcnq\u0131r\u0131m matem mitingine az\u0131rl\u0131q kibi meseleler muzakere etildi. K\u00f6r\u00fc\u015f\u00fcv i\u015ftirak\u00e7ilerine h\u0131tap etken Q\u0131r\u0131m musulmanlar\u0131n\u0131\u00f1 m\u00fcftisi ac\u0131 Emirali Ablayev milliy qurultay\u011fa se\u00e7imlerde i\u015ftirak etken er bir q\u0131r\u0131mtatarn\u0131, angi fikir ve baq\u0131\u015flar\u0131 ol\u011fan\u0131ndan qatiy nazar biri-birini \u00fcrmet etmege \u00e7a\u011f\u0131rd\u0131. &#8220;Qurultayn\u0131\u00f1 ya\u00f1\u0131 erk\u00e2n\u0131 ve so\u00f1ra saylan\u011fan Meclisni\u00f1 nas\u0131l olmas\u0131na halq\u0131m\u0131zn\u0131\u00f1 vaziyeti ba\u011fl\u0131 ol\u011fan\u0131n\u0131 unutma\u011fa aqq\u0131m\u0131z yoqt\u0131r&#8221;, dep qayd etti m\u00fcftiy efendi.<\/p>\n\n\n\n<p>Meclis reisi Mustafa Cemilev q\u0131r\u0131mtatar cemaat ve siyasiy te\u015fkil\u00e2tlarn\u0131\u00f1 azalar\u0131na, olarn\u0131\u00f1 bloklar\u0131na \u015fun\u0131 hat\u0131rlatt\u0131 ki, Delegatlarn\u0131 saylavn\u0131\u00f1 ya\u00f1\u0131 nizam\u0131na k\u00f6re se\u00e7imler ya\u00f1\u0131 saylav sistemas\u0131 boyunca umumiy, musaviy, do\u011frudan-do\u011fru haq esas\u0131nda gizli rey ber\u00fcv yolunen olacaq. M. Cemilevni\u00f1 aytqan\u0131na k\u00f6re ilk sefer saylav keti\u015fat\u0131n\u0131 halqara nezaret\u00e7iler k\u00f6zetecekler. Bizim vazifemiz saylavlarn\u0131 y\u00fcksek te\u015fkil\u00e2tiy seviyede. Nizam\u011fa boysun\u0131l\u011fan\u0131 alda ve d\u00fcnya demokratik printsip ve normalar\u0131 esapqa alaraq ke\u00e7irmektir.<\/p>\n\n\n\n<p>Matem mitingine az\u0131rl\u0131q i\u015fleri muzakere etilgende Meclis reisi k\u00f6r\u00fc\u015f\u00fcv i\u015ftirak\u00e7ilerine saylavald\u0131 programmalar\u0131 \u00e7er\u00e7ivesinde yerlerde bulun\u011fanlar\u0131nda semetde\u015flerimizge may\u0131s 18-de Aqmescitni\u00f1 merkeziy meydan\u0131na kelmek ve b\u00f6yleliknen birlik-beraberligimizni numay\u0131\u015f etmek zarurl\u0131\u011f\u0131n\u0131 a\u00f1latmalar\u0131n\u0131 rica etti. &#8220;Halq\u0131m\u0131z i\u00e7\u00fcn facial\u0131 bir k\u00fcnde bir yerde toplan\u0131p, soyq\u0131r\u0131m qurbanlar\u0131n\u0131 a\u00f1maq ve aqlar\u0131m\u0131zn\u0131\u00f1 tiklenilmesini talap etmemiznen irademiz ve eminligimizni k\u00f6stermek kerekmiz&#8221;, &#8211; dedi M. Cemilev.<\/p>\n\n\n\n<p>Qurultay\u011fa delegatlarn\u0131 saylav\u011fa dair fikir payla\u015fuv devam\u0131nda k\u00f6r\u00fc\u015f\u00fcv i\u015ftirak\u00e7ileri \u00f6zara a\u00f1lav ve say\u011f\u0131 m\u00fcitinde i\u015f al\u0131p barmaq, milliy idare organlar\u0131na saylavn\u0131\u00f1 hususiyeti semetde\u015fler \u00f6g\u00fcnde mes\u00fcliet ve Milliy areketni pekitmektir, dediler k\u00f6r\u00fc\u015f\u00fcv i\u015ftirak\u00e7ileri.<\/p>\n\n\n\n<p>H\u0131d\u0131rlez bayram\u0131na az\u0131rl\u0131q i\u015fleri baq\u0131l\u011fanda k\u00f6r\u00fc\u015f\u00fcv i\u015ftirak\u00e7ileri halq\u0131m\u0131z faqat facial\u0131 k\u00fcnlerde degil de, ananeviy q\u0131r\u0131mtatar halq bayramlar\u0131 qayd etilgen vaq\u0131tta da birlikte olmal\u0131 ki, bizni par\u00e7alama\u011fa t\u0131r\u0131\u015fqanlarn\u0131\u00f1 areketleri nafile olsun, degen fikirni bildirdiler.<\/p>\n","protected":false},"excerpt":{"rendered":"<p>2013 senesi, aprel 12 Q\u0131r\u0131m musulmanlar\u0131n\u0131\u00f1 diniy idaresinde Meclis reisi Mustafa Cemilev ve Q\u0131r\u0131m musulmanlar\u0131n\u0131\u00f1 m\u00fcftisi ac\u0131 Emirali Ablayev 6 \u00e7a\u011f\u0131r\u0131l\u0131\u015f Qurultay delegatlar\u0131n\u0131 saylavn\u0131\u00f1 i\u015ftirak\u00e7ileri \u2013 q\u0131r\u0131mtatar siyasiy ve cemaat te\u015fkil\u00e2tlar\u0131 ve bloklar\u0131 vekillerinen k\u00f6r\u00fc\u015ftiler. K\u00f6r\u00fc\u015f\u00fcvde Qurultay delegatlar\u0131n\u0131 saylav boyunca Merkeziy saylav komissiyas\u0131n\u0131\u00f1 reisi Zair Smedl\u00e2yev, bun\u0131\u00f1 kibi de &#8220;Maarif\u00e7i&#8221;; &#8220;Bizim Q\u0131r\u0131m&#8221;; &#8220;Q\u0131r\u0131mtatar medeniyet vaquf\u0131&#8221;, [&hellip;]<\/p>\n","protected":false},"author":1,"featured_media":0,"comment_status":"open","ping_status":"open","sticky":false,"template":"","format":"standard","meta":{"inline_featured_image":false,"footnotes":""},"categories":[265],"tags":[],"class_list":["post-36477","post","type-post","status-publish","format-standard","hentry","category-haberler"],"acf":[],"yoast_head":"<!-- This site is optimized with the Yoast SEO plugin v27.4 - https:\/\/yoast.com\/product\/yoast-seo-wordpress\/ -->\n<title>Q\u0131r\u0131m musulmanlar\u0131n\u0131\u00f1 diniy idaresinde Meclis reisi ve Q\u0131r\u0131m musulmanlar\u0131n\u0131\u00f1 m\u00fcftisi 6 \u00e7a\u011f\u0131r\u0131l\u0131\u015f Qurultay\u011fa delegat saylavn\u0131\u00f1 i\u015ftirak\u00e7ilerinen k\u00f6r\u00fc\u015ftiler - \u041c\u0435\u0434\u0436\u043b\u0456\u0441<\/title>\n<meta name=\"robots\" content=\"index, follow, max-snippet:-1, max-image-preview:large, max-video-preview:-1\" \/>\n<link rel=\"canonical\" href=\"https:\/\/qtmm.org\/qt\/qirim-musulmanlarinin-diniy-idaresinde-meclis-reisi-ve-qirim-musulmanlarinin-muftisi-6-cagirilis-qurultayga-delegat-saylavnin-istirakcilerinen-korustiler\/\" \/>\n<meta property=\"og:locale\" content=\"en_US\" \/>\n<meta property=\"og:type\" content=\"article\" \/>\n<meta property=\"og:title\" content=\"Q\u0131r\u0131m musulmanlar\u0131n\u0131\u00f1 diniy idaresinde Meclis reisi ve Q\u0131r\u0131m musulmanlar\u0131n\u0131\u00f1 m\u00fcftisi 6 \u00e7a\u011f\u0131r\u0131l\u0131\u015f Qurultay\u011fa delegat saylavn\u0131\u00f1 i\u015ftirak\u00e7ilerinen k\u00f6r\u00fc\u015ftiler - \u041c\u0435\u0434\u0436\u043b\u0456\u0441\" \/>\n<meta property=\"og:description\" content=\"2013 senesi, aprel 12 Q\u0131r\u0131m musulmanlar\u0131n\u0131\u00f1 diniy idaresinde Meclis reisi Mustafa Cemilev ve Q\u0131r\u0131m musulmanlar\u0131n\u0131\u00f1 m\u00fcftisi ac\u0131 Emirali Ablayev 6 \u00e7a\u011f\u0131r\u0131l\u0131\u015f Qurultay delegatlar\u0131n\u0131 saylavn\u0131\u00f1 i\u015ftirak\u00e7ileri \u2013 q\u0131r\u0131mtatar siyasiy ve cemaat te\u015fkil\u00e2tlar\u0131 ve bloklar\u0131 vekillerinen k\u00f6r\u00fc\u015ftiler. K\u00f6r\u00fc\u015f\u00fcvde Qurultay delegatlar\u0131n\u0131 saylav boyunca Merkeziy saylav komissiyas\u0131n\u0131\u00f1 reisi Zair Smedl\u00e2yev, bun\u0131\u00f1 kibi de &#8220;Maarif\u00e7i&#8221;; &#8220;Bizim Q\u0131r\u0131m&#8221;; &#8220;Q\u0131r\u0131mtatar medeniyet vaquf\u0131&#8221;, [&hellip;]\" \/>\n<meta property=\"og:url\" content=\"https:\/\/qtmm.org\/qt\/qirim-musulmanlarinin-diniy-idaresinde-meclis-reisi-ve-qirim-musulmanlarinin-muftisi-6-cagirilis-qurultayga-delegat-saylavnin-istirakcilerinen-korustiler\/\" \/>\n<meta property=\"og:site_name\" content=\"\u041c\u0435\u0434\u0436\u043b\u0456\u0441\" \/>\n<meta property=\"article:publisher\" content=\"https:\/\/www.facebook.com\/qtmm.info\/\" \/>\n<meta property=\"article:published_time\" content=\"2013-04-12T15:36:00+00:00\" \/>\n<meta property=\"article:modified_time\" content=\"2022-01-23T15:37:05+00:00\" \/>\n<meta name=\"author\" content=\"Developer\" \/>\n<meta name=\"twitter:card\" content=\"summary_large_image\" \/>\n<meta name=\"twitter:label1\" content=\"Written by\" \/>\n\t<meta name=\"twitter:data1\" content=\"Developer\" \/>\n\t<meta name=\"twitter:label2\" content=\"Est. reading time\" \/>\n\t<meta name=\"twitter:data2\" content=\"3 minutes\" \/>\n<script type=\"application\/ld+json\" class=\"yoast-schema-graph\">{\"@context\":\"https:\\\/\\\/schema.org\",\"@graph\":[{\"@type\":\"Article\",\"@id\":\"https:\\\/\\\/qtmm.org\\\/qt\\\/qirim-musulmanlarinin-diniy-idaresinde-meclis-reisi-ve-qirim-musulmanlarinin-muftisi-6-cagirilis-qurultayga-delegat-saylavnin-istirakcilerinen-korustiler\\\/#article\",\"isPartOf\":{\"@id\":\"https:\\\/\\\/qtmm.org\\\/qt\\\/qirim-musulmanlarinin-diniy-idaresinde-meclis-reisi-ve-qirim-musulmanlarinin-muftisi-6-cagirilis-qurultayga-delegat-saylavnin-istirakcilerinen-korustiler\\\/\"},\"author\":{\"name\":\"Developer\",\"@id\":\"https:\\\/\\\/qtmm.org\\\/qt\\\/#\\\/schema\\\/person\\\/de562469f971dec226ac06e60bbf74a7\"},\"headline\":\"Q\u0131r\u0131m musulmanlar\u0131n\u0131\u00f1 diniy idaresinde Meclis reisi ve Q\u0131r\u0131m musulmanlar\u0131n\u0131\u00f1 m\u00fcftisi 6 \u00e7a\u011f\u0131r\u0131l\u0131\u015f Qurultay\u011fa delegat saylavn\u0131\u00f1 i\u015ftirak\u00e7ilerinen k\u00f6r\u00fc\u015ftiler\",\"datePublished\":\"2013-04-12T15:36:00+00:00\",\"dateModified\":\"2022-01-23T15:37:05+00:00\",\"mainEntityOfPage\":{\"@id\":\"https:\\\/\\\/qtmm.org\\\/qt\\\/qirim-musulmanlarinin-diniy-idaresinde-meclis-reisi-ve-qirim-musulmanlarinin-muftisi-6-cagirilis-qurultayga-delegat-saylavnin-istirakcilerinen-korustiler\\\/\"},\"wordCount\":617,\"commentCount\":0,\"publisher\":{\"@id\":\"https:\\\/\\\/qtmm.org\\\/qt\\\/#organization\"},\"articleSection\":[\"Haberler\"],\"inLanguage\":\"qt\",\"potentialAction\":[{\"@type\":\"CommentAction\",\"name\":\"Comment\",\"target\":[\"https:\\\/\\\/qtmm.org\\\/qt\\\/qirim-musulmanlarinin-diniy-idaresinde-meclis-reisi-ve-qirim-musulmanlarinin-muftisi-6-cagirilis-qurultayga-delegat-saylavnin-istirakcilerinen-korustiler\\\/#respond\"]}]},{\"@type\":\"WebPage\",\"@id\":\"https:\\\/\\\/qtmm.org\\\/qt\\\/qirim-musulmanlarinin-diniy-idaresinde-meclis-reisi-ve-qirim-musulmanlarinin-muftisi-6-cagirilis-qurultayga-delegat-saylavnin-istirakcilerinen-korustiler\\\/\",\"url\":\"https:\\\/\\\/qtmm.org\\\/qt\\\/qirim-musulmanlarinin-diniy-idaresinde-meclis-reisi-ve-qirim-musulmanlarinin-muftisi-6-cagirilis-qurultayga-delegat-saylavnin-istirakcilerinen-korustiler\\\/\",\"name\":\"Q\u0131r\u0131m musulmanlar\u0131n\u0131\u00f1 diniy idaresinde Meclis reisi ve Q\u0131r\u0131m musulmanlar\u0131n\u0131\u00f1 m\u00fcftisi 6 \u00e7a\u011f\u0131r\u0131l\u0131\u015f Qurultay\u011fa delegat saylavn\u0131\u00f1 i\u015ftirak\u00e7ilerinen k\u00f6r\u00fc\u015ftiler - \u041c\u0435\u0434\u0436\u043b\u0456\u0441\",\"isPartOf\":{\"@id\":\"https:\\\/\\\/qtmm.org\\\/qt\\\/#website\"},\"datePublished\":\"2013-04-12T15:36:00+00:00\",\"dateModified\":\"2022-01-23T15:37:05+00:00\",\"breadcrumb\":{\"@id\":\"https:\\\/\\\/qtmm.org\\\/qt\\\/qirim-musulmanlarinin-diniy-idaresinde-meclis-reisi-ve-qirim-musulmanlarinin-muftisi-6-cagirilis-qurultayga-delegat-saylavnin-istirakcilerinen-korustiler\\\/#breadcrumb\"},\"inLanguage\":\"qt\",\"potentialAction\":[{\"@type\":\"ReadAction\",\"target\":[\"https:\\\/\\\/qtmm.org\\\/qt\\\/qirim-musulmanlarinin-diniy-idaresinde-meclis-reisi-ve-qirim-musulmanlarinin-muftisi-6-cagirilis-qurultayga-delegat-saylavnin-istirakcilerinen-korustiler\\\/\"]}]},{\"@type\":\"BreadcrumbList\",\"@id\":\"https:\\\/\\\/qtmm.org\\\/qt\\\/qirim-musulmanlarinin-diniy-idaresinde-meclis-reisi-ve-qirim-musulmanlarinin-muftisi-6-cagirilis-qurultayga-delegat-saylavnin-istirakcilerinen-korustiler\\\/#breadcrumb\",\"itemListElement\":[{\"@type\":\"ListItem\",\"position\":1,\"name\":\"\u0413\u043e\u043b\u043e\u0432\u043d\u0430\",\"item\":\"https:\\\/\\\/qtmm.org\\\/qt\\\/\"},{\"@type\":\"ListItem\",\"position\":2,\"name\":\"Q\u0131r\u0131m musulmanlar\u0131n\u0131\u00f1 diniy idaresinde Meclis reisi ve Q\u0131r\u0131m musulmanlar\u0131n\u0131\u00f1 m\u00fcftisi 6 \u00e7a\u011f\u0131r\u0131l\u0131\u015f Qurultay\u011fa delegat saylavn\u0131\u00f1 i\u015ftirak\u00e7ilerinen k\u00f6r\u00fc\u015ftiler\"}]},{\"@type\":\"WebSite\",\"@id\":\"https:\\\/\\\/qtmm.org\\\/qt\\\/#website\",\"url\":\"https:\\\/\\\/qtmm.org\\\/qt\\\/\",\"name\":\"\u041c\u0435\u0434\u0436\u043b\u0456\u0441\",\"description\":\"\",\"publisher\":{\"@id\":\"https:\\\/\\\/qtmm.org\\\/qt\\\/#organization\"},\"potentialAction\":[{\"@type\":\"SearchAction\",\"target\":{\"@type\":\"EntryPoint\",\"urlTemplate\":\"https:\\\/\\\/qtmm.org\\\/qt\\\/?s={search_term_string}\"},\"query-input\":{\"@type\":\"PropertyValueSpecification\",\"valueRequired\":true,\"valueName\":\"search_term_string\"}}],\"inLanguage\":\"qt\"},{\"@type\":\"Organization\",\"@id\":\"https:\\\/\\\/qtmm.org\\\/qt\\\/#organization\",\"name\":\"\u041c\u0435\u0434\u0436\u043b\u0456\u0441\",\"url\":\"https:\\\/\\\/qtmm.org\\\/qt\\\/\",\"logo\":{\"@type\":\"ImageObject\",\"inLanguage\":\"qt\",\"@id\":\"https:\\\/\\\/qtmm.org\\\/qt\\\/#\\\/schema\\\/logo\\\/image\\\/\",\"url\":\"https:\\\/\\\/qtmm.org\\\/wp-content\\\/uploads\\\/2024\\\/12\\\/ua-mejlis-logo-rgb.svg\",\"contentUrl\":\"https:\\\/\\\/qtmm.org\\\/wp-content\\\/uploads\\\/2024\\\/12\\\/ua-mejlis-logo-rgb.svg\",\"caption\":\"\u041c\u0435\u0434\u0436\u043b\u0456\u0441\"},\"image\":{\"@id\":\"https:\\\/\\\/qtmm.org\\\/qt\\\/#\\\/schema\\\/logo\\\/image\\\/\"},\"sameAs\":[\"https:\\\/\\\/www.facebook.com\\\/qtmm.info\\\/\"]},{\"@type\":\"Person\",\"@id\":\"https:\\\/\\\/qtmm.org\\\/qt\\\/#\\\/schema\\\/person\\\/de562469f971dec226ac06e60bbf74a7\",\"name\":\"Developer\",\"image\":{\"@type\":\"ImageObject\",\"inLanguage\":\"qt\",\"@id\":\"https:\\\/\\\/secure.gravatar.com\\\/avatar\\\/392b4cc8fbfeb00b39dfeeab4ee6edded39ffd48e25858637e4765810300227e?s=96&d=mm&r=g\",\"url\":\"https:\\\/\\\/secure.gravatar.com\\\/avatar\\\/392b4cc8fbfeb00b39dfeeab4ee6edded39ffd48e25858637e4765810300227e?s=96&d=mm&r=g\",\"contentUrl\":\"https:\\\/\\\/secure.gravatar.com\\\/avatar\\\/392b4cc8fbfeb00b39dfeeab4ee6edded39ffd48e25858637e4765810300227e?s=96&d=mm&r=g\",\"caption\":\"Developer\"},\"url\":\"https:\\\/\\\/qtmm.org\\\/qt\\\/author\\\/Developer\\\/\"}]}<\/script>\n<!-- \/ Yoast SEO plugin. -->","yoast_head_json":{"title":"Q\u0131r\u0131m musulmanlar\u0131n\u0131\u00f1 diniy idaresinde Meclis reisi ve Q\u0131r\u0131m musulmanlar\u0131n\u0131\u00f1 m\u00fcftisi 6 \u00e7a\u011f\u0131r\u0131l\u0131\u015f Qurultay\u011fa delegat saylavn\u0131\u00f1 i\u015ftirak\u00e7ilerinen k\u00f6r\u00fc\u015ftiler - \u041c\u0435\u0434\u0436\u043b\u0456\u0441","robots":{"index":"index","follow":"follow","max-snippet":"max-snippet:-1","max-image-preview":"max-image-preview:large","max-video-preview":"max-video-preview:-1"},"canonical":"https:\/\/qtmm.org\/qt\/qirim-musulmanlarinin-diniy-idaresinde-meclis-reisi-ve-qirim-musulmanlarinin-muftisi-6-cagirilis-qurultayga-delegat-saylavnin-istirakcilerinen-korustiler\/","og_locale":"en_US","og_type":"article","og_title":"Q\u0131r\u0131m musulmanlar\u0131n\u0131\u00f1 diniy idaresinde Meclis reisi ve Q\u0131r\u0131m musulmanlar\u0131n\u0131\u00f1 m\u00fcftisi 6 \u00e7a\u011f\u0131r\u0131l\u0131\u015f Qurultay\u011fa delegat saylavn\u0131\u00f1 i\u015ftirak\u00e7ilerinen k\u00f6r\u00fc\u015ftiler - \u041c\u0435\u0434\u0436\u043b\u0456\u0441","og_description":"2013 senesi, aprel 12 Q\u0131r\u0131m musulmanlar\u0131n\u0131\u00f1 diniy idaresinde Meclis reisi Mustafa Cemilev ve Q\u0131r\u0131m musulmanlar\u0131n\u0131\u00f1 m\u00fcftisi ac\u0131 Emirali Ablayev 6 \u00e7a\u011f\u0131r\u0131l\u0131\u015f Qurultay delegatlar\u0131n\u0131 saylavn\u0131\u00f1 i\u015ftirak\u00e7ileri \u2013 q\u0131r\u0131mtatar siyasiy ve cemaat te\u015fkil\u00e2tlar\u0131 ve bloklar\u0131 vekillerinen k\u00f6r\u00fc\u015ftiler. K\u00f6r\u00fc\u015f\u00fcvde Qurultay delegatlar\u0131n\u0131 saylav boyunca Merkeziy saylav komissiyas\u0131n\u0131\u00f1 reisi Zair Smedl\u00e2yev, bun\u0131\u00f1 kibi de &#8220;Maarif\u00e7i&#8221;; &#8220;Bizim Q\u0131r\u0131m&#8221;; &#8220;Q\u0131r\u0131mtatar medeniyet vaquf\u0131&#8221;, [&hellip;]","og_url":"https:\/\/qtmm.org\/qt\/qirim-musulmanlarinin-diniy-idaresinde-meclis-reisi-ve-qirim-musulmanlarinin-muftisi-6-cagirilis-qurultayga-delegat-saylavnin-istirakcilerinen-korustiler\/","og_site_name":"\u041c\u0435\u0434\u0436\u043b\u0456\u0441","article_publisher":"https:\/\/www.facebook.com\/qtmm.info\/","article_published_time":"2013-04-12T15:36:00+00:00","article_modified_time":"2022-01-23T15:37:05+00:00","author":"Developer","twitter_card":"summary_large_image","twitter_misc":{"Written by":"Developer","Est. reading time":"3 minutes"},"schema":{"@context":"https:\/\/schema.org","@graph":[{"@type":"Article","@id":"https:\/\/qtmm.org\/qt\/qirim-musulmanlarinin-diniy-idaresinde-meclis-reisi-ve-qirim-musulmanlarinin-muftisi-6-cagirilis-qurultayga-delegat-saylavnin-istirakcilerinen-korustiler\/#article","isPartOf":{"@id":"https:\/\/qtmm.org\/qt\/qirim-musulmanlarinin-diniy-idaresinde-meclis-reisi-ve-qirim-musulmanlarinin-muftisi-6-cagirilis-qurultayga-delegat-saylavnin-istirakcilerinen-korustiler\/"},"author":{"name":"Developer","@id":"https:\/\/qtmm.org\/qt\/#\/schema\/person\/de562469f971dec226ac06e60bbf74a7"},"headline":"Q\u0131r\u0131m musulmanlar\u0131n\u0131\u00f1 diniy idaresinde Meclis reisi ve Q\u0131r\u0131m musulmanlar\u0131n\u0131\u00f1 m\u00fcftisi 6 \u00e7a\u011f\u0131r\u0131l\u0131\u015f Qurultay\u011fa delegat saylavn\u0131\u00f1 i\u015ftirak\u00e7ilerinen k\u00f6r\u00fc\u015ftiler","datePublished":"2013-04-12T15:36:00+00:00","dateModified":"2022-01-23T15:37:05+00:00","mainEntityOfPage":{"@id":"https:\/\/qtmm.org\/qt\/qirim-musulmanlarinin-diniy-idaresinde-meclis-reisi-ve-qirim-musulmanlarinin-muftisi-6-cagirilis-qurultayga-delegat-saylavnin-istirakcilerinen-korustiler\/"},"wordCount":617,"commentCount":0,"publisher":{"@id":"https:\/\/qtmm.org\/qt\/#organization"},"articleSection":["Haberler"],"inLanguage":"qt","potentialAction":[{"@type":"CommentAction","name":"Comment","target":["https:\/\/qtmm.org\/qt\/qirim-musulmanlarinin-diniy-idaresinde-meclis-reisi-ve-qirim-musulmanlarinin-muftisi-6-cagirilis-qurultayga-delegat-saylavnin-istirakcilerinen-korustiler\/#respond"]}]},{"@type":"WebPage","@id":"https:\/\/qtmm.org\/qt\/qirim-musulmanlarinin-diniy-idaresinde-meclis-reisi-ve-qirim-musulmanlarinin-muftisi-6-cagirilis-qurultayga-delegat-saylavnin-istirakcilerinen-korustiler\/","url":"https:\/\/qtmm.org\/qt\/qirim-musulmanlarinin-diniy-idaresinde-meclis-reisi-ve-qirim-musulmanlarinin-muftisi-6-cagirilis-qurultayga-delegat-saylavnin-istirakcilerinen-korustiler\/","name":"Q\u0131r\u0131m musulmanlar\u0131n\u0131\u00f1 diniy idaresinde Meclis reisi ve Q\u0131r\u0131m musulmanlar\u0131n\u0131\u00f1 m\u00fcftisi 6 \u00e7a\u011f\u0131r\u0131l\u0131\u015f Qurultay\u011fa delegat saylavn\u0131\u00f1 i\u015ftirak\u00e7ilerinen k\u00f6r\u00fc\u015ftiler - \u041c\u0435\u0434\u0436\u043b\u0456\u0441","isPartOf":{"@id":"https:\/\/qtmm.org\/qt\/#website"},"datePublished":"2013-04-12T15:36:00+00:00","dateModified":"2022-01-23T15:37:05+00:00","breadcrumb":{"@id":"https:\/\/qtmm.org\/qt\/qirim-musulmanlarinin-diniy-idaresinde-meclis-reisi-ve-qirim-musulmanlarinin-muftisi-6-cagirilis-qurultayga-delegat-saylavnin-istirakcilerinen-korustiler\/#breadcrumb"},"inLanguage":"qt","potentialAction":[{"@type":"ReadAction","target":["https:\/\/qtmm.org\/qt\/qirim-musulmanlarinin-diniy-idaresinde-meclis-reisi-ve-qirim-musulmanlarinin-muftisi-6-cagirilis-qurultayga-delegat-saylavnin-istirakcilerinen-korustiler\/"]}]},{"@type":"BreadcrumbList","@id":"https:\/\/qtmm.org\/qt\/qirim-musulmanlarinin-diniy-idaresinde-meclis-reisi-ve-qirim-musulmanlarinin-muftisi-6-cagirilis-qurultayga-delegat-saylavnin-istirakcilerinen-korustiler\/#breadcrumb","itemListElement":[{"@type":"ListItem","position":1,"name":"\u0413\u043e\u043b\u043e\u0432\u043d\u0430","item":"https:\/\/qtmm.org\/qt\/"},{"@type":"ListItem","position":2,"name":"Q\u0131r\u0131m musulmanlar\u0131n\u0131\u00f1 diniy idaresinde Meclis reisi ve Q\u0131r\u0131m musulmanlar\u0131n\u0131\u00f1 m\u00fcftisi 6 \u00e7a\u011f\u0131r\u0131l\u0131\u015f Qurultay\u011fa delegat saylavn\u0131\u00f1 i\u015ftirak\u00e7ilerinen k\u00f6r\u00fc\u015ftiler"}]},{"@type":"WebSite","@id":"https:\/\/qtmm.org\/qt\/#website","url":"https:\/\/qtmm.org\/qt\/","name":"\u041c\u0435\u0434\u0436\u043b\u0456\u0441","description":"","publisher":{"@id":"https:\/\/qtmm.org\/qt\/#organization"},"potentialAction":[{"@type":"SearchAction","target":{"@type":"EntryPoint","urlTemplate":"https:\/\/qtmm.org\/qt\/?s={search_term_string}"},"query-input":{"@type":"PropertyValueSpecification","valueRequired":true,"valueName":"search_term_string"}}],"inLanguage":"qt"},{"@type":"Organization","@id":"https:\/\/qtmm.org\/qt\/#organization","name":"\u041c\u0435\u0434\u0436\u043b\u0456\u0441","url":"https:\/\/qtmm.org\/qt\/","logo":{"@type":"ImageObject","inLanguage":"qt","@id":"https:\/\/qtmm.org\/qt\/#\/schema\/logo\/image\/","url":"https:\/\/qtmm.org\/wp-content\/uploads\/2024\/12\/ua-mejlis-logo-rgb.svg","contentUrl":"https:\/\/qtmm.org\/wp-content\/uploads\/2024\/12\/ua-mejlis-logo-rgb.svg","caption":"\u041c\u0435\u0434\u0436\u043b\u0456\u0441"},"image":{"@id":"https:\/\/qtmm.org\/qt\/#\/schema\/logo\/image\/"},"sameAs":["https:\/\/www.facebook.com\/qtmm.info\/"]},{"@type":"Person","@id":"https:\/\/qtmm.org\/qt\/#\/schema\/person\/de562469f971dec226ac06e60bbf74a7","name":"Developer","image":{"@type":"ImageObject","inLanguage":"qt","@id":"https:\/\/secure.gravatar.com\/avatar\/392b4cc8fbfeb00b39dfeeab4ee6edded39ffd48e25858637e4765810300227e?s=96&d=mm&r=g","url":"https:\/\/secure.gravatar.com\/avatar\/392b4cc8fbfeb00b39dfeeab4ee6edded39ffd48e25858637e4765810300227e?s=96&d=mm&r=g","contentUrl":"https:\/\/secure.gravatar.com\/avatar\/392b4cc8fbfeb00b39dfeeab4ee6edded39ffd48e25858637e4765810300227e?s=96&d=mm&r=g","caption":"Developer"},"url":"https:\/\/qtmm.org\/qt\/author\/Developer\/"}]}},"_links":{"self":[{"href":"https:\/\/qtmm.org\/qt\/wp-json\/wp\/v2\/posts\/36477","targetHints":{"allow":["GET"]}}],"collection":[{"href":"https:\/\/qtmm.org\/qt\/wp-json\/wp\/v2\/posts"}],"about":[{"href":"https:\/\/qtmm.org\/qt\/wp-json\/wp\/v2\/types\/post"}],"author":[{"embeddable":true,"href":"https:\/\/qtmm.org\/qt\/wp-json\/wp\/v2\/users\/1"}],"replies":[{"embeddable":true,"href":"https:\/\/qtmm.org\/qt\/wp-json\/wp\/v2\/comments?post=36477"}],"version-history":[{"count":1,"href":"https:\/\/qtmm.org\/qt\/wp-json\/wp\/v2\/posts\/36477\/revisions"}],"predecessor-version":[{"id":36478,"href":"https:\/\/qtmm.org\/qt\/wp-json\/wp\/v2\/posts\/36477\/revisions\/36478"}],"wp:attachment":[{"href":"https:\/\/qtmm.org\/qt\/wp-json\/wp\/v2\/media?parent=36477"}],"wp:term":[{"taxonomy":"category","embeddable":true,"href":"https:\/\/qtmm.org\/qt\/wp-json\/wp\/v2\/categories?post=36477"},{"taxonomy":"post_tag","embeddable":true,"href":"https:\/\/qtmm.org\/qt\/wp-json\/wp\/v2\/tags?post=36477"}],"curies":[{"name":"wp","href":"https:\/\/api.w.org\/{rel}","templated":true}]}}