




{"id":36451,"date":"2013-04-12T18:34:00","date_gmt":"2013-04-12T15:34:00","guid":{"rendered":"http:\/\/qtmm.org\/?p=36451"},"modified":"2022-01-23T18:36:25","modified_gmt":"2022-01-23T15:36:25","slug":"ukraina-yuqari-surasi-insan-aqlari-ve-milletlerara-munasebetler-boyunca-komitet-azalari-aqmescit-rayoninda-qirimtatarlar-toplu-yasagan-qasabani-ziyaret-ettiler","status":"publish","type":"post","link":"https:\/\/qtmm.org\/qt\/ukraina-yuqari-surasi-insan-aqlari-ve-milletlerara-munasebetler-boyunca-komitet-azalari-aqmescit-rayoninda-qirimtatarlar-toplu-yasagan-qasabani-ziyaret-ettiler\/","title":{"rendered":"Ukraina Yuqar\u0131 \u015euras\u0131 \u0130nsan aqlar\u0131 ve milletlerara munasebetler boyunca komitet azalar\u0131 Aqmescit rayon\u0131nda q\u0131r\u0131mtatarlar toplu ya\u015fa\u011fan qasaban\u0131 ziyaret ettiler"},"content":{"rendered":"\n<p>2013 senesi aprel 11-de Ukraina Yuqar\u0131 \u015euras\u0131n\u0131\u00f1 \u0130nsan aqlar\u0131 ve milletlerara munasebetler boyunca komitet azalar\u0131 Q\u0131r\u0131m Yuqar\u0131 \u015euras\u0131nda \u00f6tkerilgen seyyar topla\u015fuvdan so\u00f1 Aqmescit rayon\u0131nda q\u0131r\u0131mtatarlar toplu ya\u015fa\u011fan qasaban\u0131 ziyaret ettiler.<\/p>\n\n\n\n<figure class=\"wp-block-image size-full\"><img loading=\"lazy\" decoding=\"async\" width=\"700\" height=\"525\" src=\"http:\/\/qtmm.org\/wp-content\/uploads\/2022\/01\/cimg1427.jpeg\" alt=\"\" class=\"wp-image-36452\" srcset=\"https:\/\/qtmm.org\/wp-content\/uploads\/2022\/01\/cimg1427.jpeg 700w, https:\/\/qtmm.org\/wp-content\/uploads\/2022\/01\/cimg1427-300x225.jpeg 300w\" sizes=\"auto, (max-width: 700px) 100vw, 700px\" \/><\/figure>\n\n\n\n<p>Bu qasaba bundan 20 y\u0131l evelsi s\u00fcrg\u00fcnlikten qaytqanlar taraf\u0131ndan quprul\u011fan edi. O vaq\u0131tta sovet akimiyeti Q\u0131r\u0131m\u011fa qaytayatqan q\u0131r\u0131mtatarlarn\u0131\u00f1 yolun\u0131 qapatmaq maqsad\u0131nda mesken quruc\u0131l\u0131\u011f\u0131, ya\u015fay\u0131\u015f \u015faraitlerini yaratuvda i\u00e7 bir t\u00fcrl\u00fc yard\u0131m etmediler, topraq ay\u0131r\u0131lmas\u0131na qatiyen qar\u015f\u0131 \u00e7\u0131qt\u0131lar. Akimiyetni\u00f1 b\u00f6yle davran\u0131\u015f\u0131 q\u0131r\u0131mtatarlarn\u0131\u00f1a aql\u0131 \u011fadab\u0131n\u0131 qoz\u011fad\u0131 ve olar b\u00fct\u00fcn bir qasabalarn\u0131 \u00f6z k\u00fc\u00e7lerinen qur\u0131p, topraqn\u0131 \u00f6z ba\u015f\u0131na i\u015f\u011fal etmek zoruna qald\u0131lar.<\/p>\n\n\n\n<figure class=\"wp-block-image size-full\"><img loading=\"lazy\" decoding=\"async\" width=\"700\" height=\"525\" src=\"http:\/\/qtmm.org\/wp-content\/uploads\/2022\/01\/cimg1446.jpeg\" alt=\"\" class=\"wp-image-36456\" srcset=\"https:\/\/qtmm.org\/wp-content\/uploads\/2022\/01\/cimg1446.jpeg 700w, https:\/\/qtmm.org\/wp-content\/uploads\/2022\/01\/cimg1446-300x225.jpeg 300w\" sizes=\"auto, (max-width: 700px) 100vw, 700px\" \/><\/figure>\n\n\n\n<p>Bu ise \u00f6z nevbetinde yar\u0131madada kerginlik meydan\u011fa kelmesine sebep\u00e7i ol\u0131p, baz\u0131da qanl\u0131 \u00e7arp\u0131\u015fmalarn\u0131 qoz\u011fay bilirdi. \u015eun\u0131 da qayd etmeli ki, q\u0131r\u0131mtatar qasabalarn\u0131\u00f1 bir \u00e7oqlar\u0131nda bug\u00fcn de zarur sotsial-medeniy obyektler yoq, gaz, suv, elektrik a\u011flar\u0131 ke\u00e7irilmegen. Bular i\u00e7\u00fcn endi ukrain akimiyeti mes\u00fclietlidir.<\/p>\n\n\n\n<figure class=\"wp-block-image size-full\"><img loading=\"lazy\" decoding=\"async\" width=\"700\" height=\"525\" src=\"http:\/\/qtmm.org\/wp-content\/uploads\/2022\/01\/cimg1438.jpeg\" alt=\"\" class=\"wp-image-36460\" srcset=\"https:\/\/qtmm.org\/wp-content\/uploads\/2022\/01\/cimg1438.jpeg 700w, https:\/\/qtmm.org\/wp-content\/uploads\/2022\/01\/cimg1438-300x225.jpeg 300w\" sizes=\"auto, (max-width: 700px) 100vw, 700px\" \/><\/figure>\n\n\n\n<p>Komitet reisi Valeriy Patskann\u0131\u00f1 yolba\u015f\u00e7\u0131l\u0131\u011f\u0131ndaki delegatsiya azalar\u0131, &#8220;Udar&#8221; partiyas\u0131ndan Ukraina halq deputat\u0131 Aleksandr Mo\u00e7kov ve Meclis reisi Mustafa Cemilev b\u00f6yle qasabalardan birisi Aqmescitteki Pionerskoye-3 qasabas\u0131n\u0131 ziyaret ettiler. Delegatsiyan\u0131 Meclis reisini\u00f1 birinci muavini Refat \u00c7ubarov, reis muavini Remzi \u0130lyasov, t\u0131\u015fq\u0131 al\u00e2qalar b\u00f6l\u00fcgini\u00f1 ba\u015f\u0131 Zair Smedl\u00e2yev ve topraq komissiyas\u0131n\u0131\u00f1 ba\u015f\u0131 Zevcet Kurtumerov oz\u011far\u0131p bard\u0131lar. Eni\u015fli-yoqu\u015fl\u0131 yollardan yetip bard\u0131\u011f\u0131 qasaba merkezinde deputatlar qasaba sakinlerinen k\u00f6r\u00fc\u015ftiler. Qasaban\u0131\u00f1 problemlerini deputatlar\u011fa ve musafirlerge \u015fu qasabada temeli qoyul\u011fan\u0131n\u0131\u00f1 birinci k\u00fcn\u00fcnden ailesinen ya\u015fa\u011fan 5 \u00e7a\u011f\u0131r\u0131l\u0131\u015f Qurultayn\u0131\u00f1 delegat\u0131, &#8220;Q\u0131r\u0131m&#8221; hayriye fond\u0131n\u0131\u00f1 ba\u015f direktor\u0131 Riza \u015eevqiyev tarif etti.<\/p>\n\n\n\n<figure class=\"wp-block-image size-full\"><img loading=\"lazy\" decoding=\"async\" width=\"700\" height=\"525\" src=\"http:\/\/qtmm.org\/wp-content\/uploads\/2022\/01\/cimg1433.jpeg\" alt=\"\" class=\"wp-image-36464\" srcset=\"https:\/\/qtmm.org\/wp-content\/uploads\/2022\/01\/cimg1433.jpeg 700w, https:\/\/qtmm.org\/wp-content\/uploads\/2022\/01\/cimg1433-300x225.jpeg 300w\" sizes=\"auto, (max-width: 700px) 100vw, 700px\" \/><\/figure>\n\n\n\n<p>Massiv sakinleri akimlerni\u00f1 adaletsiz munasebetlerini isbatla\u011fan konkret misaller ketirip, qasabada mektep, balalar ba\u011f\u00e7as\u0131, tibbiyet noqtas\u0131, yol ve elektirik yolu\u011f\u0131n\u0131 qayd ettiler.<\/p>\n\n\n\n<figure class=\"wp-block-image size-full\"><img loading=\"lazy\" decoding=\"async\" width=\"700\" height=\"525\" src=\"http:\/\/qtmm.org\/wp-content\/uploads\/2022\/01\/cimg1449.jpeg\" alt=\"\" class=\"wp-image-36468\" srcset=\"https:\/\/qtmm.org\/wp-content\/uploads\/2022\/01\/cimg1449.jpeg 700w, https:\/\/qtmm.org\/wp-content\/uploads\/2022\/01\/cimg1449-300x225.jpeg 300w\" sizes=\"auto, (max-width: 700px) 100vw, 700px\" \/><\/figure>\n\n\n\n<p>Komitet azalar\u0131 Q\u0131r\u0131m Yuqar\u0131 \u015euras\u0131nda 3 saat devam\u0131nda q\u0131r\u0131mtatar halq\u0131n\u0131\u00f1 vaziyetine dair meselelerni muzakere etken so\u00f1 vaziyetni\u00f1 ne derecede a\u011f\u0131r ol\u011fan\u0131n\u0131 kendi k\u00f6zlerinen k\u00f6rip iqrar old\u0131lar. Bu hususta fikir payla\u015fqan Ukraina Yuqar\u0131 \u015euras\u0131 Komitetini\u00f1 azalar\u0131 Q\u0131r\u0131mdaki vaziyetni t\u00fczetmek, q\u0131r\u0131mtatar halq\u0131n\u0131\u00f1 \u00f6g\u00fcnde tur\u011fan meselelerni \u00e7ezmek i\u015fini Ukraina akimiyeti \u00f6z nezareti alt\u0131na almaq kerekligini qayd ettiler.<\/p>\n\n\n\n<p>Ayr\u0131ca \u015fu da qayd etildi ki, Q\u0131r\u0131m akimiyeti kerginlikni y\u0131m\u015fatmaq yerine so\u00f1ki areketlerinen bu vaziyetni daa ziyade beterle\u015ftire.<\/p>\n\n\n\n<figure class=\"wp-block-image size-full\"><img loading=\"lazy\" decoding=\"async\" width=\"700\" height=\"525\" src=\"http:\/\/qtmm.org\/wp-content\/uploads\/2022\/01\/cimg1440_1.jpeg\" alt=\"\" class=\"wp-image-36472\" srcset=\"https:\/\/qtmm.org\/wp-content\/uploads\/2022\/01\/cimg1440_1.jpeg 700w, https:\/\/qtmm.org\/wp-content\/uploads\/2022\/01\/cimg1440_1-300x225.jpeg 300w\" sizes=\"auto, (max-width: 700px) 100vw, 700px\" \/><\/figure>\n","protected":false},"excerpt":{"rendered":"<p>2013 senesi aprel 11-de Ukraina Yuqar\u0131 \u015euras\u0131n\u0131\u00f1 \u0130nsan aqlar\u0131 ve milletlerara munasebetler boyunca komitet azalar\u0131 Q\u0131r\u0131m Yuqar\u0131 \u015euras\u0131nda \u00f6tkerilgen seyyar topla\u015fuvdan so\u00f1 Aqmescit rayon\u0131nda q\u0131r\u0131mtatarlar toplu ya\u015fa\u011fan qasaban\u0131 ziyaret ettiler. Bu qasaba bundan 20 y\u0131l evelsi s\u00fcrg\u00fcnlikten qaytqanlar taraf\u0131ndan quprul\u011fan edi. O vaq\u0131tta sovet akimiyeti Q\u0131r\u0131m\u011fa qaytayatqan q\u0131r\u0131mtatarlarn\u0131\u00f1 yolun\u0131 qapatmaq maqsad\u0131nda mesken quruc\u0131l\u0131\u011f\u0131, ya\u015fay\u0131\u015f \u015faraitlerini [&hellip;]<\/p>\n","protected":false},"author":1,"featured_media":0,"comment_status":"open","ping_status":"open","sticky":false,"template":"","format":"standard","meta":{"inline_featured_image":false,"footnotes":""},"categories":[265],"tags":[],"class_list":["post-36451","post","type-post","status-publish","format-standard","hentry","category-haberler"],"acf":[],"yoast_head":"<!-- This site is optimized with the Yoast SEO plugin v27.4 - https:\/\/yoast.com\/product\/yoast-seo-wordpress\/ -->\n<title>Ukraina Yuqar\u0131 \u015euras\u0131 \u0130nsan aqlar\u0131 ve milletlerara munasebetler boyunca komitet azalar\u0131 Aqmescit rayon\u0131nda q\u0131r\u0131mtatarlar toplu ya\u015fa\u011fan qasaban\u0131 ziyaret ettiler - \u041c\u0435\u0434\u0436\u043b\u0456\u0441<\/title>\n<meta name=\"robots\" content=\"index, follow, max-snippet:-1, max-image-preview:large, max-video-preview:-1\" \/>\n<link rel=\"canonical\" href=\"https:\/\/qtmm.org\/qt\/ukraina-yuqari-surasi-insan-aqlari-ve-milletlerara-munasebetler-boyunca-komitet-azalari-aqmescit-rayoninda-qirimtatarlar-toplu-yasagan-qasabani-ziyaret-ettiler\/\" \/>\n<meta property=\"og:locale\" content=\"en_US\" \/>\n<meta property=\"og:type\" content=\"article\" \/>\n<meta property=\"og:title\" content=\"Ukraina Yuqar\u0131 \u015euras\u0131 \u0130nsan aqlar\u0131 ve milletlerara munasebetler boyunca komitet azalar\u0131 Aqmescit rayon\u0131nda q\u0131r\u0131mtatarlar toplu ya\u015fa\u011fan qasaban\u0131 ziyaret ettiler - \u041c\u0435\u0434\u0436\u043b\u0456\u0441\" \/>\n<meta property=\"og:description\" content=\"2013 senesi aprel 11-de Ukraina Yuqar\u0131 \u015euras\u0131n\u0131\u00f1 \u0130nsan aqlar\u0131 ve milletlerara munasebetler boyunca komitet azalar\u0131 Q\u0131r\u0131m Yuqar\u0131 \u015euras\u0131nda \u00f6tkerilgen seyyar topla\u015fuvdan so\u00f1 Aqmescit rayon\u0131nda q\u0131r\u0131mtatarlar toplu ya\u015fa\u011fan qasaban\u0131 ziyaret ettiler. Bu qasaba bundan 20 y\u0131l evelsi s\u00fcrg\u00fcnlikten qaytqanlar taraf\u0131ndan quprul\u011fan edi. O vaq\u0131tta sovet akimiyeti Q\u0131r\u0131m\u011fa qaytayatqan q\u0131r\u0131mtatarlarn\u0131\u00f1 yolun\u0131 qapatmaq maqsad\u0131nda mesken quruc\u0131l\u0131\u011f\u0131, ya\u015fay\u0131\u015f \u015faraitlerini [&hellip;]\" \/>\n<meta property=\"og:url\" content=\"https:\/\/qtmm.org\/qt\/ukraina-yuqari-surasi-insan-aqlari-ve-milletlerara-munasebetler-boyunca-komitet-azalari-aqmescit-rayoninda-qirimtatarlar-toplu-yasagan-qasabani-ziyaret-ettiler\/\" \/>\n<meta property=\"og:site_name\" content=\"\u041c\u0435\u0434\u0436\u043b\u0456\u0441\" \/>\n<meta property=\"article:publisher\" content=\"https:\/\/www.facebook.com\/qtmm.info\/\" \/>\n<meta property=\"article:published_time\" content=\"2013-04-12T15:34:00+00:00\" \/>\n<meta property=\"article:modified_time\" content=\"2022-01-23T15:36:25+00:00\" \/>\n<meta property=\"og:image\" content=\"https:\/\/qtmm.org\/wp-content\/uploads\/2022\/01\/cimg1427.jpeg\" \/>\n\t<meta property=\"og:image:width\" content=\"700\" \/>\n\t<meta property=\"og:image:height\" content=\"525\" \/>\n\t<meta property=\"og:image:type\" content=\"image\/jpeg\" \/>\n<meta name=\"author\" content=\"Developer\" \/>\n<meta name=\"twitter:card\" content=\"summary_large_image\" \/>\n<meta name=\"twitter:label1\" content=\"Written by\" \/>\n\t<meta name=\"twitter:data1\" content=\"Developer\" \/>\n\t<meta name=\"twitter:label2\" content=\"Est. reading time\" \/>\n\t<meta name=\"twitter:data2\" content=\"2 minutes\" \/>\n<script type=\"application\/ld+json\" class=\"yoast-schema-graph\">{\"@context\":\"https:\\\/\\\/schema.org\",\"@graph\":[{\"@type\":\"Article\",\"@id\":\"https:\\\/\\\/qtmm.org\\\/qt\\\/ukraina-yuqari-surasi-insan-aqlari-ve-milletlerara-munasebetler-boyunca-komitet-azalari-aqmescit-rayoninda-qirimtatarlar-toplu-yasagan-qasabani-ziyaret-ettiler\\\/#article\",\"isPartOf\":{\"@id\":\"https:\\\/\\\/qtmm.org\\\/qt\\\/ukraina-yuqari-surasi-insan-aqlari-ve-milletlerara-munasebetler-boyunca-komitet-azalari-aqmescit-rayoninda-qirimtatarlar-toplu-yasagan-qasabani-ziyaret-ettiler\\\/\"},\"author\":{\"name\":\"Developer\",\"@id\":\"https:\\\/\\\/qtmm.org\\\/qt\\\/#\\\/schema\\\/person\\\/de562469f971dec226ac06e60bbf74a7\"},\"headline\":\"Ukraina Yuqar\u0131 \u015euras\u0131 \u0130nsan aqlar\u0131 ve milletlerara munasebetler boyunca komitet azalar\u0131 Aqmescit rayon\u0131nda q\u0131r\u0131mtatarlar toplu ya\u015fa\u011fan qasaban\u0131 ziyaret ettiler\",\"datePublished\":\"2013-04-12T15:34:00+00:00\",\"dateModified\":\"2022-01-23T15:36:25+00:00\",\"mainEntityOfPage\":{\"@id\":\"https:\\\/\\\/qtmm.org\\\/qt\\\/ukraina-yuqari-surasi-insan-aqlari-ve-milletlerara-munasebetler-boyunca-komitet-azalari-aqmescit-rayoninda-qirimtatarlar-toplu-yasagan-qasabani-ziyaret-ettiler\\\/\"},\"wordCount\":453,\"commentCount\":0,\"publisher\":{\"@id\":\"https:\\\/\\\/qtmm.org\\\/qt\\\/#organization\"},\"image\":{\"@id\":\"https:\\\/\\\/qtmm.org\\\/qt\\\/ukraina-yuqari-surasi-insan-aqlari-ve-milletlerara-munasebetler-boyunca-komitet-azalari-aqmescit-rayoninda-qirimtatarlar-toplu-yasagan-qasabani-ziyaret-ettiler\\\/#primaryimage\"},\"thumbnailUrl\":\"http:\\\/\\\/qtmm.org\\\/wp-content\\\/uploads\\\/2022\\\/01\\\/cimg1427.jpeg\",\"articleSection\":[\"Haberler\"],\"inLanguage\":\"qt\",\"potentialAction\":[{\"@type\":\"CommentAction\",\"name\":\"Comment\",\"target\":[\"https:\\\/\\\/qtmm.org\\\/qt\\\/ukraina-yuqari-surasi-insan-aqlari-ve-milletlerara-munasebetler-boyunca-komitet-azalari-aqmescit-rayoninda-qirimtatarlar-toplu-yasagan-qasabani-ziyaret-ettiler\\\/#respond\"]}]},{\"@type\":\"WebPage\",\"@id\":\"https:\\\/\\\/qtmm.org\\\/qt\\\/ukraina-yuqari-surasi-insan-aqlari-ve-milletlerara-munasebetler-boyunca-komitet-azalari-aqmescit-rayoninda-qirimtatarlar-toplu-yasagan-qasabani-ziyaret-ettiler\\\/\",\"url\":\"https:\\\/\\\/qtmm.org\\\/qt\\\/ukraina-yuqari-surasi-insan-aqlari-ve-milletlerara-munasebetler-boyunca-komitet-azalari-aqmescit-rayoninda-qirimtatarlar-toplu-yasagan-qasabani-ziyaret-ettiler\\\/\",\"name\":\"Ukraina Yuqar\u0131 \u015euras\u0131 \u0130nsan aqlar\u0131 ve milletlerara munasebetler boyunca komitet azalar\u0131 Aqmescit rayon\u0131nda q\u0131r\u0131mtatarlar toplu ya\u015fa\u011fan qasaban\u0131 ziyaret ettiler - \u041c\u0435\u0434\u0436\u043b\u0456\u0441\",\"isPartOf\":{\"@id\":\"https:\\\/\\\/qtmm.org\\\/qt\\\/#website\"},\"primaryImageOfPage\":{\"@id\":\"https:\\\/\\\/qtmm.org\\\/qt\\\/ukraina-yuqari-surasi-insan-aqlari-ve-milletlerara-munasebetler-boyunca-komitet-azalari-aqmescit-rayoninda-qirimtatarlar-toplu-yasagan-qasabani-ziyaret-ettiler\\\/#primaryimage\"},\"image\":{\"@id\":\"https:\\\/\\\/qtmm.org\\\/qt\\\/ukraina-yuqari-surasi-insan-aqlari-ve-milletlerara-munasebetler-boyunca-komitet-azalari-aqmescit-rayoninda-qirimtatarlar-toplu-yasagan-qasabani-ziyaret-ettiler\\\/#primaryimage\"},\"thumbnailUrl\":\"http:\\\/\\\/qtmm.org\\\/wp-content\\\/uploads\\\/2022\\\/01\\\/cimg1427.jpeg\",\"datePublished\":\"2013-04-12T15:34:00+00:00\",\"dateModified\":\"2022-01-23T15:36:25+00:00\",\"breadcrumb\":{\"@id\":\"https:\\\/\\\/qtmm.org\\\/qt\\\/ukraina-yuqari-surasi-insan-aqlari-ve-milletlerara-munasebetler-boyunca-komitet-azalari-aqmescit-rayoninda-qirimtatarlar-toplu-yasagan-qasabani-ziyaret-ettiler\\\/#breadcrumb\"},\"inLanguage\":\"qt\",\"potentialAction\":[{\"@type\":\"ReadAction\",\"target\":[\"https:\\\/\\\/qtmm.org\\\/qt\\\/ukraina-yuqari-surasi-insan-aqlari-ve-milletlerara-munasebetler-boyunca-komitet-azalari-aqmescit-rayoninda-qirimtatarlar-toplu-yasagan-qasabani-ziyaret-ettiler\\\/\"]}]},{\"@type\":\"ImageObject\",\"inLanguage\":\"qt\",\"@id\":\"https:\\\/\\\/qtmm.org\\\/qt\\\/ukraina-yuqari-surasi-insan-aqlari-ve-milletlerara-munasebetler-boyunca-komitet-azalari-aqmescit-rayoninda-qirimtatarlar-toplu-yasagan-qasabani-ziyaret-ettiler\\\/#primaryimage\",\"url\":\"http:\\\/\\\/qtmm.org\\\/wp-content\\\/uploads\\\/2022\\\/01\\\/cimg1427.jpeg\",\"contentUrl\":\"http:\\\/\\\/qtmm.org\\\/wp-content\\\/uploads\\\/2022\\\/01\\\/cimg1427.jpeg\"},{\"@type\":\"BreadcrumbList\",\"@id\":\"https:\\\/\\\/qtmm.org\\\/qt\\\/ukraina-yuqari-surasi-insan-aqlari-ve-milletlerara-munasebetler-boyunca-komitet-azalari-aqmescit-rayoninda-qirimtatarlar-toplu-yasagan-qasabani-ziyaret-ettiler\\\/#breadcrumb\",\"itemListElement\":[{\"@type\":\"ListItem\",\"position\":1,\"name\":\"\u0413\u043e\u043b\u043e\u0432\u043d\u0430\",\"item\":\"https:\\\/\\\/qtmm.org\\\/qt\\\/\"},{\"@type\":\"ListItem\",\"position\":2,\"name\":\"Ukraina Yuqar\u0131 \u015euras\u0131 \u0130nsan aqlar\u0131 ve milletlerara munasebetler boyunca komitet azalar\u0131 Aqmescit rayon\u0131nda q\u0131r\u0131mtatarlar toplu ya\u015fa\u011fan qasaban\u0131 ziyaret ettiler\"}]},{\"@type\":\"WebSite\",\"@id\":\"https:\\\/\\\/qtmm.org\\\/qt\\\/#website\",\"url\":\"https:\\\/\\\/qtmm.org\\\/qt\\\/\",\"name\":\"\u041c\u0435\u0434\u0436\u043b\u0456\u0441\",\"description\":\"\",\"publisher\":{\"@id\":\"https:\\\/\\\/qtmm.org\\\/qt\\\/#organization\"},\"potentialAction\":[{\"@type\":\"SearchAction\",\"target\":{\"@type\":\"EntryPoint\",\"urlTemplate\":\"https:\\\/\\\/qtmm.org\\\/qt\\\/?s={search_term_string}\"},\"query-input\":{\"@type\":\"PropertyValueSpecification\",\"valueRequired\":true,\"valueName\":\"search_term_string\"}}],\"inLanguage\":\"qt\"},{\"@type\":\"Organization\",\"@id\":\"https:\\\/\\\/qtmm.org\\\/qt\\\/#organization\",\"name\":\"\u041c\u0435\u0434\u0436\u043b\u0456\u0441\",\"url\":\"https:\\\/\\\/qtmm.org\\\/qt\\\/\",\"logo\":{\"@type\":\"ImageObject\",\"inLanguage\":\"qt\",\"@id\":\"https:\\\/\\\/qtmm.org\\\/qt\\\/#\\\/schema\\\/logo\\\/image\\\/\",\"url\":\"https:\\\/\\\/qtmm.org\\\/wp-content\\\/uploads\\\/2024\\\/12\\\/ua-mejlis-logo-rgb.svg\",\"contentUrl\":\"https:\\\/\\\/qtmm.org\\\/wp-content\\\/uploads\\\/2024\\\/12\\\/ua-mejlis-logo-rgb.svg\",\"caption\":\"\u041c\u0435\u0434\u0436\u043b\u0456\u0441\"},\"image\":{\"@id\":\"https:\\\/\\\/qtmm.org\\\/qt\\\/#\\\/schema\\\/logo\\\/image\\\/\"},\"sameAs\":[\"https:\\\/\\\/www.facebook.com\\\/qtmm.info\\\/\"]},{\"@type\":\"Person\",\"@id\":\"https:\\\/\\\/qtmm.org\\\/qt\\\/#\\\/schema\\\/person\\\/de562469f971dec226ac06e60bbf74a7\",\"name\":\"Developer\",\"image\":{\"@type\":\"ImageObject\",\"inLanguage\":\"qt\",\"@id\":\"https:\\\/\\\/secure.gravatar.com\\\/avatar\\\/392b4cc8fbfeb00b39dfeeab4ee6edded39ffd48e25858637e4765810300227e?s=96&d=mm&r=g\",\"url\":\"https:\\\/\\\/secure.gravatar.com\\\/avatar\\\/392b4cc8fbfeb00b39dfeeab4ee6edded39ffd48e25858637e4765810300227e?s=96&d=mm&r=g\",\"contentUrl\":\"https:\\\/\\\/secure.gravatar.com\\\/avatar\\\/392b4cc8fbfeb00b39dfeeab4ee6edded39ffd48e25858637e4765810300227e?s=96&d=mm&r=g\",\"caption\":\"Developer\"},\"url\":\"https:\\\/\\\/qtmm.org\\\/qt\\\/author\\\/Developer\\\/\"}]}<\/script>\n<!-- \/ Yoast SEO plugin. -->","yoast_head_json":{"title":"Ukraina Yuqar\u0131 \u015euras\u0131 \u0130nsan aqlar\u0131 ve milletlerara munasebetler boyunca komitet azalar\u0131 Aqmescit rayon\u0131nda q\u0131r\u0131mtatarlar toplu ya\u015fa\u011fan qasaban\u0131 ziyaret ettiler - \u041c\u0435\u0434\u0436\u043b\u0456\u0441","robots":{"index":"index","follow":"follow","max-snippet":"max-snippet:-1","max-image-preview":"max-image-preview:large","max-video-preview":"max-video-preview:-1"},"canonical":"https:\/\/qtmm.org\/qt\/ukraina-yuqari-surasi-insan-aqlari-ve-milletlerara-munasebetler-boyunca-komitet-azalari-aqmescit-rayoninda-qirimtatarlar-toplu-yasagan-qasabani-ziyaret-ettiler\/","og_locale":"en_US","og_type":"article","og_title":"Ukraina Yuqar\u0131 \u015euras\u0131 \u0130nsan aqlar\u0131 ve milletlerara munasebetler boyunca komitet azalar\u0131 Aqmescit rayon\u0131nda q\u0131r\u0131mtatarlar toplu ya\u015fa\u011fan qasaban\u0131 ziyaret ettiler - \u041c\u0435\u0434\u0436\u043b\u0456\u0441","og_description":"2013 senesi aprel 11-de Ukraina Yuqar\u0131 \u015euras\u0131n\u0131\u00f1 \u0130nsan aqlar\u0131 ve milletlerara munasebetler boyunca komitet azalar\u0131 Q\u0131r\u0131m Yuqar\u0131 \u015euras\u0131nda \u00f6tkerilgen seyyar topla\u015fuvdan so\u00f1 Aqmescit rayon\u0131nda q\u0131r\u0131mtatarlar toplu ya\u015fa\u011fan qasaban\u0131 ziyaret ettiler. Bu qasaba bundan 20 y\u0131l evelsi s\u00fcrg\u00fcnlikten qaytqanlar taraf\u0131ndan quprul\u011fan edi. O vaq\u0131tta sovet akimiyeti Q\u0131r\u0131m\u011fa qaytayatqan q\u0131r\u0131mtatarlarn\u0131\u00f1 yolun\u0131 qapatmaq maqsad\u0131nda mesken quruc\u0131l\u0131\u011f\u0131, ya\u015fay\u0131\u015f \u015faraitlerini [&hellip;]","og_url":"https:\/\/qtmm.org\/qt\/ukraina-yuqari-surasi-insan-aqlari-ve-milletlerara-munasebetler-boyunca-komitet-azalari-aqmescit-rayoninda-qirimtatarlar-toplu-yasagan-qasabani-ziyaret-ettiler\/","og_site_name":"\u041c\u0435\u0434\u0436\u043b\u0456\u0441","article_publisher":"https:\/\/www.facebook.com\/qtmm.info\/","article_published_time":"2013-04-12T15:34:00+00:00","article_modified_time":"2022-01-23T15:36:25+00:00","og_image":[{"width":700,"height":525,"url":"https:\/\/qtmm.org\/wp-content\/uploads\/2022\/01\/cimg1427.jpeg","type":"image\/jpeg"}],"author":"Developer","twitter_card":"summary_large_image","twitter_misc":{"Written by":"Developer","Est. reading time":"2 minutes"},"schema":{"@context":"https:\/\/schema.org","@graph":[{"@type":"Article","@id":"https:\/\/qtmm.org\/qt\/ukraina-yuqari-surasi-insan-aqlari-ve-milletlerara-munasebetler-boyunca-komitet-azalari-aqmescit-rayoninda-qirimtatarlar-toplu-yasagan-qasabani-ziyaret-ettiler\/#article","isPartOf":{"@id":"https:\/\/qtmm.org\/qt\/ukraina-yuqari-surasi-insan-aqlari-ve-milletlerara-munasebetler-boyunca-komitet-azalari-aqmescit-rayoninda-qirimtatarlar-toplu-yasagan-qasabani-ziyaret-ettiler\/"},"author":{"name":"Developer","@id":"https:\/\/qtmm.org\/qt\/#\/schema\/person\/de562469f971dec226ac06e60bbf74a7"},"headline":"Ukraina Yuqar\u0131 \u015euras\u0131 \u0130nsan aqlar\u0131 ve milletlerara munasebetler boyunca komitet azalar\u0131 Aqmescit rayon\u0131nda q\u0131r\u0131mtatarlar toplu ya\u015fa\u011fan qasaban\u0131 ziyaret ettiler","datePublished":"2013-04-12T15:34:00+00:00","dateModified":"2022-01-23T15:36:25+00:00","mainEntityOfPage":{"@id":"https:\/\/qtmm.org\/qt\/ukraina-yuqari-surasi-insan-aqlari-ve-milletlerara-munasebetler-boyunca-komitet-azalari-aqmescit-rayoninda-qirimtatarlar-toplu-yasagan-qasabani-ziyaret-ettiler\/"},"wordCount":453,"commentCount":0,"publisher":{"@id":"https:\/\/qtmm.org\/qt\/#organization"},"image":{"@id":"https:\/\/qtmm.org\/qt\/ukraina-yuqari-surasi-insan-aqlari-ve-milletlerara-munasebetler-boyunca-komitet-azalari-aqmescit-rayoninda-qirimtatarlar-toplu-yasagan-qasabani-ziyaret-ettiler\/#primaryimage"},"thumbnailUrl":"http:\/\/qtmm.org\/wp-content\/uploads\/2022\/01\/cimg1427.jpeg","articleSection":["Haberler"],"inLanguage":"qt","potentialAction":[{"@type":"CommentAction","name":"Comment","target":["https:\/\/qtmm.org\/qt\/ukraina-yuqari-surasi-insan-aqlari-ve-milletlerara-munasebetler-boyunca-komitet-azalari-aqmescit-rayoninda-qirimtatarlar-toplu-yasagan-qasabani-ziyaret-ettiler\/#respond"]}]},{"@type":"WebPage","@id":"https:\/\/qtmm.org\/qt\/ukraina-yuqari-surasi-insan-aqlari-ve-milletlerara-munasebetler-boyunca-komitet-azalari-aqmescit-rayoninda-qirimtatarlar-toplu-yasagan-qasabani-ziyaret-ettiler\/","url":"https:\/\/qtmm.org\/qt\/ukraina-yuqari-surasi-insan-aqlari-ve-milletlerara-munasebetler-boyunca-komitet-azalari-aqmescit-rayoninda-qirimtatarlar-toplu-yasagan-qasabani-ziyaret-ettiler\/","name":"Ukraina Yuqar\u0131 \u015euras\u0131 \u0130nsan aqlar\u0131 ve milletlerara munasebetler boyunca komitet azalar\u0131 Aqmescit rayon\u0131nda q\u0131r\u0131mtatarlar toplu ya\u015fa\u011fan qasaban\u0131 ziyaret ettiler - \u041c\u0435\u0434\u0436\u043b\u0456\u0441","isPartOf":{"@id":"https:\/\/qtmm.org\/qt\/#website"},"primaryImageOfPage":{"@id":"https:\/\/qtmm.org\/qt\/ukraina-yuqari-surasi-insan-aqlari-ve-milletlerara-munasebetler-boyunca-komitet-azalari-aqmescit-rayoninda-qirimtatarlar-toplu-yasagan-qasabani-ziyaret-ettiler\/#primaryimage"},"image":{"@id":"https:\/\/qtmm.org\/qt\/ukraina-yuqari-surasi-insan-aqlari-ve-milletlerara-munasebetler-boyunca-komitet-azalari-aqmescit-rayoninda-qirimtatarlar-toplu-yasagan-qasabani-ziyaret-ettiler\/#primaryimage"},"thumbnailUrl":"http:\/\/qtmm.org\/wp-content\/uploads\/2022\/01\/cimg1427.jpeg","datePublished":"2013-04-12T15:34:00+00:00","dateModified":"2022-01-23T15:36:25+00:00","breadcrumb":{"@id":"https:\/\/qtmm.org\/qt\/ukraina-yuqari-surasi-insan-aqlari-ve-milletlerara-munasebetler-boyunca-komitet-azalari-aqmescit-rayoninda-qirimtatarlar-toplu-yasagan-qasabani-ziyaret-ettiler\/#breadcrumb"},"inLanguage":"qt","potentialAction":[{"@type":"ReadAction","target":["https:\/\/qtmm.org\/qt\/ukraina-yuqari-surasi-insan-aqlari-ve-milletlerara-munasebetler-boyunca-komitet-azalari-aqmescit-rayoninda-qirimtatarlar-toplu-yasagan-qasabani-ziyaret-ettiler\/"]}]},{"@type":"ImageObject","inLanguage":"qt","@id":"https:\/\/qtmm.org\/qt\/ukraina-yuqari-surasi-insan-aqlari-ve-milletlerara-munasebetler-boyunca-komitet-azalari-aqmescit-rayoninda-qirimtatarlar-toplu-yasagan-qasabani-ziyaret-ettiler\/#primaryimage","url":"http:\/\/qtmm.org\/wp-content\/uploads\/2022\/01\/cimg1427.jpeg","contentUrl":"http:\/\/qtmm.org\/wp-content\/uploads\/2022\/01\/cimg1427.jpeg"},{"@type":"BreadcrumbList","@id":"https:\/\/qtmm.org\/qt\/ukraina-yuqari-surasi-insan-aqlari-ve-milletlerara-munasebetler-boyunca-komitet-azalari-aqmescit-rayoninda-qirimtatarlar-toplu-yasagan-qasabani-ziyaret-ettiler\/#breadcrumb","itemListElement":[{"@type":"ListItem","position":1,"name":"\u0413\u043e\u043b\u043e\u0432\u043d\u0430","item":"https:\/\/qtmm.org\/qt\/"},{"@type":"ListItem","position":2,"name":"Ukraina Yuqar\u0131 \u015euras\u0131 \u0130nsan aqlar\u0131 ve milletlerara munasebetler boyunca komitet azalar\u0131 Aqmescit rayon\u0131nda q\u0131r\u0131mtatarlar toplu ya\u015fa\u011fan qasaban\u0131 ziyaret ettiler"}]},{"@type":"WebSite","@id":"https:\/\/qtmm.org\/qt\/#website","url":"https:\/\/qtmm.org\/qt\/","name":"\u041c\u0435\u0434\u0436\u043b\u0456\u0441","description":"","publisher":{"@id":"https:\/\/qtmm.org\/qt\/#organization"},"potentialAction":[{"@type":"SearchAction","target":{"@type":"EntryPoint","urlTemplate":"https:\/\/qtmm.org\/qt\/?s={search_term_string}"},"query-input":{"@type":"PropertyValueSpecification","valueRequired":true,"valueName":"search_term_string"}}],"inLanguage":"qt"},{"@type":"Organization","@id":"https:\/\/qtmm.org\/qt\/#organization","name":"\u041c\u0435\u0434\u0436\u043b\u0456\u0441","url":"https:\/\/qtmm.org\/qt\/","logo":{"@type":"ImageObject","inLanguage":"qt","@id":"https:\/\/qtmm.org\/qt\/#\/schema\/logo\/image\/","url":"https:\/\/qtmm.org\/wp-content\/uploads\/2024\/12\/ua-mejlis-logo-rgb.svg","contentUrl":"https:\/\/qtmm.org\/wp-content\/uploads\/2024\/12\/ua-mejlis-logo-rgb.svg","caption":"\u041c\u0435\u0434\u0436\u043b\u0456\u0441"},"image":{"@id":"https:\/\/qtmm.org\/qt\/#\/schema\/logo\/image\/"},"sameAs":["https:\/\/www.facebook.com\/qtmm.info\/"]},{"@type":"Person","@id":"https:\/\/qtmm.org\/qt\/#\/schema\/person\/de562469f971dec226ac06e60bbf74a7","name":"Developer","image":{"@type":"ImageObject","inLanguage":"qt","@id":"https:\/\/secure.gravatar.com\/avatar\/392b4cc8fbfeb00b39dfeeab4ee6edded39ffd48e25858637e4765810300227e?s=96&d=mm&r=g","url":"https:\/\/secure.gravatar.com\/avatar\/392b4cc8fbfeb00b39dfeeab4ee6edded39ffd48e25858637e4765810300227e?s=96&d=mm&r=g","contentUrl":"https:\/\/secure.gravatar.com\/avatar\/392b4cc8fbfeb00b39dfeeab4ee6edded39ffd48e25858637e4765810300227e?s=96&d=mm&r=g","caption":"Developer"},"url":"https:\/\/qtmm.org\/qt\/author\/Developer\/"}]}},"_links":{"self":[{"href":"https:\/\/qtmm.org\/qt\/wp-json\/wp\/v2\/posts\/36451","targetHints":{"allow":["GET"]}}],"collection":[{"href":"https:\/\/qtmm.org\/qt\/wp-json\/wp\/v2\/posts"}],"about":[{"href":"https:\/\/qtmm.org\/qt\/wp-json\/wp\/v2\/types\/post"}],"author":[{"embeddable":true,"href":"https:\/\/qtmm.org\/qt\/wp-json\/wp\/v2\/users\/1"}],"replies":[{"embeddable":true,"href":"https:\/\/qtmm.org\/qt\/wp-json\/wp\/v2\/comments?post=36451"}],"version-history":[{"count":1,"href":"https:\/\/qtmm.org\/qt\/wp-json\/wp\/v2\/posts\/36451\/revisions"}],"predecessor-version":[{"id":36476,"href":"https:\/\/qtmm.org\/qt\/wp-json\/wp\/v2\/posts\/36451\/revisions\/36476"}],"wp:attachment":[{"href":"https:\/\/qtmm.org\/qt\/wp-json\/wp\/v2\/media?parent=36451"}],"wp:term":[{"taxonomy":"category","embeddable":true,"href":"https:\/\/qtmm.org\/qt\/wp-json\/wp\/v2\/categories?post=36451"},{"taxonomy":"post_tag","embeddable":true,"href":"https:\/\/qtmm.org\/qt\/wp-json\/wp\/v2\/tags?post=36451"}],"curies":[{"name":"wp","href":"https:\/\/api.w.org\/{rel}","templated":true}]}}