




{"id":36449,"date":"2013-04-11T18:33:00","date_gmt":"2013-04-11T15:33:00","guid":{"rendered":"http:\/\/qtmm.org\/?p=36449"},"modified":"2022-01-23T18:34:04","modified_gmt":"2022-01-23T15:34:04","slug":"meclis-reisi-mustafa-cemilev-biskek-anlasmasinin-muddetini-daa-10-yilga-devam-ettirmekni-talap-ete","status":"publish","type":"post","link":"https:\/\/qtmm.org\/qt\/meclis-reisi-mustafa-cemilev-biskek-anlasmasinin-muddetini-daa-10-yilga-devam-ettirmekni-talap-ete\/","title":{"rendered":"Meclis reisi Mustafa Cemilev Bi\u015fkek a\u00f1la\u015fmas\u0131n\u0131\u00f1 m\u00fcddetini daa 10 y\u0131l\u011fa devam ettirmekni talap ete"},"content":{"rendered":"\n<p>Aprel 11-de Q\u0131r\u0131m Yuqar\u0131 \u015euras\u0131nda Ukraina Yuqar\u0131 \u015euras\u0131n\u0131\u00f1 \u0130nsan aqlar\u0131, milliy azl\u0131qlar ve milletlerara munasebetler meseleleri boyunca komitetni\u00f1 seyyar topla\u015fuv\u0131 ol\u0131p ke\u00e7ti. K\u00f6r\u00fc\u015f\u00fcv Komitetni\u00f1 milliy siyaset, tam\u0131r halqlarn\u0131\u00f1 ve milliy azl\u0131qlarn\u0131\u00f1 aqlar\u0131 boyunca b\u00f6l\u00fcgini\u00f1 ba\u015f\u0131, Meclis reisi Mustafa Cemilevni\u00f1 te\u015febb\u00fcsi ile old\u0131.<\/p>\n\n\n\n<p>Topla\u015fuada \u00e7\u0131q\u0131\u015fta bulun\u011fan Mustafa Cemilev &#8220;S\u00fcrg\u00fcn etilgen \u015fah\u0131slar, milliy azl\u0131qlar ve halqlarn\u0131\u00f1 aqlar\u0131n\u0131 tiklevnen ba\u011fl\u0131 meseleler boyunca a\u00f1la\u015fma&#8221; yani Bi\u015fkek a\u00f1la\u015fmas\u0131n\u0131\u00f1 m\u00fcddeti bitmek \u00fczre ol\u011fan\u0131n\u0131 hat\u0131rlatt\u0131.<\/p>\n\n\n\n<p>Mal\u00fcm ki, 1992 senesi okt\u00e2br 9-da Ukraina devletini\u00f1 te\u015febb\u00fcsinen Bi\u015fkekte bu a\u00f1la\u015fman\u0131 MDB (mustaqil devletler birligi&#8221;) devletleri imzala\u011fan ediler.<\/p>\n\n\n\n<p>&#8220;Bu pek m\u00fcim vesiqad\u0131r, Bi\u015fkek a\u00f1la\u015fmas\u0131ndaki epsi 12 maddeni\u00f1 eda olunmas\u0131 s\u00fcrg\u00fcn etilgenlerni\u00f1 avdetini ve yerle\u015fmesini baya\u011f\u0131 yengille\u015ftirir edi. Amma, teess\u00fcf ki bu a\u00f1la\u015fman\u0131 imzala\u011fan baz\u0131 devletler, \u015fu c\u00fcmleden Rusiye on\u0131 tan\u0131mad\u0131, tan\u0131\u011fanlarn\u0131\u00f1 baz\u0131lar\u0131 ise a\u00f1la\u015fma talaplar\u0131na asl\u0131 da riayet etmediler, &#8211; dep qayd etti M. Cemilev. \u2013 2003 senesi Ukraina Yuqar\u0131 \u015euras\u0131 bu a\u00f1la\u015fman\u0131\u00f1 m\u00fcddetini daa 10 y\u0131l\u011fa sozd\u0131. \u00c7\u00fcnki qaytuv ceryan\u0131 daa so\u00f1una kelmedi, a\u00f1la\u015fma m\u00fcddeti ise may\u0131s ay\u0131nda bitecek. Demek, Ukraina Yuqar\u0131 \u015euras\u0131 a\u00f1la\u015fman\u0131\u00f1 m\u00fcddetini daa 10 y\u0131l\u011fa devam ettirmeli&#8221;.<\/p>\n","protected":false},"excerpt":{"rendered":"<p>Aprel 11-de Q\u0131r\u0131m Yuqar\u0131 \u015euras\u0131nda Ukraina Yuqar\u0131 \u015euras\u0131n\u0131\u00f1 \u0130nsan aqlar\u0131, milliy azl\u0131qlar ve milletlerara munasebetler meseleleri boyunca komitetni\u00f1 seyyar topla\u015fuv\u0131 ol\u0131p ke\u00e7ti. K\u00f6r\u00fc\u015f\u00fcv Komitetni\u00f1 milliy siyaset, tam\u0131r halqlarn\u0131\u00f1 ve milliy azl\u0131qlarn\u0131\u00f1 aqlar\u0131 boyunca b\u00f6l\u00fcgini\u00f1 ba\u015f\u0131, Meclis reisi Mustafa Cemilevni\u00f1 te\u015febb\u00fcsi ile old\u0131. Topla\u015fuada \u00e7\u0131q\u0131\u015fta bulun\u011fan Mustafa Cemilev &#8220;S\u00fcrg\u00fcn etilgen \u015fah\u0131slar, milliy azl\u0131qlar ve halqlarn\u0131\u00f1 aqlar\u0131n\u0131 [&hellip;]<\/p>\n","protected":false},"author":1,"featured_media":0,"comment_status":"open","ping_status":"open","sticky":false,"template":"","format":"standard","meta":{"inline_featured_image":false,"footnotes":""},"categories":[265],"tags":[],"class_list":["post-36449","post","type-post","status-publish","format-standard","hentry","category-haberler"],"acf":[],"yoast_head":"<!-- This site is optimized with the Yoast SEO plugin v27.4 - https:\/\/yoast.com\/product\/yoast-seo-wordpress\/ -->\n<title>Meclis reisi Mustafa Cemilev Bi\u015fkek a\u00f1la\u015fmas\u0131n\u0131\u00f1 m\u00fcddetini daa 10 y\u0131l\u011fa devam ettirmekni talap ete - \u041c\u0435\u0434\u0436\u043b\u0456\u0441<\/title>\n<meta name=\"robots\" content=\"index, follow, max-snippet:-1, max-image-preview:large, max-video-preview:-1\" \/>\n<link rel=\"canonical\" href=\"https:\/\/qtmm.org\/qt\/meclis-reisi-mustafa-cemilev-biskek-anlasmasinin-muddetini-daa-10-yilga-devam-ettirmekni-talap-ete\/\" \/>\n<meta property=\"og:locale\" content=\"en_US\" \/>\n<meta property=\"og:type\" content=\"article\" \/>\n<meta property=\"og:title\" content=\"Meclis reisi Mustafa Cemilev Bi\u015fkek a\u00f1la\u015fmas\u0131n\u0131\u00f1 m\u00fcddetini daa 10 y\u0131l\u011fa devam ettirmekni talap ete - \u041c\u0435\u0434\u0436\u043b\u0456\u0441\" \/>\n<meta property=\"og:description\" content=\"Aprel 11-de Q\u0131r\u0131m Yuqar\u0131 \u015euras\u0131nda Ukraina Yuqar\u0131 \u015euras\u0131n\u0131\u00f1 \u0130nsan aqlar\u0131, milliy azl\u0131qlar ve milletlerara munasebetler meseleleri boyunca komitetni\u00f1 seyyar topla\u015fuv\u0131 ol\u0131p ke\u00e7ti. K\u00f6r\u00fc\u015f\u00fcv Komitetni\u00f1 milliy siyaset, tam\u0131r halqlarn\u0131\u00f1 ve milliy azl\u0131qlarn\u0131\u00f1 aqlar\u0131 boyunca b\u00f6l\u00fcgini\u00f1 ba\u015f\u0131, Meclis reisi Mustafa Cemilevni\u00f1 te\u015febb\u00fcsi ile old\u0131. Topla\u015fuada \u00e7\u0131q\u0131\u015fta bulun\u011fan Mustafa Cemilev &#8220;S\u00fcrg\u00fcn etilgen \u015fah\u0131slar, milliy azl\u0131qlar ve halqlarn\u0131\u00f1 aqlar\u0131n\u0131 [&hellip;]\" \/>\n<meta property=\"og:url\" content=\"https:\/\/qtmm.org\/qt\/meclis-reisi-mustafa-cemilev-biskek-anlasmasinin-muddetini-daa-10-yilga-devam-ettirmekni-talap-ete\/\" \/>\n<meta property=\"og:site_name\" content=\"\u041c\u0435\u0434\u0436\u043b\u0456\u0441\" \/>\n<meta property=\"article:publisher\" content=\"https:\/\/www.facebook.com\/qtmm.info\/\" \/>\n<meta property=\"article:published_time\" content=\"2013-04-11T15:33:00+00:00\" \/>\n<meta property=\"article:modified_time\" content=\"2022-01-23T15:34:04+00:00\" \/>\n<meta name=\"author\" content=\"Developer\" \/>\n<meta name=\"twitter:card\" content=\"summary_large_image\" \/>\n<meta name=\"twitter:label1\" content=\"Written by\" \/>\n\t<meta name=\"twitter:data1\" content=\"Developer\" \/>\n\t<meta name=\"twitter:label2\" content=\"Est. reading time\" \/>\n\t<meta name=\"twitter:data2\" content=\"1 minute\" \/>\n<script type=\"application\/ld+json\" class=\"yoast-schema-graph\">{\"@context\":\"https:\\\/\\\/schema.org\",\"@graph\":[{\"@type\":\"Article\",\"@id\":\"https:\\\/\\\/qtmm.org\\\/qt\\\/meclis-reisi-mustafa-cemilev-biskek-anlasmasinin-muddetini-daa-10-yilga-devam-ettirmekni-talap-ete\\\/#article\",\"isPartOf\":{\"@id\":\"https:\\\/\\\/qtmm.org\\\/qt\\\/meclis-reisi-mustafa-cemilev-biskek-anlasmasinin-muddetini-daa-10-yilga-devam-ettirmekni-talap-ete\\\/\"},\"author\":{\"name\":\"Developer\",\"@id\":\"https:\\\/\\\/qtmm.org\\\/qt\\\/#\\\/schema\\\/person\\\/de562469f971dec226ac06e60bbf74a7\"},\"headline\":\"Meclis reisi Mustafa Cemilev Bi\u015fkek a\u00f1la\u015fmas\u0131n\u0131\u00f1 m\u00fcddetini daa 10 y\u0131l\u011fa devam ettirmekni talap ete\",\"datePublished\":\"2013-04-11T15:33:00+00:00\",\"dateModified\":\"2022-01-23T15:34:04+00:00\",\"mainEntityOfPage\":{\"@id\":\"https:\\\/\\\/qtmm.org\\\/qt\\\/meclis-reisi-mustafa-cemilev-biskek-anlasmasinin-muddetini-daa-10-yilga-devam-ettirmekni-talap-ete\\\/\"},\"wordCount\":264,\"commentCount\":0,\"publisher\":{\"@id\":\"https:\\\/\\\/qtmm.org\\\/qt\\\/#organization\"},\"articleSection\":[\"Haberler\"],\"inLanguage\":\"qt\",\"potentialAction\":[{\"@type\":\"CommentAction\",\"name\":\"Comment\",\"target\":[\"https:\\\/\\\/qtmm.org\\\/qt\\\/meclis-reisi-mustafa-cemilev-biskek-anlasmasinin-muddetini-daa-10-yilga-devam-ettirmekni-talap-ete\\\/#respond\"]}]},{\"@type\":\"WebPage\",\"@id\":\"https:\\\/\\\/qtmm.org\\\/qt\\\/meclis-reisi-mustafa-cemilev-biskek-anlasmasinin-muddetini-daa-10-yilga-devam-ettirmekni-talap-ete\\\/\",\"url\":\"https:\\\/\\\/qtmm.org\\\/qt\\\/meclis-reisi-mustafa-cemilev-biskek-anlasmasinin-muddetini-daa-10-yilga-devam-ettirmekni-talap-ete\\\/\",\"name\":\"Meclis reisi Mustafa Cemilev Bi\u015fkek a\u00f1la\u015fmas\u0131n\u0131\u00f1 m\u00fcddetini daa 10 y\u0131l\u011fa devam ettirmekni talap ete - \u041c\u0435\u0434\u0436\u043b\u0456\u0441\",\"isPartOf\":{\"@id\":\"https:\\\/\\\/qtmm.org\\\/qt\\\/#website\"},\"datePublished\":\"2013-04-11T15:33:00+00:00\",\"dateModified\":\"2022-01-23T15:34:04+00:00\",\"breadcrumb\":{\"@id\":\"https:\\\/\\\/qtmm.org\\\/qt\\\/meclis-reisi-mustafa-cemilev-biskek-anlasmasinin-muddetini-daa-10-yilga-devam-ettirmekni-talap-ete\\\/#breadcrumb\"},\"inLanguage\":\"qt\",\"potentialAction\":[{\"@type\":\"ReadAction\",\"target\":[\"https:\\\/\\\/qtmm.org\\\/qt\\\/meclis-reisi-mustafa-cemilev-biskek-anlasmasinin-muddetini-daa-10-yilga-devam-ettirmekni-talap-ete\\\/\"]}]},{\"@type\":\"BreadcrumbList\",\"@id\":\"https:\\\/\\\/qtmm.org\\\/qt\\\/meclis-reisi-mustafa-cemilev-biskek-anlasmasinin-muddetini-daa-10-yilga-devam-ettirmekni-talap-ete\\\/#breadcrumb\",\"itemListElement\":[{\"@type\":\"ListItem\",\"position\":1,\"name\":\"\u0413\u043e\u043b\u043e\u0432\u043d\u0430\",\"item\":\"https:\\\/\\\/qtmm.org\\\/qt\\\/\"},{\"@type\":\"ListItem\",\"position\":2,\"name\":\"Meclis reisi Mustafa Cemilev Bi\u015fkek a\u00f1la\u015fmas\u0131n\u0131\u00f1 m\u00fcddetini daa 10 y\u0131l\u011fa devam ettirmekni talap ete\"}]},{\"@type\":\"WebSite\",\"@id\":\"https:\\\/\\\/qtmm.org\\\/qt\\\/#website\",\"url\":\"https:\\\/\\\/qtmm.org\\\/qt\\\/\",\"name\":\"\u041c\u0435\u0434\u0436\u043b\u0456\u0441\",\"description\":\"\",\"publisher\":{\"@id\":\"https:\\\/\\\/qtmm.org\\\/qt\\\/#organization\"},\"potentialAction\":[{\"@type\":\"SearchAction\",\"target\":{\"@type\":\"EntryPoint\",\"urlTemplate\":\"https:\\\/\\\/qtmm.org\\\/qt\\\/?s={search_term_string}\"},\"query-input\":{\"@type\":\"PropertyValueSpecification\",\"valueRequired\":true,\"valueName\":\"search_term_string\"}}],\"inLanguage\":\"qt\"},{\"@type\":\"Organization\",\"@id\":\"https:\\\/\\\/qtmm.org\\\/qt\\\/#organization\",\"name\":\"\u041c\u0435\u0434\u0436\u043b\u0456\u0441\",\"url\":\"https:\\\/\\\/qtmm.org\\\/qt\\\/\",\"logo\":{\"@type\":\"ImageObject\",\"inLanguage\":\"qt\",\"@id\":\"https:\\\/\\\/qtmm.org\\\/qt\\\/#\\\/schema\\\/logo\\\/image\\\/\",\"url\":\"https:\\\/\\\/qtmm.org\\\/wp-content\\\/uploads\\\/2024\\\/12\\\/ua-mejlis-logo-rgb.svg\",\"contentUrl\":\"https:\\\/\\\/qtmm.org\\\/wp-content\\\/uploads\\\/2024\\\/12\\\/ua-mejlis-logo-rgb.svg\",\"caption\":\"\u041c\u0435\u0434\u0436\u043b\u0456\u0441\"},\"image\":{\"@id\":\"https:\\\/\\\/qtmm.org\\\/qt\\\/#\\\/schema\\\/logo\\\/image\\\/\"},\"sameAs\":[\"https:\\\/\\\/www.facebook.com\\\/qtmm.info\\\/\"]},{\"@type\":\"Person\",\"@id\":\"https:\\\/\\\/qtmm.org\\\/qt\\\/#\\\/schema\\\/person\\\/de562469f971dec226ac06e60bbf74a7\",\"name\":\"Developer\",\"image\":{\"@type\":\"ImageObject\",\"inLanguage\":\"qt\",\"@id\":\"https:\\\/\\\/secure.gravatar.com\\\/avatar\\\/392b4cc8fbfeb00b39dfeeab4ee6edded39ffd48e25858637e4765810300227e?s=96&d=mm&r=g\",\"url\":\"https:\\\/\\\/secure.gravatar.com\\\/avatar\\\/392b4cc8fbfeb00b39dfeeab4ee6edded39ffd48e25858637e4765810300227e?s=96&d=mm&r=g\",\"contentUrl\":\"https:\\\/\\\/secure.gravatar.com\\\/avatar\\\/392b4cc8fbfeb00b39dfeeab4ee6edded39ffd48e25858637e4765810300227e?s=96&d=mm&r=g\",\"caption\":\"Developer\"},\"url\":\"https:\\\/\\\/qtmm.org\\\/qt\\\/author\\\/Developer\\\/\"}]}<\/script>\n<!-- \/ Yoast SEO plugin. -->","yoast_head_json":{"title":"Meclis reisi Mustafa Cemilev Bi\u015fkek a\u00f1la\u015fmas\u0131n\u0131\u00f1 m\u00fcddetini daa 10 y\u0131l\u011fa devam ettirmekni talap ete - \u041c\u0435\u0434\u0436\u043b\u0456\u0441","robots":{"index":"index","follow":"follow","max-snippet":"max-snippet:-1","max-image-preview":"max-image-preview:large","max-video-preview":"max-video-preview:-1"},"canonical":"https:\/\/qtmm.org\/qt\/meclis-reisi-mustafa-cemilev-biskek-anlasmasinin-muddetini-daa-10-yilga-devam-ettirmekni-talap-ete\/","og_locale":"en_US","og_type":"article","og_title":"Meclis reisi Mustafa Cemilev Bi\u015fkek a\u00f1la\u015fmas\u0131n\u0131\u00f1 m\u00fcddetini daa 10 y\u0131l\u011fa devam ettirmekni talap ete - \u041c\u0435\u0434\u0436\u043b\u0456\u0441","og_description":"Aprel 11-de Q\u0131r\u0131m Yuqar\u0131 \u015euras\u0131nda Ukraina Yuqar\u0131 \u015euras\u0131n\u0131\u00f1 \u0130nsan aqlar\u0131, milliy azl\u0131qlar ve milletlerara munasebetler meseleleri boyunca komitetni\u00f1 seyyar topla\u015fuv\u0131 ol\u0131p ke\u00e7ti. K\u00f6r\u00fc\u015f\u00fcv Komitetni\u00f1 milliy siyaset, tam\u0131r halqlarn\u0131\u00f1 ve milliy azl\u0131qlarn\u0131\u00f1 aqlar\u0131 boyunca b\u00f6l\u00fcgini\u00f1 ba\u015f\u0131, Meclis reisi Mustafa Cemilevni\u00f1 te\u015febb\u00fcsi ile old\u0131. Topla\u015fuada \u00e7\u0131q\u0131\u015fta bulun\u011fan Mustafa Cemilev &#8220;S\u00fcrg\u00fcn etilgen \u015fah\u0131slar, milliy azl\u0131qlar ve halqlarn\u0131\u00f1 aqlar\u0131n\u0131 [&hellip;]","og_url":"https:\/\/qtmm.org\/qt\/meclis-reisi-mustafa-cemilev-biskek-anlasmasinin-muddetini-daa-10-yilga-devam-ettirmekni-talap-ete\/","og_site_name":"\u041c\u0435\u0434\u0436\u043b\u0456\u0441","article_publisher":"https:\/\/www.facebook.com\/qtmm.info\/","article_published_time":"2013-04-11T15:33:00+00:00","article_modified_time":"2022-01-23T15:34:04+00:00","author":"Developer","twitter_card":"summary_large_image","twitter_misc":{"Written by":"Developer","Est. reading time":"1 minute"},"schema":{"@context":"https:\/\/schema.org","@graph":[{"@type":"Article","@id":"https:\/\/qtmm.org\/qt\/meclis-reisi-mustafa-cemilev-biskek-anlasmasinin-muddetini-daa-10-yilga-devam-ettirmekni-talap-ete\/#article","isPartOf":{"@id":"https:\/\/qtmm.org\/qt\/meclis-reisi-mustafa-cemilev-biskek-anlasmasinin-muddetini-daa-10-yilga-devam-ettirmekni-talap-ete\/"},"author":{"name":"Developer","@id":"https:\/\/qtmm.org\/qt\/#\/schema\/person\/de562469f971dec226ac06e60bbf74a7"},"headline":"Meclis reisi Mustafa Cemilev Bi\u015fkek a\u00f1la\u015fmas\u0131n\u0131\u00f1 m\u00fcddetini daa 10 y\u0131l\u011fa devam ettirmekni talap ete","datePublished":"2013-04-11T15:33:00+00:00","dateModified":"2022-01-23T15:34:04+00:00","mainEntityOfPage":{"@id":"https:\/\/qtmm.org\/qt\/meclis-reisi-mustafa-cemilev-biskek-anlasmasinin-muddetini-daa-10-yilga-devam-ettirmekni-talap-ete\/"},"wordCount":264,"commentCount":0,"publisher":{"@id":"https:\/\/qtmm.org\/qt\/#organization"},"articleSection":["Haberler"],"inLanguage":"qt","potentialAction":[{"@type":"CommentAction","name":"Comment","target":["https:\/\/qtmm.org\/qt\/meclis-reisi-mustafa-cemilev-biskek-anlasmasinin-muddetini-daa-10-yilga-devam-ettirmekni-talap-ete\/#respond"]}]},{"@type":"WebPage","@id":"https:\/\/qtmm.org\/qt\/meclis-reisi-mustafa-cemilev-biskek-anlasmasinin-muddetini-daa-10-yilga-devam-ettirmekni-talap-ete\/","url":"https:\/\/qtmm.org\/qt\/meclis-reisi-mustafa-cemilev-biskek-anlasmasinin-muddetini-daa-10-yilga-devam-ettirmekni-talap-ete\/","name":"Meclis reisi Mustafa Cemilev Bi\u015fkek a\u00f1la\u015fmas\u0131n\u0131\u00f1 m\u00fcddetini daa 10 y\u0131l\u011fa devam ettirmekni talap ete - \u041c\u0435\u0434\u0436\u043b\u0456\u0441","isPartOf":{"@id":"https:\/\/qtmm.org\/qt\/#website"},"datePublished":"2013-04-11T15:33:00+00:00","dateModified":"2022-01-23T15:34:04+00:00","breadcrumb":{"@id":"https:\/\/qtmm.org\/qt\/meclis-reisi-mustafa-cemilev-biskek-anlasmasinin-muddetini-daa-10-yilga-devam-ettirmekni-talap-ete\/#breadcrumb"},"inLanguage":"qt","potentialAction":[{"@type":"ReadAction","target":["https:\/\/qtmm.org\/qt\/meclis-reisi-mustafa-cemilev-biskek-anlasmasinin-muddetini-daa-10-yilga-devam-ettirmekni-talap-ete\/"]}]},{"@type":"BreadcrumbList","@id":"https:\/\/qtmm.org\/qt\/meclis-reisi-mustafa-cemilev-biskek-anlasmasinin-muddetini-daa-10-yilga-devam-ettirmekni-talap-ete\/#breadcrumb","itemListElement":[{"@type":"ListItem","position":1,"name":"\u0413\u043e\u043b\u043e\u0432\u043d\u0430","item":"https:\/\/qtmm.org\/qt\/"},{"@type":"ListItem","position":2,"name":"Meclis reisi Mustafa Cemilev Bi\u015fkek a\u00f1la\u015fmas\u0131n\u0131\u00f1 m\u00fcddetini daa 10 y\u0131l\u011fa devam ettirmekni talap ete"}]},{"@type":"WebSite","@id":"https:\/\/qtmm.org\/qt\/#website","url":"https:\/\/qtmm.org\/qt\/","name":"\u041c\u0435\u0434\u0436\u043b\u0456\u0441","description":"","publisher":{"@id":"https:\/\/qtmm.org\/qt\/#organization"},"potentialAction":[{"@type":"SearchAction","target":{"@type":"EntryPoint","urlTemplate":"https:\/\/qtmm.org\/qt\/?s={search_term_string}"},"query-input":{"@type":"PropertyValueSpecification","valueRequired":true,"valueName":"search_term_string"}}],"inLanguage":"qt"},{"@type":"Organization","@id":"https:\/\/qtmm.org\/qt\/#organization","name":"\u041c\u0435\u0434\u0436\u043b\u0456\u0441","url":"https:\/\/qtmm.org\/qt\/","logo":{"@type":"ImageObject","inLanguage":"qt","@id":"https:\/\/qtmm.org\/qt\/#\/schema\/logo\/image\/","url":"https:\/\/qtmm.org\/wp-content\/uploads\/2024\/12\/ua-mejlis-logo-rgb.svg","contentUrl":"https:\/\/qtmm.org\/wp-content\/uploads\/2024\/12\/ua-mejlis-logo-rgb.svg","caption":"\u041c\u0435\u0434\u0436\u043b\u0456\u0441"},"image":{"@id":"https:\/\/qtmm.org\/qt\/#\/schema\/logo\/image\/"},"sameAs":["https:\/\/www.facebook.com\/qtmm.info\/"]},{"@type":"Person","@id":"https:\/\/qtmm.org\/qt\/#\/schema\/person\/de562469f971dec226ac06e60bbf74a7","name":"Developer","image":{"@type":"ImageObject","inLanguage":"qt","@id":"https:\/\/secure.gravatar.com\/avatar\/392b4cc8fbfeb00b39dfeeab4ee6edded39ffd48e25858637e4765810300227e?s=96&d=mm&r=g","url":"https:\/\/secure.gravatar.com\/avatar\/392b4cc8fbfeb00b39dfeeab4ee6edded39ffd48e25858637e4765810300227e?s=96&d=mm&r=g","contentUrl":"https:\/\/secure.gravatar.com\/avatar\/392b4cc8fbfeb00b39dfeeab4ee6edded39ffd48e25858637e4765810300227e?s=96&d=mm&r=g","caption":"Developer"},"url":"https:\/\/qtmm.org\/qt\/author\/Developer\/"}]}},"_links":{"self":[{"href":"https:\/\/qtmm.org\/qt\/wp-json\/wp\/v2\/posts\/36449","targetHints":{"allow":["GET"]}}],"collection":[{"href":"https:\/\/qtmm.org\/qt\/wp-json\/wp\/v2\/posts"}],"about":[{"href":"https:\/\/qtmm.org\/qt\/wp-json\/wp\/v2\/types\/post"}],"author":[{"embeddable":true,"href":"https:\/\/qtmm.org\/qt\/wp-json\/wp\/v2\/users\/1"}],"replies":[{"embeddable":true,"href":"https:\/\/qtmm.org\/qt\/wp-json\/wp\/v2\/comments?post=36449"}],"version-history":[{"count":1,"href":"https:\/\/qtmm.org\/qt\/wp-json\/wp\/v2\/posts\/36449\/revisions"}],"predecessor-version":[{"id":36450,"href":"https:\/\/qtmm.org\/qt\/wp-json\/wp\/v2\/posts\/36449\/revisions\/36450"}],"wp:attachment":[{"href":"https:\/\/qtmm.org\/qt\/wp-json\/wp\/v2\/media?parent=36449"}],"wp:term":[{"taxonomy":"category","embeddable":true,"href":"https:\/\/qtmm.org\/qt\/wp-json\/wp\/v2\/categories?post=36449"},{"taxonomy":"post_tag","embeddable":true,"href":"https:\/\/qtmm.org\/qt\/wp-json\/wp\/v2\/tags?post=36449"}],"curies":[{"name":"wp","href":"https:\/\/api.w.org\/{rel}","templated":true}]}}