




{"id":36443,"date":"2013-04-11T18:32:00","date_gmt":"2013-04-11T15:32:00","guid":{"rendered":"http:\/\/qtmm.org\/?p=36443"},"modified":"2022-01-23T18:33:00","modified_gmt":"2022-01-23T15:33:00","slug":"qirimda-ukraina-yuqari-surasinin-insan-aqlari-milliy-azliqlar-ve-milletlerara-munasebetler-meseleleri-boyunca-komitetnin-seyyar-toplasuvi-olip-kecti","status":"publish","type":"post","link":"https:\/\/qtmm.org\/qt\/qirimda-ukraina-yuqari-surasinin-insan-aqlari-milliy-azliqlar-ve-milletlerara-munasebetler-meseleleri-boyunca-komitetnin-seyyar-toplasuvi-olip-kecti\/","title":{"rendered":"Q\u0131r\u0131mda Ukraina Yuqar\u0131 \u015euras\u0131n\u0131\u00f1 \u0130nsan aqlar\u0131, milliy azl\u0131qlar ve milletlerara munasebetler meseleleri boyunca komitetni\u00f1 seyyar topla\u015fuv\u0131 ol\u0131p ke\u00e7ti"},"content":{"rendered":"\n<p>Aprel 11 k\u00fcn\u00fc Q\u0131r\u0131m Yuqar\u0131 \u015euras\u0131nda Ukraina Yuqar\u0131 \u015euras\u0131n\u0131\u00f1 \u0130nsan aqlar\u0131, milliy azl\u0131qlar ve milletlerara munasebetler meseleleri boyunca komitetni\u00f1 seyyar topla\u015fuv\u0131 ol\u0131p ke\u00e7ti.<\/p>\n\n\n\n<p>K\u00f6r\u00fc\u015f\u00fcvni\u00f1 te\u015febb\u00fcs\u00e7isi Komitetni\u00f1 milliy siyaset, tam\u0131r halqlarn\u0131\u00f1 ve milliy azl\u0131qlarn\u0131\u00f1 aqlar\u0131 boyunca b\u00f6l\u00fcgini\u00f1 ba\u015f\u0131, Meclis reisi Mustafa Cemilevdir<\/p>\n\n\n\n<p>Topla\u015fuv i\u015finde Ukraina Yuqar\u0131 \u015euras\u0131n\u0131\u00f1 \u0130nsan aqlar\u0131, milliy azl\u0131qlar ve milletlerara munasebetler meseleleri boyunca komitetni\u00f1 ba\u015f\u0131 Valeriy Patskan reberliginde \u015fu komitet azalar\u0131, Komitetni\u00f1 milliy siyaset, tam\u0131r halqlarn\u0131\u00f1 ve milliy azl\u0131qlarn\u0131\u00f1 aqlar\u0131 boyunca b\u00f6l\u00fcgini\u00f1 ba\u015f\u0131, Meclis reisi Mustafa Cemilev, Ukraina Yuqar\u0131 \u015euras\u0131n\u0131\u00f1 \u0130nsan aqlar\u0131, milliy azl\u0131qlar ve milletlerara munasebetler meseleleri boyunca komitet reisini\u00f1 birinci muavini Andrey \u015eev\u00e7enko, Ukraina halq deputat\u0131 Aleksandr Mo\u00e7kov, Q\u0131r\u0131m Yuqar\u0131 \u015euras\u0131nda &#8220;Qurultay-Ruh&#8221; fraktsiyas\u0131n\u0131\u00f1 ba\u015f\u0131, Meclis reisini\u00f1 birinci muavini Refat \u00c7ubarov, Meclis reisini\u00f1 muavini Remzi \u0130lyasov, BMT Aliy Komissarn\u0131\u00f1 Beyazrusiye, Moldova ve Ukrainada regional temsilcisi Oldrih Andr\u0131sek, bun\u0131\u00f1 kibi de Ukraina<\/p>\n\n\n\n<p>Prezidentini\u00f1 Q\u0131r\u0131mdaki daimiy temsilcisi Viktor Plakida, Q\u0131r\u0131m Yuqar\u0131 \u015euras\u0131n\u0131\u00f1 bir s\u0131ra deputatlar\u0131 ve Q\u0131r\u0131mdaki milliy cemiyetlerni\u00f1 vekilleri i\u015ftirak ettiler. Valeriy Patskann\u0131\u00f1 bildirgenine k\u00f6re topla\u015fuvn\u0131\u00f1 ba\u015f mevzus\u0131 s\u00fcrg\u00fcn etilgenlerni yerle\u015ftir\u00fcv Programmas\u0131n\u0131\u00f1 2015 senesine qadar eda etilmesidir.<\/p>\n\n\n\n<p>&#8220;Belli ki, milliy mens\u00fcpligine k\u00f6re s\u00fcrg\u00fcn etilgenlerni\u00f1 problemi SSSRden Ukraina\u011fa asabal\u0131q olaraq qal\u011fan e\u00f1 ciddiy problemlerden biridir, &#8211; dedi kiri\u015f s\u00f6z\u00fcnde V. Patskan. \u2013 B\u00fct\u00fcn ba\u015fl\u0131 halqlarn\u0131 s\u00fcrg\u00fcn et\u00fcv siyaseti e\u00f1 qaba \u015fekilde ker\u00e7ekle\u015ftirildi. \u0130nsan ve b\u00fct\u00fcn bir milletlerni\u00f1 aqlar\u0131 ayaq ast\u0131na al\u0131nd\u0131. \u0130\u00e7 kimse insanlarn\u0131\u00f1 aqlar\u0131n\u0131, kelecekte taqdirleri nas\u0131l olaca\u011f\u0131n\u0131 t\u00fc\u015f\u00fcnmedi ve bug\u00fcn biz \u015fu probleman\u0131\u00f1 \u00e7ezilmesini teminlemelimiz&#8221;.<\/p>\n\n\n\n<p><em>\u015eun\u0131 hat\u0131rlatmal\u0131 ki, Kiyevde 2013 senesi mart 6 k\u00fcn\u00fc Ukraina Yuqar\u0131 \u015euras\u0131n\u0131\u00f1 \u0130nsan aqlar\u0131, milliy azl\u0131qlar ve milletlerara munasebetler meseleleri boyunca komitetni\u00f1 azalar\u0131 Q\u0131r\u0131mda siyasiy-i\u00e7timaiy vaziyetni k\u00f6z \u00f6g\u00fcne alaraq Komitetni\u00f1 milliy siyaset, tam\u0131r halqlarn\u0131\u00f1 ve milliy azl\u0131qlarn\u0131\u00f1 aqlar\u0131 boyunca b\u00f6l\u00fcgini\u00f1 ba\u015f\u0131, Meclis reisi Mustafa Cemilevni\u00f1 nevbetteki topla\u015fuvn\u0131 Q\u0131r\u0131mda ke\u00e7irmek te\u015febb\u00fcsine qoltutqan ve vaziyetni t\u00fczetmek i\u00e7\u00fcn seyyar topla\u015fuv ke\u00e7irmek qarar\u0131n\u0131 al\u011fan ediler. &#8220;Eger vaziyet de\u00f1i\u015fmese seyyar topla\u015fuv Q\u0131r\u0131mda \u00f6tkerilecek&#8221;, degen fikir seslendirilgen edi parlament Komitetini\u00f1 meclisinde.<\/em><\/p>\n","protected":false},"excerpt":{"rendered":"<p>Aprel 11 k\u00fcn\u00fc Q\u0131r\u0131m Yuqar\u0131 \u015euras\u0131nda Ukraina Yuqar\u0131 \u015euras\u0131n\u0131\u00f1 \u0130nsan aqlar\u0131, milliy azl\u0131qlar ve milletlerara munasebetler meseleleri boyunca komitetni\u00f1 seyyar topla\u015fuv\u0131 ol\u0131p ke\u00e7ti. K\u00f6r\u00fc\u015f\u00fcvni\u00f1 te\u015febb\u00fcs\u00e7isi Komitetni\u00f1 milliy siyaset, tam\u0131r halqlarn\u0131\u00f1 ve milliy azl\u0131qlarn\u0131\u00f1 aqlar\u0131 boyunca b\u00f6l\u00fcgini\u00f1 ba\u015f\u0131, Meclis reisi Mustafa Cemilevdir Topla\u015fuv i\u015finde Ukraina Yuqar\u0131 \u015euras\u0131n\u0131\u00f1 \u0130nsan aqlar\u0131, milliy azl\u0131qlar ve milletlerara munasebetler meseleleri boyunca [&hellip;]<\/p>\n","protected":false},"author":1,"featured_media":36444,"comment_status":"open","ping_status":"open","sticky":false,"template":"","format":"standard","meta":{"inline_featured_image":false,"footnotes":""},"categories":[265],"tags":[],"class_list":["post-36443","post","type-post","status-publish","format-standard","has-post-thumbnail","hentry","category-haberler"],"acf":[],"yoast_head":"<!-- This site is optimized with the Yoast SEO plugin v27.4 - https:\/\/yoast.com\/product\/yoast-seo-wordpress\/ -->\n<title>Q\u0131r\u0131mda Ukraina Yuqar\u0131 \u015euras\u0131n\u0131\u00f1 \u0130nsan aqlar\u0131, milliy azl\u0131qlar ve milletlerara munasebetler meseleleri boyunca komitetni\u00f1 seyyar topla\u015fuv\u0131 ol\u0131p ke\u00e7ti - \u041c\u0435\u0434\u0436\u043b\u0456\u0441<\/title>\n<meta name=\"robots\" content=\"index, follow, max-snippet:-1, max-image-preview:large, max-video-preview:-1\" \/>\n<link rel=\"canonical\" href=\"https:\/\/qtmm.org\/qt\/qirimda-ukraina-yuqari-surasinin-insan-aqlari-milliy-azliqlar-ve-milletlerara-munasebetler-meseleleri-boyunca-komitetnin-seyyar-toplasuvi-olip-kecti\/\" \/>\n<meta property=\"og:locale\" content=\"en_US\" \/>\n<meta property=\"og:type\" content=\"article\" \/>\n<meta property=\"og:title\" content=\"Q\u0131r\u0131mda Ukraina Yuqar\u0131 \u015euras\u0131n\u0131\u00f1 \u0130nsan aqlar\u0131, milliy azl\u0131qlar ve milletlerara munasebetler meseleleri boyunca komitetni\u00f1 seyyar topla\u015fuv\u0131 ol\u0131p ke\u00e7ti - \u041c\u0435\u0434\u0436\u043b\u0456\u0441\" \/>\n<meta property=\"og:description\" content=\"Aprel 11 k\u00fcn\u00fc Q\u0131r\u0131m Yuqar\u0131 \u015euras\u0131nda Ukraina Yuqar\u0131 \u015euras\u0131n\u0131\u00f1 \u0130nsan aqlar\u0131, milliy azl\u0131qlar ve milletlerara munasebetler meseleleri boyunca komitetni\u00f1 seyyar topla\u015fuv\u0131 ol\u0131p ke\u00e7ti. K\u00f6r\u00fc\u015f\u00fcvni\u00f1 te\u015febb\u00fcs\u00e7isi Komitetni\u00f1 milliy siyaset, tam\u0131r halqlarn\u0131\u00f1 ve milliy azl\u0131qlarn\u0131\u00f1 aqlar\u0131 boyunca b\u00f6l\u00fcgini\u00f1 ba\u015f\u0131, Meclis reisi Mustafa Cemilevdir Topla\u015fuv i\u015finde Ukraina Yuqar\u0131 \u015euras\u0131n\u0131\u00f1 \u0130nsan aqlar\u0131, milliy azl\u0131qlar ve milletlerara munasebetler meseleleri boyunca [&hellip;]\" \/>\n<meta property=\"og:url\" content=\"https:\/\/qtmm.org\/qt\/qirimda-ukraina-yuqari-surasinin-insan-aqlari-milliy-azliqlar-ve-milletlerara-munasebetler-meseleleri-boyunca-komitetnin-seyyar-toplasuvi-olip-kecti\/\" \/>\n<meta property=\"og:site_name\" content=\"\u041c\u0435\u0434\u0436\u043b\u0456\u0441\" \/>\n<meta property=\"article:publisher\" content=\"https:\/\/www.facebook.com\/qtmm.info\/\" \/>\n<meta property=\"article:published_time\" content=\"2013-04-11T15:32:00+00:00\" \/>\n<meta property=\"article:modified_time\" content=\"2022-01-23T15:33:00+00:00\" \/>\n<meta property=\"og:image\" content=\"https:\/\/qtmm.org\/wp-content\/uploads\/2022\/01\/vtekst_1.jpeg\" \/>\n\t<meta property=\"og:image:width\" content=\"650\" \/>\n\t<meta property=\"og:image:height\" content=\"312\" \/>\n\t<meta property=\"og:image:type\" content=\"image\/jpeg\" \/>\n<meta name=\"author\" content=\"Developer\" \/>\n<meta name=\"twitter:card\" content=\"summary_large_image\" \/>\n<meta name=\"twitter:label1\" content=\"Written by\" \/>\n\t<meta name=\"twitter:data1\" content=\"Developer\" \/>\n\t<meta name=\"twitter:label2\" content=\"Est. reading time\" \/>\n\t<meta name=\"twitter:data2\" content=\"2 minutes\" \/>\n<script type=\"application\/ld+json\" class=\"yoast-schema-graph\">{\"@context\":\"https:\\\/\\\/schema.org\",\"@graph\":[{\"@type\":\"Article\",\"@id\":\"https:\\\/\\\/qtmm.org\\\/qt\\\/qirimda-ukraina-yuqari-surasinin-insan-aqlari-milliy-azliqlar-ve-milletlerara-munasebetler-meseleleri-boyunca-komitetnin-seyyar-toplasuvi-olip-kecti\\\/#article\",\"isPartOf\":{\"@id\":\"https:\\\/\\\/qtmm.org\\\/qt\\\/qirimda-ukraina-yuqari-surasinin-insan-aqlari-milliy-azliqlar-ve-milletlerara-munasebetler-meseleleri-boyunca-komitetnin-seyyar-toplasuvi-olip-kecti\\\/\"},\"author\":{\"name\":\"Developer\",\"@id\":\"https:\\\/\\\/qtmm.org\\\/qt\\\/#\\\/schema\\\/person\\\/de562469f971dec226ac06e60bbf74a7\"},\"headline\":\"Q\u0131r\u0131mda Ukraina Yuqar\u0131 \u015euras\u0131n\u0131\u00f1 \u0130nsan aqlar\u0131, milliy azl\u0131qlar ve milletlerara munasebetler meseleleri boyunca komitetni\u00f1 seyyar topla\u015fuv\u0131 ol\u0131p ke\u00e7ti\",\"datePublished\":\"2013-04-11T15:32:00+00:00\",\"dateModified\":\"2022-01-23T15:33:00+00:00\",\"mainEntityOfPage\":{\"@id\":\"https:\\\/\\\/qtmm.org\\\/qt\\\/qirimda-ukraina-yuqari-surasinin-insan-aqlari-milliy-azliqlar-ve-milletlerara-munasebetler-meseleleri-boyunca-komitetnin-seyyar-toplasuvi-olip-kecti\\\/\"},\"wordCount\":429,\"commentCount\":0,\"publisher\":{\"@id\":\"https:\\\/\\\/qtmm.org\\\/qt\\\/#organization\"},\"image\":{\"@id\":\"https:\\\/\\\/qtmm.org\\\/qt\\\/qirimda-ukraina-yuqari-surasinin-insan-aqlari-milliy-azliqlar-ve-milletlerara-munasebetler-meseleleri-boyunca-komitetnin-seyyar-toplasuvi-olip-kecti\\\/#primaryimage\"},\"thumbnailUrl\":\"https:\\\/\\\/qtmm.org\\\/wp-content\\\/uploads\\\/2022\\\/01\\\/vtekst_1.jpeg\",\"articleSection\":[\"Haberler\"],\"inLanguage\":\"qt\",\"potentialAction\":[{\"@type\":\"CommentAction\",\"name\":\"Comment\",\"target\":[\"https:\\\/\\\/qtmm.org\\\/qt\\\/qirimda-ukraina-yuqari-surasinin-insan-aqlari-milliy-azliqlar-ve-milletlerara-munasebetler-meseleleri-boyunca-komitetnin-seyyar-toplasuvi-olip-kecti\\\/#respond\"]}]},{\"@type\":\"WebPage\",\"@id\":\"https:\\\/\\\/qtmm.org\\\/qt\\\/qirimda-ukraina-yuqari-surasinin-insan-aqlari-milliy-azliqlar-ve-milletlerara-munasebetler-meseleleri-boyunca-komitetnin-seyyar-toplasuvi-olip-kecti\\\/\",\"url\":\"https:\\\/\\\/qtmm.org\\\/qt\\\/qirimda-ukraina-yuqari-surasinin-insan-aqlari-milliy-azliqlar-ve-milletlerara-munasebetler-meseleleri-boyunca-komitetnin-seyyar-toplasuvi-olip-kecti\\\/\",\"name\":\"Q\u0131r\u0131mda Ukraina Yuqar\u0131 \u015euras\u0131n\u0131\u00f1 \u0130nsan aqlar\u0131, milliy azl\u0131qlar ve milletlerara munasebetler meseleleri boyunca komitetni\u00f1 seyyar topla\u015fuv\u0131 ol\u0131p ke\u00e7ti - \u041c\u0435\u0434\u0436\u043b\u0456\u0441\",\"isPartOf\":{\"@id\":\"https:\\\/\\\/qtmm.org\\\/qt\\\/#website\"},\"primaryImageOfPage\":{\"@id\":\"https:\\\/\\\/qtmm.org\\\/qt\\\/qirimda-ukraina-yuqari-surasinin-insan-aqlari-milliy-azliqlar-ve-milletlerara-munasebetler-meseleleri-boyunca-komitetnin-seyyar-toplasuvi-olip-kecti\\\/#primaryimage\"},\"image\":{\"@id\":\"https:\\\/\\\/qtmm.org\\\/qt\\\/qirimda-ukraina-yuqari-surasinin-insan-aqlari-milliy-azliqlar-ve-milletlerara-munasebetler-meseleleri-boyunca-komitetnin-seyyar-toplasuvi-olip-kecti\\\/#primaryimage\"},\"thumbnailUrl\":\"https:\\\/\\\/qtmm.org\\\/wp-content\\\/uploads\\\/2022\\\/01\\\/vtekst_1.jpeg\",\"datePublished\":\"2013-04-11T15:32:00+00:00\",\"dateModified\":\"2022-01-23T15:33:00+00:00\",\"breadcrumb\":{\"@id\":\"https:\\\/\\\/qtmm.org\\\/qt\\\/qirimda-ukraina-yuqari-surasinin-insan-aqlari-milliy-azliqlar-ve-milletlerara-munasebetler-meseleleri-boyunca-komitetnin-seyyar-toplasuvi-olip-kecti\\\/#breadcrumb\"},\"inLanguage\":\"qt\",\"potentialAction\":[{\"@type\":\"ReadAction\",\"target\":[\"https:\\\/\\\/qtmm.org\\\/qt\\\/qirimda-ukraina-yuqari-surasinin-insan-aqlari-milliy-azliqlar-ve-milletlerara-munasebetler-meseleleri-boyunca-komitetnin-seyyar-toplasuvi-olip-kecti\\\/\"]}]},{\"@type\":\"ImageObject\",\"inLanguage\":\"qt\",\"@id\":\"https:\\\/\\\/qtmm.org\\\/qt\\\/qirimda-ukraina-yuqari-surasinin-insan-aqlari-milliy-azliqlar-ve-milletlerara-munasebetler-meseleleri-boyunca-komitetnin-seyyar-toplasuvi-olip-kecti\\\/#primaryimage\",\"url\":\"https:\\\/\\\/qtmm.org\\\/wp-content\\\/uploads\\\/2022\\\/01\\\/vtekst_1.jpeg\",\"contentUrl\":\"https:\\\/\\\/qtmm.org\\\/wp-content\\\/uploads\\\/2022\\\/01\\\/vtekst_1.jpeg\",\"width\":650,\"height\":312},{\"@type\":\"BreadcrumbList\",\"@id\":\"https:\\\/\\\/qtmm.org\\\/qt\\\/qirimda-ukraina-yuqari-surasinin-insan-aqlari-milliy-azliqlar-ve-milletlerara-munasebetler-meseleleri-boyunca-komitetnin-seyyar-toplasuvi-olip-kecti\\\/#breadcrumb\",\"itemListElement\":[{\"@type\":\"ListItem\",\"position\":1,\"name\":\"\u0413\u043e\u043b\u043e\u0432\u043d\u0430\",\"item\":\"https:\\\/\\\/qtmm.org\\\/qt\\\/\"},{\"@type\":\"ListItem\",\"position\":2,\"name\":\"Q\u0131r\u0131mda Ukraina Yuqar\u0131 \u015euras\u0131n\u0131\u00f1 \u0130nsan aqlar\u0131, milliy azl\u0131qlar ve milletlerara munasebetler meseleleri boyunca komitetni\u00f1 seyyar topla\u015fuv\u0131 ol\u0131p ke\u00e7ti\"}]},{\"@type\":\"WebSite\",\"@id\":\"https:\\\/\\\/qtmm.org\\\/qt\\\/#website\",\"url\":\"https:\\\/\\\/qtmm.org\\\/qt\\\/\",\"name\":\"\u041c\u0435\u0434\u0436\u043b\u0456\u0441\",\"description\":\"\",\"publisher\":{\"@id\":\"https:\\\/\\\/qtmm.org\\\/qt\\\/#organization\"},\"potentialAction\":[{\"@type\":\"SearchAction\",\"target\":{\"@type\":\"EntryPoint\",\"urlTemplate\":\"https:\\\/\\\/qtmm.org\\\/qt\\\/?s={search_term_string}\"},\"query-input\":{\"@type\":\"PropertyValueSpecification\",\"valueRequired\":true,\"valueName\":\"search_term_string\"}}],\"inLanguage\":\"qt\"},{\"@type\":\"Organization\",\"@id\":\"https:\\\/\\\/qtmm.org\\\/qt\\\/#organization\",\"name\":\"\u041c\u0435\u0434\u0436\u043b\u0456\u0441\",\"url\":\"https:\\\/\\\/qtmm.org\\\/qt\\\/\",\"logo\":{\"@type\":\"ImageObject\",\"inLanguage\":\"qt\",\"@id\":\"https:\\\/\\\/qtmm.org\\\/qt\\\/#\\\/schema\\\/logo\\\/image\\\/\",\"url\":\"https:\\\/\\\/qtmm.org\\\/wp-content\\\/uploads\\\/2024\\\/12\\\/ua-mejlis-logo-rgb.svg\",\"contentUrl\":\"https:\\\/\\\/qtmm.org\\\/wp-content\\\/uploads\\\/2024\\\/12\\\/ua-mejlis-logo-rgb.svg\",\"caption\":\"\u041c\u0435\u0434\u0436\u043b\u0456\u0441\"},\"image\":{\"@id\":\"https:\\\/\\\/qtmm.org\\\/qt\\\/#\\\/schema\\\/logo\\\/image\\\/\"},\"sameAs\":[\"https:\\\/\\\/www.facebook.com\\\/qtmm.info\\\/\"]},{\"@type\":\"Person\",\"@id\":\"https:\\\/\\\/qtmm.org\\\/qt\\\/#\\\/schema\\\/person\\\/de562469f971dec226ac06e60bbf74a7\",\"name\":\"Developer\",\"image\":{\"@type\":\"ImageObject\",\"inLanguage\":\"qt\",\"@id\":\"https:\\\/\\\/secure.gravatar.com\\\/avatar\\\/392b4cc8fbfeb00b39dfeeab4ee6edded39ffd48e25858637e4765810300227e?s=96&d=mm&r=g\",\"url\":\"https:\\\/\\\/secure.gravatar.com\\\/avatar\\\/392b4cc8fbfeb00b39dfeeab4ee6edded39ffd48e25858637e4765810300227e?s=96&d=mm&r=g\",\"contentUrl\":\"https:\\\/\\\/secure.gravatar.com\\\/avatar\\\/392b4cc8fbfeb00b39dfeeab4ee6edded39ffd48e25858637e4765810300227e?s=96&d=mm&r=g\",\"caption\":\"Developer\"},\"url\":\"https:\\\/\\\/qtmm.org\\\/qt\\\/author\\\/Developer\\\/\"}]}<\/script>\n<!-- \/ Yoast SEO plugin. -->","yoast_head_json":{"title":"Q\u0131r\u0131mda Ukraina Yuqar\u0131 \u015euras\u0131n\u0131\u00f1 \u0130nsan aqlar\u0131, milliy azl\u0131qlar ve milletlerara munasebetler meseleleri boyunca komitetni\u00f1 seyyar topla\u015fuv\u0131 ol\u0131p ke\u00e7ti - \u041c\u0435\u0434\u0436\u043b\u0456\u0441","robots":{"index":"index","follow":"follow","max-snippet":"max-snippet:-1","max-image-preview":"max-image-preview:large","max-video-preview":"max-video-preview:-1"},"canonical":"https:\/\/qtmm.org\/qt\/qirimda-ukraina-yuqari-surasinin-insan-aqlari-milliy-azliqlar-ve-milletlerara-munasebetler-meseleleri-boyunca-komitetnin-seyyar-toplasuvi-olip-kecti\/","og_locale":"en_US","og_type":"article","og_title":"Q\u0131r\u0131mda Ukraina Yuqar\u0131 \u015euras\u0131n\u0131\u00f1 \u0130nsan aqlar\u0131, milliy azl\u0131qlar ve milletlerara munasebetler meseleleri boyunca komitetni\u00f1 seyyar topla\u015fuv\u0131 ol\u0131p ke\u00e7ti - \u041c\u0435\u0434\u0436\u043b\u0456\u0441","og_description":"Aprel 11 k\u00fcn\u00fc Q\u0131r\u0131m Yuqar\u0131 \u015euras\u0131nda Ukraina Yuqar\u0131 \u015euras\u0131n\u0131\u00f1 \u0130nsan aqlar\u0131, milliy azl\u0131qlar ve milletlerara munasebetler meseleleri boyunca komitetni\u00f1 seyyar topla\u015fuv\u0131 ol\u0131p ke\u00e7ti. K\u00f6r\u00fc\u015f\u00fcvni\u00f1 te\u015febb\u00fcs\u00e7isi Komitetni\u00f1 milliy siyaset, tam\u0131r halqlarn\u0131\u00f1 ve milliy azl\u0131qlarn\u0131\u00f1 aqlar\u0131 boyunca b\u00f6l\u00fcgini\u00f1 ba\u015f\u0131, Meclis reisi Mustafa Cemilevdir Topla\u015fuv i\u015finde Ukraina Yuqar\u0131 \u015euras\u0131n\u0131\u00f1 \u0130nsan aqlar\u0131, milliy azl\u0131qlar ve milletlerara munasebetler meseleleri boyunca [&hellip;]","og_url":"https:\/\/qtmm.org\/qt\/qirimda-ukraina-yuqari-surasinin-insan-aqlari-milliy-azliqlar-ve-milletlerara-munasebetler-meseleleri-boyunca-komitetnin-seyyar-toplasuvi-olip-kecti\/","og_site_name":"\u041c\u0435\u0434\u0436\u043b\u0456\u0441","article_publisher":"https:\/\/www.facebook.com\/qtmm.info\/","article_published_time":"2013-04-11T15:32:00+00:00","article_modified_time":"2022-01-23T15:33:00+00:00","og_image":[{"width":650,"height":312,"url":"https:\/\/qtmm.org\/wp-content\/uploads\/2022\/01\/vtekst_1.jpeg","type":"image\/jpeg"}],"author":"Developer","twitter_card":"summary_large_image","twitter_misc":{"Written by":"Developer","Est. reading time":"2 minutes"},"schema":{"@context":"https:\/\/schema.org","@graph":[{"@type":"Article","@id":"https:\/\/qtmm.org\/qt\/qirimda-ukraina-yuqari-surasinin-insan-aqlari-milliy-azliqlar-ve-milletlerara-munasebetler-meseleleri-boyunca-komitetnin-seyyar-toplasuvi-olip-kecti\/#article","isPartOf":{"@id":"https:\/\/qtmm.org\/qt\/qirimda-ukraina-yuqari-surasinin-insan-aqlari-milliy-azliqlar-ve-milletlerara-munasebetler-meseleleri-boyunca-komitetnin-seyyar-toplasuvi-olip-kecti\/"},"author":{"name":"Developer","@id":"https:\/\/qtmm.org\/qt\/#\/schema\/person\/de562469f971dec226ac06e60bbf74a7"},"headline":"Q\u0131r\u0131mda Ukraina Yuqar\u0131 \u015euras\u0131n\u0131\u00f1 \u0130nsan aqlar\u0131, milliy azl\u0131qlar ve milletlerara munasebetler meseleleri boyunca komitetni\u00f1 seyyar topla\u015fuv\u0131 ol\u0131p ke\u00e7ti","datePublished":"2013-04-11T15:32:00+00:00","dateModified":"2022-01-23T15:33:00+00:00","mainEntityOfPage":{"@id":"https:\/\/qtmm.org\/qt\/qirimda-ukraina-yuqari-surasinin-insan-aqlari-milliy-azliqlar-ve-milletlerara-munasebetler-meseleleri-boyunca-komitetnin-seyyar-toplasuvi-olip-kecti\/"},"wordCount":429,"commentCount":0,"publisher":{"@id":"https:\/\/qtmm.org\/qt\/#organization"},"image":{"@id":"https:\/\/qtmm.org\/qt\/qirimda-ukraina-yuqari-surasinin-insan-aqlari-milliy-azliqlar-ve-milletlerara-munasebetler-meseleleri-boyunca-komitetnin-seyyar-toplasuvi-olip-kecti\/#primaryimage"},"thumbnailUrl":"https:\/\/qtmm.org\/wp-content\/uploads\/2022\/01\/vtekst_1.jpeg","articleSection":["Haberler"],"inLanguage":"qt","potentialAction":[{"@type":"CommentAction","name":"Comment","target":["https:\/\/qtmm.org\/qt\/qirimda-ukraina-yuqari-surasinin-insan-aqlari-milliy-azliqlar-ve-milletlerara-munasebetler-meseleleri-boyunca-komitetnin-seyyar-toplasuvi-olip-kecti\/#respond"]}]},{"@type":"WebPage","@id":"https:\/\/qtmm.org\/qt\/qirimda-ukraina-yuqari-surasinin-insan-aqlari-milliy-azliqlar-ve-milletlerara-munasebetler-meseleleri-boyunca-komitetnin-seyyar-toplasuvi-olip-kecti\/","url":"https:\/\/qtmm.org\/qt\/qirimda-ukraina-yuqari-surasinin-insan-aqlari-milliy-azliqlar-ve-milletlerara-munasebetler-meseleleri-boyunca-komitetnin-seyyar-toplasuvi-olip-kecti\/","name":"Q\u0131r\u0131mda Ukraina Yuqar\u0131 \u015euras\u0131n\u0131\u00f1 \u0130nsan aqlar\u0131, milliy azl\u0131qlar ve milletlerara munasebetler meseleleri boyunca komitetni\u00f1 seyyar topla\u015fuv\u0131 ol\u0131p ke\u00e7ti - \u041c\u0435\u0434\u0436\u043b\u0456\u0441","isPartOf":{"@id":"https:\/\/qtmm.org\/qt\/#website"},"primaryImageOfPage":{"@id":"https:\/\/qtmm.org\/qt\/qirimda-ukraina-yuqari-surasinin-insan-aqlari-milliy-azliqlar-ve-milletlerara-munasebetler-meseleleri-boyunca-komitetnin-seyyar-toplasuvi-olip-kecti\/#primaryimage"},"image":{"@id":"https:\/\/qtmm.org\/qt\/qirimda-ukraina-yuqari-surasinin-insan-aqlari-milliy-azliqlar-ve-milletlerara-munasebetler-meseleleri-boyunca-komitetnin-seyyar-toplasuvi-olip-kecti\/#primaryimage"},"thumbnailUrl":"https:\/\/qtmm.org\/wp-content\/uploads\/2022\/01\/vtekst_1.jpeg","datePublished":"2013-04-11T15:32:00+00:00","dateModified":"2022-01-23T15:33:00+00:00","breadcrumb":{"@id":"https:\/\/qtmm.org\/qt\/qirimda-ukraina-yuqari-surasinin-insan-aqlari-milliy-azliqlar-ve-milletlerara-munasebetler-meseleleri-boyunca-komitetnin-seyyar-toplasuvi-olip-kecti\/#breadcrumb"},"inLanguage":"qt","potentialAction":[{"@type":"ReadAction","target":["https:\/\/qtmm.org\/qt\/qirimda-ukraina-yuqari-surasinin-insan-aqlari-milliy-azliqlar-ve-milletlerara-munasebetler-meseleleri-boyunca-komitetnin-seyyar-toplasuvi-olip-kecti\/"]}]},{"@type":"ImageObject","inLanguage":"qt","@id":"https:\/\/qtmm.org\/qt\/qirimda-ukraina-yuqari-surasinin-insan-aqlari-milliy-azliqlar-ve-milletlerara-munasebetler-meseleleri-boyunca-komitetnin-seyyar-toplasuvi-olip-kecti\/#primaryimage","url":"https:\/\/qtmm.org\/wp-content\/uploads\/2022\/01\/vtekst_1.jpeg","contentUrl":"https:\/\/qtmm.org\/wp-content\/uploads\/2022\/01\/vtekst_1.jpeg","width":650,"height":312},{"@type":"BreadcrumbList","@id":"https:\/\/qtmm.org\/qt\/qirimda-ukraina-yuqari-surasinin-insan-aqlari-milliy-azliqlar-ve-milletlerara-munasebetler-meseleleri-boyunca-komitetnin-seyyar-toplasuvi-olip-kecti\/#breadcrumb","itemListElement":[{"@type":"ListItem","position":1,"name":"\u0413\u043e\u043b\u043e\u0432\u043d\u0430","item":"https:\/\/qtmm.org\/qt\/"},{"@type":"ListItem","position":2,"name":"Q\u0131r\u0131mda Ukraina Yuqar\u0131 \u015euras\u0131n\u0131\u00f1 \u0130nsan aqlar\u0131, milliy azl\u0131qlar ve milletlerara munasebetler meseleleri boyunca komitetni\u00f1 seyyar topla\u015fuv\u0131 ol\u0131p ke\u00e7ti"}]},{"@type":"WebSite","@id":"https:\/\/qtmm.org\/qt\/#website","url":"https:\/\/qtmm.org\/qt\/","name":"\u041c\u0435\u0434\u0436\u043b\u0456\u0441","description":"","publisher":{"@id":"https:\/\/qtmm.org\/qt\/#organization"},"potentialAction":[{"@type":"SearchAction","target":{"@type":"EntryPoint","urlTemplate":"https:\/\/qtmm.org\/qt\/?s={search_term_string}"},"query-input":{"@type":"PropertyValueSpecification","valueRequired":true,"valueName":"search_term_string"}}],"inLanguage":"qt"},{"@type":"Organization","@id":"https:\/\/qtmm.org\/qt\/#organization","name":"\u041c\u0435\u0434\u0436\u043b\u0456\u0441","url":"https:\/\/qtmm.org\/qt\/","logo":{"@type":"ImageObject","inLanguage":"qt","@id":"https:\/\/qtmm.org\/qt\/#\/schema\/logo\/image\/","url":"https:\/\/qtmm.org\/wp-content\/uploads\/2024\/12\/ua-mejlis-logo-rgb.svg","contentUrl":"https:\/\/qtmm.org\/wp-content\/uploads\/2024\/12\/ua-mejlis-logo-rgb.svg","caption":"\u041c\u0435\u0434\u0436\u043b\u0456\u0441"},"image":{"@id":"https:\/\/qtmm.org\/qt\/#\/schema\/logo\/image\/"},"sameAs":["https:\/\/www.facebook.com\/qtmm.info\/"]},{"@type":"Person","@id":"https:\/\/qtmm.org\/qt\/#\/schema\/person\/de562469f971dec226ac06e60bbf74a7","name":"Developer","image":{"@type":"ImageObject","inLanguage":"qt","@id":"https:\/\/secure.gravatar.com\/avatar\/392b4cc8fbfeb00b39dfeeab4ee6edded39ffd48e25858637e4765810300227e?s=96&d=mm&r=g","url":"https:\/\/secure.gravatar.com\/avatar\/392b4cc8fbfeb00b39dfeeab4ee6edded39ffd48e25858637e4765810300227e?s=96&d=mm&r=g","contentUrl":"https:\/\/secure.gravatar.com\/avatar\/392b4cc8fbfeb00b39dfeeab4ee6edded39ffd48e25858637e4765810300227e?s=96&d=mm&r=g","caption":"Developer"},"url":"https:\/\/qtmm.org\/qt\/author\/Developer\/"}]}},"_links":{"self":[{"href":"https:\/\/qtmm.org\/qt\/wp-json\/wp\/v2\/posts\/36443","targetHints":{"allow":["GET"]}}],"collection":[{"href":"https:\/\/qtmm.org\/qt\/wp-json\/wp\/v2\/posts"}],"about":[{"href":"https:\/\/qtmm.org\/qt\/wp-json\/wp\/v2\/types\/post"}],"author":[{"embeddable":true,"href":"https:\/\/qtmm.org\/qt\/wp-json\/wp\/v2\/users\/1"}],"replies":[{"embeddable":true,"href":"https:\/\/qtmm.org\/qt\/wp-json\/wp\/v2\/comments?post=36443"}],"version-history":[{"count":1,"href":"https:\/\/qtmm.org\/qt\/wp-json\/wp\/v2\/posts\/36443\/revisions"}],"predecessor-version":[{"id":36448,"href":"https:\/\/qtmm.org\/qt\/wp-json\/wp\/v2\/posts\/36443\/revisions\/36448"}],"wp:featuredmedia":[{"embeddable":true,"href":"https:\/\/qtmm.org\/qt\/wp-json\/wp\/v2\/media\/36444"}],"wp:attachment":[{"href":"https:\/\/qtmm.org\/qt\/wp-json\/wp\/v2\/media?parent=36443"}],"wp:term":[{"taxonomy":"category","embeddable":true,"href":"https:\/\/qtmm.org\/qt\/wp-json\/wp\/v2\/categories?post=36443"},{"taxonomy":"post_tag","embeddable":true,"href":"https:\/\/qtmm.org\/qt\/wp-json\/wp\/v2\/tags?post=36443"}],"curies":[{"name":"wp","href":"https:\/\/api.w.org\/{rel}","templated":true}]}}