




{"id":36425,"date":"2013-04-09T18:30:00","date_gmt":"2013-04-09T15:30:00","guid":{"rendered":"http:\/\/qtmm.org\/?p=36425"},"modified":"2022-01-23T18:32:04","modified_gmt":"2022-01-23T15:32:04","slug":"hidirlez-bayrami-2013-senesi-mayis-6-kunu-seherizada-eglence-merkezi-yaninda-kecirilecek","status":"publish","type":"post","link":"https:\/\/qtmm.org\/qt\/hidirlez-bayrami-2013-senesi-mayis-6-kunu-seherizada-eglence-merkezi-yaninda-kecirilecek\/","title":{"rendered":"H\u0131d\u0131rlez bayram\u0131 2013 senesi may\u0131s 6 k\u00fcn\u00fc \u00ab\u015eeherizada\u00bb eglence merkezi yan\u0131nda ke\u00e7irilecek"},"content":{"rendered":"\n<p>Aprel 9 k\u00fcn\u00fc Q\u0131r\u0131mtatar halq\u0131 Meclisi reisini\u00f1 birinci muavini Refat \u00c7ubarov, Ba\u011f\u00e7asaray regional meclis reisi Ahtem \u00c7iygoz ve H\u0131d\u0131rlez bayram\u0131n\u0131 az\u0131rlav ve ke\u00e7ir\u00fcv boyunca te\u015fkiliy komitet reisi Emine Avamileva &#8220;Q\u0131r\u0131mtatar milliy bayram\u0131 H\u0131d\u0131rlezni ke\u00e7ir\u00fcv&#8221; mevzus\u0131nda matbuat konferentsiyas\u0131n\u0131 ke\u00e7irdiler.<\/p>\n\n\n\n<p>Refat \u00c7ubarovn\u0131\u00f1 bildirgenine k\u00f6re er y\u0131l\u0131 ol\u011fan\u0131 kibi B\u00fct\u00fcnq\u0131r\u0131m H\u0131d\u0131rlez bayram\u0131 2013 senesi may\u0131s 6 k\u00fcn\u00fc &#8220;\u015eeherizada&#8221; eglence merkezi yan\u0131nda ke\u00e7irilecek.<\/p>\n\n\n\n<p>Meclis taraf\u0131ndan tesis etilgen Te\u015fkiliy komitetke Emine Avamileva reislik yapa, on\u0131\u00f1 erk\u00e2n\u0131na ise epsi regional meclislerni\u00f1 reisleri kirsetildi.<br><br>Refat \u00c7ubarov B\u00fct\u00fcn Q\u0131r\u0131m seviyesinde bir q\u0131r\u0131mtatar milliy bayram\u0131n\u0131 ke\u00e7irmek te\u015febb\u00fcsinen 2011 senesi o zamanda Ukraina Prezidentini\u00f1 Q\u0131r\u0131mdaki temsilcisi ol\u011fan Vladimir Yatsuba \u00e7\u0131qqan\u0131n\u0131 hat\u0131rlatt\u0131. &#8220;2012 senesi biz bu te\u015febb\u00fcsni q\u0131r\u0131mtatar ziyal\u0131lar\u0131, dindarlar ve cemaat te\u015fkil\u00e2tlar\u0131nen muzakere etken ve a\u00f1la\u015fqan edik, &#8211; dedi Q\u0131r\u0131mtatar halq\u0131 Meclisi reisini\u00f1 birinci muavini Refat \u00c7ubarov \u2013 aprel 18 k\u00fcn\u00fc ise Q\u0131r\u0131m Nazirler \u015furas\u0131n\u0131\u00f1 &#8220;Q\u0131r\u0131mtatar milliy bayram\u0131 H\u0131d\u0131rlez bayram\u0131n\u0131 az\u0131rlav ve ke\u00e7ir\u00fcv aqq\u0131nda&#8221; qarar al\u0131n\u011fan edi. Belli ki, eki y\u0131ldan berli bayram Aqmescit \u2013Ba\u011f\u00e7asaray yolun\u0131\u00f1 25-nci kilometrinde yerle\u015fken &#8220;\u015eeherizada&#8221; eglence merkezi yan\u0131ndaki alanda ke\u00e7irile edi.<\/p>\n\n\n\n<p>Bayramda bulun\u011fan Q\u0131r\u0131m ba\u015f naziri Anatoliy Mogil\u00f6v Q\u0131r\u0131m cemaat\u0131na H\u0131d\u0131rlez ke\u00e7irilgen meydanda milliy bayramlarn\u0131 ke\u00e7irmek i\u00e7\u00fcn kerek \u015faraitlerni yaratma\u011fa s\u00f6z berdi, l\u00e2kin netice \u015fimdilik k\u00f6r\u00fcnmey.<\/p>\n\n\n\n<figure class=\"wp-block-image size-full\"><img loading=\"lazy\" decoding=\"async\" width=\"650\" height=\"400\" src=\"http:\/\/qtmm.org\/wp-content\/uploads\/2022\/01\/img_1768_1.jpeg\" alt=\"\" class=\"wp-image-36430\" srcset=\"https:\/\/qtmm.org\/wp-content\/uploads\/2022\/01\/img_1768_1.jpeg 650w, https:\/\/qtmm.org\/wp-content\/uploads\/2022\/01\/img_1768_1-300x185.jpeg 300w\" sizes=\"auto, (max-width: 650px) 100vw, 650px\" \/><\/figure>\n\n\n\n<p>R.\u00c7ubarovn\u0131\u00f1 aytqanlar\u0131na k\u00f6re bu y\u0131l\u0131 Q\u0131r\u0131m Nazirler \u015euras\u0131 bayramn\u0131\u00f1 k\u00fcn\u00fc ve yerini de\u00f1i\u015ftirmek qarar\u0131n\u0131 al\u0131p, bayram tedbirlerini Q\u0131r\u0131mn\u0131\u00f1 bir s\u0131ra rayonlar\u0131nda ke\u00e7irmekni planla\u015ft\u0131ra. R. \u00c7ubarovn\u0131\u00f1 fikrince Nazirler \u015euras\u0131n\u0131\u00f1 bayram\u011fa qat\u0131lma\u011fa istemegenine siyasiy bir \u00e7\u0131q\u0131\u015f olaraq q\u0131ymet kesmek m\u00fcmk\u00fcn.<\/p>\n\n\n\n<p>&#8220;Biz ba\u015flan\u011f\u0131\u00e7n\u0131 devam etmek niyetindemiz ve H\u0131d\u0131rlezni ke\u00e7ken y\u0131llardakisi kibi o yerde qayd etmek qarar\u0131ndam\u0131z, &#8211; dedi Refat \u00c7ubarov. \u2013 \u015eun\u0131 da esapqa almal\u0131 ki, Ba\u011f\u00e7asaray rayon devlet memuriyeti Q\u0131r\u0131mtatar milliy bayram\u0131 H\u0131d\u0131rlez bayram\u0131n\u0131 &#8220;\u015eeherizada&#8221; eglence merkezi yan\u0131ndaki alanda ke\u00e7ir\u00fcv aqq\u0131nda&#8221; qarar ald\u0131. Q\u0131r\u0131mtatar halq\u0131n\u0131\u00f1 Meclisi ise bu tedbirni\u00f1 B\u00fct\u00fcnq\u0131r\u0131m miqyas\u0131nda olmas\u0131n\u0131 teminlegen tedbirler plan\u0131n\u0131 i\u015fledi&#8221;.<\/p>\n\n\n\n<p>\u00d6z nevbetinde Te\u015fkiliy komitet reisi E. Avamileva bayram\u011fa az\u0131rl\u0131q aqq\u0131nda tafsil\u00e2tl\u0131 mal\u00fcmat berdi. &#8220;H\u0131d\u0131rlez bayram\u0131 programmas\u0131 \u00e7er\u00e7ivesinde milliy folklor ansamblleri, halq sanat\u0131 eserlerini\u00f1 sergisi, milliy k\u00fcre\u015f, at qo\u015fular\u0131 ve bun\u0131\u00f1 kibi de balalar i\u00e7\u00fcn bir \u00e7oq eglenceler, qalaqay t\u0131\u011f\u0131rtuv tedbirleri olacaq&#8221;, &#8211; dedi E. Avamileva. On\u0131\u00f1 bildirgenine k\u00f6re bayramda i\u015ftirak etmek istegi aqq\u0131nda arizanen Donetsk vil\u00e2yetini\u00f1 urumlar cemiyeti muracaat etken. Belli ki, qalaqayn\u0131\u00f1 nas\u0131l t\u00fc\u015fkeninden \u015fu y\u0131ln\u0131\u00f1 nas\u0131l olaca\u011f\u0131n\u0131 bilmek m\u00fcmk\u00fcn.<\/p>\n\n\n\n<figure class=\"wp-block-image size-full\"><img loading=\"lazy\" decoding=\"async\" width=\"650\" height=\"350\" src=\"http:\/\/qtmm.org\/wp-content\/uploads\/2022\/01\/img_1776.jpeg\" alt=\"\" class=\"wp-image-36434\" srcset=\"https:\/\/qtmm.org\/wp-content\/uploads\/2022\/01\/img_1776.jpeg 650w, https:\/\/qtmm.org\/wp-content\/uploads\/2022\/01\/img_1776-300x162.jpeg 300w\" sizes=\"auto, (max-width: 650px) 100vw, 650px\" \/><\/figure>\n\n\n\n<p>Emine Avamileva bayram i\u015ftirak\u00e7ileri i\u00e7\u00fcn bedava i\u00e7imlik suvu berilip, spirtli i\u00e7imlikler sat\u0131lmas\u0131 yasaqlanaca\u011f\u0131n\u0131 da aytt\u0131. Tek meyva suvlar\u0131 sat\u0131lacaq. Sponsorlar meydanda \u00e7ad\u0131rlarn\u0131 qoyma\u011fa s\u00f6z bergenler. Sinoptiklerni\u00f1 tahminlerine k\u00f6re may\u0131s 6 k\u00fcn\u00fc a\u00e7\u0131q ve k\u00fcne\u015fli ava olmas\u0131 beklenile. &#8220;2013 senesini\u00f1 bayram\u0131 em musafirler, em tedbirler say\u0131s\u0131 ceetinden k\u00f6lemlice olacaq&#8221;, dedi Emine Avamileva.<\/p>\n\n\n\n<p>Ba\u011f\u00e7asaray regional meclis reisi Ahtem \u00c7iygoz dedi ki, \u00e7oqbi\u00f1 adaml\u0131q bayramlar ke\u00e7ir\u00fcvde Ba\u011f\u00e7asaray endi baya\u011f\u0131 zengin tecribege maliktir.<\/p>\n\n\n\n<figure class=\"wp-block-image size-full\"><img loading=\"lazy\" decoding=\"async\" width=\"650\" height=\"431\" src=\"http:\/\/qtmm.org\/wp-content\/uploads\/2022\/01\/img_1770.jpeg\" alt=\"\" class=\"wp-image-36438\" srcset=\"https:\/\/qtmm.org\/wp-content\/uploads\/2022\/01\/img_1770.jpeg 650w, https:\/\/qtmm.org\/wp-content\/uploads\/2022\/01\/img_1770-300x199.jpeg 300w\" sizes=\"auto, (max-width: 650px) 100vw, 650px\" \/><\/figure>\n\n\n\n<p>Bu sene bayram tek Q\u0131r\u0131mdan degil de, Ukrainan\u0131\u00f1 ba\u015fqa regionlar\u0131nda da musafirlerni birle\u015ftirir. On\u0131\u00f1 bildirgenine k\u00f6re b\u00fct\u00fcn regional meclislerni\u00f1 reisleri H\u0131d\u0131rlez bayram\u0131nda i\u015ftirak etmek istegini beyan ettiler.<\/p>\n\n\n\n<p><em>Mal\u00fcmat i\u00e7\u00fcn; &#8220;H\u0131d\u0131rlez&#8221; bayram\u0131 quralay ay\u0131n\u0131\u00f1 birinci cuma k\u00fcn\u00fc qayd etile. Bayramn\u0131\u00f1 ad\u0131 eki aziz H\u0131d\u0131r ve \u0130lyasn\u0131\u00f1 adlar\u0131ndan ibarettir. Efsanege k\u00f6re bu eki azizni\u00f1 birisi Yerni sa\u011fdan, digeri soldan dolan\u0131p, insanlar\u011fa yard\u0131m eteler. Bayram bol bereket almaq niyetinde bir s\u0131ra tedbirlernen ke\u00e7irilgen. Bayram \u015fe\u00f1ligi adeti \u00fczre suv yan\u0131nda ol\u0131p, m\u0131tlaqa bay\u0131rdan qalaqay t\u0131\u011f\u0131rt\u0131l\u011fan ve so\u00f1unda Horan tepilgen.<\/em><\/p>\n","protected":false},"excerpt":{"rendered":"<p>Aprel 9 k\u00fcn\u00fc Q\u0131r\u0131mtatar halq\u0131 Meclisi reisini\u00f1 birinci muavini Refat \u00c7ubarov, Ba\u011f\u00e7asaray regional meclis reisi Ahtem \u00c7iygoz ve H\u0131d\u0131rlez bayram\u0131n\u0131 az\u0131rlav ve ke\u00e7ir\u00fcv boyunca te\u015fkiliy komitet reisi Emine Avamileva &#8220;Q\u0131r\u0131mtatar milliy bayram\u0131 H\u0131d\u0131rlezni ke\u00e7ir\u00fcv&#8221; mevzus\u0131nda matbuat konferentsiyas\u0131n\u0131 ke\u00e7irdiler. Refat \u00c7ubarovn\u0131\u00f1 bildirgenine k\u00f6re er y\u0131l\u0131 ol\u011fan\u0131 kibi B\u00fct\u00fcnq\u0131r\u0131m H\u0131d\u0131rlez bayram\u0131 2013 senesi may\u0131s 6 k\u00fcn\u00fc &#8220;\u015eeherizada&#8221; [&hellip;]<\/p>\n","protected":false},"author":1,"featured_media":36426,"comment_status":"open","ping_status":"open","sticky":false,"template":"","format":"standard","meta":{"inline_featured_image":false,"footnotes":""},"categories":[265],"tags":[],"class_list":["post-36425","post","type-post","status-publish","format-standard","has-post-thumbnail","hentry","category-haberler"],"acf":[],"yoast_head":"<!-- This site is optimized with the Yoast SEO plugin v27.4 - https:\/\/yoast.com\/product\/yoast-seo-wordpress\/ -->\n<title>H\u0131d\u0131rlez bayram\u0131 2013 senesi may\u0131s 6 k\u00fcn\u00fc \u00ab\u015eeherizada\u00bb eglence merkezi yan\u0131nda ke\u00e7irilecek - \u041c\u0435\u0434\u0436\u043b\u0456\u0441<\/title>\n<meta name=\"robots\" content=\"index, follow, max-snippet:-1, max-image-preview:large, max-video-preview:-1\" \/>\n<link rel=\"canonical\" href=\"https:\/\/qtmm.org\/qt\/hidirlez-bayrami-2013-senesi-mayis-6-kunu-seherizada-eglence-merkezi-yaninda-kecirilecek\/\" \/>\n<meta property=\"og:locale\" content=\"en_US\" \/>\n<meta property=\"og:type\" content=\"article\" \/>\n<meta property=\"og:title\" content=\"H\u0131d\u0131rlez bayram\u0131 2013 senesi may\u0131s 6 k\u00fcn\u00fc \u00ab\u015eeherizada\u00bb eglence merkezi yan\u0131nda ke\u00e7irilecek - \u041c\u0435\u0434\u0436\u043b\u0456\u0441\" \/>\n<meta property=\"og:description\" content=\"Aprel 9 k\u00fcn\u00fc Q\u0131r\u0131mtatar halq\u0131 Meclisi reisini\u00f1 birinci muavini Refat \u00c7ubarov, Ba\u011f\u00e7asaray regional meclis reisi Ahtem \u00c7iygoz ve H\u0131d\u0131rlez bayram\u0131n\u0131 az\u0131rlav ve ke\u00e7ir\u00fcv boyunca te\u015fkiliy komitet reisi Emine Avamileva &#8220;Q\u0131r\u0131mtatar milliy bayram\u0131 H\u0131d\u0131rlezni ke\u00e7ir\u00fcv&#8221; mevzus\u0131nda matbuat konferentsiyas\u0131n\u0131 ke\u00e7irdiler. Refat \u00c7ubarovn\u0131\u00f1 bildirgenine k\u00f6re er y\u0131l\u0131 ol\u011fan\u0131 kibi B\u00fct\u00fcnq\u0131r\u0131m H\u0131d\u0131rlez bayram\u0131 2013 senesi may\u0131s 6 k\u00fcn\u00fc &#8220;\u015eeherizada&#8221; [&hellip;]\" \/>\n<meta property=\"og:url\" content=\"https:\/\/qtmm.org\/qt\/hidirlez-bayrami-2013-senesi-mayis-6-kunu-seherizada-eglence-merkezi-yaninda-kecirilecek\/\" \/>\n<meta property=\"og:site_name\" content=\"\u041c\u0435\u0434\u0436\u043b\u0456\u0441\" \/>\n<meta property=\"article:publisher\" content=\"https:\/\/www.facebook.com\/qtmm.info\/\" \/>\n<meta property=\"article:published_time\" content=\"2013-04-09T15:30:00+00:00\" \/>\n<meta property=\"article:modified_time\" content=\"2022-01-23T15:32:04+00:00\" \/>\n<meta property=\"og:image\" content=\"https:\/\/qtmm.org\/wp-content\/uploads\/2022\/01\/img_1758_1.jpeg\" \/>\n\t<meta property=\"og:image:width\" content=\"650\" \/>\n\t<meta property=\"og:image:height\" content=\"350\" \/>\n\t<meta property=\"og:image:type\" content=\"image\/jpeg\" \/>\n<meta name=\"author\" content=\"Developer\" \/>\n<meta name=\"twitter:card\" content=\"summary_large_image\" \/>\n<meta name=\"twitter:label1\" content=\"Written by\" \/>\n\t<meta name=\"twitter:data1\" content=\"Developer\" \/>\n\t<meta name=\"twitter:label2\" content=\"Est. reading time\" \/>\n\t<meta name=\"twitter:data2\" content=\"4 minutes\" \/>\n<script type=\"application\/ld+json\" class=\"yoast-schema-graph\">{\"@context\":\"https:\\\/\\\/schema.org\",\"@graph\":[{\"@type\":\"Article\",\"@id\":\"https:\\\/\\\/qtmm.org\\\/qt\\\/hidirlez-bayrami-2013-senesi-mayis-6-kunu-seherizada-eglence-merkezi-yaninda-kecirilecek\\\/#article\",\"isPartOf\":{\"@id\":\"https:\\\/\\\/qtmm.org\\\/qt\\\/hidirlez-bayrami-2013-senesi-mayis-6-kunu-seherizada-eglence-merkezi-yaninda-kecirilecek\\\/\"},\"author\":{\"name\":\"Developer\",\"@id\":\"https:\\\/\\\/qtmm.org\\\/qt\\\/#\\\/schema\\\/person\\\/de562469f971dec226ac06e60bbf74a7\"},\"headline\":\"H\u0131d\u0131rlez bayram\u0131 2013 senesi may\u0131s 6 k\u00fcn\u00fc \u00ab\u015eeherizada\u00bb eglence merkezi yan\u0131nda ke\u00e7irilecek\",\"datePublished\":\"2013-04-09T15:30:00+00:00\",\"dateModified\":\"2022-01-23T15:32:04+00:00\",\"mainEntityOfPage\":{\"@id\":\"https:\\\/\\\/qtmm.org\\\/qt\\\/hidirlez-bayrami-2013-senesi-mayis-6-kunu-seherizada-eglence-merkezi-yaninda-kecirilecek\\\/\"},\"wordCount\":757,\"commentCount\":0,\"publisher\":{\"@id\":\"https:\\\/\\\/qtmm.org\\\/qt\\\/#organization\"},\"image\":{\"@id\":\"https:\\\/\\\/qtmm.org\\\/qt\\\/hidirlez-bayrami-2013-senesi-mayis-6-kunu-seherizada-eglence-merkezi-yaninda-kecirilecek\\\/#primaryimage\"},\"thumbnailUrl\":\"https:\\\/\\\/qtmm.org\\\/wp-content\\\/uploads\\\/2022\\\/01\\\/img_1758_1.jpeg\",\"articleSection\":[\"Haberler\"],\"inLanguage\":\"qt\",\"potentialAction\":[{\"@type\":\"CommentAction\",\"name\":\"Comment\",\"target\":[\"https:\\\/\\\/qtmm.org\\\/qt\\\/hidirlez-bayrami-2013-senesi-mayis-6-kunu-seherizada-eglence-merkezi-yaninda-kecirilecek\\\/#respond\"]}]},{\"@type\":\"WebPage\",\"@id\":\"https:\\\/\\\/qtmm.org\\\/qt\\\/hidirlez-bayrami-2013-senesi-mayis-6-kunu-seherizada-eglence-merkezi-yaninda-kecirilecek\\\/\",\"url\":\"https:\\\/\\\/qtmm.org\\\/qt\\\/hidirlez-bayrami-2013-senesi-mayis-6-kunu-seherizada-eglence-merkezi-yaninda-kecirilecek\\\/\",\"name\":\"H\u0131d\u0131rlez bayram\u0131 2013 senesi may\u0131s 6 k\u00fcn\u00fc \u00ab\u015eeherizada\u00bb eglence merkezi yan\u0131nda ke\u00e7irilecek - \u041c\u0435\u0434\u0436\u043b\u0456\u0441\",\"isPartOf\":{\"@id\":\"https:\\\/\\\/qtmm.org\\\/qt\\\/#website\"},\"primaryImageOfPage\":{\"@id\":\"https:\\\/\\\/qtmm.org\\\/qt\\\/hidirlez-bayrami-2013-senesi-mayis-6-kunu-seherizada-eglence-merkezi-yaninda-kecirilecek\\\/#primaryimage\"},\"image\":{\"@id\":\"https:\\\/\\\/qtmm.org\\\/qt\\\/hidirlez-bayrami-2013-senesi-mayis-6-kunu-seherizada-eglence-merkezi-yaninda-kecirilecek\\\/#primaryimage\"},\"thumbnailUrl\":\"https:\\\/\\\/qtmm.org\\\/wp-content\\\/uploads\\\/2022\\\/01\\\/img_1758_1.jpeg\",\"datePublished\":\"2013-04-09T15:30:00+00:00\",\"dateModified\":\"2022-01-23T15:32:04+00:00\",\"breadcrumb\":{\"@id\":\"https:\\\/\\\/qtmm.org\\\/qt\\\/hidirlez-bayrami-2013-senesi-mayis-6-kunu-seherizada-eglence-merkezi-yaninda-kecirilecek\\\/#breadcrumb\"},\"inLanguage\":\"qt\",\"potentialAction\":[{\"@type\":\"ReadAction\",\"target\":[\"https:\\\/\\\/qtmm.org\\\/qt\\\/hidirlez-bayrami-2013-senesi-mayis-6-kunu-seherizada-eglence-merkezi-yaninda-kecirilecek\\\/\"]}]},{\"@type\":\"ImageObject\",\"inLanguage\":\"qt\",\"@id\":\"https:\\\/\\\/qtmm.org\\\/qt\\\/hidirlez-bayrami-2013-senesi-mayis-6-kunu-seherizada-eglence-merkezi-yaninda-kecirilecek\\\/#primaryimage\",\"url\":\"https:\\\/\\\/qtmm.org\\\/wp-content\\\/uploads\\\/2022\\\/01\\\/img_1758_1.jpeg\",\"contentUrl\":\"https:\\\/\\\/qtmm.org\\\/wp-content\\\/uploads\\\/2022\\\/01\\\/img_1758_1.jpeg\",\"width\":650,\"height\":350},{\"@type\":\"BreadcrumbList\",\"@id\":\"https:\\\/\\\/qtmm.org\\\/qt\\\/hidirlez-bayrami-2013-senesi-mayis-6-kunu-seherizada-eglence-merkezi-yaninda-kecirilecek\\\/#breadcrumb\",\"itemListElement\":[{\"@type\":\"ListItem\",\"position\":1,\"name\":\"\u0413\u043e\u043b\u043e\u0432\u043d\u0430\",\"item\":\"https:\\\/\\\/qtmm.org\\\/qt\\\/\"},{\"@type\":\"ListItem\",\"position\":2,\"name\":\"H\u0131d\u0131rlez bayram\u0131 2013 senesi may\u0131s 6 k\u00fcn\u00fc \u00ab\u015eeherizada\u00bb eglence merkezi yan\u0131nda ke\u00e7irilecek\"}]},{\"@type\":\"WebSite\",\"@id\":\"https:\\\/\\\/qtmm.org\\\/qt\\\/#website\",\"url\":\"https:\\\/\\\/qtmm.org\\\/qt\\\/\",\"name\":\"\u041c\u0435\u0434\u0436\u043b\u0456\u0441\",\"description\":\"\",\"publisher\":{\"@id\":\"https:\\\/\\\/qtmm.org\\\/qt\\\/#organization\"},\"potentialAction\":[{\"@type\":\"SearchAction\",\"target\":{\"@type\":\"EntryPoint\",\"urlTemplate\":\"https:\\\/\\\/qtmm.org\\\/qt\\\/?s={search_term_string}\"},\"query-input\":{\"@type\":\"PropertyValueSpecification\",\"valueRequired\":true,\"valueName\":\"search_term_string\"}}],\"inLanguage\":\"qt\"},{\"@type\":\"Organization\",\"@id\":\"https:\\\/\\\/qtmm.org\\\/qt\\\/#organization\",\"name\":\"\u041c\u0435\u0434\u0436\u043b\u0456\u0441\",\"url\":\"https:\\\/\\\/qtmm.org\\\/qt\\\/\",\"logo\":{\"@type\":\"ImageObject\",\"inLanguage\":\"qt\",\"@id\":\"https:\\\/\\\/qtmm.org\\\/qt\\\/#\\\/schema\\\/logo\\\/image\\\/\",\"url\":\"https:\\\/\\\/qtmm.org\\\/wp-content\\\/uploads\\\/2024\\\/12\\\/ua-mejlis-logo-rgb.svg\",\"contentUrl\":\"https:\\\/\\\/qtmm.org\\\/wp-content\\\/uploads\\\/2024\\\/12\\\/ua-mejlis-logo-rgb.svg\",\"caption\":\"\u041c\u0435\u0434\u0436\u043b\u0456\u0441\"},\"image\":{\"@id\":\"https:\\\/\\\/qtmm.org\\\/qt\\\/#\\\/schema\\\/logo\\\/image\\\/\"},\"sameAs\":[\"https:\\\/\\\/www.facebook.com\\\/qtmm.info\\\/\"]},{\"@type\":\"Person\",\"@id\":\"https:\\\/\\\/qtmm.org\\\/qt\\\/#\\\/schema\\\/person\\\/de562469f971dec226ac06e60bbf74a7\",\"name\":\"Developer\",\"image\":{\"@type\":\"ImageObject\",\"inLanguage\":\"qt\",\"@id\":\"https:\\\/\\\/secure.gravatar.com\\\/avatar\\\/392b4cc8fbfeb00b39dfeeab4ee6edded39ffd48e25858637e4765810300227e?s=96&d=mm&r=g\",\"url\":\"https:\\\/\\\/secure.gravatar.com\\\/avatar\\\/392b4cc8fbfeb00b39dfeeab4ee6edded39ffd48e25858637e4765810300227e?s=96&d=mm&r=g\",\"contentUrl\":\"https:\\\/\\\/secure.gravatar.com\\\/avatar\\\/392b4cc8fbfeb00b39dfeeab4ee6edded39ffd48e25858637e4765810300227e?s=96&d=mm&r=g\",\"caption\":\"Developer\"},\"url\":\"https:\\\/\\\/qtmm.org\\\/qt\\\/author\\\/Developer\\\/\"}]}<\/script>\n<!-- \/ Yoast SEO plugin. -->","yoast_head_json":{"title":"H\u0131d\u0131rlez bayram\u0131 2013 senesi may\u0131s 6 k\u00fcn\u00fc \u00ab\u015eeherizada\u00bb eglence merkezi yan\u0131nda ke\u00e7irilecek - \u041c\u0435\u0434\u0436\u043b\u0456\u0441","robots":{"index":"index","follow":"follow","max-snippet":"max-snippet:-1","max-image-preview":"max-image-preview:large","max-video-preview":"max-video-preview:-1"},"canonical":"https:\/\/qtmm.org\/qt\/hidirlez-bayrami-2013-senesi-mayis-6-kunu-seherizada-eglence-merkezi-yaninda-kecirilecek\/","og_locale":"en_US","og_type":"article","og_title":"H\u0131d\u0131rlez bayram\u0131 2013 senesi may\u0131s 6 k\u00fcn\u00fc \u00ab\u015eeherizada\u00bb eglence merkezi yan\u0131nda ke\u00e7irilecek - \u041c\u0435\u0434\u0436\u043b\u0456\u0441","og_description":"Aprel 9 k\u00fcn\u00fc Q\u0131r\u0131mtatar halq\u0131 Meclisi reisini\u00f1 birinci muavini Refat \u00c7ubarov, Ba\u011f\u00e7asaray regional meclis reisi Ahtem \u00c7iygoz ve H\u0131d\u0131rlez bayram\u0131n\u0131 az\u0131rlav ve ke\u00e7ir\u00fcv boyunca te\u015fkiliy komitet reisi Emine Avamileva &#8220;Q\u0131r\u0131mtatar milliy bayram\u0131 H\u0131d\u0131rlezni ke\u00e7ir\u00fcv&#8221; mevzus\u0131nda matbuat konferentsiyas\u0131n\u0131 ke\u00e7irdiler. Refat \u00c7ubarovn\u0131\u00f1 bildirgenine k\u00f6re er y\u0131l\u0131 ol\u011fan\u0131 kibi B\u00fct\u00fcnq\u0131r\u0131m H\u0131d\u0131rlez bayram\u0131 2013 senesi may\u0131s 6 k\u00fcn\u00fc &#8220;\u015eeherizada&#8221; [&hellip;]","og_url":"https:\/\/qtmm.org\/qt\/hidirlez-bayrami-2013-senesi-mayis-6-kunu-seherizada-eglence-merkezi-yaninda-kecirilecek\/","og_site_name":"\u041c\u0435\u0434\u0436\u043b\u0456\u0441","article_publisher":"https:\/\/www.facebook.com\/qtmm.info\/","article_published_time":"2013-04-09T15:30:00+00:00","article_modified_time":"2022-01-23T15:32:04+00:00","og_image":[{"width":650,"height":350,"url":"https:\/\/qtmm.org\/wp-content\/uploads\/2022\/01\/img_1758_1.jpeg","type":"image\/jpeg"}],"author":"Developer","twitter_card":"summary_large_image","twitter_misc":{"Written by":"Developer","Est. reading time":"4 minutes"},"schema":{"@context":"https:\/\/schema.org","@graph":[{"@type":"Article","@id":"https:\/\/qtmm.org\/qt\/hidirlez-bayrami-2013-senesi-mayis-6-kunu-seherizada-eglence-merkezi-yaninda-kecirilecek\/#article","isPartOf":{"@id":"https:\/\/qtmm.org\/qt\/hidirlez-bayrami-2013-senesi-mayis-6-kunu-seherizada-eglence-merkezi-yaninda-kecirilecek\/"},"author":{"name":"Developer","@id":"https:\/\/qtmm.org\/qt\/#\/schema\/person\/de562469f971dec226ac06e60bbf74a7"},"headline":"H\u0131d\u0131rlez bayram\u0131 2013 senesi may\u0131s 6 k\u00fcn\u00fc \u00ab\u015eeherizada\u00bb eglence merkezi yan\u0131nda ke\u00e7irilecek","datePublished":"2013-04-09T15:30:00+00:00","dateModified":"2022-01-23T15:32:04+00:00","mainEntityOfPage":{"@id":"https:\/\/qtmm.org\/qt\/hidirlez-bayrami-2013-senesi-mayis-6-kunu-seherizada-eglence-merkezi-yaninda-kecirilecek\/"},"wordCount":757,"commentCount":0,"publisher":{"@id":"https:\/\/qtmm.org\/qt\/#organization"},"image":{"@id":"https:\/\/qtmm.org\/qt\/hidirlez-bayrami-2013-senesi-mayis-6-kunu-seherizada-eglence-merkezi-yaninda-kecirilecek\/#primaryimage"},"thumbnailUrl":"https:\/\/qtmm.org\/wp-content\/uploads\/2022\/01\/img_1758_1.jpeg","articleSection":["Haberler"],"inLanguage":"qt","potentialAction":[{"@type":"CommentAction","name":"Comment","target":["https:\/\/qtmm.org\/qt\/hidirlez-bayrami-2013-senesi-mayis-6-kunu-seherizada-eglence-merkezi-yaninda-kecirilecek\/#respond"]}]},{"@type":"WebPage","@id":"https:\/\/qtmm.org\/qt\/hidirlez-bayrami-2013-senesi-mayis-6-kunu-seherizada-eglence-merkezi-yaninda-kecirilecek\/","url":"https:\/\/qtmm.org\/qt\/hidirlez-bayrami-2013-senesi-mayis-6-kunu-seherizada-eglence-merkezi-yaninda-kecirilecek\/","name":"H\u0131d\u0131rlez bayram\u0131 2013 senesi may\u0131s 6 k\u00fcn\u00fc \u00ab\u015eeherizada\u00bb eglence merkezi yan\u0131nda ke\u00e7irilecek - \u041c\u0435\u0434\u0436\u043b\u0456\u0441","isPartOf":{"@id":"https:\/\/qtmm.org\/qt\/#website"},"primaryImageOfPage":{"@id":"https:\/\/qtmm.org\/qt\/hidirlez-bayrami-2013-senesi-mayis-6-kunu-seherizada-eglence-merkezi-yaninda-kecirilecek\/#primaryimage"},"image":{"@id":"https:\/\/qtmm.org\/qt\/hidirlez-bayrami-2013-senesi-mayis-6-kunu-seherizada-eglence-merkezi-yaninda-kecirilecek\/#primaryimage"},"thumbnailUrl":"https:\/\/qtmm.org\/wp-content\/uploads\/2022\/01\/img_1758_1.jpeg","datePublished":"2013-04-09T15:30:00+00:00","dateModified":"2022-01-23T15:32:04+00:00","breadcrumb":{"@id":"https:\/\/qtmm.org\/qt\/hidirlez-bayrami-2013-senesi-mayis-6-kunu-seherizada-eglence-merkezi-yaninda-kecirilecek\/#breadcrumb"},"inLanguage":"qt","potentialAction":[{"@type":"ReadAction","target":["https:\/\/qtmm.org\/qt\/hidirlez-bayrami-2013-senesi-mayis-6-kunu-seherizada-eglence-merkezi-yaninda-kecirilecek\/"]}]},{"@type":"ImageObject","inLanguage":"qt","@id":"https:\/\/qtmm.org\/qt\/hidirlez-bayrami-2013-senesi-mayis-6-kunu-seherizada-eglence-merkezi-yaninda-kecirilecek\/#primaryimage","url":"https:\/\/qtmm.org\/wp-content\/uploads\/2022\/01\/img_1758_1.jpeg","contentUrl":"https:\/\/qtmm.org\/wp-content\/uploads\/2022\/01\/img_1758_1.jpeg","width":650,"height":350},{"@type":"BreadcrumbList","@id":"https:\/\/qtmm.org\/qt\/hidirlez-bayrami-2013-senesi-mayis-6-kunu-seherizada-eglence-merkezi-yaninda-kecirilecek\/#breadcrumb","itemListElement":[{"@type":"ListItem","position":1,"name":"\u0413\u043e\u043b\u043e\u0432\u043d\u0430","item":"https:\/\/qtmm.org\/qt\/"},{"@type":"ListItem","position":2,"name":"H\u0131d\u0131rlez bayram\u0131 2013 senesi may\u0131s 6 k\u00fcn\u00fc \u00ab\u015eeherizada\u00bb eglence merkezi yan\u0131nda ke\u00e7irilecek"}]},{"@type":"WebSite","@id":"https:\/\/qtmm.org\/qt\/#website","url":"https:\/\/qtmm.org\/qt\/","name":"\u041c\u0435\u0434\u0436\u043b\u0456\u0441","description":"","publisher":{"@id":"https:\/\/qtmm.org\/qt\/#organization"},"potentialAction":[{"@type":"SearchAction","target":{"@type":"EntryPoint","urlTemplate":"https:\/\/qtmm.org\/qt\/?s={search_term_string}"},"query-input":{"@type":"PropertyValueSpecification","valueRequired":true,"valueName":"search_term_string"}}],"inLanguage":"qt"},{"@type":"Organization","@id":"https:\/\/qtmm.org\/qt\/#organization","name":"\u041c\u0435\u0434\u0436\u043b\u0456\u0441","url":"https:\/\/qtmm.org\/qt\/","logo":{"@type":"ImageObject","inLanguage":"qt","@id":"https:\/\/qtmm.org\/qt\/#\/schema\/logo\/image\/","url":"https:\/\/qtmm.org\/wp-content\/uploads\/2024\/12\/ua-mejlis-logo-rgb.svg","contentUrl":"https:\/\/qtmm.org\/wp-content\/uploads\/2024\/12\/ua-mejlis-logo-rgb.svg","caption":"\u041c\u0435\u0434\u0436\u043b\u0456\u0441"},"image":{"@id":"https:\/\/qtmm.org\/qt\/#\/schema\/logo\/image\/"},"sameAs":["https:\/\/www.facebook.com\/qtmm.info\/"]},{"@type":"Person","@id":"https:\/\/qtmm.org\/qt\/#\/schema\/person\/de562469f971dec226ac06e60bbf74a7","name":"Developer","image":{"@type":"ImageObject","inLanguage":"qt","@id":"https:\/\/secure.gravatar.com\/avatar\/392b4cc8fbfeb00b39dfeeab4ee6edded39ffd48e25858637e4765810300227e?s=96&d=mm&r=g","url":"https:\/\/secure.gravatar.com\/avatar\/392b4cc8fbfeb00b39dfeeab4ee6edded39ffd48e25858637e4765810300227e?s=96&d=mm&r=g","contentUrl":"https:\/\/secure.gravatar.com\/avatar\/392b4cc8fbfeb00b39dfeeab4ee6edded39ffd48e25858637e4765810300227e?s=96&d=mm&r=g","caption":"Developer"},"url":"https:\/\/qtmm.org\/qt\/author\/Developer\/"}]}},"_links":{"self":[{"href":"https:\/\/qtmm.org\/qt\/wp-json\/wp\/v2\/posts\/36425","targetHints":{"allow":["GET"]}}],"collection":[{"href":"https:\/\/qtmm.org\/qt\/wp-json\/wp\/v2\/posts"}],"about":[{"href":"https:\/\/qtmm.org\/qt\/wp-json\/wp\/v2\/types\/post"}],"author":[{"embeddable":true,"href":"https:\/\/qtmm.org\/qt\/wp-json\/wp\/v2\/users\/1"}],"replies":[{"embeddable":true,"href":"https:\/\/qtmm.org\/qt\/wp-json\/wp\/v2\/comments?post=36425"}],"version-history":[{"count":1,"href":"https:\/\/qtmm.org\/qt\/wp-json\/wp\/v2\/posts\/36425\/revisions"}],"predecessor-version":[{"id":36442,"href":"https:\/\/qtmm.org\/qt\/wp-json\/wp\/v2\/posts\/36425\/revisions\/36442"}],"wp:featuredmedia":[{"embeddable":true,"href":"https:\/\/qtmm.org\/qt\/wp-json\/wp\/v2\/media\/36426"}],"wp:attachment":[{"href":"https:\/\/qtmm.org\/qt\/wp-json\/wp\/v2\/media?parent=36425"}],"wp:term":[{"taxonomy":"category","embeddable":true,"href":"https:\/\/qtmm.org\/qt\/wp-json\/wp\/v2\/categories?post=36425"},{"taxonomy":"post_tag","embeddable":true,"href":"https:\/\/qtmm.org\/qt\/wp-json\/wp\/v2\/tags?post=36425"}],"curies":[{"name":"wp","href":"https:\/\/api.w.org\/{rel}","templated":true}]}}