




{"id":36391,"date":"2013-04-07T18:27:00","date_gmt":"2013-04-07T15:27:00","guid":{"rendered":"http:\/\/qtmm.org\/?p=36391"},"modified":"2022-01-23T18:30:13","modified_gmt":"2022-01-23T15:30:13","slug":"meclis-delegatsiyasi-almaniyada-leyptsig-civarinda-halqlar-carpismasinin-200-yilligina-bagislangan-konferentsiyada-istirak-etti","status":"publish","type":"post","link":"https:\/\/qtmm.org\/qt\/meclis-delegatsiyasi-almaniyada-leyptsig-civarinda-halqlar-carpismasinin-200-yilligina-bagislangan-konferentsiyada-istirak-etti\/","title":{"rendered":"Meclis delegatsiyas\u0131 Almaniyada Leyptsig civar\u0131nda halqlar \u00e7arp\u0131\u015fmas\u0131n\u0131\u00f1 200 y\u0131ll\u0131\u011f\u0131na ba\u011f\u0131\u015flan\u011fan konferentsiyada i\u015ftirak etti"},"content":{"rendered":"\n<p>2013 senesi aprel 6-7 k\u00fcnleri Almaniyan\u0131\u00f1 Leyptsig civar\u0131ndaki Borna \u015feerinde &#8220;Leyptsig civar\u0131nda Halqlar \u00e7arp\u0131\u015fmas\u0131n\u0131\u00f1 200 y\u0131ll\u0131\u011f\u0131 \u2013 Kl\u00e2ynbohta &#8220;tatar mezarl\u0131\u011f\u0131n\u0131\u00f1&#8221; 200 y\u0131ll\u0131\u011f\u0131:regional noqtai nazar\u0131ndan uluslararas\u0131 k\u00fclturologiya ara\u015ft\u0131rmalar\u0131&#8221; mevzus\u0131nda halqara simpozium ol\u0131p ke\u00e7ti.<\/p>\n\n\n\n<figure class=\"wp-block-image size-full\"><img loading=\"lazy\" decoding=\"async\" width=\"650\" height=\"373\" src=\"http:\/\/qtmm.org\/wp-content\/uploads\/2022\/01\/img_0124_1.jpeg\" alt=\"\" class=\"wp-image-36392\" srcset=\"https:\/\/qtmm.org\/wp-content\/uploads\/2022\/01\/img_0124_1.jpeg 650w, https:\/\/qtmm.org\/wp-content\/uploads\/2022\/01\/img_0124_1-300x172.jpeg 300w\" sizes=\"auto, (max-width: 650px) 100vw, 650px\" \/><\/figure>\n\n\n\n<p>Borna \u015feerine yaq\u0131n ol\u011fan Kl\u00e2ynboh degen yer\u00e7ikte Mustafa o\u011flu Yusuf adl\u0131 tatar subay\u0131 defn etilgen. On\u0131\u00f1 as\u0131l\u0131na dair bir \u00e7oq versiyalar ol\u0131p, birleri on\u0131\u00f1 Poloniya ya da Q\u0131r\u0131m, Qazan ya da Ba\u015fqortostanda do\u011f\u011fan\u0131n\u0131 tahmin eteler. Mezar\u011fa ketken yolda &#8220;TATAREN GRAB&#8221; yani &#8220;tatarn\u0131\u00f1 mezar\u0131&#8221; degen belgi qoyul\u011fan.<\/p>\n\n\n\n<p>Simpoziumn\u0131 filologiya doktor\u0131 Miyeste Hotopp-Rike yolba\u015f\u00e7\u0131l\u0131\u011f\u0131ndaki Kavkaz, Tavrika ve Turkestan (ICATAT) institut\u0131 te\u015fkil\u00e2tland\u0131rd\u0131. Maruzac\u0131larn\u0131\u00f1 \u00e7\u0131q\u0131\u015flar\u0131n\u0131 B\u00fct\u00fcnd\u00fcnya tatarlar kongressi \u0130cra ke\u00f1e\u015fini\u00f1 azas\u0131, &#8220;Almaniya tatarlar\u0131&#8221; birligini\u00f1 reisi Venera Vagizova-Gerasimova tercime etti.<\/p>\n\n\n\n<figure class=\"wp-block-image size-full\"><img loading=\"lazy\" decoding=\"async\" width=\"650\" height=\"293\" src=\"http:\/\/qtmm.org\/wp-content\/uploads\/2022\/01\/img_0134.jpeg\" alt=\"\" class=\"wp-image-36396\" srcset=\"https:\/\/qtmm.org\/wp-content\/uploads\/2022\/01\/img_0134.jpeg 650w, https:\/\/qtmm.org\/wp-content\/uploads\/2022\/01\/img_0134-300x135.jpeg 300w\" sizes=\"auto, (max-width: 650px) 100vw, 650px\" \/><\/figure>\n\n\n\n<p>Yusuf Leyptsig civar\u0131nda 1813 senesi me\u015fur Halqlar \u00e7arp\u0131\u015fmas\u0131 vaqt\u0131nda yaralan\u0131p el\u00e2k ol\u011fan. Napolen cenkleri tarih\u0131nda bu e\u00f1 qanl\u0131 tutu\u015fuv ol\u0131p, onda yar\u0131m million qadar asker i\u015ftirak ete. Rusiyeni\u00f1 22 bi\u00f1 askeri el\u00e2k ol\u0131p, olarn\u0131\u00f1 aras\u0131nda pek \u00e7oq t\u00fcrk ve q\u0131r\u0131mtatar asker ve subaylar\u0131 da bar edi. Bug\u00fcnde-bug\u00fcn qabir teyertipli, temiz tutula, on\u0131 Almaniyada er kes bile. M\u0131nda bu qabir tarihiy degerlik ve ara\u015ft\u0131rma obyekti dep say\u0131la.<\/p>\n\n\n\n<p>Q\u0131r\u0131mdan ilmiy tedbirge Meclis t\u0131\u015fq\u0131 al\u00e2qalar b\u00f6l\u00fcgini\u00f1 ba\u015f\u0131 Ali Hamzin ve QMPU \u0130lmiy-tedqiqat merkezini\u00f1 \u00fcyken ilmiy hadimi Timur Qur\u015futov, bun\u0131\u00f1 kibi de Kiyevdeki q\u0131r\u0131mtatar cemiyeti idaresini\u00f1 azas\u0131 Bekir \u011eaniyev davet etildiler.<\/p>\n\n\n\n<figure class=\"wp-block-image size-full\"><img loading=\"lazy\" decoding=\"async\" width=\"650\" height=\"293\" src=\"http:\/\/qtmm.org\/wp-content\/uploads\/2022\/01\/img_0203_4.jpeg\" alt=\"\" class=\"wp-image-36400\" srcset=\"https:\/\/qtmm.org\/wp-content\/uploads\/2022\/01\/img_0203_4.jpeg 650w, https:\/\/qtmm.org\/wp-content\/uploads\/2022\/01\/img_0203_4-300x135.jpeg 300w\" sizes=\"auto, (max-width: 650px) 100vw, 650px\" \/><\/figure>\n\n\n\n<p>Timur Qur\u015futov \u00f6z\u00fcni\u00f1 &#8220;Rusiye imperiyas\u0131nda q\u0131r\u0131mtatar eskadronlar\u0131n\u0131\u00f1 tarih\u0131 (1784-1918 ss)&#8221; maruzas\u0131nda Rusiye imperiyas\u0131 ordus\u0131nda 1814 senesi h\u0131zmet etip, Napoleon\u011fa qar\u015f\u0131 cenkle\u015fken 4 polk aqq\u0131nda mal\u00fcmat berdi. \u00c7\u0131q\u0131\u015fta Leyptsig civar\u0131ndaki \u00e7arp\u0131\u015fmada 700 atl\u0131 q\u0131r\u0131mtatar askeri el\u00e2k ol\u011fan\u0131n\u0131 tasdiqla\u011fan arhiv raqamlar\u0131 da ketirildi.<\/p>\n\n\n\n<p>Meclis t\u0131\u015fq\u0131 al\u00e2qalar b\u00f6l\u00fcgini\u00f1 ba\u015f\u0131 Ali Hamzin &#8220;Rusiye ve Sovet imperiyalar\u0131n\u0131\u00f1 mazlum halqlar\u011fa nisbeten siyasesi: q\u0131r\u0131mtatarlar \u2013 Avropa musulman halq\u0131n\u0131\u00f1 saqlan\u0131p qalmas\u0131 i\u00e7\u00fcn k\u00fcre\u015f&#8221; degen maruzanen \u00e7\u0131q\u0131\u015fta bulund\u0131. Onda nat\u0131q Rusiye ve sovet imperiyalar\u0131n\u0131\u00f1 \u00f6z halqlar\u0131na, bilhassa t\u00fcrk halqlar\u0131na nisbeten suniy assimil\u00e2tsiya ve rusla\u015ft\u0131ruv siyasetini al\u0131p bar\u011fan\u0131n\u0131 k\u00f6sterip, bu cinaiy siyaset \u015fu halqlarn\u0131\u00f1 imperiya\u011fa sad\u0131ql\u0131\u011f\u0131 esapqa al\u0131nmadan ke\u00e7irilgenini ayr\u0131ca qayd etti.<\/p>\n\n\n\n<figure class=\"wp-block-image size-full\"><img loading=\"lazy\" decoding=\"async\" width=\"650\" height=\"344\" src=\"http:\/\/qtmm.org\/wp-content\/uploads\/2022\/01\/img_0236.jpeg\" alt=\"\" class=\"wp-image-36404\" srcset=\"https:\/\/qtmm.org\/wp-content\/uploads\/2022\/01\/img_0236.jpeg 650w, https:\/\/qtmm.org\/wp-content\/uploads\/2022\/01\/img_0236-300x159.jpeg 300w\" sizes=\"auto, (max-width: 650px) 100vw, 650px\" \/><\/figure>\n\n\n\n<p>&#8220;\u00c7ar Rusiye ve SSSR mevkure ceetinden biri-birinden farql\u0131 olsalar da, mazlum halqlar\u011fa nisbeten bir assimil\u00e2tsiya siyasetini amelge ke\u00e7irdiler&#8221;, &#8211; dedi Ali Hamzin.<\/p>\n\n\n\n<p>\u015eu da qayd etildi ki, rus halq\u0131n\u0131\u00f1 kendisini de bu cinaiy siyasetni\u00f1 qurban\u0131 olaraq k\u00f6rmek kerek. Maruzac\u0131 Rusiye ve Ukrainada milliy azl\u0131qlarn\u0131\u00f1 aqlar\u0131 tan\u0131lma\u011fan\u0131 ke\u00e7mi\u015fte bu imperiyan\u0131\u00f1 zulum\u0131ndan eziyetlengen halqlarn\u0131 tel\u00e2\u015fland\u0131r\u011fan\u0131n\u0131 da bildirdi.<\/p>\n\n\n\n<figure class=\"wp-block-image size-full\"><img loading=\"lazy\" decoding=\"async\" width=\"650\" height=\"355\" src=\"http:\/\/qtmm.org\/wp-content\/uploads\/2022\/01\/img_0277.jpeg\" alt=\"\" class=\"wp-image-36408\" srcset=\"https:\/\/qtmm.org\/wp-content\/uploads\/2022\/01\/img_0277.jpeg 650w, https:\/\/qtmm.org\/wp-content\/uploads\/2022\/01\/img_0277-300x164.jpeg 300w\" sizes=\"auto, (max-width: 650px) 100vw, 650px\" \/><\/figure>\n\n\n\n<p>\u00d6z \u00e7\u0131q\u0131\u015f\u0131n\u0131\u00f1 so\u00f1unda Ali Hamzin Rusiyeni\u00f1 eki rejiminden zarar k\u00f6rgen T\u00fcrk d\u00fcnyas\u0131 ve halqlar\u0131n\u0131\u00f1 taqdiri ve vaziyeti mevzus\u0131nda Berlinde halqara konferentsiya ke\u00e7irmekni teklif etti. &#8220;B\u00f6yle konferentsiya t\u00fcrk d\u00fcnyas\u0131n\u0131\u00f1 o ya da bu devletke h\u0131zmet etken ve al-az\u0131rda qabirleri Avraasiya q\u0131tas\u0131n\u0131\u00f1 er yerinde ol\u011fan t\u00fcrk d\u00fcnyas\u0131n\u0131\u00f1 vekillerine say\u011f\u0131 ve diqqat k\u00f6sterilgeninden del\u00e2let bere. Ebet Mustafa o\u011flu Yusuf kibi \u015ferefke olardan pek \u00e7oqlar\u0131 nail olamad\u0131lar. Olarn\u0131\u00f1 episi b\u00fcy\u00fck t\u00fcrk d\u00fcnyas\u0131n\u0131\u00f1 vekilleri olaraq ces\u00fcrlik, namus \u00f6rneklerini k\u00f6sterdiler. L\u00e2kin ayn\u0131 \u015fu imperiya taraf\u0131ndan soyq\u0131r\u0131m\u011fa o\u011frat\u0131ld\u0131lar&#8221;, &#8211; dedi Meclis t\u0131\u015fq\u0131 al\u00e2qalar b\u00f6l\u00fcgini\u00f1 ba\u015f\u0131 Ali Hamzin<\/p>\n\n\n\n<figure class=\"wp-block-image size-full\"><img loading=\"lazy\" decoding=\"async\" width=\"650\" height=\"471\" src=\"http:\/\/qtmm.org\/wp-content\/uploads\/2022\/01\/img_0279.jpeg\" alt=\"\" class=\"wp-image-36412\" srcset=\"https:\/\/qtmm.org\/wp-content\/uploads\/2022\/01\/img_0279.jpeg 650w, https:\/\/qtmm.org\/wp-content\/uploads\/2022\/01\/img_0279-300x217.jpeg 300w\" sizes=\"auto, (max-width: 650px) 100vw, 650px\" \/><\/figure>\n\n\n\n<p>Simpozium programmas\u0131na binaen Meclis delegatsiyas\u0131 Kl\u00e2ynbohta Mustafa o\u011flu Yusufn\u0131\u00f1 qabiri ve el\u00e2k ol\u011fan subaylar\u011fa L\u00e2yptsigde tiklenilgen 91 metrlik abideni ziyaret etip, ruhlar\u0131na dua oqud\u0131. Bu &#8211; Avropada e\u00f1 y\u00fcksek yadik\u00e2rl\u0131qt\u0131r.<\/p>\n\n\n\n<figure class=\"wp-block-image size-full\"><img loading=\"lazy\" decoding=\"async\" width=\"650\" height=\"750\" src=\"http:\/\/qtmm.org\/wp-content\/uploads\/2022\/01\/img_0352.jpeg\" alt=\"\" class=\"wp-image-36416\" srcset=\"https:\/\/qtmm.org\/wp-content\/uploads\/2022\/01\/img_0352.jpeg 650w, https:\/\/qtmm.org\/wp-content\/uploads\/2022\/01\/img_0352-260x300.jpeg 260w\" sizes=\"auto, (max-width: 650px) 100vw, 650px\" \/><\/figure>\n\n\n\n<figure class=\"wp-block-image size-full\"><img loading=\"lazy\" decoding=\"async\" width=\"650\" height=\"658\" src=\"http:\/\/qtmm.org\/wp-content\/uploads\/2022\/01\/img_0406.jpeg\" alt=\"\" class=\"wp-image-36420\" srcset=\"https:\/\/qtmm.org\/wp-content\/uploads\/2022\/01\/img_0406.jpeg 650w, https:\/\/qtmm.org\/wp-content\/uploads\/2022\/01\/img_0406-296x300.jpeg 296w\" sizes=\"auto, (max-width: 650px) 100vw, 650px\" \/><\/figure>\n","protected":false},"excerpt":{"rendered":"<p>2013 senesi aprel 6-7 k\u00fcnleri Almaniyan\u0131\u00f1 Leyptsig civar\u0131ndaki Borna \u015feerinde &#8220;Leyptsig civar\u0131nda Halqlar \u00e7arp\u0131\u015fmas\u0131n\u0131\u00f1 200 y\u0131ll\u0131\u011f\u0131 \u2013 Kl\u00e2ynbohta &#8220;tatar mezarl\u0131\u011f\u0131n\u0131\u00f1&#8221; 200 y\u0131ll\u0131\u011f\u0131:regional noqtai nazar\u0131ndan uluslararas\u0131 k\u00fclturologiya ara\u015ft\u0131rmalar\u0131&#8221; mevzus\u0131nda halqara simpozium ol\u0131p ke\u00e7ti. Borna \u015feerine yaq\u0131n ol\u011fan Kl\u00e2ynboh degen yer\u00e7ikte Mustafa o\u011flu Yusuf adl\u0131 tatar subay\u0131 defn etilgen. On\u0131\u00f1 as\u0131l\u0131na dair bir \u00e7oq versiyalar ol\u0131p, birleri [&hellip;]<\/p>\n","protected":false},"author":1,"featured_media":0,"comment_status":"open","ping_status":"open","sticky":false,"template":"","format":"standard","meta":{"inline_featured_image":false,"footnotes":""},"categories":[265],"tags":[],"class_list":["post-36391","post","type-post","status-publish","format-standard","hentry","category-haberler"],"acf":[],"yoast_head":"<!-- This site is optimized with the Yoast SEO plugin v27.4 - https:\/\/yoast.com\/product\/yoast-seo-wordpress\/ -->\n<title>Meclis delegatsiyas\u0131 Almaniyada Leyptsig civar\u0131nda halqlar \u00e7arp\u0131\u015fmas\u0131n\u0131\u00f1 200 y\u0131ll\u0131\u011f\u0131na ba\u011f\u0131\u015flan\u011fan konferentsiyada i\u015ftirak etti - \u041c\u0435\u0434\u0436\u043b\u0456\u0441<\/title>\n<meta name=\"robots\" content=\"index, follow, max-snippet:-1, max-image-preview:large, max-video-preview:-1\" \/>\n<link rel=\"canonical\" href=\"https:\/\/qtmm.org\/qt\/meclis-delegatsiyasi-almaniyada-leyptsig-civarinda-halqlar-carpismasinin-200-yilligina-bagislangan-konferentsiyada-istirak-etti\/\" \/>\n<meta property=\"og:locale\" content=\"en_US\" \/>\n<meta property=\"og:type\" content=\"article\" \/>\n<meta property=\"og:title\" content=\"Meclis delegatsiyas\u0131 Almaniyada Leyptsig civar\u0131nda halqlar \u00e7arp\u0131\u015fmas\u0131n\u0131\u00f1 200 y\u0131ll\u0131\u011f\u0131na ba\u011f\u0131\u015flan\u011fan konferentsiyada i\u015ftirak etti - \u041c\u0435\u0434\u0436\u043b\u0456\u0441\" \/>\n<meta property=\"og:description\" content=\"2013 senesi aprel 6-7 k\u00fcnleri Almaniyan\u0131\u00f1 Leyptsig civar\u0131ndaki Borna \u015feerinde &#8220;Leyptsig civar\u0131nda Halqlar \u00e7arp\u0131\u015fmas\u0131n\u0131\u00f1 200 y\u0131ll\u0131\u011f\u0131 \u2013 Kl\u00e2ynbohta &#8220;tatar mezarl\u0131\u011f\u0131n\u0131\u00f1&#8221; 200 y\u0131ll\u0131\u011f\u0131:regional noqtai nazar\u0131ndan uluslararas\u0131 k\u00fclturologiya ara\u015ft\u0131rmalar\u0131&#8221; mevzus\u0131nda halqara simpozium ol\u0131p ke\u00e7ti. Borna \u015feerine yaq\u0131n ol\u011fan Kl\u00e2ynboh degen yer\u00e7ikte Mustafa o\u011flu Yusuf adl\u0131 tatar subay\u0131 defn etilgen. On\u0131\u00f1 as\u0131l\u0131na dair bir \u00e7oq versiyalar ol\u0131p, birleri [&hellip;]\" \/>\n<meta property=\"og:url\" content=\"https:\/\/qtmm.org\/qt\/meclis-delegatsiyasi-almaniyada-leyptsig-civarinda-halqlar-carpismasinin-200-yilligina-bagislangan-konferentsiyada-istirak-etti\/\" \/>\n<meta property=\"og:site_name\" content=\"\u041c\u0435\u0434\u0436\u043b\u0456\u0441\" \/>\n<meta property=\"article:publisher\" content=\"https:\/\/www.facebook.com\/qtmm.info\/\" \/>\n<meta property=\"article:published_time\" content=\"2013-04-07T15:27:00+00:00\" \/>\n<meta property=\"article:modified_time\" content=\"2022-01-23T15:30:13+00:00\" \/>\n<meta property=\"og:image\" content=\"https:\/\/qtmm.org\/wp-content\/uploads\/2022\/01\/img_0124_1.jpeg\" \/>\n\t<meta property=\"og:image:width\" content=\"650\" \/>\n\t<meta property=\"og:image:height\" content=\"373\" \/>\n\t<meta property=\"og:image:type\" content=\"image\/jpeg\" \/>\n<meta name=\"author\" content=\"Developer\" \/>\n<meta name=\"twitter:card\" content=\"summary_large_image\" \/>\n<meta name=\"twitter:label1\" content=\"Written by\" \/>\n\t<meta name=\"twitter:data1\" content=\"Developer\" \/>\n\t<meta name=\"twitter:label2\" content=\"Est. reading time\" \/>\n\t<meta name=\"twitter:data2\" content=\"3 minutes\" \/>\n<script type=\"application\/ld+json\" class=\"yoast-schema-graph\">{\"@context\":\"https:\\\/\\\/schema.org\",\"@graph\":[{\"@type\":\"Article\",\"@id\":\"https:\\\/\\\/qtmm.org\\\/qt\\\/meclis-delegatsiyasi-almaniyada-leyptsig-civarinda-halqlar-carpismasinin-200-yilligina-bagislangan-konferentsiyada-istirak-etti\\\/#article\",\"isPartOf\":{\"@id\":\"https:\\\/\\\/qtmm.org\\\/qt\\\/meclis-delegatsiyasi-almaniyada-leyptsig-civarinda-halqlar-carpismasinin-200-yilligina-bagislangan-konferentsiyada-istirak-etti\\\/\"},\"author\":{\"name\":\"Developer\",\"@id\":\"https:\\\/\\\/qtmm.org\\\/qt\\\/#\\\/schema\\\/person\\\/de562469f971dec226ac06e60bbf74a7\"},\"headline\":\"Meclis delegatsiyas\u0131 Almaniyada Leyptsig civar\u0131nda halqlar \u00e7arp\u0131\u015fmas\u0131n\u0131\u00f1 200 y\u0131ll\u0131\u011f\u0131na ba\u011f\u0131\u015flan\u011fan konferentsiyada i\u015ftirak etti\",\"datePublished\":\"2013-04-07T15:27:00+00:00\",\"dateModified\":\"2022-01-23T15:30:13+00:00\",\"mainEntityOfPage\":{\"@id\":\"https:\\\/\\\/qtmm.org\\\/qt\\\/meclis-delegatsiyasi-almaniyada-leyptsig-civarinda-halqlar-carpismasinin-200-yilligina-bagislangan-konferentsiyada-istirak-etti\\\/\"},\"wordCount\":690,\"commentCount\":0,\"publisher\":{\"@id\":\"https:\\\/\\\/qtmm.org\\\/qt\\\/#organization\"},\"image\":{\"@id\":\"https:\\\/\\\/qtmm.org\\\/qt\\\/meclis-delegatsiyasi-almaniyada-leyptsig-civarinda-halqlar-carpismasinin-200-yilligina-bagislangan-konferentsiyada-istirak-etti\\\/#primaryimage\"},\"thumbnailUrl\":\"http:\\\/\\\/qtmm.org\\\/wp-content\\\/uploads\\\/2022\\\/01\\\/img_0124_1.jpeg\",\"articleSection\":[\"Haberler\"],\"inLanguage\":\"qt\",\"potentialAction\":[{\"@type\":\"CommentAction\",\"name\":\"Comment\",\"target\":[\"https:\\\/\\\/qtmm.org\\\/qt\\\/meclis-delegatsiyasi-almaniyada-leyptsig-civarinda-halqlar-carpismasinin-200-yilligina-bagislangan-konferentsiyada-istirak-etti\\\/#respond\"]}]},{\"@type\":\"WebPage\",\"@id\":\"https:\\\/\\\/qtmm.org\\\/qt\\\/meclis-delegatsiyasi-almaniyada-leyptsig-civarinda-halqlar-carpismasinin-200-yilligina-bagislangan-konferentsiyada-istirak-etti\\\/\",\"url\":\"https:\\\/\\\/qtmm.org\\\/qt\\\/meclis-delegatsiyasi-almaniyada-leyptsig-civarinda-halqlar-carpismasinin-200-yilligina-bagislangan-konferentsiyada-istirak-etti\\\/\",\"name\":\"Meclis delegatsiyas\u0131 Almaniyada Leyptsig civar\u0131nda halqlar \u00e7arp\u0131\u015fmas\u0131n\u0131\u00f1 200 y\u0131ll\u0131\u011f\u0131na ba\u011f\u0131\u015flan\u011fan konferentsiyada i\u015ftirak etti - \u041c\u0435\u0434\u0436\u043b\u0456\u0441\",\"isPartOf\":{\"@id\":\"https:\\\/\\\/qtmm.org\\\/qt\\\/#website\"},\"primaryImageOfPage\":{\"@id\":\"https:\\\/\\\/qtmm.org\\\/qt\\\/meclis-delegatsiyasi-almaniyada-leyptsig-civarinda-halqlar-carpismasinin-200-yilligina-bagislangan-konferentsiyada-istirak-etti\\\/#primaryimage\"},\"image\":{\"@id\":\"https:\\\/\\\/qtmm.org\\\/qt\\\/meclis-delegatsiyasi-almaniyada-leyptsig-civarinda-halqlar-carpismasinin-200-yilligina-bagislangan-konferentsiyada-istirak-etti\\\/#primaryimage\"},\"thumbnailUrl\":\"http:\\\/\\\/qtmm.org\\\/wp-content\\\/uploads\\\/2022\\\/01\\\/img_0124_1.jpeg\",\"datePublished\":\"2013-04-07T15:27:00+00:00\",\"dateModified\":\"2022-01-23T15:30:13+00:00\",\"breadcrumb\":{\"@id\":\"https:\\\/\\\/qtmm.org\\\/qt\\\/meclis-delegatsiyasi-almaniyada-leyptsig-civarinda-halqlar-carpismasinin-200-yilligina-bagislangan-konferentsiyada-istirak-etti\\\/#breadcrumb\"},\"inLanguage\":\"qt\",\"potentialAction\":[{\"@type\":\"ReadAction\",\"target\":[\"https:\\\/\\\/qtmm.org\\\/qt\\\/meclis-delegatsiyasi-almaniyada-leyptsig-civarinda-halqlar-carpismasinin-200-yilligina-bagislangan-konferentsiyada-istirak-etti\\\/\"]}]},{\"@type\":\"ImageObject\",\"inLanguage\":\"qt\",\"@id\":\"https:\\\/\\\/qtmm.org\\\/qt\\\/meclis-delegatsiyasi-almaniyada-leyptsig-civarinda-halqlar-carpismasinin-200-yilligina-bagislangan-konferentsiyada-istirak-etti\\\/#primaryimage\",\"url\":\"http:\\\/\\\/qtmm.org\\\/wp-content\\\/uploads\\\/2022\\\/01\\\/img_0124_1.jpeg\",\"contentUrl\":\"http:\\\/\\\/qtmm.org\\\/wp-content\\\/uploads\\\/2022\\\/01\\\/img_0124_1.jpeg\"},{\"@type\":\"BreadcrumbList\",\"@id\":\"https:\\\/\\\/qtmm.org\\\/qt\\\/meclis-delegatsiyasi-almaniyada-leyptsig-civarinda-halqlar-carpismasinin-200-yilligina-bagislangan-konferentsiyada-istirak-etti\\\/#breadcrumb\",\"itemListElement\":[{\"@type\":\"ListItem\",\"position\":1,\"name\":\"\u0413\u043e\u043b\u043e\u0432\u043d\u0430\",\"item\":\"https:\\\/\\\/qtmm.org\\\/qt\\\/\"},{\"@type\":\"ListItem\",\"position\":2,\"name\":\"Meclis delegatsiyas\u0131 Almaniyada Leyptsig civar\u0131nda halqlar \u00e7arp\u0131\u015fmas\u0131n\u0131\u00f1 200 y\u0131ll\u0131\u011f\u0131na ba\u011f\u0131\u015flan\u011fan konferentsiyada i\u015ftirak etti\"}]},{\"@type\":\"WebSite\",\"@id\":\"https:\\\/\\\/qtmm.org\\\/qt\\\/#website\",\"url\":\"https:\\\/\\\/qtmm.org\\\/qt\\\/\",\"name\":\"\u041c\u0435\u0434\u0436\u043b\u0456\u0441\",\"description\":\"\",\"publisher\":{\"@id\":\"https:\\\/\\\/qtmm.org\\\/qt\\\/#organization\"},\"potentialAction\":[{\"@type\":\"SearchAction\",\"target\":{\"@type\":\"EntryPoint\",\"urlTemplate\":\"https:\\\/\\\/qtmm.org\\\/qt\\\/?s={search_term_string}\"},\"query-input\":{\"@type\":\"PropertyValueSpecification\",\"valueRequired\":true,\"valueName\":\"search_term_string\"}}],\"inLanguage\":\"qt\"},{\"@type\":\"Organization\",\"@id\":\"https:\\\/\\\/qtmm.org\\\/qt\\\/#organization\",\"name\":\"\u041c\u0435\u0434\u0436\u043b\u0456\u0441\",\"url\":\"https:\\\/\\\/qtmm.org\\\/qt\\\/\",\"logo\":{\"@type\":\"ImageObject\",\"inLanguage\":\"qt\",\"@id\":\"https:\\\/\\\/qtmm.org\\\/qt\\\/#\\\/schema\\\/logo\\\/image\\\/\",\"url\":\"https:\\\/\\\/qtmm.org\\\/wp-content\\\/uploads\\\/2024\\\/12\\\/ua-mejlis-logo-rgb.svg\",\"contentUrl\":\"https:\\\/\\\/qtmm.org\\\/wp-content\\\/uploads\\\/2024\\\/12\\\/ua-mejlis-logo-rgb.svg\",\"caption\":\"\u041c\u0435\u0434\u0436\u043b\u0456\u0441\"},\"image\":{\"@id\":\"https:\\\/\\\/qtmm.org\\\/qt\\\/#\\\/schema\\\/logo\\\/image\\\/\"},\"sameAs\":[\"https:\\\/\\\/www.facebook.com\\\/qtmm.info\\\/\"]},{\"@type\":\"Person\",\"@id\":\"https:\\\/\\\/qtmm.org\\\/qt\\\/#\\\/schema\\\/person\\\/de562469f971dec226ac06e60bbf74a7\",\"name\":\"Developer\",\"image\":{\"@type\":\"ImageObject\",\"inLanguage\":\"qt\",\"@id\":\"https:\\\/\\\/secure.gravatar.com\\\/avatar\\\/392b4cc8fbfeb00b39dfeeab4ee6edded39ffd48e25858637e4765810300227e?s=96&d=mm&r=g\",\"url\":\"https:\\\/\\\/secure.gravatar.com\\\/avatar\\\/392b4cc8fbfeb00b39dfeeab4ee6edded39ffd48e25858637e4765810300227e?s=96&d=mm&r=g\",\"contentUrl\":\"https:\\\/\\\/secure.gravatar.com\\\/avatar\\\/392b4cc8fbfeb00b39dfeeab4ee6edded39ffd48e25858637e4765810300227e?s=96&d=mm&r=g\",\"caption\":\"Developer\"},\"url\":\"https:\\\/\\\/qtmm.org\\\/qt\\\/author\\\/Developer\\\/\"}]}<\/script>\n<!-- \/ Yoast SEO plugin. -->","yoast_head_json":{"title":"Meclis delegatsiyas\u0131 Almaniyada Leyptsig civar\u0131nda halqlar \u00e7arp\u0131\u015fmas\u0131n\u0131\u00f1 200 y\u0131ll\u0131\u011f\u0131na ba\u011f\u0131\u015flan\u011fan konferentsiyada i\u015ftirak etti - \u041c\u0435\u0434\u0436\u043b\u0456\u0441","robots":{"index":"index","follow":"follow","max-snippet":"max-snippet:-1","max-image-preview":"max-image-preview:large","max-video-preview":"max-video-preview:-1"},"canonical":"https:\/\/qtmm.org\/qt\/meclis-delegatsiyasi-almaniyada-leyptsig-civarinda-halqlar-carpismasinin-200-yilligina-bagislangan-konferentsiyada-istirak-etti\/","og_locale":"en_US","og_type":"article","og_title":"Meclis delegatsiyas\u0131 Almaniyada Leyptsig civar\u0131nda halqlar \u00e7arp\u0131\u015fmas\u0131n\u0131\u00f1 200 y\u0131ll\u0131\u011f\u0131na ba\u011f\u0131\u015flan\u011fan konferentsiyada i\u015ftirak etti - \u041c\u0435\u0434\u0436\u043b\u0456\u0441","og_description":"2013 senesi aprel 6-7 k\u00fcnleri Almaniyan\u0131\u00f1 Leyptsig civar\u0131ndaki Borna \u015feerinde &#8220;Leyptsig civar\u0131nda Halqlar \u00e7arp\u0131\u015fmas\u0131n\u0131\u00f1 200 y\u0131ll\u0131\u011f\u0131 \u2013 Kl\u00e2ynbohta &#8220;tatar mezarl\u0131\u011f\u0131n\u0131\u00f1&#8221; 200 y\u0131ll\u0131\u011f\u0131:regional noqtai nazar\u0131ndan uluslararas\u0131 k\u00fclturologiya ara\u015ft\u0131rmalar\u0131&#8221; mevzus\u0131nda halqara simpozium ol\u0131p ke\u00e7ti. Borna \u015feerine yaq\u0131n ol\u011fan Kl\u00e2ynboh degen yer\u00e7ikte Mustafa o\u011flu Yusuf adl\u0131 tatar subay\u0131 defn etilgen. On\u0131\u00f1 as\u0131l\u0131na dair bir \u00e7oq versiyalar ol\u0131p, birleri [&hellip;]","og_url":"https:\/\/qtmm.org\/qt\/meclis-delegatsiyasi-almaniyada-leyptsig-civarinda-halqlar-carpismasinin-200-yilligina-bagislangan-konferentsiyada-istirak-etti\/","og_site_name":"\u041c\u0435\u0434\u0436\u043b\u0456\u0441","article_publisher":"https:\/\/www.facebook.com\/qtmm.info\/","article_published_time":"2013-04-07T15:27:00+00:00","article_modified_time":"2022-01-23T15:30:13+00:00","og_image":[{"width":650,"height":373,"url":"https:\/\/qtmm.org\/wp-content\/uploads\/2022\/01\/img_0124_1.jpeg","type":"image\/jpeg"}],"author":"Developer","twitter_card":"summary_large_image","twitter_misc":{"Written by":"Developer","Est. reading time":"3 minutes"},"schema":{"@context":"https:\/\/schema.org","@graph":[{"@type":"Article","@id":"https:\/\/qtmm.org\/qt\/meclis-delegatsiyasi-almaniyada-leyptsig-civarinda-halqlar-carpismasinin-200-yilligina-bagislangan-konferentsiyada-istirak-etti\/#article","isPartOf":{"@id":"https:\/\/qtmm.org\/qt\/meclis-delegatsiyasi-almaniyada-leyptsig-civarinda-halqlar-carpismasinin-200-yilligina-bagislangan-konferentsiyada-istirak-etti\/"},"author":{"name":"Developer","@id":"https:\/\/qtmm.org\/qt\/#\/schema\/person\/de562469f971dec226ac06e60bbf74a7"},"headline":"Meclis delegatsiyas\u0131 Almaniyada Leyptsig civar\u0131nda halqlar \u00e7arp\u0131\u015fmas\u0131n\u0131\u00f1 200 y\u0131ll\u0131\u011f\u0131na ba\u011f\u0131\u015flan\u011fan konferentsiyada i\u015ftirak etti","datePublished":"2013-04-07T15:27:00+00:00","dateModified":"2022-01-23T15:30:13+00:00","mainEntityOfPage":{"@id":"https:\/\/qtmm.org\/qt\/meclis-delegatsiyasi-almaniyada-leyptsig-civarinda-halqlar-carpismasinin-200-yilligina-bagislangan-konferentsiyada-istirak-etti\/"},"wordCount":690,"commentCount":0,"publisher":{"@id":"https:\/\/qtmm.org\/qt\/#organization"},"image":{"@id":"https:\/\/qtmm.org\/qt\/meclis-delegatsiyasi-almaniyada-leyptsig-civarinda-halqlar-carpismasinin-200-yilligina-bagislangan-konferentsiyada-istirak-etti\/#primaryimage"},"thumbnailUrl":"http:\/\/qtmm.org\/wp-content\/uploads\/2022\/01\/img_0124_1.jpeg","articleSection":["Haberler"],"inLanguage":"qt","potentialAction":[{"@type":"CommentAction","name":"Comment","target":["https:\/\/qtmm.org\/qt\/meclis-delegatsiyasi-almaniyada-leyptsig-civarinda-halqlar-carpismasinin-200-yilligina-bagislangan-konferentsiyada-istirak-etti\/#respond"]}]},{"@type":"WebPage","@id":"https:\/\/qtmm.org\/qt\/meclis-delegatsiyasi-almaniyada-leyptsig-civarinda-halqlar-carpismasinin-200-yilligina-bagislangan-konferentsiyada-istirak-etti\/","url":"https:\/\/qtmm.org\/qt\/meclis-delegatsiyasi-almaniyada-leyptsig-civarinda-halqlar-carpismasinin-200-yilligina-bagislangan-konferentsiyada-istirak-etti\/","name":"Meclis delegatsiyas\u0131 Almaniyada Leyptsig civar\u0131nda halqlar \u00e7arp\u0131\u015fmas\u0131n\u0131\u00f1 200 y\u0131ll\u0131\u011f\u0131na ba\u011f\u0131\u015flan\u011fan konferentsiyada i\u015ftirak etti - \u041c\u0435\u0434\u0436\u043b\u0456\u0441","isPartOf":{"@id":"https:\/\/qtmm.org\/qt\/#website"},"primaryImageOfPage":{"@id":"https:\/\/qtmm.org\/qt\/meclis-delegatsiyasi-almaniyada-leyptsig-civarinda-halqlar-carpismasinin-200-yilligina-bagislangan-konferentsiyada-istirak-etti\/#primaryimage"},"image":{"@id":"https:\/\/qtmm.org\/qt\/meclis-delegatsiyasi-almaniyada-leyptsig-civarinda-halqlar-carpismasinin-200-yilligina-bagislangan-konferentsiyada-istirak-etti\/#primaryimage"},"thumbnailUrl":"http:\/\/qtmm.org\/wp-content\/uploads\/2022\/01\/img_0124_1.jpeg","datePublished":"2013-04-07T15:27:00+00:00","dateModified":"2022-01-23T15:30:13+00:00","breadcrumb":{"@id":"https:\/\/qtmm.org\/qt\/meclis-delegatsiyasi-almaniyada-leyptsig-civarinda-halqlar-carpismasinin-200-yilligina-bagislangan-konferentsiyada-istirak-etti\/#breadcrumb"},"inLanguage":"qt","potentialAction":[{"@type":"ReadAction","target":["https:\/\/qtmm.org\/qt\/meclis-delegatsiyasi-almaniyada-leyptsig-civarinda-halqlar-carpismasinin-200-yilligina-bagislangan-konferentsiyada-istirak-etti\/"]}]},{"@type":"ImageObject","inLanguage":"qt","@id":"https:\/\/qtmm.org\/qt\/meclis-delegatsiyasi-almaniyada-leyptsig-civarinda-halqlar-carpismasinin-200-yilligina-bagislangan-konferentsiyada-istirak-etti\/#primaryimage","url":"http:\/\/qtmm.org\/wp-content\/uploads\/2022\/01\/img_0124_1.jpeg","contentUrl":"http:\/\/qtmm.org\/wp-content\/uploads\/2022\/01\/img_0124_1.jpeg"},{"@type":"BreadcrumbList","@id":"https:\/\/qtmm.org\/qt\/meclis-delegatsiyasi-almaniyada-leyptsig-civarinda-halqlar-carpismasinin-200-yilligina-bagislangan-konferentsiyada-istirak-etti\/#breadcrumb","itemListElement":[{"@type":"ListItem","position":1,"name":"\u0413\u043e\u043b\u043e\u0432\u043d\u0430","item":"https:\/\/qtmm.org\/qt\/"},{"@type":"ListItem","position":2,"name":"Meclis delegatsiyas\u0131 Almaniyada Leyptsig civar\u0131nda halqlar \u00e7arp\u0131\u015fmas\u0131n\u0131\u00f1 200 y\u0131ll\u0131\u011f\u0131na ba\u011f\u0131\u015flan\u011fan konferentsiyada i\u015ftirak etti"}]},{"@type":"WebSite","@id":"https:\/\/qtmm.org\/qt\/#website","url":"https:\/\/qtmm.org\/qt\/","name":"\u041c\u0435\u0434\u0436\u043b\u0456\u0441","description":"","publisher":{"@id":"https:\/\/qtmm.org\/qt\/#organization"},"potentialAction":[{"@type":"SearchAction","target":{"@type":"EntryPoint","urlTemplate":"https:\/\/qtmm.org\/qt\/?s={search_term_string}"},"query-input":{"@type":"PropertyValueSpecification","valueRequired":true,"valueName":"search_term_string"}}],"inLanguage":"qt"},{"@type":"Organization","@id":"https:\/\/qtmm.org\/qt\/#organization","name":"\u041c\u0435\u0434\u0436\u043b\u0456\u0441","url":"https:\/\/qtmm.org\/qt\/","logo":{"@type":"ImageObject","inLanguage":"qt","@id":"https:\/\/qtmm.org\/qt\/#\/schema\/logo\/image\/","url":"https:\/\/qtmm.org\/wp-content\/uploads\/2024\/12\/ua-mejlis-logo-rgb.svg","contentUrl":"https:\/\/qtmm.org\/wp-content\/uploads\/2024\/12\/ua-mejlis-logo-rgb.svg","caption":"\u041c\u0435\u0434\u0436\u043b\u0456\u0441"},"image":{"@id":"https:\/\/qtmm.org\/qt\/#\/schema\/logo\/image\/"},"sameAs":["https:\/\/www.facebook.com\/qtmm.info\/"]},{"@type":"Person","@id":"https:\/\/qtmm.org\/qt\/#\/schema\/person\/de562469f971dec226ac06e60bbf74a7","name":"Developer","image":{"@type":"ImageObject","inLanguage":"qt","@id":"https:\/\/secure.gravatar.com\/avatar\/392b4cc8fbfeb00b39dfeeab4ee6edded39ffd48e25858637e4765810300227e?s=96&d=mm&r=g","url":"https:\/\/secure.gravatar.com\/avatar\/392b4cc8fbfeb00b39dfeeab4ee6edded39ffd48e25858637e4765810300227e?s=96&d=mm&r=g","contentUrl":"https:\/\/secure.gravatar.com\/avatar\/392b4cc8fbfeb00b39dfeeab4ee6edded39ffd48e25858637e4765810300227e?s=96&d=mm&r=g","caption":"Developer"},"url":"https:\/\/qtmm.org\/qt\/author\/Developer\/"}]}},"_links":{"self":[{"href":"https:\/\/qtmm.org\/qt\/wp-json\/wp\/v2\/posts\/36391","targetHints":{"allow":["GET"]}}],"collection":[{"href":"https:\/\/qtmm.org\/qt\/wp-json\/wp\/v2\/posts"}],"about":[{"href":"https:\/\/qtmm.org\/qt\/wp-json\/wp\/v2\/types\/post"}],"author":[{"embeddable":true,"href":"https:\/\/qtmm.org\/qt\/wp-json\/wp\/v2\/users\/1"}],"replies":[{"embeddable":true,"href":"https:\/\/qtmm.org\/qt\/wp-json\/wp\/v2\/comments?post=36391"}],"version-history":[{"count":1,"href":"https:\/\/qtmm.org\/qt\/wp-json\/wp\/v2\/posts\/36391\/revisions"}],"predecessor-version":[{"id":36424,"href":"https:\/\/qtmm.org\/qt\/wp-json\/wp\/v2\/posts\/36391\/revisions\/36424"}],"wp:attachment":[{"href":"https:\/\/qtmm.org\/qt\/wp-json\/wp\/v2\/media?parent=36391"}],"wp:term":[{"taxonomy":"category","embeddable":true,"href":"https:\/\/qtmm.org\/qt\/wp-json\/wp\/v2\/categories?post=36391"},{"taxonomy":"post_tag","embeddable":true,"href":"https:\/\/qtmm.org\/qt\/wp-json\/wp\/v2\/tags?post=36391"}],"curies":[{"name":"wp","href":"https:\/\/api.w.org\/{rel}","templated":true}]}}