




{"id":36389,"date":"2013-04-06T18:26:00","date_gmt":"2013-04-06T15:26:00","guid":{"rendered":"http:\/\/qtmm.org\/?p=36389"},"modified":"2022-01-23T18:27:25","modified_gmt":"2022-01-23T15:27:25","slug":"turkiye-cumhuriyetinin-parlament-delegatsiyasi-qirimda","status":"publish","type":"post","link":"https:\/\/qtmm.org\/qt\/turkiye-cumhuriyetinin-parlament-delegatsiyasi-qirimda\/","title":{"rendered":"T\u00fcrkiye Cumhuriyetini\u00f1 parlament delegatsiyas\u0131 Q\u0131r\u0131mda"},"content":{"rendered":"\n<p>Aprel 6 k\u00fcn\u00fc Ukraina\u011fa resmiy ziyaret \u00e7er\u00e7ivesinde T\u00fcrkiye Cumhuriyeti d\u00f6rt parlament siyasiy partiyalar\u0131n\u0131\u00f1 deputatlar\u0131ndan ibaret T\u00fcrkiye B\u00fcy\u00fck Millet Meclisini\u00f1 ba\u015fqan\u0131 Cemil \u00c7i\u00e7ek yolba\u015f\u00e7\u0131l\u0131\u011f\u0131ndaki delegatsiya Q\u0131r\u0131mda bulund\u0131.<\/p>\n\n\n\n<p>\u015eu k\u00fcnni\u00f1 \u00f6z\u00fcnde T\u00fcrkiye B\u00fcy\u00fck Millet Meclisini\u00f1 ba\u015fqan\u0131 Cemil \u00c7i\u00e7ek yolba\u015f\u00e7\u0131l\u0131\u011f\u0131ndaki delegatsiya Q\u0131r\u0131m Yuqar\u0131 \u015euras\u0131, Ukraina Prezidentini\u00f1 Q\u0131r\u0131mdaki daimiy temsilciligi ve Q\u0131r\u0131mtatar halq\u0131 Meclisini ziyaret etip, Q\u0131r\u0131m Yuqar\u0131 \u015euras\u0131n\u0131\u00f1 reisi Vladimir Konstantinov, Ukraina Prezidentini\u00f1 Q\u0131r\u0131mdaki daimiy temsilcisi Viktor Plakida ve Q\u0131r\u0131mtatar halq\u0131 Meclisini\u00f1 reisi Mustafa Cemilevnen k\u00f6r\u00fc\u015fti.<br><br>Ukraina Prezidentini\u00f1 Q\u0131r\u0131mdaki daimiy temsilciliginde ol\u011fan k\u00f6r\u00fc\u015f\u00fcvde Meclis reisi Mustafa Cemilev ve on\u0131\u00f1 birinci muavini Refat \u00c7ubarov da i\u015ftirak ettiler. Q\u0131r\u0131mtatar halq\u0131 Meclisinde T\u00fcrkiye B\u00fcy\u00fck Millet Meclisini\u00f1 Ba\u015fqan\u0131 Cemil \u00c7i\u00e7eknen beraber kelgen T\u00fcrkiye Cumhuriyetini\u00f1 Ukrainadaki El\u00e7isi Mehmet Samsar, B\u00fcy\u00fck Millet Meclisini\u00f1 milletvekilleri Mustafa Elita\u015f, Mehmet Erdogan, Kazima Kurt, L\u00fctfi T\u00fcrkkan, H\u00fcsamettin Zenderlioglu, T\u00fcrkiyeni\u00f1 Odessadaki Ba\u015f konsul\u0131 H\u00fcsein Erganini Q\u0131r\u0131mtatar halq\u0131 Meclisini\u00f1 reisi Mustafa Cemilev, on\u0131\u00f1 birinci muavini Refat \u00c7ubarov, muavini Remzi \u0130lyasov ve Q\u0131r\u0131m musulmanlar\u0131n\u0131\u00f1 m\u00fcftisi hac\u0131 Emirali Ablayev qar\u015f\u0131lap ald\u0131lar.<\/p>\n\n\n\n<p>Mecliske kiri\u015fte \u00fcrmetli musafirlerni ellerinde Ukraina, T\u00fcrkiye ve q\u0131r\u0131mtatar milliy bayraqlarn\u0131 tutqan q\u0131r\u0131mtatar cemaat\u00e7\u0131l\u0131\u011f\u0131n\u0131\u00f1 vekilleri qar\u015f\u0131lad\u0131lar. K\u00f6r\u00fc\u015f\u00fcv devam\u0131nda Mustafa Cemilev B\u00fcy\u00fck Millet Meclisini\u00f1 ba\u015fqan\u0131 Cemitl \u00c7i\u00e7ek ve on\u0131\u00f1 parlamentteki meslekde\u015fleri y\u00fcz\u00fcnde Ukraina ile i\u015fbirlik qur\u011fan\u0131 ve q\u0131r\u0131mtatar halq\u0131na Vatanda yerle\u015fmesinde yard\u0131m etkeni i\u00e7\u00fcn T\u00fcrkiye Cumhuriyetine b\u00fcy\u00fck te\u015fekk\u00fcrlerini bildirdi. Bu esnada Mustafa Cemilev Halqara forum ke\u00e7ir\u00fcvde Q\u0131r\u0131mtatar halq\u0131 Meclisini\u00f1 te\u015febb\u00fcsine qoltutqan T\u00fcrkiyeni\u00f1 destegini ayr\u0131ca qayd etti.<br><br>&#8220;\u0130\u00e7timaiy ve iqtisadiy zorluqlar\u011fa baqmadan q\u0131r\u0131mtatar halq\u0131 milliy \u00f6zg\u00fcnligini, tili, medeniyeti ve ananelerini qor\u00e7alav ve saqlap qaluvn\u0131 e\u00f1 m\u00fcim vazifesi dep bile&#8221;, &#8211; dedi Mustafa Cemilev t\u00fcrkiyeli nufuzl\u0131 musafirlerge.<br><br>\u00d6z nevbetinde Cemil \u00c7i\u00e7ek bundan evel Ukraina devleti yolba\u015f\u00e7\u0131lar\u0131nen ol\u011fan resmiy k\u00f6r\u00fc\u015f\u00fcvlerde aytqan s\u00f6zleri yani Ukraianada e\u00f1 yaq\u0131n vaq\u0131tta Halqara forum ke\u00e7irmek zarurl\u0131\u011f\u0131, bun\u0131\u00f1 kibi de q\u0131r\u0131mtatar halq\u0131 ve s\u00fcrg\u00fcn etilgen diger milletlerni\u00f1 aqlar\u0131n\u0131 tiklegen qanunlarn\u0131\u00f1 \u00f6z vaqt\u0131nda qabul etilmesini\u00f1 m\u00fcimligini seslendirgenini tasdiqlad\u0131.<\/p>\n\n\n\n<p>T\u00fcrkiye B\u00fcy\u00fck Millet Meclisi Reisini\u00f1 s\u00f6ylegenine k\u00f6re Ukraina ve T\u00fcrkiye aras\u0131nda qom\u015fuc\u0131l\u0131q munasebetlerni keni\u015fletmek ve pekitmek siyaseti \u00e7er\u00e7ivesinde Ukraina ile elde etilgen a\u00f1la\u015fmalar boyunca T\u00fcrkiye kelecekte de Q\u0131r\u0131mda q\u0131r\u0131mtatar halq\u0131n\u0131\u00f1 inki\u015faf\u0131na siltem bergen sotsial ve medeniy programmalarn\u0131 amelge ke\u00e7irmekni devam etecek.<\/p>\n\n\n\n<p>\u0130\u015f k\u00f6r\u00fc\u015f\u00fcvlerini\u00f1 neticesinde T\u00fcrkiye B\u00fcy\u00fck Millet Meclisini\u00f1 Ba\u015fqan\u0131 Cemil \u00c7i\u00e7ek Q\u0131r\u0131mtatar halq\u0131 Meclisini\u00f1 reisi ve T\u00fcrkiye parlamenti vekillerinen birlikte Q\u0131r\u0131mn\u0131\u00f1 tarihiy paytaht\u0131 Ba\u011f\u00e7asarayn\u0131 ziyaret etip, \u015feerni\u00f1 tarihiy yadik\u00e2rl\u0131qlar\u0131nen tan\u0131\u015f old\u0131.<\/p>\n\n\n\n<p>Hansaray boylap kezintiden so\u00f1 nufuzl\u0131 musafirler ve q\u0131r\u0131mtatar cemaat\u00e7\u0131l\u0131\u011f\u0131n\u0131\u00f1 vekilleri Hancamide namaz q\u0131ld\u0131lar.<\/p>\n\n\n\n<p>Ba\u011f\u00e7asaray ziyaretinden so\u00f1 T\u00fcrkiye B\u00fcy\u00fck Millet Meclisini\u00f1 Ba\u015fqan\u0131 Cemil \u00c7i\u00e7ek Q\u0131r\u0131mtatar halq\u0131 Meclisini\u00f1 reisi ve T\u00fcrkiye parlamenti vekilleri Aqyar\u011fa yol ald\u0131lar ve anda t\u00fcrk askerlerini\u00f1 aniti yan\u0131nda 1853-1856 seneleri Q\u0131r\u0131m cenkinde el\u00e2k ol\u011fan t\u00fcrkiyelilerni\u00f1 ruhuna dua oqud\u0131lar. Ukraina<\/p>\n\n\n\n<p>Arbiy-De\u00f1iz k\u00fc\u00e7leri orkestri T\u00fcrkiye ve Ukraina gimnlerini icra etti.<\/p>\n\n\n\n<p>\u015eu k\u00fcn\u00fc T\u00fcrkiye delegatsiyas\u0131 Belbek ava liman\u0131ndan T\u00fcrkiyege qaytt\u0131.<\/p>\n","protected":false},"excerpt":{"rendered":"<p>Aprel 6 k\u00fcn\u00fc Ukraina\u011fa resmiy ziyaret \u00e7er\u00e7ivesinde T\u00fcrkiye Cumhuriyeti d\u00f6rt parlament siyasiy partiyalar\u0131n\u0131\u00f1 deputatlar\u0131ndan ibaret T\u00fcrkiye B\u00fcy\u00fck Millet Meclisini\u00f1 ba\u015fqan\u0131 Cemil \u00c7i\u00e7ek yolba\u015f\u00e7\u0131l\u0131\u011f\u0131ndaki delegatsiya Q\u0131r\u0131mda bulund\u0131. \u015eu k\u00fcnni\u00f1 \u00f6z\u00fcnde T\u00fcrkiye B\u00fcy\u00fck Millet Meclisini\u00f1 ba\u015fqan\u0131 Cemil \u00c7i\u00e7ek yolba\u015f\u00e7\u0131l\u0131\u011f\u0131ndaki delegatsiya Q\u0131r\u0131m Yuqar\u0131 \u015euras\u0131, Ukraina Prezidentini\u00f1 Q\u0131r\u0131mdaki daimiy temsilciligi ve Q\u0131r\u0131mtatar halq\u0131 Meclisini ziyaret etip, Q\u0131r\u0131m Yuqar\u0131 \u015euras\u0131n\u0131\u00f1 [&hellip;]<\/p>\n","protected":false},"author":1,"featured_media":0,"comment_status":"open","ping_status":"open","sticky":false,"template":"","format":"standard","meta":{"inline_featured_image":false,"footnotes":""},"categories":[265],"tags":[],"class_list":["post-36389","post","type-post","status-publish","format-standard","hentry","category-haberler"],"acf":[],"yoast_head":"<!-- This site is optimized with the Yoast SEO plugin v27.4 - https:\/\/yoast.com\/product\/yoast-seo-wordpress\/ -->\n<title>T\u00fcrkiye Cumhuriyetini\u00f1 parlament delegatsiyas\u0131 Q\u0131r\u0131mda - \u041c\u0435\u0434\u0436\u043b\u0456\u0441<\/title>\n<meta name=\"robots\" content=\"index, follow, max-snippet:-1, max-image-preview:large, max-video-preview:-1\" \/>\n<link rel=\"canonical\" href=\"https:\/\/qtmm.org\/qt\/turkiye-cumhuriyetinin-parlament-delegatsiyasi-qirimda\/\" \/>\n<meta property=\"og:locale\" content=\"en_US\" \/>\n<meta property=\"og:type\" content=\"article\" \/>\n<meta property=\"og:title\" content=\"T\u00fcrkiye Cumhuriyetini\u00f1 parlament delegatsiyas\u0131 Q\u0131r\u0131mda - \u041c\u0435\u0434\u0436\u043b\u0456\u0441\" \/>\n<meta property=\"og:description\" content=\"Aprel 6 k\u00fcn\u00fc Ukraina\u011fa resmiy ziyaret \u00e7er\u00e7ivesinde T\u00fcrkiye Cumhuriyeti d\u00f6rt parlament siyasiy partiyalar\u0131n\u0131\u00f1 deputatlar\u0131ndan ibaret T\u00fcrkiye B\u00fcy\u00fck Millet Meclisini\u00f1 ba\u015fqan\u0131 Cemil \u00c7i\u00e7ek yolba\u015f\u00e7\u0131l\u0131\u011f\u0131ndaki delegatsiya Q\u0131r\u0131mda bulund\u0131. \u015eu k\u00fcnni\u00f1 \u00f6z\u00fcnde T\u00fcrkiye B\u00fcy\u00fck Millet Meclisini\u00f1 ba\u015fqan\u0131 Cemil \u00c7i\u00e7ek yolba\u015f\u00e7\u0131l\u0131\u011f\u0131ndaki delegatsiya Q\u0131r\u0131m Yuqar\u0131 \u015euras\u0131, Ukraina Prezidentini\u00f1 Q\u0131r\u0131mdaki daimiy temsilciligi ve Q\u0131r\u0131mtatar halq\u0131 Meclisini ziyaret etip, Q\u0131r\u0131m Yuqar\u0131 \u015euras\u0131n\u0131\u00f1 [&hellip;]\" \/>\n<meta property=\"og:url\" content=\"https:\/\/qtmm.org\/qt\/turkiye-cumhuriyetinin-parlament-delegatsiyasi-qirimda\/\" \/>\n<meta property=\"og:site_name\" content=\"\u041c\u0435\u0434\u0436\u043b\u0456\u0441\" \/>\n<meta property=\"article:publisher\" content=\"https:\/\/www.facebook.com\/qtmm.info\/\" \/>\n<meta property=\"article:published_time\" content=\"2013-04-06T15:26:00+00:00\" \/>\n<meta property=\"article:modified_time\" content=\"2022-01-23T15:27:25+00:00\" \/>\n<meta name=\"author\" content=\"Developer\" \/>\n<meta name=\"twitter:card\" content=\"summary_large_image\" \/>\n<meta name=\"twitter:label1\" content=\"Written by\" \/>\n\t<meta name=\"twitter:data1\" content=\"Developer\" \/>\n\t<meta name=\"twitter:label2\" content=\"Est. reading time\" \/>\n\t<meta name=\"twitter:data2\" content=\"3 minutes\" \/>\n<script type=\"application\/ld+json\" class=\"yoast-schema-graph\">{\"@context\":\"https:\\\/\\\/schema.org\",\"@graph\":[{\"@type\":\"Article\",\"@id\":\"https:\\\/\\\/qtmm.org\\\/qt\\\/turkiye-cumhuriyetinin-parlament-delegatsiyasi-qirimda\\\/#article\",\"isPartOf\":{\"@id\":\"https:\\\/\\\/qtmm.org\\\/qt\\\/turkiye-cumhuriyetinin-parlament-delegatsiyasi-qirimda\\\/\"},\"author\":{\"name\":\"Developer\",\"@id\":\"https:\\\/\\\/qtmm.org\\\/qt\\\/#\\\/schema\\\/person\\\/de562469f971dec226ac06e60bbf74a7\"},\"headline\":\"T\u00fcrkiye Cumhuriyetini\u00f1 parlament delegatsiyas\u0131 Q\u0131r\u0131mda\",\"datePublished\":\"2013-04-06T15:26:00+00:00\",\"dateModified\":\"2022-01-23T15:27:25+00:00\",\"mainEntityOfPage\":{\"@id\":\"https:\\\/\\\/qtmm.org\\\/qt\\\/turkiye-cumhuriyetinin-parlament-delegatsiyasi-qirimda\\\/\"},\"wordCount\":643,\"commentCount\":0,\"publisher\":{\"@id\":\"https:\\\/\\\/qtmm.org\\\/qt\\\/#organization\"},\"articleSection\":[\"Haberler\"],\"inLanguage\":\"qt\",\"potentialAction\":[{\"@type\":\"CommentAction\",\"name\":\"Comment\",\"target\":[\"https:\\\/\\\/qtmm.org\\\/qt\\\/turkiye-cumhuriyetinin-parlament-delegatsiyasi-qirimda\\\/#respond\"]}]},{\"@type\":\"WebPage\",\"@id\":\"https:\\\/\\\/qtmm.org\\\/qt\\\/turkiye-cumhuriyetinin-parlament-delegatsiyasi-qirimda\\\/\",\"url\":\"https:\\\/\\\/qtmm.org\\\/qt\\\/turkiye-cumhuriyetinin-parlament-delegatsiyasi-qirimda\\\/\",\"name\":\"T\u00fcrkiye Cumhuriyetini\u00f1 parlament delegatsiyas\u0131 Q\u0131r\u0131mda - \u041c\u0435\u0434\u0436\u043b\u0456\u0441\",\"isPartOf\":{\"@id\":\"https:\\\/\\\/qtmm.org\\\/qt\\\/#website\"},\"datePublished\":\"2013-04-06T15:26:00+00:00\",\"dateModified\":\"2022-01-23T15:27:25+00:00\",\"breadcrumb\":{\"@id\":\"https:\\\/\\\/qtmm.org\\\/qt\\\/turkiye-cumhuriyetinin-parlament-delegatsiyasi-qirimda\\\/#breadcrumb\"},\"inLanguage\":\"qt\",\"potentialAction\":[{\"@type\":\"ReadAction\",\"target\":[\"https:\\\/\\\/qtmm.org\\\/qt\\\/turkiye-cumhuriyetinin-parlament-delegatsiyasi-qirimda\\\/\"]}]},{\"@type\":\"BreadcrumbList\",\"@id\":\"https:\\\/\\\/qtmm.org\\\/qt\\\/turkiye-cumhuriyetinin-parlament-delegatsiyasi-qirimda\\\/#breadcrumb\",\"itemListElement\":[{\"@type\":\"ListItem\",\"position\":1,\"name\":\"\u0413\u043e\u043b\u043e\u0432\u043d\u0430\",\"item\":\"https:\\\/\\\/qtmm.org\\\/qt\\\/\"},{\"@type\":\"ListItem\",\"position\":2,\"name\":\"T\u00fcrkiye Cumhuriyetini\u00f1 parlament delegatsiyas\u0131 Q\u0131r\u0131mda\"}]},{\"@type\":\"WebSite\",\"@id\":\"https:\\\/\\\/qtmm.org\\\/qt\\\/#website\",\"url\":\"https:\\\/\\\/qtmm.org\\\/qt\\\/\",\"name\":\"\u041c\u0435\u0434\u0436\u043b\u0456\u0441\",\"description\":\"\",\"publisher\":{\"@id\":\"https:\\\/\\\/qtmm.org\\\/qt\\\/#organization\"},\"potentialAction\":[{\"@type\":\"SearchAction\",\"target\":{\"@type\":\"EntryPoint\",\"urlTemplate\":\"https:\\\/\\\/qtmm.org\\\/qt\\\/?s={search_term_string}\"},\"query-input\":{\"@type\":\"PropertyValueSpecification\",\"valueRequired\":true,\"valueName\":\"search_term_string\"}}],\"inLanguage\":\"qt\"},{\"@type\":\"Organization\",\"@id\":\"https:\\\/\\\/qtmm.org\\\/qt\\\/#organization\",\"name\":\"\u041c\u0435\u0434\u0436\u043b\u0456\u0441\",\"url\":\"https:\\\/\\\/qtmm.org\\\/qt\\\/\",\"logo\":{\"@type\":\"ImageObject\",\"inLanguage\":\"qt\",\"@id\":\"https:\\\/\\\/qtmm.org\\\/qt\\\/#\\\/schema\\\/logo\\\/image\\\/\",\"url\":\"https:\\\/\\\/qtmm.org\\\/wp-content\\\/uploads\\\/2024\\\/12\\\/ua-mejlis-logo-rgb.svg\",\"contentUrl\":\"https:\\\/\\\/qtmm.org\\\/wp-content\\\/uploads\\\/2024\\\/12\\\/ua-mejlis-logo-rgb.svg\",\"caption\":\"\u041c\u0435\u0434\u0436\u043b\u0456\u0441\"},\"image\":{\"@id\":\"https:\\\/\\\/qtmm.org\\\/qt\\\/#\\\/schema\\\/logo\\\/image\\\/\"},\"sameAs\":[\"https:\\\/\\\/www.facebook.com\\\/qtmm.info\\\/\"]},{\"@type\":\"Person\",\"@id\":\"https:\\\/\\\/qtmm.org\\\/qt\\\/#\\\/schema\\\/person\\\/de562469f971dec226ac06e60bbf74a7\",\"name\":\"Developer\",\"image\":{\"@type\":\"ImageObject\",\"inLanguage\":\"qt\",\"@id\":\"https:\\\/\\\/secure.gravatar.com\\\/avatar\\\/392b4cc8fbfeb00b39dfeeab4ee6edded39ffd48e25858637e4765810300227e?s=96&d=mm&r=g\",\"url\":\"https:\\\/\\\/secure.gravatar.com\\\/avatar\\\/392b4cc8fbfeb00b39dfeeab4ee6edded39ffd48e25858637e4765810300227e?s=96&d=mm&r=g\",\"contentUrl\":\"https:\\\/\\\/secure.gravatar.com\\\/avatar\\\/392b4cc8fbfeb00b39dfeeab4ee6edded39ffd48e25858637e4765810300227e?s=96&d=mm&r=g\",\"caption\":\"Developer\"},\"url\":\"https:\\\/\\\/qtmm.org\\\/qt\\\/author\\\/Developer\\\/\"}]}<\/script>\n<!-- \/ Yoast SEO plugin. -->","yoast_head_json":{"title":"T\u00fcrkiye Cumhuriyetini\u00f1 parlament delegatsiyas\u0131 Q\u0131r\u0131mda - \u041c\u0435\u0434\u0436\u043b\u0456\u0441","robots":{"index":"index","follow":"follow","max-snippet":"max-snippet:-1","max-image-preview":"max-image-preview:large","max-video-preview":"max-video-preview:-1"},"canonical":"https:\/\/qtmm.org\/qt\/turkiye-cumhuriyetinin-parlament-delegatsiyasi-qirimda\/","og_locale":"en_US","og_type":"article","og_title":"T\u00fcrkiye Cumhuriyetini\u00f1 parlament delegatsiyas\u0131 Q\u0131r\u0131mda - \u041c\u0435\u0434\u0436\u043b\u0456\u0441","og_description":"Aprel 6 k\u00fcn\u00fc Ukraina\u011fa resmiy ziyaret \u00e7er\u00e7ivesinde T\u00fcrkiye Cumhuriyeti d\u00f6rt parlament siyasiy partiyalar\u0131n\u0131\u00f1 deputatlar\u0131ndan ibaret T\u00fcrkiye B\u00fcy\u00fck Millet Meclisini\u00f1 ba\u015fqan\u0131 Cemil \u00c7i\u00e7ek yolba\u015f\u00e7\u0131l\u0131\u011f\u0131ndaki delegatsiya Q\u0131r\u0131mda bulund\u0131. \u015eu k\u00fcnni\u00f1 \u00f6z\u00fcnde T\u00fcrkiye B\u00fcy\u00fck Millet Meclisini\u00f1 ba\u015fqan\u0131 Cemil \u00c7i\u00e7ek yolba\u015f\u00e7\u0131l\u0131\u011f\u0131ndaki delegatsiya Q\u0131r\u0131m Yuqar\u0131 \u015euras\u0131, Ukraina Prezidentini\u00f1 Q\u0131r\u0131mdaki daimiy temsilciligi ve Q\u0131r\u0131mtatar halq\u0131 Meclisini ziyaret etip, Q\u0131r\u0131m Yuqar\u0131 \u015euras\u0131n\u0131\u00f1 [&hellip;]","og_url":"https:\/\/qtmm.org\/qt\/turkiye-cumhuriyetinin-parlament-delegatsiyasi-qirimda\/","og_site_name":"\u041c\u0435\u0434\u0436\u043b\u0456\u0441","article_publisher":"https:\/\/www.facebook.com\/qtmm.info\/","article_published_time":"2013-04-06T15:26:00+00:00","article_modified_time":"2022-01-23T15:27:25+00:00","author":"Developer","twitter_card":"summary_large_image","twitter_misc":{"Written by":"Developer","Est. reading time":"3 minutes"},"schema":{"@context":"https:\/\/schema.org","@graph":[{"@type":"Article","@id":"https:\/\/qtmm.org\/qt\/turkiye-cumhuriyetinin-parlament-delegatsiyasi-qirimda\/#article","isPartOf":{"@id":"https:\/\/qtmm.org\/qt\/turkiye-cumhuriyetinin-parlament-delegatsiyasi-qirimda\/"},"author":{"name":"Developer","@id":"https:\/\/qtmm.org\/qt\/#\/schema\/person\/de562469f971dec226ac06e60bbf74a7"},"headline":"T\u00fcrkiye Cumhuriyetini\u00f1 parlament delegatsiyas\u0131 Q\u0131r\u0131mda","datePublished":"2013-04-06T15:26:00+00:00","dateModified":"2022-01-23T15:27:25+00:00","mainEntityOfPage":{"@id":"https:\/\/qtmm.org\/qt\/turkiye-cumhuriyetinin-parlament-delegatsiyasi-qirimda\/"},"wordCount":643,"commentCount":0,"publisher":{"@id":"https:\/\/qtmm.org\/qt\/#organization"},"articleSection":["Haberler"],"inLanguage":"qt","potentialAction":[{"@type":"CommentAction","name":"Comment","target":["https:\/\/qtmm.org\/qt\/turkiye-cumhuriyetinin-parlament-delegatsiyasi-qirimda\/#respond"]}]},{"@type":"WebPage","@id":"https:\/\/qtmm.org\/qt\/turkiye-cumhuriyetinin-parlament-delegatsiyasi-qirimda\/","url":"https:\/\/qtmm.org\/qt\/turkiye-cumhuriyetinin-parlament-delegatsiyasi-qirimda\/","name":"T\u00fcrkiye Cumhuriyetini\u00f1 parlament delegatsiyas\u0131 Q\u0131r\u0131mda - \u041c\u0435\u0434\u0436\u043b\u0456\u0441","isPartOf":{"@id":"https:\/\/qtmm.org\/qt\/#website"},"datePublished":"2013-04-06T15:26:00+00:00","dateModified":"2022-01-23T15:27:25+00:00","breadcrumb":{"@id":"https:\/\/qtmm.org\/qt\/turkiye-cumhuriyetinin-parlament-delegatsiyasi-qirimda\/#breadcrumb"},"inLanguage":"qt","potentialAction":[{"@type":"ReadAction","target":["https:\/\/qtmm.org\/qt\/turkiye-cumhuriyetinin-parlament-delegatsiyasi-qirimda\/"]}]},{"@type":"BreadcrumbList","@id":"https:\/\/qtmm.org\/qt\/turkiye-cumhuriyetinin-parlament-delegatsiyasi-qirimda\/#breadcrumb","itemListElement":[{"@type":"ListItem","position":1,"name":"\u0413\u043e\u043b\u043e\u0432\u043d\u0430","item":"https:\/\/qtmm.org\/qt\/"},{"@type":"ListItem","position":2,"name":"T\u00fcrkiye Cumhuriyetini\u00f1 parlament delegatsiyas\u0131 Q\u0131r\u0131mda"}]},{"@type":"WebSite","@id":"https:\/\/qtmm.org\/qt\/#website","url":"https:\/\/qtmm.org\/qt\/","name":"\u041c\u0435\u0434\u0436\u043b\u0456\u0441","description":"","publisher":{"@id":"https:\/\/qtmm.org\/qt\/#organization"},"potentialAction":[{"@type":"SearchAction","target":{"@type":"EntryPoint","urlTemplate":"https:\/\/qtmm.org\/qt\/?s={search_term_string}"},"query-input":{"@type":"PropertyValueSpecification","valueRequired":true,"valueName":"search_term_string"}}],"inLanguage":"qt"},{"@type":"Organization","@id":"https:\/\/qtmm.org\/qt\/#organization","name":"\u041c\u0435\u0434\u0436\u043b\u0456\u0441","url":"https:\/\/qtmm.org\/qt\/","logo":{"@type":"ImageObject","inLanguage":"qt","@id":"https:\/\/qtmm.org\/qt\/#\/schema\/logo\/image\/","url":"https:\/\/qtmm.org\/wp-content\/uploads\/2024\/12\/ua-mejlis-logo-rgb.svg","contentUrl":"https:\/\/qtmm.org\/wp-content\/uploads\/2024\/12\/ua-mejlis-logo-rgb.svg","caption":"\u041c\u0435\u0434\u0436\u043b\u0456\u0441"},"image":{"@id":"https:\/\/qtmm.org\/qt\/#\/schema\/logo\/image\/"},"sameAs":["https:\/\/www.facebook.com\/qtmm.info\/"]},{"@type":"Person","@id":"https:\/\/qtmm.org\/qt\/#\/schema\/person\/de562469f971dec226ac06e60bbf74a7","name":"Developer","image":{"@type":"ImageObject","inLanguage":"qt","@id":"https:\/\/secure.gravatar.com\/avatar\/392b4cc8fbfeb00b39dfeeab4ee6edded39ffd48e25858637e4765810300227e?s=96&d=mm&r=g","url":"https:\/\/secure.gravatar.com\/avatar\/392b4cc8fbfeb00b39dfeeab4ee6edded39ffd48e25858637e4765810300227e?s=96&d=mm&r=g","contentUrl":"https:\/\/secure.gravatar.com\/avatar\/392b4cc8fbfeb00b39dfeeab4ee6edded39ffd48e25858637e4765810300227e?s=96&d=mm&r=g","caption":"Developer"},"url":"https:\/\/qtmm.org\/qt\/author\/Developer\/"}]}},"_links":{"self":[{"href":"https:\/\/qtmm.org\/qt\/wp-json\/wp\/v2\/posts\/36389","targetHints":{"allow":["GET"]}}],"collection":[{"href":"https:\/\/qtmm.org\/qt\/wp-json\/wp\/v2\/posts"}],"about":[{"href":"https:\/\/qtmm.org\/qt\/wp-json\/wp\/v2\/types\/post"}],"author":[{"embeddable":true,"href":"https:\/\/qtmm.org\/qt\/wp-json\/wp\/v2\/users\/1"}],"replies":[{"embeddable":true,"href":"https:\/\/qtmm.org\/qt\/wp-json\/wp\/v2\/comments?post=36389"}],"version-history":[{"count":1,"href":"https:\/\/qtmm.org\/qt\/wp-json\/wp\/v2\/posts\/36389\/revisions"}],"predecessor-version":[{"id":36390,"href":"https:\/\/qtmm.org\/qt\/wp-json\/wp\/v2\/posts\/36389\/revisions\/36390"}],"wp:attachment":[{"href":"https:\/\/qtmm.org\/qt\/wp-json\/wp\/v2\/media?parent=36389"}],"wp:term":[{"taxonomy":"category","embeddable":true,"href":"https:\/\/qtmm.org\/qt\/wp-json\/wp\/v2\/categories?post=36389"},{"taxonomy":"post_tag","embeddable":true,"href":"https:\/\/qtmm.org\/qt\/wp-json\/wp\/v2\/tags?post=36389"}],"curies":[{"name":"wp","href":"https:\/\/api.w.org\/{rel}","templated":true}]}}