




{"id":36387,"date":"2013-04-05T18:26:00","date_gmt":"2013-04-05T15:26:00","guid":{"rendered":"http:\/\/qtmm.org\/?p=36387"},"modified":"2022-01-23T18:26:44","modified_gmt":"2022-01-23T15:26:44","slug":"meclis-reisi-mustafa-cemilev-ukraina-tis-islerinin-naziri-leonid-kojara-ile-korusti","status":"publish","type":"post","link":"https:\/\/qtmm.org\/qt\/meclis-reisi-mustafa-cemilev-ukraina-tis-islerinin-naziri-leonid-kojara-ile-korusti\/","title":{"rendered":"Meclis reisi Mustafa Cemilev Ukraina t\u0131\u015f i\u015flerini\u00f1 naziri Leonid Kojara ile k\u00f6r\u00fc\u015fti"},"content":{"rendered":"\n<p>Aprel 4 k\u00fcn\u00fc Kiyevde Meclis reisi, Ukraina halq deputat\u0131 Mustafa Cemilev Ukraina t\u0131\u015f i\u015flerini\u00f1 naziri Leonid Kojara ile ol\u011fan k\u00f6r\u00fc\u015f\u00fcvde &#8220;Q\u0131r\u0131m inki\u015faf\u0131 vaquf\u0131&#8221;n\u0131\u00f1 ba\u015f direktor\u0131 Aleksey Skorik, Yurt t\u0131\u015f\u0131ndaki ukrainlernen ba\u011flanuv ve medeniy-gumanitar i\u015fbirlik departamentini\u00f1 direktor\u0131 Vladimir Yatsenkivskiy ve OSCE reisi gruppas\u0131 reberini\u00f1 muavini, Nazir K\u00e2tibiyeti Departamenti direktor\u0131n\u0131\u00f1 muavini Yevgeniy Ts\u0131mbal\u00fck i\u015ftirak ettiler.<\/p>\n\n\n\n<p>Onda 2014 senesi Q\u0131r\u0131mtatar halq\u0131n\u0131\u00f1 \u00f6z Vatan\u0131nda aqlar\u0131n\u0131 tiklev, Ukrainada on\u0131\u00f1 OSCE imayesi alt\u0131nda inki\u015faf\u0131 ve tel\u00fckesizligini teminlev meselesi boyunca halqara forumn\u0131 te\u015fkil\u00e2tland\u0131ruv ve ke\u00e7ir\u00fcv. 1992 senesi Bi\u015fkekte imzalan\u011fan a\u00f1la\u015fman\u0131\u00f1 Ukraina taraf\u0131ndan m\u00fcddetini uzatmaq ve ke\u00e7ken sene Ukraina Prezidenti ve T\u00fcrkiye ba\u015f nazirini\u00f1 te\u015febb\u00fcslerine k\u00f6re d\u00f6rt tarafl\u0131 k\u00f6r\u00fc\u015f\u00fcvni\u00f1 ekinci raund\u0131n\u0131 ke\u00e7irmek meseleleri muzakere etildi.<br><br>Mustafa Cemilev Q\u0131r\u0131mda meydan\u011fa kelgen vaziyet, q\u0131r\u0131mtatarlarn\u0131 qaytaruv ve yerle\u015ftir\u00fcv, aqlar\u0131n\u0131 tiklev meselelerinde Ukrain\u011fa halqara yard\u0131mn\u0131 celp etmek meselesinde milliy qanunlar ve halqara qanunlar belgilegen \u00e7er\u00e7ivede devlet siyasetini amelge ke\u00e7ir\u00fcvge Q\u0131r\u0131mtatar halq\u0131 Meclisini\u00f1 pozitsiyas\u0131 ve k\u00f6r\u00fc\u015fini ifade etti.<\/p>\n\n\n\n<p>Ukraina t\u0131\u015f i\u015fleri naziri Leonid Kojara meseleni terenden ve tafsil\u00e2tl\u0131 bilgenini k\u00f6stererek, devlet q\u0131r\u0131mtatar halq\u0131n\u0131 s\u00fcrg\u00fcnlikten qaytaruv ve yerle\u015ftir\u00fcv i\u015finde menfaatdar ol\u011fan\u0131n\u0131 tasdiqlap, bunda halqara i\u015fbirlikni\u00f1 m\u00fcsbet rol\u00fcni qayd etti.<\/p>\n\n\n\n<p>K\u00f6r\u00fc\u015f\u00fcv vaqt\u0131nda Leonid Kojara Bi\u015fkek a\u00f1la\u015fmas\u0131n\u0131\u00f1 m\u00fcddetini uzatmaq i\u00e7\u00fcn zarur vesiqalarn\u0131 az\u0131rlav boyunca avalelerini seslendirdi. Bun\u0131\u00f1 kibi de nazir Ukrainada d\u00f6rt tarafl\u0131 k\u00f6r\u00fc\u015f\u00fcvni te\u015fkil\u00e2tland\u0131rmaq ve ke\u00e7irmek meselesi \u00fczerinde \u00e7al\u0131\u015fma\u011fa az\u0131rl\u0131\u011f\u0131n\u0131 bildirdi. Halqara forum\u011fa az\u0131rl\u0131qnen ba\u011fl\u0131 vaziyet ise k\u00f6r\u00fc\u015f\u00fcv i\u015ftirak\u00e7ilerini\u00f1 muzakerelerinde m\u00fcim yer al\u0131p, bu saada yap\u0131lacaq i\u015fler belgilendi.<br><br>T\u0131\u015f i\u015fler naziri peyda ol\u011fan meselelerni\u00f1 \u00e7ezimini tezle\u015ftirmek, Ukrainan\u0131\u00f1 halqara seviyede pozitsiyalar\u0131n\u0131 pekitmek yollar\u0131n\u0131 tapmaq i\u00e7\u00fcn b\u00f6yle k\u00f6r\u00fc\u015f\u00fcvlerni muntazam s\u00fcrette ke\u00e7irmek kerekligini s\u00f6yledi.<\/p>\n\n\n\n<p>Meclis reisi Mustafa Cemilev T\u0131\u015f i\u015fler naziri Leonid Kojara\u011fa k\u00f6r\u00fc\u015f\u00fcv i\u00e7\u00fcn te\u015fekk\u00fcr bildirdi.<\/p>\n","protected":false},"excerpt":{"rendered":"<p>Aprel 4 k\u00fcn\u00fc Kiyevde Meclis reisi, Ukraina halq deputat\u0131 Mustafa Cemilev Ukraina t\u0131\u015f i\u015flerini\u00f1 naziri Leonid Kojara ile ol\u011fan k\u00f6r\u00fc\u015f\u00fcvde &#8220;Q\u0131r\u0131m inki\u015faf\u0131 vaquf\u0131&#8221;n\u0131\u00f1 ba\u015f direktor\u0131 Aleksey Skorik, Yurt t\u0131\u015f\u0131ndaki ukrainlernen ba\u011flanuv ve medeniy-gumanitar i\u015fbirlik departamentini\u00f1 direktor\u0131 Vladimir Yatsenkivskiy ve OSCE reisi gruppas\u0131 reberini\u00f1 muavini, Nazir K\u00e2tibiyeti Departamenti direktor\u0131n\u0131\u00f1 muavini Yevgeniy Ts\u0131mbal\u00fck i\u015ftirak ettiler. Onda 2014 [&hellip;]<\/p>\n","protected":false},"author":1,"featured_media":0,"comment_status":"open","ping_status":"open","sticky":false,"template":"","format":"standard","meta":{"inline_featured_image":false,"footnotes":""},"categories":[265],"tags":[],"class_list":["post-36387","post","type-post","status-publish","format-standard","hentry","category-haberler"],"acf":[],"yoast_head":"<!-- This site is optimized with the Yoast SEO plugin v27.4 - https:\/\/yoast.com\/product\/yoast-seo-wordpress\/ -->\n<title>Meclis reisi Mustafa Cemilev Ukraina t\u0131\u015f i\u015flerini\u00f1 naziri Leonid Kojara ile k\u00f6r\u00fc\u015fti - \u041c\u0435\u0434\u0436\u043b\u0456\u0441<\/title>\n<meta name=\"robots\" content=\"index, follow, max-snippet:-1, max-image-preview:large, max-video-preview:-1\" \/>\n<link rel=\"canonical\" href=\"https:\/\/qtmm.org\/qt\/meclis-reisi-mustafa-cemilev-ukraina-tis-islerinin-naziri-leonid-kojara-ile-korusti\/\" \/>\n<meta property=\"og:locale\" content=\"en_US\" \/>\n<meta property=\"og:type\" content=\"article\" \/>\n<meta property=\"og:title\" content=\"Meclis reisi Mustafa Cemilev Ukraina t\u0131\u015f i\u015flerini\u00f1 naziri Leonid Kojara ile k\u00f6r\u00fc\u015fti - \u041c\u0435\u0434\u0436\u043b\u0456\u0441\" \/>\n<meta property=\"og:description\" content=\"Aprel 4 k\u00fcn\u00fc Kiyevde Meclis reisi, Ukraina halq deputat\u0131 Mustafa Cemilev Ukraina t\u0131\u015f i\u015flerini\u00f1 naziri Leonid Kojara ile ol\u011fan k\u00f6r\u00fc\u015f\u00fcvde &#8220;Q\u0131r\u0131m inki\u015faf\u0131 vaquf\u0131&#8221;n\u0131\u00f1 ba\u015f direktor\u0131 Aleksey Skorik, Yurt t\u0131\u015f\u0131ndaki ukrainlernen ba\u011flanuv ve medeniy-gumanitar i\u015fbirlik departamentini\u00f1 direktor\u0131 Vladimir Yatsenkivskiy ve OSCE reisi gruppas\u0131 reberini\u00f1 muavini, Nazir K\u00e2tibiyeti Departamenti direktor\u0131n\u0131\u00f1 muavini Yevgeniy Ts\u0131mbal\u00fck i\u015ftirak ettiler. Onda 2014 [&hellip;]\" \/>\n<meta property=\"og:url\" content=\"https:\/\/qtmm.org\/qt\/meclis-reisi-mustafa-cemilev-ukraina-tis-islerinin-naziri-leonid-kojara-ile-korusti\/\" \/>\n<meta property=\"og:site_name\" content=\"\u041c\u0435\u0434\u0436\u043b\u0456\u0441\" \/>\n<meta property=\"article:publisher\" content=\"https:\/\/www.facebook.com\/qtmm.info\/\" \/>\n<meta property=\"article:published_time\" content=\"2013-04-05T15:26:00+00:00\" \/>\n<meta property=\"article:modified_time\" content=\"2022-01-23T15:26:44+00:00\" \/>\n<meta name=\"author\" content=\"Developer\" \/>\n<meta name=\"twitter:card\" content=\"summary_large_image\" \/>\n<meta name=\"twitter:label1\" content=\"Written by\" \/>\n\t<meta name=\"twitter:data1\" content=\"Developer\" \/>\n\t<meta name=\"twitter:label2\" content=\"Est. reading time\" \/>\n\t<meta name=\"twitter:data2\" content=\"2 minutes\" \/>\n<script type=\"application\/ld+json\" class=\"yoast-schema-graph\">{\"@context\":\"https:\\\/\\\/schema.org\",\"@graph\":[{\"@type\":\"Article\",\"@id\":\"https:\\\/\\\/qtmm.org\\\/qt\\\/meclis-reisi-mustafa-cemilev-ukraina-tis-islerinin-naziri-leonid-kojara-ile-korusti\\\/#article\",\"isPartOf\":{\"@id\":\"https:\\\/\\\/qtmm.org\\\/qt\\\/meclis-reisi-mustafa-cemilev-ukraina-tis-islerinin-naziri-leonid-kojara-ile-korusti\\\/\"},\"author\":{\"name\":\"Developer\",\"@id\":\"https:\\\/\\\/qtmm.org\\\/qt\\\/#\\\/schema\\\/person\\\/de562469f971dec226ac06e60bbf74a7\"},\"headline\":\"Meclis reisi Mustafa Cemilev Ukraina t\u0131\u015f i\u015flerini\u00f1 naziri Leonid Kojara ile k\u00f6r\u00fc\u015fti\",\"datePublished\":\"2013-04-05T15:26:00+00:00\",\"dateModified\":\"2022-01-23T15:26:44+00:00\",\"mainEntityOfPage\":{\"@id\":\"https:\\\/\\\/qtmm.org\\\/qt\\\/meclis-reisi-mustafa-cemilev-ukraina-tis-islerinin-naziri-leonid-kojara-ile-korusti\\\/\"},\"wordCount\":402,\"commentCount\":0,\"publisher\":{\"@id\":\"https:\\\/\\\/qtmm.org\\\/qt\\\/#organization\"},\"articleSection\":[\"Haberler\"],\"inLanguage\":\"qt\",\"potentialAction\":[{\"@type\":\"CommentAction\",\"name\":\"Comment\",\"target\":[\"https:\\\/\\\/qtmm.org\\\/qt\\\/meclis-reisi-mustafa-cemilev-ukraina-tis-islerinin-naziri-leonid-kojara-ile-korusti\\\/#respond\"]}]},{\"@type\":\"WebPage\",\"@id\":\"https:\\\/\\\/qtmm.org\\\/qt\\\/meclis-reisi-mustafa-cemilev-ukraina-tis-islerinin-naziri-leonid-kojara-ile-korusti\\\/\",\"url\":\"https:\\\/\\\/qtmm.org\\\/qt\\\/meclis-reisi-mustafa-cemilev-ukraina-tis-islerinin-naziri-leonid-kojara-ile-korusti\\\/\",\"name\":\"Meclis reisi Mustafa Cemilev Ukraina t\u0131\u015f i\u015flerini\u00f1 naziri Leonid Kojara ile k\u00f6r\u00fc\u015fti - \u041c\u0435\u0434\u0436\u043b\u0456\u0441\",\"isPartOf\":{\"@id\":\"https:\\\/\\\/qtmm.org\\\/qt\\\/#website\"},\"datePublished\":\"2013-04-05T15:26:00+00:00\",\"dateModified\":\"2022-01-23T15:26:44+00:00\",\"breadcrumb\":{\"@id\":\"https:\\\/\\\/qtmm.org\\\/qt\\\/meclis-reisi-mustafa-cemilev-ukraina-tis-islerinin-naziri-leonid-kojara-ile-korusti\\\/#breadcrumb\"},\"inLanguage\":\"qt\",\"potentialAction\":[{\"@type\":\"ReadAction\",\"target\":[\"https:\\\/\\\/qtmm.org\\\/qt\\\/meclis-reisi-mustafa-cemilev-ukraina-tis-islerinin-naziri-leonid-kojara-ile-korusti\\\/\"]}]},{\"@type\":\"BreadcrumbList\",\"@id\":\"https:\\\/\\\/qtmm.org\\\/qt\\\/meclis-reisi-mustafa-cemilev-ukraina-tis-islerinin-naziri-leonid-kojara-ile-korusti\\\/#breadcrumb\",\"itemListElement\":[{\"@type\":\"ListItem\",\"position\":1,\"name\":\"\u0413\u043e\u043b\u043e\u0432\u043d\u0430\",\"item\":\"https:\\\/\\\/qtmm.org\\\/qt\\\/\"},{\"@type\":\"ListItem\",\"position\":2,\"name\":\"Meclis reisi Mustafa Cemilev Ukraina t\u0131\u015f i\u015flerini\u00f1 naziri Leonid Kojara ile k\u00f6r\u00fc\u015fti\"}]},{\"@type\":\"WebSite\",\"@id\":\"https:\\\/\\\/qtmm.org\\\/qt\\\/#website\",\"url\":\"https:\\\/\\\/qtmm.org\\\/qt\\\/\",\"name\":\"\u041c\u0435\u0434\u0436\u043b\u0456\u0441\",\"description\":\"\",\"publisher\":{\"@id\":\"https:\\\/\\\/qtmm.org\\\/qt\\\/#organization\"},\"potentialAction\":[{\"@type\":\"SearchAction\",\"target\":{\"@type\":\"EntryPoint\",\"urlTemplate\":\"https:\\\/\\\/qtmm.org\\\/qt\\\/?s={search_term_string}\"},\"query-input\":{\"@type\":\"PropertyValueSpecification\",\"valueRequired\":true,\"valueName\":\"search_term_string\"}}],\"inLanguage\":\"qt\"},{\"@type\":\"Organization\",\"@id\":\"https:\\\/\\\/qtmm.org\\\/qt\\\/#organization\",\"name\":\"\u041c\u0435\u0434\u0436\u043b\u0456\u0441\",\"url\":\"https:\\\/\\\/qtmm.org\\\/qt\\\/\",\"logo\":{\"@type\":\"ImageObject\",\"inLanguage\":\"qt\",\"@id\":\"https:\\\/\\\/qtmm.org\\\/qt\\\/#\\\/schema\\\/logo\\\/image\\\/\",\"url\":\"https:\\\/\\\/qtmm.org\\\/wp-content\\\/uploads\\\/2024\\\/12\\\/ua-mejlis-logo-rgb.svg\",\"contentUrl\":\"https:\\\/\\\/qtmm.org\\\/wp-content\\\/uploads\\\/2024\\\/12\\\/ua-mejlis-logo-rgb.svg\",\"caption\":\"\u041c\u0435\u0434\u0436\u043b\u0456\u0441\"},\"image\":{\"@id\":\"https:\\\/\\\/qtmm.org\\\/qt\\\/#\\\/schema\\\/logo\\\/image\\\/\"},\"sameAs\":[\"https:\\\/\\\/www.facebook.com\\\/qtmm.info\\\/\"]},{\"@type\":\"Person\",\"@id\":\"https:\\\/\\\/qtmm.org\\\/qt\\\/#\\\/schema\\\/person\\\/de562469f971dec226ac06e60bbf74a7\",\"name\":\"Developer\",\"image\":{\"@type\":\"ImageObject\",\"inLanguage\":\"qt\",\"@id\":\"https:\\\/\\\/secure.gravatar.com\\\/avatar\\\/392b4cc8fbfeb00b39dfeeab4ee6edded39ffd48e25858637e4765810300227e?s=96&d=mm&r=g\",\"url\":\"https:\\\/\\\/secure.gravatar.com\\\/avatar\\\/392b4cc8fbfeb00b39dfeeab4ee6edded39ffd48e25858637e4765810300227e?s=96&d=mm&r=g\",\"contentUrl\":\"https:\\\/\\\/secure.gravatar.com\\\/avatar\\\/392b4cc8fbfeb00b39dfeeab4ee6edded39ffd48e25858637e4765810300227e?s=96&d=mm&r=g\",\"caption\":\"Developer\"},\"url\":\"https:\\\/\\\/qtmm.org\\\/qt\\\/author\\\/Developer\\\/\"}]}<\/script>\n<!-- \/ Yoast SEO plugin. -->","yoast_head_json":{"title":"Meclis reisi Mustafa Cemilev Ukraina t\u0131\u015f i\u015flerini\u00f1 naziri Leonid Kojara ile k\u00f6r\u00fc\u015fti - \u041c\u0435\u0434\u0436\u043b\u0456\u0441","robots":{"index":"index","follow":"follow","max-snippet":"max-snippet:-1","max-image-preview":"max-image-preview:large","max-video-preview":"max-video-preview:-1"},"canonical":"https:\/\/qtmm.org\/qt\/meclis-reisi-mustafa-cemilev-ukraina-tis-islerinin-naziri-leonid-kojara-ile-korusti\/","og_locale":"en_US","og_type":"article","og_title":"Meclis reisi Mustafa Cemilev Ukraina t\u0131\u015f i\u015flerini\u00f1 naziri Leonid Kojara ile k\u00f6r\u00fc\u015fti - \u041c\u0435\u0434\u0436\u043b\u0456\u0441","og_description":"Aprel 4 k\u00fcn\u00fc Kiyevde Meclis reisi, Ukraina halq deputat\u0131 Mustafa Cemilev Ukraina t\u0131\u015f i\u015flerini\u00f1 naziri Leonid Kojara ile ol\u011fan k\u00f6r\u00fc\u015f\u00fcvde &#8220;Q\u0131r\u0131m inki\u015faf\u0131 vaquf\u0131&#8221;n\u0131\u00f1 ba\u015f direktor\u0131 Aleksey Skorik, Yurt t\u0131\u015f\u0131ndaki ukrainlernen ba\u011flanuv ve medeniy-gumanitar i\u015fbirlik departamentini\u00f1 direktor\u0131 Vladimir Yatsenkivskiy ve OSCE reisi gruppas\u0131 reberini\u00f1 muavini, Nazir K\u00e2tibiyeti Departamenti direktor\u0131n\u0131\u00f1 muavini Yevgeniy Ts\u0131mbal\u00fck i\u015ftirak ettiler. Onda 2014 [&hellip;]","og_url":"https:\/\/qtmm.org\/qt\/meclis-reisi-mustafa-cemilev-ukraina-tis-islerinin-naziri-leonid-kojara-ile-korusti\/","og_site_name":"\u041c\u0435\u0434\u0436\u043b\u0456\u0441","article_publisher":"https:\/\/www.facebook.com\/qtmm.info\/","article_published_time":"2013-04-05T15:26:00+00:00","article_modified_time":"2022-01-23T15:26:44+00:00","author":"Developer","twitter_card":"summary_large_image","twitter_misc":{"Written by":"Developer","Est. reading time":"2 minutes"},"schema":{"@context":"https:\/\/schema.org","@graph":[{"@type":"Article","@id":"https:\/\/qtmm.org\/qt\/meclis-reisi-mustafa-cemilev-ukraina-tis-islerinin-naziri-leonid-kojara-ile-korusti\/#article","isPartOf":{"@id":"https:\/\/qtmm.org\/qt\/meclis-reisi-mustafa-cemilev-ukraina-tis-islerinin-naziri-leonid-kojara-ile-korusti\/"},"author":{"name":"Developer","@id":"https:\/\/qtmm.org\/qt\/#\/schema\/person\/de562469f971dec226ac06e60bbf74a7"},"headline":"Meclis reisi Mustafa Cemilev Ukraina t\u0131\u015f i\u015flerini\u00f1 naziri Leonid Kojara ile k\u00f6r\u00fc\u015fti","datePublished":"2013-04-05T15:26:00+00:00","dateModified":"2022-01-23T15:26:44+00:00","mainEntityOfPage":{"@id":"https:\/\/qtmm.org\/qt\/meclis-reisi-mustafa-cemilev-ukraina-tis-islerinin-naziri-leonid-kojara-ile-korusti\/"},"wordCount":402,"commentCount":0,"publisher":{"@id":"https:\/\/qtmm.org\/qt\/#organization"},"articleSection":["Haberler"],"inLanguage":"qt","potentialAction":[{"@type":"CommentAction","name":"Comment","target":["https:\/\/qtmm.org\/qt\/meclis-reisi-mustafa-cemilev-ukraina-tis-islerinin-naziri-leonid-kojara-ile-korusti\/#respond"]}]},{"@type":"WebPage","@id":"https:\/\/qtmm.org\/qt\/meclis-reisi-mustafa-cemilev-ukraina-tis-islerinin-naziri-leonid-kojara-ile-korusti\/","url":"https:\/\/qtmm.org\/qt\/meclis-reisi-mustafa-cemilev-ukraina-tis-islerinin-naziri-leonid-kojara-ile-korusti\/","name":"Meclis reisi Mustafa Cemilev Ukraina t\u0131\u015f i\u015flerini\u00f1 naziri Leonid Kojara ile k\u00f6r\u00fc\u015fti - \u041c\u0435\u0434\u0436\u043b\u0456\u0441","isPartOf":{"@id":"https:\/\/qtmm.org\/qt\/#website"},"datePublished":"2013-04-05T15:26:00+00:00","dateModified":"2022-01-23T15:26:44+00:00","breadcrumb":{"@id":"https:\/\/qtmm.org\/qt\/meclis-reisi-mustafa-cemilev-ukraina-tis-islerinin-naziri-leonid-kojara-ile-korusti\/#breadcrumb"},"inLanguage":"qt","potentialAction":[{"@type":"ReadAction","target":["https:\/\/qtmm.org\/qt\/meclis-reisi-mustafa-cemilev-ukraina-tis-islerinin-naziri-leonid-kojara-ile-korusti\/"]}]},{"@type":"BreadcrumbList","@id":"https:\/\/qtmm.org\/qt\/meclis-reisi-mustafa-cemilev-ukraina-tis-islerinin-naziri-leonid-kojara-ile-korusti\/#breadcrumb","itemListElement":[{"@type":"ListItem","position":1,"name":"\u0413\u043e\u043b\u043e\u0432\u043d\u0430","item":"https:\/\/qtmm.org\/qt\/"},{"@type":"ListItem","position":2,"name":"Meclis reisi Mustafa Cemilev Ukraina t\u0131\u015f i\u015flerini\u00f1 naziri Leonid Kojara ile k\u00f6r\u00fc\u015fti"}]},{"@type":"WebSite","@id":"https:\/\/qtmm.org\/qt\/#website","url":"https:\/\/qtmm.org\/qt\/","name":"\u041c\u0435\u0434\u0436\u043b\u0456\u0441","description":"","publisher":{"@id":"https:\/\/qtmm.org\/qt\/#organization"},"potentialAction":[{"@type":"SearchAction","target":{"@type":"EntryPoint","urlTemplate":"https:\/\/qtmm.org\/qt\/?s={search_term_string}"},"query-input":{"@type":"PropertyValueSpecification","valueRequired":true,"valueName":"search_term_string"}}],"inLanguage":"qt"},{"@type":"Organization","@id":"https:\/\/qtmm.org\/qt\/#organization","name":"\u041c\u0435\u0434\u0436\u043b\u0456\u0441","url":"https:\/\/qtmm.org\/qt\/","logo":{"@type":"ImageObject","inLanguage":"qt","@id":"https:\/\/qtmm.org\/qt\/#\/schema\/logo\/image\/","url":"https:\/\/qtmm.org\/wp-content\/uploads\/2024\/12\/ua-mejlis-logo-rgb.svg","contentUrl":"https:\/\/qtmm.org\/wp-content\/uploads\/2024\/12\/ua-mejlis-logo-rgb.svg","caption":"\u041c\u0435\u0434\u0436\u043b\u0456\u0441"},"image":{"@id":"https:\/\/qtmm.org\/qt\/#\/schema\/logo\/image\/"},"sameAs":["https:\/\/www.facebook.com\/qtmm.info\/"]},{"@type":"Person","@id":"https:\/\/qtmm.org\/qt\/#\/schema\/person\/de562469f971dec226ac06e60bbf74a7","name":"Developer","image":{"@type":"ImageObject","inLanguage":"qt","@id":"https:\/\/secure.gravatar.com\/avatar\/392b4cc8fbfeb00b39dfeeab4ee6edded39ffd48e25858637e4765810300227e?s=96&d=mm&r=g","url":"https:\/\/secure.gravatar.com\/avatar\/392b4cc8fbfeb00b39dfeeab4ee6edded39ffd48e25858637e4765810300227e?s=96&d=mm&r=g","contentUrl":"https:\/\/secure.gravatar.com\/avatar\/392b4cc8fbfeb00b39dfeeab4ee6edded39ffd48e25858637e4765810300227e?s=96&d=mm&r=g","caption":"Developer"},"url":"https:\/\/qtmm.org\/qt\/author\/Developer\/"}]}},"_links":{"self":[{"href":"https:\/\/qtmm.org\/qt\/wp-json\/wp\/v2\/posts\/36387","targetHints":{"allow":["GET"]}}],"collection":[{"href":"https:\/\/qtmm.org\/qt\/wp-json\/wp\/v2\/posts"}],"about":[{"href":"https:\/\/qtmm.org\/qt\/wp-json\/wp\/v2\/types\/post"}],"author":[{"embeddable":true,"href":"https:\/\/qtmm.org\/qt\/wp-json\/wp\/v2\/users\/1"}],"replies":[{"embeddable":true,"href":"https:\/\/qtmm.org\/qt\/wp-json\/wp\/v2\/comments?post=36387"}],"version-history":[{"count":1,"href":"https:\/\/qtmm.org\/qt\/wp-json\/wp\/v2\/posts\/36387\/revisions"}],"predecessor-version":[{"id":36388,"href":"https:\/\/qtmm.org\/qt\/wp-json\/wp\/v2\/posts\/36387\/revisions\/36388"}],"wp:attachment":[{"href":"https:\/\/qtmm.org\/qt\/wp-json\/wp\/v2\/media?parent=36387"}],"wp:term":[{"taxonomy":"category","embeddable":true,"href":"https:\/\/qtmm.org\/qt\/wp-json\/wp\/v2\/categories?post=36387"},{"taxonomy":"post_tag","embeddable":true,"href":"https:\/\/qtmm.org\/qt\/wp-json\/wp\/v2\/tags?post=36387"}],"curies":[{"name":"wp","href":"https:\/\/api.w.org\/{rel}","templated":true}]}}