




{"id":36385,"date":"2013-04-04T18:25:00","date_gmt":"2013-04-04T15:25:00","guid":{"rendered":"http:\/\/qtmm.org\/?p=36385"},"modified":"2022-01-23T18:25:55","modified_gmt":"2022-01-23T15:25:55","slug":"saylav-bulletenlerinde-teskilatlarnin-sirasi-belgilendi","status":"publish","type":"post","link":"https:\/\/qtmm.org\/qt\/saylav-bulletenlerinde-teskilatlarnin-sirasi-belgilendi\/","title":{"rendered":"Saylav b\u00fclletenlerinde te\u015fkil\u00e2tlarn\u0131\u00f1 s\u0131ras\u0131 belgilendi"},"content":{"rendered":"\n<p>Merkeziy saylav komissiyas\u0131 te\u015fkil etken ve ke\u00e7irgen merasimde cedvelge al\u0131n\u011fan 14 te\u015fkil\u00e2t i\u015ftirak etti. Tedbir ba\u015flamazdan evel Q\u0131r\u0131m musulmanlar\u0131n\u0131\u00f1 m\u00fcftisi ac\u0131 Emirali Ablayev er keske saylavlarda ye\u00f1i\u015f qazanmaqn\u0131 tilep, saylavlar vaqt\u0131nda faqat musaade etilgen usullardan qullanmaqn\u0131 tevsiye etti.<\/p>\n\n\n\n<p>Bundan so\u00f1 Merkeziy saylav komissiyan\u0131\u00f1 ba\u015f\u0131 Zair Smedl\u00e2yev cedvelge al\u0131n\u011fan te\u015fkil\u00e2t ve bloklar\u011fa Qurultay delegatl\u0131\u011f\u0131na namzetlik \u015feadetnamelerini bergen so\u00f1 kura \u00e7ek\u00fcv ba\u015fland\u0131. On\u0131 Merkeziy saylav komissiyas\u0131n\u0131\u00f1 azas\u0131 \u0130zet \u0130zedinov al\u0131p bard\u0131.<\/p>\n\n\n\n<p>Er bir te\u015fkil\u00e2tn\u0131\u00f1 vekili qutu i\u00e7inden nomer yaz\u0131l\u011fan kapsulan\u0131 \u00e7\u0131qar\u0131p, b\u00f6yleliknen te\u015fkil\u00e2tn\u0131\u00f1 \u00e7oqmandatl\u0131 proportsional saylav dairesi boyunca saylav cedvelinde s\u0131ras\u0131n\u0131 belgiledi.<\/p>\n\n\n\n<p class=\"has-text-align-center\"><strong>Kura \u00e7ek\u00fcv neticeleri:<\/strong><\/p>\n\n\n\n<p><strong>\u2116 1 \u2013 &#8220;Maarif\u00e7i&#8221; q\u0131r\u0131mtatar tasil hadimlerini\u00f1 birligi;<br><br>\u2116 2 \u2013 &#8220;Bizim Q\u0131r\u0131m&#8221; halqara cemaat te\u015fkil\u00e2t\u0131;<br><br>\u2116 3 \u2013 &#8220;Q\u0131r\u0131mtatar medeniyet vaquf\u0131&#8221; (Medeniyet) cemaat te\u015fkil\u00e2t\u0131;<br><br>\u2116 4 \u2013 &#8220;\u0130nki\u015faf&#8221; q\u0131r\u0131mtatarlar birligi&#8221; cemaat te\u015fkil\u00e2t\u0131;<br><br>\u2116 5 \u2013 &#8220;Adalet&#8221; q\u0131r\u0131mtatar milliy partiyas\u0131;<br><br>\u2116 6 \u2013 &#8220;Ya\u015flar \u015euras\u0131&#8221; cemaat te\u015fkil\u00e2t\u0131;<br><br>\u2116 7 \u2013 &#8220;Avdet&#8221; cemaat te\u015fkil\u00e2t\u0131;<br><br>\u2116 8 \u2013Q\u0131r\u0131mtatar halq\u0131 milliy areketini\u00f1 te\u015fkil\u00e2t\u0131 (OKND);<br><br>\u2116 9 \u2013&#8221;Milliy Haq&#8221; saylav blok\u0131&nbsp;<\/strong>(Q\u0131r\u0131mtatarlar tarih\u0131 ve medeniyeti tedqiqat\u00e7\u0131lar\u0131n\u0131\u00f1 birligi, &#8220;Evl\u00e2t&#8221; Aqmescit \u015feer cemaat te\u015fkil\u00e2t\u0131, &#8220;Ba\u011f\u00e7asaray \u015feerini regional inki\u015faf ettir\u00fcv agentligi&#8221;, &#8220;Ocalar ke\u00f1e\u015fi&#8221; cemaat te\u015fkil\u00e2t\u0131, &#8220;Milleks&#8221; cemaat te\u015fkil\u00e2t\u0131, &#8220;Q\u0131r\u0131m gazetas\u0131 muarririyeti&#8221; cemaat te\u015fkil\u00e2t\u0131, &#8220;Q\u0131r\u0131m inki\u015faf\u0131 vaquf\u0131&#8221; cemaat te\u015fkil\u00e2t\u0131&#8221;)<br><br><strong>\u2116 10 \u2013 Qarda\u015fl\u0131q-Qarasu \u2013 Q\u0131r\u0131mtatar Ya\u015flar Merkezi (KMTs) saylav blok\u0131;<br><br>\u2116 11 \u2013 &#8220;K\u00fcre\u015f&#8221; Q\u0131r\u0131m milliy k\u00fcre\u015f federatsiyas\u0131&#8221; cemaat te\u015fkil\u00e2t\u0131;<br><br>\u2116 12 \u2013 &#8220;Arqada\u015f&#8221; uquqqor\u00e7alay\u0131c\u0131 cemaat te\u015fkil\u00e2t\u0131;<br><br>\u2116 13 \u2013 &#8220;Azatl\u0131q&#8221; saylav blok\u0131&nbsp;<\/strong>( &#8220;Azatl\u0131q&#8221; Q\u0131r\u0131mtatar uquqqor\u00e7alay\u0131c\u0131 te\u015fkil\u00e2t, &#8220;Borazan&#8221; informatsion-yar\u0131qland\u0131ruv merkezi&#8221;, &#8220;Tayan\u00e7&#8221; cemaat te\u015fkil\u00e2t\u0131, &#8220;\u0130nsaf&#8221; cemaat te\u015fkil\u00e2t\u0131).<br><br><strong>\u2116 14 \u2013 &#8220;Q\u0131r\u0131mtatar qad\u0131nlar birligi&#8221; cemaat te\u015fkil\u00e2t\u0131.<\/strong><br><br><br>Kura \u00e7ekilgen so\u00f1 te\u015fkil\u00e2t ve bloklarn\u0131\u00f1 vekilleri saylav ceryan\u0131nda neler yasaq etilgeni ve musaade etilgeni husus\u0131nda \u00f6z fikir-mul\u00e2azalar\u0131n\u0131 bildirdiler. Q\u0131r\u0131mtatar qad\u0131nlar birligini\u00f1 reisi ATRde Qurultay\u011fa saylavlar reklamas\u0131 tek rus tilinde degil, q\u0131r\u0131mtatar tilinde olmaq kerek, degen teklif kirsetti.<\/p>\n\n\n\n<p>Topla\u015fuvn\u0131\u00f1 so\u00f1unda Merkeziy Saylav komissiyas\u0131n\u0131ye\u00f1 reisi Zair Smedl\u00e2yev saylavlar i\u015ftirak\u00e7ilerine muvafaqiyetler tilep, \u00f6z taraf\u0131ndan bu kampaniya &#8220;Qurultay delegatlar\u0131n\u0131 saylav nizamnamesi&#8221;ni\u00f1 talaplar\u0131 boyunca ke\u00e7mesi i\u00e7\u00fcn elinden kelecegini yapma\u011fa s\u00f6z berdi.<\/p>\n","protected":false},"excerpt":{"rendered":"<p>Merkeziy saylav komissiyas\u0131 te\u015fkil etken ve ke\u00e7irgen merasimde cedvelge al\u0131n\u011fan 14 te\u015fkil\u00e2t i\u015ftirak etti. Tedbir ba\u015flamazdan evel Q\u0131r\u0131m musulmanlar\u0131n\u0131\u00f1 m\u00fcftisi ac\u0131 Emirali Ablayev er keske saylavlarda ye\u00f1i\u015f qazanmaqn\u0131 tilep, saylavlar vaqt\u0131nda faqat musaade etilgen usullardan qullanmaqn\u0131 tevsiye etti. Bundan so\u00f1 Merkeziy saylav komissiyan\u0131\u00f1 ba\u015f\u0131 Zair Smedl\u00e2yev cedvelge al\u0131n\u011fan te\u015fkil\u00e2t ve bloklar\u011fa Qurultay delegatl\u0131\u011f\u0131na namzetlik \u015feadetnamelerini [&hellip;]<\/p>\n","protected":false},"author":1,"featured_media":0,"comment_status":"open","ping_status":"open","sticky":false,"template":"","format":"standard","meta":{"inline_featured_image":false,"footnotes":""},"categories":[265],"tags":[],"class_list":["post-36385","post","type-post","status-publish","format-standard","hentry","category-haberler"],"acf":[],"yoast_head":"<!-- This site is optimized with the Yoast SEO plugin v27.4 - https:\/\/yoast.com\/product\/yoast-seo-wordpress\/ -->\n<title>Saylav b\u00fclletenlerinde te\u015fkil\u00e2tlarn\u0131\u00f1 s\u0131ras\u0131 belgilendi - \u041c\u0435\u0434\u0436\u043b\u0456\u0441<\/title>\n<meta name=\"robots\" content=\"index, follow, max-snippet:-1, max-image-preview:large, max-video-preview:-1\" \/>\n<link rel=\"canonical\" href=\"https:\/\/qtmm.org\/qt\/saylav-bulletenlerinde-teskilatlarnin-sirasi-belgilendi\/\" \/>\n<meta property=\"og:locale\" content=\"en_US\" \/>\n<meta property=\"og:type\" content=\"article\" \/>\n<meta property=\"og:title\" content=\"Saylav b\u00fclletenlerinde te\u015fkil\u00e2tlarn\u0131\u00f1 s\u0131ras\u0131 belgilendi - \u041c\u0435\u0434\u0436\u043b\u0456\u0441\" \/>\n<meta property=\"og:description\" content=\"Merkeziy saylav komissiyas\u0131 te\u015fkil etken ve ke\u00e7irgen merasimde cedvelge al\u0131n\u011fan 14 te\u015fkil\u00e2t i\u015ftirak etti. Tedbir ba\u015flamazdan evel Q\u0131r\u0131m musulmanlar\u0131n\u0131\u00f1 m\u00fcftisi ac\u0131 Emirali Ablayev er keske saylavlarda ye\u00f1i\u015f qazanmaqn\u0131 tilep, saylavlar vaqt\u0131nda faqat musaade etilgen usullardan qullanmaqn\u0131 tevsiye etti. Bundan so\u00f1 Merkeziy saylav komissiyan\u0131\u00f1 ba\u015f\u0131 Zair Smedl\u00e2yev cedvelge al\u0131n\u011fan te\u015fkil\u00e2t ve bloklar\u011fa Qurultay delegatl\u0131\u011f\u0131na namzetlik \u015feadetnamelerini [&hellip;]\" \/>\n<meta property=\"og:url\" content=\"https:\/\/qtmm.org\/qt\/saylav-bulletenlerinde-teskilatlarnin-sirasi-belgilendi\/\" \/>\n<meta property=\"og:site_name\" content=\"\u041c\u0435\u0434\u0436\u043b\u0456\u0441\" \/>\n<meta property=\"article:publisher\" content=\"https:\/\/www.facebook.com\/qtmm.info\/\" \/>\n<meta property=\"article:published_time\" content=\"2013-04-04T15:25:00+00:00\" \/>\n<meta property=\"article:modified_time\" content=\"2022-01-23T15:25:55+00:00\" \/>\n<meta name=\"author\" content=\"Developer\" \/>\n<meta name=\"twitter:card\" content=\"summary_large_image\" \/>\n<meta name=\"twitter:label1\" content=\"Written by\" \/>\n\t<meta name=\"twitter:data1\" content=\"Developer\" \/>\n\t<meta name=\"twitter:label2\" content=\"Est. reading time\" \/>\n\t<meta name=\"twitter:data2\" content=\"2 minutes\" \/>\n<script type=\"application\/ld+json\" class=\"yoast-schema-graph\">{\"@context\":\"https:\\\/\\\/schema.org\",\"@graph\":[{\"@type\":\"Article\",\"@id\":\"https:\\\/\\\/qtmm.org\\\/qt\\\/saylav-bulletenlerinde-teskilatlarnin-sirasi-belgilendi\\\/#article\",\"isPartOf\":{\"@id\":\"https:\\\/\\\/qtmm.org\\\/qt\\\/saylav-bulletenlerinde-teskilatlarnin-sirasi-belgilendi\\\/\"},\"author\":{\"name\":\"Developer\",\"@id\":\"https:\\\/\\\/qtmm.org\\\/qt\\\/#\\\/schema\\\/person\\\/de562469f971dec226ac06e60bbf74a7\"},\"headline\":\"Saylav b\u00fclletenlerinde te\u015fkil\u00e2tlarn\u0131\u00f1 s\u0131ras\u0131 belgilendi\",\"datePublished\":\"2013-04-04T15:25:00+00:00\",\"dateModified\":\"2022-01-23T15:25:55+00:00\",\"mainEntityOfPage\":{\"@id\":\"https:\\\/\\\/qtmm.org\\\/qt\\\/saylav-bulletenlerinde-teskilatlarnin-sirasi-belgilendi\\\/\"},\"wordCount\":434,\"commentCount\":0,\"publisher\":{\"@id\":\"https:\\\/\\\/qtmm.org\\\/qt\\\/#organization\"},\"articleSection\":[\"Haberler\"],\"inLanguage\":\"qt\",\"potentialAction\":[{\"@type\":\"CommentAction\",\"name\":\"Comment\",\"target\":[\"https:\\\/\\\/qtmm.org\\\/qt\\\/saylav-bulletenlerinde-teskilatlarnin-sirasi-belgilendi\\\/#respond\"]}]},{\"@type\":\"WebPage\",\"@id\":\"https:\\\/\\\/qtmm.org\\\/qt\\\/saylav-bulletenlerinde-teskilatlarnin-sirasi-belgilendi\\\/\",\"url\":\"https:\\\/\\\/qtmm.org\\\/qt\\\/saylav-bulletenlerinde-teskilatlarnin-sirasi-belgilendi\\\/\",\"name\":\"Saylav b\u00fclletenlerinde te\u015fkil\u00e2tlarn\u0131\u00f1 s\u0131ras\u0131 belgilendi - \u041c\u0435\u0434\u0436\u043b\u0456\u0441\",\"isPartOf\":{\"@id\":\"https:\\\/\\\/qtmm.org\\\/qt\\\/#website\"},\"datePublished\":\"2013-04-04T15:25:00+00:00\",\"dateModified\":\"2022-01-23T15:25:55+00:00\",\"breadcrumb\":{\"@id\":\"https:\\\/\\\/qtmm.org\\\/qt\\\/saylav-bulletenlerinde-teskilatlarnin-sirasi-belgilendi\\\/#breadcrumb\"},\"inLanguage\":\"qt\",\"potentialAction\":[{\"@type\":\"ReadAction\",\"target\":[\"https:\\\/\\\/qtmm.org\\\/qt\\\/saylav-bulletenlerinde-teskilatlarnin-sirasi-belgilendi\\\/\"]}]},{\"@type\":\"BreadcrumbList\",\"@id\":\"https:\\\/\\\/qtmm.org\\\/qt\\\/saylav-bulletenlerinde-teskilatlarnin-sirasi-belgilendi\\\/#breadcrumb\",\"itemListElement\":[{\"@type\":\"ListItem\",\"position\":1,\"name\":\"\u0413\u043e\u043b\u043e\u0432\u043d\u0430\",\"item\":\"https:\\\/\\\/qtmm.org\\\/qt\\\/\"},{\"@type\":\"ListItem\",\"position\":2,\"name\":\"Saylav b\u00fclletenlerinde te\u015fkil\u00e2tlarn\u0131\u00f1 s\u0131ras\u0131 belgilendi\"}]},{\"@type\":\"WebSite\",\"@id\":\"https:\\\/\\\/qtmm.org\\\/qt\\\/#website\",\"url\":\"https:\\\/\\\/qtmm.org\\\/qt\\\/\",\"name\":\"\u041c\u0435\u0434\u0436\u043b\u0456\u0441\",\"description\":\"\",\"publisher\":{\"@id\":\"https:\\\/\\\/qtmm.org\\\/qt\\\/#organization\"},\"potentialAction\":[{\"@type\":\"SearchAction\",\"target\":{\"@type\":\"EntryPoint\",\"urlTemplate\":\"https:\\\/\\\/qtmm.org\\\/qt\\\/?s={search_term_string}\"},\"query-input\":{\"@type\":\"PropertyValueSpecification\",\"valueRequired\":true,\"valueName\":\"search_term_string\"}}],\"inLanguage\":\"qt\"},{\"@type\":\"Organization\",\"@id\":\"https:\\\/\\\/qtmm.org\\\/qt\\\/#organization\",\"name\":\"\u041c\u0435\u0434\u0436\u043b\u0456\u0441\",\"url\":\"https:\\\/\\\/qtmm.org\\\/qt\\\/\",\"logo\":{\"@type\":\"ImageObject\",\"inLanguage\":\"qt\",\"@id\":\"https:\\\/\\\/qtmm.org\\\/qt\\\/#\\\/schema\\\/logo\\\/image\\\/\",\"url\":\"https:\\\/\\\/qtmm.org\\\/wp-content\\\/uploads\\\/2024\\\/12\\\/ua-mejlis-logo-rgb.svg\",\"contentUrl\":\"https:\\\/\\\/qtmm.org\\\/wp-content\\\/uploads\\\/2024\\\/12\\\/ua-mejlis-logo-rgb.svg\",\"caption\":\"\u041c\u0435\u0434\u0436\u043b\u0456\u0441\"},\"image\":{\"@id\":\"https:\\\/\\\/qtmm.org\\\/qt\\\/#\\\/schema\\\/logo\\\/image\\\/\"},\"sameAs\":[\"https:\\\/\\\/www.facebook.com\\\/qtmm.info\\\/\"]},{\"@type\":\"Person\",\"@id\":\"https:\\\/\\\/qtmm.org\\\/qt\\\/#\\\/schema\\\/person\\\/de562469f971dec226ac06e60bbf74a7\",\"name\":\"Developer\",\"image\":{\"@type\":\"ImageObject\",\"inLanguage\":\"qt\",\"@id\":\"https:\\\/\\\/secure.gravatar.com\\\/avatar\\\/392b4cc8fbfeb00b39dfeeab4ee6edded39ffd48e25858637e4765810300227e?s=96&d=mm&r=g\",\"url\":\"https:\\\/\\\/secure.gravatar.com\\\/avatar\\\/392b4cc8fbfeb00b39dfeeab4ee6edded39ffd48e25858637e4765810300227e?s=96&d=mm&r=g\",\"contentUrl\":\"https:\\\/\\\/secure.gravatar.com\\\/avatar\\\/392b4cc8fbfeb00b39dfeeab4ee6edded39ffd48e25858637e4765810300227e?s=96&d=mm&r=g\",\"caption\":\"Developer\"},\"url\":\"https:\\\/\\\/qtmm.org\\\/qt\\\/author\\\/Developer\\\/\"}]}<\/script>\n<!-- \/ Yoast SEO plugin. -->","yoast_head_json":{"title":"Saylav b\u00fclletenlerinde te\u015fkil\u00e2tlarn\u0131\u00f1 s\u0131ras\u0131 belgilendi - \u041c\u0435\u0434\u0436\u043b\u0456\u0441","robots":{"index":"index","follow":"follow","max-snippet":"max-snippet:-1","max-image-preview":"max-image-preview:large","max-video-preview":"max-video-preview:-1"},"canonical":"https:\/\/qtmm.org\/qt\/saylav-bulletenlerinde-teskilatlarnin-sirasi-belgilendi\/","og_locale":"en_US","og_type":"article","og_title":"Saylav b\u00fclletenlerinde te\u015fkil\u00e2tlarn\u0131\u00f1 s\u0131ras\u0131 belgilendi - \u041c\u0435\u0434\u0436\u043b\u0456\u0441","og_description":"Merkeziy saylav komissiyas\u0131 te\u015fkil etken ve ke\u00e7irgen merasimde cedvelge al\u0131n\u011fan 14 te\u015fkil\u00e2t i\u015ftirak etti. Tedbir ba\u015flamazdan evel Q\u0131r\u0131m musulmanlar\u0131n\u0131\u00f1 m\u00fcftisi ac\u0131 Emirali Ablayev er keske saylavlarda ye\u00f1i\u015f qazanmaqn\u0131 tilep, saylavlar vaqt\u0131nda faqat musaade etilgen usullardan qullanmaqn\u0131 tevsiye etti. Bundan so\u00f1 Merkeziy saylav komissiyan\u0131\u00f1 ba\u015f\u0131 Zair Smedl\u00e2yev cedvelge al\u0131n\u011fan te\u015fkil\u00e2t ve bloklar\u011fa Qurultay delegatl\u0131\u011f\u0131na namzetlik \u015feadetnamelerini [&hellip;]","og_url":"https:\/\/qtmm.org\/qt\/saylav-bulletenlerinde-teskilatlarnin-sirasi-belgilendi\/","og_site_name":"\u041c\u0435\u0434\u0436\u043b\u0456\u0441","article_publisher":"https:\/\/www.facebook.com\/qtmm.info\/","article_published_time":"2013-04-04T15:25:00+00:00","article_modified_time":"2022-01-23T15:25:55+00:00","author":"Developer","twitter_card":"summary_large_image","twitter_misc":{"Written by":"Developer","Est. reading time":"2 minutes"},"schema":{"@context":"https:\/\/schema.org","@graph":[{"@type":"Article","@id":"https:\/\/qtmm.org\/qt\/saylav-bulletenlerinde-teskilatlarnin-sirasi-belgilendi\/#article","isPartOf":{"@id":"https:\/\/qtmm.org\/qt\/saylav-bulletenlerinde-teskilatlarnin-sirasi-belgilendi\/"},"author":{"name":"Developer","@id":"https:\/\/qtmm.org\/qt\/#\/schema\/person\/de562469f971dec226ac06e60bbf74a7"},"headline":"Saylav b\u00fclletenlerinde te\u015fkil\u00e2tlarn\u0131\u00f1 s\u0131ras\u0131 belgilendi","datePublished":"2013-04-04T15:25:00+00:00","dateModified":"2022-01-23T15:25:55+00:00","mainEntityOfPage":{"@id":"https:\/\/qtmm.org\/qt\/saylav-bulletenlerinde-teskilatlarnin-sirasi-belgilendi\/"},"wordCount":434,"commentCount":0,"publisher":{"@id":"https:\/\/qtmm.org\/qt\/#organization"},"articleSection":["Haberler"],"inLanguage":"qt","potentialAction":[{"@type":"CommentAction","name":"Comment","target":["https:\/\/qtmm.org\/qt\/saylav-bulletenlerinde-teskilatlarnin-sirasi-belgilendi\/#respond"]}]},{"@type":"WebPage","@id":"https:\/\/qtmm.org\/qt\/saylav-bulletenlerinde-teskilatlarnin-sirasi-belgilendi\/","url":"https:\/\/qtmm.org\/qt\/saylav-bulletenlerinde-teskilatlarnin-sirasi-belgilendi\/","name":"Saylav b\u00fclletenlerinde te\u015fkil\u00e2tlarn\u0131\u00f1 s\u0131ras\u0131 belgilendi - \u041c\u0435\u0434\u0436\u043b\u0456\u0441","isPartOf":{"@id":"https:\/\/qtmm.org\/qt\/#website"},"datePublished":"2013-04-04T15:25:00+00:00","dateModified":"2022-01-23T15:25:55+00:00","breadcrumb":{"@id":"https:\/\/qtmm.org\/qt\/saylav-bulletenlerinde-teskilatlarnin-sirasi-belgilendi\/#breadcrumb"},"inLanguage":"qt","potentialAction":[{"@type":"ReadAction","target":["https:\/\/qtmm.org\/qt\/saylav-bulletenlerinde-teskilatlarnin-sirasi-belgilendi\/"]}]},{"@type":"BreadcrumbList","@id":"https:\/\/qtmm.org\/qt\/saylav-bulletenlerinde-teskilatlarnin-sirasi-belgilendi\/#breadcrumb","itemListElement":[{"@type":"ListItem","position":1,"name":"\u0413\u043e\u043b\u043e\u0432\u043d\u0430","item":"https:\/\/qtmm.org\/qt\/"},{"@type":"ListItem","position":2,"name":"Saylav b\u00fclletenlerinde te\u015fkil\u00e2tlarn\u0131\u00f1 s\u0131ras\u0131 belgilendi"}]},{"@type":"WebSite","@id":"https:\/\/qtmm.org\/qt\/#website","url":"https:\/\/qtmm.org\/qt\/","name":"\u041c\u0435\u0434\u0436\u043b\u0456\u0441","description":"","publisher":{"@id":"https:\/\/qtmm.org\/qt\/#organization"},"potentialAction":[{"@type":"SearchAction","target":{"@type":"EntryPoint","urlTemplate":"https:\/\/qtmm.org\/qt\/?s={search_term_string}"},"query-input":{"@type":"PropertyValueSpecification","valueRequired":true,"valueName":"search_term_string"}}],"inLanguage":"qt"},{"@type":"Organization","@id":"https:\/\/qtmm.org\/qt\/#organization","name":"\u041c\u0435\u0434\u0436\u043b\u0456\u0441","url":"https:\/\/qtmm.org\/qt\/","logo":{"@type":"ImageObject","inLanguage":"qt","@id":"https:\/\/qtmm.org\/qt\/#\/schema\/logo\/image\/","url":"https:\/\/qtmm.org\/wp-content\/uploads\/2024\/12\/ua-mejlis-logo-rgb.svg","contentUrl":"https:\/\/qtmm.org\/wp-content\/uploads\/2024\/12\/ua-mejlis-logo-rgb.svg","caption":"\u041c\u0435\u0434\u0436\u043b\u0456\u0441"},"image":{"@id":"https:\/\/qtmm.org\/qt\/#\/schema\/logo\/image\/"},"sameAs":["https:\/\/www.facebook.com\/qtmm.info\/"]},{"@type":"Person","@id":"https:\/\/qtmm.org\/qt\/#\/schema\/person\/de562469f971dec226ac06e60bbf74a7","name":"Developer","image":{"@type":"ImageObject","inLanguage":"qt","@id":"https:\/\/secure.gravatar.com\/avatar\/392b4cc8fbfeb00b39dfeeab4ee6edded39ffd48e25858637e4765810300227e?s=96&d=mm&r=g","url":"https:\/\/secure.gravatar.com\/avatar\/392b4cc8fbfeb00b39dfeeab4ee6edded39ffd48e25858637e4765810300227e?s=96&d=mm&r=g","contentUrl":"https:\/\/secure.gravatar.com\/avatar\/392b4cc8fbfeb00b39dfeeab4ee6edded39ffd48e25858637e4765810300227e?s=96&d=mm&r=g","caption":"Developer"},"url":"https:\/\/qtmm.org\/qt\/author\/Developer\/"}]}},"_links":{"self":[{"href":"https:\/\/qtmm.org\/qt\/wp-json\/wp\/v2\/posts\/36385","targetHints":{"allow":["GET"]}}],"collection":[{"href":"https:\/\/qtmm.org\/qt\/wp-json\/wp\/v2\/posts"}],"about":[{"href":"https:\/\/qtmm.org\/qt\/wp-json\/wp\/v2\/types\/post"}],"author":[{"embeddable":true,"href":"https:\/\/qtmm.org\/qt\/wp-json\/wp\/v2\/users\/1"}],"replies":[{"embeddable":true,"href":"https:\/\/qtmm.org\/qt\/wp-json\/wp\/v2\/comments?post=36385"}],"version-history":[{"count":1,"href":"https:\/\/qtmm.org\/qt\/wp-json\/wp\/v2\/posts\/36385\/revisions"}],"predecessor-version":[{"id":36386,"href":"https:\/\/qtmm.org\/qt\/wp-json\/wp\/v2\/posts\/36385\/revisions\/36386"}],"wp:attachment":[{"href":"https:\/\/qtmm.org\/qt\/wp-json\/wp\/v2\/media?parent=36385"}],"wp:term":[{"taxonomy":"category","embeddable":true,"href":"https:\/\/qtmm.org\/qt\/wp-json\/wp\/v2\/categories?post=36385"},{"taxonomy":"post_tag","embeddable":true,"href":"https:\/\/qtmm.org\/qt\/wp-json\/wp\/v2\/tags?post=36385"}],"curies":[{"name":"wp","href":"https:\/\/api.w.org\/{rel}","templated":true}]}}