




{"id":36367,"date":"2013-04-03T18:23:00","date_gmt":"2013-04-03T15:23:00","guid":{"rendered":"http:\/\/qtmm.org\/?p=36367"},"modified":"2022-01-23T18:25:00","modified_gmt":"2022-01-23T15:25:00","slug":"halqara-cumhuriyet-institutinin-vekilleri-qurultay-delegatlarini-saylavda-nezaretci-sifatinda-istirak-etecekler","status":"publish","type":"post","link":"https:\/\/qtmm.org\/qt\/halqara-cumhuriyet-institutinin-vekilleri-qurultay-delegatlarini-saylavda-nezaretci-sifatinda-istirak-etecekler\/","title":{"rendered":"Halqara Cumhuriyet institut\u0131n\u0131\u00f1 vekilleri Qurultay delegatlar\u0131n\u0131 saylavda nezaret\u00e7i s\u0131fat\u0131nda i\u015ftirak etecekler"},"content":{"rendered":"\n<p>Q\u0131r\u0131mda Meclis reisini\u00f1 birinci muavini Refat \u00c7ubarov Ukrainada Halqara Cumhuriyet institut\u0131 programmalar\u0131n\u0131\u00f1 direktor\u0131 Maykl Drakmen ile k\u00f6r\u00fc\u015fti.<\/p>\n\n\n\n<p>Onda Qurultay Merkeziy Saylav komissiyas\u0131n\u0131\u00f1 reisi Zair Smedl\u00e2yev, Meclisni\u00f1 t\u0131\u015f al\u00e2qalar b\u00f6l\u00fcgini\u00f1 ba\u015f\u0131 Ali Hamzin ve bun\u0131\u00f1 kibi de Ukrainada Halqara Cumhuriyet institut\u0131 regional programmalar\u0131n\u0131\u00f1 yolba\u015f\u00e7\u0131lar\u0131 Aleksandr Sputay ve Konstantin Ploskiy bulund\u0131lar.<\/p>\n\n\n\n<p>K\u00f6r\u00fc\u015f\u00fcvni\u00f1 ba\u015f\u0131nda Refat \u00c7ubarov q\u0131r\u0131mtatar milliy areketini\u00f1 tarih\u0131nda toqtal\u0131p, q\u0131r\u0131mtatarlarn\u0131\u00f1 Ekinci qurultay\u0131, Meclis faaliyeti ve olacaq saylavlar aqq\u0131nda tafsil\u00e2tl\u0131 ik\u00e2ye etti ve institut vekillerine milliy qurultay delegatlar\u0131n\u0131 saylavda halqara nezaret\u00e7iler s\u0131fat\u0131nda i\u015ftirak etmekni teklif etti.<\/p>\n\n\n\n<p>Maykl Drakmen milliy qurultay delegatlar\u0131n\u0131 saylavda halqara nezaret\u00e7i olaraq i\u015ftirak etmege raz\u0131l\u0131q berip, saylav kriteriylerinen meraqland\u0131.<\/p>\n\n\n\n<figure class=\"wp-block-image size-full\"><img loading=\"lazy\" decoding=\"async\" width=\"650\" height=\"400\" src=\"http:\/\/qtmm.org\/wp-content\/uploads\/2022\/01\/img_1482.jpeg\" alt=\"\" class=\"wp-image-36372\" srcset=\"https:\/\/qtmm.org\/wp-content\/uploads\/2022\/01\/img_1482.jpeg 650w, https:\/\/qtmm.org\/wp-content\/uploads\/2022\/01\/img_1482-300x185.jpeg 300w\" sizes=\"auto, (max-width: 650px) 100vw, 650px\" \/><\/figure>\n\n\n\n<p>&#8220;B\u00f6yle saylavlarda biz evel i\u00e7 i\u015ftirak etmegen edik, amma pek meraqlanam\u0131z ve memn\u00fcnliknen yard\u0131mc\u0131 olurm\u0131z&#8221;, &#8211; dedi cenap Drakmen.<\/p>\n\n\n\n<p>Meclis vekillerine h\u0131tap eterek o, c\u00fcmleden \u015f\u00f6yle dedi: &#8220;eger istese\u00f1iz Kiyevge qaytqan so\u00f1 men ba\u015fqa halqara te\u015fkil\u00e2tlar\u0131na Qurultay delegatlar\u0131n\u0131 saylavda nezaret\u00e7i olaraq i\u015ftirak etmekni teklif eterim&#8221;.<\/p>\n\n\n\n<figure class=\"wp-block-image size-full\"><img loading=\"lazy\" decoding=\"async\" width=\"650\" height=\"400\" src=\"http:\/\/qtmm.org\/wp-content\/uploads\/2022\/01\/img_1489.jpeg\" alt=\"\" class=\"wp-image-36376\" srcset=\"https:\/\/qtmm.org\/wp-content\/uploads\/2022\/01\/img_1489.jpeg 650w, https:\/\/qtmm.org\/wp-content\/uploads\/2022\/01\/img_1489-300x185.jpeg 300w\" sizes=\"auto, (max-width: 650px) 100vw, 650px\" \/><\/figure>\n\n\n\n<p>Bu\u00f1a cevaplan\u011fan Qurultay Merkeziy saylav komissiyas\u0131n\u0131\u00f1 reisi Zair Smedl\u00e2yev musafirlerge beraber \u00e7al\u0131\u015fmaq istekleri i\u00e7\u00fcn te\u015fekk\u00fcr bildirdi.<\/p>\n\n\n\n<p>Bun\u0131\u00f1 kibi de k\u00f6r\u00fc\u015f\u00fcv devam\u0131nda Maykl Drakmen Q\u0131r\u0131mda ke\u00e7enlerde \u00f6tkerilgen fokus gruppalar aqq\u0131nda haber etip, onda respondent s\u0131fat\u0131nda q\u0131r\u0131mtatar gen\u00e7leri i\u015ftirak etkenini aytt\u0131. Ukrainada Halqara Cumhuriyet institut\u0131 programmalar\u0131n\u0131\u00f1 direktor\u0131 Maykl Drakmen Meclis vekilleri i\u00e7\u00fcn de b\u00f6yle sorav ke\u00e7irmekni teklif etti.<\/p>\n\n\n\n<p>K\u00f6r\u00fc\u015f\u00fcvni\u00f1 so\u00f1unda taraflar kelecekte de i\u015fbirlikni devam ettirmekni a\u00f1la\u015ft\u0131lar.<\/p>\n\n\n\n<figure class=\"wp-block-image size-full\"><img loading=\"lazy\" decoding=\"async\" width=\"650\" height=\"400\" src=\"http:\/\/qtmm.org\/wp-content\/uploads\/2022\/01\/img_1491.jpeg\" alt=\"\" class=\"wp-image-36380\" srcset=\"https:\/\/qtmm.org\/wp-content\/uploads\/2022\/01\/img_1491.jpeg 650w, https:\/\/qtmm.org\/wp-content\/uploads\/2022\/01\/img_1491-300x185.jpeg 300w\" sizes=\"auto, (max-width: 650px) 100vw, 650px\" \/><\/figure>\n","protected":false},"excerpt":{"rendered":"<p>Q\u0131r\u0131mda Meclis reisini\u00f1 birinci muavini Refat \u00c7ubarov Ukrainada Halqara Cumhuriyet institut\u0131 programmalar\u0131n\u0131\u00f1 direktor\u0131 Maykl Drakmen ile k\u00f6r\u00fc\u015fti. Onda Qurultay Merkeziy Saylav komissiyas\u0131n\u0131\u00f1 reisi Zair Smedl\u00e2yev, Meclisni\u00f1 t\u0131\u015f al\u00e2qalar b\u00f6l\u00fcgini\u00f1 ba\u015f\u0131 Ali Hamzin ve bun\u0131\u00f1 kibi de Ukrainada Halqara Cumhuriyet institut\u0131 regional programmalar\u0131n\u0131\u00f1 yolba\u015f\u00e7\u0131lar\u0131 Aleksandr Sputay ve Konstantin Ploskiy bulund\u0131lar. K\u00f6r\u00fc\u015f\u00fcvni\u00f1 ba\u015f\u0131nda Refat \u00c7ubarov q\u0131r\u0131mtatar milliy [&hellip;]<\/p>\n","protected":false},"author":1,"featured_media":36368,"comment_status":"open","ping_status":"open","sticky":false,"template":"","format":"standard","meta":{"inline_featured_image":false,"footnotes":""},"categories":[265],"tags":[],"class_list":["post-36367","post","type-post","status-publish","format-standard","has-post-thumbnail","hentry","category-haberler"],"acf":[],"yoast_head":"<!-- This site is optimized with the Yoast SEO plugin v27.4 - https:\/\/yoast.com\/product\/yoast-seo-wordpress\/ -->\n<title>Halqara Cumhuriyet institut\u0131n\u0131\u00f1 vekilleri Qurultay delegatlar\u0131n\u0131 saylavda nezaret\u00e7i s\u0131fat\u0131nda i\u015ftirak etecekler - \u041c\u0435\u0434\u0436\u043b\u0456\u0441<\/title>\n<meta name=\"robots\" content=\"index, follow, max-snippet:-1, max-image-preview:large, max-video-preview:-1\" \/>\n<link rel=\"canonical\" href=\"https:\/\/qtmm.org\/qt\/halqara-cumhuriyet-institutinin-vekilleri-qurultay-delegatlarini-saylavda-nezaretci-sifatinda-istirak-etecekler\/\" \/>\n<meta property=\"og:locale\" content=\"en_US\" \/>\n<meta property=\"og:type\" content=\"article\" \/>\n<meta property=\"og:title\" content=\"Halqara Cumhuriyet institut\u0131n\u0131\u00f1 vekilleri Qurultay delegatlar\u0131n\u0131 saylavda nezaret\u00e7i s\u0131fat\u0131nda i\u015ftirak etecekler - \u041c\u0435\u0434\u0436\u043b\u0456\u0441\" \/>\n<meta property=\"og:description\" content=\"Q\u0131r\u0131mda Meclis reisini\u00f1 birinci muavini Refat \u00c7ubarov Ukrainada Halqara Cumhuriyet institut\u0131 programmalar\u0131n\u0131\u00f1 direktor\u0131 Maykl Drakmen ile k\u00f6r\u00fc\u015fti. Onda Qurultay Merkeziy Saylav komissiyas\u0131n\u0131\u00f1 reisi Zair Smedl\u00e2yev, Meclisni\u00f1 t\u0131\u015f al\u00e2qalar b\u00f6l\u00fcgini\u00f1 ba\u015f\u0131 Ali Hamzin ve bun\u0131\u00f1 kibi de Ukrainada Halqara Cumhuriyet institut\u0131 regional programmalar\u0131n\u0131\u00f1 yolba\u015f\u00e7\u0131lar\u0131 Aleksandr Sputay ve Konstantin Ploskiy bulund\u0131lar. K\u00f6r\u00fc\u015f\u00fcvni\u00f1 ba\u015f\u0131nda Refat \u00c7ubarov q\u0131r\u0131mtatar milliy [&hellip;]\" \/>\n<meta property=\"og:url\" content=\"https:\/\/qtmm.org\/qt\/halqara-cumhuriyet-institutinin-vekilleri-qurultay-delegatlarini-saylavda-nezaretci-sifatinda-istirak-etecekler\/\" \/>\n<meta property=\"og:site_name\" content=\"\u041c\u0435\u0434\u0436\u043b\u0456\u0441\" \/>\n<meta property=\"article:publisher\" content=\"https:\/\/www.facebook.com\/qtmm.info\/\" \/>\n<meta property=\"article:published_time\" content=\"2013-04-03T15:23:00+00:00\" \/>\n<meta property=\"article:modified_time\" content=\"2022-01-23T15:25:00+00:00\" \/>\n<meta property=\"og:image\" content=\"https:\/\/qtmm.org\/wp-content\/uploads\/2022\/01\/img_1480.jpeg\" \/>\n\t<meta property=\"og:image:width\" content=\"650\" \/>\n\t<meta property=\"og:image:height\" content=\"400\" \/>\n\t<meta property=\"og:image:type\" content=\"image\/jpeg\" \/>\n<meta name=\"author\" content=\"Developer\" \/>\n<meta name=\"twitter:card\" content=\"summary_large_image\" \/>\n<meta name=\"twitter:label1\" content=\"Written by\" \/>\n\t<meta name=\"twitter:data1\" content=\"Developer\" \/>\n\t<meta name=\"twitter:label2\" content=\"Est. reading time\" \/>\n\t<meta name=\"twitter:data2\" content=\"1 minute\" \/>\n<script type=\"application\/ld+json\" class=\"yoast-schema-graph\">{\"@context\":\"https:\\\/\\\/schema.org\",\"@graph\":[{\"@type\":\"Article\",\"@id\":\"https:\\\/\\\/qtmm.org\\\/qt\\\/halqara-cumhuriyet-institutinin-vekilleri-qurultay-delegatlarini-saylavda-nezaretci-sifatinda-istirak-etecekler\\\/#article\",\"isPartOf\":{\"@id\":\"https:\\\/\\\/qtmm.org\\\/qt\\\/halqara-cumhuriyet-institutinin-vekilleri-qurultay-delegatlarini-saylavda-nezaretci-sifatinda-istirak-etecekler\\\/\"},\"author\":{\"name\":\"Developer\",\"@id\":\"https:\\\/\\\/qtmm.org\\\/qt\\\/#\\\/schema\\\/person\\\/de562469f971dec226ac06e60bbf74a7\"},\"headline\":\"Halqara Cumhuriyet institut\u0131n\u0131\u00f1 vekilleri Qurultay delegatlar\u0131n\u0131 saylavda nezaret\u00e7i s\u0131fat\u0131nda i\u015ftirak etecekler\",\"datePublished\":\"2013-04-03T15:23:00+00:00\",\"dateModified\":\"2022-01-23T15:25:00+00:00\",\"mainEntityOfPage\":{\"@id\":\"https:\\\/\\\/qtmm.org\\\/qt\\\/halqara-cumhuriyet-institutinin-vekilleri-qurultay-delegatlarini-saylavda-nezaretci-sifatinda-istirak-etecekler\\\/\"},\"wordCount\":310,\"commentCount\":0,\"publisher\":{\"@id\":\"https:\\\/\\\/qtmm.org\\\/qt\\\/#organization\"},\"image\":{\"@id\":\"https:\\\/\\\/qtmm.org\\\/qt\\\/halqara-cumhuriyet-institutinin-vekilleri-qurultay-delegatlarini-saylavda-nezaretci-sifatinda-istirak-etecekler\\\/#primaryimage\"},\"thumbnailUrl\":\"https:\\\/\\\/qtmm.org\\\/wp-content\\\/uploads\\\/2022\\\/01\\\/img_1480.jpeg\",\"articleSection\":[\"Haberler\"],\"inLanguage\":\"qt\",\"potentialAction\":[{\"@type\":\"CommentAction\",\"name\":\"Comment\",\"target\":[\"https:\\\/\\\/qtmm.org\\\/qt\\\/halqara-cumhuriyet-institutinin-vekilleri-qurultay-delegatlarini-saylavda-nezaretci-sifatinda-istirak-etecekler\\\/#respond\"]}]},{\"@type\":\"WebPage\",\"@id\":\"https:\\\/\\\/qtmm.org\\\/qt\\\/halqara-cumhuriyet-institutinin-vekilleri-qurultay-delegatlarini-saylavda-nezaretci-sifatinda-istirak-etecekler\\\/\",\"url\":\"https:\\\/\\\/qtmm.org\\\/qt\\\/halqara-cumhuriyet-institutinin-vekilleri-qurultay-delegatlarini-saylavda-nezaretci-sifatinda-istirak-etecekler\\\/\",\"name\":\"Halqara Cumhuriyet institut\u0131n\u0131\u00f1 vekilleri Qurultay delegatlar\u0131n\u0131 saylavda nezaret\u00e7i s\u0131fat\u0131nda i\u015ftirak etecekler - \u041c\u0435\u0434\u0436\u043b\u0456\u0441\",\"isPartOf\":{\"@id\":\"https:\\\/\\\/qtmm.org\\\/qt\\\/#website\"},\"primaryImageOfPage\":{\"@id\":\"https:\\\/\\\/qtmm.org\\\/qt\\\/halqara-cumhuriyet-institutinin-vekilleri-qurultay-delegatlarini-saylavda-nezaretci-sifatinda-istirak-etecekler\\\/#primaryimage\"},\"image\":{\"@id\":\"https:\\\/\\\/qtmm.org\\\/qt\\\/halqara-cumhuriyet-institutinin-vekilleri-qurultay-delegatlarini-saylavda-nezaretci-sifatinda-istirak-etecekler\\\/#primaryimage\"},\"thumbnailUrl\":\"https:\\\/\\\/qtmm.org\\\/wp-content\\\/uploads\\\/2022\\\/01\\\/img_1480.jpeg\",\"datePublished\":\"2013-04-03T15:23:00+00:00\",\"dateModified\":\"2022-01-23T15:25:00+00:00\",\"breadcrumb\":{\"@id\":\"https:\\\/\\\/qtmm.org\\\/qt\\\/halqara-cumhuriyet-institutinin-vekilleri-qurultay-delegatlarini-saylavda-nezaretci-sifatinda-istirak-etecekler\\\/#breadcrumb\"},\"inLanguage\":\"qt\",\"potentialAction\":[{\"@type\":\"ReadAction\",\"target\":[\"https:\\\/\\\/qtmm.org\\\/qt\\\/halqara-cumhuriyet-institutinin-vekilleri-qurultay-delegatlarini-saylavda-nezaretci-sifatinda-istirak-etecekler\\\/\"]}]},{\"@type\":\"ImageObject\",\"inLanguage\":\"qt\",\"@id\":\"https:\\\/\\\/qtmm.org\\\/qt\\\/halqara-cumhuriyet-institutinin-vekilleri-qurultay-delegatlarini-saylavda-nezaretci-sifatinda-istirak-etecekler\\\/#primaryimage\",\"url\":\"https:\\\/\\\/qtmm.org\\\/wp-content\\\/uploads\\\/2022\\\/01\\\/img_1480.jpeg\",\"contentUrl\":\"https:\\\/\\\/qtmm.org\\\/wp-content\\\/uploads\\\/2022\\\/01\\\/img_1480.jpeg\",\"width\":650,\"height\":400},{\"@type\":\"BreadcrumbList\",\"@id\":\"https:\\\/\\\/qtmm.org\\\/qt\\\/halqara-cumhuriyet-institutinin-vekilleri-qurultay-delegatlarini-saylavda-nezaretci-sifatinda-istirak-etecekler\\\/#breadcrumb\",\"itemListElement\":[{\"@type\":\"ListItem\",\"position\":1,\"name\":\"\u0413\u043e\u043b\u043e\u0432\u043d\u0430\",\"item\":\"https:\\\/\\\/qtmm.org\\\/qt\\\/\"},{\"@type\":\"ListItem\",\"position\":2,\"name\":\"Halqara Cumhuriyet institut\u0131n\u0131\u00f1 vekilleri Qurultay delegatlar\u0131n\u0131 saylavda nezaret\u00e7i s\u0131fat\u0131nda i\u015ftirak etecekler\"}]},{\"@type\":\"WebSite\",\"@id\":\"https:\\\/\\\/qtmm.org\\\/qt\\\/#website\",\"url\":\"https:\\\/\\\/qtmm.org\\\/qt\\\/\",\"name\":\"\u041c\u0435\u0434\u0436\u043b\u0456\u0441\",\"description\":\"\",\"publisher\":{\"@id\":\"https:\\\/\\\/qtmm.org\\\/qt\\\/#organization\"},\"potentialAction\":[{\"@type\":\"SearchAction\",\"target\":{\"@type\":\"EntryPoint\",\"urlTemplate\":\"https:\\\/\\\/qtmm.org\\\/qt\\\/?s={search_term_string}\"},\"query-input\":{\"@type\":\"PropertyValueSpecification\",\"valueRequired\":true,\"valueName\":\"search_term_string\"}}],\"inLanguage\":\"qt\"},{\"@type\":\"Organization\",\"@id\":\"https:\\\/\\\/qtmm.org\\\/qt\\\/#organization\",\"name\":\"\u041c\u0435\u0434\u0436\u043b\u0456\u0441\",\"url\":\"https:\\\/\\\/qtmm.org\\\/qt\\\/\",\"logo\":{\"@type\":\"ImageObject\",\"inLanguage\":\"qt\",\"@id\":\"https:\\\/\\\/qtmm.org\\\/qt\\\/#\\\/schema\\\/logo\\\/image\\\/\",\"url\":\"https:\\\/\\\/qtmm.org\\\/wp-content\\\/uploads\\\/2024\\\/12\\\/ua-mejlis-logo-rgb.svg\",\"contentUrl\":\"https:\\\/\\\/qtmm.org\\\/wp-content\\\/uploads\\\/2024\\\/12\\\/ua-mejlis-logo-rgb.svg\",\"caption\":\"\u041c\u0435\u0434\u0436\u043b\u0456\u0441\"},\"image\":{\"@id\":\"https:\\\/\\\/qtmm.org\\\/qt\\\/#\\\/schema\\\/logo\\\/image\\\/\"},\"sameAs\":[\"https:\\\/\\\/www.facebook.com\\\/qtmm.info\\\/\"]},{\"@type\":\"Person\",\"@id\":\"https:\\\/\\\/qtmm.org\\\/qt\\\/#\\\/schema\\\/person\\\/de562469f971dec226ac06e60bbf74a7\",\"name\":\"Developer\",\"image\":{\"@type\":\"ImageObject\",\"inLanguage\":\"qt\",\"@id\":\"https:\\\/\\\/secure.gravatar.com\\\/avatar\\\/392b4cc8fbfeb00b39dfeeab4ee6edded39ffd48e25858637e4765810300227e?s=96&d=mm&r=g\",\"url\":\"https:\\\/\\\/secure.gravatar.com\\\/avatar\\\/392b4cc8fbfeb00b39dfeeab4ee6edded39ffd48e25858637e4765810300227e?s=96&d=mm&r=g\",\"contentUrl\":\"https:\\\/\\\/secure.gravatar.com\\\/avatar\\\/392b4cc8fbfeb00b39dfeeab4ee6edded39ffd48e25858637e4765810300227e?s=96&d=mm&r=g\",\"caption\":\"Developer\"},\"url\":\"https:\\\/\\\/qtmm.org\\\/qt\\\/author\\\/Developer\\\/\"}]}<\/script>\n<!-- \/ Yoast SEO plugin. -->","yoast_head_json":{"title":"Halqara Cumhuriyet institut\u0131n\u0131\u00f1 vekilleri Qurultay delegatlar\u0131n\u0131 saylavda nezaret\u00e7i s\u0131fat\u0131nda i\u015ftirak etecekler - \u041c\u0435\u0434\u0436\u043b\u0456\u0441","robots":{"index":"index","follow":"follow","max-snippet":"max-snippet:-1","max-image-preview":"max-image-preview:large","max-video-preview":"max-video-preview:-1"},"canonical":"https:\/\/qtmm.org\/qt\/halqara-cumhuriyet-institutinin-vekilleri-qurultay-delegatlarini-saylavda-nezaretci-sifatinda-istirak-etecekler\/","og_locale":"en_US","og_type":"article","og_title":"Halqara Cumhuriyet institut\u0131n\u0131\u00f1 vekilleri Qurultay delegatlar\u0131n\u0131 saylavda nezaret\u00e7i s\u0131fat\u0131nda i\u015ftirak etecekler - \u041c\u0435\u0434\u0436\u043b\u0456\u0441","og_description":"Q\u0131r\u0131mda Meclis reisini\u00f1 birinci muavini Refat \u00c7ubarov Ukrainada Halqara Cumhuriyet institut\u0131 programmalar\u0131n\u0131\u00f1 direktor\u0131 Maykl Drakmen ile k\u00f6r\u00fc\u015fti. Onda Qurultay Merkeziy Saylav komissiyas\u0131n\u0131\u00f1 reisi Zair Smedl\u00e2yev, Meclisni\u00f1 t\u0131\u015f al\u00e2qalar b\u00f6l\u00fcgini\u00f1 ba\u015f\u0131 Ali Hamzin ve bun\u0131\u00f1 kibi de Ukrainada Halqara Cumhuriyet institut\u0131 regional programmalar\u0131n\u0131\u00f1 yolba\u015f\u00e7\u0131lar\u0131 Aleksandr Sputay ve Konstantin Ploskiy bulund\u0131lar. K\u00f6r\u00fc\u015f\u00fcvni\u00f1 ba\u015f\u0131nda Refat \u00c7ubarov q\u0131r\u0131mtatar milliy [&hellip;]","og_url":"https:\/\/qtmm.org\/qt\/halqara-cumhuriyet-institutinin-vekilleri-qurultay-delegatlarini-saylavda-nezaretci-sifatinda-istirak-etecekler\/","og_site_name":"\u041c\u0435\u0434\u0436\u043b\u0456\u0441","article_publisher":"https:\/\/www.facebook.com\/qtmm.info\/","article_published_time":"2013-04-03T15:23:00+00:00","article_modified_time":"2022-01-23T15:25:00+00:00","og_image":[{"width":650,"height":400,"url":"https:\/\/qtmm.org\/wp-content\/uploads\/2022\/01\/img_1480.jpeg","type":"image\/jpeg"}],"author":"Developer","twitter_card":"summary_large_image","twitter_misc":{"Written by":"Developer","Est. reading time":"1 minute"},"schema":{"@context":"https:\/\/schema.org","@graph":[{"@type":"Article","@id":"https:\/\/qtmm.org\/qt\/halqara-cumhuriyet-institutinin-vekilleri-qurultay-delegatlarini-saylavda-nezaretci-sifatinda-istirak-etecekler\/#article","isPartOf":{"@id":"https:\/\/qtmm.org\/qt\/halqara-cumhuriyet-institutinin-vekilleri-qurultay-delegatlarini-saylavda-nezaretci-sifatinda-istirak-etecekler\/"},"author":{"name":"Developer","@id":"https:\/\/qtmm.org\/qt\/#\/schema\/person\/de562469f971dec226ac06e60bbf74a7"},"headline":"Halqara Cumhuriyet institut\u0131n\u0131\u00f1 vekilleri Qurultay delegatlar\u0131n\u0131 saylavda nezaret\u00e7i s\u0131fat\u0131nda i\u015ftirak etecekler","datePublished":"2013-04-03T15:23:00+00:00","dateModified":"2022-01-23T15:25:00+00:00","mainEntityOfPage":{"@id":"https:\/\/qtmm.org\/qt\/halqara-cumhuriyet-institutinin-vekilleri-qurultay-delegatlarini-saylavda-nezaretci-sifatinda-istirak-etecekler\/"},"wordCount":310,"commentCount":0,"publisher":{"@id":"https:\/\/qtmm.org\/qt\/#organization"},"image":{"@id":"https:\/\/qtmm.org\/qt\/halqara-cumhuriyet-institutinin-vekilleri-qurultay-delegatlarini-saylavda-nezaretci-sifatinda-istirak-etecekler\/#primaryimage"},"thumbnailUrl":"https:\/\/qtmm.org\/wp-content\/uploads\/2022\/01\/img_1480.jpeg","articleSection":["Haberler"],"inLanguage":"qt","potentialAction":[{"@type":"CommentAction","name":"Comment","target":["https:\/\/qtmm.org\/qt\/halqara-cumhuriyet-institutinin-vekilleri-qurultay-delegatlarini-saylavda-nezaretci-sifatinda-istirak-etecekler\/#respond"]}]},{"@type":"WebPage","@id":"https:\/\/qtmm.org\/qt\/halqara-cumhuriyet-institutinin-vekilleri-qurultay-delegatlarini-saylavda-nezaretci-sifatinda-istirak-etecekler\/","url":"https:\/\/qtmm.org\/qt\/halqara-cumhuriyet-institutinin-vekilleri-qurultay-delegatlarini-saylavda-nezaretci-sifatinda-istirak-etecekler\/","name":"Halqara Cumhuriyet institut\u0131n\u0131\u00f1 vekilleri Qurultay delegatlar\u0131n\u0131 saylavda nezaret\u00e7i s\u0131fat\u0131nda i\u015ftirak etecekler - \u041c\u0435\u0434\u0436\u043b\u0456\u0441","isPartOf":{"@id":"https:\/\/qtmm.org\/qt\/#website"},"primaryImageOfPage":{"@id":"https:\/\/qtmm.org\/qt\/halqara-cumhuriyet-institutinin-vekilleri-qurultay-delegatlarini-saylavda-nezaretci-sifatinda-istirak-etecekler\/#primaryimage"},"image":{"@id":"https:\/\/qtmm.org\/qt\/halqara-cumhuriyet-institutinin-vekilleri-qurultay-delegatlarini-saylavda-nezaretci-sifatinda-istirak-etecekler\/#primaryimage"},"thumbnailUrl":"https:\/\/qtmm.org\/wp-content\/uploads\/2022\/01\/img_1480.jpeg","datePublished":"2013-04-03T15:23:00+00:00","dateModified":"2022-01-23T15:25:00+00:00","breadcrumb":{"@id":"https:\/\/qtmm.org\/qt\/halqara-cumhuriyet-institutinin-vekilleri-qurultay-delegatlarini-saylavda-nezaretci-sifatinda-istirak-etecekler\/#breadcrumb"},"inLanguage":"qt","potentialAction":[{"@type":"ReadAction","target":["https:\/\/qtmm.org\/qt\/halqara-cumhuriyet-institutinin-vekilleri-qurultay-delegatlarini-saylavda-nezaretci-sifatinda-istirak-etecekler\/"]}]},{"@type":"ImageObject","inLanguage":"qt","@id":"https:\/\/qtmm.org\/qt\/halqara-cumhuriyet-institutinin-vekilleri-qurultay-delegatlarini-saylavda-nezaretci-sifatinda-istirak-etecekler\/#primaryimage","url":"https:\/\/qtmm.org\/wp-content\/uploads\/2022\/01\/img_1480.jpeg","contentUrl":"https:\/\/qtmm.org\/wp-content\/uploads\/2022\/01\/img_1480.jpeg","width":650,"height":400},{"@type":"BreadcrumbList","@id":"https:\/\/qtmm.org\/qt\/halqara-cumhuriyet-institutinin-vekilleri-qurultay-delegatlarini-saylavda-nezaretci-sifatinda-istirak-etecekler\/#breadcrumb","itemListElement":[{"@type":"ListItem","position":1,"name":"\u0413\u043e\u043b\u043e\u0432\u043d\u0430","item":"https:\/\/qtmm.org\/qt\/"},{"@type":"ListItem","position":2,"name":"Halqara Cumhuriyet institut\u0131n\u0131\u00f1 vekilleri Qurultay delegatlar\u0131n\u0131 saylavda nezaret\u00e7i s\u0131fat\u0131nda i\u015ftirak etecekler"}]},{"@type":"WebSite","@id":"https:\/\/qtmm.org\/qt\/#website","url":"https:\/\/qtmm.org\/qt\/","name":"\u041c\u0435\u0434\u0436\u043b\u0456\u0441","description":"","publisher":{"@id":"https:\/\/qtmm.org\/qt\/#organization"},"potentialAction":[{"@type":"SearchAction","target":{"@type":"EntryPoint","urlTemplate":"https:\/\/qtmm.org\/qt\/?s={search_term_string}"},"query-input":{"@type":"PropertyValueSpecification","valueRequired":true,"valueName":"search_term_string"}}],"inLanguage":"qt"},{"@type":"Organization","@id":"https:\/\/qtmm.org\/qt\/#organization","name":"\u041c\u0435\u0434\u0436\u043b\u0456\u0441","url":"https:\/\/qtmm.org\/qt\/","logo":{"@type":"ImageObject","inLanguage":"qt","@id":"https:\/\/qtmm.org\/qt\/#\/schema\/logo\/image\/","url":"https:\/\/qtmm.org\/wp-content\/uploads\/2024\/12\/ua-mejlis-logo-rgb.svg","contentUrl":"https:\/\/qtmm.org\/wp-content\/uploads\/2024\/12\/ua-mejlis-logo-rgb.svg","caption":"\u041c\u0435\u0434\u0436\u043b\u0456\u0441"},"image":{"@id":"https:\/\/qtmm.org\/qt\/#\/schema\/logo\/image\/"},"sameAs":["https:\/\/www.facebook.com\/qtmm.info\/"]},{"@type":"Person","@id":"https:\/\/qtmm.org\/qt\/#\/schema\/person\/de562469f971dec226ac06e60bbf74a7","name":"Developer","image":{"@type":"ImageObject","inLanguage":"qt","@id":"https:\/\/secure.gravatar.com\/avatar\/392b4cc8fbfeb00b39dfeeab4ee6edded39ffd48e25858637e4765810300227e?s=96&d=mm&r=g","url":"https:\/\/secure.gravatar.com\/avatar\/392b4cc8fbfeb00b39dfeeab4ee6edded39ffd48e25858637e4765810300227e?s=96&d=mm&r=g","contentUrl":"https:\/\/secure.gravatar.com\/avatar\/392b4cc8fbfeb00b39dfeeab4ee6edded39ffd48e25858637e4765810300227e?s=96&d=mm&r=g","caption":"Developer"},"url":"https:\/\/qtmm.org\/qt\/author\/Developer\/"}]}},"_links":{"self":[{"href":"https:\/\/qtmm.org\/qt\/wp-json\/wp\/v2\/posts\/36367","targetHints":{"allow":["GET"]}}],"collection":[{"href":"https:\/\/qtmm.org\/qt\/wp-json\/wp\/v2\/posts"}],"about":[{"href":"https:\/\/qtmm.org\/qt\/wp-json\/wp\/v2\/types\/post"}],"author":[{"embeddable":true,"href":"https:\/\/qtmm.org\/qt\/wp-json\/wp\/v2\/users\/1"}],"replies":[{"embeddable":true,"href":"https:\/\/qtmm.org\/qt\/wp-json\/wp\/v2\/comments?post=36367"}],"version-history":[{"count":1,"href":"https:\/\/qtmm.org\/qt\/wp-json\/wp\/v2\/posts\/36367\/revisions"}],"predecessor-version":[{"id":36384,"href":"https:\/\/qtmm.org\/qt\/wp-json\/wp\/v2\/posts\/36367\/revisions\/36384"}],"wp:featuredmedia":[{"embeddable":true,"href":"https:\/\/qtmm.org\/qt\/wp-json\/wp\/v2\/media\/36368"}],"wp:attachment":[{"href":"https:\/\/qtmm.org\/qt\/wp-json\/wp\/v2\/media?parent=36367"}],"wp:term":[{"taxonomy":"category","embeddable":true,"href":"https:\/\/qtmm.org\/qt\/wp-json\/wp\/v2\/categories?post=36367"},{"taxonomy":"post_tag","embeddable":true,"href":"https:\/\/qtmm.org\/qt\/wp-json\/wp\/v2\/tags?post=36367"}],"curies":[{"name":"wp","href":"https:\/\/api.w.org\/{rel}","templated":true}]}}