




{"id":36361,"date":"2013-04-02T18:22:00","date_gmt":"2013-04-02T15:22:00","guid":{"rendered":"http:\/\/qtmm.org\/?p=36361"},"modified":"2022-01-23T18:23:11","modified_gmt":"2022-01-23T15:23:11","slug":"meclis-reisi-moldovanin-ukrainadaki-elcisinen-korusti","status":"publish","type":"post","link":"https:\/\/qtmm.org\/qt\/meclis-reisi-moldovanin-ukrainadaki-elcisinen-korusti\/","title":{"rendered":"Meclis reisi Moldovan\u0131\u00f1 Ukrainadaki El\u00e7isinen k\u00f6r\u00fc\u015fti"},"content":{"rendered":"\n<p>2013 senesi aprel 2 k\u00fcn\u00fc Kiyevde Q\u0131r\u0131mtatar halq\u0131 Meclisini\u00f1 reisi Mustafa Cemilev Moldovan\u0131\u00f1 Ukrainadaki Vefqulade ve Tolu Vek\u00e2letli El\u00e7isi doktor<br>\u0130on Stevile ile k\u00f6r\u00fc\u015fti.<\/p>\n\n\n\n<p>Moldova El\u00e7isini Q\u0131r\u0131mda ol\u0131p ke\u00e7ken so\u00f1ki vaqialar ve q\u0131r\u0131mtatar halq\u0131n\u0131\u00f1 vek\u00e2letli organ\u0131 ve muhtariyet \u00fck\u00fcmeti aras\u0131ndaki munasebetler keskinle\u015fkenini\u00f1 sebepleri meraqland\u0131rd\u0131.<\/p>\n\n\n\n<p>Bun\u0131\u00f1 kibi de Moldovada siyasiy vaziyet muzakere, bun\u0131\u00f1 kibi de Moldova merkeziy akimiyeti ve Gagauz memuriy-territorial muhtariyet munasebetleri de muzakere olund\u0131.<\/p>\n\n\n\n<p>El\u00e7i \u0130on Stevile Mustafa Cemilevni Moldova ve Gagauz muhtariyetine davet etip, Q\u0131r\u0131mda may\u0131s 19 k\u00fcn\u00fc q\u0131r\u0131mtatarlarn\u0131\u00f1 s\u00fcrg\u00fcnligini\u00f1 69 y\u0131ll\u0131\u011f\u0131 munasebetinen ke\u00e7irilecek tedbirlerde i\u015ftirak etmek istegini bildirdi.<\/p>\n","protected":false},"excerpt":{"rendered":"<p>2013 senesi aprel 2 k\u00fcn\u00fc Kiyevde Q\u0131r\u0131mtatar halq\u0131 Meclisini\u00f1 reisi Mustafa Cemilev Moldovan\u0131\u00f1 Ukrainadaki Vefqulade ve Tolu Vek\u00e2letli El\u00e7isi doktor\u0130on Stevile ile k\u00f6r\u00fc\u015fti. Moldova El\u00e7isini Q\u0131r\u0131mda ol\u0131p ke\u00e7ken so\u00f1ki vaqialar ve q\u0131r\u0131mtatar halq\u0131n\u0131\u00f1 vek\u00e2letli organ\u0131 ve muhtariyet \u00fck\u00fcmeti aras\u0131ndaki munasebetler keskinle\u015fkenini\u00f1 sebepleri meraqland\u0131rd\u0131. Bun\u0131\u00f1 kibi de Moldovada siyasiy vaziyet muzakere, bun\u0131\u00f1 kibi de Moldova merkeziy [&hellip;]<\/p>\n","protected":false},"author":1,"featured_media":36362,"comment_status":"open","ping_status":"open","sticky":false,"template":"","format":"standard","meta":{"inline_featured_image":false,"footnotes":""},"categories":[265],"tags":[],"class_list":["post-36361","post","type-post","status-publish","format-standard","has-post-thumbnail","hentry","category-haberler"],"acf":[],"yoast_head":"<!-- This site is optimized with the Yoast SEO plugin v27.4 - https:\/\/yoast.com\/product\/yoast-seo-wordpress\/ -->\n<title>Meclis reisi Moldovan\u0131\u00f1 Ukrainadaki El\u00e7isinen k\u00f6r\u00fc\u015fti - \u041c\u0435\u0434\u0436\u043b\u0456\u0441<\/title>\n<meta name=\"robots\" content=\"index, follow, max-snippet:-1, max-image-preview:large, max-video-preview:-1\" \/>\n<link rel=\"canonical\" href=\"https:\/\/qtmm.org\/qt\/meclis-reisi-moldovanin-ukrainadaki-elcisinen-korusti\/\" \/>\n<meta property=\"og:locale\" content=\"en_US\" \/>\n<meta property=\"og:type\" content=\"article\" \/>\n<meta property=\"og:title\" content=\"Meclis reisi Moldovan\u0131\u00f1 Ukrainadaki El\u00e7isinen k\u00f6r\u00fc\u015fti - \u041c\u0435\u0434\u0436\u043b\u0456\u0441\" \/>\n<meta property=\"og:description\" content=\"2013 senesi aprel 2 k\u00fcn\u00fc Kiyevde Q\u0131r\u0131mtatar halq\u0131 Meclisini\u00f1 reisi Mustafa Cemilev Moldovan\u0131\u00f1 Ukrainadaki Vefqulade ve Tolu Vek\u00e2letli El\u00e7isi doktor\u0130on Stevile ile k\u00f6r\u00fc\u015fti. Moldova El\u00e7isini Q\u0131r\u0131mda ol\u0131p ke\u00e7ken so\u00f1ki vaqialar ve q\u0131r\u0131mtatar halq\u0131n\u0131\u00f1 vek\u00e2letli organ\u0131 ve muhtariyet \u00fck\u00fcmeti aras\u0131ndaki munasebetler keskinle\u015fkenini\u00f1 sebepleri meraqland\u0131rd\u0131. Bun\u0131\u00f1 kibi de Moldovada siyasiy vaziyet muzakere, bun\u0131\u00f1 kibi de Moldova merkeziy [&hellip;]\" \/>\n<meta property=\"og:url\" content=\"https:\/\/qtmm.org\/qt\/meclis-reisi-moldovanin-ukrainadaki-elcisinen-korusti\/\" \/>\n<meta property=\"og:site_name\" content=\"\u041c\u0435\u0434\u0436\u043b\u0456\u0441\" \/>\n<meta property=\"article:publisher\" content=\"https:\/\/www.facebook.com\/qtmm.info\/\" \/>\n<meta property=\"article:published_time\" content=\"2013-04-02T15:22:00+00:00\" \/>\n<meta property=\"article:modified_time\" content=\"2022-01-23T15:23:11+00:00\" \/>\n<meta property=\"og:image\" content=\"https:\/\/qtmm.org\/wp-content\/uploads\/2022\/01\/vstrecha_dzhemileva_s_poslom_moldovy.jpeg\" \/>\n\t<meta property=\"og:image:width\" content=\"650\" \/>\n\t<meta property=\"og:image:height\" content=\"480\" \/>\n\t<meta property=\"og:image:type\" content=\"image\/jpeg\" \/>\n<meta name=\"author\" content=\"Developer\" \/>\n<meta name=\"twitter:card\" content=\"summary_large_image\" \/>\n<meta name=\"twitter:label1\" content=\"Written by\" \/>\n\t<meta name=\"twitter:data1\" content=\"Developer\" \/>\n\t<meta name=\"twitter:label2\" content=\"Est. reading time\" \/>\n\t<meta name=\"twitter:data2\" content=\"1 minute\" \/>\n<script type=\"application\/ld+json\" class=\"yoast-schema-graph\">{\"@context\":\"https:\\\/\\\/schema.org\",\"@graph\":[{\"@type\":\"Article\",\"@id\":\"https:\\\/\\\/qtmm.org\\\/qt\\\/meclis-reisi-moldovanin-ukrainadaki-elcisinen-korusti\\\/#article\",\"isPartOf\":{\"@id\":\"https:\\\/\\\/qtmm.org\\\/qt\\\/meclis-reisi-moldovanin-ukrainadaki-elcisinen-korusti\\\/\"},\"author\":{\"name\":\"Developer\",\"@id\":\"https:\\\/\\\/qtmm.org\\\/qt\\\/#\\\/schema\\\/person\\\/de562469f971dec226ac06e60bbf74a7\"},\"headline\":\"Meclis reisi Moldovan\u0131\u00f1 Ukrainadaki El\u00e7isinen k\u00f6r\u00fc\u015fti\",\"datePublished\":\"2013-04-02T15:22:00+00:00\",\"dateModified\":\"2022-01-23T15:23:11+00:00\",\"mainEntityOfPage\":{\"@id\":\"https:\\\/\\\/qtmm.org\\\/qt\\\/meclis-reisi-moldovanin-ukrainadaki-elcisinen-korusti\\\/\"},\"wordCount\":129,\"commentCount\":0,\"publisher\":{\"@id\":\"https:\\\/\\\/qtmm.org\\\/qt\\\/#organization\"},\"image\":{\"@id\":\"https:\\\/\\\/qtmm.org\\\/qt\\\/meclis-reisi-moldovanin-ukrainadaki-elcisinen-korusti\\\/#primaryimage\"},\"thumbnailUrl\":\"https:\\\/\\\/qtmm.org\\\/wp-content\\\/uploads\\\/2022\\\/01\\\/vstrecha_dzhemileva_s_poslom_moldovy.jpeg\",\"articleSection\":[\"Haberler\"],\"inLanguage\":\"qt\",\"potentialAction\":[{\"@type\":\"CommentAction\",\"name\":\"Comment\",\"target\":[\"https:\\\/\\\/qtmm.org\\\/qt\\\/meclis-reisi-moldovanin-ukrainadaki-elcisinen-korusti\\\/#respond\"]}]},{\"@type\":\"WebPage\",\"@id\":\"https:\\\/\\\/qtmm.org\\\/qt\\\/meclis-reisi-moldovanin-ukrainadaki-elcisinen-korusti\\\/\",\"url\":\"https:\\\/\\\/qtmm.org\\\/qt\\\/meclis-reisi-moldovanin-ukrainadaki-elcisinen-korusti\\\/\",\"name\":\"Meclis reisi Moldovan\u0131\u00f1 Ukrainadaki El\u00e7isinen k\u00f6r\u00fc\u015fti - \u041c\u0435\u0434\u0436\u043b\u0456\u0441\",\"isPartOf\":{\"@id\":\"https:\\\/\\\/qtmm.org\\\/qt\\\/#website\"},\"primaryImageOfPage\":{\"@id\":\"https:\\\/\\\/qtmm.org\\\/qt\\\/meclis-reisi-moldovanin-ukrainadaki-elcisinen-korusti\\\/#primaryimage\"},\"image\":{\"@id\":\"https:\\\/\\\/qtmm.org\\\/qt\\\/meclis-reisi-moldovanin-ukrainadaki-elcisinen-korusti\\\/#primaryimage\"},\"thumbnailUrl\":\"https:\\\/\\\/qtmm.org\\\/wp-content\\\/uploads\\\/2022\\\/01\\\/vstrecha_dzhemileva_s_poslom_moldovy.jpeg\",\"datePublished\":\"2013-04-02T15:22:00+00:00\",\"dateModified\":\"2022-01-23T15:23:11+00:00\",\"breadcrumb\":{\"@id\":\"https:\\\/\\\/qtmm.org\\\/qt\\\/meclis-reisi-moldovanin-ukrainadaki-elcisinen-korusti\\\/#breadcrumb\"},\"inLanguage\":\"qt\",\"potentialAction\":[{\"@type\":\"ReadAction\",\"target\":[\"https:\\\/\\\/qtmm.org\\\/qt\\\/meclis-reisi-moldovanin-ukrainadaki-elcisinen-korusti\\\/\"]}]},{\"@type\":\"ImageObject\",\"inLanguage\":\"qt\",\"@id\":\"https:\\\/\\\/qtmm.org\\\/qt\\\/meclis-reisi-moldovanin-ukrainadaki-elcisinen-korusti\\\/#primaryimage\",\"url\":\"https:\\\/\\\/qtmm.org\\\/wp-content\\\/uploads\\\/2022\\\/01\\\/vstrecha_dzhemileva_s_poslom_moldovy.jpeg\",\"contentUrl\":\"https:\\\/\\\/qtmm.org\\\/wp-content\\\/uploads\\\/2022\\\/01\\\/vstrecha_dzhemileva_s_poslom_moldovy.jpeg\",\"width\":650,\"height\":480},{\"@type\":\"BreadcrumbList\",\"@id\":\"https:\\\/\\\/qtmm.org\\\/qt\\\/meclis-reisi-moldovanin-ukrainadaki-elcisinen-korusti\\\/#breadcrumb\",\"itemListElement\":[{\"@type\":\"ListItem\",\"position\":1,\"name\":\"\u0413\u043e\u043b\u043e\u0432\u043d\u0430\",\"item\":\"https:\\\/\\\/qtmm.org\\\/qt\\\/\"},{\"@type\":\"ListItem\",\"position\":2,\"name\":\"Meclis reisi Moldovan\u0131\u00f1 Ukrainadaki El\u00e7isinen k\u00f6r\u00fc\u015fti\"}]},{\"@type\":\"WebSite\",\"@id\":\"https:\\\/\\\/qtmm.org\\\/qt\\\/#website\",\"url\":\"https:\\\/\\\/qtmm.org\\\/qt\\\/\",\"name\":\"\u041c\u0435\u0434\u0436\u043b\u0456\u0441\",\"description\":\"\",\"publisher\":{\"@id\":\"https:\\\/\\\/qtmm.org\\\/qt\\\/#organization\"},\"potentialAction\":[{\"@type\":\"SearchAction\",\"target\":{\"@type\":\"EntryPoint\",\"urlTemplate\":\"https:\\\/\\\/qtmm.org\\\/qt\\\/?s={search_term_string}\"},\"query-input\":{\"@type\":\"PropertyValueSpecification\",\"valueRequired\":true,\"valueName\":\"search_term_string\"}}],\"inLanguage\":\"qt\"},{\"@type\":\"Organization\",\"@id\":\"https:\\\/\\\/qtmm.org\\\/qt\\\/#organization\",\"name\":\"\u041c\u0435\u0434\u0436\u043b\u0456\u0441\",\"url\":\"https:\\\/\\\/qtmm.org\\\/qt\\\/\",\"logo\":{\"@type\":\"ImageObject\",\"inLanguage\":\"qt\",\"@id\":\"https:\\\/\\\/qtmm.org\\\/qt\\\/#\\\/schema\\\/logo\\\/image\\\/\",\"url\":\"https:\\\/\\\/qtmm.org\\\/wp-content\\\/uploads\\\/2024\\\/12\\\/ua-mejlis-logo-rgb.svg\",\"contentUrl\":\"https:\\\/\\\/qtmm.org\\\/wp-content\\\/uploads\\\/2024\\\/12\\\/ua-mejlis-logo-rgb.svg\",\"caption\":\"\u041c\u0435\u0434\u0436\u043b\u0456\u0441\"},\"image\":{\"@id\":\"https:\\\/\\\/qtmm.org\\\/qt\\\/#\\\/schema\\\/logo\\\/image\\\/\"},\"sameAs\":[\"https:\\\/\\\/www.facebook.com\\\/qtmm.info\\\/\"]},{\"@type\":\"Person\",\"@id\":\"https:\\\/\\\/qtmm.org\\\/qt\\\/#\\\/schema\\\/person\\\/de562469f971dec226ac06e60bbf74a7\",\"name\":\"Developer\",\"image\":{\"@type\":\"ImageObject\",\"inLanguage\":\"qt\",\"@id\":\"https:\\\/\\\/secure.gravatar.com\\\/avatar\\\/392b4cc8fbfeb00b39dfeeab4ee6edded39ffd48e25858637e4765810300227e?s=96&d=mm&r=g\",\"url\":\"https:\\\/\\\/secure.gravatar.com\\\/avatar\\\/392b4cc8fbfeb00b39dfeeab4ee6edded39ffd48e25858637e4765810300227e?s=96&d=mm&r=g\",\"contentUrl\":\"https:\\\/\\\/secure.gravatar.com\\\/avatar\\\/392b4cc8fbfeb00b39dfeeab4ee6edded39ffd48e25858637e4765810300227e?s=96&d=mm&r=g\",\"caption\":\"Developer\"},\"url\":\"https:\\\/\\\/qtmm.org\\\/qt\\\/author\\\/Developer\\\/\"}]}<\/script>\n<!-- \/ Yoast SEO plugin. -->","yoast_head_json":{"title":"Meclis reisi Moldovan\u0131\u00f1 Ukrainadaki El\u00e7isinen k\u00f6r\u00fc\u015fti - \u041c\u0435\u0434\u0436\u043b\u0456\u0441","robots":{"index":"index","follow":"follow","max-snippet":"max-snippet:-1","max-image-preview":"max-image-preview:large","max-video-preview":"max-video-preview:-1"},"canonical":"https:\/\/qtmm.org\/qt\/meclis-reisi-moldovanin-ukrainadaki-elcisinen-korusti\/","og_locale":"en_US","og_type":"article","og_title":"Meclis reisi Moldovan\u0131\u00f1 Ukrainadaki El\u00e7isinen k\u00f6r\u00fc\u015fti - \u041c\u0435\u0434\u0436\u043b\u0456\u0441","og_description":"2013 senesi aprel 2 k\u00fcn\u00fc Kiyevde Q\u0131r\u0131mtatar halq\u0131 Meclisini\u00f1 reisi Mustafa Cemilev Moldovan\u0131\u00f1 Ukrainadaki Vefqulade ve Tolu Vek\u00e2letli El\u00e7isi doktor\u0130on Stevile ile k\u00f6r\u00fc\u015fti. Moldova El\u00e7isini Q\u0131r\u0131mda ol\u0131p ke\u00e7ken so\u00f1ki vaqialar ve q\u0131r\u0131mtatar halq\u0131n\u0131\u00f1 vek\u00e2letli organ\u0131 ve muhtariyet \u00fck\u00fcmeti aras\u0131ndaki munasebetler keskinle\u015fkenini\u00f1 sebepleri meraqland\u0131rd\u0131. Bun\u0131\u00f1 kibi de Moldovada siyasiy vaziyet muzakere, bun\u0131\u00f1 kibi de Moldova merkeziy [&hellip;]","og_url":"https:\/\/qtmm.org\/qt\/meclis-reisi-moldovanin-ukrainadaki-elcisinen-korusti\/","og_site_name":"\u041c\u0435\u0434\u0436\u043b\u0456\u0441","article_publisher":"https:\/\/www.facebook.com\/qtmm.info\/","article_published_time":"2013-04-02T15:22:00+00:00","article_modified_time":"2022-01-23T15:23:11+00:00","og_image":[{"width":650,"height":480,"url":"https:\/\/qtmm.org\/wp-content\/uploads\/2022\/01\/vstrecha_dzhemileva_s_poslom_moldovy.jpeg","type":"image\/jpeg"}],"author":"Developer","twitter_card":"summary_large_image","twitter_misc":{"Written by":"Developer","Est. reading time":"1 minute"},"schema":{"@context":"https:\/\/schema.org","@graph":[{"@type":"Article","@id":"https:\/\/qtmm.org\/qt\/meclis-reisi-moldovanin-ukrainadaki-elcisinen-korusti\/#article","isPartOf":{"@id":"https:\/\/qtmm.org\/qt\/meclis-reisi-moldovanin-ukrainadaki-elcisinen-korusti\/"},"author":{"name":"Developer","@id":"https:\/\/qtmm.org\/qt\/#\/schema\/person\/de562469f971dec226ac06e60bbf74a7"},"headline":"Meclis reisi Moldovan\u0131\u00f1 Ukrainadaki El\u00e7isinen k\u00f6r\u00fc\u015fti","datePublished":"2013-04-02T15:22:00+00:00","dateModified":"2022-01-23T15:23:11+00:00","mainEntityOfPage":{"@id":"https:\/\/qtmm.org\/qt\/meclis-reisi-moldovanin-ukrainadaki-elcisinen-korusti\/"},"wordCount":129,"commentCount":0,"publisher":{"@id":"https:\/\/qtmm.org\/qt\/#organization"},"image":{"@id":"https:\/\/qtmm.org\/qt\/meclis-reisi-moldovanin-ukrainadaki-elcisinen-korusti\/#primaryimage"},"thumbnailUrl":"https:\/\/qtmm.org\/wp-content\/uploads\/2022\/01\/vstrecha_dzhemileva_s_poslom_moldovy.jpeg","articleSection":["Haberler"],"inLanguage":"qt","potentialAction":[{"@type":"CommentAction","name":"Comment","target":["https:\/\/qtmm.org\/qt\/meclis-reisi-moldovanin-ukrainadaki-elcisinen-korusti\/#respond"]}]},{"@type":"WebPage","@id":"https:\/\/qtmm.org\/qt\/meclis-reisi-moldovanin-ukrainadaki-elcisinen-korusti\/","url":"https:\/\/qtmm.org\/qt\/meclis-reisi-moldovanin-ukrainadaki-elcisinen-korusti\/","name":"Meclis reisi Moldovan\u0131\u00f1 Ukrainadaki El\u00e7isinen k\u00f6r\u00fc\u015fti - \u041c\u0435\u0434\u0436\u043b\u0456\u0441","isPartOf":{"@id":"https:\/\/qtmm.org\/qt\/#website"},"primaryImageOfPage":{"@id":"https:\/\/qtmm.org\/qt\/meclis-reisi-moldovanin-ukrainadaki-elcisinen-korusti\/#primaryimage"},"image":{"@id":"https:\/\/qtmm.org\/qt\/meclis-reisi-moldovanin-ukrainadaki-elcisinen-korusti\/#primaryimage"},"thumbnailUrl":"https:\/\/qtmm.org\/wp-content\/uploads\/2022\/01\/vstrecha_dzhemileva_s_poslom_moldovy.jpeg","datePublished":"2013-04-02T15:22:00+00:00","dateModified":"2022-01-23T15:23:11+00:00","breadcrumb":{"@id":"https:\/\/qtmm.org\/qt\/meclis-reisi-moldovanin-ukrainadaki-elcisinen-korusti\/#breadcrumb"},"inLanguage":"qt","potentialAction":[{"@type":"ReadAction","target":["https:\/\/qtmm.org\/qt\/meclis-reisi-moldovanin-ukrainadaki-elcisinen-korusti\/"]}]},{"@type":"ImageObject","inLanguage":"qt","@id":"https:\/\/qtmm.org\/qt\/meclis-reisi-moldovanin-ukrainadaki-elcisinen-korusti\/#primaryimage","url":"https:\/\/qtmm.org\/wp-content\/uploads\/2022\/01\/vstrecha_dzhemileva_s_poslom_moldovy.jpeg","contentUrl":"https:\/\/qtmm.org\/wp-content\/uploads\/2022\/01\/vstrecha_dzhemileva_s_poslom_moldovy.jpeg","width":650,"height":480},{"@type":"BreadcrumbList","@id":"https:\/\/qtmm.org\/qt\/meclis-reisi-moldovanin-ukrainadaki-elcisinen-korusti\/#breadcrumb","itemListElement":[{"@type":"ListItem","position":1,"name":"\u0413\u043e\u043b\u043e\u0432\u043d\u0430","item":"https:\/\/qtmm.org\/qt\/"},{"@type":"ListItem","position":2,"name":"Meclis reisi Moldovan\u0131\u00f1 Ukrainadaki El\u00e7isinen k\u00f6r\u00fc\u015fti"}]},{"@type":"WebSite","@id":"https:\/\/qtmm.org\/qt\/#website","url":"https:\/\/qtmm.org\/qt\/","name":"\u041c\u0435\u0434\u0436\u043b\u0456\u0441","description":"","publisher":{"@id":"https:\/\/qtmm.org\/qt\/#organization"},"potentialAction":[{"@type":"SearchAction","target":{"@type":"EntryPoint","urlTemplate":"https:\/\/qtmm.org\/qt\/?s={search_term_string}"},"query-input":{"@type":"PropertyValueSpecification","valueRequired":true,"valueName":"search_term_string"}}],"inLanguage":"qt"},{"@type":"Organization","@id":"https:\/\/qtmm.org\/qt\/#organization","name":"\u041c\u0435\u0434\u0436\u043b\u0456\u0441","url":"https:\/\/qtmm.org\/qt\/","logo":{"@type":"ImageObject","inLanguage":"qt","@id":"https:\/\/qtmm.org\/qt\/#\/schema\/logo\/image\/","url":"https:\/\/qtmm.org\/wp-content\/uploads\/2024\/12\/ua-mejlis-logo-rgb.svg","contentUrl":"https:\/\/qtmm.org\/wp-content\/uploads\/2024\/12\/ua-mejlis-logo-rgb.svg","caption":"\u041c\u0435\u0434\u0436\u043b\u0456\u0441"},"image":{"@id":"https:\/\/qtmm.org\/qt\/#\/schema\/logo\/image\/"},"sameAs":["https:\/\/www.facebook.com\/qtmm.info\/"]},{"@type":"Person","@id":"https:\/\/qtmm.org\/qt\/#\/schema\/person\/de562469f971dec226ac06e60bbf74a7","name":"Developer","image":{"@type":"ImageObject","inLanguage":"qt","@id":"https:\/\/secure.gravatar.com\/avatar\/392b4cc8fbfeb00b39dfeeab4ee6edded39ffd48e25858637e4765810300227e?s=96&d=mm&r=g","url":"https:\/\/secure.gravatar.com\/avatar\/392b4cc8fbfeb00b39dfeeab4ee6edded39ffd48e25858637e4765810300227e?s=96&d=mm&r=g","contentUrl":"https:\/\/secure.gravatar.com\/avatar\/392b4cc8fbfeb00b39dfeeab4ee6edded39ffd48e25858637e4765810300227e?s=96&d=mm&r=g","caption":"Developer"},"url":"https:\/\/qtmm.org\/qt\/author\/Developer\/"}]}},"_links":{"self":[{"href":"https:\/\/qtmm.org\/qt\/wp-json\/wp\/v2\/posts\/36361","targetHints":{"allow":["GET"]}}],"collection":[{"href":"https:\/\/qtmm.org\/qt\/wp-json\/wp\/v2\/posts"}],"about":[{"href":"https:\/\/qtmm.org\/qt\/wp-json\/wp\/v2\/types\/post"}],"author":[{"embeddable":true,"href":"https:\/\/qtmm.org\/qt\/wp-json\/wp\/v2\/users\/1"}],"replies":[{"embeddable":true,"href":"https:\/\/qtmm.org\/qt\/wp-json\/wp\/v2\/comments?post=36361"}],"version-history":[{"count":1,"href":"https:\/\/qtmm.org\/qt\/wp-json\/wp\/v2\/posts\/36361\/revisions"}],"predecessor-version":[{"id":36366,"href":"https:\/\/qtmm.org\/qt\/wp-json\/wp\/v2\/posts\/36361\/revisions\/36366"}],"wp:featuredmedia":[{"embeddable":true,"href":"https:\/\/qtmm.org\/qt\/wp-json\/wp\/v2\/media\/36362"}],"wp:attachment":[{"href":"https:\/\/qtmm.org\/qt\/wp-json\/wp\/v2\/media?parent=36361"}],"wp:term":[{"taxonomy":"category","embeddable":true,"href":"https:\/\/qtmm.org\/qt\/wp-json\/wp\/v2\/categories?post=36361"},{"taxonomy":"post_tag","embeddable":true,"href":"https:\/\/qtmm.org\/qt\/wp-json\/wp\/v2\/tags?post=36361"}],"curies":[{"name":"wp","href":"https:\/\/api.w.org\/{rel}","templated":true}]}}