




{"id":36351,"date":"2013-04-02T18:20:00","date_gmt":"2013-04-02T15:20:00","guid":{"rendered":"http:\/\/qtmm.org\/?p=36351"},"modified":"2022-01-23T18:21:51","modified_gmt":"2022-01-23T15:21:51","slug":"meclis-cehiya-cumhuriyetinin-diplomatlarini-qabul-etti","status":"publish","type":"post","link":"https:\/\/qtmm.org\/qt\/meclis-cehiya-cumhuriyetinin-diplomatlarini-qabul-etti\/","title":{"rendered":"Meclis \u00c7ehiya Cumhuriyetini\u00f1 diplomatlar\u0131n\u0131 qabul etti"},"content":{"rendered":"\n<p>Q\u0131r\u0131mda i\u015f ziyaretinen bulun\u011fan \u00c7ehiya Cumhuriyetini\u00f1 Ukrainada Vefqulade ve Tolu Vek\u00e2letli el\u00e7isi \u0130van Po\u00e7uh aprel 2 k\u00fcn\u00fc Q\u0131r\u0131mtatar halq\u0131 Meclisine te\u015frif buyurd\u0131.<\/p>\n\n\n\n<p>\u00dcrmetli musafirni ve o\u00f1a refaqatl\u0131q yapqan \u00c7ehiyan\u0131\u00f1 Ukrainadaki el\u00e7iligini\u00f1 \u00fc\u00e7\u00fcnci k\u00e2tibi L\u00fcbo\u015f\u015f\u00e7 Veselini Meclis reisini\u00f1 birinci muavini Refat \u00c7ubarov, reisi muavini Remzi \u0130lyasov ve t\u0131\u015fq\u0131 al\u00e2qalar b\u00f6l\u00fcgini\u00f1 ba\u015f\u0131 Ali Hamzin qar\u015f\u0131lad\u0131lar. K\u00f6r\u00fc\u015f\u00fcv i\u015ftirak\u00e7ileri Q\u0131r\u0131mda siyasiy-i\u00e7timaiy vaziyet ve q\u0131r\u0131mtatarlarn\u0131\u00f1 bug\u00fcnki al\u0131 aqq\u0131nda fikirlerinen payla\u015ft\u0131lar<\/p>\n\n\n\n<figure class=\"wp-block-image size-full\"><img loading=\"lazy\" decoding=\"async\" width=\"650\" height=\"400\" src=\"http:\/\/qtmm.org\/wp-content\/uploads\/2022\/01\/1_104.jpeg\" alt=\"\" class=\"wp-image-36346\" srcset=\"https:\/\/qtmm.org\/wp-content\/uploads\/2022\/01\/1_104.jpeg 650w, https:\/\/qtmm.org\/wp-content\/uploads\/2022\/01\/1_104-300x185.jpeg 300w\" sizes=\"auto, (max-width: 650px) 100vw, 650px\" \/><\/figure>\n\n\n\n<p>Q\u0131r\u0131mtatar halq\u0131 milliy idare organlar\u0131 ol\u011fan Meclis ve yerli mecliler ve Q\u0131r\u0131m akimiyeti aras\u0131ndaki munasebetlerde ayr\u0131ca toqtal\u011fan Refat \u00c7ubarov olar\u011fa &#8220;qarardan ziyade kergin&#8221; diye q\u0131ymet kesti.<\/p>\n\n\n\n<p>Akimiyet taraf\u0131ndan munasebetni\u00f1 b\u00f6yle keskinle\u015fmesini\u00f1 sebebini Refat \u00c7ubarov Ukraina merkeziy akimiyetini\u00f1 q\u0131r\u0131mtatar halq\u0131n\u0131\u00f1 aqlar\u0131n\u0131 tiklevnen ba\u011fl\u0131 problemlerini \u00e7ezmege istemegeninde k\u00f6re.<\/p>\n\n\n\n<p>&#8220;Q\u0131r\u0131mn\u0131\u00f1 tam\u0131r halq\u0131nen a\u00e7\u0131q ve namusl\u0131 dialog, \u015fu problemlerni tezce \u00e7ezmek i\u00e7\u00fcn halqara te\u015fkil\u00e2tlarnen i\u015fbirlikte menfaatdar olmaq yerine akimiyet q\u0131r\u0131mtatar cemiyeti ortas\u0131na \u015f\u0131na qaqmaqn\u0131 \u00fcst\u00fcn k\u00f6rdi. B\u00f6yle fikir do\u011fa ki, sanki tek q\u0131r\u0131mtatar halq\u0131n\u0131 degil de, b\u00fct\u00fcn ukrain cemiyetini de sovet rejimi \u015faraitlerine yani siyasette &#8220;par\u00e7alap, \u00fck\u00fcmranl\u0131q et&#8221; printsipi esas printsip ol\u011fan vaq\u0131tqa qaytarma\u011f\u0131 t\u0131r\u0131\u015falar&#8221;, &#8211; dep qayd etti \u00c7ubarov.<\/p>\n\n\n\n<p>Remzi \u0130lyasov ve Ali Hamzin subet devam\u0131nda musafirlerni\u00f1 diqqat\u0131n\u0131 Q\u0131r\u0131mn\u0131\u00f1 icra ve vek\u00e2letli organlar\u0131nda siyasiy sebeplerge k\u00f6re kadrlar temizligi ke\u00e7irilgenine czelp ettiler. Bu munasebetnen cenap el\u00e7i Q\u0131r\u0131m Yuqar\u0131 \u015euras\u0131 Prezidium\u0131n\u0131\u00f1 erk\u00e2n\u0131nda ol\u011fan de\u00f1i\u015fmelernen meraqland\u0131.<\/p>\n\n\n\n<p>K\u00f6r\u00fc\u015f\u00fcv i\u015ftirak\u00e7ileri Q\u0131r\u0131mtatar halq\u0131n\u0131\u00f1 Q\u0131r\u0131mda aqlar\u0131n\u0131 tiklev, on\u0131\u00f1 Ukrainada tel\u00fckesizligi ve inki\u015faf\u0131 kefilligini teminlev meselesi boyunca Halqara forum ke\u00e7irilmesi etraf\u0131nda meydan\u011fa kelgen vaziyetni de talil ettiler.<\/p>\n\n\n\n<p>\u015eu da qayd olund\u0131 ki, Meclisni\u00f1 mezk\u00fcr Forumn\u0131 ke\u00e7irmek te\u015febb\u00fcsine Avropa Birligini\u00f1 azas\u0131 ol\u011fan devletler, Kanada, AQ\u015e, T\u00fcrkiyeni\u00f1 vekilleri, BMT, OSCE, Avropa Birligi kibi halqara te\u015fkil\u00e2tlar\u0131 qoltutt\u0131lar. Endi Ukraina taraf\u0131ndan bir y\u0131ldan berli beklenilgen resmiy cevapn\u0131 almaq qald\u0131.<br>K\u00f6r\u00fc\u015f\u00fcv i\u015ftirak\u00e7ileri Halqara forumn\u0131 ke\u00e7ir\u00fcv boyunca bir s\u0131ra tekliflerni seslendirdiler.<\/p>\n\n\n\n<figure class=\"wp-block-image size-full\"><img loading=\"lazy\" decoding=\"async\" width=\"650\" height=\"400\" src=\"http:\/\/qtmm.org\/wp-content\/uploads\/2022\/01\/3_73.jpeg\" alt=\"\" class=\"wp-image-36356\" srcset=\"https:\/\/qtmm.org\/wp-content\/uploads\/2022\/01\/3_73.jpeg 650w, https:\/\/qtmm.org\/wp-content\/uploads\/2022\/01\/3_73-300x185.jpeg 300w\" sizes=\"auto, (max-width: 650px) 100vw, 650px\" \/><\/figure>\n","protected":false},"excerpt":{"rendered":"<p>Q\u0131r\u0131mda i\u015f ziyaretinen bulun\u011fan \u00c7ehiya Cumhuriyetini\u00f1 Ukrainada Vefqulade ve Tolu Vek\u00e2letli el\u00e7isi \u0130van Po\u00e7uh aprel 2 k\u00fcn\u00fc Q\u0131r\u0131mtatar halq\u0131 Meclisine te\u015frif buyurd\u0131. \u00dcrmetli musafirni ve o\u00f1a refaqatl\u0131q yapqan \u00c7ehiyan\u0131\u00f1 Ukrainadaki el\u00e7iligini\u00f1 \u00fc\u00e7\u00fcnci k\u00e2tibi L\u00fcbo\u015f\u015f\u00e7 Veselini Meclis reisini\u00f1 birinci muavini Refat \u00c7ubarov, reisi muavini Remzi \u0130lyasov ve t\u0131\u015fq\u0131 al\u00e2qalar b\u00f6l\u00fcgini\u00f1 ba\u015f\u0131 Ali Hamzin qar\u015f\u0131lad\u0131lar. K\u00f6r\u00fc\u015f\u00fcv i\u015ftirak\u00e7ileri [&hellip;]<\/p>\n","protected":false},"author":1,"featured_media":36352,"comment_status":"open","ping_status":"open","sticky":false,"template":"","format":"standard","meta":{"inline_featured_image":false,"footnotes":""},"categories":[265],"tags":[],"class_list":["post-36351","post","type-post","status-publish","format-standard","has-post-thumbnail","hentry","category-haberler"],"acf":[],"yoast_head":"<!-- This site is optimized with the Yoast SEO plugin v27.4 - https:\/\/yoast.com\/product\/yoast-seo-wordpress\/ -->\n<title>Meclis \u00c7ehiya Cumhuriyetini\u00f1 diplomatlar\u0131n\u0131 qabul etti - \u041c\u0435\u0434\u0436\u043b\u0456\u0441<\/title>\n<meta name=\"robots\" content=\"index, follow, max-snippet:-1, max-image-preview:large, max-video-preview:-1\" \/>\n<link rel=\"canonical\" href=\"https:\/\/qtmm.org\/qt\/meclis-cehiya-cumhuriyetinin-diplomatlarini-qabul-etti\/\" \/>\n<meta property=\"og:locale\" content=\"en_US\" \/>\n<meta property=\"og:type\" content=\"article\" \/>\n<meta property=\"og:title\" content=\"Meclis \u00c7ehiya Cumhuriyetini\u00f1 diplomatlar\u0131n\u0131 qabul etti - \u041c\u0435\u0434\u0436\u043b\u0456\u0441\" \/>\n<meta property=\"og:description\" content=\"Q\u0131r\u0131mda i\u015f ziyaretinen bulun\u011fan \u00c7ehiya Cumhuriyetini\u00f1 Ukrainada Vefqulade ve Tolu Vek\u00e2letli el\u00e7isi \u0130van Po\u00e7uh aprel 2 k\u00fcn\u00fc Q\u0131r\u0131mtatar halq\u0131 Meclisine te\u015frif buyurd\u0131. \u00dcrmetli musafirni ve o\u00f1a refaqatl\u0131q yapqan \u00c7ehiyan\u0131\u00f1 Ukrainadaki el\u00e7iligini\u00f1 \u00fc\u00e7\u00fcnci k\u00e2tibi L\u00fcbo\u015f\u015f\u00e7 Veselini Meclis reisini\u00f1 birinci muavini Refat \u00c7ubarov, reisi muavini Remzi \u0130lyasov ve t\u0131\u015fq\u0131 al\u00e2qalar b\u00f6l\u00fcgini\u00f1 ba\u015f\u0131 Ali Hamzin qar\u015f\u0131lad\u0131lar. K\u00f6r\u00fc\u015f\u00fcv i\u015ftirak\u00e7ileri [&hellip;]\" \/>\n<meta property=\"og:url\" content=\"https:\/\/qtmm.org\/qt\/meclis-cehiya-cumhuriyetinin-diplomatlarini-qabul-etti\/\" \/>\n<meta property=\"og:site_name\" content=\"\u041c\u0435\u0434\u0436\u043b\u0456\u0441\" \/>\n<meta property=\"article:publisher\" content=\"https:\/\/www.facebook.com\/qtmm.info\/\" \/>\n<meta property=\"article:published_time\" content=\"2013-04-02T15:20:00+00:00\" \/>\n<meta property=\"article:modified_time\" content=\"2022-01-23T15:21:51+00:00\" \/>\n<meta property=\"og:image\" content=\"https:\/\/qtmm.org\/wp-content\/uploads\/2022\/01\/2_103.jpeg\" \/>\n\t<meta property=\"og:image:width\" content=\"650\" \/>\n\t<meta property=\"og:image:height\" content=\"400\" \/>\n\t<meta property=\"og:image:type\" content=\"image\/jpeg\" \/>\n<meta name=\"author\" content=\"Developer\" \/>\n<meta name=\"twitter:card\" content=\"summary_large_image\" \/>\n<meta name=\"twitter:label1\" content=\"Written by\" \/>\n\t<meta name=\"twitter:data1\" content=\"Developer\" \/>\n\t<meta name=\"twitter:label2\" content=\"Est. reading time\" \/>\n\t<meta name=\"twitter:data2\" content=\"2 minutes\" \/>\n<script type=\"application\/ld+json\" class=\"yoast-schema-graph\">{\"@context\":\"https:\\\/\\\/schema.org\",\"@graph\":[{\"@type\":\"Article\",\"@id\":\"https:\\\/\\\/qtmm.org\\\/qt\\\/meclis-cehiya-cumhuriyetinin-diplomatlarini-qabul-etti\\\/#article\",\"isPartOf\":{\"@id\":\"https:\\\/\\\/qtmm.org\\\/qt\\\/meclis-cehiya-cumhuriyetinin-diplomatlarini-qabul-etti\\\/\"},\"author\":{\"name\":\"Developer\",\"@id\":\"https:\\\/\\\/qtmm.org\\\/qt\\\/#\\\/schema\\\/person\\\/de562469f971dec226ac06e60bbf74a7\"},\"headline\":\"Meclis \u00c7ehiya Cumhuriyetini\u00f1 diplomatlar\u0131n\u0131 qabul etti\",\"datePublished\":\"2013-04-02T15:20:00+00:00\",\"dateModified\":\"2022-01-23T15:21:51+00:00\",\"mainEntityOfPage\":{\"@id\":\"https:\\\/\\\/qtmm.org\\\/qt\\\/meclis-cehiya-cumhuriyetinin-diplomatlarini-qabul-etti\\\/\"},\"wordCount\":416,\"commentCount\":0,\"publisher\":{\"@id\":\"https:\\\/\\\/qtmm.org\\\/qt\\\/#organization\"},\"image\":{\"@id\":\"https:\\\/\\\/qtmm.org\\\/qt\\\/meclis-cehiya-cumhuriyetinin-diplomatlarini-qabul-etti\\\/#primaryimage\"},\"thumbnailUrl\":\"https:\\\/\\\/qtmm.org\\\/wp-content\\\/uploads\\\/2022\\\/01\\\/2_103.jpeg\",\"articleSection\":[\"Haberler\"],\"inLanguage\":\"qt\",\"potentialAction\":[{\"@type\":\"CommentAction\",\"name\":\"Comment\",\"target\":[\"https:\\\/\\\/qtmm.org\\\/qt\\\/meclis-cehiya-cumhuriyetinin-diplomatlarini-qabul-etti\\\/#respond\"]}]},{\"@type\":\"WebPage\",\"@id\":\"https:\\\/\\\/qtmm.org\\\/qt\\\/meclis-cehiya-cumhuriyetinin-diplomatlarini-qabul-etti\\\/\",\"url\":\"https:\\\/\\\/qtmm.org\\\/qt\\\/meclis-cehiya-cumhuriyetinin-diplomatlarini-qabul-etti\\\/\",\"name\":\"Meclis \u00c7ehiya Cumhuriyetini\u00f1 diplomatlar\u0131n\u0131 qabul etti - \u041c\u0435\u0434\u0436\u043b\u0456\u0441\",\"isPartOf\":{\"@id\":\"https:\\\/\\\/qtmm.org\\\/qt\\\/#website\"},\"primaryImageOfPage\":{\"@id\":\"https:\\\/\\\/qtmm.org\\\/qt\\\/meclis-cehiya-cumhuriyetinin-diplomatlarini-qabul-etti\\\/#primaryimage\"},\"image\":{\"@id\":\"https:\\\/\\\/qtmm.org\\\/qt\\\/meclis-cehiya-cumhuriyetinin-diplomatlarini-qabul-etti\\\/#primaryimage\"},\"thumbnailUrl\":\"https:\\\/\\\/qtmm.org\\\/wp-content\\\/uploads\\\/2022\\\/01\\\/2_103.jpeg\",\"datePublished\":\"2013-04-02T15:20:00+00:00\",\"dateModified\":\"2022-01-23T15:21:51+00:00\",\"breadcrumb\":{\"@id\":\"https:\\\/\\\/qtmm.org\\\/qt\\\/meclis-cehiya-cumhuriyetinin-diplomatlarini-qabul-etti\\\/#breadcrumb\"},\"inLanguage\":\"qt\",\"potentialAction\":[{\"@type\":\"ReadAction\",\"target\":[\"https:\\\/\\\/qtmm.org\\\/qt\\\/meclis-cehiya-cumhuriyetinin-diplomatlarini-qabul-etti\\\/\"]}]},{\"@type\":\"ImageObject\",\"inLanguage\":\"qt\",\"@id\":\"https:\\\/\\\/qtmm.org\\\/qt\\\/meclis-cehiya-cumhuriyetinin-diplomatlarini-qabul-etti\\\/#primaryimage\",\"url\":\"https:\\\/\\\/qtmm.org\\\/wp-content\\\/uploads\\\/2022\\\/01\\\/2_103.jpeg\",\"contentUrl\":\"https:\\\/\\\/qtmm.org\\\/wp-content\\\/uploads\\\/2022\\\/01\\\/2_103.jpeg\",\"width\":650,\"height\":400},{\"@type\":\"BreadcrumbList\",\"@id\":\"https:\\\/\\\/qtmm.org\\\/qt\\\/meclis-cehiya-cumhuriyetinin-diplomatlarini-qabul-etti\\\/#breadcrumb\",\"itemListElement\":[{\"@type\":\"ListItem\",\"position\":1,\"name\":\"\u0413\u043e\u043b\u043e\u0432\u043d\u0430\",\"item\":\"https:\\\/\\\/qtmm.org\\\/qt\\\/\"},{\"@type\":\"ListItem\",\"position\":2,\"name\":\"Meclis \u00c7ehiya Cumhuriyetini\u00f1 diplomatlar\u0131n\u0131 qabul etti\"}]},{\"@type\":\"WebSite\",\"@id\":\"https:\\\/\\\/qtmm.org\\\/qt\\\/#website\",\"url\":\"https:\\\/\\\/qtmm.org\\\/qt\\\/\",\"name\":\"\u041c\u0435\u0434\u0436\u043b\u0456\u0441\",\"description\":\"\",\"publisher\":{\"@id\":\"https:\\\/\\\/qtmm.org\\\/qt\\\/#organization\"},\"potentialAction\":[{\"@type\":\"SearchAction\",\"target\":{\"@type\":\"EntryPoint\",\"urlTemplate\":\"https:\\\/\\\/qtmm.org\\\/qt\\\/?s={search_term_string}\"},\"query-input\":{\"@type\":\"PropertyValueSpecification\",\"valueRequired\":true,\"valueName\":\"search_term_string\"}}],\"inLanguage\":\"qt\"},{\"@type\":\"Organization\",\"@id\":\"https:\\\/\\\/qtmm.org\\\/qt\\\/#organization\",\"name\":\"\u041c\u0435\u0434\u0436\u043b\u0456\u0441\",\"url\":\"https:\\\/\\\/qtmm.org\\\/qt\\\/\",\"logo\":{\"@type\":\"ImageObject\",\"inLanguage\":\"qt\",\"@id\":\"https:\\\/\\\/qtmm.org\\\/qt\\\/#\\\/schema\\\/logo\\\/image\\\/\",\"url\":\"https:\\\/\\\/qtmm.org\\\/wp-content\\\/uploads\\\/2024\\\/12\\\/ua-mejlis-logo-rgb.svg\",\"contentUrl\":\"https:\\\/\\\/qtmm.org\\\/wp-content\\\/uploads\\\/2024\\\/12\\\/ua-mejlis-logo-rgb.svg\",\"caption\":\"\u041c\u0435\u0434\u0436\u043b\u0456\u0441\"},\"image\":{\"@id\":\"https:\\\/\\\/qtmm.org\\\/qt\\\/#\\\/schema\\\/logo\\\/image\\\/\"},\"sameAs\":[\"https:\\\/\\\/www.facebook.com\\\/qtmm.info\\\/\"]},{\"@type\":\"Person\",\"@id\":\"https:\\\/\\\/qtmm.org\\\/qt\\\/#\\\/schema\\\/person\\\/de562469f971dec226ac06e60bbf74a7\",\"name\":\"Developer\",\"image\":{\"@type\":\"ImageObject\",\"inLanguage\":\"qt\",\"@id\":\"https:\\\/\\\/secure.gravatar.com\\\/avatar\\\/392b4cc8fbfeb00b39dfeeab4ee6edded39ffd48e25858637e4765810300227e?s=96&d=mm&r=g\",\"url\":\"https:\\\/\\\/secure.gravatar.com\\\/avatar\\\/392b4cc8fbfeb00b39dfeeab4ee6edded39ffd48e25858637e4765810300227e?s=96&d=mm&r=g\",\"contentUrl\":\"https:\\\/\\\/secure.gravatar.com\\\/avatar\\\/392b4cc8fbfeb00b39dfeeab4ee6edded39ffd48e25858637e4765810300227e?s=96&d=mm&r=g\",\"caption\":\"Developer\"},\"url\":\"https:\\\/\\\/qtmm.org\\\/qt\\\/author\\\/Developer\\\/\"}]}<\/script>\n<!-- \/ Yoast SEO plugin. -->","yoast_head_json":{"title":"Meclis \u00c7ehiya Cumhuriyetini\u00f1 diplomatlar\u0131n\u0131 qabul etti - \u041c\u0435\u0434\u0436\u043b\u0456\u0441","robots":{"index":"index","follow":"follow","max-snippet":"max-snippet:-1","max-image-preview":"max-image-preview:large","max-video-preview":"max-video-preview:-1"},"canonical":"https:\/\/qtmm.org\/qt\/meclis-cehiya-cumhuriyetinin-diplomatlarini-qabul-etti\/","og_locale":"en_US","og_type":"article","og_title":"Meclis \u00c7ehiya Cumhuriyetini\u00f1 diplomatlar\u0131n\u0131 qabul etti - \u041c\u0435\u0434\u0436\u043b\u0456\u0441","og_description":"Q\u0131r\u0131mda i\u015f ziyaretinen bulun\u011fan \u00c7ehiya Cumhuriyetini\u00f1 Ukrainada Vefqulade ve Tolu Vek\u00e2letli el\u00e7isi \u0130van Po\u00e7uh aprel 2 k\u00fcn\u00fc Q\u0131r\u0131mtatar halq\u0131 Meclisine te\u015frif buyurd\u0131. \u00dcrmetli musafirni ve o\u00f1a refaqatl\u0131q yapqan \u00c7ehiyan\u0131\u00f1 Ukrainadaki el\u00e7iligini\u00f1 \u00fc\u00e7\u00fcnci k\u00e2tibi L\u00fcbo\u015f\u015f\u00e7 Veselini Meclis reisini\u00f1 birinci muavini Refat \u00c7ubarov, reisi muavini Remzi \u0130lyasov ve t\u0131\u015fq\u0131 al\u00e2qalar b\u00f6l\u00fcgini\u00f1 ba\u015f\u0131 Ali Hamzin qar\u015f\u0131lad\u0131lar. K\u00f6r\u00fc\u015f\u00fcv i\u015ftirak\u00e7ileri [&hellip;]","og_url":"https:\/\/qtmm.org\/qt\/meclis-cehiya-cumhuriyetinin-diplomatlarini-qabul-etti\/","og_site_name":"\u041c\u0435\u0434\u0436\u043b\u0456\u0441","article_publisher":"https:\/\/www.facebook.com\/qtmm.info\/","article_published_time":"2013-04-02T15:20:00+00:00","article_modified_time":"2022-01-23T15:21:51+00:00","og_image":[{"width":650,"height":400,"url":"https:\/\/qtmm.org\/wp-content\/uploads\/2022\/01\/2_103.jpeg","type":"image\/jpeg"}],"author":"Developer","twitter_card":"summary_large_image","twitter_misc":{"Written by":"Developer","Est. reading time":"2 minutes"},"schema":{"@context":"https:\/\/schema.org","@graph":[{"@type":"Article","@id":"https:\/\/qtmm.org\/qt\/meclis-cehiya-cumhuriyetinin-diplomatlarini-qabul-etti\/#article","isPartOf":{"@id":"https:\/\/qtmm.org\/qt\/meclis-cehiya-cumhuriyetinin-diplomatlarini-qabul-etti\/"},"author":{"name":"Developer","@id":"https:\/\/qtmm.org\/qt\/#\/schema\/person\/de562469f971dec226ac06e60bbf74a7"},"headline":"Meclis \u00c7ehiya Cumhuriyetini\u00f1 diplomatlar\u0131n\u0131 qabul etti","datePublished":"2013-04-02T15:20:00+00:00","dateModified":"2022-01-23T15:21:51+00:00","mainEntityOfPage":{"@id":"https:\/\/qtmm.org\/qt\/meclis-cehiya-cumhuriyetinin-diplomatlarini-qabul-etti\/"},"wordCount":416,"commentCount":0,"publisher":{"@id":"https:\/\/qtmm.org\/qt\/#organization"},"image":{"@id":"https:\/\/qtmm.org\/qt\/meclis-cehiya-cumhuriyetinin-diplomatlarini-qabul-etti\/#primaryimage"},"thumbnailUrl":"https:\/\/qtmm.org\/wp-content\/uploads\/2022\/01\/2_103.jpeg","articleSection":["Haberler"],"inLanguage":"qt","potentialAction":[{"@type":"CommentAction","name":"Comment","target":["https:\/\/qtmm.org\/qt\/meclis-cehiya-cumhuriyetinin-diplomatlarini-qabul-etti\/#respond"]}]},{"@type":"WebPage","@id":"https:\/\/qtmm.org\/qt\/meclis-cehiya-cumhuriyetinin-diplomatlarini-qabul-etti\/","url":"https:\/\/qtmm.org\/qt\/meclis-cehiya-cumhuriyetinin-diplomatlarini-qabul-etti\/","name":"Meclis \u00c7ehiya Cumhuriyetini\u00f1 diplomatlar\u0131n\u0131 qabul etti - \u041c\u0435\u0434\u0436\u043b\u0456\u0441","isPartOf":{"@id":"https:\/\/qtmm.org\/qt\/#website"},"primaryImageOfPage":{"@id":"https:\/\/qtmm.org\/qt\/meclis-cehiya-cumhuriyetinin-diplomatlarini-qabul-etti\/#primaryimage"},"image":{"@id":"https:\/\/qtmm.org\/qt\/meclis-cehiya-cumhuriyetinin-diplomatlarini-qabul-etti\/#primaryimage"},"thumbnailUrl":"https:\/\/qtmm.org\/wp-content\/uploads\/2022\/01\/2_103.jpeg","datePublished":"2013-04-02T15:20:00+00:00","dateModified":"2022-01-23T15:21:51+00:00","breadcrumb":{"@id":"https:\/\/qtmm.org\/qt\/meclis-cehiya-cumhuriyetinin-diplomatlarini-qabul-etti\/#breadcrumb"},"inLanguage":"qt","potentialAction":[{"@type":"ReadAction","target":["https:\/\/qtmm.org\/qt\/meclis-cehiya-cumhuriyetinin-diplomatlarini-qabul-etti\/"]}]},{"@type":"ImageObject","inLanguage":"qt","@id":"https:\/\/qtmm.org\/qt\/meclis-cehiya-cumhuriyetinin-diplomatlarini-qabul-etti\/#primaryimage","url":"https:\/\/qtmm.org\/wp-content\/uploads\/2022\/01\/2_103.jpeg","contentUrl":"https:\/\/qtmm.org\/wp-content\/uploads\/2022\/01\/2_103.jpeg","width":650,"height":400},{"@type":"BreadcrumbList","@id":"https:\/\/qtmm.org\/qt\/meclis-cehiya-cumhuriyetinin-diplomatlarini-qabul-etti\/#breadcrumb","itemListElement":[{"@type":"ListItem","position":1,"name":"\u0413\u043e\u043b\u043e\u0432\u043d\u0430","item":"https:\/\/qtmm.org\/qt\/"},{"@type":"ListItem","position":2,"name":"Meclis \u00c7ehiya Cumhuriyetini\u00f1 diplomatlar\u0131n\u0131 qabul etti"}]},{"@type":"WebSite","@id":"https:\/\/qtmm.org\/qt\/#website","url":"https:\/\/qtmm.org\/qt\/","name":"\u041c\u0435\u0434\u0436\u043b\u0456\u0441","description":"","publisher":{"@id":"https:\/\/qtmm.org\/qt\/#organization"},"potentialAction":[{"@type":"SearchAction","target":{"@type":"EntryPoint","urlTemplate":"https:\/\/qtmm.org\/qt\/?s={search_term_string}"},"query-input":{"@type":"PropertyValueSpecification","valueRequired":true,"valueName":"search_term_string"}}],"inLanguage":"qt"},{"@type":"Organization","@id":"https:\/\/qtmm.org\/qt\/#organization","name":"\u041c\u0435\u0434\u0436\u043b\u0456\u0441","url":"https:\/\/qtmm.org\/qt\/","logo":{"@type":"ImageObject","inLanguage":"qt","@id":"https:\/\/qtmm.org\/qt\/#\/schema\/logo\/image\/","url":"https:\/\/qtmm.org\/wp-content\/uploads\/2024\/12\/ua-mejlis-logo-rgb.svg","contentUrl":"https:\/\/qtmm.org\/wp-content\/uploads\/2024\/12\/ua-mejlis-logo-rgb.svg","caption":"\u041c\u0435\u0434\u0436\u043b\u0456\u0441"},"image":{"@id":"https:\/\/qtmm.org\/qt\/#\/schema\/logo\/image\/"},"sameAs":["https:\/\/www.facebook.com\/qtmm.info\/"]},{"@type":"Person","@id":"https:\/\/qtmm.org\/qt\/#\/schema\/person\/de562469f971dec226ac06e60bbf74a7","name":"Developer","image":{"@type":"ImageObject","inLanguage":"qt","@id":"https:\/\/secure.gravatar.com\/avatar\/392b4cc8fbfeb00b39dfeeab4ee6edded39ffd48e25858637e4765810300227e?s=96&d=mm&r=g","url":"https:\/\/secure.gravatar.com\/avatar\/392b4cc8fbfeb00b39dfeeab4ee6edded39ffd48e25858637e4765810300227e?s=96&d=mm&r=g","contentUrl":"https:\/\/secure.gravatar.com\/avatar\/392b4cc8fbfeb00b39dfeeab4ee6edded39ffd48e25858637e4765810300227e?s=96&d=mm&r=g","caption":"Developer"},"url":"https:\/\/qtmm.org\/qt\/author\/Developer\/"}]}},"_links":{"self":[{"href":"https:\/\/qtmm.org\/qt\/wp-json\/wp\/v2\/posts\/36351","targetHints":{"allow":["GET"]}}],"collection":[{"href":"https:\/\/qtmm.org\/qt\/wp-json\/wp\/v2\/posts"}],"about":[{"href":"https:\/\/qtmm.org\/qt\/wp-json\/wp\/v2\/types\/post"}],"author":[{"embeddable":true,"href":"https:\/\/qtmm.org\/qt\/wp-json\/wp\/v2\/users\/1"}],"replies":[{"embeddable":true,"href":"https:\/\/qtmm.org\/qt\/wp-json\/wp\/v2\/comments?post=36351"}],"version-history":[{"count":1,"href":"https:\/\/qtmm.org\/qt\/wp-json\/wp\/v2\/posts\/36351\/revisions"}],"predecessor-version":[{"id":36360,"href":"https:\/\/qtmm.org\/qt\/wp-json\/wp\/v2\/posts\/36351\/revisions\/36360"}],"wp:featuredmedia":[{"embeddable":true,"href":"https:\/\/qtmm.org\/qt\/wp-json\/wp\/v2\/media\/36352"}],"wp:attachment":[{"href":"https:\/\/qtmm.org\/qt\/wp-json\/wp\/v2\/media?parent=36351"}],"wp:term":[{"taxonomy":"category","embeddable":true,"href":"https:\/\/qtmm.org\/qt\/wp-json\/wp\/v2\/categories?post=36351"},{"taxonomy":"post_tag","embeddable":true,"href":"https:\/\/qtmm.org\/qt\/wp-json\/wp\/v2\/tags?post=36351"}],"curies":[{"name":"wp","href":"https:\/\/api.w.org\/{rel}","templated":true}]}}