




{"id":36327,"date":"2013-04-01T17:56:00","date_gmt":"2013-04-01T14:56:00","guid":{"rendered":"http:\/\/qtmm.org\/?p=36327"},"modified":"2022-01-23T17:59:33","modified_gmt":"2022-01-23T14:59:33","slug":"mustafa-cemilev-ceh-dissidentlernen-korusti","status":"publish","type":"post","link":"https:\/\/qtmm.org\/qt\/mustafa-cemilev-ceh-dissidentlernen-korusti\/","title":{"rendered":"Mustafa Cemilev \u00e7eh dissidentlernen k\u00f6r\u00fc\u015fti"},"content":{"rendered":"\n<p>Aprel 1 k\u00fcn\u00fc Meclis reisi Meclisni\u00f1 ofisinde belli \u00e7eh dissidentleri \u2013 \u00c7ehiya Prezidenti Vatslav Gaveln\u0131\u00f1 sab\u0131q mesleat\u00e7\u0131s\u0131 \u0130rji Navotn\u0131 ve Pavel Robi\u00e7ek ile k\u00f6r\u00fc\u015fti. Olar refiqalar\u0131 Marta Navotn\u0131 ve Yarmila Robi\u00e7ek ile Q\u0131r\u0131m\u011fa ziyaretnen keldiler.<\/p>\n\n\n\n<p>K\u00f6r\u00fc\u015f\u00fcvde bun\u0131\u00f1 kibi de \u00c7ehiya Cumhuriyetini\u00f1 Ukrainada el\u00e7iligini\u00f1 siyaset meseleleri boyunca measlet\u00e7\u0131s\u0131 L\u00fcba\u015f Vesel\u0131 i\u015ftirak etti. Meclisni ise t\u0131\u015fq\u0131 al\u00e2qalar b\u00f6l\u00fcgini\u00f1 ba\u015f\u0131 Ali Hamzin ve k\u00e2tibiyet ba\u015f\u0131 Zair Smedl\u00e2yev temsil ettiler.<\/p>\n\n\n\n<figure class=\"wp-block-image size-full\"><img loading=\"lazy\" decoding=\"async\" width=\"650\" height=\"400\" src=\"http:\/\/qtmm.org\/wp-content\/uploads\/2022\/01\/1_103.jpeg\" alt=\"\" class=\"wp-image-36328\" srcset=\"https:\/\/qtmm.org\/wp-content\/uploads\/2022\/01\/1_103.jpeg 650w, https:\/\/qtmm.org\/wp-content\/uploads\/2022\/01\/1_103-300x185.jpeg 300w\" sizes=\"auto, (max-width: 650px) 100vw, 650px\" \/><\/figure>\n\n\n\n<p>&#8220;Men Q\u0131r\u0131m\u011fa ilk sefer keldim, meni tek Ukrainan\u0131\u00f1 degil de, q\u0131r\u0131mtatarlarn\u0131\u00f1 da tarih\u0131 daima pek meraqland\u0131ra edi. Siz kibi sovet dissident areketinde me\u015fur insan ile k\u00f6r\u00fc\u015fmek imk\u00e2n\u0131 peyda ol\u011fan\u0131na pek sevinem&#8221;, &#8211; dedi \u0130rji Navotn\u0131 Mustafa Cemilevge h\u0131tap eterek.<\/p>\n\n\n\n<p>Subet devam\u0131nda Ukraina ve Q\u0131r\u0131mdaki vaziyetke dair fikirler seslendirildi. Mustafa Cemilev yar\u0131madada \u00fck\u00fcm s\u00fcrgen m\u00fcrekkep vaziyetke diqqatn\u0131 celp eterken, Ukraina akimlerini\u00f1 q\u0131r\u0131mtatarlar aras\u0131na \u015f\u0131na qaqmaq areketlerini yapqanlar\u0131n\u0131 qayd etti. Hucur al, l\u00e2kin olar halq aras\u0131nda i\u00e7 bir t\u00fcrl\u00fc say\u011f\u0131-itibar\u0131 olma\u011fan, 2008 senesi Kavkazda cenk ketkende Rusiye yolba\u015f\u00e7\u0131lar\u0131na muracaat etip, q\u0131r\u0131mtatar halq\u0131n\u0131 ukrain soyq\u0131r\u0131m\u0131ndan qor\u00e7alamaq ricas\u0131nda bulun\u011fan te\u015fkil\u00e2tlarnen munasebet qurma\u011fa t\u0131r\u0131\u015falar.<\/p>\n\n\n\n<figure class=\"wp-block-image size-full\"><img loading=\"lazy\" decoding=\"async\" width=\"650\" height=\"400\" src=\"http:\/\/qtmm.org\/wp-content\/uploads\/2022\/01\/2_102.jpeg\" alt=\"\" class=\"wp-image-36332\" srcset=\"https:\/\/qtmm.org\/wp-content\/uploads\/2022\/01\/2_102.jpeg 650w, https:\/\/qtmm.org\/wp-content\/uploads\/2022\/01\/2_102-300x185.jpeg 300w\" sizes=\"auto, (max-width: 650px) 100vw, 650px\" \/><\/figure>\n\n\n\n<p>L\u00e2kin bu\u00f1a ve Ukrainada meydan\u011fa kelgen diger m\u00fcrekkep ceryanlar\u011fa baqmadan ukrain cemiyeti kendisini Avropan\u0131\u00f1 bir q\u0131sm\u0131 ol\u011fan\u0131n\u0131 a\u00f1lamaqta. Q\u0131r\u0131mtatar halq\u0131 Ukrainan\u0131\u00f1 Avropa Birligine qat\u0131lmas\u0131n\u0131\u00f1 tarafdar\u0131 ol\u011fan\u0131 ayr\u0131ca qayd etildi. &#8220;Biz Ukraina Avropa Birligine qabul etilmesini pek isteymiz ve bu\u00f1a \u0131nt\u0131lam\u0131z&#8221;, &#8211; dedi Mustafa Cemilev.<\/p>\n\n\n\n<p>K\u00f6r\u00fc\u015f\u00fcv vaqt\u0131nda Qurultay\u011fa saylav meselesi de muzakere etildi. \u00c7ehiyal\u0131 musafirler saylavlarn\u0131\u00f1 nas\u0131l ke\u00e7keni ve olarda kim i\u015ftirak etkeninen meraqland\u0131lar. Saylavlarn\u0131\u00f1 demokrativligi Meclis q\u0131r\u0131mtatar halq\u0131n\u0131\u00f1 veyakletli organf\u0131 ol\u011fan\u0131ndan del\u00e2let bere.<\/p>\n\n\n\n<figure class=\"wp-block-image size-full\"><img loading=\"lazy\" decoding=\"async\" width=\"650\" height=\"400\" src=\"http:\/\/qtmm.org\/wp-content\/uploads\/2022\/01\/4_68.jpeg\" alt=\"\" class=\"wp-image-36336\" srcset=\"https:\/\/qtmm.org\/wp-content\/uploads\/2022\/01\/4_68.jpeg 650w, https:\/\/qtmm.org\/wp-content\/uploads\/2022\/01\/4_68-300x185.jpeg 300w\" sizes=\"auto, (max-width: 650px) 100vw, 650px\" \/><\/figure>\n\n\n\n<p>Mustafa Cemilev q\u0131r\u0131mtatar halq\u0131 milliy areketi daima demokratik degerlikler ve printsiplerge tayanmaqn\u0131 ba\u015f qaidesi olaraq kommunist rejimini\u00f1 e\u00f1 a\u011f\u0131r y\u0131llar\u0131nda bile say\u011fan\u0131n\u0131 qayd etti. \u015eimdiki zamanda Qurultay-Meclis sistemas\u0131 Qurultay delegatlar\u0131n\u0131 saylavn\u0131 ayn\u0131 \u015fu printsipler esas\u0131nda ke\u00e7irmekte. Saylavlar do\u011frudan-do\u011fru ve gizli olacaq. &#8220;Bu saylavlarn\u0131\u00f1 neticeleri ve olarnen ba\u011fl\u0131 er \u015feyni yal\u0131\u00f1\u0131z Ukraina vatanda\u015f\u0131 ol\u011fan saylavc\u0131 yani q\u0131r\u0131mtatar\u0131 ve on\u0131\u00f1 aile azalar\u0131 belgileycek&#8221;, &#8211; dedi Mustafa Cemilev.<\/p>\n\n\n\n<p>K\u00f6r\u00fc\u015f\u00fcvni\u00f1 so\u00f1unda \u0130rji Navotn\u0131 Mustafa Cemilevge samimiy qabul i\u00e7\u00fcn teren minnetdarl\u0131\u011f\u0131n\u0131 bildirip, q\u0131r\u0131mtatar halq\u0131 mustaqillikni soramay, on\u0131\u00f1 i\u00e7\u00fcn k\u00fcre\u015fe ve bu milliy areketni\u00f1 e\u00f1 b\u00fcy\u00fck q\u0131ymeti, dedi.<\/p>\n","protected":false},"excerpt":{"rendered":"<p>Aprel 1 k\u00fcn\u00fc Meclis reisi Meclisni\u00f1 ofisinde belli \u00e7eh dissidentleri \u2013 \u00c7ehiya Prezidenti Vatslav Gaveln\u0131\u00f1 sab\u0131q mesleat\u00e7\u0131s\u0131 \u0130rji Navotn\u0131 ve Pavel Robi\u00e7ek ile k\u00f6r\u00fc\u015fti. Olar refiqalar\u0131 Marta Navotn\u0131 ve Yarmila Robi\u00e7ek ile Q\u0131r\u0131m\u011fa ziyaretnen keldiler. K\u00f6r\u00fc\u015f\u00fcvde bun\u0131\u00f1 kibi de \u00c7ehiya Cumhuriyetini\u00f1 Ukrainada el\u00e7iligini\u00f1 siyaset meseleleri boyunca measlet\u00e7\u0131s\u0131 L\u00fcba\u015f Vesel\u0131 i\u015ftirak etti. Meclisni ise t\u0131\u015fq\u0131 al\u00e2qalar [&hellip;]<\/p>\n","protected":false},"author":1,"featured_media":36340,"comment_status":"open","ping_status":"open","sticky":false,"template":"","format":"standard","meta":{"inline_featured_image":false,"footnotes":""},"categories":[265],"tags":[],"class_list":["post-36327","post","type-post","status-publish","format-standard","has-post-thumbnail","hentry","category-haberler"],"acf":[],"yoast_head":"<!-- This site is optimized with the Yoast SEO plugin v27.4 - https:\/\/yoast.com\/product\/yoast-seo-wordpress\/ -->\n<title>Mustafa Cemilev \u00e7eh dissidentlernen k\u00f6r\u00fc\u015fti - \u041c\u0435\u0434\u0436\u043b\u0456\u0441<\/title>\n<meta name=\"robots\" content=\"index, follow, max-snippet:-1, max-image-preview:large, max-video-preview:-1\" \/>\n<link rel=\"canonical\" href=\"https:\/\/qtmm.org\/qt\/mustafa-cemilev-ceh-dissidentlernen-korusti\/\" \/>\n<meta property=\"og:locale\" content=\"en_US\" \/>\n<meta property=\"og:type\" content=\"article\" \/>\n<meta property=\"og:title\" content=\"Mustafa Cemilev \u00e7eh dissidentlernen k\u00f6r\u00fc\u015fti - \u041c\u0435\u0434\u0436\u043b\u0456\u0441\" \/>\n<meta property=\"og:description\" content=\"Aprel 1 k\u00fcn\u00fc Meclis reisi Meclisni\u00f1 ofisinde belli \u00e7eh dissidentleri \u2013 \u00c7ehiya Prezidenti Vatslav Gaveln\u0131\u00f1 sab\u0131q mesleat\u00e7\u0131s\u0131 \u0130rji Navotn\u0131 ve Pavel Robi\u00e7ek ile k\u00f6r\u00fc\u015fti. Olar refiqalar\u0131 Marta Navotn\u0131 ve Yarmila Robi\u00e7ek ile Q\u0131r\u0131m\u011fa ziyaretnen keldiler. K\u00f6r\u00fc\u015f\u00fcvde bun\u0131\u00f1 kibi de \u00c7ehiya Cumhuriyetini\u00f1 Ukrainada el\u00e7iligini\u00f1 siyaset meseleleri boyunca measlet\u00e7\u0131s\u0131 L\u00fcba\u015f Vesel\u0131 i\u015ftirak etti. Meclisni ise t\u0131\u015fq\u0131 al\u00e2qalar [&hellip;]\" \/>\n<meta property=\"og:url\" content=\"https:\/\/qtmm.org\/qt\/mustafa-cemilev-ceh-dissidentlernen-korusti\/\" \/>\n<meta property=\"og:site_name\" content=\"\u041c\u0435\u0434\u0436\u043b\u0456\u0441\" \/>\n<meta property=\"article:publisher\" content=\"https:\/\/www.facebook.com\/qtmm.info\/\" \/>\n<meta property=\"article:published_time\" content=\"2013-04-01T14:56:00+00:00\" \/>\n<meta property=\"article:modified_time\" content=\"2022-01-23T14:59:33+00:00\" \/>\n<meta property=\"og:image\" content=\"https:\/\/qtmm.org\/wp-content\/uploads\/2022\/01\/6_29.jpeg\" \/>\n\t<meta property=\"og:image:width\" content=\"650\" \/>\n\t<meta property=\"og:image:height\" content=\"448\" \/>\n\t<meta property=\"og:image:type\" content=\"image\/jpeg\" \/>\n<meta name=\"author\" content=\"Developer\" \/>\n<meta name=\"twitter:card\" content=\"summary_large_image\" \/>\n<meta name=\"twitter:label1\" content=\"Written by\" \/>\n\t<meta name=\"twitter:data1\" content=\"Developer\" \/>\n\t<meta name=\"twitter:label2\" content=\"Est. reading time\" \/>\n\t<meta name=\"twitter:data2\" content=\"2 minutes\" \/>\n<script type=\"application\/ld+json\" class=\"yoast-schema-graph\">{\"@context\":\"https:\\\/\\\/schema.org\",\"@graph\":[{\"@type\":\"Article\",\"@id\":\"https:\\\/\\\/qtmm.org\\\/qt\\\/mustafa-cemilev-ceh-dissidentlernen-korusti\\\/#article\",\"isPartOf\":{\"@id\":\"https:\\\/\\\/qtmm.org\\\/qt\\\/mustafa-cemilev-ceh-dissidentlernen-korusti\\\/\"},\"author\":{\"name\":\"Developer\",\"@id\":\"https:\\\/\\\/qtmm.org\\\/qt\\\/#\\\/schema\\\/person\\\/de562469f971dec226ac06e60bbf74a7\"},\"headline\":\"Mustafa Cemilev \u00e7eh dissidentlernen k\u00f6r\u00fc\u015fti\",\"datePublished\":\"2013-04-01T14:56:00+00:00\",\"dateModified\":\"2022-01-23T14:59:33+00:00\",\"mainEntityOfPage\":{\"@id\":\"https:\\\/\\\/qtmm.org\\\/qt\\\/mustafa-cemilev-ceh-dissidentlernen-korusti\\\/\"},\"wordCount\":463,\"commentCount\":0,\"publisher\":{\"@id\":\"https:\\\/\\\/qtmm.org\\\/qt\\\/#organization\"},\"image\":{\"@id\":\"https:\\\/\\\/qtmm.org\\\/qt\\\/mustafa-cemilev-ceh-dissidentlernen-korusti\\\/#primaryimage\"},\"thumbnailUrl\":\"https:\\\/\\\/qtmm.org\\\/wp-content\\\/uploads\\\/2022\\\/01\\\/6_29.jpeg\",\"articleSection\":[\"Haberler\"],\"inLanguage\":\"qt\",\"potentialAction\":[{\"@type\":\"CommentAction\",\"name\":\"Comment\",\"target\":[\"https:\\\/\\\/qtmm.org\\\/qt\\\/mustafa-cemilev-ceh-dissidentlernen-korusti\\\/#respond\"]}]},{\"@type\":\"WebPage\",\"@id\":\"https:\\\/\\\/qtmm.org\\\/qt\\\/mustafa-cemilev-ceh-dissidentlernen-korusti\\\/\",\"url\":\"https:\\\/\\\/qtmm.org\\\/qt\\\/mustafa-cemilev-ceh-dissidentlernen-korusti\\\/\",\"name\":\"Mustafa Cemilev \u00e7eh dissidentlernen k\u00f6r\u00fc\u015fti - \u041c\u0435\u0434\u0436\u043b\u0456\u0441\",\"isPartOf\":{\"@id\":\"https:\\\/\\\/qtmm.org\\\/qt\\\/#website\"},\"primaryImageOfPage\":{\"@id\":\"https:\\\/\\\/qtmm.org\\\/qt\\\/mustafa-cemilev-ceh-dissidentlernen-korusti\\\/#primaryimage\"},\"image\":{\"@id\":\"https:\\\/\\\/qtmm.org\\\/qt\\\/mustafa-cemilev-ceh-dissidentlernen-korusti\\\/#primaryimage\"},\"thumbnailUrl\":\"https:\\\/\\\/qtmm.org\\\/wp-content\\\/uploads\\\/2022\\\/01\\\/6_29.jpeg\",\"datePublished\":\"2013-04-01T14:56:00+00:00\",\"dateModified\":\"2022-01-23T14:59:33+00:00\",\"breadcrumb\":{\"@id\":\"https:\\\/\\\/qtmm.org\\\/qt\\\/mustafa-cemilev-ceh-dissidentlernen-korusti\\\/#breadcrumb\"},\"inLanguage\":\"qt\",\"potentialAction\":[{\"@type\":\"ReadAction\",\"target\":[\"https:\\\/\\\/qtmm.org\\\/qt\\\/mustafa-cemilev-ceh-dissidentlernen-korusti\\\/\"]}]},{\"@type\":\"ImageObject\",\"inLanguage\":\"qt\",\"@id\":\"https:\\\/\\\/qtmm.org\\\/qt\\\/mustafa-cemilev-ceh-dissidentlernen-korusti\\\/#primaryimage\",\"url\":\"https:\\\/\\\/qtmm.org\\\/wp-content\\\/uploads\\\/2022\\\/01\\\/6_29.jpeg\",\"contentUrl\":\"https:\\\/\\\/qtmm.org\\\/wp-content\\\/uploads\\\/2022\\\/01\\\/6_29.jpeg\",\"width\":650,\"height\":448},{\"@type\":\"BreadcrumbList\",\"@id\":\"https:\\\/\\\/qtmm.org\\\/qt\\\/mustafa-cemilev-ceh-dissidentlernen-korusti\\\/#breadcrumb\",\"itemListElement\":[{\"@type\":\"ListItem\",\"position\":1,\"name\":\"\u0413\u043e\u043b\u043e\u0432\u043d\u0430\",\"item\":\"https:\\\/\\\/qtmm.org\\\/qt\\\/\"},{\"@type\":\"ListItem\",\"position\":2,\"name\":\"Mustafa Cemilev \u00e7eh dissidentlernen k\u00f6r\u00fc\u015fti\"}]},{\"@type\":\"WebSite\",\"@id\":\"https:\\\/\\\/qtmm.org\\\/qt\\\/#website\",\"url\":\"https:\\\/\\\/qtmm.org\\\/qt\\\/\",\"name\":\"\u041c\u0435\u0434\u0436\u043b\u0456\u0441\",\"description\":\"\",\"publisher\":{\"@id\":\"https:\\\/\\\/qtmm.org\\\/qt\\\/#organization\"},\"potentialAction\":[{\"@type\":\"SearchAction\",\"target\":{\"@type\":\"EntryPoint\",\"urlTemplate\":\"https:\\\/\\\/qtmm.org\\\/qt\\\/?s={search_term_string}\"},\"query-input\":{\"@type\":\"PropertyValueSpecification\",\"valueRequired\":true,\"valueName\":\"search_term_string\"}}],\"inLanguage\":\"qt\"},{\"@type\":\"Organization\",\"@id\":\"https:\\\/\\\/qtmm.org\\\/qt\\\/#organization\",\"name\":\"\u041c\u0435\u0434\u0436\u043b\u0456\u0441\",\"url\":\"https:\\\/\\\/qtmm.org\\\/qt\\\/\",\"logo\":{\"@type\":\"ImageObject\",\"inLanguage\":\"qt\",\"@id\":\"https:\\\/\\\/qtmm.org\\\/qt\\\/#\\\/schema\\\/logo\\\/image\\\/\",\"url\":\"https:\\\/\\\/qtmm.org\\\/wp-content\\\/uploads\\\/2024\\\/12\\\/ua-mejlis-logo-rgb.svg\",\"contentUrl\":\"https:\\\/\\\/qtmm.org\\\/wp-content\\\/uploads\\\/2024\\\/12\\\/ua-mejlis-logo-rgb.svg\",\"caption\":\"\u041c\u0435\u0434\u0436\u043b\u0456\u0441\"},\"image\":{\"@id\":\"https:\\\/\\\/qtmm.org\\\/qt\\\/#\\\/schema\\\/logo\\\/image\\\/\"},\"sameAs\":[\"https:\\\/\\\/www.facebook.com\\\/qtmm.info\\\/\"]},{\"@type\":\"Person\",\"@id\":\"https:\\\/\\\/qtmm.org\\\/qt\\\/#\\\/schema\\\/person\\\/de562469f971dec226ac06e60bbf74a7\",\"name\":\"Developer\",\"image\":{\"@type\":\"ImageObject\",\"inLanguage\":\"qt\",\"@id\":\"https:\\\/\\\/secure.gravatar.com\\\/avatar\\\/392b4cc8fbfeb00b39dfeeab4ee6edded39ffd48e25858637e4765810300227e?s=96&d=mm&r=g\",\"url\":\"https:\\\/\\\/secure.gravatar.com\\\/avatar\\\/392b4cc8fbfeb00b39dfeeab4ee6edded39ffd48e25858637e4765810300227e?s=96&d=mm&r=g\",\"contentUrl\":\"https:\\\/\\\/secure.gravatar.com\\\/avatar\\\/392b4cc8fbfeb00b39dfeeab4ee6edded39ffd48e25858637e4765810300227e?s=96&d=mm&r=g\",\"caption\":\"Developer\"},\"url\":\"https:\\\/\\\/qtmm.org\\\/qt\\\/author\\\/Developer\\\/\"}]}<\/script>\n<!-- \/ Yoast SEO plugin. -->","yoast_head_json":{"title":"Mustafa Cemilev \u00e7eh dissidentlernen k\u00f6r\u00fc\u015fti - \u041c\u0435\u0434\u0436\u043b\u0456\u0441","robots":{"index":"index","follow":"follow","max-snippet":"max-snippet:-1","max-image-preview":"max-image-preview:large","max-video-preview":"max-video-preview:-1"},"canonical":"https:\/\/qtmm.org\/qt\/mustafa-cemilev-ceh-dissidentlernen-korusti\/","og_locale":"en_US","og_type":"article","og_title":"Mustafa Cemilev \u00e7eh dissidentlernen k\u00f6r\u00fc\u015fti - \u041c\u0435\u0434\u0436\u043b\u0456\u0441","og_description":"Aprel 1 k\u00fcn\u00fc Meclis reisi Meclisni\u00f1 ofisinde belli \u00e7eh dissidentleri \u2013 \u00c7ehiya Prezidenti Vatslav Gaveln\u0131\u00f1 sab\u0131q mesleat\u00e7\u0131s\u0131 \u0130rji Navotn\u0131 ve Pavel Robi\u00e7ek ile k\u00f6r\u00fc\u015fti. Olar refiqalar\u0131 Marta Navotn\u0131 ve Yarmila Robi\u00e7ek ile Q\u0131r\u0131m\u011fa ziyaretnen keldiler. K\u00f6r\u00fc\u015f\u00fcvde bun\u0131\u00f1 kibi de \u00c7ehiya Cumhuriyetini\u00f1 Ukrainada el\u00e7iligini\u00f1 siyaset meseleleri boyunca measlet\u00e7\u0131s\u0131 L\u00fcba\u015f Vesel\u0131 i\u015ftirak etti. Meclisni ise t\u0131\u015fq\u0131 al\u00e2qalar [&hellip;]","og_url":"https:\/\/qtmm.org\/qt\/mustafa-cemilev-ceh-dissidentlernen-korusti\/","og_site_name":"\u041c\u0435\u0434\u0436\u043b\u0456\u0441","article_publisher":"https:\/\/www.facebook.com\/qtmm.info\/","article_published_time":"2013-04-01T14:56:00+00:00","article_modified_time":"2022-01-23T14:59:33+00:00","og_image":[{"width":650,"height":448,"url":"https:\/\/qtmm.org\/wp-content\/uploads\/2022\/01\/6_29.jpeg","type":"image\/jpeg"}],"author":"Developer","twitter_card":"summary_large_image","twitter_misc":{"Written by":"Developer","Est. reading time":"2 minutes"},"schema":{"@context":"https:\/\/schema.org","@graph":[{"@type":"Article","@id":"https:\/\/qtmm.org\/qt\/mustafa-cemilev-ceh-dissidentlernen-korusti\/#article","isPartOf":{"@id":"https:\/\/qtmm.org\/qt\/mustafa-cemilev-ceh-dissidentlernen-korusti\/"},"author":{"name":"Developer","@id":"https:\/\/qtmm.org\/qt\/#\/schema\/person\/de562469f971dec226ac06e60bbf74a7"},"headline":"Mustafa Cemilev \u00e7eh dissidentlernen k\u00f6r\u00fc\u015fti","datePublished":"2013-04-01T14:56:00+00:00","dateModified":"2022-01-23T14:59:33+00:00","mainEntityOfPage":{"@id":"https:\/\/qtmm.org\/qt\/mustafa-cemilev-ceh-dissidentlernen-korusti\/"},"wordCount":463,"commentCount":0,"publisher":{"@id":"https:\/\/qtmm.org\/qt\/#organization"},"image":{"@id":"https:\/\/qtmm.org\/qt\/mustafa-cemilev-ceh-dissidentlernen-korusti\/#primaryimage"},"thumbnailUrl":"https:\/\/qtmm.org\/wp-content\/uploads\/2022\/01\/6_29.jpeg","articleSection":["Haberler"],"inLanguage":"qt","potentialAction":[{"@type":"CommentAction","name":"Comment","target":["https:\/\/qtmm.org\/qt\/mustafa-cemilev-ceh-dissidentlernen-korusti\/#respond"]}]},{"@type":"WebPage","@id":"https:\/\/qtmm.org\/qt\/mustafa-cemilev-ceh-dissidentlernen-korusti\/","url":"https:\/\/qtmm.org\/qt\/mustafa-cemilev-ceh-dissidentlernen-korusti\/","name":"Mustafa Cemilev \u00e7eh dissidentlernen k\u00f6r\u00fc\u015fti - \u041c\u0435\u0434\u0436\u043b\u0456\u0441","isPartOf":{"@id":"https:\/\/qtmm.org\/qt\/#website"},"primaryImageOfPage":{"@id":"https:\/\/qtmm.org\/qt\/mustafa-cemilev-ceh-dissidentlernen-korusti\/#primaryimage"},"image":{"@id":"https:\/\/qtmm.org\/qt\/mustafa-cemilev-ceh-dissidentlernen-korusti\/#primaryimage"},"thumbnailUrl":"https:\/\/qtmm.org\/wp-content\/uploads\/2022\/01\/6_29.jpeg","datePublished":"2013-04-01T14:56:00+00:00","dateModified":"2022-01-23T14:59:33+00:00","breadcrumb":{"@id":"https:\/\/qtmm.org\/qt\/mustafa-cemilev-ceh-dissidentlernen-korusti\/#breadcrumb"},"inLanguage":"qt","potentialAction":[{"@type":"ReadAction","target":["https:\/\/qtmm.org\/qt\/mustafa-cemilev-ceh-dissidentlernen-korusti\/"]}]},{"@type":"ImageObject","inLanguage":"qt","@id":"https:\/\/qtmm.org\/qt\/mustafa-cemilev-ceh-dissidentlernen-korusti\/#primaryimage","url":"https:\/\/qtmm.org\/wp-content\/uploads\/2022\/01\/6_29.jpeg","contentUrl":"https:\/\/qtmm.org\/wp-content\/uploads\/2022\/01\/6_29.jpeg","width":650,"height":448},{"@type":"BreadcrumbList","@id":"https:\/\/qtmm.org\/qt\/mustafa-cemilev-ceh-dissidentlernen-korusti\/#breadcrumb","itemListElement":[{"@type":"ListItem","position":1,"name":"\u0413\u043e\u043b\u043e\u0432\u043d\u0430","item":"https:\/\/qtmm.org\/qt\/"},{"@type":"ListItem","position":2,"name":"Mustafa Cemilev \u00e7eh dissidentlernen k\u00f6r\u00fc\u015fti"}]},{"@type":"WebSite","@id":"https:\/\/qtmm.org\/qt\/#website","url":"https:\/\/qtmm.org\/qt\/","name":"\u041c\u0435\u0434\u0436\u043b\u0456\u0441","description":"","publisher":{"@id":"https:\/\/qtmm.org\/qt\/#organization"},"potentialAction":[{"@type":"SearchAction","target":{"@type":"EntryPoint","urlTemplate":"https:\/\/qtmm.org\/qt\/?s={search_term_string}"},"query-input":{"@type":"PropertyValueSpecification","valueRequired":true,"valueName":"search_term_string"}}],"inLanguage":"qt"},{"@type":"Organization","@id":"https:\/\/qtmm.org\/qt\/#organization","name":"\u041c\u0435\u0434\u0436\u043b\u0456\u0441","url":"https:\/\/qtmm.org\/qt\/","logo":{"@type":"ImageObject","inLanguage":"qt","@id":"https:\/\/qtmm.org\/qt\/#\/schema\/logo\/image\/","url":"https:\/\/qtmm.org\/wp-content\/uploads\/2024\/12\/ua-mejlis-logo-rgb.svg","contentUrl":"https:\/\/qtmm.org\/wp-content\/uploads\/2024\/12\/ua-mejlis-logo-rgb.svg","caption":"\u041c\u0435\u0434\u0436\u043b\u0456\u0441"},"image":{"@id":"https:\/\/qtmm.org\/qt\/#\/schema\/logo\/image\/"},"sameAs":["https:\/\/www.facebook.com\/qtmm.info\/"]},{"@type":"Person","@id":"https:\/\/qtmm.org\/qt\/#\/schema\/person\/de562469f971dec226ac06e60bbf74a7","name":"Developer","image":{"@type":"ImageObject","inLanguage":"qt","@id":"https:\/\/secure.gravatar.com\/avatar\/392b4cc8fbfeb00b39dfeeab4ee6edded39ffd48e25858637e4765810300227e?s=96&d=mm&r=g","url":"https:\/\/secure.gravatar.com\/avatar\/392b4cc8fbfeb00b39dfeeab4ee6edded39ffd48e25858637e4765810300227e?s=96&d=mm&r=g","contentUrl":"https:\/\/secure.gravatar.com\/avatar\/392b4cc8fbfeb00b39dfeeab4ee6edded39ffd48e25858637e4765810300227e?s=96&d=mm&r=g","caption":"Developer"},"url":"https:\/\/qtmm.org\/qt\/author\/Developer\/"}]}},"_links":{"self":[{"href":"https:\/\/qtmm.org\/qt\/wp-json\/wp\/v2\/posts\/36327","targetHints":{"allow":["GET"]}}],"collection":[{"href":"https:\/\/qtmm.org\/qt\/wp-json\/wp\/v2\/posts"}],"about":[{"href":"https:\/\/qtmm.org\/qt\/wp-json\/wp\/v2\/types\/post"}],"author":[{"embeddable":true,"href":"https:\/\/qtmm.org\/qt\/wp-json\/wp\/v2\/users\/1"}],"replies":[{"embeddable":true,"href":"https:\/\/qtmm.org\/qt\/wp-json\/wp\/v2\/comments?post=36327"}],"version-history":[{"count":1,"href":"https:\/\/qtmm.org\/qt\/wp-json\/wp\/v2\/posts\/36327\/revisions"}],"predecessor-version":[{"id":36344,"href":"https:\/\/qtmm.org\/qt\/wp-json\/wp\/v2\/posts\/36327\/revisions\/36344"}],"wp:featuredmedia":[{"embeddable":true,"href":"https:\/\/qtmm.org\/qt\/wp-json\/wp\/v2\/media\/36340"}],"wp:attachment":[{"href":"https:\/\/qtmm.org\/qt\/wp-json\/wp\/v2\/media?parent=36327"}],"wp:term":[{"taxonomy":"category","embeddable":true,"href":"https:\/\/qtmm.org\/qt\/wp-json\/wp\/v2\/categories?post=36327"},{"taxonomy":"post_tag","embeddable":true,"href":"https:\/\/qtmm.org\/qt\/wp-json\/wp\/v2\/tags?post=36327"}],"curies":[{"name":"wp","href":"https:\/\/api.w.org\/{rel}","templated":true}]}}