




{"id":36309,"date":"2013-03-31T17:53:00","date_gmt":"2013-03-31T14:53:00","guid":{"rendered":"http:\/\/qtmm.org\/?p=36309"},"modified":"2022-01-23T17:55:43","modified_gmt":"2022-01-23T14:55:43","slug":"meclisnin-nevbetteki-toplasuvi","status":"publish","type":"post","link":"https:\/\/qtmm.org\/qt\/meclisnin-nevbetteki-toplasuvi\/","title":{"rendered":"Meclisni\u00f1 nevbetteki topla\u015fuv\u0131"},"content":{"rendered":"\n<p>K\u00fcn tertipni\u00f1 esas meseleleri: q\u0131r\u0131mtatar halq\u0131 soyq\u0131r\u0131m\u0131 qurbanlar\u0131n\u0131\u00f1 hat\u0131ras\u0131na ba\u011f\u0131\u015flan\u011fan ve s\u00fcrg\u00fcnlikni\u00f1 69 y\u0131ll\u0131\u011f\u0131 munasebetinen ke\u00e7irilecek matem tedbirleri; Qurultay delegatlar\u0131n\u0131 saylavn\u0131\u00f1 keti\u015fat\u0131 aqq\u0131nda.<\/p>\n\n\n\n<figure class=\"wp-block-image size-full\"><img loading=\"lazy\" decoding=\"async\" width=\"650\" height=\"300\" src=\"http:\/\/qtmm.org\/wp-content\/uploads\/2022\/01\/1_102.jpeg\" alt=\"\" class=\"wp-image-36310\" srcset=\"https:\/\/qtmm.org\/wp-content\/uploads\/2022\/01\/1_102.jpeg 650w, https:\/\/qtmm.org\/wp-content\/uploads\/2022\/01\/1_102-300x138.jpeg 300w\" sizes=\"auto, (max-width: 650px) 100vw, 650px\" \/><\/figure>\n\n\n\n<p>Q\u0131r\u0131mtatar halq\u0131 soyq\u0131r\u0131m\u0131 qurbanlar\u0131n\u0131\u00f1 hat\u0131ras\u0131na ba\u011f\u0131\u015flan\u011fan ve s\u00fcrg\u00fcnlikni\u00f1 69 y\u0131ll\u0131\u011f\u0131 munasebetinen ke\u00e7irilecek matem tedbirleri boyunca meselelerni muzakere et\u00fcv devam\u0131nda Meclis matem tedbirlerini az\u0131rlav boyunca komitetke Meclis Prezidium\u0131n\u0131\u00f1 nevbetteki topla\u015fuv\u0131nda tasdiqlamaq i\u00e7\u00fcn tedbirler plan\u0131n\u0131 siyasiy-i\u00e7timaiy vaziyetni k\u00f6z \u00f6g\u00fcne alaraq i\u015flemekni avale etti.<\/p>\n\n\n\n<p>Topla\u015fuvda H\u0131d\u0131rlez bayram\u0131n\u0131 ke\u00e7ir\u00fcv meselesi de baq\u0131l\u0131p, Prezidium azas\u0131 Emine Avamilevan\u0131\u00f1 reberliginde te\u015fkiliy komitet tizmek qarar\u0131 al\u0131nd\u0131. Te\u015fkiliy komitetke regional meclislerni\u00f1 reisleri de kirsetildi. H\u0131d\u0131rlez bayram\u0131 may\u0131s 6-da so\u00f1ki y\u0131llarda qayd etilgen yerinde yani Ba\u011f\u00e7asaray rayon\u0131nda \u015eeherizada restoran\u0131 yan\u0131nda ke\u00e7irilecek.<\/p>\n\n\n\n<figure class=\"wp-block-image size-full\"><img loading=\"lazy\" decoding=\"async\" width=\"650\" height=\"300\" src=\"http:\/\/qtmm.org\/wp-content\/uploads\/2022\/01\/4_67.jpeg\" alt=\"\" class=\"wp-image-36314\" srcset=\"https:\/\/qtmm.org\/wp-content\/uploads\/2022\/01\/4_67.jpeg 650w, https:\/\/qtmm.org\/wp-content\/uploads\/2022\/01\/4_67-300x138.jpeg 300w\" sizes=\"auto, (max-width: 650px) 100vw, 650px\" \/><\/figure>\n\n\n\n<p>So\u00f1ra s\u00f6z s\u0131ras\u0131 Qurultay delegatlar\u0131n\u0131 saylav boyunca Merkeziy saylav komissiyas\u0131n\u0131\u00f1 reisi Zair Smedl\u00e2yevge berildi. O, topla\u015fuv i\u015ftirak\u00e7ilerine Qurultay\u011fa delegatlarn\u0131 saylavlarn\u0131 ke\u00e7ir\u00fcvge az\u0131rl\u0131qn\u0131\u00f1 keti\u015fat\u0131n\u0131 tarif etti. Zair Smedl\u00e2yevni\u00f1 aytqan\u0131na k\u00f6re, bug\u00fcnde-bug\u00fcn Qurultay\u011fa delegat saylavlarda 14 q\u0131r\u0131mtatar cemaat ve siyasiy te\u015fkil\u00e2t i\u015ftirak etmek istegini bildirip, olardan 13-i komissiya taraf\u0131ndan cedvelge al\u0131nd\u0131.<\/p>\n\n\n\n<figure class=\"wp-block-image size-full\"><img loading=\"lazy\" decoding=\"async\" width=\"650\" height=\"300\" src=\"http:\/\/qtmm.org\/wp-content\/uploads\/2022\/01\/2_101.jpeg\" alt=\"\" class=\"wp-image-36318\" srcset=\"https:\/\/qtmm.org\/wp-content\/uploads\/2022\/01\/2_101.jpeg 650w, https:\/\/qtmm.org\/wp-content\/uploads\/2022\/01\/2_101-300x138.jpeg 300w\" sizes=\"auto, (max-width: 650px) 100vw, 650px\" \/><\/figure>\n\n\n\n<p>Merkeziy saylav komissiya reisi qayd etti ki, proportsional sistema boyunca te\u015fkil\u00e2t ve bloklarda 201 adam cedvelge al\u0131n\u0131p, Qurultayda 50 yerge iddia eteler. Zair Smedl\u00e2yev topla\u015fuv i\u015ftirak\u00e7ilerini\u00f1 diqqat\u0131n\u0131 \u015fu\u00f1a celp etti ki, delegatl\u0131qqa namzetlerini majoritar dairelerden k\u00f6stergen te\u015fkil\u00e2tlar ve olarn\u0131\u00f1 saylav bloklar\u0131 namzetler boyunca \u00f6z tekliflerini bildirmege aqlar\u0131 bar. \u0130mzalan\u011fan a\u00f1la\u015fma\u011fa k\u00f6re Qurultay delegatlar\u0131n\u0131 saylav ceryan\u0131n\u0131 halqara k\u00f6zeticiler nezaret etecekler, dedi komissiya reisi.<\/p>\n\n\n\n<p>Zair Smedl\u00e2yevni\u00f1 aytqan\u0131na k\u00f6re kelecek afta q\u0131r\u0131mtatar cemaat ve siyasiy te\u015fkil\u00e2tlar, olarn\u0131\u00f1 bloklar\u0131 saylav b\u00fclletenlerine nas\u0131l yerle\u015ftirilmesini belgilemek i\u00e7\u00fcn pyanke \u00e7ekmek planla\u015ft\u0131r\u0131la.<\/p>\n\n\n\n<figure class=\"wp-block-image size-full\"><img loading=\"lazy\" decoding=\"async\" width=\"650\" height=\"300\" src=\"http:\/\/qtmm.org\/wp-content\/uploads\/2022\/01\/3_71.jpeg\" alt=\"\" class=\"wp-image-36322\" srcset=\"https:\/\/qtmm.org\/wp-content\/uploads\/2022\/01\/3_71.jpeg 650w, https:\/\/qtmm.org\/wp-content\/uploads\/2022\/01\/3_71-300x138.jpeg 300w\" sizes=\"auto, (max-width: 650px) 100vw, 650px\" \/><\/figure>\n\n\n\n<p>Meclis topla\u015fuv\u0131nla bun\u0131\u00f1 kibi de B\u00fcy\u00fck Cuma Cami, Bor-\u00c7oqraq qasabas\u0131nda milliy mektep quruc\u0131l\u0131\u011f\u0131na dair mesele de baq\u0131ld\u0131.<\/p>\n\n\n\n<p>Topla\u015fuvn\u0131\u00f1 so\u00f1unda Meclis regional meclislerni\u00f1 reislerine regiondaki esas problemlerni qalemge almaqn\u0131 avale etti ki, so\u00f1ra bu problemler akimiyet ile k\u00f6r\u00fc\u015f\u00fcvlerde baq\u0131lacaq.<\/p>\n","protected":false},"excerpt":{"rendered":"<p>K\u00fcn tertipni\u00f1 esas meseleleri: q\u0131r\u0131mtatar halq\u0131 soyq\u0131r\u0131m\u0131 qurbanlar\u0131n\u0131\u00f1 hat\u0131ras\u0131na ba\u011f\u0131\u015flan\u011fan ve s\u00fcrg\u00fcnlikni\u00f1 69 y\u0131ll\u0131\u011f\u0131 munasebetinen ke\u00e7irilecek matem tedbirleri; Qurultay delegatlar\u0131n\u0131 saylavn\u0131\u00f1 keti\u015fat\u0131 aqq\u0131nda. Q\u0131r\u0131mtatar halq\u0131 soyq\u0131r\u0131m\u0131 qurbanlar\u0131n\u0131\u00f1 hat\u0131ras\u0131na ba\u011f\u0131\u015flan\u011fan ve s\u00fcrg\u00fcnlikni\u00f1 69 y\u0131ll\u0131\u011f\u0131 munasebetinen ke\u00e7irilecek matem tedbirleri boyunca meselelerni muzakere et\u00fcv devam\u0131nda Meclis matem tedbirlerini az\u0131rlav boyunca komitetke Meclis Prezidium\u0131n\u0131\u00f1 nevbetteki topla\u015fuv\u0131nda tasdiqlamaq i\u00e7\u00fcn tedbirler [&hellip;]<\/p>\n","protected":false},"author":1,"featured_media":0,"comment_status":"open","ping_status":"open","sticky":false,"template":"","format":"standard","meta":{"inline_featured_image":false,"footnotes":""},"categories":[265],"tags":[],"class_list":["post-36309","post","type-post","status-publish","format-standard","hentry","category-haberler"],"acf":[],"yoast_head":"<!-- This site is optimized with the Yoast SEO plugin v27.4 - https:\/\/yoast.com\/product\/yoast-seo-wordpress\/ -->\n<title>Meclisni\u00f1 nevbetteki topla\u015fuv\u0131 - \u041c\u0435\u0434\u0436\u043b\u0456\u0441<\/title>\n<meta name=\"robots\" content=\"index, follow, max-snippet:-1, max-image-preview:large, max-video-preview:-1\" \/>\n<link rel=\"canonical\" href=\"https:\/\/qtmm.org\/qt\/meclisnin-nevbetteki-toplasuvi\/\" \/>\n<meta property=\"og:locale\" content=\"en_US\" \/>\n<meta property=\"og:type\" content=\"article\" \/>\n<meta property=\"og:title\" content=\"Meclisni\u00f1 nevbetteki topla\u015fuv\u0131 - \u041c\u0435\u0434\u0436\u043b\u0456\u0441\" \/>\n<meta property=\"og:description\" content=\"K\u00fcn tertipni\u00f1 esas meseleleri: q\u0131r\u0131mtatar halq\u0131 soyq\u0131r\u0131m\u0131 qurbanlar\u0131n\u0131\u00f1 hat\u0131ras\u0131na ba\u011f\u0131\u015flan\u011fan ve s\u00fcrg\u00fcnlikni\u00f1 69 y\u0131ll\u0131\u011f\u0131 munasebetinen ke\u00e7irilecek matem tedbirleri; Qurultay delegatlar\u0131n\u0131 saylavn\u0131\u00f1 keti\u015fat\u0131 aqq\u0131nda. Q\u0131r\u0131mtatar halq\u0131 soyq\u0131r\u0131m\u0131 qurbanlar\u0131n\u0131\u00f1 hat\u0131ras\u0131na ba\u011f\u0131\u015flan\u011fan ve s\u00fcrg\u00fcnlikni\u00f1 69 y\u0131ll\u0131\u011f\u0131 munasebetinen ke\u00e7irilecek matem tedbirleri boyunca meselelerni muzakere et\u00fcv devam\u0131nda Meclis matem tedbirlerini az\u0131rlav boyunca komitetke Meclis Prezidium\u0131n\u0131\u00f1 nevbetteki topla\u015fuv\u0131nda tasdiqlamaq i\u00e7\u00fcn tedbirler [&hellip;]\" \/>\n<meta property=\"og:url\" content=\"https:\/\/qtmm.org\/qt\/meclisnin-nevbetteki-toplasuvi\/\" \/>\n<meta property=\"og:site_name\" content=\"\u041c\u0435\u0434\u0436\u043b\u0456\u0441\" \/>\n<meta property=\"article:publisher\" content=\"https:\/\/www.facebook.com\/qtmm.info\/\" \/>\n<meta property=\"article:published_time\" content=\"2013-03-31T14:53:00+00:00\" \/>\n<meta property=\"article:modified_time\" content=\"2022-01-23T14:55:43+00:00\" \/>\n<meta property=\"og:image\" content=\"https:\/\/qtmm.org\/wp-content\/uploads\/2022\/01\/1_102.jpeg\" \/>\n\t<meta property=\"og:image:width\" content=\"650\" \/>\n\t<meta property=\"og:image:height\" content=\"300\" \/>\n\t<meta property=\"og:image:type\" content=\"image\/jpeg\" \/>\n<meta name=\"author\" content=\"Developer\" \/>\n<meta name=\"twitter:card\" content=\"summary_large_image\" \/>\n<meta name=\"twitter:label1\" content=\"Written by\" \/>\n\t<meta name=\"twitter:data1\" content=\"Developer\" \/>\n\t<meta name=\"twitter:label2\" content=\"Est. reading time\" \/>\n\t<meta name=\"twitter:data2\" content=\"2 minutes\" \/>\n<script type=\"application\/ld+json\" class=\"yoast-schema-graph\">{\"@context\":\"https:\\\/\\\/schema.org\",\"@graph\":[{\"@type\":\"Article\",\"@id\":\"https:\\\/\\\/qtmm.org\\\/qt\\\/meclisnin-nevbetteki-toplasuvi\\\/#article\",\"isPartOf\":{\"@id\":\"https:\\\/\\\/qtmm.org\\\/qt\\\/meclisnin-nevbetteki-toplasuvi\\\/\"},\"author\":{\"name\":\"Developer\",\"@id\":\"https:\\\/\\\/qtmm.org\\\/qt\\\/#\\\/schema\\\/person\\\/de562469f971dec226ac06e60bbf74a7\"},\"headline\":\"Meclisni\u00f1 nevbetteki topla\u015fuv\u0131\",\"datePublished\":\"2013-03-31T14:53:00+00:00\",\"dateModified\":\"2022-01-23T14:55:43+00:00\",\"mainEntityOfPage\":{\"@id\":\"https:\\\/\\\/qtmm.org\\\/qt\\\/meclisnin-nevbetteki-toplasuvi\\\/\"},\"wordCount\":416,\"commentCount\":0,\"publisher\":{\"@id\":\"https:\\\/\\\/qtmm.org\\\/qt\\\/#organization\"},\"image\":{\"@id\":\"https:\\\/\\\/qtmm.org\\\/qt\\\/meclisnin-nevbetteki-toplasuvi\\\/#primaryimage\"},\"thumbnailUrl\":\"http:\\\/\\\/qtmm.org\\\/wp-content\\\/uploads\\\/2022\\\/01\\\/1_102.jpeg\",\"articleSection\":[\"Haberler\"],\"inLanguage\":\"qt\",\"potentialAction\":[{\"@type\":\"CommentAction\",\"name\":\"Comment\",\"target\":[\"https:\\\/\\\/qtmm.org\\\/qt\\\/meclisnin-nevbetteki-toplasuvi\\\/#respond\"]}]},{\"@type\":\"WebPage\",\"@id\":\"https:\\\/\\\/qtmm.org\\\/qt\\\/meclisnin-nevbetteki-toplasuvi\\\/\",\"url\":\"https:\\\/\\\/qtmm.org\\\/qt\\\/meclisnin-nevbetteki-toplasuvi\\\/\",\"name\":\"Meclisni\u00f1 nevbetteki topla\u015fuv\u0131 - \u041c\u0435\u0434\u0436\u043b\u0456\u0441\",\"isPartOf\":{\"@id\":\"https:\\\/\\\/qtmm.org\\\/qt\\\/#website\"},\"primaryImageOfPage\":{\"@id\":\"https:\\\/\\\/qtmm.org\\\/qt\\\/meclisnin-nevbetteki-toplasuvi\\\/#primaryimage\"},\"image\":{\"@id\":\"https:\\\/\\\/qtmm.org\\\/qt\\\/meclisnin-nevbetteki-toplasuvi\\\/#primaryimage\"},\"thumbnailUrl\":\"http:\\\/\\\/qtmm.org\\\/wp-content\\\/uploads\\\/2022\\\/01\\\/1_102.jpeg\",\"datePublished\":\"2013-03-31T14:53:00+00:00\",\"dateModified\":\"2022-01-23T14:55:43+00:00\",\"breadcrumb\":{\"@id\":\"https:\\\/\\\/qtmm.org\\\/qt\\\/meclisnin-nevbetteki-toplasuvi\\\/#breadcrumb\"},\"inLanguage\":\"qt\",\"potentialAction\":[{\"@type\":\"ReadAction\",\"target\":[\"https:\\\/\\\/qtmm.org\\\/qt\\\/meclisnin-nevbetteki-toplasuvi\\\/\"]}]},{\"@type\":\"ImageObject\",\"inLanguage\":\"qt\",\"@id\":\"https:\\\/\\\/qtmm.org\\\/qt\\\/meclisnin-nevbetteki-toplasuvi\\\/#primaryimage\",\"url\":\"http:\\\/\\\/qtmm.org\\\/wp-content\\\/uploads\\\/2022\\\/01\\\/1_102.jpeg\",\"contentUrl\":\"http:\\\/\\\/qtmm.org\\\/wp-content\\\/uploads\\\/2022\\\/01\\\/1_102.jpeg\"},{\"@type\":\"BreadcrumbList\",\"@id\":\"https:\\\/\\\/qtmm.org\\\/qt\\\/meclisnin-nevbetteki-toplasuvi\\\/#breadcrumb\",\"itemListElement\":[{\"@type\":\"ListItem\",\"position\":1,\"name\":\"\u0413\u043e\u043b\u043e\u0432\u043d\u0430\",\"item\":\"https:\\\/\\\/qtmm.org\\\/qt\\\/\"},{\"@type\":\"ListItem\",\"position\":2,\"name\":\"Meclisni\u00f1 nevbetteki topla\u015fuv\u0131\"}]},{\"@type\":\"WebSite\",\"@id\":\"https:\\\/\\\/qtmm.org\\\/qt\\\/#website\",\"url\":\"https:\\\/\\\/qtmm.org\\\/qt\\\/\",\"name\":\"\u041c\u0435\u0434\u0436\u043b\u0456\u0441\",\"description\":\"\",\"publisher\":{\"@id\":\"https:\\\/\\\/qtmm.org\\\/qt\\\/#organization\"},\"potentialAction\":[{\"@type\":\"SearchAction\",\"target\":{\"@type\":\"EntryPoint\",\"urlTemplate\":\"https:\\\/\\\/qtmm.org\\\/qt\\\/?s={search_term_string}\"},\"query-input\":{\"@type\":\"PropertyValueSpecification\",\"valueRequired\":true,\"valueName\":\"search_term_string\"}}],\"inLanguage\":\"qt\"},{\"@type\":\"Organization\",\"@id\":\"https:\\\/\\\/qtmm.org\\\/qt\\\/#organization\",\"name\":\"\u041c\u0435\u0434\u0436\u043b\u0456\u0441\",\"url\":\"https:\\\/\\\/qtmm.org\\\/qt\\\/\",\"logo\":{\"@type\":\"ImageObject\",\"inLanguage\":\"qt\",\"@id\":\"https:\\\/\\\/qtmm.org\\\/qt\\\/#\\\/schema\\\/logo\\\/image\\\/\",\"url\":\"https:\\\/\\\/qtmm.org\\\/wp-content\\\/uploads\\\/2024\\\/12\\\/ua-mejlis-logo-rgb.svg\",\"contentUrl\":\"https:\\\/\\\/qtmm.org\\\/wp-content\\\/uploads\\\/2024\\\/12\\\/ua-mejlis-logo-rgb.svg\",\"caption\":\"\u041c\u0435\u0434\u0436\u043b\u0456\u0441\"},\"image\":{\"@id\":\"https:\\\/\\\/qtmm.org\\\/qt\\\/#\\\/schema\\\/logo\\\/image\\\/\"},\"sameAs\":[\"https:\\\/\\\/www.facebook.com\\\/qtmm.info\\\/\"]},{\"@type\":\"Person\",\"@id\":\"https:\\\/\\\/qtmm.org\\\/qt\\\/#\\\/schema\\\/person\\\/de562469f971dec226ac06e60bbf74a7\",\"name\":\"Developer\",\"image\":{\"@type\":\"ImageObject\",\"inLanguage\":\"qt\",\"@id\":\"https:\\\/\\\/secure.gravatar.com\\\/avatar\\\/392b4cc8fbfeb00b39dfeeab4ee6edded39ffd48e25858637e4765810300227e?s=96&d=mm&r=g\",\"url\":\"https:\\\/\\\/secure.gravatar.com\\\/avatar\\\/392b4cc8fbfeb00b39dfeeab4ee6edded39ffd48e25858637e4765810300227e?s=96&d=mm&r=g\",\"contentUrl\":\"https:\\\/\\\/secure.gravatar.com\\\/avatar\\\/392b4cc8fbfeb00b39dfeeab4ee6edded39ffd48e25858637e4765810300227e?s=96&d=mm&r=g\",\"caption\":\"Developer\"},\"url\":\"https:\\\/\\\/qtmm.org\\\/qt\\\/author\\\/Developer\\\/\"}]}<\/script>\n<!-- \/ Yoast SEO plugin. -->","yoast_head_json":{"title":"Meclisni\u00f1 nevbetteki topla\u015fuv\u0131 - \u041c\u0435\u0434\u0436\u043b\u0456\u0441","robots":{"index":"index","follow":"follow","max-snippet":"max-snippet:-1","max-image-preview":"max-image-preview:large","max-video-preview":"max-video-preview:-1"},"canonical":"https:\/\/qtmm.org\/qt\/meclisnin-nevbetteki-toplasuvi\/","og_locale":"en_US","og_type":"article","og_title":"Meclisni\u00f1 nevbetteki topla\u015fuv\u0131 - \u041c\u0435\u0434\u0436\u043b\u0456\u0441","og_description":"K\u00fcn tertipni\u00f1 esas meseleleri: q\u0131r\u0131mtatar halq\u0131 soyq\u0131r\u0131m\u0131 qurbanlar\u0131n\u0131\u00f1 hat\u0131ras\u0131na ba\u011f\u0131\u015flan\u011fan ve s\u00fcrg\u00fcnlikni\u00f1 69 y\u0131ll\u0131\u011f\u0131 munasebetinen ke\u00e7irilecek matem tedbirleri; Qurultay delegatlar\u0131n\u0131 saylavn\u0131\u00f1 keti\u015fat\u0131 aqq\u0131nda. Q\u0131r\u0131mtatar halq\u0131 soyq\u0131r\u0131m\u0131 qurbanlar\u0131n\u0131\u00f1 hat\u0131ras\u0131na ba\u011f\u0131\u015flan\u011fan ve s\u00fcrg\u00fcnlikni\u00f1 69 y\u0131ll\u0131\u011f\u0131 munasebetinen ke\u00e7irilecek matem tedbirleri boyunca meselelerni muzakere et\u00fcv devam\u0131nda Meclis matem tedbirlerini az\u0131rlav boyunca komitetke Meclis Prezidium\u0131n\u0131\u00f1 nevbetteki topla\u015fuv\u0131nda tasdiqlamaq i\u00e7\u00fcn tedbirler [&hellip;]","og_url":"https:\/\/qtmm.org\/qt\/meclisnin-nevbetteki-toplasuvi\/","og_site_name":"\u041c\u0435\u0434\u0436\u043b\u0456\u0441","article_publisher":"https:\/\/www.facebook.com\/qtmm.info\/","article_published_time":"2013-03-31T14:53:00+00:00","article_modified_time":"2022-01-23T14:55:43+00:00","og_image":[{"width":650,"height":300,"url":"https:\/\/qtmm.org\/wp-content\/uploads\/2022\/01\/1_102.jpeg","type":"image\/jpeg"}],"author":"Developer","twitter_card":"summary_large_image","twitter_misc":{"Written by":"Developer","Est. reading time":"2 minutes"},"schema":{"@context":"https:\/\/schema.org","@graph":[{"@type":"Article","@id":"https:\/\/qtmm.org\/qt\/meclisnin-nevbetteki-toplasuvi\/#article","isPartOf":{"@id":"https:\/\/qtmm.org\/qt\/meclisnin-nevbetteki-toplasuvi\/"},"author":{"name":"Developer","@id":"https:\/\/qtmm.org\/qt\/#\/schema\/person\/de562469f971dec226ac06e60bbf74a7"},"headline":"Meclisni\u00f1 nevbetteki topla\u015fuv\u0131","datePublished":"2013-03-31T14:53:00+00:00","dateModified":"2022-01-23T14:55:43+00:00","mainEntityOfPage":{"@id":"https:\/\/qtmm.org\/qt\/meclisnin-nevbetteki-toplasuvi\/"},"wordCount":416,"commentCount":0,"publisher":{"@id":"https:\/\/qtmm.org\/qt\/#organization"},"image":{"@id":"https:\/\/qtmm.org\/qt\/meclisnin-nevbetteki-toplasuvi\/#primaryimage"},"thumbnailUrl":"http:\/\/qtmm.org\/wp-content\/uploads\/2022\/01\/1_102.jpeg","articleSection":["Haberler"],"inLanguage":"qt","potentialAction":[{"@type":"CommentAction","name":"Comment","target":["https:\/\/qtmm.org\/qt\/meclisnin-nevbetteki-toplasuvi\/#respond"]}]},{"@type":"WebPage","@id":"https:\/\/qtmm.org\/qt\/meclisnin-nevbetteki-toplasuvi\/","url":"https:\/\/qtmm.org\/qt\/meclisnin-nevbetteki-toplasuvi\/","name":"Meclisni\u00f1 nevbetteki topla\u015fuv\u0131 - \u041c\u0435\u0434\u0436\u043b\u0456\u0441","isPartOf":{"@id":"https:\/\/qtmm.org\/qt\/#website"},"primaryImageOfPage":{"@id":"https:\/\/qtmm.org\/qt\/meclisnin-nevbetteki-toplasuvi\/#primaryimage"},"image":{"@id":"https:\/\/qtmm.org\/qt\/meclisnin-nevbetteki-toplasuvi\/#primaryimage"},"thumbnailUrl":"http:\/\/qtmm.org\/wp-content\/uploads\/2022\/01\/1_102.jpeg","datePublished":"2013-03-31T14:53:00+00:00","dateModified":"2022-01-23T14:55:43+00:00","breadcrumb":{"@id":"https:\/\/qtmm.org\/qt\/meclisnin-nevbetteki-toplasuvi\/#breadcrumb"},"inLanguage":"qt","potentialAction":[{"@type":"ReadAction","target":["https:\/\/qtmm.org\/qt\/meclisnin-nevbetteki-toplasuvi\/"]}]},{"@type":"ImageObject","inLanguage":"qt","@id":"https:\/\/qtmm.org\/qt\/meclisnin-nevbetteki-toplasuvi\/#primaryimage","url":"http:\/\/qtmm.org\/wp-content\/uploads\/2022\/01\/1_102.jpeg","contentUrl":"http:\/\/qtmm.org\/wp-content\/uploads\/2022\/01\/1_102.jpeg"},{"@type":"BreadcrumbList","@id":"https:\/\/qtmm.org\/qt\/meclisnin-nevbetteki-toplasuvi\/#breadcrumb","itemListElement":[{"@type":"ListItem","position":1,"name":"\u0413\u043e\u043b\u043e\u0432\u043d\u0430","item":"https:\/\/qtmm.org\/qt\/"},{"@type":"ListItem","position":2,"name":"Meclisni\u00f1 nevbetteki topla\u015fuv\u0131"}]},{"@type":"WebSite","@id":"https:\/\/qtmm.org\/qt\/#website","url":"https:\/\/qtmm.org\/qt\/","name":"\u041c\u0435\u0434\u0436\u043b\u0456\u0441","description":"","publisher":{"@id":"https:\/\/qtmm.org\/qt\/#organization"},"potentialAction":[{"@type":"SearchAction","target":{"@type":"EntryPoint","urlTemplate":"https:\/\/qtmm.org\/qt\/?s={search_term_string}"},"query-input":{"@type":"PropertyValueSpecification","valueRequired":true,"valueName":"search_term_string"}}],"inLanguage":"qt"},{"@type":"Organization","@id":"https:\/\/qtmm.org\/qt\/#organization","name":"\u041c\u0435\u0434\u0436\u043b\u0456\u0441","url":"https:\/\/qtmm.org\/qt\/","logo":{"@type":"ImageObject","inLanguage":"qt","@id":"https:\/\/qtmm.org\/qt\/#\/schema\/logo\/image\/","url":"https:\/\/qtmm.org\/wp-content\/uploads\/2024\/12\/ua-mejlis-logo-rgb.svg","contentUrl":"https:\/\/qtmm.org\/wp-content\/uploads\/2024\/12\/ua-mejlis-logo-rgb.svg","caption":"\u041c\u0435\u0434\u0436\u043b\u0456\u0441"},"image":{"@id":"https:\/\/qtmm.org\/qt\/#\/schema\/logo\/image\/"},"sameAs":["https:\/\/www.facebook.com\/qtmm.info\/"]},{"@type":"Person","@id":"https:\/\/qtmm.org\/qt\/#\/schema\/person\/de562469f971dec226ac06e60bbf74a7","name":"Developer","image":{"@type":"ImageObject","inLanguage":"qt","@id":"https:\/\/secure.gravatar.com\/avatar\/392b4cc8fbfeb00b39dfeeab4ee6edded39ffd48e25858637e4765810300227e?s=96&d=mm&r=g","url":"https:\/\/secure.gravatar.com\/avatar\/392b4cc8fbfeb00b39dfeeab4ee6edded39ffd48e25858637e4765810300227e?s=96&d=mm&r=g","contentUrl":"https:\/\/secure.gravatar.com\/avatar\/392b4cc8fbfeb00b39dfeeab4ee6edded39ffd48e25858637e4765810300227e?s=96&d=mm&r=g","caption":"Developer"},"url":"https:\/\/qtmm.org\/qt\/author\/Developer\/"}]}},"_links":{"self":[{"href":"https:\/\/qtmm.org\/qt\/wp-json\/wp\/v2\/posts\/36309","targetHints":{"allow":["GET"]}}],"collection":[{"href":"https:\/\/qtmm.org\/qt\/wp-json\/wp\/v2\/posts"}],"about":[{"href":"https:\/\/qtmm.org\/qt\/wp-json\/wp\/v2\/types\/post"}],"author":[{"embeddable":true,"href":"https:\/\/qtmm.org\/qt\/wp-json\/wp\/v2\/users\/1"}],"replies":[{"embeddable":true,"href":"https:\/\/qtmm.org\/qt\/wp-json\/wp\/v2\/comments?post=36309"}],"version-history":[{"count":1,"href":"https:\/\/qtmm.org\/qt\/wp-json\/wp\/v2\/posts\/36309\/revisions"}],"predecessor-version":[{"id":36326,"href":"https:\/\/qtmm.org\/qt\/wp-json\/wp\/v2\/posts\/36309\/revisions\/36326"}],"wp:attachment":[{"href":"https:\/\/qtmm.org\/qt\/wp-json\/wp\/v2\/media?parent=36309"}],"wp:term":[{"taxonomy":"category","embeddable":true,"href":"https:\/\/qtmm.org\/qt\/wp-json\/wp\/v2\/categories?post=36309"},{"taxonomy":"post_tag","embeddable":true,"href":"https:\/\/qtmm.org\/qt\/wp-json\/wp\/v2\/tags?post=36309"}],"curies":[{"name":"wp","href":"https:\/\/api.w.org\/{rel}","templated":true}]}}