




{"id":36275,"date":"2013-03-30T17:51:00","date_gmt":"2013-03-30T14:51:00","guid":{"rendered":"http:\/\/qtmm.org\/?p=36275"},"modified":"2022-01-23T17:53:04","modified_gmt":"2022-01-23T14:53:04","slug":"ankarada-qirimoglu-bir-halqnin-kuresi-filmi-taqdim-etildi","status":"publish","type":"post","link":"https:\/\/qtmm.org\/qt\/ankarada-qirimoglu-bir-halqnin-kuresi-filmi-taqdim-etildi\/","title":{"rendered":"Ankarada \u00abQ\u0131r\u0131mo\u011flu\u2026 Bir halqn\u0131\u00f1 k\u00fcre\u015fi\u00bb filmi taqdim etildi"},"content":{"rendered":"\n<p>2013 senesi mart 28-de Ankarada T\u00fcrkiye Odalar ve Borsalar Birli\u011fi meclisler salon\u0131nda &#8220;Q\u0131r\u0131mo\u011flu\u2026 Bir halqn\u0131\u00f1 k\u00fcre\u015fi&#8221; filmini\u00f1 taqdimine ba\u011f\u0131\u015flan\u011fan tantanal\u0131 aq\u015fam ol\u0131p ke\u00e7ti<br><br>Film millet lideri ve belli siyasiy erbab Mustafa Cemilevni\u00f1 taqdirinde seyircilerni 1944 senesi may\u0131s ay\u0131nda Q\u0131r\u0131mdan s\u00fcrg\u00fcn etilgen q\u0131r\u0131mtatar halq\u0131n\u0131\u00f1 facial\u0131 taqdiri ve on\u0131\u00f1 Vatan\u011fa qaytuv ve aqlar\u0131n\u0131 tiklev o\u011frunda ces\u00fcrane k\u00fcre\u015finen tan\u0131\u015f ete.<\/p>\n\n\n\n<p>&#8220;Q\u0131r\u0131mo\u011flu\u2026 Bir halqn\u0131\u00f1 k\u00fcre\u015fi&#8221; filmi \u2013 q\u0131r\u0131mtatar halq\u0131n\u0131\u00f1 HH as\u0131rda facial\u0131 taqdiri, Q\u0131r\u0131mda \u00f6z aqalar\u0131n\u0131\u00f1 tiklenilmesi i\u00e7\u00fcn k\u00fcre\u015fi ve bug\u00fcnde-bug\u00fcn Ukrainada inki\u015faf etmesi i\u00e7\u00fcn areketi aqq\u0131nda filmler t\u00fcrk\u00fcmini\u00f1 ba\u015f\u0131d\u0131r. Bu TRT T\u00fcrkiye devlet televizion kanal\u0131n\u0131\u00f1 belli rejiss\u00f6rlar\u0131 Ne\u015fe Sar\u0131soy ve Zafer Qaratay \u011fayesini\u00f1 birinci filmidir. &#8220;Q\u0131r\u0131mo\u011flu\u2026 Bir halqn\u0131\u00f1 k\u00fcre\u015fi&#8221; filmini\u00f1 tan\u0131t\u0131m\u0131 resmiy seviyede te\u015fkil etilip, sanada T\u00fcrkiye ve Ukraina bayraqlar\u0131 qoyuld\u0131.<br>Tedbir q\u0131r\u0131mtatar derneklerini\u00f1 yolba\u015f\u00e7\u0131lar\u0131 Tuncer Kalkay, Cel\u00e2l \u0130\u00e7ten, Recep \u0130\u00e7in ve diger aktif insanlarn\u0131\u00f1 yard\u0131m\u0131nda ke\u00e7irildi.<br><br>Film tan\u0131t\u0131m\u0131nda T\u00fcrkiye ba\u015f nazir muavini B\u00fclent Ar\u0131n\u00e7, T\u00fcrkiye Odalar ve Borsalar Birli\u011fi Ba\u015fqan\u0131 Rifat Hisarc\u0131kl\u0131oglu, Radio ve televizion Yuqar\u0131 \u015euras\u0131n\u0131\u00f1 ba\u015f direktor\u0131 Davut Dursun, &#8220;TRT&#8221; T\u00fcrkiye devlet televizion kanalan\u0131n\u0131\u00f1 ba\u015f direktor\u0131 \u0130braim \u015eahin, paytaht akimlerini\u00f1 vekilleri i\u015ftirak ettiler.<br>Bun\u0131\u00f1 kibi de Ukrainan\u0131\u00f1 T\u00fcrkiyedeki Vefqulade ve Tolu vek\u00e2letli El\u00e7isi Sergey Korsunskiy, El\u00e7ilikni\u00f1 birinci k\u00e2tibi Denis Zolotar\u00f6v te\u015frif buyurd\u0131lar.<br><br>Q\u0131r\u0131mdan ise Ukraina halq deputat\u0131, Meclis reisi Mustafa Cemilev reberliginde delegatsiya erk\u00e2n\u0131na reisni\u00f1 refiqas\u0131 Safinar Cemileva, T\u00fcrkiye Cumhuriyetini\u00f1 Q\u0131r\u0131mdaki Fahriy Konsul\u0131 Seyran Osmanov, QHA \u0130nformatsion agentlikni\u00f1 koordinator\u0131, Meclisni\u00f1 T\u00fcrkiye meseleleri boyunca yard\u0131mc\u0131s\u0131 \u0130smet Y\u00fcksel, Meclisni\u00f1 T\u0131\u015fq\u0131 al\u00e2qalar b\u00f6l\u00fcgini\u00f1 ba\u015f\u0131 Ali Hamzin, Meclis azas\u0131, Aqmescit \u015feer \u015furas\u0131n\u0131\u00f1 deputat\u0131 Sad\u0131q Tabah, Kiyevdeki q\u0131r\u0131mtatarlar cemiyetini\u00f1 reisi Aslan \u00dcmerov, &#8220;ATR&#8221; kanal\u0131n\u0131\u00f1 saibi Lenur \u0130sl\u00e2mov, Aqmescit \u015feer \u015furas\u0131n\u0131\u00f1 deputat\u0131 Seytumer Berberov, Yalta \u015feeri &#8220;Derek\u00f6y&#8221; q\u0131r\u0131mtatar etnografiya merkezini\u00f1 ba\u015f\u0131 Zarema Mensitova, Qurultay delegatlar\u0131, i\u015f adamlar\u0131 Rustem \u00dcmerov, Bekir \u011eaniyev ve Moskva \u015feerinde ya\u015fa\u011fan q\u0131r\u0131mtatarlarn\u0131\u00f1 vekili, i\u015f adam\u0131 Emil Aliyev kirdiler.<\/p>\n\n\n\n<p>Tantanal\u0131 tedbirni a\u00e7qan T\u00fcrkiye ba\u015f nazir muavini B\u00fclent Ar\u0131n\u00e7 dedi ki &#8220;T\u00fcrkiye i\u00e7\u00fcn yaq\u0131n ol\u011fan q\u0131r\u0131mtatar halq\u0131n\u0131\u00f1 facial\u0131 taqdiri \u2013 t\u00fcrk halq\u0131n\u0131\u00f1 da t\u0131nma\u011fan a\u011fr\u0131s\u0131d\u0131r&#8221;. T\u00fcrk d\u00fcnyas\u0131n\u0131\u00f1 b\u00fcy\u00fck o\u011flu, d\u00fcnya demokratik k\u00fc\u00e7lerni\u00f1 itibar\u0131n\u0131 qazan\u011fan Mustafa Abdulcemil Q\u0131r\u0131mo\u011flu, Vatan\u011fa qaytmaq i\u00e7\u00fcn sovet rejimine qar\u015f\u0131 k\u00fcre\u015fken q\u0131r\u0131mtatar halq\u0131n\u0131\u00f1 milliy areketi aqq\u0131nda film \u00e7\u0131qarmaq \u2013 bu yal\u0131\u00f1\u0131z TRT devlet televizion kanal\u0131n\u0131\u00f1 degil de, T\u00fcrkiyeni\u00f1 75 million sakinlerini\u00f1 de i\u015fi olmad\u0131d\u0131r.<br><br>Ar\u0131n\u00e7 \u015fun\u0131 da qayd etti ki, Mustafa Abdulcemil Q\u0131r\u0131m \u00f6glu T\u00fcrkiyeni\u00f1 tan\u0131lm\u0131\u015f milliy qaraman\u0131 olaraq \u00f6z halq\u0131n\u0131\u00f1 aqlar\u0131 i\u00e7\u00fcn k\u00fcre\u015finen t\u00fcrk cemaat\u00e7\u0131l\u0131\u011f\u0131n\u0131\u00f1 say\u011f\u0131s\u0131n\u0131 qazand\u0131. &#8220;Bu film Q\u0131r\u0131mn\u0131\u00f1 bi\u00f1lernen insanlar\u0131 Vatan i\u00e7\u00fcn k\u00fcre\u015fkenlerini\u00f1, k\u00fcre\u015f o\u011frunda canlar\u0131n\u0131 feda etkenleri, qurban ol\u011fanlar\u0131n\u0131\u00f1 simvol\u0131 ol\u011fan\u0131n\u0131 isterdik. Bu filmni b\u00fct\u00fcn d\u00fcnya seyir etmesini isteymiz. Bug\u00fcnde-bug\u00fcn TRT telekanlan\u0131\u00f1 yay\u0131nlar\u0131n\u0131 b\u00fct\u00fcn d\u00fcnya izelemekte. Allah nasip etse, biz bu filmni bir \u00e7oq tillerge \u00e7evirip, cemi kanallar\u0131m\u0131zda yay\u0131nlamaq isteymiz&#8221;, dedi B\u00fclent Ar\u0131n\u00e7.<\/p>\n\n\n\n<p>T\u00fcrkiye ba\u015f nazir muavini 2005 senesi yani Viktor Yu\u015f\u00e7enko Ukraina Cumhurba\u015fqan\u0131 olaraq se\u00e7ilgende, kendisi ise T\u00fcrkiye B\u00fcy\u00fck Millet Meclisi reisi ol\u011fanda y\u00fcz bergen bir vaqian\u0131 ayr\u0131ca hat\u0131rlad\u0131: &#8220;Ukrainan\u0131\u00f1 ya\u00f1\u0131 saylan\u011fan Cumhurba\u015fqan\u0131 Viktor Yu\u015f\u00e7enko ziyaretime keldi. Men on\u0131\u00f1 \u015ferefine ziyafet te\u015fkil ettim. Onda bizim Cumhurba\u015fqan\u0131m\u0131z da bar edi. Diplomatik qaidelerge uyacaq-uymayca\u011f\u0131n\u0131 t\u00fc\u015f\u00fcnmeden o\u00f1a b\u00f6yle h\u0131tap ettim: &#8220;Say\u011f\u0131l\u0131 cenap Yu\u015f\u00e7enko, Mustafa Cemilev \u2013 b\u00fct\u00fcn t\u00fcrkiy halqlarn\u0131\u00f1 qaraman\u0131d\u0131r. Biz epimiz on\u0131 sevemiz ve \u00fcrmet etemiz. Eger on\u0131\u00f1 can\u0131n\u0131 a\u011f\u0131rtsa\u00f1\u0131z, demek bizim de can\u0131m\u0131z a\u011f\u0131r\u0131r. Eger on\u0131\u00f1 keyfini bozsa\u00f1\u0131z, bizim de keyfimiz bozul\u0131r. Eger siz T\u00fcrkiye ile i\u015fbirlik qurmaq istese\u00f1iz, q\u0131r\u0131mtatar halq\u0131na nisbeten davran\u0131\u015flar\u0131\u00f1\u0131zn\u0131 Mustafa Cemilev qabul etmek kerek. Bizim i\u015fbirligimiz sizi\u00f1 Mustafa Cemilevge munasebeti\u00f1izge ba\u011fl\u0131d\u0131r.&#8221; dedi B\u00fclent Ar\u0131n\u00e7. Bun\u0131\u00f1nen bir s\u0131rada o, SSSRni\u00f1 diger s\u00fcrg\u00fcn etilgen halqlar\u0131, c\u00fcmleden ahiskal\u0131 t\u00fcrkler de g\u00f6\u00f1\u00fclde\u015flik ve yard\u0131m\u011fa muhtacj ol\u011fan\u015flar\u0131n\u0131 qayd etti.<\/p>\n\n\n\n<p>\u00c7\u0131q\u0131\u015f\u0131n\u0131\u00f1 so\u00f1unda T\u00fcrkiye ba\u015f nazir muavini Ukraina El\u00e7isi Sergey Korsunskiyge film tan\u0131t\u0131m\u0131nda \u015fahsen i\u015ftirak etkeni i\u00e7\u00fcn te\u015fekk\u00fcr bildirip, ukrain akimiyetini\u00f1 m\u00fcsbet munasebetine nail ol\u011fan q\u0131r\u0131mtatar halq\u0131 eki tarafl\u0131 strategik munasebetler inki\u015faf\u0131 ve dostlu\u011f\u0131n\u0131\u00f1 k\u00f6p\u00fcri olabilir, Ukrainan\u0131\u00f1 bug\u00fcnki yolba\u015f\u00e7\u0131lar\u0131 bun\u0131 da m\u0131tlaqa esapqa almal\u0131lar, dedi.<\/p>\n\n\n\n<p>TRT Ba\u015f direktor\u0131 \u0130brahim \u015eahin \u00f6z \u00e7\u0131q\u0131\u015f\u0131nda T\u00fcrkiyeni\u00f1 devlet kanal\u0131 b\u00fct\u00fcn t\u00fcrk halq\u0131 ad\u0131ndan \u00f6z borcun\u0131 eda etkeninden \u011furur duy\u011fan\u0131n\u0131 s\u00f6yledi. On\u0131\u00f1 qayd etkenine k\u00f6re, film m\u00fcellifleri ker\u00e7ek adise ve vaqialarn\u0131 aks ettirgenler ve bu i\u015fni\u00f1 devam\u0131 olaraq daa bir qa\u00e7 seriyas\u0131n\u0131 \u00e7\u0131qarmaq planla\u015ft\u0131r\u0131la.<\/p>\n\n\n\n<p>T\u00fcrkiye Odalar ve Borsalar Birli\u011fi ba\u015fqan\u0131 Rifat Hisarc\u0131kl\u0131oglu filmni\u00f1 tan\u0131t\u0131m\u0131 ayn\u0131 olarn\u0131\u00f1 salon\u0131nda ke\u00e7irilgeninden \u00f6z\u00fcni bahtl\u0131 say\u011fan\u0131n\u0131 bildirdi. &#8220;Film Q\u0131r\u0131m ve Cemilevni\u00f1 k\u00fcre\u015fi aqq\u0131nda ik\u00e2ye etkeninden \u011fayet mutlum. Bizim nesilimiz i\u00e7\u00fcn o \u00f6z halq\u0131na h\u0131zmet et\u00fcvni\u00f1 n\u00fcm\u00fcnesidir. Mustafa Cemilev menim i\u00e7\u00fcn \u00fcyken a\u011fam, ces\u00fcrlik simvol\u0131d\u0131r. Ne qadar eziyetleseler de i\u00e7 bir zaman b\u00fck\u00fclmedi. E\u00f1 a\u011f\u0131r zamanlarda bile tek bar\u0131\u015f\u0131q tilinde qonu\u015fma\u011fa t\u0131r\u0131\u015ft\u0131. O \u00f6z aqlar\u0131n\u0131 zorluq ile degil de, \u011fayelerinen ye\u00f1di&#8221;, dedi Rifat Hisarc\u0131kl\u0131oglu. So\u00f1unda R. Hisarc\u0131kl\u0131oglu Mustafa Cemilevge h\u0131tap eterek &#8220;Sizi\u00f1 k\u00fcre\u015fi\u00f1iz \u2013bizim k\u00fcre\u015fimizdir&#8221; dedi.<\/p>\n\n\n\n<p>B\u00fct\u00fcn bu \u00e7\u0131q\u0131\u015flar\u011fa cevaplan\u011fan Mustafa Cemilev q\u0131r\u0131mtatar halq\u0131 ve on\u0131\u00f1 vek\u00e2letli organ\u0131 ol\u011fan Meclis ad\u0131ndan film yarat\u0131c\u0131lar\u0131na, ayr\u0131ca T\u00fcrkiye Cumhuriyetine ve TRT devlet televizion kanal\u0131na te\u015fekk\u00fcr bildirip, halq\u0131n\u0131\u00f1 Q\u0131r\u0131m\u011fa qaytar\u0131lmas\u0131 o\u011frunda k\u00fcre\u015fken y\u00fczlernen- bi\u00f1lernen faallerni\u00f1 hat\u0131ras\u0131na \u00fcrmet k\u00f6stergen bu filmni\u00f1 m\u00fcimligini qayd etti.<br><br>&#8220;Bizim yek\u00e2ne arzum\u0131znen Allahqa yalvar\u0131p dua ettik ki, bizge Vatan\u011fa \u00f6lmekni nasip eylesin. Allahqa \u015f\u00fck\u00fcrler olsun, biz arzum\u0131z\u011fa iri\u015ftik ve Vatan\u011fa qaytt\u0131q&#8221;, &#8211; dedi Cemilev.<br><br>Filmni\u00f1 \u00e7e\u015fit tillerde k\u00f6sterilmesi Q\u0131r\u0131mda \u00f6z milliy haqlar\u0131 i\u00e7\u00fcn k\u00fcre\u015fken halqn\u0131\u00f1 areketine m\u00fcim isse qo\u015far, dep qyd etti Cemilev.<br>&#8220;Bars\u0131n, demokratik cenk m\u0131na b\u00f6yle \u2013 qan t\u00f6k\u00fclmeden olsun&#8221;, &#8211; dedi M. Cemilev.<\/p>\n\n\n\n<p>\u00c7\u0131q\u0131\u015flardan so\u00f1 Q\u0131r\u0131mtatar halq\u0131 Meclis ive T\u00fcrkiye akimiyeti vekilleri ad\u0131ndan hediyeler ber\u00fcv merasimi ba\u015fland\u0131.<\/p>\n\n\n\n<figure class=\"wp-block-gallery columns-3 is-cropped wp-block-gallery-1 is-layout-flex wp-block-gallery-is-layout-flex\"><ul class=\"blocks-gallery-grid\"><li class=\"blocks-gallery-item\"><figure><a href=\"http:\/\/qtmm.org\/wp-content\/uploads\/2022\/01\/5159fe84b578a.jpeg\"><img loading=\"lazy\" decoding=\"async\" width=\"640\" height=\"480\" src=\"http:\/\/qtmm.org\/wp-content\/uploads\/2022\/01\/5159fe84b578a.jpeg\" alt=\"\" data-id=\"36276\" data-full-url=\"http:\/\/qtmm.org\/wp-content\/uploads\/2022\/01\/5159fe84b578a.jpeg\" data-link=\"http:\/\/qtmm.org\/qt\/?attachment_id=36276\" class=\"wp-image-36276\" srcset=\"https:\/\/qtmm.org\/wp-content\/uploads\/2022\/01\/5159fe84b578a.jpeg 640w, https:\/\/qtmm.org\/wp-content\/uploads\/2022\/01\/5159fe84b578a-300x225.jpeg 300w\" sizes=\"auto, (max-width: 640px) 100vw, 640px\" \/><\/a><\/figure><\/li><li class=\"blocks-gallery-item\"><figure><a href=\"http:\/\/qtmm.org\/wp-content\/uploads\/2022\/01\/5159fe842d4bb.jpeg\"><img loading=\"lazy\" decoding=\"async\" width=\"640\" height=\"480\" src=\"http:\/\/qtmm.org\/wp-content\/uploads\/2022\/01\/5159fe842d4bb.jpeg\" alt=\"\" data-id=\"36280\" data-full-url=\"http:\/\/qtmm.org\/wp-content\/uploads\/2022\/01\/5159fe842d4bb.jpeg\" data-link=\"http:\/\/qtmm.org\/qt\/?attachment_id=36280\" class=\"wp-image-36280\" srcset=\"https:\/\/qtmm.org\/wp-content\/uploads\/2022\/01\/5159fe842d4bb.jpeg 640w, https:\/\/qtmm.org\/wp-content\/uploads\/2022\/01\/5159fe842d4bb-300x225.jpeg 300w\" sizes=\"auto, (max-width: 640px) 100vw, 640px\" \/><\/a><\/figure><\/li><li class=\"blocks-gallery-item\"><figure><a href=\"http:\/\/qtmm.org\/wp-content\/uploads\/2022\/01\/5159fe845b460.jpeg\"><img loading=\"lazy\" decoding=\"async\" width=\"640\" height=\"480\" src=\"http:\/\/qtmm.org\/wp-content\/uploads\/2022\/01\/5159fe845b460.jpeg\" alt=\"\" data-id=\"36284\" data-full-url=\"http:\/\/qtmm.org\/wp-content\/uploads\/2022\/01\/5159fe845b460.jpeg\" data-link=\"http:\/\/qtmm.org\/qt\/?attachment_id=36284\" class=\"wp-image-36284\" srcset=\"https:\/\/qtmm.org\/wp-content\/uploads\/2022\/01\/5159fe845b460.jpeg 640w, https:\/\/qtmm.org\/wp-content\/uploads\/2022\/01\/5159fe845b460-300x225.jpeg 300w\" sizes=\"auto, (max-width: 640px) 100vw, 640px\" \/><\/a><\/figure><\/li><li class=\"blocks-gallery-item\"><figure><a href=\"http:\/\/qtmm.org\/wp-content\/uploads\/2022\/01\/5159fe849e842.jpeg\"><img loading=\"lazy\" decoding=\"async\" width=\"640\" height=\"480\" src=\"http:\/\/qtmm.org\/wp-content\/uploads\/2022\/01\/5159fe849e842.jpeg\" alt=\"\" data-id=\"36288\" data-full-url=\"http:\/\/qtmm.org\/wp-content\/uploads\/2022\/01\/5159fe849e842.jpeg\" data-link=\"http:\/\/qtmm.org\/qt\/?attachment_id=36288\" class=\"wp-image-36288\" srcset=\"https:\/\/qtmm.org\/wp-content\/uploads\/2022\/01\/5159fe849e842.jpeg 640w, https:\/\/qtmm.org\/wp-content\/uploads\/2022\/01\/5159fe849e842-300x225.jpeg 300w\" sizes=\"auto, (max-width: 640px) 100vw, 640px\" \/><\/a><\/figure><\/li><li class=\"blocks-gallery-item\"><figure><a href=\"http:\/\/qtmm.org\/wp-content\/uploads\/2022\/01\/5159fe8443c36.jpeg\"><img loading=\"lazy\" decoding=\"async\" width=\"640\" height=\"480\" src=\"http:\/\/qtmm.org\/wp-content\/uploads\/2022\/01\/5159fe8443c36.jpeg\" alt=\"\" data-id=\"36292\" data-full-url=\"http:\/\/qtmm.org\/wp-content\/uploads\/2022\/01\/5159fe8443c36.jpeg\" data-link=\"http:\/\/qtmm.org\/qt\/?attachment_id=36292\" class=\"wp-image-36292\" srcset=\"https:\/\/qtmm.org\/wp-content\/uploads\/2022\/01\/5159fe8443c36.jpeg 640w, https:\/\/qtmm.org\/wp-content\/uploads\/2022\/01\/5159fe8443c36-300x225.jpeg 300w\" sizes=\"auto, (max-width: 640px) 100vw, 640px\" \/><\/a><\/figure><\/li><li class=\"blocks-gallery-item\"><figure><a href=\"http:\/\/qtmm.org\/wp-content\/uploads\/2022\/01\/5159fe8487d73.jpeg\"><img loading=\"lazy\" decoding=\"async\" width=\"640\" height=\"480\" src=\"http:\/\/qtmm.org\/wp-content\/uploads\/2022\/01\/5159fe8487d73.jpeg\" alt=\"\" data-id=\"36296\" data-full-url=\"http:\/\/qtmm.org\/wp-content\/uploads\/2022\/01\/5159fe8487d73.jpeg\" data-link=\"http:\/\/qtmm.org\/qt\/?attachment_id=36296\" class=\"wp-image-36296\" srcset=\"https:\/\/qtmm.org\/wp-content\/uploads\/2022\/01\/5159fe8487d73.jpeg 640w, https:\/\/qtmm.org\/wp-content\/uploads\/2022\/01\/5159fe8487d73-300x225.jpeg 300w\" sizes=\"auto, (max-width: 640px) 100vw, 640px\" \/><\/a><\/figure><\/li><li class=\"blocks-gallery-item\"><figure><a href=\"http:\/\/qtmm.org\/wp-content\/uploads\/2022\/01\/5159fe84162be.jpeg\"><img loading=\"lazy\" decoding=\"async\" width=\"640\" height=\"480\" src=\"http:\/\/qtmm.org\/wp-content\/uploads\/2022\/01\/5159fe84162be.jpeg\" alt=\"\" data-id=\"36300\" data-full-url=\"http:\/\/qtmm.org\/wp-content\/uploads\/2022\/01\/5159fe84162be.jpeg\" data-link=\"http:\/\/qtmm.org\/qt\/?attachment_id=36300\" class=\"wp-image-36300\" srcset=\"https:\/\/qtmm.org\/wp-content\/uploads\/2022\/01\/5159fe84162be.jpeg 640w, https:\/\/qtmm.org\/wp-content\/uploads\/2022\/01\/5159fe84162be-300x225.jpeg 300w\" sizes=\"auto, (max-width: 640px) 100vw, 640px\" \/><\/a><\/figure><\/li><li class=\"blocks-gallery-item\"><figure><a href=\"http:\/\/qtmm.org\/wp-content\/uploads\/2022\/01\/5159fe84713ea.jpeg\"><img loading=\"lazy\" decoding=\"async\" width=\"640\" height=\"480\" src=\"http:\/\/qtmm.org\/wp-content\/uploads\/2022\/01\/5159fe84713ea.jpeg\" alt=\"\" data-id=\"36304\" data-full-url=\"http:\/\/qtmm.org\/wp-content\/uploads\/2022\/01\/5159fe84713ea.jpeg\" data-link=\"http:\/\/qtmm.org\/qt\/?attachment_id=36304\" class=\"wp-image-36304\" srcset=\"https:\/\/qtmm.org\/wp-content\/uploads\/2022\/01\/5159fe84713ea.jpeg 640w, https:\/\/qtmm.org\/wp-content\/uploads\/2022\/01\/5159fe84713ea-300x225.jpeg 300w\" sizes=\"auto, (max-width: 640px) 100vw, 640px\" \/><\/a><\/figure><\/li><\/ul><\/figure>\n","protected":false},"excerpt":{"rendered":"<p>2013 senesi mart 28-de Ankarada T\u00fcrkiye Odalar ve Borsalar Birli\u011fi meclisler salon\u0131nda &#8220;Q\u0131r\u0131mo\u011flu\u2026 Bir halqn\u0131\u00f1 k\u00fcre\u015fi&#8221; filmini\u00f1 taqdimine ba\u011f\u0131\u015flan\u011fan tantanal\u0131 aq\u015fam ol\u0131p ke\u00e7ti Film millet lideri ve belli siyasiy erbab Mustafa Cemilevni\u00f1 taqdirinde seyircilerni 1944 senesi may\u0131s ay\u0131nda Q\u0131r\u0131mdan s\u00fcrg\u00fcn etilgen q\u0131r\u0131mtatar halq\u0131n\u0131\u00f1 facial\u0131 taqdiri ve on\u0131\u00f1 Vatan\u011fa qaytuv ve aqlar\u0131n\u0131 tiklev o\u011frunda ces\u00fcrane k\u00fcre\u015finen [&hellip;]<\/p>\n","protected":false},"author":1,"featured_media":36288,"comment_status":"open","ping_status":"open","sticky":false,"template":"","format":"standard","meta":{"inline_featured_image":false,"footnotes":""},"categories":[265],"tags":[],"class_list":["post-36275","post","type-post","status-publish","format-standard","has-post-thumbnail","hentry","category-haberler"],"acf":[],"yoast_head":"<!-- This site is optimized with the Yoast SEO plugin v27.4 - https:\/\/yoast.com\/product\/yoast-seo-wordpress\/ -->\n<title>Ankarada \u00abQ\u0131r\u0131mo\u011flu\u2026 Bir halqn\u0131\u00f1 k\u00fcre\u015fi\u00bb filmi taqdim etildi - \u041c\u0435\u0434\u0436\u043b\u0456\u0441<\/title>\n<meta name=\"robots\" content=\"index, follow, max-snippet:-1, max-image-preview:large, max-video-preview:-1\" \/>\n<link rel=\"canonical\" href=\"https:\/\/qtmm.org\/qt\/ankarada-qirimoglu-bir-halqnin-kuresi-filmi-taqdim-etildi\/\" \/>\n<meta property=\"og:locale\" content=\"en_US\" \/>\n<meta property=\"og:type\" content=\"article\" \/>\n<meta property=\"og:title\" content=\"Ankarada \u00abQ\u0131r\u0131mo\u011flu\u2026 Bir halqn\u0131\u00f1 k\u00fcre\u015fi\u00bb filmi taqdim etildi - \u041c\u0435\u0434\u0436\u043b\u0456\u0441\" \/>\n<meta property=\"og:description\" content=\"2013 senesi mart 28-de Ankarada T\u00fcrkiye Odalar ve Borsalar Birli\u011fi meclisler salon\u0131nda &#8220;Q\u0131r\u0131mo\u011flu\u2026 Bir halqn\u0131\u00f1 k\u00fcre\u015fi&#8221; filmini\u00f1 taqdimine ba\u011f\u0131\u015flan\u011fan tantanal\u0131 aq\u015fam ol\u0131p ke\u00e7ti Film millet lideri ve belli siyasiy erbab Mustafa Cemilevni\u00f1 taqdirinde seyircilerni 1944 senesi may\u0131s ay\u0131nda Q\u0131r\u0131mdan s\u00fcrg\u00fcn etilgen q\u0131r\u0131mtatar halq\u0131n\u0131\u00f1 facial\u0131 taqdiri ve on\u0131\u00f1 Vatan\u011fa qaytuv ve aqlar\u0131n\u0131 tiklev o\u011frunda ces\u00fcrane k\u00fcre\u015finen [&hellip;]\" \/>\n<meta property=\"og:url\" content=\"https:\/\/qtmm.org\/qt\/ankarada-qirimoglu-bir-halqnin-kuresi-filmi-taqdim-etildi\/\" \/>\n<meta property=\"og:site_name\" content=\"\u041c\u0435\u0434\u0436\u043b\u0456\u0441\" \/>\n<meta property=\"article:publisher\" content=\"https:\/\/www.facebook.com\/qtmm.info\/\" \/>\n<meta property=\"article:published_time\" content=\"2013-03-30T14:51:00+00:00\" \/>\n<meta property=\"article:modified_time\" content=\"2022-01-23T14:53:04+00:00\" \/>\n<meta property=\"og:image\" content=\"https:\/\/qtmm.org\/wp-content\/uploads\/2022\/01\/5159fe849e842.jpeg\" \/>\n\t<meta property=\"og:image:width\" content=\"640\" \/>\n\t<meta property=\"og:image:height\" content=\"480\" \/>\n\t<meta property=\"og:image:type\" content=\"image\/jpeg\" \/>\n<meta name=\"author\" content=\"Developer\" \/>\n<meta name=\"twitter:card\" content=\"summary_large_image\" \/>\n<meta name=\"twitter:label1\" content=\"Written by\" \/>\n\t<meta name=\"twitter:data1\" content=\"Developer\" \/>\n\t<meta name=\"twitter:label2\" content=\"Est. reading time\" \/>\n\t<meta name=\"twitter:data2\" content=\"6 minutes\" \/>\n<script type=\"application\/ld+json\" class=\"yoast-schema-graph\">{\"@context\":\"https:\\\/\\\/schema.org\",\"@graph\":[{\"@type\":\"Article\",\"@id\":\"https:\\\/\\\/qtmm.org\\\/qt\\\/ankarada-qirimoglu-bir-halqnin-kuresi-filmi-taqdim-etildi\\\/#article\",\"isPartOf\":{\"@id\":\"https:\\\/\\\/qtmm.org\\\/qt\\\/ankarada-qirimoglu-bir-halqnin-kuresi-filmi-taqdim-etildi\\\/\"},\"author\":{\"name\":\"Developer\",\"@id\":\"https:\\\/\\\/qtmm.org\\\/qt\\\/#\\\/schema\\\/person\\\/de562469f971dec226ac06e60bbf74a7\"},\"headline\":\"Ankarada \u00abQ\u0131r\u0131mo\u011flu\u2026 Bir halqn\u0131\u00f1 k\u00fcre\u015fi\u00bb filmi taqdim etildi\",\"datePublished\":\"2013-03-30T14:51:00+00:00\",\"dateModified\":\"2022-01-23T14:53:04+00:00\",\"mainEntityOfPage\":{\"@id\":\"https:\\\/\\\/qtmm.org\\\/qt\\\/ankarada-qirimoglu-bir-halqnin-kuresi-filmi-taqdim-etildi\\\/\"},\"wordCount\":1286,\"commentCount\":0,\"publisher\":{\"@id\":\"https:\\\/\\\/qtmm.org\\\/qt\\\/#organization\"},\"image\":{\"@id\":\"https:\\\/\\\/qtmm.org\\\/qt\\\/ankarada-qirimoglu-bir-halqnin-kuresi-filmi-taqdim-etildi\\\/#primaryimage\"},\"thumbnailUrl\":\"https:\\\/\\\/qtmm.org\\\/wp-content\\\/uploads\\\/2022\\\/01\\\/5159fe849e842.jpeg\",\"articleSection\":[\"Haberler\"],\"inLanguage\":\"qt\",\"potentialAction\":[{\"@type\":\"CommentAction\",\"name\":\"Comment\",\"target\":[\"https:\\\/\\\/qtmm.org\\\/qt\\\/ankarada-qirimoglu-bir-halqnin-kuresi-filmi-taqdim-etildi\\\/#respond\"]}]},{\"@type\":\"WebPage\",\"@id\":\"https:\\\/\\\/qtmm.org\\\/qt\\\/ankarada-qirimoglu-bir-halqnin-kuresi-filmi-taqdim-etildi\\\/\",\"url\":\"https:\\\/\\\/qtmm.org\\\/qt\\\/ankarada-qirimoglu-bir-halqnin-kuresi-filmi-taqdim-etildi\\\/\",\"name\":\"Ankarada \u00abQ\u0131r\u0131mo\u011flu\u2026 Bir halqn\u0131\u00f1 k\u00fcre\u015fi\u00bb filmi taqdim etildi - \u041c\u0435\u0434\u0436\u043b\u0456\u0441\",\"isPartOf\":{\"@id\":\"https:\\\/\\\/qtmm.org\\\/qt\\\/#website\"},\"primaryImageOfPage\":{\"@id\":\"https:\\\/\\\/qtmm.org\\\/qt\\\/ankarada-qirimoglu-bir-halqnin-kuresi-filmi-taqdim-etildi\\\/#primaryimage\"},\"image\":{\"@id\":\"https:\\\/\\\/qtmm.org\\\/qt\\\/ankarada-qirimoglu-bir-halqnin-kuresi-filmi-taqdim-etildi\\\/#primaryimage\"},\"thumbnailUrl\":\"https:\\\/\\\/qtmm.org\\\/wp-content\\\/uploads\\\/2022\\\/01\\\/5159fe849e842.jpeg\",\"datePublished\":\"2013-03-30T14:51:00+00:00\",\"dateModified\":\"2022-01-23T14:53:04+00:00\",\"breadcrumb\":{\"@id\":\"https:\\\/\\\/qtmm.org\\\/qt\\\/ankarada-qirimoglu-bir-halqnin-kuresi-filmi-taqdim-etildi\\\/#breadcrumb\"},\"inLanguage\":\"qt\",\"potentialAction\":[{\"@type\":\"ReadAction\",\"target\":[\"https:\\\/\\\/qtmm.org\\\/qt\\\/ankarada-qirimoglu-bir-halqnin-kuresi-filmi-taqdim-etildi\\\/\"]}]},{\"@type\":\"ImageObject\",\"inLanguage\":\"qt\",\"@id\":\"https:\\\/\\\/qtmm.org\\\/qt\\\/ankarada-qirimoglu-bir-halqnin-kuresi-filmi-taqdim-etildi\\\/#primaryimage\",\"url\":\"https:\\\/\\\/qtmm.org\\\/wp-content\\\/uploads\\\/2022\\\/01\\\/5159fe849e842.jpeg\",\"contentUrl\":\"https:\\\/\\\/qtmm.org\\\/wp-content\\\/uploads\\\/2022\\\/01\\\/5159fe849e842.jpeg\",\"width\":640,\"height\":480},{\"@type\":\"BreadcrumbList\",\"@id\":\"https:\\\/\\\/qtmm.org\\\/qt\\\/ankarada-qirimoglu-bir-halqnin-kuresi-filmi-taqdim-etildi\\\/#breadcrumb\",\"itemListElement\":[{\"@type\":\"ListItem\",\"position\":1,\"name\":\"\u0413\u043e\u043b\u043e\u0432\u043d\u0430\",\"item\":\"https:\\\/\\\/qtmm.org\\\/qt\\\/\"},{\"@type\":\"ListItem\",\"position\":2,\"name\":\"Ankarada \u00abQ\u0131r\u0131mo\u011flu\u2026 Bir halqn\u0131\u00f1 k\u00fcre\u015fi\u00bb filmi taqdim etildi\"}]},{\"@type\":\"WebSite\",\"@id\":\"https:\\\/\\\/qtmm.org\\\/qt\\\/#website\",\"url\":\"https:\\\/\\\/qtmm.org\\\/qt\\\/\",\"name\":\"\u041c\u0435\u0434\u0436\u043b\u0456\u0441\",\"description\":\"\",\"publisher\":{\"@id\":\"https:\\\/\\\/qtmm.org\\\/qt\\\/#organization\"},\"potentialAction\":[{\"@type\":\"SearchAction\",\"target\":{\"@type\":\"EntryPoint\",\"urlTemplate\":\"https:\\\/\\\/qtmm.org\\\/qt\\\/?s={search_term_string}\"},\"query-input\":{\"@type\":\"PropertyValueSpecification\",\"valueRequired\":true,\"valueName\":\"search_term_string\"}}],\"inLanguage\":\"qt\"},{\"@type\":\"Organization\",\"@id\":\"https:\\\/\\\/qtmm.org\\\/qt\\\/#organization\",\"name\":\"\u041c\u0435\u0434\u0436\u043b\u0456\u0441\",\"url\":\"https:\\\/\\\/qtmm.org\\\/qt\\\/\",\"logo\":{\"@type\":\"ImageObject\",\"inLanguage\":\"qt\",\"@id\":\"https:\\\/\\\/qtmm.org\\\/qt\\\/#\\\/schema\\\/logo\\\/image\\\/\",\"url\":\"https:\\\/\\\/qtmm.org\\\/wp-content\\\/uploads\\\/2024\\\/12\\\/ua-mejlis-logo-rgb.svg\",\"contentUrl\":\"https:\\\/\\\/qtmm.org\\\/wp-content\\\/uploads\\\/2024\\\/12\\\/ua-mejlis-logo-rgb.svg\",\"caption\":\"\u041c\u0435\u0434\u0436\u043b\u0456\u0441\"},\"image\":{\"@id\":\"https:\\\/\\\/qtmm.org\\\/qt\\\/#\\\/schema\\\/logo\\\/image\\\/\"},\"sameAs\":[\"https:\\\/\\\/www.facebook.com\\\/qtmm.info\\\/\"]},{\"@type\":\"Person\",\"@id\":\"https:\\\/\\\/qtmm.org\\\/qt\\\/#\\\/schema\\\/person\\\/de562469f971dec226ac06e60bbf74a7\",\"name\":\"Developer\",\"image\":{\"@type\":\"ImageObject\",\"inLanguage\":\"qt\",\"@id\":\"https:\\\/\\\/secure.gravatar.com\\\/avatar\\\/392b4cc8fbfeb00b39dfeeab4ee6edded39ffd48e25858637e4765810300227e?s=96&d=mm&r=g\",\"url\":\"https:\\\/\\\/secure.gravatar.com\\\/avatar\\\/392b4cc8fbfeb00b39dfeeab4ee6edded39ffd48e25858637e4765810300227e?s=96&d=mm&r=g\",\"contentUrl\":\"https:\\\/\\\/secure.gravatar.com\\\/avatar\\\/392b4cc8fbfeb00b39dfeeab4ee6edded39ffd48e25858637e4765810300227e?s=96&d=mm&r=g\",\"caption\":\"Developer\"},\"url\":\"https:\\\/\\\/qtmm.org\\\/qt\\\/author\\\/Developer\\\/\"}]}<\/script>\n<!-- \/ Yoast SEO plugin. -->","yoast_head_json":{"title":"Ankarada \u00abQ\u0131r\u0131mo\u011flu\u2026 Bir halqn\u0131\u00f1 k\u00fcre\u015fi\u00bb filmi taqdim etildi - \u041c\u0435\u0434\u0436\u043b\u0456\u0441","robots":{"index":"index","follow":"follow","max-snippet":"max-snippet:-1","max-image-preview":"max-image-preview:large","max-video-preview":"max-video-preview:-1"},"canonical":"https:\/\/qtmm.org\/qt\/ankarada-qirimoglu-bir-halqnin-kuresi-filmi-taqdim-etildi\/","og_locale":"en_US","og_type":"article","og_title":"Ankarada \u00abQ\u0131r\u0131mo\u011flu\u2026 Bir halqn\u0131\u00f1 k\u00fcre\u015fi\u00bb filmi taqdim etildi - \u041c\u0435\u0434\u0436\u043b\u0456\u0441","og_description":"2013 senesi mart 28-de Ankarada T\u00fcrkiye Odalar ve Borsalar Birli\u011fi meclisler salon\u0131nda &#8220;Q\u0131r\u0131mo\u011flu\u2026 Bir halqn\u0131\u00f1 k\u00fcre\u015fi&#8221; filmini\u00f1 taqdimine ba\u011f\u0131\u015flan\u011fan tantanal\u0131 aq\u015fam ol\u0131p ke\u00e7ti Film millet lideri ve belli siyasiy erbab Mustafa Cemilevni\u00f1 taqdirinde seyircilerni 1944 senesi may\u0131s ay\u0131nda Q\u0131r\u0131mdan s\u00fcrg\u00fcn etilgen q\u0131r\u0131mtatar halq\u0131n\u0131\u00f1 facial\u0131 taqdiri ve on\u0131\u00f1 Vatan\u011fa qaytuv ve aqlar\u0131n\u0131 tiklev o\u011frunda ces\u00fcrane k\u00fcre\u015finen [&hellip;]","og_url":"https:\/\/qtmm.org\/qt\/ankarada-qirimoglu-bir-halqnin-kuresi-filmi-taqdim-etildi\/","og_site_name":"\u041c\u0435\u0434\u0436\u043b\u0456\u0441","article_publisher":"https:\/\/www.facebook.com\/qtmm.info\/","article_published_time":"2013-03-30T14:51:00+00:00","article_modified_time":"2022-01-23T14:53:04+00:00","og_image":[{"width":640,"height":480,"url":"https:\/\/qtmm.org\/wp-content\/uploads\/2022\/01\/5159fe849e842.jpeg","type":"image\/jpeg"}],"author":"Developer","twitter_card":"summary_large_image","twitter_misc":{"Written by":"Developer","Est. reading time":"6 minutes"},"schema":{"@context":"https:\/\/schema.org","@graph":[{"@type":"Article","@id":"https:\/\/qtmm.org\/qt\/ankarada-qirimoglu-bir-halqnin-kuresi-filmi-taqdim-etildi\/#article","isPartOf":{"@id":"https:\/\/qtmm.org\/qt\/ankarada-qirimoglu-bir-halqnin-kuresi-filmi-taqdim-etildi\/"},"author":{"name":"Developer","@id":"https:\/\/qtmm.org\/qt\/#\/schema\/person\/de562469f971dec226ac06e60bbf74a7"},"headline":"Ankarada \u00abQ\u0131r\u0131mo\u011flu\u2026 Bir halqn\u0131\u00f1 k\u00fcre\u015fi\u00bb filmi taqdim etildi","datePublished":"2013-03-30T14:51:00+00:00","dateModified":"2022-01-23T14:53:04+00:00","mainEntityOfPage":{"@id":"https:\/\/qtmm.org\/qt\/ankarada-qirimoglu-bir-halqnin-kuresi-filmi-taqdim-etildi\/"},"wordCount":1286,"commentCount":0,"publisher":{"@id":"https:\/\/qtmm.org\/qt\/#organization"},"image":{"@id":"https:\/\/qtmm.org\/qt\/ankarada-qirimoglu-bir-halqnin-kuresi-filmi-taqdim-etildi\/#primaryimage"},"thumbnailUrl":"https:\/\/qtmm.org\/wp-content\/uploads\/2022\/01\/5159fe849e842.jpeg","articleSection":["Haberler"],"inLanguage":"qt","potentialAction":[{"@type":"CommentAction","name":"Comment","target":["https:\/\/qtmm.org\/qt\/ankarada-qirimoglu-bir-halqnin-kuresi-filmi-taqdim-etildi\/#respond"]}]},{"@type":"WebPage","@id":"https:\/\/qtmm.org\/qt\/ankarada-qirimoglu-bir-halqnin-kuresi-filmi-taqdim-etildi\/","url":"https:\/\/qtmm.org\/qt\/ankarada-qirimoglu-bir-halqnin-kuresi-filmi-taqdim-etildi\/","name":"Ankarada \u00abQ\u0131r\u0131mo\u011flu\u2026 Bir halqn\u0131\u00f1 k\u00fcre\u015fi\u00bb filmi taqdim etildi - \u041c\u0435\u0434\u0436\u043b\u0456\u0441","isPartOf":{"@id":"https:\/\/qtmm.org\/qt\/#website"},"primaryImageOfPage":{"@id":"https:\/\/qtmm.org\/qt\/ankarada-qirimoglu-bir-halqnin-kuresi-filmi-taqdim-etildi\/#primaryimage"},"image":{"@id":"https:\/\/qtmm.org\/qt\/ankarada-qirimoglu-bir-halqnin-kuresi-filmi-taqdim-etildi\/#primaryimage"},"thumbnailUrl":"https:\/\/qtmm.org\/wp-content\/uploads\/2022\/01\/5159fe849e842.jpeg","datePublished":"2013-03-30T14:51:00+00:00","dateModified":"2022-01-23T14:53:04+00:00","breadcrumb":{"@id":"https:\/\/qtmm.org\/qt\/ankarada-qirimoglu-bir-halqnin-kuresi-filmi-taqdim-etildi\/#breadcrumb"},"inLanguage":"qt","potentialAction":[{"@type":"ReadAction","target":["https:\/\/qtmm.org\/qt\/ankarada-qirimoglu-bir-halqnin-kuresi-filmi-taqdim-etildi\/"]}]},{"@type":"ImageObject","inLanguage":"qt","@id":"https:\/\/qtmm.org\/qt\/ankarada-qirimoglu-bir-halqnin-kuresi-filmi-taqdim-etildi\/#primaryimage","url":"https:\/\/qtmm.org\/wp-content\/uploads\/2022\/01\/5159fe849e842.jpeg","contentUrl":"https:\/\/qtmm.org\/wp-content\/uploads\/2022\/01\/5159fe849e842.jpeg","width":640,"height":480},{"@type":"BreadcrumbList","@id":"https:\/\/qtmm.org\/qt\/ankarada-qirimoglu-bir-halqnin-kuresi-filmi-taqdim-etildi\/#breadcrumb","itemListElement":[{"@type":"ListItem","position":1,"name":"\u0413\u043e\u043b\u043e\u0432\u043d\u0430","item":"https:\/\/qtmm.org\/qt\/"},{"@type":"ListItem","position":2,"name":"Ankarada \u00abQ\u0131r\u0131mo\u011flu\u2026 Bir halqn\u0131\u00f1 k\u00fcre\u015fi\u00bb filmi taqdim etildi"}]},{"@type":"WebSite","@id":"https:\/\/qtmm.org\/qt\/#website","url":"https:\/\/qtmm.org\/qt\/","name":"\u041c\u0435\u0434\u0436\u043b\u0456\u0441","description":"","publisher":{"@id":"https:\/\/qtmm.org\/qt\/#organization"},"potentialAction":[{"@type":"SearchAction","target":{"@type":"EntryPoint","urlTemplate":"https:\/\/qtmm.org\/qt\/?s={search_term_string}"},"query-input":{"@type":"PropertyValueSpecification","valueRequired":true,"valueName":"search_term_string"}}],"inLanguage":"qt"},{"@type":"Organization","@id":"https:\/\/qtmm.org\/qt\/#organization","name":"\u041c\u0435\u0434\u0436\u043b\u0456\u0441","url":"https:\/\/qtmm.org\/qt\/","logo":{"@type":"ImageObject","inLanguage":"qt","@id":"https:\/\/qtmm.org\/qt\/#\/schema\/logo\/image\/","url":"https:\/\/qtmm.org\/wp-content\/uploads\/2024\/12\/ua-mejlis-logo-rgb.svg","contentUrl":"https:\/\/qtmm.org\/wp-content\/uploads\/2024\/12\/ua-mejlis-logo-rgb.svg","caption":"\u041c\u0435\u0434\u0436\u043b\u0456\u0441"},"image":{"@id":"https:\/\/qtmm.org\/qt\/#\/schema\/logo\/image\/"},"sameAs":["https:\/\/www.facebook.com\/qtmm.info\/"]},{"@type":"Person","@id":"https:\/\/qtmm.org\/qt\/#\/schema\/person\/de562469f971dec226ac06e60bbf74a7","name":"Developer","image":{"@type":"ImageObject","inLanguage":"qt","@id":"https:\/\/secure.gravatar.com\/avatar\/392b4cc8fbfeb00b39dfeeab4ee6edded39ffd48e25858637e4765810300227e?s=96&d=mm&r=g","url":"https:\/\/secure.gravatar.com\/avatar\/392b4cc8fbfeb00b39dfeeab4ee6edded39ffd48e25858637e4765810300227e?s=96&d=mm&r=g","contentUrl":"https:\/\/secure.gravatar.com\/avatar\/392b4cc8fbfeb00b39dfeeab4ee6edded39ffd48e25858637e4765810300227e?s=96&d=mm&r=g","caption":"Developer"},"url":"https:\/\/qtmm.org\/qt\/author\/Developer\/"}]}},"_links":{"self":[{"href":"https:\/\/qtmm.org\/qt\/wp-json\/wp\/v2\/posts\/36275","targetHints":{"allow":["GET"]}}],"collection":[{"href":"https:\/\/qtmm.org\/qt\/wp-json\/wp\/v2\/posts"}],"about":[{"href":"https:\/\/qtmm.org\/qt\/wp-json\/wp\/v2\/types\/post"}],"author":[{"embeddable":true,"href":"https:\/\/qtmm.org\/qt\/wp-json\/wp\/v2\/users\/1"}],"replies":[{"embeddable":true,"href":"https:\/\/qtmm.org\/qt\/wp-json\/wp\/v2\/comments?post=36275"}],"version-history":[{"count":1,"href":"https:\/\/qtmm.org\/qt\/wp-json\/wp\/v2\/posts\/36275\/revisions"}],"predecessor-version":[{"id":36308,"href":"https:\/\/qtmm.org\/qt\/wp-json\/wp\/v2\/posts\/36275\/revisions\/36308"}],"wp:featuredmedia":[{"embeddable":true,"href":"https:\/\/qtmm.org\/qt\/wp-json\/wp\/v2\/media\/36288"}],"wp:attachment":[{"href":"https:\/\/qtmm.org\/qt\/wp-json\/wp\/v2\/media?parent=36275"}],"wp:term":[{"taxonomy":"category","embeddable":true,"href":"https:\/\/qtmm.org\/qt\/wp-json\/wp\/v2\/categories?post=36275"},{"taxonomy":"post_tag","embeddable":true,"href":"https:\/\/qtmm.org\/qt\/wp-json\/wp\/v2\/tags?post=36275"}],"curies":[{"name":"wp","href":"https:\/\/api.w.org\/{rel}","templated":true}]}}