




{"id":36265,"date":"2013-03-30T17:49:00","date_gmt":"2013-03-30T14:49:00","guid":{"rendered":"http:\/\/qtmm.org\/?p=36265"},"modified":"2022-01-23T17:50:52","modified_gmt":"2022-01-23T14:50:52","slug":"qurultay-delegatligina-buyuk-onlar-ve-qurman-coqmandatli-majoritar-daire-organlarinda-namzetleri-cedvelge-alingan-namzetlerge-saylavlarda-istirak-etmek-icun-resmiy-seadetnamelerni-aldilar","status":"publish","type":"post","link":"https:\/\/qtmm.org\/qt\/qurultay-delegatligina-buyuk-onlar-ve-qurman-coqmandatli-majoritar-daire-organlarinda-namzetleri-cedvelge-alingan-namzetlerge-saylavlarda-istirak-etmek-icun-resmiy-seadetnamelerni-aldilar\/","title":{"rendered":"Qurultay delegatl\u0131\u011f\u0131na B\u00fcy\u00fck Onlar ve Qurman \u00e7oqmandatl\u0131 majoritar daire organlar\u0131nda namzetleri cedvelge al\u0131n\u011fan namzetlerge saylavlarda i\u015ftirak etmek i\u00e7\u00fcn resmiy \u015feadetnamelerni ald\u0131lar."},"content":{"rendered":"\n<p>2013 senesi mart 30-da \u2116 14 B\u00fcy\u00fck Onlar daire saylav komissiyas\u0131n\u0131\u00f1 reisi Ay\u015fe Halilova Qurultay delegatl\u0131\u011f\u0131na 10 nefer namzetke vesiqalar\u0131n\u0131 berdi.<\/p>\n\n\n\n<p>Vesiqalarn\u0131 ber\u00fcv merasiminde Merkeziy saylav komissiyan\u0131\u00f1 reisi Zair Smedl\u00e2yev ve Qurmian regional meclis reisi U\u00e7qun Devlet\u015fayev i\u015ftirak ettiler.<\/p>\n\n\n\n<figure class=\"wp-block-image size-full\"><img loading=\"lazy\" decoding=\"async\" width=\"650\" height=\"400\" src=\"http:\/\/qtmm.org\/wp-content\/uploads\/2022\/01\/2_100.jpeg\" alt=\"\" class=\"wp-image-36266\" srcset=\"https:\/\/qtmm.org\/wp-content\/uploads\/2022\/01\/2_100.jpeg 650w, https:\/\/qtmm.org\/wp-content\/uploads\/2022\/01\/2_100-300x185.jpeg 300w\" sizes=\"auto, (max-width: 650px) 100vw, 650px\" \/><\/figure>\n\n\n\n<p>\u2116 14 B\u00fcy\u00fck Onlar daire saylav komissiyas\u0131 &#8220;6 \u00e7a\u011f\u0131r\u0131l\u0131\u015f Qurultay delegatl\u0131\u011f\u0131na \u015fu \u015fah\u0131slar :<br><br>1. Abibullayev Emil<br>2. Akiyev Dil\u00e2ver<br>3. Blezarov \u00dcsein<br>4. Nasibullayev Server<br>5. Safetov Ervin<br>6. Seydaliyev Amet<br>7. Seydaliyeva Ediye<br>8. Seytablayev Nuritdin<br>9. Haybullayev Ayder<br>10.\u00c7atalov Yaqub<\/p>\n\n\n\n<p>namzet olaraq cedvelge al\u0131ns\u0131n&#8221;, degen qararn\u0131 qabul ettiler.<\/p>\n\n\n\n<hr class=\"wp-block-separator\"\/>\n\n\n\n<p><br>Ayn\u0131 \u015fu k\u00fcn\u00fc Qurman daire saylav komissiyas\u0131n\u0131\u00f1 reisi Niyara Aliyeva Qurultay delegatl\u0131\u011f\u0131na 10 nefer namzetke vesiqalar\u0131n\u0131 berdi.<\/p>\n\n\n\n<p>Vesiqalarn\u0131 taqdim et\u00fcv merasiminde Merkeziy saylav komissiyan\u0131\u00f1 reisi Zair Smedl\u00e2yev,on\u0131\u00f1 muavini Nazim Memetov ve Qurmian regional meclis reisi U\u00e7qun Devlet\u015fayev i\u015ftirak ettiler.<\/p>\n\n\n\n<figure class=\"wp-block-image size-full\"><img loading=\"lazy\" decoding=\"async\" width=\"650\" height=\"342\" src=\"http:\/\/qtmm.org\/wp-content\/uploads\/2022\/01\/1_101.jpeg\" alt=\"\" class=\"wp-image-36270\" srcset=\"https:\/\/qtmm.org\/wp-content\/uploads\/2022\/01\/1_101.jpeg 650w, https:\/\/qtmm.org\/wp-content\/uploads\/2022\/01\/1_101-300x158.jpeg 300w\" sizes=\"auto, (max-width: 650px) 100vw, 650px\" \/><\/figure>\n\n\n\n<p>\u2116 13 Qurman daire saylav komissiyas\u0131 Qurultay delegatl\u0131\u011f\u0131na \u00e7oqmandatl\u0131 saylav dairesinden namzet olaraq \u015fu 9 insann\u0131 cedvelge ald\u0131:<\/p>\n\n\n\n<p>1. Ablayev Levzer<br>2. Acialimova Ay\u015fe<br>3. Begov Rustam<br>4. Bil\u00e2lov Emil<br>5. Devlet\u015fayev U\u00e7qun<br>6. Cemaletdinov Enver<br>7. Seythalilov Hayser<br>8. Harahad\u0131 Ali<br>9. \u015eirinskiy Suleyman<\/p>\n","protected":false},"excerpt":{"rendered":"<p>2013 senesi mart 30-da \u2116 14 B\u00fcy\u00fck Onlar daire saylav komissiyas\u0131n\u0131\u00f1 reisi Ay\u015fe Halilova Qurultay delegatl\u0131\u011f\u0131na 10 nefer namzetke vesiqalar\u0131n\u0131 berdi. Vesiqalarn\u0131 ber\u00fcv merasiminde Merkeziy saylav komissiyan\u0131\u00f1 reisi Zair Smedl\u00e2yev ve Qurmian regional meclis reisi U\u00e7qun Devlet\u015fayev i\u015ftirak ettiler. \u2116 14 B\u00fcy\u00fck Onlar daire saylav komissiyas\u0131 &#8220;6 \u00e7a\u011f\u0131r\u0131l\u0131\u015f Qurultay delegatl\u0131\u011f\u0131na \u015fu \u015fah\u0131slar : 1. Abibullayev [&hellip;]<\/p>\n","protected":false},"author":1,"featured_media":0,"comment_status":"open","ping_status":"open","sticky":false,"template":"","format":"standard","meta":{"inline_featured_image":false,"footnotes":""},"categories":[265],"tags":[],"class_list":["post-36265","post","type-post","status-publish","format-standard","hentry","category-haberler"],"acf":[],"yoast_head":"<!-- This site is optimized with the Yoast SEO plugin v27.4 - https:\/\/yoast.com\/product\/yoast-seo-wordpress\/ -->\n<title>Qurultay delegatl\u0131\u011f\u0131na B\u00fcy\u00fck Onlar ve Qurman \u00e7oqmandatl\u0131 majoritar daire organlar\u0131nda namzetleri cedvelge al\u0131n\u011fan namzetlerge saylavlarda i\u015ftirak etmek i\u00e7\u00fcn resmiy \u015feadetnamelerni ald\u0131lar. - \u041c\u0435\u0434\u0436\u043b\u0456\u0441<\/title>\n<meta name=\"robots\" content=\"index, follow, max-snippet:-1, max-image-preview:large, max-video-preview:-1\" \/>\n<link rel=\"canonical\" href=\"https:\/\/qtmm.org\/qt\/qurultay-delegatligina-buyuk-onlar-ve-qurman-coqmandatli-majoritar-daire-organlarinda-namzetleri-cedvelge-alingan-namzetlerge-saylavlarda-istirak-etmek-icun-resmiy-seadetnamelerni-aldilar\/\" \/>\n<meta property=\"og:locale\" content=\"en_US\" \/>\n<meta property=\"og:type\" content=\"article\" \/>\n<meta property=\"og:title\" content=\"Qurultay delegatl\u0131\u011f\u0131na B\u00fcy\u00fck Onlar ve Qurman \u00e7oqmandatl\u0131 majoritar daire organlar\u0131nda namzetleri cedvelge al\u0131n\u011fan namzetlerge saylavlarda i\u015ftirak etmek i\u00e7\u00fcn resmiy \u015feadetnamelerni ald\u0131lar. - \u041c\u0435\u0434\u0436\u043b\u0456\u0441\" \/>\n<meta property=\"og:description\" content=\"2013 senesi mart 30-da \u2116 14 B\u00fcy\u00fck Onlar daire saylav komissiyas\u0131n\u0131\u00f1 reisi Ay\u015fe Halilova Qurultay delegatl\u0131\u011f\u0131na 10 nefer namzetke vesiqalar\u0131n\u0131 berdi. Vesiqalarn\u0131 ber\u00fcv merasiminde Merkeziy saylav komissiyan\u0131\u00f1 reisi Zair Smedl\u00e2yev ve Qurmian regional meclis reisi U\u00e7qun Devlet\u015fayev i\u015ftirak ettiler. \u2116 14 B\u00fcy\u00fck Onlar daire saylav komissiyas\u0131 &#8220;6 \u00e7a\u011f\u0131r\u0131l\u0131\u015f Qurultay delegatl\u0131\u011f\u0131na \u015fu \u015fah\u0131slar : 1. Abibullayev [&hellip;]\" \/>\n<meta property=\"og:url\" content=\"https:\/\/qtmm.org\/qt\/qurultay-delegatligina-buyuk-onlar-ve-qurman-coqmandatli-majoritar-daire-organlarinda-namzetleri-cedvelge-alingan-namzetlerge-saylavlarda-istirak-etmek-icun-resmiy-seadetnamelerni-aldilar\/\" \/>\n<meta property=\"og:site_name\" content=\"\u041c\u0435\u0434\u0436\u043b\u0456\u0441\" \/>\n<meta property=\"article:publisher\" content=\"https:\/\/www.facebook.com\/qtmm.info\/\" \/>\n<meta property=\"article:published_time\" content=\"2013-03-30T14:49:00+00:00\" \/>\n<meta property=\"article:modified_time\" content=\"2022-01-23T14:50:52+00:00\" \/>\n<meta property=\"og:image\" content=\"https:\/\/qtmm.org\/wp-content\/uploads\/2022\/01\/2_100.jpeg\" \/>\n\t<meta property=\"og:image:width\" content=\"650\" \/>\n\t<meta property=\"og:image:height\" content=\"400\" \/>\n\t<meta property=\"og:image:type\" content=\"image\/jpeg\" \/>\n<meta name=\"author\" content=\"Developer\" \/>\n<meta name=\"twitter:card\" content=\"summary_large_image\" \/>\n<meta name=\"twitter:label1\" content=\"Written by\" \/>\n\t<meta name=\"twitter:data1\" content=\"Developer\" \/>\n\t<meta name=\"twitter:label2\" content=\"Est. reading time\" \/>\n\t<meta name=\"twitter:data2\" content=\"1 minute\" \/>\n<script type=\"application\/ld+json\" class=\"yoast-schema-graph\">{\"@context\":\"https:\\\/\\\/schema.org\",\"@graph\":[{\"@type\":\"Article\",\"@id\":\"https:\\\/\\\/qtmm.org\\\/qt\\\/qurultay-delegatligina-buyuk-onlar-ve-qurman-coqmandatli-majoritar-daire-organlarinda-namzetleri-cedvelge-alingan-namzetlerge-saylavlarda-istirak-etmek-icun-resmiy-seadetnamelerni-aldilar\\\/#article\",\"isPartOf\":{\"@id\":\"https:\\\/\\\/qtmm.org\\\/qt\\\/qurultay-delegatligina-buyuk-onlar-ve-qurman-coqmandatli-majoritar-daire-organlarinda-namzetleri-cedvelge-alingan-namzetlerge-saylavlarda-istirak-etmek-icun-resmiy-seadetnamelerni-aldilar\\\/\"},\"author\":{\"name\":\"Developer\",\"@id\":\"https:\\\/\\\/qtmm.org\\\/qt\\\/#\\\/schema\\\/person\\\/de562469f971dec226ac06e60bbf74a7\"},\"headline\":\"Qurultay delegatl\u0131\u011f\u0131na B\u00fcy\u00fck Onlar ve Qurman \u00e7oqmandatl\u0131 majoritar daire organlar\u0131nda namzetleri cedvelge al\u0131n\u011fan namzetlerge saylavlarda i\u015ftirak etmek i\u00e7\u00fcn resmiy \u015feadetnamelerni ald\u0131lar.\",\"datePublished\":\"2013-03-30T14:49:00+00:00\",\"dateModified\":\"2022-01-23T14:50:52+00:00\",\"mainEntityOfPage\":{\"@id\":\"https:\\\/\\\/qtmm.org\\\/qt\\\/qurultay-delegatligina-buyuk-onlar-ve-qurman-coqmandatli-majoritar-daire-organlarinda-namzetleri-cedvelge-alingan-namzetlerge-saylavlarda-istirak-etmek-icun-resmiy-seadetnamelerni-aldilar\\\/\"},\"wordCount\":209,\"commentCount\":0,\"publisher\":{\"@id\":\"https:\\\/\\\/qtmm.org\\\/qt\\\/#organization\"},\"image\":{\"@id\":\"https:\\\/\\\/qtmm.org\\\/qt\\\/qurultay-delegatligina-buyuk-onlar-ve-qurman-coqmandatli-majoritar-daire-organlarinda-namzetleri-cedvelge-alingan-namzetlerge-saylavlarda-istirak-etmek-icun-resmiy-seadetnamelerni-aldilar\\\/#primaryimage\"},\"thumbnailUrl\":\"http:\\\/\\\/qtmm.org\\\/wp-content\\\/uploads\\\/2022\\\/01\\\/2_100.jpeg\",\"articleSection\":[\"Haberler\"],\"inLanguage\":\"qt\",\"potentialAction\":[{\"@type\":\"CommentAction\",\"name\":\"Comment\",\"target\":[\"https:\\\/\\\/qtmm.org\\\/qt\\\/qurultay-delegatligina-buyuk-onlar-ve-qurman-coqmandatli-majoritar-daire-organlarinda-namzetleri-cedvelge-alingan-namzetlerge-saylavlarda-istirak-etmek-icun-resmiy-seadetnamelerni-aldilar\\\/#respond\"]}]},{\"@type\":\"WebPage\",\"@id\":\"https:\\\/\\\/qtmm.org\\\/qt\\\/qurultay-delegatligina-buyuk-onlar-ve-qurman-coqmandatli-majoritar-daire-organlarinda-namzetleri-cedvelge-alingan-namzetlerge-saylavlarda-istirak-etmek-icun-resmiy-seadetnamelerni-aldilar\\\/\",\"url\":\"https:\\\/\\\/qtmm.org\\\/qt\\\/qurultay-delegatligina-buyuk-onlar-ve-qurman-coqmandatli-majoritar-daire-organlarinda-namzetleri-cedvelge-alingan-namzetlerge-saylavlarda-istirak-etmek-icun-resmiy-seadetnamelerni-aldilar\\\/\",\"name\":\"Qurultay delegatl\u0131\u011f\u0131na B\u00fcy\u00fck Onlar ve Qurman \u00e7oqmandatl\u0131 majoritar daire organlar\u0131nda namzetleri cedvelge al\u0131n\u011fan namzetlerge saylavlarda i\u015ftirak etmek i\u00e7\u00fcn resmiy \u015feadetnamelerni ald\u0131lar. - \u041c\u0435\u0434\u0436\u043b\u0456\u0441\",\"isPartOf\":{\"@id\":\"https:\\\/\\\/qtmm.org\\\/qt\\\/#website\"},\"primaryImageOfPage\":{\"@id\":\"https:\\\/\\\/qtmm.org\\\/qt\\\/qurultay-delegatligina-buyuk-onlar-ve-qurman-coqmandatli-majoritar-daire-organlarinda-namzetleri-cedvelge-alingan-namzetlerge-saylavlarda-istirak-etmek-icun-resmiy-seadetnamelerni-aldilar\\\/#primaryimage\"},\"image\":{\"@id\":\"https:\\\/\\\/qtmm.org\\\/qt\\\/qurultay-delegatligina-buyuk-onlar-ve-qurman-coqmandatli-majoritar-daire-organlarinda-namzetleri-cedvelge-alingan-namzetlerge-saylavlarda-istirak-etmek-icun-resmiy-seadetnamelerni-aldilar\\\/#primaryimage\"},\"thumbnailUrl\":\"http:\\\/\\\/qtmm.org\\\/wp-content\\\/uploads\\\/2022\\\/01\\\/2_100.jpeg\",\"datePublished\":\"2013-03-30T14:49:00+00:00\",\"dateModified\":\"2022-01-23T14:50:52+00:00\",\"breadcrumb\":{\"@id\":\"https:\\\/\\\/qtmm.org\\\/qt\\\/qurultay-delegatligina-buyuk-onlar-ve-qurman-coqmandatli-majoritar-daire-organlarinda-namzetleri-cedvelge-alingan-namzetlerge-saylavlarda-istirak-etmek-icun-resmiy-seadetnamelerni-aldilar\\\/#breadcrumb\"},\"inLanguage\":\"qt\",\"potentialAction\":[{\"@type\":\"ReadAction\",\"target\":[\"https:\\\/\\\/qtmm.org\\\/qt\\\/qurultay-delegatligina-buyuk-onlar-ve-qurman-coqmandatli-majoritar-daire-organlarinda-namzetleri-cedvelge-alingan-namzetlerge-saylavlarda-istirak-etmek-icun-resmiy-seadetnamelerni-aldilar\\\/\"]}]},{\"@type\":\"ImageObject\",\"inLanguage\":\"qt\",\"@id\":\"https:\\\/\\\/qtmm.org\\\/qt\\\/qurultay-delegatligina-buyuk-onlar-ve-qurman-coqmandatli-majoritar-daire-organlarinda-namzetleri-cedvelge-alingan-namzetlerge-saylavlarda-istirak-etmek-icun-resmiy-seadetnamelerni-aldilar\\\/#primaryimage\",\"url\":\"http:\\\/\\\/qtmm.org\\\/wp-content\\\/uploads\\\/2022\\\/01\\\/2_100.jpeg\",\"contentUrl\":\"http:\\\/\\\/qtmm.org\\\/wp-content\\\/uploads\\\/2022\\\/01\\\/2_100.jpeg\"},{\"@type\":\"BreadcrumbList\",\"@id\":\"https:\\\/\\\/qtmm.org\\\/qt\\\/qurultay-delegatligina-buyuk-onlar-ve-qurman-coqmandatli-majoritar-daire-organlarinda-namzetleri-cedvelge-alingan-namzetlerge-saylavlarda-istirak-etmek-icun-resmiy-seadetnamelerni-aldilar\\\/#breadcrumb\",\"itemListElement\":[{\"@type\":\"ListItem\",\"position\":1,\"name\":\"\u0413\u043e\u043b\u043e\u0432\u043d\u0430\",\"item\":\"https:\\\/\\\/qtmm.org\\\/qt\\\/\"},{\"@type\":\"ListItem\",\"position\":2,\"name\":\"Qurultay delegatl\u0131\u011f\u0131na B\u00fcy\u00fck Onlar ve Qurman \u00e7oqmandatl\u0131 majoritar daire organlar\u0131nda namzetleri cedvelge al\u0131n\u011fan namzetlerge saylavlarda i\u015ftirak etmek i\u00e7\u00fcn resmiy \u015feadetnamelerni ald\u0131lar.\"}]},{\"@type\":\"WebSite\",\"@id\":\"https:\\\/\\\/qtmm.org\\\/qt\\\/#website\",\"url\":\"https:\\\/\\\/qtmm.org\\\/qt\\\/\",\"name\":\"\u041c\u0435\u0434\u0436\u043b\u0456\u0441\",\"description\":\"\",\"publisher\":{\"@id\":\"https:\\\/\\\/qtmm.org\\\/qt\\\/#organization\"},\"potentialAction\":[{\"@type\":\"SearchAction\",\"target\":{\"@type\":\"EntryPoint\",\"urlTemplate\":\"https:\\\/\\\/qtmm.org\\\/qt\\\/?s={search_term_string}\"},\"query-input\":{\"@type\":\"PropertyValueSpecification\",\"valueRequired\":true,\"valueName\":\"search_term_string\"}}],\"inLanguage\":\"qt\"},{\"@type\":\"Organization\",\"@id\":\"https:\\\/\\\/qtmm.org\\\/qt\\\/#organization\",\"name\":\"\u041c\u0435\u0434\u0436\u043b\u0456\u0441\",\"url\":\"https:\\\/\\\/qtmm.org\\\/qt\\\/\",\"logo\":{\"@type\":\"ImageObject\",\"inLanguage\":\"qt\",\"@id\":\"https:\\\/\\\/qtmm.org\\\/qt\\\/#\\\/schema\\\/logo\\\/image\\\/\",\"url\":\"https:\\\/\\\/qtmm.org\\\/wp-content\\\/uploads\\\/2024\\\/12\\\/ua-mejlis-logo-rgb.svg\",\"contentUrl\":\"https:\\\/\\\/qtmm.org\\\/wp-content\\\/uploads\\\/2024\\\/12\\\/ua-mejlis-logo-rgb.svg\",\"caption\":\"\u041c\u0435\u0434\u0436\u043b\u0456\u0441\"},\"image\":{\"@id\":\"https:\\\/\\\/qtmm.org\\\/qt\\\/#\\\/schema\\\/logo\\\/image\\\/\"},\"sameAs\":[\"https:\\\/\\\/www.facebook.com\\\/qtmm.info\\\/\"]},{\"@type\":\"Person\",\"@id\":\"https:\\\/\\\/qtmm.org\\\/qt\\\/#\\\/schema\\\/person\\\/de562469f971dec226ac06e60bbf74a7\",\"name\":\"Developer\",\"image\":{\"@type\":\"ImageObject\",\"inLanguage\":\"qt\",\"@id\":\"https:\\\/\\\/secure.gravatar.com\\\/avatar\\\/392b4cc8fbfeb00b39dfeeab4ee6edded39ffd48e25858637e4765810300227e?s=96&d=mm&r=g\",\"url\":\"https:\\\/\\\/secure.gravatar.com\\\/avatar\\\/392b4cc8fbfeb00b39dfeeab4ee6edded39ffd48e25858637e4765810300227e?s=96&d=mm&r=g\",\"contentUrl\":\"https:\\\/\\\/secure.gravatar.com\\\/avatar\\\/392b4cc8fbfeb00b39dfeeab4ee6edded39ffd48e25858637e4765810300227e?s=96&d=mm&r=g\",\"caption\":\"Developer\"},\"url\":\"https:\\\/\\\/qtmm.org\\\/qt\\\/author\\\/Developer\\\/\"}]}<\/script>\n<!-- \/ Yoast SEO plugin. -->","yoast_head_json":{"title":"Qurultay delegatl\u0131\u011f\u0131na B\u00fcy\u00fck Onlar ve Qurman \u00e7oqmandatl\u0131 majoritar daire organlar\u0131nda namzetleri cedvelge al\u0131n\u011fan namzetlerge saylavlarda i\u015ftirak etmek i\u00e7\u00fcn resmiy \u015feadetnamelerni ald\u0131lar. - \u041c\u0435\u0434\u0436\u043b\u0456\u0441","robots":{"index":"index","follow":"follow","max-snippet":"max-snippet:-1","max-image-preview":"max-image-preview:large","max-video-preview":"max-video-preview:-1"},"canonical":"https:\/\/qtmm.org\/qt\/qurultay-delegatligina-buyuk-onlar-ve-qurman-coqmandatli-majoritar-daire-organlarinda-namzetleri-cedvelge-alingan-namzetlerge-saylavlarda-istirak-etmek-icun-resmiy-seadetnamelerni-aldilar\/","og_locale":"en_US","og_type":"article","og_title":"Qurultay delegatl\u0131\u011f\u0131na B\u00fcy\u00fck Onlar ve Qurman \u00e7oqmandatl\u0131 majoritar daire organlar\u0131nda namzetleri cedvelge al\u0131n\u011fan namzetlerge saylavlarda i\u015ftirak etmek i\u00e7\u00fcn resmiy \u015feadetnamelerni ald\u0131lar. - \u041c\u0435\u0434\u0436\u043b\u0456\u0441","og_description":"2013 senesi mart 30-da \u2116 14 B\u00fcy\u00fck Onlar daire saylav komissiyas\u0131n\u0131\u00f1 reisi Ay\u015fe Halilova Qurultay delegatl\u0131\u011f\u0131na 10 nefer namzetke vesiqalar\u0131n\u0131 berdi. Vesiqalarn\u0131 ber\u00fcv merasiminde Merkeziy saylav komissiyan\u0131\u00f1 reisi Zair Smedl\u00e2yev ve Qurmian regional meclis reisi U\u00e7qun Devlet\u015fayev i\u015ftirak ettiler. \u2116 14 B\u00fcy\u00fck Onlar daire saylav komissiyas\u0131 &#8220;6 \u00e7a\u011f\u0131r\u0131l\u0131\u015f Qurultay delegatl\u0131\u011f\u0131na \u015fu \u015fah\u0131slar : 1. Abibullayev [&hellip;]","og_url":"https:\/\/qtmm.org\/qt\/qurultay-delegatligina-buyuk-onlar-ve-qurman-coqmandatli-majoritar-daire-organlarinda-namzetleri-cedvelge-alingan-namzetlerge-saylavlarda-istirak-etmek-icun-resmiy-seadetnamelerni-aldilar\/","og_site_name":"\u041c\u0435\u0434\u0436\u043b\u0456\u0441","article_publisher":"https:\/\/www.facebook.com\/qtmm.info\/","article_published_time":"2013-03-30T14:49:00+00:00","article_modified_time":"2022-01-23T14:50:52+00:00","og_image":[{"width":650,"height":400,"url":"https:\/\/qtmm.org\/wp-content\/uploads\/2022\/01\/2_100.jpeg","type":"image\/jpeg"}],"author":"Developer","twitter_card":"summary_large_image","twitter_misc":{"Written by":"Developer","Est. reading time":"1 minute"},"schema":{"@context":"https:\/\/schema.org","@graph":[{"@type":"Article","@id":"https:\/\/qtmm.org\/qt\/qurultay-delegatligina-buyuk-onlar-ve-qurman-coqmandatli-majoritar-daire-organlarinda-namzetleri-cedvelge-alingan-namzetlerge-saylavlarda-istirak-etmek-icun-resmiy-seadetnamelerni-aldilar\/#article","isPartOf":{"@id":"https:\/\/qtmm.org\/qt\/qurultay-delegatligina-buyuk-onlar-ve-qurman-coqmandatli-majoritar-daire-organlarinda-namzetleri-cedvelge-alingan-namzetlerge-saylavlarda-istirak-etmek-icun-resmiy-seadetnamelerni-aldilar\/"},"author":{"name":"Developer","@id":"https:\/\/qtmm.org\/qt\/#\/schema\/person\/de562469f971dec226ac06e60bbf74a7"},"headline":"Qurultay delegatl\u0131\u011f\u0131na B\u00fcy\u00fck Onlar ve Qurman \u00e7oqmandatl\u0131 majoritar daire organlar\u0131nda namzetleri cedvelge al\u0131n\u011fan namzetlerge saylavlarda i\u015ftirak etmek i\u00e7\u00fcn resmiy \u015feadetnamelerni ald\u0131lar.","datePublished":"2013-03-30T14:49:00+00:00","dateModified":"2022-01-23T14:50:52+00:00","mainEntityOfPage":{"@id":"https:\/\/qtmm.org\/qt\/qurultay-delegatligina-buyuk-onlar-ve-qurman-coqmandatli-majoritar-daire-organlarinda-namzetleri-cedvelge-alingan-namzetlerge-saylavlarda-istirak-etmek-icun-resmiy-seadetnamelerni-aldilar\/"},"wordCount":209,"commentCount":0,"publisher":{"@id":"https:\/\/qtmm.org\/qt\/#organization"},"image":{"@id":"https:\/\/qtmm.org\/qt\/qurultay-delegatligina-buyuk-onlar-ve-qurman-coqmandatli-majoritar-daire-organlarinda-namzetleri-cedvelge-alingan-namzetlerge-saylavlarda-istirak-etmek-icun-resmiy-seadetnamelerni-aldilar\/#primaryimage"},"thumbnailUrl":"http:\/\/qtmm.org\/wp-content\/uploads\/2022\/01\/2_100.jpeg","articleSection":["Haberler"],"inLanguage":"qt","potentialAction":[{"@type":"CommentAction","name":"Comment","target":["https:\/\/qtmm.org\/qt\/qurultay-delegatligina-buyuk-onlar-ve-qurman-coqmandatli-majoritar-daire-organlarinda-namzetleri-cedvelge-alingan-namzetlerge-saylavlarda-istirak-etmek-icun-resmiy-seadetnamelerni-aldilar\/#respond"]}]},{"@type":"WebPage","@id":"https:\/\/qtmm.org\/qt\/qurultay-delegatligina-buyuk-onlar-ve-qurman-coqmandatli-majoritar-daire-organlarinda-namzetleri-cedvelge-alingan-namzetlerge-saylavlarda-istirak-etmek-icun-resmiy-seadetnamelerni-aldilar\/","url":"https:\/\/qtmm.org\/qt\/qurultay-delegatligina-buyuk-onlar-ve-qurman-coqmandatli-majoritar-daire-organlarinda-namzetleri-cedvelge-alingan-namzetlerge-saylavlarda-istirak-etmek-icun-resmiy-seadetnamelerni-aldilar\/","name":"Qurultay delegatl\u0131\u011f\u0131na B\u00fcy\u00fck Onlar ve Qurman \u00e7oqmandatl\u0131 majoritar daire organlar\u0131nda namzetleri cedvelge al\u0131n\u011fan namzetlerge saylavlarda i\u015ftirak etmek i\u00e7\u00fcn resmiy \u015feadetnamelerni ald\u0131lar. - \u041c\u0435\u0434\u0436\u043b\u0456\u0441","isPartOf":{"@id":"https:\/\/qtmm.org\/qt\/#website"},"primaryImageOfPage":{"@id":"https:\/\/qtmm.org\/qt\/qurultay-delegatligina-buyuk-onlar-ve-qurman-coqmandatli-majoritar-daire-organlarinda-namzetleri-cedvelge-alingan-namzetlerge-saylavlarda-istirak-etmek-icun-resmiy-seadetnamelerni-aldilar\/#primaryimage"},"image":{"@id":"https:\/\/qtmm.org\/qt\/qurultay-delegatligina-buyuk-onlar-ve-qurman-coqmandatli-majoritar-daire-organlarinda-namzetleri-cedvelge-alingan-namzetlerge-saylavlarda-istirak-etmek-icun-resmiy-seadetnamelerni-aldilar\/#primaryimage"},"thumbnailUrl":"http:\/\/qtmm.org\/wp-content\/uploads\/2022\/01\/2_100.jpeg","datePublished":"2013-03-30T14:49:00+00:00","dateModified":"2022-01-23T14:50:52+00:00","breadcrumb":{"@id":"https:\/\/qtmm.org\/qt\/qurultay-delegatligina-buyuk-onlar-ve-qurman-coqmandatli-majoritar-daire-organlarinda-namzetleri-cedvelge-alingan-namzetlerge-saylavlarda-istirak-etmek-icun-resmiy-seadetnamelerni-aldilar\/#breadcrumb"},"inLanguage":"qt","potentialAction":[{"@type":"ReadAction","target":["https:\/\/qtmm.org\/qt\/qurultay-delegatligina-buyuk-onlar-ve-qurman-coqmandatli-majoritar-daire-organlarinda-namzetleri-cedvelge-alingan-namzetlerge-saylavlarda-istirak-etmek-icun-resmiy-seadetnamelerni-aldilar\/"]}]},{"@type":"ImageObject","inLanguage":"qt","@id":"https:\/\/qtmm.org\/qt\/qurultay-delegatligina-buyuk-onlar-ve-qurman-coqmandatli-majoritar-daire-organlarinda-namzetleri-cedvelge-alingan-namzetlerge-saylavlarda-istirak-etmek-icun-resmiy-seadetnamelerni-aldilar\/#primaryimage","url":"http:\/\/qtmm.org\/wp-content\/uploads\/2022\/01\/2_100.jpeg","contentUrl":"http:\/\/qtmm.org\/wp-content\/uploads\/2022\/01\/2_100.jpeg"},{"@type":"BreadcrumbList","@id":"https:\/\/qtmm.org\/qt\/qurultay-delegatligina-buyuk-onlar-ve-qurman-coqmandatli-majoritar-daire-organlarinda-namzetleri-cedvelge-alingan-namzetlerge-saylavlarda-istirak-etmek-icun-resmiy-seadetnamelerni-aldilar\/#breadcrumb","itemListElement":[{"@type":"ListItem","position":1,"name":"\u0413\u043e\u043b\u043e\u0432\u043d\u0430","item":"https:\/\/qtmm.org\/qt\/"},{"@type":"ListItem","position":2,"name":"Qurultay delegatl\u0131\u011f\u0131na B\u00fcy\u00fck Onlar ve Qurman \u00e7oqmandatl\u0131 majoritar daire organlar\u0131nda namzetleri cedvelge al\u0131n\u011fan namzetlerge saylavlarda i\u015ftirak etmek i\u00e7\u00fcn resmiy \u015feadetnamelerni ald\u0131lar."}]},{"@type":"WebSite","@id":"https:\/\/qtmm.org\/qt\/#website","url":"https:\/\/qtmm.org\/qt\/","name":"\u041c\u0435\u0434\u0436\u043b\u0456\u0441","description":"","publisher":{"@id":"https:\/\/qtmm.org\/qt\/#organization"},"potentialAction":[{"@type":"SearchAction","target":{"@type":"EntryPoint","urlTemplate":"https:\/\/qtmm.org\/qt\/?s={search_term_string}"},"query-input":{"@type":"PropertyValueSpecification","valueRequired":true,"valueName":"search_term_string"}}],"inLanguage":"qt"},{"@type":"Organization","@id":"https:\/\/qtmm.org\/qt\/#organization","name":"\u041c\u0435\u0434\u0436\u043b\u0456\u0441","url":"https:\/\/qtmm.org\/qt\/","logo":{"@type":"ImageObject","inLanguage":"qt","@id":"https:\/\/qtmm.org\/qt\/#\/schema\/logo\/image\/","url":"https:\/\/qtmm.org\/wp-content\/uploads\/2024\/12\/ua-mejlis-logo-rgb.svg","contentUrl":"https:\/\/qtmm.org\/wp-content\/uploads\/2024\/12\/ua-mejlis-logo-rgb.svg","caption":"\u041c\u0435\u0434\u0436\u043b\u0456\u0441"},"image":{"@id":"https:\/\/qtmm.org\/qt\/#\/schema\/logo\/image\/"},"sameAs":["https:\/\/www.facebook.com\/qtmm.info\/"]},{"@type":"Person","@id":"https:\/\/qtmm.org\/qt\/#\/schema\/person\/de562469f971dec226ac06e60bbf74a7","name":"Developer","image":{"@type":"ImageObject","inLanguage":"qt","@id":"https:\/\/secure.gravatar.com\/avatar\/392b4cc8fbfeb00b39dfeeab4ee6edded39ffd48e25858637e4765810300227e?s=96&d=mm&r=g","url":"https:\/\/secure.gravatar.com\/avatar\/392b4cc8fbfeb00b39dfeeab4ee6edded39ffd48e25858637e4765810300227e?s=96&d=mm&r=g","contentUrl":"https:\/\/secure.gravatar.com\/avatar\/392b4cc8fbfeb00b39dfeeab4ee6edded39ffd48e25858637e4765810300227e?s=96&d=mm&r=g","caption":"Developer"},"url":"https:\/\/qtmm.org\/qt\/author\/Developer\/"}]}},"_links":{"self":[{"href":"https:\/\/qtmm.org\/qt\/wp-json\/wp\/v2\/posts\/36265","targetHints":{"allow":["GET"]}}],"collection":[{"href":"https:\/\/qtmm.org\/qt\/wp-json\/wp\/v2\/posts"}],"about":[{"href":"https:\/\/qtmm.org\/qt\/wp-json\/wp\/v2\/types\/post"}],"author":[{"embeddable":true,"href":"https:\/\/qtmm.org\/qt\/wp-json\/wp\/v2\/users\/1"}],"replies":[{"embeddable":true,"href":"https:\/\/qtmm.org\/qt\/wp-json\/wp\/v2\/comments?post=36265"}],"version-history":[{"count":1,"href":"https:\/\/qtmm.org\/qt\/wp-json\/wp\/v2\/posts\/36265\/revisions"}],"predecessor-version":[{"id":36274,"href":"https:\/\/qtmm.org\/qt\/wp-json\/wp\/v2\/posts\/36265\/revisions\/36274"}],"wp:attachment":[{"href":"https:\/\/qtmm.org\/qt\/wp-json\/wp\/v2\/media?parent=36265"}],"wp:term":[{"taxonomy":"category","embeddable":true,"href":"https:\/\/qtmm.org\/qt\/wp-json\/wp\/v2\/categories?post=36265"},{"taxonomy":"post_tag","embeddable":true,"href":"https:\/\/qtmm.org\/qt\/wp-json\/wp\/v2\/tags?post=36265"}],"curies":[{"name":"wp","href":"https:\/\/api.w.org\/{rel}","templated":true}]}}