




{"id":36263,"date":"2013-01-30T17:48:00","date_gmt":"2013-01-30T14:48:00","guid":{"rendered":"http:\/\/qtmm.org\/?p=36263"},"modified":"2022-01-23T17:49:20","modified_gmt":"2022-01-23T14:49:20","slug":"2013-senesi-mart-29-kunu-qurultay-delegatlarini-saylav-boyunca-nevbetteki-toplasuv-olip-kecti","status":"publish","type":"post","link":"https:\/\/qtmm.org\/qt\/2013-senesi-mart-29-kunu-qurultay-delegatlarini-saylav-boyunca-nevbetteki-toplasuv-olip-kecti\/","title":{"rendered":"2013 senesi mart 29 k\u00fcn\u00fc Qurultay delegatlar\u0131n\u0131 saylav boyunca nevbetteki topla\u015fuv ol\u0131p ke\u00e7ti"},"content":{"rendered":"\n<p>Topla\u015fuvn\u0131\u00f1 k\u00fcn tertibine a\u015fa\u011f\u0131daki meseleler qoyuld\u0131:<br><br>1. Qurultay delegatl\u0131\u011f\u0131na &#8220;\u0130nki\u015faf&#8221; q\u0131r\u0131mtatar cemiyeti&#8221;, &#8220;K\u00fcre\u015f&#8221; Q\u0131r\u0131m federatsiyas\u0131&#8221; cemaat te\u015fkil\u00e2t\u0131 ve Qarda\u015fl\u0131q \u2013 Qarasuv cemaat te\u015fkil\u00e2t\u0131 (Q\u0131r\u0131m Ya\u015flar merkezi) namzetler cedvelini tasdiqlav aqq\u0131nda<br>2. \u00c7oqmandatl\u0131 majoritar saylav dairelerinden delegatlarn\u0131 saylav k\u00fcn\u00fcni il\u00e2n et\u00fcv ve Aqmescit \u015feeri, Aqmescit, Kezlev, Zaporojye ve Yalta regionlar\u0131nda delegatlarn\u0131 saylavlarn\u0131 az\u0131rlav ve ke\u00e7ir\u00fcvni\u00f1 taqvimiy planlar\u0131n\u0131 tasdiqlav aqq\u0131nda<br>3. Saylav keti\u015fat\u0131 aqq\u0131nda.<br><br>Berilgen vesiqalar baq\u0131p \u00e7\u0131q\u0131l\u011fan so\u00f1 komissiya azalar\u0131 bir s\u0131ra imza tabaqlar\u0131nda k\u00f6r\u00fclgeni kibi imza toplav keregi kibi al\u0131p bar\u0131lma\u011fan\u0131 qayd eterek, birinci mesele boyunca Qurultay delegatl\u0131\u011f\u0131na &#8220;\u0130nki\u015faf&#8221; q\u0131r\u0131mtatarlar cemiyeti&#8221;, &#8220;K\u00fcre\u015f&#8221; Q\u0131r\u0131m federatsiyas\u0131&#8221; cemaat te\u015fkil\u00e2t\u0131 ve Qarda\u015fl\u0131q \u2013 Qarasuv cemaat te\u015fkil\u00e2t\u0131 (Q\u0131r\u0131m Ya\u015flar merkezi) namzetler cedvelini, tasdiqlamaq qarar\u0131n\u0131 ald\u0131lar.<br><br>Merkeziy saylav komissiyas\u0131n\u0131\u00f1 reisi Zair Smedl\u00e2yevni\u00f1 mal\u00fcmat\u0131n\u0131 di\u00f1lep, ekinci mesele boyunca b\u00f6yle qarar al\u0131nd\u0131:<br><br><strong>1. Qurultay delegatlar\u0131n\u0131 saylav ba\u015flanacaq k\u00fcn belginlensin:<\/strong><br><br>1.1 Aqmescit \u015feeri, Aqmescit, Kezlev, Zaporojye regionlar\u0131nda \u2013 2013 senesi aprel 10-da;<br>1.2 Yalta region\u0131nda \u2013 2013 senesi aprel 13.<br><br>&nbsp;<\/p>\n\n\n\n<p><strong>2. Qurultay delegatlar\u0131n\u0131 saylav (rey ber\u00fcv) k\u00fcn\u00fc belgilensin;<\/strong><br><br>2.1 Aqmescit \u015feeri, Aqmescit, Kezlev, Zaporojye regionlar\u0131nda \u2013&nbsp;<strong>2013 senesi iy\u00fcn 9-da;<\/strong><br>2.2 Yalta region\u0131nda \u2013&nbsp;<strong>2013 senesi iy\u00fcn 15-te<\/strong><br>&nbsp;<\/p>\n\n\n\n<p>3. Aqmescit \u015feeri, Aqmescit, Kezlev, Zaporojye ve Yalta regionlar\u0131nda delegatlarn\u0131 saylavlarn\u0131 az\u0131rlav ve kefir\u00fcv boyunca esas te\u015fkiliy tedbirlerni\u00f1 taqvimiy planlar tasdiqlans\u0131n<br>&nbsp;<\/p>\n\n\n\n<p>4. &#8220;Q\u0131r\u0131mtatar halq\u0131 qurultay delegatlar\u0131n\u0131 saylav nizamnamesi&#8221; 12-nci madde 2,3 punktlar\u011fa k\u00f6re Aqmescit \u015feeri, Aqmescit, Kezlev, Zaporojye ve Yalta regionlar\u0131nda delegatlarn\u0131 saylavlarn\u0131 az\u0131rlav ve kefir\u00fcv boyunca esas te\u015fkiliy tedbirlerni\u00f1 taqvimiy k\u00fctleviy matbuat vastalar\u0131nda derc etilsin.<br>\u00dc\u00e7\u00fcnci mesele baq\u0131l\u011fanda komissiya azalar\u0131 Ba\u011f\u00e7asaray, Qurman, Qarasuvbazar, Cank\u00f6y, \u0130\u00e7ki, Aqyar ve Aqme\u00e7it regionlar\u0131nda saylav ceryan\u0131n\u0131\u00f1 keti\u015fat\u0131 aqq\u0131nda esap berdiler.<\/p>\n","protected":false},"excerpt":{"rendered":"<p>Topla\u015fuvn\u0131\u00f1 k\u00fcn tertibine a\u015fa\u011f\u0131daki meseleler qoyuld\u0131: 1. Qurultay delegatl\u0131\u011f\u0131na &#8220;\u0130nki\u015faf&#8221; q\u0131r\u0131mtatar cemiyeti&#8221;, &#8220;K\u00fcre\u015f&#8221; Q\u0131r\u0131m federatsiyas\u0131&#8221; cemaat te\u015fkil\u00e2t\u0131 ve Qarda\u015fl\u0131q \u2013 Qarasuv cemaat te\u015fkil\u00e2t\u0131 (Q\u0131r\u0131m Ya\u015flar merkezi) namzetler cedvelini tasdiqlav aqq\u0131nda2. \u00c7oqmandatl\u0131 majoritar saylav dairelerinden delegatlarn\u0131 saylav k\u00fcn\u00fcni il\u00e2n et\u00fcv ve Aqmescit \u015feeri, Aqmescit, Kezlev, Zaporojye ve Yalta regionlar\u0131nda delegatlarn\u0131 saylavlarn\u0131 az\u0131rlav ve ke\u00e7ir\u00fcvni\u00f1 taqvimiy planlar\u0131n\u0131 [&hellip;]<\/p>\n","protected":false},"author":1,"featured_media":0,"comment_status":"open","ping_status":"open","sticky":false,"template":"","format":"standard","meta":{"inline_featured_image":false,"footnotes":""},"categories":[265],"tags":[],"class_list":["post-36263","post","type-post","status-publish","format-standard","hentry","category-haberler"],"acf":[],"yoast_head":"<!-- This site is optimized with the Yoast SEO plugin v27.4 - https:\/\/yoast.com\/product\/yoast-seo-wordpress\/ -->\n<title>2013 senesi mart 29 k\u00fcn\u00fc Qurultay delegatlar\u0131n\u0131 saylav boyunca nevbetteki topla\u015fuv ol\u0131p ke\u00e7ti - \u041c\u0435\u0434\u0436\u043b\u0456\u0441<\/title>\n<meta name=\"robots\" content=\"index, follow, max-snippet:-1, max-image-preview:large, max-video-preview:-1\" \/>\n<link rel=\"canonical\" href=\"https:\/\/qtmm.org\/qt\/2013-senesi-mart-29-kunu-qurultay-delegatlarini-saylav-boyunca-nevbetteki-toplasuv-olip-kecti\/\" \/>\n<meta property=\"og:locale\" content=\"en_US\" \/>\n<meta property=\"og:type\" content=\"article\" \/>\n<meta property=\"og:title\" content=\"2013 senesi mart 29 k\u00fcn\u00fc Qurultay delegatlar\u0131n\u0131 saylav boyunca nevbetteki topla\u015fuv ol\u0131p ke\u00e7ti - \u041c\u0435\u0434\u0436\u043b\u0456\u0441\" \/>\n<meta property=\"og:description\" content=\"Topla\u015fuvn\u0131\u00f1 k\u00fcn tertibine a\u015fa\u011f\u0131daki meseleler qoyuld\u0131: 1. Qurultay delegatl\u0131\u011f\u0131na &#8220;\u0130nki\u015faf&#8221; q\u0131r\u0131mtatar cemiyeti&#8221;, &#8220;K\u00fcre\u015f&#8221; Q\u0131r\u0131m federatsiyas\u0131&#8221; cemaat te\u015fkil\u00e2t\u0131 ve Qarda\u015fl\u0131q \u2013 Qarasuv cemaat te\u015fkil\u00e2t\u0131 (Q\u0131r\u0131m Ya\u015flar merkezi) namzetler cedvelini tasdiqlav aqq\u0131nda2. \u00c7oqmandatl\u0131 majoritar saylav dairelerinden delegatlarn\u0131 saylav k\u00fcn\u00fcni il\u00e2n et\u00fcv ve Aqmescit \u015feeri, Aqmescit, Kezlev, Zaporojye ve Yalta regionlar\u0131nda delegatlarn\u0131 saylavlarn\u0131 az\u0131rlav ve ke\u00e7ir\u00fcvni\u00f1 taqvimiy planlar\u0131n\u0131 [&hellip;]\" \/>\n<meta property=\"og:url\" content=\"https:\/\/qtmm.org\/qt\/2013-senesi-mart-29-kunu-qurultay-delegatlarini-saylav-boyunca-nevbetteki-toplasuv-olip-kecti\/\" \/>\n<meta property=\"og:site_name\" content=\"\u041c\u0435\u0434\u0436\u043b\u0456\u0441\" \/>\n<meta property=\"article:publisher\" content=\"https:\/\/www.facebook.com\/qtmm.info\/\" \/>\n<meta property=\"article:published_time\" content=\"2013-01-30T14:48:00+00:00\" \/>\n<meta property=\"article:modified_time\" content=\"2022-01-23T14:49:20+00:00\" \/>\n<meta name=\"author\" content=\"Developer\" \/>\n<meta name=\"twitter:card\" content=\"summary_large_image\" \/>\n<meta name=\"twitter:label1\" content=\"Written by\" \/>\n\t<meta name=\"twitter:data1\" content=\"Developer\" \/>\n\t<meta name=\"twitter:label2\" content=\"Est. reading time\" \/>\n\t<meta name=\"twitter:data2\" content=\"2 minutes\" \/>\n<script type=\"application\/ld+json\" class=\"yoast-schema-graph\">{\"@context\":\"https:\\\/\\\/schema.org\",\"@graph\":[{\"@type\":\"Article\",\"@id\":\"https:\\\/\\\/qtmm.org\\\/qt\\\/2013-senesi-mart-29-kunu-qurultay-delegatlarini-saylav-boyunca-nevbetteki-toplasuv-olip-kecti\\\/#article\",\"isPartOf\":{\"@id\":\"https:\\\/\\\/qtmm.org\\\/qt\\\/2013-senesi-mart-29-kunu-qurultay-delegatlarini-saylav-boyunca-nevbetteki-toplasuv-olip-kecti\\\/\"},\"author\":{\"name\":\"Developer\",\"@id\":\"https:\\\/\\\/qtmm.org\\\/qt\\\/#\\\/schema\\\/person\\\/de562469f971dec226ac06e60bbf74a7\"},\"headline\":\"2013 senesi mart 29 k\u00fcn\u00fc Qurultay delegatlar\u0131n\u0131 saylav boyunca nevbetteki topla\u015fuv ol\u0131p ke\u00e7ti\",\"datePublished\":\"2013-01-30T14:48:00+00:00\",\"dateModified\":\"2022-01-23T14:49:20+00:00\",\"mainEntityOfPage\":{\"@id\":\"https:\\\/\\\/qtmm.org\\\/qt\\\/2013-senesi-mart-29-kunu-qurultay-delegatlarini-saylav-boyunca-nevbetteki-toplasuv-olip-kecti\\\/\"},\"wordCount\":358,\"commentCount\":0,\"publisher\":{\"@id\":\"https:\\\/\\\/qtmm.org\\\/qt\\\/#organization\"},\"articleSection\":[\"Haberler\"],\"inLanguage\":\"qt\",\"potentialAction\":[{\"@type\":\"CommentAction\",\"name\":\"Comment\",\"target\":[\"https:\\\/\\\/qtmm.org\\\/qt\\\/2013-senesi-mart-29-kunu-qurultay-delegatlarini-saylav-boyunca-nevbetteki-toplasuv-olip-kecti\\\/#respond\"]}]},{\"@type\":\"WebPage\",\"@id\":\"https:\\\/\\\/qtmm.org\\\/qt\\\/2013-senesi-mart-29-kunu-qurultay-delegatlarini-saylav-boyunca-nevbetteki-toplasuv-olip-kecti\\\/\",\"url\":\"https:\\\/\\\/qtmm.org\\\/qt\\\/2013-senesi-mart-29-kunu-qurultay-delegatlarini-saylav-boyunca-nevbetteki-toplasuv-olip-kecti\\\/\",\"name\":\"2013 senesi mart 29 k\u00fcn\u00fc Qurultay delegatlar\u0131n\u0131 saylav boyunca nevbetteki topla\u015fuv ol\u0131p ke\u00e7ti - \u041c\u0435\u0434\u0436\u043b\u0456\u0441\",\"isPartOf\":{\"@id\":\"https:\\\/\\\/qtmm.org\\\/qt\\\/#website\"},\"datePublished\":\"2013-01-30T14:48:00+00:00\",\"dateModified\":\"2022-01-23T14:49:20+00:00\",\"breadcrumb\":{\"@id\":\"https:\\\/\\\/qtmm.org\\\/qt\\\/2013-senesi-mart-29-kunu-qurultay-delegatlarini-saylav-boyunca-nevbetteki-toplasuv-olip-kecti\\\/#breadcrumb\"},\"inLanguage\":\"qt\",\"potentialAction\":[{\"@type\":\"ReadAction\",\"target\":[\"https:\\\/\\\/qtmm.org\\\/qt\\\/2013-senesi-mart-29-kunu-qurultay-delegatlarini-saylav-boyunca-nevbetteki-toplasuv-olip-kecti\\\/\"]}]},{\"@type\":\"BreadcrumbList\",\"@id\":\"https:\\\/\\\/qtmm.org\\\/qt\\\/2013-senesi-mart-29-kunu-qurultay-delegatlarini-saylav-boyunca-nevbetteki-toplasuv-olip-kecti\\\/#breadcrumb\",\"itemListElement\":[{\"@type\":\"ListItem\",\"position\":1,\"name\":\"\u0413\u043e\u043b\u043e\u0432\u043d\u0430\",\"item\":\"https:\\\/\\\/qtmm.org\\\/qt\\\/\"},{\"@type\":\"ListItem\",\"position\":2,\"name\":\"2013 senesi mart 29 k\u00fcn\u00fc Qurultay delegatlar\u0131n\u0131 saylav boyunca nevbetteki topla\u015fuv ol\u0131p ke\u00e7ti\"}]},{\"@type\":\"WebSite\",\"@id\":\"https:\\\/\\\/qtmm.org\\\/qt\\\/#website\",\"url\":\"https:\\\/\\\/qtmm.org\\\/qt\\\/\",\"name\":\"\u041c\u0435\u0434\u0436\u043b\u0456\u0441\",\"description\":\"\",\"publisher\":{\"@id\":\"https:\\\/\\\/qtmm.org\\\/qt\\\/#organization\"},\"potentialAction\":[{\"@type\":\"SearchAction\",\"target\":{\"@type\":\"EntryPoint\",\"urlTemplate\":\"https:\\\/\\\/qtmm.org\\\/qt\\\/?s={search_term_string}\"},\"query-input\":{\"@type\":\"PropertyValueSpecification\",\"valueRequired\":true,\"valueName\":\"search_term_string\"}}],\"inLanguage\":\"qt\"},{\"@type\":\"Organization\",\"@id\":\"https:\\\/\\\/qtmm.org\\\/qt\\\/#organization\",\"name\":\"\u041c\u0435\u0434\u0436\u043b\u0456\u0441\",\"url\":\"https:\\\/\\\/qtmm.org\\\/qt\\\/\",\"logo\":{\"@type\":\"ImageObject\",\"inLanguage\":\"qt\",\"@id\":\"https:\\\/\\\/qtmm.org\\\/qt\\\/#\\\/schema\\\/logo\\\/image\\\/\",\"url\":\"https:\\\/\\\/qtmm.org\\\/wp-content\\\/uploads\\\/2024\\\/12\\\/ua-mejlis-logo-rgb.svg\",\"contentUrl\":\"https:\\\/\\\/qtmm.org\\\/wp-content\\\/uploads\\\/2024\\\/12\\\/ua-mejlis-logo-rgb.svg\",\"caption\":\"\u041c\u0435\u0434\u0436\u043b\u0456\u0441\"},\"image\":{\"@id\":\"https:\\\/\\\/qtmm.org\\\/qt\\\/#\\\/schema\\\/logo\\\/image\\\/\"},\"sameAs\":[\"https:\\\/\\\/www.facebook.com\\\/qtmm.info\\\/\"]},{\"@type\":\"Person\",\"@id\":\"https:\\\/\\\/qtmm.org\\\/qt\\\/#\\\/schema\\\/person\\\/de562469f971dec226ac06e60bbf74a7\",\"name\":\"Developer\",\"image\":{\"@type\":\"ImageObject\",\"inLanguage\":\"qt\",\"@id\":\"https:\\\/\\\/secure.gravatar.com\\\/avatar\\\/392b4cc8fbfeb00b39dfeeab4ee6edded39ffd48e25858637e4765810300227e?s=96&d=mm&r=g\",\"url\":\"https:\\\/\\\/secure.gravatar.com\\\/avatar\\\/392b4cc8fbfeb00b39dfeeab4ee6edded39ffd48e25858637e4765810300227e?s=96&d=mm&r=g\",\"contentUrl\":\"https:\\\/\\\/secure.gravatar.com\\\/avatar\\\/392b4cc8fbfeb00b39dfeeab4ee6edded39ffd48e25858637e4765810300227e?s=96&d=mm&r=g\",\"caption\":\"Developer\"},\"url\":\"https:\\\/\\\/qtmm.org\\\/qt\\\/author\\\/Developer\\\/\"}]}<\/script>\n<!-- \/ Yoast SEO plugin. -->","yoast_head_json":{"title":"2013 senesi mart 29 k\u00fcn\u00fc Qurultay delegatlar\u0131n\u0131 saylav boyunca nevbetteki topla\u015fuv ol\u0131p ke\u00e7ti - \u041c\u0435\u0434\u0436\u043b\u0456\u0441","robots":{"index":"index","follow":"follow","max-snippet":"max-snippet:-1","max-image-preview":"max-image-preview:large","max-video-preview":"max-video-preview:-1"},"canonical":"https:\/\/qtmm.org\/qt\/2013-senesi-mart-29-kunu-qurultay-delegatlarini-saylav-boyunca-nevbetteki-toplasuv-olip-kecti\/","og_locale":"en_US","og_type":"article","og_title":"2013 senesi mart 29 k\u00fcn\u00fc Qurultay delegatlar\u0131n\u0131 saylav boyunca nevbetteki topla\u015fuv ol\u0131p ke\u00e7ti - \u041c\u0435\u0434\u0436\u043b\u0456\u0441","og_description":"Topla\u015fuvn\u0131\u00f1 k\u00fcn tertibine a\u015fa\u011f\u0131daki meseleler qoyuld\u0131: 1. Qurultay delegatl\u0131\u011f\u0131na &#8220;\u0130nki\u015faf&#8221; q\u0131r\u0131mtatar cemiyeti&#8221;, &#8220;K\u00fcre\u015f&#8221; Q\u0131r\u0131m federatsiyas\u0131&#8221; cemaat te\u015fkil\u00e2t\u0131 ve Qarda\u015fl\u0131q \u2013 Qarasuv cemaat te\u015fkil\u00e2t\u0131 (Q\u0131r\u0131m Ya\u015flar merkezi) namzetler cedvelini tasdiqlav aqq\u0131nda2. \u00c7oqmandatl\u0131 majoritar saylav dairelerinden delegatlarn\u0131 saylav k\u00fcn\u00fcni il\u00e2n et\u00fcv ve Aqmescit \u015feeri, Aqmescit, Kezlev, Zaporojye ve Yalta regionlar\u0131nda delegatlarn\u0131 saylavlarn\u0131 az\u0131rlav ve ke\u00e7ir\u00fcvni\u00f1 taqvimiy planlar\u0131n\u0131 [&hellip;]","og_url":"https:\/\/qtmm.org\/qt\/2013-senesi-mart-29-kunu-qurultay-delegatlarini-saylav-boyunca-nevbetteki-toplasuv-olip-kecti\/","og_site_name":"\u041c\u0435\u0434\u0436\u043b\u0456\u0441","article_publisher":"https:\/\/www.facebook.com\/qtmm.info\/","article_published_time":"2013-01-30T14:48:00+00:00","article_modified_time":"2022-01-23T14:49:20+00:00","author":"Developer","twitter_card":"summary_large_image","twitter_misc":{"Written by":"Developer","Est. reading time":"2 minutes"},"schema":{"@context":"https:\/\/schema.org","@graph":[{"@type":"Article","@id":"https:\/\/qtmm.org\/qt\/2013-senesi-mart-29-kunu-qurultay-delegatlarini-saylav-boyunca-nevbetteki-toplasuv-olip-kecti\/#article","isPartOf":{"@id":"https:\/\/qtmm.org\/qt\/2013-senesi-mart-29-kunu-qurultay-delegatlarini-saylav-boyunca-nevbetteki-toplasuv-olip-kecti\/"},"author":{"name":"Developer","@id":"https:\/\/qtmm.org\/qt\/#\/schema\/person\/de562469f971dec226ac06e60bbf74a7"},"headline":"2013 senesi mart 29 k\u00fcn\u00fc Qurultay delegatlar\u0131n\u0131 saylav boyunca nevbetteki topla\u015fuv ol\u0131p ke\u00e7ti","datePublished":"2013-01-30T14:48:00+00:00","dateModified":"2022-01-23T14:49:20+00:00","mainEntityOfPage":{"@id":"https:\/\/qtmm.org\/qt\/2013-senesi-mart-29-kunu-qurultay-delegatlarini-saylav-boyunca-nevbetteki-toplasuv-olip-kecti\/"},"wordCount":358,"commentCount":0,"publisher":{"@id":"https:\/\/qtmm.org\/qt\/#organization"},"articleSection":["Haberler"],"inLanguage":"qt","potentialAction":[{"@type":"CommentAction","name":"Comment","target":["https:\/\/qtmm.org\/qt\/2013-senesi-mart-29-kunu-qurultay-delegatlarini-saylav-boyunca-nevbetteki-toplasuv-olip-kecti\/#respond"]}]},{"@type":"WebPage","@id":"https:\/\/qtmm.org\/qt\/2013-senesi-mart-29-kunu-qurultay-delegatlarini-saylav-boyunca-nevbetteki-toplasuv-olip-kecti\/","url":"https:\/\/qtmm.org\/qt\/2013-senesi-mart-29-kunu-qurultay-delegatlarini-saylav-boyunca-nevbetteki-toplasuv-olip-kecti\/","name":"2013 senesi mart 29 k\u00fcn\u00fc Qurultay delegatlar\u0131n\u0131 saylav boyunca nevbetteki topla\u015fuv ol\u0131p ke\u00e7ti - \u041c\u0435\u0434\u0436\u043b\u0456\u0441","isPartOf":{"@id":"https:\/\/qtmm.org\/qt\/#website"},"datePublished":"2013-01-30T14:48:00+00:00","dateModified":"2022-01-23T14:49:20+00:00","breadcrumb":{"@id":"https:\/\/qtmm.org\/qt\/2013-senesi-mart-29-kunu-qurultay-delegatlarini-saylav-boyunca-nevbetteki-toplasuv-olip-kecti\/#breadcrumb"},"inLanguage":"qt","potentialAction":[{"@type":"ReadAction","target":["https:\/\/qtmm.org\/qt\/2013-senesi-mart-29-kunu-qurultay-delegatlarini-saylav-boyunca-nevbetteki-toplasuv-olip-kecti\/"]}]},{"@type":"BreadcrumbList","@id":"https:\/\/qtmm.org\/qt\/2013-senesi-mart-29-kunu-qurultay-delegatlarini-saylav-boyunca-nevbetteki-toplasuv-olip-kecti\/#breadcrumb","itemListElement":[{"@type":"ListItem","position":1,"name":"\u0413\u043e\u043b\u043e\u0432\u043d\u0430","item":"https:\/\/qtmm.org\/qt\/"},{"@type":"ListItem","position":2,"name":"2013 senesi mart 29 k\u00fcn\u00fc Qurultay delegatlar\u0131n\u0131 saylav boyunca nevbetteki topla\u015fuv ol\u0131p ke\u00e7ti"}]},{"@type":"WebSite","@id":"https:\/\/qtmm.org\/qt\/#website","url":"https:\/\/qtmm.org\/qt\/","name":"\u041c\u0435\u0434\u0436\u043b\u0456\u0441","description":"","publisher":{"@id":"https:\/\/qtmm.org\/qt\/#organization"},"potentialAction":[{"@type":"SearchAction","target":{"@type":"EntryPoint","urlTemplate":"https:\/\/qtmm.org\/qt\/?s={search_term_string}"},"query-input":{"@type":"PropertyValueSpecification","valueRequired":true,"valueName":"search_term_string"}}],"inLanguage":"qt"},{"@type":"Organization","@id":"https:\/\/qtmm.org\/qt\/#organization","name":"\u041c\u0435\u0434\u0436\u043b\u0456\u0441","url":"https:\/\/qtmm.org\/qt\/","logo":{"@type":"ImageObject","inLanguage":"qt","@id":"https:\/\/qtmm.org\/qt\/#\/schema\/logo\/image\/","url":"https:\/\/qtmm.org\/wp-content\/uploads\/2024\/12\/ua-mejlis-logo-rgb.svg","contentUrl":"https:\/\/qtmm.org\/wp-content\/uploads\/2024\/12\/ua-mejlis-logo-rgb.svg","caption":"\u041c\u0435\u0434\u0436\u043b\u0456\u0441"},"image":{"@id":"https:\/\/qtmm.org\/qt\/#\/schema\/logo\/image\/"},"sameAs":["https:\/\/www.facebook.com\/qtmm.info\/"]},{"@type":"Person","@id":"https:\/\/qtmm.org\/qt\/#\/schema\/person\/de562469f971dec226ac06e60bbf74a7","name":"Developer","image":{"@type":"ImageObject","inLanguage":"qt","@id":"https:\/\/secure.gravatar.com\/avatar\/392b4cc8fbfeb00b39dfeeab4ee6edded39ffd48e25858637e4765810300227e?s=96&d=mm&r=g","url":"https:\/\/secure.gravatar.com\/avatar\/392b4cc8fbfeb00b39dfeeab4ee6edded39ffd48e25858637e4765810300227e?s=96&d=mm&r=g","contentUrl":"https:\/\/secure.gravatar.com\/avatar\/392b4cc8fbfeb00b39dfeeab4ee6edded39ffd48e25858637e4765810300227e?s=96&d=mm&r=g","caption":"Developer"},"url":"https:\/\/qtmm.org\/qt\/author\/Developer\/"}]}},"_links":{"self":[{"href":"https:\/\/qtmm.org\/qt\/wp-json\/wp\/v2\/posts\/36263","targetHints":{"allow":["GET"]}}],"collection":[{"href":"https:\/\/qtmm.org\/qt\/wp-json\/wp\/v2\/posts"}],"about":[{"href":"https:\/\/qtmm.org\/qt\/wp-json\/wp\/v2\/types\/post"}],"author":[{"embeddable":true,"href":"https:\/\/qtmm.org\/qt\/wp-json\/wp\/v2\/users\/1"}],"replies":[{"embeddable":true,"href":"https:\/\/qtmm.org\/qt\/wp-json\/wp\/v2\/comments?post=36263"}],"version-history":[{"count":1,"href":"https:\/\/qtmm.org\/qt\/wp-json\/wp\/v2\/posts\/36263\/revisions"}],"predecessor-version":[{"id":36264,"href":"https:\/\/qtmm.org\/qt\/wp-json\/wp\/v2\/posts\/36263\/revisions\/36264"}],"wp:attachment":[{"href":"https:\/\/qtmm.org\/qt\/wp-json\/wp\/v2\/media?parent=36263"}],"wp:term":[{"taxonomy":"category","embeddable":true,"href":"https:\/\/qtmm.org\/qt\/wp-json\/wp\/v2\/categories?post=36263"},{"taxonomy":"post_tag","embeddable":true,"href":"https:\/\/qtmm.org\/qt\/wp-json\/wp\/v2\/tags?post=36263"}],"curies":[{"name":"wp","href":"https:\/\/api.w.org\/{rel}","templated":true}]}}