




{"id":36261,"date":"2013-03-23T17:47:00","date_gmt":"2013-03-23T14:47:00","guid":{"rendered":"http:\/\/qtmm.org\/?p=36261"},"modified":"2022-01-23T17:48:27","modified_gmt":"2022-01-23T14:48:27","slug":"6-nci-cagirilis-qurultay-delegatligina-bagcasaray-s-coqmandatli-majoritar-dairesinden-namzetler-saylavlarda-resmiy-istirak-etmek-icun-seadetnamelerini-aldilar","status":"publish","type":"post","link":"https:\/\/qtmm.org\/qt\/6-nci-cagirilis-qurultay-delegatligina-bagcasaray-s-coqmandatli-majoritar-dairesinden-namzetler-saylavlarda-resmiy-istirak-etmek-icun-seadetnamelerini-aldilar\/","title":{"rendered":"6-nc\u0131 \u00e7a\u011f\u0131r\u0131l\u0131\u015f Qurultay delegatl\u0131\u011f\u0131na Ba\u011f\u00e7asaray \u015f. \u00e7oqmandatl\u0131 majoritar dairesinden namzetler saylavlarda resmiy i\u015ftirak etmek i\u00e7\u00fcn \u015feadetnamelerini ald\u0131lar"},"content":{"rendered":"\n<p>Mart 23-te Ba\u011f\u00e7asaray \u2116 02 saylav dairesini\u00f1 komissiyas\u0131 6-nc\u0131 \u00e7a\u011f\u0131r\u0131l\u0131\u015f Qurultay delegatl\u0131\u011f\u0131na Ba\u011f\u00e7asaray \u015f. \u00e7oqmandatl\u0131 majoritar dairesinden 10 namzetke \u015feadetnamelerni berdi<\/p>\n\n\n\n<p>Bu aqta 6-nc\u0131 \u00e7a\u011f\u0131r\u0131l\u0131\u015f Qurultay delegatlar\u0131n\u0131 saylav boyunca Merkeziy saylav komissiyas\u0131n\u0131\u00f1 matbuat h\u0131zmeti bildirdi.<\/p>\n\n\n\n<p>Topla\u015fuv protokol\u0131na k\u00f6re Ba\u011f\u00e7asaray daire saylav komissiyas\u0131 \u211602 &#8220;\u00c7oqmandatl\u0131 saylav dairesinde delegatl\u0131qqa namzetlerni cedvelge aluv&#8221; qarar\u0131n\u0131 qabul etti ve Qurultay delegatl\u0131\u011f\u0131na a\u015fa\u011f\u0131daki namzetlerni cedvelge ald\u0131:<br><br>1. Mustafa Cemilev \u2013 Q\u0131r\u0131mtatar halq\u0131 Meclisini\u00f1 reisi, Ukraina halq deputat\u0131<br><br>2. Seytosan Soliyev \u2013 Q\u0131r\u0131mtatar halq\u0131 5 \u00e7a\u011f\u0131r\u0131l\u0131\u015f Qurultay\u0131n\u0131\u00f1 delegat\u0131, Ba\u011f\u00e7asaray rayon \u015furas\u0131n\u0131\u00f1 deputat\u0131<br><br>3. Asan Abduramanov \u2013 Q\u0131r\u0131mtatar halq\u0131 5 \u00e7a\u011f\u0131r\u0131l\u0131\u015f Qurultay\u0131n\u0131\u00f1 delegat\u0131<br><br>4. Mustafa Mustafayev \u2013 Ba\u011f\u00e7asaray \u015feer \u015furas\u0131n\u0131\u00f1 deputat\u0131<br><br>5. Edem Dudakov \u2013 Q\u0131r\u0131mtatar halq\u0131 5 \u00e7a\u011f\u0131r\u0131l\u0131\u015f Qurultay\u0131n\u0131\u00f1 delegat\u0131, Milletler komitetini\u00f1 sab\u0131q reisi.<br><br>6. Enver \u00dcmerov \u2013 Q\u0131r\u0131mtatar halq\u0131 5 \u00e7a\u011f\u0131r\u0131l\u0131\u015f Qurultay\u0131n\u0131\u00f1 delegat\u0131 , Ba\u011f\u00e7asaray \u015feer \u015furas\u0131n\u0131\u00f1 deputat\u0131<br><br>7. Marlen Bil\u00e2l \u2013 Ba\u011f\u00e7asaray \u015feer \u015furas\u0131n\u0131\u00f1 deputat\u0131, Ba\u011f\u00e7asaray \u015feerindeki stomatologiya poliklinikas\u0131n\u0131\u00f1 m\u00fcdiri<br><br>8. Ervin \u0130bragimov \u2013 Ba\u011f\u00e7asaray \u015feer \u015furas\u0131n\u0131\u00f1 deputat\u0131 , Ba\u011f\u00e7asaray rayon devlet memuriyeti agrar-sanay\u0131 inki\u015faf idaresi finans-iqtisadiy b\u00f6l\u00fcgini\u00f1 ba\u015f m\u00fctehass\u0131s\u0131<br><br>9. Ernes Mustafayev &#8211; Q\u0131r\u0131mtatar halq\u0131 5 \u00e7a\u011f\u0131r\u0131l\u0131\u015f Qurultay\u0131n\u0131\u00f1 delegat\u0131 , Ba\u011f\u00e7asaray \u015feer \u015furas\u0131n\u0131\u00f1 deputat\u0131<br><br>10. Asan \u00c7aruhov \u2013&#8221;Ya\u015flar \u015euras\u0131&#8221; te\u015fkil\u00e2t\u0131n\u0131\u00f1 azas\u0131, ortoped-travmatolog<br><br><br>Qurultay delegatlar\u0131n\u0131 saylav boyunca \u211602 Ba\u011f\u00e7asaray daire saylav komissiyas\u0131n\u0131\u00f1 reisi Hatice Suleymanova Qurultay delegatl\u0131\u011f\u0131na namzetlerge Ba\u011f\u00e7asaray region\u0131nda Qurultay delegatlar\u0131n\u0131 saylavlar\u0131n\u0131 az\u0131rlav ve te\u015fkil et\u00fcv boyunca tedbirlerni\u00f1 taqvimiy plan\u0131na k\u00f6re saylavald\u0131 kampaniya namzet cedvelge al\u0131n\u011fan k\u00fcnden ba\u015flap saylavlar\u011fa 24 saat qal\u011fanda yek\u00fcnlengenini bildirdi.<\/p>\n\n\n\n<p>Daire saylav komissiyas\u0131n\u0131\u00f1 reisi namzetlerge \u015fun\u0131 da hat\u0131rlatt\u0131 ki, &#8220;Qurultay delegatlar\u0131n\u0131 saylav nizam\u0131&#8221; boyunca er bir insan \u00f6z namzetini saylavlar\u011fa 30 k\u00fcnden ziyade vaq\u0131t qal\u011fanda tizilgen u\u00e7astka saylav komissiyas\u0131na kirmek aqq\u0131na nail. Ba\u011f\u00e7asaray regional meclis reisi Ahtem \u00c7iygoz qurultay delegatl\u0131\u011f\u0131na namzetlerge h\u0131tap etip, olar\u011fa faal ve mahsuldar \u00e7al\u0131\u015fmaqn\u0131 tiledi ve aprel 27 k\u00fcn\u00fc Ba\u011f\u00e7asaray \u211602 daire saylav komissiyas\u0131n\u0131\u00f1 alan\u0131nda 5 saylav u\u00e7astkas\u0131 \u00e7al\u0131\u015f\u0131p, saylavc\u0131lar saba saat 8-den aq\u015fam saat 8-ge qadar saylayabilirler.<\/p>\n\n\n\n<p>\u00d6z nevbetinde Meclis reisi Mustafa Cemilev qurultay delegatlar\u0131n\u0131 saylavlarn\u0131 \u015fu saylavlar\u011fa rz temsilcilerini yollama\u011fa raz\u0131l\u0131q bergen \u00e7e\u015fit halqara te\u015fkil\u00e2tlarn\u0131\u00f1 vekilleri k\u00f6zeteyeceklerini aytt\u0131.<br><br>Merkeziy saylav komissiyas\u0131 \u015fun\u0131\u00f1 kibi de daire saylav komissiyalar\u0131na Qurultay delegatl\u0131\u011f\u0131na namzetlerge \u015feadetnameler berilgen k\u00fcn aqq\u0131nda haber etmek ricas\u0131nda buluna ki, mal\u00fcmat cemaat\u00e7\u0131l\u0131q ve k\u00fctleviy matbuat vastalar\u0131na da yetkizilsin<\/p>\n\n\n\n<p><\/p>\n","protected":false},"excerpt":{"rendered":"<p>Mart 23-te Ba\u011f\u00e7asaray \u2116 02 saylav dairesini\u00f1 komissiyas\u0131 6-nc\u0131 \u00e7a\u011f\u0131r\u0131l\u0131\u015f Qurultay delegatl\u0131\u011f\u0131na Ba\u011f\u00e7asaray \u015f. \u00e7oqmandatl\u0131 majoritar dairesinden 10 namzetke \u015feadetnamelerni berdi Bu aqta 6-nc\u0131 \u00e7a\u011f\u0131r\u0131l\u0131\u015f Qurultay delegatlar\u0131n\u0131 saylav boyunca Merkeziy saylav komissiyas\u0131n\u0131\u00f1 matbuat h\u0131zmeti bildirdi. Topla\u015fuv protokol\u0131na k\u00f6re Ba\u011f\u00e7asaray daire saylav komissiyas\u0131 \u211602 &#8220;\u00c7oqmandatl\u0131 saylav dairesinde delegatl\u0131qqa namzetlerni cedvelge aluv&#8221; qarar\u0131n\u0131 qabul etti ve Qurultay [&hellip;]<\/p>\n","protected":false},"author":1,"featured_media":0,"comment_status":"open","ping_status":"open","sticky":false,"template":"","format":"standard","meta":{"inline_featured_image":false,"footnotes":""},"categories":[265],"tags":[],"class_list":["post-36261","post","type-post","status-publish","format-standard","hentry","category-haberler"],"acf":[],"yoast_head":"<!-- This site is optimized with the Yoast SEO plugin v27.4 - https:\/\/yoast.com\/product\/yoast-seo-wordpress\/ -->\n<title>6-nc\u0131 \u00e7a\u011f\u0131r\u0131l\u0131\u015f Qurultay delegatl\u0131\u011f\u0131na Ba\u011f\u00e7asaray \u015f. \u00e7oqmandatl\u0131 majoritar dairesinden namzetler saylavlarda resmiy i\u015ftirak etmek i\u00e7\u00fcn \u015feadetnamelerini ald\u0131lar - \u041c\u0435\u0434\u0436\u043b\u0456\u0441<\/title>\n<meta name=\"robots\" content=\"index, follow, max-snippet:-1, max-image-preview:large, max-video-preview:-1\" \/>\n<link rel=\"canonical\" href=\"https:\/\/qtmm.org\/qt\/6-nci-cagirilis-qurultay-delegatligina-bagcasaray-s-coqmandatli-majoritar-dairesinden-namzetler-saylavlarda-resmiy-istirak-etmek-icun-seadetnamelerini-aldilar\/\" \/>\n<meta property=\"og:locale\" content=\"en_US\" \/>\n<meta property=\"og:type\" content=\"article\" \/>\n<meta property=\"og:title\" content=\"6-nc\u0131 \u00e7a\u011f\u0131r\u0131l\u0131\u015f Qurultay delegatl\u0131\u011f\u0131na Ba\u011f\u00e7asaray \u015f. \u00e7oqmandatl\u0131 majoritar dairesinden namzetler saylavlarda resmiy i\u015ftirak etmek i\u00e7\u00fcn \u015feadetnamelerini ald\u0131lar - \u041c\u0435\u0434\u0436\u043b\u0456\u0441\" \/>\n<meta property=\"og:description\" content=\"Mart 23-te Ba\u011f\u00e7asaray \u2116 02 saylav dairesini\u00f1 komissiyas\u0131 6-nc\u0131 \u00e7a\u011f\u0131r\u0131l\u0131\u015f Qurultay delegatl\u0131\u011f\u0131na Ba\u011f\u00e7asaray \u015f. \u00e7oqmandatl\u0131 majoritar dairesinden 10 namzetke \u015feadetnamelerni berdi Bu aqta 6-nc\u0131 \u00e7a\u011f\u0131r\u0131l\u0131\u015f Qurultay delegatlar\u0131n\u0131 saylav boyunca Merkeziy saylav komissiyas\u0131n\u0131\u00f1 matbuat h\u0131zmeti bildirdi. Topla\u015fuv protokol\u0131na k\u00f6re Ba\u011f\u00e7asaray daire saylav komissiyas\u0131 \u211602 &#8220;\u00c7oqmandatl\u0131 saylav dairesinde delegatl\u0131qqa namzetlerni cedvelge aluv&#8221; qarar\u0131n\u0131 qabul etti ve Qurultay [&hellip;]\" \/>\n<meta property=\"og:url\" content=\"https:\/\/qtmm.org\/qt\/6-nci-cagirilis-qurultay-delegatligina-bagcasaray-s-coqmandatli-majoritar-dairesinden-namzetler-saylavlarda-resmiy-istirak-etmek-icun-seadetnamelerini-aldilar\/\" \/>\n<meta property=\"og:site_name\" content=\"\u041c\u0435\u0434\u0436\u043b\u0456\u0441\" \/>\n<meta property=\"article:publisher\" content=\"https:\/\/www.facebook.com\/qtmm.info\/\" \/>\n<meta property=\"article:published_time\" content=\"2013-03-23T14:47:00+00:00\" \/>\n<meta property=\"article:modified_time\" content=\"2022-01-23T14:48:27+00:00\" \/>\n<meta name=\"author\" content=\"Developer\" \/>\n<meta name=\"twitter:card\" content=\"summary_large_image\" \/>\n<meta name=\"twitter:label1\" content=\"Written by\" \/>\n\t<meta name=\"twitter:data1\" content=\"Developer\" \/>\n\t<meta name=\"twitter:label2\" content=\"Est. reading time\" \/>\n\t<meta name=\"twitter:data2\" content=\"2 minutes\" \/>\n<script type=\"application\/ld+json\" class=\"yoast-schema-graph\">{\"@context\":\"https:\\\/\\\/schema.org\",\"@graph\":[{\"@type\":\"Article\",\"@id\":\"https:\\\/\\\/qtmm.org\\\/qt\\\/6-nci-cagirilis-qurultay-delegatligina-bagcasaray-s-coqmandatli-majoritar-dairesinden-namzetler-saylavlarda-resmiy-istirak-etmek-icun-seadetnamelerini-aldilar\\\/#article\",\"isPartOf\":{\"@id\":\"https:\\\/\\\/qtmm.org\\\/qt\\\/6-nci-cagirilis-qurultay-delegatligina-bagcasaray-s-coqmandatli-majoritar-dairesinden-namzetler-saylavlarda-resmiy-istirak-etmek-icun-seadetnamelerini-aldilar\\\/\"},\"author\":{\"name\":\"Developer\",\"@id\":\"https:\\\/\\\/qtmm.org\\\/qt\\\/#\\\/schema\\\/person\\\/de562469f971dec226ac06e60bbf74a7\"},\"headline\":\"6-nc\u0131 \u00e7a\u011f\u0131r\u0131l\u0131\u015f Qurultay delegatl\u0131\u011f\u0131na Ba\u011f\u00e7asaray \u015f. \u00e7oqmandatl\u0131 majoritar dairesinden namzetler saylavlarda resmiy i\u015ftirak etmek i\u00e7\u00fcn \u015feadetnamelerini ald\u0131lar\",\"datePublished\":\"2013-03-23T14:47:00+00:00\",\"dateModified\":\"2022-01-23T14:48:27+00:00\",\"mainEntityOfPage\":{\"@id\":\"https:\\\/\\\/qtmm.org\\\/qt\\\/6-nci-cagirilis-qurultay-delegatligina-bagcasaray-s-coqmandatli-majoritar-dairesinden-namzetler-saylavlarda-resmiy-istirak-etmek-icun-seadetnamelerini-aldilar\\\/\"},\"wordCount\":474,\"commentCount\":0,\"publisher\":{\"@id\":\"https:\\\/\\\/qtmm.org\\\/qt\\\/#organization\"},\"articleSection\":[\"Haberler\"],\"inLanguage\":\"qt\",\"potentialAction\":[{\"@type\":\"CommentAction\",\"name\":\"Comment\",\"target\":[\"https:\\\/\\\/qtmm.org\\\/qt\\\/6-nci-cagirilis-qurultay-delegatligina-bagcasaray-s-coqmandatli-majoritar-dairesinden-namzetler-saylavlarda-resmiy-istirak-etmek-icun-seadetnamelerini-aldilar\\\/#respond\"]}]},{\"@type\":\"WebPage\",\"@id\":\"https:\\\/\\\/qtmm.org\\\/qt\\\/6-nci-cagirilis-qurultay-delegatligina-bagcasaray-s-coqmandatli-majoritar-dairesinden-namzetler-saylavlarda-resmiy-istirak-etmek-icun-seadetnamelerini-aldilar\\\/\",\"url\":\"https:\\\/\\\/qtmm.org\\\/qt\\\/6-nci-cagirilis-qurultay-delegatligina-bagcasaray-s-coqmandatli-majoritar-dairesinden-namzetler-saylavlarda-resmiy-istirak-etmek-icun-seadetnamelerini-aldilar\\\/\",\"name\":\"6-nc\u0131 \u00e7a\u011f\u0131r\u0131l\u0131\u015f Qurultay delegatl\u0131\u011f\u0131na Ba\u011f\u00e7asaray \u015f. \u00e7oqmandatl\u0131 majoritar dairesinden namzetler saylavlarda resmiy i\u015ftirak etmek i\u00e7\u00fcn \u015feadetnamelerini ald\u0131lar - \u041c\u0435\u0434\u0436\u043b\u0456\u0441\",\"isPartOf\":{\"@id\":\"https:\\\/\\\/qtmm.org\\\/qt\\\/#website\"},\"datePublished\":\"2013-03-23T14:47:00+00:00\",\"dateModified\":\"2022-01-23T14:48:27+00:00\",\"breadcrumb\":{\"@id\":\"https:\\\/\\\/qtmm.org\\\/qt\\\/6-nci-cagirilis-qurultay-delegatligina-bagcasaray-s-coqmandatli-majoritar-dairesinden-namzetler-saylavlarda-resmiy-istirak-etmek-icun-seadetnamelerini-aldilar\\\/#breadcrumb\"},\"inLanguage\":\"qt\",\"potentialAction\":[{\"@type\":\"ReadAction\",\"target\":[\"https:\\\/\\\/qtmm.org\\\/qt\\\/6-nci-cagirilis-qurultay-delegatligina-bagcasaray-s-coqmandatli-majoritar-dairesinden-namzetler-saylavlarda-resmiy-istirak-etmek-icun-seadetnamelerini-aldilar\\\/\"]}]},{\"@type\":\"BreadcrumbList\",\"@id\":\"https:\\\/\\\/qtmm.org\\\/qt\\\/6-nci-cagirilis-qurultay-delegatligina-bagcasaray-s-coqmandatli-majoritar-dairesinden-namzetler-saylavlarda-resmiy-istirak-etmek-icun-seadetnamelerini-aldilar\\\/#breadcrumb\",\"itemListElement\":[{\"@type\":\"ListItem\",\"position\":1,\"name\":\"\u0413\u043e\u043b\u043e\u0432\u043d\u0430\",\"item\":\"https:\\\/\\\/qtmm.org\\\/qt\\\/\"},{\"@type\":\"ListItem\",\"position\":2,\"name\":\"6-nc\u0131 \u00e7a\u011f\u0131r\u0131l\u0131\u015f Qurultay delegatl\u0131\u011f\u0131na Ba\u011f\u00e7asaray \u015f. \u00e7oqmandatl\u0131 majoritar dairesinden namzetler saylavlarda resmiy i\u015ftirak etmek i\u00e7\u00fcn \u015feadetnamelerini ald\u0131lar\"}]},{\"@type\":\"WebSite\",\"@id\":\"https:\\\/\\\/qtmm.org\\\/qt\\\/#website\",\"url\":\"https:\\\/\\\/qtmm.org\\\/qt\\\/\",\"name\":\"\u041c\u0435\u0434\u0436\u043b\u0456\u0441\",\"description\":\"\",\"publisher\":{\"@id\":\"https:\\\/\\\/qtmm.org\\\/qt\\\/#organization\"},\"potentialAction\":[{\"@type\":\"SearchAction\",\"target\":{\"@type\":\"EntryPoint\",\"urlTemplate\":\"https:\\\/\\\/qtmm.org\\\/qt\\\/?s={search_term_string}\"},\"query-input\":{\"@type\":\"PropertyValueSpecification\",\"valueRequired\":true,\"valueName\":\"search_term_string\"}}],\"inLanguage\":\"qt\"},{\"@type\":\"Organization\",\"@id\":\"https:\\\/\\\/qtmm.org\\\/qt\\\/#organization\",\"name\":\"\u041c\u0435\u0434\u0436\u043b\u0456\u0441\",\"url\":\"https:\\\/\\\/qtmm.org\\\/qt\\\/\",\"logo\":{\"@type\":\"ImageObject\",\"inLanguage\":\"qt\",\"@id\":\"https:\\\/\\\/qtmm.org\\\/qt\\\/#\\\/schema\\\/logo\\\/image\\\/\",\"url\":\"https:\\\/\\\/qtmm.org\\\/wp-content\\\/uploads\\\/2024\\\/12\\\/ua-mejlis-logo-rgb.svg\",\"contentUrl\":\"https:\\\/\\\/qtmm.org\\\/wp-content\\\/uploads\\\/2024\\\/12\\\/ua-mejlis-logo-rgb.svg\",\"caption\":\"\u041c\u0435\u0434\u0436\u043b\u0456\u0441\"},\"image\":{\"@id\":\"https:\\\/\\\/qtmm.org\\\/qt\\\/#\\\/schema\\\/logo\\\/image\\\/\"},\"sameAs\":[\"https:\\\/\\\/www.facebook.com\\\/qtmm.info\\\/\"]},{\"@type\":\"Person\",\"@id\":\"https:\\\/\\\/qtmm.org\\\/qt\\\/#\\\/schema\\\/person\\\/de562469f971dec226ac06e60bbf74a7\",\"name\":\"Developer\",\"image\":{\"@type\":\"ImageObject\",\"inLanguage\":\"qt\",\"@id\":\"https:\\\/\\\/secure.gravatar.com\\\/avatar\\\/392b4cc8fbfeb00b39dfeeab4ee6edded39ffd48e25858637e4765810300227e?s=96&d=mm&r=g\",\"url\":\"https:\\\/\\\/secure.gravatar.com\\\/avatar\\\/392b4cc8fbfeb00b39dfeeab4ee6edded39ffd48e25858637e4765810300227e?s=96&d=mm&r=g\",\"contentUrl\":\"https:\\\/\\\/secure.gravatar.com\\\/avatar\\\/392b4cc8fbfeb00b39dfeeab4ee6edded39ffd48e25858637e4765810300227e?s=96&d=mm&r=g\",\"caption\":\"Developer\"},\"url\":\"https:\\\/\\\/qtmm.org\\\/qt\\\/author\\\/Developer\\\/\"}]}<\/script>\n<!-- \/ Yoast SEO plugin. -->","yoast_head_json":{"title":"6-nc\u0131 \u00e7a\u011f\u0131r\u0131l\u0131\u015f Qurultay delegatl\u0131\u011f\u0131na Ba\u011f\u00e7asaray \u015f. \u00e7oqmandatl\u0131 majoritar dairesinden namzetler saylavlarda resmiy i\u015ftirak etmek i\u00e7\u00fcn \u015feadetnamelerini ald\u0131lar - \u041c\u0435\u0434\u0436\u043b\u0456\u0441","robots":{"index":"index","follow":"follow","max-snippet":"max-snippet:-1","max-image-preview":"max-image-preview:large","max-video-preview":"max-video-preview:-1"},"canonical":"https:\/\/qtmm.org\/qt\/6-nci-cagirilis-qurultay-delegatligina-bagcasaray-s-coqmandatli-majoritar-dairesinden-namzetler-saylavlarda-resmiy-istirak-etmek-icun-seadetnamelerini-aldilar\/","og_locale":"en_US","og_type":"article","og_title":"6-nc\u0131 \u00e7a\u011f\u0131r\u0131l\u0131\u015f Qurultay delegatl\u0131\u011f\u0131na Ba\u011f\u00e7asaray \u015f. \u00e7oqmandatl\u0131 majoritar dairesinden namzetler saylavlarda resmiy i\u015ftirak etmek i\u00e7\u00fcn \u015feadetnamelerini ald\u0131lar - \u041c\u0435\u0434\u0436\u043b\u0456\u0441","og_description":"Mart 23-te Ba\u011f\u00e7asaray \u2116 02 saylav dairesini\u00f1 komissiyas\u0131 6-nc\u0131 \u00e7a\u011f\u0131r\u0131l\u0131\u015f Qurultay delegatl\u0131\u011f\u0131na Ba\u011f\u00e7asaray \u015f. \u00e7oqmandatl\u0131 majoritar dairesinden 10 namzetke \u015feadetnamelerni berdi Bu aqta 6-nc\u0131 \u00e7a\u011f\u0131r\u0131l\u0131\u015f Qurultay delegatlar\u0131n\u0131 saylav boyunca Merkeziy saylav komissiyas\u0131n\u0131\u00f1 matbuat h\u0131zmeti bildirdi. Topla\u015fuv protokol\u0131na k\u00f6re Ba\u011f\u00e7asaray daire saylav komissiyas\u0131 \u211602 &#8220;\u00c7oqmandatl\u0131 saylav dairesinde delegatl\u0131qqa namzetlerni cedvelge aluv&#8221; qarar\u0131n\u0131 qabul etti ve Qurultay [&hellip;]","og_url":"https:\/\/qtmm.org\/qt\/6-nci-cagirilis-qurultay-delegatligina-bagcasaray-s-coqmandatli-majoritar-dairesinden-namzetler-saylavlarda-resmiy-istirak-etmek-icun-seadetnamelerini-aldilar\/","og_site_name":"\u041c\u0435\u0434\u0436\u043b\u0456\u0441","article_publisher":"https:\/\/www.facebook.com\/qtmm.info\/","article_published_time":"2013-03-23T14:47:00+00:00","article_modified_time":"2022-01-23T14:48:27+00:00","author":"Developer","twitter_card":"summary_large_image","twitter_misc":{"Written by":"Developer","Est. reading time":"2 minutes"},"schema":{"@context":"https:\/\/schema.org","@graph":[{"@type":"Article","@id":"https:\/\/qtmm.org\/qt\/6-nci-cagirilis-qurultay-delegatligina-bagcasaray-s-coqmandatli-majoritar-dairesinden-namzetler-saylavlarda-resmiy-istirak-etmek-icun-seadetnamelerini-aldilar\/#article","isPartOf":{"@id":"https:\/\/qtmm.org\/qt\/6-nci-cagirilis-qurultay-delegatligina-bagcasaray-s-coqmandatli-majoritar-dairesinden-namzetler-saylavlarda-resmiy-istirak-etmek-icun-seadetnamelerini-aldilar\/"},"author":{"name":"Developer","@id":"https:\/\/qtmm.org\/qt\/#\/schema\/person\/de562469f971dec226ac06e60bbf74a7"},"headline":"6-nc\u0131 \u00e7a\u011f\u0131r\u0131l\u0131\u015f Qurultay delegatl\u0131\u011f\u0131na Ba\u011f\u00e7asaray \u015f. \u00e7oqmandatl\u0131 majoritar dairesinden namzetler saylavlarda resmiy i\u015ftirak etmek i\u00e7\u00fcn \u015feadetnamelerini ald\u0131lar","datePublished":"2013-03-23T14:47:00+00:00","dateModified":"2022-01-23T14:48:27+00:00","mainEntityOfPage":{"@id":"https:\/\/qtmm.org\/qt\/6-nci-cagirilis-qurultay-delegatligina-bagcasaray-s-coqmandatli-majoritar-dairesinden-namzetler-saylavlarda-resmiy-istirak-etmek-icun-seadetnamelerini-aldilar\/"},"wordCount":474,"commentCount":0,"publisher":{"@id":"https:\/\/qtmm.org\/qt\/#organization"},"articleSection":["Haberler"],"inLanguage":"qt","potentialAction":[{"@type":"CommentAction","name":"Comment","target":["https:\/\/qtmm.org\/qt\/6-nci-cagirilis-qurultay-delegatligina-bagcasaray-s-coqmandatli-majoritar-dairesinden-namzetler-saylavlarda-resmiy-istirak-etmek-icun-seadetnamelerini-aldilar\/#respond"]}]},{"@type":"WebPage","@id":"https:\/\/qtmm.org\/qt\/6-nci-cagirilis-qurultay-delegatligina-bagcasaray-s-coqmandatli-majoritar-dairesinden-namzetler-saylavlarda-resmiy-istirak-etmek-icun-seadetnamelerini-aldilar\/","url":"https:\/\/qtmm.org\/qt\/6-nci-cagirilis-qurultay-delegatligina-bagcasaray-s-coqmandatli-majoritar-dairesinden-namzetler-saylavlarda-resmiy-istirak-etmek-icun-seadetnamelerini-aldilar\/","name":"6-nc\u0131 \u00e7a\u011f\u0131r\u0131l\u0131\u015f Qurultay delegatl\u0131\u011f\u0131na Ba\u011f\u00e7asaray \u015f. \u00e7oqmandatl\u0131 majoritar dairesinden namzetler saylavlarda resmiy i\u015ftirak etmek i\u00e7\u00fcn \u015feadetnamelerini ald\u0131lar - \u041c\u0435\u0434\u0436\u043b\u0456\u0441","isPartOf":{"@id":"https:\/\/qtmm.org\/qt\/#website"},"datePublished":"2013-03-23T14:47:00+00:00","dateModified":"2022-01-23T14:48:27+00:00","breadcrumb":{"@id":"https:\/\/qtmm.org\/qt\/6-nci-cagirilis-qurultay-delegatligina-bagcasaray-s-coqmandatli-majoritar-dairesinden-namzetler-saylavlarda-resmiy-istirak-etmek-icun-seadetnamelerini-aldilar\/#breadcrumb"},"inLanguage":"qt","potentialAction":[{"@type":"ReadAction","target":["https:\/\/qtmm.org\/qt\/6-nci-cagirilis-qurultay-delegatligina-bagcasaray-s-coqmandatli-majoritar-dairesinden-namzetler-saylavlarda-resmiy-istirak-etmek-icun-seadetnamelerini-aldilar\/"]}]},{"@type":"BreadcrumbList","@id":"https:\/\/qtmm.org\/qt\/6-nci-cagirilis-qurultay-delegatligina-bagcasaray-s-coqmandatli-majoritar-dairesinden-namzetler-saylavlarda-resmiy-istirak-etmek-icun-seadetnamelerini-aldilar\/#breadcrumb","itemListElement":[{"@type":"ListItem","position":1,"name":"\u0413\u043e\u043b\u043e\u0432\u043d\u0430","item":"https:\/\/qtmm.org\/qt\/"},{"@type":"ListItem","position":2,"name":"6-nc\u0131 \u00e7a\u011f\u0131r\u0131l\u0131\u015f Qurultay delegatl\u0131\u011f\u0131na Ba\u011f\u00e7asaray \u015f. \u00e7oqmandatl\u0131 majoritar dairesinden namzetler saylavlarda resmiy i\u015ftirak etmek i\u00e7\u00fcn \u015feadetnamelerini ald\u0131lar"}]},{"@type":"WebSite","@id":"https:\/\/qtmm.org\/qt\/#website","url":"https:\/\/qtmm.org\/qt\/","name":"\u041c\u0435\u0434\u0436\u043b\u0456\u0441","description":"","publisher":{"@id":"https:\/\/qtmm.org\/qt\/#organization"},"potentialAction":[{"@type":"SearchAction","target":{"@type":"EntryPoint","urlTemplate":"https:\/\/qtmm.org\/qt\/?s={search_term_string}"},"query-input":{"@type":"PropertyValueSpecification","valueRequired":true,"valueName":"search_term_string"}}],"inLanguage":"qt"},{"@type":"Organization","@id":"https:\/\/qtmm.org\/qt\/#organization","name":"\u041c\u0435\u0434\u0436\u043b\u0456\u0441","url":"https:\/\/qtmm.org\/qt\/","logo":{"@type":"ImageObject","inLanguage":"qt","@id":"https:\/\/qtmm.org\/qt\/#\/schema\/logo\/image\/","url":"https:\/\/qtmm.org\/wp-content\/uploads\/2024\/12\/ua-mejlis-logo-rgb.svg","contentUrl":"https:\/\/qtmm.org\/wp-content\/uploads\/2024\/12\/ua-mejlis-logo-rgb.svg","caption":"\u041c\u0435\u0434\u0436\u043b\u0456\u0441"},"image":{"@id":"https:\/\/qtmm.org\/qt\/#\/schema\/logo\/image\/"},"sameAs":["https:\/\/www.facebook.com\/qtmm.info\/"]},{"@type":"Person","@id":"https:\/\/qtmm.org\/qt\/#\/schema\/person\/de562469f971dec226ac06e60bbf74a7","name":"Developer","image":{"@type":"ImageObject","inLanguage":"qt","@id":"https:\/\/secure.gravatar.com\/avatar\/392b4cc8fbfeb00b39dfeeab4ee6edded39ffd48e25858637e4765810300227e?s=96&d=mm&r=g","url":"https:\/\/secure.gravatar.com\/avatar\/392b4cc8fbfeb00b39dfeeab4ee6edded39ffd48e25858637e4765810300227e?s=96&d=mm&r=g","contentUrl":"https:\/\/secure.gravatar.com\/avatar\/392b4cc8fbfeb00b39dfeeab4ee6edded39ffd48e25858637e4765810300227e?s=96&d=mm&r=g","caption":"Developer"},"url":"https:\/\/qtmm.org\/qt\/author\/Developer\/"}]}},"_links":{"self":[{"href":"https:\/\/qtmm.org\/qt\/wp-json\/wp\/v2\/posts\/36261","targetHints":{"allow":["GET"]}}],"collection":[{"href":"https:\/\/qtmm.org\/qt\/wp-json\/wp\/v2\/posts"}],"about":[{"href":"https:\/\/qtmm.org\/qt\/wp-json\/wp\/v2\/types\/post"}],"author":[{"embeddable":true,"href":"https:\/\/qtmm.org\/qt\/wp-json\/wp\/v2\/users\/1"}],"replies":[{"embeddable":true,"href":"https:\/\/qtmm.org\/qt\/wp-json\/wp\/v2\/comments?post=36261"}],"version-history":[{"count":1,"href":"https:\/\/qtmm.org\/qt\/wp-json\/wp\/v2\/posts\/36261\/revisions"}],"predecessor-version":[{"id":36262,"href":"https:\/\/qtmm.org\/qt\/wp-json\/wp\/v2\/posts\/36261\/revisions\/36262"}],"wp:attachment":[{"href":"https:\/\/qtmm.org\/qt\/wp-json\/wp\/v2\/media?parent=36261"}],"wp:term":[{"taxonomy":"category","embeddable":true,"href":"https:\/\/qtmm.org\/qt\/wp-json\/wp\/v2\/categories?post=36261"},{"taxonomy":"post_tag","embeddable":true,"href":"https:\/\/qtmm.org\/qt\/wp-json\/wp\/v2\/tags?post=36261"}],"curies":[{"name":"wp","href":"https:\/\/api.w.org\/{rel}","templated":true}]}}