




{"id":36259,"date":"2013-03-22T17:46:00","date_gmt":"2013-03-22T14:46:00","guid":{"rendered":"http:\/\/qtmm.org\/?p=36259"},"modified":"2022-01-23T17:47:20","modified_gmt":"2022-01-23T14:47:20","slug":"cemilev-qirimtatarlarnin-qirimda-stabillik-ve-rusiye-separatizmine-qarsi-faktori-olgani-bugunki-ukumet-icun-muim-degil","status":"publish","type":"post","link":"https:\/\/qtmm.org\/qt\/cemilev-qirimtatarlarnin-qirimda-stabillik-ve-rusiye-separatizmine-qarsi-faktori-olgani-bugunki-ukumet-icun-muim-degil\/","title":{"rendered":"Cemilev: Q\u0131r\u0131mtatarlarn\u0131\u00f1 Q\u0131r\u0131mda stabillik ve Rusiye separatizmine qar\u015f\u0131 faktor\u0131 ol\u011fan\u0131 bug\u00fcnki \u00fck\u00fcmet i\u00e7\u00fcn m\u00fcim degil"},"content":{"rendered":"\n<p>Meclis reisi Mustafa Cemilev TVi televizion kanal\u0131nda dedi ki, Ukrainan\u0131\u00f1 \u015fimdikisinden \u011fayr\u0131 b\u00fct\u00fcn Prezidentleri q\u0131r\u0131mtatarlar\u011fa yar\u0131madada stabillik faktor\u0131 kibi tayana ediler.<\/p>\n\n\n\n<p>&#8220;izim masraflar\u0131m\u0131z pek \u00f6yle \u00e7oq degil, \u00e7\u00fcnki \u00e7oqluq g\u00f6\u00f1\u00fclli olaraq \u00e7al\u0131\u015fmaqta. Ukrainan\u0131\u00f1 er bir Prezidenti, biz o\u00f1a rey bergenimiz ya da bermegenimizden qatiy nazar, q\u0131r\u0131mtatarlar yar\u0131madada stabillik faktor\u0131 ol\u011fan\u0131n\u0131 a\u00f1lay edi. Biz daima a\u00e7\u0131qtan-a\u00e7\u0131q vatan\u0131m\u0131zn\u0131\u00f1 kelecegini tek Ukrainan\u0131\u00f1 erk\u00e2n\u0131nda k\u00f6rgenimizni s\u00f6ylep keldik, &#8211; dedi M. Cemilev. \u2013 amma bug\u00fcnki akimiyet i\u00e7\u00fcn bu m\u00fcim degil&#8221;.<\/p>\n\n\n\n<figure class=\"wp-block-embed is-type-video is-provider-youtube wp-block-embed-youtube wp-embed-aspect-4-3 wp-has-aspect-ratio\"><div class=\"wp-block-embed__wrapper\">\n<iframe loading=\"lazy\" title=\"\u041c\u0443\u0441\u0442\u0430\u0444\u0430 \u0414\u0436\u0435\u043c\u0438\u043b\u0435\u0432 3, \u0422\u0412\u0406, 21.03.2013\" width=\"640\" height=\"480\" src=\"https:\/\/www.youtube.com\/embed\/vfYInIEnbKo?feature=oembed\" frameborder=\"0\" allow=\"accelerometer; autoplay; clipboard-write; encrypted-media; gyroscope; picture-in-picture; web-share\" referrerpolicy=\"strict-origin-when-cross-origin\" allowfullscreen><\/iframe>\n<\/div><\/figure>\n","protected":false},"excerpt":{"rendered":"<p>Meclis reisi Mustafa Cemilev TVi televizion kanal\u0131nda dedi ki, Ukrainan\u0131\u00f1 \u015fimdikisinden \u011fayr\u0131 b\u00fct\u00fcn Prezidentleri q\u0131r\u0131mtatarlar\u011fa yar\u0131madada stabillik faktor\u0131 kibi tayana ediler. &#8220;izim masraflar\u0131m\u0131z pek \u00f6yle \u00e7oq degil, \u00e7\u00fcnki \u00e7oqluq g\u00f6\u00f1\u00fclli olaraq \u00e7al\u0131\u015fmaqta. Ukrainan\u0131\u00f1 er bir Prezidenti, biz o\u00f1a rey bergenimiz ya da bermegenimizden qatiy nazar, q\u0131r\u0131mtatarlar yar\u0131madada stabillik faktor\u0131 ol\u011fan\u0131n\u0131 a\u00f1lay edi. Biz daima a\u00e7\u0131qtan-a\u00e7\u0131q [&hellip;]<\/p>\n","protected":false},"author":1,"featured_media":0,"comment_status":"open","ping_status":"open","sticky":false,"template":"","format":"standard","meta":{"inline_featured_image":false,"footnotes":""},"categories":[265],"tags":[],"class_list":["post-36259","post","type-post","status-publish","format-standard","hentry","category-haberler"],"acf":[],"yoast_head":"<!-- This site is optimized with the Yoast SEO plugin v27.4 - https:\/\/yoast.com\/product\/yoast-seo-wordpress\/ -->\n<title>Cemilev: Q\u0131r\u0131mtatarlarn\u0131\u00f1 Q\u0131r\u0131mda stabillik ve Rusiye separatizmine qar\u015f\u0131 faktor\u0131 ol\u011fan\u0131 bug\u00fcnki \u00fck\u00fcmet i\u00e7\u00fcn m\u00fcim degil - \u041c\u0435\u0434\u0436\u043b\u0456\u0441<\/title>\n<meta name=\"robots\" content=\"index, follow, max-snippet:-1, max-image-preview:large, max-video-preview:-1\" \/>\n<link rel=\"canonical\" href=\"https:\/\/qtmm.org\/qt\/cemilev-qirimtatarlarnin-qirimda-stabillik-ve-rusiye-separatizmine-qarsi-faktori-olgani-bugunki-ukumet-icun-muim-degil\/\" \/>\n<meta property=\"og:locale\" content=\"en_US\" \/>\n<meta property=\"og:type\" content=\"article\" \/>\n<meta property=\"og:title\" content=\"Cemilev: Q\u0131r\u0131mtatarlarn\u0131\u00f1 Q\u0131r\u0131mda stabillik ve Rusiye separatizmine qar\u015f\u0131 faktor\u0131 ol\u011fan\u0131 bug\u00fcnki \u00fck\u00fcmet i\u00e7\u00fcn m\u00fcim degil - \u041c\u0435\u0434\u0436\u043b\u0456\u0441\" \/>\n<meta property=\"og:description\" content=\"Meclis reisi Mustafa Cemilev TVi televizion kanal\u0131nda dedi ki, Ukrainan\u0131\u00f1 \u015fimdikisinden \u011fayr\u0131 b\u00fct\u00fcn Prezidentleri q\u0131r\u0131mtatarlar\u011fa yar\u0131madada stabillik faktor\u0131 kibi tayana ediler. &#8220;izim masraflar\u0131m\u0131z pek \u00f6yle \u00e7oq degil, \u00e7\u00fcnki \u00e7oqluq g\u00f6\u00f1\u00fclli olaraq \u00e7al\u0131\u015fmaqta. Ukrainan\u0131\u00f1 er bir Prezidenti, biz o\u00f1a rey bergenimiz ya da bermegenimizden qatiy nazar, q\u0131r\u0131mtatarlar yar\u0131madada stabillik faktor\u0131 ol\u011fan\u0131n\u0131 a\u00f1lay edi. Biz daima a\u00e7\u0131qtan-a\u00e7\u0131q [&hellip;]\" \/>\n<meta property=\"og:url\" content=\"https:\/\/qtmm.org\/qt\/cemilev-qirimtatarlarnin-qirimda-stabillik-ve-rusiye-separatizmine-qarsi-faktori-olgani-bugunki-ukumet-icun-muim-degil\/\" \/>\n<meta property=\"og:site_name\" content=\"\u041c\u0435\u0434\u0436\u043b\u0456\u0441\" \/>\n<meta property=\"article:publisher\" content=\"https:\/\/www.facebook.com\/qtmm.info\/\" \/>\n<meta property=\"article:published_time\" content=\"2013-03-22T14:46:00+00:00\" \/>\n<meta property=\"article:modified_time\" content=\"2022-01-23T14:47:20+00:00\" \/>\n<meta name=\"author\" content=\"Developer\" \/>\n<meta name=\"twitter:card\" content=\"summary_large_image\" \/>\n<meta name=\"twitter:label1\" content=\"Written by\" \/>\n\t<meta name=\"twitter:data1\" content=\"Developer\" \/>\n\t<meta name=\"twitter:label2\" content=\"Est. reading time\" \/>\n\t<meta name=\"twitter:data2\" content=\"1 minute\" \/>\n<script type=\"application\/ld+json\" class=\"yoast-schema-graph\">{\"@context\":\"https:\\\/\\\/schema.org\",\"@graph\":[{\"@type\":\"Article\",\"@id\":\"https:\\\/\\\/qtmm.org\\\/qt\\\/cemilev-qirimtatarlarnin-qirimda-stabillik-ve-rusiye-separatizmine-qarsi-faktori-olgani-bugunki-ukumet-icun-muim-degil\\\/#article\",\"isPartOf\":{\"@id\":\"https:\\\/\\\/qtmm.org\\\/qt\\\/cemilev-qirimtatarlarnin-qirimda-stabillik-ve-rusiye-separatizmine-qarsi-faktori-olgani-bugunki-ukumet-icun-muim-degil\\\/\"},\"author\":{\"name\":\"Developer\",\"@id\":\"https:\\\/\\\/qtmm.org\\\/qt\\\/#\\\/schema\\\/person\\\/de562469f971dec226ac06e60bbf74a7\"},\"headline\":\"Cemilev: Q\u0131r\u0131mtatarlarn\u0131\u00f1 Q\u0131r\u0131mda stabillik ve Rusiye separatizmine qar\u015f\u0131 faktor\u0131 ol\u011fan\u0131 bug\u00fcnki \u00fck\u00fcmet i\u00e7\u00fcn m\u00fcim degil\",\"datePublished\":\"2013-03-22T14:46:00+00:00\",\"dateModified\":\"2022-01-23T14:47:20+00:00\",\"mainEntityOfPage\":{\"@id\":\"https:\\\/\\\/qtmm.org\\\/qt\\\/cemilev-qirimtatarlarnin-qirimda-stabillik-ve-rusiye-separatizmine-qarsi-faktori-olgani-bugunki-ukumet-icun-muim-degil\\\/\"},\"wordCount\":131,\"commentCount\":0,\"publisher\":{\"@id\":\"https:\\\/\\\/qtmm.org\\\/qt\\\/#organization\"},\"articleSection\":[\"Haberler\"],\"inLanguage\":\"qt\",\"potentialAction\":[{\"@type\":\"CommentAction\",\"name\":\"Comment\",\"target\":[\"https:\\\/\\\/qtmm.org\\\/qt\\\/cemilev-qirimtatarlarnin-qirimda-stabillik-ve-rusiye-separatizmine-qarsi-faktori-olgani-bugunki-ukumet-icun-muim-degil\\\/#respond\"]}]},{\"@type\":\"WebPage\",\"@id\":\"https:\\\/\\\/qtmm.org\\\/qt\\\/cemilev-qirimtatarlarnin-qirimda-stabillik-ve-rusiye-separatizmine-qarsi-faktori-olgani-bugunki-ukumet-icun-muim-degil\\\/\",\"url\":\"https:\\\/\\\/qtmm.org\\\/qt\\\/cemilev-qirimtatarlarnin-qirimda-stabillik-ve-rusiye-separatizmine-qarsi-faktori-olgani-bugunki-ukumet-icun-muim-degil\\\/\",\"name\":\"Cemilev: Q\u0131r\u0131mtatarlarn\u0131\u00f1 Q\u0131r\u0131mda stabillik ve Rusiye separatizmine qar\u015f\u0131 faktor\u0131 ol\u011fan\u0131 bug\u00fcnki \u00fck\u00fcmet i\u00e7\u00fcn m\u00fcim degil - \u041c\u0435\u0434\u0436\u043b\u0456\u0441\",\"isPartOf\":{\"@id\":\"https:\\\/\\\/qtmm.org\\\/qt\\\/#website\"},\"datePublished\":\"2013-03-22T14:46:00+00:00\",\"dateModified\":\"2022-01-23T14:47:20+00:00\",\"breadcrumb\":{\"@id\":\"https:\\\/\\\/qtmm.org\\\/qt\\\/cemilev-qirimtatarlarnin-qirimda-stabillik-ve-rusiye-separatizmine-qarsi-faktori-olgani-bugunki-ukumet-icun-muim-degil\\\/#breadcrumb\"},\"inLanguage\":\"qt\",\"potentialAction\":[{\"@type\":\"ReadAction\",\"target\":[\"https:\\\/\\\/qtmm.org\\\/qt\\\/cemilev-qirimtatarlarnin-qirimda-stabillik-ve-rusiye-separatizmine-qarsi-faktori-olgani-bugunki-ukumet-icun-muim-degil\\\/\"]}]},{\"@type\":\"BreadcrumbList\",\"@id\":\"https:\\\/\\\/qtmm.org\\\/qt\\\/cemilev-qirimtatarlarnin-qirimda-stabillik-ve-rusiye-separatizmine-qarsi-faktori-olgani-bugunki-ukumet-icun-muim-degil\\\/#breadcrumb\",\"itemListElement\":[{\"@type\":\"ListItem\",\"position\":1,\"name\":\"\u0413\u043e\u043b\u043e\u0432\u043d\u0430\",\"item\":\"https:\\\/\\\/qtmm.org\\\/qt\\\/\"},{\"@type\":\"ListItem\",\"position\":2,\"name\":\"Cemilev: Q\u0131r\u0131mtatarlarn\u0131\u00f1 Q\u0131r\u0131mda stabillik ve Rusiye separatizmine qar\u015f\u0131 faktor\u0131 ol\u011fan\u0131 bug\u00fcnki \u00fck\u00fcmet i\u00e7\u00fcn m\u00fcim degil\"}]},{\"@type\":\"WebSite\",\"@id\":\"https:\\\/\\\/qtmm.org\\\/qt\\\/#website\",\"url\":\"https:\\\/\\\/qtmm.org\\\/qt\\\/\",\"name\":\"\u041c\u0435\u0434\u0436\u043b\u0456\u0441\",\"description\":\"\",\"publisher\":{\"@id\":\"https:\\\/\\\/qtmm.org\\\/qt\\\/#organization\"},\"potentialAction\":[{\"@type\":\"SearchAction\",\"target\":{\"@type\":\"EntryPoint\",\"urlTemplate\":\"https:\\\/\\\/qtmm.org\\\/qt\\\/?s={search_term_string}\"},\"query-input\":{\"@type\":\"PropertyValueSpecification\",\"valueRequired\":true,\"valueName\":\"search_term_string\"}}],\"inLanguage\":\"qt\"},{\"@type\":\"Organization\",\"@id\":\"https:\\\/\\\/qtmm.org\\\/qt\\\/#organization\",\"name\":\"\u041c\u0435\u0434\u0436\u043b\u0456\u0441\",\"url\":\"https:\\\/\\\/qtmm.org\\\/qt\\\/\",\"logo\":{\"@type\":\"ImageObject\",\"inLanguage\":\"qt\",\"@id\":\"https:\\\/\\\/qtmm.org\\\/qt\\\/#\\\/schema\\\/logo\\\/image\\\/\",\"url\":\"https:\\\/\\\/qtmm.org\\\/wp-content\\\/uploads\\\/2024\\\/12\\\/ua-mejlis-logo-rgb.svg\",\"contentUrl\":\"https:\\\/\\\/qtmm.org\\\/wp-content\\\/uploads\\\/2024\\\/12\\\/ua-mejlis-logo-rgb.svg\",\"caption\":\"\u041c\u0435\u0434\u0436\u043b\u0456\u0441\"},\"image\":{\"@id\":\"https:\\\/\\\/qtmm.org\\\/qt\\\/#\\\/schema\\\/logo\\\/image\\\/\"},\"sameAs\":[\"https:\\\/\\\/www.facebook.com\\\/qtmm.info\\\/\"]},{\"@type\":\"Person\",\"@id\":\"https:\\\/\\\/qtmm.org\\\/qt\\\/#\\\/schema\\\/person\\\/de562469f971dec226ac06e60bbf74a7\",\"name\":\"Developer\",\"image\":{\"@type\":\"ImageObject\",\"inLanguage\":\"qt\",\"@id\":\"https:\\\/\\\/secure.gravatar.com\\\/avatar\\\/392b4cc8fbfeb00b39dfeeab4ee6edded39ffd48e25858637e4765810300227e?s=96&d=mm&r=g\",\"url\":\"https:\\\/\\\/secure.gravatar.com\\\/avatar\\\/392b4cc8fbfeb00b39dfeeab4ee6edded39ffd48e25858637e4765810300227e?s=96&d=mm&r=g\",\"contentUrl\":\"https:\\\/\\\/secure.gravatar.com\\\/avatar\\\/392b4cc8fbfeb00b39dfeeab4ee6edded39ffd48e25858637e4765810300227e?s=96&d=mm&r=g\",\"caption\":\"Developer\"},\"url\":\"https:\\\/\\\/qtmm.org\\\/qt\\\/author\\\/Developer\\\/\"}]}<\/script>\n<!-- \/ Yoast SEO plugin. -->","yoast_head_json":{"title":"Cemilev: Q\u0131r\u0131mtatarlarn\u0131\u00f1 Q\u0131r\u0131mda stabillik ve Rusiye separatizmine qar\u015f\u0131 faktor\u0131 ol\u011fan\u0131 bug\u00fcnki \u00fck\u00fcmet i\u00e7\u00fcn m\u00fcim degil - \u041c\u0435\u0434\u0436\u043b\u0456\u0441","robots":{"index":"index","follow":"follow","max-snippet":"max-snippet:-1","max-image-preview":"max-image-preview:large","max-video-preview":"max-video-preview:-1"},"canonical":"https:\/\/qtmm.org\/qt\/cemilev-qirimtatarlarnin-qirimda-stabillik-ve-rusiye-separatizmine-qarsi-faktori-olgani-bugunki-ukumet-icun-muim-degil\/","og_locale":"en_US","og_type":"article","og_title":"Cemilev: Q\u0131r\u0131mtatarlarn\u0131\u00f1 Q\u0131r\u0131mda stabillik ve Rusiye separatizmine qar\u015f\u0131 faktor\u0131 ol\u011fan\u0131 bug\u00fcnki \u00fck\u00fcmet i\u00e7\u00fcn m\u00fcim degil - \u041c\u0435\u0434\u0436\u043b\u0456\u0441","og_description":"Meclis reisi Mustafa Cemilev TVi televizion kanal\u0131nda dedi ki, Ukrainan\u0131\u00f1 \u015fimdikisinden \u011fayr\u0131 b\u00fct\u00fcn Prezidentleri q\u0131r\u0131mtatarlar\u011fa yar\u0131madada stabillik faktor\u0131 kibi tayana ediler. &#8220;izim masraflar\u0131m\u0131z pek \u00f6yle \u00e7oq degil, \u00e7\u00fcnki \u00e7oqluq g\u00f6\u00f1\u00fclli olaraq \u00e7al\u0131\u015fmaqta. Ukrainan\u0131\u00f1 er bir Prezidenti, biz o\u00f1a rey bergenimiz ya da bermegenimizden qatiy nazar, q\u0131r\u0131mtatarlar yar\u0131madada stabillik faktor\u0131 ol\u011fan\u0131n\u0131 a\u00f1lay edi. Biz daima a\u00e7\u0131qtan-a\u00e7\u0131q [&hellip;]","og_url":"https:\/\/qtmm.org\/qt\/cemilev-qirimtatarlarnin-qirimda-stabillik-ve-rusiye-separatizmine-qarsi-faktori-olgani-bugunki-ukumet-icun-muim-degil\/","og_site_name":"\u041c\u0435\u0434\u0436\u043b\u0456\u0441","article_publisher":"https:\/\/www.facebook.com\/qtmm.info\/","article_published_time":"2013-03-22T14:46:00+00:00","article_modified_time":"2022-01-23T14:47:20+00:00","author":"Developer","twitter_card":"summary_large_image","twitter_misc":{"Written by":"Developer","Est. reading time":"1 minute"},"schema":{"@context":"https:\/\/schema.org","@graph":[{"@type":"Article","@id":"https:\/\/qtmm.org\/qt\/cemilev-qirimtatarlarnin-qirimda-stabillik-ve-rusiye-separatizmine-qarsi-faktori-olgani-bugunki-ukumet-icun-muim-degil\/#article","isPartOf":{"@id":"https:\/\/qtmm.org\/qt\/cemilev-qirimtatarlarnin-qirimda-stabillik-ve-rusiye-separatizmine-qarsi-faktori-olgani-bugunki-ukumet-icun-muim-degil\/"},"author":{"name":"Developer","@id":"https:\/\/qtmm.org\/qt\/#\/schema\/person\/de562469f971dec226ac06e60bbf74a7"},"headline":"Cemilev: Q\u0131r\u0131mtatarlarn\u0131\u00f1 Q\u0131r\u0131mda stabillik ve Rusiye separatizmine qar\u015f\u0131 faktor\u0131 ol\u011fan\u0131 bug\u00fcnki \u00fck\u00fcmet i\u00e7\u00fcn m\u00fcim degil","datePublished":"2013-03-22T14:46:00+00:00","dateModified":"2022-01-23T14:47:20+00:00","mainEntityOfPage":{"@id":"https:\/\/qtmm.org\/qt\/cemilev-qirimtatarlarnin-qirimda-stabillik-ve-rusiye-separatizmine-qarsi-faktori-olgani-bugunki-ukumet-icun-muim-degil\/"},"wordCount":131,"commentCount":0,"publisher":{"@id":"https:\/\/qtmm.org\/qt\/#organization"},"articleSection":["Haberler"],"inLanguage":"qt","potentialAction":[{"@type":"CommentAction","name":"Comment","target":["https:\/\/qtmm.org\/qt\/cemilev-qirimtatarlarnin-qirimda-stabillik-ve-rusiye-separatizmine-qarsi-faktori-olgani-bugunki-ukumet-icun-muim-degil\/#respond"]}]},{"@type":"WebPage","@id":"https:\/\/qtmm.org\/qt\/cemilev-qirimtatarlarnin-qirimda-stabillik-ve-rusiye-separatizmine-qarsi-faktori-olgani-bugunki-ukumet-icun-muim-degil\/","url":"https:\/\/qtmm.org\/qt\/cemilev-qirimtatarlarnin-qirimda-stabillik-ve-rusiye-separatizmine-qarsi-faktori-olgani-bugunki-ukumet-icun-muim-degil\/","name":"Cemilev: Q\u0131r\u0131mtatarlarn\u0131\u00f1 Q\u0131r\u0131mda stabillik ve Rusiye separatizmine qar\u015f\u0131 faktor\u0131 ol\u011fan\u0131 bug\u00fcnki \u00fck\u00fcmet i\u00e7\u00fcn m\u00fcim degil - \u041c\u0435\u0434\u0436\u043b\u0456\u0441","isPartOf":{"@id":"https:\/\/qtmm.org\/qt\/#website"},"datePublished":"2013-03-22T14:46:00+00:00","dateModified":"2022-01-23T14:47:20+00:00","breadcrumb":{"@id":"https:\/\/qtmm.org\/qt\/cemilev-qirimtatarlarnin-qirimda-stabillik-ve-rusiye-separatizmine-qarsi-faktori-olgani-bugunki-ukumet-icun-muim-degil\/#breadcrumb"},"inLanguage":"qt","potentialAction":[{"@type":"ReadAction","target":["https:\/\/qtmm.org\/qt\/cemilev-qirimtatarlarnin-qirimda-stabillik-ve-rusiye-separatizmine-qarsi-faktori-olgani-bugunki-ukumet-icun-muim-degil\/"]}]},{"@type":"BreadcrumbList","@id":"https:\/\/qtmm.org\/qt\/cemilev-qirimtatarlarnin-qirimda-stabillik-ve-rusiye-separatizmine-qarsi-faktori-olgani-bugunki-ukumet-icun-muim-degil\/#breadcrumb","itemListElement":[{"@type":"ListItem","position":1,"name":"\u0413\u043e\u043b\u043e\u0432\u043d\u0430","item":"https:\/\/qtmm.org\/qt\/"},{"@type":"ListItem","position":2,"name":"Cemilev: Q\u0131r\u0131mtatarlarn\u0131\u00f1 Q\u0131r\u0131mda stabillik ve Rusiye separatizmine qar\u015f\u0131 faktor\u0131 ol\u011fan\u0131 bug\u00fcnki \u00fck\u00fcmet i\u00e7\u00fcn m\u00fcim degil"}]},{"@type":"WebSite","@id":"https:\/\/qtmm.org\/qt\/#website","url":"https:\/\/qtmm.org\/qt\/","name":"\u041c\u0435\u0434\u0436\u043b\u0456\u0441","description":"","publisher":{"@id":"https:\/\/qtmm.org\/qt\/#organization"},"potentialAction":[{"@type":"SearchAction","target":{"@type":"EntryPoint","urlTemplate":"https:\/\/qtmm.org\/qt\/?s={search_term_string}"},"query-input":{"@type":"PropertyValueSpecification","valueRequired":true,"valueName":"search_term_string"}}],"inLanguage":"qt"},{"@type":"Organization","@id":"https:\/\/qtmm.org\/qt\/#organization","name":"\u041c\u0435\u0434\u0436\u043b\u0456\u0441","url":"https:\/\/qtmm.org\/qt\/","logo":{"@type":"ImageObject","inLanguage":"qt","@id":"https:\/\/qtmm.org\/qt\/#\/schema\/logo\/image\/","url":"https:\/\/qtmm.org\/wp-content\/uploads\/2024\/12\/ua-mejlis-logo-rgb.svg","contentUrl":"https:\/\/qtmm.org\/wp-content\/uploads\/2024\/12\/ua-mejlis-logo-rgb.svg","caption":"\u041c\u0435\u0434\u0436\u043b\u0456\u0441"},"image":{"@id":"https:\/\/qtmm.org\/qt\/#\/schema\/logo\/image\/"},"sameAs":["https:\/\/www.facebook.com\/qtmm.info\/"]},{"@type":"Person","@id":"https:\/\/qtmm.org\/qt\/#\/schema\/person\/de562469f971dec226ac06e60bbf74a7","name":"Developer","image":{"@type":"ImageObject","inLanguage":"qt","@id":"https:\/\/secure.gravatar.com\/avatar\/392b4cc8fbfeb00b39dfeeab4ee6edded39ffd48e25858637e4765810300227e?s=96&d=mm&r=g","url":"https:\/\/secure.gravatar.com\/avatar\/392b4cc8fbfeb00b39dfeeab4ee6edded39ffd48e25858637e4765810300227e?s=96&d=mm&r=g","contentUrl":"https:\/\/secure.gravatar.com\/avatar\/392b4cc8fbfeb00b39dfeeab4ee6edded39ffd48e25858637e4765810300227e?s=96&d=mm&r=g","caption":"Developer"},"url":"https:\/\/qtmm.org\/qt\/author\/Developer\/"}]}},"_links":{"self":[{"href":"https:\/\/qtmm.org\/qt\/wp-json\/wp\/v2\/posts\/36259","targetHints":{"allow":["GET"]}}],"collection":[{"href":"https:\/\/qtmm.org\/qt\/wp-json\/wp\/v2\/posts"}],"about":[{"href":"https:\/\/qtmm.org\/qt\/wp-json\/wp\/v2\/types\/post"}],"author":[{"embeddable":true,"href":"https:\/\/qtmm.org\/qt\/wp-json\/wp\/v2\/users\/1"}],"replies":[{"embeddable":true,"href":"https:\/\/qtmm.org\/qt\/wp-json\/wp\/v2\/comments?post=36259"}],"version-history":[{"count":1,"href":"https:\/\/qtmm.org\/qt\/wp-json\/wp\/v2\/posts\/36259\/revisions"}],"predecessor-version":[{"id":36260,"href":"https:\/\/qtmm.org\/qt\/wp-json\/wp\/v2\/posts\/36259\/revisions\/36260"}],"wp:attachment":[{"href":"https:\/\/qtmm.org\/qt\/wp-json\/wp\/v2\/media?parent=36259"}],"wp:term":[{"taxonomy":"category","embeddable":true,"href":"https:\/\/qtmm.org\/qt\/wp-json\/wp\/v2\/categories?post=36259"},{"taxonomy":"post_tag","embeddable":true,"href":"https:\/\/qtmm.org\/qt\/wp-json\/wp\/v2\/tags?post=36259"}],"curies":[{"name":"wp","href":"https:\/\/api.w.org\/{rel}","templated":true}]}}