




{"id":36257,"date":"2013-03-22T17:45:00","date_gmt":"2013-03-22T14:45:00","guid":{"rendered":"http:\/\/qtmm.org\/?p=36257"},"modified":"2022-01-23T17:46:15","modified_gmt":"2022-01-23T14:46:15","slug":"cemilev-mogilov-2007-senesi-qirimtatarlarni-quvalagan-ve-stalin-surgunini-aqlagan-edi","status":"publish","type":"post","link":"https:\/\/qtmm.org\/qt\/cemilev-mogilov-2007-senesi-qirimtatarlarni-quvalagan-ve-stalin-surgunini-aqlagan-edi\/","title":{"rendered":"Cemilev: Mogil\u00f6v 2007 senesi q\u0131r\u0131mtatarlarn\u0131 quvala\u011fan ve Stalin s\u00fcrg\u00fcnini aqla\u011fan edi"},"content":{"rendered":"\n<p>Meclis reisi Mustafa Cemilev TVi telekanal\u0131nda Anatoliy Mogil\u00f6vn\u0131\u00f1 may\u0131s 18 mitingindeki \u00e7\u0131q\u0131\u015f\u0131n\u0131 q\u0131r\u0131mtatarlar bir tarafl\u0131 qabul etalmazlar, dedi.<br><br>&#8220;Mogil\u00f6v Mogil\u00f6v 2007 senesi noyabr ay\u0131nda sil\u00e2s\u0131z q\u0131r\u0131mtatarlarn\u0131 sil\u00e2 ile quvala\u011fan edi. O zaman o\u00f1a nisbeten cinaiy i\u015f a\u00e7\u0131l\u0131p, so\u00f1ra \u00f6z adam\u0131 ba\u015f nazir ol\u011fan so\u00f1 i\u015f qapat\u0131ld\u0131, &#8211; dedi Mustafa Cemilev. \u2013 Bu vaqialardan so\u00f1 Mogil\u00f6f &#8220;Q\u0131r\u0131m Kosovo yolunda&#8221; serleval\u0131 maqale yazd\u0131. Onda o, Stalin q\u0131r\u0131mtatarlarn\u0131 s\u00fcrg\u00fcn etip pek do\u011fru yapt\u0131, \u00e7\u00fcnki a\u00e7\u0131q du\u015fmanlarn\u0131 m\u0131nda qald\u0131rmaq olmaz edi, dep yazd\u0131. Endi may\u0131s 18-de Mogil\u00f6v 30 bi\u00f1 adam toplanacaq mitingni\u00f1 minberinden \u00e7\u0131q\u0131\u015f yapmaq istey. Bun\u0131 insanlar nas\u0131l qabul eteceklerini bilmeyim&#8221;.<\/p>\n\n\n\n<figure class=\"wp-block-embed is-type-video is-provider-youtube wp-block-embed-youtube wp-embed-aspect-4-3 wp-has-aspect-ratio\"><div class=\"wp-block-embed__wrapper\">\n<iframe loading=\"lazy\" title=\"\u041c\u0443\u0441\u0442\u0430\u0444\u0430 \u0414\u0436\u0435\u043c\u0438\u043b\u0435\u0432 1, \u0422\u0412\u0406, 21.03.2013\" width=\"640\" height=\"480\" src=\"https:\/\/www.youtube.com\/embed\/xXtzLhzkpgI?feature=oembed\" frameborder=\"0\" allow=\"accelerometer; autoplay; clipboard-write; encrypted-media; gyroscope; picture-in-picture; web-share\" referrerpolicy=\"strict-origin-when-cross-origin\" allowfullscreen><\/iframe>\n<\/div><\/figure>\n","protected":false},"excerpt":{"rendered":"<p>Meclis reisi Mustafa Cemilev TVi telekanal\u0131nda Anatoliy Mogil\u00f6vn\u0131\u00f1 may\u0131s 18 mitingindeki \u00e7\u0131q\u0131\u015f\u0131n\u0131 q\u0131r\u0131mtatarlar bir tarafl\u0131 qabul etalmazlar, dedi. &#8220;Mogil\u00f6v Mogil\u00f6v 2007 senesi noyabr ay\u0131nda sil\u00e2s\u0131z q\u0131r\u0131mtatarlarn\u0131 sil\u00e2 ile quvala\u011fan edi. O zaman o\u00f1a nisbeten cinaiy i\u015f a\u00e7\u0131l\u0131p, so\u00f1ra \u00f6z adam\u0131 ba\u015f nazir ol\u011fan so\u00f1 i\u015f qapat\u0131ld\u0131, &#8211; dedi Mustafa Cemilev. \u2013 Bu vaqialardan so\u00f1 Mogil\u00f6f [&hellip;]<\/p>\n","protected":false},"author":1,"featured_media":0,"comment_status":"open","ping_status":"open","sticky":false,"template":"","format":"standard","meta":{"inline_featured_image":false,"footnotes":""},"categories":[265],"tags":[],"class_list":["post-36257","post","type-post","status-publish","format-standard","hentry","category-haberler"],"acf":[],"yoast_head":"<!-- This site is optimized with the Yoast SEO plugin v27.4 - https:\/\/yoast.com\/product\/yoast-seo-wordpress\/ -->\n<title>Cemilev: Mogil\u00f6v 2007 senesi q\u0131r\u0131mtatarlarn\u0131 quvala\u011fan ve Stalin s\u00fcrg\u00fcnini aqla\u011fan edi - \u041c\u0435\u0434\u0436\u043b\u0456\u0441<\/title>\n<meta name=\"robots\" content=\"index, follow, max-snippet:-1, max-image-preview:large, max-video-preview:-1\" \/>\n<link rel=\"canonical\" href=\"https:\/\/qtmm.org\/qt\/cemilev-mogilov-2007-senesi-qirimtatarlarni-quvalagan-ve-stalin-surgunini-aqlagan-edi\/\" \/>\n<meta property=\"og:locale\" content=\"en_US\" \/>\n<meta property=\"og:type\" content=\"article\" \/>\n<meta property=\"og:title\" content=\"Cemilev: Mogil\u00f6v 2007 senesi q\u0131r\u0131mtatarlarn\u0131 quvala\u011fan ve Stalin s\u00fcrg\u00fcnini aqla\u011fan edi - \u041c\u0435\u0434\u0436\u043b\u0456\u0441\" \/>\n<meta property=\"og:description\" content=\"Meclis reisi Mustafa Cemilev TVi telekanal\u0131nda Anatoliy Mogil\u00f6vn\u0131\u00f1 may\u0131s 18 mitingindeki \u00e7\u0131q\u0131\u015f\u0131n\u0131 q\u0131r\u0131mtatarlar bir tarafl\u0131 qabul etalmazlar, dedi. &#8220;Mogil\u00f6v Mogil\u00f6v 2007 senesi noyabr ay\u0131nda sil\u00e2s\u0131z q\u0131r\u0131mtatarlarn\u0131 sil\u00e2 ile quvala\u011fan edi. O zaman o\u00f1a nisbeten cinaiy i\u015f a\u00e7\u0131l\u0131p, so\u00f1ra \u00f6z adam\u0131 ba\u015f nazir ol\u011fan so\u00f1 i\u015f qapat\u0131ld\u0131, &#8211; dedi Mustafa Cemilev. \u2013 Bu vaqialardan so\u00f1 Mogil\u00f6f [&hellip;]\" \/>\n<meta property=\"og:url\" content=\"https:\/\/qtmm.org\/qt\/cemilev-mogilov-2007-senesi-qirimtatarlarni-quvalagan-ve-stalin-surgunini-aqlagan-edi\/\" \/>\n<meta property=\"og:site_name\" content=\"\u041c\u0435\u0434\u0436\u043b\u0456\u0441\" \/>\n<meta property=\"article:publisher\" content=\"https:\/\/www.facebook.com\/qtmm.info\/\" \/>\n<meta property=\"article:published_time\" content=\"2013-03-22T14:45:00+00:00\" \/>\n<meta property=\"article:modified_time\" content=\"2022-01-23T14:46:15+00:00\" \/>\n<meta name=\"author\" content=\"Developer\" \/>\n<meta name=\"twitter:card\" content=\"summary_large_image\" \/>\n<meta name=\"twitter:label1\" content=\"Written by\" \/>\n\t<meta name=\"twitter:data1\" content=\"Developer\" \/>\n\t<meta name=\"twitter:label2\" content=\"Est. reading time\" \/>\n\t<meta name=\"twitter:data2\" content=\"1 minute\" \/>\n<script type=\"application\/ld+json\" class=\"yoast-schema-graph\">{\"@context\":\"https:\\\/\\\/schema.org\",\"@graph\":[{\"@type\":\"Article\",\"@id\":\"https:\\\/\\\/qtmm.org\\\/qt\\\/cemilev-mogilov-2007-senesi-qirimtatarlarni-quvalagan-ve-stalin-surgunini-aqlagan-edi\\\/#article\",\"isPartOf\":{\"@id\":\"https:\\\/\\\/qtmm.org\\\/qt\\\/cemilev-mogilov-2007-senesi-qirimtatarlarni-quvalagan-ve-stalin-surgunini-aqlagan-edi\\\/\"},\"author\":{\"name\":\"Developer\",\"@id\":\"https:\\\/\\\/qtmm.org\\\/qt\\\/#\\\/schema\\\/person\\\/de562469f971dec226ac06e60bbf74a7\"},\"headline\":\"Cemilev: Mogil\u00f6v 2007 senesi q\u0131r\u0131mtatarlarn\u0131 quvala\u011fan ve Stalin s\u00fcrg\u00fcnini aqla\u011fan edi\",\"datePublished\":\"2013-03-22T14:45:00+00:00\",\"dateModified\":\"2022-01-23T14:46:15+00:00\",\"mainEntityOfPage\":{\"@id\":\"https:\\\/\\\/qtmm.org\\\/qt\\\/cemilev-mogilov-2007-senesi-qirimtatarlarni-quvalagan-ve-stalin-surgunini-aqlagan-edi\\\/\"},\"wordCount\":150,\"commentCount\":0,\"publisher\":{\"@id\":\"https:\\\/\\\/qtmm.org\\\/qt\\\/#organization\"},\"articleSection\":[\"Haberler\"],\"inLanguage\":\"qt\",\"potentialAction\":[{\"@type\":\"CommentAction\",\"name\":\"Comment\",\"target\":[\"https:\\\/\\\/qtmm.org\\\/qt\\\/cemilev-mogilov-2007-senesi-qirimtatarlarni-quvalagan-ve-stalin-surgunini-aqlagan-edi\\\/#respond\"]}]},{\"@type\":\"WebPage\",\"@id\":\"https:\\\/\\\/qtmm.org\\\/qt\\\/cemilev-mogilov-2007-senesi-qirimtatarlarni-quvalagan-ve-stalin-surgunini-aqlagan-edi\\\/\",\"url\":\"https:\\\/\\\/qtmm.org\\\/qt\\\/cemilev-mogilov-2007-senesi-qirimtatarlarni-quvalagan-ve-stalin-surgunini-aqlagan-edi\\\/\",\"name\":\"Cemilev: Mogil\u00f6v 2007 senesi q\u0131r\u0131mtatarlarn\u0131 quvala\u011fan ve Stalin s\u00fcrg\u00fcnini aqla\u011fan edi - \u041c\u0435\u0434\u0436\u043b\u0456\u0441\",\"isPartOf\":{\"@id\":\"https:\\\/\\\/qtmm.org\\\/qt\\\/#website\"},\"datePublished\":\"2013-03-22T14:45:00+00:00\",\"dateModified\":\"2022-01-23T14:46:15+00:00\",\"breadcrumb\":{\"@id\":\"https:\\\/\\\/qtmm.org\\\/qt\\\/cemilev-mogilov-2007-senesi-qirimtatarlarni-quvalagan-ve-stalin-surgunini-aqlagan-edi\\\/#breadcrumb\"},\"inLanguage\":\"qt\",\"potentialAction\":[{\"@type\":\"ReadAction\",\"target\":[\"https:\\\/\\\/qtmm.org\\\/qt\\\/cemilev-mogilov-2007-senesi-qirimtatarlarni-quvalagan-ve-stalin-surgunini-aqlagan-edi\\\/\"]}]},{\"@type\":\"BreadcrumbList\",\"@id\":\"https:\\\/\\\/qtmm.org\\\/qt\\\/cemilev-mogilov-2007-senesi-qirimtatarlarni-quvalagan-ve-stalin-surgunini-aqlagan-edi\\\/#breadcrumb\",\"itemListElement\":[{\"@type\":\"ListItem\",\"position\":1,\"name\":\"\u0413\u043e\u043b\u043e\u0432\u043d\u0430\",\"item\":\"https:\\\/\\\/qtmm.org\\\/qt\\\/\"},{\"@type\":\"ListItem\",\"position\":2,\"name\":\"Cemilev: Mogil\u00f6v 2007 senesi q\u0131r\u0131mtatarlarn\u0131 quvala\u011fan ve Stalin s\u00fcrg\u00fcnini aqla\u011fan edi\"}]},{\"@type\":\"WebSite\",\"@id\":\"https:\\\/\\\/qtmm.org\\\/qt\\\/#website\",\"url\":\"https:\\\/\\\/qtmm.org\\\/qt\\\/\",\"name\":\"\u041c\u0435\u0434\u0436\u043b\u0456\u0441\",\"description\":\"\",\"publisher\":{\"@id\":\"https:\\\/\\\/qtmm.org\\\/qt\\\/#organization\"},\"potentialAction\":[{\"@type\":\"SearchAction\",\"target\":{\"@type\":\"EntryPoint\",\"urlTemplate\":\"https:\\\/\\\/qtmm.org\\\/qt\\\/?s={search_term_string}\"},\"query-input\":{\"@type\":\"PropertyValueSpecification\",\"valueRequired\":true,\"valueName\":\"search_term_string\"}}],\"inLanguage\":\"qt\"},{\"@type\":\"Organization\",\"@id\":\"https:\\\/\\\/qtmm.org\\\/qt\\\/#organization\",\"name\":\"\u041c\u0435\u0434\u0436\u043b\u0456\u0441\",\"url\":\"https:\\\/\\\/qtmm.org\\\/qt\\\/\",\"logo\":{\"@type\":\"ImageObject\",\"inLanguage\":\"qt\",\"@id\":\"https:\\\/\\\/qtmm.org\\\/qt\\\/#\\\/schema\\\/logo\\\/image\\\/\",\"url\":\"https:\\\/\\\/qtmm.org\\\/wp-content\\\/uploads\\\/2024\\\/12\\\/ua-mejlis-logo-rgb.svg\",\"contentUrl\":\"https:\\\/\\\/qtmm.org\\\/wp-content\\\/uploads\\\/2024\\\/12\\\/ua-mejlis-logo-rgb.svg\",\"caption\":\"\u041c\u0435\u0434\u0436\u043b\u0456\u0441\"},\"image\":{\"@id\":\"https:\\\/\\\/qtmm.org\\\/qt\\\/#\\\/schema\\\/logo\\\/image\\\/\"},\"sameAs\":[\"https:\\\/\\\/www.facebook.com\\\/qtmm.info\\\/\"]},{\"@type\":\"Person\",\"@id\":\"https:\\\/\\\/qtmm.org\\\/qt\\\/#\\\/schema\\\/person\\\/de562469f971dec226ac06e60bbf74a7\",\"name\":\"Developer\",\"image\":{\"@type\":\"ImageObject\",\"inLanguage\":\"qt\",\"@id\":\"https:\\\/\\\/secure.gravatar.com\\\/avatar\\\/392b4cc8fbfeb00b39dfeeab4ee6edded39ffd48e25858637e4765810300227e?s=96&d=mm&r=g\",\"url\":\"https:\\\/\\\/secure.gravatar.com\\\/avatar\\\/392b4cc8fbfeb00b39dfeeab4ee6edded39ffd48e25858637e4765810300227e?s=96&d=mm&r=g\",\"contentUrl\":\"https:\\\/\\\/secure.gravatar.com\\\/avatar\\\/392b4cc8fbfeb00b39dfeeab4ee6edded39ffd48e25858637e4765810300227e?s=96&d=mm&r=g\",\"caption\":\"Developer\"},\"url\":\"https:\\\/\\\/qtmm.org\\\/qt\\\/author\\\/Developer\\\/\"}]}<\/script>\n<!-- \/ Yoast SEO plugin. -->","yoast_head_json":{"title":"Cemilev: Mogil\u00f6v 2007 senesi q\u0131r\u0131mtatarlarn\u0131 quvala\u011fan ve Stalin s\u00fcrg\u00fcnini aqla\u011fan edi - \u041c\u0435\u0434\u0436\u043b\u0456\u0441","robots":{"index":"index","follow":"follow","max-snippet":"max-snippet:-1","max-image-preview":"max-image-preview:large","max-video-preview":"max-video-preview:-1"},"canonical":"https:\/\/qtmm.org\/qt\/cemilev-mogilov-2007-senesi-qirimtatarlarni-quvalagan-ve-stalin-surgunini-aqlagan-edi\/","og_locale":"en_US","og_type":"article","og_title":"Cemilev: Mogil\u00f6v 2007 senesi q\u0131r\u0131mtatarlarn\u0131 quvala\u011fan ve Stalin s\u00fcrg\u00fcnini aqla\u011fan edi - \u041c\u0435\u0434\u0436\u043b\u0456\u0441","og_description":"Meclis reisi Mustafa Cemilev TVi telekanal\u0131nda Anatoliy Mogil\u00f6vn\u0131\u00f1 may\u0131s 18 mitingindeki \u00e7\u0131q\u0131\u015f\u0131n\u0131 q\u0131r\u0131mtatarlar bir tarafl\u0131 qabul etalmazlar, dedi. &#8220;Mogil\u00f6v Mogil\u00f6v 2007 senesi noyabr ay\u0131nda sil\u00e2s\u0131z q\u0131r\u0131mtatarlarn\u0131 sil\u00e2 ile quvala\u011fan edi. O zaman o\u00f1a nisbeten cinaiy i\u015f a\u00e7\u0131l\u0131p, so\u00f1ra \u00f6z adam\u0131 ba\u015f nazir ol\u011fan so\u00f1 i\u015f qapat\u0131ld\u0131, &#8211; dedi Mustafa Cemilev. \u2013 Bu vaqialardan so\u00f1 Mogil\u00f6f [&hellip;]","og_url":"https:\/\/qtmm.org\/qt\/cemilev-mogilov-2007-senesi-qirimtatarlarni-quvalagan-ve-stalin-surgunini-aqlagan-edi\/","og_site_name":"\u041c\u0435\u0434\u0436\u043b\u0456\u0441","article_publisher":"https:\/\/www.facebook.com\/qtmm.info\/","article_published_time":"2013-03-22T14:45:00+00:00","article_modified_time":"2022-01-23T14:46:15+00:00","author":"Developer","twitter_card":"summary_large_image","twitter_misc":{"Written by":"Developer","Est. reading time":"1 minute"},"schema":{"@context":"https:\/\/schema.org","@graph":[{"@type":"Article","@id":"https:\/\/qtmm.org\/qt\/cemilev-mogilov-2007-senesi-qirimtatarlarni-quvalagan-ve-stalin-surgunini-aqlagan-edi\/#article","isPartOf":{"@id":"https:\/\/qtmm.org\/qt\/cemilev-mogilov-2007-senesi-qirimtatarlarni-quvalagan-ve-stalin-surgunini-aqlagan-edi\/"},"author":{"name":"Developer","@id":"https:\/\/qtmm.org\/qt\/#\/schema\/person\/de562469f971dec226ac06e60bbf74a7"},"headline":"Cemilev: Mogil\u00f6v 2007 senesi q\u0131r\u0131mtatarlarn\u0131 quvala\u011fan ve Stalin s\u00fcrg\u00fcnini aqla\u011fan edi","datePublished":"2013-03-22T14:45:00+00:00","dateModified":"2022-01-23T14:46:15+00:00","mainEntityOfPage":{"@id":"https:\/\/qtmm.org\/qt\/cemilev-mogilov-2007-senesi-qirimtatarlarni-quvalagan-ve-stalin-surgunini-aqlagan-edi\/"},"wordCount":150,"commentCount":0,"publisher":{"@id":"https:\/\/qtmm.org\/qt\/#organization"},"articleSection":["Haberler"],"inLanguage":"qt","potentialAction":[{"@type":"CommentAction","name":"Comment","target":["https:\/\/qtmm.org\/qt\/cemilev-mogilov-2007-senesi-qirimtatarlarni-quvalagan-ve-stalin-surgunini-aqlagan-edi\/#respond"]}]},{"@type":"WebPage","@id":"https:\/\/qtmm.org\/qt\/cemilev-mogilov-2007-senesi-qirimtatarlarni-quvalagan-ve-stalin-surgunini-aqlagan-edi\/","url":"https:\/\/qtmm.org\/qt\/cemilev-mogilov-2007-senesi-qirimtatarlarni-quvalagan-ve-stalin-surgunini-aqlagan-edi\/","name":"Cemilev: Mogil\u00f6v 2007 senesi q\u0131r\u0131mtatarlarn\u0131 quvala\u011fan ve Stalin s\u00fcrg\u00fcnini aqla\u011fan edi - \u041c\u0435\u0434\u0436\u043b\u0456\u0441","isPartOf":{"@id":"https:\/\/qtmm.org\/qt\/#website"},"datePublished":"2013-03-22T14:45:00+00:00","dateModified":"2022-01-23T14:46:15+00:00","breadcrumb":{"@id":"https:\/\/qtmm.org\/qt\/cemilev-mogilov-2007-senesi-qirimtatarlarni-quvalagan-ve-stalin-surgunini-aqlagan-edi\/#breadcrumb"},"inLanguage":"qt","potentialAction":[{"@type":"ReadAction","target":["https:\/\/qtmm.org\/qt\/cemilev-mogilov-2007-senesi-qirimtatarlarni-quvalagan-ve-stalin-surgunini-aqlagan-edi\/"]}]},{"@type":"BreadcrumbList","@id":"https:\/\/qtmm.org\/qt\/cemilev-mogilov-2007-senesi-qirimtatarlarni-quvalagan-ve-stalin-surgunini-aqlagan-edi\/#breadcrumb","itemListElement":[{"@type":"ListItem","position":1,"name":"\u0413\u043e\u043b\u043e\u0432\u043d\u0430","item":"https:\/\/qtmm.org\/qt\/"},{"@type":"ListItem","position":2,"name":"Cemilev: Mogil\u00f6v 2007 senesi q\u0131r\u0131mtatarlarn\u0131 quvala\u011fan ve Stalin s\u00fcrg\u00fcnini aqla\u011fan edi"}]},{"@type":"WebSite","@id":"https:\/\/qtmm.org\/qt\/#website","url":"https:\/\/qtmm.org\/qt\/","name":"\u041c\u0435\u0434\u0436\u043b\u0456\u0441","description":"","publisher":{"@id":"https:\/\/qtmm.org\/qt\/#organization"},"potentialAction":[{"@type":"SearchAction","target":{"@type":"EntryPoint","urlTemplate":"https:\/\/qtmm.org\/qt\/?s={search_term_string}"},"query-input":{"@type":"PropertyValueSpecification","valueRequired":true,"valueName":"search_term_string"}}],"inLanguage":"qt"},{"@type":"Organization","@id":"https:\/\/qtmm.org\/qt\/#organization","name":"\u041c\u0435\u0434\u0436\u043b\u0456\u0441","url":"https:\/\/qtmm.org\/qt\/","logo":{"@type":"ImageObject","inLanguage":"qt","@id":"https:\/\/qtmm.org\/qt\/#\/schema\/logo\/image\/","url":"https:\/\/qtmm.org\/wp-content\/uploads\/2024\/12\/ua-mejlis-logo-rgb.svg","contentUrl":"https:\/\/qtmm.org\/wp-content\/uploads\/2024\/12\/ua-mejlis-logo-rgb.svg","caption":"\u041c\u0435\u0434\u0436\u043b\u0456\u0441"},"image":{"@id":"https:\/\/qtmm.org\/qt\/#\/schema\/logo\/image\/"},"sameAs":["https:\/\/www.facebook.com\/qtmm.info\/"]},{"@type":"Person","@id":"https:\/\/qtmm.org\/qt\/#\/schema\/person\/de562469f971dec226ac06e60bbf74a7","name":"Developer","image":{"@type":"ImageObject","inLanguage":"qt","@id":"https:\/\/secure.gravatar.com\/avatar\/392b4cc8fbfeb00b39dfeeab4ee6edded39ffd48e25858637e4765810300227e?s=96&d=mm&r=g","url":"https:\/\/secure.gravatar.com\/avatar\/392b4cc8fbfeb00b39dfeeab4ee6edded39ffd48e25858637e4765810300227e?s=96&d=mm&r=g","contentUrl":"https:\/\/secure.gravatar.com\/avatar\/392b4cc8fbfeb00b39dfeeab4ee6edded39ffd48e25858637e4765810300227e?s=96&d=mm&r=g","caption":"Developer"},"url":"https:\/\/qtmm.org\/qt\/author\/Developer\/"}]}},"_links":{"self":[{"href":"https:\/\/qtmm.org\/qt\/wp-json\/wp\/v2\/posts\/36257","targetHints":{"allow":["GET"]}}],"collection":[{"href":"https:\/\/qtmm.org\/qt\/wp-json\/wp\/v2\/posts"}],"about":[{"href":"https:\/\/qtmm.org\/qt\/wp-json\/wp\/v2\/types\/post"}],"author":[{"embeddable":true,"href":"https:\/\/qtmm.org\/qt\/wp-json\/wp\/v2\/users\/1"}],"replies":[{"embeddable":true,"href":"https:\/\/qtmm.org\/qt\/wp-json\/wp\/v2\/comments?post=36257"}],"version-history":[{"count":1,"href":"https:\/\/qtmm.org\/qt\/wp-json\/wp\/v2\/posts\/36257\/revisions"}],"predecessor-version":[{"id":36258,"href":"https:\/\/qtmm.org\/qt\/wp-json\/wp\/v2\/posts\/36257\/revisions\/36258"}],"wp:attachment":[{"href":"https:\/\/qtmm.org\/qt\/wp-json\/wp\/v2\/media?parent=36257"}],"wp:term":[{"taxonomy":"category","embeddable":true,"href":"https:\/\/qtmm.org\/qt\/wp-json\/wp\/v2\/categories?post=36257"},{"taxonomy":"post_tag","embeddable":true,"href":"https:\/\/qtmm.org\/qt\/wp-json\/wp\/v2\/tags?post=36257"}],"curies":[{"name":"wp","href":"https:\/\/api.w.org\/{rel}","templated":true}]}}