




{"id":36253,"date":"2013-03-22T17:43:00","date_gmt":"2013-03-22T14:43:00","guid":{"rendered":"http:\/\/qtmm.org\/?p=36253"},"modified":"2022-01-23T17:44:25","modified_gmt":"2022-01-23T14:44:25","slug":"meclis-ve-qirim-inkisafi-vaqufi-hayriye-teskilati-birlikte-2013-senesine-leyhalarni-kerceklestirmekni-devam-eteler","status":"publish","type":"post","link":"https:\/\/qtmm.org\/qt\/meclis-ve-qirim-inkisafi-vaqufi-hayriye-teskilati-birlikte-2013-senesine-leyhalarni-kerceklestirmekni-devam-eteler\/","title":{"rendered":"Meclis ve \u00abQ\u0131r\u0131m inki\u015faf\u0131 vaquf\u0131\u00bb hayriye te\u015fkil\u00e2t\u0131 birlikte 2013 senesine leyhalarn\u0131 ker\u00e7ekle\u015ftirmekni devam eteler"},"content":{"rendered":"\n<p>Mart 19 k\u00fcn\u00fc Aqmescitte &#8220;Q\u0131r\u0131m inki\u015faf\u0131 vaquf\u0131&#8221; hayriye te\u015fkil\u00e2t\u0131 \u0130daresini\u00f1 topla\u015fuv\u0131 ol\u0131p ke\u00e7ti. Vaquf matbuat h\u0131zmetini\u00f1 haber etkenine k\u00f6re te\u015fkil\u00e2tn\u0131\u00f1 2013 senesine faaliyeti de muzakere etilip, vaquf i\u015fini\u00f1 plan\u0131 ve vaquf faaliyetine t\u00fc\u015fken sermiyalarn\u0131\u00f1 taqsimlenmesi tasdiqland\u0131.<\/p>\n\n\n\n<p>\u00d6z faaliyetini devam ettirerek vaquf Meclis ile \u0130\u015fbirlik a\u00f1la\u015fmas\u0131 \u00e7er\u00e7ivesinde tedbirler ke\u00e7irilmesine, \u015fu c\u00fcmleden OSCE imayesi alt\u0131nda Halqara Forumn\u0131\u00f1 \u00f6tkerilmesine qoltutmaq niyetinde.<\/p>\n\n\n\n<p>&#8220;Q\u0131r\u0131m inki\u015faf\u0131 vaquf\u0131&#8221; hayriye te\u015fkil\u00e2t\u0131 &#8220;Kr\u0131mskiy Forum&#8221; uquqqoruy\u0131c\u0131lar\u0131n\u0131\u00f1 er sene k\u00f6r\u00fc\u015f\u00fcvini az\u0131rlamaq ve ke\u00e7irmek i\u015fine qoltutma\u011fa az\u0131r ol\u011fan\u0131n\u0131 da bildirdi.<\/p>\n\n\n\n<p>Bundan da \u011fayr\u0131 Vaquf idaresi 2013 senesine i\u015f plan\u0131na medeniy leyhalar ve faaliyetleri Q\u0131r\u0131mn\u0131\u00f1 inki\u015faf\u0131nen ba\u011fl\u0131 cemaat te\u015fkil\u00e2tlar\u0131na qoltutmaq, Q\u0131r\u0131mn\u0131\u00f1 tarihiy toponimikas\u0131n\u0131 \u011fayr\u0131dan tiklevnen ba\u011fl\u0131 leyhalar, Aqmescitte qaraylar kenasas\u0131n\u0131\u00f1 i\u015fini \u011fayr\u0131dan ba\u015flamaq i\u015flerine maddiy yard\u0131m k\u00f6stermek maqsad\u0131n\u0131 da kirsetti. Tedaviylev, oquv ve diger sotsial leyhalar\u011fa para ay\u0131rmaq meselesi ayr\u0131ca baq\u0131lacaq.<\/p>\n\n\n\n<p>2013 senesini\u00f1 ekinci yar\u0131s\u0131nda Rustem \u00dcmerov Vaquf Prezidentligi vazifesini terk etecegi munasebetinen Vaquf Nizamnamesine de\u00f1i\u015fmeler kirsetmek qarar\u0131 al\u0131nd\u0131. &#8220;Bu qarar \u015fimdiki Prezidentni\u00f1 Vaquf faaliyetinen ba\u011fl\u0131 olma\u011fan meselelerge ziyade diqqat ay\u0131rmaq zaruriyeti sebebinden al\u0131nd\u0131&#8221;, &#8211; denile Vaquf matbuat h\u0131zmetini\u00f1 mal\u00fcmat\u0131nda.<\/p>\n","protected":false},"excerpt":{"rendered":"<p>Mart 19 k\u00fcn\u00fc Aqmescitte &#8220;Q\u0131r\u0131m inki\u015faf\u0131 vaquf\u0131&#8221; hayriye te\u015fkil\u00e2t\u0131 \u0130daresini\u00f1 topla\u015fuv\u0131 ol\u0131p ke\u00e7ti. Vaquf matbuat h\u0131zmetini\u00f1 haber etkenine k\u00f6re te\u015fkil\u00e2tn\u0131\u00f1 2013 senesine faaliyeti de muzakere etilip, vaquf i\u015fini\u00f1 plan\u0131 ve vaquf faaliyetine t\u00fc\u015fken sermiyalarn\u0131\u00f1 taqsimlenmesi tasdiqland\u0131. \u00d6z faaliyetini devam ettirerek vaquf Meclis ile \u0130\u015fbirlik a\u00f1la\u015fmas\u0131 \u00e7er\u00e7ivesinde tedbirler ke\u00e7irilmesine, \u015fu c\u00fcmleden OSCE imayesi alt\u0131nda Halqara Forumn\u0131\u00f1 [&hellip;]<\/p>\n","protected":false},"author":1,"featured_media":0,"comment_status":"open","ping_status":"open","sticky":false,"template":"","format":"standard","meta":{"inline_featured_image":false,"footnotes":""},"categories":[265],"tags":[],"class_list":["post-36253","post","type-post","status-publish","format-standard","hentry","category-haberler"],"acf":[],"yoast_head":"<!-- This site is optimized with the Yoast SEO plugin v27.4 - https:\/\/yoast.com\/product\/yoast-seo-wordpress\/ -->\n<title>Meclis ve \u00abQ\u0131r\u0131m inki\u015faf\u0131 vaquf\u0131\u00bb hayriye te\u015fkil\u00e2t\u0131 birlikte 2013 senesine leyhalarn\u0131 ker\u00e7ekle\u015ftirmekni devam eteler - \u041c\u0435\u0434\u0436\u043b\u0456\u0441<\/title>\n<meta name=\"robots\" content=\"index, follow, max-snippet:-1, max-image-preview:large, max-video-preview:-1\" \/>\n<link rel=\"canonical\" href=\"https:\/\/qtmm.org\/qt\/meclis-ve-qirim-inkisafi-vaqufi-hayriye-teskilati-birlikte-2013-senesine-leyhalarni-kerceklestirmekni-devam-eteler\/\" \/>\n<meta property=\"og:locale\" content=\"en_US\" \/>\n<meta property=\"og:type\" content=\"article\" \/>\n<meta property=\"og:title\" content=\"Meclis ve \u00abQ\u0131r\u0131m inki\u015faf\u0131 vaquf\u0131\u00bb hayriye te\u015fkil\u00e2t\u0131 birlikte 2013 senesine leyhalarn\u0131 ker\u00e7ekle\u015ftirmekni devam eteler - \u041c\u0435\u0434\u0436\u043b\u0456\u0441\" \/>\n<meta property=\"og:description\" content=\"Mart 19 k\u00fcn\u00fc Aqmescitte &#8220;Q\u0131r\u0131m inki\u015faf\u0131 vaquf\u0131&#8221; hayriye te\u015fkil\u00e2t\u0131 \u0130daresini\u00f1 topla\u015fuv\u0131 ol\u0131p ke\u00e7ti. Vaquf matbuat h\u0131zmetini\u00f1 haber etkenine k\u00f6re te\u015fkil\u00e2tn\u0131\u00f1 2013 senesine faaliyeti de muzakere etilip, vaquf i\u015fini\u00f1 plan\u0131 ve vaquf faaliyetine t\u00fc\u015fken sermiyalarn\u0131\u00f1 taqsimlenmesi tasdiqland\u0131. \u00d6z faaliyetini devam ettirerek vaquf Meclis ile \u0130\u015fbirlik a\u00f1la\u015fmas\u0131 \u00e7er\u00e7ivesinde tedbirler ke\u00e7irilmesine, \u015fu c\u00fcmleden OSCE imayesi alt\u0131nda Halqara Forumn\u0131\u00f1 [&hellip;]\" \/>\n<meta property=\"og:url\" content=\"https:\/\/qtmm.org\/qt\/meclis-ve-qirim-inkisafi-vaqufi-hayriye-teskilati-birlikte-2013-senesine-leyhalarni-kerceklestirmekni-devam-eteler\/\" \/>\n<meta property=\"og:site_name\" content=\"\u041c\u0435\u0434\u0436\u043b\u0456\u0441\" \/>\n<meta property=\"article:publisher\" content=\"https:\/\/www.facebook.com\/qtmm.info\/\" \/>\n<meta property=\"article:published_time\" content=\"2013-03-22T14:43:00+00:00\" \/>\n<meta property=\"article:modified_time\" content=\"2022-01-23T14:44:25+00:00\" \/>\n<meta name=\"author\" content=\"Developer\" \/>\n<meta name=\"twitter:card\" content=\"summary_large_image\" \/>\n<meta name=\"twitter:label1\" content=\"Written by\" \/>\n\t<meta name=\"twitter:data1\" content=\"Developer\" \/>\n\t<meta name=\"twitter:label2\" content=\"Est. reading time\" \/>\n\t<meta name=\"twitter:data2\" content=\"1 minute\" \/>\n<script type=\"application\/ld+json\" class=\"yoast-schema-graph\">{\"@context\":\"https:\\\/\\\/schema.org\",\"@graph\":[{\"@type\":\"Article\",\"@id\":\"https:\\\/\\\/qtmm.org\\\/qt\\\/meclis-ve-qirim-inkisafi-vaqufi-hayriye-teskilati-birlikte-2013-senesine-leyhalarni-kerceklestirmekni-devam-eteler\\\/#article\",\"isPartOf\":{\"@id\":\"https:\\\/\\\/qtmm.org\\\/qt\\\/meclis-ve-qirim-inkisafi-vaqufi-hayriye-teskilati-birlikte-2013-senesine-leyhalarni-kerceklestirmekni-devam-eteler\\\/\"},\"author\":{\"name\":\"Developer\",\"@id\":\"https:\\\/\\\/qtmm.org\\\/qt\\\/#\\\/schema\\\/person\\\/de562469f971dec226ac06e60bbf74a7\"},\"headline\":\"Meclis ve \u00abQ\u0131r\u0131m inki\u015faf\u0131 vaquf\u0131\u00bb hayriye te\u015fkil\u00e2t\u0131 birlikte 2013 senesine leyhalarn\u0131 ker\u00e7ekle\u015ftirmekni devam eteler\",\"datePublished\":\"2013-03-22T14:43:00+00:00\",\"dateModified\":\"2022-01-23T14:44:25+00:00\",\"mainEntityOfPage\":{\"@id\":\"https:\\\/\\\/qtmm.org\\\/qt\\\/meclis-ve-qirim-inkisafi-vaqufi-hayriye-teskilati-birlikte-2013-senesine-leyhalarni-kerceklestirmekni-devam-eteler\\\/\"},\"wordCount\":260,\"commentCount\":0,\"publisher\":{\"@id\":\"https:\\\/\\\/qtmm.org\\\/qt\\\/#organization\"},\"articleSection\":[\"Haberler\"],\"inLanguage\":\"qt\",\"potentialAction\":[{\"@type\":\"CommentAction\",\"name\":\"Comment\",\"target\":[\"https:\\\/\\\/qtmm.org\\\/qt\\\/meclis-ve-qirim-inkisafi-vaqufi-hayriye-teskilati-birlikte-2013-senesine-leyhalarni-kerceklestirmekni-devam-eteler\\\/#respond\"]}]},{\"@type\":\"WebPage\",\"@id\":\"https:\\\/\\\/qtmm.org\\\/qt\\\/meclis-ve-qirim-inkisafi-vaqufi-hayriye-teskilati-birlikte-2013-senesine-leyhalarni-kerceklestirmekni-devam-eteler\\\/\",\"url\":\"https:\\\/\\\/qtmm.org\\\/qt\\\/meclis-ve-qirim-inkisafi-vaqufi-hayriye-teskilati-birlikte-2013-senesine-leyhalarni-kerceklestirmekni-devam-eteler\\\/\",\"name\":\"Meclis ve \u00abQ\u0131r\u0131m inki\u015faf\u0131 vaquf\u0131\u00bb hayriye te\u015fkil\u00e2t\u0131 birlikte 2013 senesine leyhalarn\u0131 ker\u00e7ekle\u015ftirmekni devam eteler - \u041c\u0435\u0434\u0436\u043b\u0456\u0441\",\"isPartOf\":{\"@id\":\"https:\\\/\\\/qtmm.org\\\/qt\\\/#website\"},\"datePublished\":\"2013-03-22T14:43:00+00:00\",\"dateModified\":\"2022-01-23T14:44:25+00:00\",\"breadcrumb\":{\"@id\":\"https:\\\/\\\/qtmm.org\\\/qt\\\/meclis-ve-qirim-inkisafi-vaqufi-hayriye-teskilati-birlikte-2013-senesine-leyhalarni-kerceklestirmekni-devam-eteler\\\/#breadcrumb\"},\"inLanguage\":\"qt\",\"potentialAction\":[{\"@type\":\"ReadAction\",\"target\":[\"https:\\\/\\\/qtmm.org\\\/qt\\\/meclis-ve-qirim-inkisafi-vaqufi-hayriye-teskilati-birlikte-2013-senesine-leyhalarni-kerceklestirmekni-devam-eteler\\\/\"]}]},{\"@type\":\"BreadcrumbList\",\"@id\":\"https:\\\/\\\/qtmm.org\\\/qt\\\/meclis-ve-qirim-inkisafi-vaqufi-hayriye-teskilati-birlikte-2013-senesine-leyhalarni-kerceklestirmekni-devam-eteler\\\/#breadcrumb\",\"itemListElement\":[{\"@type\":\"ListItem\",\"position\":1,\"name\":\"\u0413\u043e\u043b\u043e\u0432\u043d\u0430\",\"item\":\"https:\\\/\\\/qtmm.org\\\/qt\\\/\"},{\"@type\":\"ListItem\",\"position\":2,\"name\":\"Meclis ve \u00abQ\u0131r\u0131m inki\u015faf\u0131 vaquf\u0131\u00bb hayriye te\u015fkil\u00e2t\u0131 birlikte 2013 senesine leyhalarn\u0131 ker\u00e7ekle\u015ftirmekni devam eteler\"}]},{\"@type\":\"WebSite\",\"@id\":\"https:\\\/\\\/qtmm.org\\\/qt\\\/#website\",\"url\":\"https:\\\/\\\/qtmm.org\\\/qt\\\/\",\"name\":\"\u041c\u0435\u0434\u0436\u043b\u0456\u0441\",\"description\":\"\",\"publisher\":{\"@id\":\"https:\\\/\\\/qtmm.org\\\/qt\\\/#organization\"},\"potentialAction\":[{\"@type\":\"SearchAction\",\"target\":{\"@type\":\"EntryPoint\",\"urlTemplate\":\"https:\\\/\\\/qtmm.org\\\/qt\\\/?s={search_term_string}\"},\"query-input\":{\"@type\":\"PropertyValueSpecification\",\"valueRequired\":true,\"valueName\":\"search_term_string\"}}],\"inLanguage\":\"qt\"},{\"@type\":\"Organization\",\"@id\":\"https:\\\/\\\/qtmm.org\\\/qt\\\/#organization\",\"name\":\"\u041c\u0435\u0434\u0436\u043b\u0456\u0441\",\"url\":\"https:\\\/\\\/qtmm.org\\\/qt\\\/\",\"logo\":{\"@type\":\"ImageObject\",\"inLanguage\":\"qt\",\"@id\":\"https:\\\/\\\/qtmm.org\\\/qt\\\/#\\\/schema\\\/logo\\\/image\\\/\",\"url\":\"https:\\\/\\\/qtmm.org\\\/wp-content\\\/uploads\\\/2024\\\/12\\\/ua-mejlis-logo-rgb.svg\",\"contentUrl\":\"https:\\\/\\\/qtmm.org\\\/wp-content\\\/uploads\\\/2024\\\/12\\\/ua-mejlis-logo-rgb.svg\",\"caption\":\"\u041c\u0435\u0434\u0436\u043b\u0456\u0441\"},\"image\":{\"@id\":\"https:\\\/\\\/qtmm.org\\\/qt\\\/#\\\/schema\\\/logo\\\/image\\\/\"},\"sameAs\":[\"https:\\\/\\\/www.facebook.com\\\/qtmm.info\\\/\"]},{\"@type\":\"Person\",\"@id\":\"https:\\\/\\\/qtmm.org\\\/qt\\\/#\\\/schema\\\/person\\\/de562469f971dec226ac06e60bbf74a7\",\"name\":\"Developer\",\"image\":{\"@type\":\"ImageObject\",\"inLanguage\":\"qt\",\"@id\":\"https:\\\/\\\/secure.gravatar.com\\\/avatar\\\/392b4cc8fbfeb00b39dfeeab4ee6edded39ffd48e25858637e4765810300227e?s=96&d=mm&r=g\",\"url\":\"https:\\\/\\\/secure.gravatar.com\\\/avatar\\\/392b4cc8fbfeb00b39dfeeab4ee6edded39ffd48e25858637e4765810300227e?s=96&d=mm&r=g\",\"contentUrl\":\"https:\\\/\\\/secure.gravatar.com\\\/avatar\\\/392b4cc8fbfeb00b39dfeeab4ee6edded39ffd48e25858637e4765810300227e?s=96&d=mm&r=g\",\"caption\":\"Developer\"},\"url\":\"https:\\\/\\\/qtmm.org\\\/qt\\\/author\\\/Developer\\\/\"}]}<\/script>\n<!-- \/ Yoast SEO plugin. -->","yoast_head_json":{"title":"Meclis ve \u00abQ\u0131r\u0131m inki\u015faf\u0131 vaquf\u0131\u00bb hayriye te\u015fkil\u00e2t\u0131 birlikte 2013 senesine leyhalarn\u0131 ker\u00e7ekle\u015ftirmekni devam eteler - \u041c\u0435\u0434\u0436\u043b\u0456\u0441","robots":{"index":"index","follow":"follow","max-snippet":"max-snippet:-1","max-image-preview":"max-image-preview:large","max-video-preview":"max-video-preview:-1"},"canonical":"https:\/\/qtmm.org\/qt\/meclis-ve-qirim-inkisafi-vaqufi-hayriye-teskilati-birlikte-2013-senesine-leyhalarni-kerceklestirmekni-devam-eteler\/","og_locale":"en_US","og_type":"article","og_title":"Meclis ve \u00abQ\u0131r\u0131m inki\u015faf\u0131 vaquf\u0131\u00bb hayriye te\u015fkil\u00e2t\u0131 birlikte 2013 senesine leyhalarn\u0131 ker\u00e7ekle\u015ftirmekni devam eteler - \u041c\u0435\u0434\u0436\u043b\u0456\u0441","og_description":"Mart 19 k\u00fcn\u00fc Aqmescitte &#8220;Q\u0131r\u0131m inki\u015faf\u0131 vaquf\u0131&#8221; hayriye te\u015fkil\u00e2t\u0131 \u0130daresini\u00f1 topla\u015fuv\u0131 ol\u0131p ke\u00e7ti. Vaquf matbuat h\u0131zmetini\u00f1 haber etkenine k\u00f6re te\u015fkil\u00e2tn\u0131\u00f1 2013 senesine faaliyeti de muzakere etilip, vaquf i\u015fini\u00f1 plan\u0131 ve vaquf faaliyetine t\u00fc\u015fken sermiyalarn\u0131\u00f1 taqsimlenmesi tasdiqland\u0131. \u00d6z faaliyetini devam ettirerek vaquf Meclis ile \u0130\u015fbirlik a\u00f1la\u015fmas\u0131 \u00e7er\u00e7ivesinde tedbirler ke\u00e7irilmesine, \u015fu c\u00fcmleden OSCE imayesi alt\u0131nda Halqara Forumn\u0131\u00f1 [&hellip;]","og_url":"https:\/\/qtmm.org\/qt\/meclis-ve-qirim-inkisafi-vaqufi-hayriye-teskilati-birlikte-2013-senesine-leyhalarni-kerceklestirmekni-devam-eteler\/","og_site_name":"\u041c\u0435\u0434\u0436\u043b\u0456\u0441","article_publisher":"https:\/\/www.facebook.com\/qtmm.info\/","article_published_time":"2013-03-22T14:43:00+00:00","article_modified_time":"2022-01-23T14:44:25+00:00","author":"Developer","twitter_card":"summary_large_image","twitter_misc":{"Written by":"Developer","Est. reading time":"1 minute"},"schema":{"@context":"https:\/\/schema.org","@graph":[{"@type":"Article","@id":"https:\/\/qtmm.org\/qt\/meclis-ve-qirim-inkisafi-vaqufi-hayriye-teskilati-birlikte-2013-senesine-leyhalarni-kerceklestirmekni-devam-eteler\/#article","isPartOf":{"@id":"https:\/\/qtmm.org\/qt\/meclis-ve-qirim-inkisafi-vaqufi-hayriye-teskilati-birlikte-2013-senesine-leyhalarni-kerceklestirmekni-devam-eteler\/"},"author":{"name":"Developer","@id":"https:\/\/qtmm.org\/qt\/#\/schema\/person\/de562469f971dec226ac06e60bbf74a7"},"headline":"Meclis ve \u00abQ\u0131r\u0131m inki\u015faf\u0131 vaquf\u0131\u00bb hayriye te\u015fkil\u00e2t\u0131 birlikte 2013 senesine leyhalarn\u0131 ker\u00e7ekle\u015ftirmekni devam eteler","datePublished":"2013-03-22T14:43:00+00:00","dateModified":"2022-01-23T14:44:25+00:00","mainEntityOfPage":{"@id":"https:\/\/qtmm.org\/qt\/meclis-ve-qirim-inkisafi-vaqufi-hayriye-teskilati-birlikte-2013-senesine-leyhalarni-kerceklestirmekni-devam-eteler\/"},"wordCount":260,"commentCount":0,"publisher":{"@id":"https:\/\/qtmm.org\/qt\/#organization"},"articleSection":["Haberler"],"inLanguage":"qt","potentialAction":[{"@type":"CommentAction","name":"Comment","target":["https:\/\/qtmm.org\/qt\/meclis-ve-qirim-inkisafi-vaqufi-hayriye-teskilati-birlikte-2013-senesine-leyhalarni-kerceklestirmekni-devam-eteler\/#respond"]}]},{"@type":"WebPage","@id":"https:\/\/qtmm.org\/qt\/meclis-ve-qirim-inkisafi-vaqufi-hayriye-teskilati-birlikte-2013-senesine-leyhalarni-kerceklestirmekni-devam-eteler\/","url":"https:\/\/qtmm.org\/qt\/meclis-ve-qirim-inkisafi-vaqufi-hayriye-teskilati-birlikte-2013-senesine-leyhalarni-kerceklestirmekni-devam-eteler\/","name":"Meclis ve \u00abQ\u0131r\u0131m inki\u015faf\u0131 vaquf\u0131\u00bb hayriye te\u015fkil\u00e2t\u0131 birlikte 2013 senesine leyhalarn\u0131 ker\u00e7ekle\u015ftirmekni devam eteler - \u041c\u0435\u0434\u0436\u043b\u0456\u0441","isPartOf":{"@id":"https:\/\/qtmm.org\/qt\/#website"},"datePublished":"2013-03-22T14:43:00+00:00","dateModified":"2022-01-23T14:44:25+00:00","breadcrumb":{"@id":"https:\/\/qtmm.org\/qt\/meclis-ve-qirim-inkisafi-vaqufi-hayriye-teskilati-birlikte-2013-senesine-leyhalarni-kerceklestirmekni-devam-eteler\/#breadcrumb"},"inLanguage":"qt","potentialAction":[{"@type":"ReadAction","target":["https:\/\/qtmm.org\/qt\/meclis-ve-qirim-inkisafi-vaqufi-hayriye-teskilati-birlikte-2013-senesine-leyhalarni-kerceklestirmekni-devam-eteler\/"]}]},{"@type":"BreadcrumbList","@id":"https:\/\/qtmm.org\/qt\/meclis-ve-qirim-inkisafi-vaqufi-hayriye-teskilati-birlikte-2013-senesine-leyhalarni-kerceklestirmekni-devam-eteler\/#breadcrumb","itemListElement":[{"@type":"ListItem","position":1,"name":"\u0413\u043e\u043b\u043e\u0432\u043d\u0430","item":"https:\/\/qtmm.org\/qt\/"},{"@type":"ListItem","position":2,"name":"Meclis ve \u00abQ\u0131r\u0131m inki\u015faf\u0131 vaquf\u0131\u00bb hayriye te\u015fkil\u00e2t\u0131 birlikte 2013 senesine leyhalarn\u0131 ker\u00e7ekle\u015ftirmekni devam eteler"}]},{"@type":"WebSite","@id":"https:\/\/qtmm.org\/qt\/#website","url":"https:\/\/qtmm.org\/qt\/","name":"\u041c\u0435\u0434\u0436\u043b\u0456\u0441","description":"","publisher":{"@id":"https:\/\/qtmm.org\/qt\/#organization"},"potentialAction":[{"@type":"SearchAction","target":{"@type":"EntryPoint","urlTemplate":"https:\/\/qtmm.org\/qt\/?s={search_term_string}"},"query-input":{"@type":"PropertyValueSpecification","valueRequired":true,"valueName":"search_term_string"}}],"inLanguage":"qt"},{"@type":"Organization","@id":"https:\/\/qtmm.org\/qt\/#organization","name":"\u041c\u0435\u0434\u0436\u043b\u0456\u0441","url":"https:\/\/qtmm.org\/qt\/","logo":{"@type":"ImageObject","inLanguage":"qt","@id":"https:\/\/qtmm.org\/qt\/#\/schema\/logo\/image\/","url":"https:\/\/qtmm.org\/wp-content\/uploads\/2024\/12\/ua-mejlis-logo-rgb.svg","contentUrl":"https:\/\/qtmm.org\/wp-content\/uploads\/2024\/12\/ua-mejlis-logo-rgb.svg","caption":"\u041c\u0435\u0434\u0436\u043b\u0456\u0441"},"image":{"@id":"https:\/\/qtmm.org\/qt\/#\/schema\/logo\/image\/"},"sameAs":["https:\/\/www.facebook.com\/qtmm.info\/"]},{"@type":"Person","@id":"https:\/\/qtmm.org\/qt\/#\/schema\/person\/de562469f971dec226ac06e60bbf74a7","name":"Developer","image":{"@type":"ImageObject","inLanguage":"qt","@id":"https:\/\/secure.gravatar.com\/avatar\/392b4cc8fbfeb00b39dfeeab4ee6edded39ffd48e25858637e4765810300227e?s=96&d=mm&r=g","url":"https:\/\/secure.gravatar.com\/avatar\/392b4cc8fbfeb00b39dfeeab4ee6edded39ffd48e25858637e4765810300227e?s=96&d=mm&r=g","contentUrl":"https:\/\/secure.gravatar.com\/avatar\/392b4cc8fbfeb00b39dfeeab4ee6edded39ffd48e25858637e4765810300227e?s=96&d=mm&r=g","caption":"Developer"},"url":"https:\/\/qtmm.org\/qt\/author\/Developer\/"}]}},"_links":{"self":[{"href":"https:\/\/qtmm.org\/qt\/wp-json\/wp\/v2\/posts\/36253","targetHints":{"allow":["GET"]}}],"collection":[{"href":"https:\/\/qtmm.org\/qt\/wp-json\/wp\/v2\/posts"}],"about":[{"href":"https:\/\/qtmm.org\/qt\/wp-json\/wp\/v2\/types\/post"}],"author":[{"embeddable":true,"href":"https:\/\/qtmm.org\/qt\/wp-json\/wp\/v2\/users\/1"}],"replies":[{"embeddable":true,"href":"https:\/\/qtmm.org\/qt\/wp-json\/wp\/v2\/comments?post=36253"}],"version-history":[{"count":1,"href":"https:\/\/qtmm.org\/qt\/wp-json\/wp\/v2\/posts\/36253\/revisions"}],"predecessor-version":[{"id":36254,"href":"https:\/\/qtmm.org\/qt\/wp-json\/wp\/v2\/posts\/36253\/revisions\/36254"}],"wp:attachment":[{"href":"https:\/\/qtmm.org\/qt\/wp-json\/wp\/v2\/media?parent=36253"}],"wp:term":[{"taxonomy":"category","embeddable":true,"href":"https:\/\/qtmm.org\/qt\/wp-json\/wp\/v2\/categories?post=36253"},{"taxonomy":"post_tag","embeddable":true,"href":"https:\/\/qtmm.org\/qt\/wp-json\/wp\/v2\/tags?post=36253"}],"curies":[{"name":"wp","href":"https:\/\/api.w.org\/{rel}","templated":true}]}}