




{"id":36227,"date":"2013-03-21T17:41:00","date_gmt":"2013-03-21T14:41:00","guid":{"rendered":"http:\/\/qtmm.org\/?p=36227"},"modified":"2022-01-23T17:43:43","modified_gmt":"2022-01-23T14:43:43","slug":"meclis-tisqi-alaqalar-boluginin-basi-ali-hamzin-avropa-parlamentinde-qirimtatar-halqinin-soyqirimi-aqqinda-ciqista-bulundi","status":"publish","type":"post","link":"https:\/\/qtmm.org\/qt\/meclis-tisqi-alaqalar-boluginin-basi-ali-hamzin-avropa-parlamentinde-qirimtatar-halqinin-soyqirimi-aqqinda-ciqista-bulundi\/","title":{"rendered":"Meclis T\u0131\u015fq\u0131 al\u00e2qalar b\u00f6l\u00fcgini\u00f1 ba\u015f\u0131 Ali Hamzin Avropa parlamentinde q\u0131r\u0131mtatar halq\u0131n\u0131\u00f1 soyq\u0131r\u0131m\u0131 aqq\u0131nda \u00e7\u0131q\u0131\u015fta bulund\u0131"},"content":{"rendered":"\n<p>Mart 19 \u2013da Br\u00fcsselde &#8220;Avropa tarihlerinde bar\u0131\u015f\u0131ql\u0131q. Avropa umumiy tarih\u0131n\u0131 daa yah\u015f\u0131 a\u00f1lamaq i\u00e7\u00fcn&#8221; Umumavropa leyhas\u0131 \u00e7er\u00e7ivesinde &#8220;David ve G\u00f6liaf: az say\u0131l\u0131 halqlar totalitar rejimini\u00f1 \u00fck\u00fcmi alt\u0131nda&#8221; (&#8220;David and Golliath: Small nations under the totalitarian rule&#8221;) mevzus\u0131nda halqara konferentsiya \u00f6tkerildi.<\/p>\n\n\n\n<figure class=\"wp-block-image size-full\"><img loading=\"lazy\" decoding=\"async\" width=\"650\" height=\"350\" src=\"http:\/\/qtmm.org\/wp-content\/uploads\/2022\/01\/img_9954.jpeg\" alt=\"\" class=\"wp-image-36228\" srcset=\"https:\/\/qtmm.org\/wp-content\/uploads\/2022\/01\/img_9954.jpeg 650w, https:\/\/qtmm.org\/wp-content\/uploads\/2022\/01\/img_9954-300x162.jpeg 300w\" sizes=\"auto, (max-width: 650px) 100vw, 650px\" \/><\/figure>\n\n\n\n<p>Konferentsiya belli latviyal\u0131 siyaset\u00e7i, Avropa parlamentini\u00f1 deputat\u0131, Avropa halq partiyas\u0131 gruppas\u0131 b\u00fcros\u0131n\u0131\u00f1 azas\u0131, professor \u0130nese Vaydereni\u00f1 te\u015febb\u00fcsinen ve Avropa parlamentindeki \u015fu azalar\u0131n\u0131\u00f1 qoltutuv\u0131nda ke\u00e7irildi:<\/p>\n\n\n\n<p>&#8211; Radvile Morkunayte \u2013litvaniyal\u0131 siyaset\u00e7i, Avropa halq partiyas\u0131n\u0131\u00f1 azas\u0131;<br><br>&#8211; Tunne Kelam \u2013 k\u00f6r\u00fcmli estoniyal\u0131 cemaat erbab\u0131 ve siyaset\u00e7i, Avropa halq partiyas\u0131n\u0131\u00f1 azas\u0131;<br><br>&#8211; Dyerd \u015eopflin &#8211; professor, Avropa halq partiyas\u0131n\u0131\u00f1 azas\u0131; t\u0131\u015fq\u0131 i\u015fler boyunca komitetni\u00f1 Albaniya, B\u00f6sniya ve Gertsegovina, Serbiyeya, \u00c7ernogoriya ve Kosovo devletlerinen al\u00e2qalar boyunca azas\u0131, Avropa tarihlerinde bar\u0131\u015f\u0131ql\u0131q ve anayasa meseleleri boyunca komitetni\u00f1 azas\u0131.<\/p>\n\n\n\n<figure class=\"wp-block-image size-full\"><img loading=\"lazy\" decoding=\"async\" width=\"650\" height=\"350\" src=\"http:\/\/qtmm.org\/wp-content\/uploads\/2022\/01\/img_9958.jpeg\" alt=\"\" class=\"wp-image-36232\" srcset=\"https:\/\/qtmm.org\/wp-content\/uploads\/2022\/01\/img_9958.jpeg 650w, https:\/\/qtmm.org\/wp-content\/uploads\/2022\/01\/img_9958-300x162.jpeg 300w\" sizes=\"auto, (max-width: 650px) 100vw, 650px\" \/><\/figure>\n\n\n\n<p>Konferentsiyan\u0131 a\u00e7qan \u0130nesa Vaydere &#8220;Az say\u0131l\u0131 milletler totalitar rejimini\u00f1 basq\u0131s\u0131 alt\u0131nda&#8221; mevzus\u0131nda maruzanen \u00e7\u0131q\u0131\u015fta bulund\u0131. Maruza sab\u0131q SSSRdeki az say\u0131l\u0131 halqlarn\u0131\u00f1 m\u00fcrekkep ve facial\u0131 taqdiri aqq\u0131nda ol\u0131p, misal olaraq lat\u0131\u015f halq\u0131n\u0131\u00f1 taqdiri k\u00f6sterildi. \u0130nessa Vaydereni\u00f1 daveti ile konferentsiya i\u015finde Meclis t\u0131\u015fq\u0131 al\u00e2qalar boyunca b\u00f6l\u00fcgini\u00f1 ba\u015f\u0131 Ali Hamzin, U \u00e7a\u011f\u0131r\u0131l\u0131\u015f Qurultay delegat\u0131 Bekir \u011eaniyev i\u015ftirak ettiler.<\/p>\n\n\n\n<p>Belli litvaniyal\u0131 siyaset\u00e7i, cemaat erbab\u0131, Avropa Halq partiyas\u0131 gruppas\u0131n\u0131\u00f1 azas\u0131 Vitautas Landsbergis ve Vicdan ve hat\u0131ra Avropa platformas\u0131n\u0131\u00f1 prezidenti Goran Lindblad konferentsiyan\u0131\u00f1 \u015ferefli musafirleri old\u0131lar.<\/p>\n\n\n\n<figure class=\"wp-block-image size-full\"><img loading=\"lazy\" decoding=\"async\" width=\"650\" height=\"350\" src=\"http:\/\/qtmm.org\/wp-content\/uploads\/2022\/01\/img_9976.jpeg\" alt=\"\" class=\"wp-image-36236\" srcset=\"https:\/\/qtmm.org\/wp-content\/uploads\/2022\/01\/img_9976.jpeg 650w, https:\/\/qtmm.org\/wp-content\/uploads\/2022\/01\/img_9976-300x162.jpeg 300w\" sizes=\"auto, (max-width: 650px) 100vw, 650px\" \/><\/figure>\n\n\n\n<p>Konferentsiyada maruzalarnen Dyerd \u015eopflin (Macaristan), Radvile Morkunayte (Litvaniya), Tunne Kelam (Estoniya), \u0130slam Matsiyev( Finl\u00e2ndiya), Ali Hamzin (Ukraina, Qvr\u0131m), Veyko Saksi (Finl\u00e2ndiya), G\u00fcnars Toms (Latviya) \u00e7\u0131q\u0131\u015fta bulund\u0131lar. Maruzac\u0131larn\u0131 birle\u015ftirgen siyasiy \u011faye \u2013 KPSSni\u00f1 insan\u011fa z\u0131t mevkuresi ve kommunist rejimi boyunca &#8220;N\u00fcrnberg -2&#8221; mahkemesini te\u015fkil etmektir.<\/p>\n\n\n\n<p>Konferentsiya devam\u0131nda Ali Hamzin Kavkaz jurnalistleri halqara birligini\u00f1 k\u00e2tibi \u0130slam Matsiyev ve &#8220;Sibir balalar\u0131 faquf\u0131n\u0131\u00f1 direktor\u0131 G\u00fcnars Toms ile subetle\u015fti. Avropa parlamentini\u00f1 azalar\u0131 \u0130nese Vaydere, Tunne Kelam, Dyerdye \u015eopflin, Vitautas Landsbergis ve Goran Lindblad ile qonu\u015fqan Ali Hamzin Ukrainada aqs\u0131mlan\u011fan q\u0131r\u0131mtatar halq\u0131n\u0131\u00f1 bug\u00fcnki vaziyetini tarif etti. O \u015fun\u0131 da qayd etti ki, Q\u0131r\u0131m akimiyeti q\u0131r\u0131mtatar halq\u0131n\u0131\u00f1 matem k\u00fcn\u00fc ol\u011fan may\u0131s 18 tedbirleri etraf\u0131nda vaziyetni daa da kerginle\u015ftirmek i\u00e7\u00fcn halqn\u0131\u00f1 vek\u00e2letli organ\u0131 Meclisni bu tedbirlerge az\u0131rl\u0131q ve ke\u00e7ir\u00fcvden \u00e7etle\u015ftirip, fesat \u00e7\u0131qaralar.<\/p>\n\n\n\n<p>&#8220;Q\u0131r\u0131m \u00fck\u00fcmetini\u00f1 ba\u015f\u0131 Anatoliy Mogil\u00f6v atta Meclis s\u00f6z\u00fcni bile qullanmama\u011fa \u00e7a\u011f\u0131ra, \u00e7\u00fcnki on\u0131\u00f1 fikrince bu organ Ukrainan\u0131\u00f1 uquqiy alan\u0131nda yoqt\u0131r&#8221;, &#8211; dedi Hamzin.<\/p>\n\n\n\n<figure class=\"wp-block-image size-full\"><img loading=\"lazy\" decoding=\"async\" width=\"650\" height=\"350\" src=\"http:\/\/qtmm.org\/wp-content\/uploads\/2022\/01\/img_9983.jpeg\" alt=\"\" class=\"wp-image-36240\" srcset=\"https:\/\/qtmm.org\/wp-content\/uploads\/2022\/01\/img_9983.jpeg 650w, https:\/\/qtmm.org\/wp-content\/uploads\/2022\/01\/img_9983-300x162.jpeg 300w\" sizes=\"auto, (max-width: 650px) 100vw, 650px\" \/><\/figure>\n\n\n\n<p>Subet i\u015ftirak\u00e7ilerini Q\u0131r\u0131m akimiyetini\u00f1 q\u0131r\u0131mtatar halq\u0131na nisbeten munasebeti \u011fayet taaciplendirdi, \u00e7\u00fcnki BMT, OSCE ve bir s\u0131ra diger halqara te\u015fkil\u00e2tlarn\u0131\u00f1 azas\u0131 ol\u011fan Ukraina\u011fa adliye noqtai nazar\u0131ndan b\u00f6yle cailcesine davranmaq keli\u015fmez. Ali Hamzinni\u00f1 bildirgenine k\u00f6re, Meclis<br>(Unrepresented Nations and Peoples Organization (UNPO) ve Avropa Milletlerini\u00f1 Federatsion birligini\u00f1 azas\u0131d\u0131r ve Ukraina Meclisni\u00f1 bu halqara te\u015f\u00e7kil\u00e2tlar\u0131n\u0131\u00f1 azas\u0131 olaraq tan\u0131maq borclud\u0131r. Er kesni\u00f1 fikrince. Ukrainada q\u0131r\u0131mtatarlar\u011fa nisbeten ol\u011fan b\u00f6yle munasebet Avropa\u011fa kirmege istegen devletke i\u00e7 te l\u00e2y\u0131q degildir.<\/p>\n\n\n\n<p>Konferentsiya devam\u0131nda &#8220;Avropa hat\u0131ra ve vicdan platformas\u0131&#8221; \u00e7er\u00e7ivesinde Avropa parlamenti azalar\u0131n\u0131\u00f1 destegi ile Q\u0131r\u0131mda nevbetteki halqara konferentsiya ke\u00e7irmek te\u015febb\u00fcsi muzakere etildi.<\/p>\n\n\n\n<figure class=\"wp-block-image size-full\"><img loading=\"lazy\" decoding=\"async\" width=\"650\" height=\"350\" src=\"http:\/\/qtmm.org\/wp-content\/uploads\/2022\/01\/img_9982.jpeg\" alt=\"\" class=\"wp-image-36244\" srcset=\"https:\/\/qtmm.org\/wp-content\/uploads\/2022\/01\/img_9982.jpeg 650w, https:\/\/qtmm.org\/wp-content\/uploads\/2022\/01\/img_9982-300x162.jpeg 300w\" sizes=\"auto, (max-width: 650px) 100vw, 650px\" \/><\/figure>\n\n\n\n<p>Konferentsiya i\u015ftirak\u00e7ilerine q\u0131r\u0131mtatarlar soyq\u0131r\u0131m\u0131n\u0131 aks ettirgen &#8220;Kommunist rejimini\u00f1 q\u0131r\u0131mtatar halq\u0131na qar\u015f\u0131 cinayetleri&#8221; risalesi taqdim olund\u0131. Konferentsiyada Avropa parlamentini\u00f1 azalar\u0131, avropal\u0131 siyaset\u015f\u0131naslar, k\u00fctleviy matbuat vastalar\u0131 hadimlerinden ibaret 80 adam i\u015ftirak etti.<br><br><strong>Mal\u00fcmat i\u00e7\u00fcn:<\/strong>&nbsp;&#8220;Avropa tarihlerinde bar\u0131\u015f\u0131ql\u0131q. Avropa tarih\u0131n\u0131 daa yah\u015f\u0131 a\u00f1lamaq i\u00e7\u00fcn&#8221; &#8211; bu natsist Almaniya ve ve kommunist rejimleri qurbanlar\u0131n\u0131 tedqiq et\u00fcv boyunca uzun m\u00fcddetli leyhad\u0131r. Bu leyhan\u0131\u00f1 tesirinde 2009 senesi OSCE Parlament Assambleyas\u0131n\u0131\u00f1 &#8220;B\u00f6l\u00fcngen Avropan\u0131\u00f1 birle\u015fmesi: HH1 as\u0131rda OSCE region\u0131nda insan aqlar\u0131 ve serbestligini taqdirlev&#8221; qarar\u0131 qabul etildi.<\/p>\n\n\n\n<p>So\u00f1undan 2011 senesi Pragada V\u0131\u015fegorod gruppas\u0131 \u2013 Macaristan, Poloniya, Slovakiya ve \u00c7ehiya devletleri ba\u015f nazirlerini\u00f1 k\u00f6r\u00fc\u015f\u00fcvi vaqt\u0131nda &#8220;Avropa hat\u0131ra ve vicdan\u0131 platformas\u0131&#8221; meydan\u011fa ketirildi. Avropa Birligine kirgen 13 devletni\u00f1 Totalitarizm aqibetlerini \u00f6gren\u00fcvde ihtisasla\u015fqan 19 te\u015fkil\u00e2t ve m\u00fcessiseni\u00f1 reberleri bu birlik qurul\u011fan\u0131 aqq\u0131nda a\u00f1la\u015fman\u0131 imzalad\u0131lar. Platforma prezidenti olaraq bir a\u011f\u0131zdan PASE sab\u0131q prezident ive siyasiy meseleler boyunca komitet reisi Goran Lindblad sayland\u0131. 2012 senesinden ba\u015flap Q\u0131r\u0131mtatar halq\u0131n\u0131\u00f1 Meclisi de \u015fu platforman\u0131\u00f1 azas\u0131d\u0131r.<\/p>\n\n\n\n<figure class=\"wp-block-image size-full\"><img loading=\"lazy\" decoding=\"async\" width=\"650\" height=\"373\" src=\"http:\/\/qtmm.org\/wp-content\/uploads\/2022\/01\/img_9997.jpeg\" alt=\"\" class=\"wp-image-36248\" srcset=\"https:\/\/qtmm.org\/wp-content\/uploads\/2022\/01\/img_9997.jpeg 650w, https:\/\/qtmm.org\/wp-content\/uploads\/2022\/01\/img_9997-300x172.jpeg 300w\" sizes=\"auto, (max-width: 650px) 100vw, 650px\" \/><\/figure>\n","protected":false},"excerpt":{"rendered":"<p>Mart 19 \u2013da Br\u00fcsselde &#8220;Avropa tarihlerinde bar\u0131\u015f\u0131ql\u0131q. Avropa umumiy tarih\u0131n\u0131 daa yah\u015f\u0131 a\u00f1lamaq i\u00e7\u00fcn&#8221; Umumavropa leyhas\u0131 \u00e7er\u00e7ivesinde &#8220;David ve G\u00f6liaf: az say\u0131l\u0131 halqlar totalitar rejimini\u00f1 \u00fck\u00fcmi alt\u0131nda&#8221; (&#8220;David and Golliath: Small nations under the totalitarian rule&#8221;) mevzus\u0131nda halqara konferentsiya \u00f6tkerildi. Konferentsiya belli latviyal\u0131 siyaset\u00e7i, Avropa parlamentini\u00f1 deputat\u0131, Avropa halq partiyas\u0131 gruppas\u0131 b\u00fcros\u0131n\u0131\u00f1 azas\u0131, professor \u0130nese [&hellip;]<\/p>\n","protected":false},"author":1,"featured_media":0,"comment_status":"open","ping_status":"open","sticky":false,"template":"","format":"standard","meta":{"inline_featured_image":false,"footnotes":""},"categories":[265],"tags":[],"class_list":["post-36227","post","type-post","status-publish","format-standard","hentry","category-haberler"],"acf":[],"yoast_head":"<!-- This site is optimized with the Yoast SEO plugin v27.4 - https:\/\/yoast.com\/product\/yoast-seo-wordpress\/ -->\n<title>Meclis T\u0131\u015fq\u0131 al\u00e2qalar b\u00f6l\u00fcgini\u00f1 ba\u015f\u0131 Ali Hamzin Avropa parlamentinde q\u0131r\u0131mtatar halq\u0131n\u0131\u00f1 soyq\u0131r\u0131m\u0131 aqq\u0131nda \u00e7\u0131q\u0131\u015fta bulund\u0131 - \u041c\u0435\u0434\u0436\u043b\u0456\u0441<\/title>\n<meta name=\"robots\" content=\"index, follow, max-snippet:-1, max-image-preview:large, max-video-preview:-1\" \/>\n<link rel=\"canonical\" href=\"https:\/\/qtmm.org\/qt\/meclis-tisqi-alaqalar-boluginin-basi-ali-hamzin-avropa-parlamentinde-qirimtatar-halqinin-soyqirimi-aqqinda-ciqista-bulundi\/\" \/>\n<meta property=\"og:locale\" content=\"en_US\" \/>\n<meta property=\"og:type\" content=\"article\" \/>\n<meta property=\"og:title\" content=\"Meclis T\u0131\u015fq\u0131 al\u00e2qalar b\u00f6l\u00fcgini\u00f1 ba\u015f\u0131 Ali Hamzin Avropa parlamentinde q\u0131r\u0131mtatar halq\u0131n\u0131\u00f1 soyq\u0131r\u0131m\u0131 aqq\u0131nda \u00e7\u0131q\u0131\u015fta bulund\u0131 - \u041c\u0435\u0434\u0436\u043b\u0456\u0441\" \/>\n<meta property=\"og:description\" content=\"Mart 19 \u2013da Br\u00fcsselde &#8220;Avropa tarihlerinde bar\u0131\u015f\u0131ql\u0131q. Avropa umumiy tarih\u0131n\u0131 daa yah\u015f\u0131 a\u00f1lamaq i\u00e7\u00fcn&#8221; Umumavropa leyhas\u0131 \u00e7er\u00e7ivesinde &#8220;David ve G\u00f6liaf: az say\u0131l\u0131 halqlar totalitar rejimini\u00f1 \u00fck\u00fcmi alt\u0131nda&#8221; (&#8220;David and Golliath: Small nations under the totalitarian rule&#8221;) mevzus\u0131nda halqara konferentsiya \u00f6tkerildi. Konferentsiya belli latviyal\u0131 siyaset\u00e7i, Avropa parlamentini\u00f1 deputat\u0131, Avropa halq partiyas\u0131 gruppas\u0131 b\u00fcros\u0131n\u0131\u00f1 azas\u0131, professor \u0130nese [&hellip;]\" \/>\n<meta property=\"og:url\" content=\"https:\/\/qtmm.org\/qt\/meclis-tisqi-alaqalar-boluginin-basi-ali-hamzin-avropa-parlamentinde-qirimtatar-halqinin-soyqirimi-aqqinda-ciqista-bulundi\/\" \/>\n<meta property=\"og:site_name\" content=\"\u041c\u0435\u0434\u0436\u043b\u0456\u0441\" \/>\n<meta property=\"article:publisher\" content=\"https:\/\/www.facebook.com\/qtmm.info\/\" \/>\n<meta property=\"article:published_time\" content=\"2013-03-21T14:41:00+00:00\" \/>\n<meta property=\"article:modified_time\" content=\"2022-01-23T14:43:43+00:00\" \/>\n<meta property=\"og:image\" content=\"https:\/\/qtmm.org\/wp-content\/uploads\/2022\/01\/img_9954.jpeg\" \/>\n\t<meta property=\"og:image:width\" content=\"650\" \/>\n\t<meta property=\"og:image:height\" content=\"350\" \/>\n\t<meta property=\"og:image:type\" content=\"image\/jpeg\" \/>\n<meta name=\"author\" content=\"Developer\" \/>\n<meta name=\"twitter:card\" content=\"summary_large_image\" \/>\n<meta name=\"twitter:label1\" content=\"Written by\" \/>\n\t<meta name=\"twitter:data1\" content=\"Developer\" \/>\n\t<meta name=\"twitter:label2\" content=\"Est. reading time\" \/>\n\t<meta name=\"twitter:data2\" content=\"4 minutes\" \/>\n<script type=\"application\/ld+json\" class=\"yoast-schema-graph\">{\"@context\":\"https:\\\/\\\/schema.org\",\"@graph\":[{\"@type\":\"Article\",\"@id\":\"https:\\\/\\\/qtmm.org\\\/qt\\\/meclis-tisqi-alaqalar-boluginin-basi-ali-hamzin-avropa-parlamentinde-qirimtatar-halqinin-soyqirimi-aqqinda-ciqista-bulundi\\\/#article\",\"isPartOf\":{\"@id\":\"https:\\\/\\\/qtmm.org\\\/qt\\\/meclis-tisqi-alaqalar-boluginin-basi-ali-hamzin-avropa-parlamentinde-qirimtatar-halqinin-soyqirimi-aqqinda-ciqista-bulundi\\\/\"},\"author\":{\"name\":\"Developer\",\"@id\":\"https:\\\/\\\/qtmm.org\\\/qt\\\/#\\\/schema\\\/person\\\/de562469f971dec226ac06e60bbf74a7\"},\"headline\":\"Meclis T\u0131\u015fq\u0131 al\u00e2qalar b\u00f6l\u00fcgini\u00f1 ba\u015f\u0131 Ali Hamzin Avropa parlamentinde q\u0131r\u0131mtatar halq\u0131n\u0131\u00f1 soyq\u0131r\u0131m\u0131 aqq\u0131nda \u00e7\u0131q\u0131\u015fta bulund\u0131\",\"datePublished\":\"2013-03-21T14:41:00+00:00\",\"dateModified\":\"2022-01-23T14:43:43+00:00\",\"mainEntityOfPage\":{\"@id\":\"https:\\\/\\\/qtmm.org\\\/qt\\\/meclis-tisqi-alaqalar-boluginin-basi-ali-hamzin-avropa-parlamentinde-qirimtatar-halqinin-soyqirimi-aqqinda-ciqista-bulundi\\\/\"},\"wordCount\":813,\"commentCount\":0,\"publisher\":{\"@id\":\"https:\\\/\\\/qtmm.org\\\/qt\\\/#organization\"},\"image\":{\"@id\":\"https:\\\/\\\/qtmm.org\\\/qt\\\/meclis-tisqi-alaqalar-boluginin-basi-ali-hamzin-avropa-parlamentinde-qirimtatar-halqinin-soyqirimi-aqqinda-ciqista-bulundi\\\/#primaryimage\"},\"thumbnailUrl\":\"http:\\\/\\\/qtmm.org\\\/wp-content\\\/uploads\\\/2022\\\/01\\\/img_9954.jpeg\",\"articleSection\":[\"Haberler\"],\"inLanguage\":\"qt\",\"potentialAction\":[{\"@type\":\"CommentAction\",\"name\":\"Comment\",\"target\":[\"https:\\\/\\\/qtmm.org\\\/qt\\\/meclis-tisqi-alaqalar-boluginin-basi-ali-hamzin-avropa-parlamentinde-qirimtatar-halqinin-soyqirimi-aqqinda-ciqista-bulundi\\\/#respond\"]}]},{\"@type\":\"WebPage\",\"@id\":\"https:\\\/\\\/qtmm.org\\\/qt\\\/meclis-tisqi-alaqalar-boluginin-basi-ali-hamzin-avropa-parlamentinde-qirimtatar-halqinin-soyqirimi-aqqinda-ciqista-bulundi\\\/\",\"url\":\"https:\\\/\\\/qtmm.org\\\/qt\\\/meclis-tisqi-alaqalar-boluginin-basi-ali-hamzin-avropa-parlamentinde-qirimtatar-halqinin-soyqirimi-aqqinda-ciqista-bulundi\\\/\",\"name\":\"Meclis T\u0131\u015fq\u0131 al\u00e2qalar b\u00f6l\u00fcgini\u00f1 ba\u015f\u0131 Ali Hamzin Avropa parlamentinde q\u0131r\u0131mtatar halq\u0131n\u0131\u00f1 soyq\u0131r\u0131m\u0131 aqq\u0131nda \u00e7\u0131q\u0131\u015fta bulund\u0131 - \u041c\u0435\u0434\u0436\u043b\u0456\u0441\",\"isPartOf\":{\"@id\":\"https:\\\/\\\/qtmm.org\\\/qt\\\/#website\"},\"primaryImageOfPage\":{\"@id\":\"https:\\\/\\\/qtmm.org\\\/qt\\\/meclis-tisqi-alaqalar-boluginin-basi-ali-hamzin-avropa-parlamentinde-qirimtatar-halqinin-soyqirimi-aqqinda-ciqista-bulundi\\\/#primaryimage\"},\"image\":{\"@id\":\"https:\\\/\\\/qtmm.org\\\/qt\\\/meclis-tisqi-alaqalar-boluginin-basi-ali-hamzin-avropa-parlamentinde-qirimtatar-halqinin-soyqirimi-aqqinda-ciqista-bulundi\\\/#primaryimage\"},\"thumbnailUrl\":\"http:\\\/\\\/qtmm.org\\\/wp-content\\\/uploads\\\/2022\\\/01\\\/img_9954.jpeg\",\"datePublished\":\"2013-03-21T14:41:00+00:00\",\"dateModified\":\"2022-01-23T14:43:43+00:00\",\"breadcrumb\":{\"@id\":\"https:\\\/\\\/qtmm.org\\\/qt\\\/meclis-tisqi-alaqalar-boluginin-basi-ali-hamzin-avropa-parlamentinde-qirimtatar-halqinin-soyqirimi-aqqinda-ciqista-bulundi\\\/#breadcrumb\"},\"inLanguage\":\"qt\",\"potentialAction\":[{\"@type\":\"ReadAction\",\"target\":[\"https:\\\/\\\/qtmm.org\\\/qt\\\/meclis-tisqi-alaqalar-boluginin-basi-ali-hamzin-avropa-parlamentinde-qirimtatar-halqinin-soyqirimi-aqqinda-ciqista-bulundi\\\/\"]}]},{\"@type\":\"ImageObject\",\"inLanguage\":\"qt\",\"@id\":\"https:\\\/\\\/qtmm.org\\\/qt\\\/meclis-tisqi-alaqalar-boluginin-basi-ali-hamzin-avropa-parlamentinde-qirimtatar-halqinin-soyqirimi-aqqinda-ciqista-bulundi\\\/#primaryimage\",\"url\":\"http:\\\/\\\/qtmm.org\\\/wp-content\\\/uploads\\\/2022\\\/01\\\/img_9954.jpeg\",\"contentUrl\":\"http:\\\/\\\/qtmm.org\\\/wp-content\\\/uploads\\\/2022\\\/01\\\/img_9954.jpeg\"},{\"@type\":\"BreadcrumbList\",\"@id\":\"https:\\\/\\\/qtmm.org\\\/qt\\\/meclis-tisqi-alaqalar-boluginin-basi-ali-hamzin-avropa-parlamentinde-qirimtatar-halqinin-soyqirimi-aqqinda-ciqista-bulundi\\\/#breadcrumb\",\"itemListElement\":[{\"@type\":\"ListItem\",\"position\":1,\"name\":\"\u0413\u043e\u043b\u043e\u0432\u043d\u0430\",\"item\":\"https:\\\/\\\/qtmm.org\\\/qt\\\/\"},{\"@type\":\"ListItem\",\"position\":2,\"name\":\"Meclis T\u0131\u015fq\u0131 al\u00e2qalar b\u00f6l\u00fcgini\u00f1 ba\u015f\u0131 Ali Hamzin Avropa parlamentinde q\u0131r\u0131mtatar halq\u0131n\u0131\u00f1 soyq\u0131r\u0131m\u0131 aqq\u0131nda \u00e7\u0131q\u0131\u015fta bulund\u0131\"}]},{\"@type\":\"WebSite\",\"@id\":\"https:\\\/\\\/qtmm.org\\\/qt\\\/#website\",\"url\":\"https:\\\/\\\/qtmm.org\\\/qt\\\/\",\"name\":\"\u041c\u0435\u0434\u0436\u043b\u0456\u0441\",\"description\":\"\",\"publisher\":{\"@id\":\"https:\\\/\\\/qtmm.org\\\/qt\\\/#organization\"},\"potentialAction\":[{\"@type\":\"SearchAction\",\"target\":{\"@type\":\"EntryPoint\",\"urlTemplate\":\"https:\\\/\\\/qtmm.org\\\/qt\\\/?s={search_term_string}\"},\"query-input\":{\"@type\":\"PropertyValueSpecification\",\"valueRequired\":true,\"valueName\":\"search_term_string\"}}],\"inLanguage\":\"qt\"},{\"@type\":\"Organization\",\"@id\":\"https:\\\/\\\/qtmm.org\\\/qt\\\/#organization\",\"name\":\"\u041c\u0435\u0434\u0436\u043b\u0456\u0441\",\"url\":\"https:\\\/\\\/qtmm.org\\\/qt\\\/\",\"logo\":{\"@type\":\"ImageObject\",\"inLanguage\":\"qt\",\"@id\":\"https:\\\/\\\/qtmm.org\\\/qt\\\/#\\\/schema\\\/logo\\\/image\\\/\",\"url\":\"https:\\\/\\\/qtmm.org\\\/wp-content\\\/uploads\\\/2024\\\/12\\\/ua-mejlis-logo-rgb.svg\",\"contentUrl\":\"https:\\\/\\\/qtmm.org\\\/wp-content\\\/uploads\\\/2024\\\/12\\\/ua-mejlis-logo-rgb.svg\",\"caption\":\"\u041c\u0435\u0434\u0436\u043b\u0456\u0441\"},\"image\":{\"@id\":\"https:\\\/\\\/qtmm.org\\\/qt\\\/#\\\/schema\\\/logo\\\/image\\\/\"},\"sameAs\":[\"https:\\\/\\\/www.facebook.com\\\/qtmm.info\\\/\"]},{\"@type\":\"Person\",\"@id\":\"https:\\\/\\\/qtmm.org\\\/qt\\\/#\\\/schema\\\/person\\\/de562469f971dec226ac06e60bbf74a7\",\"name\":\"Developer\",\"image\":{\"@type\":\"ImageObject\",\"inLanguage\":\"qt\",\"@id\":\"https:\\\/\\\/secure.gravatar.com\\\/avatar\\\/392b4cc8fbfeb00b39dfeeab4ee6edded39ffd48e25858637e4765810300227e?s=96&d=mm&r=g\",\"url\":\"https:\\\/\\\/secure.gravatar.com\\\/avatar\\\/392b4cc8fbfeb00b39dfeeab4ee6edded39ffd48e25858637e4765810300227e?s=96&d=mm&r=g\",\"contentUrl\":\"https:\\\/\\\/secure.gravatar.com\\\/avatar\\\/392b4cc8fbfeb00b39dfeeab4ee6edded39ffd48e25858637e4765810300227e?s=96&d=mm&r=g\",\"caption\":\"Developer\"},\"url\":\"https:\\\/\\\/qtmm.org\\\/qt\\\/author\\\/Developer\\\/\"}]}<\/script>\n<!-- \/ Yoast SEO plugin. -->","yoast_head_json":{"title":"Meclis T\u0131\u015fq\u0131 al\u00e2qalar b\u00f6l\u00fcgini\u00f1 ba\u015f\u0131 Ali Hamzin Avropa parlamentinde q\u0131r\u0131mtatar halq\u0131n\u0131\u00f1 soyq\u0131r\u0131m\u0131 aqq\u0131nda \u00e7\u0131q\u0131\u015fta bulund\u0131 - \u041c\u0435\u0434\u0436\u043b\u0456\u0441","robots":{"index":"index","follow":"follow","max-snippet":"max-snippet:-1","max-image-preview":"max-image-preview:large","max-video-preview":"max-video-preview:-1"},"canonical":"https:\/\/qtmm.org\/qt\/meclis-tisqi-alaqalar-boluginin-basi-ali-hamzin-avropa-parlamentinde-qirimtatar-halqinin-soyqirimi-aqqinda-ciqista-bulundi\/","og_locale":"en_US","og_type":"article","og_title":"Meclis T\u0131\u015fq\u0131 al\u00e2qalar b\u00f6l\u00fcgini\u00f1 ba\u015f\u0131 Ali Hamzin Avropa parlamentinde q\u0131r\u0131mtatar halq\u0131n\u0131\u00f1 soyq\u0131r\u0131m\u0131 aqq\u0131nda \u00e7\u0131q\u0131\u015fta bulund\u0131 - \u041c\u0435\u0434\u0436\u043b\u0456\u0441","og_description":"Mart 19 \u2013da Br\u00fcsselde &#8220;Avropa tarihlerinde bar\u0131\u015f\u0131ql\u0131q. Avropa umumiy tarih\u0131n\u0131 daa yah\u015f\u0131 a\u00f1lamaq i\u00e7\u00fcn&#8221; Umumavropa leyhas\u0131 \u00e7er\u00e7ivesinde &#8220;David ve G\u00f6liaf: az say\u0131l\u0131 halqlar totalitar rejimini\u00f1 \u00fck\u00fcmi alt\u0131nda&#8221; (&#8220;David and Golliath: Small nations under the totalitarian rule&#8221;) mevzus\u0131nda halqara konferentsiya \u00f6tkerildi. Konferentsiya belli latviyal\u0131 siyaset\u00e7i, Avropa parlamentini\u00f1 deputat\u0131, Avropa halq partiyas\u0131 gruppas\u0131 b\u00fcros\u0131n\u0131\u00f1 azas\u0131, professor \u0130nese [&hellip;]","og_url":"https:\/\/qtmm.org\/qt\/meclis-tisqi-alaqalar-boluginin-basi-ali-hamzin-avropa-parlamentinde-qirimtatar-halqinin-soyqirimi-aqqinda-ciqista-bulundi\/","og_site_name":"\u041c\u0435\u0434\u0436\u043b\u0456\u0441","article_publisher":"https:\/\/www.facebook.com\/qtmm.info\/","article_published_time":"2013-03-21T14:41:00+00:00","article_modified_time":"2022-01-23T14:43:43+00:00","og_image":[{"width":650,"height":350,"url":"https:\/\/qtmm.org\/wp-content\/uploads\/2022\/01\/img_9954.jpeg","type":"image\/jpeg"}],"author":"Developer","twitter_card":"summary_large_image","twitter_misc":{"Written by":"Developer","Est. reading time":"4 minutes"},"schema":{"@context":"https:\/\/schema.org","@graph":[{"@type":"Article","@id":"https:\/\/qtmm.org\/qt\/meclis-tisqi-alaqalar-boluginin-basi-ali-hamzin-avropa-parlamentinde-qirimtatar-halqinin-soyqirimi-aqqinda-ciqista-bulundi\/#article","isPartOf":{"@id":"https:\/\/qtmm.org\/qt\/meclis-tisqi-alaqalar-boluginin-basi-ali-hamzin-avropa-parlamentinde-qirimtatar-halqinin-soyqirimi-aqqinda-ciqista-bulundi\/"},"author":{"name":"Developer","@id":"https:\/\/qtmm.org\/qt\/#\/schema\/person\/de562469f971dec226ac06e60bbf74a7"},"headline":"Meclis T\u0131\u015fq\u0131 al\u00e2qalar b\u00f6l\u00fcgini\u00f1 ba\u015f\u0131 Ali Hamzin Avropa parlamentinde q\u0131r\u0131mtatar halq\u0131n\u0131\u00f1 soyq\u0131r\u0131m\u0131 aqq\u0131nda \u00e7\u0131q\u0131\u015fta bulund\u0131","datePublished":"2013-03-21T14:41:00+00:00","dateModified":"2022-01-23T14:43:43+00:00","mainEntityOfPage":{"@id":"https:\/\/qtmm.org\/qt\/meclis-tisqi-alaqalar-boluginin-basi-ali-hamzin-avropa-parlamentinde-qirimtatar-halqinin-soyqirimi-aqqinda-ciqista-bulundi\/"},"wordCount":813,"commentCount":0,"publisher":{"@id":"https:\/\/qtmm.org\/qt\/#organization"},"image":{"@id":"https:\/\/qtmm.org\/qt\/meclis-tisqi-alaqalar-boluginin-basi-ali-hamzin-avropa-parlamentinde-qirimtatar-halqinin-soyqirimi-aqqinda-ciqista-bulundi\/#primaryimage"},"thumbnailUrl":"http:\/\/qtmm.org\/wp-content\/uploads\/2022\/01\/img_9954.jpeg","articleSection":["Haberler"],"inLanguage":"qt","potentialAction":[{"@type":"CommentAction","name":"Comment","target":["https:\/\/qtmm.org\/qt\/meclis-tisqi-alaqalar-boluginin-basi-ali-hamzin-avropa-parlamentinde-qirimtatar-halqinin-soyqirimi-aqqinda-ciqista-bulundi\/#respond"]}]},{"@type":"WebPage","@id":"https:\/\/qtmm.org\/qt\/meclis-tisqi-alaqalar-boluginin-basi-ali-hamzin-avropa-parlamentinde-qirimtatar-halqinin-soyqirimi-aqqinda-ciqista-bulundi\/","url":"https:\/\/qtmm.org\/qt\/meclis-tisqi-alaqalar-boluginin-basi-ali-hamzin-avropa-parlamentinde-qirimtatar-halqinin-soyqirimi-aqqinda-ciqista-bulundi\/","name":"Meclis T\u0131\u015fq\u0131 al\u00e2qalar b\u00f6l\u00fcgini\u00f1 ba\u015f\u0131 Ali Hamzin Avropa parlamentinde q\u0131r\u0131mtatar halq\u0131n\u0131\u00f1 soyq\u0131r\u0131m\u0131 aqq\u0131nda \u00e7\u0131q\u0131\u015fta bulund\u0131 - \u041c\u0435\u0434\u0436\u043b\u0456\u0441","isPartOf":{"@id":"https:\/\/qtmm.org\/qt\/#website"},"primaryImageOfPage":{"@id":"https:\/\/qtmm.org\/qt\/meclis-tisqi-alaqalar-boluginin-basi-ali-hamzin-avropa-parlamentinde-qirimtatar-halqinin-soyqirimi-aqqinda-ciqista-bulundi\/#primaryimage"},"image":{"@id":"https:\/\/qtmm.org\/qt\/meclis-tisqi-alaqalar-boluginin-basi-ali-hamzin-avropa-parlamentinde-qirimtatar-halqinin-soyqirimi-aqqinda-ciqista-bulundi\/#primaryimage"},"thumbnailUrl":"http:\/\/qtmm.org\/wp-content\/uploads\/2022\/01\/img_9954.jpeg","datePublished":"2013-03-21T14:41:00+00:00","dateModified":"2022-01-23T14:43:43+00:00","breadcrumb":{"@id":"https:\/\/qtmm.org\/qt\/meclis-tisqi-alaqalar-boluginin-basi-ali-hamzin-avropa-parlamentinde-qirimtatar-halqinin-soyqirimi-aqqinda-ciqista-bulundi\/#breadcrumb"},"inLanguage":"qt","potentialAction":[{"@type":"ReadAction","target":["https:\/\/qtmm.org\/qt\/meclis-tisqi-alaqalar-boluginin-basi-ali-hamzin-avropa-parlamentinde-qirimtatar-halqinin-soyqirimi-aqqinda-ciqista-bulundi\/"]}]},{"@type":"ImageObject","inLanguage":"qt","@id":"https:\/\/qtmm.org\/qt\/meclis-tisqi-alaqalar-boluginin-basi-ali-hamzin-avropa-parlamentinde-qirimtatar-halqinin-soyqirimi-aqqinda-ciqista-bulundi\/#primaryimage","url":"http:\/\/qtmm.org\/wp-content\/uploads\/2022\/01\/img_9954.jpeg","contentUrl":"http:\/\/qtmm.org\/wp-content\/uploads\/2022\/01\/img_9954.jpeg"},{"@type":"BreadcrumbList","@id":"https:\/\/qtmm.org\/qt\/meclis-tisqi-alaqalar-boluginin-basi-ali-hamzin-avropa-parlamentinde-qirimtatar-halqinin-soyqirimi-aqqinda-ciqista-bulundi\/#breadcrumb","itemListElement":[{"@type":"ListItem","position":1,"name":"\u0413\u043e\u043b\u043e\u0432\u043d\u0430","item":"https:\/\/qtmm.org\/qt\/"},{"@type":"ListItem","position":2,"name":"Meclis T\u0131\u015fq\u0131 al\u00e2qalar b\u00f6l\u00fcgini\u00f1 ba\u015f\u0131 Ali Hamzin Avropa parlamentinde q\u0131r\u0131mtatar halq\u0131n\u0131\u00f1 soyq\u0131r\u0131m\u0131 aqq\u0131nda \u00e7\u0131q\u0131\u015fta bulund\u0131"}]},{"@type":"WebSite","@id":"https:\/\/qtmm.org\/qt\/#website","url":"https:\/\/qtmm.org\/qt\/","name":"\u041c\u0435\u0434\u0436\u043b\u0456\u0441","description":"","publisher":{"@id":"https:\/\/qtmm.org\/qt\/#organization"},"potentialAction":[{"@type":"SearchAction","target":{"@type":"EntryPoint","urlTemplate":"https:\/\/qtmm.org\/qt\/?s={search_term_string}"},"query-input":{"@type":"PropertyValueSpecification","valueRequired":true,"valueName":"search_term_string"}}],"inLanguage":"qt"},{"@type":"Organization","@id":"https:\/\/qtmm.org\/qt\/#organization","name":"\u041c\u0435\u0434\u0436\u043b\u0456\u0441","url":"https:\/\/qtmm.org\/qt\/","logo":{"@type":"ImageObject","inLanguage":"qt","@id":"https:\/\/qtmm.org\/qt\/#\/schema\/logo\/image\/","url":"https:\/\/qtmm.org\/wp-content\/uploads\/2024\/12\/ua-mejlis-logo-rgb.svg","contentUrl":"https:\/\/qtmm.org\/wp-content\/uploads\/2024\/12\/ua-mejlis-logo-rgb.svg","caption":"\u041c\u0435\u0434\u0436\u043b\u0456\u0441"},"image":{"@id":"https:\/\/qtmm.org\/qt\/#\/schema\/logo\/image\/"},"sameAs":["https:\/\/www.facebook.com\/qtmm.info\/"]},{"@type":"Person","@id":"https:\/\/qtmm.org\/qt\/#\/schema\/person\/de562469f971dec226ac06e60bbf74a7","name":"Developer","image":{"@type":"ImageObject","inLanguage":"qt","@id":"https:\/\/secure.gravatar.com\/avatar\/392b4cc8fbfeb00b39dfeeab4ee6edded39ffd48e25858637e4765810300227e?s=96&d=mm&r=g","url":"https:\/\/secure.gravatar.com\/avatar\/392b4cc8fbfeb00b39dfeeab4ee6edded39ffd48e25858637e4765810300227e?s=96&d=mm&r=g","contentUrl":"https:\/\/secure.gravatar.com\/avatar\/392b4cc8fbfeb00b39dfeeab4ee6edded39ffd48e25858637e4765810300227e?s=96&d=mm&r=g","caption":"Developer"},"url":"https:\/\/qtmm.org\/qt\/author\/Developer\/"}]}},"_links":{"self":[{"href":"https:\/\/qtmm.org\/qt\/wp-json\/wp\/v2\/posts\/36227","targetHints":{"allow":["GET"]}}],"collection":[{"href":"https:\/\/qtmm.org\/qt\/wp-json\/wp\/v2\/posts"}],"about":[{"href":"https:\/\/qtmm.org\/qt\/wp-json\/wp\/v2\/types\/post"}],"author":[{"embeddable":true,"href":"https:\/\/qtmm.org\/qt\/wp-json\/wp\/v2\/users\/1"}],"replies":[{"embeddable":true,"href":"https:\/\/qtmm.org\/qt\/wp-json\/wp\/v2\/comments?post=36227"}],"version-history":[{"count":1,"href":"https:\/\/qtmm.org\/qt\/wp-json\/wp\/v2\/posts\/36227\/revisions"}],"predecessor-version":[{"id":36252,"href":"https:\/\/qtmm.org\/qt\/wp-json\/wp\/v2\/posts\/36227\/revisions\/36252"}],"wp:attachment":[{"href":"https:\/\/qtmm.org\/qt\/wp-json\/wp\/v2\/media?parent=36227"}],"wp:term":[{"taxonomy":"category","embeddable":true,"href":"https:\/\/qtmm.org\/qt\/wp-json\/wp\/v2\/categories?post=36227"},{"taxonomy":"post_tag","embeddable":true,"href":"https:\/\/qtmm.org\/qt\/wp-json\/wp\/v2\/tags?post=36227"}],"curies":[{"name":"wp","href":"https:\/\/api.w.org\/{rel}","templated":true}]}}