




{"id":36217,"date":"2013-03-18T17:39:00","date_gmt":"2013-03-18T14:39:00","guid":{"rendered":"http:\/\/qtmm.org\/?p=36217"},"modified":"2022-01-23T17:40:55","modified_gmt":"2022-01-23T14:40:55","slug":"meclis-reisi-mustafa-cemilev-ve-meclisnin-bir-sira-azalari-kuresken-gonuldeslik-haci-ordeninen-taqdirlendiler","status":"publish","type":"post","link":"https:\/\/qtmm.org\/qt\/meclis-reisi-mustafa-cemilev-ve-meclisnin-bir-sira-azalari-kuresken-gonuldeslik-haci-ordeninen-taqdirlendiler\/","title":{"rendered":"Meclis reisi Mustafa Cemilev ve Meclisni\u00f1 bir s\u0131ra azalar\u0131 \u00abK\u00fcre\u015fken G\u00f6\u00f1\u00fclde\u015flik Ha\u00e7\u0131\u00bb ordeninen taqdirlendiler"},"content":{"rendered":"\n<p>Mart 16 k\u00fcn\u00fc Vrotslavda &#8220;K\u00fcre\u015fken G\u00f6\u00f1\u00fclde\u015flik Cemiyeti&#8221;ni\u00f1 ofisinde Q\u0131r\u0131mtatar halq\u0131 Meclisini\u00f1 reisi, Ukraina halq deputat\u0131 Mustafa Cemilev tantanal\u0131 s\u00fcrette &#8220;K\u00fcre\u015fken G\u00f6\u00f1\u00fclde\u015flik Ha\u00e7\u0131&#8221; ordeninen taqdirlendi.<\/p>\n\n\n\n<p>Bu muk\u00e2fatqa Meclis azazalar\u0131 Zair Smedl\u00e2yev ve Ali Hamzin, &#8220;Q\u0131r\u0131m&#8221; hayriye fond\u0131n\u0131\u00f1 direktor\u0131 Riza \u015eevqiyev de nail old\u0131lar. Meclis K\u00e2tibiyetini\u00f1 ba\u015f\u0131 Zair Smedl\u00e2yev tantanal\u0131 merasimde \u015fahsen i\u015ftirak etip olamad\u0131, \u00e7\u00fcnki 2006 senesi iy\u00fcn 22-de Q\u0131r\u0131m Apell\u00e2tsion mahkemesinde &#8220;Cotton club&#8221; bar\u0131ndaki vaqia i\u015ftirak\u00e7ilerini\u00f1 i\u015fi baq\u0131l\u011fanda binan\u0131\u00f1 qar\u015f\u0131s\u0131nda &#8220;cemaat tertibini boz\u011fan\u0131 ve militsiya hadimlerine qar\u015f\u0131l\u0131q k\u00f6stergeninde&#8221; mahkeme qarar\u0131nen qabaatl\u0131 tan\u0131l\u011fan Zair Smedl\u00e2yevge yurttan \u00e7\u0131q\u0131\u015f yasaq etildi.<\/p>\n\n\n\n<p>Y\u00fcksek muk\u00e2fatlarn\u0131 &#8220;K\u00fcre\u015fken G\u00f6\u00f1\u00fclde\u015flik Cemiyeti&#8221;ni\u00f1 reisi K\u00f6rnel Moravetskiy taqdim eterken,1944 senesi may\u0131s 18 s\u00fcrg\u00fcnliginden so\u00f1 \u00f6z aqlar\u0131 o\u011frunda kommunist rejimine qar\u015f\u0131 k\u00fcre\u015fken q\u0131r\u0131mtatar halq\u0131n\u0131\u00f1 milliy areketine y\u00fcksek q\u0131ymet kesti.<\/p>\n\n\n\n<p>Meclis reisine h\u0131tap etken K\u00f6rnel Moravetskiy &#8220;K\u00fcre\u015fken G\u00f6\u00f1\u00fclde\u015flik Cemiyeti&#8221; i\u00e7\u00fcn kommunist rejimine qar\u015f\u0131 faal k\u00fcre\u015f\u00e7i Mustafa Cemilevni qabul etmek \u2013 b\u00fcy\u00fck bir \u015fereftir&#8221;, dedi. &#8220;Siz bu a\u011f\u0131r k\u00fcre\u015fte biz i\u00e7\u00fcn ilk \u00f6rnek old\u0131\u00f1\u0131z. Sizge temenna etemiz ve musaade\u00f1iznen say\u011f\u0131 ve ayretimizni ifade etmek isteymiz&#8221;, &#8211; dedi &#8220;K\u00fcre\u015fken G\u00f6\u00f1\u00fclde\u015flik Cemiyeti&#8221;ni\u00f1 reisi K\u00f6rnel Moravetskiy<\/p>\n\n\n\n<p>Muk\u00e2fatlar taqdim etilgen so\u00f1 merasim i\u015ftirak\u00e7ileri \u00f6g\u00fcnde Meclis reisi Mustafa Cemilev \u00e7\u0131q\u0131\u015fta bulund\u0131. O, da \u00f6z nevbetinde Q\u0131r\u0131mtatar halq\u0131 vek\u00e2letli organ\u0131n\u0131\u00f1 vekillerini b\u00f6yle nufuzl\u0131 ordenge l\u00e2y\u0131q k\u00f6rgenleri i\u00e7\u00fcn &#8220;K\u00fcre\u015fken G\u00f6\u00f1\u00fclde\u015flik Cemiyeti&#8221;ni\u00f1 yolba\u015f\u00e7\u0131lar\u0131na teren minnetdarl\u0131\u011f\u0131n\u0131 bildirdi.<\/p>\n\n\n\n<p>&#8220;Poloniyal\u0131lar ve q\u0131r\u0131mtatar halq\u0131n\u0131 daima facial\u0131 ve mustaqillik o\u011frunda \u015fanl\u0131 vaqialarnen tolu bir taqdir ba\u011flad\u0131. Ve bug\u00fcn biz epimiz birle\u015fip, Ukrainan\u0131\u00f1 Avropa Birligi halqlar\u0131n\u0131\u00f1 ailesine qat\u0131lmaq kibi miuim meseleni \u00e7ez\u00fcvde beraber olmaq kerekmiz. Eminim ki, biz ukrain, leh ve q\u0131r\u0131mtatar halq\u0131n\u0131 daa ziyade birle\u015ftirgen \u011falebeni elde etermiz&#8221;, &#8211; dedi Meclis yolba\u015f\u00e7\u0131s\u0131.<\/p>\n\n\n\n<figure class=\"wp-block-image size-full\"><img loading=\"lazy\" decoding=\"async\" width=\"800\" height=\"533\" src=\"http:\/\/qtmm.org\/wp-content\/uploads\/2022\/01\/img_3985.jpeg\" alt=\"\" class=\"wp-image-36222\" srcset=\"https:\/\/qtmm.org\/wp-content\/uploads\/2022\/01\/img_3985.jpeg 800w, https:\/\/qtmm.org\/wp-content\/uploads\/2022\/01\/img_3985-300x200.jpeg 300w, https:\/\/qtmm.org\/wp-content\/uploads\/2022\/01\/img_3985-768x512.jpeg 768w\" sizes=\"auto, (max-width: 800px) 100vw, 800px\" \/><\/figure>\n\n\n\n<p>Tantanal\u0131 merasimni\u00f1 so\u00f1unda Meclis reisi Mustafa Cemilev ve &#8220;K\u00fcre\u015fken G\u00f6\u00f1\u00fclde\u015flik Cemiyeti&#8221;ni\u00f1 reisi K\u00f6rnel Moravetskiy Q\u0131r\u0131mtatar halq\u0131n\u0131\u00f1 meclisi ve &#8220;K\u00fcre\u015fken G\u00f6\u00f1\u00fclde\u015flik Cemiyeti&#8221;ni\u00f1 i\u015fbirligi aqq\u0131nda Deklaratsiyan\u0131 imzalad\u0131lar.<\/p>\n\n\n\n<p>Deklaratsiyan\u0131\u00f1 1-nci maddesine binaen Q\u0131r\u0131mtatar halq\u0131n\u0131\u00f1 meclisi ve &#8220;K\u00fcre\u015fken G\u00f6\u00f1\u00fclde\u015flik Cemiyeti&#8221;ni\u00f1 daimiy informatsion haberle\u015fmesini teminlemek maqsad\u0131nda er eki taraftan d\u00f6rter insandan ibaret Daimiy Koordinatsion gruppa meydan\u011fa ketirildi.<\/p>\n\n\n\n<p>Q\u0131r\u0131mtatar halq\u0131n\u0131\u00f1 meclisi koordinatsion gruppa\u011fa Meclis reisini\u00f1 birinci muavini Refat \u00c7ubarov ve T\u0131\u015fq\u0131 al\u00e2qalar b\u00f6l\u00fcgini\u00f1 ba\u015f\u0131 Ali Hamzinni delege ete. &#8220;K\u00fcre\u015fken G\u00f6\u00f1\u00fclde\u015flik Cemiyeti&#8221;ni gruppada<\/p>\n\n\n\n<p>Petr Hlebovi\u00e7 ve Nikolay \u0130vanov temsil etecekler.<\/p>\n\n\n\n<p>Mart 18 k\u00fcn\u00fc Var\u015favada bun\u0131\u00f1 kibi de Meclis yolba\u015f\u00e7\u0131s\u0131 Mustafa Cemilev \u015earqiy Avropada demokratiya i\u00e7\u00fcn institutn\u0131\u00f1 prezidenti \u0130rena Lasoto ile k\u00f6r\u00fc\u015fti.<\/p>\n","protected":false},"excerpt":{"rendered":"<p>Mart 16 k\u00fcn\u00fc Vrotslavda &#8220;K\u00fcre\u015fken G\u00f6\u00f1\u00fclde\u015flik Cemiyeti&#8221;ni\u00f1 ofisinde Q\u0131r\u0131mtatar halq\u0131 Meclisini\u00f1 reisi, Ukraina halq deputat\u0131 Mustafa Cemilev tantanal\u0131 s\u00fcrette &#8220;K\u00fcre\u015fken G\u00f6\u00f1\u00fclde\u015flik Ha\u00e7\u0131&#8221; ordeninen taqdirlendi. Bu muk\u00e2fatqa Meclis azazalar\u0131 Zair Smedl\u00e2yev ve Ali Hamzin, &#8220;Q\u0131r\u0131m&#8221; hayriye fond\u0131n\u0131\u00f1 direktor\u0131 Riza \u015eevqiyev de nail old\u0131lar. Meclis K\u00e2tibiyetini\u00f1 ba\u015f\u0131 Zair Smedl\u00e2yev tantanal\u0131 merasimde \u015fahsen i\u015ftirak etip olamad\u0131, \u00e7\u00fcnki 2006 [&hellip;]<\/p>\n","protected":false},"author":1,"featured_media":36218,"comment_status":"open","ping_status":"open","sticky":false,"template":"","format":"standard","meta":{"inline_featured_image":false,"footnotes":""},"categories":[265],"tags":[],"class_list":["post-36217","post","type-post","status-publish","format-standard","has-post-thumbnail","hentry","category-haberler"],"acf":[],"yoast_head":"<!-- This site is optimized with the Yoast SEO plugin v27.4 - https:\/\/yoast.com\/product\/yoast-seo-wordpress\/ -->\n<title>Meclis reisi Mustafa Cemilev ve Meclisni\u00f1 bir s\u0131ra azalar\u0131 \u00abK\u00fcre\u015fken G\u00f6\u00f1\u00fclde\u015flik Ha\u00e7\u0131\u00bb ordeninen taqdirlendiler - \u041c\u0435\u0434\u0436\u043b\u0456\u0441<\/title>\n<meta name=\"robots\" content=\"index, follow, max-snippet:-1, max-image-preview:large, max-video-preview:-1\" \/>\n<link rel=\"canonical\" href=\"https:\/\/qtmm.org\/qt\/meclis-reisi-mustafa-cemilev-ve-meclisnin-bir-sira-azalari-kuresken-gonuldeslik-haci-ordeninen-taqdirlendiler\/\" \/>\n<meta property=\"og:locale\" content=\"en_US\" \/>\n<meta property=\"og:type\" content=\"article\" \/>\n<meta property=\"og:title\" content=\"Meclis reisi Mustafa Cemilev ve Meclisni\u00f1 bir s\u0131ra azalar\u0131 \u00abK\u00fcre\u015fken G\u00f6\u00f1\u00fclde\u015flik Ha\u00e7\u0131\u00bb ordeninen taqdirlendiler - \u041c\u0435\u0434\u0436\u043b\u0456\u0441\" \/>\n<meta property=\"og:description\" content=\"Mart 16 k\u00fcn\u00fc Vrotslavda &#8220;K\u00fcre\u015fken G\u00f6\u00f1\u00fclde\u015flik Cemiyeti&#8221;ni\u00f1 ofisinde Q\u0131r\u0131mtatar halq\u0131 Meclisini\u00f1 reisi, Ukraina halq deputat\u0131 Mustafa Cemilev tantanal\u0131 s\u00fcrette &#8220;K\u00fcre\u015fken G\u00f6\u00f1\u00fclde\u015flik Ha\u00e7\u0131&#8221; ordeninen taqdirlendi. Bu muk\u00e2fatqa Meclis azazalar\u0131 Zair Smedl\u00e2yev ve Ali Hamzin, &#8220;Q\u0131r\u0131m&#8221; hayriye fond\u0131n\u0131\u00f1 direktor\u0131 Riza \u015eevqiyev de nail old\u0131lar. Meclis K\u00e2tibiyetini\u00f1 ba\u015f\u0131 Zair Smedl\u00e2yev tantanal\u0131 merasimde \u015fahsen i\u015ftirak etip olamad\u0131, \u00e7\u00fcnki 2006 [&hellip;]\" \/>\n<meta property=\"og:url\" content=\"https:\/\/qtmm.org\/qt\/meclis-reisi-mustafa-cemilev-ve-meclisnin-bir-sira-azalari-kuresken-gonuldeslik-haci-ordeninen-taqdirlendiler\/\" \/>\n<meta property=\"og:site_name\" content=\"\u041c\u0435\u0434\u0436\u043b\u0456\u0441\" \/>\n<meta property=\"article:publisher\" content=\"https:\/\/www.facebook.com\/qtmm.info\/\" \/>\n<meta property=\"article:published_time\" content=\"2013-03-18T14:39:00+00:00\" \/>\n<meta property=\"article:modified_time\" content=\"2022-01-23T14:40:55+00:00\" \/>\n<meta property=\"og:image\" content=\"https:\/\/qtmm.org\/wp-content\/uploads\/2022\/01\/img_4054.jpeg\" \/>\n\t<meta property=\"og:image:width\" content=\"800\" \/>\n\t<meta property=\"og:image:height\" content=\"533\" \/>\n\t<meta property=\"og:image:type\" content=\"image\/jpeg\" \/>\n<meta name=\"author\" content=\"Developer\" \/>\n<meta name=\"twitter:card\" content=\"summary_large_image\" \/>\n<meta name=\"twitter:label1\" content=\"Written by\" \/>\n\t<meta name=\"twitter:data1\" content=\"Developer\" \/>\n\t<meta name=\"twitter:label2\" content=\"Est. reading time\" \/>\n\t<meta name=\"twitter:data2\" content=\"3 minutes\" \/>\n<script type=\"application\/ld+json\" class=\"yoast-schema-graph\">{\"@context\":\"https:\\\/\\\/schema.org\",\"@graph\":[{\"@type\":\"Article\",\"@id\":\"https:\\\/\\\/qtmm.org\\\/qt\\\/meclis-reisi-mustafa-cemilev-ve-meclisnin-bir-sira-azalari-kuresken-gonuldeslik-haci-ordeninen-taqdirlendiler\\\/#article\",\"isPartOf\":{\"@id\":\"https:\\\/\\\/qtmm.org\\\/qt\\\/meclis-reisi-mustafa-cemilev-ve-meclisnin-bir-sira-azalari-kuresken-gonuldeslik-haci-ordeninen-taqdirlendiler\\\/\"},\"author\":{\"name\":\"Developer\",\"@id\":\"https:\\\/\\\/qtmm.org\\\/qt\\\/#\\\/schema\\\/person\\\/de562469f971dec226ac06e60bbf74a7\"},\"headline\":\"Meclis reisi Mustafa Cemilev ve Meclisni\u00f1 bir s\u0131ra azalar\u0131 \u00abK\u00fcre\u015fken G\u00f6\u00f1\u00fclde\u015flik Ha\u00e7\u0131\u00bb ordeninen taqdirlendiler\",\"datePublished\":\"2013-03-18T14:39:00+00:00\",\"dateModified\":\"2022-01-23T14:40:55+00:00\",\"mainEntityOfPage\":{\"@id\":\"https:\\\/\\\/qtmm.org\\\/qt\\\/meclis-reisi-mustafa-cemilev-ve-meclisnin-bir-sira-azalari-kuresken-gonuldeslik-haci-ordeninen-taqdirlendiler\\\/\"},\"wordCount\":544,\"commentCount\":0,\"publisher\":{\"@id\":\"https:\\\/\\\/qtmm.org\\\/qt\\\/#organization\"},\"image\":{\"@id\":\"https:\\\/\\\/qtmm.org\\\/qt\\\/meclis-reisi-mustafa-cemilev-ve-meclisnin-bir-sira-azalari-kuresken-gonuldeslik-haci-ordeninen-taqdirlendiler\\\/#primaryimage\"},\"thumbnailUrl\":\"https:\\\/\\\/qtmm.org\\\/wp-content\\\/uploads\\\/2022\\\/01\\\/img_4054.jpeg\",\"articleSection\":[\"Haberler\"],\"inLanguage\":\"qt\",\"potentialAction\":[{\"@type\":\"CommentAction\",\"name\":\"Comment\",\"target\":[\"https:\\\/\\\/qtmm.org\\\/qt\\\/meclis-reisi-mustafa-cemilev-ve-meclisnin-bir-sira-azalari-kuresken-gonuldeslik-haci-ordeninen-taqdirlendiler\\\/#respond\"]}]},{\"@type\":\"WebPage\",\"@id\":\"https:\\\/\\\/qtmm.org\\\/qt\\\/meclis-reisi-mustafa-cemilev-ve-meclisnin-bir-sira-azalari-kuresken-gonuldeslik-haci-ordeninen-taqdirlendiler\\\/\",\"url\":\"https:\\\/\\\/qtmm.org\\\/qt\\\/meclis-reisi-mustafa-cemilev-ve-meclisnin-bir-sira-azalari-kuresken-gonuldeslik-haci-ordeninen-taqdirlendiler\\\/\",\"name\":\"Meclis reisi Mustafa Cemilev ve Meclisni\u00f1 bir s\u0131ra azalar\u0131 \u00abK\u00fcre\u015fken G\u00f6\u00f1\u00fclde\u015flik Ha\u00e7\u0131\u00bb ordeninen taqdirlendiler - \u041c\u0435\u0434\u0436\u043b\u0456\u0441\",\"isPartOf\":{\"@id\":\"https:\\\/\\\/qtmm.org\\\/qt\\\/#website\"},\"primaryImageOfPage\":{\"@id\":\"https:\\\/\\\/qtmm.org\\\/qt\\\/meclis-reisi-mustafa-cemilev-ve-meclisnin-bir-sira-azalari-kuresken-gonuldeslik-haci-ordeninen-taqdirlendiler\\\/#primaryimage\"},\"image\":{\"@id\":\"https:\\\/\\\/qtmm.org\\\/qt\\\/meclis-reisi-mustafa-cemilev-ve-meclisnin-bir-sira-azalari-kuresken-gonuldeslik-haci-ordeninen-taqdirlendiler\\\/#primaryimage\"},\"thumbnailUrl\":\"https:\\\/\\\/qtmm.org\\\/wp-content\\\/uploads\\\/2022\\\/01\\\/img_4054.jpeg\",\"datePublished\":\"2013-03-18T14:39:00+00:00\",\"dateModified\":\"2022-01-23T14:40:55+00:00\",\"breadcrumb\":{\"@id\":\"https:\\\/\\\/qtmm.org\\\/qt\\\/meclis-reisi-mustafa-cemilev-ve-meclisnin-bir-sira-azalari-kuresken-gonuldeslik-haci-ordeninen-taqdirlendiler\\\/#breadcrumb\"},\"inLanguage\":\"qt\",\"potentialAction\":[{\"@type\":\"ReadAction\",\"target\":[\"https:\\\/\\\/qtmm.org\\\/qt\\\/meclis-reisi-mustafa-cemilev-ve-meclisnin-bir-sira-azalari-kuresken-gonuldeslik-haci-ordeninen-taqdirlendiler\\\/\"]}]},{\"@type\":\"ImageObject\",\"inLanguage\":\"qt\",\"@id\":\"https:\\\/\\\/qtmm.org\\\/qt\\\/meclis-reisi-mustafa-cemilev-ve-meclisnin-bir-sira-azalari-kuresken-gonuldeslik-haci-ordeninen-taqdirlendiler\\\/#primaryimage\",\"url\":\"https:\\\/\\\/qtmm.org\\\/wp-content\\\/uploads\\\/2022\\\/01\\\/img_4054.jpeg\",\"contentUrl\":\"https:\\\/\\\/qtmm.org\\\/wp-content\\\/uploads\\\/2022\\\/01\\\/img_4054.jpeg\",\"width\":800,\"height\":533},{\"@type\":\"BreadcrumbList\",\"@id\":\"https:\\\/\\\/qtmm.org\\\/qt\\\/meclis-reisi-mustafa-cemilev-ve-meclisnin-bir-sira-azalari-kuresken-gonuldeslik-haci-ordeninen-taqdirlendiler\\\/#breadcrumb\",\"itemListElement\":[{\"@type\":\"ListItem\",\"position\":1,\"name\":\"\u0413\u043e\u043b\u043e\u0432\u043d\u0430\",\"item\":\"https:\\\/\\\/qtmm.org\\\/qt\\\/\"},{\"@type\":\"ListItem\",\"position\":2,\"name\":\"Meclis reisi Mustafa Cemilev ve Meclisni\u00f1 bir s\u0131ra azalar\u0131 \u00abK\u00fcre\u015fken G\u00f6\u00f1\u00fclde\u015flik Ha\u00e7\u0131\u00bb ordeninen taqdirlendiler\"}]},{\"@type\":\"WebSite\",\"@id\":\"https:\\\/\\\/qtmm.org\\\/qt\\\/#website\",\"url\":\"https:\\\/\\\/qtmm.org\\\/qt\\\/\",\"name\":\"\u041c\u0435\u0434\u0436\u043b\u0456\u0441\",\"description\":\"\",\"publisher\":{\"@id\":\"https:\\\/\\\/qtmm.org\\\/qt\\\/#organization\"},\"potentialAction\":[{\"@type\":\"SearchAction\",\"target\":{\"@type\":\"EntryPoint\",\"urlTemplate\":\"https:\\\/\\\/qtmm.org\\\/qt\\\/?s={search_term_string}\"},\"query-input\":{\"@type\":\"PropertyValueSpecification\",\"valueRequired\":true,\"valueName\":\"search_term_string\"}}],\"inLanguage\":\"qt\"},{\"@type\":\"Organization\",\"@id\":\"https:\\\/\\\/qtmm.org\\\/qt\\\/#organization\",\"name\":\"\u041c\u0435\u0434\u0436\u043b\u0456\u0441\",\"url\":\"https:\\\/\\\/qtmm.org\\\/qt\\\/\",\"logo\":{\"@type\":\"ImageObject\",\"inLanguage\":\"qt\",\"@id\":\"https:\\\/\\\/qtmm.org\\\/qt\\\/#\\\/schema\\\/logo\\\/image\\\/\",\"url\":\"https:\\\/\\\/qtmm.org\\\/wp-content\\\/uploads\\\/2024\\\/12\\\/ua-mejlis-logo-rgb.svg\",\"contentUrl\":\"https:\\\/\\\/qtmm.org\\\/wp-content\\\/uploads\\\/2024\\\/12\\\/ua-mejlis-logo-rgb.svg\",\"caption\":\"\u041c\u0435\u0434\u0436\u043b\u0456\u0441\"},\"image\":{\"@id\":\"https:\\\/\\\/qtmm.org\\\/qt\\\/#\\\/schema\\\/logo\\\/image\\\/\"},\"sameAs\":[\"https:\\\/\\\/www.facebook.com\\\/qtmm.info\\\/\"]},{\"@type\":\"Person\",\"@id\":\"https:\\\/\\\/qtmm.org\\\/qt\\\/#\\\/schema\\\/person\\\/de562469f971dec226ac06e60bbf74a7\",\"name\":\"Developer\",\"image\":{\"@type\":\"ImageObject\",\"inLanguage\":\"qt\",\"@id\":\"https:\\\/\\\/secure.gravatar.com\\\/avatar\\\/392b4cc8fbfeb00b39dfeeab4ee6edded39ffd48e25858637e4765810300227e?s=96&d=mm&r=g\",\"url\":\"https:\\\/\\\/secure.gravatar.com\\\/avatar\\\/392b4cc8fbfeb00b39dfeeab4ee6edded39ffd48e25858637e4765810300227e?s=96&d=mm&r=g\",\"contentUrl\":\"https:\\\/\\\/secure.gravatar.com\\\/avatar\\\/392b4cc8fbfeb00b39dfeeab4ee6edded39ffd48e25858637e4765810300227e?s=96&d=mm&r=g\",\"caption\":\"Developer\"},\"url\":\"https:\\\/\\\/qtmm.org\\\/qt\\\/author\\\/Developer\\\/\"}]}<\/script>\n<!-- \/ Yoast SEO plugin. -->","yoast_head_json":{"title":"Meclis reisi Mustafa Cemilev ve Meclisni\u00f1 bir s\u0131ra azalar\u0131 \u00abK\u00fcre\u015fken G\u00f6\u00f1\u00fclde\u015flik Ha\u00e7\u0131\u00bb ordeninen taqdirlendiler - \u041c\u0435\u0434\u0436\u043b\u0456\u0441","robots":{"index":"index","follow":"follow","max-snippet":"max-snippet:-1","max-image-preview":"max-image-preview:large","max-video-preview":"max-video-preview:-1"},"canonical":"https:\/\/qtmm.org\/qt\/meclis-reisi-mustafa-cemilev-ve-meclisnin-bir-sira-azalari-kuresken-gonuldeslik-haci-ordeninen-taqdirlendiler\/","og_locale":"en_US","og_type":"article","og_title":"Meclis reisi Mustafa Cemilev ve Meclisni\u00f1 bir s\u0131ra azalar\u0131 \u00abK\u00fcre\u015fken G\u00f6\u00f1\u00fclde\u015flik Ha\u00e7\u0131\u00bb ordeninen taqdirlendiler - \u041c\u0435\u0434\u0436\u043b\u0456\u0441","og_description":"Mart 16 k\u00fcn\u00fc Vrotslavda &#8220;K\u00fcre\u015fken G\u00f6\u00f1\u00fclde\u015flik Cemiyeti&#8221;ni\u00f1 ofisinde Q\u0131r\u0131mtatar halq\u0131 Meclisini\u00f1 reisi, Ukraina halq deputat\u0131 Mustafa Cemilev tantanal\u0131 s\u00fcrette &#8220;K\u00fcre\u015fken G\u00f6\u00f1\u00fclde\u015flik Ha\u00e7\u0131&#8221; ordeninen taqdirlendi. Bu muk\u00e2fatqa Meclis azazalar\u0131 Zair Smedl\u00e2yev ve Ali Hamzin, &#8220;Q\u0131r\u0131m&#8221; hayriye fond\u0131n\u0131\u00f1 direktor\u0131 Riza \u015eevqiyev de nail old\u0131lar. Meclis K\u00e2tibiyetini\u00f1 ba\u015f\u0131 Zair Smedl\u00e2yev tantanal\u0131 merasimde \u015fahsen i\u015ftirak etip olamad\u0131, \u00e7\u00fcnki 2006 [&hellip;]","og_url":"https:\/\/qtmm.org\/qt\/meclis-reisi-mustafa-cemilev-ve-meclisnin-bir-sira-azalari-kuresken-gonuldeslik-haci-ordeninen-taqdirlendiler\/","og_site_name":"\u041c\u0435\u0434\u0436\u043b\u0456\u0441","article_publisher":"https:\/\/www.facebook.com\/qtmm.info\/","article_published_time":"2013-03-18T14:39:00+00:00","article_modified_time":"2022-01-23T14:40:55+00:00","og_image":[{"width":800,"height":533,"url":"https:\/\/qtmm.org\/wp-content\/uploads\/2022\/01\/img_4054.jpeg","type":"image\/jpeg"}],"author":"Developer","twitter_card":"summary_large_image","twitter_misc":{"Written by":"Developer","Est. reading time":"3 minutes"},"schema":{"@context":"https:\/\/schema.org","@graph":[{"@type":"Article","@id":"https:\/\/qtmm.org\/qt\/meclis-reisi-mustafa-cemilev-ve-meclisnin-bir-sira-azalari-kuresken-gonuldeslik-haci-ordeninen-taqdirlendiler\/#article","isPartOf":{"@id":"https:\/\/qtmm.org\/qt\/meclis-reisi-mustafa-cemilev-ve-meclisnin-bir-sira-azalari-kuresken-gonuldeslik-haci-ordeninen-taqdirlendiler\/"},"author":{"name":"Developer","@id":"https:\/\/qtmm.org\/qt\/#\/schema\/person\/de562469f971dec226ac06e60bbf74a7"},"headline":"Meclis reisi Mustafa Cemilev ve Meclisni\u00f1 bir s\u0131ra azalar\u0131 \u00abK\u00fcre\u015fken G\u00f6\u00f1\u00fclde\u015flik Ha\u00e7\u0131\u00bb ordeninen taqdirlendiler","datePublished":"2013-03-18T14:39:00+00:00","dateModified":"2022-01-23T14:40:55+00:00","mainEntityOfPage":{"@id":"https:\/\/qtmm.org\/qt\/meclis-reisi-mustafa-cemilev-ve-meclisnin-bir-sira-azalari-kuresken-gonuldeslik-haci-ordeninen-taqdirlendiler\/"},"wordCount":544,"commentCount":0,"publisher":{"@id":"https:\/\/qtmm.org\/qt\/#organization"},"image":{"@id":"https:\/\/qtmm.org\/qt\/meclis-reisi-mustafa-cemilev-ve-meclisnin-bir-sira-azalari-kuresken-gonuldeslik-haci-ordeninen-taqdirlendiler\/#primaryimage"},"thumbnailUrl":"https:\/\/qtmm.org\/wp-content\/uploads\/2022\/01\/img_4054.jpeg","articleSection":["Haberler"],"inLanguage":"qt","potentialAction":[{"@type":"CommentAction","name":"Comment","target":["https:\/\/qtmm.org\/qt\/meclis-reisi-mustafa-cemilev-ve-meclisnin-bir-sira-azalari-kuresken-gonuldeslik-haci-ordeninen-taqdirlendiler\/#respond"]}]},{"@type":"WebPage","@id":"https:\/\/qtmm.org\/qt\/meclis-reisi-mustafa-cemilev-ve-meclisnin-bir-sira-azalari-kuresken-gonuldeslik-haci-ordeninen-taqdirlendiler\/","url":"https:\/\/qtmm.org\/qt\/meclis-reisi-mustafa-cemilev-ve-meclisnin-bir-sira-azalari-kuresken-gonuldeslik-haci-ordeninen-taqdirlendiler\/","name":"Meclis reisi Mustafa Cemilev ve Meclisni\u00f1 bir s\u0131ra azalar\u0131 \u00abK\u00fcre\u015fken G\u00f6\u00f1\u00fclde\u015flik Ha\u00e7\u0131\u00bb ordeninen taqdirlendiler - \u041c\u0435\u0434\u0436\u043b\u0456\u0441","isPartOf":{"@id":"https:\/\/qtmm.org\/qt\/#website"},"primaryImageOfPage":{"@id":"https:\/\/qtmm.org\/qt\/meclis-reisi-mustafa-cemilev-ve-meclisnin-bir-sira-azalari-kuresken-gonuldeslik-haci-ordeninen-taqdirlendiler\/#primaryimage"},"image":{"@id":"https:\/\/qtmm.org\/qt\/meclis-reisi-mustafa-cemilev-ve-meclisnin-bir-sira-azalari-kuresken-gonuldeslik-haci-ordeninen-taqdirlendiler\/#primaryimage"},"thumbnailUrl":"https:\/\/qtmm.org\/wp-content\/uploads\/2022\/01\/img_4054.jpeg","datePublished":"2013-03-18T14:39:00+00:00","dateModified":"2022-01-23T14:40:55+00:00","breadcrumb":{"@id":"https:\/\/qtmm.org\/qt\/meclis-reisi-mustafa-cemilev-ve-meclisnin-bir-sira-azalari-kuresken-gonuldeslik-haci-ordeninen-taqdirlendiler\/#breadcrumb"},"inLanguage":"qt","potentialAction":[{"@type":"ReadAction","target":["https:\/\/qtmm.org\/qt\/meclis-reisi-mustafa-cemilev-ve-meclisnin-bir-sira-azalari-kuresken-gonuldeslik-haci-ordeninen-taqdirlendiler\/"]}]},{"@type":"ImageObject","inLanguage":"qt","@id":"https:\/\/qtmm.org\/qt\/meclis-reisi-mustafa-cemilev-ve-meclisnin-bir-sira-azalari-kuresken-gonuldeslik-haci-ordeninen-taqdirlendiler\/#primaryimage","url":"https:\/\/qtmm.org\/wp-content\/uploads\/2022\/01\/img_4054.jpeg","contentUrl":"https:\/\/qtmm.org\/wp-content\/uploads\/2022\/01\/img_4054.jpeg","width":800,"height":533},{"@type":"BreadcrumbList","@id":"https:\/\/qtmm.org\/qt\/meclis-reisi-mustafa-cemilev-ve-meclisnin-bir-sira-azalari-kuresken-gonuldeslik-haci-ordeninen-taqdirlendiler\/#breadcrumb","itemListElement":[{"@type":"ListItem","position":1,"name":"\u0413\u043e\u043b\u043e\u0432\u043d\u0430","item":"https:\/\/qtmm.org\/qt\/"},{"@type":"ListItem","position":2,"name":"Meclis reisi Mustafa Cemilev ve Meclisni\u00f1 bir s\u0131ra azalar\u0131 \u00abK\u00fcre\u015fken G\u00f6\u00f1\u00fclde\u015flik Ha\u00e7\u0131\u00bb ordeninen taqdirlendiler"}]},{"@type":"WebSite","@id":"https:\/\/qtmm.org\/qt\/#website","url":"https:\/\/qtmm.org\/qt\/","name":"\u041c\u0435\u0434\u0436\u043b\u0456\u0441","description":"","publisher":{"@id":"https:\/\/qtmm.org\/qt\/#organization"},"potentialAction":[{"@type":"SearchAction","target":{"@type":"EntryPoint","urlTemplate":"https:\/\/qtmm.org\/qt\/?s={search_term_string}"},"query-input":{"@type":"PropertyValueSpecification","valueRequired":true,"valueName":"search_term_string"}}],"inLanguage":"qt"},{"@type":"Organization","@id":"https:\/\/qtmm.org\/qt\/#organization","name":"\u041c\u0435\u0434\u0436\u043b\u0456\u0441","url":"https:\/\/qtmm.org\/qt\/","logo":{"@type":"ImageObject","inLanguage":"qt","@id":"https:\/\/qtmm.org\/qt\/#\/schema\/logo\/image\/","url":"https:\/\/qtmm.org\/wp-content\/uploads\/2024\/12\/ua-mejlis-logo-rgb.svg","contentUrl":"https:\/\/qtmm.org\/wp-content\/uploads\/2024\/12\/ua-mejlis-logo-rgb.svg","caption":"\u041c\u0435\u0434\u0436\u043b\u0456\u0441"},"image":{"@id":"https:\/\/qtmm.org\/qt\/#\/schema\/logo\/image\/"},"sameAs":["https:\/\/www.facebook.com\/qtmm.info\/"]},{"@type":"Person","@id":"https:\/\/qtmm.org\/qt\/#\/schema\/person\/de562469f971dec226ac06e60bbf74a7","name":"Developer","image":{"@type":"ImageObject","inLanguage":"qt","@id":"https:\/\/secure.gravatar.com\/avatar\/392b4cc8fbfeb00b39dfeeab4ee6edded39ffd48e25858637e4765810300227e?s=96&d=mm&r=g","url":"https:\/\/secure.gravatar.com\/avatar\/392b4cc8fbfeb00b39dfeeab4ee6edded39ffd48e25858637e4765810300227e?s=96&d=mm&r=g","contentUrl":"https:\/\/secure.gravatar.com\/avatar\/392b4cc8fbfeb00b39dfeeab4ee6edded39ffd48e25858637e4765810300227e?s=96&d=mm&r=g","caption":"Developer"},"url":"https:\/\/qtmm.org\/qt\/author\/Developer\/"}]}},"_links":{"self":[{"href":"https:\/\/qtmm.org\/qt\/wp-json\/wp\/v2\/posts\/36217","targetHints":{"allow":["GET"]}}],"collection":[{"href":"https:\/\/qtmm.org\/qt\/wp-json\/wp\/v2\/posts"}],"about":[{"href":"https:\/\/qtmm.org\/qt\/wp-json\/wp\/v2\/types\/post"}],"author":[{"embeddable":true,"href":"https:\/\/qtmm.org\/qt\/wp-json\/wp\/v2\/users\/1"}],"replies":[{"embeddable":true,"href":"https:\/\/qtmm.org\/qt\/wp-json\/wp\/v2\/comments?post=36217"}],"version-history":[{"count":1,"href":"https:\/\/qtmm.org\/qt\/wp-json\/wp\/v2\/posts\/36217\/revisions"}],"predecessor-version":[{"id":36226,"href":"https:\/\/qtmm.org\/qt\/wp-json\/wp\/v2\/posts\/36217\/revisions\/36226"}],"wp:featuredmedia":[{"embeddable":true,"href":"https:\/\/qtmm.org\/qt\/wp-json\/wp\/v2\/media\/36218"}],"wp:attachment":[{"href":"https:\/\/qtmm.org\/qt\/wp-json\/wp\/v2\/media?parent=36217"}],"wp:term":[{"taxonomy":"category","embeddable":true,"href":"https:\/\/qtmm.org\/qt\/wp-json\/wp\/v2\/categories?post=36217"},{"taxonomy":"post_tag","embeddable":true,"href":"https:\/\/qtmm.org\/qt\/wp-json\/wp\/v2\/tags?post=36217"}],"curies":[{"name":"wp","href":"https:\/\/api.w.org\/{rel}","templated":true}]}}