




{"id":36215,"date":"2013-03-15T17:38:00","date_gmt":"2013-03-15T14:38:00","guid":{"rendered":"http:\/\/qtmm.org\/?p=36215"},"modified":"2022-01-23T17:39:07","modified_gmt":"2022-01-23T14:39:07","slug":"alraid-ve-kiyevdeki-qirimtatarlar-cemiyeti-isbirlik-aqqinda-anlasma-imzaladilar","status":"publish","type":"post","link":"https:\/\/qtmm.org\/qt\/alraid-ve-kiyevdeki-qirimtatarlar-cemiyeti-isbirlik-aqqinda-anlasma-imzaladilar\/","title":{"rendered":"&#8220;Alraid&#8221; ve Kiyevdeki q\u0131r\u0131mtatarlar cemiyeti i\u015fbirlik aqq\u0131nda a\u00f1la\u015fma imzalad\u0131lar"},"content":{"rendered":"\n<p>2013 senesi mart 13 k\u00fcn\u00fc\u00a0<a rel=\"noreferrer noopener\" href=\"http:\/\/www.arraid.org\/en\" target=\"_blank\">&#8220;Alraid&#8221;<\/a>\u00a0cemaat te\u015fkil\u00e2tlar\u0131 birligini\u00f1 ba\u015f\u0131 Basil Marei ve\u00a0Kiyevdeki q\u0131r\u0131mtatarlar cemiyetini\u00f1\u00a0ba\u015f\u0131 Aslan \u00dcmerov medeniy-yar\u0131qland\u0131ruv, diniy ve hayriye faaliyeti saas\u0131nda birlikte sotsial leyhalarn\u0131 amelge ke\u00e7ir\u00fcvde k\u00fc\u00e7lerni birle\u015ftirmek aqq\u0131nda a\u00f1la\u015fma imzalad\u0131lar, dep haber ete Cemiyetni\u00f1 matbuat h\u0131zmeti.<\/p>\n\n\n\n<p>Kiyevdeki Q\u0131r\u0131ml\u0131lar Cemiyeti &#8211; bu Ukraina paytaht\u0131nda q\u0131r\u0131mtatarlar\u0131n\u0131\u00f1 vek\u00e2letli organ\u0131d\u0131r. Cemiyet q\u0131r\u0131mtatar halq\u0131n\u0131\u00f1 birligini pekitmek ve icadiy areketlerini birle\u015ftirmek, q\u0131r\u0131mtatar halq\u0131n\u0131\u00f1 yurt t\u0131\u015f\u0131ndaki medeniy ve sotsial miras\u0131na qoltutmaq maqsad\u0131nda i\u015f k\u00f6re. Cemiyet semetde\u015flerni\u00f1 k\u00f6r\u00fc\u015f\u00fcvlerini te\u015fkil ete, milliy degerliklerni qor\u00e7alav i\u015fine qoltuta.<\/p>\n\n\n\n<p>&#8220;Alraid&#8221; cemaat te\u015fkil\u00e2tlar\u0131n\u0131\u00f1 birligi kibi Cemiyet de medeniyetlerara te\u015febb\u00fcsler, bar\u0131\u015f\u0131ql\u0131qn\u0131 pekit\u00fcv o\u011frundaki areketlerge destek bere..<\/p>\n","protected":false},"excerpt":{"rendered":"<p>2013 senesi mart 13 k\u00fcn\u00fc\u00a0&#8220;Alraid&#8221;\u00a0cemaat te\u015fkil\u00e2tlar\u0131 birligini\u00f1 ba\u015f\u0131 Basil Marei ve\u00a0Kiyevdeki q\u0131r\u0131mtatarlar cemiyetini\u00f1\u00a0ba\u015f\u0131 Aslan \u00dcmerov medeniy-yar\u0131qland\u0131ruv, diniy ve hayriye faaliyeti saas\u0131nda birlikte sotsial leyhalarn\u0131 amelge ke\u00e7ir\u00fcvde k\u00fc\u00e7lerni birle\u015ftirmek aqq\u0131nda a\u00f1la\u015fma imzalad\u0131lar, dep haber ete Cemiyetni\u00f1 matbuat h\u0131zmeti. Kiyevdeki Q\u0131r\u0131ml\u0131lar Cemiyeti &#8211; bu Ukraina paytaht\u0131nda q\u0131r\u0131mtatarlar\u0131n\u0131\u00f1 vek\u00e2letli organ\u0131d\u0131r. Cemiyet q\u0131r\u0131mtatar halq\u0131n\u0131\u00f1 birligini pekitmek ve icadiy areketlerini [&hellip;]<\/p>\n","protected":false},"author":1,"featured_media":0,"comment_status":"open","ping_status":"open","sticky":false,"template":"","format":"standard","meta":{"inline_featured_image":false,"footnotes":""},"categories":[265],"tags":[],"class_list":["post-36215","post","type-post","status-publish","format-standard","hentry","category-haberler"],"acf":[],"yoast_head":"<!-- This site is optimized with the Yoast SEO plugin v27.4 - https:\/\/yoast.com\/product\/yoast-seo-wordpress\/ -->\n<title>&quot;Alraid&quot; ve Kiyevdeki q\u0131r\u0131mtatarlar cemiyeti i\u015fbirlik aqq\u0131nda a\u00f1la\u015fma imzalad\u0131lar - \u041c\u0435\u0434\u0436\u043b\u0456\u0441<\/title>\n<meta name=\"robots\" content=\"index, follow, max-snippet:-1, max-image-preview:large, max-video-preview:-1\" \/>\n<link rel=\"canonical\" href=\"https:\/\/qtmm.org\/qt\/alraid-ve-kiyevdeki-qirimtatarlar-cemiyeti-isbirlik-aqqinda-anlasma-imzaladilar\/\" \/>\n<meta property=\"og:locale\" content=\"en_US\" \/>\n<meta property=\"og:type\" content=\"article\" \/>\n<meta property=\"og:title\" content=\"&quot;Alraid&quot; ve Kiyevdeki q\u0131r\u0131mtatarlar cemiyeti i\u015fbirlik aqq\u0131nda a\u00f1la\u015fma imzalad\u0131lar - \u041c\u0435\u0434\u0436\u043b\u0456\u0441\" \/>\n<meta property=\"og:description\" content=\"2013 senesi mart 13 k\u00fcn\u00fc\u00a0&#8220;Alraid&#8221;\u00a0cemaat te\u015fkil\u00e2tlar\u0131 birligini\u00f1 ba\u015f\u0131 Basil Marei ve\u00a0Kiyevdeki q\u0131r\u0131mtatarlar cemiyetini\u00f1\u00a0ba\u015f\u0131 Aslan \u00dcmerov medeniy-yar\u0131qland\u0131ruv, diniy ve hayriye faaliyeti saas\u0131nda birlikte sotsial leyhalarn\u0131 amelge ke\u00e7ir\u00fcvde k\u00fc\u00e7lerni birle\u015ftirmek aqq\u0131nda a\u00f1la\u015fma imzalad\u0131lar, dep haber ete Cemiyetni\u00f1 matbuat h\u0131zmeti. Kiyevdeki Q\u0131r\u0131ml\u0131lar Cemiyeti &#8211; bu Ukraina paytaht\u0131nda q\u0131r\u0131mtatarlar\u0131n\u0131\u00f1 vek\u00e2letli organ\u0131d\u0131r. Cemiyet q\u0131r\u0131mtatar halq\u0131n\u0131\u00f1 birligini pekitmek ve icadiy areketlerini [&hellip;]\" \/>\n<meta property=\"og:url\" content=\"https:\/\/qtmm.org\/qt\/alraid-ve-kiyevdeki-qirimtatarlar-cemiyeti-isbirlik-aqqinda-anlasma-imzaladilar\/\" \/>\n<meta property=\"og:site_name\" content=\"\u041c\u0435\u0434\u0436\u043b\u0456\u0441\" \/>\n<meta property=\"article:publisher\" content=\"https:\/\/www.facebook.com\/qtmm.info\/\" \/>\n<meta property=\"article:published_time\" content=\"2013-03-15T14:38:00+00:00\" \/>\n<meta property=\"article:modified_time\" content=\"2022-01-23T14:39:07+00:00\" \/>\n<meta name=\"author\" content=\"Developer\" \/>\n<meta name=\"twitter:card\" content=\"summary_large_image\" \/>\n<meta name=\"twitter:label1\" content=\"Written by\" \/>\n\t<meta name=\"twitter:data1\" content=\"Developer\" \/>\n\t<meta name=\"twitter:label2\" content=\"Est. reading time\" \/>\n\t<meta name=\"twitter:data2\" content=\"1 minute\" \/>\n<script type=\"application\/ld+json\" class=\"yoast-schema-graph\">{\"@context\":\"https:\\\/\\\/schema.org\",\"@graph\":[{\"@type\":\"Article\",\"@id\":\"https:\\\/\\\/qtmm.org\\\/qt\\\/alraid-ve-kiyevdeki-qirimtatarlar-cemiyeti-isbirlik-aqqinda-anlasma-imzaladilar\\\/#article\",\"isPartOf\":{\"@id\":\"https:\\\/\\\/qtmm.org\\\/qt\\\/alraid-ve-kiyevdeki-qirimtatarlar-cemiyeti-isbirlik-aqqinda-anlasma-imzaladilar\\\/\"},\"author\":{\"name\":\"Developer\",\"@id\":\"https:\\\/\\\/qtmm.org\\\/qt\\\/#\\\/schema\\\/person\\\/de562469f971dec226ac06e60bbf74a7\"},\"headline\":\"&#8220;Alraid&#8221; ve Kiyevdeki q\u0131r\u0131mtatarlar cemiyeti i\u015fbirlik aqq\u0131nda a\u00f1la\u015fma imzalad\u0131lar\",\"datePublished\":\"2013-03-15T14:38:00+00:00\",\"dateModified\":\"2022-01-23T14:39:07+00:00\",\"mainEntityOfPage\":{\"@id\":\"https:\\\/\\\/qtmm.org\\\/qt\\\/alraid-ve-kiyevdeki-qirimtatarlar-cemiyeti-isbirlik-aqqinda-anlasma-imzaladilar\\\/\"},\"wordCount\":164,\"commentCount\":0,\"publisher\":{\"@id\":\"https:\\\/\\\/qtmm.org\\\/qt\\\/#organization\"},\"articleSection\":[\"Haberler\"],\"inLanguage\":\"qt\",\"potentialAction\":[{\"@type\":\"CommentAction\",\"name\":\"Comment\",\"target\":[\"https:\\\/\\\/qtmm.org\\\/qt\\\/alraid-ve-kiyevdeki-qirimtatarlar-cemiyeti-isbirlik-aqqinda-anlasma-imzaladilar\\\/#respond\"]}]},{\"@type\":\"WebPage\",\"@id\":\"https:\\\/\\\/qtmm.org\\\/qt\\\/alraid-ve-kiyevdeki-qirimtatarlar-cemiyeti-isbirlik-aqqinda-anlasma-imzaladilar\\\/\",\"url\":\"https:\\\/\\\/qtmm.org\\\/qt\\\/alraid-ve-kiyevdeki-qirimtatarlar-cemiyeti-isbirlik-aqqinda-anlasma-imzaladilar\\\/\",\"name\":\"\\\"Alraid\\\" ve Kiyevdeki q\u0131r\u0131mtatarlar cemiyeti i\u015fbirlik aqq\u0131nda a\u00f1la\u015fma imzalad\u0131lar - \u041c\u0435\u0434\u0436\u043b\u0456\u0441\",\"isPartOf\":{\"@id\":\"https:\\\/\\\/qtmm.org\\\/qt\\\/#website\"},\"datePublished\":\"2013-03-15T14:38:00+00:00\",\"dateModified\":\"2022-01-23T14:39:07+00:00\",\"breadcrumb\":{\"@id\":\"https:\\\/\\\/qtmm.org\\\/qt\\\/alraid-ve-kiyevdeki-qirimtatarlar-cemiyeti-isbirlik-aqqinda-anlasma-imzaladilar\\\/#breadcrumb\"},\"inLanguage\":\"qt\",\"potentialAction\":[{\"@type\":\"ReadAction\",\"target\":[\"https:\\\/\\\/qtmm.org\\\/qt\\\/alraid-ve-kiyevdeki-qirimtatarlar-cemiyeti-isbirlik-aqqinda-anlasma-imzaladilar\\\/\"]}]},{\"@type\":\"BreadcrumbList\",\"@id\":\"https:\\\/\\\/qtmm.org\\\/qt\\\/alraid-ve-kiyevdeki-qirimtatarlar-cemiyeti-isbirlik-aqqinda-anlasma-imzaladilar\\\/#breadcrumb\",\"itemListElement\":[{\"@type\":\"ListItem\",\"position\":1,\"name\":\"\u0413\u043e\u043b\u043e\u0432\u043d\u0430\",\"item\":\"https:\\\/\\\/qtmm.org\\\/qt\\\/\"},{\"@type\":\"ListItem\",\"position\":2,\"name\":\"&#8220;Alraid&#8221; ve Kiyevdeki q\u0131r\u0131mtatarlar cemiyeti i\u015fbirlik aqq\u0131nda a\u00f1la\u015fma imzalad\u0131lar\"}]},{\"@type\":\"WebSite\",\"@id\":\"https:\\\/\\\/qtmm.org\\\/qt\\\/#website\",\"url\":\"https:\\\/\\\/qtmm.org\\\/qt\\\/\",\"name\":\"\u041c\u0435\u0434\u0436\u043b\u0456\u0441\",\"description\":\"\",\"publisher\":{\"@id\":\"https:\\\/\\\/qtmm.org\\\/qt\\\/#organization\"},\"potentialAction\":[{\"@type\":\"SearchAction\",\"target\":{\"@type\":\"EntryPoint\",\"urlTemplate\":\"https:\\\/\\\/qtmm.org\\\/qt\\\/?s={search_term_string}\"},\"query-input\":{\"@type\":\"PropertyValueSpecification\",\"valueRequired\":true,\"valueName\":\"search_term_string\"}}],\"inLanguage\":\"qt\"},{\"@type\":\"Organization\",\"@id\":\"https:\\\/\\\/qtmm.org\\\/qt\\\/#organization\",\"name\":\"\u041c\u0435\u0434\u0436\u043b\u0456\u0441\",\"url\":\"https:\\\/\\\/qtmm.org\\\/qt\\\/\",\"logo\":{\"@type\":\"ImageObject\",\"inLanguage\":\"qt\",\"@id\":\"https:\\\/\\\/qtmm.org\\\/qt\\\/#\\\/schema\\\/logo\\\/image\\\/\",\"url\":\"https:\\\/\\\/qtmm.org\\\/wp-content\\\/uploads\\\/2024\\\/12\\\/ua-mejlis-logo-rgb.svg\",\"contentUrl\":\"https:\\\/\\\/qtmm.org\\\/wp-content\\\/uploads\\\/2024\\\/12\\\/ua-mejlis-logo-rgb.svg\",\"caption\":\"\u041c\u0435\u0434\u0436\u043b\u0456\u0441\"},\"image\":{\"@id\":\"https:\\\/\\\/qtmm.org\\\/qt\\\/#\\\/schema\\\/logo\\\/image\\\/\"},\"sameAs\":[\"https:\\\/\\\/www.facebook.com\\\/qtmm.info\\\/\"]},{\"@type\":\"Person\",\"@id\":\"https:\\\/\\\/qtmm.org\\\/qt\\\/#\\\/schema\\\/person\\\/de562469f971dec226ac06e60bbf74a7\",\"name\":\"Developer\",\"image\":{\"@type\":\"ImageObject\",\"inLanguage\":\"qt\",\"@id\":\"https:\\\/\\\/secure.gravatar.com\\\/avatar\\\/392b4cc8fbfeb00b39dfeeab4ee6edded39ffd48e25858637e4765810300227e?s=96&d=mm&r=g\",\"url\":\"https:\\\/\\\/secure.gravatar.com\\\/avatar\\\/392b4cc8fbfeb00b39dfeeab4ee6edded39ffd48e25858637e4765810300227e?s=96&d=mm&r=g\",\"contentUrl\":\"https:\\\/\\\/secure.gravatar.com\\\/avatar\\\/392b4cc8fbfeb00b39dfeeab4ee6edded39ffd48e25858637e4765810300227e?s=96&d=mm&r=g\",\"caption\":\"Developer\"},\"url\":\"https:\\\/\\\/qtmm.org\\\/qt\\\/author\\\/Developer\\\/\"}]}<\/script>\n<!-- \/ Yoast SEO plugin. -->","yoast_head_json":{"title":"\"Alraid\" ve Kiyevdeki q\u0131r\u0131mtatarlar cemiyeti i\u015fbirlik aqq\u0131nda a\u00f1la\u015fma imzalad\u0131lar - \u041c\u0435\u0434\u0436\u043b\u0456\u0441","robots":{"index":"index","follow":"follow","max-snippet":"max-snippet:-1","max-image-preview":"max-image-preview:large","max-video-preview":"max-video-preview:-1"},"canonical":"https:\/\/qtmm.org\/qt\/alraid-ve-kiyevdeki-qirimtatarlar-cemiyeti-isbirlik-aqqinda-anlasma-imzaladilar\/","og_locale":"en_US","og_type":"article","og_title":"\"Alraid\" ve Kiyevdeki q\u0131r\u0131mtatarlar cemiyeti i\u015fbirlik aqq\u0131nda a\u00f1la\u015fma imzalad\u0131lar - \u041c\u0435\u0434\u0436\u043b\u0456\u0441","og_description":"2013 senesi mart 13 k\u00fcn\u00fc\u00a0&#8220;Alraid&#8221;\u00a0cemaat te\u015fkil\u00e2tlar\u0131 birligini\u00f1 ba\u015f\u0131 Basil Marei ve\u00a0Kiyevdeki q\u0131r\u0131mtatarlar cemiyetini\u00f1\u00a0ba\u015f\u0131 Aslan \u00dcmerov medeniy-yar\u0131qland\u0131ruv, diniy ve hayriye faaliyeti saas\u0131nda birlikte sotsial leyhalarn\u0131 amelge ke\u00e7ir\u00fcvde k\u00fc\u00e7lerni birle\u015ftirmek aqq\u0131nda a\u00f1la\u015fma imzalad\u0131lar, dep haber ete Cemiyetni\u00f1 matbuat h\u0131zmeti. Kiyevdeki Q\u0131r\u0131ml\u0131lar Cemiyeti &#8211; bu Ukraina paytaht\u0131nda q\u0131r\u0131mtatarlar\u0131n\u0131\u00f1 vek\u00e2letli organ\u0131d\u0131r. Cemiyet q\u0131r\u0131mtatar halq\u0131n\u0131\u00f1 birligini pekitmek ve icadiy areketlerini [&hellip;]","og_url":"https:\/\/qtmm.org\/qt\/alraid-ve-kiyevdeki-qirimtatarlar-cemiyeti-isbirlik-aqqinda-anlasma-imzaladilar\/","og_site_name":"\u041c\u0435\u0434\u0436\u043b\u0456\u0441","article_publisher":"https:\/\/www.facebook.com\/qtmm.info\/","article_published_time":"2013-03-15T14:38:00+00:00","article_modified_time":"2022-01-23T14:39:07+00:00","author":"Developer","twitter_card":"summary_large_image","twitter_misc":{"Written by":"Developer","Est. reading time":"1 minute"},"schema":{"@context":"https:\/\/schema.org","@graph":[{"@type":"Article","@id":"https:\/\/qtmm.org\/qt\/alraid-ve-kiyevdeki-qirimtatarlar-cemiyeti-isbirlik-aqqinda-anlasma-imzaladilar\/#article","isPartOf":{"@id":"https:\/\/qtmm.org\/qt\/alraid-ve-kiyevdeki-qirimtatarlar-cemiyeti-isbirlik-aqqinda-anlasma-imzaladilar\/"},"author":{"name":"Developer","@id":"https:\/\/qtmm.org\/qt\/#\/schema\/person\/de562469f971dec226ac06e60bbf74a7"},"headline":"&#8220;Alraid&#8221; ve Kiyevdeki q\u0131r\u0131mtatarlar cemiyeti i\u015fbirlik aqq\u0131nda a\u00f1la\u015fma imzalad\u0131lar","datePublished":"2013-03-15T14:38:00+00:00","dateModified":"2022-01-23T14:39:07+00:00","mainEntityOfPage":{"@id":"https:\/\/qtmm.org\/qt\/alraid-ve-kiyevdeki-qirimtatarlar-cemiyeti-isbirlik-aqqinda-anlasma-imzaladilar\/"},"wordCount":164,"commentCount":0,"publisher":{"@id":"https:\/\/qtmm.org\/qt\/#organization"},"articleSection":["Haberler"],"inLanguage":"qt","potentialAction":[{"@type":"CommentAction","name":"Comment","target":["https:\/\/qtmm.org\/qt\/alraid-ve-kiyevdeki-qirimtatarlar-cemiyeti-isbirlik-aqqinda-anlasma-imzaladilar\/#respond"]}]},{"@type":"WebPage","@id":"https:\/\/qtmm.org\/qt\/alraid-ve-kiyevdeki-qirimtatarlar-cemiyeti-isbirlik-aqqinda-anlasma-imzaladilar\/","url":"https:\/\/qtmm.org\/qt\/alraid-ve-kiyevdeki-qirimtatarlar-cemiyeti-isbirlik-aqqinda-anlasma-imzaladilar\/","name":"\"Alraid\" ve Kiyevdeki q\u0131r\u0131mtatarlar cemiyeti i\u015fbirlik aqq\u0131nda a\u00f1la\u015fma imzalad\u0131lar - \u041c\u0435\u0434\u0436\u043b\u0456\u0441","isPartOf":{"@id":"https:\/\/qtmm.org\/qt\/#website"},"datePublished":"2013-03-15T14:38:00+00:00","dateModified":"2022-01-23T14:39:07+00:00","breadcrumb":{"@id":"https:\/\/qtmm.org\/qt\/alraid-ve-kiyevdeki-qirimtatarlar-cemiyeti-isbirlik-aqqinda-anlasma-imzaladilar\/#breadcrumb"},"inLanguage":"qt","potentialAction":[{"@type":"ReadAction","target":["https:\/\/qtmm.org\/qt\/alraid-ve-kiyevdeki-qirimtatarlar-cemiyeti-isbirlik-aqqinda-anlasma-imzaladilar\/"]}]},{"@type":"BreadcrumbList","@id":"https:\/\/qtmm.org\/qt\/alraid-ve-kiyevdeki-qirimtatarlar-cemiyeti-isbirlik-aqqinda-anlasma-imzaladilar\/#breadcrumb","itemListElement":[{"@type":"ListItem","position":1,"name":"\u0413\u043e\u043b\u043e\u0432\u043d\u0430","item":"https:\/\/qtmm.org\/qt\/"},{"@type":"ListItem","position":2,"name":"&#8220;Alraid&#8221; ve Kiyevdeki q\u0131r\u0131mtatarlar cemiyeti i\u015fbirlik aqq\u0131nda a\u00f1la\u015fma imzalad\u0131lar"}]},{"@type":"WebSite","@id":"https:\/\/qtmm.org\/qt\/#website","url":"https:\/\/qtmm.org\/qt\/","name":"\u041c\u0435\u0434\u0436\u043b\u0456\u0441","description":"","publisher":{"@id":"https:\/\/qtmm.org\/qt\/#organization"},"potentialAction":[{"@type":"SearchAction","target":{"@type":"EntryPoint","urlTemplate":"https:\/\/qtmm.org\/qt\/?s={search_term_string}"},"query-input":{"@type":"PropertyValueSpecification","valueRequired":true,"valueName":"search_term_string"}}],"inLanguage":"qt"},{"@type":"Organization","@id":"https:\/\/qtmm.org\/qt\/#organization","name":"\u041c\u0435\u0434\u0436\u043b\u0456\u0441","url":"https:\/\/qtmm.org\/qt\/","logo":{"@type":"ImageObject","inLanguage":"qt","@id":"https:\/\/qtmm.org\/qt\/#\/schema\/logo\/image\/","url":"https:\/\/qtmm.org\/wp-content\/uploads\/2024\/12\/ua-mejlis-logo-rgb.svg","contentUrl":"https:\/\/qtmm.org\/wp-content\/uploads\/2024\/12\/ua-mejlis-logo-rgb.svg","caption":"\u041c\u0435\u0434\u0436\u043b\u0456\u0441"},"image":{"@id":"https:\/\/qtmm.org\/qt\/#\/schema\/logo\/image\/"},"sameAs":["https:\/\/www.facebook.com\/qtmm.info\/"]},{"@type":"Person","@id":"https:\/\/qtmm.org\/qt\/#\/schema\/person\/de562469f971dec226ac06e60bbf74a7","name":"Developer","image":{"@type":"ImageObject","inLanguage":"qt","@id":"https:\/\/secure.gravatar.com\/avatar\/392b4cc8fbfeb00b39dfeeab4ee6edded39ffd48e25858637e4765810300227e?s=96&d=mm&r=g","url":"https:\/\/secure.gravatar.com\/avatar\/392b4cc8fbfeb00b39dfeeab4ee6edded39ffd48e25858637e4765810300227e?s=96&d=mm&r=g","contentUrl":"https:\/\/secure.gravatar.com\/avatar\/392b4cc8fbfeb00b39dfeeab4ee6edded39ffd48e25858637e4765810300227e?s=96&d=mm&r=g","caption":"Developer"},"url":"https:\/\/qtmm.org\/qt\/author\/Developer\/"}]}},"_links":{"self":[{"href":"https:\/\/qtmm.org\/qt\/wp-json\/wp\/v2\/posts\/36215","targetHints":{"allow":["GET"]}}],"collection":[{"href":"https:\/\/qtmm.org\/qt\/wp-json\/wp\/v2\/posts"}],"about":[{"href":"https:\/\/qtmm.org\/qt\/wp-json\/wp\/v2\/types\/post"}],"author":[{"embeddable":true,"href":"https:\/\/qtmm.org\/qt\/wp-json\/wp\/v2\/users\/1"}],"replies":[{"embeddable":true,"href":"https:\/\/qtmm.org\/qt\/wp-json\/wp\/v2\/comments?post=36215"}],"version-history":[{"count":1,"href":"https:\/\/qtmm.org\/qt\/wp-json\/wp\/v2\/posts\/36215\/revisions"}],"predecessor-version":[{"id":36216,"href":"https:\/\/qtmm.org\/qt\/wp-json\/wp\/v2\/posts\/36215\/revisions\/36216"}],"wp:attachment":[{"href":"https:\/\/qtmm.org\/qt\/wp-json\/wp\/v2\/media?parent=36215"}],"wp:term":[{"taxonomy":"category","embeddable":true,"href":"https:\/\/qtmm.org\/qt\/wp-json\/wp\/v2\/categories?post=36215"},{"taxonomy":"post_tag","embeddable":true,"href":"https:\/\/qtmm.org\/qt\/wp-json\/wp\/v2\/tags?post=36215"}],"curies":[{"name":"wp","href":"https:\/\/api.w.org\/{rel}","templated":true}]}}