




{"id":36209,"date":"2013-03-15T17:37:00","date_gmt":"2013-03-15T14:37:00","guid":{"rendered":"http:\/\/qtmm.org\/?p=36209"},"modified":"2022-01-23T17:38:19","modified_gmt":"2022-01-23T14:38:19","slug":"meclis-tisqi-alaqalar-boluginin-basi-ali-hamzin-david-ve-goliaf-az-sayili-halqlar-totaliat-rejimi-altinda-mevzusindaki-konferentsiyada-istirak-etecek","status":"publish","type":"post","link":"https:\/\/qtmm.org\/qt\/meclis-tisqi-alaqalar-boluginin-basi-ali-hamzin-david-ve-goliaf-az-sayili-halqlar-totaliat-rejimi-altinda-mevzusindaki-konferentsiyada-istirak-etecek\/","title":{"rendered":"Meclis t\u0131\u015fq\u0131 al\u00e2qalar b\u00f6l\u00fcgini\u00f1 ba\u015f\u0131 Ali Hamzin \u00abDavid ve G\u00f6liaf: az say\u0131l\u0131 halqlar totaliat rejimi alt\u0131nda\u00bb mevzus\u0131ndaki konferentsiyada i\u015ftirak etecek"},"content":{"rendered":"\n<p>2013 senesi mart 19-da Br\u00fcsselde Avropa parlamentinde \u0425\u0425 as\u0131rda az say\u0131l\u0131 halqlarn\u0131\u00f1 facial\u0131 taqdirine ba\u011f\u0131\u015flan\u011fan &#8220;David ve G\u00f6liaf: az say\u0131l\u0131 halqlar totalitar rejimi alt\u0131nda&#8221; mevzus\u0131nda konferentsiya \u00f6tkerilecek. On\u0131\u00f1 te\u015fkil\u00e2t\u00e7\u0131lar\u0131 qayd etkenine k\u00f6re, bir \u00e7oq b\u00f6yle halqlar milliy, diniy mens\u00fcpligi sebebinden aqs\u0131mlan\u0131p, medeniyetleri, tili, din ive milliy \u00f6zg\u00fcnligi yoq etil\u00fcvge mahk\u00fcm etilgen edi.<\/p>\n\n\n\n<p>&#8220;Avropa Birligi ke\u00e7mi\u015fte pek horlan\u011fan bu az say\u0131l\u0131 halqlarn\u0131\u00f1 taqdirine bug\u00fcn de bifarq yana\u015fmamal\u0131 ki, \u015fimdiki zamanda b\u00f6yle facialar tekrarlanmas\u0131n&#8221;, &#8211; dep qayd eteler konferentsiya te\u015fkil\u00e2t\u00e7\u0131lar\u0131.<\/p>\n\n\n\n<p>Konferentsiya te\u015fkil\u00e2t\u00e7\u0131lar\u0131n\u0131\u00f1 biri, professor, Avropa Parlamentini\u00f1 deputat\u0131t \u0130nessa Vayderan\u0131\u00f1 daveti boyunca on\u0131\u00f1 i\u015finde Meclis t\u0131\u015fq\u0131 al\u00e2qalar b\u00f6l\u00fcgini\u00f1 ba\u015f\u0131 Ali Hamzin de i\u015ftirak etecek.<br><br>Ali Hamzin konferentsiyada &#8221; Q\u0131r\u0131mtatar halq\u0131na nisbeten kommunist rejimini\u00f1 cinayetleri&#8221; maruzas\u0131nen \u00e7\u0131q\u0131\u015fta bulunacaq.<\/p>\n\n\n\n<figure class=\"wp-block-image size-full\"><img loading=\"lazy\" decoding=\"async\" width=\"650\" height=\"900\" src=\"http:\/\/qtmm.org\/wp-content\/uploads\/2022\/01\/david_and_goliath_text.jpeg\" alt=\"\" class=\"wp-image-36210\" srcset=\"https:\/\/qtmm.org\/wp-content\/uploads\/2022\/01\/david_and_goliath_text.jpeg 650w, https:\/\/qtmm.org\/wp-content\/uploads\/2022\/01\/david_and_goliath_text-217x300.jpeg 217w\" sizes=\"auto, (max-width: 650px) 100vw, 650px\" \/><\/figure>\n","protected":false},"excerpt":{"rendered":"<p>2013 senesi mart 19-da Br\u00fcsselde Avropa parlamentinde \u0425\u0425 as\u0131rda az say\u0131l\u0131 halqlarn\u0131\u00f1 facial\u0131 taqdirine ba\u011f\u0131\u015flan\u011fan &#8220;David ve G\u00f6liaf: az say\u0131l\u0131 halqlar totalitar rejimi alt\u0131nda&#8221; mevzus\u0131nda konferentsiya \u00f6tkerilecek. On\u0131\u00f1 te\u015fkil\u00e2t\u00e7\u0131lar\u0131 qayd etkenine k\u00f6re, bir \u00e7oq b\u00f6yle halqlar milliy, diniy mens\u00fcpligi sebebinden aqs\u0131mlan\u0131p, medeniyetleri, tili, din ive milliy \u00f6zg\u00fcnligi yoq etil\u00fcvge mahk\u00fcm etilgen edi. &#8220;Avropa Birligi ke\u00e7mi\u015fte [&hellip;]<\/p>\n","protected":false},"author":1,"featured_media":0,"comment_status":"open","ping_status":"open","sticky":false,"template":"","format":"standard","meta":{"inline_featured_image":false,"footnotes":""},"categories":[265],"tags":[],"class_list":["post-36209","post","type-post","status-publish","format-standard","hentry","category-haberler"],"acf":[],"yoast_head":"<!-- This site is optimized with the Yoast SEO plugin v27.4 - https:\/\/yoast.com\/product\/yoast-seo-wordpress\/ -->\n<title>Meclis t\u0131\u015fq\u0131 al\u00e2qalar b\u00f6l\u00fcgini\u00f1 ba\u015f\u0131 Ali Hamzin \u00abDavid ve G\u00f6liaf: az say\u0131l\u0131 halqlar totaliat rejimi alt\u0131nda\u00bb mevzus\u0131ndaki konferentsiyada i\u015ftirak etecek - \u041c\u0435\u0434\u0436\u043b\u0456\u0441<\/title>\n<meta name=\"robots\" content=\"index, follow, max-snippet:-1, max-image-preview:large, max-video-preview:-1\" \/>\n<link rel=\"canonical\" href=\"https:\/\/qtmm.org\/qt\/meclis-tisqi-alaqalar-boluginin-basi-ali-hamzin-david-ve-goliaf-az-sayili-halqlar-totaliat-rejimi-altinda-mevzusindaki-konferentsiyada-istirak-etecek\/\" \/>\n<meta property=\"og:locale\" content=\"en_US\" \/>\n<meta property=\"og:type\" content=\"article\" \/>\n<meta property=\"og:title\" content=\"Meclis t\u0131\u015fq\u0131 al\u00e2qalar b\u00f6l\u00fcgini\u00f1 ba\u015f\u0131 Ali Hamzin \u00abDavid ve G\u00f6liaf: az say\u0131l\u0131 halqlar totaliat rejimi alt\u0131nda\u00bb mevzus\u0131ndaki konferentsiyada i\u015ftirak etecek - \u041c\u0435\u0434\u0436\u043b\u0456\u0441\" \/>\n<meta property=\"og:description\" content=\"2013 senesi mart 19-da Br\u00fcsselde Avropa parlamentinde \u0425\u0425 as\u0131rda az say\u0131l\u0131 halqlarn\u0131\u00f1 facial\u0131 taqdirine ba\u011f\u0131\u015flan\u011fan &#8220;David ve G\u00f6liaf: az say\u0131l\u0131 halqlar totalitar rejimi alt\u0131nda&#8221; mevzus\u0131nda konferentsiya \u00f6tkerilecek. On\u0131\u00f1 te\u015fkil\u00e2t\u00e7\u0131lar\u0131 qayd etkenine k\u00f6re, bir \u00e7oq b\u00f6yle halqlar milliy, diniy mens\u00fcpligi sebebinden aqs\u0131mlan\u0131p, medeniyetleri, tili, din ive milliy \u00f6zg\u00fcnligi yoq etil\u00fcvge mahk\u00fcm etilgen edi. &#8220;Avropa Birligi ke\u00e7mi\u015fte [&hellip;]\" \/>\n<meta property=\"og:url\" content=\"https:\/\/qtmm.org\/qt\/meclis-tisqi-alaqalar-boluginin-basi-ali-hamzin-david-ve-goliaf-az-sayili-halqlar-totaliat-rejimi-altinda-mevzusindaki-konferentsiyada-istirak-etecek\/\" \/>\n<meta property=\"og:site_name\" content=\"\u041c\u0435\u0434\u0436\u043b\u0456\u0441\" \/>\n<meta property=\"article:publisher\" content=\"https:\/\/www.facebook.com\/qtmm.info\/\" \/>\n<meta property=\"article:published_time\" content=\"2013-03-15T14:37:00+00:00\" \/>\n<meta property=\"article:modified_time\" content=\"2022-01-23T14:38:19+00:00\" \/>\n<meta property=\"og:image\" content=\"https:\/\/qtmm.org\/wp-content\/uploads\/2022\/01\/david_and_goliath_text.jpeg\" \/>\n\t<meta property=\"og:image:width\" content=\"650\" \/>\n\t<meta property=\"og:image:height\" content=\"900\" \/>\n\t<meta property=\"og:image:type\" content=\"image\/jpeg\" \/>\n<meta name=\"author\" content=\"Developer\" \/>\n<meta name=\"twitter:card\" content=\"summary_large_image\" \/>\n<meta name=\"twitter:label1\" content=\"Written by\" \/>\n\t<meta name=\"twitter:data1\" content=\"Developer\" \/>\n\t<meta name=\"twitter:label2\" content=\"Est. reading time\" \/>\n\t<meta name=\"twitter:data2\" content=\"1 minute\" \/>\n<script type=\"application\/ld+json\" class=\"yoast-schema-graph\">{\"@context\":\"https:\\\/\\\/schema.org\",\"@graph\":[{\"@type\":\"Article\",\"@id\":\"https:\\\/\\\/qtmm.org\\\/qt\\\/meclis-tisqi-alaqalar-boluginin-basi-ali-hamzin-david-ve-goliaf-az-sayili-halqlar-totaliat-rejimi-altinda-mevzusindaki-konferentsiyada-istirak-etecek\\\/#article\",\"isPartOf\":{\"@id\":\"https:\\\/\\\/qtmm.org\\\/qt\\\/meclis-tisqi-alaqalar-boluginin-basi-ali-hamzin-david-ve-goliaf-az-sayili-halqlar-totaliat-rejimi-altinda-mevzusindaki-konferentsiyada-istirak-etecek\\\/\"},\"author\":{\"name\":\"Developer\",\"@id\":\"https:\\\/\\\/qtmm.org\\\/qt\\\/#\\\/schema\\\/person\\\/de562469f971dec226ac06e60bbf74a7\"},\"headline\":\"Meclis t\u0131\u015fq\u0131 al\u00e2qalar b\u00f6l\u00fcgini\u00f1 ba\u015f\u0131 Ali Hamzin \u00abDavid ve G\u00f6liaf: az say\u0131l\u0131 halqlar totaliat rejimi alt\u0131nda\u00bb mevzus\u0131ndaki konferentsiyada i\u015ftirak etecek\",\"datePublished\":\"2013-03-15T14:37:00+00:00\",\"dateModified\":\"2022-01-23T14:38:19+00:00\",\"mainEntityOfPage\":{\"@id\":\"https:\\\/\\\/qtmm.org\\\/qt\\\/meclis-tisqi-alaqalar-boluginin-basi-ali-hamzin-david-ve-goliaf-az-sayili-halqlar-totaliat-rejimi-altinda-mevzusindaki-konferentsiyada-istirak-etecek\\\/\"},\"wordCount\":213,\"commentCount\":0,\"publisher\":{\"@id\":\"https:\\\/\\\/qtmm.org\\\/qt\\\/#organization\"},\"image\":{\"@id\":\"https:\\\/\\\/qtmm.org\\\/qt\\\/meclis-tisqi-alaqalar-boluginin-basi-ali-hamzin-david-ve-goliaf-az-sayili-halqlar-totaliat-rejimi-altinda-mevzusindaki-konferentsiyada-istirak-etecek\\\/#primaryimage\"},\"thumbnailUrl\":\"http:\\\/\\\/qtmm.org\\\/wp-content\\\/uploads\\\/2022\\\/01\\\/david_and_goliath_text.jpeg\",\"articleSection\":[\"Haberler\"],\"inLanguage\":\"qt\",\"potentialAction\":[{\"@type\":\"CommentAction\",\"name\":\"Comment\",\"target\":[\"https:\\\/\\\/qtmm.org\\\/qt\\\/meclis-tisqi-alaqalar-boluginin-basi-ali-hamzin-david-ve-goliaf-az-sayili-halqlar-totaliat-rejimi-altinda-mevzusindaki-konferentsiyada-istirak-etecek\\\/#respond\"]}]},{\"@type\":\"WebPage\",\"@id\":\"https:\\\/\\\/qtmm.org\\\/qt\\\/meclis-tisqi-alaqalar-boluginin-basi-ali-hamzin-david-ve-goliaf-az-sayili-halqlar-totaliat-rejimi-altinda-mevzusindaki-konferentsiyada-istirak-etecek\\\/\",\"url\":\"https:\\\/\\\/qtmm.org\\\/qt\\\/meclis-tisqi-alaqalar-boluginin-basi-ali-hamzin-david-ve-goliaf-az-sayili-halqlar-totaliat-rejimi-altinda-mevzusindaki-konferentsiyada-istirak-etecek\\\/\",\"name\":\"Meclis t\u0131\u015fq\u0131 al\u00e2qalar b\u00f6l\u00fcgini\u00f1 ba\u015f\u0131 Ali Hamzin \u00abDavid ve G\u00f6liaf: az say\u0131l\u0131 halqlar totaliat rejimi alt\u0131nda\u00bb mevzus\u0131ndaki konferentsiyada i\u015ftirak etecek - \u041c\u0435\u0434\u0436\u043b\u0456\u0441\",\"isPartOf\":{\"@id\":\"https:\\\/\\\/qtmm.org\\\/qt\\\/#website\"},\"primaryImageOfPage\":{\"@id\":\"https:\\\/\\\/qtmm.org\\\/qt\\\/meclis-tisqi-alaqalar-boluginin-basi-ali-hamzin-david-ve-goliaf-az-sayili-halqlar-totaliat-rejimi-altinda-mevzusindaki-konferentsiyada-istirak-etecek\\\/#primaryimage\"},\"image\":{\"@id\":\"https:\\\/\\\/qtmm.org\\\/qt\\\/meclis-tisqi-alaqalar-boluginin-basi-ali-hamzin-david-ve-goliaf-az-sayili-halqlar-totaliat-rejimi-altinda-mevzusindaki-konferentsiyada-istirak-etecek\\\/#primaryimage\"},\"thumbnailUrl\":\"http:\\\/\\\/qtmm.org\\\/wp-content\\\/uploads\\\/2022\\\/01\\\/david_and_goliath_text.jpeg\",\"datePublished\":\"2013-03-15T14:37:00+00:00\",\"dateModified\":\"2022-01-23T14:38:19+00:00\",\"breadcrumb\":{\"@id\":\"https:\\\/\\\/qtmm.org\\\/qt\\\/meclis-tisqi-alaqalar-boluginin-basi-ali-hamzin-david-ve-goliaf-az-sayili-halqlar-totaliat-rejimi-altinda-mevzusindaki-konferentsiyada-istirak-etecek\\\/#breadcrumb\"},\"inLanguage\":\"qt\",\"potentialAction\":[{\"@type\":\"ReadAction\",\"target\":[\"https:\\\/\\\/qtmm.org\\\/qt\\\/meclis-tisqi-alaqalar-boluginin-basi-ali-hamzin-david-ve-goliaf-az-sayili-halqlar-totaliat-rejimi-altinda-mevzusindaki-konferentsiyada-istirak-etecek\\\/\"]}]},{\"@type\":\"ImageObject\",\"inLanguage\":\"qt\",\"@id\":\"https:\\\/\\\/qtmm.org\\\/qt\\\/meclis-tisqi-alaqalar-boluginin-basi-ali-hamzin-david-ve-goliaf-az-sayili-halqlar-totaliat-rejimi-altinda-mevzusindaki-konferentsiyada-istirak-etecek\\\/#primaryimage\",\"url\":\"http:\\\/\\\/qtmm.org\\\/wp-content\\\/uploads\\\/2022\\\/01\\\/david_and_goliath_text.jpeg\",\"contentUrl\":\"http:\\\/\\\/qtmm.org\\\/wp-content\\\/uploads\\\/2022\\\/01\\\/david_and_goliath_text.jpeg\"},{\"@type\":\"BreadcrumbList\",\"@id\":\"https:\\\/\\\/qtmm.org\\\/qt\\\/meclis-tisqi-alaqalar-boluginin-basi-ali-hamzin-david-ve-goliaf-az-sayili-halqlar-totaliat-rejimi-altinda-mevzusindaki-konferentsiyada-istirak-etecek\\\/#breadcrumb\",\"itemListElement\":[{\"@type\":\"ListItem\",\"position\":1,\"name\":\"\u0413\u043e\u043b\u043e\u0432\u043d\u0430\",\"item\":\"https:\\\/\\\/qtmm.org\\\/qt\\\/\"},{\"@type\":\"ListItem\",\"position\":2,\"name\":\"Meclis t\u0131\u015fq\u0131 al\u00e2qalar b\u00f6l\u00fcgini\u00f1 ba\u015f\u0131 Ali Hamzin \u00abDavid ve G\u00f6liaf: az say\u0131l\u0131 halqlar totaliat rejimi alt\u0131nda\u00bb mevzus\u0131ndaki konferentsiyada i\u015ftirak etecek\"}]},{\"@type\":\"WebSite\",\"@id\":\"https:\\\/\\\/qtmm.org\\\/qt\\\/#website\",\"url\":\"https:\\\/\\\/qtmm.org\\\/qt\\\/\",\"name\":\"\u041c\u0435\u0434\u0436\u043b\u0456\u0441\",\"description\":\"\",\"publisher\":{\"@id\":\"https:\\\/\\\/qtmm.org\\\/qt\\\/#organization\"},\"potentialAction\":[{\"@type\":\"SearchAction\",\"target\":{\"@type\":\"EntryPoint\",\"urlTemplate\":\"https:\\\/\\\/qtmm.org\\\/qt\\\/?s={search_term_string}\"},\"query-input\":{\"@type\":\"PropertyValueSpecification\",\"valueRequired\":true,\"valueName\":\"search_term_string\"}}],\"inLanguage\":\"qt\"},{\"@type\":\"Organization\",\"@id\":\"https:\\\/\\\/qtmm.org\\\/qt\\\/#organization\",\"name\":\"\u041c\u0435\u0434\u0436\u043b\u0456\u0441\",\"url\":\"https:\\\/\\\/qtmm.org\\\/qt\\\/\",\"logo\":{\"@type\":\"ImageObject\",\"inLanguage\":\"qt\",\"@id\":\"https:\\\/\\\/qtmm.org\\\/qt\\\/#\\\/schema\\\/logo\\\/image\\\/\",\"url\":\"https:\\\/\\\/qtmm.org\\\/wp-content\\\/uploads\\\/2024\\\/12\\\/ua-mejlis-logo-rgb.svg\",\"contentUrl\":\"https:\\\/\\\/qtmm.org\\\/wp-content\\\/uploads\\\/2024\\\/12\\\/ua-mejlis-logo-rgb.svg\",\"caption\":\"\u041c\u0435\u0434\u0436\u043b\u0456\u0441\"},\"image\":{\"@id\":\"https:\\\/\\\/qtmm.org\\\/qt\\\/#\\\/schema\\\/logo\\\/image\\\/\"},\"sameAs\":[\"https:\\\/\\\/www.facebook.com\\\/qtmm.info\\\/\"]},{\"@type\":\"Person\",\"@id\":\"https:\\\/\\\/qtmm.org\\\/qt\\\/#\\\/schema\\\/person\\\/de562469f971dec226ac06e60bbf74a7\",\"name\":\"Developer\",\"image\":{\"@type\":\"ImageObject\",\"inLanguage\":\"qt\",\"@id\":\"https:\\\/\\\/secure.gravatar.com\\\/avatar\\\/392b4cc8fbfeb00b39dfeeab4ee6edded39ffd48e25858637e4765810300227e?s=96&d=mm&r=g\",\"url\":\"https:\\\/\\\/secure.gravatar.com\\\/avatar\\\/392b4cc8fbfeb00b39dfeeab4ee6edded39ffd48e25858637e4765810300227e?s=96&d=mm&r=g\",\"contentUrl\":\"https:\\\/\\\/secure.gravatar.com\\\/avatar\\\/392b4cc8fbfeb00b39dfeeab4ee6edded39ffd48e25858637e4765810300227e?s=96&d=mm&r=g\",\"caption\":\"Developer\"},\"url\":\"https:\\\/\\\/qtmm.org\\\/qt\\\/author\\\/Developer\\\/\"}]}<\/script>\n<!-- \/ Yoast SEO plugin. -->","yoast_head_json":{"title":"Meclis t\u0131\u015fq\u0131 al\u00e2qalar b\u00f6l\u00fcgini\u00f1 ba\u015f\u0131 Ali Hamzin \u00abDavid ve G\u00f6liaf: az say\u0131l\u0131 halqlar totaliat rejimi alt\u0131nda\u00bb mevzus\u0131ndaki konferentsiyada i\u015ftirak etecek - \u041c\u0435\u0434\u0436\u043b\u0456\u0441","robots":{"index":"index","follow":"follow","max-snippet":"max-snippet:-1","max-image-preview":"max-image-preview:large","max-video-preview":"max-video-preview:-1"},"canonical":"https:\/\/qtmm.org\/qt\/meclis-tisqi-alaqalar-boluginin-basi-ali-hamzin-david-ve-goliaf-az-sayili-halqlar-totaliat-rejimi-altinda-mevzusindaki-konferentsiyada-istirak-etecek\/","og_locale":"en_US","og_type":"article","og_title":"Meclis t\u0131\u015fq\u0131 al\u00e2qalar b\u00f6l\u00fcgini\u00f1 ba\u015f\u0131 Ali Hamzin \u00abDavid ve G\u00f6liaf: az say\u0131l\u0131 halqlar totaliat rejimi alt\u0131nda\u00bb mevzus\u0131ndaki konferentsiyada i\u015ftirak etecek - \u041c\u0435\u0434\u0436\u043b\u0456\u0441","og_description":"2013 senesi mart 19-da Br\u00fcsselde Avropa parlamentinde \u0425\u0425 as\u0131rda az say\u0131l\u0131 halqlarn\u0131\u00f1 facial\u0131 taqdirine ba\u011f\u0131\u015flan\u011fan &#8220;David ve G\u00f6liaf: az say\u0131l\u0131 halqlar totalitar rejimi alt\u0131nda&#8221; mevzus\u0131nda konferentsiya \u00f6tkerilecek. On\u0131\u00f1 te\u015fkil\u00e2t\u00e7\u0131lar\u0131 qayd etkenine k\u00f6re, bir \u00e7oq b\u00f6yle halqlar milliy, diniy mens\u00fcpligi sebebinden aqs\u0131mlan\u0131p, medeniyetleri, tili, din ive milliy \u00f6zg\u00fcnligi yoq etil\u00fcvge mahk\u00fcm etilgen edi. &#8220;Avropa Birligi ke\u00e7mi\u015fte [&hellip;]","og_url":"https:\/\/qtmm.org\/qt\/meclis-tisqi-alaqalar-boluginin-basi-ali-hamzin-david-ve-goliaf-az-sayili-halqlar-totaliat-rejimi-altinda-mevzusindaki-konferentsiyada-istirak-etecek\/","og_site_name":"\u041c\u0435\u0434\u0436\u043b\u0456\u0441","article_publisher":"https:\/\/www.facebook.com\/qtmm.info\/","article_published_time":"2013-03-15T14:37:00+00:00","article_modified_time":"2022-01-23T14:38:19+00:00","og_image":[{"width":650,"height":900,"url":"https:\/\/qtmm.org\/wp-content\/uploads\/2022\/01\/david_and_goliath_text.jpeg","type":"image\/jpeg"}],"author":"Developer","twitter_card":"summary_large_image","twitter_misc":{"Written by":"Developer","Est. reading time":"1 minute"},"schema":{"@context":"https:\/\/schema.org","@graph":[{"@type":"Article","@id":"https:\/\/qtmm.org\/qt\/meclis-tisqi-alaqalar-boluginin-basi-ali-hamzin-david-ve-goliaf-az-sayili-halqlar-totaliat-rejimi-altinda-mevzusindaki-konferentsiyada-istirak-etecek\/#article","isPartOf":{"@id":"https:\/\/qtmm.org\/qt\/meclis-tisqi-alaqalar-boluginin-basi-ali-hamzin-david-ve-goliaf-az-sayili-halqlar-totaliat-rejimi-altinda-mevzusindaki-konferentsiyada-istirak-etecek\/"},"author":{"name":"Developer","@id":"https:\/\/qtmm.org\/qt\/#\/schema\/person\/de562469f971dec226ac06e60bbf74a7"},"headline":"Meclis t\u0131\u015fq\u0131 al\u00e2qalar b\u00f6l\u00fcgini\u00f1 ba\u015f\u0131 Ali Hamzin \u00abDavid ve G\u00f6liaf: az say\u0131l\u0131 halqlar totaliat rejimi alt\u0131nda\u00bb mevzus\u0131ndaki konferentsiyada i\u015ftirak etecek","datePublished":"2013-03-15T14:37:00+00:00","dateModified":"2022-01-23T14:38:19+00:00","mainEntityOfPage":{"@id":"https:\/\/qtmm.org\/qt\/meclis-tisqi-alaqalar-boluginin-basi-ali-hamzin-david-ve-goliaf-az-sayili-halqlar-totaliat-rejimi-altinda-mevzusindaki-konferentsiyada-istirak-etecek\/"},"wordCount":213,"commentCount":0,"publisher":{"@id":"https:\/\/qtmm.org\/qt\/#organization"},"image":{"@id":"https:\/\/qtmm.org\/qt\/meclis-tisqi-alaqalar-boluginin-basi-ali-hamzin-david-ve-goliaf-az-sayili-halqlar-totaliat-rejimi-altinda-mevzusindaki-konferentsiyada-istirak-etecek\/#primaryimage"},"thumbnailUrl":"http:\/\/qtmm.org\/wp-content\/uploads\/2022\/01\/david_and_goliath_text.jpeg","articleSection":["Haberler"],"inLanguage":"qt","potentialAction":[{"@type":"CommentAction","name":"Comment","target":["https:\/\/qtmm.org\/qt\/meclis-tisqi-alaqalar-boluginin-basi-ali-hamzin-david-ve-goliaf-az-sayili-halqlar-totaliat-rejimi-altinda-mevzusindaki-konferentsiyada-istirak-etecek\/#respond"]}]},{"@type":"WebPage","@id":"https:\/\/qtmm.org\/qt\/meclis-tisqi-alaqalar-boluginin-basi-ali-hamzin-david-ve-goliaf-az-sayili-halqlar-totaliat-rejimi-altinda-mevzusindaki-konferentsiyada-istirak-etecek\/","url":"https:\/\/qtmm.org\/qt\/meclis-tisqi-alaqalar-boluginin-basi-ali-hamzin-david-ve-goliaf-az-sayili-halqlar-totaliat-rejimi-altinda-mevzusindaki-konferentsiyada-istirak-etecek\/","name":"Meclis t\u0131\u015fq\u0131 al\u00e2qalar b\u00f6l\u00fcgini\u00f1 ba\u015f\u0131 Ali Hamzin \u00abDavid ve G\u00f6liaf: az say\u0131l\u0131 halqlar totaliat rejimi alt\u0131nda\u00bb mevzus\u0131ndaki konferentsiyada i\u015ftirak etecek - \u041c\u0435\u0434\u0436\u043b\u0456\u0441","isPartOf":{"@id":"https:\/\/qtmm.org\/qt\/#website"},"primaryImageOfPage":{"@id":"https:\/\/qtmm.org\/qt\/meclis-tisqi-alaqalar-boluginin-basi-ali-hamzin-david-ve-goliaf-az-sayili-halqlar-totaliat-rejimi-altinda-mevzusindaki-konferentsiyada-istirak-etecek\/#primaryimage"},"image":{"@id":"https:\/\/qtmm.org\/qt\/meclis-tisqi-alaqalar-boluginin-basi-ali-hamzin-david-ve-goliaf-az-sayili-halqlar-totaliat-rejimi-altinda-mevzusindaki-konferentsiyada-istirak-etecek\/#primaryimage"},"thumbnailUrl":"http:\/\/qtmm.org\/wp-content\/uploads\/2022\/01\/david_and_goliath_text.jpeg","datePublished":"2013-03-15T14:37:00+00:00","dateModified":"2022-01-23T14:38:19+00:00","breadcrumb":{"@id":"https:\/\/qtmm.org\/qt\/meclis-tisqi-alaqalar-boluginin-basi-ali-hamzin-david-ve-goliaf-az-sayili-halqlar-totaliat-rejimi-altinda-mevzusindaki-konferentsiyada-istirak-etecek\/#breadcrumb"},"inLanguage":"qt","potentialAction":[{"@type":"ReadAction","target":["https:\/\/qtmm.org\/qt\/meclis-tisqi-alaqalar-boluginin-basi-ali-hamzin-david-ve-goliaf-az-sayili-halqlar-totaliat-rejimi-altinda-mevzusindaki-konferentsiyada-istirak-etecek\/"]}]},{"@type":"ImageObject","inLanguage":"qt","@id":"https:\/\/qtmm.org\/qt\/meclis-tisqi-alaqalar-boluginin-basi-ali-hamzin-david-ve-goliaf-az-sayili-halqlar-totaliat-rejimi-altinda-mevzusindaki-konferentsiyada-istirak-etecek\/#primaryimage","url":"http:\/\/qtmm.org\/wp-content\/uploads\/2022\/01\/david_and_goliath_text.jpeg","contentUrl":"http:\/\/qtmm.org\/wp-content\/uploads\/2022\/01\/david_and_goliath_text.jpeg"},{"@type":"BreadcrumbList","@id":"https:\/\/qtmm.org\/qt\/meclis-tisqi-alaqalar-boluginin-basi-ali-hamzin-david-ve-goliaf-az-sayili-halqlar-totaliat-rejimi-altinda-mevzusindaki-konferentsiyada-istirak-etecek\/#breadcrumb","itemListElement":[{"@type":"ListItem","position":1,"name":"\u0413\u043e\u043b\u043e\u0432\u043d\u0430","item":"https:\/\/qtmm.org\/qt\/"},{"@type":"ListItem","position":2,"name":"Meclis t\u0131\u015fq\u0131 al\u00e2qalar b\u00f6l\u00fcgini\u00f1 ba\u015f\u0131 Ali Hamzin \u00abDavid ve G\u00f6liaf: az say\u0131l\u0131 halqlar totaliat rejimi alt\u0131nda\u00bb mevzus\u0131ndaki konferentsiyada i\u015ftirak etecek"}]},{"@type":"WebSite","@id":"https:\/\/qtmm.org\/qt\/#website","url":"https:\/\/qtmm.org\/qt\/","name":"\u041c\u0435\u0434\u0436\u043b\u0456\u0441","description":"","publisher":{"@id":"https:\/\/qtmm.org\/qt\/#organization"},"potentialAction":[{"@type":"SearchAction","target":{"@type":"EntryPoint","urlTemplate":"https:\/\/qtmm.org\/qt\/?s={search_term_string}"},"query-input":{"@type":"PropertyValueSpecification","valueRequired":true,"valueName":"search_term_string"}}],"inLanguage":"qt"},{"@type":"Organization","@id":"https:\/\/qtmm.org\/qt\/#organization","name":"\u041c\u0435\u0434\u0436\u043b\u0456\u0441","url":"https:\/\/qtmm.org\/qt\/","logo":{"@type":"ImageObject","inLanguage":"qt","@id":"https:\/\/qtmm.org\/qt\/#\/schema\/logo\/image\/","url":"https:\/\/qtmm.org\/wp-content\/uploads\/2024\/12\/ua-mejlis-logo-rgb.svg","contentUrl":"https:\/\/qtmm.org\/wp-content\/uploads\/2024\/12\/ua-mejlis-logo-rgb.svg","caption":"\u041c\u0435\u0434\u0436\u043b\u0456\u0441"},"image":{"@id":"https:\/\/qtmm.org\/qt\/#\/schema\/logo\/image\/"},"sameAs":["https:\/\/www.facebook.com\/qtmm.info\/"]},{"@type":"Person","@id":"https:\/\/qtmm.org\/qt\/#\/schema\/person\/de562469f971dec226ac06e60bbf74a7","name":"Developer","image":{"@type":"ImageObject","inLanguage":"qt","@id":"https:\/\/secure.gravatar.com\/avatar\/392b4cc8fbfeb00b39dfeeab4ee6edded39ffd48e25858637e4765810300227e?s=96&d=mm&r=g","url":"https:\/\/secure.gravatar.com\/avatar\/392b4cc8fbfeb00b39dfeeab4ee6edded39ffd48e25858637e4765810300227e?s=96&d=mm&r=g","contentUrl":"https:\/\/secure.gravatar.com\/avatar\/392b4cc8fbfeb00b39dfeeab4ee6edded39ffd48e25858637e4765810300227e?s=96&d=mm&r=g","caption":"Developer"},"url":"https:\/\/qtmm.org\/qt\/author\/Developer\/"}]}},"_links":{"self":[{"href":"https:\/\/qtmm.org\/qt\/wp-json\/wp\/v2\/posts\/36209","targetHints":{"allow":["GET"]}}],"collection":[{"href":"https:\/\/qtmm.org\/qt\/wp-json\/wp\/v2\/posts"}],"about":[{"href":"https:\/\/qtmm.org\/qt\/wp-json\/wp\/v2\/types\/post"}],"author":[{"embeddable":true,"href":"https:\/\/qtmm.org\/qt\/wp-json\/wp\/v2\/users\/1"}],"replies":[{"embeddable":true,"href":"https:\/\/qtmm.org\/qt\/wp-json\/wp\/v2\/comments?post=36209"}],"version-history":[{"count":1,"href":"https:\/\/qtmm.org\/qt\/wp-json\/wp\/v2\/posts\/36209\/revisions"}],"predecessor-version":[{"id":36214,"href":"https:\/\/qtmm.org\/qt\/wp-json\/wp\/v2\/posts\/36209\/revisions\/36214"}],"wp:attachment":[{"href":"https:\/\/qtmm.org\/qt\/wp-json\/wp\/v2\/media?parent=36209"}],"wp:term":[{"taxonomy":"category","embeddable":true,"href":"https:\/\/qtmm.org\/qt\/wp-json\/wp\/v2\/categories?post=36209"},{"taxonomy":"post_tag","embeddable":true,"href":"https:\/\/qtmm.org\/qt\/wp-json\/wp\/v2\/tags?post=36209"}],"curies":[{"name":"wp","href":"https:\/\/api.w.org\/{rel}","templated":true}]}}