




{"id":36207,"date":"2013-03-12T17:36:00","date_gmt":"2013-03-12T14:36:00","guid":{"rendered":"http:\/\/qtmm.org\/?p=36207"},"modified":"2022-01-23T17:37:28","modified_gmt":"2022-01-23T14:37:28","slug":"refat-cubarov-mogilov-birlesken-milletler-teskilatinin-esas-printsiplerine-qarsi-ciqti","status":"publish","type":"post","link":"https:\/\/qtmm.org\/qt\/refat-cubarov-mogilov-birlesken-milletler-teskilatinin-esas-printsiplerine-qarsi-ciqti\/","title":{"rendered":"Refat \u00c7ubarov: \u00abMOG\u0130L\u00d6V B\u0130RLE\u015eKEN M\u0130LLETLER TE\u015eK\u0130L\u00c2TINI\u00d1 ESAS PR\u0130NTS\u0130PLER\u0130NE QAR\u015eI \u00c7IQTI\u00bb"},"content":{"rendered":"\n<p>&#8220;Jurnalistni\u00f1 telefon vastas\u0131nen Q\u0131r\u0131m Nazirler \u015euras\u0131n\u0131\u00f1 reisi A. Mogil\u00f6vn\u0131\u00f1 Q\u0131r\u0131mtatar halq\u0131 Meclisi aqq\u0131nda bug\u00fcn aytqan s\u00f6zlerine izaat bermege rica etkende men bir topla\u015fuvdan ekincisine ket\u00e2tqan\u0131mdan dolay\u0131 tafsil\u00e2tl\u0131 izaat bermege imk\u00e2n\u0131m olmad\u0131.<\/p>\n\n\n\n<p>Endi A. Mogil\u00f6vn\u0131\u00f1 bug\u00fcn ke\u00e7irgen matbuat konferentsiyas\u0131n\u0131\u00f1 keti\u015fat\u0131nen tan\u0131\u015f ol\u0131p, bun\u0131\u00f1 kibi de Nazirler \u015euras\u0131n\u0131 a\u00e7uvland\u0131r\u011fan sualni &#8220;Nov\u0131y region&#8221; informatsion agentlikni\u00f1 jurnalisti ol\u011fan\u0131n\u0131 bilgenimden so\u00f1 \u015fun\u0131 qayd etmek isterdim ki, cenap Mogil\u00f6v \u00f6z\u00fcni\u00f1 &#8220;Meclis \u2013 bu, Ukrainan\u0131\u00f1 uquqiy alan\u0131ndan t\u0131\u015fta bulun\u011fan struktura&#8221; degen s\u00f6zlerinen qarmaqqa ilindi. &#8220;Nov\u0131y region&#8221; informatsion agentligini\u00f1 jurnalisti \u015fu sualni ille b\u00f6yle cevap almaq maqsad\u0131nen bergen edi. Ebet. Q\u0131r\u0131m ba\u015f naziri tuzaq qoyul\u011fan\u0131n\u0131 \u00f6z vaqt\u0131nda a\u00f1lar, degen \u015f\u00fcbe de yoq degil edi.<\/p>\n\n\n\n<p>Amma k\u00f6remiz ki, militsiya h\u0131zmet\u00e7isine has tikba\u015fl\u0131q idareciden \u00fcst\u00fcn keldi. Ya da akimiyetke h\u0131zmet etken siyaset\u015f\u0131naslar er \u015feyni esapqa almad\u0131rlar\u2026\u0130\u015fte, &#8220;Nov\u0131y region&#8221; informatsion agentligini\u00f1 jurnalistlerini Q\u0131r\u0131m akimiyeti ve q\u0131r\u0131mtatarlarn\u0131\u00f1 aras\u0131n\u0131 bozmaq o\u011frundaki areketlerinde elde etken nevbetteki ye\u00f1i\u015flerinen hay\u0131rlamaq m\u00fcmk\u00fcn.<\/p>\n\n\n\n<p>Tabiiy ki, bir \u00e7oq yerli vazifedar \u015fah\u0131slar Mogil\u00f6vn\u0131\u00f1 t\u00fc\u015f\u00fcnmeden aytqan s\u00f6zlerni buyruq kibi qabul etebilirler. Q\u0131r\u0131mtatarlarn\u0131\u00f1 meselelerini \u00e7ez\u00fcvnen o\u011fra\u015fqan milliy idare organlar\u0131na akimiyetni\u00f1 b\u00f6yle munasebetine q\u0131r\u0131mtatarlar nas\u0131l sesleneceklerini k\u00fcn evelden bilmek i\u00e7\u00fcn \u00e7oq aq\u0131l kerek degil.<\/p>\n\n\n\n<p>Mogil\u00f6vn\u0131\u00f1 s\u00f6zlerinden so\u00f1 Mecliske pek \u00e7oq semetde\u015fimiz telefon a\u00e7qan\u0131 insanlar b\u00f6yle \u00e7\u0131q\u0131\u015flarn\u0131 qabul etmegenlerinden del\u00e2let bere. Adamlar bun\u0131 Q\u0131r\u0131m akimiyeti q\u0131r\u0131mtatar halq\u0131n\u0131\u00f1 aqlar\u0131n\u0131 aqs\u0131mla\u011fan\u0131n\u0131 tasdiqla\u011fan bir fakt olaraq k\u00f6rdiler.<\/p>\n\n\n\n<p>\u015eu munasebetnen, fursattan faydalanaraq,&nbsp;<strong>Birle\u015fken Milletler Te\u015fkil\u00e2t\u0131n\u0131\u00f1 temeliy qanuniy akt\u0131<\/strong>&nbsp;\u2013 BMT Ba\u015f Assambleyas\u0131 2007 senesi sent\u00e2br 13-te qabul etken Tam\u0131r halqlarn\u0131\u00f1 aqlar\u0131 aqq\u0131nda deklaratsiyas\u0131ndan bir qa\u00e7 nizamlarn\u0131 ketirmek isteyim. Olarda halqara standartlar ve q\u0131r\u0131mtatar halq\u0131 ve on\u0131\u00f1 saylad\u0131\u011f\u0131 idare organlar\u0131 &#8211; Meclis ve yerli meclislerni\u00f1 bulund\u0131\u011f\u0131 vaziyetke yana\u015fuv yollar\u0131 qayd etilgendir.<br><br>&nbsp;<\/p>\n\n\n\n<p class=\"has-text-align-center\"><strong>TAMIR HALQLARNI\u00d1 AQLARI AQQINDA DEKLARATS\u0130YASI<\/strong><\/p>\n\n\n\n<p class=\"has-text-align-center\"><em><strong>(BMT Ba\u015f Assambleyas\u0131 2007 senesi sent\u00e2br 13-te 61\/295 qarar\u0131nen qabul etildi)<\/strong><\/em><\/p>\n\n\n\n<p><strong>5-nci madde<\/strong><\/p>\n\n\n\n<p><em>Tam\u0131r halqlar \u00f6zlerini\u00f1 hususiy siyasiy, uquqiy, iqtisadiy, sotsial ve medeniy institutlar\u0131n\u0131 saqlap qalmaq ve pekitmek aqq\u0131na malik olaraq, ayn\u0131 zamanda eger istekleri olsa devletni\u00f1 siyasiy, uquqiy, iqtisadiy, sotsial ve medeniy \u00f6m\u00fcrinde i\u015ftirak etmege aqlar\u0131 bar.<\/em><br>&nbsp;<\/p>\n\n\n\n<p><strong>18-nci madde<\/strong><\/p>\n\n\n\n<p><em>Tam\u0131r halqlar olarn\u0131\u00f1 aqlar\u0131na dair mesleler boyunca qarar qabul et\u00fcvde kendilerine ait protsedura boyunca saylan\u011fan vekillerini\u00f1 vastas\u0131nen i\u015ftirak etmege, bun\u0131\u00f1 kibi de \u00f6zlerini\u00f1 idarelerini saqlama\u011fa ve inki\u015faf ettirmege aqlar\u0131 bar.<\/em><\/p>\n\n\n\n<p><strong>19-nc\u0131 madde<\/strong><\/p>\n\n\n\n<p><em>Devletler ait tam\u0131r halqlar\u011fa toqunabilgen qanuniy ya da memuriy \u00e7arelerni qabul etmek ve amelge ke\u00e7irmekten evel olarn\u0131\u00f1 serbest, k\u00fcnevelki ve a\u00f1l\u0131 raz\u0131l\u0131\u011f\u0131n\u0131 almaq maqsad\u0131nda \u015fu halqlarn\u0131\u00f1 vek\u00e2letli institutlar\u0131nen aq\u0131l tan\u0131\u015falar ve i\u015fbirlikte bulunalar.<\/em><\/p>\n\n\n\n<p><br><strong>20-nci madde<\/strong><\/p>\n\n\n\n<p><em>1. Tam\u0131r hakllar \u00f6zlerini\u00f1 iqtisadiy ve sotsial sistemleri ya da institutlar\u0131n\u0131 saqlama\u011fa ve inki\u015faf ettirmege, olarn\u0131\u00f1 ya\u015fay\u0131\u015f\u0131 ve inki\u015faf\u0131, ananeviy ve diger iqtisadiy faaliyetnen o\u011fra\u015fmaq imk\u00e2n\u0131n\u0131 bergen \u00f6z vastalar\u0131ndan kefilli qullanma\u011fa aqlar\u0131 bar.<\/em><\/p>\n\n\n\n<p>Belki Mogil\u00f6v\u011fa Birle\u015fken Milletler Te\u015fkil\u00e2t\u0131n\u0131\u00f1 temeliy qanuniy akt\u0131 \u2013 BMT Ba\u015f Assambleyas\u0131 taraf\u0131ndan qabul etilgen Tam\u0131r halqlarn\u0131\u00f1 aqlar\u0131 aqq\u0131nda deklaratsiyas\u0131n\u0131 a\u00f1maqn\u0131 yasaq etmek daa da qolay olur?&#8221;<br>&nbsp;<\/p>\n\n\n\n<p class=\"has-text-align-right\"><strong>Refat \u00c7ubarov,<br>Q\u0131r\u0131mtatar halq\u0131 Meclisi reisini\u00f1 birinci muavini<\/strong><\/p>\n","protected":false},"excerpt":{"rendered":"<p>&#8220;Jurnalistni\u00f1 telefon vastas\u0131nen Q\u0131r\u0131m Nazirler \u015euras\u0131n\u0131\u00f1 reisi A. Mogil\u00f6vn\u0131\u00f1 Q\u0131r\u0131mtatar halq\u0131 Meclisi aqq\u0131nda bug\u00fcn aytqan s\u00f6zlerine izaat bermege rica etkende men bir topla\u015fuvdan ekincisine ket\u00e2tqan\u0131mdan dolay\u0131 tafsil\u00e2tl\u0131 izaat bermege imk\u00e2n\u0131m olmad\u0131. Endi A. Mogil\u00f6vn\u0131\u00f1 bug\u00fcn ke\u00e7irgen matbuat konferentsiyas\u0131n\u0131\u00f1 keti\u015fat\u0131nen tan\u0131\u015f ol\u0131p, bun\u0131\u00f1 kibi de Nazirler \u015euras\u0131n\u0131 a\u00e7uvland\u0131r\u011fan sualni &#8220;Nov\u0131y region&#8221; informatsion agentlikni\u00f1 jurnalisti ol\u011fan\u0131n\u0131 bilgenimden [&hellip;]<\/p>\n","protected":false},"author":1,"featured_media":0,"comment_status":"open","ping_status":"open","sticky":false,"template":"","format":"standard","meta":{"inline_featured_image":false,"footnotes":""},"categories":[265],"tags":[],"class_list":["post-36207","post","type-post","status-publish","format-standard","hentry","category-haberler"],"acf":[],"yoast_head":"<!-- This site is optimized with the Yoast SEO plugin v27.4 - https:\/\/yoast.com\/product\/yoast-seo-wordpress\/ -->\n<title>Refat \u00c7ubarov: \u00abMOG\u0130L\u00d6V B\u0130RLE\u015eKEN M\u0130LLETLER TE\u015eK\u0130L\u00c2TINI\u00d1 ESAS PR\u0130NTS\u0130PLER\u0130NE QAR\u015eI \u00c7IQTI\u00bb - \u041c\u0435\u0434\u0436\u043b\u0456\u0441<\/title>\n<meta name=\"robots\" content=\"index, follow, max-snippet:-1, max-image-preview:large, max-video-preview:-1\" \/>\n<link rel=\"canonical\" href=\"https:\/\/qtmm.org\/qt\/refat-cubarov-mogilov-birlesken-milletler-teskilatinin-esas-printsiplerine-qarsi-ciqti\/\" \/>\n<meta property=\"og:locale\" content=\"en_US\" \/>\n<meta property=\"og:type\" content=\"article\" \/>\n<meta property=\"og:title\" content=\"Refat \u00c7ubarov: \u00abMOG\u0130L\u00d6V B\u0130RLE\u015eKEN M\u0130LLETLER TE\u015eK\u0130L\u00c2TINI\u00d1 ESAS PR\u0130NTS\u0130PLER\u0130NE QAR\u015eI \u00c7IQTI\u00bb - \u041c\u0435\u0434\u0436\u043b\u0456\u0441\" \/>\n<meta property=\"og:description\" content=\"&#8220;Jurnalistni\u00f1 telefon vastas\u0131nen Q\u0131r\u0131m Nazirler \u015euras\u0131n\u0131\u00f1 reisi A. Mogil\u00f6vn\u0131\u00f1 Q\u0131r\u0131mtatar halq\u0131 Meclisi aqq\u0131nda bug\u00fcn aytqan s\u00f6zlerine izaat bermege rica etkende men bir topla\u015fuvdan ekincisine ket\u00e2tqan\u0131mdan dolay\u0131 tafsil\u00e2tl\u0131 izaat bermege imk\u00e2n\u0131m olmad\u0131. Endi A. Mogil\u00f6vn\u0131\u00f1 bug\u00fcn ke\u00e7irgen matbuat konferentsiyas\u0131n\u0131\u00f1 keti\u015fat\u0131nen tan\u0131\u015f ol\u0131p, bun\u0131\u00f1 kibi de Nazirler \u015euras\u0131n\u0131 a\u00e7uvland\u0131r\u011fan sualni &#8220;Nov\u0131y region&#8221; informatsion agentlikni\u00f1 jurnalisti ol\u011fan\u0131n\u0131 bilgenimden [&hellip;]\" \/>\n<meta property=\"og:url\" content=\"https:\/\/qtmm.org\/qt\/refat-cubarov-mogilov-birlesken-milletler-teskilatinin-esas-printsiplerine-qarsi-ciqti\/\" \/>\n<meta property=\"og:site_name\" content=\"\u041c\u0435\u0434\u0436\u043b\u0456\u0441\" \/>\n<meta property=\"article:publisher\" content=\"https:\/\/www.facebook.com\/qtmm.info\/\" \/>\n<meta property=\"article:published_time\" content=\"2013-03-12T14:36:00+00:00\" \/>\n<meta property=\"article:modified_time\" content=\"2022-01-23T14:37:28+00:00\" \/>\n<meta name=\"author\" content=\"Developer\" \/>\n<meta name=\"twitter:card\" content=\"summary_large_image\" \/>\n<meta name=\"twitter:label1\" content=\"Written by\" \/>\n\t<meta name=\"twitter:data1\" content=\"Developer\" \/>\n\t<meta name=\"twitter:label2\" content=\"Est. reading time\" \/>\n\t<meta name=\"twitter:data2\" content=\"3 minutes\" \/>\n<script type=\"application\/ld+json\" class=\"yoast-schema-graph\">{\"@context\":\"https:\\\/\\\/schema.org\",\"@graph\":[{\"@type\":\"Article\",\"@id\":\"https:\\\/\\\/qtmm.org\\\/qt\\\/refat-cubarov-mogilov-birlesken-milletler-teskilatinin-esas-printsiplerine-qarsi-ciqti\\\/#article\",\"isPartOf\":{\"@id\":\"https:\\\/\\\/qtmm.org\\\/qt\\\/refat-cubarov-mogilov-birlesken-milletler-teskilatinin-esas-printsiplerine-qarsi-ciqti\\\/\"},\"author\":{\"name\":\"Developer\",\"@id\":\"https:\\\/\\\/qtmm.org\\\/qt\\\/#\\\/schema\\\/person\\\/de562469f971dec226ac06e60bbf74a7\"},\"headline\":\"Refat \u00c7ubarov: \u00abMOG\u0130L\u00d6V B\u0130RLE\u015eKEN M\u0130LLETLER TE\u015eK\u0130L\u00c2TINI\u00d1 ESAS PR\u0130NTS\u0130PLER\u0130NE QAR\u015eI \u00c7IQTI\u00bb\",\"datePublished\":\"2013-03-12T14:36:00+00:00\",\"dateModified\":\"2022-01-23T14:37:28+00:00\",\"mainEntityOfPage\":{\"@id\":\"https:\\\/\\\/qtmm.org\\\/qt\\\/refat-cubarov-mogilov-birlesken-milletler-teskilatinin-esas-printsiplerine-qarsi-ciqti\\\/\"},\"wordCount\":639,\"commentCount\":0,\"publisher\":{\"@id\":\"https:\\\/\\\/qtmm.org\\\/qt\\\/#organization\"},\"articleSection\":[\"Haberler\"],\"inLanguage\":\"qt\",\"potentialAction\":[{\"@type\":\"CommentAction\",\"name\":\"Comment\",\"target\":[\"https:\\\/\\\/qtmm.org\\\/qt\\\/refat-cubarov-mogilov-birlesken-milletler-teskilatinin-esas-printsiplerine-qarsi-ciqti\\\/#respond\"]}]},{\"@type\":\"WebPage\",\"@id\":\"https:\\\/\\\/qtmm.org\\\/qt\\\/refat-cubarov-mogilov-birlesken-milletler-teskilatinin-esas-printsiplerine-qarsi-ciqti\\\/\",\"url\":\"https:\\\/\\\/qtmm.org\\\/qt\\\/refat-cubarov-mogilov-birlesken-milletler-teskilatinin-esas-printsiplerine-qarsi-ciqti\\\/\",\"name\":\"Refat \u00c7ubarov: \u00abMOG\u0130L\u00d6V B\u0130RLE\u015eKEN M\u0130LLETLER TE\u015eK\u0130L\u00c2TINI\u00d1 ESAS PR\u0130NTS\u0130PLER\u0130NE QAR\u015eI \u00c7IQTI\u00bb - \u041c\u0435\u0434\u0436\u043b\u0456\u0441\",\"isPartOf\":{\"@id\":\"https:\\\/\\\/qtmm.org\\\/qt\\\/#website\"},\"datePublished\":\"2013-03-12T14:36:00+00:00\",\"dateModified\":\"2022-01-23T14:37:28+00:00\",\"breadcrumb\":{\"@id\":\"https:\\\/\\\/qtmm.org\\\/qt\\\/refat-cubarov-mogilov-birlesken-milletler-teskilatinin-esas-printsiplerine-qarsi-ciqti\\\/#breadcrumb\"},\"inLanguage\":\"qt\",\"potentialAction\":[{\"@type\":\"ReadAction\",\"target\":[\"https:\\\/\\\/qtmm.org\\\/qt\\\/refat-cubarov-mogilov-birlesken-milletler-teskilatinin-esas-printsiplerine-qarsi-ciqti\\\/\"]}]},{\"@type\":\"BreadcrumbList\",\"@id\":\"https:\\\/\\\/qtmm.org\\\/qt\\\/refat-cubarov-mogilov-birlesken-milletler-teskilatinin-esas-printsiplerine-qarsi-ciqti\\\/#breadcrumb\",\"itemListElement\":[{\"@type\":\"ListItem\",\"position\":1,\"name\":\"\u0413\u043e\u043b\u043e\u0432\u043d\u0430\",\"item\":\"https:\\\/\\\/qtmm.org\\\/qt\\\/\"},{\"@type\":\"ListItem\",\"position\":2,\"name\":\"Refat \u00c7ubarov: \u00abMOG\u0130L\u00d6V B\u0130RLE\u015eKEN M\u0130LLETLER TE\u015eK\u0130L\u00c2TINI\u00d1 ESAS PR\u0130NTS\u0130PLER\u0130NE QAR\u015eI \u00c7IQTI\u00bb\"}]},{\"@type\":\"WebSite\",\"@id\":\"https:\\\/\\\/qtmm.org\\\/qt\\\/#website\",\"url\":\"https:\\\/\\\/qtmm.org\\\/qt\\\/\",\"name\":\"\u041c\u0435\u0434\u0436\u043b\u0456\u0441\",\"description\":\"\",\"publisher\":{\"@id\":\"https:\\\/\\\/qtmm.org\\\/qt\\\/#organization\"},\"potentialAction\":[{\"@type\":\"SearchAction\",\"target\":{\"@type\":\"EntryPoint\",\"urlTemplate\":\"https:\\\/\\\/qtmm.org\\\/qt\\\/?s={search_term_string}\"},\"query-input\":{\"@type\":\"PropertyValueSpecification\",\"valueRequired\":true,\"valueName\":\"search_term_string\"}}],\"inLanguage\":\"qt\"},{\"@type\":\"Organization\",\"@id\":\"https:\\\/\\\/qtmm.org\\\/qt\\\/#organization\",\"name\":\"\u041c\u0435\u0434\u0436\u043b\u0456\u0441\",\"url\":\"https:\\\/\\\/qtmm.org\\\/qt\\\/\",\"logo\":{\"@type\":\"ImageObject\",\"inLanguage\":\"qt\",\"@id\":\"https:\\\/\\\/qtmm.org\\\/qt\\\/#\\\/schema\\\/logo\\\/image\\\/\",\"url\":\"https:\\\/\\\/qtmm.org\\\/wp-content\\\/uploads\\\/2024\\\/12\\\/ua-mejlis-logo-rgb.svg\",\"contentUrl\":\"https:\\\/\\\/qtmm.org\\\/wp-content\\\/uploads\\\/2024\\\/12\\\/ua-mejlis-logo-rgb.svg\",\"caption\":\"\u041c\u0435\u0434\u0436\u043b\u0456\u0441\"},\"image\":{\"@id\":\"https:\\\/\\\/qtmm.org\\\/qt\\\/#\\\/schema\\\/logo\\\/image\\\/\"},\"sameAs\":[\"https:\\\/\\\/www.facebook.com\\\/qtmm.info\\\/\"]},{\"@type\":\"Person\",\"@id\":\"https:\\\/\\\/qtmm.org\\\/qt\\\/#\\\/schema\\\/person\\\/de562469f971dec226ac06e60bbf74a7\",\"name\":\"Developer\",\"image\":{\"@type\":\"ImageObject\",\"inLanguage\":\"qt\",\"@id\":\"https:\\\/\\\/secure.gravatar.com\\\/avatar\\\/392b4cc8fbfeb00b39dfeeab4ee6edded39ffd48e25858637e4765810300227e?s=96&d=mm&r=g\",\"url\":\"https:\\\/\\\/secure.gravatar.com\\\/avatar\\\/392b4cc8fbfeb00b39dfeeab4ee6edded39ffd48e25858637e4765810300227e?s=96&d=mm&r=g\",\"contentUrl\":\"https:\\\/\\\/secure.gravatar.com\\\/avatar\\\/392b4cc8fbfeb00b39dfeeab4ee6edded39ffd48e25858637e4765810300227e?s=96&d=mm&r=g\",\"caption\":\"Developer\"},\"url\":\"https:\\\/\\\/qtmm.org\\\/qt\\\/author\\\/Developer\\\/\"}]}<\/script>\n<!-- \/ Yoast SEO plugin. -->","yoast_head_json":{"title":"Refat \u00c7ubarov: \u00abMOG\u0130L\u00d6V B\u0130RLE\u015eKEN M\u0130LLETLER TE\u015eK\u0130L\u00c2TINI\u00d1 ESAS PR\u0130NTS\u0130PLER\u0130NE QAR\u015eI \u00c7IQTI\u00bb - \u041c\u0435\u0434\u0436\u043b\u0456\u0441","robots":{"index":"index","follow":"follow","max-snippet":"max-snippet:-1","max-image-preview":"max-image-preview:large","max-video-preview":"max-video-preview:-1"},"canonical":"https:\/\/qtmm.org\/qt\/refat-cubarov-mogilov-birlesken-milletler-teskilatinin-esas-printsiplerine-qarsi-ciqti\/","og_locale":"en_US","og_type":"article","og_title":"Refat \u00c7ubarov: \u00abMOG\u0130L\u00d6V B\u0130RLE\u015eKEN M\u0130LLETLER TE\u015eK\u0130L\u00c2TINI\u00d1 ESAS PR\u0130NTS\u0130PLER\u0130NE QAR\u015eI \u00c7IQTI\u00bb - \u041c\u0435\u0434\u0436\u043b\u0456\u0441","og_description":"&#8220;Jurnalistni\u00f1 telefon vastas\u0131nen Q\u0131r\u0131m Nazirler \u015euras\u0131n\u0131\u00f1 reisi A. Mogil\u00f6vn\u0131\u00f1 Q\u0131r\u0131mtatar halq\u0131 Meclisi aqq\u0131nda bug\u00fcn aytqan s\u00f6zlerine izaat bermege rica etkende men bir topla\u015fuvdan ekincisine ket\u00e2tqan\u0131mdan dolay\u0131 tafsil\u00e2tl\u0131 izaat bermege imk\u00e2n\u0131m olmad\u0131. Endi A. Mogil\u00f6vn\u0131\u00f1 bug\u00fcn ke\u00e7irgen matbuat konferentsiyas\u0131n\u0131\u00f1 keti\u015fat\u0131nen tan\u0131\u015f ol\u0131p, bun\u0131\u00f1 kibi de Nazirler \u015euras\u0131n\u0131 a\u00e7uvland\u0131r\u011fan sualni &#8220;Nov\u0131y region&#8221; informatsion agentlikni\u00f1 jurnalisti ol\u011fan\u0131n\u0131 bilgenimden [&hellip;]","og_url":"https:\/\/qtmm.org\/qt\/refat-cubarov-mogilov-birlesken-milletler-teskilatinin-esas-printsiplerine-qarsi-ciqti\/","og_site_name":"\u041c\u0435\u0434\u0436\u043b\u0456\u0441","article_publisher":"https:\/\/www.facebook.com\/qtmm.info\/","article_published_time":"2013-03-12T14:36:00+00:00","article_modified_time":"2022-01-23T14:37:28+00:00","author":"Developer","twitter_card":"summary_large_image","twitter_misc":{"Written by":"Developer","Est. reading time":"3 minutes"},"schema":{"@context":"https:\/\/schema.org","@graph":[{"@type":"Article","@id":"https:\/\/qtmm.org\/qt\/refat-cubarov-mogilov-birlesken-milletler-teskilatinin-esas-printsiplerine-qarsi-ciqti\/#article","isPartOf":{"@id":"https:\/\/qtmm.org\/qt\/refat-cubarov-mogilov-birlesken-milletler-teskilatinin-esas-printsiplerine-qarsi-ciqti\/"},"author":{"name":"Developer","@id":"https:\/\/qtmm.org\/qt\/#\/schema\/person\/de562469f971dec226ac06e60bbf74a7"},"headline":"Refat \u00c7ubarov: \u00abMOG\u0130L\u00d6V B\u0130RLE\u015eKEN M\u0130LLETLER TE\u015eK\u0130L\u00c2TINI\u00d1 ESAS PR\u0130NTS\u0130PLER\u0130NE QAR\u015eI \u00c7IQTI\u00bb","datePublished":"2013-03-12T14:36:00+00:00","dateModified":"2022-01-23T14:37:28+00:00","mainEntityOfPage":{"@id":"https:\/\/qtmm.org\/qt\/refat-cubarov-mogilov-birlesken-milletler-teskilatinin-esas-printsiplerine-qarsi-ciqti\/"},"wordCount":639,"commentCount":0,"publisher":{"@id":"https:\/\/qtmm.org\/qt\/#organization"},"articleSection":["Haberler"],"inLanguage":"qt","potentialAction":[{"@type":"CommentAction","name":"Comment","target":["https:\/\/qtmm.org\/qt\/refat-cubarov-mogilov-birlesken-milletler-teskilatinin-esas-printsiplerine-qarsi-ciqti\/#respond"]}]},{"@type":"WebPage","@id":"https:\/\/qtmm.org\/qt\/refat-cubarov-mogilov-birlesken-milletler-teskilatinin-esas-printsiplerine-qarsi-ciqti\/","url":"https:\/\/qtmm.org\/qt\/refat-cubarov-mogilov-birlesken-milletler-teskilatinin-esas-printsiplerine-qarsi-ciqti\/","name":"Refat \u00c7ubarov: \u00abMOG\u0130L\u00d6V B\u0130RLE\u015eKEN M\u0130LLETLER TE\u015eK\u0130L\u00c2TINI\u00d1 ESAS PR\u0130NTS\u0130PLER\u0130NE QAR\u015eI \u00c7IQTI\u00bb - \u041c\u0435\u0434\u0436\u043b\u0456\u0441","isPartOf":{"@id":"https:\/\/qtmm.org\/qt\/#website"},"datePublished":"2013-03-12T14:36:00+00:00","dateModified":"2022-01-23T14:37:28+00:00","breadcrumb":{"@id":"https:\/\/qtmm.org\/qt\/refat-cubarov-mogilov-birlesken-milletler-teskilatinin-esas-printsiplerine-qarsi-ciqti\/#breadcrumb"},"inLanguage":"qt","potentialAction":[{"@type":"ReadAction","target":["https:\/\/qtmm.org\/qt\/refat-cubarov-mogilov-birlesken-milletler-teskilatinin-esas-printsiplerine-qarsi-ciqti\/"]}]},{"@type":"BreadcrumbList","@id":"https:\/\/qtmm.org\/qt\/refat-cubarov-mogilov-birlesken-milletler-teskilatinin-esas-printsiplerine-qarsi-ciqti\/#breadcrumb","itemListElement":[{"@type":"ListItem","position":1,"name":"\u0413\u043e\u043b\u043e\u0432\u043d\u0430","item":"https:\/\/qtmm.org\/qt\/"},{"@type":"ListItem","position":2,"name":"Refat \u00c7ubarov: \u00abMOG\u0130L\u00d6V B\u0130RLE\u015eKEN M\u0130LLETLER TE\u015eK\u0130L\u00c2TINI\u00d1 ESAS PR\u0130NTS\u0130PLER\u0130NE QAR\u015eI \u00c7IQTI\u00bb"}]},{"@type":"WebSite","@id":"https:\/\/qtmm.org\/qt\/#website","url":"https:\/\/qtmm.org\/qt\/","name":"\u041c\u0435\u0434\u0436\u043b\u0456\u0441","description":"","publisher":{"@id":"https:\/\/qtmm.org\/qt\/#organization"},"potentialAction":[{"@type":"SearchAction","target":{"@type":"EntryPoint","urlTemplate":"https:\/\/qtmm.org\/qt\/?s={search_term_string}"},"query-input":{"@type":"PropertyValueSpecification","valueRequired":true,"valueName":"search_term_string"}}],"inLanguage":"qt"},{"@type":"Organization","@id":"https:\/\/qtmm.org\/qt\/#organization","name":"\u041c\u0435\u0434\u0436\u043b\u0456\u0441","url":"https:\/\/qtmm.org\/qt\/","logo":{"@type":"ImageObject","inLanguage":"qt","@id":"https:\/\/qtmm.org\/qt\/#\/schema\/logo\/image\/","url":"https:\/\/qtmm.org\/wp-content\/uploads\/2024\/12\/ua-mejlis-logo-rgb.svg","contentUrl":"https:\/\/qtmm.org\/wp-content\/uploads\/2024\/12\/ua-mejlis-logo-rgb.svg","caption":"\u041c\u0435\u0434\u0436\u043b\u0456\u0441"},"image":{"@id":"https:\/\/qtmm.org\/qt\/#\/schema\/logo\/image\/"},"sameAs":["https:\/\/www.facebook.com\/qtmm.info\/"]},{"@type":"Person","@id":"https:\/\/qtmm.org\/qt\/#\/schema\/person\/de562469f971dec226ac06e60bbf74a7","name":"Developer","image":{"@type":"ImageObject","inLanguage":"qt","@id":"https:\/\/secure.gravatar.com\/avatar\/392b4cc8fbfeb00b39dfeeab4ee6edded39ffd48e25858637e4765810300227e?s=96&d=mm&r=g","url":"https:\/\/secure.gravatar.com\/avatar\/392b4cc8fbfeb00b39dfeeab4ee6edded39ffd48e25858637e4765810300227e?s=96&d=mm&r=g","contentUrl":"https:\/\/secure.gravatar.com\/avatar\/392b4cc8fbfeb00b39dfeeab4ee6edded39ffd48e25858637e4765810300227e?s=96&d=mm&r=g","caption":"Developer"},"url":"https:\/\/qtmm.org\/qt\/author\/Developer\/"}]}},"_links":{"self":[{"href":"https:\/\/qtmm.org\/qt\/wp-json\/wp\/v2\/posts\/36207","targetHints":{"allow":["GET"]}}],"collection":[{"href":"https:\/\/qtmm.org\/qt\/wp-json\/wp\/v2\/posts"}],"about":[{"href":"https:\/\/qtmm.org\/qt\/wp-json\/wp\/v2\/types\/post"}],"author":[{"embeddable":true,"href":"https:\/\/qtmm.org\/qt\/wp-json\/wp\/v2\/users\/1"}],"replies":[{"embeddable":true,"href":"https:\/\/qtmm.org\/qt\/wp-json\/wp\/v2\/comments?post=36207"}],"version-history":[{"count":1,"href":"https:\/\/qtmm.org\/qt\/wp-json\/wp\/v2\/posts\/36207\/revisions"}],"predecessor-version":[{"id":36208,"href":"https:\/\/qtmm.org\/qt\/wp-json\/wp\/v2\/posts\/36207\/revisions\/36208"}],"wp:attachment":[{"href":"https:\/\/qtmm.org\/qt\/wp-json\/wp\/v2\/media?parent=36207"}],"wp:term":[{"taxonomy":"category","embeddable":true,"href":"https:\/\/qtmm.org\/qt\/wp-json\/wp\/v2\/categories?post=36207"},{"taxonomy":"post_tag","embeddable":true,"href":"https:\/\/qtmm.org\/qt\/wp-json\/wp\/v2\/tags?post=36207"}],"curies":[{"name":"wp","href":"https:\/\/api.w.org\/{rel}","templated":true}]}}