




{"id":36189,"date":"2013-03-11T17:33:00","date_gmt":"2013-03-11T14:33:00","guid":{"rendered":"http:\/\/qtmm.org\/?p=36189"},"modified":"2022-01-23T17:35:57","modified_gmt":"2022-01-23T14:35:57","slug":"ukraina-yuqari-surasinin-insan-milliy-azliqlar-aqlari-ve-milletlerara-munasebetler-boyunca-komiteti-ukraina-prezidentini-qirim-ukumeti-ve-qirimtatar-halqinin-meclisi-arasindaki-davani-yatistirmaga-ca","status":"publish","type":"post","link":"https:\/\/qtmm.org\/qt\/ukraina-yuqari-surasinin-insan-milliy-azliqlar-aqlari-ve-milletlerara-munasebetler-boyunca-komiteti-ukraina-prezidentini-qirim-ukumeti-ve-qirimtatar-halqinin-meclisi-arasindaki-davani-yatistirmaga-ca\/","title":{"rendered":"Ukraina Yuqar\u0131 \u015euras\u0131n\u0131\u00f1 \u0130nsan, milliy azl\u0131qlar aqlar\u0131 ve milletlerara munasebetler boyunca komiteti Ukraina Prezidentini Q\u0131r\u0131m \u00fck\u00fcmeti ve Q\u0131r\u0131mtatar halq\u0131n\u0131\u00f1 Meclisi aras\u0131ndaki davan\u0131 yat\u0131\u015ft\u0131rma\u011fa \u00e7a\u011f\u0131ra"},"content":{"rendered":"\n<p>Mekt\u00fcp q\u0131r\u0131mtatarlarn\u0131\u00f1 s\u00fcrg\u00fcn etilgen k\u00fcn\u00fc \u2013 may\u0131s 18 tedbirlerine az\u0131rl\u0131q i\u015flerinden &#8220;Meclis \u00e7etle\u015ftirildi&#8221;, Meclis vekilleri ise akimiyet organlar\u0131ndaki vazifelerinden bo\u015fat\u0131lalar, degen haberlerge seslen\u00fcv old\u0131.<\/p>\n\n\n\n<figure class=\"wp-block-image size-full\"><img loading=\"lazy\" decoding=\"async\" width=\"650\" height=\"350\" src=\"http:\/\/qtmm.org\/wp-content\/uploads\/2022\/01\/1_100.jpeg\" alt=\"\" class=\"wp-image-36190\" srcset=\"https:\/\/qtmm.org\/wp-content\/uploads\/2022\/01\/1_100.jpeg 650w, https:\/\/qtmm.org\/wp-content\/uploads\/2022\/01\/1_100-300x162.jpeg 300w\" sizes=\"auto, (max-width: 650px) 100vw, 650px\" \/><\/figure>\n\n\n\n<p>&#8220;Q\u0131r\u0131m icra akimiyeti q\u0131r\u0131mtatarlarn\u0131\u00f1 vek\u00e2letli organ\u0131 ol\u011fan Meclisnen keli\u015fmeyip 2013 senesi may\u0131s 18 matem tedbirlerini ke\u00e7ir\u00fcvge t\u00fczet\u00fcvler kirsetmege istegeni bizni pek raats\u0131zlay&#8221;, &#8211; denile Meclis reisi, Ukraina halq deputat\u0131 Mustafa Cemilevni\u00f1 te\u015febb\u00fcsinen yaz\u0131l\u011fan muracaatta.<\/p>\n\n\n\n<p>Komitet Yanukovi\u00e7ke muracaatta bulun\u0131p, &#8221; Ukraina devlet akimiyeti organlar\u0131, Q\u0131r\u0131m icra akimiyeti ve Meclis, Q\u0131r\u0131m Yuqar\u0131 \u015euras\u0131na q\u0131r\u0131mtatarlar aras\u0131ndan saylan\u011fan deputatlar ve yerli idare organlar\u0131n\u0131\u00f1 dialog\u0131, i\u015fbirligini \u011fayr\u0131dan tiklev boyunca \u00e7are=tedbirlerni k\u00f6rmek&#8221; rica ete.<\/p>\n\n\n\n<figure class=\"wp-block-image size-full\"><img loading=\"lazy\" decoding=\"async\" width=\"650\" height=\"281\" src=\"http:\/\/qtmm.org\/wp-content\/uploads\/2022\/01\/2_99.jpeg\" alt=\"\" class=\"wp-image-36194\" srcset=\"https:\/\/qtmm.org\/wp-content\/uploads\/2022\/01\/2_99.jpeg 650w, https:\/\/qtmm.org\/wp-content\/uploads\/2022\/01\/2_99-300x130.jpeg 300w\" sizes=\"auto, (max-width: 650px) 100vw, 650px\" \/><\/figure>\n\n\n\n<p>Eger dava \u00e7ezilmese Ukraina Yuqar\u0131 \u015euras\u0131n\u0131\u00f1 komiteti Q\u0131r\u0131mda seyyar meclisini ke\u00e7irmege az\u0131r ol\u011fan\u0131n\u0131 bildirdi. \u00d6z nevbetinde \u0130nsan aqlar\u0131 komitetini\u00f1 azas\u0131 ve Meclis reisi Mustafa Cemilev dedi ki, &#8220;Q\u0131r\u0131mdaki \u015fimdiki \u00fck\u00fcmetgni\u00f1 q\u0131r\u0131mtatar milliy areketini par\u00e7alamaq niyetleri \u00e7ul tutmaz&#8221;.<\/p>\n\n\n\n<p>Meclis reisini\u00f1 bildirgenine k\u00f6re Q\u0131r\u0131mda k\u00f6r\u00fc\u015f\u00fcv \u00f6tkerilip, o\u00f1a bu vaziyetke al\u00e2qadar ol\u011fan insanlarn\u0131\u00f1 episi davet etilecek. &#8220;Biz vaziyetni talil etermiz. \u00dcm\u00fct etemiz ki, bu, kerginlikni y\u0131m\u015fat\u0131r&#8221;, &#8211; dep qayd etti Mustafa Cemilev.<\/p>\n\n\n\n<figure class=\"wp-block-image size-full\"><img loading=\"lazy\" decoding=\"async\" width=\"650\" height=\"350\" src=\"http:\/\/qtmm.org\/wp-content\/uploads\/2022\/01\/3_70.jpeg\" alt=\"\" class=\"wp-image-36198\" srcset=\"https:\/\/qtmm.org\/wp-content\/uploads\/2022\/01\/3_70.jpeg 650w, https:\/\/qtmm.org\/wp-content\/uploads\/2022\/01\/3_70-300x162.jpeg 300w\" sizes=\"auto, (max-width: 650px) 100vw, 650px\" \/><\/figure>\n\n\n\n<p>&#8220;Q\u0131r\u0131mtatarlar \u015fun\u0131 bilmeliler ki, yerli akimiyetni\u00f1 keli\u015fmegen areketlerine qar\u015f\u0131 ya\u00f1\u011f\u0131z qalmazlar. Meclisni esapqa almamaq ya b\u00fcy\u00fck hata, ya da Q\u0131r\u0131mdaki vaziyetni kerginle\u015ftirmek maqsad\u0131nen bile tur\u0131p yap\u0131l\u011fan fesat&#8221;, &#8211; dedi eminliknen \u0130nsan, milliy azl\u0131qlarn\u0131\u00f1 aqlar\u0131 ve milletlerara munasebetler boyunca komitet reisini\u00f1 birinci muavini Andrey \u015eev\u00e7enko.<\/p>\n\n\n\n<figure class=\"wp-block-image size-full\"><img loading=\"lazy\" decoding=\"async\" width=\"650\" height=\"363\" src=\"http:\/\/qtmm.org\/wp-content\/uploads\/2022\/01\/4_66.jpeg\" alt=\"\" class=\"wp-image-36202\" srcset=\"https:\/\/qtmm.org\/wp-content\/uploads\/2022\/01\/4_66.jpeg 650w, https:\/\/qtmm.org\/wp-content\/uploads\/2022\/01\/4_66-300x168.jpeg 300w\" sizes=\"auto, (max-width: 650px) 100vw, 650px\" \/><\/figure>\n\n\n\n<p>Komitet topla\u015fuv\u0131nda bira\u011f\u0131zdan qabul etilgen mekt\u00fcpte Prezidentke Q\u0131r\u0131mtatarlarn\u0131\u00f1 meseleleri boyunca halqara forumn\u0131 Ukrainada ke\u00e7irmek imk\u00e2n\u0131n\u0131 da baqmaqn\u0131 teklif etti.<\/p>\n\n\n\n<p>Komitetni\u00f1 seyyar topla\u015fuv\u0131 Q\u0131r\u0131mda may\u0131s 18-ge qadar ke\u00e7irilmesi kerek.<\/p>\n","protected":false},"excerpt":{"rendered":"<p>Mekt\u00fcp q\u0131r\u0131mtatarlarn\u0131\u00f1 s\u00fcrg\u00fcn etilgen k\u00fcn\u00fc \u2013 may\u0131s 18 tedbirlerine az\u0131rl\u0131q i\u015flerinden &#8220;Meclis \u00e7etle\u015ftirildi&#8221;, Meclis vekilleri ise akimiyet organlar\u0131ndaki vazifelerinden bo\u015fat\u0131lalar, degen haberlerge seslen\u00fcv old\u0131. &#8220;Q\u0131r\u0131m icra akimiyeti q\u0131r\u0131mtatarlarn\u0131\u00f1 vek\u00e2letli organ\u0131 ol\u011fan Meclisnen keli\u015fmeyip 2013 senesi may\u0131s 18 matem tedbirlerini ke\u00e7ir\u00fcvge t\u00fczet\u00fcvler kirsetmege istegeni bizni pek raats\u0131zlay&#8221;, &#8211; denile Meclis reisi, Ukraina halq deputat\u0131 Mustafa Cemilevni\u00f1 [&hellip;]<\/p>\n","protected":false},"author":1,"featured_media":0,"comment_status":"open","ping_status":"open","sticky":false,"template":"","format":"standard","meta":{"inline_featured_image":false,"footnotes":""},"categories":[265],"tags":[],"class_list":["post-36189","post","type-post","status-publish","format-standard","hentry","category-haberler"],"acf":[],"yoast_head":"<!-- This site is optimized with the Yoast SEO plugin v27.4 - https:\/\/yoast.com\/product\/yoast-seo-wordpress\/ -->\n<title>Ukraina Yuqar\u0131 \u015euras\u0131n\u0131\u00f1 \u0130nsan, milliy azl\u0131qlar aqlar\u0131 ve milletlerara munasebetler boyunca komiteti Ukraina Prezidentini Q\u0131r\u0131m \u00fck\u00fcmeti ve Q\u0131r\u0131mtatar halq\u0131n\u0131\u00f1 Meclisi aras\u0131ndaki davan\u0131 yat\u0131\u015ft\u0131rma\u011fa \u00e7a\u011f\u0131ra - \u041c\u0435\u0434\u0436\u043b\u0456\u0441<\/title>\n<meta name=\"robots\" content=\"index, follow, max-snippet:-1, max-image-preview:large, max-video-preview:-1\" \/>\n<link rel=\"canonical\" href=\"https:\/\/qtmm.org\/qt\/ukraina-yuqari-surasinin-insan-milliy-azliqlar-aqlari-ve-milletlerara-munasebetler-boyunca-komiteti-ukraina-prezidentini-qirim-ukumeti-ve-qirimtatar-halqinin-meclisi-arasindaki-davani-yatistirmaga-ca\/\" \/>\n<meta property=\"og:locale\" content=\"en_US\" \/>\n<meta property=\"og:type\" content=\"article\" \/>\n<meta property=\"og:title\" content=\"Ukraina Yuqar\u0131 \u015euras\u0131n\u0131\u00f1 \u0130nsan, milliy azl\u0131qlar aqlar\u0131 ve milletlerara munasebetler boyunca komiteti Ukraina Prezidentini Q\u0131r\u0131m \u00fck\u00fcmeti ve Q\u0131r\u0131mtatar halq\u0131n\u0131\u00f1 Meclisi aras\u0131ndaki davan\u0131 yat\u0131\u015ft\u0131rma\u011fa \u00e7a\u011f\u0131ra - \u041c\u0435\u0434\u0436\u043b\u0456\u0441\" \/>\n<meta property=\"og:description\" content=\"Mekt\u00fcp q\u0131r\u0131mtatarlarn\u0131\u00f1 s\u00fcrg\u00fcn etilgen k\u00fcn\u00fc \u2013 may\u0131s 18 tedbirlerine az\u0131rl\u0131q i\u015flerinden &#8220;Meclis \u00e7etle\u015ftirildi&#8221;, Meclis vekilleri ise akimiyet organlar\u0131ndaki vazifelerinden bo\u015fat\u0131lalar, degen haberlerge seslen\u00fcv old\u0131. &#8220;Q\u0131r\u0131m icra akimiyeti q\u0131r\u0131mtatarlarn\u0131\u00f1 vek\u00e2letli organ\u0131 ol\u011fan Meclisnen keli\u015fmeyip 2013 senesi may\u0131s 18 matem tedbirlerini ke\u00e7ir\u00fcvge t\u00fczet\u00fcvler kirsetmege istegeni bizni pek raats\u0131zlay&#8221;, &#8211; denile Meclis reisi, Ukraina halq deputat\u0131 Mustafa Cemilevni\u00f1 [&hellip;]\" \/>\n<meta property=\"og:url\" content=\"https:\/\/qtmm.org\/qt\/ukraina-yuqari-surasinin-insan-milliy-azliqlar-aqlari-ve-milletlerara-munasebetler-boyunca-komiteti-ukraina-prezidentini-qirim-ukumeti-ve-qirimtatar-halqinin-meclisi-arasindaki-davani-yatistirmaga-ca\/\" \/>\n<meta property=\"og:site_name\" content=\"\u041c\u0435\u0434\u0436\u043b\u0456\u0441\" \/>\n<meta property=\"article:publisher\" content=\"https:\/\/www.facebook.com\/qtmm.info\/\" \/>\n<meta property=\"article:published_time\" content=\"2013-03-11T14:33:00+00:00\" \/>\n<meta property=\"article:modified_time\" content=\"2022-01-23T14:35:57+00:00\" \/>\n<meta property=\"og:image\" content=\"https:\/\/qtmm.org\/wp-content\/uploads\/2022\/01\/1_100.jpeg\" \/>\n\t<meta property=\"og:image:width\" content=\"650\" \/>\n\t<meta property=\"og:image:height\" content=\"350\" \/>\n\t<meta property=\"og:image:type\" content=\"image\/jpeg\" \/>\n<meta name=\"author\" content=\"Developer\" \/>\n<meta name=\"twitter:card\" content=\"summary_large_image\" \/>\n<meta name=\"twitter:label1\" content=\"Written by\" \/>\n\t<meta name=\"twitter:data1\" content=\"Developer\" \/>\n\t<meta name=\"twitter:label2\" content=\"Est. reading time\" \/>\n\t<meta name=\"twitter:data2\" content=\"2 minutes\" \/>\n<script type=\"application\/ld+json\" class=\"yoast-schema-graph\">{\"@context\":\"https:\\\/\\\/schema.org\",\"@graph\":[{\"@type\":\"Article\",\"@id\":\"https:\\\/\\\/qtmm.org\\\/qt\\\/ukraina-yuqari-surasinin-insan-milliy-azliqlar-aqlari-ve-milletlerara-munasebetler-boyunca-komiteti-ukraina-prezidentini-qirim-ukumeti-ve-qirimtatar-halqinin-meclisi-arasindaki-davani-yatistirmaga-ca\\\/#article\",\"isPartOf\":{\"@id\":\"https:\\\/\\\/qtmm.org\\\/qt\\\/ukraina-yuqari-surasinin-insan-milliy-azliqlar-aqlari-ve-milletlerara-munasebetler-boyunca-komiteti-ukraina-prezidentini-qirim-ukumeti-ve-qirimtatar-halqinin-meclisi-arasindaki-davani-yatistirmaga-ca\\\/\"},\"author\":{\"name\":\"Developer\",\"@id\":\"https:\\\/\\\/qtmm.org\\\/qt\\\/#\\\/schema\\\/person\\\/de562469f971dec226ac06e60bbf74a7\"},\"headline\":\"Ukraina Yuqar\u0131 \u015euras\u0131n\u0131\u00f1 \u0130nsan, milliy azl\u0131qlar aqlar\u0131 ve milletlerara munasebetler boyunca komiteti Ukraina Prezidentini Q\u0131r\u0131m \u00fck\u00fcmeti ve Q\u0131r\u0131mtatar halq\u0131n\u0131\u00f1 Meclisi aras\u0131ndaki davan\u0131 yat\u0131\u015ft\u0131rma\u011fa \u00e7a\u011f\u0131ra\",\"datePublished\":\"2013-03-11T14:33:00+00:00\",\"dateModified\":\"2022-01-23T14:35:57+00:00\",\"mainEntityOfPage\":{\"@id\":\"https:\\\/\\\/qtmm.org\\\/qt\\\/ukraina-yuqari-surasinin-insan-milliy-azliqlar-aqlari-ve-milletlerara-munasebetler-boyunca-komiteti-ukraina-prezidentini-qirim-ukumeti-ve-qirimtatar-halqinin-meclisi-arasindaki-davani-yatistirmaga-ca\\\/\"},\"wordCount\":367,\"commentCount\":0,\"publisher\":{\"@id\":\"https:\\\/\\\/qtmm.org\\\/qt\\\/#organization\"},\"image\":{\"@id\":\"https:\\\/\\\/qtmm.org\\\/qt\\\/ukraina-yuqari-surasinin-insan-milliy-azliqlar-aqlari-ve-milletlerara-munasebetler-boyunca-komiteti-ukraina-prezidentini-qirim-ukumeti-ve-qirimtatar-halqinin-meclisi-arasindaki-davani-yatistirmaga-ca\\\/#primaryimage\"},\"thumbnailUrl\":\"http:\\\/\\\/qtmm.org\\\/wp-content\\\/uploads\\\/2022\\\/01\\\/1_100.jpeg\",\"articleSection\":[\"Haberler\"],\"inLanguage\":\"qt\",\"potentialAction\":[{\"@type\":\"CommentAction\",\"name\":\"Comment\",\"target\":[\"https:\\\/\\\/qtmm.org\\\/qt\\\/ukraina-yuqari-surasinin-insan-milliy-azliqlar-aqlari-ve-milletlerara-munasebetler-boyunca-komiteti-ukraina-prezidentini-qirim-ukumeti-ve-qirimtatar-halqinin-meclisi-arasindaki-davani-yatistirmaga-ca\\\/#respond\"]}]},{\"@type\":\"WebPage\",\"@id\":\"https:\\\/\\\/qtmm.org\\\/qt\\\/ukraina-yuqari-surasinin-insan-milliy-azliqlar-aqlari-ve-milletlerara-munasebetler-boyunca-komiteti-ukraina-prezidentini-qirim-ukumeti-ve-qirimtatar-halqinin-meclisi-arasindaki-davani-yatistirmaga-ca\\\/\",\"url\":\"https:\\\/\\\/qtmm.org\\\/qt\\\/ukraina-yuqari-surasinin-insan-milliy-azliqlar-aqlari-ve-milletlerara-munasebetler-boyunca-komiteti-ukraina-prezidentini-qirim-ukumeti-ve-qirimtatar-halqinin-meclisi-arasindaki-davani-yatistirmaga-ca\\\/\",\"name\":\"Ukraina Yuqar\u0131 \u015euras\u0131n\u0131\u00f1 \u0130nsan, milliy azl\u0131qlar aqlar\u0131 ve milletlerara munasebetler boyunca komiteti Ukraina Prezidentini Q\u0131r\u0131m \u00fck\u00fcmeti ve Q\u0131r\u0131mtatar halq\u0131n\u0131\u00f1 Meclisi aras\u0131ndaki davan\u0131 yat\u0131\u015ft\u0131rma\u011fa \u00e7a\u011f\u0131ra - \u041c\u0435\u0434\u0436\u043b\u0456\u0441\",\"isPartOf\":{\"@id\":\"https:\\\/\\\/qtmm.org\\\/qt\\\/#website\"},\"primaryImageOfPage\":{\"@id\":\"https:\\\/\\\/qtmm.org\\\/qt\\\/ukraina-yuqari-surasinin-insan-milliy-azliqlar-aqlari-ve-milletlerara-munasebetler-boyunca-komiteti-ukraina-prezidentini-qirim-ukumeti-ve-qirimtatar-halqinin-meclisi-arasindaki-davani-yatistirmaga-ca\\\/#primaryimage\"},\"image\":{\"@id\":\"https:\\\/\\\/qtmm.org\\\/qt\\\/ukraina-yuqari-surasinin-insan-milliy-azliqlar-aqlari-ve-milletlerara-munasebetler-boyunca-komiteti-ukraina-prezidentini-qirim-ukumeti-ve-qirimtatar-halqinin-meclisi-arasindaki-davani-yatistirmaga-ca\\\/#primaryimage\"},\"thumbnailUrl\":\"http:\\\/\\\/qtmm.org\\\/wp-content\\\/uploads\\\/2022\\\/01\\\/1_100.jpeg\",\"datePublished\":\"2013-03-11T14:33:00+00:00\",\"dateModified\":\"2022-01-23T14:35:57+00:00\",\"breadcrumb\":{\"@id\":\"https:\\\/\\\/qtmm.org\\\/qt\\\/ukraina-yuqari-surasinin-insan-milliy-azliqlar-aqlari-ve-milletlerara-munasebetler-boyunca-komiteti-ukraina-prezidentini-qirim-ukumeti-ve-qirimtatar-halqinin-meclisi-arasindaki-davani-yatistirmaga-ca\\\/#breadcrumb\"},\"inLanguage\":\"qt\",\"potentialAction\":[{\"@type\":\"ReadAction\",\"target\":[\"https:\\\/\\\/qtmm.org\\\/qt\\\/ukraina-yuqari-surasinin-insan-milliy-azliqlar-aqlari-ve-milletlerara-munasebetler-boyunca-komiteti-ukraina-prezidentini-qirim-ukumeti-ve-qirimtatar-halqinin-meclisi-arasindaki-davani-yatistirmaga-ca\\\/\"]}]},{\"@type\":\"ImageObject\",\"inLanguage\":\"qt\",\"@id\":\"https:\\\/\\\/qtmm.org\\\/qt\\\/ukraina-yuqari-surasinin-insan-milliy-azliqlar-aqlari-ve-milletlerara-munasebetler-boyunca-komiteti-ukraina-prezidentini-qirim-ukumeti-ve-qirimtatar-halqinin-meclisi-arasindaki-davani-yatistirmaga-ca\\\/#primaryimage\",\"url\":\"http:\\\/\\\/qtmm.org\\\/wp-content\\\/uploads\\\/2022\\\/01\\\/1_100.jpeg\",\"contentUrl\":\"http:\\\/\\\/qtmm.org\\\/wp-content\\\/uploads\\\/2022\\\/01\\\/1_100.jpeg\"},{\"@type\":\"BreadcrumbList\",\"@id\":\"https:\\\/\\\/qtmm.org\\\/qt\\\/ukraina-yuqari-surasinin-insan-milliy-azliqlar-aqlari-ve-milletlerara-munasebetler-boyunca-komiteti-ukraina-prezidentini-qirim-ukumeti-ve-qirimtatar-halqinin-meclisi-arasindaki-davani-yatistirmaga-ca\\\/#breadcrumb\",\"itemListElement\":[{\"@type\":\"ListItem\",\"position\":1,\"name\":\"\u0413\u043e\u043b\u043e\u0432\u043d\u0430\",\"item\":\"https:\\\/\\\/qtmm.org\\\/qt\\\/\"},{\"@type\":\"ListItem\",\"position\":2,\"name\":\"Ukraina Yuqar\u0131 \u015euras\u0131n\u0131\u00f1 \u0130nsan, milliy azl\u0131qlar aqlar\u0131 ve milletlerara munasebetler boyunca komiteti Ukraina Prezidentini Q\u0131r\u0131m \u00fck\u00fcmeti ve Q\u0131r\u0131mtatar halq\u0131n\u0131\u00f1 Meclisi aras\u0131ndaki davan\u0131 yat\u0131\u015ft\u0131rma\u011fa \u00e7a\u011f\u0131ra\"}]},{\"@type\":\"WebSite\",\"@id\":\"https:\\\/\\\/qtmm.org\\\/qt\\\/#website\",\"url\":\"https:\\\/\\\/qtmm.org\\\/qt\\\/\",\"name\":\"\u041c\u0435\u0434\u0436\u043b\u0456\u0441\",\"description\":\"\",\"publisher\":{\"@id\":\"https:\\\/\\\/qtmm.org\\\/qt\\\/#organization\"},\"potentialAction\":[{\"@type\":\"SearchAction\",\"target\":{\"@type\":\"EntryPoint\",\"urlTemplate\":\"https:\\\/\\\/qtmm.org\\\/qt\\\/?s={search_term_string}\"},\"query-input\":{\"@type\":\"PropertyValueSpecification\",\"valueRequired\":true,\"valueName\":\"search_term_string\"}}],\"inLanguage\":\"qt\"},{\"@type\":\"Organization\",\"@id\":\"https:\\\/\\\/qtmm.org\\\/qt\\\/#organization\",\"name\":\"\u041c\u0435\u0434\u0436\u043b\u0456\u0441\",\"url\":\"https:\\\/\\\/qtmm.org\\\/qt\\\/\",\"logo\":{\"@type\":\"ImageObject\",\"inLanguage\":\"qt\",\"@id\":\"https:\\\/\\\/qtmm.org\\\/qt\\\/#\\\/schema\\\/logo\\\/image\\\/\",\"url\":\"https:\\\/\\\/qtmm.org\\\/wp-content\\\/uploads\\\/2024\\\/12\\\/ua-mejlis-logo-rgb.svg\",\"contentUrl\":\"https:\\\/\\\/qtmm.org\\\/wp-content\\\/uploads\\\/2024\\\/12\\\/ua-mejlis-logo-rgb.svg\",\"caption\":\"\u041c\u0435\u0434\u0436\u043b\u0456\u0441\"},\"image\":{\"@id\":\"https:\\\/\\\/qtmm.org\\\/qt\\\/#\\\/schema\\\/logo\\\/image\\\/\"},\"sameAs\":[\"https:\\\/\\\/www.facebook.com\\\/qtmm.info\\\/\"]},{\"@type\":\"Person\",\"@id\":\"https:\\\/\\\/qtmm.org\\\/qt\\\/#\\\/schema\\\/person\\\/de562469f971dec226ac06e60bbf74a7\",\"name\":\"Developer\",\"image\":{\"@type\":\"ImageObject\",\"inLanguage\":\"qt\",\"@id\":\"https:\\\/\\\/secure.gravatar.com\\\/avatar\\\/392b4cc8fbfeb00b39dfeeab4ee6edded39ffd48e25858637e4765810300227e?s=96&d=mm&r=g\",\"url\":\"https:\\\/\\\/secure.gravatar.com\\\/avatar\\\/392b4cc8fbfeb00b39dfeeab4ee6edded39ffd48e25858637e4765810300227e?s=96&d=mm&r=g\",\"contentUrl\":\"https:\\\/\\\/secure.gravatar.com\\\/avatar\\\/392b4cc8fbfeb00b39dfeeab4ee6edded39ffd48e25858637e4765810300227e?s=96&d=mm&r=g\",\"caption\":\"Developer\"},\"url\":\"https:\\\/\\\/qtmm.org\\\/qt\\\/author\\\/Developer\\\/\"}]}<\/script>\n<!-- \/ Yoast SEO plugin. -->","yoast_head_json":{"title":"Ukraina Yuqar\u0131 \u015euras\u0131n\u0131\u00f1 \u0130nsan, milliy azl\u0131qlar aqlar\u0131 ve milletlerara munasebetler boyunca komiteti Ukraina Prezidentini Q\u0131r\u0131m \u00fck\u00fcmeti ve Q\u0131r\u0131mtatar halq\u0131n\u0131\u00f1 Meclisi aras\u0131ndaki davan\u0131 yat\u0131\u015ft\u0131rma\u011fa \u00e7a\u011f\u0131ra - \u041c\u0435\u0434\u0436\u043b\u0456\u0441","robots":{"index":"index","follow":"follow","max-snippet":"max-snippet:-1","max-image-preview":"max-image-preview:large","max-video-preview":"max-video-preview:-1"},"canonical":"https:\/\/qtmm.org\/qt\/ukraina-yuqari-surasinin-insan-milliy-azliqlar-aqlari-ve-milletlerara-munasebetler-boyunca-komiteti-ukraina-prezidentini-qirim-ukumeti-ve-qirimtatar-halqinin-meclisi-arasindaki-davani-yatistirmaga-ca\/","og_locale":"en_US","og_type":"article","og_title":"Ukraina Yuqar\u0131 \u015euras\u0131n\u0131\u00f1 \u0130nsan, milliy azl\u0131qlar aqlar\u0131 ve milletlerara munasebetler boyunca komiteti Ukraina Prezidentini Q\u0131r\u0131m \u00fck\u00fcmeti ve Q\u0131r\u0131mtatar halq\u0131n\u0131\u00f1 Meclisi aras\u0131ndaki davan\u0131 yat\u0131\u015ft\u0131rma\u011fa \u00e7a\u011f\u0131ra - \u041c\u0435\u0434\u0436\u043b\u0456\u0441","og_description":"Mekt\u00fcp q\u0131r\u0131mtatarlarn\u0131\u00f1 s\u00fcrg\u00fcn etilgen k\u00fcn\u00fc \u2013 may\u0131s 18 tedbirlerine az\u0131rl\u0131q i\u015flerinden &#8220;Meclis \u00e7etle\u015ftirildi&#8221;, Meclis vekilleri ise akimiyet organlar\u0131ndaki vazifelerinden bo\u015fat\u0131lalar, degen haberlerge seslen\u00fcv old\u0131. &#8220;Q\u0131r\u0131m icra akimiyeti q\u0131r\u0131mtatarlarn\u0131\u00f1 vek\u00e2letli organ\u0131 ol\u011fan Meclisnen keli\u015fmeyip 2013 senesi may\u0131s 18 matem tedbirlerini ke\u00e7ir\u00fcvge t\u00fczet\u00fcvler kirsetmege istegeni bizni pek raats\u0131zlay&#8221;, &#8211; denile Meclis reisi, Ukraina halq deputat\u0131 Mustafa Cemilevni\u00f1 [&hellip;]","og_url":"https:\/\/qtmm.org\/qt\/ukraina-yuqari-surasinin-insan-milliy-azliqlar-aqlari-ve-milletlerara-munasebetler-boyunca-komiteti-ukraina-prezidentini-qirim-ukumeti-ve-qirimtatar-halqinin-meclisi-arasindaki-davani-yatistirmaga-ca\/","og_site_name":"\u041c\u0435\u0434\u0436\u043b\u0456\u0441","article_publisher":"https:\/\/www.facebook.com\/qtmm.info\/","article_published_time":"2013-03-11T14:33:00+00:00","article_modified_time":"2022-01-23T14:35:57+00:00","og_image":[{"width":650,"height":350,"url":"https:\/\/qtmm.org\/wp-content\/uploads\/2022\/01\/1_100.jpeg","type":"image\/jpeg"}],"author":"Developer","twitter_card":"summary_large_image","twitter_misc":{"Written by":"Developer","Est. reading time":"2 minutes"},"schema":{"@context":"https:\/\/schema.org","@graph":[{"@type":"Article","@id":"https:\/\/qtmm.org\/qt\/ukraina-yuqari-surasinin-insan-milliy-azliqlar-aqlari-ve-milletlerara-munasebetler-boyunca-komiteti-ukraina-prezidentini-qirim-ukumeti-ve-qirimtatar-halqinin-meclisi-arasindaki-davani-yatistirmaga-ca\/#article","isPartOf":{"@id":"https:\/\/qtmm.org\/qt\/ukraina-yuqari-surasinin-insan-milliy-azliqlar-aqlari-ve-milletlerara-munasebetler-boyunca-komiteti-ukraina-prezidentini-qirim-ukumeti-ve-qirimtatar-halqinin-meclisi-arasindaki-davani-yatistirmaga-ca\/"},"author":{"name":"Developer","@id":"https:\/\/qtmm.org\/qt\/#\/schema\/person\/de562469f971dec226ac06e60bbf74a7"},"headline":"Ukraina Yuqar\u0131 \u015euras\u0131n\u0131\u00f1 \u0130nsan, milliy azl\u0131qlar aqlar\u0131 ve milletlerara munasebetler boyunca komiteti Ukraina Prezidentini Q\u0131r\u0131m \u00fck\u00fcmeti ve Q\u0131r\u0131mtatar halq\u0131n\u0131\u00f1 Meclisi aras\u0131ndaki davan\u0131 yat\u0131\u015ft\u0131rma\u011fa \u00e7a\u011f\u0131ra","datePublished":"2013-03-11T14:33:00+00:00","dateModified":"2022-01-23T14:35:57+00:00","mainEntityOfPage":{"@id":"https:\/\/qtmm.org\/qt\/ukraina-yuqari-surasinin-insan-milliy-azliqlar-aqlari-ve-milletlerara-munasebetler-boyunca-komiteti-ukraina-prezidentini-qirim-ukumeti-ve-qirimtatar-halqinin-meclisi-arasindaki-davani-yatistirmaga-ca\/"},"wordCount":367,"commentCount":0,"publisher":{"@id":"https:\/\/qtmm.org\/qt\/#organization"},"image":{"@id":"https:\/\/qtmm.org\/qt\/ukraina-yuqari-surasinin-insan-milliy-azliqlar-aqlari-ve-milletlerara-munasebetler-boyunca-komiteti-ukraina-prezidentini-qirim-ukumeti-ve-qirimtatar-halqinin-meclisi-arasindaki-davani-yatistirmaga-ca\/#primaryimage"},"thumbnailUrl":"http:\/\/qtmm.org\/wp-content\/uploads\/2022\/01\/1_100.jpeg","articleSection":["Haberler"],"inLanguage":"qt","potentialAction":[{"@type":"CommentAction","name":"Comment","target":["https:\/\/qtmm.org\/qt\/ukraina-yuqari-surasinin-insan-milliy-azliqlar-aqlari-ve-milletlerara-munasebetler-boyunca-komiteti-ukraina-prezidentini-qirim-ukumeti-ve-qirimtatar-halqinin-meclisi-arasindaki-davani-yatistirmaga-ca\/#respond"]}]},{"@type":"WebPage","@id":"https:\/\/qtmm.org\/qt\/ukraina-yuqari-surasinin-insan-milliy-azliqlar-aqlari-ve-milletlerara-munasebetler-boyunca-komiteti-ukraina-prezidentini-qirim-ukumeti-ve-qirimtatar-halqinin-meclisi-arasindaki-davani-yatistirmaga-ca\/","url":"https:\/\/qtmm.org\/qt\/ukraina-yuqari-surasinin-insan-milliy-azliqlar-aqlari-ve-milletlerara-munasebetler-boyunca-komiteti-ukraina-prezidentini-qirim-ukumeti-ve-qirimtatar-halqinin-meclisi-arasindaki-davani-yatistirmaga-ca\/","name":"Ukraina Yuqar\u0131 \u015euras\u0131n\u0131\u00f1 \u0130nsan, milliy azl\u0131qlar aqlar\u0131 ve milletlerara munasebetler boyunca komiteti Ukraina Prezidentini Q\u0131r\u0131m \u00fck\u00fcmeti ve Q\u0131r\u0131mtatar halq\u0131n\u0131\u00f1 Meclisi aras\u0131ndaki davan\u0131 yat\u0131\u015ft\u0131rma\u011fa \u00e7a\u011f\u0131ra - \u041c\u0435\u0434\u0436\u043b\u0456\u0441","isPartOf":{"@id":"https:\/\/qtmm.org\/qt\/#website"},"primaryImageOfPage":{"@id":"https:\/\/qtmm.org\/qt\/ukraina-yuqari-surasinin-insan-milliy-azliqlar-aqlari-ve-milletlerara-munasebetler-boyunca-komiteti-ukraina-prezidentini-qirim-ukumeti-ve-qirimtatar-halqinin-meclisi-arasindaki-davani-yatistirmaga-ca\/#primaryimage"},"image":{"@id":"https:\/\/qtmm.org\/qt\/ukraina-yuqari-surasinin-insan-milliy-azliqlar-aqlari-ve-milletlerara-munasebetler-boyunca-komiteti-ukraina-prezidentini-qirim-ukumeti-ve-qirimtatar-halqinin-meclisi-arasindaki-davani-yatistirmaga-ca\/#primaryimage"},"thumbnailUrl":"http:\/\/qtmm.org\/wp-content\/uploads\/2022\/01\/1_100.jpeg","datePublished":"2013-03-11T14:33:00+00:00","dateModified":"2022-01-23T14:35:57+00:00","breadcrumb":{"@id":"https:\/\/qtmm.org\/qt\/ukraina-yuqari-surasinin-insan-milliy-azliqlar-aqlari-ve-milletlerara-munasebetler-boyunca-komiteti-ukraina-prezidentini-qirim-ukumeti-ve-qirimtatar-halqinin-meclisi-arasindaki-davani-yatistirmaga-ca\/#breadcrumb"},"inLanguage":"qt","potentialAction":[{"@type":"ReadAction","target":["https:\/\/qtmm.org\/qt\/ukraina-yuqari-surasinin-insan-milliy-azliqlar-aqlari-ve-milletlerara-munasebetler-boyunca-komiteti-ukraina-prezidentini-qirim-ukumeti-ve-qirimtatar-halqinin-meclisi-arasindaki-davani-yatistirmaga-ca\/"]}]},{"@type":"ImageObject","inLanguage":"qt","@id":"https:\/\/qtmm.org\/qt\/ukraina-yuqari-surasinin-insan-milliy-azliqlar-aqlari-ve-milletlerara-munasebetler-boyunca-komiteti-ukraina-prezidentini-qirim-ukumeti-ve-qirimtatar-halqinin-meclisi-arasindaki-davani-yatistirmaga-ca\/#primaryimage","url":"http:\/\/qtmm.org\/wp-content\/uploads\/2022\/01\/1_100.jpeg","contentUrl":"http:\/\/qtmm.org\/wp-content\/uploads\/2022\/01\/1_100.jpeg"},{"@type":"BreadcrumbList","@id":"https:\/\/qtmm.org\/qt\/ukraina-yuqari-surasinin-insan-milliy-azliqlar-aqlari-ve-milletlerara-munasebetler-boyunca-komiteti-ukraina-prezidentini-qirim-ukumeti-ve-qirimtatar-halqinin-meclisi-arasindaki-davani-yatistirmaga-ca\/#breadcrumb","itemListElement":[{"@type":"ListItem","position":1,"name":"\u0413\u043e\u043b\u043e\u0432\u043d\u0430","item":"https:\/\/qtmm.org\/qt\/"},{"@type":"ListItem","position":2,"name":"Ukraina Yuqar\u0131 \u015euras\u0131n\u0131\u00f1 \u0130nsan, milliy azl\u0131qlar aqlar\u0131 ve milletlerara munasebetler boyunca komiteti Ukraina Prezidentini Q\u0131r\u0131m \u00fck\u00fcmeti ve Q\u0131r\u0131mtatar halq\u0131n\u0131\u00f1 Meclisi aras\u0131ndaki davan\u0131 yat\u0131\u015ft\u0131rma\u011fa \u00e7a\u011f\u0131ra"}]},{"@type":"WebSite","@id":"https:\/\/qtmm.org\/qt\/#website","url":"https:\/\/qtmm.org\/qt\/","name":"\u041c\u0435\u0434\u0436\u043b\u0456\u0441","description":"","publisher":{"@id":"https:\/\/qtmm.org\/qt\/#organization"},"potentialAction":[{"@type":"SearchAction","target":{"@type":"EntryPoint","urlTemplate":"https:\/\/qtmm.org\/qt\/?s={search_term_string}"},"query-input":{"@type":"PropertyValueSpecification","valueRequired":true,"valueName":"search_term_string"}}],"inLanguage":"qt"},{"@type":"Organization","@id":"https:\/\/qtmm.org\/qt\/#organization","name":"\u041c\u0435\u0434\u0436\u043b\u0456\u0441","url":"https:\/\/qtmm.org\/qt\/","logo":{"@type":"ImageObject","inLanguage":"qt","@id":"https:\/\/qtmm.org\/qt\/#\/schema\/logo\/image\/","url":"https:\/\/qtmm.org\/wp-content\/uploads\/2024\/12\/ua-mejlis-logo-rgb.svg","contentUrl":"https:\/\/qtmm.org\/wp-content\/uploads\/2024\/12\/ua-mejlis-logo-rgb.svg","caption":"\u041c\u0435\u0434\u0436\u043b\u0456\u0441"},"image":{"@id":"https:\/\/qtmm.org\/qt\/#\/schema\/logo\/image\/"},"sameAs":["https:\/\/www.facebook.com\/qtmm.info\/"]},{"@type":"Person","@id":"https:\/\/qtmm.org\/qt\/#\/schema\/person\/de562469f971dec226ac06e60bbf74a7","name":"Developer","image":{"@type":"ImageObject","inLanguage":"qt","@id":"https:\/\/secure.gravatar.com\/avatar\/392b4cc8fbfeb00b39dfeeab4ee6edded39ffd48e25858637e4765810300227e?s=96&d=mm&r=g","url":"https:\/\/secure.gravatar.com\/avatar\/392b4cc8fbfeb00b39dfeeab4ee6edded39ffd48e25858637e4765810300227e?s=96&d=mm&r=g","contentUrl":"https:\/\/secure.gravatar.com\/avatar\/392b4cc8fbfeb00b39dfeeab4ee6edded39ffd48e25858637e4765810300227e?s=96&d=mm&r=g","caption":"Developer"},"url":"https:\/\/qtmm.org\/qt\/author\/Developer\/"}]}},"_links":{"self":[{"href":"https:\/\/qtmm.org\/qt\/wp-json\/wp\/v2\/posts\/36189","targetHints":{"allow":["GET"]}}],"collection":[{"href":"https:\/\/qtmm.org\/qt\/wp-json\/wp\/v2\/posts"}],"about":[{"href":"https:\/\/qtmm.org\/qt\/wp-json\/wp\/v2\/types\/post"}],"author":[{"embeddable":true,"href":"https:\/\/qtmm.org\/qt\/wp-json\/wp\/v2\/users\/1"}],"replies":[{"embeddable":true,"href":"https:\/\/qtmm.org\/qt\/wp-json\/wp\/v2\/comments?post=36189"}],"version-history":[{"count":1,"href":"https:\/\/qtmm.org\/qt\/wp-json\/wp\/v2\/posts\/36189\/revisions"}],"predecessor-version":[{"id":36206,"href":"https:\/\/qtmm.org\/qt\/wp-json\/wp\/v2\/posts\/36189\/revisions\/36206"}],"wp:attachment":[{"href":"https:\/\/qtmm.org\/qt\/wp-json\/wp\/v2\/media?parent=36189"}],"wp:term":[{"taxonomy":"category","embeddable":true,"href":"https:\/\/qtmm.org\/qt\/wp-json\/wp\/v2\/categories?post=36189"},{"taxonomy":"post_tag","embeddable":true,"href":"https:\/\/qtmm.org\/qt\/wp-json\/wp\/v2\/tags?post=36189"}],"curies":[{"name":"wp","href":"https:\/\/api.w.org\/{rel}","templated":true}]}}