




{"id":36173,"date":"2013-03-04T17:29:00","date_gmt":"2013-03-04T14:29:00","guid":{"rendered":"http:\/\/qtmm.org\/?p=36173"},"modified":"2022-01-23T17:31:32","modified_gmt":"2022-01-23T14:31:32","slug":"musulmanlarnin-daa-bir-muqaddes-yeri-kebir-cami-aqaret-etildi","status":"publish","type":"post","link":"https:\/\/qtmm.org\/qt\/musulmanlarnin-daa-bir-muqaddes-yeri-kebir-cami-aqaret-etildi\/","title":{"rendered":"Musulmanlarn\u0131\u00f1 daa bir muqaddes yeri \u2013 Kebir cami aqaret etildi"},"content":{"rendered":"\n<p>Mart 3-ten 4-ke ke\u00e7er gecesi Aqmescit \u015feerindeki merkeziy cami \u2013 Kebir camini\u00f1 qoras\u0131na qara qalemnen pis s\u00f6zler yaz\u0131l\u011fan, dep haber bere\u00a0Q\u0131r\u0131m musulmanlar\u0131 diniy idaresini\u00f1 matbuat merkezi.<\/p>\n\n\n\n<p>Q\u0131r\u0131m musulmanlar\u0131 diniy idaresi hadimleri bu adiseni k\u00f6zet\u00fcv kameralar\u0131 qayd etkendirler, dep tahmin eteler.<\/p>\n\n\n\n<figure class=\"wp-block-image size-full\"><img loading=\"lazy\" decoding=\"async\" width=\"750\" height=\"502\" src=\"http:\/\/qtmm.org\/wp-content\/uploads\/2022\/01\/dsc_0540.jpeg\" alt=\"\" class=\"wp-image-36178\" srcset=\"https:\/\/qtmm.org\/wp-content\/uploads\/2022\/01\/dsc_0540.jpeg 750w, https:\/\/qtmm.org\/wp-content\/uploads\/2022\/01\/dsc_0540-300x201.jpeg 300w\" sizes=\"auto, (max-width: 750px) 100vw, 750px\" \/><\/figure>\n\n\n\n<p>Adise y\u00fcz bergen yerge taqiqat i\u015flerini al\u0131p barmaq i\u00e7\u00fcn uquqqoruy\u0131c\u0131 organlar yetip keldiler.<\/p>\n\n\n\n<p>Vandall\u0131q boyunca Ukraina Cinaiy Kodeksini\u00f1 296-nc\u0131 maddesine k\u00f6re cinaiy i\u015f a\u00e7\u0131ld\u0131.<\/p>\n","protected":false},"excerpt":{"rendered":"<p>Mart 3-ten 4-ke ke\u00e7er gecesi Aqmescit \u015feerindeki merkeziy cami \u2013 Kebir camini\u00f1 qoras\u0131na qara qalemnen pis s\u00f6zler yaz\u0131l\u011fan, dep haber bere\u00a0Q\u0131r\u0131m musulmanlar\u0131 diniy idaresini\u00f1 matbuat merkezi. Q\u0131r\u0131m musulmanlar\u0131 diniy idaresi hadimleri bu adiseni k\u00f6zet\u00fcv kameralar\u0131 qayd etkendirler, dep tahmin eteler. Adise y\u00fcz bergen yerge taqiqat i\u015flerini al\u0131p barmaq i\u00e7\u00fcn uquqqoruy\u0131c\u0131 organlar yetip keldiler. Vandall\u0131q boyunca [&hellip;]<\/p>\n","protected":false},"author":1,"featured_media":36174,"comment_status":"open","ping_status":"open","sticky":false,"template":"","format":"standard","meta":{"inline_featured_image":false,"footnotes":""},"categories":[265],"tags":[],"class_list":["post-36173","post","type-post","status-publish","format-standard","has-post-thumbnail","hentry","category-haberler"],"acf":[],"yoast_head":"<!-- This site is optimized with the Yoast SEO plugin v27.4 - https:\/\/yoast.com\/product\/yoast-seo-wordpress\/ -->\n<title>Musulmanlarn\u0131\u00f1 daa bir muqaddes yeri \u2013 Kebir cami aqaret etildi - \u041c\u0435\u0434\u0436\u043b\u0456\u0441<\/title>\n<meta name=\"robots\" content=\"index, follow, max-snippet:-1, max-image-preview:large, max-video-preview:-1\" \/>\n<link rel=\"canonical\" href=\"https:\/\/qtmm.org\/qt\/musulmanlarnin-daa-bir-muqaddes-yeri-kebir-cami-aqaret-etildi\/\" \/>\n<meta property=\"og:locale\" content=\"en_US\" \/>\n<meta property=\"og:type\" content=\"article\" \/>\n<meta property=\"og:title\" content=\"Musulmanlarn\u0131\u00f1 daa bir muqaddes yeri \u2013 Kebir cami aqaret etildi - \u041c\u0435\u0434\u0436\u043b\u0456\u0441\" \/>\n<meta property=\"og:description\" content=\"Mart 3-ten 4-ke ke\u00e7er gecesi Aqmescit \u015feerindeki merkeziy cami \u2013 Kebir camini\u00f1 qoras\u0131na qara qalemnen pis s\u00f6zler yaz\u0131l\u011fan, dep haber bere\u00a0Q\u0131r\u0131m musulmanlar\u0131 diniy idaresini\u00f1 matbuat merkezi. Q\u0131r\u0131m musulmanlar\u0131 diniy idaresi hadimleri bu adiseni k\u00f6zet\u00fcv kameralar\u0131 qayd etkendirler, dep tahmin eteler. Adise y\u00fcz bergen yerge taqiqat i\u015flerini al\u0131p barmaq i\u00e7\u00fcn uquqqoruy\u0131c\u0131 organlar yetip keldiler. Vandall\u0131q boyunca [&hellip;]\" \/>\n<meta property=\"og:url\" content=\"https:\/\/qtmm.org\/qt\/musulmanlarnin-daa-bir-muqaddes-yeri-kebir-cami-aqaret-etildi\/\" \/>\n<meta property=\"og:site_name\" content=\"\u041c\u0435\u0434\u0436\u043b\u0456\u0441\" \/>\n<meta property=\"article:publisher\" content=\"https:\/\/www.facebook.com\/qtmm.info\/\" \/>\n<meta property=\"article:published_time\" content=\"2013-03-04T14:29:00+00:00\" \/>\n<meta property=\"article:modified_time\" content=\"2022-01-23T14:31:32+00:00\" \/>\n<meta property=\"og:image\" content=\"https:\/\/qtmm.org\/wp-content\/uploads\/2022\/01\/dsc_0542.jpeg\" \/>\n\t<meta property=\"og:image:width\" content=\"750\" \/>\n\t<meta property=\"og:image:height\" content=\"502\" \/>\n\t<meta property=\"og:image:type\" content=\"image\/jpeg\" \/>\n<meta name=\"author\" content=\"Developer\" \/>\n<meta name=\"twitter:card\" content=\"summary_large_image\" \/>\n<meta name=\"twitter:label1\" content=\"Written by\" \/>\n\t<meta name=\"twitter:data1\" content=\"Developer\" \/>\n<script type=\"application\/ld+json\" class=\"yoast-schema-graph\">{\"@context\":\"https:\\\/\\\/schema.org\",\"@graph\":[{\"@type\":\"Article\",\"@id\":\"https:\\\/\\\/qtmm.org\\\/qt\\\/musulmanlarnin-daa-bir-muqaddes-yeri-kebir-cami-aqaret-etildi\\\/#article\",\"isPartOf\":{\"@id\":\"https:\\\/\\\/qtmm.org\\\/qt\\\/musulmanlarnin-daa-bir-muqaddes-yeri-kebir-cami-aqaret-etildi\\\/\"},\"author\":{\"name\":\"Developer\",\"@id\":\"https:\\\/\\\/qtmm.org\\\/qt\\\/#\\\/schema\\\/person\\\/de562469f971dec226ac06e60bbf74a7\"},\"headline\":\"Musulmanlarn\u0131\u00f1 daa bir muqaddes yeri \u2013 Kebir cami aqaret etildi\",\"datePublished\":\"2013-03-04T14:29:00+00:00\",\"dateModified\":\"2022-01-23T14:31:32+00:00\",\"mainEntityOfPage\":{\"@id\":\"https:\\\/\\\/qtmm.org\\\/qt\\\/musulmanlarnin-daa-bir-muqaddes-yeri-kebir-cami-aqaret-etildi\\\/\"},\"wordCount\":92,\"commentCount\":0,\"publisher\":{\"@id\":\"https:\\\/\\\/qtmm.org\\\/qt\\\/#organization\"},\"image\":{\"@id\":\"https:\\\/\\\/qtmm.org\\\/qt\\\/musulmanlarnin-daa-bir-muqaddes-yeri-kebir-cami-aqaret-etildi\\\/#primaryimage\"},\"thumbnailUrl\":\"https:\\\/\\\/qtmm.org\\\/wp-content\\\/uploads\\\/2022\\\/01\\\/dsc_0542.jpeg\",\"articleSection\":[\"Haberler\"],\"inLanguage\":\"qt\",\"potentialAction\":[{\"@type\":\"CommentAction\",\"name\":\"Comment\",\"target\":[\"https:\\\/\\\/qtmm.org\\\/qt\\\/musulmanlarnin-daa-bir-muqaddes-yeri-kebir-cami-aqaret-etildi\\\/#respond\"]}]},{\"@type\":\"WebPage\",\"@id\":\"https:\\\/\\\/qtmm.org\\\/qt\\\/musulmanlarnin-daa-bir-muqaddes-yeri-kebir-cami-aqaret-etildi\\\/\",\"url\":\"https:\\\/\\\/qtmm.org\\\/qt\\\/musulmanlarnin-daa-bir-muqaddes-yeri-kebir-cami-aqaret-etildi\\\/\",\"name\":\"Musulmanlarn\u0131\u00f1 daa bir muqaddes yeri \u2013 Kebir cami aqaret etildi - \u041c\u0435\u0434\u0436\u043b\u0456\u0441\",\"isPartOf\":{\"@id\":\"https:\\\/\\\/qtmm.org\\\/qt\\\/#website\"},\"primaryImageOfPage\":{\"@id\":\"https:\\\/\\\/qtmm.org\\\/qt\\\/musulmanlarnin-daa-bir-muqaddes-yeri-kebir-cami-aqaret-etildi\\\/#primaryimage\"},\"image\":{\"@id\":\"https:\\\/\\\/qtmm.org\\\/qt\\\/musulmanlarnin-daa-bir-muqaddes-yeri-kebir-cami-aqaret-etildi\\\/#primaryimage\"},\"thumbnailUrl\":\"https:\\\/\\\/qtmm.org\\\/wp-content\\\/uploads\\\/2022\\\/01\\\/dsc_0542.jpeg\",\"datePublished\":\"2013-03-04T14:29:00+00:00\",\"dateModified\":\"2022-01-23T14:31:32+00:00\",\"breadcrumb\":{\"@id\":\"https:\\\/\\\/qtmm.org\\\/qt\\\/musulmanlarnin-daa-bir-muqaddes-yeri-kebir-cami-aqaret-etildi\\\/#breadcrumb\"},\"inLanguage\":\"qt\",\"potentialAction\":[{\"@type\":\"ReadAction\",\"target\":[\"https:\\\/\\\/qtmm.org\\\/qt\\\/musulmanlarnin-daa-bir-muqaddes-yeri-kebir-cami-aqaret-etildi\\\/\"]}]},{\"@type\":\"ImageObject\",\"inLanguage\":\"qt\",\"@id\":\"https:\\\/\\\/qtmm.org\\\/qt\\\/musulmanlarnin-daa-bir-muqaddes-yeri-kebir-cami-aqaret-etildi\\\/#primaryimage\",\"url\":\"https:\\\/\\\/qtmm.org\\\/wp-content\\\/uploads\\\/2022\\\/01\\\/dsc_0542.jpeg\",\"contentUrl\":\"https:\\\/\\\/qtmm.org\\\/wp-content\\\/uploads\\\/2022\\\/01\\\/dsc_0542.jpeg\",\"width\":750,\"height\":502},{\"@type\":\"BreadcrumbList\",\"@id\":\"https:\\\/\\\/qtmm.org\\\/qt\\\/musulmanlarnin-daa-bir-muqaddes-yeri-kebir-cami-aqaret-etildi\\\/#breadcrumb\",\"itemListElement\":[{\"@type\":\"ListItem\",\"position\":1,\"name\":\"\u0413\u043e\u043b\u043e\u0432\u043d\u0430\",\"item\":\"https:\\\/\\\/qtmm.org\\\/qt\\\/\"},{\"@type\":\"ListItem\",\"position\":2,\"name\":\"Musulmanlarn\u0131\u00f1 daa bir muqaddes yeri \u2013 Kebir cami aqaret etildi\"}]},{\"@type\":\"WebSite\",\"@id\":\"https:\\\/\\\/qtmm.org\\\/qt\\\/#website\",\"url\":\"https:\\\/\\\/qtmm.org\\\/qt\\\/\",\"name\":\"\u041c\u0435\u0434\u0436\u043b\u0456\u0441\",\"description\":\"\",\"publisher\":{\"@id\":\"https:\\\/\\\/qtmm.org\\\/qt\\\/#organization\"},\"potentialAction\":[{\"@type\":\"SearchAction\",\"target\":{\"@type\":\"EntryPoint\",\"urlTemplate\":\"https:\\\/\\\/qtmm.org\\\/qt\\\/?s={search_term_string}\"},\"query-input\":{\"@type\":\"PropertyValueSpecification\",\"valueRequired\":true,\"valueName\":\"search_term_string\"}}],\"inLanguage\":\"qt\"},{\"@type\":\"Organization\",\"@id\":\"https:\\\/\\\/qtmm.org\\\/qt\\\/#organization\",\"name\":\"\u041c\u0435\u0434\u0436\u043b\u0456\u0441\",\"url\":\"https:\\\/\\\/qtmm.org\\\/qt\\\/\",\"logo\":{\"@type\":\"ImageObject\",\"inLanguage\":\"qt\",\"@id\":\"https:\\\/\\\/qtmm.org\\\/qt\\\/#\\\/schema\\\/logo\\\/image\\\/\",\"url\":\"https:\\\/\\\/qtmm.org\\\/wp-content\\\/uploads\\\/2024\\\/12\\\/ua-mejlis-logo-rgb.svg\",\"contentUrl\":\"https:\\\/\\\/qtmm.org\\\/wp-content\\\/uploads\\\/2024\\\/12\\\/ua-mejlis-logo-rgb.svg\",\"caption\":\"\u041c\u0435\u0434\u0436\u043b\u0456\u0441\"},\"image\":{\"@id\":\"https:\\\/\\\/qtmm.org\\\/qt\\\/#\\\/schema\\\/logo\\\/image\\\/\"},\"sameAs\":[\"https:\\\/\\\/www.facebook.com\\\/qtmm.info\\\/\"]},{\"@type\":\"Person\",\"@id\":\"https:\\\/\\\/qtmm.org\\\/qt\\\/#\\\/schema\\\/person\\\/de562469f971dec226ac06e60bbf74a7\",\"name\":\"Developer\",\"image\":{\"@type\":\"ImageObject\",\"inLanguage\":\"qt\",\"@id\":\"https:\\\/\\\/secure.gravatar.com\\\/avatar\\\/392b4cc8fbfeb00b39dfeeab4ee6edded39ffd48e25858637e4765810300227e?s=96&d=mm&r=g\",\"url\":\"https:\\\/\\\/secure.gravatar.com\\\/avatar\\\/392b4cc8fbfeb00b39dfeeab4ee6edded39ffd48e25858637e4765810300227e?s=96&d=mm&r=g\",\"contentUrl\":\"https:\\\/\\\/secure.gravatar.com\\\/avatar\\\/392b4cc8fbfeb00b39dfeeab4ee6edded39ffd48e25858637e4765810300227e?s=96&d=mm&r=g\",\"caption\":\"Developer\"},\"url\":\"https:\\\/\\\/qtmm.org\\\/qt\\\/author\\\/Developer\\\/\"}]}<\/script>\n<!-- \/ Yoast SEO plugin. -->","yoast_head_json":{"title":"Musulmanlarn\u0131\u00f1 daa bir muqaddes yeri \u2013 Kebir cami aqaret etildi - \u041c\u0435\u0434\u0436\u043b\u0456\u0441","robots":{"index":"index","follow":"follow","max-snippet":"max-snippet:-1","max-image-preview":"max-image-preview:large","max-video-preview":"max-video-preview:-1"},"canonical":"https:\/\/qtmm.org\/qt\/musulmanlarnin-daa-bir-muqaddes-yeri-kebir-cami-aqaret-etildi\/","og_locale":"en_US","og_type":"article","og_title":"Musulmanlarn\u0131\u00f1 daa bir muqaddes yeri \u2013 Kebir cami aqaret etildi - \u041c\u0435\u0434\u0436\u043b\u0456\u0441","og_description":"Mart 3-ten 4-ke ke\u00e7er gecesi Aqmescit \u015feerindeki merkeziy cami \u2013 Kebir camini\u00f1 qoras\u0131na qara qalemnen pis s\u00f6zler yaz\u0131l\u011fan, dep haber bere\u00a0Q\u0131r\u0131m musulmanlar\u0131 diniy idaresini\u00f1 matbuat merkezi. Q\u0131r\u0131m musulmanlar\u0131 diniy idaresi hadimleri bu adiseni k\u00f6zet\u00fcv kameralar\u0131 qayd etkendirler, dep tahmin eteler. Adise y\u00fcz bergen yerge taqiqat i\u015flerini al\u0131p barmaq i\u00e7\u00fcn uquqqoruy\u0131c\u0131 organlar yetip keldiler. Vandall\u0131q boyunca [&hellip;]","og_url":"https:\/\/qtmm.org\/qt\/musulmanlarnin-daa-bir-muqaddes-yeri-kebir-cami-aqaret-etildi\/","og_site_name":"\u041c\u0435\u0434\u0436\u043b\u0456\u0441","article_publisher":"https:\/\/www.facebook.com\/qtmm.info\/","article_published_time":"2013-03-04T14:29:00+00:00","article_modified_time":"2022-01-23T14:31:32+00:00","og_image":[{"width":750,"height":502,"url":"https:\/\/qtmm.org\/wp-content\/uploads\/2022\/01\/dsc_0542.jpeg","type":"image\/jpeg"}],"author":"Developer","twitter_card":"summary_large_image","twitter_misc":{"Written by":"Developer"},"schema":{"@context":"https:\/\/schema.org","@graph":[{"@type":"Article","@id":"https:\/\/qtmm.org\/qt\/musulmanlarnin-daa-bir-muqaddes-yeri-kebir-cami-aqaret-etildi\/#article","isPartOf":{"@id":"https:\/\/qtmm.org\/qt\/musulmanlarnin-daa-bir-muqaddes-yeri-kebir-cami-aqaret-etildi\/"},"author":{"name":"Developer","@id":"https:\/\/qtmm.org\/qt\/#\/schema\/person\/de562469f971dec226ac06e60bbf74a7"},"headline":"Musulmanlarn\u0131\u00f1 daa bir muqaddes yeri \u2013 Kebir cami aqaret etildi","datePublished":"2013-03-04T14:29:00+00:00","dateModified":"2022-01-23T14:31:32+00:00","mainEntityOfPage":{"@id":"https:\/\/qtmm.org\/qt\/musulmanlarnin-daa-bir-muqaddes-yeri-kebir-cami-aqaret-etildi\/"},"wordCount":92,"commentCount":0,"publisher":{"@id":"https:\/\/qtmm.org\/qt\/#organization"},"image":{"@id":"https:\/\/qtmm.org\/qt\/musulmanlarnin-daa-bir-muqaddes-yeri-kebir-cami-aqaret-etildi\/#primaryimage"},"thumbnailUrl":"https:\/\/qtmm.org\/wp-content\/uploads\/2022\/01\/dsc_0542.jpeg","articleSection":["Haberler"],"inLanguage":"qt","potentialAction":[{"@type":"CommentAction","name":"Comment","target":["https:\/\/qtmm.org\/qt\/musulmanlarnin-daa-bir-muqaddes-yeri-kebir-cami-aqaret-etildi\/#respond"]}]},{"@type":"WebPage","@id":"https:\/\/qtmm.org\/qt\/musulmanlarnin-daa-bir-muqaddes-yeri-kebir-cami-aqaret-etildi\/","url":"https:\/\/qtmm.org\/qt\/musulmanlarnin-daa-bir-muqaddes-yeri-kebir-cami-aqaret-etildi\/","name":"Musulmanlarn\u0131\u00f1 daa bir muqaddes yeri \u2013 Kebir cami aqaret etildi - \u041c\u0435\u0434\u0436\u043b\u0456\u0441","isPartOf":{"@id":"https:\/\/qtmm.org\/qt\/#website"},"primaryImageOfPage":{"@id":"https:\/\/qtmm.org\/qt\/musulmanlarnin-daa-bir-muqaddes-yeri-kebir-cami-aqaret-etildi\/#primaryimage"},"image":{"@id":"https:\/\/qtmm.org\/qt\/musulmanlarnin-daa-bir-muqaddes-yeri-kebir-cami-aqaret-etildi\/#primaryimage"},"thumbnailUrl":"https:\/\/qtmm.org\/wp-content\/uploads\/2022\/01\/dsc_0542.jpeg","datePublished":"2013-03-04T14:29:00+00:00","dateModified":"2022-01-23T14:31:32+00:00","breadcrumb":{"@id":"https:\/\/qtmm.org\/qt\/musulmanlarnin-daa-bir-muqaddes-yeri-kebir-cami-aqaret-etildi\/#breadcrumb"},"inLanguage":"qt","potentialAction":[{"@type":"ReadAction","target":["https:\/\/qtmm.org\/qt\/musulmanlarnin-daa-bir-muqaddes-yeri-kebir-cami-aqaret-etildi\/"]}]},{"@type":"ImageObject","inLanguage":"qt","@id":"https:\/\/qtmm.org\/qt\/musulmanlarnin-daa-bir-muqaddes-yeri-kebir-cami-aqaret-etildi\/#primaryimage","url":"https:\/\/qtmm.org\/wp-content\/uploads\/2022\/01\/dsc_0542.jpeg","contentUrl":"https:\/\/qtmm.org\/wp-content\/uploads\/2022\/01\/dsc_0542.jpeg","width":750,"height":502},{"@type":"BreadcrumbList","@id":"https:\/\/qtmm.org\/qt\/musulmanlarnin-daa-bir-muqaddes-yeri-kebir-cami-aqaret-etildi\/#breadcrumb","itemListElement":[{"@type":"ListItem","position":1,"name":"\u0413\u043e\u043b\u043e\u0432\u043d\u0430","item":"https:\/\/qtmm.org\/qt\/"},{"@type":"ListItem","position":2,"name":"Musulmanlarn\u0131\u00f1 daa bir muqaddes yeri \u2013 Kebir cami aqaret etildi"}]},{"@type":"WebSite","@id":"https:\/\/qtmm.org\/qt\/#website","url":"https:\/\/qtmm.org\/qt\/","name":"\u041c\u0435\u0434\u0436\u043b\u0456\u0441","description":"","publisher":{"@id":"https:\/\/qtmm.org\/qt\/#organization"},"potentialAction":[{"@type":"SearchAction","target":{"@type":"EntryPoint","urlTemplate":"https:\/\/qtmm.org\/qt\/?s={search_term_string}"},"query-input":{"@type":"PropertyValueSpecification","valueRequired":true,"valueName":"search_term_string"}}],"inLanguage":"qt"},{"@type":"Organization","@id":"https:\/\/qtmm.org\/qt\/#organization","name":"\u041c\u0435\u0434\u0436\u043b\u0456\u0441","url":"https:\/\/qtmm.org\/qt\/","logo":{"@type":"ImageObject","inLanguage":"qt","@id":"https:\/\/qtmm.org\/qt\/#\/schema\/logo\/image\/","url":"https:\/\/qtmm.org\/wp-content\/uploads\/2024\/12\/ua-mejlis-logo-rgb.svg","contentUrl":"https:\/\/qtmm.org\/wp-content\/uploads\/2024\/12\/ua-mejlis-logo-rgb.svg","caption":"\u041c\u0435\u0434\u0436\u043b\u0456\u0441"},"image":{"@id":"https:\/\/qtmm.org\/qt\/#\/schema\/logo\/image\/"},"sameAs":["https:\/\/www.facebook.com\/qtmm.info\/"]},{"@type":"Person","@id":"https:\/\/qtmm.org\/qt\/#\/schema\/person\/de562469f971dec226ac06e60bbf74a7","name":"Developer","image":{"@type":"ImageObject","inLanguage":"qt","@id":"https:\/\/secure.gravatar.com\/avatar\/392b4cc8fbfeb00b39dfeeab4ee6edded39ffd48e25858637e4765810300227e?s=96&d=mm&r=g","url":"https:\/\/secure.gravatar.com\/avatar\/392b4cc8fbfeb00b39dfeeab4ee6edded39ffd48e25858637e4765810300227e?s=96&d=mm&r=g","contentUrl":"https:\/\/secure.gravatar.com\/avatar\/392b4cc8fbfeb00b39dfeeab4ee6edded39ffd48e25858637e4765810300227e?s=96&d=mm&r=g","caption":"Developer"},"url":"https:\/\/qtmm.org\/qt\/author\/Developer\/"}]}},"_links":{"self":[{"href":"https:\/\/qtmm.org\/qt\/wp-json\/wp\/v2\/posts\/36173","targetHints":{"allow":["GET"]}}],"collection":[{"href":"https:\/\/qtmm.org\/qt\/wp-json\/wp\/v2\/posts"}],"about":[{"href":"https:\/\/qtmm.org\/qt\/wp-json\/wp\/v2\/types\/post"}],"author":[{"embeddable":true,"href":"https:\/\/qtmm.org\/qt\/wp-json\/wp\/v2\/users\/1"}],"replies":[{"embeddable":true,"href":"https:\/\/qtmm.org\/qt\/wp-json\/wp\/v2\/comments?post=36173"}],"version-history":[{"count":1,"href":"https:\/\/qtmm.org\/qt\/wp-json\/wp\/v2\/posts\/36173\/revisions"}],"predecessor-version":[{"id":36182,"href":"https:\/\/qtmm.org\/qt\/wp-json\/wp\/v2\/posts\/36173\/revisions\/36182"}],"wp:featuredmedia":[{"embeddable":true,"href":"https:\/\/qtmm.org\/qt\/wp-json\/wp\/v2\/media\/36174"}],"wp:attachment":[{"href":"https:\/\/qtmm.org\/qt\/wp-json\/wp\/v2\/media?parent=36173"}],"wp:term":[{"taxonomy":"category","embeddable":true,"href":"https:\/\/qtmm.org\/qt\/wp-json\/wp\/v2\/categories?post=36173"},{"taxonomy":"post_tag","embeddable":true,"href":"https:\/\/qtmm.org\/qt\/wp-json\/wp\/v2\/tags?post=36173"}],"curies":[{"name":"wp","href":"https:\/\/api.w.org\/{rel}","templated":true}]}}