




{"id":36081,"date":"2013-03-01T17:26:00","date_gmt":"2013-03-01T14:26:00","guid":{"rendered":"http:\/\/qtmm.org\/?p=36081"},"modified":"2022-01-23T17:27:21","modified_gmt":"2022-01-23T14:27:21","slug":"refat-cubarov-emin-ki-akimiyet-kendisi-toqtamali-cunki-onin","status":"publish","type":"post","link":"https:\/\/qtmm.org\/qt\/refat-cubarov-emin-ki-akimiyet-kendisi-toqtamali-cunki-onin\/","title":{"rendered":"Refat \u00c7ubarov emin ki, akimiyet kendisi toqtamal\u0131, \u00e7\u00fcnki on\u0131\u00f1"},"content":{"rendered":"\n<p>Q\u0131r\u0131mtatar halq\u0131 Meclisi reisini\u00f1 birinci muavini, Q\u0131r\u0131m Yuqar\u0131 \u015euras\u0131nda &#8220;Qurultay-Ruh&#8221; fraktsiyas\u0131n\u0131\u00f1 ba\u015f\u0131 Refat \u00c7ubarovn\u0131\u00f1 fikrince akimiyetni\u00f1 \u00f6g\u00fcnde b\u00fct\u00fcn bir halqn\u0131\u00f1 meselesi tur\u0131p, o \u015fu meseleni al etmege istemese, bu halqn\u0131\u00f1 i\u00e7inden \u00f6z\u00fcne o\u00f1aytl\u0131 insanlarn\u0131 \u00e7ekip \u00e7\u0131qara. Bu aqta o fevral 28 k\u00fcn\u00fc o\u00a0<a rel=\"noreferrer noopener\" href=\"http:\/\/atr.ua\/#!archive&amp;filter=gravity&amp;video=2013-02-28-22-58-56-4046000\" target=\"_blank\">ATR telekanal\u0131nda &#8220;Gravitatsiya&#8221; tok-\u015fouda\u00a0<\/a>akimiyet ve q\u0131r\u0131mtatar halq\u0131n\u0131\u00f1 munasebetlerine dair mesele muzakere etilgende aytt\u0131<\/p>\n\n\n\n<figure class=\"wp-block-image size-full\"><img loading=\"lazy\" decoding=\"async\" width=\"650\" height=\"300\" src=\"http:\/\/qtmm.org\/wp-content\/uploads\/2022\/01\/1_98.jpeg\" alt=\"\" class=\"wp-image-36082\" srcset=\"https:\/\/qtmm.org\/wp-content\/uploads\/2022\/01\/1_98.jpeg 650w, https:\/\/qtmm.org\/wp-content\/uploads\/2022\/01\/1_98-300x138.jpeg 300w\" sizes=\"auto, (max-width: 650px) 100vw, 650px\" \/><\/figure>\n\n\n\n<p>&#8220;Bug\u00fcn akimiyetnen q\u0131r\u0131mtatar halq\u0131 aras\u0131ndaki i\u015fbirlik akimiyetni\u00f1 kendisini\u00f1 isteginen \u015fekilini de\u00f1i\u015ftirdi, &#8211; qayd etti \u00c7ubarov ve bu de\u00f1i\u015fme t\u00fc\u015f\u00fcnip-ta\u015f\u0131n\u0131l\u011fan belli bir maqsadlarnen yap\u0131l\u011fan\u0131n\u0131 da qo\u015fumca etti.<\/p>\n\n\n\n<p>&#8220;Yaz\u0131q ki, &#8220;Gravitatsiya&#8221; tok-\u015fous\u0131na davet etilgen Rustam Temirgaliyev kelmedi. Bug\u00fcnde-bug\u00fcn o, Q\u0131r\u0131mda ve Kiyevde q\u0131r\u0131mtatarlar\u011fa nisbeten i\u015flengen siyasiy tehnologik fikirlerni seslendirgen ba\u015f borazan olaraq bellidir. Yaz\u0131qlar olsun ki, studiyada Lentun Bezaziyev de yoqt\u0131r. Belli ki, Ukraina Prezidenti yan\u0131ndaki Q\u0131r\u0131mtatar halq\u0131 vekilleri \u015furas\u0131n\u0131\u00f1 reisi ol\u011fan Bezaziyevni\u00f1 kabinetinde bu \u011fayeler, \u015fu c\u00fcmleden &#8220;ne zaman Temirgaliyev Aziz Abdullayevni\u00f1 yerini alacaq&#8221; kibi mesele s\u0131navdan ke\u00e7irile, &#8211; dedi Refat \u00c7ubarov.<\/p>\n\n\n\n<p>Meclis reisini\u00f1 birinci muavini Refat \u00c7ubarov emin ki, bug\u00fcn akimiyet areketlerini kendisi toqtatmal\u0131, \u00e7\u00fcnki on\u0131\u00f1 &#8220;\u011fayeleri&#8221; angi derecege yetecegini tek \u00f6z\u00fc ve o\u00f1a h\u0131zmet etken insanlar bile<\/p>\n\n\n\n<p>&#8220;Er angi akimiyet tam\u0131r halqlarnen munasebet qur\u011fanda \u015fu halqlarn\u0131\u00f1 \u00f6zleri meydan\u011fa ketirgen milliy qurum ve gruppalarnen \u00e7al\u0131\u015fmas\u0131 kerek&#8221;, &#8211; dedi \u00c7ubarov. Siyaset\u00e7i daa bir kere \u015fun\u0131 hat\u0131rlatt\u0131 ki, Q\u0131r\u0131mtatar halq\u0131n\u0131\u00f1 Meclisi ve Qurultay\u0131, olar\u011fa kim nas\u0131l munasebette bulun\u011fan\u0131ndan qatiy nazar, \u2013 bug\u00fcnde bug\u00fcn yek\u00e2ne bir alettir. Ba\u015fqas\u0131n\u0131 q\u0131r\u0131mtatarlar daa ke\u015ff etmediler, i\u015fbu milliy akimiyet institutlar\u0131n\u0131 q\u0131r\u0131mtatarlarn\u0131\u00f1 kendileri se\u00e7tiler ve saylavdan-saylav\u011fa olarn\u0131 m\u00fckemmelle\u015ftirmege t\u0131r\u0131\u015falar.<\/p>\n\n\n\n<p>Bun\u0131\u00f1 kibi de Refat \u00c7ubarov emin ki, akimiyet q\u0131r\u0131mtatar halq\u0131n\u0131 \u00f6z Vatan\u0131nda aqs\u0131mlama\u011fa qarar bergenine baqmadan q\u0131r\u0131mtatarlar bu\u00f1a munasip cevap bermege iqtidarlar\u0131 yeter.<\/p>\n","protected":false},"excerpt":{"rendered":"<p>Q\u0131r\u0131mtatar halq\u0131 Meclisi reisini\u00f1 birinci muavini, Q\u0131r\u0131m Yuqar\u0131 \u015euras\u0131nda &#8220;Qurultay-Ruh&#8221; fraktsiyas\u0131n\u0131\u00f1 ba\u015f\u0131 Refat \u00c7ubarovn\u0131\u00f1 fikrince akimiyetni\u00f1 \u00f6g\u00fcnde b\u00fct\u00fcn bir halqn\u0131\u00f1 meselesi tur\u0131p, o \u015fu meseleni al etmege istemese, bu halqn\u0131\u00f1 i\u00e7inden \u00f6z\u00fcne o\u00f1aytl\u0131 insanlarn\u0131 \u00e7ekip \u00e7\u0131qara. Bu aqta o fevral 28 k\u00fcn\u00fc o\u00a0ATR telekanal\u0131nda &#8220;Gravitatsiya&#8221; tok-\u015fouda\u00a0akimiyet ve q\u0131r\u0131mtatar halq\u0131n\u0131\u00f1 munasebetlerine dair mesele muzakere etilgende aytt\u0131 [&hellip;]<\/p>\n","protected":false},"author":1,"featured_media":36086,"comment_status":"open","ping_status":"open","sticky":false,"template":"","format":"standard","meta":{"inline_featured_image":false,"footnotes":""},"categories":[265],"tags":[],"class_list":["post-36081","post","type-post","status-publish","format-standard","has-post-thumbnail","hentry","category-haberler"],"acf":[],"yoast_head":"<!-- This site is optimized with the Yoast SEO plugin v27.4 - https:\/\/yoast.com\/product\/yoast-seo-wordpress\/ -->\n<title>Refat \u00c7ubarov emin ki, akimiyet kendisi toqtamal\u0131, \u00e7\u00fcnki on\u0131\u00f1 - \u041c\u0435\u0434\u0436\u043b\u0456\u0441<\/title>\n<meta name=\"robots\" content=\"index, follow, max-snippet:-1, max-image-preview:large, max-video-preview:-1\" \/>\n<link rel=\"canonical\" href=\"https:\/\/qtmm.org\/qt\/refat-cubarov-emin-ki-akimiyet-kendisi-toqtamali-cunki-onin\/\" \/>\n<meta property=\"og:locale\" content=\"en_US\" \/>\n<meta property=\"og:type\" content=\"article\" \/>\n<meta property=\"og:title\" content=\"Refat \u00c7ubarov emin ki, akimiyet kendisi toqtamal\u0131, \u00e7\u00fcnki on\u0131\u00f1 - \u041c\u0435\u0434\u0436\u043b\u0456\u0441\" \/>\n<meta property=\"og:description\" content=\"Q\u0131r\u0131mtatar halq\u0131 Meclisi reisini\u00f1 birinci muavini, Q\u0131r\u0131m Yuqar\u0131 \u015euras\u0131nda &#8220;Qurultay-Ruh&#8221; fraktsiyas\u0131n\u0131\u00f1 ba\u015f\u0131 Refat \u00c7ubarovn\u0131\u00f1 fikrince akimiyetni\u00f1 \u00f6g\u00fcnde b\u00fct\u00fcn bir halqn\u0131\u00f1 meselesi tur\u0131p, o \u015fu meseleni al etmege istemese, bu halqn\u0131\u00f1 i\u00e7inden \u00f6z\u00fcne o\u00f1aytl\u0131 insanlarn\u0131 \u00e7ekip \u00e7\u0131qara. Bu aqta o fevral 28 k\u00fcn\u00fc o\u00a0ATR telekanal\u0131nda &#8220;Gravitatsiya&#8221; tok-\u015fouda\u00a0akimiyet ve q\u0131r\u0131mtatar halq\u0131n\u0131\u00f1 munasebetlerine dair mesele muzakere etilgende aytt\u0131 [&hellip;]\" \/>\n<meta property=\"og:url\" content=\"https:\/\/qtmm.org\/qt\/refat-cubarov-emin-ki-akimiyet-kendisi-toqtamali-cunki-onin\/\" \/>\n<meta property=\"og:site_name\" content=\"\u041c\u0435\u0434\u0436\u043b\u0456\u0441\" \/>\n<meta property=\"article:publisher\" content=\"https:\/\/www.facebook.com\/qtmm.info\/\" \/>\n<meta property=\"article:published_time\" content=\"2013-03-01T14:26:00+00:00\" \/>\n<meta property=\"article:modified_time\" content=\"2022-01-23T14:27:21+00:00\" \/>\n<meta property=\"og:image\" content=\"https:\/\/qtmm.org\/wp-content\/uploads\/2022\/01\/2_97.jpeg\" \/>\n\t<meta property=\"og:image:width\" content=\"650\" \/>\n\t<meta property=\"og:image:height\" content=\"373\" \/>\n\t<meta property=\"og:image:type\" content=\"image\/jpeg\" \/>\n<meta name=\"author\" content=\"Developer\" \/>\n<meta name=\"twitter:card\" content=\"summary_large_image\" \/>\n<meta name=\"twitter:label1\" content=\"Written by\" \/>\n\t<meta name=\"twitter:data1\" content=\"Developer\" \/>\n\t<meta name=\"twitter:label2\" content=\"Est. reading time\" \/>\n\t<meta name=\"twitter:data2\" content=\"2 minutes\" \/>\n<script type=\"application\/ld+json\" class=\"yoast-schema-graph\">{\"@context\":\"https:\\\/\\\/schema.org\",\"@graph\":[{\"@type\":\"Article\",\"@id\":\"https:\\\/\\\/qtmm.org\\\/qt\\\/refat-cubarov-emin-ki-akimiyet-kendisi-toqtamali-cunki-onin\\\/#article\",\"isPartOf\":{\"@id\":\"https:\\\/\\\/qtmm.org\\\/qt\\\/refat-cubarov-emin-ki-akimiyet-kendisi-toqtamali-cunki-onin\\\/\"},\"author\":{\"name\":\"Developer\",\"@id\":\"https:\\\/\\\/qtmm.org\\\/qt\\\/#\\\/schema\\\/person\\\/de562469f971dec226ac06e60bbf74a7\"},\"headline\":\"Refat \u00c7ubarov emin ki, akimiyet kendisi toqtamal\u0131, \u00e7\u00fcnki on\u0131\u00f1\",\"datePublished\":\"2013-03-01T14:26:00+00:00\",\"dateModified\":\"2022-01-23T14:27:21+00:00\",\"mainEntityOfPage\":{\"@id\":\"https:\\\/\\\/qtmm.org\\\/qt\\\/refat-cubarov-emin-ki-akimiyet-kendisi-toqtamali-cunki-onin\\\/\"},\"wordCount\":368,\"commentCount\":0,\"publisher\":{\"@id\":\"https:\\\/\\\/qtmm.org\\\/qt\\\/#organization\"},\"image\":{\"@id\":\"https:\\\/\\\/qtmm.org\\\/qt\\\/refat-cubarov-emin-ki-akimiyet-kendisi-toqtamali-cunki-onin\\\/#primaryimage\"},\"thumbnailUrl\":\"https:\\\/\\\/qtmm.org\\\/wp-content\\\/uploads\\\/2022\\\/01\\\/2_97.jpeg\",\"articleSection\":[\"Haberler\"],\"inLanguage\":\"qt\",\"potentialAction\":[{\"@type\":\"CommentAction\",\"name\":\"Comment\",\"target\":[\"https:\\\/\\\/qtmm.org\\\/qt\\\/refat-cubarov-emin-ki-akimiyet-kendisi-toqtamali-cunki-onin\\\/#respond\"]}]},{\"@type\":\"WebPage\",\"@id\":\"https:\\\/\\\/qtmm.org\\\/qt\\\/refat-cubarov-emin-ki-akimiyet-kendisi-toqtamali-cunki-onin\\\/\",\"url\":\"https:\\\/\\\/qtmm.org\\\/qt\\\/refat-cubarov-emin-ki-akimiyet-kendisi-toqtamali-cunki-onin\\\/\",\"name\":\"Refat \u00c7ubarov emin ki, akimiyet kendisi toqtamal\u0131, \u00e7\u00fcnki on\u0131\u00f1 - \u041c\u0435\u0434\u0436\u043b\u0456\u0441\",\"isPartOf\":{\"@id\":\"https:\\\/\\\/qtmm.org\\\/qt\\\/#website\"},\"primaryImageOfPage\":{\"@id\":\"https:\\\/\\\/qtmm.org\\\/qt\\\/refat-cubarov-emin-ki-akimiyet-kendisi-toqtamali-cunki-onin\\\/#primaryimage\"},\"image\":{\"@id\":\"https:\\\/\\\/qtmm.org\\\/qt\\\/refat-cubarov-emin-ki-akimiyet-kendisi-toqtamali-cunki-onin\\\/#primaryimage\"},\"thumbnailUrl\":\"https:\\\/\\\/qtmm.org\\\/wp-content\\\/uploads\\\/2022\\\/01\\\/2_97.jpeg\",\"datePublished\":\"2013-03-01T14:26:00+00:00\",\"dateModified\":\"2022-01-23T14:27:21+00:00\",\"breadcrumb\":{\"@id\":\"https:\\\/\\\/qtmm.org\\\/qt\\\/refat-cubarov-emin-ki-akimiyet-kendisi-toqtamali-cunki-onin\\\/#breadcrumb\"},\"inLanguage\":\"qt\",\"potentialAction\":[{\"@type\":\"ReadAction\",\"target\":[\"https:\\\/\\\/qtmm.org\\\/qt\\\/refat-cubarov-emin-ki-akimiyet-kendisi-toqtamali-cunki-onin\\\/\"]}]},{\"@type\":\"ImageObject\",\"inLanguage\":\"qt\",\"@id\":\"https:\\\/\\\/qtmm.org\\\/qt\\\/refat-cubarov-emin-ki-akimiyet-kendisi-toqtamali-cunki-onin\\\/#primaryimage\",\"url\":\"https:\\\/\\\/qtmm.org\\\/wp-content\\\/uploads\\\/2022\\\/01\\\/2_97.jpeg\",\"contentUrl\":\"https:\\\/\\\/qtmm.org\\\/wp-content\\\/uploads\\\/2022\\\/01\\\/2_97.jpeg\",\"width\":650,\"height\":373},{\"@type\":\"BreadcrumbList\",\"@id\":\"https:\\\/\\\/qtmm.org\\\/qt\\\/refat-cubarov-emin-ki-akimiyet-kendisi-toqtamali-cunki-onin\\\/#breadcrumb\",\"itemListElement\":[{\"@type\":\"ListItem\",\"position\":1,\"name\":\"\u0413\u043e\u043b\u043e\u0432\u043d\u0430\",\"item\":\"https:\\\/\\\/qtmm.org\\\/qt\\\/\"},{\"@type\":\"ListItem\",\"position\":2,\"name\":\"Refat \u00c7ubarov emin ki, akimiyet kendisi toqtamal\u0131, \u00e7\u00fcnki on\u0131\u00f1\"}]},{\"@type\":\"WebSite\",\"@id\":\"https:\\\/\\\/qtmm.org\\\/qt\\\/#website\",\"url\":\"https:\\\/\\\/qtmm.org\\\/qt\\\/\",\"name\":\"\u041c\u0435\u0434\u0436\u043b\u0456\u0441\",\"description\":\"\",\"publisher\":{\"@id\":\"https:\\\/\\\/qtmm.org\\\/qt\\\/#organization\"},\"potentialAction\":[{\"@type\":\"SearchAction\",\"target\":{\"@type\":\"EntryPoint\",\"urlTemplate\":\"https:\\\/\\\/qtmm.org\\\/qt\\\/?s={search_term_string}\"},\"query-input\":{\"@type\":\"PropertyValueSpecification\",\"valueRequired\":true,\"valueName\":\"search_term_string\"}}],\"inLanguage\":\"qt\"},{\"@type\":\"Organization\",\"@id\":\"https:\\\/\\\/qtmm.org\\\/qt\\\/#organization\",\"name\":\"\u041c\u0435\u0434\u0436\u043b\u0456\u0441\",\"url\":\"https:\\\/\\\/qtmm.org\\\/qt\\\/\",\"logo\":{\"@type\":\"ImageObject\",\"inLanguage\":\"qt\",\"@id\":\"https:\\\/\\\/qtmm.org\\\/qt\\\/#\\\/schema\\\/logo\\\/image\\\/\",\"url\":\"https:\\\/\\\/qtmm.org\\\/wp-content\\\/uploads\\\/2024\\\/12\\\/ua-mejlis-logo-rgb.svg\",\"contentUrl\":\"https:\\\/\\\/qtmm.org\\\/wp-content\\\/uploads\\\/2024\\\/12\\\/ua-mejlis-logo-rgb.svg\",\"caption\":\"\u041c\u0435\u0434\u0436\u043b\u0456\u0441\"},\"image\":{\"@id\":\"https:\\\/\\\/qtmm.org\\\/qt\\\/#\\\/schema\\\/logo\\\/image\\\/\"},\"sameAs\":[\"https:\\\/\\\/www.facebook.com\\\/qtmm.info\\\/\"]},{\"@type\":\"Person\",\"@id\":\"https:\\\/\\\/qtmm.org\\\/qt\\\/#\\\/schema\\\/person\\\/de562469f971dec226ac06e60bbf74a7\",\"name\":\"Developer\",\"image\":{\"@type\":\"ImageObject\",\"inLanguage\":\"qt\",\"@id\":\"https:\\\/\\\/secure.gravatar.com\\\/avatar\\\/392b4cc8fbfeb00b39dfeeab4ee6edded39ffd48e25858637e4765810300227e?s=96&d=mm&r=g\",\"url\":\"https:\\\/\\\/secure.gravatar.com\\\/avatar\\\/392b4cc8fbfeb00b39dfeeab4ee6edded39ffd48e25858637e4765810300227e?s=96&d=mm&r=g\",\"contentUrl\":\"https:\\\/\\\/secure.gravatar.com\\\/avatar\\\/392b4cc8fbfeb00b39dfeeab4ee6edded39ffd48e25858637e4765810300227e?s=96&d=mm&r=g\",\"caption\":\"Developer\"},\"url\":\"https:\\\/\\\/qtmm.org\\\/qt\\\/author\\\/Developer\\\/\"}]}<\/script>\n<!-- \/ Yoast SEO plugin. -->","yoast_head_json":{"title":"Refat \u00c7ubarov emin ki, akimiyet kendisi toqtamal\u0131, \u00e7\u00fcnki on\u0131\u00f1 - \u041c\u0435\u0434\u0436\u043b\u0456\u0441","robots":{"index":"index","follow":"follow","max-snippet":"max-snippet:-1","max-image-preview":"max-image-preview:large","max-video-preview":"max-video-preview:-1"},"canonical":"https:\/\/qtmm.org\/qt\/refat-cubarov-emin-ki-akimiyet-kendisi-toqtamali-cunki-onin\/","og_locale":"en_US","og_type":"article","og_title":"Refat \u00c7ubarov emin ki, akimiyet kendisi toqtamal\u0131, \u00e7\u00fcnki on\u0131\u00f1 - \u041c\u0435\u0434\u0436\u043b\u0456\u0441","og_description":"Q\u0131r\u0131mtatar halq\u0131 Meclisi reisini\u00f1 birinci muavini, Q\u0131r\u0131m Yuqar\u0131 \u015euras\u0131nda &#8220;Qurultay-Ruh&#8221; fraktsiyas\u0131n\u0131\u00f1 ba\u015f\u0131 Refat \u00c7ubarovn\u0131\u00f1 fikrince akimiyetni\u00f1 \u00f6g\u00fcnde b\u00fct\u00fcn bir halqn\u0131\u00f1 meselesi tur\u0131p, o \u015fu meseleni al etmege istemese, bu halqn\u0131\u00f1 i\u00e7inden \u00f6z\u00fcne o\u00f1aytl\u0131 insanlarn\u0131 \u00e7ekip \u00e7\u0131qara. Bu aqta o fevral 28 k\u00fcn\u00fc o\u00a0ATR telekanal\u0131nda &#8220;Gravitatsiya&#8221; tok-\u015fouda\u00a0akimiyet ve q\u0131r\u0131mtatar halq\u0131n\u0131\u00f1 munasebetlerine dair mesele muzakere etilgende aytt\u0131 [&hellip;]","og_url":"https:\/\/qtmm.org\/qt\/refat-cubarov-emin-ki-akimiyet-kendisi-toqtamali-cunki-onin\/","og_site_name":"\u041c\u0435\u0434\u0436\u043b\u0456\u0441","article_publisher":"https:\/\/www.facebook.com\/qtmm.info\/","article_published_time":"2013-03-01T14:26:00+00:00","article_modified_time":"2022-01-23T14:27:21+00:00","og_image":[{"width":650,"height":373,"url":"https:\/\/qtmm.org\/wp-content\/uploads\/2022\/01\/2_97.jpeg","type":"image\/jpeg"}],"author":"Developer","twitter_card":"summary_large_image","twitter_misc":{"Written by":"Developer","Est. reading time":"2 minutes"},"schema":{"@context":"https:\/\/schema.org","@graph":[{"@type":"Article","@id":"https:\/\/qtmm.org\/qt\/refat-cubarov-emin-ki-akimiyet-kendisi-toqtamali-cunki-onin\/#article","isPartOf":{"@id":"https:\/\/qtmm.org\/qt\/refat-cubarov-emin-ki-akimiyet-kendisi-toqtamali-cunki-onin\/"},"author":{"name":"Developer","@id":"https:\/\/qtmm.org\/qt\/#\/schema\/person\/de562469f971dec226ac06e60bbf74a7"},"headline":"Refat \u00c7ubarov emin ki, akimiyet kendisi toqtamal\u0131, \u00e7\u00fcnki on\u0131\u00f1","datePublished":"2013-03-01T14:26:00+00:00","dateModified":"2022-01-23T14:27:21+00:00","mainEntityOfPage":{"@id":"https:\/\/qtmm.org\/qt\/refat-cubarov-emin-ki-akimiyet-kendisi-toqtamali-cunki-onin\/"},"wordCount":368,"commentCount":0,"publisher":{"@id":"https:\/\/qtmm.org\/qt\/#organization"},"image":{"@id":"https:\/\/qtmm.org\/qt\/refat-cubarov-emin-ki-akimiyet-kendisi-toqtamali-cunki-onin\/#primaryimage"},"thumbnailUrl":"https:\/\/qtmm.org\/wp-content\/uploads\/2022\/01\/2_97.jpeg","articleSection":["Haberler"],"inLanguage":"qt","potentialAction":[{"@type":"CommentAction","name":"Comment","target":["https:\/\/qtmm.org\/qt\/refat-cubarov-emin-ki-akimiyet-kendisi-toqtamali-cunki-onin\/#respond"]}]},{"@type":"WebPage","@id":"https:\/\/qtmm.org\/qt\/refat-cubarov-emin-ki-akimiyet-kendisi-toqtamali-cunki-onin\/","url":"https:\/\/qtmm.org\/qt\/refat-cubarov-emin-ki-akimiyet-kendisi-toqtamali-cunki-onin\/","name":"Refat \u00c7ubarov emin ki, akimiyet kendisi toqtamal\u0131, \u00e7\u00fcnki on\u0131\u00f1 - \u041c\u0435\u0434\u0436\u043b\u0456\u0441","isPartOf":{"@id":"https:\/\/qtmm.org\/qt\/#website"},"primaryImageOfPage":{"@id":"https:\/\/qtmm.org\/qt\/refat-cubarov-emin-ki-akimiyet-kendisi-toqtamali-cunki-onin\/#primaryimage"},"image":{"@id":"https:\/\/qtmm.org\/qt\/refat-cubarov-emin-ki-akimiyet-kendisi-toqtamali-cunki-onin\/#primaryimage"},"thumbnailUrl":"https:\/\/qtmm.org\/wp-content\/uploads\/2022\/01\/2_97.jpeg","datePublished":"2013-03-01T14:26:00+00:00","dateModified":"2022-01-23T14:27:21+00:00","breadcrumb":{"@id":"https:\/\/qtmm.org\/qt\/refat-cubarov-emin-ki-akimiyet-kendisi-toqtamali-cunki-onin\/#breadcrumb"},"inLanguage":"qt","potentialAction":[{"@type":"ReadAction","target":["https:\/\/qtmm.org\/qt\/refat-cubarov-emin-ki-akimiyet-kendisi-toqtamali-cunki-onin\/"]}]},{"@type":"ImageObject","inLanguage":"qt","@id":"https:\/\/qtmm.org\/qt\/refat-cubarov-emin-ki-akimiyet-kendisi-toqtamali-cunki-onin\/#primaryimage","url":"https:\/\/qtmm.org\/wp-content\/uploads\/2022\/01\/2_97.jpeg","contentUrl":"https:\/\/qtmm.org\/wp-content\/uploads\/2022\/01\/2_97.jpeg","width":650,"height":373},{"@type":"BreadcrumbList","@id":"https:\/\/qtmm.org\/qt\/refat-cubarov-emin-ki-akimiyet-kendisi-toqtamali-cunki-onin\/#breadcrumb","itemListElement":[{"@type":"ListItem","position":1,"name":"\u0413\u043e\u043b\u043e\u0432\u043d\u0430","item":"https:\/\/qtmm.org\/qt\/"},{"@type":"ListItem","position":2,"name":"Refat \u00c7ubarov emin ki, akimiyet kendisi toqtamal\u0131, \u00e7\u00fcnki on\u0131\u00f1"}]},{"@type":"WebSite","@id":"https:\/\/qtmm.org\/qt\/#website","url":"https:\/\/qtmm.org\/qt\/","name":"\u041c\u0435\u0434\u0436\u043b\u0456\u0441","description":"","publisher":{"@id":"https:\/\/qtmm.org\/qt\/#organization"},"potentialAction":[{"@type":"SearchAction","target":{"@type":"EntryPoint","urlTemplate":"https:\/\/qtmm.org\/qt\/?s={search_term_string}"},"query-input":{"@type":"PropertyValueSpecification","valueRequired":true,"valueName":"search_term_string"}}],"inLanguage":"qt"},{"@type":"Organization","@id":"https:\/\/qtmm.org\/qt\/#organization","name":"\u041c\u0435\u0434\u0436\u043b\u0456\u0441","url":"https:\/\/qtmm.org\/qt\/","logo":{"@type":"ImageObject","inLanguage":"qt","@id":"https:\/\/qtmm.org\/qt\/#\/schema\/logo\/image\/","url":"https:\/\/qtmm.org\/wp-content\/uploads\/2024\/12\/ua-mejlis-logo-rgb.svg","contentUrl":"https:\/\/qtmm.org\/wp-content\/uploads\/2024\/12\/ua-mejlis-logo-rgb.svg","caption":"\u041c\u0435\u0434\u0436\u043b\u0456\u0441"},"image":{"@id":"https:\/\/qtmm.org\/qt\/#\/schema\/logo\/image\/"},"sameAs":["https:\/\/www.facebook.com\/qtmm.info\/"]},{"@type":"Person","@id":"https:\/\/qtmm.org\/qt\/#\/schema\/person\/de562469f971dec226ac06e60bbf74a7","name":"Developer","image":{"@type":"ImageObject","inLanguage":"qt","@id":"https:\/\/secure.gravatar.com\/avatar\/392b4cc8fbfeb00b39dfeeab4ee6edded39ffd48e25858637e4765810300227e?s=96&d=mm&r=g","url":"https:\/\/secure.gravatar.com\/avatar\/392b4cc8fbfeb00b39dfeeab4ee6edded39ffd48e25858637e4765810300227e?s=96&d=mm&r=g","contentUrl":"https:\/\/secure.gravatar.com\/avatar\/392b4cc8fbfeb00b39dfeeab4ee6edded39ffd48e25858637e4765810300227e?s=96&d=mm&r=g","caption":"Developer"},"url":"https:\/\/qtmm.org\/qt\/author\/Developer\/"}]}},"_links":{"self":[{"href":"https:\/\/qtmm.org\/qt\/wp-json\/wp\/v2\/posts\/36081","targetHints":{"allow":["GET"]}}],"collection":[{"href":"https:\/\/qtmm.org\/qt\/wp-json\/wp\/v2\/posts"}],"about":[{"href":"https:\/\/qtmm.org\/qt\/wp-json\/wp\/v2\/types\/post"}],"author":[{"embeddable":true,"href":"https:\/\/qtmm.org\/qt\/wp-json\/wp\/v2\/users\/1"}],"replies":[{"embeddable":true,"href":"https:\/\/qtmm.org\/qt\/wp-json\/wp\/v2\/comments?post=36081"}],"version-history":[{"count":1,"href":"https:\/\/qtmm.org\/qt\/wp-json\/wp\/v2\/posts\/36081\/revisions"}],"predecessor-version":[{"id":36090,"href":"https:\/\/qtmm.org\/qt\/wp-json\/wp\/v2\/posts\/36081\/revisions\/36090"}],"wp:featuredmedia":[{"embeddable":true,"href":"https:\/\/qtmm.org\/qt\/wp-json\/wp\/v2\/media\/36086"}],"wp:attachment":[{"href":"https:\/\/qtmm.org\/qt\/wp-json\/wp\/v2\/media?parent=36081"}],"wp:term":[{"taxonomy":"category","embeddable":true,"href":"https:\/\/qtmm.org\/qt\/wp-json\/wp\/v2\/categories?post=36081"},{"taxonomy":"post_tag","embeddable":true,"href":"https:\/\/qtmm.org\/qt\/wp-json\/wp\/v2\/tags?post=36081"}],"curies":[{"name":"wp","href":"https:\/\/api.w.org\/{rel}","templated":true}]}}