




{"id":36063,"date":"2013-02-25T17:24:00","date_gmt":"2013-02-25T14:24:00","guid":{"rendered":"http:\/\/qtmm.org\/?p=36063"},"modified":"2022-01-23T17:25:56","modified_gmt":"2022-01-23T14:25:56","slug":"meclis-reisi-mustafa-cemilev-eskisehir-valisi-qadir-kocdemir-ile-korusti","status":"publish","type":"post","link":"https:\/\/qtmm.org\/qt\/meclis-reisi-mustafa-cemilev-eskisehir-valisi-qadir-kocdemir-ile-korusti\/","title":{"rendered":"Meclis reisi Mustafa Cemilev Eski\u015fehir valisi Qadir K\u00f6\u00e7demir ile k\u00f6r\u00fc\u015fti"},"content":{"rendered":"\n<p>2013 senesi fevral 25 k\u00fcn\u00fc Q\u0131r\u0131mtatar halq\u0131 Meclisini\u00f1 reisi Mustafa Cemilev ve on\u0131\u00f1 birinci muavini Refat \u00c7ubarov Q\u0131r\u0131mda i\u015f ziyaretinen bulun\u011fan Eski\u015fehir \u015feerini\u00f1 valisi Qadir K\u00f6\u00e7demir reberligindeki delegatsiya ile k\u00f6r\u00fc\u015ftiler.<\/p>\n\n\n\n<figure class=\"wp-block-image size-full\"><img loading=\"lazy\" decoding=\"async\" width=\"650\" height=\"360\" src=\"http:\/\/qtmm.org\/wp-content\/uploads\/2022\/01\/1_97.jpeg\" alt=\"\" class=\"wp-image-36064\" srcset=\"https:\/\/qtmm.org\/wp-content\/uploads\/2022\/01\/1_97.jpeg 650w, https:\/\/qtmm.org\/wp-content\/uploads\/2022\/01\/1_97-300x166.jpeg 300w\" sizes=\"auto, (max-width: 650px) 100vw, 650px\" \/><\/figure>\n\n\n\n<p>Delegatsiya erk\u00e2n\u0131nda Eski\u015fehir q\u0131r\u0131mtatar dernegini\u00f1 reisi Mesut Or, &#8220;Adalet ve inki\u015faf&#8221; partiyas\u0131n\u0131\u00f1 deputat\u0131 \u00dclker Can, &#8220;Cumhuriyet halq partiyas\u0131n\u0131\u00f1&#8221; deputat\u0131 Kazim Qurt, &#8221; Milliy areket partiyas\u0131n\u0131\u00f1&#8221; deputat\u0131 Ruhsar Demirel, Eski\u015fehirdeki Osman\u011faz\u0131 universitetini\u00f1 sab\u0131q rektor\u0131, t\u00fcrk d\u00fcnyas\u0131 medeniyet agentligi direktorlar\u0131 ke\u00f1e\u015fini\u00f1 azas\u0131 Faz\u0131l Tekin, bun\u0131\u00f1 kibi de Eski\u015fehir q\u0131r\u0131mtatar dernegi idaresini\u00f1 azas\u0131 Okan G\u00f6kdemir bulunmaqtalar.<\/p>\n\n\n\n<p>&#8220;Q\u0131r\u0131mtatar halq\u0131n\u0131\u00f1 ayat\u0131nda T\u00fcrkiye m\u00fcim rol oynamaqta. Biz q\u0131r\u0131mtatar halq\u0131n\u0131\u00f1 Vatan\u011fa qaytuv ve yerle\u015f\u00fcvinde T\u00fcrkiyeni\u00f1 destegine pek y\u00fcksek q\u0131ymet kesemiz&#8221;, &#8211; dep qayd etti Mustafa Cemilev subet devam\u0131nda.<\/p>\n\n\n\n<figure class=\"wp-block-image size-full\"><img loading=\"lazy\" decoding=\"async\" width=\"650\" height=\"400\" src=\"http:\/\/qtmm.org\/wp-content\/uploads\/2022\/01\/5_39.jpeg\" alt=\"\" class=\"wp-image-36068\" srcset=\"https:\/\/qtmm.org\/wp-content\/uploads\/2022\/01\/5_39.jpeg 650w, https:\/\/qtmm.org\/wp-content\/uploads\/2022\/01\/5_39-300x185.jpeg 300w\" sizes=\"auto, (max-width: 650px) 100vw, 650px\" \/><\/figure>\n\n\n\n<p>Mustafa Cemilev musafirlerge q\u0131r\u0131mtatarlarn\u0131\u00f1 milliy idare sistemi, &#8220;Qurultay delegatlar\u0131n\u0131 saylav nizam\u0131&#8221; aqq\u0131nda ayt\u0131p, bu nizam\u011fa k\u00f6re Qurultay delegatlar\u0131 gizli rey ber\u00fcv yolunen umumiy, musaviy, do\u011frudan-do\u011fru se\u00e7ileceklerini a\u00f1latt\u0131. Meclis ba\u015fqan\u0131 q\u0131r\u0131mtatar halq\u0131n\u0131\u00f1 ayat\u0131ndaki siyasiy vaqialarn\u0131 da tarif etip, so\u00f1ki vaq\u0131tta cumhuriyet organlar\u0131ndan q\u0131r\u0131mtatarlarn\u0131 \u00e7\u0131qarmaqn\u0131 tezle\u015ftirgenlerini qayd etti.<\/p>\n\n\n\n<p>Q\u0131r\u0131mtatar halq\u0131n\u0131\u00f1 aqlar\u0131n\u0131 tiklev boyunca halqara forumn\u0131 Ukrainada ke\u00e7ir\u00fcv te\u015febb\u00fcsi aqq\u0131nda ayt\u0131rkenler, Meclis reberleri q\u0131r\u0131mtatar halq\u0131na nisbeten adaletni faqat halqara cemaat\u00e7\u0131l\u0131qn\u0131\u00f1 k\u00fc\u00e7\u00fcnen tiklemek m\u00fcmk\u00fcnligini s\u00f6ylediler.<\/p>\n\n\n\n<figure class=\"wp-block-image size-full\"><img loading=\"lazy\" decoding=\"async\" width=\"650\" height=\"400\" src=\"http:\/\/qtmm.org\/wp-content\/uploads\/2022\/01\/6_28.jpeg\" alt=\"\" class=\"wp-image-36072\" srcset=\"https:\/\/qtmm.org\/wp-content\/uploads\/2022\/01\/6_28.jpeg 650w, https:\/\/qtmm.org\/wp-content\/uploads\/2022\/01\/6_28-300x185.jpeg 300w\" sizes=\"auto, (max-width: 650px) 100vw, 650px\" \/><\/figure>\n\n\n\n<p>\u00d6z nevbetinde Eski\u015fehir valisi Qadir K\u00f6\u00e7demir Meclis reisine bu y\u0131l mart ay\u0131nda Halqara t\u00fcrk d\u00fcnyas\u0131 festivali ke\u00e7irilecegini bildirdi. &#8220;Q\u0131r\u0131mtatar halq\u0131n\u0131\u00f1 asabal\u0131\u011f\u0131 bu tedbirde ayr\u0131ca yer alacaq. Qarda\u015f q\u0131r\u0131mtatar arqada\u015flar\u0131m\u0131zn\u0131 bu festivalde k\u00f6rmekten memn\u00fcn olurm\u0131z&#8221;, &#8211; dedi Eski\u015fehir valisi.<\/p>\n\n\n\n<p>K\u00f6r\u00fc\u015f\u00fcvni\u00f1 so\u00f1unda Meclis reisi musafirlerge 1917-1920 senelerde &#8220;Millet&#8221; gazetas\u0131nda derc olun\u011fan 300 maqaleden ibaret &#8220;Millet cevherleri&#8221; kitab\u0131n\u0131 ediye etti. QMPU q\u0131r\u0131mtatar ve t\u00fcrk filologiyas\u0131n\u0131\u00f1 ocas\u0131, dotsent Tair Kirimov tertip etken c\u0131y\u0131nt\u0131q Q\u0131r\u0131mtatar dernekleri umumiy merkezini\u00f1 maddiy ve Q\u0131r\u0131m haber agentligini\u00f1 tehnikiy yard\u0131m\u0131nda d\u00fcnya y\u00fcz\u00fcni k\u00f6rdi.<\/p>\n\n\n\n<p>\u015eun\u0131 qayd etmeli ki, Eski\u015fehirde 60 bi\u00f1den ziyade q\u0131r\u0131mtatar\u0131 ya\u015famaqta.<\/p>\n","protected":false},"excerpt":{"rendered":"<p>2013 senesi fevral 25 k\u00fcn\u00fc Q\u0131r\u0131mtatar halq\u0131 Meclisini\u00f1 reisi Mustafa Cemilev ve on\u0131\u00f1 birinci muavini Refat \u00c7ubarov Q\u0131r\u0131mda i\u015f ziyaretinen bulun\u011fan Eski\u015fehir \u015feerini\u00f1 valisi Qadir K\u00f6\u00e7demir reberligindeki delegatsiya ile k\u00f6r\u00fc\u015ftiler. Delegatsiya erk\u00e2n\u0131nda Eski\u015fehir q\u0131r\u0131mtatar dernegini\u00f1 reisi Mesut Or, &#8220;Adalet ve inki\u015faf&#8221; partiyas\u0131n\u0131\u00f1 deputat\u0131 \u00dclker Can, &#8220;Cumhuriyet halq partiyas\u0131n\u0131\u00f1&#8221; deputat\u0131 Kazim Qurt, &#8221; Milliy areket partiyas\u0131n\u0131\u00f1&#8221; [&hellip;]<\/p>\n","protected":false},"author":1,"featured_media":36076,"comment_status":"open","ping_status":"open","sticky":false,"template":"","format":"standard","meta":{"inline_featured_image":false,"footnotes":""},"categories":[265],"tags":[],"class_list":["post-36063","post","type-post","status-publish","format-standard","has-post-thumbnail","hentry","category-haberler"],"acf":[],"yoast_head":"<!-- This site is optimized with the Yoast SEO plugin v27.4 - https:\/\/yoast.com\/product\/yoast-seo-wordpress\/ -->\n<title>Meclis reisi Mustafa Cemilev Eski\u015fehir valisi Qadir K\u00f6\u00e7demir ile k\u00f6r\u00fc\u015fti - \u041c\u0435\u0434\u0436\u043b\u0456\u0441<\/title>\n<meta name=\"robots\" content=\"index, follow, max-snippet:-1, max-image-preview:large, max-video-preview:-1\" \/>\n<link rel=\"canonical\" href=\"https:\/\/qtmm.org\/qt\/meclis-reisi-mustafa-cemilev-eskisehir-valisi-qadir-kocdemir-ile-korusti\/\" \/>\n<meta property=\"og:locale\" content=\"en_US\" \/>\n<meta property=\"og:type\" content=\"article\" \/>\n<meta property=\"og:title\" content=\"Meclis reisi Mustafa Cemilev Eski\u015fehir valisi Qadir K\u00f6\u00e7demir ile k\u00f6r\u00fc\u015fti - \u041c\u0435\u0434\u0436\u043b\u0456\u0441\" \/>\n<meta property=\"og:description\" content=\"2013 senesi fevral 25 k\u00fcn\u00fc Q\u0131r\u0131mtatar halq\u0131 Meclisini\u00f1 reisi Mustafa Cemilev ve on\u0131\u00f1 birinci muavini Refat \u00c7ubarov Q\u0131r\u0131mda i\u015f ziyaretinen bulun\u011fan Eski\u015fehir \u015feerini\u00f1 valisi Qadir K\u00f6\u00e7demir reberligindeki delegatsiya ile k\u00f6r\u00fc\u015ftiler. Delegatsiya erk\u00e2n\u0131nda Eski\u015fehir q\u0131r\u0131mtatar dernegini\u00f1 reisi Mesut Or, &#8220;Adalet ve inki\u015faf&#8221; partiyas\u0131n\u0131\u00f1 deputat\u0131 \u00dclker Can, &#8220;Cumhuriyet halq partiyas\u0131n\u0131\u00f1&#8221; deputat\u0131 Kazim Qurt, &#8221; Milliy areket partiyas\u0131n\u0131\u00f1&#8221; [&hellip;]\" \/>\n<meta property=\"og:url\" content=\"https:\/\/qtmm.org\/qt\/meclis-reisi-mustafa-cemilev-eskisehir-valisi-qadir-kocdemir-ile-korusti\/\" \/>\n<meta property=\"og:site_name\" content=\"\u041c\u0435\u0434\u0436\u043b\u0456\u0441\" \/>\n<meta property=\"article:publisher\" content=\"https:\/\/www.facebook.com\/qtmm.info\/\" \/>\n<meta property=\"article:published_time\" content=\"2013-02-25T14:24:00+00:00\" \/>\n<meta property=\"article:modified_time\" content=\"2022-01-23T14:25:56+00:00\" \/>\n<meta property=\"og:image\" content=\"https:\/\/qtmm.org\/wp-content\/uploads\/2022\/01\/7_12.jpeg\" \/>\n\t<meta property=\"og:image:width\" content=\"650\" \/>\n\t<meta property=\"og:image:height\" content=\"450\" \/>\n\t<meta property=\"og:image:type\" content=\"image\/jpeg\" \/>\n<meta name=\"author\" content=\"Developer\" \/>\n<meta name=\"twitter:card\" content=\"summary_large_image\" \/>\n<meta name=\"twitter:label1\" content=\"Written by\" \/>\n\t<meta name=\"twitter:data1\" content=\"Developer\" \/>\n\t<meta name=\"twitter:label2\" content=\"Est. reading time\" \/>\n\t<meta name=\"twitter:data2\" content=\"2 minutes\" \/>\n<script type=\"application\/ld+json\" class=\"yoast-schema-graph\">{\"@context\":\"https:\\\/\\\/schema.org\",\"@graph\":[{\"@type\":\"Article\",\"@id\":\"https:\\\/\\\/qtmm.org\\\/qt\\\/meclis-reisi-mustafa-cemilev-eskisehir-valisi-qadir-kocdemir-ile-korusti\\\/#article\",\"isPartOf\":{\"@id\":\"https:\\\/\\\/qtmm.org\\\/qt\\\/meclis-reisi-mustafa-cemilev-eskisehir-valisi-qadir-kocdemir-ile-korusti\\\/\"},\"author\":{\"name\":\"Developer\",\"@id\":\"https:\\\/\\\/qtmm.org\\\/qt\\\/#\\\/schema\\\/person\\\/de562469f971dec226ac06e60bbf74a7\"},\"headline\":\"Meclis reisi Mustafa Cemilev Eski\u015fehir valisi Qadir K\u00f6\u00e7demir ile k\u00f6r\u00fc\u015fti\",\"datePublished\":\"2013-02-25T14:24:00+00:00\",\"dateModified\":\"2022-01-23T14:25:56+00:00\",\"mainEntityOfPage\":{\"@id\":\"https:\\\/\\\/qtmm.org\\\/qt\\\/meclis-reisi-mustafa-cemilev-eskisehir-valisi-qadir-kocdemir-ile-korusti\\\/\"},\"wordCount\":420,\"commentCount\":0,\"publisher\":{\"@id\":\"https:\\\/\\\/qtmm.org\\\/qt\\\/#organization\"},\"image\":{\"@id\":\"https:\\\/\\\/qtmm.org\\\/qt\\\/meclis-reisi-mustafa-cemilev-eskisehir-valisi-qadir-kocdemir-ile-korusti\\\/#primaryimage\"},\"thumbnailUrl\":\"https:\\\/\\\/qtmm.org\\\/wp-content\\\/uploads\\\/2022\\\/01\\\/7_12.jpeg\",\"articleSection\":[\"Haberler\"],\"inLanguage\":\"qt\",\"potentialAction\":[{\"@type\":\"CommentAction\",\"name\":\"Comment\",\"target\":[\"https:\\\/\\\/qtmm.org\\\/qt\\\/meclis-reisi-mustafa-cemilev-eskisehir-valisi-qadir-kocdemir-ile-korusti\\\/#respond\"]}]},{\"@type\":\"WebPage\",\"@id\":\"https:\\\/\\\/qtmm.org\\\/qt\\\/meclis-reisi-mustafa-cemilev-eskisehir-valisi-qadir-kocdemir-ile-korusti\\\/\",\"url\":\"https:\\\/\\\/qtmm.org\\\/qt\\\/meclis-reisi-mustafa-cemilev-eskisehir-valisi-qadir-kocdemir-ile-korusti\\\/\",\"name\":\"Meclis reisi Mustafa Cemilev Eski\u015fehir valisi Qadir K\u00f6\u00e7demir ile k\u00f6r\u00fc\u015fti - \u041c\u0435\u0434\u0436\u043b\u0456\u0441\",\"isPartOf\":{\"@id\":\"https:\\\/\\\/qtmm.org\\\/qt\\\/#website\"},\"primaryImageOfPage\":{\"@id\":\"https:\\\/\\\/qtmm.org\\\/qt\\\/meclis-reisi-mustafa-cemilev-eskisehir-valisi-qadir-kocdemir-ile-korusti\\\/#primaryimage\"},\"image\":{\"@id\":\"https:\\\/\\\/qtmm.org\\\/qt\\\/meclis-reisi-mustafa-cemilev-eskisehir-valisi-qadir-kocdemir-ile-korusti\\\/#primaryimage\"},\"thumbnailUrl\":\"https:\\\/\\\/qtmm.org\\\/wp-content\\\/uploads\\\/2022\\\/01\\\/7_12.jpeg\",\"datePublished\":\"2013-02-25T14:24:00+00:00\",\"dateModified\":\"2022-01-23T14:25:56+00:00\",\"breadcrumb\":{\"@id\":\"https:\\\/\\\/qtmm.org\\\/qt\\\/meclis-reisi-mustafa-cemilev-eskisehir-valisi-qadir-kocdemir-ile-korusti\\\/#breadcrumb\"},\"inLanguage\":\"qt\",\"potentialAction\":[{\"@type\":\"ReadAction\",\"target\":[\"https:\\\/\\\/qtmm.org\\\/qt\\\/meclis-reisi-mustafa-cemilev-eskisehir-valisi-qadir-kocdemir-ile-korusti\\\/\"]}]},{\"@type\":\"ImageObject\",\"inLanguage\":\"qt\",\"@id\":\"https:\\\/\\\/qtmm.org\\\/qt\\\/meclis-reisi-mustafa-cemilev-eskisehir-valisi-qadir-kocdemir-ile-korusti\\\/#primaryimage\",\"url\":\"https:\\\/\\\/qtmm.org\\\/wp-content\\\/uploads\\\/2022\\\/01\\\/7_12.jpeg\",\"contentUrl\":\"https:\\\/\\\/qtmm.org\\\/wp-content\\\/uploads\\\/2022\\\/01\\\/7_12.jpeg\",\"width\":650,\"height\":450},{\"@type\":\"BreadcrumbList\",\"@id\":\"https:\\\/\\\/qtmm.org\\\/qt\\\/meclis-reisi-mustafa-cemilev-eskisehir-valisi-qadir-kocdemir-ile-korusti\\\/#breadcrumb\",\"itemListElement\":[{\"@type\":\"ListItem\",\"position\":1,\"name\":\"\u0413\u043e\u043b\u043e\u0432\u043d\u0430\",\"item\":\"https:\\\/\\\/qtmm.org\\\/qt\\\/\"},{\"@type\":\"ListItem\",\"position\":2,\"name\":\"Meclis reisi Mustafa Cemilev Eski\u015fehir valisi Qadir K\u00f6\u00e7demir ile k\u00f6r\u00fc\u015fti\"}]},{\"@type\":\"WebSite\",\"@id\":\"https:\\\/\\\/qtmm.org\\\/qt\\\/#website\",\"url\":\"https:\\\/\\\/qtmm.org\\\/qt\\\/\",\"name\":\"\u041c\u0435\u0434\u0436\u043b\u0456\u0441\",\"description\":\"\",\"publisher\":{\"@id\":\"https:\\\/\\\/qtmm.org\\\/qt\\\/#organization\"},\"potentialAction\":[{\"@type\":\"SearchAction\",\"target\":{\"@type\":\"EntryPoint\",\"urlTemplate\":\"https:\\\/\\\/qtmm.org\\\/qt\\\/?s={search_term_string}\"},\"query-input\":{\"@type\":\"PropertyValueSpecification\",\"valueRequired\":true,\"valueName\":\"search_term_string\"}}],\"inLanguage\":\"qt\"},{\"@type\":\"Organization\",\"@id\":\"https:\\\/\\\/qtmm.org\\\/qt\\\/#organization\",\"name\":\"\u041c\u0435\u0434\u0436\u043b\u0456\u0441\",\"url\":\"https:\\\/\\\/qtmm.org\\\/qt\\\/\",\"logo\":{\"@type\":\"ImageObject\",\"inLanguage\":\"qt\",\"@id\":\"https:\\\/\\\/qtmm.org\\\/qt\\\/#\\\/schema\\\/logo\\\/image\\\/\",\"url\":\"https:\\\/\\\/qtmm.org\\\/wp-content\\\/uploads\\\/2024\\\/12\\\/ua-mejlis-logo-rgb.svg\",\"contentUrl\":\"https:\\\/\\\/qtmm.org\\\/wp-content\\\/uploads\\\/2024\\\/12\\\/ua-mejlis-logo-rgb.svg\",\"caption\":\"\u041c\u0435\u0434\u0436\u043b\u0456\u0441\"},\"image\":{\"@id\":\"https:\\\/\\\/qtmm.org\\\/qt\\\/#\\\/schema\\\/logo\\\/image\\\/\"},\"sameAs\":[\"https:\\\/\\\/www.facebook.com\\\/qtmm.info\\\/\"]},{\"@type\":\"Person\",\"@id\":\"https:\\\/\\\/qtmm.org\\\/qt\\\/#\\\/schema\\\/person\\\/de562469f971dec226ac06e60bbf74a7\",\"name\":\"Developer\",\"image\":{\"@type\":\"ImageObject\",\"inLanguage\":\"qt\",\"@id\":\"https:\\\/\\\/secure.gravatar.com\\\/avatar\\\/392b4cc8fbfeb00b39dfeeab4ee6edded39ffd48e25858637e4765810300227e?s=96&d=mm&r=g\",\"url\":\"https:\\\/\\\/secure.gravatar.com\\\/avatar\\\/392b4cc8fbfeb00b39dfeeab4ee6edded39ffd48e25858637e4765810300227e?s=96&d=mm&r=g\",\"contentUrl\":\"https:\\\/\\\/secure.gravatar.com\\\/avatar\\\/392b4cc8fbfeb00b39dfeeab4ee6edded39ffd48e25858637e4765810300227e?s=96&d=mm&r=g\",\"caption\":\"Developer\"},\"url\":\"https:\\\/\\\/qtmm.org\\\/qt\\\/author\\\/Developer\\\/\"}]}<\/script>\n<!-- \/ Yoast SEO plugin. -->","yoast_head_json":{"title":"Meclis reisi Mustafa Cemilev Eski\u015fehir valisi Qadir K\u00f6\u00e7demir ile k\u00f6r\u00fc\u015fti - \u041c\u0435\u0434\u0436\u043b\u0456\u0441","robots":{"index":"index","follow":"follow","max-snippet":"max-snippet:-1","max-image-preview":"max-image-preview:large","max-video-preview":"max-video-preview:-1"},"canonical":"https:\/\/qtmm.org\/qt\/meclis-reisi-mustafa-cemilev-eskisehir-valisi-qadir-kocdemir-ile-korusti\/","og_locale":"en_US","og_type":"article","og_title":"Meclis reisi Mustafa Cemilev Eski\u015fehir valisi Qadir K\u00f6\u00e7demir ile k\u00f6r\u00fc\u015fti - \u041c\u0435\u0434\u0436\u043b\u0456\u0441","og_description":"2013 senesi fevral 25 k\u00fcn\u00fc Q\u0131r\u0131mtatar halq\u0131 Meclisini\u00f1 reisi Mustafa Cemilev ve on\u0131\u00f1 birinci muavini Refat \u00c7ubarov Q\u0131r\u0131mda i\u015f ziyaretinen bulun\u011fan Eski\u015fehir \u015feerini\u00f1 valisi Qadir K\u00f6\u00e7demir reberligindeki delegatsiya ile k\u00f6r\u00fc\u015ftiler. Delegatsiya erk\u00e2n\u0131nda Eski\u015fehir q\u0131r\u0131mtatar dernegini\u00f1 reisi Mesut Or, &#8220;Adalet ve inki\u015faf&#8221; partiyas\u0131n\u0131\u00f1 deputat\u0131 \u00dclker Can, &#8220;Cumhuriyet halq partiyas\u0131n\u0131\u00f1&#8221; deputat\u0131 Kazim Qurt, &#8221; Milliy areket partiyas\u0131n\u0131\u00f1&#8221; [&hellip;]","og_url":"https:\/\/qtmm.org\/qt\/meclis-reisi-mustafa-cemilev-eskisehir-valisi-qadir-kocdemir-ile-korusti\/","og_site_name":"\u041c\u0435\u0434\u0436\u043b\u0456\u0441","article_publisher":"https:\/\/www.facebook.com\/qtmm.info\/","article_published_time":"2013-02-25T14:24:00+00:00","article_modified_time":"2022-01-23T14:25:56+00:00","og_image":[{"width":650,"height":450,"url":"https:\/\/qtmm.org\/wp-content\/uploads\/2022\/01\/7_12.jpeg","type":"image\/jpeg"}],"author":"Developer","twitter_card":"summary_large_image","twitter_misc":{"Written by":"Developer","Est. reading time":"2 minutes"},"schema":{"@context":"https:\/\/schema.org","@graph":[{"@type":"Article","@id":"https:\/\/qtmm.org\/qt\/meclis-reisi-mustafa-cemilev-eskisehir-valisi-qadir-kocdemir-ile-korusti\/#article","isPartOf":{"@id":"https:\/\/qtmm.org\/qt\/meclis-reisi-mustafa-cemilev-eskisehir-valisi-qadir-kocdemir-ile-korusti\/"},"author":{"name":"Developer","@id":"https:\/\/qtmm.org\/qt\/#\/schema\/person\/de562469f971dec226ac06e60bbf74a7"},"headline":"Meclis reisi Mustafa Cemilev Eski\u015fehir valisi Qadir K\u00f6\u00e7demir ile k\u00f6r\u00fc\u015fti","datePublished":"2013-02-25T14:24:00+00:00","dateModified":"2022-01-23T14:25:56+00:00","mainEntityOfPage":{"@id":"https:\/\/qtmm.org\/qt\/meclis-reisi-mustafa-cemilev-eskisehir-valisi-qadir-kocdemir-ile-korusti\/"},"wordCount":420,"commentCount":0,"publisher":{"@id":"https:\/\/qtmm.org\/qt\/#organization"},"image":{"@id":"https:\/\/qtmm.org\/qt\/meclis-reisi-mustafa-cemilev-eskisehir-valisi-qadir-kocdemir-ile-korusti\/#primaryimage"},"thumbnailUrl":"https:\/\/qtmm.org\/wp-content\/uploads\/2022\/01\/7_12.jpeg","articleSection":["Haberler"],"inLanguage":"qt","potentialAction":[{"@type":"CommentAction","name":"Comment","target":["https:\/\/qtmm.org\/qt\/meclis-reisi-mustafa-cemilev-eskisehir-valisi-qadir-kocdemir-ile-korusti\/#respond"]}]},{"@type":"WebPage","@id":"https:\/\/qtmm.org\/qt\/meclis-reisi-mustafa-cemilev-eskisehir-valisi-qadir-kocdemir-ile-korusti\/","url":"https:\/\/qtmm.org\/qt\/meclis-reisi-mustafa-cemilev-eskisehir-valisi-qadir-kocdemir-ile-korusti\/","name":"Meclis reisi Mustafa Cemilev Eski\u015fehir valisi Qadir K\u00f6\u00e7demir ile k\u00f6r\u00fc\u015fti - \u041c\u0435\u0434\u0436\u043b\u0456\u0441","isPartOf":{"@id":"https:\/\/qtmm.org\/qt\/#website"},"primaryImageOfPage":{"@id":"https:\/\/qtmm.org\/qt\/meclis-reisi-mustafa-cemilev-eskisehir-valisi-qadir-kocdemir-ile-korusti\/#primaryimage"},"image":{"@id":"https:\/\/qtmm.org\/qt\/meclis-reisi-mustafa-cemilev-eskisehir-valisi-qadir-kocdemir-ile-korusti\/#primaryimage"},"thumbnailUrl":"https:\/\/qtmm.org\/wp-content\/uploads\/2022\/01\/7_12.jpeg","datePublished":"2013-02-25T14:24:00+00:00","dateModified":"2022-01-23T14:25:56+00:00","breadcrumb":{"@id":"https:\/\/qtmm.org\/qt\/meclis-reisi-mustafa-cemilev-eskisehir-valisi-qadir-kocdemir-ile-korusti\/#breadcrumb"},"inLanguage":"qt","potentialAction":[{"@type":"ReadAction","target":["https:\/\/qtmm.org\/qt\/meclis-reisi-mustafa-cemilev-eskisehir-valisi-qadir-kocdemir-ile-korusti\/"]}]},{"@type":"ImageObject","inLanguage":"qt","@id":"https:\/\/qtmm.org\/qt\/meclis-reisi-mustafa-cemilev-eskisehir-valisi-qadir-kocdemir-ile-korusti\/#primaryimage","url":"https:\/\/qtmm.org\/wp-content\/uploads\/2022\/01\/7_12.jpeg","contentUrl":"https:\/\/qtmm.org\/wp-content\/uploads\/2022\/01\/7_12.jpeg","width":650,"height":450},{"@type":"BreadcrumbList","@id":"https:\/\/qtmm.org\/qt\/meclis-reisi-mustafa-cemilev-eskisehir-valisi-qadir-kocdemir-ile-korusti\/#breadcrumb","itemListElement":[{"@type":"ListItem","position":1,"name":"\u0413\u043e\u043b\u043e\u0432\u043d\u0430","item":"https:\/\/qtmm.org\/qt\/"},{"@type":"ListItem","position":2,"name":"Meclis reisi Mustafa Cemilev Eski\u015fehir valisi Qadir K\u00f6\u00e7demir ile k\u00f6r\u00fc\u015fti"}]},{"@type":"WebSite","@id":"https:\/\/qtmm.org\/qt\/#website","url":"https:\/\/qtmm.org\/qt\/","name":"\u041c\u0435\u0434\u0436\u043b\u0456\u0441","description":"","publisher":{"@id":"https:\/\/qtmm.org\/qt\/#organization"},"potentialAction":[{"@type":"SearchAction","target":{"@type":"EntryPoint","urlTemplate":"https:\/\/qtmm.org\/qt\/?s={search_term_string}"},"query-input":{"@type":"PropertyValueSpecification","valueRequired":true,"valueName":"search_term_string"}}],"inLanguage":"qt"},{"@type":"Organization","@id":"https:\/\/qtmm.org\/qt\/#organization","name":"\u041c\u0435\u0434\u0436\u043b\u0456\u0441","url":"https:\/\/qtmm.org\/qt\/","logo":{"@type":"ImageObject","inLanguage":"qt","@id":"https:\/\/qtmm.org\/qt\/#\/schema\/logo\/image\/","url":"https:\/\/qtmm.org\/wp-content\/uploads\/2024\/12\/ua-mejlis-logo-rgb.svg","contentUrl":"https:\/\/qtmm.org\/wp-content\/uploads\/2024\/12\/ua-mejlis-logo-rgb.svg","caption":"\u041c\u0435\u0434\u0436\u043b\u0456\u0441"},"image":{"@id":"https:\/\/qtmm.org\/qt\/#\/schema\/logo\/image\/"},"sameAs":["https:\/\/www.facebook.com\/qtmm.info\/"]},{"@type":"Person","@id":"https:\/\/qtmm.org\/qt\/#\/schema\/person\/de562469f971dec226ac06e60bbf74a7","name":"Developer","image":{"@type":"ImageObject","inLanguage":"qt","@id":"https:\/\/secure.gravatar.com\/avatar\/392b4cc8fbfeb00b39dfeeab4ee6edded39ffd48e25858637e4765810300227e?s=96&d=mm&r=g","url":"https:\/\/secure.gravatar.com\/avatar\/392b4cc8fbfeb00b39dfeeab4ee6edded39ffd48e25858637e4765810300227e?s=96&d=mm&r=g","contentUrl":"https:\/\/secure.gravatar.com\/avatar\/392b4cc8fbfeb00b39dfeeab4ee6edded39ffd48e25858637e4765810300227e?s=96&d=mm&r=g","caption":"Developer"},"url":"https:\/\/qtmm.org\/qt\/author\/Developer\/"}]}},"_links":{"self":[{"href":"https:\/\/qtmm.org\/qt\/wp-json\/wp\/v2\/posts\/36063","targetHints":{"allow":["GET"]}}],"collection":[{"href":"https:\/\/qtmm.org\/qt\/wp-json\/wp\/v2\/posts"}],"about":[{"href":"https:\/\/qtmm.org\/qt\/wp-json\/wp\/v2\/types\/post"}],"author":[{"embeddable":true,"href":"https:\/\/qtmm.org\/qt\/wp-json\/wp\/v2\/users\/1"}],"replies":[{"embeddable":true,"href":"https:\/\/qtmm.org\/qt\/wp-json\/wp\/v2\/comments?post=36063"}],"version-history":[{"count":1,"href":"https:\/\/qtmm.org\/qt\/wp-json\/wp\/v2\/posts\/36063\/revisions"}],"predecessor-version":[{"id":36080,"href":"https:\/\/qtmm.org\/qt\/wp-json\/wp\/v2\/posts\/36063\/revisions\/36080"}],"wp:featuredmedia":[{"embeddable":true,"href":"https:\/\/qtmm.org\/qt\/wp-json\/wp\/v2\/media\/36076"}],"wp:attachment":[{"href":"https:\/\/qtmm.org\/qt\/wp-json\/wp\/v2\/media?parent=36063"}],"wp:term":[{"taxonomy":"category","embeddable":true,"href":"https:\/\/qtmm.org\/qt\/wp-json\/wp\/v2\/categories?post=36063"},{"taxonomy":"post_tag","embeddable":true,"href":"https:\/\/qtmm.org\/qt\/wp-json\/wp\/v2\/tags?post=36063"}],"curies":[{"name":"wp","href":"https:\/\/api.w.org\/{rel}","templated":true}]}}