




{"id":36053,"date":"2013-02-25T17:19:00","date_gmt":"2013-02-25T14:19:00","guid":{"rendered":"http:\/\/qtmm.org\/?p=36053"},"modified":"2022-01-23T17:21:06","modified_gmt":"2022-01-23T14:21:06","slug":"refat-cubarov-qirim-topragi-icun-anane-olgan-ve-facianin-manasini-anlatqan-mayis-17-18-matem-tedbirlerini-kecirmekni-ic-bir-kimse-yasaq-etip-olamaz","status":"publish","type":"post","link":"https:\/\/qtmm.org\/qt\/refat-cubarov-qirim-topragi-icun-anane-olgan-ve-facianin-manasini-anlatqan-mayis-17-18-matem-tedbirlerini-kecirmekni-ic-bir-kimse-yasaq-etip-olamaz\/","title":{"rendered":"Refat \u00c7ubarov: Q\u0131r\u0131m topra\u011f\u0131 i\u00e7\u00fcn anane ol\u011fan ve facian\u0131\u00f1 manas\u0131n\u0131 a\u00f1latqan may\u0131s 17-18 matem tedbirlerini ke\u00e7irmekni i\u00e7 bir kimse yasaq etip olamaz"},"content":{"rendered":"\n<p>Mal\u00fcm ol\u011fan\u0131 kibi, yanvar 25 k\u00fcn\u00fc Q\u0131r\u0131mtatar halq\u0131 Meclisini\u00f1 topla\u015fuv\u0131nda q\u0131r\u0131mtatar halq\u0131 s\u00fcrg\u00fcnligini\u00f1 69 y\u0131ll\u0131\u011f\u0131 munasebetinen matem tedbirlerini ke\u00e7ir\u00fcv boyunca te\u015fkiliy komitetni meydan\u011fa ketir\u00fcv qarar\u0131 al\u0131n\u0131p, Meclis reisi, Ukraina halq deputat\u0131 Mustafa Cemilev reberliginde on\u0131\u00f1 erk\u00e2n\u0131 tasdiqlan\u011fan edi. Fevral 4 k\u00fcn\u00fc Aqmescit \u015feer \u015furas\u0131n\u0131\u00f1 reisi V.N. Ageyevni\u00f1 ad\u0131na Meclis ve q\u0131r\u0131mtatar cemaat te\u015fkil\u00e2tlar\u0131n\u0131\u00f1 S\u00fcrg\u00fcnlik qurbanlar\u0131n\u0131\u00f1 hat\u0131ras\u0131na ba\u011f\u0131\u015flan\u011fan tedbirler ke\u00e7irmek niyeti aqq\u0131nda Mustafa Cemilevni\u00f1 imzas\u0131nen bildir\u00fcv mekt\u00fcbi yollan\u0131ld\u0131.<\/p>\n\n\n\n<p>Aqmescit \u015feer icrakom\u0131 idare i\u015fler b\u00f6l\u00fcgini\u00f1 ba\u015f\u0131 Yelena Matskova Milliy Meclis reisi Mustafa Cemilevge yolla\u011fan cevap mekt\u00fcbinde Meclisni\u00f1 matem tedbirlerini ke\u00e7ir\u00fcv arizas\u0131 red etilgeni aqq\u0131nda yaz\u0131l\u011fan.<\/p>\n\n\n\n<p>Mekt\u00fcpte c\u00fcmleden denile ki &#8220;s\u00fcrg\u00fcnlik qurbanlar\u0131n\u0131\u00f1 hat\u0131ras\u0131na ba\u011f\u0131\u015flan\u011fan tedbirler umumq\u0131r\u0131m tedbirleri olaraq ananege k\u00f6re er y\u0131l\u0131 may\u0131s 18 k\u00fcn\u00fc cumhuriyet \u00fck\u00fcmeti, yerli idare organlar\u0131, yerli devlet memuriyet, vek\u00e2letlikler hadimlerini\u00f1 i\u015ftirakinde ke\u00e7irile.<\/p>\n\n\n\n<p>\u00d6z nevbetinde Q\u0131r\u0131m Nazirler \u015euras\u0131 ve Aqmescit \u015feer icra komiteti er sene S\u00fcrg\u00fcnlik qurbanlar\u0131 hat\u0131ras\u0131na ba\u011f\u0131\u015flan\u011fan tedbirlerni tasdiqlay. \u015eu sebepten Aqmescit \u015feer icra komiteti Meclis reisi, Ukraina halq deputat\u0131 Mustafa Cemilevge &#8220;icra akimiyeti organlar\u0131, uquqqoruv h\u0131zmetleri, te\u015fkil\u00e2t\u00e7\u0131lar ve i\u015ftirak\u00e7ilernen ba\u011fl\u0131 b\u00fct\u00fcn zarur te\u015fkil\u00e2tiy tedbirlerni amelge ke\u00e7irgen so\u00f1 may\u0131s 17-18 tedbirlerini ke\u00e7ir\u00fcv aqq\u0131ndaki mal\u00fcmat\u0131n\u0131\u00f1 tekrar muzakere etmesini teklif etti&#8221;<\/p>\n\n\n\n<p>Meclis reisini\u00f1 birinci muavini Refat \u00c7ubarov Aqmescit \u015feer \u015furas\u0131n\u0131\u00f1 Mecliske matem tedbirlerini ke\u00e7ir\u00fcvge izin bermegenini izaatlad\u0131. &#8220;Aqmescit \u015feer \u015furas\u0131n\u0131\u00f1 baz\u0131 vekilleri bu aral\u0131q mekt\u00fcbi, deyler, amma mekt\u00fcpni\u00f1 m\u00fcndericesi ve \u00fcsl\u00fcbi \u015fun\u0131 k\u00f6stere ki, \u015feer \u015furas\u0131 20 y\u0131ldan berli q\u0131r\u0131mtatarlarn\u0131\u00f1 kendileri ke\u00e7irdigi tedbirler art\u0131q Q\u0131r\u0131m Nazirler \u015euras\u0131n\u0131\u00f1 stsenariysi boyunca ke\u00e7kenini istey&#8221;, &#8211; dey eminliknen Refat \u00c7ubarov.<\/p>\n\n\n\n<p>Bun\u0131\u00f1 kibi de o, qayd etti ki, evel \u00e7oq y\u0131llar devam\u0131nda hat\u0131ra tedbirleri cumhuriyet akimiyeti vekillerinen birlikte az\u0131rlan\u0131l\u0131p, umumiy plan tizile edi.<br>&#8220;Bes-belli, facian\u0131\u00f1 manas\u0131n\u0131 ifade etken, em qartlar, em ya\u015flar beraber i\u015ftirak etken bu tedbirlerni bu sene kimdir Q\u0131r\u0131m ayat\u0131ndan \u00e7\u0131qar\u0131p ta\u015flama\u011fa istey&#8221;, &#8211; dep a\u00f1latt\u0131 \u00c7ubarov.<\/p>\n\n\n\n<p>R. \u00c7ubarovn\u0131\u00f1 fikrince \u015feer \u015furas\u0131ndan kelgen bu cevap \u00fck\u00fcmetni\u00f1 Meclisni may\u0131s 17-18 tedbirlerini ke\u00e7irmekten \u00e7etle\u015ftirmek niyetini k\u00f6stere.<\/p>\n\n\n\n<p>&#8220;Men \u015fun\u0131 hat\u0131rlatmaq isteyim ki, may\u0131s 17 k\u00fcn\u00fc &#8220;Qalbi\u00f1de ate\u015f yaq&#8221; aktsiyas\u0131na faqat gen\u00e7ler degil, er kes ve may\u0131s 18 matem mitingine ise b\u00fct\u00fcn Q\u0131r\u0131m toplana. May\u0131s 17-18 k\u00fcnlerine belgilegen tedbirlerimizni ke\u00e7irecegimizde i\u00e7 te \u015f\u00fcbem yoqt\u0131r. Olar Ukraina qanunlar\u0131 \u00e7er\u00e7ivesinde olur. S\u00fcrg\u00fcnlikte el\u00e2k ol\u011fanlarn\u0131\u00f1 hat\u0131ras\u0131n\u0131 a\u00f1maq i\u00e7\u00fcn on bi\u00f1lernen insan kelir&#8221;, &#8211; dedi R. \u00c7ubarov. Bu aktsiya akimiyetke er kes Q\u0131r\u0131mn\u0131\u00f1 eyi kelecegini qay\u011f\u0131r\u011fan\u0131n\u0131 k\u00f6sterir, insanlarn\u0131 akimiyetni sevgenler ve sevmegenlerge b\u00f6lmege i\u00e7 kimseni\u00f1 aqq\u0131 yoqt\u0131r, dep qayd etti R. \u00c7ubarov.<\/p>\n\n\n\n<figure class=\"wp-block-image size-full\"><img loading=\"lazy\" decoding=\"async\" width=\"650\" height=\"233\" src=\"http:\/\/qtmm.org\/wp-content\/uploads\/2022\/01\/zazhgi_ogonek_v_svoem_serdce.jpeg\" alt=\"\" class=\"wp-image-36054\" srcset=\"https:\/\/qtmm.org\/wp-content\/uploads\/2022\/01\/zazhgi_ogonek_v_svoem_serdce.jpeg 650w, https:\/\/qtmm.org\/wp-content\/uploads\/2022\/01\/zazhgi_ogonek_v_svoem_serdce-300x108.jpeg 300w\" sizes=\"auto, (max-width: 650px) 100vw, 650px\" \/><\/figure>\n\n\n\n<p>&#8220;Bu topraqn\u0131\u00f1 kelecegini akimiyet belgilemey ve demek, i\u00e7 kimse insanlarn\u0131\u00f1 fikirini yasaq etip olamaz, bahusus Q\u0131r\u0131m topra\u011f\u0131 i\u00e7\u00fcn ananeviy ol\u0131p qal\u011fan ve er sene ke\u00e7irilgen may\u0131s 17-18 matem tedbirlerini ke\u00e7irmekni i\u00e7 kimse yasaqlayamaz, &#8211; dedi R. \u00c7ubarov. \u2013 Akimiyetni\u00f1 so\u00f1ki areketleri, bilhassa insanlarn\u0131 akimiyetke h\u0131zmet etkenler \u2013 bizimki, ba\u015fqa fikirde ol\u011fanlar ise bizimki degil, degen printsip boyunca b\u00f6lgeni memleketimizdeki e\u00f1 b\u00fcy\u00fck provokatsiyad\u0131r. Akimiyetni\u00f1 vazifesi insanlarn\u0131 ve birinci nevbette on\u0131\u00f1 faaliyetinen memn\u00fcn olma\u011fanlarn\u0131 birle\u015ftirmektir. Bun\u0131\u00f1nen men q\u0131r\u0131mtatarlar akimiyetten naraz\u0131lar, demek istemeyim. Q\u0131r\u0131mtatarlar akimiyet ile a\u00e7\u0131q qonu\u015fmaq ve bizler se\u00e7ken ve bizlernen beraber ol\u011fanlarnen qonu\u015f\u0131\u00f1\u0131z, demege isteyler. Akimiyet ise o\u00f1a yanbasqanlarnen \u00e7al\u0131\u015fma\u011fa areket etti&#8221;.<\/p>\n\n\n\n<p>Refat \u00c7ubarov akimiyet kelecekteki areketleri i\u00e7\u00fcn zemin az\u0131rlamaq i\u00e7\u00fcn bu vaziyetni meydan\u011fa ketirdi, dep tahmin ete. On\u0131\u00f1 qayd etkenine k\u00f6re, nas\u0131ld\u0131r &#8220;ba\u015fqa te\u015fkil\u00e2tlar&#8221; matem tedbirlerini ke\u00e7irmek aqq\u0131nda ariza bergenler.<\/p>\n\n\n\n<p>&#8220;Bu te\u015fkil\u00e2tlar may\u0131s 18 k\u00fcn\u00fc rica ettigi tedbirni nas\u0131l ke\u00e7ireceklerini baqarm\u0131z. Akimiyet ikmetli olsa, akimiyet olabilir. Eger kimdir, olsun Milli Firqa ya da kazaklar birligi may\u0131s 18-de \u00f6z tedbirlerini ke\u00e7irmege izin soray eken, bars\u0131n ba\u015fqa yerde ke\u00e7irsinler. \u0130\u015fte o zaman er kes k\u00f6rer \u2013 kim Milli Firqa ya da kazaklar birligini\u00f1 \u00e7a\u011f\u0131ruv\u0131nen keldi, kim ise 20 y\u0131ldan berli ol\u011fan\u0131 kibi qalp daveti ile keldi. Akimiyet \u00f6z tarafdarlar\u0131n\u0131\u00f1 ma\u011fl\u00fcbiyetini k\u00f6rmege istemey, \u015fun\u0131\u00f1 i\u00e7\u00fcn insanlarn\u0131 s\u0131tt\u0131rmaq i\u00e7\u00fcn areket eter&#8221;, &#8211; dedi Refat \u00c7ubarov.<\/p>\n","protected":false},"excerpt":{"rendered":"<p>Mal\u00fcm ol\u011fan\u0131 kibi, yanvar 25 k\u00fcn\u00fc Q\u0131r\u0131mtatar halq\u0131 Meclisini\u00f1 topla\u015fuv\u0131nda q\u0131r\u0131mtatar halq\u0131 s\u00fcrg\u00fcnligini\u00f1 69 y\u0131ll\u0131\u011f\u0131 munasebetinen matem tedbirlerini ke\u00e7ir\u00fcv boyunca te\u015fkiliy komitetni meydan\u011fa ketir\u00fcv qarar\u0131 al\u0131n\u0131p, Meclis reisi, Ukraina halq deputat\u0131 Mustafa Cemilev reberliginde on\u0131\u00f1 erk\u00e2n\u0131 tasdiqlan\u011fan edi. Fevral 4 k\u00fcn\u00fc Aqmescit \u015feer \u015furas\u0131n\u0131\u00f1 reisi V.N. Ageyevni\u00f1 ad\u0131na Meclis ve q\u0131r\u0131mtatar cemaat te\u015fkil\u00e2tlar\u0131n\u0131\u00f1 S\u00fcrg\u00fcnlik qurbanlar\u0131n\u0131\u00f1 [&hellip;]<\/p>\n","protected":false},"author":1,"featured_media":36058,"comment_status":"open","ping_status":"open","sticky":false,"template":"","format":"standard","meta":{"inline_featured_image":false,"footnotes":""},"categories":[265],"tags":[],"class_list":["post-36053","post","type-post","status-publish","format-standard","has-post-thumbnail","hentry","category-haberler"],"acf":[],"yoast_head":"<!-- This site is optimized with the Yoast SEO plugin v27.4 - https:\/\/yoast.com\/product\/yoast-seo-wordpress\/ -->\n<title>Refat \u00c7ubarov: Q\u0131r\u0131m topra\u011f\u0131 i\u00e7\u00fcn anane ol\u011fan ve facian\u0131\u00f1 manas\u0131n\u0131 a\u00f1latqan may\u0131s 17-18 matem tedbirlerini ke\u00e7irmekni i\u00e7 bir kimse yasaq etip olamaz - \u041c\u0435\u0434\u0436\u043b\u0456\u0441<\/title>\n<meta name=\"robots\" content=\"index, follow, max-snippet:-1, max-image-preview:large, max-video-preview:-1\" \/>\n<link rel=\"canonical\" href=\"https:\/\/qtmm.org\/qt\/refat-cubarov-qirim-topragi-icun-anane-olgan-ve-facianin-manasini-anlatqan-mayis-17-18-matem-tedbirlerini-kecirmekni-ic-bir-kimse-yasaq-etip-olamaz\/\" \/>\n<meta property=\"og:locale\" content=\"en_US\" \/>\n<meta property=\"og:type\" content=\"article\" \/>\n<meta property=\"og:title\" content=\"Refat \u00c7ubarov: Q\u0131r\u0131m topra\u011f\u0131 i\u00e7\u00fcn anane ol\u011fan ve facian\u0131\u00f1 manas\u0131n\u0131 a\u00f1latqan may\u0131s 17-18 matem tedbirlerini ke\u00e7irmekni i\u00e7 bir kimse yasaq etip olamaz - \u041c\u0435\u0434\u0436\u043b\u0456\u0441\" \/>\n<meta property=\"og:description\" content=\"Mal\u00fcm ol\u011fan\u0131 kibi, yanvar 25 k\u00fcn\u00fc Q\u0131r\u0131mtatar halq\u0131 Meclisini\u00f1 topla\u015fuv\u0131nda q\u0131r\u0131mtatar halq\u0131 s\u00fcrg\u00fcnligini\u00f1 69 y\u0131ll\u0131\u011f\u0131 munasebetinen matem tedbirlerini ke\u00e7ir\u00fcv boyunca te\u015fkiliy komitetni meydan\u011fa ketir\u00fcv qarar\u0131 al\u0131n\u0131p, Meclis reisi, Ukraina halq deputat\u0131 Mustafa Cemilev reberliginde on\u0131\u00f1 erk\u00e2n\u0131 tasdiqlan\u011fan edi. Fevral 4 k\u00fcn\u00fc Aqmescit \u015feer \u015furas\u0131n\u0131\u00f1 reisi V.N. Ageyevni\u00f1 ad\u0131na Meclis ve q\u0131r\u0131mtatar cemaat te\u015fkil\u00e2tlar\u0131n\u0131\u00f1 S\u00fcrg\u00fcnlik qurbanlar\u0131n\u0131\u00f1 [&hellip;]\" \/>\n<meta property=\"og:url\" content=\"https:\/\/qtmm.org\/qt\/refat-cubarov-qirim-topragi-icun-anane-olgan-ve-facianin-manasini-anlatqan-mayis-17-18-matem-tedbirlerini-kecirmekni-ic-bir-kimse-yasaq-etip-olamaz\/\" \/>\n<meta property=\"og:site_name\" content=\"\u041c\u0435\u0434\u0436\u043b\u0456\u0441\" \/>\n<meta property=\"article:publisher\" content=\"https:\/\/www.facebook.com\/qtmm.info\/\" \/>\n<meta property=\"article:published_time\" content=\"2013-02-25T14:19:00+00:00\" \/>\n<meta property=\"article:modified_time\" content=\"2022-01-23T14:21:06+00:00\" \/>\n<meta property=\"og:image\" content=\"https:\/\/qtmm.org\/wp-content\/uploads\/2022\/01\/komment_rch_v_tekst.jpeg\" \/>\n\t<meta property=\"og:image:width\" content=\"650\" \/>\n\t<meta property=\"og:image:height\" content=\"450\" \/>\n\t<meta property=\"og:image:type\" content=\"image\/jpeg\" \/>\n<meta name=\"author\" content=\"Developer\" \/>\n<meta name=\"twitter:card\" content=\"summary_large_image\" \/>\n<meta name=\"twitter:label1\" content=\"Written by\" \/>\n\t<meta name=\"twitter:data1\" content=\"Developer\" \/>\n\t<meta name=\"twitter:label2\" content=\"Est. reading time\" \/>\n\t<meta name=\"twitter:data2\" content=\"4 minutes\" \/>\n<script type=\"application\/ld+json\" class=\"yoast-schema-graph\">{\"@context\":\"https:\\\/\\\/schema.org\",\"@graph\":[{\"@type\":\"Article\",\"@id\":\"https:\\\/\\\/qtmm.org\\\/qt\\\/refat-cubarov-qirim-topragi-icun-anane-olgan-ve-facianin-manasini-anlatqan-mayis-17-18-matem-tedbirlerini-kecirmekni-ic-bir-kimse-yasaq-etip-olamaz\\\/#article\",\"isPartOf\":{\"@id\":\"https:\\\/\\\/qtmm.org\\\/qt\\\/refat-cubarov-qirim-topragi-icun-anane-olgan-ve-facianin-manasini-anlatqan-mayis-17-18-matem-tedbirlerini-kecirmekni-ic-bir-kimse-yasaq-etip-olamaz\\\/\"},\"author\":{\"name\":\"Developer\",\"@id\":\"https:\\\/\\\/qtmm.org\\\/qt\\\/#\\\/schema\\\/person\\\/de562469f971dec226ac06e60bbf74a7\"},\"headline\":\"Refat \u00c7ubarov: Q\u0131r\u0131m topra\u011f\u0131 i\u00e7\u00fcn anane ol\u011fan ve facian\u0131\u00f1 manas\u0131n\u0131 a\u00f1latqan may\u0131s 17-18 matem tedbirlerini ke\u00e7irmekni i\u00e7 bir kimse yasaq etip olamaz\",\"datePublished\":\"2013-02-25T14:19:00+00:00\",\"dateModified\":\"2022-01-23T14:21:06+00:00\",\"mainEntityOfPage\":{\"@id\":\"https:\\\/\\\/qtmm.org\\\/qt\\\/refat-cubarov-qirim-topragi-icun-anane-olgan-ve-facianin-manasini-anlatqan-mayis-17-18-matem-tedbirlerini-kecirmekni-ic-bir-kimse-yasaq-etip-olamaz\\\/\"},\"wordCount\":854,\"commentCount\":0,\"publisher\":{\"@id\":\"https:\\\/\\\/qtmm.org\\\/qt\\\/#organization\"},\"image\":{\"@id\":\"https:\\\/\\\/qtmm.org\\\/qt\\\/refat-cubarov-qirim-topragi-icun-anane-olgan-ve-facianin-manasini-anlatqan-mayis-17-18-matem-tedbirlerini-kecirmekni-ic-bir-kimse-yasaq-etip-olamaz\\\/#primaryimage\"},\"thumbnailUrl\":\"https:\\\/\\\/qtmm.org\\\/wp-content\\\/uploads\\\/2022\\\/01\\\/komment_rch_v_tekst.jpeg\",\"articleSection\":[\"Haberler\"],\"inLanguage\":\"qt\",\"potentialAction\":[{\"@type\":\"CommentAction\",\"name\":\"Comment\",\"target\":[\"https:\\\/\\\/qtmm.org\\\/qt\\\/refat-cubarov-qirim-topragi-icun-anane-olgan-ve-facianin-manasini-anlatqan-mayis-17-18-matem-tedbirlerini-kecirmekni-ic-bir-kimse-yasaq-etip-olamaz\\\/#respond\"]}]},{\"@type\":\"WebPage\",\"@id\":\"https:\\\/\\\/qtmm.org\\\/qt\\\/refat-cubarov-qirim-topragi-icun-anane-olgan-ve-facianin-manasini-anlatqan-mayis-17-18-matem-tedbirlerini-kecirmekni-ic-bir-kimse-yasaq-etip-olamaz\\\/\",\"url\":\"https:\\\/\\\/qtmm.org\\\/qt\\\/refat-cubarov-qirim-topragi-icun-anane-olgan-ve-facianin-manasini-anlatqan-mayis-17-18-matem-tedbirlerini-kecirmekni-ic-bir-kimse-yasaq-etip-olamaz\\\/\",\"name\":\"Refat \u00c7ubarov: Q\u0131r\u0131m topra\u011f\u0131 i\u00e7\u00fcn anane ol\u011fan ve facian\u0131\u00f1 manas\u0131n\u0131 a\u00f1latqan may\u0131s 17-18 matem tedbirlerini ke\u00e7irmekni i\u00e7 bir kimse yasaq etip olamaz - \u041c\u0435\u0434\u0436\u043b\u0456\u0441\",\"isPartOf\":{\"@id\":\"https:\\\/\\\/qtmm.org\\\/qt\\\/#website\"},\"primaryImageOfPage\":{\"@id\":\"https:\\\/\\\/qtmm.org\\\/qt\\\/refat-cubarov-qirim-topragi-icun-anane-olgan-ve-facianin-manasini-anlatqan-mayis-17-18-matem-tedbirlerini-kecirmekni-ic-bir-kimse-yasaq-etip-olamaz\\\/#primaryimage\"},\"image\":{\"@id\":\"https:\\\/\\\/qtmm.org\\\/qt\\\/refat-cubarov-qirim-topragi-icun-anane-olgan-ve-facianin-manasini-anlatqan-mayis-17-18-matem-tedbirlerini-kecirmekni-ic-bir-kimse-yasaq-etip-olamaz\\\/#primaryimage\"},\"thumbnailUrl\":\"https:\\\/\\\/qtmm.org\\\/wp-content\\\/uploads\\\/2022\\\/01\\\/komment_rch_v_tekst.jpeg\",\"datePublished\":\"2013-02-25T14:19:00+00:00\",\"dateModified\":\"2022-01-23T14:21:06+00:00\",\"breadcrumb\":{\"@id\":\"https:\\\/\\\/qtmm.org\\\/qt\\\/refat-cubarov-qirim-topragi-icun-anane-olgan-ve-facianin-manasini-anlatqan-mayis-17-18-matem-tedbirlerini-kecirmekni-ic-bir-kimse-yasaq-etip-olamaz\\\/#breadcrumb\"},\"inLanguage\":\"qt\",\"potentialAction\":[{\"@type\":\"ReadAction\",\"target\":[\"https:\\\/\\\/qtmm.org\\\/qt\\\/refat-cubarov-qirim-topragi-icun-anane-olgan-ve-facianin-manasini-anlatqan-mayis-17-18-matem-tedbirlerini-kecirmekni-ic-bir-kimse-yasaq-etip-olamaz\\\/\"]}]},{\"@type\":\"ImageObject\",\"inLanguage\":\"qt\",\"@id\":\"https:\\\/\\\/qtmm.org\\\/qt\\\/refat-cubarov-qirim-topragi-icun-anane-olgan-ve-facianin-manasini-anlatqan-mayis-17-18-matem-tedbirlerini-kecirmekni-ic-bir-kimse-yasaq-etip-olamaz\\\/#primaryimage\",\"url\":\"https:\\\/\\\/qtmm.org\\\/wp-content\\\/uploads\\\/2022\\\/01\\\/komment_rch_v_tekst.jpeg\",\"contentUrl\":\"https:\\\/\\\/qtmm.org\\\/wp-content\\\/uploads\\\/2022\\\/01\\\/komment_rch_v_tekst.jpeg\",\"width\":650,\"height\":450},{\"@type\":\"BreadcrumbList\",\"@id\":\"https:\\\/\\\/qtmm.org\\\/qt\\\/refat-cubarov-qirim-topragi-icun-anane-olgan-ve-facianin-manasini-anlatqan-mayis-17-18-matem-tedbirlerini-kecirmekni-ic-bir-kimse-yasaq-etip-olamaz\\\/#breadcrumb\",\"itemListElement\":[{\"@type\":\"ListItem\",\"position\":1,\"name\":\"\u0413\u043e\u043b\u043e\u0432\u043d\u0430\",\"item\":\"https:\\\/\\\/qtmm.org\\\/qt\\\/\"},{\"@type\":\"ListItem\",\"position\":2,\"name\":\"Refat \u00c7ubarov: Q\u0131r\u0131m topra\u011f\u0131 i\u00e7\u00fcn anane ol\u011fan ve facian\u0131\u00f1 manas\u0131n\u0131 a\u00f1latqan may\u0131s 17-18 matem tedbirlerini ke\u00e7irmekni i\u00e7 bir kimse yasaq etip olamaz\"}]},{\"@type\":\"WebSite\",\"@id\":\"https:\\\/\\\/qtmm.org\\\/qt\\\/#website\",\"url\":\"https:\\\/\\\/qtmm.org\\\/qt\\\/\",\"name\":\"\u041c\u0435\u0434\u0436\u043b\u0456\u0441\",\"description\":\"\",\"publisher\":{\"@id\":\"https:\\\/\\\/qtmm.org\\\/qt\\\/#organization\"},\"potentialAction\":[{\"@type\":\"SearchAction\",\"target\":{\"@type\":\"EntryPoint\",\"urlTemplate\":\"https:\\\/\\\/qtmm.org\\\/qt\\\/?s={search_term_string}\"},\"query-input\":{\"@type\":\"PropertyValueSpecification\",\"valueRequired\":true,\"valueName\":\"search_term_string\"}}],\"inLanguage\":\"qt\"},{\"@type\":\"Organization\",\"@id\":\"https:\\\/\\\/qtmm.org\\\/qt\\\/#organization\",\"name\":\"\u041c\u0435\u0434\u0436\u043b\u0456\u0441\",\"url\":\"https:\\\/\\\/qtmm.org\\\/qt\\\/\",\"logo\":{\"@type\":\"ImageObject\",\"inLanguage\":\"qt\",\"@id\":\"https:\\\/\\\/qtmm.org\\\/qt\\\/#\\\/schema\\\/logo\\\/image\\\/\",\"url\":\"https:\\\/\\\/qtmm.org\\\/wp-content\\\/uploads\\\/2024\\\/12\\\/ua-mejlis-logo-rgb.svg\",\"contentUrl\":\"https:\\\/\\\/qtmm.org\\\/wp-content\\\/uploads\\\/2024\\\/12\\\/ua-mejlis-logo-rgb.svg\",\"caption\":\"\u041c\u0435\u0434\u0436\u043b\u0456\u0441\"},\"image\":{\"@id\":\"https:\\\/\\\/qtmm.org\\\/qt\\\/#\\\/schema\\\/logo\\\/image\\\/\"},\"sameAs\":[\"https:\\\/\\\/www.facebook.com\\\/qtmm.info\\\/\"]},{\"@type\":\"Person\",\"@id\":\"https:\\\/\\\/qtmm.org\\\/qt\\\/#\\\/schema\\\/person\\\/de562469f971dec226ac06e60bbf74a7\",\"name\":\"Developer\",\"image\":{\"@type\":\"ImageObject\",\"inLanguage\":\"qt\",\"@id\":\"https:\\\/\\\/secure.gravatar.com\\\/avatar\\\/392b4cc8fbfeb00b39dfeeab4ee6edded39ffd48e25858637e4765810300227e?s=96&d=mm&r=g\",\"url\":\"https:\\\/\\\/secure.gravatar.com\\\/avatar\\\/392b4cc8fbfeb00b39dfeeab4ee6edded39ffd48e25858637e4765810300227e?s=96&d=mm&r=g\",\"contentUrl\":\"https:\\\/\\\/secure.gravatar.com\\\/avatar\\\/392b4cc8fbfeb00b39dfeeab4ee6edded39ffd48e25858637e4765810300227e?s=96&d=mm&r=g\",\"caption\":\"Developer\"},\"url\":\"https:\\\/\\\/qtmm.org\\\/qt\\\/author\\\/Developer\\\/\"}]}<\/script>\n<!-- \/ Yoast SEO plugin. -->","yoast_head_json":{"title":"Refat \u00c7ubarov: Q\u0131r\u0131m topra\u011f\u0131 i\u00e7\u00fcn anane ol\u011fan ve facian\u0131\u00f1 manas\u0131n\u0131 a\u00f1latqan may\u0131s 17-18 matem tedbirlerini ke\u00e7irmekni i\u00e7 bir kimse yasaq etip olamaz - \u041c\u0435\u0434\u0436\u043b\u0456\u0441","robots":{"index":"index","follow":"follow","max-snippet":"max-snippet:-1","max-image-preview":"max-image-preview:large","max-video-preview":"max-video-preview:-1"},"canonical":"https:\/\/qtmm.org\/qt\/refat-cubarov-qirim-topragi-icun-anane-olgan-ve-facianin-manasini-anlatqan-mayis-17-18-matem-tedbirlerini-kecirmekni-ic-bir-kimse-yasaq-etip-olamaz\/","og_locale":"en_US","og_type":"article","og_title":"Refat \u00c7ubarov: Q\u0131r\u0131m topra\u011f\u0131 i\u00e7\u00fcn anane ol\u011fan ve facian\u0131\u00f1 manas\u0131n\u0131 a\u00f1latqan may\u0131s 17-18 matem tedbirlerini ke\u00e7irmekni i\u00e7 bir kimse yasaq etip olamaz - \u041c\u0435\u0434\u0436\u043b\u0456\u0441","og_description":"Mal\u00fcm ol\u011fan\u0131 kibi, yanvar 25 k\u00fcn\u00fc Q\u0131r\u0131mtatar halq\u0131 Meclisini\u00f1 topla\u015fuv\u0131nda q\u0131r\u0131mtatar halq\u0131 s\u00fcrg\u00fcnligini\u00f1 69 y\u0131ll\u0131\u011f\u0131 munasebetinen matem tedbirlerini ke\u00e7ir\u00fcv boyunca te\u015fkiliy komitetni meydan\u011fa ketir\u00fcv qarar\u0131 al\u0131n\u0131p, Meclis reisi, Ukraina halq deputat\u0131 Mustafa Cemilev reberliginde on\u0131\u00f1 erk\u00e2n\u0131 tasdiqlan\u011fan edi. Fevral 4 k\u00fcn\u00fc Aqmescit \u015feer \u015furas\u0131n\u0131\u00f1 reisi V.N. Ageyevni\u00f1 ad\u0131na Meclis ve q\u0131r\u0131mtatar cemaat te\u015fkil\u00e2tlar\u0131n\u0131\u00f1 S\u00fcrg\u00fcnlik qurbanlar\u0131n\u0131\u00f1 [&hellip;]","og_url":"https:\/\/qtmm.org\/qt\/refat-cubarov-qirim-topragi-icun-anane-olgan-ve-facianin-manasini-anlatqan-mayis-17-18-matem-tedbirlerini-kecirmekni-ic-bir-kimse-yasaq-etip-olamaz\/","og_site_name":"\u041c\u0435\u0434\u0436\u043b\u0456\u0441","article_publisher":"https:\/\/www.facebook.com\/qtmm.info\/","article_published_time":"2013-02-25T14:19:00+00:00","article_modified_time":"2022-01-23T14:21:06+00:00","og_image":[{"width":650,"height":450,"url":"https:\/\/qtmm.org\/wp-content\/uploads\/2022\/01\/komment_rch_v_tekst.jpeg","type":"image\/jpeg"}],"author":"Developer","twitter_card":"summary_large_image","twitter_misc":{"Written by":"Developer","Est. reading time":"4 minutes"},"schema":{"@context":"https:\/\/schema.org","@graph":[{"@type":"Article","@id":"https:\/\/qtmm.org\/qt\/refat-cubarov-qirim-topragi-icun-anane-olgan-ve-facianin-manasini-anlatqan-mayis-17-18-matem-tedbirlerini-kecirmekni-ic-bir-kimse-yasaq-etip-olamaz\/#article","isPartOf":{"@id":"https:\/\/qtmm.org\/qt\/refat-cubarov-qirim-topragi-icun-anane-olgan-ve-facianin-manasini-anlatqan-mayis-17-18-matem-tedbirlerini-kecirmekni-ic-bir-kimse-yasaq-etip-olamaz\/"},"author":{"name":"Developer","@id":"https:\/\/qtmm.org\/qt\/#\/schema\/person\/de562469f971dec226ac06e60bbf74a7"},"headline":"Refat \u00c7ubarov: Q\u0131r\u0131m topra\u011f\u0131 i\u00e7\u00fcn anane ol\u011fan ve facian\u0131\u00f1 manas\u0131n\u0131 a\u00f1latqan may\u0131s 17-18 matem tedbirlerini ke\u00e7irmekni i\u00e7 bir kimse yasaq etip olamaz","datePublished":"2013-02-25T14:19:00+00:00","dateModified":"2022-01-23T14:21:06+00:00","mainEntityOfPage":{"@id":"https:\/\/qtmm.org\/qt\/refat-cubarov-qirim-topragi-icun-anane-olgan-ve-facianin-manasini-anlatqan-mayis-17-18-matem-tedbirlerini-kecirmekni-ic-bir-kimse-yasaq-etip-olamaz\/"},"wordCount":854,"commentCount":0,"publisher":{"@id":"https:\/\/qtmm.org\/qt\/#organization"},"image":{"@id":"https:\/\/qtmm.org\/qt\/refat-cubarov-qirim-topragi-icun-anane-olgan-ve-facianin-manasini-anlatqan-mayis-17-18-matem-tedbirlerini-kecirmekni-ic-bir-kimse-yasaq-etip-olamaz\/#primaryimage"},"thumbnailUrl":"https:\/\/qtmm.org\/wp-content\/uploads\/2022\/01\/komment_rch_v_tekst.jpeg","articleSection":["Haberler"],"inLanguage":"qt","potentialAction":[{"@type":"CommentAction","name":"Comment","target":["https:\/\/qtmm.org\/qt\/refat-cubarov-qirim-topragi-icun-anane-olgan-ve-facianin-manasini-anlatqan-mayis-17-18-matem-tedbirlerini-kecirmekni-ic-bir-kimse-yasaq-etip-olamaz\/#respond"]}]},{"@type":"WebPage","@id":"https:\/\/qtmm.org\/qt\/refat-cubarov-qirim-topragi-icun-anane-olgan-ve-facianin-manasini-anlatqan-mayis-17-18-matem-tedbirlerini-kecirmekni-ic-bir-kimse-yasaq-etip-olamaz\/","url":"https:\/\/qtmm.org\/qt\/refat-cubarov-qirim-topragi-icun-anane-olgan-ve-facianin-manasini-anlatqan-mayis-17-18-matem-tedbirlerini-kecirmekni-ic-bir-kimse-yasaq-etip-olamaz\/","name":"Refat \u00c7ubarov: Q\u0131r\u0131m topra\u011f\u0131 i\u00e7\u00fcn anane ol\u011fan ve facian\u0131\u00f1 manas\u0131n\u0131 a\u00f1latqan may\u0131s 17-18 matem tedbirlerini ke\u00e7irmekni i\u00e7 bir kimse yasaq etip olamaz - \u041c\u0435\u0434\u0436\u043b\u0456\u0441","isPartOf":{"@id":"https:\/\/qtmm.org\/qt\/#website"},"primaryImageOfPage":{"@id":"https:\/\/qtmm.org\/qt\/refat-cubarov-qirim-topragi-icun-anane-olgan-ve-facianin-manasini-anlatqan-mayis-17-18-matem-tedbirlerini-kecirmekni-ic-bir-kimse-yasaq-etip-olamaz\/#primaryimage"},"image":{"@id":"https:\/\/qtmm.org\/qt\/refat-cubarov-qirim-topragi-icun-anane-olgan-ve-facianin-manasini-anlatqan-mayis-17-18-matem-tedbirlerini-kecirmekni-ic-bir-kimse-yasaq-etip-olamaz\/#primaryimage"},"thumbnailUrl":"https:\/\/qtmm.org\/wp-content\/uploads\/2022\/01\/komment_rch_v_tekst.jpeg","datePublished":"2013-02-25T14:19:00+00:00","dateModified":"2022-01-23T14:21:06+00:00","breadcrumb":{"@id":"https:\/\/qtmm.org\/qt\/refat-cubarov-qirim-topragi-icun-anane-olgan-ve-facianin-manasini-anlatqan-mayis-17-18-matem-tedbirlerini-kecirmekni-ic-bir-kimse-yasaq-etip-olamaz\/#breadcrumb"},"inLanguage":"qt","potentialAction":[{"@type":"ReadAction","target":["https:\/\/qtmm.org\/qt\/refat-cubarov-qirim-topragi-icun-anane-olgan-ve-facianin-manasini-anlatqan-mayis-17-18-matem-tedbirlerini-kecirmekni-ic-bir-kimse-yasaq-etip-olamaz\/"]}]},{"@type":"ImageObject","inLanguage":"qt","@id":"https:\/\/qtmm.org\/qt\/refat-cubarov-qirim-topragi-icun-anane-olgan-ve-facianin-manasini-anlatqan-mayis-17-18-matem-tedbirlerini-kecirmekni-ic-bir-kimse-yasaq-etip-olamaz\/#primaryimage","url":"https:\/\/qtmm.org\/wp-content\/uploads\/2022\/01\/komment_rch_v_tekst.jpeg","contentUrl":"https:\/\/qtmm.org\/wp-content\/uploads\/2022\/01\/komment_rch_v_tekst.jpeg","width":650,"height":450},{"@type":"BreadcrumbList","@id":"https:\/\/qtmm.org\/qt\/refat-cubarov-qirim-topragi-icun-anane-olgan-ve-facianin-manasini-anlatqan-mayis-17-18-matem-tedbirlerini-kecirmekni-ic-bir-kimse-yasaq-etip-olamaz\/#breadcrumb","itemListElement":[{"@type":"ListItem","position":1,"name":"\u0413\u043e\u043b\u043e\u0432\u043d\u0430","item":"https:\/\/qtmm.org\/qt\/"},{"@type":"ListItem","position":2,"name":"Refat \u00c7ubarov: Q\u0131r\u0131m topra\u011f\u0131 i\u00e7\u00fcn anane ol\u011fan ve facian\u0131\u00f1 manas\u0131n\u0131 a\u00f1latqan may\u0131s 17-18 matem tedbirlerini ke\u00e7irmekni i\u00e7 bir kimse yasaq etip olamaz"}]},{"@type":"WebSite","@id":"https:\/\/qtmm.org\/qt\/#website","url":"https:\/\/qtmm.org\/qt\/","name":"\u041c\u0435\u0434\u0436\u043b\u0456\u0441","description":"","publisher":{"@id":"https:\/\/qtmm.org\/qt\/#organization"},"potentialAction":[{"@type":"SearchAction","target":{"@type":"EntryPoint","urlTemplate":"https:\/\/qtmm.org\/qt\/?s={search_term_string}"},"query-input":{"@type":"PropertyValueSpecification","valueRequired":true,"valueName":"search_term_string"}}],"inLanguage":"qt"},{"@type":"Organization","@id":"https:\/\/qtmm.org\/qt\/#organization","name":"\u041c\u0435\u0434\u0436\u043b\u0456\u0441","url":"https:\/\/qtmm.org\/qt\/","logo":{"@type":"ImageObject","inLanguage":"qt","@id":"https:\/\/qtmm.org\/qt\/#\/schema\/logo\/image\/","url":"https:\/\/qtmm.org\/wp-content\/uploads\/2024\/12\/ua-mejlis-logo-rgb.svg","contentUrl":"https:\/\/qtmm.org\/wp-content\/uploads\/2024\/12\/ua-mejlis-logo-rgb.svg","caption":"\u041c\u0435\u0434\u0436\u043b\u0456\u0441"},"image":{"@id":"https:\/\/qtmm.org\/qt\/#\/schema\/logo\/image\/"},"sameAs":["https:\/\/www.facebook.com\/qtmm.info\/"]},{"@type":"Person","@id":"https:\/\/qtmm.org\/qt\/#\/schema\/person\/de562469f971dec226ac06e60bbf74a7","name":"Developer","image":{"@type":"ImageObject","inLanguage":"qt","@id":"https:\/\/secure.gravatar.com\/avatar\/392b4cc8fbfeb00b39dfeeab4ee6edded39ffd48e25858637e4765810300227e?s=96&d=mm&r=g","url":"https:\/\/secure.gravatar.com\/avatar\/392b4cc8fbfeb00b39dfeeab4ee6edded39ffd48e25858637e4765810300227e?s=96&d=mm&r=g","contentUrl":"https:\/\/secure.gravatar.com\/avatar\/392b4cc8fbfeb00b39dfeeab4ee6edded39ffd48e25858637e4765810300227e?s=96&d=mm&r=g","caption":"Developer"},"url":"https:\/\/qtmm.org\/qt\/author\/Developer\/"}]}},"_links":{"self":[{"href":"https:\/\/qtmm.org\/qt\/wp-json\/wp\/v2\/posts\/36053","targetHints":{"allow":["GET"]}}],"collection":[{"href":"https:\/\/qtmm.org\/qt\/wp-json\/wp\/v2\/posts"}],"about":[{"href":"https:\/\/qtmm.org\/qt\/wp-json\/wp\/v2\/types\/post"}],"author":[{"embeddable":true,"href":"https:\/\/qtmm.org\/qt\/wp-json\/wp\/v2\/users\/1"}],"replies":[{"embeddable":true,"href":"https:\/\/qtmm.org\/qt\/wp-json\/wp\/v2\/comments?post=36053"}],"version-history":[{"count":1,"href":"https:\/\/qtmm.org\/qt\/wp-json\/wp\/v2\/posts\/36053\/revisions"}],"predecessor-version":[{"id":36062,"href":"https:\/\/qtmm.org\/qt\/wp-json\/wp\/v2\/posts\/36053\/revisions\/36062"}],"wp:featuredmedia":[{"embeddable":true,"href":"https:\/\/qtmm.org\/qt\/wp-json\/wp\/v2\/media\/36058"}],"wp:attachment":[{"href":"https:\/\/qtmm.org\/qt\/wp-json\/wp\/v2\/media?parent=36053"}],"wp:term":[{"taxonomy":"category","embeddable":true,"href":"https:\/\/qtmm.org\/qt\/wp-json\/wp\/v2\/categories?post=36053"},{"taxonomy":"post_tag","embeddable":true,"href":"https:\/\/qtmm.org\/qt\/wp-json\/wp\/v2\/tags?post=36053"}],"curies":[{"name":"wp","href":"https:\/\/api.w.org\/{rel}","templated":true}]}}