




{"id":36051,"date":"2013-02-24T17:18:00","date_gmt":"2013-02-24T14:18:00","guid":{"rendered":"http:\/\/qtmm.org\/?p=36051"},"modified":"2022-01-23T17:19:37","modified_gmt":"2022-01-23T14:19:37","slug":"aslan-umerov-kiyevde-qirimtatarlar-cemiyetinin-reisi-olaraq-saylandi","status":"publish","type":"post","link":"https:\/\/qtmm.org\/qt\/aslan-umerov-kiyevde-qirimtatarlar-cemiyetinin-reisi-olaraq-saylandi\/","title":{"rendered":"Aslan \u00dcmerov Kiyevde Q\u0131r\u0131mtatarlar cemiyetini\u00f1 reisi olaraq sayland\u0131"},"content":{"rendered":"\n<p>23 fevral k\u00fcn\u00fc Kiyevde Q\u0131r\u0131mtatar cemiyetini\u00f1 umumiy topla\u015fuv\u0131 ol\u0131p ke\u00e7ti. Topla\u015fuvdan evel belli cemaat erbab\u0131, Q\u0131r\u0131m cumhuriyetini\u00f1 reisi, Q\u0131r\u0131m, Poloniya ve Litva musulmanlar\u0131n\u0131\u00f1 m\u00fcftisi Noman \u00c7elebicihann\u0131\u00f1 hat\u0131ras\u0131 a\u00f1\u0131ld\u0131, dep\u00a0haber ete cemiyetni\u00f1 matbuat h\u0131zmeti.<\/p>\n\n\n\n<p>Topla\u015fuvda Q\u0131r\u0131mtatar halq\u0131 Meclisini\u00f1 azalar\u0131 Zair Smedl\u00e2yev, Ali Hamzin ve Zaur Smirnov i\u015ftirak ettiler. Qurultay delegatlar\u0131n\u0131 saylav boyunca Merkeziy saylav komissiyas\u0131n\u0131\u00f1 reisi Zair Smedl\u00e2yev \u00f6z \u00e7\u0131q\u0131\u015f\u0131nda regional meclislerge ve Kiyevde Qurultay delegatlar\u0131n\u0131 saylavlarn\u0131\u00f1 keti\u015fat\u0131 aqq\u0131nda aytt\u0131.<\/p>\n\n\n\n<p>Meclisni\u00f1 t\u0131\u015fq\u0131 al\u00e2qalar b\u00f6l\u00fcgini\u00f1 ba\u015f\u0131 Ali Hamzin Kiyevdeki q\u0131r\u0131mtatarlarn\u0131\u00f1 faalligi pek m\u00fcim ol\u011fan\u0131n\u0131 qayd etip, cemiyet azalar\u0131na mahsuldar \u00e7al\u0131\u015fmaqn\u0131 tiledi.<\/p>\n\n\n\n<p>Cemiyet idaresi birle\u015fmeni\u00f1 qurum\u0131 ve kelecekteki inki\u015faf planlar\u0131nen tan\u0131\u015f etti. Saylav neticelerine k\u00f6re Kiyev \u015feerindeki q\u0131r\u0131mtatar cemiyetini\u00f1 reisi olaraq Aslan \u00dcmerov sayland\u0131.<\/p>\n\n\n\n<p>\u0130darege Bekir \u011eaniyev, Femi Mustafayev, Refat Sar\u0131yev, Tal\u00e2t Bil\u00e2lov kirdiler.<\/p>\n\n\n\n<p>Cemiyet Tefti\u015f komissiyas\u0131 Abduraman Egiz, Rustem Aliyev ve Elvina \u015eeyhisl\u00e2movadan tertip etildi.<\/p>\n","protected":false},"excerpt":{"rendered":"<p>23 fevral k\u00fcn\u00fc Kiyevde Q\u0131r\u0131mtatar cemiyetini\u00f1 umumiy topla\u015fuv\u0131 ol\u0131p ke\u00e7ti. Topla\u015fuvdan evel belli cemaat erbab\u0131, Q\u0131r\u0131m cumhuriyetini\u00f1 reisi, Q\u0131r\u0131m, Poloniya ve Litva musulmanlar\u0131n\u0131\u00f1 m\u00fcftisi Noman \u00c7elebicihann\u0131\u00f1 hat\u0131ras\u0131 a\u00f1\u0131ld\u0131, dep\u00a0haber ete cemiyetni\u00f1 matbuat h\u0131zmeti. Topla\u015fuvda Q\u0131r\u0131mtatar halq\u0131 Meclisini\u00f1 azalar\u0131 Zair Smedl\u00e2yev, Ali Hamzin ve Zaur Smirnov i\u015ftirak ettiler. Qurultay delegatlar\u0131n\u0131 saylav boyunca Merkeziy saylav komissiyas\u0131n\u0131\u00f1 reisi [&hellip;]<\/p>\n","protected":false},"author":1,"featured_media":0,"comment_status":"open","ping_status":"open","sticky":false,"template":"","format":"standard","meta":{"inline_featured_image":false,"footnotes":""},"categories":[265],"tags":[],"class_list":["post-36051","post","type-post","status-publish","format-standard","hentry","category-haberler"],"acf":[],"yoast_head":"<!-- This site is optimized with the Yoast SEO plugin v27.4 - https:\/\/yoast.com\/product\/yoast-seo-wordpress\/ -->\n<title>Aslan \u00dcmerov Kiyevde Q\u0131r\u0131mtatarlar cemiyetini\u00f1 reisi olaraq sayland\u0131 - \u041c\u0435\u0434\u0436\u043b\u0456\u0441<\/title>\n<meta name=\"robots\" content=\"index, follow, max-snippet:-1, max-image-preview:large, max-video-preview:-1\" \/>\n<link rel=\"canonical\" href=\"https:\/\/qtmm.org\/qt\/aslan-umerov-kiyevde-qirimtatarlar-cemiyetinin-reisi-olaraq-saylandi\/\" \/>\n<meta property=\"og:locale\" content=\"en_US\" \/>\n<meta property=\"og:type\" content=\"article\" \/>\n<meta property=\"og:title\" content=\"Aslan \u00dcmerov Kiyevde Q\u0131r\u0131mtatarlar cemiyetini\u00f1 reisi olaraq sayland\u0131 - \u041c\u0435\u0434\u0436\u043b\u0456\u0441\" \/>\n<meta property=\"og:description\" content=\"23 fevral k\u00fcn\u00fc Kiyevde Q\u0131r\u0131mtatar cemiyetini\u00f1 umumiy topla\u015fuv\u0131 ol\u0131p ke\u00e7ti. Topla\u015fuvdan evel belli cemaat erbab\u0131, Q\u0131r\u0131m cumhuriyetini\u00f1 reisi, Q\u0131r\u0131m, Poloniya ve Litva musulmanlar\u0131n\u0131\u00f1 m\u00fcftisi Noman \u00c7elebicihann\u0131\u00f1 hat\u0131ras\u0131 a\u00f1\u0131ld\u0131, dep\u00a0haber ete cemiyetni\u00f1 matbuat h\u0131zmeti. Topla\u015fuvda Q\u0131r\u0131mtatar halq\u0131 Meclisini\u00f1 azalar\u0131 Zair Smedl\u00e2yev, Ali Hamzin ve Zaur Smirnov i\u015ftirak ettiler. Qurultay delegatlar\u0131n\u0131 saylav boyunca Merkeziy saylav komissiyas\u0131n\u0131\u00f1 reisi [&hellip;]\" \/>\n<meta property=\"og:url\" content=\"https:\/\/qtmm.org\/qt\/aslan-umerov-kiyevde-qirimtatarlar-cemiyetinin-reisi-olaraq-saylandi\/\" \/>\n<meta property=\"og:site_name\" content=\"\u041c\u0435\u0434\u0436\u043b\u0456\u0441\" \/>\n<meta property=\"article:publisher\" content=\"https:\/\/www.facebook.com\/qtmm.info\/\" \/>\n<meta property=\"article:published_time\" content=\"2013-02-24T14:18:00+00:00\" \/>\n<meta property=\"article:modified_time\" content=\"2022-01-23T14:19:37+00:00\" \/>\n<meta name=\"author\" content=\"Developer\" \/>\n<meta name=\"twitter:card\" content=\"summary_large_image\" \/>\n<meta name=\"twitter:label1\" content=\"Written by\" \/>\n\t<meta name=\"twitter:data1\" content=\"Developer\" \/>\n\t<meta name=\"twitter:label2\" content=\"Est. reading time\" \/>\n\t<meta name=\"twitter:data2\" content=\"1 minute\" \/>\n<script type=\"application\/ld+json\" class=\"yoast-schema-graph\">{\"@context\":\"https:\\\/\\\/schema.org\",\"@graph\":[{\"@type\":\"Article\",\"@id\":\"https:\\\/\\\/qtmm.org\\\/qt\\\/aslan-umerov-kiyevde-qirimtatarlar-cemiyetinin-reisi-olaraq-saylandi\\\/#article\",\"isPartOf\":{\"@id\":\"https:\\\/\\\/qtmm.org\\\/qt\\\/aslan-umerov-kiyevde-qirimtatarlar-cemiyetinin-reisi-olaraq-saylandi\\\/\"},\"author\":{\"name\":\"Developer\",\"@id\":\"https:\\\/\\\/qtmm.org\\\/qt\\\/#\\\/schema\\\/person\\\/de562469f971dec226ac06e60bbf74a7\"},\"headline\":\"Aslan \u00dcmerov Kiyevde Q\u0131r\u0131mtatarlar cemiyetini\u00f1 reisi olaraq sayland\u0131\",\"datePublished\":\"2013-02-24T14:18:00+00:00\",\"dateModified\":\"2022-01-23T14:19:37+00:00\",\"mainEntityOfPage\":{\"@id\":\"https:\\\/\\\/qtmm.org\\\/qt\\\/aslan-umerov-kiyevde-qirimtatarlar-cemiyetinin-reisi-olaraq-saylandi\\\/\"},\"wordCount\":192,\"commentCount\":0,\"publisher\":{\"@id\":\"https:\\\/\\\/qtmm.org\\\/qt\\\/#organization\"},\"articleSection\":[\"Haberler\"],\"inLanguage\":\"qt\",\"potentialAction\":[{\"@type\":\"CommentAction\",\"name\":\"Comment\",\"target\":[\"https:\\\/\\\/qtmm.org\\\/qt\\\/aslan-umerov-kiyevde-qirimtatarlar-cemiyetinin-reisi-olaraq-saylandi\\\/#respond\"]}]},{\"@type\":\"WebPage\",\"@id\":\"https:\\\/\\\/qtmm.org\\\/qt\\\/aslan-umerov-kiyevde-qirimtatarlar-cemiyetinin-reisi-olaraq-saylandi\\\/\",\"url\":\"https:\\\/\\\/qtmm.org\\\/qt\\\/aslan-umerov-kiyevde-qirimtatarlar-cemiyetinin-reisi-olaraq-saylandi\\\/\",\"name\":\"Aslan \u00dcmerov Kiyevde Q\u0131r\u0131mtatarlar cemiyetini\u00f1 reisi olaraq sayland\u0131 - \u041c\u0435\u0434\u0436\u043b\u0456\u0441\",\"isPartOf\":{\"@id\":\"https:\\\/\\\/qtmm.org\\\/qt\\\/#website\"},\"datePublished\":\"2013-02-24T14:18:00+00:00\",\"dateModified\":\"2022-01-23T14:19:37+00:00\",\"breadcrumb\":{\"@id\":\"https:\\\/\\\/qtmm.org\\\/qt\\\/aslan-umerov-kiyevde-qirimtatarlar-cemiyetinin-reisi-olaraq-saylandi\\\/#breadcrumb\"},\"inLanguage\":\"qt\",\"potentialAction\":[{\"@type\":\"ReadAction\",\"target\":[\"https:\\\/\\\/qtmm.org\\\/qt\\\/aslan-umerov-kiyevde-qirimtatarlar-cemiyetinin-reisi-olaraq-saylandi\\\/\"]}]},{\"@type\":\"BreadcrumbList\",\"@id\":\"https:\\\/\\\/qtmm.org\\\/qt\\\/aslan-umerov-kiyevde-qirimtatarlar-cemiyetinin-reisi-olaraq-saylandi\\\/#breadcrumb\",\"itemListElement\":[{\"@type\":\"ListItem\",\"position\":1,\"name\":\"\u0413\u043e\u043b\u043e\u0432\u043d\u0430\",\"item\":\"https:\\\/\\\/qtmm.org\\\/qt\\\/\"},{\"@type\":\"ListItem\",\"position\":2,\"name\":\"Aslan \u00dcmerov Kiyevde Q\u0131r\u0131mtatarlar cemiyetini\u00f1 reisi olaraq sayland\u0131\"}]},{\"@type\":\"WebSite\",\"@id\":\"https:\\\/\\\/qtmm.org\\\/qt\\\/#website\",\"url\":\"https:\\\/\\\/qtmm.org\\\/qt\\\/\",\"name\":\"\u041c\u0435\u0434\u0436\u043b\u0456\u0441\",\"description\":\"\",\"publisher\":{\"@id\":\"https:\\\/\\\/qtmm.org\\\/qt\\\/#organization\"},\"potentialAction\":[{\"@type\":\"SearchAction\",\"target\":{\"@type\":\"EntryPoint\",\"urlTemplate\":\"https:\\\/\\\/qtmm.org\\\/qt\\\/?s={search_term_string}\"},\"query-input\":{\"@type\":\"PropertyValueSpecification\",\"valueRequired\":true,\"valueName\":\"search_term_string\"}}],\"inLanguage\":\"qt\"},{\"@type\":\"Organization\",\"@id\":\"https:\\\/\\\/qtmm.org\\\/qt\\\/#organization\",\"name\":\"\u041c\u0435\u0434\u0436\u043b\u0456\u0441\",\"url\":\"https:\\\/\\\/qtmm.org\\\/qt\\\/\",\"logo\":{\"@type\":\"ImageObject\",\"inLanguage\":\"qt\",\"@id\":\"https:\\\/\\\/qtmm.org\\\/qt\\\/#\\\/schema\\\/logo\\\/image\\\/\",\"url\":\"https:\\\/\\\/qtmm.org\\\/wp-content\\\/uploads\\\/2024\\\/12\\\/ua-mejlis-logo-rgb.svg\",\"contentUrl\":\"https:\\\/\\\/qtmm.org\\\/wp-content\\\/uploads\\\/2024\\\/12\\\/ua-mejlis-logo-rgb.svg\",\"caption\":\"\u041c\u0435\u0434\u0436\u043b\u0456\u0441\"},\"image\":{\"@id\":\"https:\\\/\\\/qtmm.org\\\/qt\\\/#\\\/schema\\\/logo\\\/image\\\/\"},\"sameAs\":[\"https:\\\/\\\/www.facebook.com\\\/qtmm.info\\\/\"]},{\"@type\":\"Person\",\"@id\":\"https:\\\/\\\/qtmm.org\\\/qt\\\/#\\\/schema\\\/person\\\/de562469f971dec226ac06e60bbf74a7\",\"name\":\"Developer\",\"image\":{\"@type\":\"ImageObject\",\"inLanguage\":\"qt\",\"@id\":\"https:\\\/\\\/secure.gravatar.com\\\/avatar\\\/392b4cc8fbfeb00b39dfeeab4ee6edded39ffd48e25858637e4765810300227e?s=96&d=mm&r=g\",\"url\":\"https:\\\/\\\/secure.gravatar.com\\\/avatar\\\/392b4cc8fbfeb00b39dfeeab4ee6edded39ffd48e25858637e4765810300227e?s=96&d=mm&r=g\",\"contentUrl\":\"https:\\\/\\\/secure.gravatar.com\\\/avatar\\\/392b4cc8fbfeb00b39dfeeab4ee6edded39ffd48e25858637e4765810300227e?s=96&d=mm&r=g\",\"caption\":\"Developer\"},\"url\":\"https:\\\/\\\/qtmm.org\\\/qt\\\/author\\\/Developer\\\/\"}]}<\/script>\n<!-- \/ Yoast SEO plugin. -->","yoast_head_json":{"title":"Aslan \u00dcmerov Kiyevde Q\u0131r\u0131mtatarlar cemiyetini\u00f1 reisi olaraq sayland\u0131 - \u041c\u0435\u0434\u0436\u043b\u0456\u0441","robots":{"index":"index","follow":"follow","max-snippet":"max-snippet:-1","max-image-preview":"max-image-preview:large","max-video-preview":"max-video-preview:-1"},"canonical":"https:\/\/qtmm.org\/qt\/aslan-umerov-kiyevde-qirimtatarlar-cemiyetinin-reisi-olaraq-saylandi\/","og_locale":"en_US","og_type":"article","og_title":"Aslan \u00dcmerov Kiyevde Q\u0131r\u0131mtatarlar cemiyetini\u00f1 reisi olaraq sayland\u0131 - \u041c\u0435\u0434\u0436\u043b\u0456\u0441","og_description":"23 fevral k\u00fcn\u00fc Kiyevde Q\u0131r\u0131mtatar cemiyetini\u00f1 umumiy topla\u015fuv\u0131 ol\u0131p ke\u00e7ti. Topla\u015fuvdan evel belli cemaat erbab\u0131, Q\u0131r\u0131m cumhuriyetini\u00f1 reisi, Q\u0131r\u0131m, Poloniya ve Litva musulmanlar\u0131n\u0131\u00f1 m\u00fcftisi Noman \u00c7elebicihann\u0131\u00f1 hat\u0131ras\u0131 a\u00f1\u0131ld\u0131, dep\u00a0haber ete cemiyetni\u00f1 matbuat h\u0131zmeti. Topla\u015fuvda Q\u0131r\u0131mtatar halq\u0131 Meclisini\u00f1 azalar\u0131 Zair Smedl\u00e2yev, Ali Hamzin ve Zaur Smirnov i\u015ftirak ettiler. Qurultay delegatlar\u0131n\u0131 saylav boyunca Merkeziy saylav komissiyas\u0131n\u0131\u00f1 reisi [&hellip;]","og_url":"https:\/\/qtmm.org\/qt\/aslan-umerov-kiyevde-qirimtatarlar-cemiyetinin-reisi-olaraq-saylandi\/","og_site_name":"\u041c\u0435\u0434\u0436\u043b\u0456\u0441","article_publisher":"https:\/\/www.facebook.com\/qtmm.info\/","article_published_time":"2013-02-24T14:18:00+00:00","article_modified_time":"2022-01-23T14:19:37+00:00","author":"Developer","twitter_card":"summary_large_image","twitter_misc":{"Written by":"Developer","Est. reading time":"1 minute"},"schema":{"@context":"https:\/\/schema.org","@graph":[{"@type":"Article","@id":"https:\/\/qtmm.org\/qt\/aslan-umerov-kiyevde-qirimtatarlar-cemiyetinin-reisi-olaraq-saylandi\/#article","isPartOf":{"@id":"https:\/\/qtmm.org\/qt\/aslan-umerov-kiyevde-qirimtatarlar-cemiyetinin-reisi-olaraq-saylandi\/"},"author":{"name":"Developer","@id":"https:\/\/qtmm.org\/qt\/#\/schema\/person\/de562469f971dec226ac06e60bbf74a7"},"headline":"Aslan \u00dcmerov Kiyevde Q\u0131r\u0131mtatarlar cemiyetini\u00f1 reisi olaraq sayland\u0131","datePublished":"2013-02-24T14:18:00+00:00","dateModified":"2022-01-23T14:19:37+00:00","mainEntityOfPage":{"@id":"https:\/\/qtmm.org\/qt\/aslan-umerov-kiyevde-qirimtatarlar-cemiyetinin-reisi-olaraq-saylandi\/"},"wordCount":192,"commentCount":0,"publisher":{"@id":"https:\/\/qtmm.org\/qt\/#organization"},"articleSection":["Haberler"],"inLanguage":"qt","potentialAction":[{"@type":"CommentAction","name":"Comment","target":["https:\/\/qtmm.org\/qt\/aslan-umerov-kiyevde-qirimtatarlar-cemiyetinin-reisi-olaraq-saylandi\/#respond"]}]},{"@type":"WebPage","@id":"https:\/\/qtmm.org\/qt\/aslan-umerov-kiyevde-qirimtatarlar-cemiyetinin-reisi-olaraq-saylandi\/","url":"https:\/\/qtmm.org\/qt\/aslan-umerov-kiyevde-qirimtatarlar-cemiyetinin-reisi-olaraq-saylandi\/","name":"Aslan \u00dcmerov Kiyevde Q\u0131r\u0131mtatarlar cemiyetini\u00f1 reisi olaraq sayland\u0131 - \u041c\u0435\u0434\u0436\u043b\u0456\u0441","isPartOf":{"@id":"https:\/\/qtmm.org\/qt\/#website"},"datePublished":"2013-02-24T14:18:00+00:00","dateModified":"2022-01-23T14:19:37+00:00","breadcrumb":{"@id":"https:\/\/qtmm.org\/qt\/aslan-umerov-kiyevde-qirimtatarlar-cemiyetinin-reisi-olaraq-saylandi\/#breadcrumb"},"inLanguage":"qt","potentialAction":[{"@type":"ReadAction","target":["https:\/\/qtmm.org\/qt\/aslan-umerov-kiyevde-qirimtatarlar-cemiyetinin-reisi-olaraq-saylandi\/"]}]},{"@type":"BreadcrumbList","@id":"https:\/\/qtmm.org\/qt\/aslan-umerov-kiyevde-qirimtatarlar-cemiyetinin-reisi-olaraq-saylandi\/#breadcrumb","itemListElement":[{"@type":"ListItem","position":1,"name":"\u0413\u043e\u043b\u043e\u0432\u043d\u0430","item":"https:\/\/qtmm.org\/qt\/"},{"@type":"ListItem","position":2,"name":"Aslan \u00dcmerov Kiyevde Q\u0131r\u0131mtatarlar cemiyetini\u00f1 reisi olaraq sayland\u0131"}]},{"@type":"WebSite","@id":"https:\/\/qtmm.org\/qt\/#website","url":"https:\/\/qtmm.org\/qt\/","name":"\u041c\u0435\u0434\u0436\u043b\u0456\u0441","description":"","publisher":{"@id":"https:\/\/qtmm.org\/qt\/#organization"},"potentialAction":[{"@type":"SearchAction","target":{"@type":"EntryPoint","urlTemplate":"https:\/\/qtmm.org\/qt\/?s={search_term_string}"},"query-input":{"@type":"PropertyValueSpecification","valueRequired":true,"valueName":"search_term_string"}}],"inLanguage":"qt"},{"@type":"Organization","@id":"https:\/\/qtmm.org\/qt\/#organization","name":"\u041c\u0435\u0434\u0436\u043b\u0456\u0441","url":"https:\/\/qtmm.org\/qt\/","logo":{"@type":"ImageObject","inLanguage":"qt","@id":"https:\/\/qtmm.org\/qt\/#\/schema\/logo\/image\/","url":"https:\/\/qtmm.org\/wp-content\/uploads\/2024\/12\/ua-mejlis-logo-rgb.svg","contentUrl":"https:\/\/qtmm.org\/wp-content\/uploads\/2024\/12\/ua-mejlis-logo-rgb.svg","caption":"\u041c\u0435\u0434\u0436\u043b\u0456\u0441"},"image":{"@id":"https:\/\/qtmm.org\/qt\/#\/schema\/logo\/image\/"},"sameAs":["https:\/\/www.facebook.com\/qtmm.info\/"]},{"@type":"Person","@id":"https:\/\/qtmm.org\/qt\/#\/schema\/person\/de562469f971dec226ac06e60bbf74a7","name":"Developer","image":{"@type":"ImageObject","inLanguage":"qt","@id":"https:\/\/secure.gravatar.com\/avatar\/392b4cc8fbfeb00b39dfeeab4ee6edded39ffd48e25858637e4765810300227e?s=96&d=mm&r=g","url":"https:\/\/secure.gravatar.com\/avatar\/392b4cc8fbfeb00b39dfeeab4ee6edded39ffd48e25858637e4765810300227e?s=96&d=mm&r=g","contentUrl":"https:\/\/secure.gravatar.com\/avatar\/392b4cc8fbfeb00b39dfeeab4ee6edded39ffd48e25858637e4765810300227e?s=96&d=mm&r=g","caption":"Developer"},"url":"https:\/\/qtmm.org\/qt\/author\/Developer\/"}]}},"_links":{"self":[{"href":"https:\/\/qtmm.org\/qt\/wp-json\/wp\/v2\/posts\/36051","targetHints":{"allow":["GET"]}}],"collection":[{"href":"https:\/\/qtmm.org\/qt\/wp-json\/wp\/v2\/posts"}],"about":[{"href":"https:\/\/qtmm.org\/qt\/wp-json\/wp\/v2\/types\/post"}],"author":[{"embeddable":true,"href":"https:\/\/qtmm.org\/qt\/wp-json\/wp\/v2\/users\/1"}],"replies":[{"embeddable":true,"href":"https:\/\/qtmm.org\/qt\/wp-json\/wp\/v2\/comments?post=36051"}],"version-history":[{"count":1,"href":"https:\/\/qtmm.org\/qt\/wp-json\/wp\/v2\/posts\/36051\/revisions"}],"predecessor-version":[{"id":36052,"href":"https:\/\/qtmm.org\/qt\/wp-json\/wp\/v2\/posts\/36051\/revisions\/36052"}],"wp:attachment":[{"href":"https:\/\/qtmm.org\/qt\/wp-json\/wp\/v2\/media?parent=36051"}],"wp:term":[{"taxonomy":"category","embeddable":true,"href":"https:\/\/qtmm.org\/qt\/wp-json\/wp\/v2\/categories?post=36051"},{"taxonomy":"post_tag","embeddable":true,"href":"https:\/\/qtmm.org\/qt\/wp-json\/wp\/v2\/tags?post=36051"}],"curies":[{"name":"wp","href":"https:\/\/api.w.org\/{rel}","templated":true}]}}