




{"id":36049,"date":"2013-02-23T17:17:00","date_gmt":"2013-02-23T14:17:00","guid":{"rendered":"http:\/\/qtmm.org\/?p=36049"},"modified":"2022-01-23T17:17:45","modified_gmt":"2022-01-23T14:17:45","slug":"aqyarda-noman-celebicihan-hatirasina-miting-otkerildi","status":"publish","type":"post","link":"https:\/\/qtmm.org\/qt\/aqyarda-noman-celebicihan-hatirasina-miting-otkerildi\/","title":{"rendered":"Aqyarda Noman \u00c7elebicihan hat\u0131ras\u0131na miting \u00f6tkerildi"},"content":{"rendered":"\n<p>Q\u0131r\u0131mtatar halq\u0131n\u0131\u00f1 k\u00f6r\u00fcmli siyasiy ve cemaat erbab\u0131 Noman \u00c7elebicihan \u00f6ld\u00fcrilgenini\u00f1 95 y\u0131ll\u0131\u011f\u0131 munasebetinen Aqyarda Vosstav\u015fih meydan\u0131nda Milliy Meclis Aqyar ve Ba\u011f\u00e7asaray regional meclislernen birlikteki te\u015febb\u00fcsinen matem mitingi ke\u00e7irildi. Ulu insann\u0131\u00f1 hat\u0131ras\u0131n\u0131 a\u00f1maq i\u00e7\u00fcn fevral 23 k\u00fcn\u00fc m\u0131nda 1000-den ziyade insan topland\u0131<\/p>\n\n\n\n<p>Tamam 95 y\u0131l evelsi &#8211; 1918 senesi 23 fevral k\u00fcn\u00fc Aqyarda \u015feer apshanesini\u00f1 divar\u0131 t\u00fcb\u00fcnde sarho\u015f bol\u015fevikler zulum\u0131ndan Noman \u00c7elebicihan vah\u015fiyane \u00f6ld\u00fcrildi.<\/p>\n\n\n\n<p>Miting &#8220;Ant etkenmen&#8221; milliy gimni ve Ukraina devlet gimni ile ba\u015flan\u0131p, urf-adetlerimizge k\u00f6re \u015fanl\u0131 insan\u0131m\u0131zn\u0131\u00f1 ruhuna dua oquld\u0131. Duan\u0131 Q\u0131r\u0131m musulmanlar\u0131n\u0131\u00f1 m\u00fcftisi Emirali efendi oqud\u0131, Aqyar mekteplerini\u00f1 talebeleri ise milliy qaraman \u015ferefine \u015fiirler icra ettiler.<\/p>\n\n\n\n<p>Mitingde Meclis reisini\u00f1 birinci muavini Refat \u00c7ubarov, Q\u0131r\u0131m musulmanlar\u0131n\u0131\u00f1 m\u00fcftisi Emirali Ablayev, Aqyar ve Ba\u011f\u00e7asaray regional meclislerni\u00f1 azalar\u0131, milliy areket i\u015ftirak\u00e7ileri, Aqyarda Ukraina subaylar\u0131 birligi reisini\u00f1 muavini, 2 rang kapitan\u0131 Timur Barotov ve cemaat te\u015fkil\u00e2tlar\u0131n\u0131\u00f1 azalar\u0131 i\u015ftirak ettiler.<\/p>\n\n\n\n<p>&#8220;Bug\u00fcn Q\u0131r\u0131mtatar halq\u0131n\u0131\u00f1 k\u00f6r\u00fcmli siyasiy ve cemaat erbab\u0131 Noman \u00c7elebicihan \u00f6ld\u00fcrilgenine 95 y\u0131l old\u0131, &#8211; dep a\u00e7t\u0131 mitingni Aqyar regional meclis reisi Enver Mamutdinov. \u2013 Ayn\u0131 \u015fu yerde, evelki apshane divarlar\u0131 t\u00fcb\u00fcnde 33 ya\u015fl\u0131 Noman \u00c7elebicihan so\u00f1ki nefesini ald\u0131&#8221;.<\/p>\n\n\n\n<p>Q\u0131r\u0131m musulmanlar\u0131n\u0131\u00f1 m\u00fcftisi Emirali Ablayevni\u00f1 bildirgenine k\u00f6re fevral 22 k\u00fcn\u00fc Q\u0131r\u0131mn\u0131\u00f1 b\u00fct\u00fcn camilerinde Noman \u00c7elebicihan ruhuna namaz q\u0131l\u0131nd\u0131. &#8220;Vatan ve millet sevgisini i\u015fi ve areketlerinen isbat etken insann\u0131\u00f1 hat\u0131ras\u0131 \u00f6g\u00fcnde temenna etmek boyun borcum\u0131zd\u0131r&#8221;, &#8211; dedi Q\u0131r\u0131m m\u00fcftisi.<\/p>\n\n\n\n<p>Mitingi\u00f1 so\u00f1unda divardaki hat\u0131ra tahtas\u0131na \u00e7e\u00e7ekler qoyuld\u0131.<\/p>\n","protected":false},"excerpt":{"rendered":"<p>Q\u0131r\u0131mtatar halq\u0131n\u0131\u00f1 k\u00f6r\u00fcmli siyasiy ve cemaat erbab\u0131 Noman \u00c7elebicihan \u00f6ld\u00fcrilgenini\u00f1 95 y\u0131ll\u0131\u011f\u0131 munasebetinen Aqyarda Vosstav\u015fih meydan\u0131nda Milliy Meclis Aqyar ve Ba\u011f\u00e7asaray regional meclislernen birlikteki te\u015febb\u00fcsinen matem mitingi ke\u00e7irildi. Ulu insann\u0131\u00f1 hat\u0131ras\u0131n\u0131 a\u00f1maq i\u00e7\u00fcn fevral 23 k\u00fcn\u00fc m\u0131nda 1000-den ziyade insan topland\u0131 Tamam 95 y\u0131l evelsi &#8211; 1918 senesi 23 fevral k\u00fcn\u00fc Aqyarda \u015feer apshanesini\u00f1 divar\u0131 [&hellip;]<\/p>\n","protected":false},"author":1,"featured_media":0,"comment_status":"open","ping_status":"open","sticky":false,"template":"","format":"standard","meta":{"inline_featured_image":false,"footnotes":""},"categories":[265],"tags":[],"class_list":["post-36049","post","type-post","status-publish","format-standard","hentry","category-haberler"],"acf":[],"yoast_head":"<!-- This site is optimized with the Yoast SEO plugin v27.4 - https:\/\/yoast.com\/product\/yoast-seo-wordpress\/ -->\n<title>Aqyarda Noman \u00c7elebicihan hat\u0131ras\u0131na miting \u00f6tkerildi - \u041c\u0435\u0434\u0436\u043b\u0456\u0441<\/title>\n<meta name=\"robots\" content=\"index, follow, max-snippet:-1, max-image-preview:large, max-video-preview:-1\" \/>\n<link rel=\"canonical\" href=\"https:\/\/qtmm.org\/qt\/aqyarda-noman-celebicihan-hatirasina-miting-otkerildi\/\" \/>\n<meta property=\"og:locale\" content=\"en_US\" \/>\n<meta property=\"og:type\" content=\"article\" \/>\n<meta property=\"og:title\" content=\"Aqyarda Noman \u00c7elebicihan hat\u0131ras\u0131na miting \u00f6tkerildi - \u041c\u0435\u0434\u0436\u043b\u0456\u0441\" \/>\n<meta property=\"og:description\" content=\"Q\u0131r\u0131mtatar halq\u0131n\u0131\u00f1 k\u00f6r\u00fcmli siyasiy ve cemaat erbab\u0131 Noman \u00c7elebicihan \u00f6ld\u00fcrilgenini\u00f1 95 y\u0131ll\u0131\u011f\u0131 munasebetinen Aqyarda Vosstav\u015fih meydan\u0131nda Milliy Meclis Aqyar ve Ba\u011f\u00e7asaray regional meclislernen birlikteki te\u015febb\u00fcsinen matem mitingi ke\u00e7irildi. Ulu insann\u0131\u00f1 hat\u0131ras\u0131n\u0131 a\u00f1maq i\u00e7\u00fcn fevral 23 k\u00fcn\u00fc m\u0131nda 1000-den ziyade insan topland\u0131 Tamam 95 y\u0131l evelsi &#8211; 1918 senesi 23 fevral k\u00fcn\u00fc Aqyarda \u015feer apshanesini\u00f1 divar\u0131 [&hellip;]\" \/>\n<meta property=\"og:url\" content=\"https:\/\/qtmm.org\/qt\/aqyarda-noman-celebicihan-hatirasina-miting-otkerildi\/\" \/>\n<meta property=\"og:site_name\" content=\"\u041c\u0435\u0434\u0436\u043b\u0456\u0441\" \/>\n<meta property=\"article:publisher\" content=\"https:\/\/www.facebook.com\/qtmm.info\/\" \/>\n<meta property=\"article:published_time\" content=\"2013-02-23T14:17:00+00:00\" \/>\n<meta property=\"article:modified_time\" content=\"2022-01-23T14:17:45+00:00\" \/>\n<meta name=\"author\" content=\"Developer\" \/>\n<meta name=\"twitter:card\" content=\"summary_large_image\" \/>\n<meta name=\"twitter:label1\" content=\"Written by\" \/>\n\t<meta name=\"twitter:data1\" content=\"Developer\" \/>\n\t<meta name=\"twitter:label2\" content=\"Est. reading time\" \/>\n\t<meta name=\"twitter:data2\" content=\"1 minute\" \/>\n<script type=\"application\/ld+json\" class=\"yoast-schema-graph\">{\"@context\":\"https:\\\/\\\/schema.org\",\"@graph\":[{\"@type\":\"Article\",\"@id\":\"https:\\\/\\\/qtmm.org\\\/qt\\\/aqyarda-noman-celebicihan-hatirasina-miting-otkerildi\\\/#article\",\"isPartOf\":{\"@id\":\"https:\\\/\\\/qtmm.org\\\/qt\\\/aqyarda-noman-celebicihan-hatirasina-miting-otkerildi\\\/\"},\"author\":{\"name\":\"Developer\",\"@id\":\"https:\\\/\\\/qtmm.org\\\/qt\\\/#\\\/schema\\\/person\\\/de562469f971dec226ac06e60bbf74a7\"},\"headline\":\"Aqyarda Noman \u00c7elebicihan hat\u0131ras\u0131na miting \u00f6tkerildi\",\"datePublished\":\"2013-02-23T14:17:00+00:00\",\"dateModified\":\"2022-01-23T14:17:45+00:00\",\"mainEntityOfPage\":{\"@id\":\"https:\\\/\\\/qtmm.org\\\/qt\\\/aqyarda-noman-celebicihan-hatirasina-miting-otkerildi\\\/\"},\"wordCount\":302,\"commentCount\":0,\"publisher\":{\"@id\":\"https:\\\/\\\/qtmm.org\\\/qt\\\/#organization\"},\"articleSection\":[\"Haberler\"],\"inLanguage\":\"qt\",\"potentialAction\":[{\"@type\":\"CommentAction\",\"name\":\"Comment\",\"target\":[\"https:\\\/\\\/qtmm.org\\\/qt\\\/aqyarda-noman-celebicihan-hatirasina-miting-otkerildi\\\/#respond\"]}]},{\"@type\":\"WebPage\",\"@id\":\"https:\\\/\\\/qtmm.org\\\/qt\\\/aqyarda-noman-celebicihan-hatirasina-miting-otkerildi\\\/\",\"url\":\"https:\\\/\\\/qtmm.org\\\/qt\\\/aqyarda-noman-celebicihan-hatirasina-miting-otkerildi\\\/\",\"name\":\"Aqyarda Noman \u00c7elebicihan hat\u0131ras\u0131na miting \u00f6tkerildi - \u041c\u0435\u0434\u0436\u043b\u0456\u0441\",\"isPartOf\":{\"@id\":\"https:\\\/\\\/qtmm.org\\\/qt\\\/#website\"},\"datePublished\":\"2013-02-23T14:17:00+00:00\",\"dateModified\":\"2022-01-23T14:17:45+00:00\",\"breadcrumb\":{\"@id\":\"https:\\\/\\\/qtmm.org\\\/qt\\\/aqyarda-noman-celebicihan-hatirasina-miting-otkerildi\\\/#breadcrumb\"},\"inLanguage\":\"qt\",\"potentialAction\":[{\"@type\":\"ReadAction\",\"target\":[\"https:\\\/\\\/qtmm.org\\\/qt\\\/aqyarda-noman-celebicihan-hatirasina-miting-otkerildi\\\/\"]}]},{\"@type\":\"BreadcrumbList\",\"@id\":\"https:\\\/\\\/qtmm.org\\\/qt\\\/aqyarda-noman-celebicihan-hatirasina-miting-otkerildi\\\/#breadcrumb\",\"itemListElement\":[{\"@type\":\"ListItem\",\"position\":1,\"name\":\"\u0413\u043e\u043b\u043e\u0432\u043d\u0430\",\"item\":\"https:\\\/\\\/qtmm.org\\\/qt\\\/\"},{\"@type\":\"ListItem\",\"position\":2,\"name\":\"Aqyarda Noman \u00c7elebicihan hat\u0131ras\u0131na miting \u00f6tkerildi\"}]},{\"@type\":\"WebSite\",\"@id\":\"https:\\\/\\\/qtmm.org\\\/qt\\\/#website\",\"url\":\"https:\\\/\\\/qtmm.org\\\/qt\\\/\",\"name\":\"\u041c\u0435\u0434\u0436\u043b\u0456\u0441\",\"description\":\"\",\"publisher\":{\"@id\":\"https:\\\/\\\/qtmm.org\\\/qt\\\/#organization\"},\"potentialAction\":[{\"@type\":\"SearchAction\",\"target\":{\"@type\":\"EntryPoint\",\"urlTemplate\":\"https:\\\/\\\/qtmm.org\\\/qt\\\/?s={search_term_string}\"},\"query-input\":{\"@type\":\"PropertyValueSpecification\",\"valueRequired\":true,\"valueName\":\"search_term_string\"}}],\"inLanguage\":\"qt\"},{\"@type\":\"Organization\",\"@id\":\"https:\\\/\\\/qtmm.org\\\/qt\\\/#organization\",\"name\":\"\u041c\u0435\u0434\u0436\u043b\u0456\u0441\",\"url\":\"https:\\\/\\\/qtmm.org\\\/qt\\\/\",\"logo\":{\"@type\":\"ImageObject\",\"inLanguage\":\"qt\",\"@id\":\"https:\\\/\\\/qtmm.org\\\/qt\\\/#\\\/schema\\\/logo\\\/image\\\/\",\"url\":\"https:\\\/\\\/qtmm.org\\\/wp-content\\\/uploads\\\/2024\\\/12\\\/ua-mejlis-logo-rgb.svg\",\"contentUrl\":\"https:\\\/\\\/qtmm.org\\\/wp-content\\\/uploads\\\/2024\\\/12\\\/ua-mejlis-logo-rgb.svg\",\"caption\":\"\u041c\u0435\u0434\u0436\u043b\u0456\u0441\"},\"image\":{\"@id\":\"https:\\\/\\\/qtmm.org\\\/qt\\\/#\\\/schema\\\/logo\\\/image\\\/\"},\"sameAs\":[\"https:\\\/\\\/www.facebook.com\\\/qtmm.info\\\/\"]},{\"@type\":\"Person\",\"@id\":\"https:\\\/\\\/qtmm.org\\\/qt\\\/#\\\/schema\\\/person\\\/de562469f971dec226ac06e60bbf74a7\",\"name\":\"Developer\",\"image\":{\"@type\":\"ImageObject\",\"inLanguage\":\"qt\",\"@id\":\"https:\\\/\\\/secure.gravatar.com\\\/avatar\\\/392b4cc8fbfeb00b39dfeeab4ee6edded39ffd48e25858637e4765810300227e?s=96&d=mm&r=g\",\"url\":\"https:\\\/\\\/secure.gravatar.com\\\/avatar\\\/392b4cc8fbfeb00b39dfeeab4ee6edded39ffd48e25858637e4765810300227e?s=96&d=mm&r=g\",\"contentUrl\":\"https:\\\/\\\/secure.gravatar.com\\\/avatar\\\/392b4cc8fbfeb00b39dfeeab4ee6edded39ffd48e25858637e4765810300227e?s=96&d=mm&r=g\",\"caption\":\"Developer\"},\"url\":\"https:\\\/\\\/qtmm.org\\\/qt\\\/author\\\/Developer\\\/\"}]}<\/script>\n<!-- \/ Yoast SEO plugin. -->","yoast_head_json":{"title":"Aqyarda Noman \u00c7elebicihan hat\u0131ras\u0131na miting \u00f6tkerildi - \u041c\u0435\u0434\u0436\u043b\u0456\u0441","robots":{"index":"index","follow":"follow","max-snippet":"max-snippet:-1","max-image-preview":"max-image-preview:large","max-video-preview":"max-video-preview:-1"},"canonical":"https:\/\/qtmm.org\/qt\/aqyarda-noman-celebicihan-hatirasina-miting-otkerildi\/","og_locale":"en_US","og_type":"article","og_title":"Aqyarda Noman \u00c7elebicihan hat\u0131ras\u0131na miting \u00f6tkerildi - \u041c\u0435\u0434\u0436\u043b\u0456\u0441","og_description":"Q\u0131r\u0131mtatar halq\u0131n\u0131\u00f1 k\u00f6r\u00fcmli siyasiy ve cemaat erbab\u0131 Noman \u00c7elebicihan \u00f6ld\u00fcrilgenini\u00f1 95 y\u0131ll\u0131\u011f\u0131 munasebetinen Aqyarda Vosstav\u015fih meydan\u0131nda Milliy Meclis Aqyar ve Ba\u011f\u00e7asaray regional meclislernen birlikteki te\u015febb\u00fcsinen matem mitingi ke\u00e7irildi. Ulu insann\u0131\u00f1 hat\u0131ras\u0131n\u0131 a\u00f1maq i\u00e7\u00fcn fevral 23 k\u00fcn\u00fc m\u0131nda 1000-den ziyade insan topland\u0131 Tamam 95 y\u0131l evelsi &#8211; 1918 senesi 23 fevral k\u00fcn\u00fc Aqyarda \u015feer apshanesini\u00f1 divar\u0131 [&hellip;]","og_url":"https:\/\/qtmm.org\/qt\/aqyarda-noman-celebicihan-hatirasina-miting-otkerildi\/","og_site_name":"\u041c\u0435\u0434\u0436\u043b\u0456\u0441","article_publisher":"https:\/\/www.facebook.com\/qtmm.info\/","article_published_time":"2013-02-23T14:17:00+00:00","article_modified_time":"2022-01-23T14:17:45+00:00","author":"Developer","twitter_card":"summary_large_image","twitter_misc":{"Written by":"Developer","Est. reading time":"1 minute"},"schema":{"@context":"https:\/\/schema.org","@graph":[{"@type":"Article","@id":"https:\/\/qtmm.org\/qt\/aqyarda-noman-celebicihan-hatirasina-miting-otkerildi\/#article","isPartOf":{"@id":"https:\/\/qtmm.org\/qt\/aqyarda-noman-celebicihan-hatirasina-miting-otkerildi\/"},"author":{"name":"Developer","@id":"https:\/\/qtmm.org\/qt\/#\/schema\/person\/de562469f971dec226ac06e60bbf74a7"},"headline":"Aqyarda Noman \u00c7elebicihan hat\u0131ras\u0131na miting \u00f6tkerildi","datePublished":"2013-02-23T14:17:00+00:00","dateModified":"2022-01-23T14:17:45+00:00","mainEntityOfPage":{"@id":"https:\/\/qtmm.org\/qt\/aqyarda-noman-celebicihan-hatirasina-miting-otkerildi\/"},"wordCount":302,"commentCount":0,"publisher":{"@id":"https:\/\/qtmm.org\/qt\/#organization"},"articleSection":["Haberler"],"inLanguage":"qt","potentialAction":[{"@type":"CommentAction","name":"Comment","target":["https:\/\/qtmm.org\/qt\/aqyarda-noman-celebicihan-hatirasina-miting-otkerildi\/#respond"]}]},{"@type":"WebPage","@id":"https:\/\/qtmm.org\/qt\/aqyarda-noman-celebicihan-hatirasina-miting-otkerildi\/","url":"https:\/\/qtmm.org\/qt\/aqyarda-noman-celebicihan-hatirasina-miting-otkerildi\/","name":"Aqyarda Noman \u00c7elebicihan hat\u0131ras\u0131na miting \u00f6tkerildi - \u041c\u0435\u0434\u0436\u043b\u0456\u0441","isPartOf":{"@id":"https:\/\/qtmm.org\/qt\/#website"},"datePublished":"2013-02-23T14:17:00+00:00","dateModified":"2022-01-23T14:17:45+00:00","breadcrumb":{"@id":"https:\/\/qtmm.org\/qt\/aqyarda-noman-celebicihan-hatirasina-miting-otkerildi\/#breadcrumb"},"inLanguage":"qt","potentialAction":[{"@type":"ReadAction","target":["https:\/\/qtmm.org\/qt\/aqyarda-noman-celebicihan-hatirasina-miting-otkerildi\/"]}]},{"@type":"BreadcrumbList","@id":"https:\/\/qtmm.org\/qt\/aqyarda-noman-celebicihan-hatirasina-miting-otkerildi\/#breadcrumb","itemListElement":[{"@type":"ListItem","position":1,"name":"\u0413\u043e\u043b\u043e\u0432\u043d\u0430","item":"https:\/\/qtmm.org\/qt\/"},{"@type":"ListItem","position":2,"name":"Aqyarda Noman \u00c7elebicihan hat\u0131ras\u0131na miting \u00f6tkerildi"}]},{"@type":"WebSite","@id":"https:\/\/qtmm.org\/qt\/#website","url":"https:\/\/qtmm.org\/qt\/","name":"\u041c\u0435\u0434\u0436\u043b\u0456\u0441","description":"","publisher":{"@id":"https:\/\/qtmm.org\/qt\/#organization"},"potentialAction":[{"@type":"SearchAction","target":{"@type":"EntryPoint","urlTemplate":"https:\/\/qtmm.org\/qt\/?s={search_term_string}"},"query-input":{"@type":"PropertyValueSpecification","valueRequired":true,"valueName":"search_term_string"}}],"inLanguage":"qt"},{"@type":"Organization","@id":"https:\/\/qtmm.org\/qt\/#organization","name":"\u041c\u0435\u0434\u0436\u043b\u0456\u0441","url":"https:\/\/qtmm.org\/qt\/","logo":{"@type":"ImageObject","inLanguage":"qt","@id":"https:\/\/qtmm.org\/qt\/#\/schema\/logo\/image\/","url":"https:\/\/qtmm.org\/wp-content\/uploads\/2024\/12\/ua-mejlis-logo-rgb.svg","contentUrl":"https:\/\/qtmm.org\/wp-content\/uploads\/2024\/12\/ua-mejlis-logo-rgb.svg","caption":"\u041c\u0435\u0434\u0436\u043b\u0456\u0441"},"image":{"@id":"https:\/\/qtmm.org\/qt\/#\/schema\/logo\/image\/"},"sameAs":["https:\/\/www.facebook.com\/qtmm.info\/"]},{"@type":"Person","@id":"https:\/\/qtmm.org\/qt\/#\/schema\/person\/de562469f971dec226ac06e60bbf74a7","name":"Developer","image":{"@type":"ImageObject","inLanguage":"qt","@id":"https:\/\/secure.gravatar.com\/avatar\/392b4cc8fbfeb00b39dfeeab4ee6edded39ffd48e25858637e4765810300227e?s=96&d=mm&r=g","url":"https:\/\/secure.gravatar.com\/avatar\/392b4cc8fbfeb00b39dfeeab4ee6edded39ffd48e25858637e4765810300227e?s=96&d=mm&r=g","contentUrl":"https:\/\/secure.gravatar.com\/avatar\/392b4cc8fbfeb00b39dfeeab4ee6edded39ffd48e25858637e4765810300227e?s=96&d=mm&r=g","caption":"Developer"},"url":"https:\/\/qtmm.org\/qt\/author\/Developer\/"}]}},"_links":{"self":[{"href":"https:\/\/qtmm.org\/qt\/wp-json\/wp\/v2\/posts\/36049","targetHints":{"allow":["GET"]}}],"collection":[{"href":"https:\/\/qtmm.org\/qt\/wp-json\/wp\/v2\/posts"}],"about":[{"href":"https:\/\/qtmm.org\/qt\/wp-json\/wp\/v2\/types\/post"}],"author":[{"embeddable":true,"href":"https:\/\/qtmm.org\/qt\/wp-json\/wp\/v2\/users\/1"}],"replies":[{"embeddable":true,"href":"https:\/\/qtmm.org\/qt\/wp-json\/wp\/v2\/comments?post=36049"}],"version-history":[{"count":1,"href":"https:\/\/qtmm.org\/qt\/wp-json\/wp\/v2\/posts\/36049\/revisions"}],"predecessor-version":[{"id":36050,"href":"https:\/\/qtmm.org\/qt\/wp-json\/wp\/v2\/posts\/36049\/revisions\/36050"}],"wp:attachment":[{"href":"https:\/\/qtmm.org\/qt\/wp-json\/wp\/v2\/media?parent=36049"}],"wp:term":[{"taxonomy":"category","embeddable":true,"href":"https:\/\/qtmm.org\/qt\/wp-json\/wp\/v2\/categories?post=36049"},{"taxonomy":"post_tag","embeddable":true,"href":"https:\/\/qtmm.org\/qt\/wp-json\/wp\/v2\/tags?post=36049"}],"curies":[{"name":"wp","href":"https:\/\/api.w.org\/{rel}","templated":true}]}}