




{"id":36047,"date":"2013-02-22T17:16:00","date_gmt":"2013-02-22T14:16:00","guid":{"rendered":"http:\/\/qtmm.org\/?p=36047"},"modified":"2022-01-23T17:16:57","modified_gmt":"2022-01-23T14:16:57","slug":"safure-kacametova-noman-celebicihan-halqi-icun-qurban-oldi-ve-bizim-hatiramizda-ebediy-yasaycaq","status":"publish","type":"post","link":"https:\/\/qtmm.org\/qt\/safure-kacametova-noman-celebicihan-halqi-icun-qurban-oldi-ve-bizim-hatiramizda-ebediy-yasaycaq\/","title":{"rendered":"Safure Kacametova: Noman \u00c7elebicihan halq\u0131 i\u00e7\u00fcn qurban old\u0131 ve bizim hat\u0131ram\u0131zda ebediy ya\u015faycaq"},"content":{"rendered":"\n<p>22 fevral k\u00fcn\u00fc Aqmescitte Noman \u00c7elebicihan \u00f6ld\u00fcrilgenini\u00f1 95 y\u0131ll\u0131\u011f\u0131 munasebetinen planla\u015ft\u0131r\u0131l\u011fan tedbirler \u00e7er\u00e7ivesinde \u0130. Gasprinskiy ad\u0131na q\u0131r\u0131mtatar k\u00fct\u00fcphanesinde milletni\u00f1 \u015feitine ba\u011f\u0131\u015flan\u011fan sergi a\u00e7\u0131ld\u0131.<\/p>\n\n\n\n<p>Onda Meclis medeniyet ve tasil idaresini\u00f1 ba\u015f\u0131, Q\u0131r\u0131m Yuqar\u0131 \u015euras\u0131n\u0131\u00f1 deputat\u0131 Safure Kacametova, q\u0131r\u0131mtatar yaz\u0131c\u0131ldar birligini\u00f1 reisi Riza Faz\u0131l, yaz\u0131c\u0131lar, Tavriya Milliy universitetni\u00f1 studentleri, cemaat\u00e7\u0131l\u0131q vekilleri i\u015ftirak ettiler.<\/p>\n\n\n\n<p>&#8220;Bug\u00fcn Q\u0131r\u0131mda bundan 95 y\u0131l evelsi vah\u015fiylerce \u00f6ld\u00fcrilgen Noman \u00c7elebicihann\u0131\u00f1 hat\u0131ras\u0131na ba\u011f\u0131\u015flan\u011fan tedbirler ke\u00e7irilmekte. Ulu Noman \u00c7elebicihann\u0131 a\u00f1maq bizim boyun-borcum\u0131zd\u0131r&#8221;, &#8211; dedi Safure Kacametova.<\/p>\n\n\n\n<p>Safure Kacametova qayd etti ki, hat\u0131ra tedbirlerini b\u00fct\u00fcn cemaat te\u015fkil\u00e2tlar\u0131 s\u0131ras\u0131nda \u0130. Gasprinskiy ad\u0131na cumhuriyet k\u00fct\u00fcphanesi, &#8220;Maarif\u00e7i&#8221; birle\u015fmesi, QMPU, &#8220;Bizim Q\u0131r\u0131m&#8221; ve &#8220;Ya\u015flar \u015euras\u0131&#8221; da \u00f6tkermekteler.<\/p>\n\n\n\n<p>&#8220;Bug\u00fcn er kes Noman \u00c7elebicihann\u0131\u00f1 ruhuna namaz q\u0131l\u011fan\u0131n\u0131 ister edim. O halq\u0131m\u0131z i\u00e7\u00fcn \u015feit ketti ve ad\u0131 hat\u0131ram\u0131zdan ebediy silinmez&#8221;, &#8211; dedi S. Kacametova sergide bulun\u011fanlar\u011fa.<\/p>\n\n\n\n<p>Sergini\u00f1 a\u00e7\u0131l\u0131\u015f\u0131ndan so\u00f1 Noman \u00c7elebicihann\u0131\u00f1 \u00f6z\u00fc yaz\u011fan ve o\u00f1a ba\u011f\u0131\u015flan\u011fan \u015fiirler ya\u00f1\u011f\u0131rad\u0131<\/p>\n\n\n\n<p>\u015eun\u0131 qayd etmeli ki, sergi bir ay devam\u0131nda \u00e7al\u0131\u015facaq.<\/p>\n","protected":false},"excerpt":{"rendered":"<p>22 fevral k\u00fcn\u00fc Aqmescitte Noman \u00c7elebicihan \u00f6ld\u00fcrilgenini\u00f1 95 y\u0131ll\u0131\u011f\u0131 munasebetinen planla\u015ft\u0131r\u0131l\u011fan tedbirler \u00e7er\u00e7ivesinde \u0130. Gasprinskiy ad\u0131na q\u0131r\u0131mtatar k\u00fct\u00fcphanesinde milletni\u00f1 \u015feitine ba\u011f\u0131\u015flan\u011fan sergi a\u00e7\u0131ld\u0131. Onda Meclis medeniyet ve tasil idaresini\u00f1 ba\u015f\u0131, Q\u0131r\u0131m Yuqar\u0131 \u015euras\u0131n\u0131\u00f1 deputat\u0131 Safure Kacametova, q\u0131r\u0131mtatar yaz\u0131c\u0131ldar birligini\u00f1 reisi Riza Faz\u0131l, yaz\u0131c\u0131lar, Tavriya Milliy universitetni\u00f1 studentleri, cemaat\u00e7\u0131l\u0131q vekilleri i\u015ftirak ettiler. &#8220;Bug\u00fcn Q\u0131r\u0131mda bundan 95 [&hellip;]<\/p>\n","protected":false},"author":1,"featured_media":0,"comment_status":"open","ping_status":"open","sticky":false,"template":"","format":"standard","meta":{"inline_featured_image":false,"footnotes":""},"categories":[265],"tags":[],"class_list":["post-36047","post","type-post","status-publish","format-standard","hentry","category-haberler"],"acf":[],"yoast_head":"<!-- This site is optimized with the Yoast SEO plugin v27.4 - https:\/\/yoast.com\/product\/yoast-seo-wordpress\/ -->\n<title>Safure Kacametova: Noman \u00c7elebicihan halq\u0131 i\u00e7\u00fcn qurban old\u0131 ve bizim hat\u0131ram\u0131zda ebediy ya\u015faycaq - \u041c\u0435\u0434\u0436\u043b\u0456\u0441<\/title>\n<meta name=\"robots\" content=\"index, follow, max-snippet:-1, max-image-preview:large, max-video-preview:-1\" \/>\n<link rel=\"canonical\" href=\"https:\/\/qtmm.org\/qt\/safure-kacametova-noman-celebicihan-halqi-icun-qurban-oldi-ve-bizim-hatiramizda-ebediy-yasaycaq\/\" \/>\n<meta property=\"og:locale\" content=\"en_US\" \/>\n<meta property=\"og:type\" content=\"article\" \/>\n<meta property=\"og:title\" content=\"Safure Kacametova: Noman \u00c7elebicihan halq\u0131 i\u00e7\u00fcn qurban old\u0131 ve bizim hat\u0131ram\u0131zda ebediy ya\u015faycaq - \u041c\u0435\u0434\u0436\u043b\u0456\u0441\" \/>\n<meta property=\"og:description\" content=\"22 fevral k\u00fcn\u00fc Aqmescitte Noman \u00c7elebicihan \u00f6ld\u00fcrilgenini\u00f1 95 y\u0131ll\u0131\u011f\u0131 munasebetinen planla\u015ft\u0131r\u0131l\u011fan tedbirler \u00e7er\u00e7ivesinde \u0130. Gasprinskiy ad\u0131na q\u0131r\u0131mtatar k\u00fct\u00fcphanesinde milletni\u00f1 \u015feitine ba\u011f\u0131\u015flan\u011fan sergi a\u00e7\u0131ld\u0131. Onda Meclis medeniyet ve tasil idaresini\u00f1 ba\u015f\u0131, Q\u0131r\u0131m Yuqar\u0131 \u015euras\u0131n\u0131\u00f1 deputat\u0131 Safure Kacametova, q\u0131r\u0131mtatar yaz\u0131c\u0131ldar birligini\u00f1 reisi Riza Faz\u0131l, yaz\u0131c\u0131lar, Tavriya Milliy universitetni\u00f1 studentleri, cemaat\u00e7\u0131l\u0131q vekilleri i\u015ftirak ettiler. &#8220;Bug\u00fcn Q\u0131r\u0131mda bundan 95 [&hellip;]\" \/>\n<meta property=\"og:url\" content=\"https:\/\/qtmm.org\/qt\/safure-kacametova-noman-celebicihan-halqi-icun-qurban-oldi-ve-bizim-hatiramizda-ebediy-yasaycaq\/\" \/>\n<meta property=\"og:site_name\" content=\"\u041c\u0435\u0434\u0436\u043b\u0456\u0441\" \/>\n<meta property=\"article:publisher\" content=\"https:\/\/www.facebook.com\/qtmm.info\/\" \/>\n<meta property=\"article:published_time\" content=\"2013-02-22T14:16:00+00:00\" \/>\n<meta property=\"article:modified_time\" content=\"2022-01-23T14:16:57+00:00\" \/>\n<meta name=\"author\" content=\"Developer\" \/>\n<meta name=\"twitter:card\" content=\"summary_large_image\" \/>\n<meta name=\"twitter:label1\" content=\"Written by\" \/>\n\t<meta name=\"twitter:data1\" content=\"Developer\" \/>\n\t<meta name=\"twitter:label2\" content=\"Est. reading time\" \/>\n\t<meta name=\"twitter:data2\" content=\"1 minute\" \/>\n<script type=\"application\/ld+json\" class=\"yoast-schema-graph\">{\"@context\":\"https:\\\/\\\/schema.org\",\"@graph\":[{\"@type\":\"Article\",\"@id\":\"https:\\\/\\\/qtmm.org\\\/qt\\\/safure-kacametova-noman-celebicihan-halqi-icun-qurban-oldi-ve-bizim-hatiramizda-ebediy-yasaycaq\\\/#article\",\"isPartOf\":{\"@id\":\"https:\\\/\\\/qtmm.org\\\/qt\\\/safure-kacametova-noman-celebicihan-halqi-icun-qurban-oldi-ve-bizim-hatiramizda-ebediy-yasaycaq\\\/\"},\"author\":{\"name\":\"Developer\",\"@id\":\"https:\\\/\\\/qtmm.org\\\/qt\\\/#\\\/schema\\\/person\\\/de562469f971dec226ac06e60bbf74a7\"},\"headline\":\"Safure Kacametova: Noman \u00c7elebicihan halq\u0131 i\u00e7\u00fcn qurban old\u0131 ve bizim hat\u0131ram\u0131zda ebediy ya\u015faycaq\",\"datePublished\":\"2013-02-22T14:16:00+00:00\",\"dateModified\":\"2022-01-23T14:16:57+00:00\",\"mainEntityOfPage\":{\"@id\":\"https:\\\/\\\/qtmm.org\\\/qt\\\/safure-kacametova-noman-celebicihan-halqi-icun-qurban-oldi-ve-bizim-hatiramizda-ebediy-yasaycaq\\\/\"},\"wordCount\":238,\"commentCount\":0,\"publisher\":{\"@id\":\"https:\\\/\\\/qtmm.org\\\/qt\\\/#organization\"},\"articleSection\":[\"Haberler\"],\"inLanguage\":\"qt\",\"potentialAction\":[{\"@type\":\"CommentAction\",\"name\":\"Comment\",\"target\":[\"https:\\\/\\\/qtmm.org\\\/qt\\\/safure-kacametova-noman-celebicihan-halqi-icun-qurban-oldi-ve-bizim-hatiramizda-ebediy-yasaycaq\\\/#respond\"]}]},{\"@type\":\"WebPage\",\"@id\":\"https:\\\/\\\/qtmm.org\\\/qt\\\/safure-kacametova-noman-celebicihan-halqi-icun-qurban-oldi-ve-bizim-hatiramizda-ebediy-yasaycaq\\\/\",\"url\":\"https:\\\/\\\/qtmm.org\\\/qt\\\/safure-kacametova-noman-celebicihan-halqi-icun-qurban-oldi-ve-bizim-hatiramizda-ebediy-yasaycaq\\\/\",\"name\":\"Safure Kacametova: Noman \u00c7elebicihan halq\u0131 i\u00e7\u00fcn qurban old\u0131 ve bizim hat\u0131ram\u0131zda ebediy ya\u015faycaq - \u041c\u0435\u0434\u0436\u043b\u0456\u0441\",\"isPartOf\":{\"@id\":\"https:\\\/\\\/qtmm.org\\\/qt\\\/#website\"},\"datePublished\":\"2013-02-22T14:16:00+00:00\",\"dateModified\":\"2022-01-23T14:16:57+00:00\",\"breadcrumb\":{\"@id\":\"https:\\\/\\\/qtmm.org\\\/qt\\\/safure-kacametova-noman-celebicihan-halqi-icun-qurban-oldi-ve-bizim-hatiramizda-ebediy-yasaycaq\\\/#breadcrumb\"},\"inLanguage\":\"qt\",\"potentialAction\":[{\"@type\":\"ReadAction\",\"target\":[\"https:\\\/\\\/qtmm.org\\\/qt\\\/safure-kacametova-noman-celebicihan-halqi-icun-qurban-oldi-ve-bizim-hatiramizda-ebediy-yasaycaq\\\/\"]}]},{\"@type\":\"BreadcrumbList\",\"@id\":\"https:\\\/\\\/qtmm.org\\\/qt\\\/safure-kacametova-noman-celebicihan-halqi-icun-qurban-oldi-ve-bizim-hatiramizda-ebediy-yasaycaq\\\/#breadcrumb\",\"itemListElement\":[{\"@type\":\"ListItem\",\"position\":1,\"name\":\"\u0413\u043e\u043b\u043e\u0432\u043d\u0430\",\"item\":\"https:\\\/\\\/qtmm.org\\\/qt\\\/\"},{\"@type\":\"ListItem\",\"position\":2,\"name\":\"Safure Kacametova: Noman \u00c7elebicihan halq\u0131 i\u00e7\u00fcn qurban old\u0131 ve bizim hat\u0131ram\u0131zda ebediy ya\u015faycaq\"}]},{\"@type\":\"WebSite\",\"@id\":\"https:\\\/\\\/qtmm.org\\\/qt\\\/#website\",\"url\":\"https:\\\/\\\/qtmm.org\\\/qt\\\/\",\"name\":\"\u041c\u0435\u0434\u0436\u043b\u0456\u0441\",\"description\":\"\",\"publisher\":{\"@id\":\"https:\\\/\\\/qtmm.org\\\/qt\\\/#organization\"},\"potentialAction\":[{\"@type\":\"SearchAction\",\"target\":{\"@type\":\"EntryPoint\",\"urlTemplate\":\"https:\\\/\\\/qtmm.org\\\/qt\\\/?s={search_term_string}\"},\"query-input\":{\"@type\":\"PropertyValueSpecification\",\"valueRequired\":true,\"valueName\":\"search_term_string\"}}],\"inLanguage\":\"qt\"},{\"@type\":\"Organization\",\"@id\":\"https:\\\/\\\/qtmm.org\\\/qt\\\/#organization\",\"name\":\"\u041c\u0435\u0434\u0436\u043b\u0456\u0441\",\"url\":\"https:\\\/\\\/qtmm.org\\\/qt\\\/\",\"logo\":{\"@type\":\"ImageObject\",\"inLanguage\":\"qt\",\"@id\":\"https:\\\/\\\/qtmm.org\\\/qt\\\/#\\\/schema\\\/logo\\\/image\\\/\",\"url\":\"https:\\\/\\\/qtmm.org\\\/wp-content\\\/uploads\\\/2024\\\/12\\\/ua-mejlis-logo-rgb.svg\",\"contentUrl\":\"https:\\\/\\\/qtmm.org\\\/wp-content\\\/uploads\\\/2024\\\/12\\\/ua-mejlis-logo-rgb.svg\",\"caption\":\"\u041c\u0435\u0434\u0436\u043b\u0456\u0441\"},\"image\":{\"@id\":\"https:\\\/\\\/qtmm.org\\\/qt\\\/#\\\/schema\\\/logo\\\/image\\\/\"},\"sameAs\":[\"https:\\\/\\\/www.facebook.com\\\/qtmm.info\\\/\"]},{\"@type\":\"Person\",\"@id\":\"https:\\\/\\\/qtmm.org\\\/qt\\\/#\\\/schema\\\/person\\\/de562469f971dec226ac06e60bbf74a7\",\"name\":\"Developer\",\"image\":{\"@type\":\"ImageObject\",\"inLanguage\":\"qt\",\"@id\":\"https:\\\/\\\/secure.gravatar.com\\\/avatar\\\/392b4cc8fbfeb00b39dfeeab4ee6edded39ffd48e25858637e4765810300227e?s=96&d=mm&r=g\",\"url\":\"https:\\\/\\\/secure.gravatar.com\\\/avatar\\\/392b4cc8fbfeb00b39dfeeab4ee6edded39ffd48e25858637e4765810300227e?s=96&d=mm&r=g\",\"contentUrl\":\"https:\\\/\\\/secure.gravatar.com\\\/avatar\\\/392b4cc8fbfeb00b39dfeeab4ee6edded39ffd48e25858637e4765810300227e?s=96&d=mm&r=g\",\"caption\":\"Developer\"},\"url\":\"https:\\\/\\\/qtmm.org\\\/qt\\\/author\\\/Developer\\\/\"}]}<\/script>\n<!-- \/ Yoast SEO plugin. -->","yoast_head_json":{"title":"Safure Kacametova: Noman \u00c7elebicihan halq\u0131 i\u00e7\u00fcn qurban old\u0131 ve bizim hat\u0131ram\u0131zda ebediy ya\u015faycaq - \u041c\u0435\u0434\u0436\u043b\u0456\u0441","robots":{"index":"index","follow":"follow","max-snippet":"max-snippet:-1","max-image-preview":"max-image-preview:large","max-video-preview":"max-video-preview:-1"},"canonical":"https:\/\/qtmm.org\/qt\/safure-kacametova-noman-celebicihan-halqi-icun-qurban-oldi-ve-bizim-hatiramizda-ebediy-yasaycaq\/","og_locale":"en_US","og_type":"article","og_title":"Safure Kacametova: Noman \u00c7elebicihan halq\u0131 i\u00e7\u00fcn qurban old\u0131 ve bizim hat\u0131ram\u0131zda ebediy ya\u015faycaq - \u041c\u0435\u0434\u0436\u043b\u0456\u0441","og_description":"22 fevral k\u00fcn\u00fc Aqmescitte Noman \u00c7elebicihan \u00f6ld\u00fcrilgenini\u00f1 95 y\u0131ll\u0131\u011f\u0131 munasebetinen planla\u015ft\u0131r\u0131l\u011fan tedbirler \u00e7er\u00e7ivesinde \u0130. Gasprinskiy ad\u0131na q\u0131r\u0131mtatar k\u00fct\u00fcphanesinde milletni\u00f1 \u015feitine ba\u011f\u0131\u015flan\u011fan sergi a\u00e7\u0131ld\u0131. Onda Meclis medeniyet ve tasil idaresini\u00f1 ba\u015f\u0131, Q\u0131r\u0131m Yuqar\u0131 \u015euras\u0131n\u0131\u00f1 deputat\u0131 Safure Kacametova, q\u0131r\u0131mtatar yaz\u0131c\u0131ldar birligini\u00f1 reisi Riza Faz\u0131l, yaz\u0131c\u0131lar, Tavriya Milliy universitetni\u00f1 studentleri, cemaat\u00e7\u0131l\u0131q vekilleri i\u015ftirak ettiler. &#8220;Bug\u00fcn Q\u0131r\u0131mda bundan 95 [&hellip;]","og_url":"https:\/\/qtmm.org\/qt\/safure-kacametova-noman-celebicihan-halqi-icun-qurban-oldi-ve-bizim-hatiramizda-ebediy-yasaycaq\/","og_site_name":"\u041c\u0435\u0434\u0436\u043b\u0456\u0441","article_publisher":"https:\/\/www.facebook.com\/qtmm.info\/","article_published_time":"2013-02-22T14:16:00+00:00","article_modified_time":"2022-01-23T14:16:57+00:00","author":"Developer","twitter_card":"summary_large_image","twitter_misc":{"Written by":"Developer","Est. reading time":"1 minute"},"schema":{"@context":"https:\/\/schema.org","@graph":[{"@type":"Article","@id":"https:\/\/qtmm.org\/qt\/safure-kacametova-noman-celebicihan-halqi-icun-qurban-oldi-ve-bizim-hatiramizda-ebediy-yasaycaq\/#article","isPartOf":{"@id":"https:\/\/qtmm.org\/qt\/safure-kacametova-noman-celebicihan-halqi-icun-qurban-oldi-ve-bizim-hatiramizda-ebediy-yasaycaq\/"},"author":{"name":"Developer","@id":"https:\/\/qtmm.org\/qt\/#\/schema\/person\/de562469f971dec226ac06e60bbf74a7"},"headline":"Safure Kacametova: Noman \u00c7elebicihan halq\u0131 i\u00e7\u00fcn qurban old\u0131 ve bizim hat\u0131ram\u0131zda ebediy ya\u015faycaq","datePublished":"2013-02-22T14:16:00+00:00","dateModified":"2022-01-23T14:16:57+00:00","mainEntityOfPage":{"@id":"https:\/\/qtmm.org\/qt\/safure-kacametova-noman-celebicihan-halqi-icun-qurban-oldi-ve-bizim-hatiramizda-ebediy-yasaycaq\/"},"wordCount":238,"commentCount":0,"publisher":{"@id":"https:\/\/qtmm.org\/qt\/#organization"},"articleSection":["Haberler"],"inLanguage":"qt","potentialAction":[{"@type":"CommentAction","name":"Comment","target":["https:\/\/qtmm.org\/qt\/safure-kacametova-noman-celebicihan-halqi-icun-qurban-oldi-ve-bizim-hatiramizda-ebediy-yasaycaq\/#respond"]}]},{"@type":"WebPage","@id":"https:\/\/qtmm.org\/qt\/safure-kacametova-noman-celebicihan-halqi-icun-qurban-oldi-ve-bizim-hatiramizda-ebediy-yasaycaq\/","url":"https:\/\/qtmm.org\/qt\/safure-kacametova-noman-celebicihan-halqi-icun-qurban-oldi-ve-bizim-hatiramizda-ebediy-yasaycaq\/","name":"Safure Kacametova: Noman \u00c7elebicihan halq\u0131 i\u00e7\u00fcn qurban old\u0131 ve bizim hat\u0131ram\u0131zda ebediy ya\u015faycaq - \u041c\u0435\u0434\u0436\u043b\u0456\u0441","isPartOf":{"@id":"https:\/\/qtmm.org\/qt\/#website"},"datePublished":"2013-02-22T14:16:00+00:00","dateModified":"2022-01-23T14:16:57+00:00","breadcrumb":{"@id":"https:\/\/qtmm.org\/qt\/safure-kacametova-noman-celebicihan-halqi-icun-qurban-oldi-ve-bizim-hatiramizda-ebediy-yasaycaq\/#breadcrumb"},"inLanguage":"qt","potentialAction":[{"@type":"ReadAction","target":["https:\/\/qtmm.org\/qt\/safure-kacametova-noman-celebicihan-halqi-icun-qurban-oldi-ve-bizim-hatiramizda-ebediy-yasaycaq\/"]}]},{"@type":"BreadcrumbList","@id":"https:\/\/qtmm.org\/qt\/safure-kacametova-noman-celebicihan-halqi-icun-qurban-oldi-ve-bizim-hatiramizda-ebediy-yasaycaq\/#breadcrumb","itemListElement":[{"@type":"ListItem","position":1,"name":"\u0413\u043e\u043b\u043e\u0432\u043d\u0430","item":"https:\/\/qtmm.org\/qt\/"},{"@type":"ListItem","position":2,"name":"Safure Kacametova: Noman \u00c7elebicihan halq\u0131 i\u00e7\u00fcn qurban old\u0131 ve bizim hat\u0131ram\u0131zda ebediy ya\u015faycaq"}]},{"@type":"WebSite","@id":"https:\/\/qtmm.org\/qt\/#website","url":"https:\/\/qtmm.org\/qt\/","name":"\u041c\u0435\u0434\u0436\u043b\u0456\u0441","description":"","publisher":{"@id":"https:\/\/qtmm.org\/qt\/#organization"},"potentialAction":[{"@type":"SearchAction","target":{"@type":"EntryPoint","urlTemplate":"https:\/\/qtmm.org\/qt\/?s={search_term_string}"},"query-input":{"@type":"PropertyValueSpecification","valueRequired":true,"valueName":"search_term_string"}}],"inLanguage":"qt"},{"@type":"Organization","@id":"https:\/\/qtmm.org\/qt\/#organization","name":"\u041c\u0435\u0434\u0436\u043b\u0456\u0441","url":"https:\/\/qtmm.org\/qt\/","logo":{"@type":"ImageObject","inLanguage":"qt","@id":"https:\/\/qtmm.org\/qt\/#\/schema\/logo\/image\/","url":"https:\/\/qtmm.org\/wp-content\/uploads\/2024\/12\/ua-mejlis-logo-rgb.svg","contentUrl":"https:\/\/qtmm.org\/wp-content\/uploads\/2024\/12\/ua-mejlis-logo-rgb.svg","caption":"\u041c\u0435\u0434\u0436\u043b\u0456\u0441"},"image":{"@id":"https:\/\/qtmm.org\/qt\/#\/schema\/logo\/image\/"},"sameAs":["https:\/\/www.facebook.com\/qtmm.info\/"]},{"@type":"Person","@id":"https:\/\/qtmm.org\/qt\/#\/schema\/person\/de562469f971dec226ac06e60bbf74a7","name":"Developer","image":{"@type":"ImageObject","inLanguage":"qt","@id":"https:\/\/secure.gravatar.com\/avatar\/392b4cc8fbfeb00b39dfeeab4ee6edded39ffd48e25858637e4765810300227e?s=96&d=mm&r=g","url":"https:\/\/secure.gravatar.com\/avatar\/392b4cc8fbfeb00b39dfeeab4ee6edded39ffd48e25858637e4765810300227e?s=96&d=mm&r=g","contentUrl":"https:\/\/secure.gravatar.com\/avatar\/392b4cc8fbfeb00b39dfeeab4ee6edded39ffd48e25858637e4765810300227e?s=96&d=mm&r=g","caption":"Developer"},"url":"https:\/\/qtmm.org\/qt\/author\/Developer\/"}]}},"_links":{"self":[{"href":"https:\/\/qtmm.org\/qt\/wp-json\/wp\/v2\/posts\/36047","targetHints":{"allow":["GET"]}}],"collection":[{"href":"https:\/\/qtmm.org\/qt\/wp-json\/wp\/v2\/posts"}],"about":[{"href":"https:\/\/qtmm.org\/qt\/wp-json\/wp\/v2\/types\/post"}],"author":[{"embeddable":true,"href":"https:\/\/qtmm.org\/qt\/wp-json\/wp\/v2\/users\/1"}],"replies":[{"embeddable":true,"href":"https:\/\/qtmm.org\/qt\/wp-json\/wp\/v2\/comments?post=36047"}],"version-history":[{"count":1,"href":"https:\/\/qtmm.org\/qt\/wp-json\/wp\/v2\/posts\/36047\/revisions"}],"predecessor-version":[{"id":36048,"href":"https:\/\/qtmm.org\/qt\/wp-json\/wp\/v2\/posts\/36047\/revisions\/36048"}],"wp:attachment":[{"href":"https:\/\/qtmm.org\/qt\/wp-json\/wp\/v2\/media?parent=36047"}],"wp:term":[{"taxonomy":"category","embeddable":true,"href":"https:\/\/qtmm.org\/qt\/wp-json\/wp\/v2\/categories?post=36047"},{"taxonomy":"post_tag","embeddable":true,"href":"https:\/\/qtmm.org\/qt\/wp-json\/wp\/v2\/tags?post=36047"}],"curies":[{"name":"wp","href":"https:\/\/api.w.org\/{rel}","templated":true}]}}