




{"id":36041,"date":"2013-02-21T17:15:00","date_gmt":"2013-02-21T14:15:00","guid":{"rendered":"http:\/\/qtmm.org\/?p=36041"},"modified":"2022-01-23T17:16:04","modified_gmt":"2022-01-23T14:16:04","slug":"qirimda-petr-grigorenkonin-hatirasini-andilar","status":"publish","type":"post","link":"https:\/\/qtmm.org\/qt\/qirimda-petr-grigorenkonin-hatirasini-andilar\/","title":{"rendered":"Q\u0131r\u0131mda Petr Grigorenkon\u0131\u00f1 hat\u0131ras\u0131n\u0131 a\u00f1d\u0131lar"},"content":{"rendered":"\n<p>Fevral 21 k\u00fcn\u00fc Aqmescitte P. Grigorenko ad\u0131na (Sovetskaya) meydanda q\u0131r\u0131mtatar ve ukrain cemaat\u00e7\u0131l\u0131\u011f\u0131 P\u00f6tr Grigorenko eykeline g\u00fcl\u00e7emberler qoyd\u0131lar.<\/p>\n\n\n\n<p>Milliy Meclis qoltutuv\u0131nda Q\u0131r\u0131mtatar milliy areketi veteranlar\u0131 taraf\u0131ndan te\u015fkil etilgen tedbir q\u0131r\u0131mtatarlarn\u0131\u00f1 yaq\u0131n dostu, Ukrain Helsinki gruppas\u0131 tesis\u00e7ilerinden biri,belli uquqqoruy\u0131c\u0131 general P\u00f6tr Grigorenko vefat etkenini\u00f1 26 y\u0131ll\u0131\u011f\u0131na munasebetinen \u00f6tkerildi. Bu aqta\u00a0Krimskotatarske pitann\u00e2 online\u00a0haber ete.<\/p>\n\n\n\n<p>Tedbirni\u00f1 ba\u015f\u0131nda eykelge \u00e7e\u00e7ekler qoyuld\u0131, so\u00f1ra toplan\u011fanlarn\u0131\u00f1 \u00f6g\u00fcnde milliy areket i\u015ftirak\u00e7isi Zampira Asanova, Meclis reisini\u00f1 birinci muavini Refat \u00c7ubarov, Ukraina Millet\u00e7iler kongressi Q\u0131r\u0131m b\u00f6l\u00fcgini\u00f1 reisi ve digerleri \u00e7\u0131q\u0131\u015fta bulund\u0131lar.<\/p>\n\n\n\n<p>\u00d6z \u00e7\u0131q\u0131\u015f\u0131nda Refat \u00c7ubarov q\u0131r\u0131mtatarlar P\u00f6tr Grigorenokn\u0131\u00f1 birlikli ol\u0131p, \u00f6z aqlar\u0131n\u0131 soramaq degil de talap etmek kerek, degen vasiyetini unutmad\u0131lar, dedi.<\/p>\n\n\n\n<p>\u00c7ubarov dissidentni\u00f1 &#8220;Eger sizni aldasalar, kelecegi\u00f1iz olmaz&#8221; degen s\u00f6zlerini de hat\u0131rlatt\u0131. L\u00e2kin bug\u00fcnde-bug\u00fcn akimiyet q\u0131r\u0131mtatar halq\u0131n\u0131 par\u00e7alamaq o\u011frunda areket ete, dep qayd etti Q\u0131r\u0131m Yuqar\u0131 \u015euras\u0131nda &#8220;Qurultay-Ruh&#8221; fraktsiyas\u0131n\u0131\u00f1 ba\u015f\u0131 Refat \u00c7ubarov.<\/p>\n","protected":false},"excerpt":{"rendered":"<p>Fevral 21 k\u00fcn\u00fc Aqmescitte P. Grigorenko ad\u0131na (Sovetskaya) meydanda q\u0131r\u0131mtatar ve ukrain cemaat\u00e7\u0131l\u0131\u011f\u0131 P\u00f6tr Grigorenko eykeline g\u00fcl\u00e7emberler qoyd\u0131lar. Milliy Meclis qoltutuv\u0131nda Q\u0131r\u0131mtatar milliy areketi veteranlar\u0131 taraf\u0131ndan te\u015fkil etilgen tedbir q\u0131r\u0131mtatarlarn\u0131\u00f1 yaq\u0131n dostu, Ukrain Helsinki gruppas\u0131 tesis\u00e7ilerinden biri,belli uquqqoruy\u0131c\u0131 general P\u00f6tr Grigorenko vefat etkenini\u00f1 26 y\u0131ll\u0131\u011f\u0131na munasebetinen \u00f6tkerildi. Bu aqta\u00a0Krimskotatarske pitann\u00e2 online\u00a0haber ete. Tedbirni\u00f1 ba\u015f\u0131nda eykelge [&hellip;]<\/p>\n","protected":false},"author":1,"featured_media":36042,"comment_status":"open","ping_status":"open","sticky":false,"template":"","format":"standard","meta":{"inline_featured_image":false,"footnotes":""},"categories":[265],"tags":[],"class_list":["post-36041","post","type-post","status-publish","format-standard","has-post-thumbnail","hentry","category-haberler"],"acf":[],"yoast_head":"<!-- This site is optimized with the Yoast SEO plugin v27.4 - https:\/\/yoast.com\/product\/yoast-seo-wordpress\/ -->\n<title>Q\u0131r\u0131mda Petr Grigorenkon\u0131\u00f1 hat\u0131ras\u0131n\u0131 a\u00f1d\u0131lar - \u041c\u0435\u0434\u0436\u043b\u0456\u0441<\/title>\n<meta name=\"robots\" content=\"index, follow, max-snippet:-1, max-image-preview:large, max-video-preview:-1\" \/>\n<link rel=\"canonical\" href=\"https:\/\/qtmm.org\/qt\/qirimda-petr-grigorenkonin-hatirasini-andilar\/\" \/>\n<meta property=\"og:locale\" content=\"en_US\" \/>\n<meta property=\"og:type\" content=\"article\" \/>\n<meta property=\"og:title\" content=\"Q\u0131r\u0131mda Petr Grigorenkon\u0131\u00f1 hat\u0131ras\u0131n\u0131 a\u00f1d\u0131lar - \u041c\u0435\u0434\u0436\u043b\u0456\u0441\" \/>\n<meta property=\"og:description\" content=\"Fevral 21 k\u00fcn\u00fc Aqmescitte P. Grigorenko ad\u0131na (Sovetskaya) meydanda q\u0131r\u0131mtatar ve ukrain cemaat\u00e7\u0131l\u0131\u011f\u0131 P\u00f6tr Grigorenko eykeline g\u00fcl\u00e7emberler qoyd\u0131lar. Milliy Meclis qoltutuv\u0131nda Q\u0131r\u0131mtatar milliy areketi veteranlar\u0131 taraf\u0131ndan te\u015fkil etilgen tedbir q\u0131r\u0131mtatarlarn\u0131\u00f1 yaq\u0131n dostu, Ukrain Helsinki gruppas\u0131 tesis\u00e7ilerinden biri,belli uquqqoruy\u0131c\u0131 general P\u00f6tr Grigorenko vefat etkenini\u00f1 26 y\u0131ll\u0131\u011f\u0131na munasebetinen \u00f6tkerildi. Bu aqta\u00a0Krimskotatarske pitann\u00e2 online\u00a0haber ete. Tedbirni\u00f1 ba\u015f\u0131nda eykelge [&hellip;]\" \/>\n<meta property=\"og:url\" content=\"https:\/\/qtmm.org\/qt\/qirimda-petr-grigorenkonin-hatirasini-andilar\/\" \/>\n<meta property=\"og:site_name\" content=\"\u041c\u0435\u0434\u0436\u043b\u0456\u0441\" \/>\n<meta property=\"article:publisher\" content=\"https:\/\/www.facebook.com\/qtmm.info\/\" \/>\n<meta property=\"article:published_time\" content=\"2013-02-21T14:15:00+00:00\" \/>\n<meta property=\"article:modified_time\" content=\"2022-01-23T14:16:04+00:00\" \/>\n<meta property=\"og:image\" content=\"https:\/\/qtmm.org\/wp-content\/uploads\/2022\/01\/img_9252.jpeg\" \/>\n\t<meta property=\"og:image:width\" content=\"1000\" \/>\n\t<meta property=\"og:image:height\" content=\"666\" \/>\n\t<meta property=\"og:image:type\" content=\"image\/jpeg\" \/>\n<meta name=\"author\" content=\"Developer\" \/>\n<meta name=\"twitter:card\" content=\"summary_large_image\" \/>\n<meta name=\"twitter:label1\" content=\"Written by\" \/>\n\t<meta name=\"twitter:data1\" content=\"Developer\" \/>\n\t<meta name=\"twitter:label2\" content=\"Est. reading time\" \/>\n\t<meta name=\"twitter:data2\" content=\"1 minute\" \/>\n<script type=\"application\/ld+json\" class=\"yoast-schema-graph\">{\"@context\":\"https:\\\/\\\/schema.org\",\"@graph\":[{\"@type\":\"Article\",\"@id\":\"https:\\\/\\\/qtmm.org\\\/qt\\\/qirimda-petr-grigorenkonin-hatirasini-andilar\\\/#article\",\"isPartOf\":{\"@id\":\"https:\\\/\\\/qtmm.org\\\/qt\\\/qirimda-petr-grigorenkonin-hatirasini-andilar\\\/\"},\"author\":{\"name\":\"Developer\",\"@id\":\"https:\\\/\\\/qtmm.org\\\/qt\\\/#\\\/schema\\\/person\\\/de562469f971dec226ac06e60bbf74a7\"},\"headline\":\"Q\u0131r\u0131mda Petr Grigorenkon\u0131\u00f1 hat\u0131ras\u0131n\u0131 a\u00f1d\u0131lar\",\"datePublished\":\"2013-02-21T14:15:00+00:00\",\"dateModified\":\"2022-01-23T14:16:04+00:00\",\"mainEntityOfPage\":{\"@id\":\"https:\\\/\\\/qtmm.org\\\/qt\\\/qirimda-petr-grigorenkonin-hatirasini-andilar\\\/\"},\"wordCount\":203,\"commentCount\":0,\"publisher\":{\"@id\":\"https:\\\/\\\/qtmm.org\\\/qt\\\/#organization\"},\"image\":{\"@id\":\"https:\\\/\\\/qtmm.org\\\/qt\\\/qirimda-petr-grigorenkonin-hatirasini-andilar\\\/#primaryimage\"},\"thumbnailUrl\":\"https:\\\/\\\/qtmm.org\\\/wp-content\\\/uploads\\\/2022\\\/01\\\/img_9252.jpeg\",\"articleSection\":[\"Haberler\"],\"inLanguage\":\"qt\",\"potentialAction\":[{\"@type\":\"CommentAction\",\"name\":\"Comment\",\"target\":[\"https:\\\/\\\/qtmm.org\\\/qt\\\/qirimda-petr-grigorenkonin-hatirasini-andilar\\\/#respond\"]}]},{\"@type\":\"WebPage\",\"@id\":\"https:\\\/\\\/qtmm.org\\\/qt\\\/qirimda-petr-grigorenkonin-hatirasini-andilar\\\/\",\"url\":\"https:\\\/\\\/qtmm.org\\\/qt\\\/qirimda-petr-grigorenkonin-hatirasini-andilar\\\/\",\"name\":\"Q\u0131r\u0131mda Petr Grigorenkon\u0131\u00f1 hat\u0131ras\u0131n\u0131 a\u00f1d\u0131lar - \u041c\u0435\u0434\u0436\u043b\u0456\u0441\",\"isPartOf\":{\"@id\":\"https:\\\/\\\/qtmm.org\\\/qt\\\/#website\"},\"primaryImageOfPage\":{\"@id\":\"https:\\\/\\\/qtmm.org\\\/qt\\\/qirimda-petr-grigorenkonin-hatirasini-andilar\\\/#primaryimage\"},\"image\":{\"@id\":\"https:\\\/\\\/qtmm.org\\\/qt\\\/qirimda-petr-grigorenkonin-hatirasini-andilar\\\/#primaryimage\"},\"thumbnailUrl\":\"https:\\\/\\\/qtmm.org\\\/wp-content\\\/uploads\\\/2022\\\/01\\\/img_9252.jpeg\",\"datePublished\":\"2013-02-21T14:15:00+00:00\",\"dateModified\":\"2022-01-23T14:16:04+00:00\",\"breadcrumb\":{\"@id\":\"https:\\\/\\\/qtmm.org\\\/qt\\\/qirimda-petr-grigorenkonin-hatirasini-andilar\\\/#breadcrumb\"},\"inLanguage\":\"qt\",\"potentialAction\":[{\"@type\":\"ReadAction\",\"target\":[\"https:\\\/\\\/qtmm.org\\\/qt\\\/qirimda-petr-grigorenkonin-hatirasini-andilar\\\/\"]}]},{\"@type\":\"ImageObject\",\"inLanguage\":\"qt\",\"@id\":\"https:\\\/\\\/qtmm.org\\\/qt\\\/qirimda-petr-grigorenkonin-hatirasini-andilar\\\/#primaryimage\",\"url\":\"https:\\\/\\\/qtmm.org\\\/wp-content\\\/uploads\\\/2022\\\/01\\\/img_9252.jpeg\",\"contentUrl\":\"https:\\\/\\\/qtmm.org\\\/wp-content\\\/uploads\\\/2022\\\/01\\\/img_9252.jpeg\",\"width\":1000,\"height\":666},{\"@type\":\"BreadcrumbList\",\"@id\":\"https:\\\/\\\/qtmm.org\\\/qt\\\/qirimda-petr-grigorenkonin-hatirasini-andilar\\\/#breadcrumb\",\"itemListElement\":[{\"@type\":\"ListItem\",\"position\":1,\"name\":\"\u0413\u043e\u043b\u043e\u0432\u043d\u0430\",\"item\":\"https:\\\/\\\/qtmm.org\\\/qt\\\/\"},{\"@type\":\"ListItem\",\"position\":2,\"name\":\"Q\u0131r\u0131mda Petr Grigorenkon\u0131\u00f1 hat\u0131ras\u0131n\u0131 a\u00f1d\u0131lar\"}]},{\"@type\":\"WebSite\",\"@id\":\"https:\\\/\\\/qtmm.org\\\/qt\\\/#website\",\"url\":\"https:\\\/\\\/qtmm.org\\\/qt\\\/\",\"name\":\"\u041c\u0435\u0434\u0436\u043b\u0456\u0441\",\"description\":\"\",\"publisher\":{\"@id\":\"https:\\\/\\\/qtmm.org\\\/qt\\\/#organization\"},\"potentialAction\":[{\"@type\":\"SearchAction\",\"target\":{\"@type\":\"EntryPoint\",\"urlTemplate\":\"https:\\\/\\\/qtmm.org\\\/qt\\\/?s={search_term_string}\"},\"query-input\":{\"@type\":\"PropertyValueSpecification\",\"valueRequired\":true,\"valueName\":\"search_term_string\"}}],\"inLanguage\":\"qt\"},{\"@type\":\"Organization\",\"@id\":\"https:\\\/\\\/qtmm.org\\\/qt\\\/#organization\",\"name\":\"\u041c\u0435\u0434\u0436\u043b\u0456\u0441\",\"url\":\"https:\\\/\\\/qtmm.org\\\/qt\\\/\",\"logo\":{\"@type\":\"ImageObject\",\"inLanguage\":\"qt\",\"@id\":\"https:\\\/\\\/qtmm.org\\\/qt\\\/#\\\/schema\\\/logo\\\/image\\\/\",\"url\":\"https:\\\/\\\/qtmm.org\\\/wp-content\\\/uploads\\\/2024\\\/12\\\/ua-mejlis-logo-rgb.svg\",\"contentUrl\":\"https:\\\/\\\/qtmm.org\\\/wp-content\\\/uploads\\\/2024\\\/12\\\/ua-mejlis-logo-rgb.svg\",\"caption\":\"\u041c\u0435\u0434\u0436\u043b\u0456\u0441\"},\"image\":{\"@id\":\"https:\\\/\\\/qtmm.org\\\/qt\\\/#\\\/schema\\\/logo\\\/image\\\/\"},\"sameAs\":[\"https:\\\/\\\/www.facebook.com\\\/qtmm.info\\\/\"]},{\"@type\":\"Person\",\"@id\":\"https:\\\/\\\/qtmm.org\\\/qt\\\/#\\\/schema\\\/person\\\/de562469f971dec226ac06e60bbf74a7\",\"name\":\"Developer\",\"image\":{\"@type\":\"ImageObject\",\"inLanguage\":\"qt\",\"@id\":\"https:\\\/\\\/secure.gravatar.com\\\/avatar\\\/392b4cc8fbfeb00b39dfeeab4ee6edded39ffd48e25858637e4765810300227e?s=96&d=mm&r=g\",\"url\":\"https:\\\/\\\/secure.gravatar.com\\\/avatar\\\/392b4cc8fbfeb00b39dfeeab4ee6edded39ffd48e25858637e4765810300227e?s=96&d=mm&r=g\",\"contentUrl\":\"https:\\\/\\\/secure.gravatar.com\\\/avatar\\\/392b4cc8fbfeb00b39dfeeab4ee6edded39ffd48e25858637e4765810300227e?s=96&d=mm&r=g\",\"caption\":\"Developer\"},\"url\":\"https:\\\/\\\/qtmm.org\\\/qt\\\/author\\\/Developer\\\/\"}]}<\/script>\n<!-- \/ Yoast SEO plugin. -->","yoast_head_json":{"title":"Q\u0131r\u0131mda Petr Grigorenkon\u0131\u00f1 hat\u0131ras\u0131n\u0131 a\u00f1d\u0131lar - \u041c\u0435\u0434\u0436\u043b\u0456\u0441","robots":{"index":"index","follow":"follow","max-snippet":"max-snippet:-1","max-image-preview":"max-image-preview:large","max-video-preview":"max-video-preview:-1"},"canonical":"https:\/\/qtmm.org\/qt\/qirimda-petr-grigorenkonin-hatirasini-andilar\/","og_locale":"en_US","og_type":"article","og_title":"Q\u0131r\u0131mda Petr Grigorenkon\u0131\u00f1 hat\u0131ras\u0131n\u0131 a\u00f1d\u0131lar - \u041c\u0435\u0434\u0436\u043b\u0456\u0441","og_description":"Fevral 21 k\u00fcn\u00fc Aqmescitte P. Grigorenko ad\u0131na (Sovetskaya) meydanda q\u0131r\u0131mtatar ve ukrain cemaat\u00e7\u0131l\u0131\u011f\u0131 P\u00f6tr Grigorenko eykeline g\u00fcl\u00e7emberler qoyd\u0131lar. Milliy Meclis qoltutuv\u0131nda Q\u0131r\u0131mtatar milliy areketi veteranlar\u0131 taraf\u0131ndan te\u015fkil etilgen tedbir q\u0131r\u0131mtatarlarn\u0131\u00f1 yaq\u0131n dostu, Ukrain Helsinki gruppas\u0131 tesis\u00e7ilerinden biri,belli uquqqoruy\u0131c\u0131 general P\u00f6tr Grigorenko vefat etkenini\u00f1 26 y\u0131ll\u0131\u011f\u0131na munasebetinen \u00f6tkerildi. Bu aqta\u00a0Krimskotatarske pitann\u00e2 online\u00a0haber ete. Tedbirni\u00f1 ba\u015f\u0131nda eykelge [&hellip;]","og_url":"https:\/\/qtmm.org\/qt\/qirimda-petr-grigorenkonin-hatirasini-andilar\/","og_site_name":"\u041c\u0435\u0434\u0436\u043b\u0456\u0441","article_publisher":"https:\/\/www.facebook.com\/qtmm.info\/","article_published_time":"2013-02-21T14:15:00+00:00","article_modified_time":"2022-01-23T14:16:04+00:00","og_image":[{"width":1000,"height":666,"url":"https:\/\/qtmm.org\/wp-content\/uploads\/2022\/01\/img_9252.jpeg","type":"image\/jpeg"}],"author":"Developer","twitter_card":"summary_large_image","twitter_misc":{"Written by":"Developer","Est. reading time":"1 minute"},"schema":{"@context":"https:\/\/schema.org","@graph":[{"@type":"Article","@id":"https:\/\/qtmm.org\/qt\/qirimda-petr-grigorenkonin-hatirasini-andilar\/#article","isPartOf":{"@id":"https:\/\/qtmm.org\/qt\/qirimda-petr-grigorenkonin-hatirasini-andilar\/"},"author":{"name":"Developer","@id":"https:\/\/qtmm.org\/qt\/#\/schema\/person\/de562469f971dec226ac06e60bbf74a7"},"headline":"Q\u0131r\u0131mda Petr Grigorenkon\u0131\u00f1 hat\u0131ras\u0131n\u0131 a\u00f1d\u0131lar","datePublished":"2013-02-21T14:15:00+00:00","dateModified":"2022-01-23T14:16:04+00:00","mainEntityOfPage":{"@id":"https:\/\/qtmm.org\/qt\/qirimda-petr-grigorenkonin-hatirasini-andilar\/"},"wordCount":203,"commentCount":0,"publisher":{"@id":"https:\/\/qtmm.org\/qt\/#organization"},"image":{"@id":"https:\/\/qtmm.org\/qt\/qirimda-petr-grigorenkonin-hatirasini-andilar\/#primaryimage"},"thumbnailUrl":"https:\/\/qtmm.org\/wp-content\/uploads\/2022\/01\/img_9252.jpeg","articleSection":["Haberler"],"inLanguage":"qt","potentialAction":[{"@type":"CommentAction","name":"Comment","target":["https:\/\/qtmm.org\/qt\/qirimda-petr-grigorenkonin-hatirasini-andilar\/#respond"]}]},{"@type":"WebPage","@id":"https:\/\/qtmm.org\/qt\/qirimda-petr-grigorenkonin-hatirasini-andilar\/","url":"https:\/\/qtmm.org\/qt\/qirimda-petr-grigorenkonin-hatirasini-andilar\/","name":"Q\u0131r\u0131mda Petr Grigorenkon\u0131\u00f1 hat\u0131ras\u0131n\u0131 a\u00f1d\u0131lar - \u041c\u0435\u0434\u0436\u043b\u0456\u0441","isPartOf":{"@id":"https:\/\/qtmm.org\/qt\/#website"},"primaryImageOfPage":{"@id":"https:\/\/qtmm.org\/qt\/qirimda-petr-grigorenkonin-hatirasini-andilar\/#primaryimage"},"image":{"@id":"https:\/\/qtmm.org\/qt\/qirimda-petr-grigorenkonin-hatirasini-andilar\/#primaryimage"},"thumbnailUrl":"https:\/\/qtmm.org\/wp-content\/uploads\/2022\/01\/img_9252.jpeg","datePublished":"2013-02-21T14:15:00+00:00","dateModified":"2022-01-23T14:16:04+00:00","breadcrumb":{"@id":"https:\/\/qtmm.org\/qt\/qirimda-petr-grigorenkonin-hatirasini-andilar\/#breadcrumb"},"inLanguage":"qt","potentialAction":[{"@type":"ReadAction","target":["https:\/\/qtmm.org\/qt\/qirimda-petr-grigorenkonin-hatirasini-andilar\/"]}]},{"@type":"ImageObject","inLanguage":"qt","@id":"https:\/\/qtmm.org\/qt\/qirimda-petr-grigorenkonin-hatirasini-andilar\/#primaryimage","url":"https:\/\/qtmm.org\/wp-content\/uploads\/2022\/01\/img_9252.jpeg","contentUrl":"https:\/\/qtmm.org\/wp-content\/uploads\/2022\/01\/img_9252.jpeg","width":1000,"height":666},{"@type":"BreadcrumbList","@id":"https:\/\/qtmm.org\/qt\/qirimda-petr-grigorenkonin-hatirasini-andilar\/#breadcrumb","itemListElement":[{"@type":"ListItem","position":1,"name":"\u0413\u043e\u043b\u043e\u0432\u043d\u0430","item":"https:\/\/qtmm.org\/qt\/"},{"@type":"ListItem","position":2,"name":"Q\u0131r\u0131mda Petr Grigorenkon\u0131\u00f1 hat\u0131ras\u0131n\u0131 a\u00f1d\u0131lar"}]},{"@type":"WebSite","@id":"https:\/\/qtmm.org\/qt\/#website","url":"https:\/\/qtmm.org\/qt\/","name":"\u041c\u0435\u0434\u0436\u043b\u0456\u0441","description":"","publisher":{"@id":"https:\/\/qtmm.org\/qt\/#organization"},"potentialAction":[{"@type":"SearchAction","target":{"@type":"EntryPoint","urlTemplate":"https:\/\/qtmm.org\/qt\/?s={search_term_string}"},"query-input":{"@type":"PropertyValueSpecification","valueRequired":true,"valueName":"search_term_string"}}],"inLanguage":"qt"},{"@type":"Organization","@id":"https:\/\/qtmm.org\/qt\/#organization","name":"\u041c\u0435\u0434\u0436\u043b\u0456\u0441","url":"https:\/\/qtmm.org\/qt\/","logo":{"@type":"ImageObject","inLanguage":"qt","@id":"https:\/\/qtmm.org\/qt\/#\/schema\/logo\/image\/","url":"https:\/\/qtmm.org\/wp-content\/uploads\/2024\/12\/ua-mejlis-logo-rgb.svg","contentUrl":"https:\/\/qtmm.org\/wp-content\/uploads\/2024\/12\/ua-mejlis-logo-rgb.svg","caption":"\u041c\u0435\u0434\u0436\u043b\u0456\u0441"},"image":{"@id":"https:\/\/qtmm.org\/qt\/#\/schema\/logo\/image\/"},"sameAs":["https:\/\/www.facebook.com\/qtmm.info\/"]},{"@type":"Person","@id":"https:\/\/qtmm.org\/qt\/#\/schema\/person\/de562469f971dec226ac06e60bbf74a7","name":"Developer","image":{"@type":"ImageObject","inLanguage":"qt","@id":"https:\/\/secure.gravatar.com\/avatar\/392b4cc8fbfeb00b39dfeeab4ee6edded39ffd48e25858637e4765810300227e?s=96&d=mm&r=g","url":"https:\/\/secure.gravatar.com\/avatar\/392b4cc8fbfeb00b39dfeeab4ee6edded39ffd48e25858637e4765810300227e?s=96&d=mm&r=g","contentUrl":"https:\/\/secure.gravatar.com\/avatar\/392b4cc8fbfeb00b39dfeeab4ee6edded39ffd48e25858637e4765810300227e?s=96&d=mm&r=g","caption":"Developer"},"url":"https:\/\/qtmm.org\/qt\/author\/Developer\/"}]}},"_links":{"self":[{"href":"https:\/\/qtmm.org\/qt\/wp-json\/wp\/v2\/posts\/36041","targetHints":{"allow":["GET"]}}],"collection":[{"href":"https:\/\/qtmm.org\/qt\/wp-json\/wp\/v2\/posts"}],"about":[{"href":"https:\/\/qtmm.org\/qt\/wp-json\/wp\/v2\/types\/post"}],"author":[{"embeddable":true,"href":"https:\/\/qtmm.org\/qt\/wp-json\/wp\/v2\/users\/1"}],"replies":[{"embeddable":true,"href":"https:\/\/qtmm.org\/qt\/wp-json\/wp\/v2\/comments?post=36041"}],"version-history":[{"count":1,"href":"https:\/\/qtmm.org\/qt\/wp-json\/wp\/v2\/posts\/36041\/revisions"}],"predecessor-version":[{"id":36046,"href":"https:\/\/qtmm.org\/qt\/wp-json\/wp\/v2\/posts\/36041\/revisions\/36046"}],"wp:featuredmedia":[{"embeddable":true,"href":"https:\/\/qtmm.org\/qt\/wp-json\/wp\/v2\/media\/36042"}],"wp:attachment":[{"href":"https:\/\/qtmm.org\/qt\/wp-json\/wp\/v2\/media?parent=36041"}],"wp:term":[{"taxonomy":"category","embeddable":true,"href":"https:\/\/qtmm.org\/qt\/wp-json\/wp\/v2\/categories?post=36041"},{"taxonomy":"post_tag","embeddable":true,"href":"https:\/\/qtmm.org\/qt\/wp-json\/wp\/v2\/tags?post=36041"}],"curies":[{"name":"wp","href":"https:\/\/api.w.org\/{rel}","templated":true}]}}