




{"id":35979,"date":"2013-02-21T17:12:00","date_gmt":"2013-02-21T14:12:00","guid":{"rendered":"http:\/\/qtmm.org\/?p=35979"},"modified":"2022-01-23T17:14:55","modified_gmt":"2022-01-23T14:14:55","slug":"fevral-21-ana-tili-kunu","status":"publish","type":"post","link":"https:\/\/qtmm.org\/qt\/fevral-21-ana-tili-kunu\/","title":{"rendered":"Fevral 21 \u2013 Ana Tili K\u00fcn\u00fc"},"content":{"rendered":"\n<p>2000 seneden ba\u015flap d\u00fcnyada &#8220;Halqara ana tili k\u00fcn\u00fc&#8221; qayd etile.<br><br>Bug\u00fcn \u0130.Gasprinskiy ad\u0131na milliy kitaphanede bu k\u00fcnge ba\u011f\u0131\u015flan\u011fan&nbsp; &#8220;Q\u0131r\u0131mtatar tilini saqlap qaluvda kedaylarn\u0131\u00f1 emiyeti&#8221;&nbsp; mevzuda&nbsp; tedbir ke\u00e7irildi.<br><br>Tedbir Milliy Meclis qabul etken &#8220;Ana tili o\u011frunda k\u00fcre\u015f&#8221; programmas\u0131 \u00e7er\u00e7ivesinde &#8220;Maarif\u00e7i&#8221; birle\u015fmesi, Q\u0131r\u0131mtatar yaz\u0131c\u0131lar\u0131 birligi ve \u0130.Gasprinskiy ad\u0131na&nbsp; q\u0131r\u0131mtatar kitaphanesini\u00f1&nbsp; i\u015fbirliginde&nbsp; te\u015fkil etildi.<br><br>Yedi&nbsp; y\u0131l devam\u0131nda&nbsp; fevralni\u00f1 21 k\u00fcn\u00fc, i\u015f bu&nbsp; icadiy&nbsp; i\u015fbirligi&nbsp; saas\u0131nda \u0130.Gasprinskiy ad\u0131na milliy kitaphanede, q\u0131r\u0131mtatar tilini\u00f1 saqlanuv\u0131, propagandirlevi ve inki\u015faf\u0131na h\u0131zmet etken yaz\u0131c\u0131, oca, sanat\u00e7\u0131, jurnalist, medeniyet erbaplar\u0131 topla\u015falar.&nbsp; Q\u0131r\u0131m Yuqar\u0131 \u015euras\u0131n\u0131\u00f1 deputat\u0131, Milliy Meclis medeniyet ve tasil&nbsp; idaresini\u00f1&nbsp; reberi, &#8220;Maarif\u00e7i&#8221; birle\u015fmesini\u00f1 reisi Safure Kacametova&nbsp;&nbsp; ananege&nbsp; \u00e7evirilgen&nbsp; tedbirni a\u00e7ar eken,&nbsp;&nbsp; Q\u0131r\u0131m&nbsp; kedaylar\u0131 facial\u0131 tarih\u0131m\u0131z i\u00e7ersinde halq a\u011f\u0131z yarat\u0131c\u0131l\u0131\u011f\u0131 vastas\u0131nen ana tilimizni saqlap, on\u0131\u00f1 s\u0131\u00f1\u0131rs\u0131z zenginligini gen\u00e7 nesilge yetkizdiler,&nbsp; dedi. On\u0131\u00f1 aytqan\u0131na k\u00f6re,&nbsp; &#8220;Ana tili k\u00fcn\u00fc&#8221;ne&nbsp; ba\u011f\u0131\u015flap ke\u00e7irilgen&nbsp; tedbirni\u00f1&nbsp; mevzus\u0131 er sene&nbsp; te\u015fkil\u00e2t\u00e7\u0131lar&nbsp;&nbsp; taraf\u0131ndan de\u00f1i\u015ftirile. Q\u0131r\u0131m medeniyet nazirligi ad\u0131ndan kitaphane- matbuat resurs sektor\u0131n\u0131\u00f1 m\u00fcdiri Pavel \u0130badlayev s\u00f6zge&nbsp; \u00e7\u0131qt\u0131 ve&nbsp; medeniyet naziri A. Plakidan\u0131\u00f1 sel\u00e2m\u0131n\u0131 yetkizdi.<br><br>&#8220;Q\u0131r\u0131m kedaylar\u0131&#8221; mevzus\u0131nda&nbsp; Q\u0131r\u0131mtatar yaz\u0131c\u0131lar birligini\u00f1 azalar\u0131 Zakir Kurtnezir, Ay\u015fe K\u00f6kiyeva, \u00dcriye Edemovan\u0131\u00f1&nbsp; meraql\u0131&nbsp; \u00e7\u0131q\u0131\u015flar\u0131&nbsp; er kesni\u00f1&nbsp; al\u011f\u0131\u015f\u0131n\u0131 qazand\u0131.<\/p>\n\n\n\n<p>\u015eair Riza Faz\u0131l ve jurnalist Siyare Mecitovan\u0131\u00f1 \u00e7\u0131\u00f1la\u015fqanlar\u0131 bu s\u00f6zlerni isbatlad\u0131.<\/p>\n\n\n\n<p>\u00c7\u0131\u00f1larnen beraber tedbirde\u00a0 Q\u0131r\u0131mda nam qazan\u011fan artistler Rustem Memetov ve\u00a0 Resul Halil taraf\u0131ndan saz ve a\u015fq y\u0131rlar\u0131 icra etildi. \u0130.Gasprinskiy ad\u0131na milliy kitaphaneni\u00f1 hadimleri &#8220;Q\u0131r\u0131mtatar yaz\u0131c\u0131lar birligini\u00f1&#8221; reisi Riza Faz\u0131l\u00a0 tedbirler &#8220;Ana tili o\u011frunda k\u00fcre\u015f&#8221; programmas\u0131 \u00e7er\u00e7ivesinde az\u0131rlan\u011fan\u0131n\u0131 qayd ettiler. Riza Faz\u0131l programmada tilimizni saqlav ve inki\u015faf\u0131na yap\u0131lacaq maddeler bar, olarn\u0131 becermek epimizge ba\u011fl\u0131, amma yerli meclislerni\u00f1 \u00fcst\u00fcne bu \u00e7al\u0131\u015fmalarn\u0131 mutlaqa becermek vazifesi\u00a0 m\u0131tlaqa qoyulmal\u0131 dedi. \u0130.Gasprinskiy ad\u0131na milliy kitaphaneni\u00f1 m\u00fcdiri G\u00fclnara Ya\u011fyayeva b\u00f6yle tedbirler oquy\u0131c\u0131lar\u0131m\u0131z\u011fa\u00a0 ana tilimiznen ba\u011fl\u0131 zengin bilgi bere, dedi.\u00a0 S\u00fcrg\u00fcnlikni ba\u015f\u0131ndan ke\u00e7irgen, \u00d6zbekistanda do\u011ful\u0131p Q\u0131r\u0131m\u011fa qaytqan ve m\u0131nda do\u011ful\u011fan nesilni birle\u015ftirgen tedbirde\u00a0 TMU\u00a0 q\u0131r\u0131mtatar tili ve edebiyat\u0131 b\u00f6l\u00fcgini\u00f1 studentleri \u00dcsein Cabbarov, Leviza Seitbel\u00e2lova, \u00dcrhiye Nematullayeva \u015fiir ve ayt\u0131mlarnen merasimni yara\u015ft\u0131rd\u0131lar. Milliy areket veteran\u0131 \u015eefiqa Konsul \u00d6zbekistanda ana tilimiz saas\u0131nda yap\u0131l\u011fan areketlerni tarif etti. \u00a0<br><br>\u011eayet s\u0131caq m\u00fcitte ke\u00e7ken tedbirde T\u00fcrkiyeni\u00f1 K\u00f6niya \u015feerinden kelgen, tam\u0131r\u0131 qarasubazardan ol\u011fan Vaap Burunduq,\u00a0 rahmetli\u00a0 qartbabas\u0131n\u0131\u00f1 hat\u0131rlavlar\u0131nen\u00a0 payla\u015f\u0131p,\u00a0 tedbirde a\u00f1\u0131l\u011fan kedaylarn\u0131\u00f1\u00a0 ve\u00a0 ana tilimizni\u00f1 saqlanmas\u0131na h\u0131zmet etken ke\u00e7mi\u015flerimizni\u00f1 ruhlar\u0131na\u00a0 dua oqud\u0131 .<br><br>Tedbirni Q\u0131r\u0131mtatar \u0130.Gasprinskiy ad\u0131na kitaphaneni\u00f1 m\u00fcdir muavini Leyl\u00e2 Kad\u0131rova al\u0131p bar<\/p>\n\n\n\n<figure class=\"wp-block-gallery columns-3 is-cropped wp-block-gallery-1 is-layout-flex wp-block-gallery-is-layout-flex\"><ul class=\"blocks-gallery-grid\"><li class=\"blocks-gallery-item\"><figure><a href=\"http:\/\/qtmm.org\/wp-content\/uploads\/2022\/01\/5128b7c0a83be.jpeg\"><img loading=\"lazy\" decoding=\"async\" width=\"640\" height=\"480\" src=\"http:\/\/qtmm.org\/wp-content\/uploads\/2022\/01\/5128b7c0a83be.jpeg\" alt=\"\" data-id=\"35980\" data-full-url=\"http:\/\/qtmm.org\/wp-content\/uploads\/2022\/01\/5128b7c0a83be.jpeg\" data-link=\"http:\/\/qtmm.org\/qt\/?attachment_id=35980\" class=\"wp-image-35980\" srcset=\"https:\/\/qtmm.org\/wp-content\/uploads\/2022\/01\/5128b7c0a83be.jpeg 640w, https:\/\/qtmm.org\/wp-content\/uploads\/2022\/01\/5128b7c0a83be-300x225.jpeg 300w\" sizes=\"auto, (max-width: 640px) 100vw, 640px\" \/><\/a><\/figure><\/li><li class=\"blocks-gallery-item\"><figure><a href=\"http:\/\/qtmm.org\/wp-content\/uploads\/2022\/01\/5128b7c0bee87.jpeg\"><img loading=\"lazy\" decoding=\"async\" width=\"640\" height=\"480\" src=\"http:\/\/qtmm.org\/wp-content\/uploads\/2022\/01\/5128b7c0bee87.jpeg\" alt=\"\" data-id=\"35984\" data-full-url=\"http:\/\/qtmm.org\/wp-content\/uploads\/2022\/01\/5128b7c0bee87.jpeg\" data-link=\"http:\/\/qtmm.org\/qt\/?attachment_id=35984\" class=\"wp-image-35984\" srcset=\"https:\/\/qtmm.org\/wp-content\/uploads\/2022\/01\/5128b7c0bee87.jpeg 640w, https:\/\/qtmm.org\/wp-content\/uploads\/2022\/01\/5128b7c0bee87-300x225.jpeg 300w\" sizes=\"auto, (max-width: 640px) 100vw, 640px\" \/><\/a><\/figure><\/li><li class=\"blocks-gallery-item\"><figure><a href=\"http:\/\/qtmm.org\/wp-content\/uploads\/2022\/01\/5128b7c0d56dd.jpeg\"><img loading=\"lazy\" decoding=\"async\" width=\"640\" height=\"480\" src=\"http:\/\/qtmm.org\/wp-content\/uploads\/2022\/01\/5128b7c0d56dd.jpeg\" alt=\"\" data-id=\"35988\" data-full-url=\"http:\/\/qtmm.org\/wp-content\/uploads\/2022\/01\/5128b7c0d56dd.jpeg\" data-link=\"http:\/\/qtmm.org\/qt\/?attachment_id=35988\" class=\"wp-image-35988\" srcset=\"https:\/\/qtmm.org\/wp-content\/uploads\/2022\/01\/5128b7c0d56dd.jpeg 640w, https:\/\/qtmm.org\/wp-content\/uploads\/2022\/01\/5128b7c0d56dd-300x225.jpeg 300w\" sizes=\"auto, (max-width: 640px) 100vw, 640px\" \/><\/a><\/figure><\/li><li class=\"blocks-gallery-item\"><figure><a href=\"http:\/\/qtmm.org\/wp-content\/uploads\/2022\/01\/5128b7c0ebb6c.jpeg\"><img loading=\"lazy\" decoding=\"async\" width=\"640\" height=\"480\" src=\"http:\/\/qtmm.org\/wp-content\/uploads\/2022\/01\/5128b7c0ebb6c.jpeg\" alt=\"\" data-id=\"35992\" data-full-url=\"http:\/\/qtmm.org\/wp-content\/uploads\/2022\/01\/5128b7c0ebb6c.jpeg\" data-link=\"http:\/\/qtmm.org\/qt\/?attachment_id=35992\" class=\"wp-image-35992\" srcset=\"https:\/\/qtmm.org\/wp-content\/uploads\/2022\/01\/5128b7c0ebb6c.jpeg 640w, https:\/\/qtmm.org\/wp-content\/uploads\/2022\/01\/5128b7c0ebb6c-300x225.jpeg 300w\" sizes=\"auto, (max-width: 640px) 100vw, 640px\" \/><\/a><\/figure><\/li><li class=\"blocks-gallery-item\"><figure><a href=\"http:\/\/qtmm.org\/wp-content\/uploads\/2022\/01\/5128b7c04e026.jpeg\"><img loading=\"lazy\" decoding=\"async\" width=\"640\" height=\"480\" src=\"http:\/\/qtmm.org\/wp-content\/uploads\/2022\/01\/5128b7c04e026.jpeg\" alt=\"\" data-id=\"35996\" data-full-url=\"http:\/\/qtmm.org\/wp-content\/uploads\/2022\/01\/5128b7c04e026.jpeg\" data-link=\"http:\/\/qtmm.org\/qt\/?attachment_id=35996\" class=\"wp-image-35996\" srcset=\"https:\/\/qtmm.org\/wp-content\/uploads\/2022\/01\/5128b7c04e026.jpeg 640w, https:\/\/qtmm.org\/wp-content\/uploads\/2022\/01\/5128b7c04e026-300x225.jpeg 300w\" sizes=\"auto, (max-width: 640px) 100vw, 640px\" \/><\/a><\/figure><\/li><li class=\"blocks-gallery-item\"><figure><a href=\"http:\/\/qtmm.org\/wp-content\/uploads\/2022\/01\/5128b7c07b162.jpeg\"><img loading=\"lazy\" decoding=\"async\" width=\"640\" height=\"480\" src=\"http:\/\/qtmm.org\/wp-content\/uploads\/2022\/01\/5128b7c07b162.jpeg\" alt=\"\" data-id=\"36000\" data-full-url=\"http:\/\/qtmm.org\/wp-content\/uploads\/2022\/01\/5128b7c07b162.jpeg\" data-link=\"http:\/\/qtmm.org\/qt\/?attachment_id=36000\" class=\"wp-image-36000\" srcset=\"https:\/\/qtmm.org\/wp-content\/uploads\/2022\/01\/5128b7c07b162.jpeg 640w, https:\/\/qtmm.org\/wp-content\/uploads\/2022\/01\/5128b7c07b162-300x225.jpeg 300w\" sizes=\"auto, (max-width: 640px) 100vw, 640px\" \/><\/a><\/figure><\/li><li class=\"blocks-gallery-item\"><figure><a href=\"http:\/\/qtmm.org\/wp-content\/uploads\/2022\/01\/5128b7c10daac.jpeg\"><img loading=\"lazy\" decoding=\"async\" width=\"640\" height=\"480\" src=\"http:\/\/qtmm.org\/wp-content\/uploads\/2022\/01\/5128b7c10daac.jpeg\" alt=\"\" data-id=\"36004\" data-full-url=\"http:\/\/qtmm.org\/wp-content\/uploads\/2022\/01\/5128b7c10daac.jpeg\" data-link=\"http:\/\/qtmm.org\/qt\/?attachment_id=36004\" class=\"wp-image-36004\" srcset=\"https:\/\/qtmm.org\/wp-content\/uploads\/2022\/01\/5128b7c10daac.jpeg 640w, https:\/\/qtmm.org\/wp-content\/uploads\/2022\/01\/5128b7c10daac-300x225.jpeg 300w\" sizes=\"auto, (max-width: 640px) 100vw, 640px\" \/><\/a><\/figure><\/li><li class=\"blocks-gallery-item\"><figure><a href=\"http:\/\/qtmm.org\/wp-content\/uploads\/2022\/01\/5128b7c13a764.jpeg\"><img loading=\"lazy\" decoding=\"async\" width=\"640\" height=\"480\" src=\"http:\/\/qtmm.org\/wp-content\/uploads\/2022\/01\/5128b7c13a764.jpeg\" alt=\"\" data-id=\"36008\" data-full-url=\"http:\/\/qtmm.org\/wp-content\/uploads\/2022\/01\/5128b7c13a764.jpeg\" data-link=\"http:\/\/qtmm.org\/qt\/?attachment_id=36008\" class=\"wp-image-36008\" srcset=\"https:\/\/qtmm.org\/wp-content\/uploads\/2022\/01\/5128b7c13a764.jpeg 640w, https:\/\/qtmm.org\/wp-content\/uploads\/2022\/01\/5128b7c13a764-300x225.jpeg 300w\" sizes=\"auto, (max-width: 640px) 100vw, 640px\" \/><\/a><\/figure><\/li><li class=\"blocks-gallery-item\"><figure><a href=\"http:\/\/qtmm.org\/wp-content\/uploads\/2022\/01\/5128b7c17e104.jpeg\"><img loading=\"lazy\" decoding=\"async\" width=\"640\" height=\"480\" src=\"http:\/\/qtmm.org\/wp-content\/uploads\/2022\/01\/5128b7c17e104.jpeg\" alt=\"\" data-id=\"36012\" data-full-url=\"http:\/\/qtmm.org\/wp-content\/uploads\/2022\/01\/5128b7c17e104.jpeg\" data-link=\"http:\/\/qtmm.org\/qt\/?attachment_id=36012\" class=\"wp-image-36012\" srcset=\"https:\/\/qtmm.org\/wp-content\/uploads\/2022\/01\/5128b7c17e104.jpeg 640w, https:\/\/qtmm.org\/wp-content\/uploads\/2022\/01\/5128b7c17e104-300x225.jpeg 300w\" sizes=\"auto, (max-width: 640px) 100vw, 640px\" \/><\/a><\/figure><\/li><li class=\"blocks-gallery-item\"><figure><a href=\"http:\/\/qtmm.org\/wp-content\/uploads\/2022\/01\/5128b7c037ada.jpeg\"><img loading=\"lazy\" decoding=\"async\" width=\"640\" height=\"480\" src=\"http:\/\/qtmm.org\/wp-content\/uploads\/2022\/01\/5128b7c037ada.jpeg\" alt=\"\" data-id=\"36016\" data-full-url=\"http:\/\/qtmm.org\/wp-content\/uploads\/2022\/01\/5128b7c037ada.jpeg\" data-link=\"http:\/\/qtmm.org\/qt\/?attachment_id=36016\" class=\"wp-image-36016\" srcset=\"https:\/\/qtmm.org\/wp-content\/uploads\/2022\/01\/5128b7c037ada.jpeg 640w, https:\/\/qtmm.org\/wp-content\/uploads\/2022\/01\/5128b7c037ada-300x225.jpeg 300w\" sizes=\"auto, (max-width: 640px) 100vw, 640px\" \/><\/a><\/figure><\/li><li class=\"blocks-gallery-item\"><figure><a href=\"http:\/\/qtmm.org\/wp-content\/uploads\/2022\/01\/5128b7c091dc5.jpeg\"><img loading=\"lazy\" decoding=\"async\" width=\"640\" height=\"480\" src=\"http:\/\/qtmm.org\/wp-content\/uploads\/2022\/01\/5128b7c091dc5.jpeg\" alt=\"\" data-id=\"36020\" data-full-url=\"http:\/\/qtmm.org\/wp-content\/uploads\/2022\/01\/5128b7c091dc5.jpeg\" data-link=\"http:\/\/qtmm.org\/qt\/?attachment_id=36020\" class=\"wp-image-36020\" srcset=\"https:\/\/qtmm.org\/wp-content\/uploads\/2022\/01\/5128b7c091dc5.jpeg 640w, https:\/\/qtmm.org\/wp-content\/uploads\/2022\/01\/5128b7c091dc5-300x225.jpeg 300w\" sizes=\"auto, (max-width: 640px) 100vw, 640px\" \/><\/a><\/figure><\/li><li class=\"blocks-gallery-item\"><figure><a href=\"http:\/\/qtmm.org\/wp-content\/uploads\/2022\/01\/5128b7c123fed.jpeg\"><img loading=\"lazy\" decoding=\"async\" width=\"640\" height=\"480\" src=\"http:\/\/qtmm.org\/wp-content\/uploads\/2022\/01\/5128b7c123fed.jpeg\" alt=\"\" data-id=\"36024\" data-full-url=\"http:\/\/qtmm.org\/wp-content\/uploads\/2022\/01\/5128b7c123fed.jpeg\" data-link=\"http:\/\/qtmm.org\/qt\/?attachment_id=36024\" class=\"wp-image-36024\" srcset=\"https:\/\/qtmm.org\/wp-content\/uploads\/2022\/01\/5128b7c123fed.jpeg 640w, https:\/\/qtmm.org\/wp-content\/uploads\/2022\/01\/5128b7c123fed-300x225.jpeg 300w\" sizes=\"auto, (max-width: 640px) 100vw, 640px\" \/><\/a><\/figure><\/li><li class=\"blocks-gallery-item\"><figure><a href=\"http:\/\/qtmm.org\/wp-content\/uploads\/2022\/01\/5128b7c0642f1.jpeg\"><img loading=\"lazy\" decoding=\"async\" width=\"640\" height=\"480\" src=\"http:\/\/qtmm.org\/wp-content\/uploads\/2022\/01\/5128b7c0642f1.jpeg\" alt=\"\" data-id=\"36028\" data-full-url=\"http:\/\/qtmm.org\/wp-content\/uploads\/2022\/01\/5128b7c0642f1.jpeg\" data-link=\"http:\/\/qtmm.org\/qt\/?attachment_id=36028\" class=\"wp-image-36028\" srcset=\"https:\/\/qtmm.org\/wp-content\/uploads\/2022\/01\/5128b7c0642f1.jpeg 640w, https:\/\/qtmm.org\/wp-content\/uploads\/2022\/01\/5128b7c0642f1-300x225.jpeg 300w\" sizes=\"auto, (max-width: 640px) 100vw, 640px\" \/><\/a><\/figure><\/li><li class=\"blocks-gallery-item\"><figure><a href=\"http:\/\/qtmm.org\/wp-content\/uploads\/2022\/01\/5128b7c1510d2.jpeg\"><img loading=\"lazy\" decoding=\"async\" width=\"640\" height=\"480\" src=\"http:\/\/qtmm.org\/wp-content\/uploads\/2022\/01\/5128b7c1510d2.jpeg\" alt=\"\" data-id=\"36032\" data-full-url=\"http:\/\/qtmm.org\/wp-content\/uploads\/2022\/01\/5128b7c1510d2.jpeg\" data-link=\"http:\/\/qtmm.org\/qt\/?attachment_id=36032\" class=\"wp-image-36032\" srcset=\"https:\/\/qtmm.org\/wp-content\/uploads\/2022\/01\/5128b7c1510d2.jpeg 640w, https:\/\/qtmm.org\/wp-content\/uploads\/2022\/01\/5128b7c1510d2-300x225.jpeg 300w\" sizes=\"auto, (max-width: 640px) 100vw, 640px\" \/><\/a><\/figure><\/li><li class=\"blocks-gallery-item\"><figure><a href=\"http:\/\/qtmm.org\/wp-content\/uploads\/2022\/01\/5128b7c167897.jpeg\"><img loading=\"lazy\" decoding=\"async\" width=\"640\" height=\"480\" src=\"http:\/\/qtmm.org\/wp-content\/uploads\/2022\/01\/5128b7c167897.jpeg\" alt=\"\" data-id=\"36036\" data-full-url=\"http:\/\/qtmm.org\/wp-content\/uploads\/2022\/01\/5128b7c167897.jpeg\" data-link=\"http:\/\/qtmm.org\/qt\/?attachment_id=36036\" class=\"wp-image-36036\" srcset=\"https:\/\/qtmm.org\/wp-content\/uploads\/2022\/01\/5128b7c167897.jpeg 640w, https:\/\/qtmm.org\/wp-content\/uploads\/2022\/01\/5128b7c167897-300x225.jpeg 300w\" sizes=\"auto, (max-width: 640px) 100vw, 640px\" \/><\/a><\/figure><\/li><\/ul><\/figure>\n","protected":false},"excerpt":{"rendered":"<p>2000 seneden ba\u015flap d\u00fcnyada &#8220;Halqara ana tili k\u00fcn\u00fc&#8221; qayd etile. Bug\u00fcn \u0130.Gasprinskiy ad\u0131na milliy kitaphanede bu k\u00fcnge ba\u011f\u0131\u015flan\u011fan&nbsp; &#8220;Q\u0131r\u0131mtatar tilini saqlap qaluvda kedaylarn\u0131\u00f1 emiyeti&#8221;&nbsp; mevzuda&nbsp; tedbir ke\u00e7irildi. Tedbir Milliy Meclis qabul etken &#8220;Ana tili o\u011frunda k\u00fcre\u015f&#8221; programmas\u0131 \u00e7er\u00e7ivesinde &#8220;Maarif\u00e7i&#8221; birle\u015fmesi, Q\u0131r\u0131mtatar yaz\u0131c\u0131lar\u0131 birligi ve \u0130.Gasprinskiy ad\u0131na&nbsp; q\u0131r\u0131mtatar kitaphanesini\u00f1&nbsp; i\u015fbirliginde&nbsp; te\u015fkil etildi. Yedi&nbsp; y\u0131l devam\u0131nda&nbsp; fevralni\u00f1 [&hellip;]<\/p>\n","protected":false},"author":1,"featured_media":36012,"comment_status":"open","ping_status":"open","sticky":false,"template":"","format":"standard","meta":{"inline_featured_image":false,"footnotes":""},"categories":[265],"tags":[],"class_list":["post-35979","post","type-post","status-publish","format-standard","has-post-thumbnail","hentry","category-haberler"],"acf":[],"yoast_head":"<!-- This site is optimized with the Yoast SEO plugin v27.4 - https:\/\/yoast.com\/product\/yoast-seo-wordpress\/ -->\n<title>Fevral 21 \u2013 Ana Tili K\u00fcn\u00fc - \u041c\u0435\u0434\u0436\u043b\u0456\u0441<\/title>\n<meta name=\"robots\" content=\"index, follow, max-snippet:-1, max-image-preview:large, max-video-preview:-1\" \/>\n<link rel=\"canonical\" href=\"https:\/\/qtmm.org\/qt\/fevral-21-ana-tili-kunu\/\" \/>\n<meta property=\"og:locale\" content=\"en_US\" \/>\n<meta property=\"og:type\" content=\"article\" \/>\n<meta property=\"og:title\" content=\"Fevral 21 \u2013 Ana Tili K\u00fcn\u00fc - \u041c\u0435\u0434\u0436\u043b\u0456\u0441\" \/>\n<meta property=\"og:description\" content=\"2000 seneden ba\u015flap d\u00fcnyada &#8220;Halqara ana tili k\u00fcn\u00fc&#8221; qayd etile. Bug\u00fcn \u0130.Gasprinskiy ad\u0131na milliy kitaphanede bu k\u00fcnge ba\u011f\u0131\u015flan\u011fan&nbsp; &#8220;Q\u0131r\u0131mtatar tilini saqlap qaluvda kedaylarn\u0131\u00f1 emiyeti&#8221;&nbsp; mevzuda&nbsp; tedbir ke\u00e7irildi. Tedbir Milliy Meclis qabul etken &#8220;Ana tili o\u011frunda k\u00fcre\u015f&#8221; programmas\u0131 \u00e7er\u00e7ivesinde &#8220;Maarif\u00e7i&#8221; birle\u015fmesi, Q\u0131r\u0131mtatar yaz\u0131c\u0131lar\u0131 birligi ve \u0130.Gasprinskiy ad\u0131na&nbsp; q\u0131r\u0131mtatar kitaphanesini\u00f1&nbsp; i\u015fbirliginde&nbsp; te\u015fkil etildi. Yedi&nbsp; y\u0131l devam\u0131nda&nbsp; fevralni\u00f1 [&hellip;]\" \/>\n<meta property=\"og:url\" content=\"https:\/\/qtmm.org\/qt\/fevral-21-ana-tili-kunu\/\" \/>\n<meta property=\"og:site_name\" content=\"\u041c\u0435\u0434\u0436\u043b\u0456\u0441\" \/>\n<meta property=\"article:publisher\" content=\"https:\/\/www.facebook.com\/qtmm.info\/\" \/>\n<meta property=\"article:published_time\" content=\"2013-02-21T14:12:00+00:00\" \/>\n<meta property=\"article:modified_time\" content=\"2022-01-23T14:14:55+00:00\" \/>\n<meta property=\"og:image\" content=\"https:\/\/qtmm.org\/wp-content\/uploads\/2022\/01\/5128b7c17e104.jpeg\" \/>\n\t<meta property=\"og:image:width\" content=\"640\" \/>\n\t<meta property=\"og:image:height\" content=\"480\" \/>\n\t<meta property=\"og:image:type\" content=\"image\/jpeg\" \/>\n<meta name=\"author\" content=\"Developer\" \/>\n<meta name=\"twitter:card\" content=\"summary_large_image\" \/>\n<meta name=\"twitter:label1\" content=\"Written by\" \/>\n\t<meta name=\"twitter:data1\" content=\"Developer\" \/>\n\t<meta name=\"twitter:label2\" content=\"Est. reading time\" \/>\n\t<meta name=\"twitter:data2\" content=\"3 minutes\" \/>\n<script type=\"application\/ld+json\" class=\"yoast-schema-graph\">{\"@context\":\"https:\\\/\\\/schema.org\",\"@graph\":[{\"@type\":\"Article\",\"@id\":\"https:\\\/\\\/qtmm.org\\\/qt\\\/fevral-21-ana-tili-kunu\\\/#article\",\"isPartOf\":{\"@id\":\"https:\\\/\\\/qtmm.org\\\/qt\\\/fevral-21-ana-tili-kunu\\\/\"},\"author\":{\"name\":\"Developer\",\"@id\":\"https:\\\/\\\/qtmm.org\\\/qt\\\/#\\\/schema\\\/person\\\/de562469f971dec226ac06e60bbf74a7\"},\"headline\":\"Fevral 21 \u2013 Ana Tili K\u00fcn\u00fc\",\"datePublished\":\"2013-02-21T14:12:00+00:00\",\"dateModified\":\"2022-01-23T14:14:55+00:00\",\"mainEntityOfPage\":{\"@id\":\"https:\\\/\\\/qtmm.org\\\/qt\\\/fevral-21-ana-tili-kunu\\\/\"},\"wordCount\":569,\"commentCount\":0,\"publisher\":{\"@id\":\"https:\\\/\\\/qtmm.org\\\/qt\\\/#organization\"},\"image\":{\"@id\":\"https:\\\/\\\/qtmm.org\\\/qt\\\/fevral-21-ana-tili-kunu\\\/#primaryimage\"},\"thumbnailUrl\":\"https:\\\/\\\/qtmm.org\\\/wp-content\\\/uploads\\\/2022\\\/01\\\/5128b7c17e104.jpeg\",\"articleSection\":[\"Haberler\"],\"inLanguage\":\"qt\",\"potentialAction\":[{\"@type\":\"CommentAction\",\"name\":\"Comment\",\"target\":[\"https:\\\/\\\/qtmm.org\\\/qt\\\/fevral-21-ana-tili-kunu\\\/#respond\"]}]},{\"@type\":\"WebPage\",\"@id\":\"https:\\\/\\\/qtmm.org\\\/qt\\\/fevral-21-ana-tili-kunu\\\/\",\"url\":\"https:\\\/\\\/qtmm.org\\\/qt\\\/fevral-21-ana-tili-kunu\\\/\",\"name\":\"Fevral 21 \u2013 Ana Tili K\u00fcn\u00fc - \u041c\u0435\u0434\u0436\u043b\u0456\u0441\",\"isPartOf\":{\"@id\":\"https:\\\/\\\/qtmm.org\\\/qt\\\/#website\"},\"primaryImageOfPage\":{\"@id\":\"https:\\\/\\\/qtmm.org\\\/qt\\\/fevral-21-ana-tili-kunu\\\/#primaryimage\"},\"image\":{\"@id\":\"https:\\\/\\\/qtmm.org\\\/qt\\\/fevral-21-ana-tili-kunu\\\/#primaryimage\"},\"thumbnailUrl\":\"https:\\\/\\\/qtmm.org\\\/wp-content\\\/uploads\\\/2022\\\/01\\\/5128b7c17e104.jpeg\",\"datePublished\":\"2013-02-21T14:12:00+00:00\",\"dateModified\":\"2022-01-23T14:14:55+00:00\",\"breadcrumb\":{\"@id\":\"https:\\\/\\\/qtmm.org\\\/qt\\\/fevral-21-ana-tili-kunu\\\/#breadcrumb\"},\"inLanguage\":\"qt\",\"potentialAction\":[{\"@type\":\"ReadAction\",\"target\":[\"https:\\\/\\\/qtmm.org\\\/qt\\\/fevral-21-ana-tili-kunu\\\/\"]}]},{\"@type\":\"ImageObject\",\"inLanguage\":\"qt\",\"@id\":\"https:\\\/\\\/qtmm.org\\\/qt\\\/fevral-21-ana-tili-kunu\\\/#primaryimage\",\"url\":\"https:\\\/\\\/qtmm.org\\\/wp-content\\\/uploads\\\/2022\\\/01\\\/5128b7c17e104.jpeg\",\"contentUrl\":\"https:\\\/\\\/qtmm.org\\\/wp-content\\\/uploads\\\/2022\\\/01\\\/5128b7c17e104.jpeg\",\"width\":640,\"height\":480},{\"@type\":\"BreadcrumbList\",\"@id\":\"https:\\\/\\\/qtmm.org\\\/qt\\\/fevral-21-ana-tili-kunu\\\/#breadcrumb\",\"itemListElement\":[{\"@type\":\"ListItem\",\"position\":1,\"name\":\"\u0413\u043e\u043b\u043e\u0432\u043d\u0430\",\"item\":\"https:\\\/\\\/qtmm.org\\\/qt\\\/\"},{\"@type\":\"ListItem\",\"position\":2,\"name\":\"Fevral 21 \u2013 Ana Tili K\u00fcn\u00fc\"}]},{\"@type\":\"WebSite\",\"@id\":\"https:\\\/\\\/qtmm.org\\\/qt\\\/#website\",\"url\":\"https:\\\/\\\/qtmm.org\\\/qt\\\/\",\"name\":\"\u041c\u0435\u0434\u0436\u043b\u0456\u0441\",\"description\":\"\",\"publisher\":{\"@id\":\"https:\\\/\\\/qtmm.org\\\/qt\\\/#organization\"},\"potentialAction\":[{\"@type\":\"SearchAction\",\"target\":{\"@type\":\"EntryPoint\",\"urlTemplate\":\"https:\\\/\\\/qtmm.org\\\/qt\\\/?s={search_term_string}\"},\"query-input\":{\"@type\":\"PropertyValueSpecification\",\"valueRequired\":true,\"valueName\":\"search_term_string\"}}],\"inLanguage\":\"qt\"},{\"@type\":\"Organization\",\"@id\":\"https:\\\/\\\/qtmm.org\\\/qt\\\/#organization\",\"name\":\"\u041c\u0435\u0434\u0436\u043b\u0456\u0441\",\"url\":\"https:\\\/\\\/qtmm.org\\\/qt\\\/\",\"logo\":{\"@type\":\"ImageObject\",\"inLanguage\":\"qt\",\"@id\":\"https:\\\/\\\/qtmm.org\\\/qt\\\/#\\\/schema\\\/logo\\\/image\\\/\",\"url\":\"https:\\\/\\\/qtmm.org\\\/wp-content\\\/uploads\\\/2024\\\/12\\\/ua-mejlis-logo-rgb.svg\",\"contentUrl\":\"https:\\\/\\\/qtmm.org\\\/wp-content\\\/uploads\\\/2024\\\/12\\\/ua-mejlis-logo-rgb.svg\",\"caption\":\"\u041c\u0435\u0434\u0436\u043b\u0456\u0441\"},\"image\":{\"@id\":\"https:\\\/\\\/qtmm.org\\\/qt\\\/#\\\/schema\\\/logo\\\/image\\\/\"},\"sameAs\":[\"https:\\\/\\\/www.facebook.com\\\/qtmm.info\\\/\"]},{\"@type\":\"Person\",\"@id\":\"https:\\\/\\\/qtmm.org\\\/qt\\\/#\\\/schema\\\/person\\\/de562469f971dec226ac06e60bbf74a7\",\"name\":\"Developer\",\"image\":{\"@type\":\"ImageObject\",\"inLanguage\":\"qt\",\"@id\":\"https:\\\/\\\/secure.gravatar.com\\\/avatar\\\/392b4cc8fbfeb00b39dfeeab4ee6edded39ffd48e25858637e4765810300227e?s=96&d=mm&r=g\",\"url\":\"https:\\\/\\\/secure.gravatar.com\\\/avatar\\\/392b4cc8fbfeb00b39dfeeab4ee6edded39ffd48e25858637e4765810300227e?s=96&d=mm&r=g\",\"contentUrl\":\"https:\\\/\\\/secure.gravatar.com\\\/avatar\\\/392b4cc8fbfeb00b39dfeeab4ee6edded39ffd48e25858637e4765810300227e?s=96&d=mm&r=g\",\"caption\":\"Developer\"},\"url\":\"https:\\\/\\\/qtmm.org\\\/qt\\\/author\\\/Developer\\\/\"}]}<\/script>\n<!-- \/ Yoast SEO plugin. -->","yoast_head_json":{"title":"Fevral 21 \u2013 Ana Tili K\u00fcn\u00fc - \u041c\u0435\u0434\u0436\u043b\u0456\u0441","robots":{"index":"index","follow":"follow","max-snippet":"max-snippet:-1","max-image-preview":"max-image-preview:large","max-video-preview":"max-video-preview:-1"},"canonical":"https:\/\/qtmm.org\/qt\/fevral-21-ana-tili-kunu\/","og_locale":"en_US","og_type":"article","og_title":"Fevral 21 \u2013 Ana Tili K\u00fcn\u00fc - \u041c\u0435\u0434\u0436\u043b\u0456\u0441","og_description":"2000 seneden ba\u015flap d\u00fcnyada &#8220;Halqara ana tili k\u00fcn\u00fc&#8221; qayd etile. Bug\u00fcn \u0130.Gasprinskiy ad\u0131na milliy kitaphanede bu k\u00fcnge ba\u011f\u0131\u015flan\u011fan&nbsp; &#8220;Q\u0131r\u0131mtatar tilini saqlap qaluvda kedaylarn\u0131\u00f1 emiyeti&#8221;&nbsp; mevzuda&nbsp; tedbir ke\u00e7irildi. Tedbir Milliy Meclis qabul etken &#8220;Ana tili o\u011frunda k\u00fcre\u015f&#8221; programmas\u0131 \u00e7er\u00e7ivesinde &#8220;Maarif\u00e7i&#8221; birle\u015fmesi, Q\u0131r\u0131mtatar yaz\u0131c\u0131lar\u0131 birligi ve \u0130.Gasprinskiy ad\u0131na&nbsp; q\u0131r\u0131mtatar kitaphanesini\u00f1&nbsp; i\u015fbirliginde&nbsp; te\u015fkil etildi. Yedi&nbsp; y\u0131l devam\u0131nda&nbsp; fevralni\u00f1 [&hellip;]","og_url":"https:\/\/qtmm.org\/qt\/fevral-21-ana-tili-kunu\/","og_site_name":"\u041c\u0435\u0434\u0436\u043b\u0456\u0441","article_publisher":"https:\/\/www.facebook.com\/qtmm.info\/","article_published_time":"2013-02-21T14:12:00+00:00","article_modified_time":"2022-01-23T14:14:55+00:00","og_image":[{"width":640,"height":480,"url":"https:\/\/qtmm.org\/wp-content\/uploads\/2022\/01\/5128b7c17e104.jpeg","type":"image\/jpeg"}],"author":"Developer","twitter_card":"summary_large_image","twitter_misc":{"Written by":"Developer","Est. reading time":"3 minutes"},"schema":{"@context":"https:\/\/schema.org","@graph":[{"@type":"Article","@id":"https:\/\/qtmm.org\/qt\/fevral-21-ana-tili-kunu\/#article","isPartOf":{"@id":"https:\/\/qtmm.org\/qt\/fevral-21-ana-tili-kunu\/"},"author":{"name":"Developer","@id":"https:\/\/qtmm.org\/qt\/#\/schema\/person\/de562469f971dec226ac06e60bbf74a7"},"headline":"Fevral 21 \u2013 Ana Tili K\u00fcn\u00fc","datePublished":"2013-02-21T14:12:00+00:00","dateModified":"2022-01-23T14:14:55+00:00","mainEntityOfPage":{"@id":"https:\/\/qtmm.org\/qt\/fevral-21-ana-tili-kunu\/"},"wordCount":569,"commentCount":0,"publisher":{"@id":"https:\/\/qtmm.org\/qt\/#organization"},"image":{"@id":"https:\/\/qtmm.org\/qt\/fevral-21-ana-tili-kunu\/#primaryimage"},"thumbnailUrl":"https:\/\/qtmm.org\/wp-content\/uploads\/2022\/01\/5128b7c17e104.jpeg","articleSection":["Haberler"],"inLanguage":"qt","potentialAction":[{"@type":"CommentAction","name":"Comment","target":["https:\/\/qtmm.org\/qt\/fevral-21-ana-tili-kunu\/#respond"]}]},{"@type":"WebPage","@id":"https:\/\/qtmm.org\/qt\/fevral-21-ana-tili-kunu\/","url":"https:\/\/qtmm.org\/qt\/fevral-21-ana-tili-kunu\/","name":"Fevral 21 \u2013 Ana Tili K\u00fcn\u00fc - \u041c\u0435\u0434\u0436\u043b\u0456\u0441","isPartOf":{"@id":"https:\/\/qtmm.org\/qt\/#website"},"primaryImageOfPage":{"@id":"https:\/\/qtmm.org\/qt\/fevral-21-ana-tili-kunu\/#primaryimage"},"image":{"@id":"https:\/\/qtmm.org\/qt\/fevral-21-ana-tili-kunu\/#primaryimage"},"thumbnailUrl":"https:\/\/qtmm.org\/wp-content\/uploads\/2022\/01\/5128b7c17e104.jpeg","datePublished":"2013-02-21T14:12:00+00:00","dateModified":"2022-01-23T14:14:55+00:00","breadcrumb":{"@id":"https:\/\/qtmm.org\/qt\/fevral-21-ana-tili-kunu\/#breadcrumb"},"inLanguage":"qt","potentialAction":[{"@type":"ReadAction","target":["https:\/\/qtmm.org\/qt\/fevral-21-ana-tili-kunu\/"]}]},{"@type":"ImageObject","inLanguage":"qt","@id":"https:\/\/qtmm.org\/qt\/fevral-21-ana-tili-kunu\/#primaryimage","url":"https:\/\/qtmm.org\/wp-content\/uploads\/2022\/01\/5128b7c17e104.jpeg","contentUrl":"https:\/\/qtmm.org\/wp-content\/uploads\/2022\/01\/5128b7c17e104.jpeg","width":640,"height":480},{"@type":"BreadcrumbList","@id":"https:\/\/qtmm.org\/qt\/fevral-21-ana-tili-kunu\/#breadcrumb","itemListElement":[{"@type":"ListItem","position":1,"name":"\u0413\u043e\u043b\u043e\u0432\u043d\u0430","item":"https:\/\/qtmm.org\/qt\/"},{"@type":"ListItem","position":2,"name":"Fevral 21 \u2013 Ana Tili K\u00fcn\u00fc"}]},{"@type":"WebSite","@id":"https:\/\/qtmm.org\/qt\/#website","url":"https:\/\/qtmm.org\/qt\/","name":"\u041c\u0435\u0434\u0436\u043b\u0456\u0441","description":"","publisher":{"@id":"https:\/\/qtmm.org\/qt\/#organization"},"potentialAction":[{"@type":"SearchAction","target":{"@type":"EntryPoint","urlTemplate":"https:\/\/qtmm.org\/qt\/?s={search_term_string}"},"query-input":{"@type":"PropertyValueSpecification","valueRequired":true,"valueName":"search_term_string"}}],"inLanguage":"qt"},{"@type":"Organization","@id":"https:\/\/qtmm.org\/qt\/#organization","name":"\u041c\u0435\u0434\u0436\u043b\u0456\u0441","url":"https:\/\/qtmm.org\/qt\/","logo":{"@type":"ImageObject","inLanguage":"qt","@id":"https:\/\/qtmm.org\/qt\/#\/schema\/logo\/image\/","url":"https:\/\/qtmm.org\/wp-content\/uploads\/2024\/12\/ua-mejlis-logo-rgb.svg","contentUrl":"https:\/\/qtmm.org\/wp-content\/uploads\/2024\/12\/ua-mejlis-logo-rgb.svg","caption":"\u041c\u0435\u0434\u0436\u043b\u0456\u0441"},"image":{"@id":"https:\/\/qtmm.org\/qt\/#\/schema\/logo\/image\/"},"sameAs":["https:\/\/www.facebook.com\/qtmm.info\/"]},{"@type":"Person","@id":"https:\/\/qtmm.org\/qt\/#\/schema\/person\/de562469f971dec226ac06e60bbf74a7","name":"Developer","image":{"@type":"ImageObject","inLanguage":"qt","@id":"https:\/\/secure.gravatar.com\/avatar\/392b4cc8fbfeb00b39dfeeab4ee6edded39ffd48e25858637e4765810300227e?s=96&d=mm&r=g","url":"https:\/\/secure.gravatar.com\/avatar\/392b4cc8fbfeb00b39dfeeab4ee6edded39ffd48e25858637e4765810300227e?s=96&d=mm&r=g","contentUrl":"https:\/\/secure.gravatar.com\/avatar\/392b4cc8fbfeb00b39dfeeab4ee6edded39ffd48e25858637e4765810300227e?s=96&d=mm&r=g","caption":"Developer"},"url":"https:\/\/qtmm.org\/qt\/author\/Developer\/"}]}},"_links":{"self":[{"href":"https:\/\/qtmm.org\/qt\/wp-json\/wp\/v2\/posts\/35979","targetHints":{"allow":["GET"]}}],"collection":[{"href":"https:\/\/qtmm.org\/qt\/wp-json\/wp\/v2\/posts"}],"about":[{"href":"https:\/\/qtmm.org\/qt\/wp-json\/wp\/v2\/types\/post"}],"author":[{"embeddable":true,"href":"https:\/\/qtmm.org\/qt\/wp-json\/wp\/v2\/users\/1"}],"replies":[{"embeddable":true,"href":"https:\/\/qtmm.org\/qt\/wp-json\/wp\/v2\/comments?post=35979"}],"version-history":[{"count":1,"href":"https:\/\/qtmm.org\/qt\/wp-json\/wp\/v2\/posts\/35979\/revisions"}],"predecessor-version":[{"id":36040,"href":"https:\/\/qtmm.org\/qt\/wp-json\/wp\/v2\/posts\/35979\/revisions\/36040"}],"wp:featuredmedia":[{"embeddable":true,"href":"https:\/\/qtmm.org\/qt\/wp-json\/wp\/v2\/media\/36012"}],"wp:attachment":[{"href":"https:\/\/qtmm.org\/qt\/wp-json\/wp\/v2\/media?parent=35979"}],"wp:term":[{"taxonomy":"category","embeddable":true,"href":"https:\/\/qtmm.org\/qt\/wp-json\/wp\/v2\/categories?post=35979"},{"taxonomy":"post_tag","embeddable":true,"href":"https:\/\/qtmm.org\/qt\/wp-json\/wp\/v2\/tags?post=35979"}],"curies":[{"name":"wp","href":"https:\/\/api.w.org\/{rel}","templated":true}]}}