




{"id":35969,"date":"2013-02-21T17:11:00","date_gmt":"2013-02-21T14:11:00","guid":{"rendered":"http:\/\/qtmm.org\/?p=35969"},"modified":"2022-01-23T17:12:32","modified_gmt":"2022-01-23T14:12:32","slug":"yaslar-surasi-teskilati-qurultay-delegatlarini-saylavda-istirak-etecek","status":"publish","type":"post","link":"https:\/\/qtmm.org\/qt\/yaslar-surasi-teskilati-qurultay-delegatlarini-saylavda-istirak-etecek\/","title":{"rendered":"\u00abYa\u015flar \u015euras\u0131\u00bb te\u015fkil\u00e2t\u0131 Qurultay delegatlar\u0131n\u0131 saylavda i\u015ftirak etecek"},"content":{"rendered":"\n<p>&#8220;Ya\u015flar \u015euras\u0131&#8221; gen\u00e7ler te\u015fkil\u00e2t\u0131n\u0131\u00f1 nevbetteki topla\u015fuv\u0131nda on\u0131\u00f1 Q\u0131r\u0131mtatar halq\u0131 VI \u00e7a\u011f\u0131r\u0131l\u0131\u015f Qurultay\u0131na delegatlarn\u0131 saylavda i\u015ftirak etmek qarar\u0131 al\u0131nd\u0131<br>&#8220;Te\u015fkil\u00e2t mustaqil y\u00f6neli\u015fte faaliyet k\u00f6stererek, er angi birle\u015fme ve bloklarda i\u015ftirak etmekten vazge\u00e7ti, saylavald\u0131 kampaniyas\u0131n\u0131 ke\u00e7ir\u00fcvde maddiy atal\u0131q yapmaq tekliflerini red etti ve gen\u00e7lerni temsil etken yek\u00e2ne mustaqil k\u00fc\u00e7 olaraq \u00e7\u0131qmaqta&#8221;, &#8211; dep qayd eteler &#8220;Ya\u015flar \u015euras\u0131&#8221;n\u0131\u00f1 azalar\u0131.<\/p>\n\n\n\n<p>\u00c7oqmandatl\u0131 saylav dairesinden k\u00f6sterilecek namzetler cedvelini\u00f1 birinci be\u015f s\u0131ras\u0131nda:<\/p>\n\n\n\n<ul class=\"wp-block-list\"><li>&#8220;Ya\u015flar \u015euras\u0131&#8221; te\u015fkil\u00e2t\u0131 Tefti\u015f komissiyas\u0131n\u0131\u00f1 azas\u0131, adliyeci&nbsp;<strong>Dil\u00e2ver Akiyev<\/strong>,<\/li><li>te\u015fkil\u00e2tn\u0131\u00f1 idare azas\u0131, ekim&nbsp;<strong>Asan \u00c7aruhov<\/strong>,<\/li><li>te\u015fkil\u00e2tn\u0131\u00f1 idare azas\u0131, iqtisadiyat\u00e7\u0131&nbsp;<strong>Adile Memetova<\/strong>,<\/li><li>te\u015fkil\u00e2tn\u0131\u00f1 idare azas\u0131, m\u00fcendis&nbsp;<strong>Mustafa Abdurafiyev<\/strong>,<\/li><li>te\u015fkil\u00e2tn\u0131\u00f1 azas\u0131, Q\u0131r\u0131m tibbiyat universitetini\u00f1 studenti&nbsp;<strong>Elmi \u015ei\u015fmanov<\/strong>&nbsp;&nbsp;&nbsp; bulunmaqtalar.<\/li><\/ul>\n\n\n\n<p>&#8220;Ya\u00f1\u0131 nesil \u2013 ya\u00f1\u0131 \u011fayeler \u2013 semereli areketler&#8221; &#8211; gen\u00e7ler te\u015fkil\u00e2t\u0131n\u0131 temsil etken delegatlar VI \u00e7a\u011f\u0131r\u0131l\u0131\u015f Qurultay\u0131nda b\u00f6yle \u015fiar alt\u0131nda \u00e7al\u0131\u015fmaq maqsad\u0131ndalar.<\/p>\n\n\n\n<figure class=\"wp-block-image size-full\"><img loading=\"lazy\" decoding=\"async\" width=\"1000\" height=\"1000\" src=\"http:\/\/qtmm.org\/wp-content\/uploads\/2022\/01\/z_f3bd6b54.jpeg\" alt=\"\" class=\"wp-image-35974\" srcset=\"https:\/\/qtmm.org\/wp-content\/uploads\/2022\/01\/z_f3bd6b54.jpeg 1000w, https:\/\/qtmm.org\/wp-content\/uploads\/2022\/01\/z_f3bd6b54-300x300.jpeg 300w, https:\/\/qtmm.org\/wp-content\/uploads\/2022\/01\/z_f3bd6b54-150x150.jpeg 150w, https:\/\/qtmm.org\/wp-content\/uploads\/2022\/01\/z_f3bd6b54-768x768.jpeg 768w\" sizes=\"auto, (max-width: 1000px) 100vw, 1000px\" \/><\/figure>\n\n\n\n<p>&#8220;Ya\u015flar \u015euras\u0131&#8221; te\u015fkil\u00e2t\u0131 faaliyetini\u00f1 a\u015fa\u011f\u0131daki esas y\u00f6neli\u015flerinden ibaret mahsus programmas\u0131n\u0131 i\u015fledi:<br><br>1. Millliy idare organlar\u0131n\u0131 ya\u00f1\u0131lamaq;<br><br>2.Q\u0131r\u0131mtatarlarn\u0131\u00f1 milliy-medeniy degerliklerini k\u00fctleviyle\u015ftirmek;<br><br>3.Q\u0131r\u0131mtatarlar akimiyetni\u00f1 b\u00fct\u00fcn organlar\u0131nda temsil etilmesine iri\u015fmek;<br><br>4. Q\u0131r\u0131mtatarlarn\u0131\u00f1 aqlar\u0131n\u0131 qor\u00e7alamaq;<br><br>5. Halqn\u0131 vatanperverlik \u011fayesi etraf\u0131nda birle\u015ftirmek.<br><br>Programma tafsil\u00e2tl\u0131 \u015fekilde mahsus matbuat konferentsiyas\u0131nda taqdim etilecek. Te\u015fkil\u00e2tn\u0131\u00f1 resurs\u0131 \u2013 te\u015fkil\u00e2t azalar\u0131n\u0131\u00f1 kendileri \u2013 halq\u0131n\u0131\u00f1 taqdirine bifarq olma\u011fan faal, namusl\u0131, vatanperver gen\u00e7lerdir.<\/p>\n\n\n\n<p>Cedvelge kirsetilgen namzetler aras\u0131nda adliyeciler, ekimler, iqtisadiyat\u00e7\u0131lar, m\u00fcendisler, talebe ve ocalar, a\u015f\u00e7\u0131 ve quruc\u0131lar bar. Olarn\u0131\u00f1 episini Vatan sevgisi, halq\u0131n\u0131\u00f1 menfaat\u0131 o\u011frunda areket etmek istegi birle\u015ftirmekte.<\/p>\n\n\n\n<p><em>Belli ki, yaq\u0131n vaq\u0131tta VI \u00e7a\u011f\u0131r\u0131l\u0131\u015f Qurultay\u0131na delegatlar saylanacaq. Saylavlar &#8220;Q\u0131r\u0131mtatar halq\u0131 Qurultay\u0131n\u0131\u00f1 delegatlar\u0131n\u0131 saylav aqq\u0131nda&#8221; 2013 senesi yanvar 12-de qabul etilgen Nizam\u011fa muvaf\u0131q ya\u00f1\u0131 saylav sistemas\u0131 boyunca ke\u00e7irilecek.<\/em><\/p>\n\n\n\n<p><em>Tasdiqlan\u0131l\u011fan taqvimiy planlar\u011fa k\u00f6re saylavlar Ba\u011f\u00e7asaray, Qurman ve Aqmes\u00e7it regionlar\u0131nda &#8211; 25 fevral k\u00fcn\u00fc, Aqyar, Cank\u00f6y, Qarasuvbazar ve \u0130\u00e7ki regionlar\u0131nda 26 fevralde olacaq.<\/em><\/p>\n","protected":false},"excerpt":{"rendered":"<p>&#8220;Ya\u015flar \u015euras\u0131&#8221; gen\u00e7ler te\u015fkil\u00e2t\u0131n\u0131\u00f1 nevbetteki topla\u015fuv\u0131nda on\u0131\u00f1 Q\u0131r\u0131mtatar halq\u0131 VI \u00e7a\u011f\u0131r\u0131l\u0131\u015f Qurultay\u0131na delegatlarn\u0131 saylavda i\u015ftirak etmek qarar\u0131 al\u0131nd\u0131&#8220;Te\u015fkil\u00e2t mustaqil y\u00f6neli\u015fte faaliyet k\u00f6stererek, er angi birle\u015fme ve bloklarda i\u015ftirak etmekten vazge\u00e7ti, saylavald\u0131 kampaniyas\u0131n\u0131 ke\u00e7ir\u00fcvde maddiy atal\u0131q yapmaq tekliflerini red etti ve gen\u00e7lerni temsil etken yek\u00e2ne mustaqil k\u00fc\u00e7 olaraq \u00e7\u0131qmaqta&#8221;, &#8211; dep qayd eteler &#8220;Ya\u015flar \u015euras\u0131&#8221;n\u0131\u00f1 azalar\u0131. [&hellip;]<\/p>\n","protected":false},"author":1,"featured_media":35970,"comment_status":"open","ping_status":"open","sticky":false,"template":"","format":"standard","meta":{"inline_featured_image":false,"footnotes":""},"categories":[265],"tags":[],"class_list":["post-35969","post","type-post","status-publish","format-standard","has-post-thumbnail","hentry","category-haberler"],"acf":[],"yoast_head":"<!-- This site is optimized with the Yoast SEO plugin v27.4 - https:\/\/yoast.com\/product\/yoast-seo-wordpress\/ -->\n<title>\u00abYa\u015flar \u015euras\u0131\u00bb te\u015fkil\u00e2t\u0131 Qurultay delegatlar\u0131n\u0131 saylavda i\u015ftirak etecek - \u041c\u0435\u0434\u0436\u043b\u0456\u0441<\/title>\n<meta name=\"robots\" content=\"index, follow, max-snippet:-1, max-image-preview:large, max-video-preview:-1\" \/>\n<link rel=\"canonical\" href=\"https:\/\/qtmm.org\/qt\/yaslar-surasi-teskilati-qurultay-delegatlarini-saylavda-istirak-etecek\/\" \/>\n<meta property=\"og:locale\" content=\"en_US\" \/>\n<meta property=\"og:type\" content=\"article\" \/>\n<meta property=\"og:title\" content=\"\u00abYa\u015flar \u015euras\u0131\u00bb te\u015fkil\u00e2t\u0131 Qurultay delegatlar\u0131n\u0131 saylavda i\u015ftirak etecek - \u041c\u0435\u0434\u0436\u043b\u0456\u0441\" \/>\n<meta property=\"og:description\" content=\"&#8220;Ya\u015flar \u015euras\u0131&#8221; gen\u00e7ler te\u015fkil\u00e2t\u0131n\u0131\u00f1 nevbetteki topla\u015fuv\u0131nda on\u0131\u00f1 Q\u0131r\u0131mtatar halq\u0131 VI \u00e7a\u011f\u0131r\u0131l\u0131\u015f Qurultay\u0131na delegatlarn\u0131 saylavda i\u015ftirak etmek qarar\u0131 al\u0131nd\u0131&#8220;Te\u015fkil\u00e2t mustaqil y\u00f6neli\u015fte faaliyet k\u00f6stererek, er angi birle\u015fme ve bloklarda i\u015ftirak etmekten vazge\u00e7ti, saylavald\u0131 kampaniyas\u0131n\u0131 ke\u00e7ir\u00fcvde maddiy atal\u0131q yapmaq tekliflerini red etti ve gen\u00e7lerni temsil etken yek\u00e2ne mustaqil k\u00fc\u00e7 olaraq \u00e7\u0131qmaqta&#8221;, &#8211; dep qayd eteler &#8220;Ya\u015flar \u015euras\u0131&#8221;n\u0131\u00f1 azalar\u0131. [&hellip;]\" \/>\n<meta property=\"og:url\" content=\"https:\/\/qtmm.org\/qt\/yaslar-surasi-teskilati-qurultay-delegatlarini-saylavda-istirak-etecek\/\" \/>\n<meta property=\"og:site_name\" content=\"\u041c\u0435\u0434\u0436\u043b\u0456\u0441\" \/>\n<meta property=\"article:publisher\" content=\"https:\/\/www.facebook.com\/qtmm.info\/\" \/>\n<meta property=\"article:published_time\" content=\"2013-02-21T14:11:00+00:00\" \/>\n<meta property=\"article:modified_time\" content=\"2022-01-23T14:12:32+00:00\" \/>\n<meta property=\"og:image\" content=\"https:\/\/qtmm.org\/wp-content\/uploads\/2022\/01\/bflmmsr_zvq.jpeg\" \/>\n\t<meta property=\"og:image:width\" content=\"1280\" \/>\n\t<meta property=\"og:image:height\" content=\"960\" \/>\n\t<meta property=\"og:image:type\" content=\"image\/jpeg\" \/>\n<meta name=\"author\" content=\"Developer\" \/>\n<meta name=\"twitter:card\" content=\"summary_large_image\" \/>\n<meta name=\"twitter:label1\" content=\"Written by\" \/>\n\t<meta name=\"twitter:data1\" content=\"Developer\" \/>\n\t<meta name=\"twitter:label2\" content=\"Est. reading time\" \/>\n\t<meta name=\"twitter:data2\" content=\"2 minutes\" \/>\n<script type=\"application\/ld+json\" class=\"yoast-schema-graph\">{\"@context\":\"https:\\\/\\\/schema.org\",\"@graph\":[{\"@type\":\"Article\",\"@id\":\"https:\\\/\\\/qtmm.org\\\/qt\\\/yaslar-surasi-teskilati-qurultay-delegatlarini-saylavda-istirak-etecek\\\/#article\",\"isPartOf\":{\"@id\":\"https:\\\/\\\/qtmm.org\\\/qt\\\/yaslar-surasi-teskilati-qurultay-delegatlarini-saylavda-istirak-etecek\\\/\"},\"author\":{\"name\":\"Developer\",\"@id\":\"https:\\\/\\\/qtmm.org\\\/qt\\\/#\\\/schema\\\/person\\\/de562469f971dec226ac06e60bbf74a7\"},\"headline\":\"\u00abYa\u015flar \u015euras\u0131\u00bb te\u015fkil\u00e2t\u0131 Qurultay delegatlar\u0131n\u0131 saylavda i\u015ftirak etecek\",\"datePublished\":\"2013-02-21T14:11:00+00:00\",\"dateModified\":\"2022-01-23T14:12:32+00:00\",\"mainEntityOfPage\":{\"@id\":\"https:\\\/\\\/qtmm.org\\\/qt\\\/yaslar-surasi-teskilati-qurultay-delegatlarini-saylavda-istirak-etecek\\\/\"},\"wordCount\":400,\"commentCount\":0,\"publisher\":{\"@id\":\"https:\\\/\\\/qtmm.org\\\/qt\\\/#organization\"},\"image\":{\"@id\":\"https:\\\/\\\/qtmm.org\\\/qt\\\/yaslar-surasi-teskilati-qurultay-delegatlarini-saylavda-istirak-etecek\\\/#primaryimage\"},\"thumbnailUrl\":\"https:\\\/\\\/qtmm.org\\\/wp-content\\\/uploads\\\/2022\\\/01\\\/bflmmsr_zvq.jpeg\",\"articleSection\":[\"Haberler\"],\"inLanguage\":\"qt\",\"potentialAction\":[{\"@type\":\"CommentAction\",\"name\":\"Comment\",\"target\":[\"https:\\\/\\\/qtmm.org\\\/qt\\\/yaslar-surasi-teskilati-qurultay-delegatlarini-saylavda-istirak-etecek\\\/#respond\"]}]},{\"@type\":\"WebPage\",\"@id\":\"https:\\\/\\\/qtmm.org\\\/qt\\\/yaslar-surasi-teskilati-qurultay-delegatlarini-saylavda-istirak-etecek\\\/\",\"url\":\"https:\\\/\\\/qtmm.org\\\/qt\\\/yaslar-surasi-teskilati-qurultay-delegatlarini-saylavda-istirak-etecek\\\/\",\"name\":\"\u00abYa\u015flar \u015euras\u0131\u00bb te\u015fkil\u00e2t\u0131 Qurultay delegatlar\u0131n\u0131 saylavda i\u015ftirak etecek - \u041c\u0435\u0434\u0436\u043b\u0456\u0441\",\"isPartOf\":{\"@id\":\"https:\\\/\\\/qtmm.org\\\/qt\\\/#website\"},\"primaryImageOfPage\":{\"@id\":\"https:\\\/\\\/qtmm.org\\\/qt\\\/yaslar-surasi-teskilati-qurultay-delegatlarini-saylavda-istirak-etecek\\\/#primaryimage\"},\"image\":{\"@id\":\"https:\\\/\\\/qtmm.org\\\/qt\\\/yaslar-surasi-teskilati-qurultay-delegatlarini-saylavda-istirak-etecek\\\/#primaryimage\"},\"thumbnailUrl\":\"https:\\\/\\\/qtmm.org\\\/wp-content\\\/uploads\\\/2022\\\/01\\\/bflmmsr_zvq.jpeg\",\"datePublished\":\"2013-02-21T14:11:00+00:00\",\"dateModified\":\"2022-01-23T14:12:32+00:00\",\"breadcrumb\":{\"@id\":\"https:\\\/\\\/qtmm.org\\\/qt\\\/yaslar-surasi-teskilati-qurultay-delegatlarini-saylavda-istirak-etecek\\\/#breadcrumb\"},\"inLanguage\":\"qt\",\"potentialAction\":[{\"@type\":\"ReadAction\",\"target\":[\"https:\\\/\\\/qtmm.org\\\/qt\\\/yaslar-surasi-teskilati-qurultay-delegatlarini-saylavda-istirak-etecek\\\/\"]}]},{\"@type\":\"ImageObject\",\"inLanguage\":\"qt\",\"@id\":\"https:\\\/\\\/qtmm.org\\\/qt\\\/yaslar-surasi-teskilati-qurultay-delegatlarini-saylavda-istirak-etecek\\\/#primaryimage\",\"url\":\"https:\\\/\\\/qtmm.org\\\/wp-content\\\/uploads\\\/2022\\\/01\\\/bflmmsr_zvq.jpeg\",\"contentUrl\":\"https:\\\/\\\/qtmm.org\\\/wp-content\\\/uploads\\\/2022\\\/01\\\/bflmmsr_zvq.jpeg\",\"width\":1280,\"height\":960},{\"@type\":\"BreadcrumbList\",\"@id\":\"https:\\\/\\\/qtmm.org\\\/qt\\\/yaslar-surasi-teskilati-qurultay-delegatlarini-saylavda-istirak-etecek\\\/#breadcrumb\",\"itemListElement\":[{\"@type\":\"ListItem\",\"position\":1,\"name\":\"\u0413\u043e\u043b\u043e\u0432\u043d\u0430\",\"item\":\"https:\\\/\\\/qtmm.org\\\/qt\\\/\"},{\"@type\":\"ListItem\",\"position\":2,\"name\":\"\u00abYa\u015flar \u015euras\u0131\u00bb te\u015fkil\u00e2t\u0131 Qurultay delegatlar\u0131n\u0131 saylavda i\u015ftirak etecek\"}]},{\"@type\":\"WebSite\",\"@id\":\"https:\\\/\\\/qtmm.org\\\/qt\\\/#website\",\"url\":\"https:\\\/\\\/qtmm.org\\\/qt\\\/\",\"name\":\"\u041c\u0435\u0434\u0436\u043b\u0456\u0441\",\"description\":\"\",\"publisher\":{\"@id\":\"https:\\\/\\\/qtmm.org\\\/qt\\\/#organization\"},\"potentialAction\":[{\"@type\":\"SearchAction\",\"target\":{\"@type\":\"EntryPoint\",\"urlTemplate\":\"https:\\\/\\\/qtmm.org\\\/qt\\\/?s={search_term_string}\"},\"query-input\":{\"@type\":\"PropertyValueSpecification\",\"valueRequired\":true,\"valueName\":\"search_term_string\"}}],\"inLanguage\":\"qt\"},{\"@type\":\"Organization\",\"@id\":\"https:\\\/\\\/qtmm.org\\\/qt\\\/#organization\",\"name\":\"\u041c\u0435\u0434\u0436\u043b\u0456\u0441\",\"url\":\"https:\\\/\\\/qtmm.org\\\/qt\\\/\",\"logo\":{\"@type\":\"ImageObject\",\"inLanguage\":\"qt\",\"@id\":\"https:\\\/\\\/qtmm.org\\\/qt\\\/#\\\/schema\\\/logo\\\/image\\\/\",\"url\":\"https:\\\/\\\/qtmm.org\\\/wp-content\\\/uploads\\\/2024\\\/12\\\/ua-mejlis-logo-rgb.svg\",\"contentUrl\":\"https:\\\/\\\/qtmm.org\\\/wp-content\\\/uploads\\\/2024\\\/12\\\/ua-mejlis-logo-rgb.svg\",\"caption\":\"\u041c\u0435\u0434\u0436\u043b\u0456\u0441\"},\"image\":{\"@id\":\"https:\\\/\\\/qtmm.org\\\/qt\\\/#\\\/schema\\\/logo\\\/image\\\/\"},\"sameAs\":[\"https:\\\/\\\/www.facebook.com\\\/qtmm.info\\\/\"]},{\"@type\":\"Person\",\"@id\":\"https:\\\/\\\/qtmm.org\\\/qt\\\/#\\\/schema\\\/person\\\/de562469f971dec226ac06e60bbf74a7\",\"name\":\"Developer\",\"image\":{\"@type\":\"ImageObject\",\"inLanguage\":\"qt\",\"@id\":\"https:\\\/\\\/secure.gravatar.com\\\/avatar\\\/392b4cc8fbfeb00b39dfeeab4ee6edded39ffd48e25858637e4765810300227e?s=96&d=mm&r=g\",\"url\":\"https:\\\/\\\/secure.gravatar.com\\\/avatar\\\/392b4cc8fbfeb00b39dfeeab4ee6edded39ffd48e25858637e4765810300227e?s=96&d=mm&r=g\",\"contentUrl\":\"https:\\\/\\\/secure.gravatar.com\\\/avatar\\\/392b4cc8fbfeb00b39dfeeab4ee6edded39ffd48e25858637e4765810300227e?s=96&d=mm&r=g\",\"caption\":\"Developer\"},\"url\":\"https:\\\/\\\/qtmm.org\\\/qt\\\/author\\\/Developer\\\/\"}]}<\/script>\n<!-- \/ Yoast SEO plugin. -->","yoast_head_json":{"title":"\u00abYa\u015flar \u015euras\u0131\u00bb te\u015fkil\u00e2t\u0131 Qurultay delegatlar\u0131n\u0131 saylavda i\u015ftirak etecek - \u041c\u0435\u0434\u0436\u043b\u0456\u0441","robots":{"index":"index","follow":"follow","max-snippet":"max-snippet:-1","max-image-preview":"max-image-preview:large","max-video-preview":"max-video-preview:-1"},"canonical":"https:\/\/qtmm.org\/qt\/yaslar-surasi-teskilati-qurultay-delegatlarini-saylavda-istirak-etecek\/","og_locale":"en_US","og_type":"article","og_title":"\u00abYa\u015flar \u015euras\u0131\u00bb te\u015fkil\u00e2t\u0131 Qurultay delegatlar\u0131n\u0131 saylavda i\u015ftirak etecek - \u041c\u0435\u0434\u0436\u043b\u0456\u0441","og_description":"&#8220;Ya\u015flar \u015euras\u0131&#8221; gen\u00e7ler te\u015fkil\u00e2t\u0131n\u0131\u00f1 nevbetteki topla\u015fuv\u0131nda on\u0131\u00f1 Q\u0131r\u0131mtatar halq\u0131 VI \u00e7a\u011f\u0131r\u0131l\u0131\u015f Qurultay\u0131na delegatlarn\u0131 saylavda i\u015ftirak etmek qarar\u0131 al\u0131nd\u0131&#8220;Te\u015fkil\u00e2t mustaqil y\u00f6neli\u015fte faaliyet k\u00f6stererek, er angi birle\u015fme ve bloklarda i\u015ftirak etmekten vazge\u00e7ti, saylavald\u0131 kampaniyas\u0131n\u0131 ke\u00e7ir\u00fcvde maddiy atal\u0131q yapmaq tekliflerini red etti ve gen\u00e7lerni temsil etken yek\u00e2ne mustaqil k\u00fc\u00e7 olaraq \u00e7\u0131qmaqta&#8221;, &#8211; dep qayd eteler &#8220;Ya\u015flar \u015euras\u0131&#8221;n\u0131\u00f1 azalar\u0131. [&hellip;]","og_url":"https:\/\/qtmm.org\/qt\/yaslar-surasi-teskilati-qurultay-delegatlarini-saylavda-istirak-etecek\/","og_site_name":"\u041c\u0435\u0434\u0436\u043b\u0456\u0441","article_publisher":"https:\/\/www.facebook.com\/qtmm.info\/","article_published_time":"2013-02-21T14:11:00+00:00","article_modified_time":"2022-01-23T14:12:32+00:00","og_image":[{"width":1280,"height":960,"url":"https:\/\/qtmm.org\/wp-content\/uploads\/2022\/01\/bflmmsr_zvq.jpeg","type":"image\/jpeg"}],"author":"Developer","twitter_card":"summary_large_image","twitter_misc":{"Written by":"Developer","Est. reading time":"2 minutes"},"schema":{"@context":"https:\/\/schema.org","@graph":[{"@type":"Article","@id":"https:\/\/qtmm.org\/qt\/yaslar-surasi-teskilati-qurultay-delegatlarini-saylavda-istirak-etecek\/#article","isPartOf":{"@id":"https:\/\/qtmm.org\/qt\/yaslar-surasi-teskilati-qurultay-delegatlarini-saylavda-istirak-etecek\/"},"author":{"name":"Developer","@id":"https:\/\/qtmm.org\/qt\/#\/schema\/person\/de562469f971dec226ac06e60bbf74a7"},"headline":"\u00abYa\u015flar \u015euras\u0131\u00bb te\u015fkil\u00e2t\u0131 Qurultay delegatlar\u0131n\u0131 saylavda i\u015ftirak etecek","datePublished":"2013-02-21T14:11:00+00:00","dateModified":"2022-01-23T14:12:32+00:00","mainEntityOfPage":{"@id":"https:\/\/qtmm.org\/qt\/yaslar-surasi-teskilati-qurultay-delegatlarini-saylavda-istirak-etecek\/"},"wordCount":400,"commentCount":0,"publisher":{"@id":"https:\/\/qtmm.org\/qt\/#organization"},"image":{"@id":"https:\/\/qtmm.org\/qt\/yaslar-surasi-teskilati-qurultay-delegatlarini-saylavda-istirak-etecek\/#primaryimage"},"thumbnailUrl":"https:\/\/qtmm.org\/wp-content\/uploads\/2022\/01\/bflmmsr_zvq.jpeg","articleSection":["Haberler"],"inLanguage":"qt","potentialAction":[{"@type":"CommentAction","name":"Comment","target":["https:\/\/qtmm.org\/qt\/yaslar-surasi-teskilati-qurultay-delegatlarini-saylavda-istirak-etecek\/#respond"]}]},{"@type":"WebPage","@id":"https:\/\/qtmm.org\/qt\/yaslar-surasi-teskilati-qurultay-delegatlarini-saylavda-istirak-etecek\/","url":"https:\/\/qtmm.org\/qt\/yaslar-surasi-teskilati-qurultay-delegatlarini-saylavda-istirak-etecek\/","name":"\u00abYa\u015flar \u015euras\u0131\u00bb te\u015fkil\u00e2t\u0131 Qurultay delegatlar\u0131n\u0131 saylavda i\u015ftirak etecek - \u041c\u0435\u0434\u0436\u043b\u0456\u0441","isPartOf":{"@id":"https:\/\/qtmm.org\/qt\/#website"},"primaryImageOfPage":{"@id":"https:\/\/qtmm.org\/qt\/yaslar-surasi-teskilati-qurultay-delegatlarini-saylavda-istirak-etecek\/#primaryimage"},"image":{"@id":"https:\/\/qtmm.org\/qt\/yaslar-surasi-teskilati-qurultay-delegatlarini-saylavda-istirak-etecek\/#primaryimage"},"thumbnailUrl":"https:\/\/qtmm.org\/wp-content\/uploads\/2022\/01\/bflmmsr_zvq.jpeg","datePublished":"2013-02-21T14:11:00+00:00","dateModified":"2022-01-23T14:12:32+00:00","breadcrumb":{"@id":"https:\/\/qtmm.org\/qt\/yaslar-surasi-teskilati-qurultay-delegatlarini-saylavda-istirak-etecek\/#breadcrumb"},"inLanguage":"qt","potentialAction":[{"@type":"ReadAction","target":["https:\/\/qtmm.org\/qt\/yaslar-surasi-teskilati-qurultay-delegatlarini-saylavda-istirak-etecek\/"]}]},{"@type":"ImageObject","inLanguage":"qt","@id":"https:\/\/qtmm.org\/qt\/yaslar-surasi-teskilati-qurultay-delegatlarini-saylavda-istirak-etecek\/#primaryimage","url":"https:\/\/qtmm.org\/wp-content\/uploads\/2022\/01\/bflmmsr_zvq.jpeg","contentUrl":"https:\/\/qtmm.org\/wp-content\/uploads\/2022\/01\/bflmmsr_zvq.jpeg","width":1280,"height":960},{"@type":"BreadcrumbList","@id":"https:\/\/qtmm.org\/qt\/yaslar-surasi-teskilati-qurultay-delegatlarini-saylavda-istirak-etecek\/#breadcrumb","itemListElement":[{"@type":"ListItem","position":1,"name":"\u0413\u043e\u043b\u043e\u0432\u043d\u0430","item":"https:\/\/qtmm.org\/qt\/"},{"@type":"ListItem","position":2,"name":"\u00abYa\u015flar \u015euras\u0131\u00bb te\u015fkil\u00e2t\u0131 Qurultay delegatlar\u0131n\u0131 saylavda i\u015ftirak etecek"}]},{"@type":"WebSite","@id":"https:\/\/qtmm.org\/qt\/#website","url":"https:\/\/qtmm.org\/qt\/","name":"\u041c\u0435\u0434\u0436\u043b\u0456\u0441","description":"","publisher":{"@id":"https:\/\/qtmm.org\/qt\/#organization"},"potentialAction":[{"@type":"SearchAction","target":{"@type":"EntryPoint","urlTemplate":"https:\/\/qtmm.org\/qt\/?s={search_term_string}"},"query-input":{"@type":"PropertyValueSpecification","valueRequired":true,"valueName":"search_term_string"}}],"inLanguage":"qt"},{"@type":"Organization","@id":"https:\/\/qtmm.org\/qt\/#organization","name":"\u041c\u0435\u0434\u0436\u043b\u0456\u0441","url":"https:\/\/qtmm.org\/qt\/","logo":{"@type":"ImageObject","inLanguage":"qt","@id":"https:\/\/qtmm.org\/qt\/#\/schema\/logo\/image\/","url":"https:\/\/qtmm.org\/wp-content\/uploads\/2024\/12\/ua-mejlis-logo-rgb.svg","contentUrl":"https:\/\/qtmm.org\/wp-content\/uploads\/2024\/12\/ua-mejlis-logo-rgb.svg","caption":"\u041c\u0435\u0434\u0436\u043b\u0456\u0441"},"image":{"@id":"https:\/\/qtmm.org\/qt\/#\/schema\/logo\/image\/"},"sameAs":["https:\/\/www.facebook.com\/qtmm.info\/"]},{"@type":"Person","@id":"https:\/\/qtmm.org\/qt\/#\/schema\/person\/de562469f971dec226ac06e60bbf74a7","name":"Developer","image":{"@type":"ImageObject","inLanguage":"qt","@id":"https:\/\/secure.gravatar.com\/avatar\/392b4cc8fbfeb00b39dfeeab4ee6edded39ffd48e25858637e4765810300227e?s=96&d=mm&r=g","url":"https:\/\/secure.gravatar.com\/avatar\/392b4cc8fbfeb00b39dfeeab4ee6edded39ffd48e25858637e4765810300227e?s=96&d=mm&r=g","contentUrl":"https:\/\/secure.gravatar.com\/avatar\/392b4cc8fbfeb00b39dfeeab4ee6edded39ffd48e25858637e4765810300227e?s=96&d=mm&r=g","caption":"Developer"},"url":"https:\/\/qtmm.org\/qt\/author\/Developer\/"}]}},"_links":{"self":[{"href":"https:\/\/qtmm.org\/qt\/wp-json\/wp\/v2\/posts\/35969","targetHints":{"allow":["GET"]}}],"collection":[{"href":"https:\/\/qtmm.org\/qt\/wp-json\/wp\/v2\/posts"}],"about":[{"href":"https:\/\/qtmm.org\/qt\/wp-json\/wp\/v2\/types\/post"}],"author":[{"embeddable":true,"href":"https:\/\/qtmm.org\/qt\/wp-json\/wp\/v2\/users\/1"}],"replies":[{"embeddable":true,"href":"https:\/\/qtmm.org\/qt\/wp-json\/wp\/v2\/comments?post=35969"}],"version-history":[{"count":1,"href":"https:\/\/qtmm.org\/qt\/wp-json\/wp\/v2\/posts\/35969\/revisions"}],"predecessor-version":[{"id":35978,"href":"https:\/\/qtmm.org\/qt\/wp-json\/wp\/v2\/posts\/35969\/revisions\/35978"}],"wp:featuredmedia":[{"embeddable":true,"href":"https:\/\/qtmm.org\/qt\/wp-json\/wp\/v2\/media\/35970"}],"wp:attachment":[{"href":"https:\/\/qtmm.org\/qt\/wp-json\/wp\/v2\/media?parent=35969"}],"wp:term":[{"taxonomy":"category","embeddable":true,"href":"https:\/\/qtmm.org\/qt\/wp-json\/wp\/v2\/categories?post=35969"},{"taxonomy":"post_tag","embeddable":true,"href":"https:\/\/qtmm.org\/qt\/wp-json\/wp\/v2\/tags?post=35969"}],"curies":[{"name":"wp","href":"https:\/\/api.w.org\/{rel}","templated":true}]}}