




{"id":35955,"date":"2013-02-20T17:08:00","date_gmt":"2013-02-20T14:08:00","guid":{"rendered":"http:\/\/qtmm.org\/?p=35955"},"modified":"2022-01-23T17:11:09","modified_gmt":"2022-01-23T14:11:09","slug":"mustafa-cemilev-akimiyet-mecliske-yaqin-insanlarni-cetlestirip-mogilovnin-tatarlarini-iske-ala","status":"publish","type":"post","link":"https:\/\/qtmm.org\/qt\/mustafa-cemilev-akimiyet-mecliske-yaqin-insanlarni-cetlestirip-mogilovnin-tatarlarini-iske-ala\/","title":{"rendered":"Mustafa Cemilev: Akimiyet Mecliske yaq\u0131n insanlarn\u0131 \u00e7etle\u015ftirip, \u00abMogil\u00f6vn\u0131\u00f1 tatarlar\u0131n\u0131\u00bb i\u015fke ala"},"content":{"rendered":"\n<p>2013 senesi fevral 20 k\u00fcn\u00fc Q\u0131r\u0131m Yuqar\u0131 \u015euras\u0131 alt\u0131nc\u0131 sessiyas\u0131n\u0131\u00f1 topla\u015fuv\u0131nda Q\u0131r\u0131m Yuqar\u0131 \u015euras\u0131 Milletlerara munasebetler ve s\u00fcrg\u00fcn etilgen grajdanlarn\u0131\u00f1 i\u015fleri boyunca daimiy komissiyan\u0131\u00f1 reisi Remzi \u0130lyasovn\u0131 vazifesinden bo\u015fat\u0131p, bu vazifege Enver Abduraimovn\u0131 tayinlev meselesi baq\u0131ld\u0131.<\/p>\n\n\n\n<p>Rey berilmezden evel Yuqar\u0131 \u015eurada &#8220;Qurultay-Ruh&#8221; fraktsiyas\u0131n\u0131\u00f1 ba\u015f\u0131 Refat \u00c7ubarov mezk\u00fcr meseleni\u00f1 k\u00fcn tertibine qoyulmas\u0131na ve umumen tayinlevge qar\u015f\u0131 \u00e7\u0131qt\u0131. On\u0131\u00f1 aytqan\u0131na k\u00f6re Remzi \u0130lyasovn\u0131\u00f1 yerine tayinlengen deputat fraktsiya erk\u00e2n\u0131ndan \u00e7\u0131qar\u0131lacaq.<\/p>\n\n\n\n<p>Bundan da \u011fayr\u0131 \u00c7ubarov Abduraimovn\u0131\u00f1 tayinlenmesine dair qararlardan on\u0131\u00f1 &#8220;Qurultay-Ruh&#8221; fraktsiyas\u0131ndan k\u00f6sterildi, degen c\u00fcmleni al\u0131p ta\u015flamaqn\u0131 talap etti.<\/p>\n\n\n\n<p>&#8220;Biz Enver Abduraimovn\u0131\u00f1 namzetini k\u00f6stermedik. Siz bizim fraktsiyam\u0131zn\u0131 \u00e7etlep ke\u00e7ti\u00f1iz ve on\u0131 \u00f6z qarar\u0131\u00f1\u0131znen k\u00f6sterdi\u00f1iz. Demek, &#8220;konsultatsiyalar ke\u00e7irildi&#8221; degen ibareni al\u0131p ta\u015fla\u00f1\u0131z. \u0130\u00e7 bir t\u00fcrl\u00fc konsultatsiya olmad\u0131. B\u00f6yle yalann\u0131 bu binan\u0131\u00f1 i\u00e7inde yoq eteyik&#8221;, &#8211; dedi \u00c7ubarov parlament minberinden.<br><br>Q\u0131r\u0131m parlamentini\u00f1 azalar\u0131 Refat \u00c7ubarovn\u0131\u00f1 talaplar\u0131n\u0131 esapqa almad\u0131lar ve o teklif etken de\u00f1i\u015fmeler i\u00e7\u00fcn rey bermediler. &#8220;Qurultay-Ruh&#8221; fraktsiyas\u0131n\u0131\u00f1 talaplar\u0131n\u0131 k\u00f6z \u00f6g\u00fcne almaq talab\u0131nen fraktsiya azas\u0131 Safure Kacametova da \u00e7\u0131q\u0131\u015fta bulun\u0131p, fraktsiyada Enfer Abduraimovdan \u011fayr\u0131 deputatlar da ol\u011fan\u0131n\u0131 aytt\u0131.<\/p>\n\n\n\n<figure class=\"wp-block-image size-full\"><img loading=\"lazy\" decoding=\"async\" width=\"650\" height=\"400\" src=\"http:\/\/qtmm.org\/wp-content\/uploads\/2022\/01\/img_0928.jpeg\" alt=\"\" class=\"wp-image-35960\" srcset=\"https:\/\/qtmm.org\/wp-content\/uploads\/2022\/01\/img_0928.jpeg 650w, https:\/\/qtmm.org\/wp-content\/uploads\/2022\/01\/img_0928-300x185.jpeg 300w\" sizes=\"auto, (max-width: 650px) 100vw, 650px\" \/><\/figure>\n\n\n\n<p>&#8220;Enver Abduraimov ille bu vazifege otur\u011fan so\u00f1 bu qadar \u00f6z halq\u0131na yard\u0131m etmege istegeninden haberim yoq edi. O, i\u00e7 bir zaman bu saada \u00e7al\u0131\u015fmad\u0131, on\u0131 degil de, ba\u015fqas\u0131n\u0131 tayinle\u00f1iz&#8221;, &#8211; dedi Kacametova.<\/p>\n\n\n\n<p>\u00d6z nevbetinde Q\u0131r\u0131m Yuqar\u0131 \u015euras\u0131n\u0131\u00f1 deputat\u0131 Enver Abduraimov minberge k\u00f6terilirken, &#8220;bu mes\u00fclietlik y\u00fck\u00fcni&#8221; boynuna alma\u011fa az\u0131r ol\u011fan\u0131n\u0131 s\u00f6ylep, Remzi \u0130lyasov komissiya reisi olaraq \u00f6z vazifesini yah\u015f\u0131 becermegenini qayd etti. Abduraimov Remzi \u0130lyasov daimiy komissiya reisi vazifesini eda etip olama\u011fan\u0131n\u0131 professional delillerge esasland\u0131r\u0131p olamad\u0131. Faqat dedi ki, kendisi Yuqar\u0131 \u015eura\u011fa siyasetnen o\u011fra\u015fmaq i\u00e7\u00fcn kelmegen. &#8220;Bug\u00fcnde-bug\u00fcn men Nazirler \u015euras\u0131, akimiyet partiyas\u0131 ve Q\u0131r\u0131mda s\u00fcrg\u00fcnlilerni\u00f1 meselesi o\u011frunda areket etken b\u00fct\u00fcn qurumlarnen \u00e7al\u0131\u015fma\u011fa az\u0131r\u0131m&#8221;, &#8211; dedi Abduraimov.<\/p>\n\n\n\n<figure class=\"wp-block-image size-full\"><img loading=\"lazy\" decoding=\"async\" width=\"650\" height=\"400\" src=\"http:\/\/qtmm.org\/wp-content\/uploads\/2022\/01\/img_0927.jpeg\" alt=\"\" class=\"wp-image-35964\" srcset=\"https:\/\/qtmm.org\/wp-content\/uploads\/2022\/01\/img_0927.jpeg 650w, https:\/\/qtmm.org\/wp-content\/uploads\/2022\/01\/img_0927-300x185.jpeg 300w\" sizes=\"auto, (max-width: 650px) 100vw, 650px\" \/><\/figure>\n\n\n\n<p>Neticede Remzi \u0130lyasovn\u0131\u00f1 vazifesinden bo\u015fat\u0131lmas\u0131 i\u00e7\u00fcn 79 deputattan 66-s\u0131 rey berdi. Bundan so\u00f1 deputatlar Komissiya reisi olaraq Enver Abduraimovn\u0131 tayinlediler. Bu qarar\u011fa 80 deputattan 68-i qoltutt\u0131.<\/p>\n\n\n\n<p>Rey berilgen so\u00f1 &#8220;Qurultay-Ruh&#8221; fraktsiyas\u0131n\u0131\u00f1 ba\u015f\u0131 Refat \u00c7ubarov \u015fu daqqadan itibaren Abduraimov fraktsiya erk\u00e2n\u0131ndan \u00e7\u0131qar\u0131l\u011fan\u0131n\u0131 il\u00e2n etti.<br><br>Kiyevde Ukraina Yuqar\u0131 \u015euras\u0131n\u0131\u00f1 sessiyas\u0131nda bulun\u011fan Meclis reisi, Ukraina halq deputat\u0131 Mustafa Cemilev bu vaqia\u011fa izaat berirken, \u00fck\u00fcmet akimiyet qurumlar\u0131nda \u00f6yle de az say\u0131da ol\u011fan Mecliske yaq\u0131n insanlarn\u0131 \u00e7etle\u015ftirip, akimiyet organlar\u0131na &#8220;Mrgil\u00f6vn\u0131\u00f1 tatarlar\u0131n\u0131&#8221; i\u015fke ala, dedi.<\/p>\n\n\n\n<p>Meclisni\u00f1 reisi \u015fun\u0131 da tasdiqlad\u0131 ki, yaq\u0131n vaq\u0131tta Q\u0131r\u0131mda Q\u0131r\u0131mtatar halq\u0131n\u0131\u00f1 nevbetten t\u0131\u015f sessiyas\u0131 ol\u0131p, onda Ukraina ve Q\u0131r\u0131mdaki siyasiy vaziyet boyunca q\u0131r\u0131mtatar halq\u0131n\u0131\u00f1 noqtai-nazar\u0131 bildirilecek.<\/p>\n","protected":false},"excerpt":{"rendered":"<p>2013 senesi fevral 20 k\u00fcn\u00fc Q\u0131r\u0131m Yuqar\u0131 \u015euras\u0131 alt\u0131nc\u0131 sessiyas\u0131n\u0131\u00f1 topla\u015fuv\u0131nda Q\u0131r\u0131m Yuqar\u0131 \u015euras\u0131 Milletlerara munasebetler ve s\u00fcrg\u00fcn etilgen grajdanlarn\u0131\u00f1 i\u015fleri boyunca daimiy komissiyan\u0131\u00f1 reisi Remzi \u0130lyasovn\u0131 vazifesinden bo\u015fat\u0131p, bu vazifege Enver Abduraimovn\u0131 tayinlev meselesi baq\u0131ld\u0131. Rey berilmezden evel Yuqar\u0131 \u015eurada &#8220;Qurultay-Ruh&#8221; fraktsiyas\u0131n\u0131\u00f1 ba\u015f\u0131 Refat \u00c7ubarov mezk\u00fcr meseleni\u00f1 k\u00fcn tertibine qoyulmas\u0131na ve umumen tayinlevge qar\u015f\u0131 [&hellip;]<\/p>\n","protected":false},"author":1,"featured_media":35956,"comment_status":"open","ping_status":"open","sticky":false,"template":"","format":"standard","meta":{"inline_featured_image":false,"footnotes":""},"categories":[265],"tags":[],"class_list":["post-35955","post","type-post","status-publish","format-standard","has-post-thumbnail","hentry","category-haberler"],"acf":[],"yoast_head":"<!-- This site is optimized with the Yoast SEO plugin v27.4 - https:\/\/yoast.com\/product\/yoast-seo-wordpress\/ -->\n<title>Mustafa Cemilev: Akimiyet Mecliske yaq\u0131n insanlarn\u0131 \u00e7etle\u015ftirip, \u00abMogil\u00f6vn\u0131\u00f1 tatarlar\u0131n\u0131\u00bb i\u015fke ala - \u041c\u0435\u0434\u0436\u043b\u0456\u0441<\/title>\n<meta name=\"robots\" content=\"index, follow, max-snippet:-1, max-image-preview:large, max-video-preview:-1\" \/>\n<link rel=\"canonical\" href=\"https:\/\/qtmm.org\/qt\/mustafa-cemilev-akimiyet-mecliske-yaqin-insanlarni-cetlestirip-mogilovnin-tatarlarini-iske-ala\/\" \/>\n<meta property=\"og:locale\" content=\"en_US\" \/>\n<meta property=\"og:type\" content=\"article\" \/>\n<meta property=\"og:title\" content=\"Mustafa Cemilev: Akimiyet Mecliske yaq\u0131n insanlarn\u0131 \u00e7etle\u015ftirip, \u00abMogil\u00f6vn\u0131\u00f1 tatarlar\u0131n\u0131\u00bb i\u015fke ala - \u041c\u0435\u0434\u0436\u043b\u0456\u0441\" \/>\n<meta property=\"og:description\" content=\"2013 senesi fevral 20 k\u00fcn\u00fc Q\u0131r\u0131m Yuqar\u0131 \u015euras\u0131 alt\u0131nc\u0131 sessiyas\u0131n\u0131\u00f1 topla\u015fuv\u0131nda Q\u0131r\u0131m Yuqar\u0131 \u015euras\u0131 Milletlerara munasebetler ve s\u00fcrg\u00fcn etilgen grajdanlarn\u0131\u00f1 i\u015fleri boyunca daimiy komissiyan\u0131\u00f1 reisi Remzi \u0130lyasovn\u0131 vazifesinden bo\u015fat\u0131p, bu vazifege Enver Abduraimovn\u0131 tayinlev meselesi baq\u0131ld\u0131. Rey berilmezden evel Yuqar\u0131 \u015eurada &#8220;Qurultay-Ruh&#8221; fraktsiyas\u0131n\u0131\u00f1 ba\u015f\u0131 Refat \u00c7ubarov mezk\u00fcr meseleni\u00f1 k\u00fcn tertibine qoyulmas\u0131na ve umumen tayinlevge qar\u015f\u0131 [&hellip;]\" \/>\n<meta property=\"og:url\" content=\"https:\/\/qtmm.org\/qt\/mustafa-cemilev-akimiyet-mecliske-yaqin-insanlarni-cetlestirip-mogilovnin-tatarlarini-iske-ala\/\" \/>\n<meta property=\"og:site_name\" content=\"\u041c\u0435\u0434\u0436\u043b\u0456\u0441\" \/>\n<meta property=\"article:publisher\" content=\"https:\/\/www.facebook.com\/qtmm.info\/\" \/>\n<meta property=\"article:published_time\" content=\"2013-02-20T14:08:00+00:00\" \/>\n<meta property=\"article:modified_time\" content=\"2022-01-23T14:11:09+00:00\" \/>\n<meta property=\"og:image\" content=\"https:\/\/qtmm.org\/wp-content\/uploads\/2022\/01\/img_0924.jpeg\" \/>\n\t<meta property=\"og:image:width\" content=\"650\" \/>\n\t<meta property=\"og:image:height\" content=\"400\" \/>\n\t<meta property=\"og:image:type\" content=\"image\/jpeg\" \/>\n<meta name=\"author\" content=\"Developer\" \/>\n<meta name=\"twitter:card\" content=\"summary_large_image\" \/>\n<meta name=\"twitter:label1\" content=\"Written by\" \/>\n\t<meta name=\"twitter:data1\" content=\"Developer\" \/>\n\t<meta name=\"twitter:label2\" content=\"Est. reading time\" \/>\n\t<meta name=\"twitter:data2\" content=\"3 minutes\" \/>\n<script type=\"application\/ld+json\" class=\"yoast-schema-graph\">{\"@context\":\"https:\\\/\\\/schema.org\",\"@graph\":[{\"@type\":\"Article\",\"@id\":\"https:\\\/\\\/qtmm.org\\\/qt\\\/mustafa-cemilev-akimiyet-mecliske-yaqin-insanlarni-cetlestirip-mogilovnin-tatarlarini-iske-ala\\\/#article\",\"isPartOf\":{\"@id\":\"https:\\\/\\\/qtmm.org\\\/qt\\\/mustafa-cemilev-akimiyet-mecliske-yaqin-insanlarni-cetlestirip-mogilovnin-tatarlarini-iske-ala\\\/\"},\"author\":{\"name\":\"Developer\",\"@id\":\"https:\\\/\\\/qtmm.org\\\/qt\\\/#\\\/schema\\\/person\\\/de562469f971dec226ac06e60bbf74a7\"},\"headline\":\"Mustafa Cemilev: Akimiyet Mecliske yaq\u0131n insanlarn\u0131 \u00e7etle\u015ftirip, \u00abMogil\u00f6vn\u0131\u00f1 tatarlar\u0131n\u0131\u00bb i\u015fke ala\",\"datePublished\":\"2013-02-20T14:08:00+00:00\",\"dateModified\":\"2022-01-23T14:11:09+00:00\",\"mainEntityOfPage\":{\"@id\":\"https:\\\/\\\/qtmm.org\\\/qt\\\/mustafa-cemilev-akimiyet-mecliske-yaqin-insanlarni-cetlestirip-mogilovnin-tatarlarini-iske-ala\\\/\"},\"wordCount\":520,\"commentCount\":0,\"publisher\":{\"@id\":\"https:\\\/\\\/qtmm.org\\\/qt\\\/#organization\"},\"image\":{\"@id\":\"https:\\\/\\\/qtmm.org\\\/qt\\\/mustafa-cemilev-akimiyet-mecliske-yaqin-insanlarni-cetlestirip-mogilovnin-tatarlarini-iske-ala\\\/#primaryimage\"},\"thumbnailUrl\":\"https:\\\/\\\/qtmm.org\\\/wp-content\\\/uploads\\\/2022\\\/01\\\/img_0924.jpeg\",\"articleSection\":[\"Haberler\"],\"inLanguage\":\"qt\",\"potentialAction\":[{\"@type\":\"CommentAction\",\"name\":\"Comment\",\"target\":[\"https:\\\/\\\/qtmm.org\\\/qt\\\/mustafa-cemilev-akimiyet-mecliske-yaqin-insanlarni-cetlestirip-mogilovnin-tatarlarini-iske-ala\\\/#respond\"]}]},{\"@type\":\"WebPage\",\"@id\":\"https:\\\/\\\/qtmm.org\\\/qt\\\/mustafa-cemilev-akimiyet-mecliske-yaqin-insanlarni-cetlestirip-mogilovnin-tatarlarini-iske-ala\\\/\",\"url\":\"https:\\\/\\\/qtmm.org\\\/qt\\\/mustafa-cemilev-akimiyet-mecliske-yaqin-insanlarni-cetlestirip-mogilovnin-tatarlarini-iske-ala\\\/\",\"name\":\"Mustafa Cemilev: Akimiyet Mecliske yaq\u0131n insanlarn\u0131 \u00e7etle\u015ftirip, \u00abMogil\u00f6vn\u0131\u00f1 tatarlar\u0131n\u0131\u00bb i\u015fke ala - \u041c\u0435\u0434\u0436\u043b\u0456\u0441\",\"isPartOf\":{\"@id\":\"https:\\\/\\\/qtmm.org\\\/qt\\\/#website\"},\"primaryImageOfPage\":{\"@id\":\"https:\\\/\\\/qtmm.org\\\/qt\\\/mustafa-cemilev-akimiyet-mecliske-yaqin-insanlarni-cetlestirip-mogilovnin-tatarlarini-iske-ala\\\/#primaryimage\"},\"image\":{\"@id\":\"https:\\\/\\\/qtmm.org\\\/qt\\\/mustafa-cemilev-akimiyet-mecliske-yaqin-insanlarni-cetlestirip-mogilovnin-tatarlarini-iske-ala\\\/#primaryimage\"},\"thumbnailUrl\":\"https:\\\/\\\/qtmm.org\\\/wp-content\\\/uploads\\\/2022\\\/01\\\/img_0924.jpeg\",\"datePublished\":\"2013-02-20T14:08:00+00:00\",\"dateModified\":\"2022-01-23T14:11:09+00:00\",\"breadcrumb\":{\"@id\":\"https:\\\/\\\/qtmm.org\\\/qt\\\/mustafa-cemilev-akimiyet-mecliske-yaqin-insanlarni-cetlestirip-mogilovnin-tatarlarini-iske-ala\\\/#breadcrumb\"},\"inLanguage\":\"qt\",\"potentialAction\":[{\"@type\":\"ReadAction\",\"target\":[\"https:\\\/\\\/qtmm.org\\\/qt\\\/mustafa-cemilev-akimiyet-mecliske-yaqin-insanlarni-cetlestirip-mogilovnin-tatarlarini-iske-ala\\\/\"]}]},{\"@type\":\"ImageObject\",\"inLanguage\":\"qt\",\"@id\":\"https:\\\/\\\/qtmm.org\\\/qt\\\/mustafa-cemilev-akimiyet-mecliske-yaqin-insanlarni-cetlestirip-mogilovnin-tatarlarini-iske-ala\\\/#primaryimage\",\"url\":\"https:\\\/\\\/qtmm.org\\\/wp-content\\\/uploads\\\/2022\\\/01\\\/img_0924.jpeg\",\"contentUrl\":\"https:\\\/\\\/qtmm.org\\\/wp-content\\\/uploads\\\/2022\\\/01\\\/img_0924.jpeg\",\"width\":650,\"height\":400},{\"@type\":\"BreadcrumbList\",\"@id\":\"https:\\\/\\\/qtmm.org\\\/qt\\\/mustafa-cemilev-akimiyet-mecliske-yaqin-insanlarni-cetlestirip-mogilovnin-tatarlarini-iske-ala\\\/#breadcrumb\",\"itemListElement\":[{\"@type\":\"ListItem\",\"position\":1,\"name\":\"\u0413\u043e\u043b\u043e\u0432\u043d\u0430\",\"item\":\"https:\\\/\\\/qtmm.org\\\/qt\\\/\"},{\"@type\":\"ListItem\",\"position\":2,\"name\":\"Mustafa Cemilev: Akimiyet Mecliske yaq\u0131n insanlarn\u0131 \u00e7etle\u015ftirip, \u00abMogil\u00f6vn\u0131\u00f1 tatarlar\u0131n\u0131\u00bb i\u015fke ala\"}]},{\"@type\":\"WebSite\",\"@id\":\"https:\\\/\\\/qtmm.org\\\/qt\\\/#website\",\"url\":\"https:\\\/\\\/qtmm.org\\\/qt\\\/\",\"name\":\"\u041c\u0435\u0434\u0436\u043b\u0456\u0441\",\"description\":\"\",\"publisher\":{\"@id\":\"https:\\\/\\\/qtmm.org\\\/qt\\\/#organization\"},\"potentialAction\":[{\"@type\":\"SearchAction\",\"target\":{\"@type\":\"EntryPoint\",\"urlTemplate\":\"https:\\\/\\\/qtmm.org\\\/qt\\\/?s={search_term_string}\"},\"query-input\":{\"@type\":\"PropertyValueSpecification\",\"valueRequired\":true,\"valueName\":\"search_term_string\"}}],\"inLanguage\":\"qt\"},{\"@type\":\"Organization\",\"@id\":\"https:\\\/\\\/qtmm.org\\\/qt\\\/#organization\",\"name\":\"\u041c\u0435\u0434\u0436\u043b\u0456\u0441\",\"url\":\"https:\\\/\\\/qtmm.org\\\/qt\\\/\",\"logo\":{\"@type\":\"ImageObject\",\"inLanguage\":\"qt\",\"@id\":\"https:\\\/\\\/qtmm.org\\\/qt\\\/#\\\/schema\\\/logo\\\/image\\\/\",\"url\":\"https:\\\/\\\/qtmm.org\\\/wp-content\\\/uploads\\\/2024\\\/12\\\/ua-mejlis-logo-rgb.svg\",\"contentUrl\":\"https:\\\/\\\/qtmm.org\\\/wp-content\\\/uploads\\\/2024\\\/12\\\/ua-mejlis-logo-rgb.svg\",\"caption\":\"\u041c\u0435\u0434\u0436\u043b\u0456\u0441\"},\"image\":{\"@id\":\"https:\\\/\\\/qtmm.org\\\/qt\\\/#\\\/schema\\\/logo\\\/image\\\/\"},\"sameAs\":[\"https:\\\/\\\/www.facebook.com\\\/qtmm.info\\\/\"]},{\"@type\":\"Person\",\"@id\":\"https:\\\/\\\/qtmm.org\\\/qt\\\/#\\\/schema\\\/person\\\/de562469f971dec226ac06e60bbf74a7\",\"name\":\"Developer\",\"image\":{\"@type\":\"ImageObject\",\"inLanguage\":\"qt\",\"@id\":\"https:\\\/\\\/secure.gravatar.com\\\/avatar\\\/392b4cc8fbfeb00b39dfeeab4ee6edded39ffd48e25858637e4765810300227e?s=96&d=mm&r=g\",\"url\":\"https:\\\/\\\/secure.gravatar.com\\\/avatar\\\/392b4cc8fbfeb00b39dfeeab4ee6edded39ffd48e25858637e4765810300227e?s=96&d=mm&r=g\",\"contentUrl\":\"https:\\\/\\\/secure.gravatar.com\\\/avatar\\\/392b4cc8fbfeb00b39dfeeab4ee6edded39ffd48e25858637e4765810300227e?s=96&d=mm&r=g\",\"caption\":\"Developer\"},\"url\":\"https:\\\/\\\/qtmm.org\\\/qt\\\/author\\\/Developer\\\/\"}]}<\/script>\n<!-- \/ Yoast SEO plugin. -->","yoast_head_json":{"title":"Mustafa Cemilev: Akimiyet Mecliske yaq\u0131n insanlarn\u0131 \u00e7etle\u015ftirip, \u00abMogil\u00f6vn\u0131\u00f1 tatarlar\u0131n\u0131\u00bb i\u015fke ala - \u041c\u0435\u0434\u0436\u043b\u0456\u0441","robots":{"index":"index","follow":"follow","max-snippet":"max-snippet:-1","max-image-preview":"max-image-preview:large","max-video-preview":"max-video-preview:-1"},"canonical":"https:\/\/qtmm.org\/qt\/mustafa-cemilev-akimiyet-mecliske-yaqin-insanlarni-cetlestirip-mogilovnin-tatarlarini-iske-ala\/","og_locale":"en_US","og_type":"article","og_title":"Mustafa Cemilev: Akimiyet Mecliske yaq\u0131n insanlarn\u0131 \u00e7etle\u015ftirip, \u00abMogil\u00f6vn\u0131\u00f1 tatarlar\u0131n\u0131\u00bb i\u015fke ala - \u041c\u0435\u0434\u0436\u043b\u0456\u0441","og_description":"2013 senesi fevral 20 k\u00fcn\u00fc Q\u0131r\u0131m Yuqar\u0131 \u015euras\u0131 alt\u0131nc\u0131 sessiyas\u0131n\u0131\u00f1 topla\u015fuv\u0131nda Q\u0131r\u0131m Yuqar\u0131 \u015euras\u0131 Milletlerara munasebetler ve s\u00fcrg\u00fcn etilgen grajdanlarn\u0131\u00f1 i\u015fleri boyunca daimiy komissiyan\u0131\u00f1 reisi Remzi \u0130lyasovn\u0131 vazifesinden bo\u015fat\u0131p, bu vazifege Enver Abduraimovn\u0131 tayinlev meselesi baq\u0131ld\u0131. Rey berilmezden evel Yuqar\u0131 \u015eurada &#8220;Qurultay-Ruh&#8221; fraktsiyas\u0131n\u0131\u00f1 ba\u015f\u0131 Refat \u00c7ubarov mezk\u00fcr meseleni\u00f1 k\u00fcn tertibine qoyulmas\u0131na ve umumen tayinlevge qar\u015f\u0131 [&hellip;]","og_url":"https:\/\/qtmm.org\/qt\/mustafa-cemilev-akimiyet-mecliske-yaqin-insanlarni-cetlestirip-mogilovnin-tatarlarini-iske-ala\/","og_site_name":"\u041c\u0435\u0434\u0436\u043b\u0456\u0441","article_publisher":"https:\/\/www.facebook.com\/qtmm.info\/","article_published_time":"2013-02-20T14:08:00+00:00","article_modified_time":"2022-01-23T14:11:09+00:00","og_image":[{"width":650,"height":400,"url":"https:\/\/qtmm.org\/wp-content\/uploads\/2022\/01\/img_0924.jpeg","type":"image\/jpeg"}],"author":"Developer","twitter_card":"summary_large_image","twitter_misc":{"Written by":"Developer","Est. reading time":"3 minutes"},"schema":{"@context":"https:\/\/schema.org","@graph":[{"@type":"Article","@id":"https:\/\/qtmm.org\/qt\/mustafa-cemilev-akimiyet-mecliske-yaqin-insanlarni-cetlestirip-mogilovnin-tatarlarini-iske-ala\/#article","isPartOf":{"@id":"https:\/\/qtmm.org\/qt\/mustafa-cemilev-akimiyet-mecliske-yaqin-insanlarni-cetlestirip-mogilovnin-tatarlarini-iske-ala\/"},"author":{"name":"Developer","@id":"https:\/\/qtmm.org\/qt\/#\/schema\/person\/de562469f971dec226ac06e60bbf74a7"},"headline":"Mustafa Cemilev: Akimiyet Mecliske yaq\u0131n insanlarn\u0131 \u00e7etle\u015ftirip, \u00abMogil\u00f6vn\u0131\u00f1 tatarlar\u0131n\u0131\u00bb i\u015fke ala","datePublished":"2013-02-20T14:08:00+00:00","dateModified":"2022-01-23T14:11:09+00:00","mainEntityOfPage":{"@id":"https:\/\/qtmm.org\/qt\/mustafa-cemilev-akimiyet-mecliske-yaqin-insanlarni-cetlestirip-mogilovnin-tatarlarini-iske-ala\/"},"wordCount":520,"commentCount":0,"publisher":{"@id":"https:\/\/qtmm.org\/qt\/#organization"},"image":{"@id":"https:\/\/qtmm.org\/qt\/mustafa-cemilev-akimiyet-mecliske-yaqin-insanlarni-cetlestirip-mogilovnin-tatarlarini-iske-ala\/#primaryimage"},"thumbnailUrl":"https:\/\/qtmm.org\/wp-content\/uploads\/2022\/01\/img_0924.jpeg","articleSection":["Haberler"],"inLanguage":"qt","potentialAction":[{"@type":"CommentAction","name":"Comment","target":["https:\/\/qtmm.org\/qt\/mustafa-cemilev-akimiyet-mecliske-yaqin-insanlarni-cetlestirip-mogilovnin-tatarlarini-iske-ala\/#respond"]}]},{"@type":"WebPage","@id":"https:\/\/qtmm.org\/qt\/mustafa-cemilev-akimiyet-mecliske-yaqin-insanlarni-cetlestirip-mogilovnin-tatarlarini-iske-ala\/","url":"https:\/\/qtmm.org\/qt\/mustafa-cemilev-akimiyet-mecliske-yaqin-insanlarni-cetlestirip-mogilovnin-tatarlarini-iske-ala\/","name":"Mustafa Cemilev: Akimiyet Mecliske yaq\u0131n insanlarn\u0131 \u00e7etle\u015ftirip, \u00abMogil\u00f6vn\u0131\u00f1 tatarlar\u0131n\u0131\u00bb i\u015fke ala - \u041c\u0435\u0434\u0436\u043b\u0456\u0441","isPartOf":{"@id":"https:\/\/qtmm.org\/qt\/#website"},"primaryImageOfPage":{"@id":"https:\/\/qtmm.org\/qt\/mustafa-cemilev-akimiyet-mecliske-yaqin-insanlarni-cetlestirip-mogilovnin-tatarlarini-iske-ala\/#primaryimage"},"image":{"@id":"https:\/\/qtmm.org\/qt\/mustafa-cemilev-akimiyet-mecliske-yaqin-insanlarni-cetlestirip-mogilovnin-tatarlarini-iske-ala\/#primaryimage"},"thumbnailUrl":"https:\/\/qtmm.org\/wp-content\/uploads\/2022\/01\/img_0924.jpeg","datePublished":"2013-02-20T14:08:00+00:00","dateModified":"2022-01-23T14:11:09+00:00","breadcrumb":{"@id":"https:\/\/qtmm.org\/qt\/mustafa-cemilev-akimiyet-mecliske-yaqin-insanlarni-cetlestirip-mogilovnin-tatarlarini-iske-ala\/#breadcrumb"},"inLanguage":"qt","potentialAction":[{"@type":"ReadAction","target":["https:\/\/qtmm.org\/qt\/mustafa-cemilev-akimiyet-mecliske-yaqin-insanlarni-cetlestirip-mogilovnin-tatarlarini-iske-ala\/"]}]},{"@type":"ImageObject","inLanguage":"qt","@id":"https:\/\/qtmm.org\/qt\/mustafa-cemilev-akimiyet-mecliske-yaqin-insanlarni-cetlestirip-mogilovnin-tatarlarini-iske-ala\/#primaryimage","url":"https:\/\/qtmm.org\/wp-content\/uploads\/2022\/01\/img_0924.jpeg","contentUrl":"https:\/\/qtmm.org\/wp-content\/uploads\/2022\/01\/img_0924.jpeg","width":650,"height":400},{"@type":"BreadcrumbList","@id":"https:\/\/qtmm.org\/qt\/mustafa-cemilev-akimiyet-mecliske-yaqin-insanlarni-cetlestirip-mogilovnin-tatarlarini-iske-ala\/#breadcrumb","itemListElement":[{"@type":"ListItem","position":1,"name":"\u0413\u043e\u043b\u043e\u0432\u043d\u0430","item":"https:\/\/qtmm.org\/qt\/"},{"@type":"ListItem","position":2,"name":"Mustafa Cemilev: Akimiyet Mecliske yaq\u0131n insanlarn\u0131 \u00e7etle\u015ftirip, \u00abMogil\u00f6vn\u0131\u00f1 tatarlar\u0131n\u0131\u00bb i\u015fke ala"}]},{"@type":"WebSite","@id":"https:\/\/qtmm.org\/qt\/#website","url":"https:\/\/qtmm.org\/qt\/","name":"\u041c\u0435\u0434\u0436\u043b\u0456\u0441","description":"","publisher":{"@id":"https:\/\/qtmm.org\/qt\/#organization"},"potentialAction":[{"@type":"SearchAction","target":{"@type":"EntryPoint","urlTemplate":"https:\/\/qtmm.org\/qt\/?s={search_term_string}"},"query-input":{"@type":"PropertyValueSpecification","valueRequired":true,"valueName":"search_term_string"}}],"inLanguage":"qt"},{"@type":"Organization","@id":"https:\/\/qtmm.org\/qt\/#organization","name":"\u041c\u0435\u0434\u0436\u043b\u0456\u0441","url":"https:\/\/qtmm.org\/qt\/","logo":{"@type":"ImageObject","inLanguage":"qt","@id":"https:\/\/qtmm.org\/qt\/#\/schema\/logo\/image\/","url":"https:\/\/qtmm.org\/wp-content\/uploads\/2024\/12\/ua-mejlis-logo-rgb.svg","contentUrl":"https:\/\/qtmm.org\/wp-content\/uploads\/2024\/12\/ua-mejlis-logo-rgb.svg","caption":"\u041c\u0435\u0434\u0436\u043b\u0456\u0441"},"image":{"@id":"https:\/\/qtmm.org\/qt\/#\/schema\/logo\/image\/"},"sameAs":["https:\/\/www.facebook.com\/qtmm.info\/"]},{"@type":"Person","@id":"https:\/\/qtmm.org\/qt\/#\/schema\/person\/de562469f971dec226ac06e60bbf74a7","name":"Developer","image":{"@type":"ImageObject","inLanguage":"qt","@id":"https:\/\/secure.gravatar.com\/avatar\/392b4cc8fbfeb00b39dfeeab4ee6edded39ffd48e25858637e4765810300227e?s=96&d=mm&r=g","url":"https:\/\/secure.gravatar.com\/avatar\/392b4cc8fbfeb00b39dfeeab4ee6edded39ffd48e25858637e4765810300227e?s=96&d=mm&r=g","contentUrl":"https:\/\/secure.gravatar.com\/avatar\/392b4cc8fbfeb00b39dfeeab4ee6edded39ffd48e25858637e4765810300227e?s=96&d=mm&r=g","caption":"Developer"},"url":"https:\/\/qtmm.org\/qt\/author\/Developer\/"}]}},"_links":{"self":[{"href":"https:\/\/qtmm.org\/qt\/wp-json\/wp\/v2\/posts\/35955","targetHints":{"allow":["GET"]}}],"collection":[{"href":"https:\/\/qtmm.org\/qt\/wp-json\/wp\/v2\/posts"}],"about":[{"href":"https:\/\/qtmm.org\/qt\/wp-json\/wp\/v2\/types\/post"}],"author":[{"embeddable":true,"href":"https:\/\/qtmm.org\/qt\/wp-json\/wp\/v2\/users\/1"}],"replies":[{"embeddable":true,"href":"https:\/\/qtmm.org\/qt\/wp-json\/wp\/v2\/comments?post=35955"}],"version-history":[{"count":1,"href":"https:\/\/qtmm.org\/qt\/wp-json\/wp\/v2\/posts\/35955\/revisions"}],"predecessor-version":[{"id":35968,"href":"https:\/\/qtmm.org\/qt\/wp-json\/wp\/v2\/posts\/35955\/revisions\/35968"}],"wp:featuredmedia":[{"embeddable":true,"href":"https:\/\/qtmm.org\/qt\/wp-json\/wp\/v2\/media\/35956"}],"wp:attachment":[{"href":"https:\/\/qtmm.org\/qt\/wp-json\/wp\/v2\/media?parent=35955"}],"wp:term":[{"taxonomy":"category","embeddable":true,"href":"https:\/\/qtmm.org\/qt\/wp-json\/wp\/v2\/categories?post=35955"},{"taxonomy":"post_tag","embeddable":true,"href":"https:\/\/qtmm.org\/qt\/wp-json\/wp\/v2\/tags?post=35955"}],"curies":[{"name":"wp","href":"https:\/\/api.w.org\/{rel}","templated":true}]}}