




{"id":35949,"date":"2013-02-20T17:07:00","date_gmt":"2013-02-20T14:07:00","guid":{"rendered":"http:\/\/qtmm.org\/?p=35949"},"modified":"2022-01-23T17:08:43","modified_gmt":"2022-01-23T14:08:43","slug":"refat-cubarov-qirim-romanovlar-sulalesinin-degil-de-epimiznin-evimizdir","status":"publish","type":"post","link":"https:\/\/qtmm.org\/qt\/refat-cubarov-qirim-romanovlar-sulalesinin-degil-de-epimiznin-evimizdir\/","title":{"rendered":"Refat \u00c7ubarov: Q\u0131r\u0131m &#8211; Romanovlar s\u00fcl\u00e2lesini\u00f1 degil de, epimizni\u00f1 evimizdir"},"content":{"rendered":"\n<p>Q\u0131r\u0131m Yuqar\u0131 \u015euras\u0131n\u0131\u00f1 fevral 20-de ol\u0131p ke\u00e7ken sessiyas\u0131nda Meclis reisini\u00f1 birinci muavini, &#8220;Qurultay-Ruh&#8221; fraktsiyas\u0131n\u0131\u00f1 ba\u015f\u0131 Refat \u00c7ubarov Cumhuriyet \u0130nformatsiya komiteti taraf\u0131ndan ne\u015fir etilgen &#8220;Kr\u0131m -2013&#8221; taqvimini keskin tenqid etti.<\/p>\n\n\n\n<p>Refat \u00c7ubarov Taqvimde i\u00e7 bir q\u0131r\u0131mtatar medeniy yadik\u00e2rl\u0131qn\u0131\u00f1 resimi, i\u00e7 bir q\u0131r\u0131mtatar \u015fairinden sat\u0131rlarn\u0131\u00f1 olma\u011fan\u0131nen i\u00e7 raz\u0131 degil. Bun\u0131 Refat \u00c7ubarov sessiyada deputat Sergey Tsekovn\u0131\u00f1 teklifine k\u00f6re Romanovlar evi bayram\u0131n\u0131 ke\u00e7ir\u00fcv meselesi muzakere etilgende bildirdi.<\/p>\n\n\n\n<p>&#8220;1613 senesi Q\u0131r\u0131mda Geraylar s\u00fcl\u00e2lesi \u00fck\u00fcmdarl\u0131q etip, m\u0131nda Q\u0131r\u0131m Hanl\u0131\u011f\u0131 bar edi. Nas\u0131l Romanovlar evi \u015fu? Moskvada 1613 senesi Mihail Romanov tahtqa k\u00f6terildi, l\u00e2kin Q\u0131r\u0131mda degil \u2013 Moskvada! Q\u0131r\u0131mn\u0131\u00f1 bu vaqianen ve Romanovlar s\u00fcl\u00e2lesini\u00f1 \u00fck\u00fcmranl\u0131\u011f\u0131 ba\u015fla\u011fan\u0131nen ne al\u0131p berecegi bar?&#8221; &#8211; dedi Refat \u00c7ubarov Sergey Tsekov teklif etken leyha aqq\u0131nda.<\/p>\n\n\n\n<p>Sergey Tsekov ise taqvimde q\u0131r\u0131mtatarlar\u011fa dair mal\u00fcmat olma\u011fan\u0131nda q\u0131r\u0131mtatarlarn\u0131\u00f1 \u00f6zleri qabaatl\u0131lar, dedi. Refat \u00c7ubarov b\u00f6yle cevap berdi: &#8220;Eger Nazirler \u015euras\u0131nda q\u0131r\u0131mtatarlarn\u0131\u00f1 medeniyeti ve tasilinen o\u011fra\u015fqan hadimler olsa edi, bu suallerge acet qalmaz edi&#8221;.<\/p>\n\n\n\n<p><em>\u015eun\u0131 hat\u0131rlatam\u0131z ki, fevral 14 k\u00fcn\u00fc Q\u0131r\u0131m Yuqar\u0131 \u015euras\u0131 B\u00fccet, iqtisadiyat ve yat\u0131r\u0131mlar siyaseti boyunca daimiy komissiyan\u0131\u00f1 topla\u015fuv\u0131nda deputat Tsekov teklif etken &#8220;\u00c7ar Romanovlar evini\u00f1 Q\u0131r\u0131mda 400 y\u0131ll\u0131\u011f\u0131 munasebetinen bayram teldbirleri&#8221; leyhas\u0131 muzakere etilgende Meclis reisini\u00f1 birinci muavini, &#8220;Qurultay-Ruh&#8221; fraktsiyas\u0131n\u0131\u00f1 ba\u015f\u0131 Refat \u00c7ubarov Romanovlar Evini\u00f1 Q\u0131r\u0131mda 400 y\u0131ll\u0131\u011f\u0131n\u0131 qayd etilmesine aq\u0131ls\u0131z ve i\u00e7 kimsege keregi olma\u011fan bir siyasiy ad\u0131m, dep q\u0131ymet kesti.<br><br>R. \u00c7ubarov Mihail Romanov 1613 senesi tahtqa \u00e7\u0131qqanda Q\u0131r\u0131mn\u0131\u00f1 Moskva\u011fa i\u00e7 bir t\u00fcrl\u00fc al\u00e2qas\u0131 olma\u011fan\u0131nda emin.<\/em><\/p>\n","protected":false},"excerpt":{"rendered":"<p>Q\u0131r\u0131m Yuqar\u0131 \u015euras\u0131n\u0131\u00f1 fevral 20-de ol\u0131p ke\u00e7ken sessiyas\u0131nda Meclis reisini\u00f1 birinci muavini, &#8220;Qurultay-Ruh&#8221; fraktsiyas\u0131n\u0131\u00f1 ba\u015f\u0131 Refat \u00c7ubarov Cumhuriyet \u0130nformatsiya komiteti taraf\u0131ndan ne\u015fir etilgen &#8220;Kr\u0131m -2013&#8221; taqvimini keskin tenqid etti. Refat \u00c7ubarov Taqvimde i\u00e7 bir q\u0131r\u0131mtatar medeniy yadik\u00e2rl\u0131qn\u0131\u00f1 resimi, i\u00e7 bir q\u0131r\u0131mtatar \u015fairinden sat\u0131rlarn\u0131\u00f1 olma\u011fan\u0131nen i\u00e7 raz\u0131 degil. Bun\u0131 Refat \u00c7ubarov sessiyada deputat Sergey Tsekovn\u0131\u00f1 teklifine [&hellip;]<\/p>\n","protected":false},"author":1,"featured_media":35950,"comment_status":"open","ping_status":"open","sticky":false,"template":"","format":"standard","meta":{"inline_featured_image":false,"footnotes":""},"categories":[265],"tags":[],"class_list":["post-35949","post","type-post","status-publish","format-standard","has-post-thumbnail","hentry","category-haberler"],"acf":[],"yoast_head":"<!-- This site is optimized with the Yoast SEO plugin v27.4 - https:\/\/yoast.com\/product\/yoast-seo-wordpress\/ -->\n<title>Refat \u00c7ubarov: Q\u0131r\u0131m - Romanovlar s\u00fcl\u00e2lesini\u00f1 degil de, epimizni\u00f1 evimizdir - \u041c\u0435\u0434\u0436\u043b\u0456\u0441<\/title>\n<meta name=\"robots\" content=\"index, follow, max-snippet:-1, max-image-preview:large, max-video-preview:-1\" \/>\n<link rel=\"canonical\" href=\"https:\/\/qtmm.org\/qt\/refat-cubarov-qirim-romanovlar-sulalesinin-degil-de-epimiznin-evimizdir\/\" \/>\n<meta property=\"og:locale\" content=\"en_US\" \/>\n<meta property=\"og:type\" content=\"article\" \/>\n<meta property=\"og:title\" content=\"Refat \u00c7ubarov: Q\u0131r\u0131m - Romanovlar s\u00fcl\u00e2lesini\u00f1 degil de, epimizni\u00f1 evimizdir - \u041c\u0435\u0434\u0436\u043b\u0456\u0441\" \/>\n<meta property=\"og:description\" content=\"Q\u0131r\u0131m Yuqar\u0131 \u015euras\u0131n\u0131\u00f1 fevral 20-de ol\u0131p ke\u00e7ken sessiyas\u0131nda Meclis reisini\u00f1 birinci muavini, &#8220;Qurultay-Ruh&#8221; fraktsiyas\u0131n\u0131\u00f1 ba\u015f\u0131 Refat \u00c7ubarov Cumhuriyet \u0130nformatsiya komiteti taraf\u0131ndan ne\u015fir etilgen &#8220;Kr\u0131m -2013&#8221; taqvimini keskin tenqid etti. Refat \u00c7ubarov Taqvimde i\u00e7 bir q\u0131r\u0131mtatar medeniy yadik\u00e2rl\u0131qn\u0131\u00f1 resimi, i\u00e7 bir q\u0131r\u0131mtatar \u015fairinden sat\u0131rlarn\u0131\u00f1 olma\u011fan\u0131nen i\u00e7 raz\u0131 degil. Bun\u0131 Refat \u00c7ubarov sessiyada deputat Sergey Tsekovn\u0131\u00f1 teklifine [&hellip;]\" \/>\n<meta property=\"og:url\" content=\"https:\/\/qtmm.org\/qt\/refat-cubarov-qirim-romanovlar-sulalesinin-degil-de-epimiznin-evimizdir\/\" \/>\n<meta property=\"og:site_name\" content=\"\u041c\u0435\u0434\u0436\u043b\u0456\u0441\" \/>\n<meta property=\"article:publisher\" content=\"https:\/\/www.facebook.com\/qtmm.info\/\" \/>\n<meta property=\"article:published_time\" content=\"2013-02-20T14:07:00+00:00\" \/>\n<meta property=\"article:modified_time\" content=\"2022-01-23T14:08:43+00:00\" \/>\n<meta property=\"og:image\" content=\"https:\/\/qtmm.org\/wp-content\/uploads\/2022\/01\/img_0923.jpeg\" \/>\n\t<meta property=\"og:image:width\" content=\"650\" \/>\n\t<meta property=\"og:image:height\" content=\"400\" \/>\n\t<meta property=\"og:image:type\" content=\"image\/jpeg\" \/>\n<meta name=\"author\" content=\"Developer\" \/>\n<meta name=\"twitter:card\" content=\"summary_large_image\" \/>\n<meta name=\"twitter:label1\" content=\"Written by\" \/>\n\t<meta name=\"twitter:data1\" content=\"Developer\" \/>\n\t<meta name=\"twitter:label2\" content=\"Est. reading time\" \/>\n\t<meta name=\"twitter:data2\" content=\"2 minutes\" \/>\n<script type=\"application\/ld+json\" class=\"yoast-schema-graph\">{\"@context\":\"https:\\\/\\\/schema.org\",\"@graph\":[{\"@type\":\"Article\",\"@id\":\"https:\\\/\\\/qtmm.org\\\/qt\\\/refat-cubarov-qirim-romanovlar-sulalesinin-degil-de-epimiznin-evimizdir\\\/#article\",\"isPartOf\":{\"@id\":\"https:\\\/\\\/qtmm.org\\\/qt\\\/refat-cubarov-qirim-romanovlar-sulalesinin-degil-de-epimiznin-evimizdir\\\/\"},\"author\":{\"name\":\"Developer\",\"@id\":\"https:\\\/\\\/qtmm.org\\\/qt\\\/#\\\/schema\\\/person\\\/de562469f971dec226ac06e60bbf74a7\"},\"headline\":\"Refat \u00c7ubarov: Q\u0131r\u0131m &#8211; Romanovlar s\u00fcl\u00e2lesini\u00f1 degil de, epimizni\u00f1 evimizdir\",\"datePublished\":\"2013-02-20T14:07:00+00:00\",\"dateModified\":\"2022-01-23T14:08:43+00:00\",\"mainEntityOfPage\":{\"@id\":\"https:\\\/\\\/qtmm.org\\\/qt\\\/refat-cubarov-qirim-romanovlar-sulalesinin-degil-de-epimiznin-evimizdir\\\/\"},\"wordCount\":324,\"commentCount\":0,\"publisher\":{\"@id\":\"https:\\\/\\\/qtmm.org\\\/qt\\\/#organization\"},\"image\":{\"@id\":\"https:\\\/\\\/qtmm.org\\\/qt\\\/refat-cubarov-qirim-romanovlar-sulalesinin-degil-de-epimiznin-evimizdir\\\/#primaryimage\"},\"thumbnailUrl\":\"https:\\\/\\\/qtmm.org\\\/wp-content\\\/uploads\\\/2022\\\/01\\\/img_0923.jpeg\",\"articleSection\":[\"Haberler\"],\"inLanguage\":\"qt\",\"potentialAction\":[{\"@type\":\"CommentAction\",\"name\":\"Comment\",\"target\":[\"https:\\\/\\\/qtmm.org\\\/qt\\\/refat-cubarov-qirim-romanovlar-sulalesinin-degil-de-epimiznin-evimizdir\\\/#respond\"]}]},{\"@type\":\"WebPage\",\"@id\":\"https:\\\/\\\/qtmm.org\\\/qt\\\/refat-cubarov-qirim-romanovlar-sulalesinin-degil-de-epimiznin-evimizdir\\\/\",\"url\":\"https:\\\/\\\/qtmm.org\\\/qt\\\/refat-cubarov-qirim-romanovlar-sulalesinin-degil-de-epimiznin-evimizdir\\\/\",\"name\":\"Refat \u00c7ubarov: Q\u0131r\u0131m - Romanovlar s\u00fcl\u00e2lesini\u00f1 degil de, epimizni\u00f1 evimizdir - \u041c\u0435\u0434\u0436\u043b\u0456\u0441\",\"isPartOf\":{\"@id\":\"https:\\\/\\\/qtmm.org\\\/qt\\\/#website\"},\"primaryImageOfPage\":{\"@id\":\"https:\\\/\\\/qtmm.org\\\/qt\\\/refat-cubarov-qirim-romanovlar-sulalesinin-degil-de-epimiznin-evimizdir\\\/#primaryimage\"},\"image\":{\"@id\":\"https:\\\/\\\/qtmm.org\\\/qt\\\/refat-cubarov-qirim-romanovlar-sulalesinin-degil-de-epimiznin-evimizdir\\\/#primaryimage\"},\"thumbnailUrl\":\"https:\\\/\\\/qtmm.org\\\/wp-content\\\/uploads\\\/2022\\\/01\\\/img_0923.jpeg\",\"datePublished\":\"2013-02-20T14:07:00+00:00\",\"dateModified\":\"2022-01-23T14:08:43+00:00\",\"breadcrumb\":{\"@id\":\"https:\\\/\\\/qtmm.org\\\/qt\\\/refat-cubarov-qirim-romanovlar-sulalesinin-degil-de-epimiznin-evimizdir\\\/#breadcrumb\"},\"inLanguage\":\"qt\",\"potentialAction\":[{\"@type\":\"ReadAction\",\"target\":[\"https:\\\/\\\/qtmm.org\\\/qt\\\/refat-cubarov-qirim-romanovlar-sulalesinin-degil-de-epimiznin-evimizdir\\\/\"]}]},{\"@type\":\"ImageObject\",\"inLanguage\":\"qt\",\"@id\":\"https:\\\/\\\/qtmm.org\\\/qt\\\/refat-cubarov-qirim-romanovlar-sulalesinin-degil-de-epimiznin-evimizdir\\\/#primaryimage\",\"url\":\"https:\\\/\\\/qtmm.org\\\/wp-content\\\/uploads\\\/2022\\\/01\\\/img_0923.jpeg\",\"contentUrl\":\"https:\\\/\\\/qtmm.org\\\/wp-content\\\/uploads\\\/2022\\\/01\\\/img_0923.jpeg\",\"width\":650,\"height\":400},{\"@type\":\"BreadcrumbList\",\"@id\":\"https:\\\/\\\/qtmm.org\\\/qt\\\/refat-cubarov-qirim-romanovlar-sulalesinin-degil-de-epimiznin-evimizdir\\\/#breadcrumb\",\"itemListElement\":[{\"@type\":\"ListItem\",\"position\":1,\"name\":\"\u0413\u043e\u043b\u043e\u0432\u043d\u0430\",\"item\":\"https:\\\/\\\/qtmm.org\\\/qt\\\/\"},{\"@type\":\"ListItem\",\"position\":2,\"name\":\"Refat \u00c7ubarov: Q\u0131r\u0131m &#8211; Romanovlar s\u00fcl\u00e2lesini\u00f1 degil de, epimizni\u00f1 evimizdir\"}]},{\"@type\":\"WebSite\",\"@id\":\"https:\\\/\\\/qtmm.org\\\/qt\\\/#website\",\"url\":\"https:\\\/\\\/qtmm.org\\\/qt\\\/\",\"name\":\"\u041c\u0435\u0434\u0436\u043b\u0456\u0441\",\"description\":\"\",\"publisher\":{\"@id\":\"https:\\\/\\\/qtmm.org\\\/qt\\\/#organization\"},\"potentialAction\":[{\"@type\":\"SearchAction\",\"target\":{\"@type\":\"EntryPoint\",\"urlTemplate\":\"https:\\\/\\\/qtmm.org\\\/qt\\\/?s={search_term_string}\"},\"query-input\":{\"@type\":\"PropertyValueSpecification\",\"valueRequired\":true,\"valueName\":\"search_term_string\"}}],\"inLanguage\":\"qt\"},{\"@type\":\"Organization\",\"@id\":\"https:\\\/\\\/qtmm.org\\\/qt\\\/#organization\",\"name\":\"\u041c\u0435\u0434\u0436\u043b\u0456\u0441\",\"url\":\"https:\\\/\\\/qtmm.org\\\/qt\\\/\",\"logo\":{\"@type\":\"ImageObject\",\"inLanguage\":\"qt\",\"@id\":\"https:\\\/\\\/qtmm.org\\\/qt\\\/#\\\/schema\\\/logo\\\/image\\\/\",\"url\":\"https:\\\/\\\/qtmm.org\\\/wp-content\\\/uploads\\\/2024\\\/12\\\/ua-mejlis-logo-rgb.svg\",\"contentUrl\":\"https:\\\/\\\/qtmm.org\\\/wp-content\\\/uploads\\\/2024\\\/12\\\/ua-mejlis-logo-rgb.svg\",\"caption\":\"\u041c\u0435\u0434\u0436\u043b\u0456\u0441\"},\"image\":{\"@id\":\"https:\\\/\\\/qtmm.org\\\/qt\\\/#\\\/schema\\\/logo\\\/image\\\/\"},\"sameAs\":[\"https:\\\/\\\/www.facebook.com\\\/qtmm.info\\\/\"]},{\"@type\":\"Person\",\"@id\":\"https:\\\/\\\/qtmm.org\\\/qt\\\/#\\\/schema\\\/person\\\/de562469f971dec226ac06e60bbf74a7\",\"name\":\"Developer\",\"image\":{\"@type\":\"ImageObject\",\"inLanguage\":\"qt\",\"@id\":\"https:\\\/\\\/secure.gravatar.com\\\/avatar\\\/392b4cc8fbfeb00b39dfeeab4ee6edded39ffd48e25858637e4765810300227e?s=96&d=mm&r=g\",\"url\":\"https:\\\/\\\/secure.gravatar.com\\\/avatar\\\/392b4cc8fbfeb00b39dfeeab4ee6edded39ffd48e25858637e4765810300227e?s=96&d=mm&r=g\",\"contentUrl\":\"https:\\\/\\\/secure.gravatar.com\\\/avatar\\\/392b4cc8fbfeb00b39dfeeab4ee6edded39ffd48e25858637e4765810300227e?s=96&d=mm&r=g\",\"caption\":\"Developer\"},\"url\":\"https:\\\/\\\/qtmm.org\\\/qt\\\/author\\\/Developer\\\/\"}]}<\/script>\n<!-- \/ Yoast SEO plugin. -->","yoast_head_json":{"title":"Refat \u00c7ubarov: Q\u0131r\u0131m - Romanovlar s\u00fcl\u00e2lesini\u00f1 degil de, epimizni\u00f1 evimizdir - \u041c\u0435\u0434\u0436\u043b\u0456\u0441","robots":{"index":"index","follow":"follow","max-snippet":"max-snippet:-1","max-image-preview":"max-image-preview:large","max-video-preview":"max-video-preview:-1"},"canonical":"https:\/\/qtmm.org\/qt\/refat-cubarov-qirim-romanovlar-sulalesinin-degil-de-epimiznin-evimizdir\/","og_locale":"en_US","og_type":"article","og_title":"Refat \u00c7ubarov: Q\u0131r\u0131m - Romanovlar s\u00fcl\u00e2lesini\u00f1 degil de, epimizni\u00f1 evimizdir - \u041c\u0435\u0434\u0436\u043b\u0456\u0441","og_description":"Q\u0131r\u0131m Yuqar\u0131 \u015euras\u0131n\u0131\u00f1 fevral 20-de ol\u0131p ke\u00e7ken sessiyas\u0131nda Meclis reisini\u00f1 birinci muavini, &#8220;Qurultay-Ruh&#8221; fraktsiyas\u0131n\u0131\u00f1 ba\u015f\u0131 Refat \u00c7ubarov Cumhuriyet \u0130nformatsiya komiteti taraf\u0131ndan ne\u015fir etilgen &#8220;Kr\u0131m -2013&#8221; taqvimini keskin tenqid etti. Refat \u00c7ubarov Taqvimde i\u00e7 bir q\u0131r\u0131mtatar medeniy yadik\u00e2rl\u0131qn\u0131\u00f1 resimi, i\u00e7 bir q\u0131r\u0131mtatar \u015fairinden sat\u0131rlarn\u0131\u00f1 olma\u011fan\u0131nen i\u00e7 raz\u0131 degil. Bun\u0131 Refat \u00c7ubarov sessiyada deputat Sergey Tsekovn\u0131\u00f1 teklifine [&hellip;]","og_url":"https:\/\/qtmm.org\/qt\/refat-cubarov-qirim-romanovlar-sulalesinin-degil-de-epimiznin-evimizdir\/","og_site_name":"\u041c\u0435\u0434\u0436\u043b\u0456\u0441","article_publisher":"https:\/\/www.facebook.com\/qtmm.info\/","article_published_time":"2013-02-20T14:07:00+00:00","article_modified_time":"2022-01-23T14:08:43+00:00","og_image":[{"width":650,"height":400,"url":"https:\/\/qtmm.org\/wp-content\/uploads\/2022\/01\/img_0923.jpeg","type":"image\/jpeg"}],"author":"Developer","twitter_card":"summary_large_image","twitter_misc":{"Written by":"Developer","Est. reading time":"2 minutes"},"schema":{"@context":"https:\/\/schema.org","@graph":[{"@type":"Article","@id":"https:\/\/qtmm.org\/qt\/refat-cubarov-qirim-romanovlar-sulalesinin-degil-de-epimiznin-evimizdir\/#article","isPartOf":{"@id":"https:\/\/qtmm.org\/qt\/refat-cubarov-qirim-romanovlar-sulalesinin-degil-de-epimiznin-evimizdir\/"},"author":{"name":"Developer","@id":"https:\/\/qtmm.org\/qt\/#\/schema\/person\/de562469f971dec226ac06e60bbf74a7"},"headline":"Refat \u00c7ubarov: Q\u0131r\u0131m &#8211; Romanovlar s\u00fcl\u00e2lesini\u00f1 degil de, epimizni\u00f1 evimizdir","datePublished":"2013-02-20T14:07:00+00:00","dateModified":"2022-01-23T14:08:43+00:00","mainEntityOfPage":{"@id":"https:\/\/qtmm.org\/qt\/refat-cubarov-qirim-romanovlar-sulalesinin-degil-de-epimiznin-evimizdir\/"},"wordCount":324,"commentCount":0,"publisher":{"@id":"https:\/\/qtmm.org\/qt\/#organization"},"image":{"@id":"https:\/\/qtmm.org\/qt\/refat-cubarov-qirim-romanovlar-sulalesinin-degil-de-epimiznin-evimizdir\/#primaryimage"},"thumbnailUrl":"https:\/\/qtmm.org\/wp-content\/uploads\/2022\/01\/img_0923.jpeg","articleSection":["Haberler"],"inLanguage":"qt","potentialAction":[{"@type":"CommentAction","name":"Comment","target":["https:\/\/qtmm.org\/qt\/refat-cubarov-qirim-romanovlar-sulalesinin-degil-de-epimiznin-evimizdir\/#respond"]}]},{"@type":"WebPage","@id":"https:\/\/qtmm.org\/qt\/refat-cubarov-qirim-romanovlar-sulalesinin-degil-de-epimiznin-evimizdir\/","url":"https:\/\/qtmm.org\/qt\/refat-cubarov-qirim-romanovlar-sulalesinin-degil-de-epimiznin-evimizdir\/","name":"Refat \u00c7ubarov: Q\u0131r\u0131m - Romanovlar s\u00fcl\u00e2lesini\u00f1 degil de, epimizni\u00f1 evimizdir - \u041c\u0435\u0434\u0436\u043b\u0456\u0441","isPartOf":{"@id":"https:\/\/qtmm.org\/qt\/#website"},"primaryImageOfPage":{"@id":"https:\/\/qtmm.org\/qt\/refat-cubarov-qirim-romanovlar-sulalesinin-degil-de-epimiznin-evimizdir\/#primaryimage"},"image":{"@id":"https:\/\/qtmm.org\/qt\/refat-cubarov-qirim-romanovlar-sulalesinin-degil-de-epimiznin-evimizdir\/#primaryimage"},"thumbnailUrl":"https:\/\/qtmm.org\/wp-content\/uploads\/2022\/01\/img_0923.jpeg","datePublished":"2013-02-20T14:07:00+00:00","dateModified":"2022-01-23T14:08:43+00:00","breadcrumb":{"@id":"https:\/\/qtmm.org\/qt\/refat-cubarov-qirim-romanovlar-sulalesinin-degil-de-epimiznin-evimizdir\/#breadcrumb"},"inLanguage":"qt","potentialAction":[{"@type":"ReadAction","target":["https:\/\/qtmm.org\/qt\/refat-cubarov-qirim-romanovlar-sulalesinin-degil-de-epimiznin-evimizdir\/"]}]},{"@type":"ImageObject","inLanguage":"qt","@id":"https:\/\/qtmm.org\/qt\/refat-cubarov-qirim-romanovlar-sulalesinin-degil-de-epimiznin-evimizdir\/#primaryimage","url":"https:\/\/qtmm.org\/wp-content\/uploads\/2022\/01\/img_0923.jpeg","contentUrl":"https:\/\/qtmm.org\/wp-content\/uploads\/2022\/01\/img_0923.jpeg","width":650,"height":400},{"@type":"BreadcrumbList","@id":"https:\/\/qtmm.org\/qt\/refat-cubarov-qirim-romanovlar-sulalesinin-degil-de-epimiznin-evimizdir\/#breadcrumb","itemListElement":[{"@type":"ListItem","position":1,"name":"\u0413\u043e\u043b\u043e\u0432\u043d\u0430","item":"https:\/\/qtmm.org\/qt\/"},{"@type":"ListItem","position":2,"name":"Refat \u00c7ubarov: Q\u0131r\u0131m &#8211; Romanovlar s\u00fcl\u00e2lesini\u00f1 degil de, epimizni\u00f1 evimizdir"}]},{"@type":"WebSite","@id":"https:\/\/qtmm.org\/qt\/#website","url":"https:\/\/qtmm.org\/qt\/","name":"\u041c\u0435\u0434\u0436\u043b\u0456\u0441","description":"","publisher":{"@id":"https:\/\/qtmm.org\/qt\/#organization"},"potentialAction":[{"@type":"SearchAction","target":{"@type":"EntryPoint","urlTemplate":"https:\/\/qtmm.org\/qt\/?s={search_term_string}"},"query-input":{"@type":"PropertyValueSpecification","valueRequired":true,"valueName":"search_term_string"}}],"inLanguage":"qt"},{"@type":"Organization","@id":"https:\/\/qtmm.org\/qt\/#organization","name":"\u041c\u0435\u0434\u0436\u043b\u0456\u0441","url":"https:\/\/qtmm.org\/qt\/","logo":{"@type":"ImageObject","inLanguage":"qt","@id":"https:\/\/qtmm.org\/qt\/#\/schema\/logo\/image\/","url":"https:\/\/qtmm.org\/wp-content\/uploads\/2024\/12\/ua-mejlis-logo-rgb.svg","contentUrl":"https:\/\/qtmm.org\/wp-content\/uploads\/2024\/12\/ua-mejlis-logo-rgb.svg","caption":"\u041c\u0435\u0434\u0436\u043b\u0456\u0441"},"image":{"@id":"https:\/\/qtmm.org\/qt\/#\/schema\/logo\/image\/"},"sameAs":["https:\/\/www.facebook.com\/qtmm.info\/"]},{"@type":"Person","@id":"https:\/\/qtmm.org\/qt\/#\/schema\/person\/de562469f971dec226ac06e60bbf74a7","name":"Developer","image":{"@type":"ImageObject","inLanguage":"qt","@id":"https:\/\/secure.gravatar.com\/avatar\/392b4cc8fbfeb00b39dfeeab4ee6edded39ffd48e25858637e4765810300227e?s=96&d=mm&r=g","url":"https:\/\/secure.gravatar.com\/avatar\/392b4cc8fbfeb00b39dfeeab4ee6edded39ffd48e25858637e4765810300227e?s=96&d=mm&r=g","contentUrl":"https:\/\/secure.gravatar.com\/avatar\/392b4cc8fbfeb00b39dfeeab4ee6edded39ffd48e25858637e4765810300227e?s=96&d=mm&r=g","caption":"Developer"},"url":"https:\/\/qtmm.org\/qt\/author\/Developer\/"}]}},"_links":{"self":[{"href":"https:\/\/qtmm.org\/qt\/wp-json\/wp\/v2\/posts\/35949","targetHints":{"allow":["GET"]}}],"collection":[{"href":"https:\/\/qtmm.org\/qt\/wp-json\/wp\/v2\/posts"}],"about":[{"href":"https:\/\/qtmm.org\/qt\/wp-json\/wp\/v2\/types\/post"}],"author":[{"embeddable":true,"href":"https:\/\/qtmm.org\/qt\/wp-json\/wp\/v2\/users\/1"}],"replies":[{"embeddable":true,"href":"https:\/\/qtmm.org\/qt\/wp-json\/wp\/v2\/comments?post=35949"}],"version-history":[{"count":1,"href":"https:\/\/qtmm.org\/qt\/wp-json\/wp\/v2\/posts\/35949\/revisions"}],"predecessor-version":[{"id":35954,"href":"https:\/\/qtmm.org\/qt\/wp-json\/wp\/v2\/posts\/35949\/revisions\/35954"}],"wp:featuredmedia":[{"embeddable":true,"href":"https:\/\/qtmm.org\/qt\/wp-json\/wp\/v2\/media\/35950"}],"wp:attachment":[{"href":"https:\/\/qtmm.org\/qt\/wp-json\/wp\/v2\/media?parent=35949"}],"wp:term":[{"taxonomy":"category","embeddable":true,"href":"https:\/\/qtmm.org\/qt\/wp-json\/wp\/v2\/categories?post=35949"},{"taxonomy":"post_tag","embeddable":true,"href":"https:\/\/qtmm.org\/qt\/wp-json\/wp\/v2\/tags?post=35949"}],"curies":[{"name":"wp","href":"https:\/\/api.w.org\/{rel}","templated":true}]}}