




{"id":35843,"date":"2013-02-14T17:00:00","date_gmt":"2013-02-14T14:00:00","guid":{"rendered":"http:\/\/qtmm.org\/?p=35843"},"modified":"2022-01-23T17:01:02","modified_gmt":"2022-01-23T14:01:02","slug":"14-fevral-kunu-kiyevde-gennadiy-udovenkonen-vedalastilar","status":"publish","type":"post","link":"https:\/\/qtmm.org\/qt\/14-fevral-kunu-kiyevde-gennadiy-udovenkonen-vedalastilar\/","title":{"rendered":"14 fevral k\u00fcn\u00fc Kiyevde Gennadiy Udovenkonen vedala\u015ft\u0131lar"},"content":{"rendered":"\n<p>Ukraina Nazirler Kabinetini\u00f1 Medeniyet Evinde \u00f6tkerilgen cenaze merasiminde belli ukrain siyaset\u00e7isi, Ukraina t\u0131\u015fq\u0131 i\u015fler naziri, &#8220;Narodn\u0131y ruh&#8221; partiyas\u0131n\u0131\u00f1 lideri Gennadiy Udovenko ile vedala\u015fmaq i\u00e7\u00fcn Ukraina devletini\u00f1 yolba\u015f\u00e7\u0131lar\u0131 keldiler. Olarn\u0131\u00f1 aras\u0131nda Ukraina Ba\u015f naziri Nikolay Azarov, Yuqar\u0131 \u015euras\u0131n\u0131\u00f1 reisi Vladimir R\u0131bak, Ba\u015f nazir muavini Konstantin Gri\u015f\u00e7enko, Ukrain\u0131\u00f1 AQ\u015etaki sab\u0131q el\u00e7isi \u00d6leg Belorus ve Ukrainan\u0131\u00f1 \u00fc\u00e7\u00fcnci prezidenti Viktor Yu\u015f\u00e7enko bar edi.<\/p>\n\n\n\n<p>Cenazede Q\u0131r\u0131mtatar halq\u0131 Meclisini\u00f1 ad\u0131ndan bulun\u011fan Ukraina halq deputat\u0131 Mustafa Cemilevni\u00f1 yard\u0131mc\u0131s\u0131 Aleksey Skorik ve Kiyevdeki q\u0131r\u0131mtatar cemiyetini\u00f1 reisi Aslan \u00dcmerov &#8220;Q\u0131r\u0131mtatar halq\u0131n\u0131\u00f1 Meclisinden&#8221; yaz\u0131l\u0131 g\u00fcl\u00e7emyer qoyd\u0131lar.<\/p>\n\n\n\n<p>Udovenko Baykovoye qabristan\u0131nda defn etildi.<\/p>\n\n\n\n<figure class=\"wp-block-image size-full\"><img loading=\"lazy\" decoding=\"async\" width=\"650\" height=\"598\" src=\"http:\/\/qtmm.org\/wp-content\/uploads\/2022\/01\/1.1.jpg\" alt=\"\" class=\"wp-image-35844\" srcset=\"https:\/\/qtmm.org\/wp-content\/uploads\/2022\/01\/1.1.jpg 650w, https:\/\/qtmm.org\/wp-content\/uploads\/2022\/01\/1.1-300x276.jpg 300w\" sizes=\"auto, (max-width: 650px) 100vw, 650px\" \/><\/figure>\n","protected":false},"excerpt":{"rendered":"<p>Ukraina Nazirler Kabinetini\u00f1 Medeniyet Evinde \u00f6tkerilgen cenaze merasiminde belli ukrain siyaset\u00e7isi, Ukraina t\u0131\u015fq\u0131 i\u015fler naziri, &#8220;Narodn\u0131y ruh&#8221; partiyas\u0131n\u0131\u00f1 lideri Gennadiy Udovenko ile vedala\u015fmaq i\u00e7\u00fcn Ukraina devletini\u00f1 yolba\u015f\u00e7\u0131lar\u0131 keldiler. Olarn\u0131\u00f1 aras\u0131nda Ukraina Ba\u015f naziri Nikolay Azarov, Yuqar\u0131 \u015euras\u0131n\u0131\u00f1 reisi Vladimir R\u0131bak, Ba\u015f nazir muavini Konstantin Gri\u015f\u00e7enko, Ukrain\u0131\u00f1 AQ\u015etaki sab\u0131q el\u00e7isi \u00d6leg Belorus ve Ukrainan\u0131\u00f1 \u00fc\u00e7\u00fcnci prezidenti [&hellip;]<\/p>\n","protected":false},"author":1,"featured_media":0,"comment_status":"open","ping_status":"open","sticky":false,"template":"","format":"standard","meta":{"inline_featured_image":false,"footnotes":""},"categories":[265],"tags":[],"class_list":["post-35843","post","type-post","status-publish","format-standard","hentry","category-haberler"],"acf":[],"yoast_head":"<!-- This site is optimized with the Yoast SEO plugin v27.4 - https:\/\/yoast.com\/product\/yoast-seo-wordpress\/ -->\n<title>14 fevral k\u00fcn\u00fc Kiyevde Gennadiy Udovenkonen vedala\u015ft\u0131lar - \u041c\u0435\u0434\u0436\u043b\u0456\u0441<\/title>\n<meta name=\"robots\" content=\"index, follow, max-snippet:-1, max-image-preview:large, max-video-preview:-1\" \/>\n<link rel=\"canonical\" href=\"https:\/\/qtmm.org\/qt\/14-fevral-kunu-kiyevde-gennadiy-udovenkonen-vedalastilar\/\" \/>\n<meta property=\"og:locale\" content=\"en_US\" \/>\n<meta property=\"og:type\" content=\"article\" \/>\n<meta property=\"og:title\" content=\"14 fevral k\u00fcn\u00fc Kiyevde Gennadiy Udovenkonen vedala\u015ft\u0131lar - \u041c\u0435\u0434\u0436\u043b\u0456\u0441\" \/>\n<meta property=\"og:description\" content=\"Ukraina Nazirler Kabinetini\u00f1 Medeniyet Evinde \u00f6tkerilgen cenaze merasiminde belli ukrain siyaset\u00e7isi, Ukraina t\u0131\u015fq\u0131 i\u015fler naziri, &#8220;Narodn\u0131y ruh&#8221; partiyas\u0131n\u0131\u00f1 lideri Gennadiy Udovenko ile vedala\u015fmaq i\u00e7\u00fcn Ukraina devletini\u00f1 yolba\u015f\u00e7\u0131lar\u0131 keldiler. Olarn\u0131\u00f1 aras\u0131nda Ukraina Ba\u015f naziri Nikolay Azarov, Yuqar\u0131 \u015euras\u0131n\u0131\u00f1 reisi Vladimir R\u0131bak, Ba\u015f nazir muavini Konstantin Gri\u015f\u00e7enko, Ukrain\u0131\u00f1 AQ\u015etaki sab\u0131q el\u00e7isi \u00d6leg Belorus ve Ukrainan\u0131\u00f1 \u00fc\u00e7\u00fcnci prezidenti [&hellip;]\" \/>\n<meta property=\"og:url\" content=\"https:\/\/qtmm.org\/qt\/14-fevral-kunu-kiyevde-gennadiy-udovenkonen-vedalastilar\/\" \/>\n<meta property=\"og:site_name\" content=\"\u041c\u0435\u0434\u0436\u043b\u0456\u0441\" \/>\n<meta property=\"article:publisher\" content=\"https:\/\/www.facebook.com\/qtmm.info\/\" \/>\n<meta property=\"article:published_time\" content=\"2013-02-14T14:00:00+00:00\" \/>\n<meta property=\"article:modified_time\" content=\"2022-01-23T14:01:02+00:00\" \/>\n<meta property=\"og:image\" content=\"https:\/\/qtmm.org\/wp-content\/uploads\/2022\/01\/1.1.jpg\" \/>\n\t<meta property=\"og:image:width\" content=\"650\" \/>\n\t<meta property=\"og:image:height\" content=\"598\" \/>\n\t<meta property=\"og:image:type\" content=\"image\/jpeg\" \/>\n<meta name=\"author\" content=\"Developer\" \/>\n<meta name=\"twitter:card\" content=\"summary_large_image\" \/>\n<meta name=\"twitter:label1\" content=\"Written by\" \/>\n\t<meta name=\"twitter:data1\" content=\"Developer\" \/>\n\t<meta name=\"twitter:label2\" content=\"Est. reading time\" \/>\n\t<meta name=\"twitter:data2\" content=\"1 minute\" \/>\n<script type=\"application\/ld+json\" class=\"yoast-schema-graph\">{\"@context\":\"https:\\\/\\\/schema.org\",\"@graph\":[{\"@type\":\"Article\",\"@id\":\"https:\\\/\\\/qtmm.org\\\/qt\\\/14-fevral-kunu-kiyevde-gennadiy-udovenkonen-vedalastilar\\\/#article\",\"isPartOf\":{\"@id\":\"https:\\\/\\\/qtmm.org\\\/qt\\\/14-fevral-kunu-kiyevde-gennadiy-udovenkonen-vedalastilar\\\/\"},\"author\":{\"name\":\"Developer\",\"@id\":\"https:\\\/\\\/qtmm.org\\\/qt\\\/#\\\/schema\\\/person\\\/de562469f971dec226ac06e60bbf74a7\"},\"headline\":\"14 fevral k\u00fcn\u00fc Kiyevde Gennadiy Udovenkonen vedala\u015ft\u0131lar\",\"datePublished\":\"2013-02-14T14:00:00+00:00\",\"dateModified\":\"2022-01-23T14:01:02+00:00\",\"mainEntityOfPage\":{\"@id\":\"https:\\\/\\\/qtmm.org\\\/qt\\\/14-fevral-kunu-kiyevde-gennadiy-udovenkonen-vedalastilar\\\/\"},\"wordCount\":132,\"commentCount\":0,\"publisher\":{\"@id\":\"https:\\\/\\\/qtmm.org\\\/qt\\\/#organization\"},\"image\":{\"@id\":\"https:\\\/\\\/qtmm.org\\\/qt\\\/14-fevral-kunu-kiyevde-gennadiy-udovenkonen-vedalastilar\\\/#primaryimage\"},\"thumbnailUrl\":\"http:\\\/\\\/qtmm.org\\\/wp-content\\\/uploads\\\/2022\\\/01\\\/1.1.jpg\",\"articleSection\":[\"Haberler\"],\"inLanguage\":\"qt\",\"potentialAction\":[{\"@type\":\"CommentAction\",\"name\":\"Comment\",\"target\":[\"https:\\\/\\\/qtmm.org\\\/qt\\\/14-fevral-kunu-kiyevde-gennadiy-udovenkonen-vedalastilar\\\/#respond\"]}]},{\"@type\":\"WebPage\",\"@id\":\"https:\\\/\\\/qtmm.org\\\/qt\\\/14-fevral-kunu-kiyevde-gennadiy-udovenkonen-vedalastilar\\\/\",\"url\":\"https:\\\/\\\/qtmm.org\\\/qt\\\/14-fevral-kunu-kiyevde-gennadiy-udovenkonen-vedalastilar\\\/\",\"name\":\"14 fevral k\u00fcn\u00fc Kiyevde Gennadiy Udovenkonen vedala\u015ft\u0131lar - \u041c\u0435\u0434\u0436\u043b\u0456\u0441\",\"isPartOf\":{\"@id\":\"https:\\\/\\\/qtmm.org\\\/qt\\\/#website\"},\"primaryImageOfPage\":{\"@id\":\"https:\\\/\\\/qtmm.org\\\/qt\\\/14-fevral-kunu-kiyevde-gennadiy-udovenkonen-vedalastilar\\\/#primaryimage\"},\"image\":{\"@id\":\"https:\\\/\\\/qtmm.org\\\/qt\\\/14-fevral-kunu-kiyevde-gennadiy-udovenkonen-vedalastilar\\\/#primaryimage\"},\"thumbnailUrl\":\"http:\\\/\\\/qtmm.org\\\/wp-content\\\/uploads\\\/2022\\\/01\\\/1.1.jpg\",\"datePublished\":\"2013-02-14T14:00:00+00:00\",\"dateModified\":\"2022-01-23T14:01:02+00:00\",\"breadcrumb\":{\"@id\":\"https:\\\/\\\/qtmm.org\\\/qt\\\/14-fevral-kunu-kiyevde-gennadiy-udovenkonen-vedalastilar\\\/#breadcrumb\"},\"inLanguage\":\"qt\",\"potentialAction\":[{\"@type\":\"ReadAction\",\"target\":[\"https:\\\/\\\/qtmm.org\\\/qt\\\/14-fevral-kunu-kiyevde-gennadiy-udovenkonen-vedalastilar\\\/\"]}]},{\"@type\":\"ImageObject\",\"inLanguage\":\"qt\",\"@id\":\"https:\\\/\\\/qtmm.org\\\/qt\\\/14-fevral-kunu-kiyevde-gennadiy-udovenkonen-vedalastilar\\\/#primaryimage\",\"url\":\"http:\\\/\\\/qtmm.org\\\/wp-content\\\/uploads\\\/2022\\\/01\\\/1.1.jpg\",\"contentUrl\":\"http:\\\/\\\/qtmm.org\\\/wp-content\\\/uploads\\\/2022\\\/01\\\/1.1.jpg\"},{\"@type\":\"BreadcrumbList\",\"@id\":\"https:\\\/\\\/qtmm.org\\\/qt\\\/14-fevral-kunu-kiyevde-gennadiy-udovenkonen-vedalastilar\\\/#breadcrumb\",\"itemListElement\":[{\"@type\":\"ListItem\",\"position\":1,\"name\":\"\u0413\u043e\u043b\u043e\u0432\u043d\u0430\",\"item\":\"https:\\\/\\\/qtmm.org\\\/qt\\\/\"},{\"@type\":\"ListItem\",\"position\":2,\"name\":\"14 fevral k\u00fcn\u00fc Kiyevde Gennadiy Udovenkonen vedala\u015ft\u0131lar\"}]},{\"@type\":\"WebSite\",\"@id\":\"https:\\\/\\\/qtmm.org\\\/qt\\\/#website\",\"url\":\"https:\\\/\\\/qtmm.org\\\/qt\\\/\",\"name\":\"\u041c\u0435\u0434\u0436\u043b\u0456\u0441\",\"description\":\"\",\"publisher\":{\"@id\":\"https:\\\/\\\/qtmm.org\\\/qt\\\/#organization\"},\"potentialAction\":[{\"@type\":\"SearchAction\",\"target\":{\"@type\":\"EntryPoint\",\"urlTemplate\":\"https:\\\/\\\/qtmm.org\\\/qt\\\/?s={search_term_string}\"},\"query-input\":{\"@type\":\"PropertyValueSpecification\",\"valueRequired\":true,\"valueName\":\"search_term_string\"}}],\"inLanguage\":\"qt\"},{\"@type\":\"Organization\",\"@id\":\"https:\\\/\\\/qtmm.org\\\/qt\\\/#organization\",\"name\":\"\u041c\u0435\u0434\u0436\u043b\u0456\u0441\",\"url\":\"https:\\\/\\\/qtmm.org\\\/qt\\\/\",\"logo\":{\"@type\":\"ImageObject\",\"inLanguage\":\"qt\",\"@id\":\"https:\\\/\\\/qtmm.org\\\/qt\\\/#\\\/schema\\\/logo\\\/image\\\/\",\"url\":\"https:\\\/\\\/qtmm.org\\\/wp-content\\\/uploads\\\/2024\\\/12\\\/ua-mejlis-logo-rgb.svg\",\"contentUrl\":\"https:\\\/\\\/qtmm.org\\\/wp-content\\\/uploads\\\/2024\\\/12\\\/ua-mejlis-logo-rgb.svg\",\"caption\":\"\u041c\u0435\u0434\u0436\u043b\u0456\u0441\"},\"image\":{\"@id\":\"https:\\\/\\\/qtmm.org\\\/qt\\\/#\\\/schema\\\/logo\\\/image\\\/\"},\"sameAs\":[\"https:\\\/\\\/www.facebook.com\\\/qtmm.info\\\/\"]},{\"@type\":\"Person\",\"@id\":\"https:\\\/\\\/qtmm.org\\\/qt\\\/#\\\/schema\\\/person\\\/de562469f971dec226ac06e60bbf74a7\",\"name\":\"Developer\",\"image\":{\"@type\":\"ImageObject\",\"inLanguage\":\"qt\",\"@id\":\"https:\\\/\\\/secure.gravatar.com\\\/avatar\\\/392b4cc8fbfeb00b39dfeeab4ee6edded39ffd48e25858637e4765810300227e?s=96&d=mm&r=g\",\"url\":\"https:\\\/\\\/secure.gravatar.com\\\/avatar\\\/392b4cc8fbfeb00b39dfeeab4ee6edded39ffd48e25858637e4765810300227e?s=96&d=mm&r=g\",\"contentUrl\":\"https:\\\/\\\/secure.gravatar.com\\\/avatar\\\/392b4cc8fbfeb00b39dfeeab4ee6edded39ffd48e25858637e4765810300227e?s=96&d=mm&r=g\",\"caption\":\"Developer\"},\"url\":\"https:\\\/\\\/qtmm.org\\\/qt\\\/author\\\/Developer\\\/\"}]}<\/script>\n<!-- \/ Yoast SEO plugin. -->","yoast_head_json":{"title":"14 fevral k\u00fcn\u00fc Kiyevde Gennadiy Udovenkonen vedala\u015ft\u0131lar - \u041c\u0435\u0434\u0436\u043b\u0456\u0441","robots":{"index":"index","follow":"follow","max-snippet":"max-snippet:-1","max-image-preview":"max-image-preview:large","max-video-preview":"max-video-preview:-1"},"canonical":"https:\/\/qtmm.org\/qt\/14-fevral-kunu-kiyevde-gennadiy-udovenkonen-vedalastilar\/","og_locale":"en_US","og_type":"article","og_title":"14 fevral k\u00fcn\u00fc Kiyevde Gennadiy Udovenkonen vedala\u015ft\u0131lar - \u041c\u0435\u0434\u0436\u043b\u0456\u0441","og_description":"Ukraina Nazirler Kabinetini\u00f1 Medeniyet Evinde \u00f6tkerilgen cenaze merasiminde belli ukrain siyaset\u00e7isi, Ukraina t\u0131\u015fq\u0131 i\u015fler naziri, &#8220;Narodn\u0131y ruh&#8221; partiyas\u0131n\u0131\u00f1 lideri Gennadiy Udovenko ile vedala\u015fmaq i\u00e7\u00fcn Ukraina devletini\u00f1 yolba\u015f\u00e7\u0131lar\u0131 keldiler. Olarn\u0131\u00f1 aras\u0131nda Ukraina Ba\u015f naziri Nikolay Azarov, Yuqar\u0131 \u015euras\u0131n\u0131\u00f1 reisi Vladimir R\u0131bak, Ba\u015f nazir muavini Konstantin Gri\u015f\u00e7enko, Ukrain\u0131\u00f1 AQ\u015etaki sab\u0131q el\u00e7isi \u00d6leg Belorus ve Ukrainan\u0131\u00f1 \u00fc\u00e7\u00fcnci prezidenti [&hellip;]","og_url":"https:\/\/qtmm.org\/qt\/14-fevral-kunu-kiyevde-gennadiy-udovenkonen-vedalastilar\/","og_site_name":"\u041c\u0435\u0434\u0436\u043b\u0456\u0441","article_publisher":"https:\/\/www.facebook.com\/qtmm.info\/","article_published_time":"2013-02-14T14:00:00+00:00","article_modified_time":"2022-01-23T14:01:02+00:00","og_image":[{"width":650,"height":598,"url":"https:\/\/qtmm.org\/wp-content\/uploads\/2022\/01\/1.1.jpg","type":"image\/jpeg"}],"author":"Developer","twitter_card":"summary_large_image","twitter_misc":{"Written by":"Developer","Est. reading time":"1 minute"},"schema":{"@context":"https:\/\/schema.org","@graph":[{"@type":"Article","@id":"https:\/\/qtmm.org\/qt\/14-fevral-kunu-kiyevde-gennadiy-udovenkonen-vedalastilar\/#article","isPartOf":{"@id":"https:\/\/qtmm.org\/qt\/14-fevral-kunu-kiyevde-gennadiy-udovenkonen-vedalastilar\/"},"author":{"name":"Developer","@id":"https:\/\/qtmm.org\/qt\/#\/schema\/person\/de562469f971dec226ac06e60bbf74a7"},"headline":"14 fevral k\u00fcn\u00fc Kiyevde Gennadiy Udovenkonen vedala\u015ft\u0131lar","datePublished":"2013-02-14T14:00:00+00:00","dateModified":"2022-01-23T14:01:02+00:00","mainEntityOfPage":{"@id":"https:\/\/qtmm.org\/qt\/14-fevral-kunu-kiyevde-gennadiy-udovenkonen-vedalastilar\/"},"wordCount":132,"commentCount":0,"publisher":{"@id":"https:\/\/qtmm.org\/qt\/#organization"},"image":{"@id":"https:\/\/qtmm.org\/qt\/14-fevral-kunu-kiyevde-gennadiy-udovenkonen-vedalastilar\/#primaryimage"},"thumbnailUrl":"http:\/\/qtmm.org\/wp-content\/uploads\/2022\/01\/1.1.jpg","articleSection":["Haberler"],"inLanguage":"qt","potentialAction":[{"@type":"CommentAction","name":"Comment","target":["https:\/\/qtmm.org\/qt\/14-fevral-kunu-kiyevde-gennadiy-udovenkonen-vedalastilar\/#respond"]}]},{"@type":"WebPage","@id":"https:\/\/qtmm.org\/qt\/14-fevral-kunu-kiyevde-gennadiy-udovenkonen-vedalastilar\/","url":"https:\/\/qtmm.org\/qt\/14-fevral-kunu-kiyevde-gennadiy-udovenkonen-vedalastilar\/","name":"14 fevral k\u00fcn\u00fc Kiyevde Gennadiy Udovenkonen vedala\u015ft\u0131lar - \u041c\u0435\u0434\u0436\u043b\u0456\u0441","isPartOf":{"@id":"https:\/\/qtmm.org\/qt\/#website"},"primaryImageOfPage":{"@id":"https:\/\/qtmm.org\/qt\/14-fevral-kunu-kiyevde-gennadiy-udovenkonen-vedalastilar\/#primaryimage"},"image":{"@id":"https:\/\/qtmm.org\/qt\/14-fevral-kunu-kiyevde-gennadiy-udovenkonen-vedalastilar\/#primaryimage"},"thumbnailUrl":"http:\/\/qtmm.org\/wp-content\/uploads\/2022\/01\/1.1.jpg","datePublished":"2013-02-14T14:00:00+00:00","dateModified":"2022-01-23T14:01:02+00:00","breadcrumb":{"@id":"https:\/\/qtmm.org\/qt\/14-fevral-kunu-kiyevde-gennadiy-udovenkonen-vedalastilar\/#breadcrumb"},"inLanguage":"qt","potentialAction":[{"@type":"ReadAction","target":["https:\/\/qtmm.org\/qt\/14-fevral-kunu-kiyevde-gennadiy-udovenkonen-vedalastilar\/"]}]},{"@type":"ImageObject","inLanguage":"qt","@id":"https:\/\/qtmm.org\/qt\/14-fevral-kunu-kiyevde-gennadiy-udovenkonen-vedalastilar\/#primaryimage","url":"http:\/\/qtmm.org\/wp-content\/uploads\/2022\/01\/1.1.jpg","contentUrl":"http:\/\/qtmm.org\/wp-content\/uploads\/2022\/01\/1.1.jpg"},{"@type":"BreadcrumbList","@id":"https:\/\/qtmm.org\/qt\/14-fevral-kunu-kiyevde-gennadiy-udovenkonen-vedalastilar\/#breadcrumb","itemListElement":[{"@type":"ListItem","position":1,"name":"\u0413\u043e\u043b\u043e\u0432\u043d\u0430","item":"https:\/\/qtmm.org\/qt\/"},{"@type":"ListItem","position":2,"name":"14 fevral k\u00fcn\u00fc Kiyevde Gennadiy Udovenkonen vedala\u015ft\u0131lar"}]},{"@type":"WebSite","@id":"https:\/\/qtmm.org\/qt\/#website","url":"https:\/\/qtmm.org\/qt\/","name":"\u041c\u0435\u0434\u0436\u043b\u0456\u0441","description":"","publisher":{"@id":"https:\/\/qtmm.org\/qt\/#organization"},"potentialAction":[{"@type":"SearchAction","target":{"@type":"EntryPoint","urlTemplate":"https:\/\/qtmm.org\/qt\/?s={search_term_string}"},"query-input":{"@type":"PropertyValueSpecification","valueRequired":true,"valueName":"search_term_string"}}],"inLanguage":"qt"},{"@type":"Organization","@id":"https:\/\/qtmm.org\/qt\/#organization","name":"\u041c\u0435\u0434\u0436\u043b\u0456\u0441","url":"https:\/\/qtmm.org\/qt\/","logo":{"@type":"ImageObject","inLanguage":"qt","@id":"https:\/\/qtmm.org\/qt\/#\/schema\/logo\/image\/","url":"https:\/\/qtmm.org\/wp-content\/uploads\/2024\/12\/ua-mejlis-logo-rgb.svg","contentUrl":"https:\/\/qtmm.org\/wp-content\/uploads\/2024\/12\/ua-mejlis-logo-rgb.svg","caption":"\u041c\u0435\u0434\u0436\u043b\u0456\u0441"},"image":{"@id":"https:\/\/qtmm.org\/qt\/#\/schema\/logo\/image\/"},"sameAs":["https:\/\/www.facebook.com\/qtmm.info\/"]},{"@type":"Person","@id":"https:\/\/qtmm.org\/qt\/#\/schema\/person\/de562469f971dec226ac06e60bbf74a7","name":"Developer","image":{"@type":"ImageObject","inLanguage":"qt","@id":"https:\/\/secure.gravatar.com\/avatar\/392b4cc8fbfeb00b39dfeeab4ee6edded39ffd48e25858637e4765810300227e?s=96&d=mm&r=g","url":"https:\/\/secure.gravatar.com\/avatar\/392b4cc8fbfeb00b39dfeeab4ee6edded39ffd48e25858637e4765810300227e?s=96&d=mm&r=g","contentUrl":"https:\/\/secure.gravatar.com\/avatar\/392b4cc8fbfeb00b39dfeeab4ee6edded39ffd48e25858637e4765810300227e?s=96&d=mm&r=g","caption":"Developer"},"url":"https:\/\/qtmm.org\/qt\/author\/Developer\/"}]}},"_links":{"self":[{"href":"https:\/\/qtmm.org\/qt\/wp-json\/wp\/v2\/posts\/35843","targetHints":{"allow":["GET"]}}],"collection":[{"href":"https:\/\/qtmm.org\/qt\/wp-json\/wp\/v2\/posts"}],"about":[{"href":"https:\/\/qtmm.org\/qt\/wp-json\/wp\/v2\/types\/post"}],"author":[{"embeddable":true,"href":"https:\/\/qtmm.org\/qt\/wp-json\/wp\/v2\/users\/1"}],"replies":[{"embeddable":true,"href":"https:\/\/qtmm.org\/qt\/wp-json\/wp\/v2\/comments?post=35843"}],"version-history":[{"count":1,"href":"https:\/\/qtmm.org\/qt\/wp-json\/wp\/v2\/posts\/35843\/revisions"}],"predecessor-version":[{"id":35848,"href":"https:\/\/qtmm.org\/qt\/wp-json\/wp\/v2\/posts\/35843\/revisions\/35848"}],"wp:attachment":[{"href":"https:\/\/qtmm.org\/qt\/wp-json\/wp\/v2\/media?parent=35843"}],"wp:term":[{"taxonomy":"category","embeddable":true,"href":"https:\/\/qtmm.org\/qt\/wp-json\/wp\/v2\/categories?post=35843"},{"taxonomy":"post_tag","embeddable":true,"href":"https:\/\/qtmm.org\/qt\/wp-json\/wp\/v2\/tags?post=35843"}],"curies":[{"name":"wp","href":"https:\/\/api.w.org\/{rel}","templated":true}]}}