




{"id":35833,"date":"2013-02-14T16:59:00","date_gmt":"2013-02-14T13:59:00","guid":{"rendered":"http:\/\/qtmm.org\/?p=35833"},"modified":"2022-01-23T17:00:12","modified_gmt":"2022-01-23T14:00:12","slug":"qirimtatar-halqi-meclisinin-reisi-mustafa-cemilev-gennadiy-udovenkonin-vefati-munasebetinen-taziye-bildirdi","status":"publish","type":"post","link":"https:\/\/qtmm.org\/qt\/qirimtatar-halqi-meclisinin-reisi-mustafa-cemilev-gennadiy-udovenkonin-vefati-munasebetinen-taziye-bildirdi\/","title":{"rendered":"Q\u0131r\u0131mtatar halq\u0131 Meclisini\u00f1 reisi Mustafa Cemilev Gennadiy Udovenkon\u0131\u00f1 vefat\u0131 munasebetinen taziye bildirdi"},"content":{"rendered":"\n<p>Q\u0131r\u0131mtatar halq\u0131 Meclisini\u00f1 reisi Mustafa Cemilev Meclis ve \u015fahsen kendisini\u00f1 ad\u0131ndan Ukraina vatanperverini\u00f1 ailesi, yaq\u0131nlar\u0131 ve aqrabalar\u0131na Gennadiy Udovenko vefat\u0131 munasebetinen taziye bildirdi.<br><br>2013 senesi fevral 12 k\u00fcn\u00fc belli ukrain siyaset erbab\u0131, dilomat, Ukraina T\u0131\u015fq\u0131 i\u015fler naziri(1994\u20141998), Birle\u015fken Milletler Te\u015fkil\u00e2t\u0131 Ba\u015f Assambleyas\u0131 52-nci sessiyas\u0131n\u0131\u00f1 prezidenti (1997-1998) Ukraina Halq areketini\u00f1 ba\u015f\u0131 (1999 \u2013 2003), Ukraina halq deputat\u0131 (3 ve 5-nci \u00e7a\u011f\u0131r\u0131l\u0131\u015f) 82 ya\u015f\u0131nda Gennadiy Udovenko vefat etti<\/p>\n\n\n\n<figure class=\"wp-block-image size-full\"><img loading=\"lazy\" decoding=\"async\" width=\"650\" height=\"562\" src=\"http:\/\/qtmm.org\/wp-content\/uploads\/2022\/01\/2_2-1.jpeg\" alt=\"\" class=\"wp-image-35834\" srcset=\"https:\/\/qtmm.org\/wp-content\/uploads\/2022\/01\/2_2-1.jpeg 650w, https:\/\/qtmm.org\/wp-content\/uploads\/2022\/01\/2_2-1-300x259.jpeg 300w\" sizes=\"auto, (max-width: 650px) 100vw, 650px\" \/><\/figure>\n\n\n\n<p>Gennadiy Udovenko Ukraina Sovet Sotsialistik cumhuriyeti devrinde \u015fekillengen, amma b\u00fct\u00fcn k\u00fc\u00e7\u00fc, bilgi ve \u011fayretini mustaqil Ukraina devletini\u00f1 tiklenmesine ba\u011f\u0131\u015fla\u011fan, Ukrainada demokratiya printsipleri, insan ve halqlarn\u0131\u00f1 aqlar\u0131 teminlenmesi i\u00e7\u00fcn k\u00fcre\u015fken nesilni\u00f1 e\u00f1 parlaq vekillerinden biri edi.<\/p>\n\n\n\n<p>Ukraina halq deputat\u0131 ve Ukraina Yuqar\u0131 \u015euras\u0131nda \u0130nsan aqlar\u0131, milliy azl\u0131qlar ve milletlerara munasebetlerni\u00f1 i\u015fleri boyunca daimiy komitetni\u00f1 reisi ol\u011fan Gennadiy Udovenko q\u0131r\u0131mtatar halq\u0131 aqlar\u0131n\u0131\u00f1 tiklenilmesini talap etip, halqn\u0131\u00f1 \u00f6z Vatan\u0131na qaytmas\u0131na samimiy sevingen edi.<\/p>\n\n\n\n<figure class=\"wp-block-image size-full\"><img loading=\"lazy\" decoding=\"async\" width=\"650\" height=\"360\" src=\"http:\/\/qtmm.org\/wp-content\/uploads\/2022\/01\/1_94.jpeg\" alt=\"\" class=\"wp-image-35838\" srcset=\"https:\/\/qtmm.org\/wp-content\/uploads\/2022\/01\/1_94.jpeg 650w, https:\/\/qtmm.org\/wp-content\/uploads\/2022\/01\/1_94-300x166.jpeg 300w\" sizes=\"auto, (max-width: 650px) 100vw, 650px\" \/><\/figure>\n\n\n\n<p>Gennadiy Udovenko Ukraina milliy-demokratik k\u00fc\u00e7ler birle\u015fmesini\u00f1 ve q\u0131r\u0131mtatar milliy areketinen s\u0131q\u0131 i\u015fbirlikte bulunmaqn\u0131\u00f1 tarafdar\u0131 olaraq, ukrain ve q\u0131r\u0131mtatar halq\u0131na nisbeten cinayet yapqan kommunist rejimini\u00f1 aqibetlerini beraberlikte yoq etmek m\u00fcmk\u00fcn, dep saya edi. Gennadiy Udovenko daima qayd ete edi ki, Ukrainan\u0131\u00f1 demokratik inki\u015faf\u0131n\u0131 ve Avropa dzjemiyetine qat\u0131lmas\u0131n\u0131 teminleycek esas \u015fart bu &#8211; Q\u0131r\u0131mn\u0131\u00f1 tam\u0131r halq\u0131 ol\u011fan q\u0131r\u0131mtatarlarn\u0131\u00f1 aqlar\u0131n\u0131 tiklevdir.<\/p>\n\n\n\n<p>Gennadiy Udovenkoni\u00f1 ad\u0131 q\u0131r\u0131mtatarlar ve Ukraina vatanda\u015flar\u0131n\u0131\u00f1 hat\u0131ras\u0131nda ebediy saqlan\u0131p qal\u0131r.<\/p>\n","protected":false},"excerpt":{"rendered":"<p>Q\u0131r\u0131mtatar halq\u0131 Meclisini\u00f1 reisi Mustafa Cemilev Meclis ve \u015fahsen kendisini\u00f1 ad\u0131ndan Ukraina vatanperverini\u00f1 ailesi, yaq\u0131nlar\u0131 ve aqrabalar\u0131na Gennadiy Udovenko vefat\u0131 munasebetinen taziye bildirdi. 2013 senesi fevral 12 k\u00fcn\u00fc belli ukrain siyaset erbab\u0131, dilomat, Ukraina T\u0131\u015fq\u0131 i\u015fler naziri(1994\u20141998), Birle\u015fken Milletler Te\u015fkil\u00e2t\u0131 Ba\u015f Assambleyas\u0131 52-nci sessiyas\u0131n\u0131\u00f1 prezidenti (1997-1998) Ukraina Halq areketini\u00f1 ba\u015f\u0131 (1999 \u2013 2003), Ukraina halq [&hellip;]<\/p>\n","protected":false},"author":1,"featured_media":0,"comment_status":"open","ping_status":"open","sticky":false,"template":"","format":"standard","meta":{"inline_featured_image":false,"footnotes":""},"categories":[265],"tags":[],"class_list":["post-35833","post","type-post","status-publish","format-standard","hentry","category-haberler"],"acf":[],"yoast_head":"<!-- This site is optimized with the Yoast SEO plugin v27.4 - https:\/\/yoast.com\/product\/yoast-seo-wordpress\/ -->\n<title>Q\u0131r\u0131mtatar halq\u0131 Meclisini\u00f1 reisi Mustafa Cemilev Gennadiy Udovenkon\u0131\u00f1 vefat\u0131 munasebetinen taziye bildirdi - \u041c\u0435\u0434\u0436\u043b\u0456\u0441<\/title>\n<meta name=\"robots\" content=\"index, follow, max-snippet:-1, max-image-preview:large, max-video-preview:-1\" \/>\n<link rel=\"canonical\" href=\"https:\/\/qtmm.org\/qt\/qirimtatar-halqi-meclisinin-reisi-mustafa-cemilev-gennadiy-udovenkonin-vefati-munasebetinen-taziye-bildirdi\/\" \/>\n<meta property=\"og:locale\" content=\"en_US\" \/>\n<meta property=\"og:type\" content=\"article\" \/>\n<meta property=\"og:title\" content=\"Q\u0131r\u0131mtatar halq\u0131 Meclisini\u00f1 reisi Mustafa Cemilev Gennadiy Udovenkon\u0131\u00f1 vefat\u0131 munasebetinen taziye bildirdi - \u041c\u0435\u0434\u0436\u043b\u0456\u0441\" \/>\n<meta property=\"og:description\" content=\"Q\u0131r\u0131mtatar halq\u0131 Meclisini\u00f1 reisi Mustafa Cemilev Meclis ve \u015fahsen kendisini\u00f1 ad\u0131ndan Ukraina vatanperverini\u00f1 ailesi, yaq\u0131nlar\u0131 ve aqrabalar\u0131na Gennadiy Udovenko vefat\u0131 munasebetinen taziye bildirdi. 2013 senesi fevral 12 k\u00fcn\u00fc belli ukrain siyaset erbab\u0131, dilomat, Ukraina T\u0131\u015fq\u0131 i\u015fler naziri(1994\u20141998), Birle\u015fken Milletler Te\u015fkil\u00e2t\u0131 Ba\u015f Assambleyas\u0131 52-nci sessiyas\u0131n\u0131\u00f1 prezidenti (1997-1998) Ukraina Halq areketini\u00f1 ba\u015f\u0131 (1999 \u2013 2003), Ukraina halq [&hellip;]\" \/>\n<meta property=\"og:url\" content=\"https:\/\/qtmm.org\/qt\/qirimtatar-halqi-meclisinin-reisi-mustafa-cemilev-gennadiy-udovenkonin-vefati-munasebetinen-taziye-bildirdi\/\" \/>\n<meta property=\"og:site_name\" content=\"\u041c\u0435\u0434\u0436\u043b\u0456\u0441\" \/>\n<meta property=\"article:publisher\" content=\"https:\/\/www.facebook.com\/qtmm.info\/\" \/>\n<meta property=\"article:published_time\" content=\"2013-02-14T13:59:00+00:00\" \/>\n<meta property=\"article:modified_time\" content=\"2022-01-23T14:00:12+00:00\" \/>\n<meta property=\"og:image\" content=\"https:\/\/qtmm.org\/wp-content\/uploads\/2022\/01\/2_2-1.jpeg\" \/>\n\t<meta property=\"og:image:width\" content=\"650\" \/>\n\t<meta property=\"og:image:height\" content=\"562\" \/>\n\t<meta property=\"og:image:type\" content=\"image\/jpeg\" \/>\n<meta name=\"author\" content=\"Developer\" \/>\n<meta name=\"twitter:card\" content=\"summary_large_image\" \/>\n<meta name=\"twitter:label1\" content=\"Written by\" \/>\n\t<meta name=\"twitter:data1\" content=\"Developer\" \/>\n\t<meta name=\"twitter:label2\" content=\"Est. reading time\" \/>\n\t<meta name=\"twitter:data2\" content=\"1 minute\" \/>\n<script type=\"application\/ld+json\" class=\"yoast-schema-graph\">{\"@context\":\"https:\\\/\\\/schema.org\",\"@graph\":[{\"@type\":\"Article\",\"@id\":\"https:\\\/\\\/qtmm.org\\\/qt\\\/qirimtatar-halqi-meclisinin-reisi-mustafa-cemilev-gennadiy-udovenkonin-vefati-munasebetinen-taziye-bildirdi\\\/#article\",\"isPartOf\":{\"@id\":\"https:\\\/\\\/qtmm.org\\\/qt\\\/qirimtatar-halqi-meclisinin-reisi-mustafa-cemilev-gennadiy-udovenkonin-vefati-munasebetinen-taziye-bildirdi\\\/\"},\"author\":{\"name\":\"Developer\",\"@id\":\"https:\\\/\\\/qtmm.org\\\/qt\\\/#\\\/schema\\\/person\\\/de562469f971dec226ac06e60bbf74a7\"},\"headline\":\"Q\u0131r\u0131mtatar halq\u0131 Meclisini\u00f1 reisi Mustafa Cemilev Gennadiy Udovenkon\u0131\u00f1 vefat\u0131 munasebetinen taziye bildirdi\",\"datePublished\":\"2013-02-14T13:59:00+00:00\",\"dateModified\":\"2022-01-23T14:00:12+00:00\",\"mainEntityOfPage\":{\"@id\":\"https:\\\/\\\/qtmm.org\\\/qt\\\/qirimtatar-halqi-meclisinin-reisi-mustafa-cemilev-gennadiy-udovenkonin-vefati-munasebetinen-taziye-bildirdi\\\/\"},\"wordCount\":273,\"commentCount\":0,\"publisher\":{\"@id\":\"https:\\\/\\\/qtmm.org\\\/qt\\\/#organization\"},\"image\":{\"@id\":\"https:\\\/\\\/qtmm.org\\\/qt\\\/qirimtatar-halqi-meclisinin-reisi-mustafa-cemilev-gennadiy-udovenkonin-vefati-munasebetinen-taziye-bildirdi\\\/#primaryimage\"},\"thumbnailUrl\":\"http:\\\/\\\/qtmm.org\\\/wp-content\\\/uploads\\\/2022\\\/01\\\/2_2-1.jpeg\",\"articleSection\":[\"Haberler\"],\"inLanguage\":\"qt\",\"potentialAction\":[{\"@type\":\"CommentAction\",\"name\":\"Comment\",\"target\":[\"https:\\\/\\\/qtmm.org\\\/qt\\\/qirimtatar-halqi-meclisinin-reisi-mustafa-cemilev-gennadiy-udovenkonin-vefati-munasebetinen-taziye-bildirdi\\\/#respond\"]}]},{\"@type\":\"WebPage\",\"@id\":\"https:\\\/\\\/qtmm.org\\\/qt\\\/qirimtatar-halqi-meclisinin-reisi-mustafa-cemilev-gennadiy-udovenkonin-vefati-munasebetinen-taziye-bildirdi\\\/\",\"url\":\"https:\\\/\\\/qtmm.org\\\/qt\\\/qirimtatar-halqi-meclisinin-reisi-mustafa-cemilev-gennadiy-udovenkonin-vefati-munasebetinen-taziye-bildirdi\\\/\",\"name\":\"Q\u0131r\u0131mtatar halq\u0131 Meclisini\u00f1 reisi Mustafa Cemilev Gennadiy Udovenkon\u0131\u00f1 vefat\u0131 munasebetinen taziye bildirdi - \u041c\u0435\u0434\u0436\u043b\u0456\u0441\",\"isPartOf\":{\"@id\":\"https:\\\/\\\/qtmm.org\\\/qt\\\/#website\"},\"primaryImageOfPage\":{\"@id\":\"https:\\\/\\\/qtmm.org\\\/qt\\\/qirimtatar-halqi-meclisinin-reisi-mustafa-cemilev-gennadiy-udovenkonin-vefati-munasebetinen-taziye-bildirdi\\\/#primaryimage\"},\"image\":{\"@id\":\"https:\\\/\\\/qtmm.org\\\/qt\\\/qirimtatar-halqi-meclisinin-reisi-mustafa-cemilev-gennadiy-udovenkonin-vefati-munasebetinen-taziye-bildirdi\\\/#primaryimage\"},\"thumbnailUrl\":\"http:\\\/\\\/qtmm.org\\\/wp-content\\\/uploads\\\/2022\\\/01\\\/2_2-1.jpeg\",\"datePublished\":\"2013-02-14T13:59:00+00:00\",\"dateModified\":\"2022-01-23T14:00:12+00:00\",\"breadcrumb\":{\"@id\":\"https:\\\/\\\/qtmm.org\\\/qt\\\/qirimtatar-halqi-meclisinin-reisi-mustafa-cemilev-gennadiy-udovenkonin-vefati-munasebetinen-taziye-bildirdi\\\/#breadcrumb\"},\"inLanguage\":\"qt\",\"potentialAction\":[{\"@type\":\"ReadAction\",\"target\":[\"https:\\\/\\\/qtmm.org\\\/qt\\\/qirimtatar-halqi-meclisinin-reisi-mustafa-cemilev-gennadiy-udovenkonin-vefati-munasebetinen-taziye-bildirdi\\\/\"]}]},{\"@type\":\"ImageObject\",\"inLanguage\":\"qt\",\"@id\":\"https:\\\/\\\/qtmm.org\\\/qt\\\/qirimtatar-halqi-meclisinin-reisi-mustafa-cemilev-gennadiy-udovenkonin-vefati-munasebetinen-taziye-bildirdi\\\/#primaryimage\",\"url\":\"http:\\\/\\\/qtmm.org\\\/wp-content\\\/uploads\\\/2022\\\/01\\\/2_2-1.jpeg\",\"contentUrl\":\"http:\\\/\\\/qtmm.org\\\/wp-content\\\/uploads\\\/2022\\\/01\\\/2_2-1.jpeg\"},{\"@type\":\"BreadcrumbList\",\"@id\":\"https:\\\/\\\/qtmm.org\\\/qt\\\/qirimtatar-halqi-meclisinin-reisi-mustafa-cemilev-gennadiy-udovenkonin-vefati-munasebetinen-taziye-bildirdi\\\/#breadcrumb\",\"itemListElement\":[{\"@type\":\"ListItem\",\"position\":1,\"name\":\"\u0413\u043e\u043b\u043e\u0432\u043d\u0430\",\"item\":\"https:\\\/\\\/qtmm.org\\\/qt\\\/\"},{\"@type\":\"ListItem\",\"position\":2,\"name\":\"Q\u0131r\u0131mtatar halq\u0131 Meclisini\u00f1 reisi Mustafa Cemilev Gennadiy Udovenkon\u0131\u00f1 vefat\u0131 munasebetinen taziye bildirdi\"}]},{\"@type\":\"WebSite\",\"@id\":\"https:\\\/\\\/qtmm.org\\\/qt\\\/#website\",\"url\":\"https:\\\/\\\/qtmm.org\\\/qt\\\/\",\"name\":\"\u041c\u0435\u0434\u0436\u043b\u0456\u0441\",\"description\":\"\",\"publisher\":{\"@id\":\"https:\\\/\\\/qtmm.org\\\/qt\\\/#organization\"},\"potentialAction\":[{\"@type\":\"SearchAction\",\"target\":{\"@type\":\"EntryPoint\",\"urlTemplate\":\"https:\\\/\\\/qtmm.org\\\/qt\\\/?s={search_term_string}\"},\"query-input\":{\"@type\":\"PropertyValueSpecification\",\"valueRequired\":true,\"valueName\":\"search_term_string\"}}],\"inLanguage\":\"qt\"},{\"@type\":\"Organization\",\"@id\":\"https:\\\/\\\/qtmm.org\\\/qt\\\/#organization\",\"name\":\"\u041c\u0435\u0434\u0436\u043b\u0456\u0441\",\"url\":\"https:\\\/\\\/qtmm.org\\\/qt\\\/\",\"logo\":{\"@type\":\"ImageObject\",\"inLanguage\":\"qt\",\"@id\":\"https:\\\/\\\/qtmm.org\\\/qt\\\/#\\\/schema\\\/logo\\\/image\\\/\",\"url\":\"https:\\\/\\\/qtmm.org\\\/wp-content\\\/uploads\\\/2024\\\/12\\\/ua-mejlis-logo-rgb.svg\",\"contentUrl\":\"https:\\\/\\\/qtmm.org\\\/wp-content\\\/uploads\\\/2024\\\/12\\\/ua-mejlis-logo-rgb.svg\",\"caption\":\"\u041c\u0435\u0434\u0436\u043b\u0456\u0441\"},\"image\":{\"@id\":\"https:\\\/\\\/qtmm.org\\\/qt\\\/#\\\/schema\\\/logo\\\/image\\\/\"},\"sameAs\":[\"https:\\\/\\\/www.facebook.com\\\/qtmm.info\\\/\"]},{\"@type\":\"Person\",\"@id\":\"https:\\\/\\\/qtmm.org\\\/qt\\\/#\\\/schema\\\/person\\\/de562469f971dec226ac06e60bbf74a7\",\"name\":\"Developer\",\"image\":{\"@type\":\"ImageObject\",\"inLanguage\":\"qt\",\"@id\":\"https:\\\/\\\/secure.gravatar.com\\\/avatar\\\/392b4cc8fbfeb00b39dfeeab4ee6edded39ffd48e25858637e4765810300227e?s=96&d=mm&r=g\",\"url\":\"https:\\\/\\\/secure.gravatar.com\\\/avatar\\\/392b4cc8fbfeb00b39dfeeab4ee6edded39ffd48e25858637e4765810300227e?s=96&d=mm&r=g\",\"contentUrl\":\"https:\\\/\\\/secure.gravatar.com\\\/avatar\\\/392b4cc8fbfeb00b39dfeeab4ee6edded39ffd48e25858637e4765810300227e?s=96&d=mm&r=g\",\"caption\":\"Developer\"},\"url\":\"https:\\\/\\\/qtmm.org\\\/qt\\\/author\\\/Developer\\\/\"}]}<\/script>\n<!-- \/ Yoast SEO plugin. -->","yoast_head_json":{"title":"Q\u0131r\u0131mtatar halq\u0131 Meclisini\u00f1 reisi Mustafa Cemilev Gennadiy Udovenkon\u0131\u00f1 vefat\u0131 munasebetinen taziye bildirdi - \u041c\u0435\u0434\u0436\u043b\u0456\u0441","robots":{"index":"index","follow":"follow","max-snippet":"max-snippet:-1","max-image-preview":"max-image-preview:large","max-video-preview":"max-video-preview:-1"},"canonical":"https:\/\/qtmm.org\/qt\/qirimtatar-halqi-meclisinin-reisi-mustafa-cemilev-gennadiy-udovenkonin-vefati-munasebetinen-taziye-bildirdi\/","og_locale":"en_US","og_type":"article","og_title":"Q\u0131r\u0131mtatar halq\u0131 Meclisini\u00f1 reisi Mustafa Cemilev Gennadiy Udovenkon\u0131\u00f1 vefat\u0131 munasebetinen taziye bildirdi - \u041c\u0435\u0434\u0436\u043b\u0456\u0441","og_description":"Q\u0131r\u0131mtatar halq\u0131 Meclisini\u00f1 reisi Mustafa Cemilev Meclis ve \u015fahsen kendisini\u00f1 ad\u0131ndan Ukraina vatanperverini\u00f1 ailesi, yaq\u0131nlar\u0131 ve aqrabalar\u0131na Gennadiy Udovenko vefat\u0131 munasebetinen taziye bildirdi. 2013 senesi fevral 12 k\u00fcn\u00fc belli ukrain siyaset erbab\u0131, dilomat, Ukraina T\u0131\u015fq\u0131 i\u015fler naziri(1994\u20141998), Birle\u015fken Milletler Te\u015fkil\u00e2t\u0131 Ba\u015f Assambleyas\u0131 52-nci sessiyas\u0131n\u0131\u00f1 prezidenti (1997-1998) Ukraina Halq areketini\u00f1 ba\u015f\u0131 (1999 \u2013 2003), Ukraina halq [&hellip;]","og_url":"https:\/\/qtmm.org\/qt\/qirimtatar-halqi-meclisinin-reisi-mustafa-cemilev-gennadiy-udovenkonin-vefati-munasebetinen-taziye-bildirdi\/","og_site_name":"\u041c\u0435\u0434\u0436\u043b\u0456\u0441","article_publisher":"https:\/\/www.facebook.com\/qtmm.info\/","article_published_time":"2013-02-14T13:59:00+00:00","article_modified_time":"2022-01-23T14:00:12+00:00","og_image":[{"width":650,"height":562,"url":"https:\/\/qtmm.org\/wp-content\/uploads\/2022\/01\/2_2-1.jpeg","type":"image\/jpeg"}],"author":"Developer","twitter_card":"summary_large_image","twitter_misc":{"Written by":"Developer","Est. reading time":"1 minute"},"schema":{"@context":"https:\/\/schema.org","@graph":[{"@type":"Article","@id":"https:\/\/qtmm.org\/qt\/qirimtatar-halqi-meclisinin-reisi-mustafa-cemilev-gennadiy-udovenkonin-vefati-munasebetinen-taziye-bildirdi\/#article","isPartOf":{"@id":"https:\/\/qtmm.org\/qt\/qirimtatar-halqi-meclisinin-reisi-mustafa-cemilev-gennadiy-udovenkonin-vefati-munasebetinen-taziye-bildirdi\/"},"author":{"name":"Developer","@id":"https:\/\/qtmm.org\/qt\/#\/schema\/person\/de562469f971dec226ac06e60bbf74a7"},"headline":"Q\u0131r\u0131mtatar halq\u0131 Meclisini\u00f1 reisi Mustafa Cemilev Gennadiy Udovenkon\u0131\u00f1 vefat\u0131 munasebetinen taziye bildirdi","datePublished":"2013-02-14T13:59:00+00:00","dateModified":"2022-01-23T14:00:12+00:00","mainEntityOfPage":{"@id":"https:\/\/qtmm.org\/qt\/qirimtatar-halqi-meclisinin-reisi-mustafa-cemilev-gennadiy-udovenkonin-vefati-munasebetinen-taziye-bildirdi\/"},"wordCount":273,"commentCount":0,"publisher":{"@id":"https:\/\/qtmm.org\/qt\/#organization"},"image":{"@id":"https:\/\/qtmm.org\/qt\/qirimtatar-halqi-meclisinin-reisi-mustafa-cemilev-gennadiy-udovenkonin-vefati-munasebetinen-taziye-bildirdi\/#primaryimage"},"thumbnailUrl":"http:\/\/qtmm.org\/wp-content\/uploads\/2022\/01\/2_2-1.jpeg","articleSection":["Haberler"],"inLanguage":"qt","potentialAction":[{"@type":"CommentAction","name":"Comment","target":["https:\/\/qtmm.org\/qt\/qirimtatar-halqi-meclisinin-reisi-mustafa-cemilev-gennadiy-udovenkonin-vefati-munasebetinen-taziye-bildirdi\/#respond"]}]},{"@type":"WebPage","@id":"https:\/\/qtmm.org\/qt\/qirimtatar-halqi-meclisinin-reisi-mustafa-cemilev-gennadiy-udovenkonin-vefati-munasebetinen-taziye-bildirdi\/","url":"https:\/\/qtmm.org\/qt\/qirimtatar-halqi-meclisinin-reisi-mustafa-cemilev-gennadiy-udovenkonin-vefati-munasebetinen-taziye-bildirdi\/","name":"Q\u0131r\u0131mtatar halq\u0131 Meclisini\u00f1 reisi Mustafa Cemilev Gennadiy Udovenkon\u0131\u00f1 vefat\u0131 munasebetinen taziye bildirdi - \u041c\u0435\u0434\u0436\u043b\u0456\u0441","isPartOf":{"@id":"https:\/\/qtmm.org\/qt\/#website"},"primaryImageOfPage":{"@id":"https:\/\/qtmm.org\/qt\/qirimtatar-halqi-meclisinin-reisi-mustafa-cemilev-gennadiy-udovenkonin-vefati-munasebetinen-taziye-bildirdi\/#primaryimage"},"image":{"@id":"https:\/\/qtmm.org\/qt\/qirimtatar-halqi-meclisinin-reisi-mustafa-cemilev-gennadiy-udovenkonin-vefati-munasebetinen-taziye-bildirdi\/#primaryimage"},"thumbnailUrl":"http:\/\/qtmm.org\/wp-content\/uploads\/2022\/01\/2_2-1.jpeg","datePublished":"2013-02-14T13:59:00+00:00","dateModified":"2022-01-23T14:00:12+00:00","breadcrumb":{"@id":"https:\/\/qtmm.org\/qt\/qirimtatar-halqi-meclisinin-reisi-mustafa-cemilev-gennadiy-udovenkonin-vefati-munasebetinen-taziye-bildirdi\/#breadcrumb"},"inLanguage":"qt","potentialAction":[{"@type":"ReadAction","target":["https:\/\/qtmm.org\/qt\/qirimtatar-halqi-meclisinin-reisi-mustafa-cemilev-gennadiy-udovenkonin-vefati-munasebetinen-taziye-bildirdi\/"]}]},{"@type":"ImageObject","inLanguage":"qt","@id":"https:\/\/qtmm.org\/qt\/qirimtatar-halqi-meclisinin-reisi-mustafa-cemilev-gennadiy-udovenkonin-vefati-munasebetinen-taziye-bildirdi\/#primaryimage","url":"http:\/\/qtmm.org\/wp-content\/uploads\/2022\/01\/2_2-1.jpeg","contentUrl":"http:\/\/qtmm.org\/wp-content\/uploads\/2022\/01\/2_2-1.jpeg"},{"@type":"BreadcrumbList","@id":"https:\/\/qtmm.org\/qt\/qirimtatar-halqi-meclisinin-reisi-mustafa-cemilev-gennadiy-udovenkonin-vefati-munasebetinen-taziye-bildirdi\/#breadcrumb","itemListElement":[{"@type":"ListItem","position":1,"name":"\u0413\u043e\u043b\u043e\u0432\u043d\u0430","item":"https:\/\/qtmm.org\/qt\/"},{"@type":"ListItem","position":2,"name":"Q\u0131r\u0131mtatar halq\u0131 Meclisini\u00f1 reisi Mustafa Cemilev Gennadiy Udovenkon\u0131\u00f1 vefat\u0131 munasebetinen taziye bildirdi"}]},{"@type":"WebSite","@id":"https:\/\/qtmm.org\/qt\/#website","url":"https:\/\/qtmm.org\/qt\/","name":"\u041c\u0435\u0434\u0436\u043b\u0456\u0441","description":"","publisher":{"@id":"https:\/\/qtmm.org\/qt\/#organization"},"potentialAction":[{"@type":"SearchAction","target":{"@type":"EntryPoint","urlTemplate":"https:\/\/qtmm.org\/qt\/?s={search_term_string}"},"query-input":{"@type":"PropertyValueSpecification","valueRequired":true,"valueName":"search_term_string"}}],"inLanguage":"qt"},{"@type":"Organization","@id":"https:\/\/qtmm.org\/qt\/#organization","name":"\u041c\u0435\u0434\u0436\u043b\u0456\u0441","url":"https:\/\/qtmm.org\/qt\/","logo":{"@type":"ImageObject","inLanguage":"qt","@id":"https:\/\/qtmm.org\/qt\/#\/schema\/logo\/image\/","url":"https:\/\/qtmm.org\/wp-content\/uploads\/2024\/12\/ua-mejlis-logo-rgb.svg","contentUrl":"https:\/\/qtmm.org\/wp-content\/uploads\/2024\/12\/ua-mejlis-logo-rgb.svg","caption":"\u041c\u0435\u0434\u0436\u043b\u0456\u0441"},"image":{"@id":"https:\/\/qtmm.org\/qt\/#\/schema\/logo\/image\/"},"sameAs":["https:\/\/www.facebook.com\/qtmm.info\/"]},{"@type":"Person","@id":"https:\/\/qtmm.org\/qt\/#\/schema\/person\/de562469f971dec226ac06e60bbf74a7","name":"Developer","image":{"@type":"ImageObject","inLanguage":"qt","@id":"https:\/\/secure.gravatar.com\/avatar\/392b4cc8fbfeb00b39dfeeab4ee6edded39ffd48e25858637e4765810300227e?s=96&d=mm&r=g","url":"https:\/\/secure.gravatar.com\/avatar\/392b4cc8fbfeb00b39dfeeab4ee6edded39ffd48e25858637e4765810300227e?s=96&d=mm&r=g","contentUrl":"https:\/\/secure.gravatar.com\/avatar\/392b4cc8fbfeb00b39dfeeab4ee6edded39ffd48e25858637e4765810300227e?s=96&d=mm&r=g","caption":"Developer"},"url":"https:\/\/qtmm.org\/qt\/author\/Developer\/"}]}},"_links":{"self":[{"href":"https:\/\/qtmm.org\/qt\/wp-json\/wp\/v2\/posts\/35833","targetHints":{"allow":["GET"]}}],"collection":[{"href":"https:\/\/qtmm.org\/qt\/wp-json\/wp\/v2\/posts"}],"about":[{"href":"https:\/\/qtmm.org\/qt\/wp-json\/wp\/v2\/types\/post"}],"author":[{"embeddable":true,"href":"https:\/\/qtmm.org\/qt\/wp-json\/wp\/v2\/users\/1"}],"replies":[{"embeddable":true,"href":"https:\/\/qtmm.org\/qt\/wp-json\/wp\/v2\/comments?post=35833"}],"version-history":[{"count":1,"href":"https:\/\/qtmm.org\/qt\/wp-json\/wp\/v2\/posts\/35833\/revisions"}],"predecessor-version":[{"id":35842,"href":"https:\/\/qtmm.org\/qt\/wp-json\/wp\/v2\/posts\/35833\/revisions\/35842"}],"wp:attachment":[{"href":"https:\/\/qtmm.org\/qt\/wp-json\/wp\/v2\/media?parent=35833"}],"wp:term":[{"taxonomy":"category","embeddable":true,"href":"https:\/\/qtmm.org\/qt\/wp-json\/wp\/v2\/categories?post=35833"},{"taxonomy":"post_tag","embeddable":true,"href":"https:\/\/qtmm.org\/qt\/wp-json\/wp\/v2\/tags?post=35833"}],"curies":[{"name":"wp","href":"https:\/\/api.w.org\/{rel}","templated":true}]}}