




{"id":35819,"date":"2013-02-08T16:57:00","date_gmt":"2013-02-08T13:57:00","guid":{"rendered":"http:\/\/qtmm.org\/?p=35819"},"modified":"2022-01-23T16:58:59","modified_gmt":"2022-01-23T13:58:59","slug":"meclis-reisi-ukrainada-halqara-migratsiya-teskilati-vekaletliginin-basi-ve-ukrainada-birlesken-milletler-teskilati-aliy-komissar-idaresi-vekaletliginin-yolbascisinen-korusti","status":"publish","type":"post","link":"https:\/\/qtmm.org\/qt\/meclis-reisi-ukrainada-halqara-migratsiya-teskilati-vekaletliginin-basi-ve-ukrainada-birlesken-milletler-teskilati-aliy-komissar-idaresi-vekaletliginin-yolbascisinen-korusti\/","title":{"rendered":"Meclis reisi Ukrainada Halqara migratsiya te\u015fkil\u00e2t\u0131 vek\u00e2letligini\u00f1 ba\u015f\u0131 ve Ukrainada Birle\u015fken Milletler Te\u015fkil\u00e2t\u0131 Aliy Komissar idaresi vek\u00e2letligini\u00f1 yolba\u015f\u00e7\u0131s\u0131nen k\u00f6r\u00fc\u015fti"},"content":{"rendered":"\n<p>2013 senesi fevral 5 k\u00fcn\u00fc Ukraina Yuqar\u0131 \u015euras\u0131n\u0131\u00f1 \u0130nsan aqlar\u0131 ve milletlerara munasebetler boyunca komitette Ukrainada Halqara migratsiya te\u015fkil\u00e2t\u0131 vek\u00e2letligini\u00f1 ba\u015f\u0131 Manfred Profazi ile k\u00f6r\u00fc\u015f\u00fcv ol\u0131p ke\u00e7ti. K\u00f6r\u00fc\u015f\u00fcvde Komitet reisi Valeriy Patskan, Meclis reisi, Ukraina halq deputat\u0131 Mustafa Cemilev, halq deputatlar\u0131 \u0130van Popeskun, Bogdan Ben\u00fck, Vek\u00e2letlikni\u00f1 ve Komitetni\u00f1 hadimleri i\u015ftirak ettiler.&nbsp;<\/p>\n\n\n\n<p>K\u00f6r\u00fc\u015f\u00fcv devam\u0131nda bir s\u0131ra m\u00fcim meselelernen birge migratsiya saas\u0131nda i\u00e7timaiy ve iqtisadiy problemler de muzakere etildi. Dialog i\u015ftirak\u00e7ileri migratsiya saas\u0131na ait qanunlarn\u0131 Avropa standartlar\u0131na uy\u011funla\u015ft\u0131rmaq meselelerinde i\u015fbirlik yollar\u0131n\u0131 bulmaq husus\u0131nda fikir payla\u015ft\u0131lar.\u00a0<\/p>\n\n\n\n<p>Meclis reisi Mustafa Cemilev M. Profazige Q\u0131r\u0131mda milletlerara munasebetler boyunca, q\u0131r\u0131mtatarlar\u011fa nisbeten menfiy areketler aqq\u0131nda ayt\u0131p, muhtariyat \u00fck\u00fcmetinde q\u0131r\u0131mtatar temsilcilerini\u00f1 say\u0131s\u0131 ep eksilgenini, akimiyet q\u0131r\u0131mtatarlar aras\u0131na \u015f\u0131na qaqmaq areketlerini qayd etti. Bun\u0131\u00f1 kibi de OSCE reberligi alt\u0131nda Q\u0131r\u0131mtatar halq\u0131n\u0131\u00f1 aqlar\u0131n\u0131 \u011fayr\u0131dan tiklev meseleleri boyunca halqara forum ke\u00e7ir\u00fcv aqq\u0131nda da ayt\u0131ld\u0131.&nbsp;<\/p>\n\n\n\n<p>Manfred Profazi vaziyetni \u00f6grenmek i\u00e7\u00fcn e\u00f1 yaq\u0131n vaq\u0131tta Q\u0131r\u0131mn\u0131 ziyaret etmek maqsad\u0131n\u0131 bildirdi. Zira bir de bir halqn\u0131 milliy ya da diniy mens\u00fcpligine k\u00f6re aqmalanmas\u0131na qar\u015f\u0131 \u00e7are-tedbir k\u00f6rmek o temsil etken te\u015fkil\u00e2tn\u0131\u00f1 do\u011frudan-do\u011fru vazifesidir.\u00a0<\/p>\n\n\n\n<figure class=\"wp-block-image size-full\"><img loading=\"lazy\" decoding=\"async\" width=\"650\" height=\"400\" src=\"http:\/\/qtmm.org\/wp-content\/uploads\/2022\/01\/2_94.jpeg\" alt=\"\" class=\"wp-image-35824\" srcset=\"https:\/\/qtmm.org\/wp-content\/uploads\/2022\/01\/2_94.jpeg 650w, https:\/\/qtmm.org\/wp-content\/uploads\/2022\/01\/2_94-300x185.jpeg 300w\" sizes=\"auto, (max-width: 650px) 100vw, 650px\" \/><\/figure>\n\n\n\n<p>Bir k\u00fcn ke\u00e7ken so\u00f1 Komitette ayn\u0131 b\u00f6yle k\u00f6r\u00fc\u015f\u00fcv Ukrainada Birle\u015fken Milletler Te\u015fkil\u00e2t\u0131 Aliy Komissar idaresi vek\u00e2letligini\u00f1 yolba\u015f\u00e7\u0131s\u0131 Oldrih Andrusek ile old\u0131.<\/p>\n\n\n\n<p>\u00d6z \u00e7\u0131q\u0131\u015f\u0131nda O. Andrusek BMT Aliy Komissar\u0131 faqat qa\u00e7aqlarn\u0131\u00f1 menfaatlar\u0131n\u0131 qay\u011f\u0131ruvnen s\u0131\u00f1\u0131rlanmadan, stalin rejimi taraf\u0131ndan s\u00fcrg\u00fcn etilgen halqlarn\u0131 da qor\u00e7ala\u011fan\u0131n\u0131 qayd etti. Bu esnada o Q\u0131r\u0131mtatar halq\u0131n\u0131\u00f1 Meclisinen \u00e7oq y\u0131llardan berli devam etken semereli i\u015fbirlikni, Aliy Komissar Sadako \u00d6gatan\u0131\u00f1 Q\u0131r\u0131m\u011fa mahsus ziyaretini, Aliy komissar idaresi taraf\u0131ndan Mustafa Cemilev F. Nansen muk\u00e2fat\u0131nen taqdirlengenini hat\u0131rlat\u0131p, Halqara forum ayn\u0131 BMT Aliy komissar\u0131 idaresini\u00f1 imayesinde ke\u00e7irilecegini s\u00f6yledi.<\/p>\n\n\n\n<figure class=\"wp-block-image size-full\"><img loading=\"lazy\" decoding=\"async\" width=\"650\" height=\"400\" src=\"http:\/\/qtmm.org\/wp-content\/uploads\/2022\/01\/3_68.jpeg\" alt=\"\" class=\"wp-image-35828\" srcset=\"https:\/\/qtmm.org\/wp-content\/uploads\/2022\/01\/3_68.jpeg 650w, https:\/\/qtmm.org\/wp-content\/uploads\/2022\/01\/3_68-300x185.jpeg 300w\" sizes=\"auto, (max-width: 650px) 100vw, 650px\" \/><\/figure>\n","protected":false},"excerpt":{"rendered":"<p>2013 senesi fevral 5 k\u00fcn\u00fc Ukraina Yuqar\u0131 \u015euras\u0131n\u0131\u00f1 \u0130nsan aqlar\u0131 ve milletlerara munasebetler boyunca komitette Ukrainada Halqara migratsiya te\u015fkil\u00e2t\u0131 vek\u00e2letligini\u00f1 ba\u015f\u0131 Manfred Profazi ile k\u00f6r\u00fc\u015f\u00fcv ol\u0131p ke\u00e7ti. K\u00f6r\u00fc\u015f\u00fcvde Komitet reisi Valeriy Patskan, Meclis reisi, Ukraina halq deputat\u0131 Mustafa Cemilev, halq deputatlar\u0131 \u0130van Popeskun, Bogdan Ben\u00fck, Vek\u00e2letlikni\u00f1 ve Komitetni\u00f1 hadimleri i\u015ftirak ettiler.&nbsp; K\u00f6r\u00fc\u015f\u00fcv devam\u0131nda bir s\u0131ra [&hellip;]<\/p>\n","protected":false},"author":1,"featured_media":35820,"comment_status":"open","ping_status":"open","sticky":false,"template":"","format":"standard","meta":{"inline_featured_image":false,"footnotes":""},"categories":[265],"tags":[],"class_list":["post-35819","post","type-post","status-publish","format-standard","has-post-thumbnail","hentry","category-haberler"],"acf":[],"yoast_head":"<!-- This site is optimized with the Yoast SEO plugin v27.4 - https:\/\/yoast.com\/product\/yoast-seo-wordpress\/ -->\n<title>Meclis reisi Ukrainada Halqara migratsiya te\u015fkil\u00e2t\u0131 vek\u00e2letligini\u00f1 ba\u015f\u0131 ve Ukrainada Birle\u015fken Milletler Te\u015fkil\u00e2t\u0131 Aliy Komissar idaresi vek\u00e2letligini\u00f1 yolba\u015f\u00e7\u0131s\u0131nen k\u00f6r\u00fc\u015fti - \u041c\u0435\u0434\u0436\u043b\u0456\u0441<\/title>\n<meta name=\"robots\" content=\"index, follow, max-snippet:-1, max-image-preview:large, max-video-preview:-1\" \/>\n<link rel=\"canonical\" href=\"https:\/\/qtmm.org\/qt\/meclis-reisi-ukrainada-halqara-migratsiya-teskilati-vekaletliginin-basi-ve-ukrainada-birlesken-milletler-teskilati-aliy-komissar-idaresi-vekaletliginin-yolbascisinen-korusti\/\" \/>\n<meta property=\"og:locale\" content=\"en_US\" \/>\n<meta property=\"og:type\" content=\"article\" \/>\n<meta property=\"og:title\" content=\"Meclis reisi Ukrainada Halqara migratsiya te\u015fkil\u00e2t\u0131 vek\u00e2letligini\u00f1 ba\u015f\u0131 ve Ukrainada Birle\u015fken Milletler Te\u015fkil\u00e2t\u0131 Aliy Komissar idaresi vek\u00e2letligini\u00f1 yolba\u015f\u00e7\u0131s\u0131nen k\u00f6r\u00fc\u015fti - \u041c\u0435\u0434\u0436\u043b\u0456\u0441\" \/>\n<meta property=\"og:description\" content=\"2013 senesi fevral 5 k\u00fcn\u00fc Ukraina Yuqar\u0131 \u015euras\u0131n\u0131\u00f1 \u0130nsan aqlar\u0131 ve milletlerara munasebetler boyunca komitette Ukrainada Halqara migratsiya te\u015fkil\u00e2t\u0131 vek\u00e2letligini\u00f1 ba\u015f\u0131 Manfred Profazi ile k\u00f6r\u00fc\u015f\u00fcv ol\u0131p ke\u00e7ti. K\u00f6r\u00fc\u015f\u00fcvde Komitet reisi Valeriy Patskan, Meclis reisi, Ukraina halq deputat\u0131 Mustafa Cemilev, halq deputatlar\u0131 \u0130van Popeskun, Bogdan Ben\u00fck, Vek\u00e2letlikni\u00f1 ve Komitetni\u00f1 hadimleri i\u015ftirak ettiler.&nbsp; K\u00f6r\u00fc\u015f\u00fcv devam\u0131nda bir s\u0131ra [&hellip;]\" \/>\n<meta property=\"og:url\" content=\"https:\/\/qtmm.org\/qt\/meclis-reisi-ukrainada-halqara-migratsiya-teskilati-vekaletliginin-basi-ve-ukrainada-birlesken-milletler-teskilati-aliy-komissar-idaresi-vekaletliginin-yolbascisinen-korusti\/\" \/>\n<meta property=\"og:site_name\" content=\"\u041c\u0435\u0434\u0436\u043b\u0456\u0441\" \/>\n<meta property=\"article:publisher\" content=\"https:\/\/www.facebook.com\/qtmm.info\/\" \/>\n<meta property=\"article:published_time\" content=\"2013-02-08T13:57:00+00:00\" \/>\n<meta property=\"article:modified_time\" content=\"2022-01-23T13:58:59+00:00\" \/>\n<meta property=\"og:image\" content=\"https:\/\/qtmm.org\/wp-content\/uploads\/2022\/01\/1_95.jpeg\" \/>\n\t<meta property=\"og:image:width\" content=\"650\" \/>\n\t<meta property=\"og:image:height\" content=\"400\" \/>\n\t<meta property=\"og:image:type\" content=\"image\/jpeg\" \/>\n<meta name=\"author\" content=\"Developer\" \/>\n<meta name=\"twitter:card\" content=\"summary_large_image\" \/>\n<meta name=\"twitter:label1\" content=\"Written by\" \/>\n\t<meta name=\"twitter:data1\" content=\"Developer\" \/>\n\t<meta name=\"twitter:label2\" content=\"Est. reading time\" \/>\n\t<meta name=\"twitter:data2\" content=\"2 minutes\" \/>\n<script type=\"application\/ld+json\" class=\"yoast-schema-graph\">{\"@context\":\"https:\\\/\\\/schema.org\",\"@graph\":[{\"@type\":\"Article\",\"@id\":\"https:\\\/\\\/qtmm.org\\\/qt\\\/meclis-reisi-ukrainada-halqara-migratsiya-teskilati-vekaletliginin-basi-ve-ukrainada-birlesken-milletler-teskilati-aliy-komissar-idaresi-vekaletliginin-yolbascisinen-korusti\\\/#article\",\"isPartOf\":{\"@id\":\"https:\\\/\\\/qtmm.org\\\/qt\\\/meclis-reisi-ukrainada-halqara-migratsiya-teskilati-vekaletliginin-basi-ve-ukrainada-birlesken-milletler-teskilati-aliy-komissar-idaresi-vekaletliginin-yolbascisinen-korusti\\\/\"},\"author\":{\"name\":\"Developer\",\"@id\":\"https:\\\/\\\/qtmm.org\\\/qt\\\/#\\\/schema\\\/person\\\/de562469f971dec226ac06e60bbf74a7\"},\"headline\":\"Meclis reisi Ukrainada Halqara migratsiya te\u015fkil\u00e2t\u0131 vek\u00e2letligini\u00f1 ba\u015f\u0131 ve Ukrainada Birle\u015fken Milletler Te\u015fkil\u00e2t\u0131 Aliy Komissar idaresi vek\u00e2letligini\u00f1 yolba\u015f\u00e7\u0131s\u0131nen k\u00f6r\u00fc\u015fti\",\"datePublished\":\"2013-02-08T13:57:00+00:00\",\"dateModified\":\"2022-01-23T13:58:59+00:00\",\"mainEntityOfPage\":{\"@id\":\"https:\\\/\\\/qtmm.org\\\/qt\\\/meclis-reisi-ukrainada-halqara-migratsiya-teskilati-vekaletliginin-basi-ve-ukrainada-birlesken-milletler-teskilati-aliy-komissar-idaresi-vekaletliginin-yolbascisinen-korusti\\\/\"},\"wordCount\":388,\"commentCount\":0,\"publisher\":{\"@id\":\"https:\\\/\\\/qtmm.org\\\/qt\\\/#organization\"},\"image\":{\"@id\":\"https:\\\/\\\/qtmm.org\\\/qt\\\/meclis-reisi-ukrainada-halqara-migratsiya-teskilati-vekaletliginin-basi-ve-ukrainada-birlesken-milletler-teskilati-aliy-komissar-idaresi-vekaletliginin-yolbascisinen-korusti\\\/#primaryimage\"},\"thumbnailUrl\":\"https:\\\/\\\/qtmm.org\\\/wp-content\\\/uploads\\\/2022\\\/01\\\/1_95.jpeg\",\"articleSection\":[\"Haberler\"],\"inLanguage\":\"qt\",\"potentialAction\":[{\"@type\":\"CommentAction\",\"name\":\"Comment\",\"target\":[\"https:\\\/\\\/qtmm.org\\\/qt\\\/meclis-reisi-ukrainada-halqara-migratsiya-teskilati-vekaletliginin-basi-ve-ukrainada-birlesken-milletler-teskilati-aliy-komissar-idaresi-vekaletliginin-yolbascisinen-korusti\\\/#respond\"]}]},{\"@type\":\"WebPage\",\"@id\":\"https:\\\/\\\/qtmm.org\\\/qt\\\/meclis-reisi-ukrainada-halqara-migratsiya-teskilati-vekaletliginin-basi-ve-ukrainada-birlesken-milletler-teskilati-aliy-komissar-idaresi-vekaletliginin-yolbascisinen-korusti\\\/\",\"url\":\"https:\\\/\\\/qtmm.org\\\/qt\\\/meclis-reisi-ukrainada-halqara-migratsiya-teskilati-vekaletliginin-basi-ve-ukrainada-birlesken-milletler-teskilati-aliy-komissar-idaresi-vekaletliginin-yolbascisinen-korusti\\\/\",\"name\":\"Meclis reisi Ukrainada Halqara migratsiya te\u015fkil\u00e2t\u0131 vek\u00e2letligini\u00f1 ba\u015f\u0131 ve Ukrainada Birle\u015fken Milletler Te\u015fkil\u00e2t\u0131 Aliy Komissar idaresi vek\u00e2letligini\u00f1 yolba\u015f\u00e7\u0131s\u0131nen k\u00f6r\u00fc\u015fti - \u041c\u0435\u0434\u0436\u043b\u0456\u0441\",\"isPartOf\":{\"@id\":\"https:\\\/\\\/qtmm.org\\\/qt\\\/#website\"},\"primaryImageOfPage\":{\"@id\":\"https:\\\/\\\/qtmm.org\\\/qt\\\/meclis-reisi-ukrainada-halqara-migratsiya-teskilati-vekaletliginin-basi-ve-ukrainada-birlesken-milletler-teskilati-aliy-komissar-idaresi-vekaletliginin-yolbascisinen-korusti\\\/#primaryimage\"},\"image\":{\"@id\":\"https:\\\/\\\/qtmm.org\\\/qt\\\/meclis-reisi-ukrainada-halqara-migratsiya-teskilati-vekaletliginin-basi-ve-ukrainada-birlesken-milletler-teskilati-aliy-komissar-idaresi-vekaletliginin-yolbascisinen-korusti\\\/#primaryimage\"},\"thumbnailUrl\":\"https:\\\/\\\/qtmm.org\\\/wp-content\\\/uploads\\\/2022\\\/01\\\/1_95.jpeg\",\"datePublished\":\"2013-02-08T13:57:00+00:00\",\"dateModified\":\"2022-01-23T13:58:59+00:00\",\"breadcrumb\":{\"@id\":\"https:\\\/\\\/qtmm.org\\\/qt\\\/meclis-reisi-ukrainada-halqara-migratsiya-teskilati-vekaletliginin-basi-ve-ukrainada-birlesken-milletler-teskilati-aliy-komissar-idaresi-vekaletliginin-yolbascisinen-korusti\\\/#breadcrumb\"},\"inLanguage\":\"qt\",\"potentialAction\":[{\"@type\":\"ReadAction\",\"target\":[\"https:\\\/\\\/qtmm.org\\\/qt\\\/meclis-reisi-ukrainada-halqara-migratsiya-teskilati-vekaletliginin-basi-ve-ukrainada-birlesken-milletler-teskilati-aliy-komissar-idaresi-vekaletliginin-yolbascisinen-korusti\\\/\"]}]},{\"@type\":\"ImageObject\",\"inLanguage\":\"qt\",\"@id\":\"https:\\\/\\\/qtmm.org\\\/qt\\\/meclis-reisi-ukrainada-halqara-migratsiya-teskilati-vekaletliginin-basi-ve-ukrainada-birlesken-milletler-teskilati-aliy-komissar-idaresi-vekaletliginin-yolbascisinen-korusti\\\/#primaryimage\",\"url\":\"https:\\\/\\\/qtmm.org\\\/wp-content\\\/uploads\\\/2022\\\/01\\\/1_95.jpeg\",\"contentUrl\":\"https:\\\/\\\/qtmm.org\\\/wp-content\\\/uploads\\\/2022\\\/01\\\/1_95.jpeg\",\"width\":650,\"height\":400},{\"@type\":\"BreadcrumbList\",\"@id\":\"https:\\\/\\\/qtmm.org\\\/qt\\\/meclis-reisi-ukrainada-halqara-migratsiya-teskilati-vekaletliginin-basi-ve-ukrainada-birlesken-milletler-teskilati-aliy-komissar-idaresi-vekaletliginin-yolbascisinen-korusti\\\/#breadcrumb\",\"itemListElement\":[{\"@type\":\"ListItem\",\"position\":1,\"name\":\"\u0413\u043e\u043b\u043e\u0432\u043d\u0430\",\"item\":\"https:\\\/\\\/qtmm.org\\\/qt\\\/\"},{\"@type\":\"ListItem\",\"position\":2,\"name\":\"Meclis reisi Ukrainada Halqara migratsiya te\u015fkil\u00e2t\u0131 vek\u00e2letligini\u00f1 ba\u015f\u0131 ve Ukrainada Birle\u015fken Milletler Te\u015fkil\u00e2t\u0131 Aliy Komissar idaresi vek\u00e2letligini\u00f1 yolba\u015f\u00e7\u0131s\u0131nen k\u00f6r\u00fc\u015fti\"}]},{\"@type\":\"WebSite\",\"@id\":\"https:\\\/\\\/qtmm.org\\\/qt\\\/#website\",\"url\":\"https:\\\/\\\/qtmm.org\\\/qt\\\/\",\"name\":\"\u041c\u0435\u0434\u0436\u043b\u0456\u0441\",\"description\":\"\",\"publisher\":{\"@id\":\"https:\\\/\\\/qtmm.org\\\/qt\\\/#organization\"},\"potentialAction\":[{\"@type\":\"SearchAction\",\"target\":{\"@type\":\"EntryPoint\",\"urlTemplate\":\"https:\\\/\\\/qtmm.org\\\/qt\\\/?s={search_term_string}\"},\"query-input\":{\"@type\":\"PropertyValueSpecification\",\"valueRequired\":true,\"valueName\":\"search_term_string\"}}],\"inLanguage\":\"qt\"},{\"@type\":\"Organization\",\"@id\":\"https:\\\/\\\/qtmm.org\\\/qt\\\/#organization\",\"name\":\"\u041c\u0435\u0434\u0436\u043b\u0456\u0441\",\"url\":\"https:\\\/\\\/qtmm.org\\\/qt\\\/\",\"logo\":{\"@type\":\"ImageObject\",\"inLanguage\":\"qt\",\"@id\":\"https:\\\/\\\/qtmm.org\\\/qt\\\/#\\\/schema\\\/logo\\\/image\\\/\",\"url\":\"https:\\\/\\\/qtmm.org\\\/wp-content\\\/uploads\\\/2024\\\/12\\\/ua-mejlis-logo-rgb.svg\",\"contentUrl\":\"https:\\\/\\\/qtmm.org\\\/wp-content\\\/uploads\\\/2024\\\/12\\\/ua-mejlis-logo-rgb.svg\",\"caption\":\"\u041c\u0435\u0434\u0436\u043b\u0456\u0441\"},\"image\":{\"@id\":\"https:\\\/\\\/qtmm.org\\\/qt\\\/#\\\/schema\\\/logo\\\/image\\\/\"},\"sameAs\":[\"https:\\\/\\\/www.facebook.com\\\/qtmm.info\\\/\"]},{\"@type\":\"Person\",\"@id\":\"https:\\\/\\\/qtmm.org\\\/qt\\\/#\\\/schema\\\/person\\\/de562469f971dec226ac06e60bbf74a7\",\"name\":\"Developer\",\"image\":{\"@type\":\"ImageObject\",\"inLanguage\":\"qt\",\"@id\":\"https:\\\/\\\/secure.gravatar.com\\\/avatar\\\/392b4cc8fbfeb00b39dfeeab4ee6edded39ffd48e25858637e4765810300227e?s=96&d=mm&r=g\",\"url\":\"https:\\\/\\\/secure.gravatar.com\\\/avatar\\\/392b4cc8fbfeb00b39dfeeab4ee6edded39ffd48e25858637e4765810300227e?s=96&d=mm&r=g\",\"contentUrl\":\"https:\\\/\\\/secure.gravatar.com\\\/avatar\\\/392b4cc8fbfeb00b39dfeeab4ee6edded39ffd48e25858637e4765810300227e?s=96&d=mm&r=g\",\"caption\":\"Developer\"},\"url\":\"https:\\\/\\\/qtmm.org\\\/qt\\\/author\\\/Developer\\\/\"}]}<\/script>\n<!-- \/ Yoast SEO plugin. -->","yoast_head_json":{"title":"Meclis reisi Ukrainada Halqara migratsiya te\u015fkil\u00e2t\u0131 vek\u00e2letligini\u00f1 ba\u015f\u0131 ve Ukrainada Birle\u015fken Milletler Te\u015fkil\u00e2t\u0131 Aliy Komissar idaresi vek\u00e2letligini\u00f1 yolba\u015f\u00e7\u0131s\u0131nen k\u00f6r\u00fc\u015fti - \u041c\u0435\u0434\u0436\u043b\u0456\u0441","robots":{"index":"index","follow":"follow","max-snippet":"max-snippet:-1","max-image-preview":"max-image-preview:large","max-video-preview":"max-video-preview:-1"},"canonical":"https:\/\/qtmm.org\/qt\/meclis-reisi-ukrainada-halqara-migratsiya-teskilati-vekaletliginin-basi-ve-ukrainada-birlesken-milletler-teskilati-aliy-komissar-idaresi-vekaletliginin-yolbascisinen-korusti\/","og_locale":"en_US","og_type":"article","og_title":"Meclis reisi Ukrainada Halqara migratsiya te\u015fkil\u00e2t\u0131 vek\u00e2letligini\u00f1 ba\u015f\u0131 ve Ukrainada Birle\u015fken Milletler Te\u015fkil\u00e2t\u0131 Aliy Komissar idaresi vek\u00e2letligini\u00f1 yolba\u015f\u00e7\u0131s\u0131nen k\u00f6r\u00fc\u015fti - \u041c\u0435\u0434\u0436\u043b\u0456\u0441","og_description":"2013 senesi fevral 5 k\u00fcn\u00fc Ukraina Yuqar\u0131 \u015euras\u0131n\u0131\u00f1 \u0130nsan aqlar\u0131 ve milletlerara munasebetler boyunca komitette Ukrainada Halqara migratsiya te\u015fkil\u00e2t\u0131 vek\u00e2letligini\u00f1 ba\u015f\u0131 Manfred Profazi ile k\u00f6r\u00fc\u015f\u00fcv ol\u0131p ke\u00e7ti. K\u00f6r\u00fc\u015f\u00fcvde Komitet reisi Valeriy Patskan, Meclis reisi, Ukraina halq deputat\u0131 Mustafa Cemilev, halq deputatlar\u0131 \u0130van Popeskun, Bogdan Ben\u00fck, Vek\u00e2letlikni\u00f1 ve Komitetni\u00f1 hadimleri i\u015ftirak ettiler.&nbsp; K\u00f6r\u00fc\u015f\u00fcv devam\u0131nda bir s\u0131ra [&hellip;]","og_url":"https:\/\/qtmm.org\/qt\/meclis-reisi-ukrainada-halqara-migratsiya-teskilati-vekaletliginin-basi-ve-ukrainada-birlesken-milletler-teskilati-aliy-komissar-idaresi-vekaletliginin-yolbascisinen-korusti\/","og_site_name":"\u041c\u0435\u0434\u0436\u043b\u0456\u0441","article_publisher":"https:\/\/www.facebook.com\/qtmm.info\/","article_published_time":"2013-02-08T13:57:00+00:00","article_modified_time":"2022-01-23T13:58:59+00:00","og_image":[{"width":650,"height":400,"url":"https:\/\/qtmm.org\/wp-content\/uploads\/2022\/01\/1_95.jpeg","type":"image\/jpeg"}],"author":"Developer","twitter_card":"summary_large_image","twitter_misc":{"Written by":"Developer","Est. reading time":"2 minutes"},"schema":{"@context":"https:\/\/schema.org","@graph":[{"@type":"Article","@id":"https:\/\/qtmm.org\/qt\/meclis-reisi-ukrainada-halqara-migratsiya-teskilati-vekaletliginin-basi-ve-ukrainada-birlesken-milletler-teskilati-aliy-komissar-idaresi-vekaletliginin-yolbascisinen-korusti\/#article","isPartOf":{"@id":"https:\/\/qtmm.org\/qt\/meclis-reisi-ukrainada-halqara-migratsiya-teskilati-vekaletliginin-basi-ve-ukrainada-birlesken-milletler-teskilati-aliy-komissar-idaresi-vekaletliginin-yolbascisinen-korusti\/"},"author":{"name":"Developer","@id":"https:\/\/qtmm.org\/qt\/#\/schema\/person\/de562469f971dec226ac06e60bbf74a7"},"headline":"Meclis reisi Ukrainada Halqara migratsiya te\u015fkil\u00e2t\u0131 vek\u00e2letligini\u00f1 ba\u015f\u0131 ve Ukrainada Birle\u015fken Milletler Te\u015fkil\u00e2t\u0131 Aliy Komissar idaresi vek\u00e2letligini\u00f1 yolba\u015f\u00e7\u0131s\u0131nen k\u00f6r\u00fc\u015fti","datePublished":"2013-02-08T13:57:00+00:00","dateModified":"2022-01-23T13:58:59+00:00","mainEntityOfPage":{"@id":"https:\/\/qtmm.org\/qt\/meclis-reisi-ukrainada-halqara-migratsiya-teskilati-vekaletliginin-basi-ve-ukrainada-birlesken-milletler-teskilati-aliy-komissar-idaresi-vekaletliginin-yolbascisinen-korusti\/"},"wordCount":388,"commentCount":0,"publisher":{"@id":"https:\/\/qtmm.org\/qt\/#organization"},"image":{"@id":"https:\/\/qtmm.org\/qt\/meclis-reisi-ukrainada-halqara-migratsiya-teskilati-vekaletliginin-basi-ve-ukrainada-birlesken-milletler-teskilati-aliy-komissar-idaresi-vekaletliginin-yolbascisinen-korusti\/#primaryimage"},"thumbnailUrl":"https:\/\/qtmm.org\/wp-content\/uploads\/2022\/01\/1_95.jpeg","articleSection":["Haberler"],"inLanguage":"qt","potentialAction":[{"@type":"CommentAction","name":"Comment","target":["https:\/\/qtmm.org\/qt\/meclis-reisi-ukrainada-halqara-migratsiya-teskilati-vekaletliginin-basi-ve-ukrainada-birlesken-milletler-teskilati-aliy-komissar-idaresi-vekaletliginin-yolbascisinen-korusti\/#respond"]}]},{"@type":"WebPage","@id":"https:\/\/qtmm.org\/qt\/meclis-reisi-ukrainada-halqara-migratsiya-teskilati-vekaletliginin-basi-ve-ukrainada-birlesken-milletler-teskilati-aliy-komissar-idaresi-vekaletliginin-yolbascisinen-korusti\/","url":"https:\/\/qtmm.org\/qt\/meclis-reisi-ukrainada-halqara-migratsiya-teskilati-vekaletliginin-basi-ve-ukrainada-birlesken-milletler-teskilati-aliy-komissar-idaresi-vekaletliginin-yolbascisinen-korusti\/","name":"Meclis reisi Ukrainada Halqara migratsiya te\u015fkil\u00e2t\u0131 vek\u00e2letligini\u00f1 ba\u015f\u0131 ve Ukrainada Birle\u015fken Milletler Te\u015fkil\u00e2t\u0131 Aliy Komissar idaresi vek\u00e2letligini\u00f1 yolba\u015f\u00e7\u0131s\u0131nen k\u00f6r\u00fc\u015fti - \u041c\u0435\u0434\u0436\u043b\u0456\u0441","isPartOf":{"@id":"https:\/\/qtmm.org\/qt\/#website"},"primaryImageOfPage":{"@id":"https:\/\/qtmm.org\/qt\/meclis-reisi-ukrainada-halqara-migratsiya-teskilati-vekaletliginin-basi-ve-ukrainada-birlesken-milletler-teskilati-aliy-komissar-idaresi-vekaletliginin-yolbascisinen-korusti\/#primaryimage"},"image":{"@id":"https:\/\/qtmm.org\/qt\/meclis-reisi-ukrainada-halqara-migratsiya-teskilati-vekaletliginin-basi-ve-ukrainada-birlesken-milletler-teskilati-aliy-komissar-idaresi-vekaletliginin-yolbascisinen-korusti\/#primaryimage"},"thumbnailUrl":"https:\/\/qtmm.org\/wp-content\/uploads\/2022\/01\/1_95.jpeg","datePublished":"2013-02-08T13:57:00+00:00","dateModified":"2022-01-23T13:58:59+00:00","breadcrumb":{"@id":"https:\/\/qtmm.org\/qt\/meclis-reisi-ukrainada-halqara-migratsiya-teskilati-vekaletliginin-basi-ve-ukrainada-birlesken-milletler-teskilati-aliy-komissar-idaresi-vekaletliginin-yolbascisinen-korusti\/#breadcrumb"},"inLanguage":"qt","potentialAction":[{"@type":"ReadAction","target":["https:\/\/qtmm.org\/qt\/meclis-reisi-ukrainada-halqara-migratsiya-teskilati-vekaletliginin-basi-ve-ukrainada-birlesken-milletler-teskilati-aliy-komissar-idaresi-vekaletliginin-yolbascisinen-korusti\/"]}]},{"@type":"ImageObject","inLanguage":"qt","@id":"https:\/\/qtmm.org\/qt\/meclis-reisi-ukrainada-halqara-migratsiya-teskilati-vekaletliginin-basi-ve-ukrainada-birlesken-milletler-teskilati-aliy-komissar-idaresi-vekaletliginin-yolbascisinen-korusti\/#primaryimage","url":"https:\/\/qtmm.org\/wp-content\/uploads\/2022\/01\/1_95.jpeg","contentUrl":"https:\/\/qtmm.org\/wp-content\/uploads\/2022\/01\/1_95.jpeg","width":650,"height":400},{"@type":"BreadcrumbList","@id":"https:\/\/qtmm.org\/qt\/meclis-reisi-ukrainada-halqara-migratsiya-teskilati-vekaletliginin-basi-ve-ukrainada-birlesken-milletler-teskilati-aliy-komissar-idaresi-vekaletliginin-yolbascisinen-korusti\/#breadcrumb","itemListElement":[{"@type":"ListItem","position":1,"name":"\u0413\u043e\u043b\u043e\u0432\u043d\u0430","item":"https:\/\/qtmm.org\/qt\/"},{"@type":"ListItem","position":2,"name":"Meclis reisi Ukrainada Halqara migratsiya te\u015fkil\u00e2t\u0131 vek\u00e2letligini\u00f1 ba\u015f\u0131 ve Ukrainada Birle\u015fken Milletler Te\u015fkil\u00e2t\u0131 Aliy Komissar idaresi vek\u00e2letligini\u00f1 yolba\u015f\u00e7\u0131s\u0131nen k\u00f6r\u00fc\u015fti"}]},{"@type":"WebSite","@id":"https:\/\/qtmm.org\/qt\/#website","url":"https:\/\/qtmm.org\/qt\/","name":"\u041c\u0435\u0434\u0436\u043b\u0456\u0441","description":"","publisher":{"@id":"https:\/\/qtmm.org\/qt\/#organization"},"potentialAction":[{"@type":"SearchAction","target":{"@type":"EntryPoint","urlTemplate":"https:\/\/qtmm.org\/qt\/?s={search_term_string}"},"query-input":{"@type":"PropertyValueSpecification","valueRequired":true,"valueName":"search_term_string"}}],"inLanguage":"qt"},{"@type":"Organization","@id":"https:\/\/qtmm.org\/qt\/#organization","name":"\u041c\u0435\u0434\u0436\u043b\u0456\u0441","url":"https:\/\/qtmm.org\/qt\/","logo":{"@type":"ImageObject","inLanguage":"qt","@id":"https:\/\/qtmm.org\/qt\/#\/schema\/logo\/image\/","url":"https:\/\/qtmm.org\/wp-content\/uploads\/2024\/12\/ua-mejlis-logo-rgb.svg","contentUrl":"https:\/\/qtmm.org\/wp-content\/uploads\/2024\/12\/ua-mejlis-logo-rgb.svg","caption":"\u041c\u0435\u0434\u0436\u043b\u0456\u0441"},"image":{"@id":"https:\/\/qtmm.org\/qt\/#\/schema\/logo\/image\/"},"sameAs":["https:\/\/www.facebook.com\/qtmm.info\/"]},{"@type":"Person","@id":"https:\/\/qtmm.org\/qt\/#\/schema\/person\/de562469f971dec226ac06e60bbf74a7","name":"Developer","image":{"@type":"ImageObject","inLanguage":"qt","@id":"https:\/\/secure.gravatar.com\/avatar\/392b4cc8fbfeb00b39dfeeab4ee6edded39ffd48e25858637e4765810300227e?s=96&d=mm&r=g","url":"https:\/\/secure.gravatar.com\/avatar\/392b4cc8fbfeb00b39dfeeab4ee6edded39ffd48e25858637e4765810300227e?s=96&d=mm&r=g","contentUrl":"https:\/\/secure.gravatar.com\/avatar\/392b4cc8fbfeb00b39dfeeab4ee6edded39ffd48e25858637e4765810300227e?s=96&d=mm&r=g","caption":"Developer"},"url":"https:\/\/qtmm.org\/qt\/author\/Developer\/"}]}},"_links":{"self":[{"href":"https:\/\/qtmm.org\/qt\/wp-json\/wp\/v2\/posts\/35819","targetHints":{"allow":["GET"]}}],"collection":[{"href":"https:\/\/qtmm.org\/qt\/wp-json\/wp\/v2\/posts"}],"about":[{"href":"https:\/\/qtmm.org\/qt\/wp-json\/wp\/v2\/types\/post"}],"author":[{"embeddable":true,"href":"https:\/\/qtmm.org\/qt\/wp-json\/wp\/v2\/users\/1"}],"replies":[{"embeddable":true,"href":"https:\/\/qtmm.org\/qt\/wp-json\/wp\/v2\/comments?post=35819"}],"version-history":[{"count":1,"href":"https:\/\/qtmm.org\/qt\/wp-json\/wp\/v2\/posts\/35819\/revisions"}],"predecessor-version":[{"id":35832,"href":"https:\/\/qtmm.org\/qt\/wp-json\/wp\/v2\/posts\/35819\/revisions\/35832"}],"wp:featuredmedia":[{"embeddable":true,"href":"https:\/\/qtmm.org\/qt\/wp-json\/wp\/v2\/media\/35820"}],"wp:attachment":[{"href":"https:\/\/qtmm.org\/qt\/wp-json\/wp\/v2\/media?parent=35819"}],"wp:term":[{"taxonomy":"category","embeddable":true,"href":"https:\/\/qtmm.org\/qt\/wp-json\/wp\/v2\/categories?post=35819"},{"taxonomy":"post_tag","embeddable":true,"href":"https:\/\/qtmm.org\/qt\/wp-json\/wp\/v2\/tags?post=35819"}],"curies":[{"name":"wp","href":"https:\/\/api.w.org\/{rel}","templated":true}]}}