




{"id":35801,"date":"2013-02-08T16:55:00","date_gmt":"2013-02-08T13:55:00","guid":{"rendered":"http:\/\/qtmm.org\/?p=35801"},"modified":"2022-01-23T16:57:31","modified_gmt":"2022-01-23T13:57:31","slug":"qirimtatar-halqi-meclisinin-reisi-mustafa-cemilev-avropa-birliginin-komissari-stefan-fule-ile-korusti","status":"publish","type":"post","link":"https:\/\/qtmm.org\/qt\/qirimtatar-halqi-meclisinin-reisi-mustafa-cemilev-avropa-birliginin-komissari-stefan-fule-ile-korusti\/","title":{"rendered":"Q\u0131r\u0131mtatar halq\u0131 Meclisini\u00f1 reisi Mustafa Cemilev Avropa Birligini\u00f1 komissar\u0131 \u015etefan F\u00fcle ile k\u00f6r\u00fc\u015fti"},"content":{"rendered":"\n<p>2013 senesi fevral 7 k\u00fcn\u00fc Avropa Birligini\u00f1 Ukrainadaki Vek\u00e2letliginde Avropa Birligini\u00f1 eyi qom\u015fuc\u0131l\u0131q siyaseti boyunca komissar\u0131 \u015etefan F\u00fcle Q\u0131r\u0131mtatar halq\u0131 Meclisini\u00f1 reisi, Ukraina halq deputat\u0131 Mustafa Cemilev ile k\u00f6r\u00fc\u015fti.<\/p>\n\n\n\n<p>Subetni\u00f1 ba\u015f\u0131nda taraflar Q\u0131r\u0131mda i\u00e7timaiy-siyasiy vaziyetke dair fikirlerinen payla\u015f\u0131p, Q\u0131r\u0131mtatar halq\u0131n\u0131\u00f1 \u00f6z Vatan\u0131nda aqlar\u0131n\u0131 \u011fayr\u0131dan tiklev, Ukrainada on\u0131\u00f1 tel\u00fckesizligi ve inki\u015faf\u0131n\u0131 teminlev problemleri boyunca halqara forum\u011fa az\u0131rl\u0131q ve on\u0131 \u00f6tker\u00fcv meselelerine ayr\u0131ca emiyet berdiler.<br><br>Q\u0131r\u0131mtatar halq\u0131 Meclisini\u00f1 reisi Mustafa Cemilev ve Avropa Birligini\u00f1 komissar\u0131 \u015etefan F\u00fcle Halqara Forumn\u0131 az\u0131rlavda OSCE milliy azl\u0131qlar boyunca Aliy komissar\u0131 Knut Vollebekni\u00f1 b\u00fcy\u00fck h\u0131zmetlerini ayr\u0131ca qayd etip, q\u0131r\u0131mtatar halq\u0131n\u0131\u00f1 aqlar\u0131n\u0131 tiklevde i\u015fbirlikni devam ettirmekni muzakere ettiler.<\/p>\n\n\n\n<p>K\u00f6r\u00fc\u015f\u00fcvde Meclis reisini\u00f1 muavini, Q\u0131r\u0131m Yuqar\u0131 \u015euras\u0131n\u0131\u00f1 deputat\u0131 Refat \u00c7ubarov, Meclisni\u00f1 t\u0131\u015fq\u0131 al\u00e2qalar b\u00f6l\u00fcgini\u00f1 ba\u015f\u0131 Ali Hamzin, Avropa Birligini\u00f1 Ukrainadaki El\u00e7isi, Vek\u00e2letligini\u00f1 ba\u015f\u0131 Yan Tombinskiy, \u015etefan F\u00fclege Ukraina ziyaretinde refaqatl\u0131q yapqan hadimleri de i\u015ftirak ettiler.<\/p>\n\n\n\n<figure class=\"wp-block-gallery columns-2 is-cropped wp-block-gallery-1 is-layout-flex wp-block-gallery-is-layout-flex\"><ul class=\"blocks-gallery-grid\"><li class=\"blocks-gallery-item\"><figure><a href=\"http:\/\/qtmm.org\/wp-content\/uploads\/2022\/01\/5116196a0d169.jpeg\"><img loading=\"lazy\" decoding=\"async\" width=\"640\" height=\"480\" src=\"http:\/\/qtmm.org\/wp-content\/uploads\/2022\/01\/5116196a0d169.jpeg\" alt=\"\" data-id=\"35802\" data-full-url=\"http:\/\/qtmm.org\/wp-content\/uploads\/2022\/01\/5116196a0d169.jpeg\" data-link=\"http:\/\/qtmm.org\/?attachment_id=35802\" class=\"wp-image-35802\" srcset=\"https:\/\/qtmm.org\/wp-content\/uploads\/2022\/01\/5116196a0d169.jpeg 640w, https:\/\/qtmm.org\/wp-content\/uploads\/2022\/01\/5116196a0d169-300x225.jpeg 300w\" sizes=\"auto, (max-width: 640px) 100vw, 640px\" \/><\/a><\/figure><\/li><li class=\"blocks-gallery-item\"><figure><a href=\"http:\/\/qtmm.org\/wp-content\/uploads\/2022\/01\/5116196a3f174.jpeg\"><img loading=\"lazy\" decoding=\"async\" width=\"640\" height=\"480\" src=\"http:\/\/qtmm.org\/wp-content\/uploads\/2022\/01\/5116196a3f174.jpeg\" alt=\"\" data-id=\"35806\" data-full-url=\"http:\/\/qtmm.org\/wp-content\/uploads\/2022\/01\/5116196a3f174.jpeg\" data-link=\"http:\/\/qtmm.org\/?attachment_id=35806\" class=\"wp-image-35806\" srcset=\"https:\/\/qtmm.org\/wp-content\/uploads\/2022\/01\/5116196a3f174.jpeg 640w, https:\/\/qtmm.org\/wp-content\/uploads\/2022\/01\/5116196a3f174-300x225.jpeg 300w\" sizes=\"auto, (max-width: 640px) 100vw, 640px\" \/><\/a><\/figure><\/li><li class=\"blocks-gallery-item\"><figure><a href=\"http:\/\/qtmm.org\/wp-content\/uploads\/2022\/01\/5116196a25efc.jpeg\"><img loading=\"lazy\" decoding=\"async\" width=\"640\" height=\"480\" src=\"http:\/\/qtmm.org\/wp-content\/uploads\/2022\/01\/5116196a25efc.jpeg\" alt=\"\" data-id=\"35810\" data-full-url=\"http:\/\/qtmm.org\/wp-content\/uploads\/2022\/01\/5116196a25efc.jpeg\" data-link=\"http:\/\/qtmm.org\/qt\/?attachment_id=35810\" class=\"wp-image-35810\" srcset=\"https:\/\/qtmm.org\/wp-content\/uploads\/2022\/01\/5116196a25efc.jpeg 640w, https:\/\/qtmm.org\/wp-content\/uploads\/2022\/01\/5116196a25efc-300x225.jpeg 300w\" sizes=\"auto, (max-width: 640px) 100vw, 640px\" \/><\/a><\/figure><\/li><li class=\"blocks-gallery-item\"><figure><a href=\"http:\/\/qtmm.org\/wp-content\/uploads\/2022\/01\/5116196a58b66.jpeg\"><img loading=\"lazy\" decoding=\"async\" width=\"640\" height=\"480\" src=\"http:\/\/qtmm.org\/wp-content\/uploads\/2022\/01\/5116196a58b66.jpeg\" alt=\"\" data-id=\"35814\" data-full-url=\"http:\/\/qtmm.org\/wp-content\/uploads\/2022\/01\/5116196a58b66.jpeg\" data-link=\"http:\/\/qtmm.org\/qt\/?attachment_id=35814\" class=\"wp-image-35814\" srcset=\"https:\/\/qtmm.org\/wp-content\/uploads\/2022\/01\/5116196a58b66.jpeg 640w, https:\/\/qtmm.org\/wp-content\/uploads\/2022\/01\/5116196a58b66-300x225.jpeg 300w\" sizes=\"auto, (max-width: 640px) 100vw, 640px\" \/><\/a><\/figure><\/li><\/ul><\/figure>\n","protected":false},"excerpt":{"rendered":"<p>2013 senesi fevral 7 k\u00fcn\u00fc Avropa Birligini\u00f1 Ukrainadaki Vek\u00e2letliginde Avropa Birligini\u00f1 eyi qom\u015fuc\u0131l\u0131q siyaseti boyunca komissar\u0131 \u015etefan F\u00fcle Q\u0131r\u0131mtatar halq\u0131 Meclisini\u00f1 reisi, Ukraina halq deputat\u0131 Mustafa Cemilev ile k\u00f6r\u00fc\u015fti. Subetni\u00f1 ba\u015f\u0131nda taraflar Q\u0131r\u0131mda i\u00e7timaiy-siyasiy vaziyetke dair fikirlerinen payla\u015f\u0131p, Q\u0131r\u0131mtatar halq\u0131n\u0131\u00f1 \u00f6z Vatan\u0131nda aqlar\u0131n\u0131 \u011fayr\u0131dan tiklev, Ukrainada on\u0131\u00f1 tel\u00fckesizligi ve inki\u015faf\u0131n\u0131 teminlev problemleri boyunca halqara forum\u011fa [&hellip;]<\/p>\n","protected":false},"author":1,"featured_media":35806,"comment_status":"open","ping_status":"open","sticky":false,"template":"","format":"standard","meta":{"inline_featured_image":false,"footnotes":""},"categories":[265],"tags":[],"class_list":["post-35801","post","type-post","status-publish","format-standard","has-post-thumbnail","hentry","category-haberler"],"acf":[],"yoast_head":"<!-- This site is optimized with the Yoast SEO plugin v27.4 - https:\/\/yoast.com\/product\/yoast-seo-wordpress\/ -->\n<title>Q\u0131r\u0131mtatar halq\u0131 Meclisini\u00f1 reisi Mustafa Cemilev Avropa Birligini\u00f1 komissar\u0131 \u015etefan F\u00fcle ile k\u00f6r\u00fc\u015fti - \u041c\u0435\u0434\u0436\u043b\u0456\u0441<\/title>\n<meta name=\"robots\" content=\"index, follow, max-snippet:-1, max-image-preview:large, max-video-preview:-1\" \/>\n<link rel=\"canonical\" href=\"https:\/\/qtmm.org\/qt\/qirimtatar-halqi-meclisinin-reisi-mustafa-cemilev-avropa-birliginin-komissari-stefan-fule-ile-korusti\/\" \/>\n<meta property=\"og:locale\" content=\"en_US\" \/>\n<meta property=\"og:type\" content=\"article\" \/>\n<meta property=\"og:title\" content=\"Q\u0131r\u0131mtatar halq\u0131 Meclisini\u00f1 reisi Mustafa Cemilev Avropa Birligini\u00f1 komissar\u0131 \u015etefan F\u00fcle ile k\u00f6r\u00fc\u015fti - \u041c\u0435\u0434\u0436\u043b\u0456\u0441\" \/>\n<meta property=\"og:description\" content=\"2013 senesi fevral 7 k\u00fcn\u00fc Avropa Birligini\u00f1 Ukrainadaki Vek\u00e2letliginde Avropa Birligini\u00f1 eyi qom\u015fuc\u0131l\u0131q siyaseti boyunca komissar\u0131 \u015etefan F\u00fcle Q\u0131r\u0131mtatar halq\u0131 Meclisini\u00f1 reisi, Ukraina halq deputat\u0131 Mustafa Cemilev ile k\u00f6r\u00fc\u015fti. Subetni\u00f1 ba\u015f\u0131nda taraflar Q\u0131r\u0131mda i\u00e7timaiy-siyasiy vaziyetke dair fikirlerinen payla\u015f\u0131p, Q\u0131r\u0131mtatar halq\u0131n\u0131\u00f1 \u00f6z Vatan\u0131nda aqlar\u0131n\u0131 \u011fayr\u0131dan tiklev, Ukrainada on\u0131\u00f1 tel\u00fckesizligi ve inki\u015faf\u0131n\u0131 teminlev problemleri boyunca halqara forum\u011fa [&hellip;]\" \/>\n<meta property=\"og:url\" content=\"https:\/\/qtmm.org\/qt\/qirimtatar-halqi-meclisinin-reisi-mustafa-cemilev-avropa-birliginin-komissari-stefan-fule-ile-korusti\/\" \/>\n<meta property=\"og:site_name\" content=\"\u041c\u0435\u0434\u0436\u043b\u0456\u0441\" \/>\n<meta property=\"article:publisher\" content=\"https:\/\/www.facebook.com\/qtmm.info\/\" \/>\n<meta property=\"article:published_time\" content=\"2013-02-08T13:55:00+00:00\" \/>\n<meta property=\"article:modified_time\" content=\"2022-01-23T13:57:31+00:00\" \/>\n<meta property=\"og:image\" content=\"https:\/\/qtmm.org\/wp-content\/uploads\/2022\/01\/5116196a3f174.jpeg\" \/>\n\t<meta property=\"og:image:width\" content=\"640\" \/>\n\t<meta property=\"og:image:height\" content=\"480\" \/>\n\t<meta property=\"og:image:type\" content=\"image\/jpeg\" \/>\n<meta name=\"author\" content=\"Developer\" \/>\n<meta name=\"twitter:card\" content=\"summary_large_image\" \/>\n<meta name=\"twitter:label1\" content=\"Written by\" \/>\n\t<meta name=\"twitter:data1\" content=\"Developer\" \/>\n\t<meta name=\"twitter:label2\" content=\"Est. reading time\" \/>\n\t<meta name=\"twitter:data2\" content=\"1 minute\" \/>\n<script type=\"application\/ld+json\" class=\"yoast-schema-graph\">{\"@context\":\"https:\\\/\\\/schema.org\",\"@graph\":[{\"@type\":\"Article\",\"@id\":\"https:\\\/\\\/qtmm.org\\\/qt\\\/qirimtatar-halqi-meclisinin-reisi-mustafa-cemilev-avropa-birliginin-komissari-stefan-fule-ile-korusti\\\/#article\",\"isPartOf\":{\"@id\":\"https:\\\/\\\/qtmm.org\\\/qt\\\/qirimtatar-halqi-meclisinin-reisi-mustafa-cemilev-avropa-birliginin-komissari-stefan-fule-ile-korusti\\\/\"},\"author\":{\"name\":\"Developer\",\"@id\":\"https:\\\/\\\/qtmm.org\\\/qt\\\/#\\\/schema\\\/person\\\/de562469f971dec226ac06e60bbf74a7\"},\"headline\":\"Q\u0131r\u0131mtatar halq\u0131 Meclisini\u00f1 reisi Mustafa Cemilev Avropa Birligini\u00f1 komissar\u0131 \u015etefan F\u00fcle ile k\u00f6r\u00fc\u015fti\",\"datePublished\":\"2013-02-08T13:55:00+00:00\",\"dateModified\":\"2022-01-23T13:57:31+00:00\",\"mainEntityOfPage\":{\"@id\":\"https:\\\/\\\/qtmm.org\\\/qt\\\/qirimtatar-halqi-meclisinin-reisi-mustafa-cemilev-avropa-birliginin-komissari-stefan-fule-ile-korusti\\\/\"},\"wordCount\":208,\"commentCount\":0,\"publisher\":{\"@id\":\"https:\\\/\\\/qtmm.org\\\/qt\\\/#organization\"},\"image\":{\"@id\":\"https:\\\/\\\/qtmm.org\\\/qt\\\/qirimtatar-halqi-meclisinin-reisi-mustafa-cemilev-avropa-birliginin-komissari-stefan-fule-ile-korusti\\\/#primaryimage\"},\"thumbnailUrl\":\"https:\\\/\\\/qtmm.org\\\/wp-content\\\/uploads\\\/2022\\\/01\\\/5116196a3f174.jpeg\",\"articleSection\":[\"Haberler\"],\"inLanguage\":\"qt\",\"potentialAction\":[{\"@type\":\"CommentAction\",\"name\":\"Comment\",\"target\":[\"https:\\\/\\\/qtmm.org\\\/qt\\\/qirimtatar-halqi-meclisinin-reisi-mustafa-cemilev-avropa-birliginin-komissari-stefan-fule-ile-korusti\\\/#respond\"]}]},{\"@type\":\"WebPage\",\"@id\":\"https:\\\/\\\/qtmm.org\\\/qt\\\/qirimtatar-halqi-meclisinin-reisi-mustafa-cemilev-avropa-birliginin-komissari-stefan-fule-ile-korusti\\\/\",\"url\":\"https:\\\/\\\/qtmm.org\\\/qt\\\/qirimtatar-halqi-meclisinin-reisi-mustafa-cemilev-avropa-birliginin-komissari-stefan-fule-ile-korusti\\\/\",\"name\":\"Q\u0131r\u0131mtatar halq\u0131 Meclisini\u00f1 reisi Mustafa Cemilev Avropa Birligini\u00f1 komissar\u0131 \u015etefan F\u00fcle ile k\u00f6r\u00fc\u015fti - \u041c\u0435\u0434\u0436\u043b\u0456\u0441\",\"isPartOf\":{\"@id\":\"https:\\\/\\\/qtmm.org\\\/qt\\\/#website\"},\"primaryImageOfPage\":{\"@id\":\"https:\\\/\\\/qtmm.org\\\/qt\\\/qirimtatar-halqi-meclisinin-reisi-mustafa-cemilev-avropa-birliginin-komissari-stefan-fule-ile-korusti\\\/#primaryimage\"},\"image\":{\"@id\":\"https:\\\/\\\/qtmm.org\\\/qt\\\/qirimtatar-halqi-meclisinin-reisi-mustafa-cemilev-avropa-birliginin-komissari-stefan-fule-ile-korusti\\\/#primaryimage\"},\"thumbnailUrl\":\"https:\\\/\\\/qtmm.org\\\/wp-content\\\/uploads\\\/2022\\\/01\\\/5116196a3f174.jpeg\",\"datePublished\":\"2013-02-08T13:55:00+00:00\",\"dateModified\":\"2022-01-23T13:57:31+00:00\",\"breadcrumb\":{\"@id\":\"https:\\\/\\\/qtmm.org\\\/qt\\\/qirimtatar-halqi-meclisinin-reisi-mustafa-cemilev-avropa-birliginin-komissari-stefan-fule-ile-korusti\\\/#breadcrumb\"},\"inLanguage\":\"qt\",\"potentialAction\":[{\"@type\":\"ReadAction\",\"target\":[\"https:\\\/\\\/qtmm.org\\\/qt\\\/qirimtatar-halqi-meclisinin-reisi-mustafa-cemilev-avropa-birliginin-komissari-stefan-fule-ile-korusti\\\/\"]}]},{\"@type\":\"ImageObject\",\"inLanguage\":\"qt\",\"@id\":\"https:\\\/\\\/qtmm.org\\\/qt\\\/qirimtatar-halqi-meclisinin-reisi-mustafa-cemilev-avropa-birliginin-komissari-stefan-fule-ile-korusti\\\/#primaryimage\",\"url\":\"https:\\\/\\\/qtmm.org\\\/wp-content\\\/uploads\\\/2022\\\/01\\\/5116196a3f174.jpeg\",\"contentUrl\":\"https:\\\/\\\/qtmm.org\\\/wp-content\\\/uploads\\\/2022\\\/01\\\/5116196a3f174.jpeg\",\"width\":640,\"height\":480},{\"@type\":\"BreadcrumbList\",\"@id\":\"https:\\\/\\\/qtmm.org\\\/qt\\\/qirimtatar-halqi-meclisinin-reisi-mustafa-cemilev-avropa-birliginin-komissari-stefan-fule-ile-korusti\\\/#breadcrumb\",\"itemListElement\":[{\"@type\":\"ListItem\",\"position\":1,\"name\":\"\u0413\u043e\u043b\u043e\u0432\u043d\u0430\",\"item\":\"https:\\\/\\\/qtmm.org\\\/qt\\\/\"},{\"@type\":\"ListItem\",\"position\":2,\"name\":\"Q\u0131r\u0131mtatar halq\u0131 Meclisini\u00f1 reisi Mustafa Cemilev Avropa Birligini\u00f1 komissar\u0131 \u015etefan F\u00fcle ile k\u00f6r\u00fc\u015fti\"}]},{\"@type\":\"WebSite\",\"@id\":\"https:\\\/\\\/qtmm.org\\\/qt\\\/#website\",\"url\":\"https:\\\/\\\/qtmm.org\\\/qt\\\/\",\"name\":\"\u041c\u0435\u0434\u0436\u043b\u0456\u0441\",\"description\":\"\",\"publisher\":{\"@id\":\"https:\\\/\\\/qtmm.org\\\/qt\\\/#organization\"},\"potentialAction\":[{\"@type\":\"SearchAction\",\"target\":{\"@type\":\"EntryPoint\",\"urlTemplate\":\"https:\\\/\\\/qtmm.org\\\/qt\\\/?s={search_term_string}\"},\"query-input\":{\"@type\":\"PropertyValueSpecification\",\"valueRequired\":true,\"valueName\":\"search_term_string\"}}],\"inLanguage\":\"qt\"},{\"@type\":\"Organization\",\"@id\":\"https:\\\/\\\/qtmm.org\\\/qt\\\/#organization\",\"name\":\"\u041c\u0435\u0434\u0436\u043b\u0456\u0441\",\"url\":\"https:\\\/\\\/qtmm.org\\\/qt\\\/\",\"logo\":{\"@type\":\"ImageObject\",\"inLanguage\":\"qt\",\"@id\":\"https:\\\/\\\/qtmm.org\\\/qt\\\/#\\\/schema\\\/logo\\\/image\\\/\",\"url\":\"https:\\\/\\\/qtmm.org\\\/wp-content\\\/uploads\\\/2024\\\/12\\\/ua-mejlis-logo-rgb.svg\",\"contentUrl\":\"https:\\\/\\\/qtmm.org\\\/wp-content\\\/uploads\\\/2024\\\/12\\\/ua-mejlis-logo-rgb.svg\",\"caption\":\"\u041c\u0435\u0434\u0436\u043b\u0456\u0441\"},\"image\":{\"@id\":\"https:\\\/\\\/qtmm.org\\\/qt\\\/#\\\/schema\\\/logo\\\/image\\\/\"},\"sameAs\":[\"https:\\\/\\\/www.facebook.com\\\/qtmm.info\\\/\"]},{\"@type\":\"Person\",\"@id\":\"https:\\\/\\\/qtmm.org\\\/qt\\\/#\\\/schema\\\/person\\\/de562469f971dec226ac06e60bbf74a7\",\"name\":\"Developer\",\"image\":{\"@type\":\"ImageObject\",\"inLanguage\":\"qt\",\"@id\":\"https:\\\/\\\/secure.gravatar.com\\\/avatar\\\/392b4cc8fbfeb00b39dfeeab4ee6edded39ffd48e25858637e4765810300227e?s=96&d=mm&r=g\",\"url\":\"https:\\\/\\\/secure.gravatar.com\\\/avatar\\\/392b4cc8fbfeb00b39dfeeab4ee6edded39ffd48e25858637e4765810300227e?s=96&d=mm&r=g\",\"contentUrl\":\"https:\\\/\\\/secure.gravatar.com\\\/avatar\\\/392b4cc8fbfeb00b39dfeeab4ee6edded39ffd48e25858637e4765810300227e?s=96&d=mm&r=g\",\"caption\":\"Developer\"},\"url\":\"https:\\\/\\\/qtmm.org\\\/qt\\\/author\\\/Developer\\\/\"}]}<\/script>\n<!-- \/ Yoast SEO plugin. -->","yoast_head_json":{"title":"Q\u0131r\u0131mtatar halq\u0131 Meclisini\u00f1 reisi Mustafa Cemilev Avropa Birligini\u00f1 komissar\u0131 \u015etefan F\u00fcle ile k\u00f6r\u00fc\u015fti - \u041c\u0435\u0434\u0436\u043b\u0456\u0441","robots":{"index":"index","follow":"follow","max-snippet":"max-snippet:-1","max-image-preview":"max-image-preview:large","max-video-preview":"max-video-preview:-1"},"canonical":"https:\/\/qtmm.org\/qt\/qirimtatar-halqi-meclisinin-reisi-mustafa-cemilev-avropa-birliginin-komissari-stefan-fule-ile-korusti\/","og_locale":"en_US","og_type":"article","og_title":"Q\u0131r\u0131mtatar halq\u0131 Meclisini\u00f1 reisi Mustafa Cemilev Avropa Birligini\u00f1 komissar\u0131 \u015etefan F\u00fcle ile k\u00f6r\u00fc\u015fti - \u041c\u0435\u0434\u0436\u043b\u0456\u0441","og_description":"2013 senesi fevral 7 k\u00fcn\u00fc Avropa Birligini\u00f1 Ukrainadaki Vek\u00e2letliginde Avropa Birligini\u00f1 eyi qom\u015fuc\u0131l\u0131q siyaseti boyunca komissar\u0131 \u015etefan F\u00fcle Q\u0131r\u0131mtatar halq\u0131 Meclisini\u00f1 reisi, Ukraina halq deputat\u0131 Mustafa Cemilev ile k\u00f6r\u00fc\u015fti. Subetni\u00f1 ba\u015f\u0131nda taraflar Q\u0131r\u0131mda i\u00e7timaiy-siyasiy vaziyetke dair fikirlerinen payla\u015f\u0131p, Q\u0131r\u0131mtatar halq\u0131n\u0131\u00f1 \u00f6z Vatan\u0131nda aqlar\u0131n\u0131 \u011fayr\u0131dan tiklev, Ukrainada on\u0131\u00f1 tel\u00fckesizligi ve inki\u015faf\u0131n\u0131 teminlev problemleri boyunca halqara forum\u011fa [&hellip;]","og_url":"https:\/\/qtmm.org\/qt\/qirimtatar-halqi-meclisinin-reisi-mustafa-cemilev-avropa-birliginin-komissari-stefan-fule-ile-korusti\/","og_site_name":"\u041c\u0435\u0434\u0436\u043b\u0456\u0441","article_publisher":"https:\/\/www.facebook.com\/qtmm.info\/","article_published_time":"2013-02-08T13:55:00+00:00","article_modified_time":"2022-01-23T13:57:31+00:00","og_image":[{"width":640,"height":480,"url":"https:\/\/qtmm.org\/wp-content\/uploads\/2022\/01\/5116196a3f174.jpeg","type":"image\/jpeg"}],"author":"Developer","twitter_card":"summary_large_image","twitter_misc":{"Written by":"Developer","Est. reading time":"1 minute"},"schema":{"@context":"https:\/\/schema.org","@graph":[{"@type":"Article","@id":"https:\/\/qtmm.org\/qt\/qirimtatar-halqi-meclisinin-reisi-mustafa-cemilev-avropa-birliginin-komissari-stefan-fule-ile-korusti\/#article","isPartOf":{"@id":"https:\/\/qtmm.org\/qt\/qirimtatar-halqi-meclisinin-reisi-mustafa-cemilev-avropa-birliginin-komissari-stefan-fule-ile-korusti\/"},"author":{"name":"Developer","@id":"https:\/\/qtmm.org\/qt\/#\/schema\/person\/de562469f971dec226ac06e60bbf74a7"},"headline":"Q\u0131r\u0131mtatar halq\u0131 Meclisini\u00f1 reisi Mustafa Cemilev Avropa Birligini\u00f1 komissar\u0131 \u015etefan F\u00fcle ile k\u00f6r\u00fc\u015fti","datePublished":"2013-02-08T13:55:00+00:00","dateModified":"2022-01-23T13:57:31+00:00","mainEntityOfPage":{"@id":"https:\/\/qtmm.org\/qt\/qirimtatar-halqi-meclisinin-reisi-mustafa-cemilev-avropa-birliginin-komissari-stefan-fule-ile-korusti\/"},"wordCount":208,"commentCount":0,"publisher":{"@id":"https:\/\/qtmm.org\/qt\/#organization"},"image":{"@id":"https:\/\/qtmm.org\/qt\/qirimtatar-halqi-meclisinin-reisi-mustafa-cemilev-avropa-birliginin-komissari-stefan-fule-ile-korusti\/#primaryimage"},"thumbnailUrl":"https:\/\/qtmm.org\/wp-content\/uploads\/2022\/01\/5116196a3f174.jpeg","articleSection":["Haberler"],"inLanguage":"qt","potentialAction":[{"@type":"CommentAction","name":"Comment","target":["https:\/\/qtmm.org\/qt\/qirimtatar-halqi-meclisinin-reisi-mustafa-cemilev-avropa-birliginin-komissari-stefan-fule-ile-korusti\/#respond"]}]},{"@type":"WebPage","@id":"https:\/\/qtmm.org\/qt\/qirimtatar-halqi-meclisinin-reisi-mustafa-cemilev-avropa-birliginin-komissari-stefan-fule-ile-korusti\/","url":"https:\/\/qtmm.org\/qt\/qirimtatar-halqi-meclisinin-reisi-mustafa-cemilev-avropa-birliginin-komissari-stefan-fule-ile-korusti\/","name":"Q\u0131r\u0131mtatar halq\u0131 Meclisini\u00f1 reisi Mustafa Cemilev Avropa Birligini\u00f1 komissar\u0131 \u015etefan F\u00fcle ile k\u00f6r\u00fc\u015fti - \u041c\u0435\u0434\u0436\u043b\u0456\u0441","isPartOf":{"@id":"https:\/\/qtmm.org\/qt\/#website"},"primaryImageOfPage":{"@id":"https:\/\/qtmm.org\/qt\/qirimtatar-halqi-meclisinin-reisi-mustafa-cemilev-avropa-birliginin-komissari-stefan-fule-ile-korusti\/#primaryimage"},"image":{"@id":"https:\/\/qtmm.org\/qt\/qirimtatar-halqi-meclisinin-reisi-mustafa-cemilev-avropa-birliginin-komissari-stefan-fule-ile-korusti\/#primaryimage"},"thumbnailUrl":"https:\/\/qtmm.org\/wp-content\/uploads\/2022\/01\/5116196a3f174.jpeg","datePublished":"2013-02-08T13:55:00+00:00","dateModified":"2022-01-23T13:57:31+00:00","breadcrumb":{"@id":"https:\/\/qtmm.org\/qt\/qirimtatar-halqi-meclisinin-reisi-mustafa-cemilev-avropa-birliginin-komissari-stefan-fule-ile-korusti\/#breadcrumb"},"inLanguage":"qt","potentialAction":[{"@type":"ReadAction","target":["https:\/\/qtmm.org\/qt\/qirimtatar-halqi-meclisinin-reisi-mustafa-cemilev-avropa-birliginin-komissari-stefan-fule-ile-korusti\/"]}]},{"@type":"ImageObject","inLanguage":"qt","@id":"https:\/\/qtmm.org\/qt\/qirimtatar-halqi-meclisinin-reisi-mustafa-cemilev-avropa-birliginin-komissari-stefan-fule-ile-korusti\/#primaryimage","url":"https:\/\/qtmm.org\/wp-content\/uploads\/2022\/01\/5116196a3f174.jpeg","contentUrl":"https:\/\/qtmm.org\/wp-content\/uploads\/2022\/01\/5116196a3f174.jpeg","width":640,"height":480},{"@type":"BreadcrumbList","@id":"https:\/\/qtmm.org\/qt\/qirimtatar-halqi-meclisinin-reisi-mustafa-cemilev-avropa-birliginin-komissari-stefan-fule-ile-korusti\/#breadcrumb","itemListElement":[{"@type":"ListItem","position":1,"name":"\u0413\u043e\u043b\u043e\u0432\u043d\u0430","item":"https:\/\/qtmm.org\/qt\/"},{"@type":"ListItem","position":2,"name":"Q\u0131r\u0131mtatar halq\u0131 Meclisini\u00f1 reisi Mustafa Cemilev Avropa Birligini\u00f1 komissar\u0131 \u015etefan F\u00fcle ile k\u00f6r\u00fc\u015fti"}]},{"@type":"WebSite","@id":"https:\/\/qtmm.org\/qt\/#website","url":"https:\/\/qtmm.org\/qt\/","name":"\u041c\u0435\u0434\u0436\u043b\u0456\u0441","description":"","publisher":{"@id":"https:\/\/qtmm.org\/qt\/#organization"},"potentialAction":[{"@type":"SearchAction","target":{"@type":"EntryPoint","urlTemplate":"https:\/\/qtmm.org\/qt\/?s={search_term_string}"},"query-input":{"@type":"PropertyValueSpecification","valueRequired":true,"valueName":"search_term_string"}}],"inLanguage":"qt"},{"@type":"Organization","@id":"https:\/\/qtmm.org\/qt\/#organization","name":"\u041c\u0435\u0434\u0436\u043b\u0456\u0441","url":"https:\/\/qtmm.org\/qt\/","logo":{"@type":"ImageObject","inLanguage":"qt","@id":"https:\/\/qtmm.org\/qt\/#\/schema\/logo\/image\/","url":"https:\/\/qtmm.org\/wp-content\/uploads\/2024\/12\/ua-mejlis-logo-rgb.svg","contentUrl":"https:\/\/qtmm.org\/wp-content\/uploads\/2024\/12\/ua-mejlis-logo-rgb.svg","caption":"\u041c\u0435\u0434\u0436\u043b\u0456\u0441"},"image":{"@id":"https:\/\/qtmm.org\/qt\/#\/schema\/logo\/image\/"},"sameAs":["https:\/\/www.facebook.com\/qtmm.info\/"]},{"@type":"Person","@id":"https:\/\/qtmm.org\/qt\/#\/schema\/person\/de562469f971dec226ac06e60bbf74a7","name":"Developer","image":{"@type":"ImageObject","inLanguage":"qt","@id":"https:\/\/secure.gravatar.com\/avatar\/392b4cc8fbfeb00b39dfeeab4ee6edded39ffd48e25858637e4765810300227e?s=96&d=mm&r=g","url":"https:\/\/secure.gravatar.com\/avatar\/392b4cc8fbfeb00b39dfeeab4ee6edded39ffd48e25858637e4765810300227e?s=96&d=mm&r=g","contentUrl":"https:\/\/secure.gravatar.com\/avatar\/392b4cc8fbfeb00b39dfeeab4ee6edded39ffd48e25858637e4765810300227e?s=96&d=mm&r=g","caption":"Developer"},"url":"https:\/\/qtmm.org\/qt\/author\/Developer\/"}]}},"_links":{"self":[{"href":"https:\/\/qtmm.org\/qt\/wp-json\/wp\/v2\/posts\/35801","targetHints":{"allow":["GET"]}}],"collection":[{"href":"https:\/\/qtmm.org\/qt\/wp-json\/wp\/v2\/posts"}],"about":[{"href":"https:\/\/qtmm.org\/qt\/wp-json\/wp\/v2\/types\/post"}],"author":[{"embeddable":true,"href":"https:\/\/qtmm.org\/qt\/wp-json\/wp\/v2\/users\/1"}],"replies":[{"embeddable":true,"href":"https:\/\/qtmm.org\/qt\/wp-json\/wp\/v2\/comments?post=35801"}],"version-history":[{"count":1,"href":"https:\/\/qtmm.org\/qt\/wp-json\/wp\/v2\/posts\/35801\/revisions"}],"predecessor-version":[{"id":35818,"href":"https:\/\/qtmm.org\/qt\/wp-json\/wp\/v2\/posts\/35801\/revisions\/35818"}],"wp:featuredmedia":[{"embeddable":true,"href":"https:\/\/qtmm.org\/qt\/wp-json\/wp\/v2\/media\/35806"}],"wp:attachment":[{"href":"https:\/\/qtmm.org\/qt\/wp-json\/wp\/v2\/media?parent=35801"}],"wp:term":[{"taxonomy":"category","embeddable":true,"href":"https:\/\/qtmm.org\/qt\/wp-json\/wp\/v2\/categories?post=35801"},{"taxonomy":"post_tag","embeddable":true,"href":"https:\/\/qtmm.org\/qt\/wp-json\/wp\/v2\/tags?post=35801"}],"curies":[{"name":"wp","href":"https:\/\/api.w.org\/{rel}","templated":true}]}}