




{"id":35785,"date":"2013-01-30T16:53:00","date_gmt":"2013-01-30T13:53:00","guid":{"rendered":"http:\/\/qtmm.org\/?p=35785"},"modified":"2022-01-23T16:54:07","modified_gmt":"2022-01-23T13:54:07","slug":"alustada-musulman-mevtalarnin-naaslari-tapildi","status":"publish","type":"post","link":"https:\/\/qtmm.org\/qt\/alustada-musulman-mevtalarnin-naaslari-tapildi\/","title":{"rendered":"Alu\u015ftada musulman mevtalarn\u0131\u00f1 naa\u015flar\u0131 tap\u0131ld\u0131"},"content":{"rendered":"\n<p>Alu\u015ftada avtovokzaln\u0131\u00f1 yan\u0131nda quruc\u0131l\u0131q i\u015fleri al\u0131n\u0131p bar\u0131l\u011fan binada musulman adetleri boyunca defn etilgen mevtalarn\u0131\u00f1 kemikleri tap\u0131ld\u0131. Alu\u015fta regional meclis reisi Enver Arpatl\u0131n\u0131\u00f1 bildirgenine k\u00f6re &#8220;mevtalar 1,8 metr terenlikte, biri-birilerinden birer metrde k\u00f6m\u00fclgen.<\/p>\n\n\n\n<p>&#8220;Na\u015flar tap\u0131l\u011fan\u0131nen ma\u00f1a haber ettiler ve men bir kereden o yerge bard\u0131m. Avtovokzal\u011fa kelgen so\u00f1 men Ukraina Tel\u00fckesizlik H\u0131zmeti, \u015feer \u015furas\u0131 ve mesken-qullanuv komitetine \u00e7a\u00f1 qaqt\u0131m. Kemikler \u00e7\u0131qar\u0131l\u0131p, ekpertiza\u011fa yollan\u0131ld\u0131&#8221;, &#8211; dedi regional meclis reisi<\/p>\n\n\n\n<figure class=\"wp-block-image size-full\"><img loading=\"lazy\" decoding=\"async\" width=\"650\" height=\"390\" src=\"http:\/\/qtmm.org\/wp-content\/uploads\/2022\/01\/zahoronenie.jpeg\" alt=\"\" class=\"wp-image-35786\" srcset=\"https:\/\/qtmm.org\/wp-content\/uploads\/2022\/01\/zahoronenie.jpeg 650w, https:\/\/qtmm.org\/wp-content\/uploads\/2022\/01\/zahoronenie-300x180.jpeg 300w\" sizes=\"auto, (max-width: 650px) 100vw, 650px\" \/><\/figure>\n\n\n\n<p>Bun\u0131\u00f1 kibi de o, mevtalar musulman urf-adetleri boyunca k\u00f6m\u00fclgenini qayd eterek, bu al \u015fimdiki avtovokzaln\u0131\u00f1 yerinde musulman qabristan\u0131 ol\u011fan\u0131n\u0131 isbat ete, dedi.<\/p>\n\n\n\n<p>&#8220;Militsiya ve Tel\u00fckesizlik h\u0131zhmetini\u00f1 vekilleri s\u00f6z bergenlerine k\u00f6re, i\u015f yaq\u0131n vaq\u0131tta tafsil\u00e2tl\u0131 \u015fekilde \u00f6grenilip, taqiqat ba\u015flanacaq&#8221;, &#8211; dep qayd etti Enver Arpatl\u0131.<\/p>\n","protected":false},"excerpt":{"rendered":"<p>Alu\u015ftada avtovokzaln\u0131\u00f1 yan\u0131nda quruc\u0131l\u0131q i\u015fleri al\u0131n\u0131p bar\u0131l\u011fan binada musulman adetleri boyunca defn etilgen mevtalarn\u0131\u00f1 kemikleri tap\u0131ld\u0131. Alu\u015fta regional meclis reisi Enver Arpatl\u0131n\u0131\u00f1 bildirgenine k\u00f6re &#8220;mevtalar 1,8 metr terenlikte, biri-birilerinden birer metrde k\u00f6m\u00fclgen. &#8220;Na\u015flar tap\u0131l\u011fan\u0131nen ma\u00f1a haber ettiler ve men bir kereden o yerge bard\u0131m. Avtovokzal\u011fa kelgen so\u00f1 men Ukraina Tel\u00fckesizlik H\u0131zmeti, \u015feer \u015furas\u0131 ve mesken-qullanuv [&hellip;]<\/p>\n","protected":false},"author":1,"featured_media":0,"comment_status":"open","ping_status":"open","sticky":false,"template":"","format":"standard","meta":{"inline_featured_image":false,"footnotes":""},"categories":[265],"tags":[],"class_list":["post-35785","post","type-post","status-publish","format-standard","hentry","category-haberler"],"acf":[],"yoast_head":"<!-- This site is optimized with the Yoast SEO plugin v27.4 - https:\/\/yoast.com\/product\/yoast-seo-wordpress\/ -->\n<title>Alu\u015ftada musulman mevtalarn\u0131\u00f1 naa\u015flar\u0131 tap\u0131ld\u0131 - \u041c\u0435\u0434\u0436\u043b\u0456\u0441<\/title>\n<meta name=\"robots\" content=\"index, follow, max-snippet:-1, max-image-preview:large, max-video-preview:-1\" \/>\n<link rel=\"canonical\" href=\"https:\/\/qtmm.org\/qt\/alustada-musulman-mevtalarnin-naaslari-tapildi\/\" \/>\n<meta property=\"og:locale\" content=\"en_US\" \/>\n<meta property=\"og:type\" content=\"article\" \/>\n<meta property=\"og:title\" content=\"Alu\u015ftada musulman mevtalarn\u0131\u00f1 naa\u015flar\u0131 tap\u0131ld\u0131 - \u041c\u0435\u0434\u0436\u043b\u0456\u0441\" \/>\n<meta property=\"og:description\" content=\"Alu\u015ftada avtovokzaln\u0131\u00f1 yan\u0131nda quruc\u0131l\u0131q i\u015fleri al\u0131n\u0131p bar\u0131l\u011fan binada musulman adetleri boyunca defn etilgen mevtalarn\u0131\u00f1 kemikleri tap\u0131ld\u0131. Alu\u015fta regional meclis reisi Enver Arpatl\u0131n\u0131\u00f1 bildirgenine k\u00f6re &#8220;mevtalar 1,8 metr terenlikte, biri-birilerinden birer metrde k\u00f6m\u00fclgen. &#8220;Na\u015flar tap\u0131l\u011fan\u0131nen ma\u00f1a haber ettiler ve men bir kereden o yerge bard\u0131m. Avtovokzal\u011fa kelgen so\u00f1 men Ukraina Tel\u00fckesizlik H\u0131zmeti, \u015feer \u015furas\u0131 ve mesken-qullanuv [&hellip;]\" \/>\n<meta property=\"og:url\" content=\"https:\/\/qtmm.org\/qt\/alustada-musulman-mevtalarnin-naaslari-tapildi\/\" \/>\n<meta property=\"og:site_name\" content=\"\u041c\u0435\u0434\u0436\u043b\u0456\u0441\" \/>\n<meta property=\"article:publisher\" content=\"https:\/\/www.facebook.com\/qtmm.info\/\" \/>\n<meta property=\"article:published_time\" content=\"2013-01-30T13:53:00+00:00\" \/>\n<meta property=\"article:modified_time\" content=\"2022-01-23T13:54:07+00:00\" \/>\n<meta property=\"og:image\" content=\"https:\/\/qtmm.org\/wp-content\/uploads\/2022\/01\/zahoronenie.jpeg\" \/>\n\t<meta property=\"og:image:width\" content=\"650\" \/>\n\t<meta property=\"og:image:height\" content=\"390\" \/>\n\t<meta property=\"og:image:type\" content=\"image\/jpeg\" \/>\n<meta name=\"author\" content=\"Developer\" \/>\n<meta name=\"twitter:card\" content=\"summary_large_image\" \/>\n<meta name=\"twitter:label1\" content=\"Written by\" \/>\n\t<meta name=\"twitter:data1\" content=\"Developer\" \/>\n\t<meta name=\"twitter:label2\" content=\"Est. reading time\" \/>\n\t<meta name=\"twitter:data2\" content=\"1 minute\" \/>\n<script type=\"application\/ld+json\" class=\"yoast-schema-graph\">{\"@context\":\"https:\\\/\\\/schema.org\",\"@graph\":[{\"@type\":\"Article\",\"@id\":\"https:\\\/\\\/qtmm.org\\\/qt\\\/alustada-musulman-mevtalarnin-naaslari-tapildi\\\/#article\",\"isPartOf\":{\"@id\":\"https:\\\/\\\/qtmm.org\\\/qt\\\/alustada-musulman-mevtalarnin-naaslari-tapildi\\\/\"},\"author\":{\"name\":\"Developer\",\"@id\":\"https:\\\/\\\/qtmm.org\\\/qt\\\/#\\\/schema\\\/person\\\/de562469f971dec226ac06e60bbf74a7\"},\"headline\":\"Alu\u015ftada musulman mevtalarn\u0131\u00f1 naa\u015flar\u0131 tap\u0131ld\u0131\",\"datePublished\":\"2013-01-30T13:53:00+00:00\",\"dateModified\":\"2022-01-23T13:54:07+00:00\",\"mainEntityOfPage\":{\"@id\":\"https:\\\/\\\/qtmm.org\\\/qt\\\/alustada-musulman-mevtalarnin-naaslari-tapildi\\\/\"},\"wordCount\":159,\"commentCount\":0,\"publisher\":{\"@id\":\"https:\\\/\\\/qtmm.org\\\/qt\\\/#organization\"},\"image\":{\"@id\":\"https:\\\/\\\/qtmm.org\\\/qt\\\/alustada-musulman-mevtalarnin-naaslari-tapildi\\\/#primaryimage\"},\"thumbnailUrl\":\"http:\\\/\\\/qtmm.org\\\/wp-content\\\/uploads\\\/2022\\\/01\\\/zahoronenie.jpeg\",\"articleSection\":[\"Haberler\"],\"inLanguage\":\"qt\",\"potentialAction\":[{\"@type\":\"CommentAction\",\"name\":\"Comment\",\"target\":[\"https:\\\/\\\/qtmm.org\\\/qt\\\/alustada-musulman-mevtalarnin-naaslari-tapildi\\\/#respond\"]}]},{\"@type\":\"WebPage\",\"@id\":\"https:\\\/\\\/qtmm.org\\\/qt\\\/alustada-musulman-mevtalarnin-naaslari-tapildi\\\/\",\"url\":\"https:\\\/\\\/qtmm.org\\\/qt\\\/alustada-musulman-mevtalarnin-naaslari-tapildi\\\/\",\"name\":\"Alu\u015ftada musulman mevtalarn\u0131\u00f1 naa\u015flar\u0131 tap\u0131ld\u0131 - \u041c\u0435\u0434\u0436\u043b\u0456\u0441\",\"isPartOf\":{\"@id\":\"https:\\\/\\\/qtmm.org\\\/qt\\\/#website\"},\"primaryImageOfPage\":{\"@id\":\"https:\\\/\\\/qtmm.org\\\/qt\\\/alustada-musulman-mevtalarnin-naaslari-tapildi\\\/#primaryimage\"},\"image\":{\"@id\":\"https:\\\/\\\/qtmm.org\\\/qt\\\/alustada-musulman-mevtalarnin-naaslari-tapildi\\\/#primaryimage\"},\"thumbnailUrl\":\"http:\\\/\\\/qtmm.org\\\/wp-content\\\/uploads\\\/2022\\\/01\\\/zahoronenie.jpeg\",\"datePublished\":\"2013-01-30T13:53:00+00:00\",\"dateModified\":\"2022-01-23T13:54:07+00:00\",\"breadcrumb\":{\"@id\":\"https:\\\/\\\/qtmm.org\\\/qt\\\/alustada-musulman-mevtalarnin-naaslari-tapildi\\\/#breadcrumb\"},\"inLanguage\":\"qt\",\"potentialAction\":[{\"@type\":\"ReadAction\",\"target\":[\"https:\\\/\\\/qtmm.org\\\/qt\\\/alustada-musulman-mevtalarnin-naaslari-tapildi\\\/\"]}]},{\"@type\":\"ImageObject\",\"inLanguage\":\"qt\",\"@id\":\"https:\\\/\\\/qtmm.org\\\/qt\\\/alustada-musulman-mevtalarnin-naaslari-tapildi\\\/#primaryimage\",\"url\":\"http:\\\/\\\/qtmm.org\\\/wp-content\\\/uploads\\\/2022\\\/01\\\/zahoronenie.jpeg\",\"contentUrl\":\"http:\\\/\\\/qtmm.org\\\/wp-content\\\/uploads\\\/2022\\\/01\\\/zahoronenie.jpeg\"},{\"@type\":\"BreadcrumbList\",\"@id\":\"https:\\\/\\\/qtmm.org\\\/qt\\\/alustada-musulman-mevtalarnin-naaslari-tapildi\\\/#breadcrumb\",\"itemListElement\":[{\"@type\":\"ListItem\",\"position\":1,\"name\":\"\u0413\u043e\u043b\u043e\u0432\u043d\u0430\",\"item\":\"https:\\\/\\\/qtmm.org\\\/qt\\\/\"},{\"@type\":\"ListItem\",\"position\":2,\"name\":\"Alu\u015ftada musulman mevtalarn\u0131\u00f1 naa\u015flar\u0131 tap\u0131ld\u0131\"}]},{\"@type\":\"WebSite\",\"@id\":\"https:\\\/\\\/qtmm.org\\\/qt\\\/#website\",\"url\":\"https:\\\/\\\/qtmm.org\\\/qt\\\/\",\"name\":\"\u041c\u0435\u0434\u0436\u043b\u0456\u0441\",\"description\":\"\",\"publisher\":{\"@id\":\"https:\\\/\\\/qtmm.org\\\/qt\\\/#organization\"},\"potentialAction\":[{\"@type\":\"SearchAction\",\"target\":{\"@type\":\"EntryPoint\",\"urlTemplate\":\"https:\\\/\\\/qtmm.org\\\/qt\\\/?s={search_term_string}\"},\"query-input\":{\"@type\":\"PropertyValueSpecification\",\"valueRequired\":true,\"valueName\":\"search_term_string\"}}],\"inLanguage\":\"qt\"},{\"@type\":\"Organization\",\"@id\":\"https:\\\/\\\/qtmm.org\\\/qt\\\/#organization\",\"name\":\"\u041c\u0435\u0434\u0436\u043b\u0456\u0441\",\"url\":\"https:\\\/\\\/qtmm.org\\\/qt\\\/\",\"logo\":{\"@type\":\"ImageObject\",\"inLanguage\":\"qt\",\"@id\":\"https:\\\/\\\/qtmm.org\\\/qt\\\/#\\\/schema\\\/logo\\\/image\\\/\",\"url\":\"https:\\\/\\\/qtmm.org\\\/wp-content\\\/uploads\\\/2024\\\/12\\\/ua-mejlis-logo-rgb.svg\",\"contentUrl\":\"https:\\\/\\\/qtmm.org\\\/wp-content\\\/uploads\\\/2024\\\/12\\\/ua-mejlis-logo-rgb.svg\",\"caption\":\"\u041c\u0435\u0434\u0436\u043b\u0456\u0441\"},\"image\":{\"@id\":\"https:\\\/\\\/qtmm.org\\\/qt\\\/#\\\/schema\\\/logo\\\/image\\\/\"},\"sameAs\":[\"https:\\\/\\\/www.facebook.com\\\/qtmm.info\\\/\"]},{\"@type\":\"Person\",\"@id\":\"https:\\\/\\\/qtmm.org\\\/qt\\\/#\\\/schema\\\/person\\\/de562469f971dec226ac06e60bbf74a7\",\"name\":\"Developer\",\"image\":{\"@type\":\"ImageObject\",\"inLanguage\":\"qt\",\"@id\":\"https:\\\/\\\/secure.gravatar.com\\\/avatar\\\/392b4cc8fbfeb00b39dfeeab4ee6edded39ffd48e25858637e4765810300227e?s=96&d=mm&r=g\",\"url\":\"https:\\\/\\\/secure.gravatar.com\\\/avatar\\\/392b4cc8fbfeb00b39dfeeab4ee6edded39ffd48e25858637e4765810300227e?s=96&d=mm&r=g\",\"contentUrl\":\"https:\\\/\\\/secure.gravatar.com\\\/avatar\\\/392b4cc8fbfeb00b39dfeeab4ee6edded39ffd48e25858637e4765810300227e?s=96&d=mm&r=g\",\"caption\":\"Developer\"},\"url\":\"https:\\\/\\\/qtmm.org\\\/qt\\\/author\\\/Developer\\\/\"}]}<\/script>\n<!-- \/ Yoast SEO plugin. -->","yoast_head_json":{"title":"Alu\u015ftada musulman mevtalarn\u0131\u00f1 naa\u015flar\u0131 tap\u0131ld\u0131 - \u041c\u0435\u0434\u0436\u043b\u0456\u0441","robots":{"index":"index","follow":"follow","max-snippet":"max-snippet:-1","max-image-preview":"max-image-preview:large","max-video-preview":"max-video-preview:-1"},"canonical":"https:\/\/qtmm.org\/qt\/alustada-musulman-mevtalarnin-naaslari-tapildi\/","og_locale":"en_US","og_type":"article","og_title":"Alu\u015ftada musulman mevtalarn\u0131\u00f1 naa\u015flar\u0131 tap\u0131ld\u0131 - \u041c\u0435\u0434\u0436\u043b\u0456\u0441","og_description":"Alu\u015ftada avtovokzaln\u0131\u00f1 yan\u0131nda quruc\u0131l\u0131q i\u015fleri al\u0131n\u0131p bar\u0131l\u011fan binada musulman adetleri boyunca defn etilgen mevtalarn\u0131\u00f1 kemikleri tap\u0131ld\u0131. Alu\u015fta regional meclis reisi Enver Arpatl\u0131n\u0131\u00f1 bildirgenine k\u00f6re &#8220;mevtalar 1,8 metr terenlikte, biri-birilerinden birer metrde k\u00f6m\u00fclgen. &#8220;Na\u015flar tap\u0131l\u011fan\u0131nen ma\u00f1a haber ettiler ve men bir kereden o yerge bard\u0131m. Avtovokzal\u011fa kelgen so\u00f1 men Ukraina Tel\u00fckesizlik H\u0131zmeti, \u015feer \u015furas\u0131 ve mesken-qullanuv [&hellip;]","og_url":"https:\/\/qtmm.org\/qt\/alustada-musulman-mevtalarnin-naaslari-tapildi\/","og_site_name":"\u041c\u0435\u0434\u0436\u043b\u0456\u0441","article_publisher":"https:\/\/www.facebook.com\/qtmm.info\/","article_published_time":"2013-01-30T13:53:00+00:00","article_modified_time":"2022-01-23T13:54:07+00:00","og_image":[{"width":650,"height":390,"url":"https:\/\/qtmm.org\/wp-content\/uploads\/2022\/01\/zahoronenie.jpeg","type":"image\/jpeg"}],"author":"Developer","twitter_card":"summary_large_image","twitter_misc":{"Written by":"Developer","Est. reading time":"1 minute"},"schema":{"@context":"https:\/\/schema.org","@graph":[{"@type":"Article","@id":"https:\/\/qtmm.org\/qt\/alustada-musulman-mevtalarnin-naaslari-tapildi\/#article","isPartOf":{"@id":"https:\/\/qtmm.org\/qt\/alustada-musulman-mevtalarnin-naaslari-tapildi\/"},"author":{"name":"Developer","@id":"https:\/\/qtmm.org\/qt\/#\/schema\/person\/de562469f971dec226ac06e60bbf74a7"},"headline":"Alu\u015ftada musulman mevtalarn\u0131\u00f1 naa\u015flar\u0131 tap\u0131ld\u0131","datePublished":"2013-01-30T13:53:00+00:00","dateModified":"2022-01-23T13:54:07+00:00","mainEntityOfPage":{"@id":"https:\/\/qtmm.org\/qt\/alustada-musulman-mevtalarnin-naaslari-tapildi\/"},"wordCount":159,"commentCount":0,"publisher":{"@id":"https:\/\/qtmm.org\/qt\/#organization"},"image":{"@id":"https:\/\/qtmm.org\/qt\/alustada-musulman-mevtalarnin-naaslari-tapildi\/#primaryimage"},"thumbnailUrl":"http:\/\/qtmm.org\/wp-content\/uploads\/2022\/01\/zahoronenie.jpeg","articleSection":["Haberler"],"inLanguage":"qt","potentialAction":[{"@type":"CommentAction","name":"Comment","target":["https:\/\/qtmm.org\/qt\/alustada-musulman-mevtalarnin-naaslari-tapildi\/#respond"]}]},{"@type":"WebPage","@id":"https:\/\/qtmm.org\/qt\/alustada-musulman-mevtalarnin-naaslari-tapildi\/","url":"https:\/\/qtmm.org\/qt\/alustada-musulman-mevtalarnin-naaslari-tapildi\/","name":"Alu\u015ftada musulman mevtalarn\u0131\u00f1 naa\u015flar\u0131 tap\u0131ld\u0131 - \u041c\u0435\u0434\u0436\u043b\u0456\u0441","isPartOf":{"@id":"https:\/\/qtmm.org\/qt\/#website"},"primaryImageOfPage":{"@id":"https:\/\/qtmm.org\/qt\/alustada-musulman-mevtalarnin-naaslari-tapildi\/#primaryimage"},"image":{"@id":"https:\/\/qtmm.org\/qt\/alustada-musulman-mevtalarnin-naaslari-tapildi\/#primaryimage"},"thumbnailUrl":"http:\/\/qtmm.org\/wp-content\/uploads\/2022\/01\/zahoronenie.jpeg","datePublished":"2013-01-30T13:53:00+00:00","dateModified":"2022-01-23T13:54:07+00:00","breadcrumb":{"@id":"https:\/\/qtmm.org\/qt\/alustada-musulman-mevtalarnin-naaslari-tapildi\/#breadcrumb"},"inLanguage":"qt","potentialAction":[{"@type":"ReadAction","target":["https:\/\/qtmm.org\/qt\/alustada-musulman-mevtalarnin-naaslari-tapildi\/"]}]},{"@type":"ImageObject","inLanguage":"qt","@id":"https:\/\/qtmm.org\/qt\/alustada-musulman-mevtalarnin-naaslari-tapildi\/#primaryimage","url":"http:\/\/qtmm.org\/wp-content\/uploads\/2022\/01\/zahoronenie.jpeg","contentUrl":"http:\/\/qtmm.org\/wp-content\/uploads\/2022\/01\/zahoronenie.jpeg"},{"@type":"BreadcrumbList","@id":"https:\/\/qtmm.org\/qt\/alustada-musulman-mevtalarnin-naaslari-tapildi\/#breadcrumb","itemListElement":[{"@type":"ListItem","position":1,"name":"\u0413\u043e\u043b\u043e\u0432\u043d\u0430","item":"https:\/\/qtmm.org\/qt\/"},{"@type":"ListItem","position":2,"name":"Alu\u015ftada musulman mevtalarn\u0131\u00f1 naa\u015flar\u0131 tap\u0131ld\u0131"}]},{"@type":"WebSite","@id":"https:\/\/qtmm.org\/qt\/#website","url":"https:\/\/qtmm.org\/qt\/","name":"\u041c\u0435\u0434\u0436\u043b\u0456\u0441","description":"","publisher":{"@id":"https:\/\/qtmm.org\/qt\/#organization"},"potentialAction":[{"@type":"SearchAction","target":{"@type":"EntryPoint","urlTemplate":"https:\/\/qtmm.org\/qt\/?s={search_term_string}"},"query-input":{"@type":"PropertyValueSpecification","valueRequired":true,"valueName":"search_term_string"}}],"inLanguage":"qt"},{"@type":"Organization","@id":"https:\/\/qtmm.org\/qt\/#organization","name":"\u041c\u0435\u0434\u0436\u043b\u0456\u0441","url":"https:\/\/qtmm.org\/qt\/","logo":{"@type":"ImageObject","inLanguage":"qt","@id":"https:\/\/qtmm.org\/qt\/#\/schema\/logo\/image\/","url":"https:\/\/qtmm.org\/wp-content\/uploads\/2024\/12\/ua-mejlis-logo-rgb.svg","contentUrl":"https:\/\/qtmm.org\/wp-content\/uploads\/2024\/12\/ua-mejlis-logo-rgb.svg","caption":"\u041c\u0435\u0434\u0436\u043b\u0456\u0441"},"image":{"@id":"https:\/\/qtmm.org\/qt\/#\/schema\/logo\/image\/"},"sameAs":["https:\/\/www.facebook.com\/qtmm.info\/"]},{"@type":"Person","@id":"https:\/\/qtmm.org\/qt\/#\/schema\/person\/de562469f971dec226ac06e60bbf74a7","name":"Developer","image":{"@type":"ImageObject","inLanguage":"qt","@id":"https:\/\/secure.gravatar.com\/avatar\/392b4cc8fbfeb00b39dfeeab4ee6edded39ffd48e25858637e4765810300227e?s=96&d=mm&r=g","url":"https:\/\/secure.gravatar.com\/avatar\/392b4cc8fbfeb00b39dfeeab4ee6edded39ffd48e25858637e4765810300227e?s=96&d=mm&r=g","contentUrl":"https:\/\/secure.gravatar.com\/avatar\/392b4cc8fbfeb00b39dfeeab4ee6edded39ffd48e25858637e4765810300227e?s=96&d=mm&r=g","caption":"Developer"},"url":"https:\/\/qtmm.org\/qt\/author\/Developer\/"}]}},"_links":{"self":[{"href":"https:\/\/qtmm.org\/qt\/wp-json\/wp\/v2\/posts\/35785","targetHints":{"allow":["GET"]}}],"collection":[{"href":"https:\/\/qtmm.org\/qt\/wp-json\/wp\/v2\/posts"}],"about":[{"href":"https:\/\/qtmm.org\/qt\/wp-json\/wp\/v2\/types\/post"}],"author":[{"embeddable":true,"href":"https:\/\/qtmm.org\/qt\/wp-json\/wp\/v2\/users\/1"}],"replies":[{"embeddable":true,"href":"https:\/\/qtmm.org\/qt\/wp-json\/wp\/v2\/comments?post=35785"}],"version-history":[{"count":1,"href":"https:\/\/qtmm.org\/qt\/wp-json\/wp\/v2\/posts\/35785\/revisions"}],"predecessor-version":[{"id":35790,"href":"https:\/\/qtmm.org\/qt\/wp-json\/wp\/v2\/posts\/35785\/revisions\/35790"}],"wp:attachment":[{"href":"https:\/\/qtmm.org\/qt\/wp-json\/wp\/v2\/media?parent=35785"}],"wp:term":[{"taxonomy":"category","embeddable":true,"href":"https:\/\/qtmm.org\/qt\/wp-json\/wp\/v2\/categories?post=35785"},{"taxonomy":"post_tag","embeddable":true,"href":"https:\/\/qtmm.org\/qt\/wp-json\/wp\/v2\/tags?post=35785"}],"curies":[{"name":"wp","href":"https:\/\/api.w.org\/{rel}","templated":true}]}}