




{"id":35759,"date":"2013-01-28T16:50:00","date_gmt":"2013-01-28T13:50:00","guid":{"rendered":"http:\/\/qtmm.org\/?p=35759"},"modified":"2022-01-23T16:53:14","modified_gmt":"2022-01-23T13:53:14","slug":"aqmescitte-adalet-milliy-partiyasinin-vi-qurultayi-otkerildi","status":"publish","type":"post","link":"https:\/\/qtmm.org\/qt\/aqmescitte-adalet-milliy-partiyasinin-vi-qurultayi-otkerildi\/","title":{"rendered":"Aqmescitte \u00abAdalet\u00bb milliy partiyas\u0131n\u0131\u00f1 VI qurultay\u0131 \u00f6tkerildi"},"content":{"rendered":"\n<p>Yanvar 26 k\u00fcn\u00fc Aqmescitte &#8220;Adalet&#8221; milliy partiyan\u0131\u00f1 VI qurultay\u0131 \u00f6tkerildi.<\/p>\n\n\n\n<figure class=\"wp-block-image size-full\"><img loading=\"lazy\" decoding=\"async\" width=\"650\" height=\"350\" src=\"http:\/\/qtmm.org\/wp-content\/uploads\/2022\/01\/1_92.jpeg\" alt=\"\" class=\"wp-image-35760\" srcset=\"https:\/\/qtmm.org\/wp-content\/uploads\/2022\/01\/1_92.jpeg 650w, https:\/\/qtmm.org\/wp-content\/uploads\/2022\/01\/1_92-300x162.jpeg 300w\" sizes=\"auto, (max-width: 650px) 100vw, 650px\" \/><\/figure>\n\n\n\n<p>Qurultay i\u015fini\u00f1 neticesinde Q\u0131r\u0131mtatar halq\u0131 VI \u00e7a\u011f\u0131r\u0131l\u0131\u015f qurultay\u0131n\u0131\u00f1 delegatl\u0131\u011f\u0131na yek\u00e2ne \u00e7oqmandatl\u0131 saylav dairesinden &#8220;Adalet&#8221; partiyas\u0131ndan namzetler cedveli qabul etildi.<\/p>\n\n\n\n<figure class=\"wp-block-image size-full\"><img loading=\"lazy\" decoding=\"async\" width=\"650\" height=\"377\" src=\"http:\/\/qtmm.org\/wp-content\/uploads\/2022\/01\/2_92.jpeg\" alt=\"\" class=\"wp-image-35764\" srcset=\"https:\/\/qtmm.org\/wp-content\/uploads\/2022\/01\/2_92.jpeg 650w, https:\/\/qtmm.org\/wp-content\/uploads\/2022\/01\/2_92-300x174.jpeg 300w\" sizes=\"auto, (max-width: 650px) 100vw, 650px\" \/><\/figure>\n\n\n\n<p>Bundan da \u011fayr\u0131 &#8220;Adalet&#8221; partiyas\u0131 qurultay\u0131n\u0131\u00f1 delegatlar\u0131 partiyan\u0131\u00f1 saylavald\u0131 programmas\u0131n\u0131 maqullep, qabul ettiler. &#8220;Adalet&#8221; partiyas\u0131n\u0131\u00f1 azalar\u0131 V \u00e7a\u011f\u0131r\u0131l\u0131\u015f Q\u0131r\u0131mtatar halq qurultay\u0131n\u0131\u00f1 delegat\u0131, Q\u0131r\u0131m Yuqar\u0131 \u015furas\u0131nda &#8220;Qurultay-Ruh&#8221; fraktsiyas\u0131n\u0131\u00f1 deputat\u0131 Enver Abduraimovn\u0131\u00f1 s\u00f6zleri husus\u0131nda beyanatnen \u00e7\u0131q\u0131\u015fta bulund\u0131lar.<br><br>&#8220;Adalet&#8221; milliy partiyas\u0131n\u0131\u00f1 VI qurultay\u0131 Enver Abduraimovn\u0131\u00f1 s\u00f6zlerini keskin qaralay ve \u015fun\u0131 qayd ete ki, so\u00f1ki vaq\u0131tta \u00e7e\u015fit t\u00fcrl\u00fc fesat\u00e7\u0131larn\u0131\u00f1 ve provokatsion te\u015fkil\u00e2tlarn\u0131\u00f1 areketleri faalle\u015fkeni kederli bir ald\u0131r, &#8211; denile muracaatta. &#8211; &#8220;Adalet&#8221; milliy partiyas\u0131 totalitar rejim cinayetlerini tedqiq etmege, oquv qullanmalar\u0131n\u0131 m\u00fckemmelle\u015ftirmege, insann\u0131\u00f1 degerligi, aqlar\u0131 ve serbestligi aqq\u0131nda ya\u015f nesilge ders bermege \u00e7a\u011f\u0131ra&#8221;.<\/p>\n\n\n\n<figure class=\"wp-block-image size-full\"><img loading=\"lazy\" decoding=\"async\" width=\"650\" height=\"350\" src=\"http:\/\/qtmm.org\/wp-content\/uploads\/2022\/01\/3_67.jpeg\" alt=\"\" class=\"wp-image-35768\" srcset=\"https:\/\/qtmm.org\/wp-content\/uploads\/2022\/01\/3_67.jpeg 650w, https:\/\/qtmm.org\/wp-content\/uploads\/2022\/01\/3_67-300x162.jpeg 300w\" sizes=\"auto, (max-width: 650px) 100vw, 650px\" \/><\/figure>\n\n\n\n<p>&#8220;Adalet&#8221; milliy partiyas\u0131n\u0131\u00f1 VI qurultay\u0131 Enver Abduraimovn\u0131\u00f1 areketi Q\u0131r\u0131mtatar halq\u0131 Qurultay\u0131 delegat\u0131 degen y\u00fcksek unvan\u011fa, milletni\u00f1 vek\u00e2letli organ\u0131n\u0131\u00f1 maqsad ve vazifelerine, Q\u0131r\u0131m Yuqar\u0131 \u015euras\u0131n\u0131\u00f1 deputatl\u0131\u011f\u0131na namzetini maqullegen q\u0131r\u0131mtatar halq\u0131 bildirgen i\u015fan\u00e7qa asl\u0131 da uymay, degen fikirni bildirdi.<\/p>\n\n\n\n<figure class=\"wp-block-image size-full\"><img loading=\"lazy\" decoding=\"async\" width=\"650\" height=\"300\" src=\"http:\/\/qtmm.org\/wp-content\/uploads\/2022\/01\/4_63.jpeg\" alt=\"\" class=\"wp-image-35772\" srcset=\"https:\/\/qtmm.org\/wp-content\/uploads\/2022\/01\/4_63.jpeg 650w, https:\/\/qtmm.org\/wp-content\/uploads\/2022\/01\/4_63-300x138.jpeg 300w\" sizes=\"auto, (max-width: 650px) 100vw, 650px\" \/><\/figure>\n\n\n\n<p>Qurultayn\u0131\u00f1 so\u00f1unda &#8220;Adalet&#8221; partiyas\u0131n\u0131\u00f1 reisi Fevzi Qubedinov\u011fa Q\u0131r\u0131mtatar halq\u0131 VI \u00e7a\u011f\u0131r\u0131l\u0131\u015f qurultay\u0131n\u0131\u00f1 delegatl\u0131\u011f\u0131na yek\u00e2ne \u00e7oqmandatl\u0131 saylav dairesinden &#8220;Adalet&#8221; partiyas\u0131ndan namzetler cedvelini tizip, cedvel leyhas\u0131n\u0131 belgilengen tertipte Q\u0131r\u0131mtatar halq\u0131 Qurultay\u0131n\u0131\u00f1 Merkeziy saylav komissiyas\u0131na bermek avale etildi.<\/p>\n\n\n\n<p>&#8220;Adalet&#8221; partiyas\u0131ndan namzetler cedvelini\u00f1 birinci s\u0131ralar\u0131na<\/p>\n\n\n\n<figure class=\"wp-block-image size-full\"><img loading=\"lazy\" decoding=\"async\" width=\"650\" height=\"228\" src=\"http:\/\/qtmm.org\/wp-content\/uploads\/2022\/01\/pervaya_pyaterka.jpeg\" alt=\"\" class=\"wp-image-35776\" srcset=\"https:\/\/qtmm.org\/wp-content\/uploads\/2022\/01\/pervaya_pyaterka.jpeg 650w, https:\/\/qtmm.org\/wp-content\/uploads\/2022\/01\/pervaya_pyaterka-300x105.jpeg 300w\" sizes=\"auto, (max-width: 650px) 100vw, 650px\" \/><\/figure>\n\n\n\n<ul class=\"wp-block-list\"><li>Q\u0131r\u0131mtatar halq\u0131 Meclisi reisini\u00f1 muavini, Q\u0131r\u0131m Yuqar\u0131 \u015euras\u0131 Daimiy komissiyas\u0131n\u0131\u00f1 reisi\u00a0<strong>Remzi \u0130lyasov<\/strong>;<\/li><li>&#8220;Adalet&#8221; partiyas\u0131n\u0131\u00f1 reisi\u00a0<strong>Fevzi Qubedinov<\/strong>;<\/li><li>&#8220;K\u00fcre\u015f&#8221; Q\u0131r\u0131m milliy k\u00fcre\u015f federatsiyas\u0131n\u0131\u00f1 fahriy reisi, Olimpiya \u00e7empion\u0131\u00a0<strong>Rustem Kazakov<\/strong>;<\/li><li>V \u00e7a\u011f\u0131r\u0131l\u0131\u015f Q\u0131r\u0131mtatar halq\u0131 Qurultay\u0131n\u0131\u00f1 delegat\u0131\u00a0<strong>Enver Nafiyev<\/strong>;<\/li><li>&#8220;QHA&#8221; informatsion agentligini\u00f1 m\u00fcdiri, filologiya ilimleri namzeti, QMPU Q\u0131r\u0131mtatar ve t\u00fcrk edebiyat\u0131 kafedras\u0131n\u0131\u00f1 dotsenti\u00a0<strong>Gayana Y\u00fcksel<\/strong>\u00a0kirdi.<\/li><\/ul>\n\n\n\n<figure class=\"wp-block-image size-full\"><img loading=\"lazy\" decoding=\"async\" width=\"650\" height=\"270\" src=\"http:\/\/qtmm.org\/wp-content\/uploads\/2022\/01\/5_37.jpeg\" alt=\"\" class=\"wp-image-35780\" srcset=\"https:\/\/qtmm.org\/wp-content\/uploads\/2022\/01\/5_37.jpeg 650w, https:\/\/qtmm.org\/wp-content\/uploads\/2022\/01\/5_37-300x125.jpeg 300w\" sizes=\"auto, (max-width: 650px) 100vw, 650px\" \/><\/figure>\n","protected":false},"excerpt":{"rendered":"<p>Yanvar 26 k\u00fcn\u00fc Aqmescitte &#8220;Adalet&#8221; milliy partiyan\u0131\u00f1 VI qurultay\u0131 \u00f6tkerildi. Qurultay i\u015fini\u00f1 neticesinde Q\u0131r\u0131mtatar halq\u0131 VI \u00e7a\u011f\u0131r\u0131l\u0131\u015f qurultay\u0131n\u0131\u00f1 delegatl\u0131\u011f\u0131na yek\u00e2ne \u00e7oqmandatl\u0131 saylav dairesinden &#8220;Adalet&#8221; partiyas\u0131ndan namzetler cedveli qabul etildi. Bundan da \u011fayr\u0131 &#8220;Adalet&#8221; partiyas\u0131 qurultay\u0131n\u0131\u00f1 delegatlar\u0131 partiyan\u0131\u00f1 saylavald\u0131 programmas\u0131n\u0131 maqullep, qabul ettiler. &#8220;Adalet&#8221; partiyas\u0131n\u0131\u00f1 azalar\u0131 V \u00e7a\u011f\u0131r\u0131l\u0131\u015f Q\u0131r\u0131mtatar halq qurultay\u0131n\u0131\u00f1 delegat\u0131, Q\u0131r\u0131m Yuqar\u0131 \u015furas\u0131nda &#8220;Qurultay-Ruh&#8221; [&hellip;]<\/p>\n","protected":false},"author":1,"featured_media":0,"comment_status":"open","ping_status":"open","sticky":false,"template":"","format":"standard","meta":{"inline_featured_image":false,"footnotes":""},"categories":[265],"tags":[],"class_list":["post-35759","post","type-post","status-publish","format-standard","hentry","category-haberler"],"acf":[],"yoast_head":"<!-- This site is optimized with the Yoast SEO plugin v27.4 - https:\/\/yoast.com\/product\/yoast-seo-wordpress\/ -->\n<title>Aqmescitte \u00abAdalet\u00bb milliy partiyas\u0131n\u0131\u00f1 VI qurultay\u0131 \u00f6tkerildi - \u041c\u0435\u0434\u0436\u043b\u0456\u0441<\/title>\n<meta name=\"robots\" content=\"index, follow, max-snippet:-1, max-image-preview:large, max-video-preview:-1\" \/>\n<link rel=\"canonical\" href=\"https:\/\/qtmm.org\/qt\/aqmescitte-adalet-milliy-partiyasinin-vi-qurultayi-otkerildi\/\" \/>\n<meta property=\"og:locale\" content=\"en_US\" \/>\n<meta property=\"og:type\" content=\"article\" \/>\n<meta property=\"og:title\" content=\"Aqmescitte \u00abAdalet\u00bb milliy partiyas\u0131n\u0131\u00f1 VI qurultay\u0131 \u00f6tkerildi - \u041c\u0435\u0434\u0436\u043b\u0456\u0441\" \/>\n<meta property=\"og:description\" content=\"Yanvar 26 k\u00fcn\u00fc Aqmescitte &#8220;Adalet&#8221; milliy partiyan\u0131\u00f1 VI qurultay\u0131 \u00f6tkerildi. Qurultay i\u015fini\u00f1 neticesinde Q\u0131r\u0131mtatar halq\u0131 VI \u00e7a\u011f\u0131r\u0131l\u0131\u015f qurultay\u0131n\u0131\u00f1 delegatl\u0131\u011f\u0131na yek\u00e2ne \u00e7oqmandatl\u0131 saylav dairesinden &#8220;Adalet&#8221; partiyas\u0131ndan namzetler cedveli qabul etildi. Bundan da \u011fayr\u0131 &#8220;Adalet&#8221; partiyas\u0131 qurultay\u0131n\u0131\u00f1 delegatlar\u0131 partiyan\u0131\u00f1 saylavald\u0131 programmas\u0131n\u0131 maqullep, qabul ettiler. &#8220;Adalet&#8221; partiyas\u0131n\u0131\u00f1 azalar\u0131 V \u00e7a\u011f\u0131r\u0131l\u0131\u015f Q\u0131r\u0131mtatar halq qurultay\u0131n\u0131\u00f1 delegat\u0131, Q\u0131r\u0131m Yuqar\u0131 \u015furas\u0131nda &#8220;Qurultay-Ruh&#8221; [&hellip;]\" \/>\n<meta property=\"og:url\" content=\"https:\/\/qtmm.org\/qt\/aqmescitte-adalet-milliy-partiyasinin-vi-qurultayi-otkerildi\/\" \/>\n<meta property=\"og:site_name\" content=\"\u041c\u0435\u0434\u0436\u043b\u0456\u0441\" \/>\n<meta property=\"article:publisher\" content=\"https:\/\/www.facebook.com\/qtmm.info\/\" \/>\n<meta property=\"article:published_time\" content=\"2013-01-28T13:50:00+00:00\" \/>\n<meta property=\"article:modified_time\" content=\"2022-01-23T13:53:14+00:00\" \/>\n<meta property=\"og:image\" content=\"https:\/\/qtmm.org\/wp-content\/uploads\/2022\/01\/1_92.jpeg\" \/>\n\t<meta property=\"og:image:width\" content=\"650\" \/>\n\t<meta property=\"og:image:height\" content=\"350\" \/>\n\t<meta property=\"og:image:type\" content=\"image\/jpeg\" \/>\n<meta name=\"author\" content=\"Developer\" \/>\n<meta name=\"twitter:card\" content=\"summary_large_image\" \/>\n<meta name=\"twitter:label1\" content=\"Written by\" \/>\n\t<meta name=\"twitter:data1\" content=\"Developer\" \/>\n\t<meta name=\"twitter:label2\" content=\"Est. reading time\" \/>\n\t<meta name=\"twitter:data2\" content=\"2 minutes\" \/>\n<script type=\"application\/ld+json\" class=\"yoast-schema-graph\">{\"@context\":\"https:\\\/\\\/schema.org\",\"@graph\":[{\"@type\":\"Article\",\"@id\":\"https:\\\/\\\/qtmm.org\\\/qt\\\/aqmescitte-adalet-milliy-partiyasinin-vi-qurultayi-otkerildi\\\/#article\",\"isPartOf\":{\"@id\":\"https:\\\/\\\/qtmm.org\\\/qt\\\/aqmescitte-adalet-milliy-partiyasinin-vi-qurultayi-otkerildi\\\/\"},\"author\":{\"name\":\"Developer\",\"@id\":\"https:\\\/\\\/qtmm.org\\\/qt\\\/#\\\/schema\\\/person\\\/de562469f971dec226ac06e60bbf74a7\"},\"headline\":\"Aqmescitte \u00abAdalet\u00bb milliy partiyas\u0131n\u0131\u00f1 VI qurultay\u0131 \u00f6tkerildi\",\"datePublished\":\"2013-01-28T13:50:00+00:00\",\"dateModified\":\"2022-01-23T13:53:14+00:00\",\"mainEntityOfPage\":{\"@id\":\"https:\\\/\\\/qtmm.org\\\/qt\\\/aqmescitte-adalet-milliy-partiyasinin-vi-qurultayi-otkerildi\\\/\"},\"wordCount\":355,\"commentCount\":0,\"publisher\":{\"@id\":\"https:\\\/\\\/qtmm.org\\\/qt\\\/#organization\"},\"image\":{\"@id\":\"https:\\\/\\\/qtmm.org\\\/qt\\\/aqmescitte-adalet-milliy-partiyasinin-vi-qurultayi-otkerildi\\\/#primaryimage\"},\"thumbnailUrl\":\"http:\\\/\\\/qtmm.org\\\/wp-content\\\/uploads\\\/2022\\\/01\\\/1_92.jpeg\",\"articleSection\":[\"Haberler\"],\"inLanguage\":\"qt\",\"potentialAction\":[{\"@type\":\"CommentAction\",\"name\":\"Comment\",\"target\":[\"https:\\\/\\\/qtmm.org\\\/qt\\\/aqmescitte-adalet-milliy-partiyasinin-vi-qurultayi-otkerildi\\\/#respond\"]}]},{\"@type\":\"WebPage\",\"@id\":\"https:\\\/\\\/qtmm.org\\\/qt\\\/aqmescitte-adalet-milliy-partiyasinin-vi-qurultayi-otkerildi\\\/\",\"url\":\"https:\\\/\\\/qtmm.org\\\/qt\\\/aqmescitte-adalet-milliy-partiyasinin-vi-qurultayi-otkerildi\\\/\",\"name\":\"Aqmescitte \u00abAdalet\u00bb milliy partiyas\u0131n\u0131\u00f1 VI qurultay\u0131 \u00f6tkerildi - \u041c\u0435\u0434\u0436\u043b\u0456\u0441\",\"isPartOf\":{\"@id\":\"https:\\\/\\\/qtmm.org\\\/qt\\\/#website\"},\"primaryImageOfPage\":{\"@id\":\"https:\\\/\\\/qtmm.org\\\/qt\\\/aqmescitte-adalet-milliy-partiyasinin-vi-qurultayi-otkerildi\\\/#primaryimage\"},\"image\":{\"@id\":\"https:\\\/\\\/qtmm.org\\\/qt\\\/aqmescitte-adalet-milliy-partiyasinin-vi-qurultayi-otkerildi\\\/#primaryimage\"},\"thumbnailUrl\":\"http:\\\/\\\/qtmm.org\\\/wp-content\\\/uploads\\\/2022\\\/01\\\/1_92.jpeg\",\"datePublished\":\"2013-01-28T13:50:00+00:00\",\"dateModified\":\"2022-01-23T13:53:14+00:00\",\"breadcrumb\":{\"@id\":\"https:\\\/\\\/qtmm.org\\\/qt\\\/aqmescitte-adalet-milliy-partiyasinin-vi-qurultayi-otkerildi\\\/#breadcrumb\"},\"inLanguage\":\"qt\",\"potentialAction\":[{\"@type\":\"ReadAction\",\"target\":[\"https:\\\/\\\/qtmm.org\\\/qt\\\/aqmescitte-adalet-milliy-partiyasinin-vi-qurultayi-otkerildi\\\/\"]}]},{\"@type\":\"ImageObject\",\"inLanguage\":\"qt\",\"@id\":\"https:\\\/\\\/qtmm.org\\\/qt\\\/aqmescitte-adalet-milliy-partiyasinin-vi-qurultayi-otkerildi\\\/#primaryimage\",\"url\":\"http:\\\/\\\/qtmm.org\\\/wp-content\\\/uploads\\\/2022\\\/01\\\/1_92.jpeg\",\"contentUrl\":\"http:\\\/\\\/qtmm.org\\\/wp-content\\\/uploads\\\/2022\\\/01\\\/1_92.jpeg\"},{\"@type\":\"BreadcrumbList\",\"@id\":\"https:\\\/\\\/qtmm.org\\\/qt\\\/aqmescitte-adalet-milliy-partiyasinin-vi-qurultayi-otkerildi\\\/#breadcrumb\",\"itemListElement\":[{\"@type\":\"ListItem\",\"position\":1,\"name\":\"\u0413\u043e\u043b\u043e\u0432\u043d\u0430\",\"item\":\"https:\\\/\\\/qtmm.org\\\/qt\\\/\"},{\"@type\":\"ListItem\",\"position\":2,\"name\":\"Aqmescitte \u00abAdalet\u00bb milliy partiyas\u0131n\u0131\u00f1 VI qurultay\u0131 \u00f6tkerildi\"}]},{\"@type\":\"WebSite\",\"@id\":\"https:\\\/\\\/qtmm.org\\\/qt\\\/#website\",\"url\":\"https:\\\/\\\/qtmm.org\\\/qt\\\/\",\"name\":\"\u041c\u0435\u0434\u0436\u043b\u0456\u0441\",\"description\":\"\",\"publisher\":{\"@id\":\"https:\\\/\\\/qtmm.org\\\/qt\\\/#organization\"},\"potentialAction\":[{\"@type\":\"SearchAction\",\"target\":{\"@type\":\"EntryPoint\",\"urlTemplate\":\"https:\\\/\\\/qtmm.org\\\/qt\\\/?s={search_term_string}\"},\"query-input\":{\"@type\":\"PropertyValueSpecification\",\"valueRequired\":true,\"valueName\":\"search_term_string\"}}],\"inLanguage\":\"qt\"},{\"@type\":\"Organization\",\"@id\":\"https:\\\/\\\/qtmm.org\\\/qt\\\/#organization\",\"name\":\"\u041c\u0435\u0434\u0436\u043b\u0456\u0441\",\"url\":\"https:\\\/\\\/qtmm.org\\\/qt\\\/\",\"logo\":{\"@type\":\"ImageObject\",\"inLanguage\":\"qt\",\"@id\":\"https:\\\/\\\/qtmm.org\\\/qt\\\/#\\\/schema\\\/logo\\\/image\\\/\",\"url\":\"https:\\\/\\\/qtmm.org\\\/wp-content\\\/uploads\\\/2024\\\/12\\\/ua-mejlis-logo-rgb.svg\",\"contentUrl\":\"https:\\\/\\\/qtmm.org\\\/wp-content\\\/uploads\\\/2024\\\/12\\\/ua-mejlis-logo-rgb.svg\",\"caption\":\"\u041c\u0435\u0434\u0436\u043b\u0456\u0441\"},\"image\":{\"@id\":\"https:\\\/\\\/qtmm.org\\\/qt\\\/#\\\/schema\\\/logo\\\/image\\\/\"},\"sameAs\":[\"https:\\\/\\\/www.facebook.com\\\/qtmm.info\\\/\"]},{\"@type\":\"Person\",\"@id\":\"https:\\\/\\\/qtmm.org\\\/qt\\\/#\\\/schema\\\/person\\\/de562469f971dec226ac06e60bbf74a7\",\"name\":\"Developer\",\"image\":{\"@type\":\"ImageObject\",\"inLanguage\":\"qt\",\"@id\":\"https:\\\/\\\/secure.gravatar.com\\\/avatar\\\/392b4cc8fbfeb00b39dfeeab4ee6edded39ffd48e25858637e4765810300227e?s=96&d=mm&r=g\",\"url\":\"https:\\\/\\\/secure.gravatar.com\\\/avatar\\\/392b4cc8fbfeb00b39dfeeab4ee6edded39ffd48e25858637e4765810300227e?s=96&d=mm&r=g\",\"contentUrl\":\"https:\\\/\\\/secure.gravatar.com\\\/avatar\\\/392b4cc8fbfeb00b39dfeeab4ee6edded39ffd48e25858637e4765810300227e?s=96&d=mm&r=g\",\"caption\":\"Developer\"},\"url\":\"https:\\\/\\\/qtmm.org\\\/qt\\\/author\\\/Developer\\\/\"}]}<\/script>\n<!-- \/ Yoast SEO plugin. -->","yoast_head_json":{"title":"Aqmescitte \u00abAdalet\u00bb milliy partiyas\u0131n\u0131\u00f1 VI qurultay\u0131 \u00f6tkerildi - \u041c\u0435\u0434\u0436\u043b\u0456\u0441","robots":{"index":"index","follow":"follow","max-snippet":"max-snippet:-1","max-image-preview":"max-image-preview:large","max-video-preview":"max-video-preview:-1"},"canonical":"https:\/\/qtmm.org\/qt\/aqmescitte-adalet-milliy-partiyasinin-vi-qurultayi-otkerildi\/","og_locale":"en_US","og_type":"article","og_title":"Aqmescitte \u00abAdalet\u00bb milliy partiyas\u0131n\u0131\u00f1 VI qurultay\u0131 \u00f6tkerildi - \u041c\u0435\u0434\u0436\u043b\u0456\u0441","og_description":"Yanvar 26 k\u00fcn\u00fc Aqmescitte &#8220;Adalet&#8221; milliy partiyan\u0131\u00f1 VI qurultay\u0131 \u00f6tkerildi. Qurultay i\u015fini\u00f1 neticesinde Q\u0131r\u0131mtatar halq\u0131 VI \u00e7a\u011f\u0131r\u0131l\u0131\u015f qurultay\u0131n\u0131\u00f1 delegatl\u0131\u011f\u0131na yek\u00e2ne \u00e7oqmandatl\u0131 saylav dairesinden &#8220;Adalet&#8221; partiyas\u0131ndan namzetler cedveli qabul etildi. Bundan da \u011fayr\u0131 &#8220;Adalet&#8221; partiyas\u0131 qurultay\u0131n\u0131\u00f1 delegatlar\u0131 partiyan\u0131\u00f1 saylavald\u0131 programmas\u0131n\u0131 maqullep, qabul ettiler. &#8220;Adalet&#8221; partiyas\u0131n\u0131\u00f1 azalar\u0131 V \u00e7a\u011f\u0131r\u0131l\u0131\u015f Q\u0131r\u0131mtatar halq qurultay\u0131n\u0131\u00f1 delegat\u0131, Q\u0131r\u0131m Yuqar\u0131 \u015furas\u0131nda &#8220;Qurultay-Ruh&#8221; [&hellip;]","og_url":"https:\/\/qtmm.org\/qt\/aqmescitte-adalet-milliy-partiyasinin-vi-qurultayi-otkerildi\/","og_site_name":"\u041c\u0435\u0434\u0436\u043b\u0456\u0441","article_publisher":"https:\/\/www.facebook.com\/qtmm.info\/","article_published_time":"2013-01-28T13:50:00+00:00","article_modified_time":"2022-01-23T13:53:14+00:00","og_image":[{"width":650,"height":350,"url":"https:\/\/qtmm.org\/wp-content\/uploads\/2022\/01\/1_92.jpeg","type":"image\/jpeg"}],"author":"Developer","twitter_card":"summary_large_image","twitter_misc":{"Written by":"Developer","Est. reading time":"2 minutes"},"schema":{"@context":"https:\/\/schema.org","@graph":[{"@type":"Article","@id":"https:\/\/qtmm.org\/qt\/aqmescitte-adalet-milliy-partiyasinin-vi-qurultayi-otkerildi\/#article","isPartOf":{"@id":"https:\/\/qtmm.org\/qt\/aqmescitte-adalet-milliy-partiyasinin-vi-qurultayi-otkerildi\/"},"author":{"name":"Developer","@id":"https:\/\/qtmm.org\/qt\/#\/schema\/person\/de562469f971dec226ac06e60bbf74a7"},"headline":"Aqmescitte \u00abAdalet\u00bb milliy partiyas\u0131n\u0131\u00f1 VI qurultay\u0131 \u00f6tkerildi","datePublished":"2013-01-28T13:50:00+00:00","dateModified":"2022-01-23T13:53:14+00:00","mainEntityOfPage":{"@id":"https:\/\/qtmm.org\/qt\/aqmescitte-adalet-milliy-partiyasinin-vi-qurultayi-otkerildi\/"},"wordCount":355,"commentCount":0,"publisher":{"@id":"https:\/\/qtmm.org\/qt\/#organization"},"image":{"@id":"https:\/\/qtmm.org\/qt\/aqmescitte-adalet-milliy-partiyasinin-vi-qurultayi-otkerildi\/#primaryimage"},"thumbnailUrl":"http:\/\/qtmm.org\/wp-content\/uploads\/2022\/01\/1_92.jpeg","articleSection":["Haberler"],"inLanguage":"qt","potentialAction":[{"@type":"CommentAction","name":"Comment","target":["https:\/\/qtmm.org\/qt\/aqmescitte-adalet-milliy-partiyasinin-vi-qurultayi-otkerildi\/#respond"]}]},{"@type":"WebPage","@id":"https:\/\/qtmm.org\/qt\/aqmescitte-adalet-milliy-partiyasinin-vi-qurultayi-otkerildi\/","url":"https:\/\/qtmm.org\/qt\/aqmescitte-adalet-milliy-partiyasinin-vi-qurultayi-otkerildi\/","name":"Aqmescitte \u00abAdalet\u00bb milliy partiyas\u0131n\u0131\u00f1 VI qurultay\u0131 \u00f6tkerildi - \u041c\u0435\u0434\u0436\u043b\u0456\u0441","isPartOf":{"@id":"https:\/\/qtmm.org\/qt\/#website"},"primaryImageOfPage":{"@id":"https:\/\/qtmm.org\/qt\/aqmescitte-adalet-milliy-partiyasinin-vi-qurultayi-otkerildi\/#primaryimage"},"image":{"@id":"https:\/\/qtmm.org\/qt\/aqmescitte-adalet-milliy-partiyasinin-vi-qurultayi-otkerildi\/#primaryimage"},"thumbnailUrl":"http:\/\/qtmm.org\/wp-content\/uploads\/2022\/01\/1_92.jpeg","datePublished":"2013-01-28T13:50:00+00:00","dateModified":"2022-01-23T13:53:14+00:00","breadcrumb":{"@id":"https:\/\/qtmm.org\/qt\/aqmescitte-adalet-milliy-partiyasinin-vi-qurultayi-otkerildi\/#breadcrumb"},"inLanguage":"qt","potentialAction":[{"@type":"ReadAction","target":["https:\/\/qtmm.org\/qt\/aqmescitte-adalet-milliy-partiyasinin-vi-qurultayi-otkerildi\/"]}]},{"@type":"ImageObject","inLanguage":"qt","@id":"https:\/\/qtmm.org\/qt\/aqmescitte-adalet-milliy-partiyasinin-vi-qurultayi-otkerildi\/#primaryimage","url":"http:\/\/qtmm.org\/wp-content\/uploads\/2022\/01\/1_92.jpeg","contentUrl":"http:\/\/qtmm.org\/wp-content\/uploads\/2022\/01\/1_92.jpeg"},{"@type":"BreadcrumbList","@id":"https:\/\/qtmm.org\/qt\/aqmescitte-adalet-milliy-partiyasinin-vi-qurultayi-otkerildi\/#breadcrumb","itemListElement":[{"@type":"ListItem","position":1,"name":"\u0413\u043e\u043b\u043e\u0432\u043d\u0430","item":"https:\/\/qtmm.org\/qt\/"},{"@type":"ListItem","position":2,"name":"Aqmescitte \u00abAdalet\u00bb milliy partiyas\u0131n\u0131\u00f1 VI qurultay\u0131 \u00f6tkerildi"}]},{"@type":"WebSite","@id":"https:\/\/qtmm.org\/qt\/#website","url":"https:\/\/qtmm.org\/qt\/","name":"\u041c\u0435\u0434\u0436\u043b\u0456\u0441","description":"","publisher":{"@id":"https:\/\/qtmm.org\/qt\/#organization"},"potentialAction":[{"@type":"SearchAction","target":{"@type":"EntryPoint","urlTemplate":"https:\/\/qtmm.org\/qt\/?s={search_term_string}"},"query-input":{"@type":"PropertyValueSpecification","valueRequired":true,"valueName":"search_term_string"}}],"inLanguage":"qt"},{"@type":"Organization","@id":"https:\/\/qtmm.org\/qt\/#organization","name":"\u041c\u0435\u0434\u0436\u043b\u0456\u0441","url":"https:\/\/qtmm.org\/qt\/","logo":{"@type":"ImageObject","inLanguage":"qt","@id":"https:\/\/qtmm.org\/qt\/#\/schema\/logo\/image\/","url":"https:\/\/qtmm.org\/wp-content\/uploads\/2024\/12\/ua-mejlis-logo-rgb.svg","contentUrl":"https:\/\/qtmm.org\/wp-content\/uploads\/2024\/12\/ua-mejlis-logo-rgb.svg","caption":"\u041c\u0435\u0434\u0436\u043b\u0456\u0441"},"image":{"@id":"https:\/\/qtmm.org\/qt\/#\/schema\/logo\/image\/"},"sameAs":["https:\/\/www.facebook.com\/qtmm.info\/"]},{"@type":"Person","@id":"https:\/\/qtmm.org\/qt\/#\/schema\/person\/de562469f971dec226ac06e60bbf74a7","name":"Developer","image":{"@type":"ImageObject","inLanguage":"qt","@id":"https:\/\/secure.gravatar.com\/avatar\/392b4cc8fbfeb00b39dfeeab4ee6edded39ffd48e25858637e4765810300227e?s=96&d=mm&r=g","url":"https:\/\/secure.gravatar.com\/avatar\/392b4cc8fbfeb00b39dfeeab4ee6edded39ffd48e25858637e4765810300227e?s=96&d=mm&r=g","contentUrl":"https:\/\/secure.gravatar.com\/avatar\/392b4cc8fbfeb00b39dfeeab4ee6edded39ffd48e25858637e4765810300227e?s=96&d=mm&r=g","caption":"Developer"},"url":"https:\/\/qtmm.org\/qt\/author\/Developer\/"}]}},"_links":{"self":[{"href":"https:\/\/qtmm.org\/qt\/wp-json\/wp\/v2\/posts\/35759","targetHints":{"allow":["GET"]}}],"collection":[{"href":"https:\/\/qtmm.org\/qt\/wp-json\/wp\/v2\/posts"}],"about":[{"href":"https:\/\/qtmm.org\/qt\/wp-json\/wp\/v2\/types\/post"}],"author":[{"embeddable":true,"href":"https:\/\/qtmm.org\/qt\/wp-json\/wp\/v2\/users\/1"}],"replies":[{"embeddable":true,"href":"https:\/\/qtmm.org\/qt\/wp-json\/wp\/v2\/comments?post=35759"}],"version-history":[{"count":1,"href":"https:\/\/qtmm.org\/qt\/wp-json\/wp\/v2\/posts\/35759\/revisions"}],"predecessor-version":[{"id":35784,"href":"https:\/\/qtmm.org\/qt\/wp-json\/wp\/v2\/posts\/35759\/revisions\/35784"}],"wp:attachment":[{"href":"https:\/\/qtmm.org\/qt\/wp-json\/wp\/v2\/media?parent=35759"}],"wp:term":[{"taxonomy":"category","embeddable":true,"href":"https:\/\/qtmm.org\/qt\/wp-json\/wp\/v2\/categories?post=35759"},{"taxonomy":"post_tag","embeddable":true,"href":"https:\/\/qtmm.org\/qt\/wp-json\/wp\/v2\/tags?post=35759"}],"curies":[{"name":"wp","href":"https:\/\/api.w.org\/{rel}","templated":true}]}}