




{"id":35755,"date":"2013-01-28T16:46:00","date_gmt":"2013-01-28T13:46:00","guid":{"rendered":"http:\/\/qtmm.org\/?p=35755"},"modified":"2022-01-23T16:47:16","modified_gmt":"2022-01-23T13:47:16","slug":"qirimtatar-halqi-qurultayinin-delegati-qirim-yuqari-surasinin-deputati-enver-abduraimovnin-sozleri-munasebetinen-adalet-qirimtatar-milliy-partiyasi-vi-qurultayinin-beyanati-2013-senesi-ya","status":"publish","type":"post","link":"https:\/\/qtmm.org\/qt\/qirimtatar-halqi-qurultayinin-delegati-qirim-yuqari-surasinin-deputati-enver-abduraimovnin-sozleri-munasebetinen-adalet-qirimtatar-milliy-partiyasi-vi-qurultayinin-beyanati-2013-senesi-ya\/","title":{"rendered":"Q\u0131r\u0131mtatar halq\u0131 qurultay\u0131n\u0131\u00f1 delegat\u0131, Q\u0131r\u0131m Yuqar\u0131 \u015euras\u0131n\u0131\u00f1 deputat\u0131 Enver Abduraimovn\u0131\u00f1 s\u00f6zleri munasebetinen \u00abADALET\u00bb q\u0131r\u0131mtatar milliy partiyas\u0131 VI qurultay\u0131n\u0131\u00f1 beyanat\u0131 2013 senesi yanvar 26-da qabul etildi"},"content":{"rendered":"\n<p class=\"has-text-align-center\"><strong>Q\u0131r\u0131mtatar halq\u0131 qurultay\u0131n\u0131\u00f1 delegat\u0131, Q\u0131r\u0131m Yuqar\u0131 \u015euras\u0131n\u0131\u00f1 deputat\u0131 Enver Abduraimovn\u0131\u00f1 s\u00f6zleri munasebetinen<\/strong><\/p>\n\n\n\n<p class=\"has-text-align-center\"><strong>&#8220;ADALET&#8221; q\u0131r\u0131mtatar milliy partiyas\u0131 VI qurultay\u0131n\u0131\u00f1<\/strong><\/p>\n\n\n\n<p class=\"has-text-align-center\"><strong>BEYANATI<\/strong><\/p>\n\n\n\n<p>2013 senesi yanvar 2 k\u00fcn\u00fc Q\u0131r\u0131mtatar halq\u0131 qurultay\u0131n\u0131\u00f1 delegat\u0131, Q\u0131r\u0131m Yuqar\u0131 \u015euras\u0131n\u0131\u00f1 deputat\u0131 Enver Abduraimov ATR telekanal\u0131n\u0131\u00f1 &#8220;M\u0131z-M\u0131zlar&#8221; yay\u0131n\u0131nda 1944 senesini\u00f1 s\u00fcrg\u00fcnliginde yar\u0131-yar\u0131\u011fa q\u0131r\u0131mtatar qabaatl\u0131d\u0131r, dedi ve bun\u0131\u00f1nen totalitar rejim taraf\u0131ndan \u00f6z halq\u0131na nisbeten yap\u0131l\u011fan cinayetni aqlad\u0131. Holokost facias\u0131 i\u00e7\u00fcn 50 fay\u0131z su\u00e7n\u0131 ise yeudiylerge y\u00fckledi. Bundan da \u011fayr\u0131, o \u015fahsiy eglenceleri ve k\u00fcndelik \u00f6m\u00fcrini\u00f1 baz\u0131 detallerini tarif etip, baz\u0131 vaqialar\u011fa q\u0131ymet keskeni on\u0131\u00f1 ahl\u00e2q\u0131n\u0131 a\u00e7\u0131qtan-a\u00e7\u0131q k\u00f6sterdi.<\/p>\n\n\n\n<p>&#8220;ADALET&#8221; q\u0131r\u0131mtatar milliy partiyas\u0131 VI qurultay\u0131 soyq\u0131r\u0131m, q\u0131r\u0131mtatar halq\u0131n\u0131\u00f1 birinci eki y\u0131l\u0131 i\u00e7inde 46 fay\u0131z\u0131 a\u00e7l\u0131q, hastal\u0131qtan el\u00e2k ol\u011fan s\u00fcrg\u00fcnligini aqlavnen ba\u011fl\u0131 er angi areketlerni cinaiy ve yap\u0131labilmez bir areket, dep saya.<\/p>\n\n\n\n<p>27 yanvar k\u00fcn\u00fc d\u00fcnya cemaat\u00e7\u0131l\u0131\u011f\u0131 Holokost qurbanlar\u0131n\u0131\u00f1 hat\u0131ras\u0131n\u0131 a\u00f1maq halqara k\u00fcn\u00fc munasebetinen matem tedbirlerini ke\u00e7ire. Holokost keni\u015f manada \u2013 bu, yeudiy, \u00e7ingene, q\u0131r\u0131m\u00e7aqlar, hasta ve zay\u0131flarn\u0131 natsistler taraf\u0131ndan taqip ve telef et\u00fcvdir. Holokost aqibetinde Avropan\u0131\u00f1 60 fay\u0131z yeudiylerini yani d\u00fcnya ealisini\u00f1 \u00fc\u00e7te birini, \u00e7ingenelerni\u00f1 \u00fc\u00e7te birini, poloniyal\u0131larn\u0131\u00f1 10 fay\u0131z\u0131, zenciler yoq etildi, ruhiy ve a\u011f\u0131r hastalar tibbiy eksperimentler i\u00e7\u00fcn qullan\u0131ld\u0131.<\/p>\n\n\n\n<p>&#8220;ADALET&#8221; q\u0131r\u0131mtatar milliy partiyas\u0131 VI qurultay\u0131 Enver Abduraimovn\u0131\u00f1 s\u00f6zlerini keskin qaralarken, so\u00f1ki vaq\u0131tta fesat\u00e7\u0131 te\u015fkil\u00e2t ve ayr\u0131 \u015fah\u0131slarn\u0131\u00f1 areketleri ep faalle\u015fkeni munasebetinen kederlengenini bildire. &#8220;ADALET&#8221; q\u0131r\u0131mtatar milliy partiyas\u0131 totalitar rejimlerni\u00f1 cinayetlerini ara\u015ft\u0131rmaq, oquv qullanmalarn\u0131 m\u00fckemmelle\u015ftirmek ve i\u015flemek , ya\u015f nesilge insan aqlar\u0131, demokratiya ve bar\u0131\u015f\u0131q aqq\u0131nda a\u00f1latmaq zarur, dep tan\u0131y.<\/p>\n\n\n\n<p>&#8220;Adalet&#8221; milliy partiyas\u0131n\u0131\u00f1 VI qurultay\u0131 Enver Abduraimovn\u0131\u00f1 areketi Q\u0131r\u0131mtatar halq\u0131 Qurultay\u0131 delegat\u0131 degen y\u00fcksek unvan\u011fa, milletni\u00f1 vek\u00e2letli organ\u0131n\u0131\u00f1 maqsad ve vazifelerine, Q\u0131r\u0131m Yuqar\u0131 \u015euras\u0131n\u0131\u00f1 deputatl\u0131\u011f\u0131na namzetini maqullegen q\u0131r\u0131mtatar halq\u0131 bildirgen i\u015fan\u00e7qa asl\u0131 da uymay, degen fikirni bildirdi.<\/p>\n\n\n\n<p class=\"has-text-align-right\"><em><strong>2013 senesi yanvar 26 k\u00fcn\u00fc qabul etildi<br>Aqmescit \u015f,<\/strong><\/em><\/p>\n","protected":false},"excerpt":{"rendered":"<p>Q\u0131r\u0131mtatar halq\u0131 qurultay\u0131n\u0131\u00f1 delegat\u0131, Q\u0131r\u0131m Yuqar\u0131 \u015euras\u0131n\u0131\u00f1 deputat\u0131 Enver Abduraimovn\u0131\u00f1 s\u00f6zleri munasebetinen &#8220;ADALET&#8221; q\u0131r\u0131mtatar milliy partiyas\u0131 VI qurultay\u0131n\u0131\u00f1 BEYANATI 2013 senesi yanvar 2 k\u00fcn\u00fc Q\u0131r\u0131mtatar halq\u0131 qurultay\u0131n\u0131\u00f1 delegat\u0131, Q\u0131r\u0131m Yuqar\u0131 \u015euras\u0131n\u0131\u00f1 deputat\u0131 Enver Abduraimov ATR telekanal\u0131n\u0131\u00f1 &#8220;M\u0131z-M\u0131zlar&#8221; yay\u0131n\u0131nda 1944 senesini\u00f1 s\u00fcrg\u00fcnliginde yar\u0131-yar\u0131\u011fa q\u0131r\u0131mtatar qabaatl\u0131d\u0131r, dedi ve bun\u0131\u00f1nen totalitar rejim taraf\u0131ndan \u00f6z halq\u0131na nisbeten yap\u0131l\u011fan cinayetni [&hellip;]<\/p>\n","protected":false},"author":1,"featured_media":0,"comment_status":"open","ping_status":"open","sticky":false,"template":"","format":"standard","meta":{"inline_featured_image":false,"footnotes":""},"categories":[265],"tags":[],"class_list":["post-35755","post","type-post","status-publish","format-standard","hentry","category-haberler"],"acf":[],"yoast_head":"<!-- This site is optimized with the Yoast SEO plugin v27.4 - https:\/\/yoast.com\/product\/yoast-seo-wordpress\/ -->\n<title>Q\u0131r\u0131mtatar halq\u0131 qurultay\u0131n\u0131\u00f1 delegat\u0131, Q\u0131r\u0131m Yuqar\u0131 \u015euras\u0131n\u0131\u00f1 deputat\u0131 Enver Abduraimovn\u0131\u00f1 s\u00f6zleri munasebetinen \u00abADALET\u00bb q\u0131r\u0131mtatar milliy partiyas\u0131 VI qurultay\u0131n\u0131\u00f1 beyanat\u0131 2013 senesi yanvar 26-da qabul etildi - \u041c\u0435\u0434\u0436\u043b\u0456\u0441<\/title>\n<meta name=\"robots\" content=\"index, follow, max-snippet:-1, max-image-preview:large, max-video-preview:-1\" \/>\n<link rel=\"canonical\" href=\"https:\/\/qtmm.org\/qt\/qirimtatar-halqi-qurultayinin-delegati-qirim-yuqari-surasinin-deputati-enver-abduraimovnin-sozleri-munasebetinen-adalet-qirimtatar-milliy-partiyasi-vi-qurultayinin-beyanati-2013-senesi-ya\/\" \/>\n<meta property=\"og:locale\" content=\"en_US\" \/>\n<meta property=\"og:type\" content=\"article\" \/>\n<meta property=\"og:title\" content=\"Q\u0131r\u0131mtatar halq\u0131 qurultay\u0131n\u0131\u00f1 delegat\u0131, Q\u0131r\u0131m Yuqar\u0131 \u015euras\u0131n\u0131\u00f1 deputat\u0131 Enver Abduraimovn\u0131\u00f1 s\u00f6zleri munasebetinen \u00abADALET\u00bb q\u0131r\u0131mtatar milliy partiyas\u0131 VI qurultay\u0131n\u0131\u00f1 beyanat\u0131 2013 senesi yanvar 26-da qabul etildi - \u041c\u0435\u0434\u0436\u043b\u0456\u0441\" \/>\n<meta property=\"og:description\" content=\"Q\u0131r\u0131mtatar halq\u0131 qurultay\u0131n\u0131\u00f1 delegat\u0131, Q\u0131r\u0131m Yuqar\u0131 \u015euras\u0131n\u0131\u00f1 deputat\u0131 Enver Abduraimovn\u0131\u00f1 s\u00f6zleri munasebetinen &#8220;ADALET&#8221; q\u0131r\u0131mtatar milliy partiyas\u0131 VI qurultay\u0131n\u0131\u00f1 BEYANATI 2013 senesi yanvar 2 k\u00fcn\u00fc Q\u0131r\u0131mtatar halq\u0131 qurultay\u0131n\u0131\u00f1 delegat\u0131, Q\u0131r\u0131m Yuqar\u0131 \u015euras\u0131n\u0131\u00f1 deputat\u0131 Enver Abduraimov ATR telekanal\u0131n\u0131\u00f1 &#8220;M\u0131z-M\u0131zlar&#8221; yay\u0131n\u0131nda 1944 senesini\u00f1 s\u00fcrg\u00fcnliginde yar\u0131-yar\u0131\u011fa q\u0131r\u0131mtatar qabaatl\u0131d\u0131r, dedi ve bun\u0131\u00f1nen totalitar rejim taraf\u0131ndan \u00f6z halq\u0131na nisbeten yap\u0131l\u011fan cinayetni [&hellip;]\" \/>\n<meta property=\"og:url\" content=\"https:\/\/qtmm.org\/qt\/qirimtatar-halqi-qurultayinin-delegati-qirim-yuqari-surasinin-deputati-enver-abduraimovnin-sozleri-munasebetinen-adalet-qirimtatar-milliy-partiyasi-vi-qurultayinin-beyanati-2013-senesi-ya\/\" \/>\n<meta property=\"og:site_name\" content=\"\u041c\u0435\u0434\u0436\u043b\u0456\u0441\" \/>\n<meta property=\"article:publisher\" content=\"https:\/\/www.facebook.com\/qtmm.info\/\" \/>\n<meta property=\"article:published_time\" content=\"2013-01-28T13:46:00+00:00\" \/>\n<meta property=\"article:modified_time\" content=\"2022-01-23T13:47:16+00:00\" \/>\n<meta name=\"author\" content=\"Developer\" \/>\n<meta name=\"twitter:card\" content=\"summary_large_image\" \/>\n<meta name=\"twitter:label1\" content=\"Written by\" \/>\n\t<meta name=\"twitter:data1\" content=\"Developer\" \/>\n\t<meta name=\"twitter:label2\" content=\"Est. reading time\" \/>\n\t<meta name=\"twitter:data2\" content=\"2 minutes\" \/>\n<script type=\"application\/ld+json\" class=\"yoast-schema-graph\">{\"@context\":\"https:\\\/\\\/schema.org\",\"@graph\":[{\"@type\":\"Article\",\"@id\":\"https:\\\/\\\/qtmm.org\\\/qt\\\/qirimtatar-halqi-qurultayinin-delegati-qirim-yuqari-surasinin-deputati-enver-abduraimovnin-sozleri-munasebetinen-adalet-qirimtatar-milliy-partiyasi-vi-qurultayinin-beyanati-2013-senesi-ya\\\/#article\",\"isPartOf\":{\"@id\":\"https:\\\/\\\/qtmm.org\\\/qt\\\/qirimtatar-halqi-qurultayinin-delegati-qirim-yuqari-surasinin-deputati-enver-abduraimovnin-sozleri-munasebetinen-adalet-qirimtatar-milliy-partiyasi-vi-qurultayinin-beyanati-2013-senesi-ya\\\/\"},\"author\":{\"name\":\"Developer\",\"@id\":\"https:\\\/\\\/qtmm.org\\\/qt\\\/#\\\/schema\\\/person\\\/de562469f971dec226ac06e60bbf74a7\"},\"headline\":\"Q\u0131r\u0131mtatar halq\u0131 qurultay\u0131n\u0131\u00f1 delegat\u0131, Q\u0131r\u0131m Yuqar\u0131 \u015euras\u0131n\u0131\u00f1 deputat\u0131 Enver Abduraimovn\u0131\u00f1 s\u00f6zleri munasebetinen \u00abADALET\u00bb q\u0131r\u0131mtatar milliy partiyas\u0131 VI qurultay\u0131n\u0131\u00f1 beyanat\u0131 2013 senesi yanvar 26-da qabul etildi\",\"datePublished\":\"2013-01-28T13:46:00+00:00\",\"dateModified\":\"2022-01-23T13:47:16+00:00\",\"mainEntityOfPage\":{\"@id\":\"https:\\\/\\\/qtmm.org\\\/qt\\\/qirimtatar-halqi-qurultayinin-delegati-qirim-yuqari-surasinin-deputati-enver-abduraimovnin-sozleri-munasebetinen-adalet-qirimtatar-milliy-partiyasi-vi-qurultayinin-beyanati-2013-senesi-ya\\\/\"},\"wordCount\":419,\"commentCount\":0,\"publisher\":{\"@id\":\"https:\\\/\\\/qtmm.org\\\/qt\\\/#organization\"},\"articleSection\":[\"Haberler\"],\"inLanguage\":\"qt\",\"potentialAction\":[{\"@type\":\"CommentAction\",\"name\":\"Comment\",\"target\":[\"https:\\\/\\\/qtmm.org\\\/qt\\\/qirimtatar-halqi-qurultayinin-delegati-qirim-yuqari-surasinin-deputati-enver-abduraimovnin-sozleri-munasebetinen-adalet-qirimtatar-milliy-partiyasi-vi-qurultayinin-beyanati-2013-senesi-ya\\\/#respond\"]}]},{\"@type\":\"WebPage\",\"@id\":\"https:\\\/\\\/qtmm.org\\\/qt\\\/qirimtatar-halqi-qurultayinin-delegati-qirim-yuqari-surasinin-deputati-enver-abduraimovnin-sozleri-munasebetinen-adalet-qirimtatar-milliy-partiyasi-vi-qurultayinin-beyanati-2013-senesi-ya\\\/\",\"url\":\"https:\\\/\\\/qtmm.org\\\/qt\\\/qirimtatar-halqi-qurultayinin-delegati-qirim-yuqari-surasinin-deputati-enver-abduraimovnin-sozleri-munasebetinen-adalet-qirimtatar-milliy-partiyasi-vi-qurultayinin-beyanati-2013-senesi-ya\\\/\",\"name\":\"Q\u0131r\u0131mtatar halq\u0131 qurultay\u0131n\u0131\u00f1 delegat\u0131, Q\u0131r\u0131m Yuqar\u0131 \u015euras\u0131n\u0131\u00f1 deputat\u0131 Enver Abduraimovn\u0131\u00f1 s\u00f6zleri munasebetinen \u00abADALET\u00bb q\u0131r\u0131mtatar milliy partiyas\u0131 VI qurultay\u0131n\u0131\u00f1 beyanat\u0131 2013 senesi yanvar 26-da qabul etildi - \u041c\u0435\u0434\u0436\u043b\u0456\u0441\",\"isPartOf\":{\"@id\":\"https:\\\/\\\/qtmm.org\\\/qt\\\/#website\"},\"datePublished\":\"2013-01-28T13:46:00+00:00\",\"dateModified\":\"2022-01-23T13:47:16+00:00\",\"breadcrumb\":{\"@id\":\"https:\\\/\\\/qtmm.org\\\/qt\\\/qirimtatar-halqi-qurultayinin-delegati-qirim-yuqari-surasinin-deputati-enver-abduraimovnin-sozleri-munasebetinen-adalet-qirimtatar-milliy-partiyasi-vi-qurultayinin-beyanati-2013-senesi-ya\\\/#breadcrumb\"},\"inLanguage\":\"qt\",\"potentialAction\":[{\"@type\":\"ReadAction\",\"target\":[\"https:\\\/\\\/qtmm.org\\\/qt\\\/qirimtatar-halqi-qurultayinin-delegati-qirim-yuqari-surasinin-deputati-enver-abduraimovnin-sozleri-munasebetinen-adalet-qirimtatar-milliy-partiyasi-vi-qurultayinin-beyanati-2013-senesi-ya\\\/\"]}]},{\"@type\":\"BreadcrumbList\",\"@id\":\"https:\\\/\\\/qtmm.org\\\/qt\\\/qirimtatar-halqi-qurultayinin-delegati-qirim-yuqari-surasinin-deputati-enver-abduraimovnin-sozleri-munasebetinen-adalet-qirimtatar-milliy-partiyasi-vi-qurultayinin-beyanati-2013-senesi-ya\\\/#breadcrumb\",\"itemListElement\":[{\"@type\":\"ListItem\",\"position\":1,\"name\":\"\u0413\u043e\u043b\u043e\u0432\u043d\u0430\",\"item\":\"https:\\\/\\\/qtmm.org\\\/qt\\\/\"},{\"@type\":\"ListItem\",\"position\":2,\"name\":\"Q\u0131r\u0131mtatar halq\u0131 qurultay\u0131n\u0131\u00f1 delegat\u0131, Q\u0131r\u0131m Yuqar\u0131 \u015euras\u0131n\u0131\u00f1 deputat\u0131 Enver Abduraimovn\u0131\u00f1 s\u00f6zleri munasebetinen \u00abADALET\u00bb q\u0131r\u0131mtatar milliy partiyas\u0131 VI qurultay\u0131n\u0131\u00f1 beyanat\u0131 2013 senesi yanvar 26-da qabul etildi\"}]},{\"@type\":\"WebSite\",\"@id\":\"https:\\\/\\\/qtmm.org\\\/qt\\\/#website\",\"url\":\"https:\\\/\\\/qtmm.org\\\/qt\\\/\",\"name\":\"\u041c\u0435\u0434\u0436\u043b\u0456\u0441\",\"description\":\"\",\"publisher\":{\"@id\":\"https:\\\/\\\/qtmm.org\\\/qt\\\/#organization\"},\"potentialAction\":[{\"@type\":\"SearchAction\",\"target\":{\"@type\":\"EntryPoint\",\"urlTemplate\":\"https:\\\/\\\/qtmm.org\\\/qt\\\/?s={search_term_string}\"},\"query-input\":{\"@type\":\"PropertyValueSpecification\",\"valueRequired\":true,\"valueName\":\"search_term_string\"}}],\"inLanguage\":\"qt\"},{\"@type\":\"Organization\",\"@id\":\"https:\\\/\\\/qtmm.org\\\/qt\\\/#organization\",\"name\":\"\u041c\u0435\u0434\u0436\u043b\u0456\u0441\",\"url\":\"https:\\\/\\\/qtmm.org\\\/qt\\\/\",\"logo\":{\"@type\":\"ImageObject\",\"inLanguage\":\"qt\",\"@id\":\"https:\\\/\\\/qtmm.org\\\/qt\\\/#\\\/schema\\\/logo\\\/image\\\/\",\"url\":\"https:\\\/\\\/qtmm.org\\\/wp-content\\\/uploads\\\/2024\\\/12\\\/ua-mejlis-logo-rgb.svg\",\"contentUrl\":\"https:\\\/\\\/qtmm.org\\\/wp-content\\\/uploads\\\/2024\\\/12\\\/ua-mejlis-logo-rgb.svg\",\"caption\":\"\u041c\u0435\u0434\u0436\u043b\u0456\u0441\"},\"image\":{\"@id\":\"https:\\\/\\\/qtmm.org\\\/qt\\\/#\\\/schema\\\/logo\\\/image\\\/\"},\"sameAs\":[\"https:\\\/\\\/www.facebook.com\\\/qtmm.info\\\/\"]},{\"@type\":\"Person\",\"@id\":\"https:\\\/\\\/qtmm.org\\\/qt\\\/#\\\/schema\\\/person\\\/de562469f971dec226ac06e60bbf74a7\",\"name\":\"Developer\",\"image\":{\"@type\":\"ImageObject\",\"inLanguage\":\"qt\",\"@id\":\"https:\\\/\\\/secure.gravatar.com\\\/avatar\\\/392b4cc8fbfeb00b39dfeeab4ee6edded39ffd48e25858637e4765810300227e?s=96&d=mm&r=g\",\"url\":\"https:\\\/\\\/secure.gravatar.com\\\/avatar\\\/392b4cc8fbfeb00b39dfeeab4ee6edded39ffd48e25858637e4765810300227e?s=96&d=mm&r=g\",\"contentUrl\":\"https:\\\/\\\/secure.gravatar.com\\\/avatar\\\/392b4cc8fbfeb00b39dfeeab4ee6edded39ffd48e25858637e4765810300227e?s=96&d=mm&r=g\",\"caption\":\"Developer\"},\"url\":\"https:\\\/\\\/qtmm.org\\\/qt\\\/author\\\/Developer\\\/\"}]}<\/script>\n<!-- \/ Yoast SEO plugin. -->","yoast_head_json":{"title":"Q\u0131r\u0131mtatar halq\u0131 qurultay\u0131n\u0131\u00f1 delegat\u0131, Q\u0131r\u0131m Yuqar\u0131 \u015euras\u0131n\u0131\u00f1 deputat\u0131 Enver Abduraimovn\u0131\u00f1 s\u00f6zleri munasebetinen \u00abADALET\u00bb q\u0131r\u0131mtatar milliy partiyas\u0131 VI qurultay\u0131n\u0131\u00f1 beyanat\u0131 2013 senesi yanvar 26-da qabul etildi - \u041c\u0435\u0434\u0436\u043b\u0456\u0441","robots":{"index":"index","follow":"follow","max-snippet":"max-snippet:-1","max-image-preview":"max-image-preview:large","max-video-preview":"max-video-preview:-1"},"canonical":"https:\/\/qtmm.org\/qt\/qirimtatar-halqi-qurultayinin-delegati-qirim-yuqari-surasinin-deputati-enver-abduraimovnin-sozleri-munasebetinen-adalet-qirimtatar-milliy-partiyasi-vi-qurultayinin-beyanati-2013-senesi-ya\/","og_locale":"en_US","og_type":"article","og_title":"Q\u0131r\u0131mtatar halq\u0131 qurultay\u0131n\u0131\u00f1 delegat\u0131, Q\u0131r\u0131m Yuqar\u0131 \u015euras\u0131n\u0131\u00f1 deputat\u0131 Enver Abduraimovn\u0131\u00f1 s\u00f6zleri munasebetinen \u00abADALET\u00bb q\u0131r\u0131mtatar milliy partiyas\u0131 VI qurultay\u0131n\u0131\u00f1 beyanat\u0131 2013 senesi yanvar 26-da qabul etildi - \u041c\u0435\u0434\u0436\u043b\u0456\u0441","og_description":"Q\u0131r\u0131mtatar halq\u0131 qurultay\u0131n\u0131\u00f1 delegat\u0131, Q\u0131r\u0131m Yuqar\u0131 \u015euras\u0131n\u0131\u00f1 deputat\u0131 Enver Abduraimovn\u0131\u00f1 s\u00f6zleri munasebetinen &#8220;ADALET&#8221; q\u0131r\u0131mtatar milliy partiyas\u0131 VI qurultay\u0131n\u0131\u00f1 BEYANATI 2013 senesi yanvar 2 k\u00fcn\u00fc Q\u0131r\u0131mtatar halq\u0131 qurultay\u0131n\u0131\u00f1 delegat\u0131, Q\u0131r\u0131m Yuqar\u0131 \u015euras\u0131n\u0131\u00f1 deputat\u0131 Enver Abduraimov ATR telekanal\u0131n\u0131\u00f1 &#8220;M\u0131z-M\u0131zlar&#8221; yay\u0131n\u0131nda 1944 senesini\u00f1 s\u00fcrg\u00fcnliginde yar\u0131-yar\u0131\u011fa q\u0131r\u0131mtatar qabaatl\u0131d\u0131r, dedi ve bun\u0131\u00f1nen totalitar rejim taraf\u0131ndan \u00f6z halq\u0131na nisbeten yap\u0131l\u011fan cinayetni [&hellip;]","og_url":"https:\/\/qtmm.org\/qt\/qirimtatar-halqi-qurultayinin-delegati-qirim-yuqari-surasinin-deputati-enver-abduraimovnin-sozleri-munasebetinen-adalet-qirimtatar-milliy-partiyasi-vi-qurultayinin-beyanati-2013-senesi-ya\/","og_site_name":"\u041c\u0435\u0434\u0436\u043b\u0456\u0441","article_publisher":"https:\/\/www.facebook.com\/qtmm.info\/","article_published_time":"2013-01-28T13:46:00+00:00","article_modified_time":"2022-01-23T13:47:16+00:00","author":"Developer","twitter_card":"summary_large_image","twitter_misc":{"Written by":"Developer","Est. reading time":"2 minutes"},"schema":{"@context":"https:\/\/schema.org","@graph":[{"@type":"Article","@id":"https:\/\/qtmm.org\/qt\/qirimtatar-halqi-qurultayinin-delegati-qirim-yuqari-surasinin-deputati-enver-abduraimovnin-sozleri-munasebetinen-adalet-qirimtatar-milliy-partiyasi-vi-qurultayinin-beyanati-2013-senesi-ya\/#article","isPartOf":{"@id":"https:\/\/qtmm.org\/qt\/qirimtatar-halqi-qurultayinin-delegati-qirim-yuqari-surasinin-deputati-enver-abduraimovnin-sozleri-munasebetinen-adalet-qirimtatar-milliy-partiyasi-vi-qurultayinin-beyanati-2013-senesi-ya\/"},"author":{"name":"Developer","@id":"https:\/\/qtmm.org\/qt\/#\/schema\/person\/de562469f971dec226ac06e60bbf74a7"},"headline":"Q\u0131r\u0131mtatar halq\u0131 qurultay\u0131n\u0131\u00f1 delegat\u0131, Q\u0131r\u0131m Yuqar\u0131 \u015euras\u0131n\u0131\u00f1 deputat\u0131 Enver Abduraimovn\u0131\u00f1 s\u00f6zleri munasebetinen \u00abADALET\u00bb q\u0131r\u0131mtatar milliy partiyas\u0131 VI qurultay\u0131n\u0131\u00f1 beyanat\u0131 2013 senesi yanvar 26-da qabul etildi","datePublished":"2013-01-28T13:46:00+00:00","dateModified":"2022-01-23T13:47:16+00:00","mainEntityOfPage":{"@id":"https:\/\/qtmm.org\/qt\/qirimtatar-halqi-qurultayinin-delegati-qirim-yuqari-surasinin-deputati-enver-abduraimovnin-sozleri-munasebetinen-adalet-qirimtatar-milliy-partiyasi-vi-qurultayinin-beyanati-2013-senesi-ya\/"},"wordCount":419,"commentCount":0,"publisher":{"@id":"https:\/\/qtmm.org\/qt\/#organization"},"articleSection":["Haberler"],"inLanguage":"qt","potentialAction":[{"@type":"CommentAction","name":"Comment","target":["https:\/\/qtmm.org\/qt\/qirimtatar-halqi-qurultayinin-delegati-qirim-yuqari-surasinin-deputati-enver-abduraimovnin-sozleri-munasebetinen-adalet-qirimtatar-milliy-partiyasi-vi-qurultayinin-beyanati-2013-senesi-ya\/#respond"]}]},{"@type":"WebPage","@id":"https:\/\/qtmm.org\/qt\/qirimtatar-halqi-qurultayinin-delegati-qirim-yuqari-surasinin-deputati-enver-abduraimovnin-sozleri-munasebetinen-adalet-qirimtatar-milliy-partiyasi-vi-qurultayinin-beyanati-2013-senesi-ya\/","url":"https:\/\/qtmm.org\/qt\/qirimtatar-halqi-qurultayinin-delegati-qirim-yuqari-surasinin-deputati-enver-abduraimovnin-sozleri-munasebetinen-adalet-qirimtatar-milliy-partiyasi-vi-qurultayinin-beyanati-2013-senesi-ya\/","name":"Q\u0131r\u0131mtatar halq\u0131 qurultay\u0131n\u0131\u00f1 delegat\u0131, Q\u0131r\u0131m Yuqar\u0131 \u015euras\u0131n\u0131\u00f1 deputat\u0131 Enver Abduraimovn\u0131\u00f1 s\u00f6zleri munasebetinen \u00abADALET\u00bb q\u0131r\u0131mtatar milliy partiyas\u0131 VI qurultay\u0131n\u0131\u00f1 beyanat\u0131 2013 senesi yanvar 26-da qabul etildi - \u041c\u0435\u0434\u0436\u043b\u0456\u0441","isPartOf":{"@id":"https:\/\/qtmm.org\/qt\/#website"},"datePublished":"2013-01-28T13:46:00+00:00","dateModified":"2022-01-23T13:47:16+00:00","breadcrumb":{"@id":"https:\/\/qtmm.org\/qt\/qirimtatar-halqi-qurultayinin-delegati-qirim-yuqari-surasinin-deputati-enver-abduraimovnin-sozleri-munasebetinen-adalet-qirimtatar-milliy-partiyasi-vi-qurultayinin-beyanati-2013-senesi-ya\/#breadcrumb"},"inLanguage":"qt","potentialAction":[{"@type":"ReadAction","target":["https:\/\/qtmm.org\/qt\/qirimtatar-halqi-qurultayinin-delegati-qirim-yuqari-surasinin-deputati-enver-abduraimovnin-sozleri-munasebetinen-adalet-qirimtatar-milliy-partiyasi-vi-qurultayinin-beyanati-2013-senesi-ya\/"]}]},{"@type":"BreadcrumbList","@id":"https:\/\/qtmm.org\/qt\/qirimtatar-halqi-qurultayinin-delegati-qirim-yuqari-surasinin-deputati-enver-abduraimovnin-sozleri-munasebetinen-adalet-qirimtatar-milliy-partiyasi-vi-qurultayinin-beyanati-2013-senesi-ya\/#breadcrumb","itemListElement":[{"@type":"ListItem","position":1,"name":"\u0413\u043e\u043b\u043e\u0432\u043d\u0430","item":"https:\/\/qtmm.org\/qt\/"},{"@type":"ListItem","position":2,"name":"Q\u0131r\u0131mtatar halq\u0131 qurultay\u0131n\u0131\u00f1 delegat\u0131, Q\u0131r\u0131m Yuqar\u0131 \u015euras\u0131n\u0131\u00f1 deputat\u0131 Enver Abduraimovn\u0131\u00f1 s\u00f6zleri munasebetinen \u00abADALET\u00bb q\u0131r\u0131mtatar milliy partiyas\u0131 VI qurultay\u0131n\u0131\u00f1 beyanat\u0131 2013 senesi yanvar 26-da qabul etildi"}]},{"@type":"WebSite","@id":"https:\/\/qtmm.org\/qt\/#website","url":"https:\/\/qtmm.org\/qt\/","name":"\u041c\u0435\u0434\u0436\u043b\u0456\u0441","description":"","publisher":{"@id":"https:\/\/qtmm.org\/qt\/#organization"},"potentialAction":[{"@type":"SearchAction","target":{"@type":"EntryPoint","urlTemplate":"https:\/\/qtmm.org\/qt\/?s={search_term_string}"},"query-input":{"@type":"PropertyValueSpecification","valueRequired":true,"valueName":"search_term_string"}}],"inLanguage":"qt"},{"@type":"Organization","@id":"https:\/\/qtmm.org\/qt\/#organization","name":"\u041c\u0435\u0434\u0436\u043b\u0456\u0441","url":"https:\/\/qtmm.org\/qt\/","logo":{"@type":"ImageObject","inLanguage":"qt","@id":"https:\/\/qtmm.org\/qt\/#\/schema\/logo\/image\/","url":"https:\/\/qtmm.org\/wp-content\/uploads\/2024\/12\/ua-mejlis-logo-rgb.svg","contentUrl":"https:\/\/qtmm.org\/wp-content\/uploads\/2024\/12\/ua-mejlis-logo-rgb.svg","caption":"\u041c\u0435\u0434\u0436\u043b\u0456\u0441"},"image":{"@id":"https:\/\/qtmm.org\/qt\/#\/schema\/logo\/image\/"},"sameAs":["https:\/\/www.facebook.com\/qtmm.info\/"]},{"@type":"Person","@id":"https:\/\/qtmm.org\/qt\/#\/schema\/person\/de562469f971dec226ac06e60bbf74a7","name":"Developer","image":{"@type":"ImageObject","inLanguage":"qt","@id":"https:\/\/secure.gravatar.com\/avatar\/392b4cc8fbfeb00b39dfeeab4ee6edded39ffd48e25858637e4765810300227e?s=96&d=mm&r=g","url":"https:\/\/secure.gravatar.com\/avatar\/392b4cc8fbfeb00b39dfeeab4ee6edded39ffd48e25858637e4765810300227e?s=96&d=mm&r=g","contentUrl":"https:\/\/secure.gravatar.com\/avatar\/392b4cc8fbfeb00b39dfeeab4ee6edded39ffd48e25858637e4765810300227e?s=96&d=mm&r=g","caption":"Developer"},"url":"https:\/\/qtmm.org\/qt\/author\/Developer\/"}]}},"_links":{"self":[{"href":"https:\/\/qtmm.org\/qt\/wp-json\/wp\/v2\/posts\/35755","targetHints":{"allow":["GET"]}}],"collection":[{"href":"https:\/\/qtmm.org\/qt\/wp-json\/wp\/v2\/posts"}],"about":[{"href":"https:\/\/qtmm.org\/qt\/wp-json\/wp\/v2\/types\/post"}],"author":[{"embeddable":true,"href":"https:\/\/qtmm.org\/qt\/wp-json\/wp\/v2\/users\/1"}],"replies":[{"embeddable":true,"href":"https:\/\/qtmm.org\/qt\/wp-json\/wp\/v2\/comments?post=35755"}],"version-history":[{"count":1,"href":"https:\/\/qtmm.org\/qt\/wp-json\/wp\/v2\/posts\/35755\/revisions"}],"predecessor-version":[{"id":35756,"href":"https:\/\/qtmm.org\/qt\/wp-json\/wp\/v2\/posts\/35755\/revisions\/35756"}],"wp:attachment":[{"href":"https:\/\/qtmm.org\/qt\/wp-json\/wp\/v2\/media?parent=35755"}],"wp:term":[{"taxonomy":"category","embeddable":true,"href":"https:\/\/qtmm.org\/qt\/wp-json\/wp\/v2\/categories?post=35755"},{"taxonomy":"post_tag","embeddable":true,"href":"https:\/\/qtmm.org\/qt\/wp-json\/wp\/v2\/tags?post=35755"}],"curies":[{"name":"wp","href":"https:\/\/api.w.org\/{rel}","templated":true}]}}