




{"id":35753,"date":"2013-01-26T16:44:00","date_gmt":"2013-01-26T13:44:00","guid":{"rendered":"http:\/\/qtmm.org\/?p=35753"},"modified":"2022-01-23T16:45:25","modified_gmt":"2022-01-23T13:45:25","slug":"sumedla-memedlayev-100-yasini-toldurdi","status":"publish","type":"post","link":"https:\/\/qtmm.org\/qt\/sumedla-memedlayev-100-yasini-toldurdi\/","title":{"rendered":"Sumedl\u00e2 Memedl\u00e2yev 100 ya\u015f\u0131n\u0131 toldurd\u0131"},"content":{"rendered":"\n<p>100 ya\u015f\u0131n\u0131 toldur\u011fan Sumedl\u00e2 qartbaban\u0131 hay\u0131rlamaq i\u00e7\u00fcn Aqmescit \u015feer \u015furas\u0131nda &#8220;Qurultay-Ruh&#8221; fraktsiyas\u0131n\u0131\u00f1 deputatlar\u0131 Sad\u0131h Tabah ve Seytumer Berberov, Aqmescit regional meclis reisi Lemmar Yunusov, Aqmescit \u015feer sa\u011fl\u0131ql\u0131 saqlav merkezini\u00f1 ba\u015f\u0131 Vladislav Beli\u00e7enko, Aqmescit \u015feeri Kiyev rayon \u015furas\u0131n\u0131\u00f1 vekilleri keldiler.<br><br>Aqmescit \u015feer \u015furas\u0131nda &#8220;Qurultay-Ruh&#8221; fraktsiyas\u0131n\u0131\u00f1 deputatlar\u0131 qartbaba\u011fa Meclis ad\u0131ndan toz\u00fctar ve Ukraina Prezidenti Viktor Yanukovi\u00e7ni\u00f1 ad\u0131ndan hay\u0131rlav telegrammas\u0131n\u0131 berdiler. Q\u0131r\u0131mtatar halq\u0131 Meclisini\u00f1 reisi Mustafa Cemilev, \u015feer regional meclisi ve Aqmescit \u015feer \u015furas\u0131nda &#8220;Qurultay-Ruh&#8221; fraktsiyas\u0131n\u0131\u00f1 deputatlar\u0131 ad\u0131ndan Sad\u0131h Tabah Sumedl\u00e2 qartbaban\u0131 hay\u0131rlap, e\u00f1 eyi tileklerini bildirdi.<\/p>\n\n\n\n<p>&#8220;100 y\u0131l munasip \u00f6m\u00fcr ke\u00e7irmek \u2013 bu b\u00fcy\u00fck bahtt\u0131r. B\u00f6yle uzun hayat devam\u0131nda qartababa pek \u00e7oq q\u0131y\u0131nl\u0131qlar, zorluqlar \u00e7ekti. B\u00f6yle m\u00fcteber ya\u015fqa kirgen insanlar halq\u0131m\u0131z i\u00e7\u00fcn canl\u0131 tariht\u0131r, olarn\u0131\u00f1 qadirine yetmek, saymaq borclum\u0131z. Cenk, s\u00fcrg\u00fcnlikni k\u00f6rgen qartbaba kene Vatan\u0131na qayt\u0131p, ya\u015f nesilge ibret old\u0131. Hay\u0131rl\u0131 ya\u015flar olsun&#8221;, &#8211; dedi Sad\u0131h Tabah.<\/p>\n\n\n\n<p>Sad\u0131h Tabah ve Seytumer Berberov Sumedl\u00e2 Memedl\u00e2yev kibi uzun \u00f6m\u00fcr k\u00f6rgen qartlarnen qonu\u015fmaqn\u0131 kendileri i\u00e7\u00fcn \u015feref, dep bilgenlerini qayd ettiler.<\/p>\n\n\n\n<p>&#8220;Aqmescit \u015feer sa\u011fl\u0131qn\u0131 saqlav idaresi ad\u0131ndan sizni do\u011f\u011fan k\u00fcn\u00fc\u00f1iznen hay\u0131rlap, qaviy sa\u011fl\u0131q tileyim&#8221;, &#8211; dedi Vladislav Beli\u00e7enko \u00f6z hay\u0131rlav\u0131nda.<br>Sumedl\u00e2 qartbaban\u0131\u00f1 aqrabalar\u0131 ise musafirlerge te\u015fekk\u00fcr bildirip, as\u0131l\u0131nda qartbaba 1912 senesi do\u011f\u011fan\u0131 ve 100 ya\u015f\u0131n\u0131 b\u0131lt\u0131r toldur\u0131p, bu y\u0131l ise 101 ya\u015f\u0131na kirgenini aytt\u0131lar. On\u0131\u00f1 vesiqalar\u0131nda 1913 senesi dep ya\u00f1l\u0131\u015f yaz\u0131l\u011fan.<\/p>\n\n\n\n<p>Sumedl\u00e2 qartbaba da musafirlerge minnetdarl\u0131q bildirip, er keske uzun ve bahtl\u0131 \u00f6m\u00fcr tiledi.<br><br><strong><u><em>Mal\u00fcmat:<\/em><\/u><\/strong><br><br>Sumedl\u00e2 Memedl\u00e2yev 1913 senesi yanvar 26 k\u00fcn\u00fc Eski Q\u0131r\u0131mn\u0131\u00f1 \u00c7elebi-Eli k\u00f6y\u00fcnde d\u00fcnya\u011fa keldi. Ana-babas\u0131na yard\u0131m etmek i\u00e7\u00fcn 10 ya\u015f\u0131ndan ba\u015fta t\u00fct\u00fcn tarlalar\u0131nda, so\u00f1ra da\u011f-himiya kombinat\u0131nda \u00e7al\u0131\u015f\u0131p ba\u015flay. Cenk ba\u015flan\u011fanda birinci k\u00fcnlerinden cebege kete ve yaralana.<\/p>\n\n\n\n<p>Gospitalden \u00e7\u0131qqan so\u00f1 komissiya on\u0131 arbiy h\u0131zmetke yaravs\u0131z, dep tan\u0131y. 1944 senesi Sumedl\u00e2 Memedl\u00e2yev Kostroma vil\u00e2yetine yani Ural da\u011flar\u0131na s\u00fcrg\u00fcn etile.<\/p>\n\n\n\n<p>1947 senesinden 1953 senesine qadar maden ocaqlar\u0131nda \u00e7al\u0131\u015fa. Bir qa\u00e7 y\u0131ldan so\u00f1 kene s\u00fcrg\u00fcnlikke o\u011frat\u0131l\u0131p, Tacikistann\u0131\u00f1 Du\u015fanbe \u015feerine t\u00fc\u015fe.<\/p>\n\n\n\n<p>1997 senesi 84 ya\u015fl\u0131 Sumedl\u00e2 qartbaba bala ve torunlar\u0131nen birlikte Q\u0131r\u0131m\u011fa qaytt\u0131.<\/p>\n","protected":false},"excerpt":{"rendered":"<p>100 ya\u015f\u0131n\u0131 toldur\u011fan Sumedl\u00e2 qartbaban\u0131 hay\u0131rlamaq i\u00e7\u00fcn Aqmescit \u015feer \u015furas\u0131nda &#8220;Qurultay-Ruh&#8221; fraktsiyas\u0131n\u0131\u00f1 deputatlar\u0131 Sad\u0131h Tabah ve Seytumer Berberov, Aqmescit regional meclis reisi Lemmar Yunusov, Aqmescit \u015feer sa\u011fl\u0131ql\u0131 saqlav merkezini\u00f1 ba\u015f\u0131 Vladislav Beli\u00e7enko, Aqmescit \u015feeri Kiyev rayon \u015furas\u0131n\u0131\u00f1 vekilleri keldiler. Aqmescit \u015feer \u015furas\u0131nda &#8220;Qurultay-Ruh&#8221; fraktsiyas\u0131n\u0131\u00f1 deputatlar\u0131 qartbaba\u011fa Meclis ad\u0131ndan toz\u00fctar ve Ukraina Prezidenti Viktor Yanukovi\u00e7ni\u00f1 ad\u0131ndan [&hellip;]<\/p>\n","protected":false},"author":1,"featured_media":0,"comment_status":"open","ping_status":"open","sticky":false,"template":"","format":"standard","meta":{"inline_featured_image":false,"footnotes":""},"categories":[265],"tags":[],"class_list":["post-35753","post","type-post","status-publish","format-standard","hentry","category-haberler"],"acf":[],"yoast_head":"<!-- This site is optimized with the Yoast SEO plugin v27.4 - https:\/\/yoast.com\/product\/yoast-seo-wordpress\/ -->\n<title>Sumedl\u00e2 Memedl\u00e2yev 100 ya\u015f\u0131n\u0131 toldurd\u0131 - \u041c\u0435\u0434\u0436\u043b\u0456\u0441<\/title>\n<meta name=\"robots\" content=\"index, follow, max-snippet:-1, max-image-preview:large, max-video-preview:-1\" \/>\n<link rel=\"canonical\" href=\"https:\/\/qtmm.org\/qt\/sumedla-memedlayev-100-yasini-toldurdi\/\" \/>\n<meta property=\"og:locale\" content=\"en_US\" \/>\n<meta property=\"og:type\" content=\"article\" \/>\n<meta property=\"og:title\" content=\"Sumedl\u00e2 Memedl\u00e2yev 100 ya\u015f\u0131n\u0131 toldurd\u0131 - \u041c\u0435\u0434\u0436\u043b\u0456\u0441\" \/>\n<meta property=\"og:description\" content=\"100 ya\u015f\u0131n\u0131 toldur\u011fan Sumedl\u00e2 qartbaban\u0131 hay\u0131rlamaq i\u00e7\u00fcn Aqmescit \u015feer \u015furas\u0131nda &#8220;Qurultay-Ruh&#8221; fraktsiyas\u0131n\u0131\u00f1 deputatlar\u0131 Sad\u0131h Tabah ve Seytumer Berberov, Aqmescit regional meclis reisi Lemmar Yunusov, Aqmescit \u015feer sa\u011fl\u0131ql\u0131 saqlav merkezini\u00f1 ba\u015f\u0131 Vladislav Beli\u00e7enko, Aqmescit \u015feeri Kiyev rayon \u015furas\u0131n\u0131\u00f1 vekilleri keldiler. Aqmescit \u015feer \u015furas\u0131nda &#8220;Qurultay-Ruh&#8221; fraktsiyas\u0131n\u0131\u00f1 deputatlar\u0131 qartbaba\u011fa Meclis ad\u0131ndan toz\u00fctar ve Ukraina Prezidenti Viktor Yanukovi\u00e7ni\u00f1 ad\u0131ndan [&hellip;]\" \/>\n<meta property=\"og:url\" content=\"https:\/\/qtmm.org\/qt\/sumedla-memedlayev-100-yasini-toldurdi\/\" \/>\n<meta property=\"og:site_name\" content=\"\u041c\u0435\u0434\u0436\u043b\u0456\u0441\" \/>\n<meta property=\"article:publisher\" content=\"https:\/\/www.facebook.com\/qtmm.info\/\" \/>\n<meta property=\"article:published_time\" content=\"2013-01-26T13:44:00+00:00\" \/>\n<meta property=\"article:modified_time\" content=\"2022-01-23T13:45:25+00:00\" \/>\n<meta name=\"author\" content=\"Developer\" \/>\n<meta name=\"twitter:card\" content=\"summary_large_image\" \/>\n<meta name=\"twitter:label1\" content=\"Written by\" \/>\n\t<meta name=\"twitter:data1\" content=\"Developer\" \/>\n\t<meta name=\"twitter:label2\" content=\"Est. reading time\" \/>\n\t<meta name=\"twitter:data2\" content=\"2 minutes\" \/>\n<script type=\"application\/ld+json\" class=\"yoast-schema-graph\">{\"@context\":\"https:\\\/\\\/schema.org\",\"@graph\":[{\"@type\":\"Article\",\"@id\":\"https:\\\/\\\/qtmm.org\\\/qt\\\/sumedla-memedlayev-100-yasini-toldurdi\\\/#article\",\"isPartOf\":{\"@id\":\"https:\\\/\\\/qtmm.org\\\/qt\\\/sumedla-memedlayev-100-yasini-toldurdi\\\/\"},\"author\":{\"name\":\"Developer\",\"@id\":\"https:\\\/\\\/qtmm.org\\\/qt\\\/#\\\/schema\\\/person\\\/de562469f971dec226ac06e60bbf74a7\"},\"headline\":\"Sumedl\u00e2 Memedl\u00e2yev 100 ya\u015f\u0131n\u0131 toldurd\u0131\",\"datePublished\":\"2013-01-26T13:44:00+00:00\",\"dateModified\":\"2022-01-23T13:45:25+00:00\",\"mainEntityOfPage\":{\"@id\":\"https:\\\/\\\/qtmm.org\\\/qt\\\/sumedla-memedlayev-100-yasini-toldurdi\\\/\"},\"wordCount\":436,\"commentCount\":0,\"publisher\":{\"@id\":\"https:\\\/\\\/qtmm.org\\\/qt\\\/#organization\"},\"articleSection\":[\"Haberler\"],\"inLanguage\":\"qt\",\"potentialAction\":[{\"@type\":\"CommentAction\",\"name\":\"Comment\",\"target\":[\"https:\\\/\\\/qtmm.org\\\/qt\\\/sumedla-memedlayev-100-yasini-toldurdi\\\/#respond\"]}]},{\"@type\":\"WebPage\",\"@id\":\"https:\\\/\\\/qtmm.org\\\/qt\\\/sumedla-memedlayev-100-yasini-toldurdi\\\/\",\"url\":\"https:\\\/\\\/qtmm.org\\\/qt\\\/sumedla-memedlayev-100-yasini-toldurdi\\\/\",\"name\":\"Sumedl\u00e2 Memedl\u00e2yev 100 ya\u015f\u0131n\u0131 toldurd\u0131 - \u041c\u0435\u0434\u0436\u043b\u0456\u0441\",\"isPartOf\":{\"@id\":\"https:\\\/\\\/qtmm.org\\\/qt\\\/#website\"},\"datePublished\":\"2013-01-26T13:44:00+00:00\",\"dateModified\":\"2022-01-23T13:45:25+00:00\",\"breadcrumb\":{\"@id\":\"https:\\\/\\\/qtmm.org\\\/qt\\\/sumedla-memedlayev-100-yasini-toldurdi\\\/#breadcrumb\"},\"inLanguage\":\"qt\",\"potentialAction\":[{\"@type\":\"ReadAction\",\"target\":[\"https:\\\/\\\/qtmm.org\\\/qt\\\/sumedla-memedlayev-100-yasini-toldurdi\\\/\"]}]},{\"@type\":\"BreadcrumbList\",\"@id\":\"https:\\\/\\\/qtmm.org\\\/qt\\\/sumedla-memedlayev-100-yasini-toldurdi\\\/#breadcrumb\",\"itemListElement\":[{\"@type\":\"ListItem\",\"position\":1,\"name\":\"\u0413\u043e\u043b\u043e\u0432\u043d\u0430\",\"item\":\"https:\\\/\\\/qtmm.org\\\/qt\\\/\"},{\"@type\":\"ListItem\",\"position\":2,\"name\":\"Sumedl\u00e2 Memedl\u00e2yev 100 ya\u015f\u0131n\u0131 toldurd\u0131\"}]},{\"@type\":\"WebSite\",\"@id\":\"https:\\\/\\\/qtmm.org\\\/qt\\\/#website\",\"url\":\"https:\\\/\\\/qtmm.org\\\/qt\\\/\",\"name\":\"\u041c\u0435\u0434\u0436\u043b\u0456\u0441\",\"description\":\"\",\"publisher\":{\"@id\":\"https:\\\/\\\/qtmm.org\\\/qt\\\/#organization\"},\"potentialAction\":[{\"@type\":\"SearchAction\",\"target\":{\"@type\":\"EntryPoint\",\"urlTemplate\":\"https:\\\/\\\/qtmm.org\\\/qt\\\/?s={search_term_string}\"},\"query-input\":{\"@type\":\"PropertyValueSpecification\",\"valueRequired\":true,\"valueName\":\"search_term_string\"}}],\"inLanguage\":\"qt\"},{\"@type\":\"Organization\",\"@id\":\"https:\\\/\\\/qtmm.org\\\/qt\\\/#organization\",\"name\":\"\u041c\u0435\u0434\u0436\u043b\u0456\u0441\",\"url\":\"https:\\\/\\\/qtmm.org\\\/qt\\\/\",\"logo\":{\"@type\":\"ImageObject\",\"inLanguage\":\"qt\",\"@id\":\"https:\\\/\\\/qtmm.org\\\/qt\\\/#\\\/schema\\\/logo\\\/image\\\/\",\"url\":\"https:\\\/\\\/qtmm.org\\\/wp-content\\\/uploads\\\/2024\\\/12\\\/ua-mejlis-logo-rgb.svg\",\"contentUrl\":\"https:\\\/\\\/qtmm.org\\\/wp-content\\\/uploads\\\/2024\\\/12\\\/ua-mejlis-logo-rgb.svg\",\"caption\":\"\u041c\u0435\u0434\u0436\u043b\u0456\u0441\"},\"image\":{\"@id\":\"https:\\\/\\\/qtmm.org\\\/qt\\\/#\\\/schema\\\/logo\\\/image\\\/\"},\"sameAs\":[\"https:\\\/\\\/www.facebook.com\\\/qtmm.info\\\/\"]},{\"@type\":\"Person\",\"@id\":\"https:\\\/\\\/qtmm.org\\\/qt\\\/#\\\/schema\\\/person\\\/de562469f971dec226ac06e60bbf74a7\",\"name\":\"Developer\",\"image\":{\"@type\":\"ImageObject\",\"inLanguage\":\"qt\",\"@id\":\"https:\\\/\\\/secure.gravatar.com\\\/avatar\\\/392b4cc8fbfeb00b39dfeeab4ee6edded39ffd48e25858637e4765810300227e?s=96&d=mm&r=g\",\"url\":\"https:\\\/\\\/secure.gravatar.com\\\/avatar\\\/392b4cc8fbfeb00b39dfeeab4ee6edded39ffd48e25858637e4765810300227e?s=96&d=mm&r=g\",\"contentUrl\":\"https:\\\/\\\/secure.gravatar.com\\\/avatar\\\/392b4cc8fbfeb00b39dfeeab4ee6edded39ffd48e25858637e4765810300227e?s=96&d=mm&r=g\",\"caption\":\"Developer\"},\"url\":\"https:\\\/\\\/qtmm.org\\\/qt\\\/author\\\/Developer\\\/\"}]}<\/script>\n<!-- \/ Yoast SEO plugin. -->","yoast_head_json":{"title":"Sumedl\u00e2 Memedl\u00e2yev 100 ya\u015f\u0131n\u0131 toldurd\u0131 - \u041c\u0435\u0434\u0436\u043b\u0456\u0441","robots":{"index":"index","follow":"follow","max-snippet":"max-snippet:-1","max-image-preview":"max-image-preview:large","max-video-preview":"max-video-preview:-1"},"canonical":"https:\/\/qtmm.org\/qt\/sumedla-memedlayev-100-yasini-toldurdi\/","og_locale":"en_US","og_type":"article","og_title":"Sumedl\u00e2 Memedl\u00e2yev 100 ya\u015f\u0131n\u0131 toldurd\u0131 - \u041c\u0435\u0434\u0436\u043b\u0456\u0441","og_description":"100 ya\u015f\u0131n\u0131 toldur\u011fan Sumedl\u00e2 qartbaban\u0131 hay\u0131rlamaq i\u00e7\u00fcn Aqmescit \u015feer \u015furas\u0131nda &#8220;Qurultay-Ruh&#8221; fraktsiyas\u0131n\u0131\u00f1 deputatlar\u0131 Sad\u0131h Tabah ve Seytumer Berberov, Aqmescit regional meclis reisi Lemmar Yunusov, Aqmescit \u015feer sa\u011fl\u0131ql\u0131 saqlav merkezini\u00f1 ba\u015f\u0131 Vladislav Beli\u00e7enko, Aqmescit \u015feeri Kiyev rayon \u015furas\u0131n\u0131\u00f1 vekilleri keldiler. Aqmescit \u015feer \u015furas\u0131nda &#8220;Qurultay-Ruh&#8221; fraktsiyas\u0131n\u0131\u00f1 deputatlar\u0131 qartbaba\u011fa Meclis ad\u0131ndan toz\u00fctar ve Ukraina Prezidenti Viktor Yanukovi\u00e7ni\u00f1 ad\u0131ndan [&hellip;]","og_url":"https:\/\/qtmm.org\/qt\/sumedla-memedlayev-100-yasini-toldurdi\/","og_site_name":"\u041c\u0435\u0434\u0436\u043b\u0456\u0441","article_publisher":"https:\/\/www.facebook.com\/qtmm.info\/","article_published_time":"2013-01-26T13:44:00+00:00","article_modified_time":"2022-01-23T13:45:25+00:00","author":"Developer","twitter_card":"summary_large_image","twitter_misc":{"Written by":"Developer","Est. reading time":"2 minutes"},"schema":{"@context":"https:\/\/schema.org","@graph":[{"@type":"Article","@id":"https:\/\/qtmm.org\/qt\/sumedla-memedlayev-100-yasini-toldurdi\/#article","isPartOf":{"@id":"https:\/\/qtmm.org\/qt\/sumedla-memedlayev-100-yasini-toldurdi\/"},"author":{"name":"Developer","@id":"https:\/\/qtmm.org\/qt\/#\/schema\/person\/de562469f971dec226ac06e60bbf74a7"},"headline":"Sumedl\u00e2 Memedl\u00e2yev 100 ya\u015f\u0131n\u0131 toldurd\u0131","datePublished":"2013-01-26T13:44:00+00:00","dateModified":"2022-01-23T13:45:25+00:00","mainEntityOfPage":{"@id":"https:\/\/qtmm.org\/qt\/sumedla-memedlayev-100-yasini-toldurdi\/"},"wordCount":436,"commentCount":0,"publisher":{"@id":"https:\/\/qtmm.org\/qt\/#organization"},"articleSection":["Haberler"],"inLanguage":"qt","potentialAction":[{"@type":"CommentAction","name":"Comment","target":["https:\/\/qtmm.org\/qt\/sumedla-memedlayev-100-yasini-toldurdi\/#respond"]}]},{"@type":"WebPage","@id":"https:\/\/qtmm.org\/qt\/sumedla-memedlayev-100-yasini-toldurdi\/","url":"https:\/\/qtmm.org\/qt\/sumedla-memedlayev-100-yasini-toldurdi\/","name":"Sumedl\u00e2 Memedl\u00e2yev 100 ya\u015f\u0131n\u0131 toldurd\u0131 - \u041c\u0435\u0434\u0436\u043b\u0456\u0441","isPartOf":{"@id":"https:\/\/qtmm.org\/qt\/#website"},"datePublished":"2013-01-26T13:44:00+00:00","dateModified":"2022-01-23T13:45:25+00:00","breadcrumb":{"@id":"https:\/\/qtmm.org\/qt\/sumedla-memedlayev-100-yasini-toldurdi\/#breadcrumb"},"inLanguage":"qt","potentialAction":[{"@type":"ReadAction","target":["https:\/\/qtmm.org\/qt\/sumedla-memedlayev-100-yasini-toldurdi\/"]}]},{"@type":"BreadcrumbList","@id":"https:\/\/qtmm.org\/qt\/sumedla-memedlayev-100-yasini-toldurdi\/#breadcrumb","itemListElement":[{"@type":"ListItem","position":1,"name":"\u0413\u043e\u043b\u043e\u0432\u043d\u0430","item":"https:\/\/qtmm.org\/qt\/"},{"@type":"ListItem","position":2,"name":"Sumedl\u00e2 Memedl\u00e2yev 100 ya\u015f\u0131n\u0131 toldurd\u0131"}]},{"@type":"WebSite","@id":"https:\/\/qtmm.org\/qt\/#website","url":"https:\/\/qtmm.org\/qt\/","name":"\u041c\u0435\u0434\u0436\u043b\u0456\u0441","description":"","publisher":{"@id":"https:\/\/qtmm.org\/qt\/#organization"},"potentialAction":[{"@type":"SearchAction","target":{"@type":"EntryPoint","urlTemplate":"https:\/\/qtmm.org\/qt\/?s={search_term_string}"},"query-input":{"@type":"PropertyValueSpecification","valueRequired":true,"valueName":"search_term_string"}}],"inLanguage":"qt"},{"@type":"Organization","@id":"https:\/\/qtmm.org\/qt\/#organization","name":"\u041c\u0435\u0434\u0436\u043b\u0456\u0441","url":"https:\/\/qtmm.org\/qt\/","logo":{"@type":"ImageObject","inLanguage":"qt","@id":"https:\/\/qtmm.org\/qt\/#\/schema\/logo\/image\/","url":"https:\/\/qtmm.org\/wp-content\/uploads\/2024\/12\/ua-mejlis-logo-rgb.svg","contentUrl":"https:\/\/qtmm.org\/wp-content\/uploads\/2024\/12\/ua-mejlis-logo-rgb.svg","caption":"\u041c\u0435\u0434\u0436\u043b\u0456\u0441"},"image":{"@id":"https:\/\/qtmm.org\/qt\/#\/schema\/logo\/image\/"},"sameAs":["https:\/\/www.facebook.com\/qtmm.info\/"]},{"@type":"Person","@id":"https:\/\/qtmm.org\/qt\/#\/schema\/person\/de562469f971dec226ac06e60bbf74a7","name":"Developer","image":{"@type":"ImageObject","inLanguage":"qt","@id":"https:\/\/secure.gravatar.com\/avatar\/392b4cc8fbfeb00b39dfeeab4ee6edded39ffd48e25858637e4765810300227e?s=96&d=mm&r=g","url":"https:\/\/secure.gravatar.com\/avatar\/392b4cc8fbfeb00b39dfeeab4ee6edded39ffd48e25858637e4765810300227e?s=96&d=mm&r=g","contentUrl":"https:\/\/secure.gravatar.com\/avatar\/392b4cc8fbfeb00b39dfeeab4ee6edded39ffd48e25858637e4765810300227e?s=96&d=mm&r=g","caption":"Developer"},"url":"https:\/\/qtmm.org\/qt\/author\/Developer\/"}]}},"_links":{"self":[{"href":"https:\/\/qtmm.org\/qt\/wp-json\/wp\/v2\/posts\/35753","targetHints":{"allow":["GET"]}}],"collection":[{"href":"https:\/\/qtmm.org\/qt\/wp-json\/wp\/v2\/posts"}],"about":[{"href":"https:\/\/qtmm.org\/qt\/wp-json\/wp\/v2\/types\/post"}],"author":[{"embeddable":true,"href":"https:\/\/qtmm.org\/qt\/wp-json\/wp\/v2\/users\/1"}],"replies":[{"embeddable":true,"href":"https:\/\/qtmm.org\/qt\/wp-json\/wp\/v2\/comments?post=35753"}],"version-history":[{"count":1,"href":"https:\/\/qtmm.org\/qt\/wp-json\/wp\/v2\/posts\/35753\/revisions"}],"predecessor-version":[{"id":35754,"href":"https:\/\/qtmm.org\/qt\/wp-json\/wp\/v2\/posts\/35753\/revisions\/35754"}],"wp:attachment":[{"href":"https:\/\/qtmm.org\/qt\/wp-json\/wp\/v2\/media?parent=35753"}],"wp:term":[{"taxonomy":"category","embeddable":true,"href":"https:\/\/qtmm.org\/qt\/wp-json\/wp\/v2\/categories?post=35753"},{"taxonomy":"post_tag","embeddable":true,"href":"https:\/\/qtmm.org\/qt\/wp-json\/wp\/v2\/tags?post=35753"}],"curies":[{"name":"wp","href":"https:\/\/api.w.org\/{rel}","templated":true}]}}